{"id":23487,"date":"2019-12-16T19:23:20","date_gmt":"2019-12-16T18:23:20","guid":{"rendered":"http:\/\/www.deanreed.de\/AmericanRebel\/2017\/?p=23487"},"modified":"2019-12-16T19:43:04","modified_gmt":"2019-12-16T18:43:04","slug":"wozu-braucht-man-die-freie-presse","status":"publish","type":"post","link":"https:\/\/www.deanreed.de\/AmericanRebel\/2017\/2019\/12\/16\/wozu-braucht-man-die-freie-presse\/","title":{"rendered":"&#8211; Wozu braucht man die \u201eFreie Presse\u201c?"},"content":{"rendered":"<h4>Rui Filipe Gutschmidt<\/h4>\n<h2><strong>Wozu braucht man die \u201eFreie Presse\u201c? <\/strong><\/h2>\n<h4><strong>Der Assange-Effekt und der vergessene Sinn f\u00fcr Meinungsfreiheit<br \/>\n<span style=\"color: #ffffff;\">.<\/span><br \/>\n<\/strong><\/h4>\n<div id=\"attachment_8722\" style=\"width: 110px\" class=\"wp-caption alignleft\"><img aria-describedby=\"caption-attachment-8722\" loading=\"lazy\" class=\"size-full wp-image-8722\" src=\"http:\/\/www.deanreed.de\/AmericanRebel\/2017\/wp-content\/uploads\/2037\/12\/Rui_Gutschmidt.jpg\" alt=\"\" width=\"100\" height=\"150\" \/><p id=\"caption-attachment-8722\" class=\"wp-caption-text\"><span style=\"color: #808080;\">Rui Filipe Gutschmidt<\/span><\/p><\/div>\n<p style=\"text-align: justify;\"><strong>Meinungsfreiheit und Pressefreiheit sind mehr als nur leere Worte. Es ist die Basis auf der eine freie Gesellschaft aufgebaut ist. Medienmanipulation andererseits, ist ein altbekanntes \u00dcbel und die Medien selbst sind ja sogenannte \u201eMeinungsmacher\u201c, die bei einer Diktatur \u201egleichgeschaltet\u201c werden. Aber wir leben doch in einer Demokratie, einem Rechtsstaat, einer freien Gesellschaft, oder?<\/strong><\/p>\n<p style=\"text-align: justify;\">Die deutschen Medien haben den Ruf, politisch manipuliert und manipulativ zu sein. Die privaten Medienorgane vertreten die Interessen ihrer Aktion\u00e4re, die \u201e\u00f6ffentlich-rechtlichen\u201c TV- und Rundfunksender sind der Regierung und den Hinterm\u00e4nnern des Staatsapparates h\u00f6rig. Kritik am alles beherrschenden System aus Geld und der damit erkauften Macht, findet man eher selten in den \u201eetablierten\u201c Medienorganen.<\/p>\n<div id=\"attachment_23496\" style=\"width: 488px\" class=\"wp-caption aligncenter\"><img aria-describedby=\"caption-attachment-23496\" loading=\"lazy\" class=\" wp-image-23496\" src=\"http:\/\/www.deanreed.de\/AmericanRebel\/2017\/wp-content\/uploads\/2019\/12\/tffuu-300x143.jpg\" alt=\"\" width=\"478\" height=\"228\" srcset=\"https:\/\/www.deanreed.de\/AmericanRebel\/2017\/wp-content\/uploads\/2019\/12\/tffuu-300x143.jpg 300w, https:\/\/www.deanreed.de\/AmericanRebel\/2017\/wp-content\/uploads\/2019\/12\/tffuu.jpg 637w\" sizes=\"(max-width: 478px) 100vw, 478px\" \/><p id=\"caption-attachment-23496\" class=\"wp-caption-text\"><span style=\"color: #808080;\">Fake-News von Twitter Trends 2019 &#8211; Flickr.com CC BY 2.0<\/span><\/p><\/div>\n<p style=\"text-align: justify;\">Doch im digitalen Zeitalter, gibt es M\u00f6glichkeiten f\u00fcr einen neuen Journalismus. Denn jeder, der so einigerma\u00dfen schreiben kann und m\u00f6chte, kann jetzt seinen Senf dazu geben. Dabei gibt es Blogger, die \u00fcber ganz spezifische Themen, wie Kochen, Stricken, N\u00e4hen, Mode oder Gaming schreiben, die ihre Hobbys online stellen und so Gemeinden und Foren bilden in denen man sich \u00fcber gemeinsame Interessen austauschen kann. Doch es gibt auch Menschen, die aus Entt\u00e4uschung \u00fcber die einseitige Berichterstattung \u2013 in vielen, ja fast allen L\u00e4ndern der Welt \u2013 ihre eigene Zeitung, Magazin, Nachrichtenagentur gr\u00fcndeten.<\/p>\n<p style=\"text-align: justify;\">Ein Journalist, der unser Weltbild mit einer dieser Onlineplattformen ver\u00e4ndern konnte, ist Julian Assange. Mit WikiLeaks wurde eine Plattform geschaffen auf der jeder, der illegale oder unmoralische Machenschaften von staatlichen Organisationen oder Konzernen in der privaten Wirtschaft, im Sport oder irgendeinem anderen Bereich der Gesellschaft aufdeckt, seine Erkenntnisse, Dokumente, Beweise usw einer breiten \u00d6ffentlichkeit zug\u00e4nglich machen kann. Damit wurde der investigative Journalismus, der schon halb im Koma lag, wiederbelebt und der Journalist an sich wurde wieder an seine Aufgabe erinnert.<\/p>\n<p style=\"text-align: justify;\">Mein Freund und ebenfalls freier Journalist, Jairo Gomez, hat jetzt daran erinnert, dass Julian Assange Journalist ist und nicht \u201enur\u201c Whistleblower. Hier sein Statement, mit der Bitte es weiterzuleiten und zu verteilen. Dem schlie\u00dfe ich mich an. <div class=\"hide-this-part-wrap\"><div class=\"hide-this-part-more\" id=\"hide-this-part-0\" morelink-text=\"hier geht es weiter\">hier geht es weiter \u00bb<\/div><div class=\"hide-this-part\" status=\"invisible\"><\/p>\n<p style=\"text-align: justify;\"><span style=\"color: #ffffff;\">.<\/span><br \/>\nIN SACHEN JULIAN ASSANGE<\/p>\n<p style=\"text-align: justify;\">+++++++++++++++++++++++++<\/p>\n<p style=\"text-align: justify;\">Es mag zugegebenerma\u00dfen nach &#8222;Erbsen z\u00e4hlen oder Haare spalten&#8220; klingen, aber will man Julian Assange unterst\u00fctzen, sollte man ihn als das bezeichnen was er ist!<\/p>\n<p style=\"text-align: justify;\">Er ist Journalist und kein Whistleblower! Er schuf seinerzeit wohl eine Plattform, auf der Whistleblower ihre Informationen deponieren konnten, er aber ist und bleibt Journalist. Einer der seinen Beruf ernst genommen hat und Fakten ans Tageslicht gezerrt hat, die anderen \u00e4u\u00dferst unbequem sind und die sie gerne weiter im dunkeln w\u00fcssten.<\/p>\n<p>Der Begriff &#8222;Whistleblower&#8220; wird wie selbstverst\u00e4ndlich vom Mainstream, der ihn bis jetzt in besch\u00e4mender Weise im Stich l\u00e4sst, benutzt. Dadurch wird ihm sein Status als Journalist, der er nun mal ist, nahezu unbemerkt aberkannt!<\/p>\n<p style=\"text-align: justify;\">W\u00fcrde er korrekterweise als Journalist bezeichnet, h\u00e4tte sein Fall in der \u00d6ffentlichkeit mehr Gewicht und vor allem mehr Aufmerksamkeit. Ein Umstand, der den Verantwortlichen dieses besch\u00e4menden Falles mit Sicherheit nicht passen w\u00fcrde. Es w\u00fcrde n\u00e4mlich nur allzu deutlich machen, dass es ein Angriff auf ein Fundament der Demokratie ist, ein Angriff auf die Pressefreiheit und auf die Menschenrechte!<\/p>\n<p style=\"text-align: justify;\"><strong>BITTE TEILT ES SO OFT WIE M\u00d6GLICH !!!!<\/strong><\/p>\n<p>So gibt es also zwei verschiedene Formen von Presse? Naja, so ungef\u00e4hr. Mainstream ist der Teil, bei dem gro\u00dfe Verlage und Medienkonzerne, sowie staatlich finanzierte Sendeanstalten, die \u201eredaktionellen Richtlinien\u201c von wirtschaftspolitischen Interessen vorgegeben bekommen. Diese sind aber ganz unterschiedlich und man darf diese Medien nicht pauschal als \u201eL\u00fcgenpresse\u201c bezeichnen. Denn es gibt jede Menge Journalisten, besonders im \u00f6ffentlich-rechtlichen Bereich, die ihre Arbeit nach bestem Wissen und Gewissen machen k\u00f6nnen. Doch es existiert eine Zensur, auch in den K\u00f6pfen der Journalisten.<\/p>\n<p style=\"text-align: justify;\">Diese Zensur ist aber auch in der \u201eFreien Presse\u201c zu finden. Es gibt viele Blogger, Onlinezeitungen oder -magazine und Plattformen aller Art, die sich auf ein bestimmtes Publikum spezialisiert haben und eigentlich ist auch nichts dagegen einzuwenden. Ein Problem wird es allerdings, wenn extremistische und mit Hass gespickte Botschaften mit einer Chaos stiftenden Agenda publiziert werden. Oft stecken Geldgeber dahinter, die makro\u00f6konomische und geopolitische Ziele verfolgen.<\/p>\n<p style=\"text-align: justify;\">Auch auf Verschw\u00f6rungstheorien spezialisierte Seiten haben oft Hinterm\u00e4nner, die in all dem Durcheinander zwischen L\u00fcge und Wahrheit, Information und Disinformation, Ger\u00fcchten und Verschw\u00f6rungen ihre Agenda verstecken. Eine Tatsache, dass die \u201eSchwarzen Schafe\u201c unter den Onlinejournalisten in gro\u00dfer Zahl nicht nur den allgemeinen Ruf des Onlinejournalismus sch\u00e4digen, sondern sogar daf\u00fcr sorgen, dass die Arbeit all derer behindert wird, die sich das Informieren der \u00d6ffentlichkeit zur Aufgabe gemacht haben.<\/p>\n<p style=\"text-align: justify;\">Unter dem Vorwand, die Verbreitung von \u201eFake-News\u201c, also falschen Informationen, Disinformation und L\u00fcgen als Propagandamittel, zu unterbinden, werden Seiten blockiert, zensiert, gel\u00f6scht und diffamiert. Auch die Preise, die Werbeagenturen wie Adsense von Google f\u00fcr Seiten mit relativ wenig Traffic\u00a0bezahlen, sind in den Keller gesunken. Wer vor sechs Jahren noch einigerma\u00dfen vom Onlinejournalismus leben konnte, kann das heute nicht mehr ohne die Spenden zufriedener Leser.<\/p>\n<p style=\"text-align: justify;\">Wer dann auch noch f\u00fcr die Rechte von Arbeitslosen, unterbezahlter Arbeiter mit prek\u00e4ren Anstellungsverh\u00e4ltnissen und Rentner, die sich fragen m\u00fcssen f\u00fcr was (oder WEN) sie ein Leben lang eingezahlt haben, schreibt, der hat es besonders schwer. Doch der Spagat zwischen Gewissen und Geld ist nicht einfach.<br \/>\n<span style=\"color: #ffffff;\">.\u2028<\/span><br \/>\n<strong>Der Assange-Effekt<\/strong><\/p>\n<p style=\"text-align: justify;\">Die Arbeit von Julian Assange hat also auch eine Schattenseite, wenn man es aus einem bestimmten Blickwinkel betrachtet. Aber die Pressefreiheit und Meinungsfreiheit, wie jede Form der Freiheit, beinhaltet auch diese eine Verantwortung als Gegenleistung. Aber in einer abgestumpften Welt der zunehmenden Ignoranz, in der Wissen und Glauben sich vermischen, kann die Meinungs- und Pressefreiheit leicht missbraucht werden. Mit Wikileaks gab es also einen Boom, von dem der Leser profitierte und bei dem sich einige Seiten inmitten der \u00fcberm\u00e4chtigen Konkurrenz noch behaupten konnten. Als es den M\u00e4chtigen aber zu viel wurde, ergriffen sie Ma\u00dfnahmen.<\/p>\n<p style=\"text-align: justify;\">Da kamen die Damen und Herrn der aus Wirtschaft und Politik zusammen und beschlossen den \u201eFake-News\u201c den Kampf anzusagen. Ist doch ein guter Vorsatz, wenn es tats\u00e4chlich darum gehen w\u00fcrde mehr Wahrheit und weniger L\u00fcgen in die Medien zu bringen. Doch dem B\u00fcrger soll eine bestimmte Version der Realit\u00e4t als einzig wahres Weltbild vermittelt werden. Dabei ist die Welt nicht schwarz-wei\u00df und es gibt verschiedene Blickwinkel und daher auch mehr wie eine Wahrheit. Schlimmer noch, wenn von gewissen Medienvertretern gezielt L\u00fcgen verbreitet werden, die aber nicht genannter Kontrolle unterliegen, da sie von den \u201eGuten\u201c gebracht werden. Wenn ARD, ZDF, PRO-7, SAT-1 oder RTL, BBC, SKY, CNN, oder CBS etwas bringen, dann wird gar nicht erst hinterfragt. Der Springer-Verlag, bekannt f\u00fcr seine Tendenz die Wahrheit so zu verbiegen, das sich die Balken biegen, wird aber auch nicht der neuen Zensurwelle erfasst.<\/p>\n<p style=\"text-align: justify;\">Daf\u00fcr aber gibt es umso mehr Seiten, Online-Zeitungen, Online-Magazine und Newsportale die gesperrt werden, blockiert werden, denen keine Werbeagentur mehr Auftr\u00e4ge erteilt oder denen gerichtlich das Ver\u00f6ffentlichen bestimmter Artikel\/Beitr\u00e4ge verboten wird. Das mag oft auch seine Gr\u00fcnde haben, die selbst ein Verfechter der Meinungsfreiheit wie versteht \u2013 denn Aufrufe zur Gewalt und Hetze gegen andere wegen ihrer Herkunft, Religion, sexueller Ausrichtung oder ihrer \u2026. Meinung! &#8211; doch es trifft viel zu oft kleine Zeitungen, Radio oder TV-Sender, die den Regierungen und Machthabern ihrer Region, ihres Landes, zu kritisch wurden. Ob Ungarn, Polen oder der T\u00fcrkei, L\u00e4nder die sich als Demokratie bezeichnen treten immer mehr diktatorisch auf.<\/p>\n<p>Dazu kommt noch die \u201eSelbstzensur\u201c, die von Online-Riesen wie Google, Facebook oder Twitter sich \u201eselbst auferlegte Kontrolle\u201c der bei ihnen ver\u00f6ffentlichen Daten. Dabei ist Facebook besonders nervig, mit ihrem \u201esie wurden bis zum 32.13. 25:61 Uhr vom posten und kommentieren in Gruppen bei denen sie nicht Administrator sind gesperrt\u2026\u201c. Aber das schlimmste ist die Reichweitenbegrenzung. W\u00e4hrend die Beitr\u00e4ge von Nachrichtenportalen fr\u00fcher tausenden Facebook-Nutzern gezeigt wurden erscheint ein neuer Post jetzt nur noch auf dem News-Feed einer begrenzten Auswahl der Leser. Genauso ist es auch bei Google, die ihre Kriterien f\u00fcr die Suchmaschinen mainstreamfreundlich gestallten. Dabei kann man sich Reichweite erkaufen. Facebook macht den Seitenbetreibern st\u00e4ndig Angebote und \u201everschenkt\u201c sogar Gutscheine. Doch 10 \u20ac zu zahlen um mit den erreichten Seitenaufrufen ein oder zwei Cent zu verdienen&#8230;<\/p>\n<p style=\"text-align: justify;\">So hat Assange also einen Kampf f\u00fcr einen besseren Journalismus in Gang gesetzt, der aber auch von Populisten und der Propagandamaschinerie verschiedenster Gruppierungen genutzt wurde. Mit Verschw\u00f6rungstheorien wird von der Wirklichkeit abgelenkt, mit Trollen werden Kritiker provoziert und generell wird \u201edie \u00f6ffentliche Meinung\u201c manipuliert was das Zeug h\u00e4lt. Aber in dieser Welt gibt es immer mehr, die sich nicht maipulieren lassen. Sie h\u00f6ren \u2013 besser noch LESEN \u2013 die Argumente verschiedener Seiten und bilden sich dann ihre eigene Meinung. Dazu geh\u00f6ren Journalisten, die sagen was sie denken und die kein Problem damit haben wenn man sie als \u201eTr\u00e4umer\u201c oder \u201eWeltverbesserer\u201c bezeichet.<\/p>\n<p style=\"text-align: justify;\">Auch hier bei <a href=\"https:\/\/info-welt.eu\/\" target=\"_blank\" rel=\"noopener noreferrer\">Info-Welt<\/a>, wie auch bei unseren Partnerseiten (unter anderem <a href=\"http:\/\/www.americanrebel.de\/\" target=\"_blank\" rel=\"noopener noreferrer\">American Rebel<\/a> und <a href=\"https:\/\/www.arbeit-zukunft.de\/\" target=\"_blank\" rel=\"noopener noreferrer\">Arbeit-Zukunft<\/a> schreiben solche Autoren, die wie ich selbst, an eine bessere Welt glauben und auch mit ihrer Arbeit dazu beitragen wollen. Ein Journalismus, der Informiert und dabei so gut wie m\u00f6glich die Quellen der Informationen \u00fcberpr\u00fcft, sich mit der Sichtweise der Betroffenen auseinandersetzt und bem\u00fcht ist dem Leser Nachrichten zu bringen, die nicht im deutschsprachigem Mainstream zu finden sind, da sie f\u00fcr \u201euninteressant\u201c befunden werden. \u201eWir\u201c bezeichnen uns als \u201eFreie Journalisten\u201c, da wir uns von keinem Geldgeber vorschreiben lassen was wir zu schreiben haben. Aber dennoch brauchen auch wir Geld. Nicht jeder kann es sich leisten, unentgeltlich zu schreiben. Auch wenn dies w\u00fcnschenswert w\u00e4re. In einer Welt, wie sie sich viele w\u00fcnschen, g\u00e4be es ein BGE \u2013 Bedingungsloses Grundeinkommen \u2013 womit man ein Minimaleinkommen bekommt, mit dem Miete, Strom, Wasser und Internetzugang bezahlen kann. Dann k\u00f6nnte man FREI von den finanziellen Zw\u00e4ngen unserer Gesellschaftsordnung einen Beitrag f\u00fcr eine bessere Welt leisten. <span class=\"_4n-j _fbReactionComponent__eventDetailsContentTags fsl\" data-testid=\"event-permalink-details\"><\/div><!-- .hide-this-part --><\/div><!-- hide-this-part-wrap --><\/span><\/p>\n<div id=\"sdfootnote12\">\n<p><span style=\"font-size: 10pt;\"><br \/>\nErstver\u00f6ffentlichung heute oder vor ein paar Tagen in unserer Partnerzeitung <a href=\"http:\/\/www.Info-Welt.eu\" target=\"_blank\" rel=\"noopener noreferrer\">INFO-WELT<\/a>. <\/span><br \/>\n<span style=\"color: #ffffff;\">.<\/span><br \/>\n<span style=\"font-size: 10pt;\"><a href=\"http:\/\/www.deanreed.de\/AmericanRebel\/2017\/?cat=122\" target=\"_blank\" rel=\"noopener noreferrer\">Weitere Artikel von Rui Filipe Gutschmidt<\/a><\/span><br \/>\n<span style=\"color: #ffffff;\">.<\/span><\/p>\n<\/div>\n<blockquote>\n<p style=\"text-align: center;\"><span style=\"font-size: 10pt; color: #000000;\">F\u00fcr den Inhalt dieses Artikels ist der Autor bzw. die Autorin verantwortlich.<br \/>\nDabei muss es sich nicht grunds\u00e4tzlich um die Meinung der Redaktion handeln.<\/span><\/p>\n<table width=\"100%\" align=\"center\">\n<tbody>\n<tr>\n<td>\n<form action=\"https:\/\/www.paypal.com\/cgi-bin\/webscr\" method=\"post\" target=\"_top\"><input alt=\"Jetzt einfach, schnell und sicher online bezahlen \u2013 mit PayPal.\" name=\"submit\" src=\"https:\/\/www.paypalobjects.com\/de_DE\/DE\/i\/btn\/btn_donateCC_LG.gif\" type=\"image\" \/><\/form>\n<\/td>\n<td><span style=\"color: #993300;\"><strong>Auch linker Journalismus ist nicht kostenlos<br \/>\nund auch kleine Spenden k\u00f6nnen helfen Gro\u00dfes zu ver\u00f6ffentlichen!<\/strong><\/span><\/td>\n<\/tr>\n<\/tbody>\n<\/table>\n<div style=\"margin-left: 10px;\"><a title=\"zur Startseite\" href=\"http:\/\/www.americanrebel.de\/\"><img loading=\"lazy\" class=\"alignleft\" src=\"http:\/\/www.deanreed.de\/AmericanRebel\/2017\/wp-content\/uploads\/2017\/03\/back_ar.png\" alt=\"zur\u00fcck zur Startseite\" width=\"156\" height=\"15\" \/><\/a><\/div>\n<div style=\"margin-right: 10px;\"><a href=\"https:\/\/www.facebook.com\/groups\/1683837971860223\/permalink\/1987214344855916\/\" target=\"_blank\" rel=\"noopener noreferrer\"><img loading=\"lazy\" class=\"alignright\" src=\"http:\/\/www.deanreed.de\/AmericanRebel\/2017\/wp-content\/uploads\/2017\/03\/ar_zu_fb.png\" alt=\"hier geht es zur Facebook Diskussionsgruppe\" width=\"353\" height=\"15\" \/><\/a><\/div>\n<p style=\"text-align: center;\"><a href=\"#respond\" target=\"_blank\" rel=\"noopener noreferrer\"><img loading=\"lazy\" class=\"aligncenter\" src=\"http:\/\/www.deanreed.de\/AmericanRebel\/2017\/wp-content\/uploads\/2017\/03\/ar_kommentar-1.png\" alt=\"Sag uns deine Meinung zum Artikel mit einem Kommentar\/Leserbrief\" width=\"627\" height=\"20\" \/><\/a><\/p>\n<\/blockquote>\n","protected":false},"excerpt":{"rendered":"<p>Rui Filipe Gutschmidt Wozu braucht man die \u201eFreie Presse\u201c? Der Assange-Effekt und der vergessene Sinn f\u00fcr Meinungsfreiheit . Meinungsfreiheit und Pressefreiheit sind mehr als nur leere Worte. Es ist die Basis auf der eine freie Gesellschaft aufgebaut ist. Medienmanipulation andererseits, [&hellip;]<a class=\"more-link\" href=\"https:\/\/www.deanreed.de\/AmericanRebel\/2017\/2019\/12\/16\/wozu-braucht-man-die-freie-presse\/\">&darr; Lese den Rest von diesem Eintrag&#8230;<\/a><\/p>\n","protected":false},"author":2,"featured_media":0,"comment_status":"open","ping_status":"open","sticky":false,"template":"","format":"standard","meta":[],"categories":[1,122],"tags":[1183,503,748,837,3517,3516,3338,3498,3499,1562,240,3500,3501,3502,3503,1985,3504,3505,3506,3507,3508,3512,3511,3514,3513,3515,3301,3509,2159,2706,3510],"yoast_head":"<!-- This site is optimized with the Yoast SEO plugin v17.5 - https:\/\/yoast.com\/wordpress\/plugins\/seo\/ -->\n<title>- Wozu braucht man die \u201eFreie Presse\u201c? &ndash; Onlinezeitung AmericanRebel<\/title>\n<meta name=\"robots\" content=\"index, follow, max-snippet:-1, max-image-preview:large, max-video-preview:-1\" \/>\n<link rel=\"canonical\" href=\"https:\/\/www.deanreed.de\/AmericanRebel\/2017\/2019\/12\/16\/wozu-braucht-man-die-freie-presse\/\" \/>\n<meta property=\"og:locale\" content=\"de_DE\" \/>\n<meta property=\"og:type\" content=\"article\" \/>\n<meta property=\"og:title\" content=\"- Wozu braucht man die \u201eFreie Presse\u201c? &ndash; Onlinezeitung AmericanRebel\" \/>\n<meta property=\"og:description\" content=\"Rui Filipe Gutschmidt Wozu braucht man die \u201eFreie Presse\u201c? Der Assange-Effekt und der vergessene Sinn f\u00fcr Meinungsfreiheit . Meinungsfreiheit und Pressefreiheit sind mehr als nur leere Worte. Es ist die Basis auf der eine freie Gesellschaft aufgebaut ist. Medienmanipulation andererseits, [&hellip;]&darr; Lese den Rest von diesem Eintrag...\" \/>\n<meta property=\"og:url\" content=\"https:\/\/www.deanreed.de\/AmericanRebel\/2017\/2019\/12\/16\/wozu-braucht-man-die-freie-presse\/\" \/>\n<meta property=\"og:site_name\" content=\"Onlinezeitung AmericanRebel\" \/>\n<meta property=\"article:published_time\" content=\"2019-12-16T18:23:20+00:00\" \/>\n<meta property=\"article:modified_time\" content=\"2019-12-16T18:43:04+00:00\" \/>\n<meta property=\"og:image\" content=\"http:\/\/www.deanreed.de\/AmericanRebel\/2017\/wp-content\/uploads\/2019\/12\/gh.jpg\" \/>\n\t<meta property=\"og:image:width\" content=\"640\" \/>\n\t<meta property=\"og:image:height\" content=\"381\" \/>\n<meta name=\"twitter:card\" content=\"summary_large_image\" \/>\n<meta name=\"twitter:label1\" content=\"Verfasst von\" \/>\n\t<meta name=\"twitter:data1\" content=\"Redaktion\" \/>\n\t<meta name=\"twitter:label2\" content=\"Gesch\u00e4tzte Lesezeit\" \/>\n\t<meta name=\"twitter:data2\" content=\"9\u00a0Minuten\" \/>\n<script type=\"application\/ld+json\" class=\"yoast-schema-graph\">{\"@context\":\"https:\/\/schema.org\",\"@graph\":[{\"@type\":\"WebSite\",\"@id\":\"https:\/\/www.deanreed.de\/AmericanRebel\/2017\/#website\",\"url\":\"https:\/\/www.deanreed.de\/AmericanRebel\/2017\/\",\"name\":\"Onlinezeitung AmericanRebel\",\"description\":\"Internationale Onlinezeitung f\\u00fcr Frieden, Humanismus, V\\u00f6lkerverst\\u00e4ndigung und Kultur\",\"potentialAction\":[{\"@type\":\"SearchAction\",\"target\":{\"@type\":\"EntryPoint\",\"urlTemplate\":\"https:\/\/www.deanreed.de\/AmericanRebel\/2017\/?s={search_term_string}\"},\"query-input\":\"required name=search_term_string\"}],\"inLanguage\":\"de\"},{\"@type\":\"ImageObject\",\"@id\":\"https:\/\/www.deanreed.de\/AmericanRebel\/2017\/2019\/12\/16\/wozu-braucht-man-die-freie-presse\/#primaryimage\",\"inLanguage\":\"de\",\"url\":\"https:\/\/www.deanreed.de\/AmericanRebel\/2017\/wp-content\/uploads\/2019\/12\/gh.jpg\",\"contentUrl\":\"https:\/\/www.deanreed.de\/AmericanRebel\/2017\/wp-content\/uploads\/2019\/12\/gh.jpg\",\"width\":640,\"height\":381,\"caption\":\"Wozu braucht man die \\u201eFreie Presse\\u201c? Der Assange-Effekt und der vergessene Sinn f\\u00fcr Meinungsfreiheit 15. Dezember 2019 Rui Filipe Gutschmidt Medien, Meinung 1 Fake-News von Twitter Trends 2019 - Flickr.com CC BY 2.0\"},{\"@type\":\"WebPage\",\"@id\":\"https:\/\/www.deanreed.de\/AmericanRebel\/2017\/2019\/12\/16\/wozu-braucht-man-die-freie-presse\/#webpage\",\"url\":\"https:\/\/www.deanreed.de\/AmericanRebel\/2017\/2019\/12\/16\/wozu-braucht-man-die-freie-presse\/\",\"name\":\"- Wozu braucht man die \\u201eFreie Presse\\u201c? &ndash; Onlinezeitung AmericanRebel\",\"isPartOf\":{\"@id\":\"https:\/\/www.deanreed.de\/AmericanRebel\/2017\/#website\"},\"primaryImageOfPage\":{\"@id\":\"https:\/\/www.deanreed.de\/AmericanRebel\/2017\/2019\/12\/16\/wozu-braucht-man-die-freie-presse\/#primaryimage\"},\"datePublished\":\"2019-12-16T18:23:20+00:00\",\"dateModified\":\"2019-12-16T18:43:04+00:00\",\"author\":{\"@id\":\"https:\/\/www.deanreed.de\/AmericanRebel\/2017\/#\/schema\/person\/9edfca7917cd10b75edaae51c6e7935a\"},\"breadcrumb\":{\"@id\":\"https:\/\/www.deanreed.de\/AmericanRebel\/2017\/2019\/12\/16\/wozu-braucht-man-die-freie-presse\/#breadcrumb\"},\"inLanguage\":\"de\",\"potentialAction\":[{\"@type\":\"ReadAction\",\"target\":[\"https:\/\/www.deanreed.de\/AmericanRebel\/2017\/2019\/12\/16\/wozu-braucht-man-die-freie-presse\/\"]}]},{\"@type\":\"BreadcrumbList\",\"@id\":\"https:\/\/www.deanreed.de\/AmericanRebel\/2017\/2019\/12\/16\/wozu-braucht-man-die-freie-presse\/#breadcrumb\",\"itemListElement\":[{\"@type\":\"ListItem\",\"position\":1,\"name\":\"Startseite\",\"item\":\"https:\/\/www.deanreed.de\/AmericanRebel\/2017\/\"},{\"@type\":\"ListItem\",\"position\":2,\"name\":\"&#8211; Wozu braucht man die \\u201eFreie Presse\\u201c?\"}]},{\"@type\":\"Person\",\"@id\":\"https:\/\/www.deanreed.de\/AmericanRebel\/2017\/#\/schema\/person\/9edfca7917cd10b75edaae51c6e7935a\",\"name\":\"Redaktion\",\"url\":\"https:\/\/www.deanreed.de\/AmericanRebel\/2017\/author\/redaktion\/\"}]}<\/script>\n<!-- \/ Yoast SEO plugin. -->","yoast_head_json":{"title":"- Wozu braucht man die \u201eFreie Presse\u201c? &ndash; Onlinezeitung AmericanRebel","robots":{"index":"index","follow":"follow","max-snippet":"max-snippet:-1","max-image-preview":"max-image-preview:large","max-video-preview":"max-video-preview:-1"},"canonical":"https:\/\/www.deanreed.de\/AmericanRebel\/2017\/2019\/12\/16\/wozu-braucht-man-die-freie-presse\/","og_locale":"de_DE","og_type":"article","og_title":"- Wozu braucht man die \u201eFreie Presse\u201c? &ndash; Onlinezeitung AmericanRebel","og_description":"Rui Filipe Gutschmidt Wozu braucht man die \u201eFreie Presse\u201c? Der Assange-Effekt und der vergessene Sinn f\u00fcr Meinungsfreiheit . Meinungsfreiheit und Pressefreiheit sind mehr als nur leere Worte. Es ist die Basis auf der eine freie Gesellschaft aufgebaut ist. Medienmanipulation andererseits, [&hellip;]&darr; Lese den Rest von diesem Eintrag...","og_url":"https:\/\/www.deanreed.de\/AmericanRebel\/2017\/2019\/12\/16\/wozu-braucht-man-die-freie-presse\/","og_site_name":"Onlinezeitung AmericanRebel","article_published_time":"2019-12-16T18:23:20+00:00","article_modified_time":"2019-12-16T18:43:04+00:00","og_image":[{"width":640,"height":381,"url":"http:\/\/www.deanreed.de\/AmericanRebel\/2017\/wp-content\/uploads\/2019\/12\/gh.jpg","type":"image\/jpeg"}],"twitter_card":"summary_large_image","twitter_misc":{"Verfasst von":"Redaktion","Gesch\u00e4tzte Lesezeit":"9\u00a0Minuten"},"schema":{"@context":"https:\/\/schema.org","@graph":[{"@type":"WebSite","@id":"https:\/\/www.deanreed.de\/AmericanRebel\/2017\/#website","url":"https:\/\/www.deanreed.de\/AmericanRebel\/2017\/","name":"Onlinezeitung AmericanRebel","description":"Internationale Onlinezeitung f\u00fcr Frieden, Humanismus, V\u00f6lkerverst\u00e4ndigung und Kultur","potentialAction":[{"@type":"SearchAction","target":{"@type":"EntryPoint","urlTemplate":"https:\/\/www.deanreed.de\/AmericanRebel\/2017\/?s={search_term_string}"},"query-input":"required name=search_term_string"}],"inLanguage":"de"},{"@type":"ImageObject","@id":"https:\/\/www.deanreed.de\/AmericanRebel\/2017\/2019\/12\/16\/wozu-braucht-man-die-freie-presse\/#primaryimage","inLanguage":"de","url":"https:\/\/www.deanreed.de\/AmericanRebel\/2017\/wp-content\/uploads\/2019\/12\/gh.jpg","contentUrl":"https:\/\/www.deanreed.de\/AmericanRebel\/2017\/wp-content\/uploads\/2019\/12\/gh.jpg","width":640,"height":381,"caption":"Wozu braucht man die \u201eFreie Presse\u201c? Der Assange-Effekt und der vergessene Sinn f\u00fcr Meinungsfreiheit 15. Dezember 2019 Rui Filipe Gutschmidt Medien, Meinung 1 Fake-News von Twitter Trends 2019 - Flickr.com CC BY 2.0"},{"@type":"WebPage","@id":"https:\/\/www.deanreed.de\/AmericanRebel\/2017\/2019\/12\/16\/wozu-braucht-man-die-freie-presse\/#webpage","url":"https:\/\/www.deanreed.de\/AmericanRebel\/2017\/2019\/12\/16\/wozu-braucht-man-die-freie-presse\/","name":"- Wozu braucht man die \u201eFreie Presse\u201c? &ndash; Onlinezeitung AmericanRebel","isPartOf":{"@id":"https:\/\/www.deanreed.de\/AmericanRebel\/2017\/#website"},"primaryImageOfPage":{"@id":"https:\/\/www.deanreed.de\/AmericanRebel\/2017\/2019\/12\/16\/wozu-braucht-man-die-freie-presse\/#primaryimage"},"datePublished":"2019-12-16T18:23:20+00:00","dateModified":"2019-12-16T18:43:04+00:00","author":{"@id":"https:\/\/www.deanreed.de\/AmericanRebel\/2017\/#\/schema\/person\/9edfca7917cd10b75edaae51c6e7935a"},"breadcrumb":{"@id":"https:\/\/www.deanreed.de\/AmericanRebel\/2017\/2019\/12\/16\/wozu-braucht-man-die-freie-presse\/#breadcrumb"},"inLanguage":"de","potentialAction":[{"@type":"ReadAction","target":["https:\/\/www.deanreed.de\/AmericanRebel\/2017\/2019\/12\/16\/wozu-braucht-man-die-freie-presse\/"]}]},{"@type":"BreadcrumbList","@id":"https:\/\/www.deanreed.de\/AmericanRebel\/2017\/2019\/12\/16\/wozu-braucht-man-die-freie-presse\/#breadcrumb","itemListElement":[{"@type":"ListItem","position":1,"name":"Startseite","item":"https:\/\/www.deanreed.de\/AmericanRebel\/2017\/"},{"@type":"ListItem","position":2,"name":"&#8211; Wozu braucht man die \u201eFreie Presse\u201c?"}]},{"@type":"Person","@id":"https:\/\/www.deanreed.de\/AmericanRebel\/2017\/#\/schema\/person\/9edfca7917cd10b75edaae51c6e7935a","name":"Redaktion","url":"https:\/\/www.deanreed.de\/AmericanRebel\/2017\/author\/redaktion\/"}]}},"_links":{"self":[{"href":"https:\/\/www.deanreed.de\/AmericanRebel\/2017\/wp-json\/wp\/v2\/posts\/23487"}],"collection":[{"href":"https:\/\/www.deanreed.de\/AmericanRebel\/2017\/wp-json\/wp\/v2\/posts"}],"about":[{"href":"https:\/\/www.deanreed.de\/AmericanRebel\/2017\/wp-json\/wp\/v2\/types\/post"}],"author":[{"embeddable":true,"href":"https:\/\/www.deanreed.de\/AmericanRebel\/2017\/wp-json\/wp\/v2\/users\/2"}],"replies":[{"embeddable":true,"href":"https:\/\/www.deanreed.de\/AmericanRebel\/2017\/wp-json\/wp\/v2\/comments?post=23487"}],"version-history":[{"count":7,"href":"https:\/\/www.deanreed.de\/AmericanRebel\/2017\/wp-json\/wp\/v2\/posts\/23487\/revisions"}],"predecessor-version":[{"id":23495,"href":"https:\/\/www.deanreed.de\/AmericanRebel\/2017\/wp-json\/wp\/v2\/posts\/23487\/revisions\/23495"}],"wp:attachment":[{"href":"https:\/\/www.deanreed.de\/AmericanRebel\/2017\/wp-json\/wp\/v2\/media?parent=23487"}],"wp:term":[{"taxonomy":"category","embeddable":true,"href":"https:\/\/www.deanreed.de\/AmericanRebel\/2017\/wp-json\/wp\/v2\/categories?post=23487"},{"taxonomy":"post_tag","embeddable":true,"href":"https:\/\/www.deanreed.de\/AmericanRebel\/2017\/wp-json\/wp\/v2\/tags?post=23487"}],"curies":[{"name":"wp","href":"https:\/\/api.w.org\/{rel}","templated":true}]}}