{"id":22830,"date":"2019-10-30T13:32:15","date_gmt":"2019-10-30T12:32:15","guid":{"rendered":"http:\/\/www.deanreed.de\/AmericanRebel\/2017\/?p=22830"},"modified":"2019-10-30T13:32:15","modified_gmt":"2019-10-30T12:32:15","slug":"ueber-eltern-die-sich-bei-ihrem-dienst-im-kz-kennen-gelernt-haben","status":"publish","type":"post","link":"https:\/\/www.deanreed.de\/AmericanRebel\/2017\/2019\/10\/30\/ueber-eltern-die-sich-bei-ihrem-dienst-im-kz-kennen-gelernt-haben\/","title":{"rendered":"&#8211; \u00dcber Eltern, die sich bei ihrem Dienst im KZ kennen gelernt haben"},"content":{"rendered":"<table width=\"663\">\n<tbody>\n<tr>\n<td><a href=\"http:\/\/www.deanreed.de\/AmericanRebel\/2017\/?p=15038\" target=\"_blank\" rel=\"noopener noreferrer\">Volkskorrespondent<\/a><\/p>\n<h4>Heinz Michael Vilsmeier<br \/>\n<span style=\"color: #ffffff;\">.<\/span><\/h4>\n<h2 style=\"text-align: left;\"><strong>\u00dcber Eltern, die sich bei ihrem Dienst<br \/>\nim KZ kennen gelernt haben<br \/>\n<\/strong><\/h2>\n<\/td>\n<td style=\"text-align: left;\"><img loading=\"lazy\" class=\"wp-image-15003 alignright\" src=\"http:\/\/www.deanreed.de\/AmericanRebel\/2017\/wp-content\/uploads\/2018\/04\/VK_end-300x300.png\" alt=\"\" width=\"98\" height=\"98\" srcset=\"https:\/\/www.deanreed.de\/AmericanRebel\/2017\/wp-content\/uploads\/2018\/04\/VK_end-300x300.png 300w, https:\/\/www.deanreed.de\/AmericanRebel\/2017\/wp-content\/uploads\/2018\/04\/VK_end-150x150.png 150w, https:\/\/www.deanreed.de\/AmericanRebel\/2017\/wp-content\/uploads\/2018\/04\/VK_end-768x768.png 768w, https:\/\/www.deanreed.de\/AmericanRebel\/2017\/wp-content\/uploads\/2018\/04\/VK_end.png 864w\" sizes=\"(max-width: 98px) 100vw, 98px\" \/><\/td>\n<\/tr>\n<\/tbody>\n<\/table>\n<div id=\"attachment_1015\" style=\"width: 110px\" class=\"wp-caption alignleft\"><img aria-describedby=\"caption-attachment-1015\" loading=\"lazy\" class=\"size-full wp-image-1015\" src=\"http:\/\/www.deanreed.de\/AmericanRebel\/vk\/wp-content\/uploads\/2033\/01\/Heinz-Michael-Vilsmeier.jpg\" alt=\"\" width=\"100\" height=\"150\" \/><p id=\"caption-attachment-1015\" class=\"wp-caption-text\"><span style=\"color: #808080;\">Heinz Michael Vilsmeier<\/span><\/p><\/div>\n<p style=\"text-align: justify;\"><strong>Einige von denen, die Teil der NS-Vernichtungsmaschinerie gewesen sind, habe ich, ohne es zu wissen, kennengelernt \u2013 i<\/strong><strong>ch denke an die Eltern meiner fr\u00fcheren Frau Marie. Deren Credo war: \u201eNicht alles ist so schlecht gewesen, wie es heute dargestellt wird!&#8220;<\/strong><\/p>\n<p style=\"text-align: justify;\">Nach dem Tod der Eltern fand Marie in deren Nachlass Dienstausweise, die sowohl den Vater, wie auch die Mutter als Mitglieder des Bewachungspersonals im KZ Sachsenhausen auswiesen&#8230; Sie fand das Foto eines Paares, sitzend auf einer Veranda, im Hintergrund ein Wachturm, ein Stacheldrahtzaun, beide in Uniform, die Frau einen S\u00e4ugling haltend im Arm, der Mann von hinten \u00fcber sie gebeugt, beide l\u00e4chelnd. Das Kind muss die erste Tochter gewesen sein, die etwa 10 Jahre \u00e4lter war, als Marie.<\/p>\n<p style=\"text-align: justify;\">Die Eltern hatten ihre Unterlagen gut aufbewahrt. Vielleicht dachten sie, die Dokumente k\u00f6nnten eines Tages noch einmal n\u00fctzlich werden&#8230; Vielleicht hofften sie gar, bis zu ihrem Tod, auf den \u201eEndsieg\u201c&#8230; \u2013 Wer wei\u00df&#8230; Ja, so waren sie, die \u00fcberzeugten Nazis von damals. Sicherlich sind die Nazis von heute nicht grunds\u00e4tzlich anders. Faschisten sind weder f\u00e4hig zur Einsicht in das Verbrecherische ihres Tuns, noch zur Reue. Es macht keinen Sinn mit ihnen, hoffend auf einen Sinneswandel, zu diskutieren.<\/p>\n<p style=\"text-align: justify;\">Das Geheimnis ihrer Jugend haben Maries Eltern mit in ihr Grab genommen. Keine der T\u00f6chter hatte zu Lebzeiten von ihrer Vergangenheit erfahren. Und posthum wollte Maries \u00e4ltere Schwester nichts davon wissen. Zu qu\u00e4lend war die ungeheuerliche Erkenntnis, nicht gewusst zu haben, wer ihre Eltern gewesen sind und was sie getan haben.<\/p>\n<div id=\"attachment_22831\" style=\"width: 610px\" class=\"wp-caption aligncenter\"><img aria-describedby=\"caption-attachment-22831\" loading=\"lazy\" class=\" wp-image-22831\" src=\"http:\/\/www.deanreed.de\/AmericanRebel\/2017\/wp-content\/uploads\/2019\/10\/tzz-02.24.10-300x211.jpg\" alt=\"\" width=\"600\" height=\"422\" srcset=\"https:\/\/www.deanreed.de\/AmericanRebel\/2017\/wp-content\/uploads\/2019\/10\/tzz-02.24.10-300x211.jpg 300w, https:\/\/www.deanreed.de\/AmericanRebel\/2017\/wp-content\/uploads\/2019\/10\/tzz-02.24.10-768x540.jpg 768w, https:\/\/www.deanreed.de\/AmericanRebel\/2017\/wp-content\/uploads\/2019\/10\/tzz-02.24.10.jpg 800w\" sizes=\"(max-width: 600px) 100vw, 600px\" \/><p id=\"caption-attachment-22831\" class=\"wp-caption-text\"><span style=\"color: #808080;\">&#8222;KZ Sachsenhausen, H\u00e4ftlinge bei Z\u00e4hlappell ADN-ZB Konzentrationslager Sachsenhausen Im Juli 1936 errichteten die Faschisten n\u00f6rdlich von Oranienburg das ber\u00fcchtigte Konzentrationslager Sachsenhausen, das mit seinen \u00fcber 50 Au\u00dfenlagern besonders w\u00e4hrend des II. Weltkrieges die R\u00fcstungsbetriebe Norddeutschlands mit billigsten Arbeitssklaven versorgte. UBz: die zum Z\u00e4hlappell auf dem Lagerplatz angetretenen H\u00e4ftlinge.&#8220; Bild: Bundesarchiv, Bild 183-78612-0003 \/ CC-BY-SA 3.0<\/span><\/p><\/div>\n<p><a href=\"http:\/\/www.deanreed.de\/AmericanRebel\/2017\/?cat=219\" target=\"_blank\" rel=\"noopener noreferrer\"><span style=\"font-size: 10pt;\">Weitere Beitr\u00e4ge von Heinz Michael Vilsmeier<\/span><\/a><br \/>\n<span style=\"font-size: 10pt;\"><br \/>\n<\/span><\/p>\n<p style=\"text-align: center;\"><span style=\"font-size: 10pt;\">_____________________________________________________________________________<\/span><\/p>\n<p style=\"text-align: center;\"><span style=\"font-size: 10pt;\">F\u00fcr den Inhalt dieses Artikels ist ausschlie\u00dflich die Autorin bzw. der Autor verantwortlich.<\/span><br \/>\n<span style=\"font-size: 10pt;\">Ver\u00f6ffentlichungen sind nur angeschlossenen Medien der Gruppe-Volkskorrespondenz gestattet.<\/span><\/p>\n<p>&nbsp;<\/p>\n","protected":false},"excerpt":{"rendered":"<p>Volkskorrespondent Heinz Michael Vilsmeier . \u00dcber Eltern, die sich bei ihrem Dienst im KZ kennen gelernt haben Einige von denen, die Teil der NS-Vernichtungsmaschinerie gewesen sind, habe ich, ohne es zu wissen, kennengelernt \u2013 ich denke an die Eltern meiner [&hellip;]<a class=\"more-link\" href=\"https:\/\/www.deanreed.de\/AmericanRebel\/2017\/2019\/10\/30\/ueber-eltern-die-sich-bei-ihrem-dienst-im-kz-kennen-gelernt-haben\/\">&darr; Lese den Rest von diesem Eintrag&#8230;<\/a><\/p>\n","protected":false},"author":2,"featured_media":0,"comment_status":"open","ping_status":"open","sticky":false,"template":"","format":"standard","meta":[],"categories":[1],"tags":[1183,748,135,3147,1422,2682,3148,3149],"yoast_head":"<!-- This site is optimized with the Yoast SEO plugin v17.5 - https:\/\/yoast.com\/wordpress\/plugins\/seo\/ -->\n<title>- \u00dcber Eltern, die sich bei ihrem Dienst im KZ kennen gelernt haben &ndash; Onlinezeitung AmericanRebel<\/title>\n<meta name=\"robots\" content=\"index, follow, max-snippet:-1, max-image-preview:large, max-video-preview:-1\" \/>\n<link rel=\"canonical\" href=\"http:\/\/www.deanreed.de\/AmericanRebel\/2017\/2019\/10\/30\/ueber-eltern-die-sich-bei-ihrem-dienst-im-kz-kennen-gelernt-haben\/\" \/>\n<meta property=\"og:locale\" content=\"de_DE\" \/>\n<meta property=\"og:type\" content=\"article\" \/>\n<meta property=\"og:title\" content=\"- \u00dcber Eltern, die sich bei ihrem Dienst im KZ kennen gelernt haben &ndash; Onlinezeitung AmericanRebel\" \/>\n<meta property=\"og:description\" content=\"Volkskorrespondent Heinz Michael Vilsmeier . \u00dcber Eltern, die sich bei ihrem Dienst im KZ kennen gelernt haben Einige von denen, die Teil der NS-Vernichtungsmaschinerie gewesen sind, habe ich, ohne es zu wissen, kennengelernt \u2013 ich denke an die Eltern meiner [&hellip;]&darr; Lese den Rest von diesem Eintrag...\" \/>\n<meta property=\"og:url\" content=\"http:\/\/www.deanreed.de\/AmericanRebel\/2017\/2019\/10\/30\/ueber-eltern-die-sich-bei-ihrem-dienst-im-kz-kennen-gelernt-haben\/\" \/>\n<meta property=\"og:site_name\" content=\"Onlinezeitung AmericanRebel\" \/>\n<meta property=\"article:published_time\" content=\"2019-10-30T12:32:15+00:00\" \/>\n<meta property=\"og:image\" content=\"http:\/\/www.deanreed.de\/AmericanRebel\/2017\/wp-content\/uploads\/2019\/10\/tzz-02.24.10.jpg\" \/>\n\t<meta property=\"og:image:width\" content=\"800\" \/>\n\t<meta property=\"og:image:height\" content=\"563\" \/>\n<meta name=\"twitter:card\" content=\"summary_large_image\" \/>\n<meta name=\"twitter:label1\" content=\"Verfasst von\" \/>\n\t<meta name=\"twitter:data1\" content=\"Redaktion\" \/>\n\t<meta name=\"twitter:label2\" content=\"Gesch\u00e4tzte Lesezeit\" \/>\n\t<meta name=\"twitter:data2\" content=\"2\u00a0Minuten\" \/>\n<script type=\"application\/ld+json\" class=\"yoast-schema-graph\">{\"@context\":\"https:\/\/schema.org\",\"@graph\":[{\"@type\":\"WebSite\",\"@id\":\"http:\/\/www.deanreed.de\/AmericanRebel\/2017\/#website\",\"url\":\"http:\/\/www.deanreed.de\/AmericanRebel\/2017\/\",\"name\":\"Onlinezeitung AmericanRebel\",\"description\":\"Internationale Onlinezeitung f\\u00fcr Frieden, Humanismus, V\\u00f6lkerverst\\u00e4ndigung und Kultur\",\"potentialAction\":[{\"@type\":\"SearchAction\",\"target\":{\"@type\":\"EntryPoint\",\"urlTemplate\":\"http:\/\/www.deanreed.de\/AmericanRebel\/2017\/?s={search_term_string}\"},\"query-input\":\"required name=search_term_string\"}],\"inLanguage\":\"de\"},{\"@type\":\"ImageObject\",\"@id\":\"http:\/\/www.deanreed.de\/AmericanRebel\/2017\/2019\/10\/30\/ueber-eltern-die-sich-bei-ihrem-dienst-im-kz-kennen-gelernt-haben\/#primaryimage\",\"inLanguage\":\"de\",\"url\":\"https:\/\/www.deanreed.de\/AmericanRebel\/2017\/wp-content\/uploads\/2019\/10\/tzz-02.24.10.jpg\",\"contentUrl\":\"https:\/\/www.deanreed.de\/AmericanRebel\/2017\/wp-content\/uploads\/2019\/10\/tzz-02.24.10.jpg\",\"width\":800,\"height\":563,\"caption\":\"\\\"KZ Sachsenhausen, H\\u00e4ftlinge bei Z\\u00e4hlappell ADN-ZB Konzentrationslager Sachsenhausen Im Juli 1936 errichteten die Faschisten n\\u00f6rdlich von Oranienburg das ber\\u00fcchtigte Konzentrationslager Sachsenhausen, das mit seinen \\u00fcber 50 Au\\u00dfenlagern besonders w\\u00e4hrend des II. Weltkrieges die R\\u00fcstungsbetriebe Norddeutschlands mit billigsten Arbeitssklaven versorgte. UBz: die zum Z\\u00e4hlappell auf dem Lagerplatz angetretenen H\\u00e4ftlinge.\\\" Bild: Bundesarchiv, Bild 183-78612-0003 \/ CC-BY-SA 3.0\"},{\"@type\":\"WebPage\",\"@id\":\"http:\/\/www.deanreed.de\/AmericanRebel\/2017\/2019\/10\/30\/ueber-eltern-die-sich-bei-ihrem-dienst-im-kz-kennen-gelernt-haben\/#webpage\",\"url\":\"http:\/\/www.deanreed.de\/AmericanRebel\/2017\/2019\/10\/30\/ueber-eltern-die-sich-bei-ihrem-dienst-im-kz-kennen-gelernt-haben\/\",\"name\":\"- \\u00dcber Eltern, die sich bei ihrem Dienst im KZ kennen gelernt haben &ndash; Onlinezeitung AmericanRebel\",\"isPartOf\":{\"@id\":\"http:\/\/www.deanreed.de\/AmericanRebel\/2017\/#website\"},\"primaryImageOfPage\":{\"@id\":\"http:\/\/www.deanreed.de\/AmericanRebel\/2017\/2019\/10\/30\/ueber-eltern-die-sich-bei-ihrem-dienst-im-kz-kennen-gelernt-haben\/#primaryimage\"},\"datePublished\":\"2019-10-30T12:32:15+00:00\",\"dateModified\":\"2019-10-30T12:32:15+00:00\",\"author\":{\"@id\":\"http:\/\/www.deanreed.de\/AmericanRebel\/2017\/#\/schema\/person\/9edfca7917cd10b75edaae51c6e7935a\"},\"breadcrumb\":{\"@id\":\"http:\/\/www.deanreed.de\/AmericanRebel\/2017\/2019\/10\/30\/ueber-eltern-die-sich-bei-ihrem-dienst-im-kz-kennen-gelernt-haben\/#breadcrumb\"},\"inLanguage\":\"de\",\"potentialAction\":[{\"@type\":\"ReadAction\",\"target\":[\"http:\/\/www.deanreed.de\/AmericanRebel\/2017\/2019\/10\/30\/ueber-eltern-die-sich-bei-ihrem-dienst-im-kz-kennen-gelernt-haben\/\"]}]},{\"@type\":\"BreadcrumbList\",\"@id\":\"http:\/\/www.deanreed.de\/AmericanRebel\/2017\/2019\/10\/30\/ueber-eltern-die-sich-bei-ihrem-dienst-im-kz-kennen-gelernt-haben\/#breadcrumb\",\"itemListElement\":[{\"@type\":\"ListItem\",\"position\":1,\"name\":\"Startseite\",\"item\":\"http:\/\/www.deanreed.de\/AmericanRebel\/2017\/\"},{\"@type\":\"ListItem\",\"position\":2,\"name\":\"&#8211; \\u00dcber Eltern, die sich bei ihrem Dienst im KZ kennen gelernt haben\"}]},{\"@type\":\"Person\",\"@id\":\"http:\/\/www.deanreed.de\/AmericanRebel\/2017\/#\/schema\/person\/9edfca7917cd10b75edaae51c6e7935a\",\"name\":\"Redaktion\",\"url\":\"https:\/\/www.deanreed.de\/AmericanRebel\/2017\/author\/redaktion\/\"}]}<\/script>\n<!-- \/ Yoast SEO plugin. -->","yoast_head_json":{"title":"- \u00dcber Eltern, die sich bei ihrem Dienst im KZ kennen gelernt haben &ndash; Onlinezeitung AmericanRebel","robots":{"index":"index","follow":"follow","max-snippet":"max-snippet:-1","max-image-preview":"max-image-preview:large","max-video-preview":"max-video-preview:-1"},"canonical":"http:\/\/www.deanreed.de\/AmericanRebel\/2017\/2019\/10\/30\/ueber-eltern-die-sich-bei-ihrem-dienst-im-kz-kennen-gelernt-haben\/","og_locale":"de_DE","og_type":"article","og_title":"- \u00dcber Eltern, die sich bei ihrem Dienst im KZ kennen gelernt haben &ndash; Onlinezeitung AmericanRebel","og_description":"Volkskorrespondent Heinz Michael Vilsmeier . \u00dcber Eltern, die sich bei ihrem Dienst im KZ kennen gelernt haben Einige von denen, die Teil der NS-Vernichtungsmaschinerie gewesen sind, habe ich, ohne es zu wissen, kennengelernt \u2013 ich denke an die Eltern meiner [&hellip;]&darr; Lese den Rest von diesem Eintrag...","og_url":"http:\/\/www.deanreed.de\/AmericanRebel\/2017\/2019\/10\/30\/ueber-eltern-die-sich-bei-ihrem-dienst-im-kz-kennen-gelernt-haben\/","og_site_name":"Onlinezeitung AmericanRebel","article_published_time":"2019-10-30T12:32:15+00:00","og_image":[{"width":800,"height":563,"url":"http:\/\/www.deanreed.de\/AmericanRebel\/2017\/wp-content\/uploads\/2019\/10\/tzz-02.24.10.jpg","type":"image\/jpeg"}],"twitter_card":"summary_large_image","twitter_misc":{"Verfasst von":"Redaktion","Gesch\u00e4tzte Lesezeit":"2\u00a0Minuten"},"schema":{"@context":"https:\/\/schema.org","@graph":[{"@type":"WebSite","@id":"http:\/\/www.deanreed.de\/AmericanRebel\/2017\/#website","url":"http:\/\/www.deanreed.de\/AmericanRebel\/2017\/","name":"Onlinezeitung AmericanRebel","description":"Internationale Onlinezeitung f\u00fcr Frieden, Humanismus, V\u00f6lkerverst\u00e4ndigung und Kultur","potentialAction":[{"@type":"SearchAction","target":{"@type":"EntryPoint","urlTemplate":"http:\/\/www.deanreed.de\/AmericanRebel\/2017\/?s={search_term_string}"},"query-input":"required name=search_term_string"}],"inLanguage":"de"},{"@type":"ImageObject","@id":"http:\/\/www.deanreed.de\/AmericanRebel\/2017\/2019\/10\/30\/ueber-eltern-die-sich-bei-ihrem-dienst-im-kz-kennen-gelernt-haben\/#primaryimage","inLanguage":"de","url":"https:\/\/www.deanreed.de\/AmericanRebel\/2017\/wp-content\/uploads\/2019\/10\/tzz-02.24.10.jpg","contentUrl":"https:\/\/www.deanreed.de\/AmericanRebel\/2017\/wp-content\/uploads\/2019\/10\/tzz-02.24.10.jpg","width":800,"height":563,"caption":"\"KZ Sachsenhausen, H\u00e4ftlinge bei Z\u00e4hlappell ADN-ZB Konzentrationslager Sachsenhausen Im Juli 1936 errichteten die Faschisten n\u00f6rdlich von Oranienburg das ber\u00fcchtigte Konzentrationslager Sachsenhausen, das mit seinen \u00fcber 50 Au\u00dfenlagern besonders w\u00e4hrend des II. Weltkrieges die R\u00fcstungsbetriebe Norddeutschlands mit billigsten Arbeitssklaven versorgte. UBz: die zum Z\u00e4hlappell auf dem Lagerplatz angetretenen H\u00e4ftlinge.\" Bild: Bundesarchiv, Bild 183-78612-0003 \/ CC-BY-SA 3.0"},{"@type":"WebPage","@id":"http:\/\/www.deanreed.de\/AmericanRebel\/2017\/2019\/10\/30\/ueber-eltern-die-sich-bei-ihrem-dienst-im-kz-kennen-gelernt-haben\/#webpage","url":"http:\/\/www.deanreed.de\/AmericanRebel\/2017\/2019\/10\/30\/ueber-eltern-die-sich-bei-ihrem-dienst-im-kz-kennen-gelernt-haben\/","name":"- \u00dcber Eltern, die sich bei ihrem Dienst im KZ kennen gelernt haben &ndash; Onlinezeitung AmericanRebel","isPartOf":{"@id":"http:\/\/www.deanreed.de\/AmericanRebel\/2017\/#website"},"primaryImageOfPage":{"@id":"http:\/\/www.deanreed.de\/AmericanRebel\/2017\/2019\/10\/30\/ueber-eltern-die-sich-bei-ihrem-dienst-im-kz-kennen-gelernt-haben\/#primaryimage"},"datePublished":"2019-10-30T12:32:15+00:00","dateModified":"2019-10-30T12:32:15+00:00","author":{"@id":"http:\/\/www.deanreed.de\/AmericanRebel\/2017\/#\/schema\/person\/9edfca7917cd10b75edaae51c6e7935a"},"breadcrumb":{"@id":"http:\/\/www.deanreed.de\/AmericanRebel\/2017\/2019\/10\/30\/ueber-eltern-die-sich-bei-ihrem-dienst-im-kz-kennen-gelernt-haben\/#breadcrumb"},"inLanguage":"de","potentialAction":[{"@type":"ReadAction","target":["http:\/\/www.deanreed.de\/AmericanRebel\/2017\/2019\/10\/30\/ueber-eltern-die-sich-bei-ihrem-dienst-im-kz-kennen-gelernt-haben\/"]}]},{"@type":"BreadcrumbList","@id":"http:\/\/www.deanreed.de\/AmericanRebel\/2017\/2019\/10\/30\/ueber-eltern-die-sich-bei-ihrem-dienst-im-kz-kennen-gelernt-haben\/#breadcrumb","itemListElement":[{"@type":"ListItem","position":1,"name":"Startseite","item":"http:\/\/www.deanreed.de\/AmericanRebel\/2017\/"},{"@type":"ListItem","position":2,"name":"&#8211; \u00dcber Eltern, die sich bei ihrem Dienst im KZ kennen gelernt haben"}]},{"@type":"Person","@id":"http:\/\/www.deanreed.de\/AmericanRebel\/2017\/#\/schema\/person\/9edfca7917cd10b75edaae51c6e7935a","name":"Redaktion","url":"https:\/\/www.deanreed.de\/AmericanRebel\/2017\/author\/redaktion\/"}]}},"_links":{"self":[{"href":"https:\/\/www.deanreed.de\/AmericanRebel\/2017\/wp-json\/wp\/v2\/posts\/22830"}],"collection":[{"href":"https:\/\/www.deanreed.de\/AmericanRebel\/2017\/wp-json\/wp\/v2\/posts"}],"about":[{"href":"https:\/\/www.deanreed.de\/AmericanRebel\/2017\/wp-json\/wp\/v2\/types\/post"}],"author":[{"embeddable":true,"href":"https:\/\/www.deanreed.de\/AmericanRebel\/2017\/wp-json\/wp\/v2\/users\/2"}],"replies":[{"embeddable":true,"href":"https:\/\/www.deanreed.de\/AmericanRebel\/2017\/wp-json\/wp\/v2\/comments?post=22830"}],"version-history":[{"count":1,"href":"https:\/\/www.deanreed.de\/AmericanRebel\/2017\/wp-json\/wp\/v2\/posts\/22830\/revisions"}],"predecessor-version":[{"id":22832,"href":"https:\/\/www.deanreed.de\/AmericanRebel\/2017\/wp-json\/wp\/v2\/posts\/22830\/revisions\/22832"}],"wp:attachment":[{"href":"https:\/\/www.deanreed.de\/AmericanRebel\/2017\/wp-json\/wp\/v2\/media?parent=22830"}],"wp:term":[{"taxonomy":"category","embeddable":true,"href":"https:\/\/www.deanreed.de\/AmericanRebel\/2017\/wp-json\/wp\/v2\/categories?post=22830"},{"taxonomy":"post_tag","embeddable":true,"href":"https:\/\/www.deanreed.de\/AmericanRebel\/2017\/wp-json\/wp\/v2\/tags?post=22830"}],"curies":[{"name":"wp","href":"https:\/\/api.w.org\/{rel}","templated":true}]}}