{"id":22763,"date":"2019-10-28T03:39:04","date_gmt":"2019-10-28T02:39:04","guid":{"rendered":"http:\/\/www.deanreed.de\/AmericanRebel\/2017\/?p=22763"},"modified":"2019-10-28T03:50:24","modified_gmt":"2019-10-28T02:50:24","slug":"prolog-2","status":"publish","type":"post","link":"https:\/\/www.deanreed.de\/AmericanRebel\/2017\/2019\/10\/28\/prolog-2\/","title":{"rendered":"&#8211; Prolog"},"content":{"rendered":"<table width=\"663\">\n<tbody>\n<tr>\n<td><a href=\"http:\/\/www.deanreed.de\/AmericanRebel\/2017\/?p=15038\" target=\"_blank\" rel=\"noopener noreferrer\">Volkskorrespondent<\/a><\/p>\n<h4>Ricardo Lerida, Maspalomas<span id=\"fb-timeline-cover-name\" class=\"_2t_q\" data-testid=\"profile_name_in_profile_page\"><\/span><span style=\"color: #ffffff;\">.<br \/>\n.<br \/>\n<\/span><\/h4>\n<h2><strong>Prolog<br \/>\n<\/strong><\/h2>\n<\/td>\n<td><img loading=\"lazy\" class=\" wp-image-446 alignright\" src=\"http:\/\/www.deanreed.de\/AmericanRebel\/vk\/wp-content\/uploads\/2018\/07\/VK_end-768x768-300x300.png\" alt=\"\" width=\"113\" height=\"113\" \/><\/td>\n<\/tr>\n<\/tbody>\n<\/table>\n<div id=\"attachment_1799\" style=\"width: 110px\" class=\"wp-caption alignleft\"><img aria-describedby=\"caption-attachment-1799\" loading=\"lazy\" class=\"size-full wp-image-1799\" src=\"http:\/\/www.deanreed.de\/AmericanRebel\/vk\/wp-content\/uploads\/2032\/07\/Ricardo-Lerida.jpg\" alt=\"\" width=\"100\" height=\"150\" \/><p id=\"caption-attachment-1799\" class=\"wp-caption-text\"><span style=\"color: #808080;\">Ricardo Lerida<\/span><\/p><\/div>\n<p style=\"text-align: justify;\"><strong>Dieser Text h\u00e4tte an jedem anderen Tag entstehen k\u00f6nnen. An diesem Wochenende, an dem die SPD in Th\u00fcringen acht Prozent bekam und Olaf Scholz, der neoliberale Verteidiger der Schwarzen Null, die meisten Stimmen in der SPD-Mitgliederbefragung bekam, bietet das &#8211; leider &#8211; auch noch den passenden Anlass.<\/strong><\/p>\n<p style=\"text-align: justify;\">Man soll sich von Toten verabschieden, bevor sie unter der Erde liegen. Das tue ich heute auf dem Weg zum Friedhof. Im schwarzen Anzug und in Trauerstimmung, wie es sich f\u00fcr eine Beerdigung geh\u00f6rt.<\/p>\n<p style=\"text-align: justify;\">Ich erinnere mich sehr gut, wie ich als Jugendlicher auf dem Markt am Wahlstand der CDU den Kanzlerkandidaten der SPD, Willy Brandt, verteidigte. Mit gl\u00fchender Rede und felsenfest \u00fcberzeugt, das Richtige zu tun, obwohl mein politischer Einblick dem Alter geschuldet, viel geringer war als heute. Gek\u00e4mpft habe ich wie ein L\u00f6we f\u00fcr die SPD damals.<\/p>\n<p style=\"text-align: justify;\">Heute hat sich die SPD \u00fcberlebt und ist \u00fcberfl\u00fcssig geworden. Die Regierung Schr\u00f6der darf sich nur deshalb als Totengr\u00e4ber dieser einst so stolzen und so wichtigen Partei ansehen, weil es die SPD in den Folgejahren und bis heute immer noch nicht geschafft hat, sich von HartzIV, der Agenda 2010 oder der Entfesselung der Finanzm\u00e4rkte deutlich zu distanzieren.<\/p>\n<div id=\"attachment_22759\" style=\"width: 330px\" class=\"wp-caption alignright\"><img aria-describedby=\"caption-attachment-22759\" loading=\"lazy\" class=\" wp-image-22759\" src=\"http:\/\/www.deanreed.de\/AmericanRebel\/2017\/wp-content\/uploads\/2019\/10\/w44t-300x168.jpg\" alt=\"\" width=\"320\" height=\"179\" \/><p id=\"caption-attachment-22759\" class=\"wp-caption-text\"><span style=\"color: #808080;\">Requiescat in pace. Bild: YouTube screenshot<\/span><\/p><\/div>\n<p style=\"text-align: justify;\">Dieser Gang zum Friedhof heute tut mir wirklich weh und ich empfinde keinerlei H\u00e4me. Andererseits hat weiterer Streit mit einem Toten keinen Sinn und ich m\u00f6chte meine Kr\u00e4fte anderswo einsetzen, die Partei lieber nach ihrem Tod in guter Erinnerung behalten f\u00fcr all das, was sie geleistet hat. Vor allem aber f\u00fcr alle Hoffnungen, die ich als Jugendlicher in sie gesetzt hatte und die nun leider entt\u00e4uscht wurden.<br \/>\nDie Gesellschaft hat sich ver\u00e4ndert. Die SPD auch. Leider in der falschen Richtung. Wie das Ergebnis der Mitgliederbefragung gestern zeigte, habe ich nicht nur die intellektuelle Analysef\u00e4higkeit vieler SPD-Mitglieder \u00fcbersch\u00e4tzt sondern vor allem auch ihren Willen, linke Politik zu machen und f\u00fcr soziale Gerechtigkeit einzutreten.<\/p>\n<p style=\"text-align: justify;\">In diesem Sinne: Danke SPD &#8211; f\u00fcr deine Leistungen, danke f\u00fcr die Hoffnung, die du mir \u00fcber lange Zeit gegeben hast und nun ruhe sanft, du hast es verdient und wirst nicht mehr gebraucht, andere werden an deine Stelle treten. Das ist der Lauf des Lebens f\u00fcr uns alle.<\/p>\n<p style=\"text-align: justify;\">Requiescat in pace (Ruhe in Frieden)<\/p>\n<p style=\"text-align: center;\"><span style=\"font-size: 10pt;\"><span style=\"color: #ffffff;\">.<\/span><br \/>\n_____________________________________________________________________________<\/span><\/p>\n<p style=\"text-align: center;\"><span style=\"font-size: 10pt;\">F\u00fcr den Inhalt dieses Artikels ist ausschlie\u00dflich die Autorin bzw. der Autor verantwortlich.<br \/>\n<\/span><span style=\"font-size: 10pt;\">Ver\u00f6ffentlichungen sind nur angeschlossenen Medien der Gruppe-Volkskorrespondenz gestattet.<\/span><\/p>\n","protected":false},"excerpt":{"rendered":"<p>Volkskorrespondent Ricardo Lerida, Maspalomas. . Prolog Dieser Text h\u00e4tte an jedem anderen Tag entstehen k\u00f6nnen. An diesem Wochenende, an dem die SPD in Th\u00fcringen acht Prozent bekam und Olaf Scholz, der neoliberale Verteidiger der Schwarzen Null, die meisten Stimmen in [&hellip;]<a class=\"more-link\" href=\"https:\/\/www.deanreed.de\/AmericanRebel\/2017\/2019\/10\/28\/prolog-2\/\">&darr; Lese den Rest von diesem Eintrag&#8230;<\/a><\/p>\n","protected":false},"author":2,"featured_media":0,"comment_status":"open","ping_status":"open","sticky":false,"template":"","format":"standard","meta":[],"categories":[1,3092],"tags":[748,135,735,3095,1778,3100,3097,743,3096,3098,3093,3102,3094,3099,3101],"yoast_head":"<!-- This site is optimized with the Yoast SEO plugin v17.5 - https:\/\/yoast.com\/wordpress\/plugins\/seo\/ -->\n<title>- Prolog &ndash; Onlinezeitung AmericanRebel<\/title>\n<meta name=\"robots\" content=\"index, follow, max-snippet:-1, max-image-preview:large, max-video-preview:-1\" \/>\n<link rel=\"canonical\" href=\"https:\/\/www.deanreed.de\/AmericanRebel\/2017\/2019\/10\/28\/prolog-2\/\" \/>\n<meta property=\"og:locale\" content=\"de_DE\" \/>\n<meta property=\"og:type\" content=\"article\" \/>\n<meta property=\"og:title\" content=\"- Prolog &ndash; Onlinezeitung AmericanRebel\" \/>\n<meta property=\"og:description\" content=\"Volkskorrespondent Ricardo Lerida, Maspalomas. . Prolog Dieser Text h\u00e4tte an jedem anderen Tag entstehen k\u00f6nnen. An diesem Wochenende, an dem die SPD in Th\u00fcringen acht Prozent bekam und Olaf Scholz, der neoliberale Verteidiger der Schwarzen Null, die meisten Stimmen in [&hellip;]&darr; Lese den Rest von diesem Eintrag...\" \/>\n<meta property=\"og:url\" content=\"https:\/\/www.deanreed.de\/AmericanRebel\/2017\/2019\/10\/28\/prolog-2\/\" \/>\n<meta property=\"og:site_name\" content=\"Onlinezeitung AmericanRebel\" \/>\n<meta property=\"article:published_time\" content=\"2019-10-28T02:39:04+00:00\" \/>\n<meta property=\"article:modified_time\" content=\"2019-10-28T02:50:24+00:00\" \/>\n<meta property=\"og:image\" content=\"http:\/\/www.deanreed.de\/AmericanRebel\/2017\/wp-content\/uploads\/2019\/10\/set6.jpg\" \/>\n\t<meta property=\"og:image:width\" content=\"940\" \/>\n\t<meta property=\"og:image:height\" content=\"528\" \/>\n<meta name=\"twitter:card\" content=\"summary_large_image\" \/>\n<meta name=\"twitter:label1\" content=\"Verfasst von\" \/>\n\t<meta name=\"twitter:data1\" content=\"Redaktion\" \/>\n\t<meta name=\"twitter:label2\" content=\"Gesch\u00e4tzte Lesezeit\" \/>\n\t<meta name=\"twitter:data2\" content=\"2\u00a0Minuten\" \/>\n<script type=\"application\/ld+json\" class=\"yoast-schema-graph\">{\"@context\":\"https:\/\/schema.org\",\"@graph\":[{\"@type\":\"WebSite\",\"@id\":\"https:\/\/www.deanreed.de\/AmericanRebel\/2017\/#website\",\"url\":\"https:\/\/www.deanreed.de\/AmericanRebel\/2017\/\",\"name\":\"Onlinezeitung AmericanRebel\",\"description\":\"Internationale Onlinezeitung f\\u00fcr Frieden, Humanismus, V\\u00f6lkerverst\\u00e4ndigung und Kultur\",\"potentialAction\":[{\"@type\":\"SearchAction\",\"target\":{\"@type\":\"EntryPoint\",\"urlTemplate\":\"https:\/\/www.deanreed.de\/AmericanRebel\/2017\/?s={search_term_string}\"},\"query-input\":\"required name=search_term_string\"}],\"inLanguage\":\"de\"},{\"@type\":\"ImageObject\",\"@id\":\"https:\/\/www.deanreed.de\/AmericanRebel\/2017\/2019\/10\/28\/prolog-2\/#primaryimage\",\"inLanguage\":\"de\",\"url\":\"https:\/\/www.deanreed.de\/AmericanRebel\/2017\/wp-content\/uploads\/2019\/10\/set6.jpg\",\"contentUrl\":\"https:\/\/www.deanreed.de\/AmericanRebel\/2017\/wp-content\/uploads\/2019\/10\/set6.jpg\",\"width\":940,\"height\":528,\"caption\":\"Die Luft ist raus. Bild: YouTube screenshot\"},{\"@type\":\"WebPage\",\"@id\":\"https:\/\/www.deanreed.de\/AmericanRebel\/2017\/2019\/10\/28\/prolog-2\/#webpage\",\"url\":\"https:\/\/www.deanreed.de\/AmericanRebel\/2017\/2019\/10\/28\/prolog-2\/\",\"name\":\"- Prolog &ndash; Onlinezeitung AmericanRebel\",\"isPartOf\":{\"@id\":\"https:\/\/www.deanreed.de\/AmericanRebel\/2017\/#website\"},\"primaryImageOfPage\":{\"@id\":\"https:\/\/www.deanreed.de\/AmericanRebel\/2017\/2019\/10\/28\/prolog-2\/#primaryimage\"},\"datePublished\":\"2019-10-28T02:39:04+00:00\",\"dateModified\":\"2019-10-28T02:50:24+00:00\",\"author\":{\"@id\":\"https:\/\/www.deanreed.de\/AmericanRebel\/2017\/#\/schema\/person\/9edfca7917cd10b75edaae51c6e7935a\"},\"breadcrumb\":{\"@id\":\"https:\/\/www.deanreed.de\/AmericanRebel\/2017\/2019\/10\/28\/prolog-2\/#breadcrumb\"},\"inLanguage\":\"de\",\"potentialAction\":[{\"@type\":\"ReadAction\",\"target\":[\"https:\/\/www.deanreed.de\/AmericanRebel\/2017\/2019\/10\/28\/prolog-2\/\"]}]},{\"@type\":\"BreadcrumbList\",\"@id\":\"https:\/\/www.deanreed.de\/AmericanRebel\/2017\/2019\/10\/28\/prolog-2\/#breadcrumb\",\"itemListElement\":[{\"@type\":\"ListItem\",\"position\":1,\"name\":\"Startseite\",\"item\":\"https:\/\/www.deanreed.de\/AmericanRebel\/2017\/\"},{\"@type\":\"ListItem\",\"position\":2,\"name\":\"&#8211; Prolog\"}]},{\"@type\":\"Person\",\"@id\":\"https:\/\/www.deanreed.de\/AmericanRebel\/2017\/#\/schema\/person\/9edfca7917cd10b75edaae51c6e7935a\",\"name\":\"Redaktion\",\"url\":\"https:\/\/www.deanreed.de\/AmericanRebel\/2017\/author\/redaktion\/\"}]}<\/script>\n<!-- \/ Yoast SEO plugin. -->","yoast_head_json":{"title":"- Prolog &ndash; Onlinezeitung AmericanRebel","robots":{"index":"index","follow":"follow","max-snippet":"max-snippet:-1","max-image-preview":"max-image-preview:large","max-video-preview":"max-video-preview:-1"},"canonical":"https:\/\/www.deanreed.de\/AmericanRebel\/2017\/2019\/10\/28\/prolog-2\/","og_locale":"de_DE","og_type":"article","og_title":"- Prolog &ndash; Onlinezeitung AmericanRebel","og_description":"Volkskorrespondent Ricardo Lerida, Maspalomas. . Prolog Dieser Text h\u00e4tte an jedem anderen Tag entstehen k\u00f6nnen. An diesem Wochenende, an dem die SPD in Th\u00fcringen acht Prozent bekam und Olaf Scholz, der neoliberale Verteidiger der Schwarzen Null, die meisten Stimmen in [&hellip;]&darr; Lese den Rest von diesem Eintrag...","og_url":"https:\/\/www.deanreed.de\/AmericanRebel\/2017\/2019\/10\/28\/prolog-2\/","og_site_name":"Onlinezeitung AmericanRebel","article_published_time":"2019-10-28T02:39:04+00:00","article_modified_time":"2019-10-28T02:50:24+00:00","og_image":[{"width":940,"height":528,"url":"http:\/\/www.deanreed.de\/AmericanRebel\/2017\/wp-content\/uploads\/2019\/10\/set6.jpg","type":"image\/jpeg"}],"twitter_card":"summary_large_image","twitter_misc":{"Verfasst von":"Redaktion","Gesch\u00e4tzte Lesezeit":"2\u00a0Minuten"},"schema":{"@context":"https:\/\/schema.org","@graph":[{"@type":"WebSite","@id":"https:\/\/www.deanreed.de\/AmericanRebel\/2017\/#website","url":"https:\/\/www.deanreed.de\/AmericanRebel\/2017\/","name":"Onlinezeitung AmericanRebel","description":"Internationale Onlinezeitung f\u00fcr Frieden, Humanismus, V\u00f6lkerverst\u00e4ndigung und Kultur","potentialAction":[{"@type":"SearchAction","target":{"@type":"EntryPoint","urlTemplate":"https:\/\/www.deanreed.de\/AmericanRebel\/2017\/?s={search_term_string}"},"query-input":"required name=search_term_string"}],"inLanguage":"de"},{"@type":"ImageObject","@id":"https:\/\/www.deanreed.de\/AmericanRebel\/2017\/2019\/10\/28\/prolog-2\/#primaryimage","inLanguage":"de","url":"https:\/\/www.deanreed.de\/AmericanRebel\/2017\/wp-content\/uploads\/2019\/10\/set6.jpg","contentUrl":"https:\/\/www.deanreed.de\/AmericanRebel\/2017\/wp-content\/uploads\/2019\/10\/set6.jpg","width":940,"height":528,"caption":"Die Luft ist raus. Bild: YouTube screenshot"},{"@type":"WebPage","@id":"https:\/\/www.deanreed.de\/AmericanRebel\/2017\/2019\/10\/28\/prolog-2\/#webpage","url":"https:\/\/www.deanreed.de\/AmericanRebel\/2017\/2019\/10\/28\/prolog-2\/","name":"- Prolog &ndash; Onlinezeitung AmericanRebel","isPartOf":{"@id":"https:\/\/www.deanreed.de\/AmericanRebel\/2017\/#website"},"primaryImageOfPage":{"@id":"https:\/\/www.deanreed.de\/AmericanRebel\/2017\/2019\/10\/28\/prolog-2\/#primaryimage"},"datePublished":"2019-10-28T02:39:04+00:00","dateModified":"2019-10-28T02:50:24+00:00","author":{"@id":"https:\/\/www.deanreed.de\/AmericanRebel\/2017\/#\/schema\/person\/9edfca7917cd10b75edaae51c6e7935a"},"breadcrumb":{"@id":"https:\/\/www.deanreed.de\/AmericanRebel\/2017\/2019\/10\/28\/prolog-2\/#breadcrumb"},"inLanguage":"de","potentialAction":[{"@type":"ReadAction","target":["https:\/\/www.deanreed.de\/AmericanRebel\/2017\/2019\/10\/28\/prolog-2\/"]}]},{"@type":"BreadcrumbList","@id":"https:\/\/www.deanreed.de\/AmericanRebel\/2017\/2019\/10\/28\/prolog-2\/#breadcrumb","itemListElement":[{"@type":"ListItem","position":1,"name":"Startseite","item":"https:\/\/www.deanreed.de\/AmericanRebel\/2017\/"},{"@type":"ListItem","position":2,"name":"&#8211; Prolog"}]},{"@type":"Person","@id":"https:\/\/www.deanreed.de\/AmericanRebel\/2017\/#\/schema\/person\/9edfca7917cd10b75edaae51c6e7935a","name":"Redaktion","url":"https:\/\/www.deanreed.de\/AmericanRebel\/2017\/author\/redaktion\/"}]}},"_links":{"self":[{"href":"https:\/\/www.deanreed.de\/AmericanRebel\/2017\/wp-json\/wp\/v2\/posts\/22763"}],"collection":[{"href":"https:\/\/www.deanreed.de\/AmericanRebel\/2017\/wp-json\/wp\/v2\/posts"}],"about":[{"href":"https:\/\/www.deanreed.de\/AmericanRebel\/2017\/wp-json\/wp\/v2\/types\/post"}],"author":[{"embeddable":true,"href":"https:\/\/www.deanreed.de\/AmericanRebel\/2017\/wp-json\/wp\/v2\/users\/2"}],"replies":[{"embeddable":true,"href":"https:\/\/www.deanreed.de\/AmericanRebel\/2017\/wp-json\/wp\/v2\/comments?post=22763"}],"version-history":[{"count":2,"href":"https:\/\/www.deanreed.de\/AmericanRebel\/2017\/wp-json\/wp\/v2\/posts\/22763\/revisions"}],"predecessor-version":[{"id":22765,"href":"https:\/\/www.deanreed.de\/AmericanRebel\/2017\/wp-json\/wp\/v2\/posts\/22763\/revisions\/22765"}],"wp:attachment":[{"href":"https:\/\/www.deanreed.de\/AmericanRebel\/2017\/wp-json\/wp\/v2\/media?parent=22763"}],"wp:term":[{"taxonomy":"category","embeddable":true,"href":"https:\/\/www.deanreed.de\/AmericanRebel\/2017\/wp-json\/wp\/v2\/categories?post=22763"},{"taxonomy":"post_tag","embeddable":true,"href":"https:\/\/www.deanreed.de\/AmericanRebel\/2017\/wp-json\/wp\/v2\/tags?post=22763"}],"curies":[{"name":"wp","href":"https:\/\/api.w.org\/{rel}","templated":true}]}}