{"id":22281,"date":"2019-09-29T17:53:26","date_gmt":"2019-09-29T15:53:26","guid":{"rendered":"http:\/\/www.deanreed.de\/AmericanRebel\/2017\/?p=22281"},"modified":"2019-09-30T01:06:35","modified_gmt":"2019-09-29T23:06:35","slug":"regionalwahlen-auf-madeira","status":"publish","type":"post","link":"https:\/\/www.deanreed.de\/AmericanRebel\/2017\/2019\/09\/29\/regionalwahlen-auf-madeira\/","title":{"rendered":"&#8211; Regionalwahlen auf Madeira"},"content":{"rendered":"<h4>Rui Filipe Gutschmidt<\/h4>\n<h2><strong>Regionalwahlen auf Madeira \u2013<br \/>\nkein Test f\u00fcr die Parlamentswahl Portugals in zwei Wochen<\/strong><\/h2>\n<div id=\"attachment_8722\" style=\"width: 110px\" class=\"wp-caption alignleft\"><img aria-describedby=\"caption-attachment-8722\" loading=\"lazy\" class=\"size-full wp-image-8722\" src=\"http:\/\/www.deanreed.de\/AmericanRebel\/2017\/wp-content\/uploads\/2037\/12\/Rui_Gutschmidt.jpg\" alt=\"\" width=\"100\" height=\"150\" \/><p id=\"caption-attachment-8722\" class=\"wp-caption-text\"><span style=\"color: #808080;\">Rui Filipe Gutschmidt<\/span><\/p><\/div>\n<p style=\"text-align: justify;\"><strong>Die autonome Region Madeira hat gew\u00e4hlt und zum ersten mal seit 43 Jahren kann die Mitte-Rechtspartei PSD\/PPD nicht die absolute Mehrheit erringen. Doch viel wird sich nicht \u00e4ndern, da sich eine Mehrheit nur mit dem \u201enat\u00fcrlichen\u201c Koalitionspartner der PSD, der christlich konservativen CDS verwirklichen l\u00e4sst. Die Wahlergebnisse lassen dabei auch kaum Tendenzen f\u00fcr die Parlamentswahlen erkennen.<\/strong><\/p>\n<p style=\"text-align: justify;\">Die Wahlergebnisse f\u00fcr das Regionalparlament des Madeiraarchipels lassen kaum R\u00fcckschl\u00fcsse auf die nationalen Parlamentswahlen zu, die am 6. Oktober stattfinden werden. Die Mitte-Rechtspartei PSD regiert seit Einf\u00fchrung der Demokratie auf dem Atlantikarchipel. Seit 43 Jahren haben Alberto Jo\u00e3o Jardim (den man schon als \u201eK\u00f6nig von Madeira\u201c bezeichnet hat) und seine \u201eGang\u201c die Blumeninsel fest in ihrer Hand. Das System aus Unternehmern, Angestellten, Beamten und Steuerfl\u00fcchtlingen, die ihre Privilegien den aufeinanderfolgenden absoluten Mehrheiten zu verdanken haben, br\u00f6ckelt aber schon seit einiger Zeit.<\/p>\n<div id=\"attachment_22282\" style=\"width: 525px\" class=\"wp-caption aligncenter\"><img aria-describedby=\"caption-attachment-22282\" loading=\"lazy\" class=\" wp-image-22282\" src=\"http:\/\/www.deanreed.de\/AmericanRebel\/2017\/wp-content\/uploads\/2019\/09\/vff-300x179.jpg\" alt=\"\" width=\"515\" height=\"307\" srcset=\"https:\/\/www.deanreed.de\/AmericanRebel\/2017\/wp-content\/uploads\/2019\/09\/vff-300x179.jpg 300w, https:\/\/www.deanreed.de\/AmericanRebel\/2017\/wp-content\/uploads\/2019\/09\/vff.jpg 640w\" sizes=\"(max-width: 515px) 100vw, 515px\" \/><p id=\"caption-attachment-22282\" class=\"wp-caption-text\"><span style=\"color: #808080;\">Atlantikinsel Madeira &#8211; Bild von Florian Mei\u00dfner, Flickr.com CC BY 2.0<\/span><\/p><\/div>\n<p style=\"text-align: justify;\"><span style=\"font-family: georgia, palatino, serif; font-size: 12pt;\"><span lang=\"de-DE\"> Der Nachfolger von \u201eK\u00f6nig Jardim\u201c, Miguel Albuquerque, verlor zwar nur 121 Stimmen im Vergleich zu 2015, aber er verliert 3 Abgeordnete, da die Wahlbeteiligung von unter 50 Prozent auf 55,5 Prozent anstieg. Es hat nicht viel gefehlt und die selbstherrliche PSD w\u00e4re hinter der in Lissabon regierenden PS auf den zweiten Platz verwiesen worden. Nur 5241 Stimmen gaben der PSD den Sieg \u00fcber die PS von Paulo Caf\u00f4fo.<\/span><\/span><\/p>\n<table class=\" aligncenter\" style=\"background-color: #ede8e8;\" width=\"344\" cellspacing=\"5\" cellpadding=\"5\">\n<tbody>\n<tr>\n<td>Parteien<\/td>\n<td>Prozentsatz<\/td>\n<td>Abgeordnete<\/td>\n<\/tr>\n<tr>\n<td>PSD:<\/td>\n<td style=\"text-align: center;\">39,40<\/td>\n<td style=\"text-align: center;\">21<\/td>\n<\/tr>\n<tr>\n<td>PS:<\/td>\n<td style=\"text-align: center;\">35,70<\/td>\n<td style=\"text-align: center;\">19<\/td>\n<\/tr>\n<tr>\n<td>JPP:<\/td>\n<td style=\"text-align: center;\">5,70<\/td>\n<td style=\"text-align: center;\">3<\/td>\n<\/tr>\n<tr>\n<td>CDS:<\/td>\n<td style=\"text-align: center;\">5,47<\/td>\n<td style=\"text-align: center;\">3<\/td>\n<\/tr>\n<tr>\n<td>CDU:<\/td>\n<td style=\"text-align: center;\">5,50<\/td>\n<td style=\"text-align: center;\">1<\/td>\n<\/tr>\n<tr>\n<td>BE, PAN, MPT&#8230;<\/td>\n<td><\/td>\n<td style=\"text-align: center;\">0<\/td>\n<\/tr>\n<tr>\n<td>Wahlbeteiligung<\/td>\n<td style=\"text-align: center;\">55,50<\/td>\n<td style=\"text-align: center;\"><\/td>\n<\/tr>\n<\/tbody>\n<\/table>\n<p style=\"text-align: justify;\">Alle Parteien verloren Stimmen und Abgeordnete an die PS. Die Regierung in Lissabon hat aber eher weniger damit zu tun. Es ist eher so, dass den PSD-Stammw\u00e4hlern durch die Krise 2009 und entsprechende Troikaregierung PSD\/CDS 2011-2015 die oben genanten Privilegien entzogen wurden und die Steueroase durch internationale Abkommen inzwischen fast v\u00f6llig versandet ist.<\/p>\n<p style=\"text-align: justify;\">Die PSD \u2013 Partido Socialdemocrata &#8211; ist im Gegensatz zu dem was der Name der Partei verhei\u00dfen mag, alles andere als eine sozialdemokratische Partei. Geschichtlich war es in den 70er Jahren in Portugal \u201eMode\u201c links zu sein. Somit haben Parteien Bezeichnungen angenommen, die vorgeben weiter links zu sein wie dies im jeweiligen Parteiprogramm der Fall ist.<\/p>\n<p style=\"text-align: justify;\">Die CDS Centro Democr\u00e1tico e Social \u2013 Partido Popular ist weder Zentristisch, noch sozialdemokratisch. Die Partei, die den Beinahmen PP (Partido Popular), also Volkspartei angenommen hat, ist konservativ, christdemokratisch veranlagt und hat immer wieder mal populistische Tendenzen. Keinen gro\u00dfen Unterschied hat die eher im Norden Portugals und in l\u00e4ndlichen Gebieten heimische Partei zur PSD.<\/p>\n<p style=\"text-align: justify;\">Die PSD auf dem Kontinent ist ebenfalls konservativ, christdemokratisch, wirtschaftsliberal mit starken neoliberalen Tendenzen. Viele ehemalige Unterst\u00fctzer der Faschisten des Estado Novo (Diktator Salazar) nannten sich nach der Revolution vom 25. April 1974 pl\u00f6tzlich \u201eSozialdemokraten\u201c. Die Politik der Partei, die schon in den 70ern mit der PPD (Partido Popular Democr\u00e1tico) zusammenging, ist nat\u00fcrlich weder sozial, noch wirklich demokratisch. Das haben sie aber inzwischen auch mit der SPD und vielen anderen \u201eMitterechts- und Mittelinksparteien\u201c Europas und der Welt gemeinsam.<\/p>\n<p style=\"text-align: justify;\">Die PS ist die eigentliche sozialdemokratische Partei in Portugal und auch wenn es klare Tendenzen gibt, die das Parteiprogramm nach Rechts ziehen wollen, so ist die aktuelle \u2013 linksgest\u00fctzte \u2013 Minderheitsregierung in Lissabon eine der Ausnahmen in der Welt der Sozialdemokratie. Die Partei strebt einen Wahlsieg bei den Parlamentswahlen am 6. Oktober an, konnte aber die PSD auf Madeira nicht vom Thron st\u00fcrzen. Das beste Wahlergebnis aller Zeiten auf dem Atlantikarchipel wurde auf Kosten der kleineren Parteien erzielt und die 19 Abgeordneten k\u00f6nnen das Mitte-Rechtslager aus PSD und CDS auch dann nicht \u00fcberbieten, wenn der Abgeordnete der Kommunisten (CDU) und die drei der \u201eGemeinsam f\u00fcr das Volk\u201c (auch eher Mitte-Rechts) mit ihnen eine Koalition eingehen. Der Linke Block, BE (Bloco Esquerda), der in den Umfragen f\u00fcr den 6. Oktober auf Platz 3 liegt und als m\u00f6glichen Koalitionspartner f\u00fcr die PS gilt, verlor seine Pr\u00e4senz im Regionalparlament auf Madeira.<\/p>\n<p style=\"text-align: justify;\">Die wahrscheinlichste Variante wird wohl eine Koalition aus PSD und CDS oder eine durch die CDS gest\u00fctzte PSD-Minderheitsregierung. Eine \u201eGroKo\u201c ist in der portugiesischen Parteienlandschaft ausgeschlossen, da hier die Unterschiede zwischen Links und Rechts noch deutlich erkennbar sind. Erfreulich ist das Abschneiden der rechtsextremen PNR. Die radikalen Nationalisten bekamen 0,1 Prozent der Stimmen. Doch eine neoliberale, konservativ-erzkapitalistische Politik wird auch weiterhin auf Madeira den Ton angeben, was zumindest von einigen Privilegierten begr\u00fc\u00dft wird. Das Leben der Armen auf den reichen Inseln wird sich aber kaum bessern, selbst wenn in Lissabon eine eher linke Politik auch f\u00fcr die n\u00e4chsten Jahre zu erwarten ist.<\/p>\n<p style=\"text-align: justify;\"><span style=\"font-size: 10pt;\">Erstver\u00f6ffentlichung heute oder vor ein paar Tagen in unserer Partnerzeitung <a href=\"http:\/\/www.Info-Welt.eu\" target=\"_blank\" rel=\"noopener noreferrer\">INFO-WELT<\/a>. <\/span><br \/>\n<span style=\"color: #ffffff;\">.<\/span><br \/>\n<span style=\"font-size: 10pt;\"><a href=\"http:\/\/www.deanreed.de\/AmericanRebel\/2017\/?cat=122\" target=\"_blank\" rel=\"noopener noreferrer\">Weitere Artikel von Rui Filipe Gutschmidt<\/a><\/span><br \/>\n<span style=\"color: #ffffff;\">.<\/span><\/p>\n<blockquote>\n<p style=\"text-align: center;\"><span style=\"font-size: 10pt; color: #000000;\">F\u00fcr den Inhalt dieses Artikels ist der Autor bzw. die Autorin verantwortlich.<br \/>\nDabei muss es sich nicht grunds\u00e4tzlich um die Meinung der Redaktion handeln.<\/span><\/p>\n<table width=\"100%\" align=\"center\">\n<tbody>\n<tr>\n<td>\n<form action=\"https:\/\/www.paypal.com\/cgi-bin\/webscr\" method=\"post\" target=\"_top\"><input alt=\"Jetzt einfach, schnell und sicher online bezahlen \u2013 mit PayPal.\" name=\"submit\" src=\"https:\/\/www.paypalobjects.com\/de_DE\/DE\/i\/btn\/btn_donateCC_LG.gif\" type=\"image\" \/><\/form>\n<\/td>\n<td><span style=\"color: #993300;\"><strong>Auch linker Journalismus ist nicht kostenlos<br \/>\nund auch kleine Spenden k\u00f6nnen helfen Gro\u00dfes zu ver\u00f6ffentlichen!<\/strong><\/span><\/td>\n<\/tr>\n<\/tbody>\n<\/table>\n<div style=\"margin-left: 10px;\"><a title=\"zur Startseite\" href=\"http:\/\/www.americanrebel.de\/\"><img loading=\"lazy\" class=\"alignleft\" src=\"http:\/\/www.deanreed.de\/AmericanRebel\/2017\/wp-content\/uploads\/2017\/03\/back_ar.png\" alt=\"zur\u00fcck zur Startseite\" width=\"156\" height=\"15\" \/><\/a><\/div>\n<div style=\"margin-right: 10px;\"><a href=\"https:\/\/www.facebook.com\/groups\/1683837971860223\/permalink\/1987214344855916\/\" target=\"_blank\" rel=\"noopener noreferrer\"><img loading=\"lazy\" class=\"alignright\" src=\"http:\/\/www.deanreed.de\/AmericanRebel\/2017\/wp-content\/uploads\/2017\/03\/ar_zu_fb.png\" alt=\"hier geht es zur Facebook Diskussionsgruppe\" width=\"353\" height=\"15\" \/><\/a><\/div>\n<p style=\"text-align: center;\"><a href=\"#respond\" target=\"_blank\" rel=\"noopener noreferrer\"><img loading=\"lazy\" class=\"aligncenter\" src=\"http:\/\/www.deanreed.de\/AmericanRebel\/2017\/wp-content\/uploads\/2017\/03\/ar_kommentar-1.png\" alt=\"Sag uns deine Meinung zum Artikel mit einem Kommentar\/Leserbrief\" width=\"627\" height=\"20\" \/><\/a><\/p>\n<\/blockquote>\n","protected":false},"excerpt":{"rendered":"<p>Rui Filipe Gutschmidt Regionalwahlen auf Madeira \u2013 kein Test f\u00fcr die Parlamentswahl Portugals in zwei Wochen Die autonome Region Madeira hat gew\u00e4hlt und zum ersten mal seit 43 Jahren kann die Mitte-Rechtspartei PSD\/PPD nicht die absolute Mehrheit erringen. Doch viel [&hellip;]<a class=\"more-link\" href=\"https:\/\/www.deanreed.de\/AmericanRebel\/2017\/2019\/09\/29\/regionalwahlen-auf-madeira\/\">&darr; Lese den Rest von diesem Eintrag&#8230;<\/a><\/p>\n","protected":false},"author":2,"featured_media":0,"comment_status":"open","ping_status":"open","sticky":false,"template":"","format":"standard","meta":[],"categories":[122],"tags":[2873,748,135,2874,1601,2875,735,1414,2876,2877,2878,2879,2880,157,2881,2882,2883,186,2884,1178],"yoast_head":"<!-- This site is optimized with the Yoast SEO plugin v17.5 - https:\/\/yoast.com\/wordpress\/plugins\/seo\/ -->\n<title>- Regionalwahlen auf Madeira &ndash; Onlinezeitung AmericanRebel<\/title>\n<meta name=\"robots\" content=\"index, follow, max-snippet:-1, max-image-preview:large, max-video-preview:-1\" \/>\n<link rel=\"canonical\" href=\"https:\/\/www.deanreed.de\/AmericanRebel\/2017\/2019\/09\/29\/regionalwahlen-auf-madeira\/\" \/>\n<meta property=\"og:locale\" content=\"de_DE\" \/>\n<meta property=\"og:type\" content=\"article\" \/>\n<meta property=\"og:title\" content=\"- Regionalwahlen auf Madeira &ndash; Onlinezeitung AmericanRebel\" \/>\n<meta property=\"og:description\" content=\"Rui Filipe Gutschmidt Regionalwahlen auf Madeira \u2013 kein Test f\u00fcr die Parlamentswahl Portugals in zwei Wochen Die autonome Region Madeira hat gew\u00e4hlt und zum ersten mal seit 43 Jahren kann die Mitte-Rechtspartei PSD\/PPD nicht die absolute Mehrheit erringen. Doch viel [&hellip;]&darr; Lese den Rest von diesem Eintrag...\" \/>\n<meta property=\"og:url\" content=\"https:\/\/www.deanreed.de\/AmericanRebel\/2017\/2019\/09\/29\/regionalwahlen-auf-madeira\/\" \/>\n<meta property=\"og:site_name\" content=\"Onlinezeitung AmericanRebel\" \/>\n<meta property=\"article:published_time\" content=\"2019-09-29T15:53:26+00:00\" \/>\n<meta property=\"article:modified_time\" content=\"2019-09-29T23:06:35+00:00\" \/>\n<meta property=\"og:image\" content=\"http:\/\/www.deanreed.de\/AmericanRebel\/2017\/wp-content\/uploads\/2019\/09\/vff.jpg\" \/>\n\t<meta property=\"og:image:width\" content=\"640\" \/>\n\t<meta property=\"og:image:height\" content=\"381\" \/>\n<meta name=\"twitter:card\" content=\"summary_large_image\" \/>\n<meta name=\"twitter:label1\" content=\"Verfasst von\" \/>\n\t<meta name=\"twitter:data1\" content=\"Redaktion\" \/>\n\t<meta name=\"twitter:label2\" content=\"Gesch\u00e4tzte Lesezeit\" \/>\n\t<meta name=\"twitter:data2\" content=\"4\u00a0Minuten\" \/>\n<script type=\"application\/ld+json\" class=\"yoast-schema-graph\">{\"@context\":\"https:\/\/schema.org\",\"@graph\":[{\"@type\":\"WebSite\",\"@id\":\"https:\/\/www.deanreed.de\/AmericanRebel\/2017\/#website\",\"url\":\"https:\/\/www.deanreed.de\/AmericanRebel\/2017\/\",\"name\":\"Onlinezeitung AmericanRebel\",\"description\":\"Internationale Onlinezeitung f\\u00fcr Frieden, Humanismus, V\\u00f6lkerverst\\u00e4ndigung und Kultur\",\"potentialAction\":[{\"@type\":\"SearchAction\",\"target\":{\"@type\":\"EntryPoint\",\"urlTemplate\":\"https:\/\/www.deanreed.de\/AmericanRebel\/2017\/?s={search_term_string}\"},\"query-input\":\"required name=search_term_string\"}],\"inLanguage\":\"de\"},{\"@type\":\"ImageObject\",\"@id\":\"https:\/\/www.deanreed.de\/AmericanRebel\/2017\/2019\/09\/29\/regionalwahlen-auf-madeira\/#primaryimage\",\"inLanguage\":\"de\",\"url\":\"https:\/\/www.deanreed.de\/AmericanRebel\/2017\/wp-content\/uploads\/2019\/09\/vff.jpg\",\"contentUrl\":\"https:\/\/www.deanreed.de\/AmericanRebel\/2017\/wp-content\/uploads\/2019\/09\/vff.jpg\",\"width\":640,\"height\":381,\"caption\":\"Atlantikinsel Madeira - Bild von Florian Mei\\u00dfner, Flickr.com CC BY 2.0\"},{\"@type\":\"WebPage\",\"@id\":\"https:\/\/www.deanreed.de\/AmericanRebel\/2017\/2019\/09\/29\/regionalwahlen-auf-madeira\/#webpage\",\"url\":\"https:\/\/www.deanreed.de\/AmericanRebel\/2017\/2019\/09\/29\/regionalwahlen-auf-madeira\/\",\"name\":\"- Regionalwahlen auf Madeira &ndash; Onlinezeitung AmericanRebel\",\"isPartOf\":{\"@id\":\"https:\/\/www.deanreed.de\/AmericanRebel\/2017\/#website\"},\"primaryImageOfPage\":{\"@id\":\"https:\/\/www.deanreed.de\/AmericanRebel\/2017\/2019\/09\/29\/regionalwahlen-auf-madeira\/#primaryimage\"},\"datePublished\":\"2019-09-29T15:53:26+00:00\",\"dateModified\":\"2019-09-29T23:06:35+00:00\",\"author\":{\"@id\":\"https:\/\/www.deanreed.de\/AmericanRebel\/2017\/#\/schema\/person\/9edfca7917cd10b75edaae51c6e7935a\"},\"breadcrumb\":{\"@id\":\"https:\/\/www.deanreed.de\/AmericanRebel\/2017\/2019\/09\/29\/regionalwahlen-auf-madeira\/#breadcrumb\"},\"inLanguage\":\"de\",\"potentialAction\":[{\"@type\":\"ReadAction\",\"target\":[\"https:\/\/www.deanreed.de\/AmericanRebel\/2017\/2019\/09\/29\/regionalwahlen-auf-madeira\/\"]}]},{\"@type\":\"BreadcrumbList\",\"@id\":\"https:\/\/www.deanreed.de\/AmericanRebel\/2017\/2019\/09\/29\/regionalwahlen-auf-madeira\/#breadcrumb\",\"itemListElement\":[{\"@type\":\"ListItem\",\"position\":1,\"name\":\"Startseite\",\"item\":\"https:\/\/www.deanreed.de\/AmericanRebel\/2017\/\"},{\"@type\":\"ListItem\",\"position\":2,\"name\":\"&#8211; Regionalwahlen auf Madeira\"}]},{\"@type\":\"Person\",\"@id\":\"https:\/\/www.deanreed.de\/AmericanRebel\/2017\/#\/schema\/person\/9edfca7917cd10b75edaae51c6e7935a\",\"name\":\"Redaktion\",\"url\":\"https:\/\/www.deanreed.de\/AmericanRebel\/2017\/author\/redaktion\/\"}]}<\/script>\n<!-- \/ Yoast SEO plugin. -->","yoast_head_json":{"title":"- Regionalwahlen auf Madeira &ndash; Onlinezeitung AmericanRebel","robots":{"index":"index","follow":"follow","max-snippet":"max-snippet:-1","max-image-preview":"max-image-preview:large","max-video-preview":"max-video-preview:-1"},"canonical":"https:\/\/www.deanreed.de\/AmericanRebel\/2017\/2019\/09\/29\/regionalwahlen-auf-madeira\/","og_locale":"de_DE","og_type":"article","og_title":"- Regionalwahlen auf Madeira &ndash; Onlinezeitung AmericanRebel","og_description":"Rui Filipe Gutschmidt Regionalwahlen auf Madeira \u2013 kein Test f\u00fcr die Parlamentswahl Portugals in zwei Wochen Die autonome Region Madeira hat gew\u00e4hlt und zum ersten mal seit 43 Jahren kann die Mitte-Rechtspartei PSD\/PPD nicht die absolute Mehrheit erringen. Doch viel [&hellip;]&darr; Lese den Rest von diesem Eintrag...","og_url":"https:\/\/www.deanreed.de\/AmericanRebel\/2017\/2019\/09\/29\/regionalwahlen-auf-madeira\/","og_site_name":"Onlinezeitung AmericanRebel","article_published_time":"2019-09-29T15:53:26+00:00","article_modified_time":"2019-09-29T23:06:35+00:00","og_image":[{"width":640,"height":381,"url":"http:\/\/www.deanreed.de\/AmericanRebel\/2017\/wp-content\/uploads\/2019\/09\/vff.jpg","type":"image\/jpeg"}],"twitter_card":"summary_large_image","twitter_misc":{"Verfasst von":"Redaktion","Gesch\u00e4tzte Lesezeit":"4\u00a0Minuten"},"schema":{"@context":"https:\/\/schema.org","@graph":[{"@type":"WebSite","@id":"https:\/\/www.deanreed.de\/AmericanRebel\/2017\/#website","url":"https:\/\/www.deanreed.de\/AmericanRebel\/2017\/","name":"Onlinezeitung AmericanRebel","description":"Internationale Onlinezeitung f\u00fcr Frieden, Humanismus, V\u00f6lkerverst\u00e4ndigung und Kultur","potentialAction":[{"@type":"SearchAction","target":{"@type":"EntryPoint","urlTemplate":"https:\/\/www.deanreed.de\/AmericanRebel\/2017\/?s={search_term_string}"},"query-input":"required name=search_term_string"}],"inLanguage":"de"},{"@type":"ImageObject","@id":"https:\/\/www.deanreed.de\/AmericanRebel\/2017\/2019\/09\/29\/regionalwahlen-auf-madeira\/#primaryimage","inLanguage":"de","url":"https:\/\/www.deanreed.de\/AmericanRebel\/2017\/wp-content\/uploads\/2019\/09\/vff.jpg","contentUrl":"https:\/\/www.deanreed.de\/AmericanRebel\/2017\/wp-content\/uploads\/2019\/09\/vff.jpg","width":640,"height":381,"caption":"Atlantikinsel Madeira - Bild von Florian Mei\u00dfner, Flickr.com CC BY 2.0"},{"@type":"WebPage","@id":"https:\/\/www.deanreed.de\/AmericanRebel\/2017\/2019\/09\/29\/regionalwahlen-auf-madeira\/#webpage","url":"https:\/\/www.deanreed.de\/AmericanRebel\/2017\/2019\/09\/29\/regionalwahlen-auf-madeira\/","name":"- Regionalwahlen auf Madeira &ndash; Onlinezeitung AmericanRebel","isPartOf":{"@id":"https:\/\/www.deanreed.de\/AmericanRebel\/2017\/#website"},"primaryImageOfPage":{"@id":"https:\/\/www.deanreed.de\/AmericanRebel\/2017\/2019\/09\/29\/regionalwahlen-auf-madeira\/#primaryimage"},"datePublished":"2019-09-29T15:53:26+00:00","dateModified":"2019-09-29T23:06:35+00:00","author":{"@id":"https:\/\/www.deanreed.de\/AmericanRebel\/2017\/#\/schema\/person\/9edfca7917cd10b75edaae51c6e7935a"},"breadcrumb":{"@id":"https:\/\/www.deanreed.de\/AmericanRebel\/2017\/2019\/09\/29\/regionalwahlen-auf-madeira\/#breadcrumb"},"inLanguage":"de","potentialAction":[{"@type":"ReadAction","target":["https:\/\/www.deanreed.de\/AmericanRebel\/2017\/2019\/09\/29\/regionalwahlen-auf-madeira\/"]}]},{"@type":"BreadcrumbList","@id":"https:\/\/www.deanreed.de\/AmericanRebel\/2017\/2019\/09\/29\/regionalwahlen-auf-madeira\/#breadcrumb","itemListElement":[{"@type":"ListItem","position":1,"name":"Startseite","item":"https:\/\/www.deanreed.de\/AmericanRebel\/2017\/"},{"@type":"ListItem","position":2,"name":"&#8211; Regionalwahlen auf Madeira"}]},{"@type":"Person","@id":"https:\/\/www.deanreed.de\/AmericanRebel\/2017\/#\/schema\/person\/9edfca7917cd10b75edaae51c6e7935a","name":"Redaktion","url":"https:\/\/www.deanreed.de\/AmericanRebel\/2017\/author\/redaktion\/"}]}},"_links":{"self":[{"href":"https:\/\/www.deanreed.de\/AmericanRebel\/2017\/wp-json\/wp\/v2\/posts\/22281"}],"collection":[{"href":"https:\/\/www.deanreed.de\/AmericanRebel\/2017\/wp-json\/wp\/v2\/posts"}],"about":[{"href":"https:\/\/www.deanreed.de\/AmericanRebel\/2017\/wp-json\/wp\/v2\/types\/post"}],"author":[{"embeddable":true,"href":"https:\/\/www.deanreed.de\/AmericanRebel\/2017\/wp-json\/wp\/v2\/users\/2"}],"replies":[{"embeddable":true,"href":"https:\/\/www.deanreed.de\/AmericanRebel\/2017\/wp-json\/wp\/v2\/comments?post=22281"}],"version-history":[{"count":25,"href":"https:\/\/www.deanreed.de\/AmericanRebel\/2017\/wp-json\/wp\/v2\/posts\/22281\/revisions"}],"predecessor-version":[{"id":22308,"href":"https:\/\/www.deanreed.de\/AmericanRebel\/2017\/wp-json\/wp\/v2\/posts\/22281\/revisions\/22308"}],"wp:attachment":[{"href":"https:\/\/www.deanreed.de\/AmericanRebel\/2017\/wp-json\/wp\/v2\/media?parent=22281"}],"wp:term":[{"taxonomy":"category","embeddable":true,"href":"https:\/\/www.deanreed.de\/AmericanRebel\/2017\/wp-json\/wp\/v2\/categories?post=22281"},{"taxonomy":"post_tag","embeddable":true,"href":"https:\/\/www.deanreed.de\/AmericanRebel\/2017\/wp-json\/wp\/v2\/tags?post=22281"}],"curies":[{"name":"wp","href":"https:\/\/api.w.org\/{rel}","templated":true}]}}