{"id":21938,"date":"2019-08-23T18:42:59","date_gmt":"2019-08-23T16:42:59","guid":{"rendered":"http:\/\/www.deanreed.de\/AmericanRebel\/2017\/?p=21938"},"modified":"2019-08-23T18:57:37","modified_gmt":"2019-08-23T16:57:37","slug":"20-000-luftschlaege-ein-historischer-tag-im-jemenkrieg","status":"publish","type":"post","link":"https:\/\/www.deanreed.de\/AmericanRebel\/2017\/2019\/08\/23\/20-000-luftschlaege-ein-historischer-tag-im-jemenkrieg\/","title":{"rendered":"&#8211; 20.000 Luftschl\u00e4ge \u2013 ein historischer Tag im Jemenkrieg"},"content":{"rendered":"<h4>Jakob Reimann<\/h4>\n<h2>20.000 Luftschl\u00e4ge \u2013 ein historischer Tag im Jemenkrieg<\/h2>\n<div id=\"attachment_9955\" style=\"width: 110px\" class=\"wp-caption alignleft\"><img aria-describedby=\"caption-attachment-9955\" loading=\"lazy\" class=\"size-full wp-image-9955\" src=\"http:\/\/www.deanreed.de\/AmericanRebel\/2017\/wp-content\/uploads\/2030\/01\/serrt.jpg\" alt=\"\" width=\"100\" height=\"150\" \/><p id=\"caption-attachment-9955\" class=\"wp-caption-text\"><span style=\"color: #808080;\">Jacob Reimann<\/span><\/p><\/div>\n<p style=\"text-align: justify;\"><strong>Der Counter des Yemen Data Project \u00fcberschritt heute die historische Zahl von 20.000 Luftangriffen der Saudi-Emirate-Koalition. Neben den K\u00f6pfen der Koalition m\u00fcssen sich die Komplizen im Westen vor internationalen Kriegsverbrechertribunalen f\u00fcr den Genozid im Jemen verantworten.<\/strong><\/p>\n<p style=\"text-align: justify;\">Das Yemen Data Project (YDP) ist eine privat finanzierte non-profit NGO, die seit Kriegsbeginn akribisch Buch \u00fcber den Krieg im Jemen f\u00fchrt. Seit Tag 1 z\u00e4hlt das YDP die Luftschl\u00e4ge der Saudi-Emirate-Koalition auf die Zivilbev\u00f6lkerung des Jemen.<\/p>\n<div id=\"attachment_21939\" style=\"width: 332px\" class=\"wp-caption alignright\"><img aria-describedby=\"caption-attachment-21939\" loading=\"lazy\" class=\" wp-image-21939\" src=\"http:\/\/www.deanreed.de\/AmericanRebel\/2017\/wp-content\/uploads\/2019\/08\/rrtt-300x202.png\" alt=\"\" width=\"322\" height=\"217\" srcset=\"https:\/\/www.deanreed.de\/AmericanRebel\/2017\/wp-content\/uploads\/2019\/08\/rrtt-300x202.png 300w, https:\/\/www.deanreed.de\/AmericanRebel\/2017\/wp-content\/uploads\/2019\/08\/rrtt.png 690w\" sizes=\"(max-width: 322px) 100vw, 322px\" \/><p id=\"caption-attachment-21939\" class=\"wp-caption-text\"><span style=\"color: #808080;\">By Julien Harneis, Flickr,\u00a0licensed under CC BY-SA 2.0.<\/span><\/p><\/div>\n<p style=\"text-align: justify;\">Heute, am 20. August 2019, \u00fcberschritt der \u201eCoalition Air Raids\u201c-Counter die Marke von 20.000 und steht aktuell bei 20.025 Luftschl\u00e4gen. Der Krieg begann am 26. M\u00e4rz 2015. Das macht knapp 13 Luftschl\u00e4ge jeden Tag. Seit fast viereinhalb Jahren. Jeden Tag.<\/p>\n<p style=\"text-align: justify;\">Unter diesen Luftschl\u00e4gen befanden sich t\u00f6dliche Angriffe auf so glorreiche milit\u00e4rische Ziele wie unz\u00e4hlige Hochzeitsfeiern und Beerdigungen, Fl\u00fcchtlingsboote und -lager, Fischerboote, Hunderte Krankenh\u00e4user, Moscheen, eine Blindenschule und eine Kartoffelchipsfabrik, in der zehn Angestellte eingeschlossen wurden und elendig in den Flammen verbrannten.<br \/>\nYDP geht \u00fcber das blo\u00dfe Z\u00e4hlen hinaus und weist die Angriffe auf zivile Targets auch, so gut es geht, entsprechenden Kategorien zu und z\u00e4hlte etwa Angriffe auf folgende Einrichtungen:<\/p>\n<p>2.017\u00a0 Wohngebiete<br \/>\n774\u00a0 Transportinfrastruktur<br \/>\n649\u00a0 Farmen<br \/>\n292\u00a0 Regierungsgeb\u00e4ude<br \/>\n217\u00a0 Marktpl\u00e4tze<br \/>\n90\u00a0 Fabriken<br \/>\n241\u00a0 Schulen<br \/>\n132\u00a0 Wasser- und Elektrizit\u00e4tswerke<br \/>\n16\u00a0 Banken<br \/>\n21\u00a0 Radio-\/TV-Stationen<br \/>\n51\u00a0 Moscheen<br \/>\n60\u00a0 Sporteinrichtungen<\/p>\n<p>Hier die komplette Auflistung:<\/p>\n<div id=\"attachment_21941\" style=\"width: 557px\" class=\"wp-caption aligncenter\"><img aria-describedby=\"caption-attachment-21941\" loading=\"lazy\" class=\" wp-image-21941\" src=\"http:\/\/www.deanreed.de\/AmericanRebel\/2017\/wp-content\/uploads\/2019\/08\/YDP-uebersucht-300x225.jpg\" alt=\"\" width=\"547\" height=\"410\" srcset=\"https:\/\/www.deanreed.de\/AmericanRebel\/2017\/wp-content\/uploads\/2019\/08\/YDP-uebersucht-300x225.jpg 300w, https:\/\/www.deanreed.de\/AmericanRebel\/2017\/wp-content\/uploads\/2019\/08\/YDP-uebersucht-768x576.jpg 768w, https:\/\/www.deanreed.de\/AmericanRebel\/2017\/wp-content\/uploads\/2019\/08\/YDP-uebersucht-1024x768.jpg 1024w, https:\/\/www.deanreed.de\/AmericanRebel\/2017\/wp-content\/uploads\/2019\/08\/YDP-uebersucht.jpg 1578w\" sizes=\"(max-width: 547px) 100vw, 547px\" \/><p id=\"caption-attachment-21941\" class=\"wp-caption-text\"><span style=\"color: #808080;\">Einige Kategorien ziviler Ziele, die von der Saudi-Emirate-Koalition in 1609 Tagen des anhaltenden Jemenkriegs bombardiert haben. \u00a9 Yemen Data Project. Screengrab taken from YDP.<\/span><\/p><\/div>\n<p style=\"text-align: justify;\">Einige Kategorien ziviler Ziele, die von der Saudi-Emirate-Koalition in 1609 Tagen des anhaltenden Jemenkriegs bombardiert haben. \u00a9 Yemen Data Project. Screengrab taken from YDP.<\/p>\n<p style=\"text-align: justify;\">Nach dem \u2013 anhaltenden \u2013 V\u00f6lkermord in Darfur ab 2003 wird die Menschenfamilie im Jemen Zeugin des zweiten Genozids im 21. Jahrhundert. Neben Zehntausenden Kriegstoten implementiert die Saudi-Emirate-Koalition eine hermetische Luft-, See- und Landblockade \u2013 und h\u00e4lt so Millionen von Menschen buchst\u00e4blich in Geiselhaft.<\/p>\n<p style=\"text-align: justify;\">Die Koalition setzt die historische Hungersnot und die gr\u00f6\u00dfte Choleraepidemie der Menschheitsgeschichte als Kriegswaffen ein. Neben lebenswichtiger Infrastruktur wie Wasseraufbereitungsanlagen und Krankenh\u00e4user zerst\u00f6rt sie systematisch die Industrie und entsprechende Infrastruktur des Landes und sorgt so daf\u00fcr, dass sich der Jemen auch Jahrzehnte nach Kriegsende nicht vom Genozid erholen wird.<\/p>\n<p style=\"text-align: justify;\">Die UN spricht vollkommen zutreffend von der \u201eschlimmsten humanit\u00e4ren Katastrophe der Welt\u201c.<br \/>\nArtikel II c) der UN-V\u00f6lkermordkonvention verbietet die \u201evors\u00e4tzliche Auferlegung von Lebensbedingungen f\u00fcr die Gruppe, die geeignet sind, ihre k\u00f6rperliche Zerst\u00f6rung ganz oder teilweise herbeizuf\u00fchren\u201c \u2013 eine 1-zu-1-Beschreibung von dem, was wir im Jemen erleben. Die Saudi-Emirate-Koalition macht sich des Genozids schuldig.<\/p>\n<p style=\"text-align: justify;\">Und der Westen ist der Komplize dieses Verbrechen. Weit \u00fcber die H\u00e4lfte der Waffen der Kriegskoalition stammt aus den USA, gefolgt von Frankreich, Russland, Gro\u00dfbritannien und Deutschland in den Top-5 der Waffenlieferanten \u2013 die 20.000 Bomben, die den Jemen verw\u00fcstet haben, sind westliche Bomben.<\/p>\n<div id=\"attachment_21940\" style=\"width: 557px\" class=\"wp-caption aligncenter\"><img aria-describedby=\"caption-attachment-21940\" loading=\"lazy\" class=\" wp-image-21940\" src=\"http:\/\/www.deanreed.de\/AmericanRebel\/2017\/wp-content\/uploads\/2019\/08\/Arms-Import-SA-UAE-coalition_L-768x574-300x224.jpg\" alt=\"\" width=\"547\" height=\"409\" srcset=\"https:\/\/www.deanreed.de\/AmericanRebel\/2017\/wp-content\/uploads\/2019\/08\/Arms-Import-SA-UAE-coalition_L-768x574-300x224.jpg 300w, https:\/\/www.deanreed.de\/AmericanRebel\/2017\/wp-content\/uploads\/2019\/08\/Arms-Import-SA-UAE-coalition_L-768x574.jpg 768w\" sizes=\"(max-width: 547px) 100vw, 547px\" \/><p id=\"caption-attachment-21940\" class=\"wp-caption-text\"><span style=\"color: #808080;\">Herkunftsl\u00e4nder der Waffenexporte an die acht L\u00e4nder der Saudi-Emirate-Koalition in den Jahren des Jemenkriegs (2015-2018). Data source: SIPRI Arms Transfers Database. Compiled and created by Jakob Reimann, JusticeNow!, licensed under CC BY-ND 4.0.<\/span><\/p><\/div>\n<p style=\"text-align: justify;\">Artikel III e) der UN-V\u00f6lkermordkonvention stellt \u201eKomplizenschaft an Genozid\u201c unter Strafe. Neben dem so sehnlich gew\u00fcnschten Frieden und so dringend ben\u00f6tigter humanit\u00e4rer Hilfe braucht das Land ein umfassendes internationales Kriegsverbrechertribunal im Stil der N\u00fcrnberger Prozesse.<\/p>\n<p style=\"text-align: justify;\">Neben den Entscheidungstr\u00e4gern und Milit\u00e4rs der neunk\u00f6pfigen Saudi-Emirate-Koalition m\u00fcssen mindestens auch die Regierungen in Washington, Paris, Moskau, London und Berlin als Kriegsverbrecher angeklagt und ein Leben lang weggesperrt werden.<\/p>\n<p style=\"text-align: justify;\">Die F\u00fchrungen all dieser L\u00e4nder m\u00fcssen sich in Den Haag f\u00fcr ihre Schande verantworten. Ohne Gerechtigkeit kann es keinen Frieden geben.<\/p>\n<p>Peace!<br \/>\n<span style=\"color: #ffffff;\">.<\/span><br \/>\n<span style=\"font-size: 10pt;\"><a href=\"http:\/\/justicenow.de\/wp-content\/uploads\/2019\/08\/JusticeNow_2019-08-20_20.000-Luftschlaege_ein-historischer-Tag-im-Jemenkrieg.pdf\" target=\"_blank\" rel=\"noopener noreferrer\"><img loading=\"lazy\" class=\"alignleft wp-image-21942\" src=\"http:\/\/www.deanreed.de\/AmericanRebel\/2017\/wp-content\/uploads\/2019\/08\/pdf-logo_S-1-150x150.jpg\" alt=\"\" width=\"74\" height=\"74\" \/><\/a>Erstver\u00f6ffentlichung auf <a href=\"http:\/\/www.justicenow.de\" target=\"_blank\" rel=\"noopener noreferrer\">JusticeNow<\/a>. Ver\u00f6ffentlichung mit freundlicher Genehmigung des Herausgebers<\/span><\/p>\n<p style=\"text-align: justify;\"><span style=\"font-size: 10pt;\"><strong>\u00dcber den Autor:<\/strong> Als studierter Biochemiker hat Jakob Reimann ich ein Jahr in Nablus, Pal\u00e4stina gelebt und dort an der Uni die Auswirkungen israelischer Industrieanlagen auf die Umwelt und die Gesundheit der Menschen in der Westbank erforscht. Nach einiger Zeit in Tel Aviv, Haifa, Prag und Sunny Beach (Bulgarien) lebt er jetzt wieder in Israel und kennt daher \u201ebeide Seiten\u201c des Konflikts und die jeweiligen Mentalit\u00e4ten recht gut. Soweit er zur\u00fcckblicken kann ist er ein politisch denkender Mensch und verabscheut Ungerechtigkeiten jeglicher Art. Aus bedingungslos pazifistischer Sicht schreibt er gegen den Krieg an und versuche so, meinen keinen Beitrag zu leisten. Seine Themenschwerpunkte sind Terrorismus, das US Empire, Krieg (Frieden?) und speziell der Nahe Osten.<\/span><\/p>\n<p>&nbsp;<\/p>\n<p><span style=\"font-size: 10pt;\"><a href=\"http:\/\/www.deanreed.de\/AmericanRebel\/2017\/?cat=127\" target=\"_blank\" rel=\"noopener noreferrer\">Weitere Artikel von Jakob Reimann<\/a><\/span><\/p>\n<p><span style=\"color: #ffffff;\">.<\/span><\/p>\n<blockquote>\n<p style=\"text-align: center;\"><span style=\"font-size: 10pt; color: #000000;\">F\u00fcr den Inhalt dieses Artikels ist der Autor bzw. die Autorin verantwortlich.<br \/>\nDabei muss es sich nicht grunds\u00e4tzlich um die Meinung der Redaktion handeln.<\/span><\/p>\n<table width=\"100%\" align=\"center\">\n<tbody>\n<tr>\n<td style=\"text-align: justify;\"><img loading=\"lazy\" class=\"size-full wp-image-7516 aligncenter\" src=\"http:\/\/www.deanreed.de\/AmericanRebel\/2017\/wp-content\/uploads\/2018\/10\/88x31.png\" alt=\"\" width=\"88\" height=\"31\" \/><\/td>\n<td style=\"text-align: justify; font-size: 10pt;\"><a href=\"https:\/\/creativecommons.org\/licenses\/by-nc-nd\/4.0\/\" target=\"_blank\" rel=\"license noopener noreferrer\">Dieses Werk ist lizenziert unter einer Creative Commons Namensnennung &#8211;<br \/>\nNicht kommerziell &#8211; Keine Bearbeitungen 4.0 International Lizenz.<\/a><\/td>\n<\/tr>\n<tr>\n<td>\n<form action=\"https:\/\/www.paypal.com\/cgi-bin\/webscr\" method=\"post\" target=\"_top\"><input alt=\"Jetzt einfach, schnell und sicher online bezahlen \u2013 mit PayPal.\" name=\"submit\" src=\"https:\/\/www.paypalobjects.com\/de_DE\/DE\/i\/btn\/btn_donateCC_LG.gif\" type=\"image\" \/><\/form>\n<\/td>\n<td><span style=\"color: #993300;\"><strong>Auch linker Journalismus ist nicht kostenlos<br \/>\nund auch kleine Spenden k\u00f6nnen helfen Gro\u00dfes zu ver\u00f6ffentlichen!<\/strong><\/span><\/td>\n<\/tr>\n<\/tbody>\n<\/table>\n<div style=\"margin-left: 10px;\"><a title=\"zur Startseite\" href=\"http:\/\/www.americanrebel.de\/\"><img loading=\"lazy\" class=\"alignleft\" src=\"http:\/\/www.deanreed.de\/AmericanRebel\/2017\/wp-content\/uploads\/2017\/03\/back_ar.png\" alt=\"zur\u00fcck zur Startseite\" width=\"156\" height=\"15\" \/><\/a><\/div>\n<div style=\"margin-right: 10px;\"><a href=\"https:\/\/www.facebook.com\/groups\/1683837971860223\/permalink\/1987214344855916\/\" target=\"_blank\" rel=\"noopener noreferrer\"><img loading=\"lazy\" class=\"alignright\" src=\"http:\/\/www.deanreed.de\/AmericanRebel\/2017\/wp-content\/uploads\/2017\/03\/ar_zu_fb.png\" alt=\"hier geht es zur Facebook Diskussionsgruppe\" width=\"353\" height=\"15\" \/><\/a><\/div>\n<p style=\"text-align: center;\"><a href=\"#respond\" target=\"_blank\" rel=\"noopener noreferrer\"><img loading=\"lazy\" class=\"aligncenter\" src=\"http:\/\/www.deanreed.de\/AmericanRebel\/2017\/wp-content\/uploads\/2017\/03\/ar_kommentar-1.png\" alt=\"Sag uns deine Meinung zum Artikel mit einem Kommentar\/Leserbrief\" width=\"627\" height=\"20\" \/><\/a><\/p>\n<\/blockquote>\n","protected":false},"excerpt":{"rendered":"<p>Jakob Reimann 20.000 Luftschl\u00e4ge \u2013 ein historischer Tag im Jemenkrieg Der Counter des Yemen Data Project \u00fcberschritt heute die historische Zahl von 20.000 Luftangriffen der Saudi-Emirate-Koalition. Neben den K\u00f6pfen der Koalition m\u00fcssen sich die Komplizen im Westen vor internationalen Kriegsverbrechertribunalen [&hellip;]<a class=\"more-link\" href=\"https:\/\/www.deanreed.de\/AmericanRebel\/2017\/2019\/08\/23\/20-000-luftschlaege-ein-historischer-tag-im-jemenkrieg\/\">&darr; Lese den Rest von diesem Eintrag&#8230;<\/a><\/p>\n","protected":false},"author":2,"featured_media":0,"comment_status":"open","ping_status":"open","sticky":false,"template":"","format":"standard","meta":[],"categories":[127],"tags":[190,1426,748,2484,838,1308,2193,2485,504,1605,431,483,544,2487,139,152,1053,2488,2489,902,1124,435,2490,2680,2681,130,2682,2496,2497,2432,2474,2424,2498,1020,2499,158,34,905,166,2501,1261,106,2502,430,2503,1178],"yoast_head":"<!-- This site is optimized with the Yoast SEO plugin v17.5 - https:\/\/yoast.com\/wordpress\/plugins\/seo\/ -->\n<title>- 20.000 Luftschl\u00e4ge \u2013 ein historischer Tag im Jemenkrieg &ndash; Onlinezeitung AmericanRebel<\/title>\n<meta name=\"robots\" content=\"index, follow, max-snippet:-1, max-image-preview:large, max-video-preview:-1\" \/>\n<link rel=\"canonical\" href=\"http:\/\/www.deanreed.de\/AmericanRebel\/2017\/2019\/08\/23\/20-000-luftschlaege-ein-historischer-tag-im-jemenkrieg\/\" \/>\n<meta property=\"og:locale\" content=\"de_DE\" \/>\n<meta property=\"og:type\" content=\"article\" \/>\n<meta property=\"og:title\" content=\"- 20.000 Luftschl\u00e4ge \u2013 ein historischer Tag im Jemenkrieg &ndash; Onlinezeitung AmericanRebel\" \/>\n<meta property=\"og:description\" content=\"Jakob Reimann 20.000 Luftschl\u00e4ge \u2013 ein historischer Tag im Jemenkrieg Der Counter des Yemen Data Project \u00fcberschritt heute die historische Zahl von 20.000 Luftangriffen der Saudi-Emirate-Koalition. Neben den K\u00f6pfen der Koalition m\u00fcssen sich die Komplizen im Westen vor internationalen Kriegsverbrechertribunalen [&hellip;]&darr; Lese den Rest von diesem Eintrag...\" \/>\n<meta property=\"og:url\" content=\"http:\/\/www.deanreed.de\/AmericanRebel\/2017\/2019\/08\/23\/20-000-luftschlaege-ein-historischer-tag-im-jemenkrieg\/\" \/>\n<meta property=\"og:site_name\" content=\"Onlinezeitung AmericanRebel\" \/>\n<meta property=\"article:published_time\" content=\"2019-08-23T16:42:59+00:00\" \/>\n<meta property=\"article:modified_time\" content=\"2019-08-23T16:57:37+00:00\" \/>\n<meta property=\"og:image\" content=\"http:\/\/www.deanreed.de\/AmericanRebel\/2017\/wp-content\/uploads\/2019\/08\/rrtt.png\" \/>\n\t<meta property=\"og:image:width\" content=\"690\" \/>\n\t<meta property=\"og:image:height\" content=\"464\" \/>\n<meta name=\"twitter:card\" content=\"summary_large_image\" \/>\n<meta name=\"twitter:label1\" content=\"Verfasst von\" \/>\n\t<meta name=\"twitter:data1\" content=\"Redaktion\" \/>\n\t<meta name=\"twitter:label2\" content=\"Gesch\u00e4tzte Lesezeit\" \/>\n\t<meta name=\"twitter:data2\" content=\"4\u00a0Minuten\" \/>\n<script type=\"application\/ld+json\" class=\"yoast-schema-graph\">{\"@context\":\"https:\/\/schema.org\",\"@graph\":[{\"@type\":\"WebSite\",\"@id\":\"https:\/\/www.deanreed.de\/AmericanRebel\/2017\/#website\",\"url\":\"https:\/\/www.deanreed.de\/AmericanRebel\/2017\/\",\"name\":\"Onlinezeitung AmericanRebel\",\"description\":\"Internationale Onlinezeitung f\\u00fcr Frieden, Humanismus, V\\u00f6lkerverst\\u00e4ndigung und Kultur\",\"potentialAction\":[{\"@type\":\"SearchAction\",\"target\":{\"@type\":\"EntryPoint\",\"urlTemplate\":\"https:\/\/www.deanreed.de\/AmericanRebel\/2017\/?s={search_term_string}\"},\"query-input\":\"required name=search_term_string\"}],\"inLanguage\":\"de\"},{\"@type\":\"ImageObject\",\"@id\":\"http:\/\/www.deanreed.de\/AmericanRebel\/2017\/2019\/08\/23\/20-000-luftschlaege-ein-historischer-tag-im-jemenkrieg\/#primaryimage\",\"inLanguage\":\"de\",\"url\":\"https:\/\/www.deanreed.de\/AmericanRebel\/2017\/wp-content\/uploads\/2019\/08\/rrtt.png\",\"contentUrl\":\"https:\/\/www.deanreed.de\/AmericanRebel\/2017\/wp-content\/uploads\/2019\/08\/rrtt.png\",\"width\":690,\"height\":464,\"caption\":\"By Julien Harneis, Flickr,\\u00a0licensed under CC BY-SA 2.0.\"},{\"@type\":\"WebPage\",\"@id\":\"http:\/\/www.deanreed.de\/AmericanRebel\/2017\/2019\/08\/23\/20-000-luftschlaege-ein-historischer-tag-im-jemenkrieg\/#webpage\",\"url\":\"http:\/\/www.deanreed.de\/AmericanRebel\/2017\/2019\/08\/23\/20-000-luftschlaege-ein-historischer-tag-im-jemenkrieg\/\",\"name\":\"- 20.000 Luftschl\\u00e4ge \\u2013 ein historischer Tag im Jemenkrieg &ndash; Onlinezeitung AmericanRebel\",\"isPartOf\":{\"@id\":\"https:\/\/www.deanreed.de\/AmericanRebel\/2017\/#website\"},\"primaryImageOfPage\":{\"@id\":\"http:\/\/www.deanreed.de\/AmericanRebel\/2017\/2019\/08\/23\/20-000-luftschlaege-ein-historischer-tag-im-jemenkrieg\/#primaryimage\"},\"datePublished\":\"2019-08-23T16:42:59+00:00\",\"dateModified\":\"2019-08-23T16:57:37+00:00\",\"author\":{\"@id\":\"https:\/\/www.deanreed.de\/AmericanRebel\/2017\/#\/schema\/person\/9edfca7917cd10b75edaae51c6e7935a\"},\"breadcrumb\":{\"@id\":\"http:\/\/www.deanreed.de\/AmericanRebel\/2017\/2019\/08\/23\/20-000-luftschlaege-ein-historischer-tag-im-jemenkrieg\/#breadcrumb\"},\"inLanguage\":\"de\",\"potentialAction\":[{\"@type\":\"ReadAction\",\"target\":[\"http:\/\/www.deanreed.de\/AmericanRebel\/2017\/2019\/08\/23\/20-000-luftschlaege-ein-historischer-tag-im-jemenkrieg\/\"]}]},{\"@type\":\"BreadcrumbList\",\"@id\":\"http:\/\/www.deanreed.de\/AmericanRebel\/2017\/2019\/08\/23\/20-000-luftschlaege-ein-historischer-tag-im-jemenkrieg\/#breadcrumb\",\"itemListElement\":[{\"@type\":\"ListItem\",\"position\":1,\"name\":\"Startseite\",\"item\":\"https:\/\/www.deanreed.de\/AmericanRebel\/2017\/\"},{\"@type\":\"ListItem\",\"position\":2,\"name\":\"&#8211; 20.000 Luftschl\\u00e4ge \\u2013 ein historischer Tag im Jemenkrieg\"}]},{\"@type\":\"Person\",\"@id\":\"https:\/\/www.deanreed.de\/AmericanRebel\/2017\/#\/schema\/person\/9edfca7917cd10b75edaae51c6e7935a\",\"name\":\"Redaktion\",\"url\":\"https:\/\/www.deanreed.de\/AmericanRebel\/2017\/author\/redaktion\/\"}]}<\/script>\n<!-- \/ Yoast SEO plugin. -->","yoast_head_json":{"title":"- 20.000 Luftschl\u00e4ge \u2013 ein historischer Tag im Jemenkrieg &ndash; Onlinezeitung AmericanRebel","robots":{"index":"index","follow":"follow","max-snippet":"max-snippet:-1","max-image-preview":"max-image-preview:large","max-video-preview":"max-video-preview:-1"},"canonical":"http:\/\/www.deanreed.de\/AmericanRebel\/2017\/2019\/08\/23\/20-000-luftschlaege-ein-historischer-tag-im-jemenkrieg\/","og_locale":"de_DE","og_type":"article","og_title":"- 20.000 Luftschl\u00e4ge \u2013 ein historischer Tag im Jemenkrieg &ndash; Onlinezeitung AmericanRebel","og_description":"Jakob Reimann 20.000 Luftschl\u00e4ge \u2013 ein historischer Tag im Jemenkrieg Der Counter des Yemen Data Project \u00fcberschritt heute die historische Zahl von 20.000 Luftangriffen der Saudi-Emirate-Koalition. Neben den K\u00f6pfen der Koalition m\u00fcssen sich die Komplizen im Westen vor internationalen Kriegsverbrechertribunalen [&hellip;]&darr; Lese den Rest von diesem Eintrag...","og_url":"http:\/\/www.deanreed.de\/AmericanRebel\/2017\/2019\/08\/23\/20-000-luftschlaege-ein-historischer-tag-im-jemenkrieg\/","og_site_name":"Onlinezeitung AmericanRebel","article_published_time":"2019-08-23T16:42:59+00:00","article_modified_time":"2019-08-23T16:57:37+00:00","og_image":[{"width":690,"height":464,"url":"http:\/\/www.deanreed.de\/AmericanRebel\/2017\/wp-content\/uploads\/2019\/08\/rrtt.png","type":"image\/png"}],"twitter_card":"summary_large_image","twitter_misc":{"Verfasst von":"Redaktion","Gesch\u00e4tzte Lesezeit":"4\u00a0Minuten"},"schema":{"@context":"https:\/\/schema.org","@graph":[{"@type":"WebSite","@id":"https:\/\/www.deanreed.de\/AmericanRebel\/2017\/#website","url":"https:\/\/www.deanreed.de\/AmericanRebel\/2017\/","name":"Onlinezeitung AmericanRebel","description":"Internationale Onlinezeitung f\u00fcr Frieden, Humanismus, V\u00f6lkerverst\u00e4ndigung und Kultur","potentialAction":[{"@type":"SearchAction","target":{"@type":"EntryPoint","urlTemplate":"https:\/\/www.deanreed.de\/AmericanRebel\/2017\/?s={search_term_string}"},"query-input":"required name=search_term_string"}],"inLanguage":"de"},{"@type":"ImageObject","@id":"http:\/\/www.deanreed.de\/AmericanRebel\/2017\/2019\/08\/23\/20-000-luftschlaege-ein-historischer-tag-im-jemenkrieg\/#primaryimage","inLanguage":"de","url":"https:\/\/www.deanreed.de\/AmericanRebel\/2017\/wp-content\/uploads\/2019\/08\/rrtt.png","contentUrl":"https:\/\/www.deanreed.de\/AmericanRebel\/2017\/wp-content\/uploads\/2019\/08\/rrtt.png","width":690,"height":464,"caption":"By Julien Harneis, Flickr,\u00a0licensed under CC BY-SA 2.0."},{"@type":"WebPage","@id":"http:\/\/www.deanreed.de\/AmericanRebel\/2017\/2019\/08\/23\/20-000-luftschlaege-ein-historischer-tag-im-jemenkrieg\/#webpage","url":"http:\/\/www.deanreed.de\/AmericanRebel\/2017\/2019\/08\/23\/20-000-luftschlaege-ein-historischer-tag-im-jemenkrieg\/","name":"- 20.000 Luftschl\u00e4ge \u2013 ein historischer Tag im Jemenkrieg &ndash; Onlinezeitung AmericanRebel","isPartOf":{"@id":"https:\/\/www.deanreed.de\/AmericanRebel\/2017\/#website"},"primaryImageOfPage":{"@id":"http:\/\/www.deanreed.de\/AmericanRebel\/2017\/2019\/08\/23\/20-000-luftschlaege-ein-historischer-tag-im-jemenkrieg\/#primaryimage"},"datePublished":"2019-08-23T16:42:59+00:00","dateModified":"2019-08-23T16:57:37+00:00","author":{"@id":"https:\/\/www.deanreed.de\/AmericanRebel\/2017\/#\/schema\/person\/9edfca7917cd10b75edaae51c6e7935a"},"breadcrumb":{"@id":"http:\/\/www.deanreed.de\/AmericanRebel\/2017\/2019\/08\/23\/20-000-luftschlaege-ein-historischer-tag-im-jemenkrieg\/#breadcrumb"},"inLanguage":"de","potentialAction":[{"@type":"ReadAction","target":["http:\/\/www.deanreed.de\/AmericanRebel\/2017\/2019\/08\/23\/20-000-luftschlaege-ein-historischer-tag-im-jemenkrieg\/"]}]},{"@type":"BreadcrumbList","@id":"http:\/\/www.deanreed.de\/AmericanRebel\/2017\/2019\/08\/23\/20-000-luftschlaege-ein-historischer-tag-im-jemenkrieg\/#breadcrumb","itemListElement":[{"@type":"ListItem","position":1,"name":"Startseite","item":"https:\/\/www.deanreed.de\/AmericanRebel\/2017\/"},{"@type":"ListItem","position":2,"name":"&#8211; 20.000 Luftschl\u00e4ge \u2013 ein historischer Tag im Jemenkrieg"}]},{"@type":"Person","@id":"https:\/\/www.deanreed.de\/AmericanRebel\/2017\/#\/schema\/person\/9edfca7917cd10b75edaae51c6e7935a","name":"Redaktion","url":"https:\/\/www.deanreed.de\/AmericanRebel\/2017\/author\/redaktion\/"}]}},"_links":{"self":[{"href":"https:\/\/www.deanreed.de\/AmericanRebel\/2017\/wp-json\/wp\/v2\/posts\/21938"}],"collection":[{"href":"https:\/\/www.deanreed.de\/AmericanRebel\/2017\/wp-json\/wp\/v2\/posts"}],"about":[{"href":"https:\/\/www.deanreed.de\/AmericanRebel\/2017\/wp-json\/wp\/v2\/types\/post"}],"author":[{"embeddable":true,"href":"https:\/\/www.deanreed.de\/AmericanRebel\/2017\/wp-json\/wp\/v2\/users\/2"}],"replies":[{"embeddable":true,"href":"https:\/\/www.deanreed.de\/AmericanRebel\/2017\/wp-json\/wp\/v2\/comments?post=21938"}],"version-history":[{"count":7,"href":"https:\/\/www.deanreed.de\/AmericanRebel\/2017\/wp-json\/wp\/v2\/posts\/21938\/revisions"}],"predecessor-version":[{"id":21949,"href":"https:\/\/www.deanreed.de\/AmericanRebel\/2017\/wp-json\/wp\/v2\/posts\/21938\/revisions\/21949"}],"wp:attachment":[{"href":"https:\/\/www.deanreed.de\/AmericanRebel\/2017\/wp-json\/wp\/v2\/media?parent=21938"}],"wp:term":[{"taxonomy":"category","embeddable":true,"href":"https:\/\/www.deanreed.de\/AmericanRebel\/2017\/wp-json\/wp\/v2\/categories?post=21938"},{"taxonomy":"post_tag","embeddable":true,"href":"https:\/\/www.deanreed.de\/AmericanRebel\/2017\/wp-json\/wp\/v2\/tags?post=21938"}],"curies":[{"name":"wp","href":"https:\/\/api.w.org\/{rel}","templated":true}]}}