{"id":21619,"date":"2019-08-07T05:25:39","date_gmt":"2019-08-07T03:25:39","guid":{"rendered":"http:\/\/www.deanreed.de\/AmericanRebel\/2017\/?p=21619"},"modified":"2020-01-30T17:02:51","modified_gmt":"2020-01-30T16:02:51","slug":"wem-gehoert-greta","status":"publish","type":"post","link":"https:\/\/www.deanreed.de\/AmericanRebel\/2017\/2019\/08\/07\/wem-gehoert-greta\/","title":{"rendered":"&#8211; Wem geh\u00f6rt Greta?"},"content":{"rendered":"<h4>R\u00fcdiger Rauls<\/h4>\n<h2>Wem geh\u00f6rt Greta?<\/h2>\n<div id=\"attachment_21617\" style=\"width: 110px\" class=\"wp-caption alignleft\"><img aria-describedby=\"caption-attachment-21617\" loading=\"lazy\" class=\"size-full wp-image-21617\" src=\"http:\/\/www.deanreed.de\/AmericanRebel\/2017\/wp-content\/uploads\/2032\/08\/Ru\u0308diger-Rauls.jpg\" alt=\"\" width=\"100\" height=\"150\" \/><p id=\"caption-attachment-21617\" class=\"wp-caption-text\"><span style=\"color: #808080;\">Ru\u0308diger Rauls<\/span><\/p><\/div>\n<p style=\"text-align: justify;\"><strong>Nach Feinstaub und Stickoxiden ist das Kohlendioxid nun innerhalb k\u00fcrzester Zeit die dritte Sau, die durch das Dorf der Umweltgemeinde getrieben wird. Die ersten beiden, vorgetragen durch die Deutsche Umwelthilfe (DUH), verliefen eigentlich nur recht schleppend und mau. Der Funke z\u00fcndete nicht so recht in der Umweltbewegung, und in weiten Kreisen der Bev\u00f6lkerung sprang er erst gar nicht \u00fcber. Im Gegenteil: Zunehmend hatte sich Widerstand gegen die Pl\u00e4ne der DUH gebildet. Demonstrationen besonders in Stuttgart gegen Fahrverbote erhielten Zulauf. Erste Stimmen erhoben sich, der DUH die F\u00f6rderw\u00fcrdigkeit aus dem Vereinsgesetz abzuerkennen.<\/strong><\/p>\n<p style=\"text-align: justify;\">Dann kam Greta und damit die Wende. Umweltschutz stand wieder ganz oben in den Schlagzeilen der Medien, in der deutschen Bedrohungsbefindlichkeit, in den Charts der \u00f6ffentlichen Diskussionen und Talksendungen. CO2 f\u00fcllte das Sommerloch und sorgte f\u00fcr \u00f6ffentliche Aufregung. Aufregung und Bedrohung sind Grundlagen f\u00fcr steigende Auflagen, Einschaltquoten, Likes und Klicks und damit, was immer unter der Schwelle der Wahrnehmung gehalten wird, f\u00fcr steigende Ums\u00e4tze. Denn auch Meinungsfreiheit ist nichts anderes als Gesch\u00e4ft, nicht mit Brot oder Autos, aber mit Anzeigen und Werbeeinblendungen, wo immer das Internet daf\u00fcr Platz anbietet.<\/p>\n<div id=\"attachment_21628\" style=\"width: 646px\" class=\"wp-caption aligncenter\"><img aria-describedby=\"caption-attachment-21628\" loading=\"lazy\" class=\" wp-image-21628\" src=\"http:\/\/www.deanreed.de\/AmericanRebel\/2017\/wp-content\/uploads\/2019\/08\/errrr-300x169.jpg\" alt=\"\" width=\"636\" height=\"358\" srcset=\"https:\/\/www.deanreed.de\/AmericanRebel\/2017\/wp-content\/uploads\/2019\/08\/errrr-300x169.jpg 300w, https:\/\/www.deanreed.de\/AmericanRebel\/2017\/wp-content\/uploads\/2019\/08\/errrr-768x432.jpg 768w, https:\/\/www.deanreed.de\/AmericanRebel\/2017\/wp-content\/uploads\/2019\/08\/errrr.jpg 860w\" sizes=\"(max-width: 636px) 100vw, 636px\" \/><p id=\"caption-attachment-21628\" class=\"wp-caption-text\"><span style=\"color: #808080;\">Sch\u00fclerprotest am 15. M\u00e4rz 2019 in Berlin. Bild YouTube screenshoot<\/span><\/p><\/div>\n<p style=\"text-align: justify;\">Und jetzt, da der Wind sich wieder gedreht hat, kommen auch die anderen Umweltverb\u00e4nde wieder in die \u00d6ffentlichkeit und wollen anscheinend auf der Bugwelle mitschwimmen, die Greta vor sich herschiebt. Nach monatelanger Zur\u00fcckhaltung hat die DUH wieder ihr Thema Stickoxide in den Ring geworfen. Jetzt geht es um die Luftbelastung durch Feuerwerke besonders zum Jahreswechsel, vermutlich sp\u00e4ter dann aber auch generell. Gro\u00dfveranstaltungen wie \u201eRhein in Flammen\u201c stehen in der Kritik.<\/p>\n<p style=\"text-align: justify;\">Der Bund f\u00fcr Umwelt und Naturschutz (BUND) hat auch wieder die \u00f6ffentliche Aufmerksamkeit auf sich gelenkt und den Zustand des Waldes ins Gespr\u00e4ch gebracht, um den es in den letzten Jahren sehr still geworden war. Nun scheint die Gelegenheit g\u00fcnstig, auch darauf wieder aufmerksam zu machen und nat\u00fcrlich auch auf sich selbst. So hat jeder seine Nische gefunden: Der BUND ist f\u00fcr den Wald zust\u00e4ndig, die DUH f\u00fcr Feinst\u00e4ube und Stickoxide und die Gr\u00fcnen mit Fridays f\u00fcr Future f\u00fcr das Kohlendioxid.<\/p>\n<p style=\"text-align: justify;\">Man scheint sich den \u201eMarkt\u201c aufzuteilen, der nun allm\u00e4hlich in Form von steigenden Mitgliederzahlen und deren Beitr\u00e4gen, F\u00f6rdermitteln und Spenden zu wachsen scheint. Noch herrscht keine offene Rivalit\u00e4t, aber eine Zusammenarbeit im \u00fcbergeordneten Interesse des Umweltschutzes ist im Moment auch nicht erkennbar. Stattdessen scheint jeder mit seinen Sonderinteressen einen Teil der \u00f6ffentlichen Aufmerksamkeit auf sich und seine Themen lenken zu wollen. Sie alle lassen sich tragen von der Thermik der erhitzten Gem\u00fcter und Debatten, die Greta, die Umwelt und das CO2 verursacht hat.<\/p>\n<p style=\"text-align: justify;\">Dabei hat Thunberg sich selbst immer nur f\u00fcr den Umweltschutz generell eingesetzt. Sie thematisiert nicht die Feinst\u00e4ube oder Stickoxide, weder den Wald noch das Kohlendioxid. Das CO2, das w\u00e4hrend der ganzen Diskussion um Stickoxide und Feinst\u00e4ube kaum eine Rolle gespielt hatte, wurde erst durch die Gr\u00fcnen der Fridays for Future (FfF) mehr oder weniger \u00fcbergest\u00fclpt. Sie haben es im Verlaufe der letzten Monate wieder in seiner Bedeutung aufgep\u00e4ppelt und in die \u00d6ffentlichkeit getragen, aus der es weitgehend verschwunden war.<\/p>\n<p style=\"text-align: justify;\">Die Gr\u00fcnen haben es zu ihrem Alleinstellungsmerkmal gemacht wie der BUND den Wald und die DUW die Stickoxide. Aber sie alle profitieren vom \u201eGreta-Effekt\u201c. Auf der Homepage<span style=\"color: #0000ff;\">1<\/span> von FfF findet kaum eine inhaltliche Auseinandersetzung zum Thema CO2 statt. Generell ist dort der Kenntnisstand zu den Sachthemen sehr gering. Hier stehen Jubel und Selbstbeweihr\u00e4ucherung im Vordergrund. Aber alles das macht der Wirbel um die junge Schwedin m\u00f6glich. Was aber macht das Ph\u00e4nomen Greta aus, die Jung und Alt nahezu in einen euphorischen Taumel versetzt?<\/p>\n<p style=\"text-align: justify;\">Sie ist die ideale Projektionsfl\u00e4che f\u00fcr die Sehns\u00fcchte vieler Menschen, die nach Werten und einem Ende der Konflikte in der Welt, der Gesellschaft und mit der Natur suchen. Greta ist jung, weiblich und schutzbed\u00fcrftig durch ihre Krankheit. Das macht sie sympathisch. Es geht nichts Bedrohliches oder Falsches von ihr aus, was durchaus echt ist, keine Attit\u00fcde.<\/p>\n<p style=\"text-align: justify;\">Sie wirkt glaubw\u00fcrdig in einer Welt, wo viele nicht mehr wissen, wem sie noch trauen und glauben k\u00f6nnen. Sie wirkt unbestechlich und ehrlich in einer Welt, wo Machtk\u00e4mpfe um wirtschaftliche Interessen, R\u00fccksichtslosigkeit sowie Lug und Betrug um des eigenen Vorteils willen Politik, Gesellschaft und die zwischenmenschlichen Beziehungen zu beherrschen scheinen.<\/p>\n<p style=\"text-align: justify;\"><strong>Die Menschen sehnen sich nach Menschlichkeit, Moral und der Herrschaft des Guten. Das ist weder zu verurteilen noch l\u00e4cherlich zu machen, denn dieses Verlangen entspricht dem zutiefst Menschlichen im Menschen. Der Mensch will gut sein.<\/strong><\/p>\n<p style=\"text-align: justify;\">Hier soll nicht bezweifelt werden, dass Greta es mit ihrem Engagement ernst meint genau so wie die Vielen, denen sie als Symbol dient f\u00fcr denen eigenen Wunsch nach einer besseren Welt. Das soll hier ausdr\u00fccklich betont werden, besonders jenen gegen\u00fcber, die in den Text anderes hineinlesen wollen als drin steht. Weder Greta noch denen, die ihr folgen, werden hier unlautere Absichten unterstellt. Sie meinen es mit Sicherheit ehrlich und gut.<\/p>\n<div id=\"attachment_21627\" style=\"width: 331px\" class=\"wp-caption alignright\"><img aria-describedby=\"caption-attachment-21627\" loading=\"lazy\" class=\" wp-image-21627\" src=\"http:\/\/www.deanreed.de\/AmericanRebel\/2017\/wp-content\/uploads\/2019\/08\/Ghhterh-254x300.jpg\" alt=\"\" width=\"321\" height=\"379\" srcset=\"https:\/\/www.deanreed.de\/AmericanRebel\/2017\/wp-content\/uploads\/2019\/08\/Ghhterh-254x300.jpg 254w, https:\/\/www.deanreed.de\/AmericanRebel\/2017\/wp-content\/uploads\/2019\/08\/Ghhterh.jpg 643w\" sizes=\"(max-width: 321px) 100vw, 321px\" \/><p id=\"caption-attachment-21627\" class=\"wp-caption-text\"><span style=\"color: #808080;\">Greta Thunberg, Bild: Josi B. free<\/span><\/p><\/div>\n<p style=\"text-align: justify;\">Aber in diesen guten Absichten werden sie get\u00e4uscht. Denn auch Greta ist in erster Linie eine Sch\u00f6pfung der Medien. Wie aus heiterem Himmel war sie pl\u00f6tzlich da. Innerhalb k\u00fcrzester Zeit wurde aus einem unscheinbaren M\u00e4dchen eine Kultfigur. W\u00e4re da nicht der \u201eschwedische PR-Manager Ingmar Rentzhog\u201c<span style=\"color: #0000ff;\">2<\/span> gewesen, s\u00e4\u00dfe sie vermutlich noch heute mit ihrem Pappschild auf einem B\u00fcrgersteig in Schweden. Denn nicht jeder kommt in die Medien, nur weil er ein Pappschild mit einer Botschaft vor sich tr\u00e4gt.<\/p>\n<p style=\"text-align: justify;\">Rentzhog \u201ehatte am Anfang von Thunbergs Protesten ein Foto des M\u00e4dchens und einen Artikel \u00fcber sie\u00a0auf Facebook ver\u00f6ffentlicht. Wenige Tage danach erschien das Buch von Thunsbergs Mutter, mit der Rentzhog bekannt ist.\u201c<span style=\"color: #0000ff;\">3<\/span> Das deutet nicht auf Zufall hin, das sieht eher nach einer durchgeplanten Kampagne aus. Ein Buch erscheint nicht innerhalb weniger Tage. Das braucht Vorbereitung. Und k\u00f6nnte es nicht auch so gewesen sein, dass das Photo, das um die Welt ging, nicht der eigentliche Beginn der Kampagne war sondern eher der offizielle Startschuss, der ins Rollen brachte, was vorher von den Werbefachleuten schon vorbereitet worden war. Aber das wissen nur die Beteiligten, und die werden es der \u00d6ffentlichkeit sicherlich nicht auf die Nase binden.<\/p>\n<p style=\"text-align: justify;\">Dass aber Profis am Werk waren, best\u00e4tigt das Interview des Focus mit dem schwedischen Wirtschafts-Journalisten Andreas Hendriksson. Auf die Frage des Focus, ob man Greta Thunberg einen Vorwurf daraus machen k\u00f6nne, \u201e dass sie auf PR-Expertise zur\u00fcckgreift?\u201c<span style=\"color: #0000ff;\">4<\/span>, antwortet: dieser: \u201eNein, im Gegenteil. So funktionieren eben heutzutage politische Aktionen und so funktioniert Demokratie. Sich dabei mit einem cleveren PR-Profi zu verb\u00fcnden, ist der richtige Weg.\u201c<span style=\"color: #0000ff;\">5<\/span><\/p>\n<p style=\"text-align: justify;\">Damit steht die scheinbar spontane Bewegung unter einem ganz anderen Licht. Denn es wird nicht in Abrede gestellt, dass hier Experten an der Vorbereitung beteiligt waren. Im Gegenteil: Es scheint vollkommen nat\u00fcrlich und selbstverst\u00e4ndlich zu sein f\u00fcr solche Kampagnen-Macher, dass Bewegungen, auch politische, wie das Rezzo-Video zeigt, nicht spontan entstehen. Das kann man nicht dem Zufall \u00fcberlassen. Das muss geplant geplant werden, damit Kampagnen die Adressaten erreichen und zum Erfolg f\u00fchren. Das sind die Erfahrungen aus der Produktwerbung, und diese werden \u00fcbertragen auf gesellschaftliche Bewegungen. Ganz einfach. Und es scheint ja auch zu funktionieren.<\/p>\n<p style=\"text-align: justify;\">Angesichts solcher \u00c4u\u00dferungen stellt sich doch die Frage, ob man nicht im Falle Gretas &#8211; wie in der Produktwerbung auch &#8211; einer von Medien und PR-Beratern gesteuerten Kampagne auf den Leim gegangen ist. Zudem scheinen deren Macher offensichtlich auch nichts Anr\u00fcchiges daran zu sehen, Demokratie und politische Aktionen als Ergebnis ihrer Arbeit, vielleicht sogar ihrer Manipulation anzusehen.<\/p>\n<p style=\"text-align: justify;\">Aber wof\u00fcr und f\u00fcr wen demonstrieren die jungen Leute, wenn solche Leute im Hintergrund die F\u00e4den ziehen? Um wessen Willen und Interessen geht es da? Den Aktivisten geht es um den Schutz der Umwelt und den Erhalt des Planeten. Das ist nicht zu bezweifeln. Aber worum geht es den Leuten im Hintergrund? Ist deren Interesse identisch mit denen derer, die jeden Freitag demonstrieren, sich engagieren und einsetzen? Einsetzen wof\u00fcr?<\/p>\n<p style=\"text-align: justify;\">Gerade findet der Kongress von FfF in Dortmund statt. Hier \u201esprechen die Veranstalter von bis zu 1700 Teilnehmern. In der Mehrheit sind sie weiblich und 16 bis 19 Jahre alt\u201c<span style=\"color: #0000ff;\">6<\/span>. Erwachsene ab 28 Jahren waren erst gar nicht zugelassen. Nur die Referenten selbst waren nat\u00fcrlich nicht an diese Altersbegrenzung gebunden. Das kann nat\u00fcrlich den Verdacht der Beeinflussung junger Menschen n\u00e4hren. Waren am Zustandekommen dieses Beschlusses auch PR-Profis am Werk mit ihrem sehr eigenwilligen Demokratie-Verst\u00e4ndnis? Wie offen und transparent sind die Beschlussfindungen? Auf der Internetseite von FfF gibt es dazu wenig Einblick.<\/p>\n<p style=\"text-align: justify;\">Zu denken jedoch sollten einige Verlautbarungen gerade solchen Linken und selbsternannten Kommunisten geben, die in der FfF-Bewgung Nahrung f\u00fcr ihre Revolutionshoffnungen zu finden suchen. Sie m\u00fcssen sich entscheiden, auf wessen Seite sie nun stehen. Auf der des Proletariats, dessen Interessen sie in der Vergangenheit immer vorgegeben haben zu vertreten oder auf der Seite einer von undurchsichtigen Kr\u00e4ften und Entscheidungsprozessen geleiteten Bewegung.<\/p>\n<p style=\"text-align: justify;\">So wird berichtet, dass auf dem Kongress schon jetzt gefordert wurde, \u201eunverz\u00fcglich eine CO2-Steuer einzuf\u00fchren\u201c und \u201eklimasch\u00e4dliche Subventionen wie die Pendler-Pauschale zu streichen\u201c<span style=\"color: #0000ff;\">7<\/span>. Das trifft in erster Linie die sogenannten kleinen Leute mit den kleinen Einkommen. F\u00fcr diese ist bei Greta nichts zu holen. Wer f\u00fcr Greta ist und f\u00fcr Fridays for Future, der unterst\u00fctzt also auch eine CO2-Steuer und die Streichung der Pendlerpauschale. Ist das im Interesse derer, die die Linke immer vorgab zu vertreten? F\u00fcr die sogenannten einfachen Leute kann die Forderung nur lauten: Keine CO2-Steuer<span style=\"color: #0000ff;\">8<\/span>.<br \/>\n<span style=\"color: #ffffff;\">.<\/span><br \/>\n<span style=\"font-size: 10pt;\">1 <a href=\"https:\/\/deref-gmx.net\/mail\/client\/ZygKhEI5_Mc\/dereferrer\/?redirectUrl=https%3A%2F%2Ffridaysforfuture.de%2F\" target=\"_blank\" rel=\"noopener noreferrer\">https:\/\/fridaysforfuture.de\/<\/a><\/span><br \/>\n<span style=\"font-size: 10pt;\">2 <a href=\"https:\/\/www.focus.de\/politik\/ausland\/klima-aktivistin-in-berlin-greta-thunberg-nur-eine-pr-marionette-schwedischer-journalist-klaert-ueber-vorwuerfe-auf_id_10523492.html\" target=\"_blank\" rel=\"noopener noreferrer\">https:\/\/www.focus.de\/politik\/ausland\/klima-aktivistin-in-berlin-greta-thunberg-nur-eine-pr-marionette-schwedischer-journalist-klaert-ueber-vorwuerfe-auf_id_10523492.html<\/a><br \/>\n3 ebenda<\/span><br \/>\n<span style=\"font-size: 10pt;\">4 ebenda<\/span><br \/>\n<span style=\"font-size: 10pt;\">5 ebenda<\/span><br \/>\n<span style=\"font-size: 10pt;\">6 Frankfurter Allgemeine Zeitung vom 2.8.2019: \u201eGr\u00f6\u00dfte Gesundheitskrise der Menschheit\u201c<\/span><br \/>\n<span style=\"font-size: 10pt;\">7 ebenda<\/span><br \/>\n<span style=\"font-size: 10pt;\">8 <a href=\"https:\/\/deref-gmx.net\/mail\/client\/b4-obLi3nhU\/dereferrer\/?redirectUrl=https%3A%2F%2Fklimadervernunft.home.blog%2F\" target=\"_blank\" rel=\"noopener noreferrer\">Aufruf der Initiative &#8222;Keine CO2-Steuer<\/a>\u201c<\/span><\/p>\n<p><span style=\"color: #ffffff;\">.<\/span><\/p>\n<p align=\"JUSTIFY\"><span style=\"color: #000000;\"><span style=\"font-size: 14pt;\"><strong><span style=\"font-family: Times New Roman, serif;\"><b>R\u00fcdiger Rauls Buchver\u00f6ffentlichungen:<\/b><\/span><\/strong><\/span><b> <\/b><\/span><\/p>\n<ul>\n<li><span style=\"font-family: georgia, palatino, serif; font-size: 10pt; color: #000000;\"><strong>Wie funktioniert Geld?<\/strong>\u00a0<a style=\"color: #000000;\" href=\"https:\/\/deref-gmx.net\/mail\/client\/MLxBoB3JiuQ\/dereferrer\/?redirectUrl=https%3A%2F%2Fwww.amazon.de%2Fdp%2FB013RWL1TQ\" target=\"_blank\" rel=\"noopener noreferrer\">Buchbeschreibung<\/a><\/span><\/li>\n<li><span style=\"font-family: georgia, palatino, serif; font-size: 10pt; color: #000000;\"><strong>Kolonie Konzern Krieg &#8211; Stationen kapitalistischer Entwicklung <\/strong><a style=\"color: #000000;\" href=\"https:\/\/deref-gmx.net\/mail\/client\/cK4VnovyghY\/dereferrer\/?redirectUrl=https%3A%2F%2Fwww.amazon.de%2Fdp%2FB01MG6AL4K\" target=\"_blank\" rel=\"noopener noreferrer\">Buchbeschreibung<\/a><\/span><\/li>\n<li><span style=\"font-family: georgia, palatino, serif; font-size: 10pt; color: #000000;\"><strong>Zukunft Sozialismus oder die Grenzen des Kapitalismus<\/strong>\u00a0<a style=\"color: #000000;\" href=\"https:\/\/deref-gmx.net\/mail\/client\/vmFSnlPfTnE\/dereferrer\/?redirectUrl=https%3A%2F%2Fwww.amazon.de%2Fdp%2FB01LY0AGOG\" target=\"_blank\" rel=\"noopener noreferrer\">Buchbeschreibung<\/a><\/span><\/li>\n<li><span style=\"font-family: georgia, palatino, serif; font-size: 10pt; color: #000000;\"><strong>Die Entwicklung der fr\u00fchen Gesellschaften-Die Geschichte Afghanistans<\/strong>\u00a0<a style=\"color: #000000;\" href=\"https:\/\/deref-gmx.net\/mail\/client\/asfGJq2MaTc\/dereferrer\/?redirectUrl=https%3A%2F%2Fwww.amazon.de%2Fdp%2FB00VAVPMO2\" target=\"_blank\" rel=\"noopener noreferrer\">Buchbeschreibung<\/a><\/span><\/li>\n<li><span style=\"font-family: georgia, palatino, serif; font-size: 10pt; color: #000000;\"><strong>Was braucht mein Kind?<\/strong>\u00a0<a style=\"color: #000000;\" href=\"https:\/\/deref-gmx.net\/mail\/client\/gSRy5jtC4do\/dereferrer\/?redirectUrl=https%3A%2F%2Fwww.amazon.de%2Fdp%2FB00FEC6X3M\" target=\"_blank\" rel=\"noopener noreferrer\">Buchbeschreibung<\/a><\/span><\/li>\n<li><span style=\"font-family: georgia, palatino, serif; font-size: 10pt; color: #000000;\"><strong>Sp\u00e4te Wahrheit<\/strong> (Prosa)\u00a0<a style=\"color: #000000;\" href=\"https:\/\/deref-gmx.net\/mail\/client\/6Xax4hBno9Y\/dereferrer\/?redirectUrl=https%3A%2F%2Fwww.amazon.de%2Fdp%2FB00CQLYOS0\" target=\"_blank\" rel=\"noopener noreferrer\">Buchbeschreibung<\/a><\/span><\/li>\n<li><span style=\"font-family: georgia, palatino, serif; font-size: 10pt; color: #000000;\">Imre Szabo: <strong>Die Hinterm\u00e4nner<\/strong> ( ein politischer Krimi) <a style=\"color: #000000;\" href=\"https:\/\/deref-gmx.net\/mail\/client\/AWFRitb0hik\/dereferrer\/?redirectUrl=https%3A%2F%2Fwww.amazon.de%2Fdp%2FB00BAYM1ZM\" target=\"_blank\" rel=\"noopener noreferrer\">Buchbeschreibung<\/a><\/span><\/li>\n<li><span style=\"font-family: georgia, palatino, serif; font-size: 10pt; color: #000000;\">Imre Szabo: <strong>Die Unsichtbaren<\/strong> ( ein politischer Krimi) <\/span><a href=\"https:\/\/deref-gmx.net\/mail\/client\/0EfyQ8r2aWM\/dereferrer\/?redirectUrl=https%3A%2F%2Fwww.amazon.de%2Fdp%2FB01LZ9L6ER\" target=\"_blank\" rel=\"noopener noreferrer\"><span style=\"color: #00aadc;\"><span style=\"font-family: Times New Roman, serif;\"><span style=\"font-size: medium;\"><span style=\"font-family: georgia, palatino, serif; font-size: 10pt;\"><span style=\"color: #000000;\">Buchbeschreibung<\/span><\/span><\/span><\/span><\/span><\/a><\/li>\n<\/ul>\n<p><span style=\"color: #ffffff;\">.<\/span><\/p>\n<p><em><strong>Lest dazu auch:<\/strong><\/em><\/p>\n<blockquote class=\"wp-embedded-content\" data-secret=\"pH0GGFnyR7\"><p><a href=\"https:\/\/diefreiheitsliebe.de\/politik\/liebe-greta-hasser-klimawandelleugner-und-rechte-trolle-geht-einfach\/\">Liebe Greta-Hasser, Klimawandelleugner und rechte Trolle \u2013 geht einfach!<\/a><\/p><\/blockquote>\n<p><iframe title=\"&#8222;Liebe Greta-Hasser, Klimawandelleugner und rechte Trolle \u2013 geht einfach!&#8220; &#8212; Die Freiheitsliebe\" class=\"wp-embedded-content\" sandbox=\"allow-scripts\" security=\"restricted\" style=\"position: absolute; clip: rect(1px, 1px, 1px, 1px);\" src=\"https:\/\/diefreiheitsliebe.de\/politik\/liebe-greta-hasser-klimawandelleugner-und-rechte-trolle-geht-einfach\/embed\/#?secret=pH0GGFnyR7\" data-secret=\"pH0GGFnyR7\" width=\"500\" height=\"282\" frameborder=\"0\" marginwidth=\"0\" marginheight=\"0\" scrolling=\"no\"><\/iframe><\/p>\n<p>&nbsp;<\/p>\n<p>&nbsp;<\/p>\n<blockquote>\n<p style=\"text-align: center;\"><span style=\"font-size: 10pt; color: #000000;\">F\u00fcr den Inhalt dieses Artikels ist der Autor bzw. die Autorin verantwortlich.<br \/>\nDabei muss es sich nicht grunds\u00e4tzlich um die Meinung der Redaktion handeln.<\/span><\/p>\n<table width=\"100%\" align=\"center\">\n<tbody>\n<tr>\n<td style=\"text-align: justify;\"><img loading=\"lazy\" class=\"size-full wp-image-7516 aligncenter\" src=\"http:\/\/www.deanreed.de\/AmericanRebel\/2017\/wp-content\/uploads\/2018\/10\/88x31.png\" alt=\"\" width=\"88\" height=\"31\" \/><\/td>\n<td style=\"text-align: justify; font-size: 10pt;\"><a href=\"https:\/\/creativecommons.org\/licenses\/by-nc-nd\/4.0\/\" target=\"_blank\" rel=\"license noopener noreferrer\">Dieses Werk ist lizenziert unter einer Creative Commons Namensnennung &#8211;<br \/>\nNicht kommerziell &#8211; Keine Bearbeitungen 4.0 International Lizenz.<\/a><\/td>\n<\/tr>\n<tr>\n<td>\n<form action=\"https:\/\/www.paypal.com\/cgi-bin\/webscr\" method=\"post\" target=\"_top\"><input alt=\"Jetzt einfach, schnell und sicher online bezahlen \u2013 mit PayPal.\" name=\"submit\" src=\"https:\/\/www.paypalobjects.com\/de_DE\/DE\/i\/btn\/btn_donateCC_LG.gif\" type=\"image\" \/><\/form>\n<\/td>\n<td><span style=\"color: #993300;\"><strong>Auch linker Journalismus ist nicht kostenlos<br \/>\nund auch kleine Spenden k\u00f6nnen helfen Gro\u00dfes zu ver\u00f6ffentlichen!<\/strong><\/span><\/td>\n<\/tr>\n<\/tbody>\n<\/table>\n<div style=\"margin-left: 10px;\"><a title=\"zur Startseite\" href=\"http:\/\/www.americanrebel.de\/\"><img loading=\"lazy\" class=\"alignleft\" src=\"http:\/\/www.deanreed.de\/AmericanRebel\/2017\/wp-content\/uploads\/2017\/03\/back_ar.png\" alt=\"zur\u00fcck zur Startseite\" width=\"156\" height=\"15\" \/><\/a><\/div>\n<div style=\"margin-right: 10px;\"><a href=\"https:\/\/www.facebook.com\/groups\/1683837971860223\/permalink\/1987214344855916\/\" target=\"_blank\" rel=\"noopener noreferrer\"><img loading=\"lazy\" class=\"alignright\" src=\"http:\/\/www.deanreed.de\/AmericanRebel\/2017\/wp-content\/uploads\/2017\/03\/ar_zu_fb.png\" alt=\"hier geht es zur Facebook Diskussionsgruppe\" width=\"353\" height=\"15\" \/><\/a><\/div>\n<p style=\"text-align: center;\"><a href=\"#respond\" target=\"_blank\" rel=\"noopener noreferrer\"><img loading=\"lazy\" class=\"aligncenter\" src=\"http:\/\/www.deanreed.de\/AmericanRebel\/2017\/wp-content\/uploads\/2017\/03\/ar_kommentar-1.png\" alt=\"Sag uns deine Meinung zum Artikel mit einem Kommentar\/Leserbrief\" width=\"627\" height=\"20\" \/><\/a><\/p>\n<\/blockquote>\n","protected":false},"excerpt":{"rendered":"<p>R\u00fcdiger Rauls Wem geh\u00f6rt Greta? Nach Feinstaub und Stickoxiden ist das Kohlendioxid nun innerhalb k\u00fcrzester Zeit die dritte Sau, die durch das Dorf der Umweltgemeinde getrieben wird. Die ersten beiden, vorgetragen durch die Deutsche Umwelthilfe (DUH), verliefen eigentlich nur recht [&hellip;]<a class=\"more-link\" href=\"https:\/\/www.deanreed.de\/AmericanRebel\/2017\/2019\/08\/07\/wem-gehoert-greta\/\">&darr; Lese den Rest von diesem Eintrag&#8230;<\/a><\/p>\n","protected":false},"author":2,"featured_media":0,"comment_status":"open","ping_status":"open","sticky":false,"template":"","format":"standard","meta":[],"categories":[1,2515],"tags":[748,2832,135,3955,8,1601,3956,675,2530,847,2533,3957,3972,2184,3980,1498,2519,839,3978,2518,2859,2526,2833,3979,3958,2860,2531,1555,2861,3969,2516,1556,3959,2862,2863,2864,2865,3976,2524,913,28,3892,2834,3960,1460,2528,3977,902,3961,2866,2988,1414,3962,2835,3963,3964,3965,2522,2867,2529,3966,2836,3967,2837,157,3970,3974,2536,2868,2019,521,2532,3975,2535,2527,2517,2869,2520,2534,3968,624,2870,2525,1476,1288,2871,2521,2872,2523,3973,2838,3971,2839],"yoast_head":"<!-- This site is optimized with the Yoast SEO plugin v17.5 - https:\/\/yoast.com\/wordpress\/plugins\/seo\/ -->\n<title>- Wem geh\u00f6rt Greta? &ndash; Onlinezeitung AmericanRebel<\/title>\n<meta name=\"robots\" content=\"index, follow, max-snippet:-1, max-image-preview:large, max-video-preview:-1\" \/>\n<link rel=\"canonical\" href=\"http:\/\/www.deanreed.de\/AmericanRebel\/2017\/2019\/08\/07\/wem-gehoert-greta\/\" \/>\n<meta property=\"og:locale\" content=\"de_DE\" \/>\n<meta property=\"og:type\" content=\"article\" \/>\n<meta property=\"og:title\" content=\"- Wem geh\u00f6rt Greta? &ndash; Onlinezeitung AmericanRebel\" \/>\n<meta property=\"og:description\" content=\"R\u00fcdiger Rauls Wem geh\u00f6rt Greta? Nach Feinstaub und Stickoxiden ist das Kohlendioxid nun innerhalb k\u00fcrzester Zeit die dritte Sau, die durch das Dorf der Umweltgemeinde getrieben wird. Die ersten beiden, vorgetragen durch die Deutsche Umwelthilfe (DUH), verliefen eigentlich nur recht [&hellip;]&darr; Lese den Rest von diesem Eintrag...\" \/>\n<meta property=\"og:url\" content=\"http:\/\/www.deanreed.de\/AmericanRebel\/2017\/2019\/08\/07\/wem-gehoert-greta\/\" \/>\n<meta property=\"og:site_name\" content=\"Onlinezeitung AmericanRebel\" \/>\n<meta property=\"article:published_time\" content=\"2019-08-07T03:25:39+00:00\" \/>\n<meta property=\"article:modified_time\" content=\"2020-01-30T16:02:51+00:00\" \/>\n<meta property=\"og:image\" content=\"http:\/\/www.deanreed.de\/AmericanRebel\/2017\/wp-content\/uploads\/2019\/08\/errrr.jpg\" \/>\n\t<meta property=\"og:image:width\" content=\"860\" \/>\n\t<meta property=\"og:image:height\" content=\"484\" \/>\n<meta name=\"twitter:card\" content=\"summary_large_image\" \/>\n<meta name=\"twitter:label1\" content=\"Verfasst von\" \/>\n\t<meta name=\"twitter:data1\" content=\"Redaktion\" \/>\n\t<meta name=\"twitter:label2\" content=\"Gesch\u00e4tzte Lesezeit\" \/>\n\t<meta name=\"twitter:data2\" content=\"9\u00a0Minuten\" \/>\n<script type=\"application\/ld+json\" class=\"yoast-schema-graph\">{\"@context\":\"https:\/\/schema.org\",\"@graph\":[{\"@type\":\"WebSite\",\"@id\":\"https:\/\/www.deanreed.de\/AmericanRebel\/2017\/#website\",\"url\":\"https:\/\/www.deanreed.de\/AmericanRebel\/2017\/\",\"name\":\"Onlinezeitung AmericanRebel\",\"description\":\"Internationale Onlinezeitung f\\u00fcr Frieden, Humanismus, V\\u00f6lkerverst\\u00e4ndigung und Kultur\",\"potentialAction\":[{\"@type\":\"SearchAction\",\"target\":{\"@type\":\"EntryPoint\",\"urlTemplate\":\"https:\/\/www.deanreed.de\/AmericanRebel\/2017\/?s={search_term_string}\"},\"query-input\":\"required name=search_term_string\"}],\"inLanguage\":\"de\"},{\"@type\":\"ImageObject\",\"@id\":\"http:\/\/www.deanreed.de\/AmericanRebel\/2017\/2019\/08\/07\/wem-gehoert-greta\/#primaryimage\",\"inLanguage\":\"de\",\"url\":\"https:\/\/www.deanreed.de\/AmericanRebel\/2017\/wp-content\/uploads\/2019\/08\/errrr.jpg\",\"contentUrl\":\"https:\/\/www.deanreed.de\/AmericanRebel\/2017\/wp-content\/uploads\/2019\/08\/errrr.jpg\",\"width\":860,\"height\":484,\"caption\":\"Sch\\u00fclerprotest am 15. M\\u00e4rz 2019 in Berlin. Bild YouTube screenshoot\"},{\"@type\":\"WebPage\",\"@id\":\"http:\/\/www.deanreed.de\/AmericanRebel\/2017\/2019\/08\/07\/wem-gehoert-greta\/#webpage\",\"url\":\"http:\/\/www.deanreed.de\/AmericanRebel\/2017\/2019\/08\/07\/wem-gehoert-greta\/\",\"name\":\"- Wem geh\\u00f6rt Greta? &ndash; Onlinezeitung AmericanRebel\",\"isPartOf\":{\"@id\":\"https:\/\/www.deanreed.de\/AmericanRebel\/2017\/#website\"},\"primaryImageOfPage\":{\"@id\":\"http:\/\/www.deanreed.de\/AmericanRebel\/2017\/2019\/08\/07\/wem-gehoert-greta\/#primaryimage\"},\"datePublished\":\"2019-08-07T03:25:39+00:00\",\"dateModified\":\"2020-01-30T16:02:51+00:00\",\"author\":{\"@id\":\"https:\/\/www.deanreed.de\/AmericanRebel\/2017\/#\/schema\/person\/9edfca7917cd10b75edaae51c6e7935a\"},\"breadcrumb\":{\"@id\":\"http:\/\/www.deanreed.de\/AmericanRebel\/2017\/2019\/08\/07\/wem-gehoert-greta\/#breadcrumb\"},\"inLanguage\":\"de\",\"potentialAction\":[{\"@type\":\"ReadAction\",\"target\":[\"http:\/\/www.deanreed.de\/AmericanRebel\/2017\/2019\/08\/07\/wem-gehoert-greta\/\"]}]},{\"@type\":\"BreadcrumbList\",\"@id\":\"http:\/\/www.deanreed.de\/AmericanRebel\/2017\/2019\/08\/07\/wem-gehoert-greta\/#breadcrumb\",\"itemListElement\":[{\"@type\":\"ListItem\",\"position\":1,\"name\":\"Startseite\",\"item\":\"https:\/\/www.deanreed.de\/AmericanRebel\/2017\/\"},{\"@type\":\"ListItem\",\"position\":2,\"name\":\"&#8211; Wem geh\\u00f6rt Greta?\"}]},{\"@type\":\"Person\",\"@id\":\"https:\/\/www.deanreed.de\/AmericanRebel\/2017\/#\/schema\/person\/9edfca7917cd10b75edaae51c6e7935a\",\"name\":\"Redaktion\",\"url\":\"https:\/\/www.deanreed.de\/AmericanRebel\/2017\/author\/redaktion\/\"}]}<\/script>\n<!-- \/ Yoast SEO plugin. -->","yoast_head_json":{"title":"- Wem geh\u00f6rt Greta? &ndash; Onlinezeitung AmericanRebel","robots":{"index":"index","follow":"follow","max-snippet":"max-snippet:-1","max-image-preview":"max-image-preview:large","max-video-preview":"max-video-preview:-1"},"canonical":"http:\/\/www.deanreed.de\/AmericanRebel\/2017\/2019\/08\/07\/wem-gehoert-greta\/","og_locale":"de_DE","og_type":"article","og_title":"- Wem geh\u00f6rt Greta? &ndash; Onlinezeitung AmericanRebel","og_description":"R\u00fcdiger Rauls Wem geh\u00f6rt Greta? Nach Feinstaub und Stickoxiden ist das Kohlendioxid nun innerhalb k\u00fcrzester Zeit die dritte Sau, die durch das Dorf der Umweltgemeinde getrieben wird. Die ersten beiden, vorgetragen durch die Deutsche Umwelthilfe (DUH), verliefen eigentlich nur recht [&hellip;]&darr; Lese den Rest von diesem Eintrag...","og_url":"http:\/\/www.deanreed.de\/AmericanRebel\/2017\/2019\/08\/07\/wem-gehoert-greta\/","og_site_name":"Onlinezeitung AmericanRebel","article_published_time":"2019-08-07T03:25:39+00:00","article_modified_time":"2020-01-30T16:02:51+00:00","og_image":[{"width":860,"height":484,"url":"http:\/\/www.deanreed.de\/AmericanRebel\/2017\/wp-content\/uploads\/2019\/08\/errrr.jpg","type":"image\/jpeg"}],"twitter_card":"summary_large_image","twitter_misc":{"Verfasst von":"Redaktion","Gesch\u00e4tzte Lesezeit":"9\u00a0Minuten"},"schema":{"@context":"https:\/\/schema.org","@graph":[{"@type":"WebSite","@id":"https:\/\/www.deanreed.de\/AmericanRebel\/2017\/#website","url":"https:\/\/www.deanreed.de\/AmericanRebel\/2017\/","name":"Onlinezeitung AmericanRebel","description":"Internationale Onlinezeitung f\u00fcr Frieden, Humanismus, V\u00f6lkerverst\u00e4ndigung und Kultur","potentialAction":[{"@type":"SearchAction","target":{"@type":"EntryPoint","urlTemplate":"https:\/\/www.deanreed.de\/AmericanRebel\/2017\/?s={search_term_string}"},"query-input":"required name=search_term_string"}],"inLanguage":"de"},{"@type":"ImageObject","@id":"http:\/\/www.deanreed.de\/AmericanRebel\/2017\/2019\/08\/07\/wem-gehoert-greta\/#primaryimage","inLanguage":"de","url":"https:\/\/www.deanreed.de\/AmericanRebel\/2017\/wp-content\/uploads\/2019\/08\/errrr.jpg","contentUrl":"https:\/\/www.deanreed.de\/AmericanRebel\/2017\/wp-content\/uploads\/2019\/08\/errrr.jpg","width":860,"height":484,"caption":"Sch\u00fclerprotest am 15. M\u00e4rz 2019 in Berlin. Bild YouTube screenshoot"},{"@type":"WebPage","@id":"http:\/\/www.deanreed.de\/AmericanRebel\/2017\/2019\/08\/07\/wem-gehoert-greta\/#webpage","url":"http:\/\/www.deanreed.de\/AmericanRebel\/2017\/2019\/08\/07\/wem-gehoert-greta\/","name":"- Wem geh\u00f6rt Greta? &ndash; Onlinezeitung AmericanRebel","isPartOf":{"@id":"https:\/\/www.deanreed.de\/AmericanRebel\/2017\/#website"},"primaryImageOfPage":{"@id":"http:\/\/www.deanreed.de\/AmericanRebel\/2017\/2019\/08\/07\/wem-gehoert-greta\/#primaryimage"},"datePublished":"2019-08-07T03:25:39+00:00","dateModified":"2020-01-30T16:02:51+00:00","author":{"@id":"https:\/\/www.deanreed.de\/AmericanRebel\/2017\/#\/schema\/person\/9edfca7917cd10b75edaae51c6e7935a"},"breadcrumb":{"@id":"http:\/\/www.deanreed.de\/AmericanRebel\/2017\/2019\/08\/07\/wem-gehoert-greta\/#breadcrumb"},"inLanguage":"de","potentialAction":[{"@type":"ReadAction","target":["http:\/\/www.deanreed.de\/AmericanRebel\/2017\/2019\/08\/07\/wem-gehoert-greta\/"]}]},{"@type":"BreadcrumbList","@id":"http:\/\/www.deanreed.de\/AmericanRebel\/2017\/2019\/08\/07\/wem-gehoert-greta\/#breadcrumb","itemListElement":[{"@type":"ListItem","position":1,"name":"Startseite","item":"https:\/\/www.deanreed.de\/AmericanRebel\/2017\/"},{"@type":"ListItem","position":2,"name":"&#8211; Wem geh\u00f6rt Greta?"}]},{"@type":"Person","@id":"https:\/\/www.deanreed.de\/AmericanRebel\/2017\/#\/schema\/person\/9edfca7917cd10b75edaae51c6e7935a","name":"Redaktion","url":"https:\/\/www.deanreed.de\/AmericanRebel\/2017\/author\/redaktion\/"}]}},"_links":{"self":[{"href":"https:\/\/www.deanreed.de\/AmericanRebel\/2017\/wp-json\/wp\/v2\/posts\/21619"}],"collection":[{"href":"https:\/\/www.deanreed.de\/AmericanRebel\/2017\/wp-json\/wp\/v2\/posts"}],"about":[{"href":"https:\/\/www.deanreed.de\/AmericanRebel\/2017\/wp-json\/wp\/v2\/types\/post"}],"author":[{"embeddable":true,"href":"https:\/\/www.deanreed.de\/AmericanRebel\/2017\/wp-json\/wp\/v2\/users\/2"}],"replies":[{"embeddable":true,"href":"https:\/\/www.deanreed.de\/AmericanRebel\/2017\/wp-json\/wp\/v2\/comments?post=21619"}],"version-history":[{"count":11,"href":"https:\/\/www.deanreed.de\/AmericanRebel\/2017\/wp-json\/wp\/v2\/posts\/21619\/revisions"}],"predecessor-version":[{"id":21674,"href":"https:\/\/www.deanreed.de\/AmericanRebel\/2017\/wp-json\/wp\/v2\/posts\/21619\/revisions\/21674"}],"wp:attachment":[{"href":"https:\/\/www.deanreed.de\/AmericanRebel\/2017\/wp-json\/wp\/v2\/media?parent=21619"}],"wp:term":[{"taxonomy":"category","embeddable":true,"href":"https:\/\/www.deanreed.de\/AmericanRebel\/2017\/wp-json\/wp\/v2\/categories?post=21619"},{"taxonomy":"post_tag","embeddable":true,"href":"https:\/\/www.deanreed.de\/AmericanRebel\/2017\/wp-json\/wp\/v2\/tags?post=21619"}],"curies":[{"name":"wp","href":"https:\/\/api.w.org\/{rel}","templated":true}]}}