{"id":21382,"date":"2019-07-24T19:10:55","date_gmt":"2019-07-24T17:10:55","guid":{"rendered":"http:\/\/www.deanreed.de\/AmericanRebel\/2017\/?p=21382"},"modified":"2019-07-24T19:12:56","modified_gmt":"2019-07-24T17:12:56","slug":"die-macht-der-privaten-monopole-wenn-das-kapital-den-staat-ersetzt","status":"publish","type":"post","link":"https:\/\/www.deanreed.de\/AmericanRebel\/2017\/2019\/07\/24\/die-macht-der-privaten-monopole-wenn-das-kapital-den-staat-ersetzt\/","title":{"rendered":"Die Macht der privaten Monopole \u2013 Wenn das Kapital den Staat ersetzt"},"content":{"rendered":"<h4>Rui Filipe Gutschmidt<\/h4>\n<h2 class=\"entry-title\">Die Macht der privaten Monopole \u2013 Wenn das Kapital den Staat ersetzt<\/h2>\n<div id=\"attachment_8722\" style=\"width: 110px\" class=\"wp-caption alignleft\"><img aria-describedby=\"caption-attachment-8722\" loading=\"lazy\" class=\"size-full wp-image-8722\" src=\"http:\/\/www.deanreed.de\/AmericanRebel\/2017\/wp-content\/uploads\/2037\/12\/Rui_Gutschmidt.jpg\" alt=\"\" width=\"100\" height=\"150\" \/><p id=\"caption-attachment-8722\" class=\"wp-caption-text\"><span style=\"color: #808080;\">Rui Filipe Gutschmidt<\/span><\/p><\/div>\n<p style=\"text-align: justify;\"><span lang=\"de-DE\"><b>Die \u201e\u00f6ffentliche Hand\u201c sollte eigentlich die Steuergelder so verteilen, dass alle B\u00fcrger die grundlegenden Bed\u00fcrfnisse erhalten: Wohnraum, Wasser, W\u00e4rme, Hygiene, Nahrung und auch Strom, Telekommunikation, Gesundheit, Bildung, Transportwesen&#8230; Doch immer mehr dieser Leistungen werden von privaten Konzernen \u00fcbernommen und profitorientiert gef\u00fchrt. Die Menschen haben in der Regel keinen Einfluss darauf und m\u00fcssen darunter leiden, wie auch das Beispiel des Autors dieses Beitrags zeigt.<\/b><\/span><\/p>\n<p style=\"text-align: justify;\">\u201e<span lang=\"de-DE\">Wieso haben wir kein Wasser?\u201c Die Frage eines Untermieters kam \u00fcberraschend, wenn auch nicht ganz unerwartet. Denn schon vor Monaten hatte ein anderer Untermieter (mit schlechter Zahlungsmoral, hohem Aggressionspotential und viel krimineller Energie) die Wasserkosten nicht wie vereinbart bezahlt und nach Abstellung einfach das Siegel verletzt und das Wasser wieder angestellt. Nachdem das herauskam und nach unz\u00e4hligen weiteren L\u00fcgen, Betr\u00fcgereien und Drohungen (selbst die Polizei lie\u00df sich beschimpfen), kam nun die \u201eRechnung\u201c vom Wasserwerk. Der Z\u00e4hler wurde ausgebaut und der Vertrag gek\u00fcndigt. Ein neuer Vertrag wurde f\u00fcr einen eigentlich unzumutbaren Preis geschlossen.<br \/>\n<span style=\"color: #ffffff;\">.<\/span><br \/>\n<\/span><strong><span lang=\"de-DE\">Konzession statt Verkauf \u2013 Es bleibt de Facto eine Privatisierung<\/span><\/strong><\/p>\n<p style=\"text-align: justify;\"><span lang=\"de-DE\">In der portugiesischen Stadt <\/span><span lang=\"de-DE\"><i>Santa Maria da Feira<\/i><\/span><span lang=\"de-DE\"> wurde die Wasserversorgung an das private Unternehmen <\/span><span lang=\"de-DE\"><i>Indaqua<\/i><\/span><span lang=\"de-DE\"> auf 50 Jahre konzessioniert. Dieses Unternehmen hat auch in mehreren anderen St\u00e4dten \u00e4hnliche Konzessionierungsvertr\u00e4ge, die in meinen Augen (schon lang vor den jetzigen Problemen) nichts anderes sind als verkappte Privatisierungen. So hat die <\/span><span lang=\"de-DE\"><i>Indaqua<\/i><\/span><span lang=\"de-DE\"> eine Stellung, die ein privates Unternehmen normalerweise nie haben d\u00fcrfte: <\/span><span lang=\"de-DE\">Ein Monopol!<\/span><\/p>\n<div id=\"attachment_21383\" style=\"width: 436px\" class=\"wp-caption aligncenter\"><img aria-describedby=\"caption-attachment-21383\" loading=\"lazy\" class=\" wp-image-21383\" src=\"http:\/\/www.deanreed.de\/AmericanRebel\/2017\/wp-content\/uploads\/2019\/07\/ttz-300x179.jpg\" alt=\"\" width=\"426\" height=\"254\" srcset=\"https:\/\/www.deanreed.de\/AmericanRebel\/2017\/wp-content\/uploads\/2019\/07\/ttz-300x179.jpg 300w, https:\/\/www.deanreed.de\/AmericanRebel\/2017\/wp-content\/uploads\/2019\/07\/ttz.jpg 640w\" sizes=\"(max-width: 426px) 100vw, 426px\" \/><p id=\"caption-attachment-21383\" class=\"wp-caption-text\"><span style=\"color: #808080;\">Z\u00e4hler ausgebaut! Bild Rui Gutschmidt<\/span><\/p><\/div>\n<p style=\"text-align: justify;\"><span lang=\"de-DE\">Wie sich das auf die B\u00fcrger auswirkt? Vor allem kann man nicht zu einem anderen Anbieter wechseln. So muss man sich so ziemlich alles gefallen lassen, jeden Preis akzeptieren und alles schlucken, was einem vorgesetzt wird. Die <\/span><span lang=\"de-DE\"><i>Indaqua<\/i><\/span><span lang=\"de-DE\"> hat das teuerste Wasser des Landes und auch in Europa gibt es nur wenige Orte in denen das Wasser noch teurer ist als hier. Dabei ist der Verdienst der Portugiesen auch noch viel niedriger als in den meisten L\u00e4ndern Europas, wodurch der Anteil der Wasserrechnung im Privathaushalt oder auch bei Unternehmen aller Art besonders gross ist.<\/span><\/p>\n<p style=\"text-align: justify;\"><span lang=\"de-DE\">WASSER ist ein \u00f6ffentliches Gut. Ein Menschenrecht, das hier aufs schwerste verletzt wird. Die Indaqua verlangt Unsummen f\u00fcr die Wiederherstellung der Wasserversorgung nach einer Unterbrechung wegen fehlender Zahlungen. Ein neuer Wasseranschluss ist ebenfalls nicht bezahlbar f\u00fcr Leute die den Mindestlohn (600\u20ac) oder knapp dar\u00fcber verdienen. Rentner mit etwa 200 \u20ac im Monat haben es ebenso schwer wie Leute mit 189,44 \u20ac Grundsicherung. <\/span><\/p>\n<p style=\"text-align: justify;\"><span lang=\"de-DE\">In meinem Fall haben die Monopolisten eine Ratenzahlung von 6 x 91,50 \u20ac vereinbart, was anscheinend das Minimum darstellt. NEIN sagen ist nicht, egal ob die alte Schuld auf meinen Namen l\u00e4uft oder nicht. Auch eine Anzeige gegen den Autor des Siegelbruchs ist nichts Wert, da sie wissen, dass ICH zahle und der andere eher nicht. Aber das schlimmste ist, dass nach der Zahlung am Freitag immer noch (Dienstag) kein neuer Wasseranschluss erolgte! Bei Temperaturen von fast 30\u00ba C ist es unmenschlich und unmoralisch ohne Wasser zu sein!<\/span><\/p>\n<p style=\"text-align: justify;\"><span lang=\"de-DE\">Aber so ist der Kapitalismus neuer Pr\u00e4gung nun einmal. Neoliberalismus bedeutet: Der Markt macht was er will, wobei keinerlei R\u00fccksicht auf die Menschen genommen wird. Private Monopole oder stumme Kartelle (Benzin, Diesel usw), nehmen uns aus und zwingen uns alles zu akzeptieren um genug Geld f\u00fcr die ganze Bande zu haben. Die Armut ist gewollt. Sie verleiht Macht an die Gro\u00dfaktion\u00e4re, Eigent\u00fcmer und Raubtierkapitalisten. Ihrer Macht gilt es einen Riegel vorzuschieben und dem Staat \u2013 und damit dem Volk \u2013 die Kontrolle \u00fcber die Schl\u00fcsselsektoren zur\u00fcckzugeben. Einem Staat, versteht sich, der frei von der Kontrolle der Wirtschaftsbosse ist und endlich im Interesse der Menschen handelt.<\/span><\/p>\n<p><span style=\"font-size: 10pt;\"><span style=\"color: #ffffff;\">.<\/span><br \/>\nErstver\u00f6ffentlichung am 23. Juli 2019 in unserer Partnerzeitung <a href=\"http:\/\/www.Info-Welt.eu\" target=\"_blank\" rel=\"noopener noreferrer\">INFO-WELT<\/a>. <\/span><br \/>\n<span style=\"font-size: 10pt;\"><a href=\"http:\/\/www.deanreed.de\/AmericanRebel\/2017\/?cat=122\" target=\"_blank\" rel=\"noopener noreferrer\">Weitere Artikel von Rui Filipe Gutschmidt<\/a><\/span><br \/>\n<span style=\"color: #ffffff;\">.<\/span><\/p>\n<blockquote>\n<p style=\"text-align: center;\"><span style=\"font-size: 10pt; color: #000000;\">F\u00fcr den Inhalt dieses Artikels ist der Autor bzw. die Autorin verantwortlich.<br \/>\nDabei muss es sich nicht grunds\u00e4tzlich um die Meinung der Redaktion handeln.<\/span><\/p>\n<table width=\"100%\" align=\"center\">\n<tbody>\n<tr>\n<td>\n<form action=\"https:\/\/www.paypal.com\/cgi-bin\/webscr\" method=\"post\" target=\"_top\"><input alt=\"Jetzt einfach, schnell und sicher online bezahlen \u2013 mit PayPal.\" name=\"submit\" src=\"https:\/\/www.paypalobjects.com\/de_DE\/DE\/i\/btn\/btn_donateCC_LG.gif\" type=\"image\" \/><\/form>\n<\/td>\n<td><span style=\"color: #993300;\"><strong>Auch linker Journalismus ist nicht kostenlos<br \/>\nund auch kleine Spenden k\u00f6nnen helfen Gro\u00dfes zu ver\u00f6ffentlichen!<\/strong><\/span><\/td>\n<\/tr>\n<\/tbody>\n<\/table>\n<div style=\"margin-left: 10px;\"><a title=\"zur Startseite\" href=\"http:\/\/www.americanrebel.de\/\"><img loading=\"lazy\" class=\"alignleft\" src=\"http:\/\/www.deanreed.de\/AmericanRebel\/2017\/wp-content\/uploads\/2017\/03\/back_ar.png\" alt=\"zur\u00fcck zur Startseite\" width=\"156\" height=\"15\" \/><\/a><\/div>\n<div style=\"margin-right: 10px;\"><a href=\"https:\/\/www.facebook.com\/groups\/1683837971860223\/permalink\/1987214344855916\/\" target=\"_blank\" rel=\"noopener noreferrer\"><img loading=\"lazy\" class=\"alignright\" src=\"http:\/\/www.deanreed.de\/AmericanRebel\/2017\/wp-content\/uploads\/2017\/03\/ar_zu_fb.png\" alt=\"hier geht es zur Facebook Diskussionsgruppe\" width=\"353\" height=\"15\" \/><\/a><\/div>\n<p style=\"text-align: center;\"><a href=\"#respond\" target=\"_blank\" rel=\"noopener noreferrer\"><img loading=\"lazy\" class=\"aligncenter\" src=\"http:\/\/www.deanreed.de\/AmericanRebel\/2017\/wp-content\/uploads\/2017\/03\/ar_kommentar-1.png\" alt=\"Sag uns deine Meinung zum Artikel mit einem Kommentar\/Leserbrief\" width=\"627\" height=\"20\" \/><\/a><\/p>\n<\/blockquote>\n","protected":false},"excerpt":{"rendered":"<p>Rui Filipe Gutschmidt Die Macht der privaten Monopole \u2013 Wenn das Kapital den Staat ersetzt Die \u201e\u00f6ffentliche Hand\u201c sollte eigentlich die Steuergelder so verteilen, dass alle B\u00fcrger die grundlegenden Bed\u00fcrfnisse erhalten: Wohnraum, Wasser, W\u00e4rme, Hygiene, Nahrung und auch Strom, Telekommunikation, [&hellip;]<a class=\"more-link\" href=\"https:\/\/www.deanreed.de\/AmericanRebel\/2017\/2019\/07\/24\/die-macht-der-privaten-monopole-wenn-das-kapital-den-staat-ersetzt\/\">&darr; Lese den Rest von diesem Eintrag&#8230;<\/a><\/p>\n","protected":false},"author":2,"featured_media":0,"comment_status":"open","ping_status":"open","sticky":false,"template":"","format":"standard","meta":[],"categories":[1],"tags":[2393,2394,2395,2396,2397,2249,2398,2399,2400,2401,2402,892,2403,2404,2405],"yoast_head":"<!-- This site is optimized with the Yoast SEO plugin v17.5 - https:\/\/yoast.com\/wordpress\/plugins\/seo\/ -->\n<title>Die Macht der privaten Monopole \u2013 Wenn das Kapital den Staat ersetzt &ndash; Onlinezeitung AmericanRebel<\/title>\n<meta name=\"robots\" content=\"index, follow, max-snippet:-1, max-image-preview:large, max-video-preview:-1\" \/>\n<link rel=\"canonical\" href=\"https:\/\/www.deanreed.de\/AmericanRebel\/2017\/2019\/07\/24\/die-macht-der-privaten-monopole-wenn-das-kapital-den-staat-ersetzt\/\" \/>\n<meta property=\"og:locale\" content=\"de_DE\" \/>\n<meta property=\"og:type\" content=\"article\" \/>\n<meta property=\"og:title\" content=\"Die Macht der privaten Monopole \u2013 Wenn das Kapital den Staat ersetzt &ndash; Onlinezeitung AmericanRebel\" \/>\n<meta property=\"og:description\" content=\"Rui Filipe Gutschmidt Die Macht der privaten Monopole \u2013 Wenn das Kapital den Staat ersetzt Die \u201e\u00f6ffentliche Hand\u201c sollte eigentlich die Steuergelder so verteilen, dass alle B\u00fcrger die grundlegenden Bed\u00fcrfnisse erhalten: Wohnraum, Wasser, W\u00e4rme, Hygiene, Nahrung und auch Strom, Telekommunikation, [&hellip;]&darr; Lese den Rest von diesem Eintrag...\" \/>\n<meta property=\"og:url\" content=\"https:\/\/www.deanreed.de\/AmericanRebel\/2017\/2019\/07\/24\/die-macht-der-privaten-monopole-wenn-das-kapital-den-staat-ersetzt\/\" \/>\n<meta property=\"og:site_name\" content=\"Onlinezeitung AmericanRebel\" \/>\n<meta property=\"article:published_time\" content=\"2019-07-24T17:10:55+00:00\" \/>\n<meta property=\"article:modified_time\" content=\"2019-07-24T17:12:56+00:00\" \/>\n<meta property=\"og:image\" content=\"http:\/\/www.deanreed.de\/AmericanRebel\/2017\/wp-content\/uploads\/2019\/07\/ttz.jpg\" \/>\n\t<meta property=\"og:image:width\" content=\"640\" \/>\n\t<meta property=\"og:image:height\" content=\"381\" \/>\n<meta name=\"twitter:card\" content=\"summary_large_image\" \/>\n<meta name=\"twitter:label1\" content=\"Verfasst von\" \/>\n\t<meta name=\"twitter:data1\" content=\"Redaktion\" \/>\n\t<meta name=\"twitter:label2\" content=\"Gesch\u00e4tzte Lesezeit\" \/>\n\t<meta name=\"twitter:data2\" content=\"3\u00a0Minuten\" \/>\n<script type=\"application\/ld+json\" class=\"yoast-schema-graph\">{\"@context\":\"https:\/\/schema.org\",\"@graph\":[{\"@type\":\"WebSite\",\"@id\":\"https:\/\/www.deanreed.de\/AmericanRebel\/2017\/#website\",\"url\":\"https:\/\/www.deanreed.de\/AmericanRebel\/2017\/\",\"name\":\"Onlinezeitung AmericanRebel\",\"description\":\"Internationale Onlinezeitung f\\u00fcr Frieden, Humanismus, V\\u00f6lkerverst\\u00e4ndigung und Kultur\",\"potentialAction\":[{\"@type\":\"SearchAction\",\"target\":{\"@type\":\"EntryPoint\",\"urlTemplate\":\"https:\/\/www.deanreed.de\/AmericanRebel\/2017\/?s={search_term_string}\"},\"query-input\":\"required name=search_term_string\"}],\"inLanguage\":\"de\"},{\"@type\":\"ImageObject\",\"@id\":\"https:\/\/www.deanreed.de\/AmericanRebel\/2017\/2019\/07\/24\/die-macht-der-privaten-monopole-wenn-das-kapital-den-staat-ersetzt\/#primaryimage\",\"inLanguage\":\"de\",\"url\":\"https:\/\/www.deanreed.de\/AmericanRebel\/2017\/wp-content\/uploads\/2019\/07\/ttz.jpg\",\"contentUrl\":\"https:\/\/www.deanreed.de\/AmericanRebel\/2017\/wp-content\/uploads\/2019\/07\/ttz.jpg\",\"width\":640,\"height\":381,\"caption\":\"Z\\u00e4hler ausgebaut! Bild Rui Gutschmidt\"},{\"@type\":\"WebPage\",\"@id\":\"https:\/\/www.deanreed.de\/AmericanRebel\/2017\/2019\/07\/24\/die-macht-der-privaten-monopole-wenn-das-kapital-den-staat-ersetzt\/#webpage\",\"url\":\"https:\/\/www.deanreed.de\/AmericanRebel\/2017\/2019\/07\/24\/die-macht-der-privaten-monopole-wenn-das-kapital-den-staat-ersetzt\/\",\"name\":\"Die Macht der privaten Monopole \\u2013 Wenn das Kapital den Staat ersetzt &ndash; Onlinezeitung AmericanRebel\",\"isPartOf\":{\"@id\":\"https:\/\/www.deanreed.de\/AmericanRebel\/2017\/#website\"},\"primaryImageOfPage\":{\"@id\":\"https:\/\/www.deanreed.de\/AmericanRebel\/2017\/2019\/07\/24\/die-macht-der-privaten-monopole-wenn-das-kapital-den-staat-ersetzt\/#primaryimage\"},\"datePublished\":\"2019-07-24T17:10:55+00:00\",\"dateModified\":\"2019-07-24T17:12:56+00:00\",\"author\":{\"@id\":\"https:\/\/www.deanreed.de\/AmericanRebel\/2017\/#\/schema\/person\/9edfca7917cd10b75edaae51c6e7935a\"},\"breadcrumb\":{\"@id\":\"https:\/\/www.deanreed.de\/AmericanRebel\/2017\/2019\/07\/24\/die-macht-der-privaten-monopole-wenn-das-kapital-den-staat-ersetzt\/#breadcrumb\"},\"inLanguage\":\"de\",\"potentialAction\":[{\"@type\":\"ReadAction\",\"target\":[\"https:\/\/www.deanreed.de\/AmericanRebel\/2017\/2019\/07\/24\/die-macht-der-privaten-monopole-wenn-das-kapital-den-staat-ersetzt\/\"]}]},{\"@type\":\"BreadcrumbList\",\"@id\":\"https:\/\/www.deanreed.de\/AmericanRebel\/2017\/2019\/07\/24\/die-macht-der-privaten-monopole-wenn-das-kapital-den-staat-ersetzt\/#breadcrumb\",\"itemListElement\":[{\"@type\":\"ListItem\",\"position\":1,\"name\":\"Startseite\",\"item\":\"https:\/\/www.deanreed.de\/AmericanRebel\/2017\/\"},{\"@type\":\"ListItem\",\"position\":2,\"name\":\"Die Macht der privaten Monopole \\u2013 Wenn das Kapital den Staat ersetzt\"}]},{\"@type\":\"Person\",\"@id\":\"https:\/\/www.deanreed.de\/AmericanRebel\/2017\/#\/schema\/person\/9edfca7917cd10b75edaae51c6e7935a\",\"name\":\"Redaktion\",\"url\":\"https:\/\/www.deanreed.de\/AmericanRebel\/2017\/author\/redaktion\/\"}]}<\/script>\n<!-- \/ Yoast SEO plugin. -->","yoast_head_json":{"title":"Die Macht der privaten Monopole \u2013 Wenn das Kapital den Staat ersetzt &ndash; Onlinezeitung AmericanRebel","robots":{"index":"index","follow":"follow","max-snippet":"max-snippet:-1","max-image-preview":"max-image-preview:large","max-video-preview":"max-video-preview:-1"},"canonical":"https:\/\/www.deanreed.de\/AmericanRebel\/2017\/2019\/07\/24\/die-macht-der-privaten-monopole-wenn-das-kapital-den-staat-ersetzt\/","og_locale":"de_DE","og_type":"article","og_title":"Die Macht der privaten Monopole \u2013 Wenn das Kapital den Staat ersetzt &ndash; Onlinezeitung AmericanRebel","og_description":"Rui Filipe Gutschmidt Die Macht der privaten Monopole \u2013 Wenn das Kapital den Staat ersetzt Die \u201e\u00f6ffentliche Hand\u201c sollte eigentlich die Steuergelder so verteilen, dass alle B\u00fcrger die grundlegenden Bed\u00fcrfnisse erhalten: Wohnraum, Wasser, W\u00e4rme, Hygiene, Nahrung und auch Strom, Telekommunikation, [&hellip;]&darr; Lese den Rest von diesem Eintrag...","og_url":"https:\/\/www.deanreed.de\/AmericanRebel\/2017\/2019\/07\/24\/die-macht-der-privaten-monopole-wenn-das-kapital-den-staat-ersetzt\/","og_site_name":"Onlinezeitung AmericanRebel","article_published_time":"2019-07-24T17:10:55+00:00","article_modified_time":"2019-07-24T17:12:56+00:00","og_image":[{"width":640,"height":381,"url":"http:\/\/www.deanreed.de\/AmericanRebel\/2017\/wp-content\/uploads\/2019\/07\/ttz.jpg","type":"image\/jpeg"}],"twitter_card":"summary_large_image","twitter_misc":{"Verfasst von":"Redaktion","Gesch\u00e4tzte Lesezeit":"3\u00a0Minuten"},"schema":{"@context":"https:\/\/schema.org","@graph":[{"@type":"WebSite","@id":"https:\/\/www.deanreed.de\/AmericanRebel\/2017\/#website","url":"https:\/\/www.deanreed.de\/AmericanRebel\/2017\/","name":"Onlinezeitung AmericanRebel","description":"Internationale Onlinezeitung f\u00fcr Frieden, Humanismus, V\u00f6lkerverst\u00e4ndigung und Kultur","potentialAction":[{"@type":"SearchAction","target":{"@type":"EntryPoint","urlTemplate":"https:\/\/www.deanreed.de\/AmericanRebel\/2017\/?s={search_term_string}"},"query-input":"required name=search_term_string"}],"inLanguage":"de"},{"@type":"ImageObject","@id":"https:\/\/www.deanreed.de\/AmericanRebel\/2017\/2019\/07\/24\/die-macht-der-privaten-monopole-wenn-das-kapital-den-staat-ersetzt\/#primaryimage","inLanguage":"de","url":"https:\/\/www.deanreed.de\/AmericanRebel\/2017\/wp-content\/uploads\/2019\/07\/ttz.jpg","contentUrl":"https:\/\/www.deanreed.de\/AmericanRebel\/2017\/wp-content\/uploads\/2019\/07\/ttz.jpg","width":640,"height":381,"caption":"Z\u00e4hler ausgebaut! Bild Rui Gutschmidt"},{"@type":"WebPage","@id":"https:\/\/www.deanreed.de\/AmericanRebel\/2017\/2019\/07\/24\/die-macht-der-privaten-monopole-wenn-das-kapital-den-staat-ersetzt\/#webpage","url":"https:\/\/www.deanreed.de\/AmericanRebel\/2017\/2019\/07\/24\/die-macht-der-privaten-monopole-wenn-das-kapital-den-staat-ersetzt\/","name":"Die Macht der privaten Monopole \u2013 Wenn das Kapital den Staat ersetzt &ndash; Onlinezeitung AmericanRebel","isPartOf":{"@id":"https:\/\/www.deanreed.de\/AmericanRebel\/2017\/#website"},"primaryImageOfPage":{"@id":"https:\/\/www.deanreed.de\/AmericanRebel\/2017\/2019\/07\/24\/die-macht-der-privaten-monopole-wenn-das-kapital-den-staat-ersetzt\/#primaryimage"},"datePublished":"2019-07-24T17:10:55+00:00","dateModified":"2019-07-24T17:12:56+00:00","author":{"@id":"https:\/\/www.deanreed.de\/AmericanRebel\/2017\/#\/schema\/person\/9edfca7917cd10b75edaae51c6e7935a"},"breadcrumb":{"@id":"https:\/\/www.deanreed.de\/AmericanRebel\/2017\/2019\/07\/24\/die-macht-der-privaten-monopole-wenn-das-kapital-den-staat-ersetzt\/#breadcrumb"},"inLanguage":"de","potentialAction":[{"@type":"ReadAction","target":["https:\/\/www.deanreed.de\/AmericanRebel\/2017\/2019\/07\/24\/die-macht-der-privaten-monopole-wenn-das-kapital-den-staat-ersetzt\/"]}]},{"@type":"BreadcrumbList","@id":"https:\/\/www.deanreed.de\/AmericanRebel\/2017\/2019\/07\/24\/die-macht-der-privaten-monopole-wenn-das-kapital-den-staat-ersetzt\/#breadcrumb","itemListElement":[{"@type":"ListItem","position":1,"name":"Startseite","item":"https:\/\/www.deanreed.de\/AmericanRebel\/2017\/"},{"@type":"ListItem","position":2,"name":"Die Macht der privaten Monopole \u2013 Wenn das Kapital den Staat ersetzt"}]},{"@type":"Person","@id":"https:\/\/www.deanreed.de\/AmericanRebel\/2017\/#\/schema\/person\/9edfca7917cd10b75edaae51c6e7935a","name":"Redaktion","url":"https:\/\/www.deanreed.de\/AmericanRebel\/2017\/author\/redaktion\/"}]}},"_links":{"self":[{"href":"https:\/\/www.deanreed.de\/AmericanRebel\/2017\/wp-json\/wp\/v2\/posts\/21382"}],"collection":[{"href":"https:\/\/www.deanreed.de\/AmericanRebel\/2017\/wp-json\/wp\/v2\/posts"}],"about":[{"href":"https:\/\/www.deanreed.de\/AmericanRebel\/2017\/wp-json\/wp\/v2\/types\/post"}],"author":[{"embeddable":true,"href":"https:\/\/www.deanreed.de\/AmericanRebel\/2017\/wp-json\/wp\/v2\/users\/2"}],"replies":[{"embeddable":true,"href":"https:\/\/www.deanreed.de\/AmericanRebel\/2017\/wp-json\/wp\/v2\/comments?post=21382"}],"version-history":[{"count":3,"href":"https:\/\/www.deanreed.de\/AmericanRebel\/2017\/wp-json\/wp\/v2\/posts\/21382\/revisions"}],"predecessor-version":[{"id":21386,"href":"https:\/\/www.deanreed.de\/AmericanRebel\/2017\/wp-json\/wp\/v2\/posts\/21382\/revisions\/21386"}],"wp:attachment":[{"href":"https:\/\/www.deanreed.de\/AmericanRebel\/2017\/wp-json\/wp\/v2\/media?parent=21382"}],"wp:term":[{"taxonomy":"category","embeddable":true,"href":"https:\/\/www.deanreed.de\/AmericanRebel\/2017\/wp-json\/wp\/v2\/categories?post=21382"},{"taxonomy":"post_tag","embeddable":true,"href":"https:\/\/www.deanreed.de\/AmericanRebel\/2017\/wp-json\/wp\/v2\/tags?post=21382"}],"curies":[{"name":"wp","href":"https:\/\/api.w.org\/{rel}","templated":true}]}}