{"id":19155,"date":"2019-02-09T08:51:08","date_gmt":"2019-02-09T07:51:08","guid":{"rendered":"http:\/\/www.deanreed.de\/AmericanRebel\/2017\/?p=19155"},"modified":"2019-02-09T09:44:55","modified_gmt":"2019-02-09T08:44:55","slug":"wir-werden-verkohlt","status":"publish","type":"post","link":"https:\/\/www.deanreed.de\/AmericanRebel\/2017\/2019\/02\/09\/wir-werden-verkohlt\/","title":{"rendered":"&#8211; Wir werden verkohlt!"},"content":{"rendered":"<h4><span style=\"font-family: arial, helvetica, sans-serif;\"><strong>Felix Feistel<\/strong><\/span><span style=\"font-family: Trebuchet MS;\"><strong><br \/>\n<\/strong><\/span><\/h4>\n<h2><strong>Wir werden verkohlt!<\/strong><\/h2>\n<h4>Braunkohle befeuert nicht nur den Klimawandel \u2014 sie macht Menschen krank.<br \/>\n<span style=\"color: #ffffff;\">.<\/span><\/h4>\n<div id=\"attachment_19153\" style=\"width: 110px\" class=\"wp-caption alignleft\"><img aria-describedby=\"caption-attachment-19153\" loading=\"lazy\" class=\"size-full wp-image-19153\" src=\"http:\/\/www.deanreed.de\/AmericanRebel\/2017\/wp-content\/uploads\/2035\/01\/Felix-Feistel.jpg\" alt=\"\" width=\"100\" height=\"150\" \/><p id=\"caption-attachment-19153\" class=\"wp-caption-text\"><span style=\"color: #808080;\">Felix Feistel<\/span><\/p><\/div>\n<p style=\"text-align: justify;\"><strong>Das Thema Braunkohle findet heutzutage mehr Beachtung, als es noch vor einem Jahr denkbar gewesen w\u00e4re. Zu Recht wird ihr Effekt auf den Klimawandel kritisiert, doch haben ihr Abbau sowie ihre Verbrennung auch Auswirkungen auf die Menschen selbst. Wie Braunkohle und Klimawandel mit der Gesundheit der Menschen zusammenh\u00e4ngen, erkl\u00e4rt Stephanie Sebastiampillai im Interview. Die Medizinstudentin engagiert sich bei den Kritischen MedizinerInnen Deutschland, einer bundesweit in Lokalgruppen aktiven Hochschulgruppe, die sich kritisch mit Themen der Medizin auseinandersetzt<\/strong>.<\/p>\n<p style=\"text-align: justify;\">Felix Feistel: Wir haben uns bei einer Demonstration am Hambacher Forst kennen gelernt. Du warst dort mit einem ganz bestimmten Anliegen und in einer bestimmten Funktion. Erz\u00e4hle doch einmal, in welcher Funktion und mit welchem Anliegen du auf der Kundgebung deine Rede gehalten hast.<\/p>\n<p style=\"text-align: justify;\">Stephanie Sebastiampillai: Ich bin Medizinstudentin und Teil der Aktionsgruppe \u201eGesundes Klima\u201c. Wir sind Menschen aus dem Gesundheitssektor, die f\u00fcr den Klimaschutz k\u00e4mpfen, weil die Klimakrise die gr\u00f6\u00dfte Gefahr f\u00fcr die globale Gesundheit im 21. Jahrhundert darstellt. Es geht bei der Bek\u00e4mpfung von Emissionen schon lange nicht \u201enur\u201c um aussterbende Eisb\u00e4ren, sondern auch um eine t\u00f6dliche Gefahr f\u00fcr die gesamte Menschheit \u2014 \u00fcberall auf der Welt. Das Ausma\u00df, welches diese Klimakrise auf unsere Gesundheit hat, ist vielen nicht bekannt \u2014 doch die Auswirkungen davon sind schon zu sp\u00fcren.<\/p>\n<div id=\"attachment_19157\" style=\"width: 530px\" class=\"wp-caption aligncenter\"><img aria-describedby=\"caption-attachment-19157\" loading=\"lazy\" class=\" wp-image-19157\" src=\"http:\/\/www.deanreed.de\/AmericanRebel\/2017\/wp-content\/uploads\/2019\/02\/e35-300x169.jpg\" alt=\"\" width=\"520\" height=\"293\" srcset=\"https:\/\/www.deanreed.de\/AmericanRebel\/2017\/wp-content\/uploads\/2019\/02\/e35-300x169.jpg 300w, https:\/\/www.deanreed.de\/AmericanRebel\/2017\/wp-content\/uploads\/2019\/02\/e35-768x432.jpg 768w, https:\/\/www.deanreed.de\/AmericanRebel\/2017\/wp-content\/uploads\/2019\/02\/e35-1024x576.jpg 1024w, https:\/\/www.deanreed.de\/AmericanRebel\/2017\/wp-content\/uploads\/2019\/02\/e35.jpg 1600w\" sizes=\"(max-width: 520px) 100vw, 520px\" \/><p id=\"caption-attachment-19157\" class=\"wp-caption-text\"><span style=\"color: #808080;\">Foto: Siberia Video and Photo\/Shutterstock.com<\/span><\/p><\/div>\n<p style=\"text-align: justify;\"><strong>Die Themen der Aktionsgruppe Gesundes Klima der Kritischen Medizinerinnen Deutschland sind, wie der Name schon andeutet, die Folgen des Klimawandels auf die Gesundheit der Menschen. Bei deiner Rede hast du dich auf die Folgen von Braunkohle f\u00fcr die Gesundheit der Menschen konzentriert. Welche sind diese Folgen?<\/strong><\/p>\n<p style=\"text-align: justify;\">Braunkohle gilt schon lange als die dreckigste und gesundheitssch\u00e4dlichste Energiequelle, die es gibt. Die direkten Folgen der Braunkohleverstromung sind durch die Luftverschmutzung sp\u00fcrbar. Bei dem Abbau und der Verbrennung von Kohle entsteht Feinstaub, der bestehende Herz-Kreislauf- und Lungenerkrankungen, wie Schlaganf\u00e4lle, Herzinfarkte, Asthma und Lungenkrebs verst\u00e4rken beziehungsweise diese sogar ausl\u00f6sen kann. So sind mehr als ein Drittel, etwa 36 Prozent, aller Lungenkrebsdiagnosen auf die Luftverschmutzung zur\u00fcckzuf\u00fchren. Vor allem Kinder und alte Menschen sind davon betroffen.<\/p>\n<p style=\"text-align: justify;\">Daf\u00fcr muss man nicht mal neben einem Tagebau wohnen \u2014 diese Feinst\u00e4ube sind noch in einem Radius von 1000 Kilometern um die Braunkohleabbaust\u00e4tten nachgewiesen worden. Bereits eine kurze Exposition reicht schon aus, um eine Betroffenheit festzustellen, dauerhaftes Einatmen f\u00fchrt sogar zu einer deutlichen Verminderung der Lebenserwartung. Neben dem Feinstaub werden bei der Verbrennung auch Schwermetalle und Quecksilber frei und gelangen in Boden und Meere. \u00dcber unsere Nahrung reichern sie sich in unserem K\u00f6rper an und f\u00fchren so nachweislich zu chronischen Vergiftungen oder der Zerst\u00f6rung von Gehirnzellen, vor allem bei Kindern. Das Schlimmste finde ich pers\u00f6nlich jedoch, dass diese ganzen Prozesse sogar Ungeborenen schaden. Die Feinst\u00e4ube passieren die Plazentaschranke und sorgen unter anderem f\u00fcr ein vermindertes Geburtengewicht und zu einer vermehrten H\u00e4ufigkeit von Asthma.<br \/>\n<span style=\"color: #ffffff;\">.<\/span><br \/>\n<strong>Welche anderen Folgen hat der Klimawandel, abgesehen von der Braunkohle, auf die Gesundheit der Menschen?<\/strong><\/p>\n<p>Die Braunkohleverstromung setzt immense Mengen von Treibhausgasen frei und befeuert so den Klimawandel: 75 Prozent der CO2-Emissionen im europ\u00e4ischen Stromsektor gehen auf das Konto von Kohle, wobei sie f\u00fcr nur 25 Prozent des gesamten Stroms sorgt.<\/p>\n<p style=\"text-align: justify;\">Wie wir im Sommer dieses Jahres gemerkt haben, sind die Extremwetterereignisse, die dadurch ausgel\u00f6st werden, auch in Deutschland zu sp\u00fcren gewesen. D\u00fcrren, Hitzewellen, St\u00fcrme und Fluten f\u00fchren zu verheerenden Folgen f\u00fcr die k\u00f6rperliche und mentale Gesundheit. Am Beispiel der D\u00fcrren kann man sich das gut vor Augen f\u00fchren: Sie machen nicht nur der deutschen Agrarwirtschaft zu schaffen, sondern sorgen weltweit f\u00fcr Hungersn\u00f6te und Trinkwasserknappheit. Der Klimawandel kennt keine Grenzen und wird jeden betreffen, egal in welchem Teil der Welt, ob arm oder reich, jung oder alt.<\/p>\n<p style=\"text-align: justify;\">Die Menschen aus dem globalen S\u00fcden trifft es jedoch am h\u00e4rtesten: Es gibt heute mehr Fl\u00fcchtende aufgrund des Klimas, als wegen Kriegen und Konflikten. 99 Prozent aller Todesf\u00e4lle aufgrund des Klimawandels sind in L\u00e4ndern des globalen S\u00fcdens verzeichnet. Denn wir Menschen aus den Industrienationen k\u00f6nnen klimatische Ver\u00e4nderungen besser kompensieren als diese Menschen, weil wir die Ressourcen haben, um dagegen anzuk\u00e4mpfen. Aber auch wir kommen an unsere Grenzen \u2014 Wasser, Nahrung und ein Dach \u00fcber dem Kopf zu haben, ist f\u00fcr uns selbstverst\u00e4ndlich. Doch letzten Sommer haben auch wir den Klimawandel zu sp\u00fcren bekommen: D\u00fcrren haben auch deutschen Bauern stark zugesetzt, Waldbr\u00e4nde ausgel\u00f6st und bringen auch unsere K\u00f6rper an den Rand der Belastbarkeit: 2003 forderte die gro\u00dfe Hitzewelle 70.000 Tote in Europa, vor allem waren wieder alte Menschen und Kinder betroffen.<\/p>\n<p style=\"text-align: justify;\">Au\u00dferdem nehmen Krankheiten \u00fcbertragende M\u00fccken aufgrund der steigenden Temperaturen immer mehr Regionen f\u00fcr sich ein. So sind zum Beispiel in den letzten Jahren in Deutschland, Portugal und Kroatien wieder erste F\u00e4lle von Dengue-Fieber verzeichnet worden. D\u00fcrre ist nur ein Aspekt von den vielen, die der Klimawandel hat, aber schon allein daran kann man gut abzeichnen, wie verheerend sich der Klimawandel auf unsere Gesundheit auswirkt. <div class=\"hide-this-part-wrap\"><div class=\"hide-this-part-more\" id=\"hide-this-part-0\" morelink-text=\"hier geht es weiter\">hier geht es weiter \u00bb<\/div><div class=\"hide-this-part\" status=\"invisible\"><br \/>\n<span style=\"color: #ffffff;\">.<\/span><br \/>\n<strong>Was m\u00fcsste getan werden, um diese Folgen zu vermeiden? Was fordert ihr als AG?<\/strong><\/p>\n<p style=\"text-align: justify;\">Es ist absurd, dass wir trotz des Wissens um diese negativen Folgen der Kohle auf den Menschen und die Natur weiter Braunkohle-Strom beziehen und sogar mit unseren Steuergeldern subventionieren. J\u00e4hrlich werden fossile Energietr\u00e4ger mit 4,5 Milliarden Euro von dem deutschen Staat unterst\u00fctzt \u2014 die Folgen f\u00fcr die Gesundheit der B\u00fcrgerinnen und B\u00fcrger und die Umwelt fordern aber noch mehr versteckte Kosten: J\u00e4hrlich entstehen so 35 Milliarden Euro Kosten f\u00fcr das Gesundheitssystem, weitere 26 Milliarden entstehen als Umweltkosten, die die Steuerzahler zu tragen haben. Wir fordern den schnellstm\u00f6glichen, sozialvertr\u00e4glichen Ausstieg aus der Kohle und die Einhaltung der Klimaziele aus dem Pariser Abkommen.<br \/>\n<span style=\"color: #ffffff;\">.<\/span><br \/>\n<strong>Wie realistisch sind diese Forderungen?<\/strong><\/p>\n<p style=\"text-align: justify;\">Mehr als realistisch, denn die Zielsetzung und der Zeitrahmen sind schon gro\u00dfz\u00fcgig und realisierbar gesetzt, andere L\u00e4nder wie England und Kanada machen es vor. Die internationale Gesellschaft wei\u00df sp\u00e4testens seit den 1980iger Jahren, dass der menschengemachte Klimawandel eines der gr\u00f6\u00dften Gefahren f\u00fcr die Menschheit im 21. Jahrhundert darstellen wird, Ende der 1990iger Jahre wurde das Kyoto-Protokoll unterzeichnet und nach Paris wurde die Klimaschutzpolitik gro\u00df angesagt und vorgespielt. Jetzt ist es jedoch schon so weit gekommen, dass die GroKo nicht mal mehr vorspielt, dass sie sich f\u00fcr die Gesundheit ihrer B\u00fcrgerinnen und die Unversehrtheit ihrer Umwelt einsetzt, sondern sie spielt weiter der Industrielobby zu, statt aktiv zu werden.<br \/>\n<span style=\"color: #ffffff;\">.<\/span><br \/>\n<strong>Verdient ihr als Mediziner nicht auch an den Krankheiten, die der Klimawandel ausl\u00f6st? Was ist also deine oder eure Motivation, euch gegen die Folgen zu wehren?<\/strong><\/p>\n<p style=\"text-align: justify;\">\u00c4rztinnen und \u00c4rzte legen das Genfer Gel\u00f6bnis ab, welches besagt, dass die Gesundheit und das Wohlergehen unserer Patientinnen ihr oberstes Anliegen sein wird. Demnach ist es die Pflicht von \u00e4rztlichem und anderem medizinischem Personal, die Gefahren f\u00fcr die Gesundheit der Menschen aufzuzeigen und Aktionen dagegen einzufordern. Die zunehmende \u00d6konomisierung des Gesundheitssystems agiert jedoch immer weiter gegen diese Maxime \u2014 Patientinnen werden zu Kapital, das Krankenhaus zur Fabrik, aus Krankheiten werden Profite.<\/p>\n<p style=\"text-align: justify;\">Als Kritische Medizinerinnen k\u00e4mpfen wir gegen die \u00d6konomisierung und die weitere Privatisierung des Gesundheitssystems an. Unser momentanes \u00f6konomisches System bedroht somit nicht nur indirekt durch die Befeuerung des Klimawandels unsere Gesundheit, sondern auch direkt durch die Kommerzialisierung unseres Gesundheitssystems.<br \/>\n<span style=\"color: #ffffff;\">.<\/span><br \/>\n<strong>Erhaltet ihr bei eurer Arbeit auch Gegenwind, vielleicht sogar aus den Reihen von Medizinern?<\/strong><\/p>\n<p style=\"text-align: justify;\">Im Gegenteil: Viele Kolleginnen und Kollegen sehen durch unsere Arbeit das Ausma\u00df der gesundheitlichen Folgen des Klimawandels und sind sehr interessiert an dem Thema. Es hat sich nun auch eine Allianz f\u00fcr Klimawandel &amp; Gesundheit (KLUG) in Deutschland gebildet, an deren Gr\u00fcndung wir beteiligt waren, sehr \u00e4hnlich zu Verb\u00e4nden aus anderen L\u00e4ndern wie CAPE (Canadian Association of Physicians for the Environment) oder die UK Health Alliance on Climate Change.<br \/>\n<span style=\"color: #ffffff;\">.<\/span><br \/>\n<strong>Was w\u00fcrdest du jemandem sagen, der die Existenz eines menschengemachten Klimawandels leugnet?<\/strong><\/p>\n<p style=\"text-align: justify;\">Das Klima ist ein schwer messbares Ph\u00e4nomen, keiner kann zu 100 Prozent vorhersagen, was geschehen wird. Einige Fakten sind jedoch unbestreitbar: Das Klima der Erde war schon immer im Wandel, jedoch noch nie in einer solchen Schnelligkeit. Von allen Prognosen, die von Klimaforscherinnen in den1990iger Jahren f\u00fcr unsere Zeit gemacht wurden, haben sich die worst-case-Szenarien nun bewahrheitet. Wenn wir so weitermachen und uns nicht trauen, gro\u00dfe Schritte und neue Wege zu wagen, werden wir einen der sogenannten tipping points erreichen, die unser Klima schlagartig ver\u00e4ndern werden, wie zum Beispiel das Schmelzen der Polkappen.<\/p>\n<p style=\"text-align: justify;\">Dadurch dass das Sonnenlicht durch sie nicht reflektiert wird, k\u00f6nnte es sehr pl\u00f6tzlich zu einer rapiden Erw\u00e4rmung von bis zu 1 Grad Celsius f\u00fchren. Um dies zu vermeiden, ist ein grundlegendes Umdenken n\u00f6tig, weil konsequenter Klimaschutz alle unsere Lebensbereiche ber\u00fchrt: Von unserem Essen, unserem Wohnen, unserer Mobilit\u00e4t, unserer Arbeit, unserem Reisen bis zu der Kleidung, die wir tragen. Das macht vielen Menschen Angst, auf Dinge verzichten zu m\u00fcssen, an die sie sich schon lange gew\u00f6hnt haben wie zum Beispiel das Auto. Aber wenn wir unsere Anstrengungen darauf richten, kluge L\u00f6sungen zu finden, wird nicht nur das Klima gesch\u00fctzt, sondern auch wir selbst und unsere Gesundheit. Wer m\u00f6chte das nicht f\u00fcr sich und seine Kinder? <span class=\"_4n-j _fbReactionComponent__eventDetailsContentTags fsl\" data-testid=\"event-permalink-details\"><\/div><!-- .hide-this-part --><\/div><!-- hide-this-part-wrap --><\/span><br \/>\n<span style=\"font-family: arial, helvetica, sans-serif;\"><span style=\"font-size: 10pt;\"><strong>\u00dcber den Autor:<\/strong> Felix Feistel, Jahrgang 1992, schreibt in vielf\u00e4ltiger Weise \u00fcber die Idiotie dieser Welt und auch gegen diese an. In einer auf Zahlen und Daten reduzierten Welt, die ihm schon immer fremd war, sucht er nach Menschlichkeit und der Bedeutung des Lebens. Er versucht, seine Kr\u00e4fte und Talente f\u00fcr die Gestaltung einer lebenswerten Welt einzusetzen, indem er sich gegen Ungerechtigkeit und Zerst\u00f6rung wendet. Trotz des \u00fcberall grassierenden Wahnsinns ist er nicht bereit, den Glauben an das Gute im Menschen und sein Potenzial, den Planeten in ein Paradies zu verwandeln, aufzugeben. Er ist Mitglied der Rubikon-Jugendredaktion und schreibt f\u00fcr die Kolumne \u201eJunge Federn\u201c.<br \/>\n<\/span><span style=\"font-size: 10pt;\"><span style=\"color: #ffffff;\">.<\/span><br \/>\nDieser Artikel erschien vor Kurzem auch<span style=\"color: #333333;\"> auf <a href=\"https:\/\/www.rubikon.news\/\" target=\"_blank\" rel=\"noopener\">www.Rubicon<\/a><\/span>. Ver\u00f6ffentlichung mit freundlicher Genehmigung des Herausgebers.<br \/>\n<\/span><\/span><\/p>\n<blockquote>\n<p style=\"text-align: center;\"><span style=\"font-size: 10pt; color: #000000;\">F\u00fcr den Inhalt dieses Artikels ist der Autor bzw. die Autorin verantwortlich.<br \/>\nDabei muss es sich nicht grunds\u00e4tzlich um die Meinung der Redaktion handeln.<\/span><\/p>\n<table width=\"100%\" align=\"center\">\n<tbody>\n<tr>\n<td style=\"text-align: justify;\"><img loading=\"lazy\" class=\"size-full wp-image-7516 aligncenter\" src=\"http:\/\/www.deanreed.de\/AmericanRebel\/2017\/wp-content\/uploads\/2018\/10\/88x31.png\" alt=\"\" width=\"88\" height=\"31\" \/><\/td>\n<td style=\"text-align: justify; font-size: 10pt;\"><a href=\"https:\/\/creativecommons.org\/licenses\/by-nc-nd\/4.0\/\" target=\"_blank\" rel=\"license noopener\">Dieses Werk ist lizenziert unter einer Creative Commons Namensnennung &#8211;<br \/>\nNicht kommerziell &#8211; Keine Bearbeitungen 4.0 International Lizenz.<\/a><\/td>\n<\/tr>\n<tr>\n<td>\n<form action=\"https:\/\/www.paypal.com\/cgi-bin\/webscr\" method=\"post\" target=\"_top\"><input alt=\"Jetzt einfach, schnell und sicher online bezahlen \u2013 mit PayPal.\" name=\"submit\" src=\"https:\/\/www.paypalobjects.com\/de_DE\/DE\/i\/btn\/btn_donateCC_LG.gif\" type=\"image\" \/><\/form>\n<\/td>\n<td><span style=\"color: #993300;\"><strong>Auch linker Journalismus ist nicht kostenlos<br \/>\nund auch kleine Spenden k\u00f6nnen helfen Gro\u00dfes zu ver\u00f6ffentlichen!<\/strong><\/span><\/td>\n<\/tr>\n<\/tbody>\n<\/table>\n<div style=\"margin-left: 10px;\"><a title=\"zur Startseite\" href=\"http:\/\/www.americanrebel.de\/\"><img loading=\"lazy\" class=\"alignleft\" src=\"http:\/\/www.deanreed.de\/AmericanRebel\/2017\/wp-content\/uploads\/2017\/03\/back_ar.png\" alt=\"zur\u00fcck zur Startseite\" width=\"156\" height=\"15\" \/><\/a><\/div>\n<div style=\"margin-right: 10px;\"><a href=\"https:\/\/www.facebook.com\/groups\/1683837971860223\/permalink\/1987214344855916\/\" target=\"_blank\" rel=\"noopener noreferrer\"><img loading=\"lazy\" class=\"alignright\" src=\"http:\/\/www.deanreed.de\/AmericanRebel\/2017\/wp-content\/uploads\/2017\/03\/ar_zu_fb.png\" alt=\"hier geht es zur Facebook Diskussionsgruppe\" width=\"353\" height=\"15\" \/><\/a><\/div>\n<p style=\"text-align: center;\"><a href=\"http:\/\/www.deanreed.de\/AmericanRebel\/2017\/?p=19155#respond\" target=\"_blank\" rel=\"noopener\"><img loading=\"lazy\" class=\"aligncenter\" src=\"http:\/\/www.deanreed.de\/AmericanRebel\/2017\/wp-content\/uploads\/2017\/03\/ar_kommentar-1.png\" alt=\"Sag uns deine Meinung zum Artikel mit einem Kommentar\/Leserbrief\" width=\"627\" height=\"20\" \/><\/a><\/p>\n<\/blockquote>\n","protected":false},"excerpt":{"rendered":"<p>Felix Feistel Wir werden verkohlt! Braunkohle befeuert nicht nur den Klimawandel \u2014 sie macht Menschen krank. . Das Thema Braunkohle findet heutzutage mehr Beachtung, als es noch vor einem Jahr denkbar gewesen w\u00e4re. Zu Recht wird ihr Effekt auf den [&hellip;]<a class=\"more-link\" href=\"https:\/\/www.deanreed.de\/AmericanRebel\/2017\/2019\/02\/09\/wir-werden-verkohlt\/\">&darr; Lese den Rest von diesem Eintrag&#8230;<\/a><\/p>\n","protected":false},"author":2,"featured_media":0,"comment_status":"open","ping_status":"open","sticky":false,"template":"","format":"standard","meta":[],"categories":[1,1458],"tags":[748,1464,1459,1463,1460,1466,1465,1462,1467,1461],"yoast_head":"<!-- This site is optimized with the Yoast SEO plugin v17.5 - https:\/\/yoast.com\/wordpress\/plugins\/seo\/ -->\n<title>- Wir werden verkohlt! &ndash; Onlinezeitung AmericanRebel<\/title>\n<meta name=\"robots\" content=\"index, follow, max-snippet:-1, max-image-preview:large, max-video-preview:-1\" \/>\n<link rel=\"canonical\" href=\"http:\/\/www.deanreed.de\/AmericanRebel\/2017\/2019\/02\/09\/wir-werden-verkohlt\/\" \/>\n<meta property=\"og:locale\" content=\"de_DE\" \/>\n<meta property=\"og:type\" content=\"article\" \/>\n<meta property=\"og:title\" content=\"- Wir werden verkohlt! &ndash; Onlinezeitung AmericanRebel\" \/>\n<meta property=\"og:description\" content=\"Felix Feistel Wir werden verkohlt! Braunkohle befeuert nicht nur den Klimawandel \u2014 sie macht Menschen krank. . Das Thema Braunkohle findet heutzutage mehr Beachtung, als es noch vor einem Jahr denkbar gewesen w\u00e4re. Zu Recht wird ihr Effekt auf den [&hellip;]&darr; Lese den Rest von diesem Eintrag...\" \/>\n<meta property=\"og:url\" content=\"http:\/\/www.deanreed.de\/AmericanRebel\/2017\/2019\/02\/09\/wir-werden-verkohlt\/\" \/>\n<meta property=\"og:site_name\" content=\"Onlinezeitung AmericanRebel\" \/>\n<meta property=\"article:published_time\" content=\"2019-02-09T07:51:08+00:00\" \/>\n<meta property=\"article:modified_time\" content=\"2019-02-09T08:44:55+00:00\" \/>\n<meta property=\"og:image\" content=\"http:\/\/www.deanreed.de\/AmericanRebel\/2017\/wp-content\/uploads\/2035\/01\/Felix-Feistel.jpg\" \/>\n<meta name=\"twitter:card\" content=\"summary_large_image\" \/>\n<meta name=\"twitter:label1\" content=\"Verfasst von\" \/>\n\t<meta name=\"twitter:data1\" content=\"Redaktion\" \/>\n\t<meta name=\"twitter:label2\" content=\"Gesch\u00e4tzte Lesezeit\" \/>\n\t<meta name=\"twitter:data2\" content=\"9\u00a0Minuten\" \/>\n<script type=\"application\/ld+json\" class=\"yoast-schema-graph\">{\"@context\":\"https:\/\/schema.org\",\"@graph\":[{\"@type\":\"WebSite\",\"@id\":\"https:\/\/www.deanreed.de\/AmericanRebel\/2017\/#website\",\"url\":\"https:\/\/www.deanreed.de\/AmericanRebel\/2017\/\",\"name\":\"Onlinezeitung AmericanRebel\",\"description\":\"Internationale Onlinezeitung f\\u00fcr Frieden, Humanismus, V\\u00f6lkerverst\\u00e4ndigung und Kultur\",\"potentialAction\":[{\"@type\":\"SearchAction\",\"target\":{\"@type\":\"EntryPoint\",\"urlTemplate\":\"https:\/\/www.deanreed.de\/AmericanRebel\/2017\/?s={search_term_string}\"},\"query-input\":\"required name=search_term_string\"}],\"inLanguage\":\"de\"},{\"@type\":\"ImageObject\",\"@id\":\"http:\/\/www.deanreed.de\/AmericanRebel\/2017\/2019\/02\/09\/wir-werden-verkohlt\/#primaryimage\",\"inLanguage\":\"de\",\"url\":\"http:\/\/www.deanreed.de\/AmericanRebel\/2017\/wp-content\/uploads\/2035\/01\/Felix-Feistel.jpg\",\"contentUrl\":\"http:\/\/www.deanreed.de\/AmericanRebel\/2017\/wp-content\/uploads\/2035\/01\/Felix-Feistel.jpg\"},{\"@type\":\"WebPage\",\"@id\":\"http:\/\/www.deanreed.de\/AmericanRebel\/2017\/2019\/02\/09\/wir-werden-verkohlt\/#webpage\",\"url\":\"http:\/\/www.deanreed.de\/AmericanRebel\/2017\/2019\/02\/09\/wir-werden-verkohlt\/\",\"name\":\"- Wir werden verkohlt! &ndash; Onlinezeitung AmericanRebel\",\"isPartOf\":{\"@id\":\"https:\/\/www.deanreed.de\/AmericanRebel\/2017\/#website\"},\"primaryImageOfPage\":{\"@id\":\"http:\/\/www.deanreed.de\/AmericanRebel\/2017\/2019\/02\/09\/wir-werden-verkohlt\/#primaryimage\"},\"datePublished\":\"2019-02-09T07:51:08+00:00\",\"dateModified\":\"2019-02-09T08:44:55+00:00\",\"author\":{\"@id\":\"https:\/\/www.deanreed.de\/AmericanRebel\/2017\/#\/schema\/person\/9edfca7917cd10b75edaae51c6e7935a\"},\"breadcrumb\":{\"@id\":\"http:\/\/www.deanreed.de\/AmericanRebel\/2017\/2019\/02\/09\/wir-werden-verkohlt\/#breadcrumb\"},\"inLanguage\":\"de\",\"potentialAction\":[{\"@type\":\"ReadAction\",\"target\":[\"http:\/\/www.deanreed.de\/AmericanRebel\/2017\/2019\/02\/09\/wir-werden-verkohlt\/\"]}]},{\"@type\":\"BreadcrumbList\",\"@id\":\"http:\/\/www.deanreed.de\/AmericanRebel\/2017\/2019\/02\/09\/wir-werden-verkohlt\/#breadcrumb\",\"itemListElement\":[{\"@type\":\"ListItem\",\"position\":1,\"name\":\"Startseite\",\"item\":\"https:\/\/www.deanreed.de\/AmericanRebel\/2017\/\"},{\"@type\":\"ListItem\",\"position\":2,\"name\":\"&#8211; Wir werden verkohlt!\"}]},{\"@type\":\"Person\",\"@id\":\"https:\/\/www.deanreed.de\/AmericanRebel\/2017\/#\/schema\/person\/9edfca7917cd10b75edaae51c6e7935a\",\"name\":\"Redaktion\",\"url\":\"https:\/\/www.deanreed.de\/AmericanRebel\/2017\/author\/redaktion\/\"}]}<\/script>\n<!-- \/ Yoast SEO plugin. -->","yoast_head_json":{"title":"- Wir werden verkohlt! &ndash; Onlinezeitung AmericanRebel","robots":{"index":"index","follow":"follow","max-snippet":"max-snippet:-1","max-image-preview":"max-image-preview:large","max-video-preview":"max-video-preview:-1"},"canonical":"http:\/\/www.deanreed.de\/AmericanRebel\/2017\/2019\/02\/09\/wir-werden-verkohlt\/","og_locale":"de_DE","og_type":"article","og_title":"- Wir werden verkohlt! &ndash; Onlinezeitung AmericanRebel","og_description":"Felix Feistel Wir werden verkohlt! Braunkohle befeuert nicht nur den Klimawandel \u2014 sie macht Menschen krank. . Das Thema Braunkohle findet heutzutage mehr Beachtung, als es noch vor einem Jahr denkbar gewesen w\u00e4re. Zu Recht wird ihr Effekt auf den [&hellip;]&darr; Lese den Rest von diesem Eintrag...","og_url":"http:\/\/www.deanreed.de\/AmericanRebel\/2017\/2019\/02\/09\/wir-werden-verkohlt\/","og_site_name":"Onlinezeitung AmericanRebel","article_published_time":"2019-02-09T07:51:08+00:00","article_modified_time":"2019-02-09T08:44:55+00:00","og_image":[{"url":"http:\/\/www.deanreed.de\/AmericanRebel\/2017\/wp-content\/uploads\/2035\/01\/Felix-Feistel.jpg"}],"twitter_card":"summary_large_image","twitter_misc":{"Verfasst von":"Redaktion","Gesch\u00e4tzte Lesezeit":"9\u00a0Minuten"},"schema":{"@context":"https:\/\/schema.org","@graph":[{"@type":"WebSite","@id":"https:\/\/www.deanreed.de\/AmericanRebel\/2017\/#website","url":"https:\/\/www.deanreed.de\/AmericanRebel\/2017\/","name":"Onlinezeitung AmericanRebel","description":"Internationale Onlinezeitung f\u00fcr Frieden, Humanismus, V\u00f6lkerverst\u00e4ndigung und Kultur","potentialAction":[{"@type":"SearchAction","target":{"@type":"EntryPoint","urlTemplate":"https:\/\/www.deanreed.de\/AmericanRebel\/2017\/?s={search_term_string}"},"query-input":"required name=search_term_string"}],"inLanguage":"de"},{"@type":"ImageObject","@id":"http:\/\/www.deanreed.de\/AmericanRebel\/2017\/2019\/02\/09\/wir-werden-verkohlt\/#primaryimage","inLanguage":"de","url":"http:\/\/www.deanreed.de\/AmericanRebel\/2017\/wp-content\/uploads\/2035\/01\/Felix-Feistel.jpg","contentUrl":"http:\/\/www.deanreed.de\/AmericanRebel\/2017\/wp-content\/uploads\/2035\/01\/Felix-Feistel.jpg"},{"@type":"WebPage","@id":"http:\/\/www.deanreed.de\/AmericanRebel\/2017\/2019\/02\/09\/wir-werden-verkohlt\/#webpage","url":"http:\/\/www.deanreed.de\/AmericanRebel\/2017\/2019\/02\/09\/wir-werden-verkohlt\/","name":"- Wir werden verkohlt! &ndash; Onlinezeitung AmericanRebel","isPartOf":{"@id":"https:\/\/www.deanreed.de\/AmericanRebel\/2017\/#website"},"primaryImageOfPage":{"@id":"http:\/\/www.deanreed.de\/AmericanRebel\/2017\/2019\/02\/09\/wir-werden-verkohlt\/#primaryimage"},"datePublished":"2019-02-09T07:51:08+00:00","dateModified":"2019-02-09T08:44:55+00:00","author":{"@id":"https:\/\/www.deanreed.de\/AmericanRebel\/2017\/#\/schema\/person\/9edfca7917cd10b75edaae51c6e7935a"},"breadcrumb":{"@id":"http:\/\/www.deanreed.de\/AmericanRebel\/2017\/2019\/02\/09\/wir-werden-verkohlt\/#breadcrumb"},"inLanguage":"de","potentialAction":[{"@type":"ReadAction","target":["http:\/\/www.deanreed.de\/AmericanRebel\/2017\/2019\/02\/09\/wir-werden-verkohlt\/"]}]},{"@type":"BreadcrumbList","@id":"http:\/\/www.deanreed.de\/AmericanRebel\/2017\/2019\/02\/09\/wir-werden-verkohlt\/#breadcrumb","itemListElement":[{"@type":"ListItem","position":1,"name":"Startseite","item":"https:\/\/www.deanreed.de\/AmericanRebel\/2017\/"},{"@type":"ListItem","position":2,"name":"&#8211; Wir werden verkohlt!"}]},{"@type":"Person","@id":"https:\/\/www.deanreed.de\/AmericanRebel\/2017\/#\/schema\/person\/9edfca7917cd10b75edaae51c6e7935a","name":"Redaktion","url":"https:\/\/www.deanreed.de\/AmericanRebel\/2017\/author\/redaktion\/"}]}},"_links":{"self":[{"href":"https:\/\/www.deanreed.de\/AmericanRebel\/2017\/wp-json\/wp\/v2\/posts\/19155"}],"collection":[{"href":"https:\/\/www.deanreed.de\/AmericanRebel\/2017\/wp-json\/wp\/v2\/posts"}],"about":[{"href":"https:\/\/www.deanreed.de\/AmericanRebel\/2017\/wp-json\/wp\/v2\/types\/post"}],"author":[{"embeddable":true,"href":"https:\/\/www.deanreed.de\/AmericanRebel\/2017\/wp-json\/wp\/v2\/users\/2"}],"replies":[{"embeddable":true,"href":"https:\/\/www.deanreed.de\/AmericanRebel\/2017\/wp-json\/wp\/v2\/comments?post=19155"}],"version-history":[{"count":0,"href":"https:\/\/www.deanreed.de\/AmericanRebel\/2017\/wp-json\/wp\/v2\/posts\/19155\/revisions"}],"wp:attachment":[{"href":"https:\/\/www.deanreed.de\/AmericanRebel\/2017\/wp-json\/wp\/v2\/media?parent=19155"}],"wp:term":[{"taxonomy":"category","embeddable":true,"href":"https:\/\/www.deanreed.de\/AmericanRebel\/2017\/wp-json\/wp\/v2\/categories?post=19155"},{"taxonomy":"post_tag","embeddable":true,"href":"https:\/\/www.deanreed.de\/AmericanRebel\/2017\/wp-json\/wp\/v2\/tags?post=19155"}],"curies":[{"name":"wp","href":"https:\/\/api.w.org\/{rel}","templated":true}]}}