{"id":18692,"date":"2018-12-26T21:09:08","date_gmt":"2018-12-26T20:09:08","guid":{"rendered":"http:\/\/www.deanreed.de\/AmericanRebel\/2017\/?p=18692"},"modified":"2019-01-05T18:40:35","modified_gmt":"2019-01-05T17:40:35","slug":"gelbe-westen-in-portugal-rechtsextreme-haben-unseren-protest-kaputt-gemacht","status":"publish","type":"post","link":"https:\/\/www.deanreed.de\/AmericanRebel\/2017\/2018\/12\/26\/gelbe-westen-in-portugal-rechtsextreme-haben-unseren-protest-kaputt-gemacht\/","title":{"rendered":"&#8211; Gelbe Westen in Portugal \u2013 \u201eRechtsextreme haben unseren Protest kaputt gemacht&#8220;"},"content":{"rendered":"<h4>Rui Filipe Gutschmidt<\/h4>\n<h2><strong>Gelbe Westen in Portugal \u2013<br \/>\n\u201eRechtsextreme haben unseren Protest kaputt gemacht&#8220;<\/strong><\/h2>\n<div id=\"attachment_8722\" style=\"width: 110px\" class=\"wp-caption alignleft\"><img aria-describedby=\"caption-attachment-8722\" loading=\"lazy\" class=\"size-full wp-image-8722\" src=\"http:\/\/www.deanreed.de\/AmericanRebel\/2017\/wp-content\/uploads\/2037\/12\/Rui_Gutschmidt.jpg\" alt=\"\" width=\"100\" height=\"150\" \/><p id=\"caption-attachment-8722\" class=\"wp-caption-text\"><span style=\"color: #808080;\">Rui Filipe Gutschmidt<\/span><\/p><\/div>\n<p style=\"text-align: justify;\"><strong><b>Die Bewegung der Gelbwesten kam am Freitag, 21. Dezember auch nach Portugal. Doch es waren nur sehr wenige Menschen die dem Aufruf der Organisatoren folgten und sich bei Tagesbeginn an den vereinbarten Treffpunkten einfanden. Vor allem im Norden und Mitte des Landes kamen Protestaktionen zu Stande. In Lissabon brachen die Organisatoren ihren Protest schon um 11:30 ab, da sich die Rechtsextremen der PNR dem Protest anschlie\u00dfen wollten. <\/b><\/strong><\/p>\n<p lang=\"en-GB\" style=\"text-align: justify;\">Auch in Portugal sind inzwischen Gelbwesten auf den Stra\u00dfen der gr\u00f6\u00dferen St\u00e4dte. Aber die Organisatoren sind schwer entt\u00e4uscht, da die Anzahl der Beteiligten an dem Protesten weit hinter den Erwartungen zur\u00fcck blieb. Lu\u00edsa Patr\u00e3o einer der Organisatoren der Protestaktionen sagte dem Journalisten der Tageszeitung \u201cPublico\u201d:<\/p>\n<p style=\"text-align: justify;\"><em>&#8222;Unsere Demonstration wurde durch eine Bewegung von Leuten aus dem rechtsextremen Fl\u00fcgel kaputt gemacht.&#8220;<\/em><\/p>\n<div id=\"attachment_18698\" style=\"width: 331px\" class=\"wp-caption alignright\"><img aria-describedby=\"caption-attachment-18698\" loading=\"lazy\" class=\" wp-image-18698\" src=\"http:\/\/www.deanreed.de\/AmericanRebel\/2017\/wp-content\/uploads\/2018\/12\/Gelbwestenin-Portugal-wollten-das-Land-paralisieren-Screenshot-YouTube-300x288.jpg\" alt=\"\" width=\"321\" height=\"308\" srcset=\"https:\/\/www.deanreed.de\/AmericanRebel\/2017\/wp-content\/uploads\/2018\/12\/Gelbwestenin-Portugal-wollten-das-Land-paralisieren-Screenshot-YouTube-300x288.jpg 300w, https:\/\/www.deanreed.de\/AmericanRebel\/2017\/wp-content\/uploads\/2018\/12\/Gelbwestenin-Portugal-wollten-das-Land-paralisieren-Screenshot-YouTube.jpg 371w\" sizes=\"(max-width: 321px) 100vw, 321px\" \/><p id=\"caption-attachment-18698\" class=\"wp-caption-text\"><span style=\"color: #808080;\">Gelbwestenin Portugal wollten das Land paralisieren &#8211; Screenshot YouTube<\/span><\/p><\/div>\n<p style=\"text-align: justify;\">Des Weiteren machte die f\u00fcr einen der landesweit 25 Konzentrationspunkten (Marqu\u00eas de Pombal, Lissabon) deutlich, dass die Bewegung friedlich sei und nicht &#8222;in der von der PNR gef\u00fchrten Position der Gewalt&#8220; gesehen werden will.<\/p>\n<p style=\"text-align: justify;\">In gleicher Weise beklagte auch Maria Jo\u00e3o Oliveira, eine der Verantwortlichen f\u00fcr die Bewegung in Portugal, die schwache Teilnahme am Protest und auch sie macht die Ultranationalisten verantwortlich.<\/p>\n<p style=\"text-align: justify;\"><em>&#8222;Ich habe Morddrohungen von der PNR erhalten&#8220;<\/em>, so die Mitorganisatorin bei einem B\u00fcrgerforum des Radiosenders TSF.<\/p>\n<p style=\"text-align: justify;\"><em>&#8222;Das sind Leute, die sich infiltriert haben. Es ist die PNR, versucht zu destabilisieren, einige drohten Leuten mit dem Tod. Man hat auch mir mit dem Tod gedroht&#8220;<\/em>, f\u00fcgte er hinzu.<\/p>\n<p style=\"text-align: justify;\">Die Polizei war mit einem unverh\u00e4ltnism\u00e4\u00dfig gro\u00dfem Aufgebot an den Tags zuvor ver\u00f6ffentlichen Treffpunkten. In Lissabon separierte sich die Demonstration in zwei Gruppen. Die urspr\u00fcnglichen Organisatoren riefen zu friedlichen Demonstrationen auf. Die von der nationalistischen Partei (PNR) infiltrierten Demonstranten versuchten die Absperrungen der Polizei zu durchbrechen, was einige Momente der Spannung erzeugte. So gab es in Portugals Hauptstadt auch drei Festnahmen.<\/p>\n<p style=\"text-align: justify;\">Alles in allem war die Bewegung der Gelbwesten in Portugal absolut \u00fcberfl\u00fcssig. Denn anders als in Frankreich, hat Portugal eine Regierung die daran arbeitet, die Kaufkraft der am st\u00e4rksten von der Krise betroffenen Menschen wiederherzustellen. Nat\u00fcrlich ist dies nicht so einfach und nur langsam schafft Premierminister Costa es die W\u00e4hler und die Gl\u00e4ubiger zufrieden zu stellen. Au\u00dferdem protestieren die Portugiesen eh schon mehr als genug, wie aus meinem gestrigen <a href=\"https:\/\/info-welt.eu\/2018\/12\/21\/portugal-trotz-aufschwung-ein-land-im-dauerstreik\/\">Artikel<\/a> hervorgeht.<\/p>\n<p style=\"text-align: justify;\">Wer letztlich von den Gelbwesten-Nachahmern profitiert, dass sind rechtsextreme Parteien und Bewegungen in ganz Europa. Seit Le Pen sich den Gelbwesten in Frankreich angeschlossen hat, kapern Nationalegoisten, Neofaschisten, Identit\u00e4re, Reichsb\u00fcrger und Neonazis und all jene, die sich auf Grund ihrer Herkunft als etwas besseres empfinden. Um also diesen Leuten eine Plattform zu bieten brauchen wir die Gelbwesten nicht. In Portugal gibt es jede Menge Streiks, dessen Forderungen individuell verhandelt und gel\u00f6st werden.<br \/>\n<span style=\"font-size: 10pt;\"><span style=\"color: #ffffff;\">.<\/span><br \/>\nBild und Bildunterschrift teilweise oder ganz hinzugef\u00fcgt von der Redaktion <\/span><a href=\"http:\/\/www.AmericanRebel.de\" target=\"_blank\" rel=\"noopener\"><span style=\"font-size: 10pt;\">AmericanRebel<\/span><\/a><br \/>\n<span style=\"color: #ffffff;\">.<\/span><br \/>\n<span style=\"font-size: 10pt;\"><a href=\"http:\/\/www.deanreed.de\/AmericanRebel\/2017\/?cat=122\" target=\"_blank\" rel=\"noopener\">Weitere Artikel von Rui Filipe Gutschmidt<\/a><\/span><span style=\"color: #ffffff;\">.<\/span><\/p>\n<blockquote>\n<p style=\"text-align: center;\"><span style=\"font-size: 10pt; color: #000000;\">F\u00fcr den Inhalt dieses Artikels ist der Autor bzw. die Autorin verantwortlich.<br \/>\nDabei muss es sich nicht grunds\u00e4tzlich um die Meinung der Redaktion handeln.<\/span><\/p>\n<table width=\"100%\" align=\"center\">\n<tbody>\n<tr>\n<td>\n<form action=\"https:\/\/www.paypal.com\/cgi-bin\/webscr\" method=\"post\" target=\"_top\"><input alt=\"Jetzt einfach, schnell und sicher online bezahlen \u2013 mit PayPal.\" name=\"submit\" src=\"https:\/\/www.paypalobjects.com\/de_DE\/DE\/i\/btn\/btn_donateCC_LG.gif\" type=\"image\" \/><\/form>\n<\/td>\n<td><span style=\"color: #993300;\"><strong>Auch linker Journalismus ist nicht kostenlos<br \/>\nund auch kleine Spenden k\u00f6nnen helfen Gro\u00dfes zu ver\u00f6ffentlichen!<\/strong><\/span><\/td>\n<\/tr>\n<\/tbody>\n<\/table>\n<div style=\"margin-left: 10px;\"><a title=\"zur Startseite\" href=\"http:\/\/www.americanrebel.de\/\"><img loading=\"lazy\" class=\"alignleft\" src=\"http:\/\/www.deanreed.de\/AmericanRebel\/2017\/wp-content\/uploads\/2017\/03\/back_ar.png\" alt=\"zur\u00fcck zur Startseite\" width=\"156\" height=\"15\" \/><\/a><\/div>\n<div style=\"margin-right: 10px;\"><a href=\"https:\/\/www.facebook.com\/groups\/1683837971860223\/permalink\/1987214344855916\/\" target=\"_blank\" rel=\"noopener noreferrer\"><img loading=\"lazy\" class=\"alignright\" src=\"http:\/\/www.deanreed.de\/AmericanRebel\/2017\/wp-content\/uploads\/2017\/03\/ar_zu_fb.png\" alt=\"hier geht es zur Facebook Diskussionsgruppe\" width=\"353\" height=\"15\" \/><\/a><\/div>\n<p style=\"text-align: center;\"><a href=\"http:\/\/www.deanreed.de\/AmericanRebel\/2017\/?p=13984#respond\" target=\"_blank\" rel=\"noopener noreferrer\"><img loading=\"lazy\" class=\"aligncenter\" src=\"http:\/\/www.deanreed.de\/AmericanRebel\/2017\/wp-content\/uploads\/2017\/03\/ar_kommentar-1.png\" alt=\"Sag uns deine Meinung zum Artikel mit einem Kommentar\/Leserbrief\" width=\"627\" height=\"20\" \/><\/a><\/p>\n<\/blockquote>\n","protected":false},"excerpt":{"rendered":"<p>Rui Filipe Gutschmidt Gelbe Westen in Portugal \u2013 \u201eRechtsextreme haben unseren Protest kaputt gemacht&#8220; Die Bewegung der Gelbwesten kam am Freitag, 21. Dezember auch nach Portugal. Doch es waren nur sehr wenige Menschen die dem Aufruf der Organisatoren folgten und [&hellip;]<a class=\"more-link\" href=\"https:\/\/www.deanreed.de\/AmericanRebel\/2017\/2018\/12\/26\/gelbe-westen-in-portugal-rechtsextreme-haben-unseren-protest-kaputt-gemacht\/\">&darr; Lese den Rest von diesem Eintrag&#8230;<\/a><\/p>\n","protected":false},"author":2,"featured_media":0,"comment_status":"open","ping_status":"open","sticky":false,"template":"","format":"standard","meta":[],"categories":[122],"tags":[393,1343,1165,1342,798,1341,157,1344,1345,592],"yoast_head":"<!-- This site is optimized with the Yoast SEO plugin v17.5 - https:\/\/yoast.com\/wordpress\/plugins\/seo\/ -->\n<title>- Gelbe Westen in Portugal \u2013 \u201eRechtsextreme haben unseren Protest kaputt gemacht&quot; &ndash; Onlinezeitung AmericanRebel<\/title>\n<meta name=\"robots\" content=\"index, follow, max-snippet:-1, max-image-preview:large, max-video-preview:-1\" \/>\n<link rel=\"canonical\" href=\"https:\/\/www.deanreed.de\/AmericanRebel\/2017\/2018\/12\/26\/gelbe-westen-in-portugal-rechtsextreme-haben-unseren-protest-kaputt-gemacht\/\" \/>\n<meta property=\"og:locale\" content=\"de_DE\" \/>\n<meta property=\"og:type\" content=\"article\" \/>\n<meta property=\"og:title\" content=\"- Gelbe Westen in Portugal \u2013 \u201eRechtsextreme haben unseren Protest kaputt gemacht&quot; &ndash; Onlinezeitung AmericanRebel\" \/>\n<meta property=\"og:description\" content=\"Rui Filipe Gutschmidt Gelbe Westen in Portugal \u2013 \u201eRechtsextreme haben unseren Protest kaputt gemacht&#8220; Die Bewegung der Gelbwesten kam am Freitag, 21. Dezember auch nach Portugal. Doch es waren nur sehr wenige Menschen die dem Aufruf der Organisatoren folgten und [&hellip;]&darr; Lese den Rest von diesem Eintrag...\" \/>\n<meta property=\"og:url\" content=\"https:\/\/www.deanreed.de\/AmericanRebel\/2017\/2018\/12\/26\/gelbe-westen-in-portugal-rechtsextreme-haben-unseren-protest-kaputt-gemacht\/\" \/>\n<meta property=\"og:site_name\" content=\"Onlinezeitung AmericanRebel\" \/>\n<meta property=\"article:published_time\" content=\"2018-12-26T20:09:08+00:00\" \/>\n<meta property=\"article:modified_time\" content=\"2019-01-05T17:40:35+00:00\" \/>\n<meta property=\"og:image\" content=\"http:\/\/www.deanreed.de\/AmericanRebel\/2017\/wp-content\/uploads\/2037\/12\/Rui_Gutschmidt.jpg\" \/>\n<meta name=\"twitter:card\" content=\"summary_large_image\" \/>\n<meta name=\"twitter:label1\" content=\"Verfasst von\" \/>\n\t<meta name=\"twitter:data1\" content=\"Redaktion\" \/>\n\t<meta name=\"twitter:label2\" content=\"Gesch\u00e4tzte Lesezeit\" \/>\n\t<meta name=\"twitter:data2\" content=\"3\u00a0Minuten\" \/>\n<script type=\"application\/ld+json\" class=\"yoast-schema-graph\">{\"@context\":\"https:\/\/schema.org\",\"@graph\":[{\"@type\":\"WebSite\",\"@id\":\"https:\/\/www.deanreed.de\/AmericanRebel\/2017\/#website\",\"url\":\"https:\/\/www.deanreed.de\/AmericanRebel\/2017\/\",\"name\":\"Onlinezeitung AmericanRebel\",\"description\":\"Internationale Onlinezeitung f\\u00fcr Frieden, Humanismus, V\\u00f6lkerverst\\u00e4ndigung und Kultur\",\"potentialAction\":[{\"@type\":\"SearchAction\",\"target\":{\"@type\":\"EntryPoint\",\"urlTemplate\":\"https:\/\/www.deanreed.de\/AmericanRebel\/2017\/?s={search_term_string}\"},\"query-input\":\"required name=search_term_string\"}],\"inLanguage\":\"de\"},{\"@type\":\"ImageObject\",\"@id\":\"https:\/\/www.deanreed.de\/AmericanRebel\/2017\/2018\/12\/26\/gelbe-westen-in-portugal-rechtsextreme-haben-unseren-protest-kaputt-gemacht\/#primaryimage\",\"inLanguage\":\"de\",\"url\":\"http:\/\/www.deanreed.de\/AmericanRebel\/2017\/wp-content\/uploads\/2037\/12\/Rui_Gutschmidt.jpg\",\"contentUrl\":\"http:\/\/www.deanreed.de\/AmericanRebel\/2017\/wp-content\/uploads\/2037\/12\/Rui_Gutschmidt.jpg\"},{\"@type\":\"WebPage\",\"@id\":\"https:\/\/www.deanreed.de\/AmericanRebel\/2017\/2018\/12\/26\/gelbe-westen-in-portugal-rechtsextreme-haben-unseren-protest-kaputt-gemacht\/#webpage\",\"url\":\"https:\/\/www.deanreed.de\/AmericanRebel\/2017\/2018\/12\/26\/gelbe-westen-in-portugal-rechtsextreme-haben-unseren-protest-kaputt-gemacht\/\",\"name\":\"- Gelbe Westen in Portugal \\u2013 \\u201eRechtsextreme haben unseren Protest kaputt gemacht\\\" &ndash; Onlinezeitung AmericanRebel\",\"isPartOf\":{\"@id\":\"https:\/\/www.deanreed.de\/AmericanRebel\/2017\/#website\"},\"primaryImageOfPage\":{\"@id\":\"https:\/\/www.deanreed.de\/AmericanRebel\/2017\/2018\/12\/26\/gelbe-westen-in-portugal-rechtsextreme-haben-unseren-protest-kaputt-gemacht\/#primaryimage\"},\"datePublished\":\"2018-12-26T20:09:08+00:00\",\"dateModified\":\"2019-01-05T17:40:35+00:00\",\"author\":{\"@id\":\"https:\/\/www.deanreed.de\/AmericanRebel\/2017\/#\/schema\/person\/9edfca7917cd10b75edaae51c6e7935a\"},\"breadcrumb\":{\"@id\":\"https:\/\/www.deanreed.de\/AmericanRebel\/2017\/2018\/12\/26\/gelbe-westen-in-portugal-rechtsextreme-haben-unseren-protest-kaputt-gemacht\/#breadcrumb\"},\"inLanguage\":\"de\",\"potentialAction\":[{\"@type\":\"ReadAction\",\"target\":[\"https:\/\/www.deanreed.de\/AmericanRebel\/2017\/2018\/12\/26\/gelbe-westen-in-portugal-rechtsextreme-haben-unseren-protest-kaputt-gemacht\/\"]}]},{\"@type\":\"BreadcrumbList\",\"@id\":\"https:\/\/www.deanreed.de\/AmericanRebel\/2017\/2018\/12\/26\/gelbe-westen-in-portugal-rechtsextreme-haben-unseren-protest-kaputt-gemacht\/#breadcrumb\",\"itemListElement\":[{\"@type\":\"ListItem\",\"position\":1,\"name\":\"Startseite\",\"item\":\"https:\/\/www.deanreed.de\/AmericanRebel\/2017\/\"},{\"@type\":\"ListItem\",\"position\":2,\"name\":\"&#8211; Gelbe Westen in Portugal \\u2013 \\u201eRechtsextreme haben unseren Protest kaputt gemacht&#8220;\"}]},{\"@type\":\"Person\",\"@id\":\"https:\/\/www.deanreed.de\/AmericanRebel\/2017\/#\/schema\/person\/9edfca7917cd10b75edaae51c6e7935a\",\"name\":\"Redaktion\",\"url\":\"https:\/\/www.deanreed.de\/AmericanRebel\/2017\/author\/redaktion\/\"}]}<\/script>\n<!-- \/ Yoast SEO plugin. -->","yoast_head_json":{"title":"- Gelbe Westen in Portugal \u2013 \u201eRechtsextreme haben unseren Protest kaputt gemacht\" &ndash; Onlinezeitung AmericanRebel","robots":{"index":"index","follow":"follow","max-snippet":"max-snippet:-1","max-image-preview":"max-image-preview:large","max-video-preview":"max-video-preview:-1"},"canonical":"https:\/\/www.deanreed.de\/AmericanRebel\/2017\/2018\/12\/26\/gelbe-westen-in-portugal-rechtsextreme-haben-unseren-protest-kaputt-gemacht\/","og_locale":"de_DE","og_type":"article","og_title":"- Gelbe Westen in Portugal \u2013 \u201eRechtsextreme haben unseren Protest kaputt gemacht\" &ndash; Onlinezeitung AmericanRebel","og_description":"Rui Filipe Gutschmidt Gelbe Westen in Portugal \u2013 \u201eRechtsextreme haben unseren Protest kaputt gemacht&#8220; Die Bewegung der Gelbwesten kam am Freitag, 21. Dezember auch nach Portugal. Doch es waren nur sehr wenige Menschen die dem Aufruf der Organisatoren folgten und [&hellip;]&darr; Lese den Rest von diesem Eintrag...","og_url":"https:\/\/www.deanreed.de\/AmericanRebel\/2017\/2018\/12\/26\/gelbe-westen-in-portugal-rechtsextreme-haben-unseren-protest-kaputt-gemacht\/","og_site_name":"Onlinezeitung AmericanRebel","article_published_time":"2018-12-26T20:09:08+00:00","article_modified_time":"2019-01-05T17:40:35+00:00","og_image":[{"url":"http:\/\/www.deanreed.de\/AmericanRebel\/2017\/wp-content\/uploads\/2037\/12\/Rui_Gutschmidt.jpg"}],"twitter_card":"summary_large_image","twitter_misc":{"Verfasst von":"Redaktion","Gesch\u00e4tzte Lesezeit":"3\u00a0Minuten"},"schema":{"@context":"https:\/\/schema.org","@graph":[{"@type":"WebSite","@id":"https:\/\/www.deanreed.de\/AmericanRebel\/2017\/#website","url":"https:\/\/www.deanreed.de\/AmericanRebel\/2017\/","name":"Onlinezeitung AmericanRebel","description":"Internationale Onlinezeitung f\u00fcr Frieden, Humanismus, V\u00f6lkerverst\u00e4ndigung und Kultur","potentialAction":[{"@type":"SearchAction","target":{"@type":"EntryPoint","urlTemplate":"https:\/\/www.deanreed.de\/AmericanRebel\/2017\/?s={search_term_string}"},"query-input":"required name=search_term_string"}],"inLanguage":"de"},{"@type":"ImageObject","@id":"https:\/\/www.deanreed.de\/AmericanRebel\/2017\/2018\/12\/26\/gelbe-westen-in-portugal-rechtsextreme-haben-unseren-protest-kaputt-gemacht\/#primaryimage","inLanguage":"de","url":"http:\/\/www.deanreed.de\/AmericanRebel\/2017\/wp-content\/uploads\/2037\/12\/Rui_Gutschmidt.jpg","contentUrl":"http:\/\/www.deanreed.de\/AmericanRebel\/2017\/wp-content\/uploads\/2037\/12\/Rui_Gutschmidt.jpg"},{"@type":"WebPage","@id":"https:\/\/www.deanreed.de\/AmericanRebel\/2017\/2018\/12\/26\/gelbe-westen-in-portugal-rechtsextreme-haben-unseren-protest-kaputt-gemacht\/#webpage","url":"https:\/\/www.deanreed.de\/AmericanRebel\/2017\/2018\/12\/26\/gelbe-westen-in-portugal-rechtsextreme-haben-unseren-protest-kaputt-gemacht\/","name":"- Gelbe Westen in Portugal \u2013 \u201eRechtsextreme haben unseren Protest kaputt gemacht\" &ndash; Onlinezeitung AmericanRebel","isPartOf":{"@id":"https:\/\/www.deanreed.de\/AmericanRebel\/2017\/#website"},"primaryImageOfPage":{"@id":"https:\/\/www.deanreed.de\/AmericanRebel\/2017\/2018\/12\/26\/gelbe-westen-in-portugal-rechtsextreme-haben-unseren-protest-kaputt-gemacht\/#primaryimage"},"datePublished":"2018-12-26T20:09:08+00:00","dateModified":"2019-01-05T17:40:35+00:00","author":{"@id":"https:\/\/www.deanreed.de\/AmericanRebel\/2017\/#\/schema\/person\/9edfca7917cd10b75edaae51c6e7935a"},"breadcrumb":{"@id":"https:\/\/www.deanreed.de\/AmericanRebel\/2017\/2018\/12\/26\/gelbe-westen-in-portugal-rechtsextreme-haben-unseren-protest-kaputt-gemacht\/#breadcrumb"},"inLanguage":"de","potentialAction":[{"@type":"ReadAction","target":["https:\/\/www.deanreed.de\/AmericanRebel\/2017\/2018\/12\/26\/gelbe-westen-in-portugal-rechtsextreme-haben-unseren-protest-kaputt-gemacht\/"]}]},{"@type":"BreadcrumbList","@id":"https:\/\/www.deanreed.de\/AmericanRebel\/2017\/2018\/12\/26\/gelbe-westen-in-portugal-rechtsextreme-haben-unseren-protest-kaputt-gemacht\/#breadcrumb","itemListElement":[{"@type":"ListItem","position":1,"name":"Startseite","item":"https:\/\/www.deanreed.de\/AmericanRebel\/2017\/"},{"@type":"ListItem","position":2,"name":"&#8211; Gelbe Westen in Portugal \u2013 \u201eRechtsextreme haben unseren Protest kaputt gemacht&#8220;"}]},{"@type":"Person","@id":"https:\/\/www.deanreed.de\/AmericanRebel\/2017\/#\/schema\/person\/9edfca7917cd10b75edaae51c6e7935a","name":"Redaktion","url":"https:\/\/www.deanreed.de\/AmericanRebel\/2017\/author\/redaktion\/"}]}},"_links":{"self":[{"href":"https:\/\/www.deanreed.de\/AmericanRebel\/2017\/wp-json\/wp\/v2\/posts\/18692"}],"collection":[{"href":"https:\/\/www.deanreed.de\/AmericanRebel\/2017\/wp-json\/wp\/v2\/posts"}],"about":[{"href":"https:\/\/www.deanreed.de\/AmericanRebel\/2017\/wp-json\/wp\/v2\/types\/post"}],"author":[{"embeddable":true,"href":"https:\/\/www.deanreed.de\/AmericanRebel\/2017\/wp-json\/wp\/v2\/users\/2"}],"replies":[{"embeddable":true,"href":"https:\/\/www.deanreed.de\/AmericanRebel\/2017\/wp-json\/wp\/v2\/comments?post=18692"}],"version-history":[{"count":0,"href":"https:\/\/www.deanreed.de\/AmericanRebel\/2017\/wp-json\/wp\/v2\/posts\/18692\/revisions"}],"wp:attachment":[{"href":"https:\/\/www.deanreed.de\/AmericanRebel\/2017\/wp-json\/wp\/v2\/media?parent=18692"}],"wp:term":[{"taxonomy":"category","embeddable":true,"href":"https:\/\/www.deanreed.de\/AmericanRebel\/2017\/wp-json\/wp\/v2\/categories?post=18692"},{"taxonomy":"post_tag","embeddable":true,"href":"https:\/\/www.deanreed.de\/AmericanRebel\/2017\/wp-json\/wp\/v2\/tags?post=18692"}],"curies":[{"name":"wp","href":"https:\/\/api.w.org\/{rel}","templated":true}]}}