{"id":17710,"date":"2018-11-03T15:44:05","date_gmt":"2018-11-03T14:44:05","guid":{"rendered":"http:\/\/www.deanreed.de\/AmericanRebel\/2017\/?p=17710"},"modified":"2018-11-03T16:30:45","modified_gmt":"2018-11-03T15:30:45","slug":"gesprungen-aber-in-die-falsche-richtung","status":"publish","type":"post","link":"https:\/\/www.deanreed.de\/AmericanRebel\/2017\/2018\/11\/03\/gesprungen-aber-in-die-falsche-richtung\/","title":{"rendered":"&#8211; Gesprungen, aber in die falsche Richtung&#8230;"},"content":{"rendered":"<table width=\"663\">\n<tbody>\n<tr>\n<td><a href=\"http:\/\/www.deanreed.de\/AmericanRebel\/2017\/?p=15038\" target=\"_blank\" rel=\"noopener\">Volkskorrespondent<\/a><\/p>\n<h4>Dagmar Henn<br \/>\n<span style=\"color: #ffffff;\">.<\/span><\/h4>\n<h2><strong>Gesprungen, aber in die falsche Richtung&#8230;<\/strong><\/h2>\n<\/td>\n<td><img loading=\"lazy\" class=\"wp-image-14973 alignright\" src=\"http:\/\/www.deanreed.de\/AmericanRebel\/2017\/wp-content\/uploads\/2018\/07\/VK_end_113.png\" alt=\"\" width=\"90\" height=\"90\" \/><\/td>\n<\/tr>\n<\/tbody>\n<\/table>\n<div id=\"attachment_17406\" style=\"width: 110px\" class=\"wp-caption alignleft\"><img aria-describedby=\"caption-attachment-17406\" loading=\"lazy\" class=\"size-full wp-image-17406\" src=\"http:\/\/www.deanreed.de\/AmericanRebel\/2017\/wp-content\/uploads\/2018\/10\/Dagmar_Henn.jpg\" alt=\"\" width=\"100\" height=\"150\" \/><p id=\"caption-attachment-17406\" class=\"wp-caption-text\"><span style=\"color: #808080;\">Dagmar Henn<\/span><\/p><\/div>\n<p style=\"text-align: justify;\"><strong><a href=\"https:\/\/mietenvolksentscheidberlin.de\/\" target=\"_blank\" rel=\"noopener\">Volksentscheid<\/a> will Immobilienkonzerne enteignen \u2013 Klingt toll radikal, die Forderung, Wohnungskonzerne zu enteignen.<\/strong><\/p>\n<p style=\"text-align: justify;\">Hat aber einen gro\u00dfen Nachteil: daf\u00fcr w\u00fcrde, solange die bestehende Rechtsordnung besteht, eine Entsch\u00e4digung f\u00e4llig. In H\u00f6he des Marktwerts. Dann denkt mal nach, wie viel Geld in der Landeskasse danach noch drin ist&#8230;<\/p>\n<p>Aber es gibt eine andere M\u00f6glichkeit. Eine gesetzliche Mietobergrenze. Hatten wir \u00fcbrigens bis Anfang der 1970er auch in der BRD.<\/p>\n<p style=\"text-align: justify;\">Daf\u00fcr muss keine Entsch\u00e4digung gezahlt werden. Das Eigentum sind n\u00e4mlich Grund und Geb\u00e4ude, die Miete ist nur die Verzinsung. Und es gibt zwar ein Recht auf Eigentum, aber kein Recht auf Verzinsung.<\/p>\n<p style=\"text-align: justify;\">W\u00e4re die Miete gesetzlich begrenzt, w\u00fcrde sich die Frage des Eigentums besagter Wohnungskonzerne sehr schnell von alleine erledigen. Damit w\u00e4re der &#8218;Wohnungsmarkt&#8216; kein Markt mehr und in Ermangelung von ausreichender Verzinsung f\u00fcr die Kapitalgeber dieser Gesellschaften v\u00f6llig uninteressant. Sie w\u00fcrden ihre Best\u00e4nde ziemlich schnell absto\u00dfen, zu dann deutlich niedrigeren Preisen.<br \/>\nDann k\u00f6nnten Kommunen und L\u00e4nder sie einfach kaufen.<\/p>\n<p style=\"text-align: justify;\">Und noch einmal &#8211; diese Variante ist v\u00f6llig legal, denn es gibt kein Recht auf Verzinsung&#8230;<br \/>\n<span style=\"color: #ffffff;\">.<\/span><\/p>\n<p style=\"text-align: center;\"><span style=\"font-size: 12pt;\">Volksentscheid will Immobilienkonzerne enteignen<br \/>\n<span style=\"font-size: 10pt;\">Der Tagesspiegel, 29. Oktober 2018<\/span><br \/>\n<\/span><\/p>\n<p style=\"text-align: justify;\"><a href=\"https:\/\/www.tagesspiegel.de\/berlin\/wohnen-in-berlin-volksentscheid-will-immobilienkonzerne-enteignen\/23244502.html?fbclid=IwAR2neiZn27hfNHWLx_AVgBlecGmBKWUnX_HUI0Y-Qya6N2H5I6cB8NCQBtA\" target=\"_blank\" rel=\"noopener\"><img loading=\"lazy\" class=\" wp-image-17717 aligncenter\" src=\"http:\/\/www.deanreed.de\/AmericanRebel\/2017\/wp-content\/uploads\/2017\/11\/de34-300x138.jpg\" alt=\"\" width=\"330\" height=\"152\" srcset=\"https:\/\/www.deanreed.de\/AmericanRebel\/2017\/wp-content\/uploads\/2017\/11\/de34-300x138.jpg 300w, https:\/\/www.deanreed.de\/AmericanRebel\/2017\/wp-content\/uploads\/2017\/11\/de34.jpg 686w\" sizes=\"(max-width: 330px) 100vw, 330px\" \/><\/a><br \/>\n<span style=\"color: #ffffff;\">.<\/span><\/p>\n<blockquote>\n<blockquote>\n<p style=\"text-align: center;\"><span style=\"font-size: 10pt; color: #000000;\">F\u00fcr den Inhalt dieses Artikels ist der Autor bzw. die Autorin verantwortlich.<br \/>\nDabei muss es sich nicht grunds\u00e4tzlich um die Meinung der Redaktion handeln.<\/span><\/p>\n<table width=\"100%\" align=\"center\">\n<tbody>\n<tr>\n<td style=\"text-align: justify;\"><img loading=\"lazy\" class=\"size-full wp-image-7516 aligncenter\" src=\"http:\/\/www.deanreed.de\/AmericanRebel\/2017\/wp-content\/uploads\/2018\/10\/88x31.png\" alt=\"\" width=\"88\" height=\"31\" \/><\/td>\n<td style=\"text-align: justify; font-size: 10pt;\"><a href=\"https:\/\/creativecommons.org\/licenses\/by-nc-nd\/4.0\/\" target=\"_blank\" rel=\"license noopener\">Dieses Werk ist lizenziert unter einer Creative Commons Namensnennung &#8211;<br \/>\nNicht kommerziell &#8211; Keine Bearbeitungen 4.0 International Lizenz.<\/a><\/td>\n<\/tr>\n<tr>\n<td>\n<form action=\"https:\/\/www.paypal.com\/cgi-bin\/webscr\" method=\"post\" target=\"_top\"><input alt=\"Jetzt einfach, schnell und sicher online bezahlen \u2013 mit PayPal.\" name=\"submit\" src=\"https:\/\/www.paypalobjects.com\/de_DE\/DE\/i\/btn\/btn_donateCC_LG.gif\" type=\"image\" \/><\/form>\n<\/td>\n<td><span style=\"color: #993300;\"><strong>Auch linker Journalismus ist nicht kostenlos<br \/>\nund auch kleine Spenden k\u00f6nnen helfen Gro\u00dfes zu ver\u00f6ffentlichen!<\/strong><\/span><\/td>\n<\/tr>\n<\/tbody>\n<\/table>\n<div style=\"margin-left: 10px;\"><a title=\"zur Startseite\" href=\"http:\/\/www.americanrebel.de\/\"><img loading=\"lazy\" class=\"alignleft\" src=\"http:\/\/www.deanreed.de\/AmericanRebel\/2017\/wp-content\/uploads\/2017\/03\/back_ar.png\" alt=\"zur\u00fcck zur Startseite\" width=\"156\" height=\"15\" \/><\/a><\/div>\n<div style=\"margin-right: 10px;\"><a href=\"https:\/\/www.facebook.com\/groups\/1683837971860223\/permalink\/1987214344855916\/\" target=\"_blank\" rel=\"noopener noreferrer\"><img loading=\"lazy\" class=\"alignright\" src=\"http:\/\/www.deanreed.de\/AmericanRebel\/2017\/wp-content\/uploads\/2017\/03\/ar_zu_fb.png\" alt=\"hier geht es zur Facebook Diskussionsgruppe\" width=\"353\" height=\"15\" \/><\/a><\/div>\n<p><a href=\"http:\/\/www.deanreed.de\/AmericanRebel\/2017\/?p=13984#respond\" target=\"_blank\" rel=\"noopener noreferrer\"><img loading=\"lazy\" class=\"aligncenter\" src=\"http:\/\/www.deanreed.de\/AmericanRebel\/2017\/wp-content\/uploads\/2017\/03\/ar_kommentar-1.png\" alt=\"Sag uns deine Meinung zum Artikel mit einem Kommentar\/Leserbrief\" width=\"627\" height=\"20\" \/><\/a><\/p><\/blockquote>\n<\/blockquote>\n","protected":false},"excerpt":{"rendered":"<p>Volkskorrespondent Dagmar Henn . Gesprungen, aber in die falsche Richtung&#8230; Volksentscheid will Immobilienkonzerne enteignen \u2013 Klingt toll radikal, die Forderung, Wohnungskonzerne zu enteignen. Hat aber einen gro\u00dfen Nachteil: daf\u00fcr w\u00fcrde, solange die bestehende Rechtsordnung besteht, eine Entsch\u00e4digung f\u00e4llig. In H\u00f6he [&hellip;]<a class=\"more-link\" href=\"https:\/\/www.deanreed.de\/AmericanRebel\/2017\/2018\/11\/03\/gesprungen-aber-in-die-falsche-richtung\/\">&darr; Lese den Rest von diesem Eintrag&#8230;<\/a><\/p>\n","protected":false},"author":2,"featured_media":0,"comment_status":"open","ping_status":"open","sticky":false,"template":"","format":"standard","meta":[],"categories":[825],"tags":[748,827,974,973,975],"yoast_head":"<!-- This site is optimized with the Yoast SEO plugin v17.5 - https:\/\/yoast.com\/wordpress\/plugins\/seo\/ -->\n<title>- Gesprungen, aber in die falsche Richtung... &ndash; Onlinezeitung AmericanRebel<\/title>\n<meta name=\"robots\" content=\"index, follow, max-snippet:-1, max-image-preview:large, max-video-preview:-1\" \/>\n<link rel=\"canonical\" href=\"http:\/\/www.deanreed.de\/AmericanRebel\/2017\/2018\/11\/03\/gesprungen-aber-in-die-falsche-richtung\/\" \/>\n<meta property=\"og:locale\" content=\"de_DE\" \/>\n<meta property=\"og:type\" content=\"article\" \/>\n<meta property=\"og:title\" content=\"- Gesprungen, aber in die falsche Richtung... &ndash; Onlinezeitung AmericanRebel\" \/>\n<meta property=\"og:description\" content=\"Volkskorrespondent Dagmar Henn . Gesprungen, aber in die falsche Richtung&#8230; Volksentscheid will Immobilienkonzerne enteignen \u2013 Klingt toll radikal, die Forderung, Wohnungskonzerne zu enteignen. Hat aber einen gro\u00dfen Nachteil: daf\u00fcr w\u00fcrde, solange die bestehende Rechtsordnung besteht, eine Entsch\u00e4digung f\u00e4llig. In H\u00f6he [&hellip;]&darr; Lese den Rest von diesem Eintrag...\" \/>\n<meta property=\"og:url\" content=\"http:\/\/www.deanreed.de\/AmericanRebel\/2017\/2018\/11\/03\/gesprungen-aber-in-die-falsche-richtung\/\" \/>\n<meta property=\"og:site_name\" content=\"Onlinezeitung AmericanRebel\" \/>\n<meta property=\"article:published_time\" content=\"2018-11-03T14:44:05+00:00\" \/>\n<meta property=\"article:modified_time\" content=\"2018-11-03T15:30:45+00:00\" \/>\n<meta property=\"og:image\" content=\"http:\/\/www.deanreed.de\/AmericanRebel\/2017\/wp-content\/uploads\/2018\/07\/VK_end_113.png\" \/>\n<meta name=\"twitter:card\" content=\"summary_large_image\" \/>\n<meta name=\"twitter:label1\" content=\"Verfasst von\" \/>\n\t<meta name=\"twitter:data1\" content=\"Redaktion\" \/>\n\t<meta name=\"twitter:label2\" content=\"Gesch\u00e4tzte Lesezeit\" \/>\n\t<meta name=\"twitter:data2\" content=\"1\u00a0Minute\" \/>\n<script type=\"application\/ld+json\" class=\"yoast-schema-graph\">{\"@context\":\"https:\/\/schema.org\",\"@graph\":[{\"@type\":\"WebSite\",\"@id\":\"https:\/\/www.deanreed.de\/AmericanRebel\/2017\/#website\",\"url\":\"https:\/\/www.deanreed.de\/AmericanRebel\/2017\/\",\"name\":\"Onlinezeitung AmericanRebel\",\"description\":\"Internationale Onlinezeitung f\\u00fcr Frieden, Humanismus, V\\u00f6lkerverst\\u00e4ndigung und Kultur\",\"potentialAction\":[{\"@type\":\"SearchAction\",\"target\":{\"@type\":\"EntryPoint\",\"urlTemplate\":\"https:\/\/www.deanreed.de\/AmericanRebel\/2017\/?s={search_term_string}\"},\"query-input\":\"required name=search_term_string\"}],\"inLanguage\":\"de\"},{\"@type\":\"ImageObject\",\"@id\":\"http:\/\/www.deanreed.de\/AmericanRebel\/2017\/2018\/11\/03\/gesprungen-aber-in-die-falsche-richtung\/#primaryimage\",\"inLanguage\":\"de\",\"url\":\"http:\/\/www.deanreed.de\/AmericanRebel\/2017\/wp-content\/uploads\/2018\/07\/VK_end_113.png\",\"contentUrl\":\"http:\/\/www.deanreed.de\/AmericanRebel\/2017\/wp-content\/uploads\/2018\/07\/VK_end_113.png\"},{\"@type\":\"WebPage\",\"@id\":\"http:\/\/www.deanreed.de\/AmericanRebel\/2017\/2018\/11\/03\/gesprungen-aber-in-die-falsche-richtung\/#webpage\",\"url\":\"http:\/\/www.deanreed.de\/AmericanRebel\/2017\/2018\/11\/03\/gesprungen-aber-in-die-falsche-richtung\/\",\"name\":\"- Gesprungen, aber in die falsche Richtung... &ndash; Onlinezeitung AmericanRebel\",\"isPartOf\":{\"@id\":\"https:\/\/www.deanreed.de\/AmericanRebel\/2017\/#website\"},\"primaryImageOfPage\":{\"@id\":\"http:\/\/www.deanreed.de\/AmericanRebel\/2017\/2018\/11\/03\/gesprungen-aber-in-die-falsche-richtung\/#primaryimage\"},\"datePublished\":\"2018-11-03T14:44:05+00:00\",\"dateModified\":\"2018-11-03T15:30:45+00:00\",\"author\":{\"@id\":\"https:\/\/www.deanreed.de\/AmericanRebel\/2017\/#\/schema\/person\/9edfca7917cd10b75edaae51c6e7935a\"},\"breadcrumb\":{\"@id\":\"http:\/\/www.deanreed.de\/AmericanRebel\/2017\/2018\/11\/03\/gesprungen-aber-in-die-falsche-richtung\/#breadcrumb\"},\"inLanguage\":\"de\",\"potentialAction\":[{\"@type\":\"ReadAction\",\"target\":[\"http:\/\/www.deanreed.de\/AmericanRebel\/2017\/2018\/11\/03\/gesprungen-aber-in-die-falsche-richtung\/\"]}]},{\"@type\":\"BreadcrumbList\",\"@id\":\"http:\/\/www.deanreed.de\/AmericanRebel\/2017\/2018\/11\/03\/gesprungen-aber-in-die-falsche-richtung\/#breadcrumb\",\"itemListElement\":[{\"@type\":\"ListItem\",\"position\":1,\"name\":\"Startseite\",\"item\":\"https:\/\/www.deanreed.de\/AmericanRebel\/2017\/\"},{\"@type\":\"ListItem\",\"position\":2,\"name\":\"&#8211; Gesprungen, aber in die falsche Richtung&#8230;\"}]},{\"@type\":\"Person\",\"@id\":\"https:\/\/www.deanreed.de\/AmericanRebel\/2017\/#\/schema\/person\/9edfca7917cd10b75edaae51c6e7935a\",\"name\":\"Redaktion\",\"url\":\"https:\/\/www.deanreed.de\/AmericanRebel\/2017\/author\/redaktion\/\"}]}<\/script>\n<!-- \/ Yoast SEO plugin. -->","yoast_head_json":{"title":"- Gesprungen, aber in die falsche Richtung... &ndash; Onlinezeitung AmericanRebel","robots":{"index":"index","follow":"follow","max-snippet":"max-snippet:-1","max-image-preview":"max-image-preview:large","max-video-preview":"max-video-preview:-1"},"canonical":"http:\/\/www.deanreed.de\/AmericanRebel\/2017\/2018\/11\/03\/gesprungen-aber-in-die-falsche-richtung\/","og_locale":"de_DE","og_type":"article","og_title":"- Gesprungen, aber in die falsche Richtung... &ndash; Onlinezeitung AmericanRebel","og_description":"Volkskorrespondent Dagmar Henn . Gesprungen, aber in die falsche Richtung&#8230; Volksentscheid will Immobilienkonzerne enteignen \u2013 Klingt toll radikal, die Forderung, Wohnungskonzerne zu enteignen. Hat aber einen gro\u00dfen Nachteil: daf\u00fcr w\u00fcrde, solange die bestehende Rechtsordnung besteht, eine Entsch\u00e4digung f\u00e4llig. In H\u00f6he [&hellip;]&darr; Lese den Rest von diesem Eintrag...","og_url":"http:\/\/www.deanreed.de\/AmericanRebel\/2017\/2018\/11\/03\/gesprungen-aber-in-die-falsche-richtung\/","og_site_name":"Onlinezeitung AmericanRebel","article_published_time":"2018-11-03T14:44:05+00:00","article_modified_time":"2018-11-03T15:30:45+00:00","og_image":[{"url":"http:\/\/www.deanreed.de\/AmericanRebel\/2017\/wp-content\/uploads\/2018\/07\/VK_end_113.png"}],"twitter_card":"summary_large_image","twitter_misc":{"Verfasst von":"Redaktion","Gesch\u00e4tzte Lesezeit":"1\u00a0Minute"},"schema":{"@context":"https:\/\/schema.org","@graph":[{"@type":"WebSite","@id":"https:\/\/www.deanreed.de\/AmericanRebel\/2017\/#website","url":"https:\/\/www.deanreed.de\/AmericanRebel\/2017\/","name":"Onlinezeitung AmericanRebel","description":"Internationale Onlinezeitung f\u00fcr Frieden, Humanismus, V\u00f6lkerverst\u00e4ndigung und Kultur","potentialAction":[{"@type":"SearchAction","target":{"@type":"EntryPoint","urlTemplate":"https:\/\/www.deanreed.de\/AmericanRebel\/2017\/?s={search_term_string}"},"query-input":"required name=search_term_string"}],"inLanguage":"de"},{"@type":"ImageObject","@id":"http:\/\/www.deanreed.de\/AmericanRebel\/2017\/2018\/11\/03\/gesprungen-aber-in-die-falsche-richtung\/#primaryimage","inLanguage":"de","url":"http:\/\/www.deanreed.de\/AmericanRebel\/2017\/wp-content\/uploads\/2018\/07\/VK_end_113.png","contentUrl":"http:\/\/www.deanreed.de\/AmericanRebel\/2017\/wp-content\/uploads\/2018\/07\/VK_end_113.png"},{"@type":"WebPage","@id":"http:\/\/www.deanreed.de\/AmericanRebel\/2017\/2018\/11\/03\/gesprungen-aber-in-die-falsche-richtung\/#webpage","url":"http:\/\/www.deanreed.de\/AmericanRebel\/2017\/2018\/11\/03\/gesprungen-aber-in-die-falsche-richtung\/","name":"- Gesprungen, aber in die falsche Richtung... &ndash; Onlinezeitung AmericanRebel","isPartOf":{"@id":"https:\/\/www.deanreed.de\/AmericanRebel\/2017\/#website"},"primaryImageOfPage":{"@id":"http:\/\/www.deanreed.de\/AmericanRebel\/2017\/2018\/11\/03\/gesprungen-aber-in-die-falsche-richtung\/#primaryimage"},"datePublished":"2018-11-03T14:44:05+00:00","dateModified":"2018-11-03T15:30:45+00:00","author":{"@id":"https:\/\/www.deanreed.de\/AmericanRebel\/2017\/#\/schema\/person\/9edfca7917cd10b75edaae51c6e7935a"},"breadcrumb":{"@id":"http:\/\/www.deanreed.de\/AmericanRebel\/2017\/2018\/11\/03\/gesprungen-aber-in-die-falsche-richtung\/#breadcrumb"},"inLanguage":"de","potentialAction":[{"@type":"ReadAction","target":["http:\/\/www.deanreed.de\/AmericanRebel\/2017\/2018\/11\/03\/gesprungen-aber-in-die-falsche-richtung\/"]}]},{"@type":"BreadcrumbList","@id":"http:\/\/www.deanreed.de\/AmericanRebel\/2017\/2018\/11\/03\/gesprungen-aber-in-die-falsche-richtung\/#breadcrumb","itemListElement":[{"@type":"ListItem","position":1,"name":"Startseite","item":"https:\/\/www.deanreed.de\/AmericanRebel\/2017\/"},{"@type":"ListItem","position":2,"name":"&#8211; Gesprungen, aber in die falsche Richtung&#8230;"}]},{"@type":"Person","@id":"https:\/\/www.deanreed.de\/AmericanRebel\/2017\/#\/schema\/person\/9edfca7917cd10b75edaae51c6e7935a","name":"Redaktion","url":"https:\/\/www.deanreed.de\/AmericanRebel\/2017\/author\/redaktion\/"}]}},"_links":{"self":[{"href":"https:\/\/www.deanreed.de\/AmericanRebel\/2017\/wp-json\/wp\/v2\/posts\/17710"}],"collection":[{"href":"https:\/\/www.deanreed.de\/AmericanRebel\/2017\/wp-json\/wp\/v2\/posts"}],"about":[{"href":"https:\/\/www.deanreed.de\/AmericanRebel\/2017\/wp-json\/wp\/v2\/types\/post"}],"author":[{"embeddable":true,"href":"https:\/\/www.deanreed.de\/AmericanRebel\/2017\/wp-json\/wp\/v2\/users\/2"}],"replies":[{"embeddable":true,"href":"https:\/\/www.deanreed.de\/AmericanRebel\/2017\/wp-json\/wp\/v2\/comments?post=17710"}],"version-history":[{"count":0,"href":"https:\/\/www.deanreed.de\/AmericanRebel\/2017\/wp-json\/wp\/v2\/posts\/17710\/revisions"}],"wp:attachment":[{"href":"https:\/\/www.deanreed.de\/AmericanRebel\/2017\/wp-json\/wp\/v2\/media?parent=17710"}],"wp:term":[{"taxonomy":"category","embeddable":true,"href":"https:\/\/www.deanreed.de\/AmericanRebel\/2017\/wp-json\/wp\/v2\/categories?post=17710"},{"taxonomy":"post_tag","embeddable":true,"href":"https:\/\/www.deanreed.de\/AmericanRebel\/2017\/wp-json\/wp\/v2\/tags?post=17710"}],"curies":[{"name":"wp","href":"https:\/\/api.w.org\/{rel}","templated":true}]}}