{"id":17591,"date":"2018-10-29T19:00:54","date_gmt":"2018-10-29T18:00:54","guid":{"rendered":"http:\/\/www.deanreed.de\/AmericanRebel\/2017\/?p=17591"},"modified":"2018-10-29T19:01:32","modified_gmt":"2018-10-29T18:01:32","slug":"brasilien-hat-gewaehlt-jair-bolsonaro-der-suedamerikanische-trump","status":"publish","type":"post","link":"https:\/\/www.deanreed.de\/AmericanRebel\/2017\/2018\/10\/29\/brasilien-hat-gewaehlt-jair-bolsonaro-der-suedamerikanische-trump\/","title":{"rendered":"&#8211; Brasilien hat gew\u00e4hlt: Ja\u00edr Bolsonaro, der s\u00fcdamerikanische Trump?!"},"content":{"rendered":"<h4>Rui Filipe Gutschmidt<\/h4>\n<h2><strong>Brasilien hat gew\u00e4hlt: Ja\u00edr Bolsonaro, der s\u00fcdamerikanische Trump?!<\/strong><\/h2>\n<div id=\"attachment_8722\" style=\"width: 110px\" class=\"wp-caption alignleft\"><img aria-describedby=\"caption-attachment-8722\" loading=\"lazy\" class=\"size-full wp-image-8722\" src=\"http:\/\/www.deanreed.de\/AmericanRebel\/2017\/wp-content\/uploads\/2037\/12\/Rui_Gutschmidt.jpg\" alt=\"\" width=\"100\" height=\"150\" \/><p id=\"caption-attachment-8722\" class=\"wp-caption-text\"><span style=\"color: #808080;\">Rui Filipe Gutschmidt<\/span><\/p><\/div>\n<p style=\"text-align: justify;\"><strong>Ja\u00edr Bolsonaro hat die Wahlen in Brasilien gewonnen und bereitet sich vor, um die Pr\u00e4sidentschaft in Brasilia anzutreten. Der in aller Welt als rechtsradikal eingestufte Ex-Hauptmann der brasilianischen Armee gilt als Gefahr f\u00fcr die Demokratie. Er selbst gab sich bei der Siegesrede gem\u00e4\u00dfigt.<\/strong><\/p>\n<p style=\"text-align: justify;\">Es war ein Wahlkampf der Extreme. Auf der einen Seite haben wir die Anh\u00e4nger der PT \u2013 Arbeiterpartei \u2013 die eineinhalb Jahrzehnte an der Macht waren und dessen urspr\u00fcnglicher Pr\u00e4sidentschaftskandidat, Lula da Silva, noch w\u00e4hrend der Pr\u00e4kampagne zu 12\u00bd Jahren Haft verurteilt und in Haft gekommen ist. Auf der anderen Seite Jair Bolsonaro von der rechtsextremen PSL mit seinem populistischem Diskurs, der den Nerv des W\u00e4hlers genau traf.<\/p>\n<div id=\"attachment_17597\" style=\"width: 331px\" class=\"wp-caption alignright\"><img aria-describedby=\"caption-attachment-17597\" loading=\"lazy\" class=\" wp-image-17597\" src=\"http:\/\/www.deanreed.de\/AmericanRebel\/2017\/wp-content\/uploads\/2018\/10\/4de3-300x201.png\" alt=\"\" width=\"321\" height=\"215\" srcset=\"https:\/\/www.deanreed.de\/AmericanRebel\/2017\/wp-content\/uploads\/2018\/10\/4de3-300x201.png 300w, https:\/\/www.deanreed.de\/AmericanRebel\/2017\/wp-content\/uploads\/2018\/10\/4de3.png 643w\" sizes=\"(max-width: 321px) 100vw, 321px\" \/><p id=\"caption-attachment-17597\" class=\"wp-caption-text\"><span style=\"color: #808080;\">Brasiliens neuer Pr\u00e4sident Ja\u00edr Bolsonaro bei einem Interview vor der Wahl. Foto: YouTube Screenshot<\/span><\/p><\/div>\n<p style=\"text-align: justify;\">Nach offiziellen Angaben wurde Jair Messias Bolsonaro mit 57.765.131 Stimmen (55,15%) zum Pr\u00e4sidenten der F\u00f6derativen Republik Brasilien gew\u00e4hlt, w\u00e4hrend Fernando Haddad von der linkspopulistischen Arbeiterpartei (PT), in diesem zweiten Wahlgang nur 46.969.763 Stimmen (44,85%) bekam. Die beinahe endg\u00fcltigen Ergebnisse wurden vom Obersten Wahlgericht gegen 21.00 Uhr Ortszeit (01:00 Uhr MEZ), zwei Stunden nach Schlie\u00dfung der letzten Wahlurnen, ver\u00f6ffentlicht.<br \/>\n<span style=\"color: #ffffff;\">.<\/span><br \/>\n<strong>Ja\u00edr Bolsonaro folgt Michel Temer als 38er Pr\u00e4sident Brasiliens<\/strong><\/p>\n<p style=\"text-align: justify;\">Pensionierter Hauptmann der Armee und Verfechter der Milit\u00e4rdiktatur &#8211; das Regime, dass Brasilien zwischen 1964 und 1985 regiert hat &#8211; wurde Jair Messias Bolsonaro am 21. M\u00e4rz 1955 geboren (63 Jahre alt) und begann seine politische Karriere als eher bel\u00e4chelte Figur, die mit extremen und aggressiven Positionen zur Verteidigung der Autorit\u00e4t des Staates und der Werte der christlichen Familie von sich reden machte.<\/p>\n<p style=\"text-align: justify;\">Genannt \u201eMythos\u201c und \u201eHeld\u201c von seinen Anh\u00e4ngern und \u201eGefahr f\u00fcr die Demokratie\u201c von Kritikern und Gegnern, ist Jair Bolsonaro in der brasilianischen Politik seit 28 Jahren und wurde sieben Mal hintereinander ins Abgeordnetenhaus gew\u00e4hlt, aber ohne jemals einen wichtigen Posten im Parlament vertreten zu haben.<\/p>\n<p style=\"text-align: justify;\">Bolsonaro erlangte Bekanntheit in den letzten Jahren und wurde zu einem F\u00fchrer, der in der Lage war Tausende von entt\u00e4uschten W\u00e4hlern zu mobilisieren, die von der schwersten Wirtschaftskrise in der Geschichte Brasiliens, die zwischen den Jahren 2015 und 2016 ausbrach betroffen sind, w\u00e4hrend die traditionellen politischen F\u00fchrer an Korruptionsskandalen beteiligt sind.<\/p>\n<p style=\"text-align: justify;\">Dennoch hat der neue Pr\u00e4sident vor allem von der Niederlage und der Anti-PT Stimmung profitiert. Sein Vorbild, so gab er selbst verstehen, ist Donald Trump. Auch Israelfahnen waren bei den Feierlichkeiten zu sehen und seine aggressiven Aussagen, die vom erschie\u00dfen der Banditen, das S\u00e4ubern des Landes von der Roten Plage und (Linke) und von einem von Gott gewollten Sieg sprechen, lassen Menschen nachdenklich werden.<\/p>\n<p style=\"text-align: justify;\">Es wird eine Politik der Gewalt erwartet. Schwerbewaffnete Soldaten, die in dicht besiedelten den Favelas Krieg gegen die Drogenmafia f\u00fchren, Repression gegen Journalisten, politische Gegner und Kritiker, religi\u00f6ser Einfluss in die Gesetzgebung die ein Ende der Toleranz gegen \u00fcber Homosexuelle, Frauenrechte oder Religionsfreiheit beschneiden wird. Rassismus, Rechte der Ureinwohner und Sozialpolitik sind ebenfalls gef\u00e4hrdet.<\/p>\n<div id=\"attachment_17595\" style=\"width: 563px\" class=\"wp-caption aligncenter\"><img aria-describedby=\"caption-attachment-17595\" loading=\"lazy\" class=\" wp-image-17595\" src=\"http:\/\/www.deanreed.de\/AmericanRebel\/2017\/wp-content\/uploads\/2018\/10\/43e3-300x139.png\" alt=\"\" width=\"553\" height=\"256\" srcset=\"https:\/\/www.deanreed.de\/AmericanRebel\/2017\/wp-content\/uploads\/2018\/10\/43e3-300x139.png 300w, https:\/\/www.deanreed.de\/AmericanRebel\/2017\/wp-content\/uploads\/2018\/10\/43e3-768x356.png 768w, https:\/\/www.deanreed.de\/AmericanRebel\/2017\/wp-content\/uploads\/2018\/10\/43e3.png 974w\" sizes=\"(max-width: 553px) 100vw, 553px\" \/><p id=\"caption-attachment-17595\" class=\"wp-caption-text\"><span style=\"color: #808080;\">Anh\u00e4nger Bolsonaros bejubeln ihren neuenen &#8222;capit\u00e3o&#8220;. Foto: YouTube Screenshot<\/span><\/p><\/div>\n<p style=\"text-align: justify;\">Die Anh\u00e4nger des Berufssoldaten, der die Luftwaffe (Fallschirmj\u00e4ger) gegen die Politik eintauschte, sehen in ihm einen \u201eMann aus dem Volk\u201c. Das er seit 28 Jahren im Abgeordnetenhaus sitzt und das \u201eSpiel\u201c der Politik bestens kennt und auch spielt, einen Sohn als Senator (S\u00e3o Paulo) und einen als Abgeordneten in Rio de Janeiro hat. \u201eEiner von Ihnen\u201c? Einer, der wei\u00df wie man Stimmen kauft wohl eher. So \u00fcbersehen die begeisterten Moralisten wohl auch den Finanzminister Paulo Guedes, der in unsauberen Machenschaften verwickelt ist. Korruption in H\u00f6he von \u00fcber einer Milliarde Reais, ist seine Erfahrung&#8230;. Also es geht doch nichts \u00fcber jemanden, der sich mit Korruption auskennt (Sarkasmus Ende).<\/p>\n<p style=\"text-align: justify;\">Schon lange fordern gewisse Teile der Gesellschaft eine Milit\u00e4rintervention. Das Milit\u00e4r wurde jetzt demokratisch in die Regierung gew\u00e4hlt. Schon lange dort, sind die Evangelisten. Es sind sektenartige Freikirchen, die 30 Prozent der Bev\u00f6lkerung ausmachen. Wie bei religi\u00f6sen Fanatikern zu erwarten, sind Andersdenkende unerw\u00fcnscht und werden gerne als \u201eAgenten des Teufels\u201c gesehen. Die Siegesrede begann mit einem Gebet und dem Satz: \u201eBrasilien \u00fcber alle, Gott \u00fcber allem!\u201c<\/p>\n<p style=\"text-align: justify;\">Als \u201eG\u00f6ttliche Mission\u201c bezeichnet Bolsonaro sein Mandat indem er plant, den Unternehmern freie Hand zu lassen, vom Amazonas bis in den S\u00fcden. Umweltschutz oder der Schutz von Minderheiten haben keine Priorit\u00e4t und die USA, besonders die Administration unter Donald Trump, gelten als Vorbild f\u00fcr den Nationalisten und Ultrakonservativen Bolsonaro. Aber noch handelt es sich um Spekulationen. Wie weit die bestehenden Strukturen Brasiliens Bolsonaro \u201eb\u00e4ndigen\u201c k\u00f6nnen oder wie weit Bolsonaro die korrupten Struckturen wirklich beseitigen kann \u2013 oder will \u2013 ist noch ungewiss. Trump kann nur teilweise ausgebremst werden und die Gewalt in den USA nimmt mit seinem hasserf\u00fcllten Twitterauftritten noch zu!<\/p>\n<p style=\"text-align: justify;\">Der s\u00fcdamerikanische Trump aber hat eine andere Grundlage. Brasilien ist ein Land mit extrem niedriger Hemmschwelle f\u00fcr Gewalt und das nicht nur bei den Verbrechern. Die Siegesrede war in einem gem\u00e4\u00dfigtem Ton, f\u00fcr den man ihn loben muss. Doch beim Vorlesen der Rede sah man schon, dass diese nicht aus seiner Feder stammte. Wie Trump, so bevorzugt auch Bolsonaro die sozialen Netzwerke. Facebook wird in der n\u00e4chsten Zeit zeigen, ob der Hass weiter gesch\u00fcrt wird (ist zu erwarten) und dann wird sich zeigen wie weit rechts die Politik des Militaristen in der Praxis sein wird.<br \/>\n<span style=\"font-size: 10pt;\"><span style=\"color: #ffffff;\">.<\/span><br \/>\nDieser Artikel erschien auch auf unserer Partnerseite <a href=\"http:\/\/www.info-welt.eu\/\">INFO-WELT<\/a><\/span><br \/>\n<span style=\"font-size: 10pt;\"><a href=\"http:\/\/www.deanreed.de\/AmericanRebel\/2017\/?cat=122\" target=\"_blank\" rel=\"noopener\">Weitere Artikel von Rui Filipe Gutschmidt<\/a><\/span><br \/>\n<span style=\"color: #ffffff;\">.<\/span><\/p>\n<blockquote>\n<p style=\"text-align: center;\"><span style=\"font-size: 10pt; color: #000000;\">F\u00fcr den Inhalt dieses Artikels ist der Autor bzw. die Autorin verantwortlich.<br \/>\nDabei muss es sich nicht grunds\u00e4tzlich um die Meinung der Redaktion handeln.<\/span><\/p>\n<table width=\"100%\" align=\"center\">\n<tbody>\n<tr>\n<td style=\"text-align: justify;\"><img loading=\"lazy\" class=\"size-full wp-image-7516 aligncenter\" src=\"http:\/\/www.deanreed.de\/AmericanRebel\/2017\/wp-content\/uploads\/2018\/10\/88x31.png\" alt=\"\" width=\"88\" height=\"31\" \/><\/td>\n<td style=\"text-align: justify; font-size: 10pt;\"><a href=\"https:\/\/creativecommons.org\/licenses\/by-nc-nd\/4.0\/\" target=\"_blank\" rel=\"license noopener\">Dieses Werk ist lizenziert unter einer Creative Commons Namensnennung &#8211;<br \/>\nNicht kommerziell &#8211; Keine Bearbeitungen 4.0 International Lizenz.<\/a><\/td>\n<\/tr>\n<tr>\n<td>\n<form action=\"https:\/\/www.paypal.com\/cgi-bin\/webscr\" method=\"post\" target=\"_top\"><input alt=\"Jetzt einfach, schnell und sicher online bezahlen \u2013 mit PayPal.\" name=\"submit\" src=\"https:\/\/www.paypalobjects.com\/de_DE\/DE\/i\/btn\/btn_donateCC_LG.gif\" type=\"image\" \/><\/form>\n<\/td>\n<td><span style=\"color: #993300;\"><strong>Auch linker Journalismus ist nicht kostenlos<br \/>\nund auch kleine Spenden k\u00f6nnen helfen Gro\u00dfes zu ver\u00f6ffentlichen!<\/strong><\/span><\/td>\n<\/tr>\n<\/tbody>\n<\/table>\n<div style=\"margin-left: 10px;\"><a title=\"zur Startseite\" href=\"http:\/\/www.americanrebel.de\/\"><img loading=\"lazy\" class=\"alignleft\" src=\"http:\/\/www.deanreed.de\/AmericanRebel\/2017\/wp-content\/uploads\/2017\/03\/back_ar.png\" alt=\"zur\u00fcck zur Startseite\" width=\"156\" height=\"15\" \/><\/a><\/div>\n<div style=\"margin-right: 10px;\"><a href=\"https:\/\/www.facebook.com\/groups\/1683837971860223\/permalink\/1987214344855916\/\" target=\"_blank\" rel=\"noopener noreferrer\"><img loading=\"lazy\" class=\"alignright\" src=\"http:\/\/www.deanreed.de\/AmericanRebel\/2017\/wp-content\/uploads\/2017\/03\/ar_zu_fb.png\" alt=\"hier geht es zur Facebook Diskussionsgruppe\" width=\"353\" height=\"15\" \/><\/a><\/div>\n<p style=\"text-align: center;\"><a href=\"http:\/\/www.deanreed.de\/AmericanRebel\/2017\/?p=13984#respond\" target=\"_blank\" rel=\"noopener noreferrer\"><img loading=\"lazy\" class=\"aligncenter\" src=\"http:\/\/www.deanreed.de\/AmericanRebel\/2017\/wp-content\/uploads\/2017\/03\/ar_kommentar-1.png\" alt=\"Sag uns deine Meinung zum Artikel mit einem Kommentar\/Leserbrief\" width=\"627\" height=\"20\" \/><\/a><\/p>\n<\/blockquote>\n","protected":false},"excerpt":{"rendered":"<p>Rui Filipe Gutschmidt Brasilien hat gew\u00e4hlt: Ja\u00edr Bolsonaro, der s\u00fcdamerikanische Trump?! Ja\u00edr Bolsonaro hat die Wahlen in Brasilien gewonnen und bereitet sich vor, um die Pr\u00e4sidentschaft in Brasilia anzutreten. Der in aller Welt als rechtsradikal eingestufte Ex-Hauptmann der brasilianischen Armee [&hellip;]<a class=\"more-link\" href=\"https:\/\/www.deanreed.de\/AmericanRebel\/2017\/2018\/10\/29\/brasilien-hat-gewaehlt-jair-bolsonaro-der-suedamerikanische-trump\/\">&darr; Lese den Rest von diesem Eintrag&#8230;<\/a><\/p>\n","protected":false},"author":2,"featured_media":0,"comment_status":"open","ping_status":"open","sticky":false,"template":"","format":"standard","meta":[],"categories":[122],"tags":[8,918,915,913,917,914,283],"yoast_head":"<!-- This site is optimized with the Yoast SEO plugin v17.5 - https:\/\/yoast.com\/wordpress\/plugins\/seo\/ -->\n<title>- Brasilien hat gew\u00e4hlt: Ja\u00edr Bolsonaro, der s\u00fcdamerikanische Trump?! &ndash; Onlinezeitung AmericanRebel<\/title>\n<meta name=\"robots\" content=\"index, follow, max-snippet:-1, max-image-preview:large, max-video-preview:-1\" \/>\n<link rel=\"canonical\" href=\"https:\/\/www.deanreed.de\/AmericanRebel\/2017\/2018\/10\/29\/brasilien-hat-gewaehlt-jair-bolsonaro-der-suedamerikanische-trump\/\" \/>\n<meta property=\"og:locale\" content=\"de_DE\" \/>\n<meta property=\"og:type\" content=\"article\" \/>\n<meta property=\"og:title\" content=\"- Brasilien hat gew\u00e4hlt: Ja\u00edr Bolsonaro, der s\u00fcdamerikanische Trump?! &ndash; Onlinezeitung AmericanRebel\" \/>\n<meta property=\"og:description\" content=\"Rui Filipe Gutschmidt Brasilien hat gew\u00e4hlt: Ja\u00edr Bolsonaro, der s\u00fcdamerikanische Trump?! Ja\u00edr Bolsonaro hat die Wahlen in Brasilien gewonnen und bereitet sich vor, um die Pr\u00e4sidentschaft in Brasilia anzutreten. Der in aller Welt als rechtsradikal eingestufte Ex-Hauptmann der brasilianischen Armee [&hellip;]&darr; Lese den Rest von diesem Eintrag...\" \/>\n<meta property=\"og:url\" content=\"https:\/\/www.deanreed.de\/AmericanRebel\/2017\/2018\/10\/29\/brasilien-hat-gewaehlt-jair-bolsonaro-der-suedamerikanische-trump\/\" \/>\n<meta property=\"og:site_name\" content=\"Onlinezeitung AmericanRebel\" \/>\n<meta property=\"article:published_time\" content=\"2018-10-29T18:00:54+00:00\" \/>\n<meta property=\"article:modified_time\" content=\"2018-10-29T18:01:32+00:00\" \/>\n<meta property=\"og:image\" content=\"http:\/\/www.deanreed.de\/AmericanRebel\/2017\/wp-content\/uploads\/2037\/12\/Rui_Gutschmidt.jpg\" \/>\n<meta name=\"twitter:card\" content=\"summary_large_image\" \/>\n<meta name=\"twitter:label1\" content=\"Verfasst von\" \/>\n\t<meta name=\"twitter:data1\" content=\"Redaktion\" \/>\n\t<meta name=\"twitter:label2\" content=\"Gesch\u00e4tzte Lesezeit\" \/>\n\t<meta name=\"twitter:data2\" content=\"5\u00a0Minuten\" \/>\n<script type=\"application\/ld+json\" class=\"yoast-schema-graph\">{\"@context\":\"https:\/\/schema.org\",\"@graph\":[{\"@type\":\"WebSite\",\"@id\":\"https:\/\/www.deanreed.de\/AmericanRebel\/2017\/#website\",\"url\":\"https:\/\/www.deanreed.de\/AmericanRebel\/2017\/\",\"name\":\"Onlinezeitung AmericanRebel\",\"description\":\"Internationale Onlinezeitung f\\u00fcr Frieden, Humanismus, V\\u00f6lkerverst\\u00e4ndigung und Kultur\",\"potentialAction\":[{\"@type\":\"SearchAction\",\"target\":{\"@type\":\"EntryPoint\",\"urlTemplate\":\"https:\/\/www.deanreed.de\/AmericanRebel\/2017\/?s={search_term_string}\"},\"query-input\":\"required name=search_term_string\"}],\"inLanguage\":\"de\"},{\"@type\":\"ImageObject\",\"@id\":\"https:\/\/www.deanreed.de\/AmericanRebel\/2017\/2018\/10\/29\/brasilien-hat-gewaehlt-jair-bolsonaro-der-suedamerikanische-trump\/#primaryimage\",\"inLanguage\":\"de\",\"url\":\"http:\/\/www.deanreed.de\/AmericanRebel\/2017\/wp-content\/uploads\/2037\/12\/Rui_Gutschmidt.jpg\",\"contentUrl\":\"http:\/\/www.deanreed.de\/AmericanRebel\/2017\/wp-content\/uploads\/2037\/12\/Rui_Gutschmidt.jpg\"},{\"@type\":\"WebPage\",\"@id\":\"https:\/\/www.deanreed.de\/AmericanRebel\/2017\/2018\/10\/29\/brasilien-hat-gewaehlt-jair-bolsonaro-der-suedamerikanische-trump\/#webpage\",\"url\":\"https:\/\/www.deanreed.de\/AmericanRebel\/2017\/2018\/10\/29\/brasilien-hat-gewaehlt-jair-bolsonaro-der-suedamerikanische-trump\/\",\"name\":\"- Brasilien hat gew\\u00e4hlt: Ja\\u00edr Bolsonaro, der s\\u00fcdamerikanische Trump?! &ndash; Onlinezeitung AmericanRebel\",\"isPartOf\":{\"@id\":\"https:\/\/www.deanreed.de\/AmericanRebel\/2017\/#website\"},\"primaryImageOfPage\":{\"@id\":\"https:\/\/www.deanreed.de\/AmericanRebel\/2017\/2018\/10\/29\/brasilien-hat-gewaehlt-jair-bolsonaro-der-suedamerikanische-trump\/#primaryimage\"},\"datePublished\":\"2018-10-29T18:00:54+00:00\",\"dateModified\":\"2018-10-29T18:01:32+00:00\",\"author\":{\"@id\":\"https:\/\/www.deanreed.de\/AmericanRebel\/2017\/#\/schema\/person\/9edfca7917cd10b75edaae51c6e7935a\"},\"breadcrumb\":{\"@id\":\"https:\/\/www.deanreed.de\/AmericanRebel\/2017\/2018\/10\/29\/brasilien-hat-gewaehlt-jair-bolsonaro-der-suedamerikanische-trump\/#breadcrumb\"},\"inLanguage\":\"de\",\"potentialAction\":[{\"@type\":\"ReadAction\",\"target\":[\"https:\/\/www.deanreed.de\/AmericanRebel\/2017\/2018\/10\/29\/brasilien-hat-gewaehlt-jair-bolsonaro-der-suedamerikanische-trump\/\"]}]},{\"@type\":\"BreadcrumbList\",\"@id\":\"https:\/\/www.deanreed.de\/AmericanRebel\/2017\/2018\/10\/29\/brasilien-hat-gewaehlt-jair-bolsonaro-der-suedamerikanische-trump\/#breadcrumb\",\"itemListElement\":[{\"@type\":\"ListItem\",\"position\":1,\"name\":\"Startseite\",\"item\":\"https:\/\/www.deanreed.de\/AmericanRebel\/2017\/\"},{\"@type\":\"ListItem\",\"position\":2,\"name\":\"&#8211; Brasilien hat gew\\u00e4hlt: Ja\\u00edr Bolsonaro, der s\\u00fcdamerikanische Trump?!\"}]},{\"@type\":\"Person\",\"@id\":\"https:\/\/www.deanreed.de\/AmericanRebel\/2017\/#\/schema\/person\/9edfca7917cd10b75edaae51c6e7935a\",\"name\":\"Redaktion\",\"url\":\"https:\/\/www.deanreed.de\/AmericanRebel\/2017\/author\/redaktion\/\"}]}<\/script>\n<!-- \/ Yoast SEO plugin. -->","yoast_head_json":{"title":"- Brasilien hat gew\u00e4hlt: Ja\u00edr Bolsonaro, der s\u00fcdamerikanische Trump?! &ndash; Onlinezeitung AmericanRebel","robots":{"index":"index","follow":"follow","max-snippet":"max-snippet:-1","max-image-preview":"max-image-preview:large","max-video-preview":"max-video-preview:-1"},"canonical":"https:\/\/www.deanreed.de\/AmericanRebel\/2017\/2018\/10\/29\/brasilien-hat-gewaehlt-jair-bolsonaro-der-suedamerikanische-trump\/","og_locale":"de_DE","og_type":"article","og_title":"- Brasilien hat gew\u00e4hlt: Ja\u00edr Bolsonaro, der s\u00fcdamerikanische Trump?! &ndash; Onlinezeitung AmericanRebel","og_description":"Rui Filipe Gutschmidt Brasilien hat gew\u00e4hlt: Ja\u00edr Bolsonaro, der s\u00fcdamerikanische Trump?! Ja\u00edr Bolsonaro hat die Wahlen in Brasilien gewonnen und bereitet sich vor, um die Pr\u00e4sidentschaft in Brasilia anzutreten. Der in aller Welt als rechtsradikal eingestufte Ex-Hauptmann der brasilianischen Armee [&hellip;]&darr; Lese den Rest von diesem Eintrag...","og_url":"https:\/\/www.deanreed.de\/AmericanRebel\/2017\/2018\/10\/29\/brasilien-hat-gewaehlt-jair-bolsonaro-der-suedamerikanische-trump\/","og_site_name":"Onlinezeitung AmericanRebel","article_published_time":"2018-10-29T18:00:54+00:00","article_modified_time":"2018-10-29T18:01:32+00:00","og_image":[{"url":"http:\/\/www.deanreed.de\/AmericanRebel\/2017\/wp-content\/uploads\/2037\/12\/Rui_Gutschmidt.jpg"}],"twitter_card":"summary_large_image","twitter_misc":{"Verfasst von":"Redaktion","Gesch\u00e4tzte Lesezeit":"5\u00a0Minuten"},"schema":{"@context":"https:\/\/schema.org","@graph":[{"@type":"WebSite","@id":"https:\/\/www.deanreed.de\/AmericanRebel\/2017\/#website","url":"https:\/\/www.deanreed.de\/AmericanRebel\/2017\/","name":"Onlinezeitung AmericanRebel","description":"Internationale Onlinezeitung f\u00fcr Frieden, Humanismus, V\u00f6lkerverst\u00e4ndigung und Kultur","potentialAction":[{"@type":"SearchAction","target":{"@type":"EntryPoint","urlTemplate":"https:\/\/www.deanreed.de\/AmericanRebel\/2017\/?s={search_term_string}"},"query-input":"required name=search_term_string"}],"inLanguage":"de"},{"@type":"ImageObject","@id":"https:\/\/www.deanreed.de\/AmericanRebel\/2017\/2018\/10\/29\/brasilien-hat-gewaehlt-jair-bolsonaro-der-suedamerikanische-trump\/#primaryimage","inLanguage":"de","url":"http:\/\/www.deanreed.de\/AmericanRebel\/2017\/wp-content\/uploads\/2037\/12\/Rui_Gutschmidt.jpg","contentUrl":"http:\/\/www.deanreed.de\/AmericanRebel\/2017\/wp-content\/uploads\/2037\/12\/Rui_Gutschmidt.jpg"},{"@type":"WebPage","@id":"https:\/\/www.deanreed.de\/AmericanRebel\/2017\/2018\/10\/29\/brasilien-hat-gewaehlt-jair-bolsonaro-der-suedamerikanische-trump\/#webpage","url":"https:\/\/www.deanreed.de\/AmericanRebel\/2017\/2018\/10\/29\/brasilien-hat-gewaehlt-jair-bolsonaro-der-suedamerikanische-trump\/","name":"- Brasilien hat gew\u00e4hlt: Ja\u00edr Bolsonaro, der s\u00fcdamerikanische Trump?! &ndash; Onlinezeitung AmericanRebel","isPartOf":{"@id":"https:\/\/www.deanreed.de\/AmericanRebel\/2017\/#website"},"primaryImageOfPage":{"@id":"https:\/\/www.deanreed.de\/AmericanRebel\/2017\/2018\/10\/29\/brasilien-hat-gewaehlt-jair-bolsonaro-der-suedamerikanische-trump\/#primaryimage"},"datePublished":"2018-10-29T18:00:54+00:00","dateModified":"2018-10-29T18:01:32+00:00","author":{"@id":"https:\/\/www.deanreed.de\/AmericanRebel\/2017\/#\/schema\/person\/9edfca7917cd10b75edaae51c6e7935a"},"breadcrumb":{"@id":"https:\/\/www.deanreed.de\/AmericanRebel\/2017\/2018\/10\/29\/brasilien-hat-gewaehlt-jair-bolsonaro-der-suedamerikanische-trump\/#breadcrumb"},"inLanguage":"de","potentialAction":[{"@type":"ReadAction","target":["https:\/\/www.deanreed.de\/AmericanRebel\/2017\/2018\/10\/29\/brasilien-hat-gewaehlt-jair-bolsonaro-der-suedamerikanische-trump\/"]}]},{"@type":"BreadcrumbList","@id":"https:\/\/www.deanreed.de\/AmericanRebel\/2017\/2018\/10\/29\/brasilien-hat-gewaehlt-jair-bolsonaro-der-suedamerikanische-trump\/#breadcrumb","itemListElement":[{"@type":"ListItem","position":1,"name":"Startseite","item":"https:\/\/www.deanreed.de\/AmericanRebel\/2017\/"},{"@type":"ListItem","position":2,"name":"&#8211; Brasilien hat gew\u00e4hlt: Ja\u00edr Bolsonaro, der s\u00fcdamerikanische Trump?!"}]},{"@type":"Person","@id":"https:\/\/www.deanreed.de\/AmericanRebel\/2017\/#\/schema\/person\/9edfca7917cd10b75edaae51c6e7935a","name":"Redaktion","url":"https:\/\/www.deanreed.de\/AmericanRebel\/2017\/author\/redaktion\/"}]}},"_links":{"self":[{"href":"https:\/\/www.deanreed.de\/AmericanRebel\/2017\/wp-json\/wp\/v2\/posts\/17591"}],"collection":[{"href":"https:\/\/www.deanreed.de\/AmericanRebel\/2017\/wp-json\/wp\/v2\/posts"}],"about":[{"href":"https:\/\/www.deanreed.de\/AmericanRebel\/2017\/wp-json\/wp\/v2\/types\/post"}],"author":[{"embeddable":true,"href":"https:\/\/www.deanreed.de\/AmericanRebel\/2017\/wp-json\/wp\/v2\/users\/2"}],"replies":[{"embeddable":true,"href":"https:\/\/www.deanreed.de\/AmericanRebel\/2017\/wp-json\/wp\/v2\/comments?post=17591"}],"version-history":[{"count":0,"href":"https:\/\/www.deanreed.de\/AmericanRebel\/2017\/wp-json\/wp\/v2\/posts\/17591\/revisions"}],"wp:attachment":[{"href":"https:\/\/www.deanreed.de\/AmericanRebel\/2017\/wp-json\/wp\/v2\/media?parent=17591"}],"wp:term":[{"taxonomy":"category","embeddable":true,"href":"https:\/\/www.deanreed.de\/AmericanRebel\/2017\/wp-json\/wp\/v2\/categories?post=17591"},{"taxonomy":"post_tag","embeddable":true,"href":"https:\/\/www.deanreed.de\/AmericanRebel\/2017\/wp-json\/wp\/v2\/tags?post=17591"}],"curies":[{"name":"wp","href":"https:\/\/api.w.org\/{rel}","templated":true}]}}