{"id":16350,"date":"2018-09-06T12:42:46","date_gmt":"2018-09-06T10:42:46","guid":{"rendered":"http:\/\/www.deanreed.de\/AmericanRebel\/2017\/?p=16350"},"modified":"2018-09-13T14:17:45","modified_gmt":"2018-09-13T12:17:45","slug":"16350","status":"publish","type":"post","link":"https:\/\/www.deanreed.de\/AmericanRebel\/2017\/2018\/09\/06\/16350\/","title":{"rendered":"&#8211; Wie AfD, CDU und Stuttgarter Nachrichten einen linken Erzieher \u201eabschie\u00dfen\u201c wollen!"},"content":{"rendered":"<table width=\"663\">\n<tbody>\n<tr>\n<td><a href=\"http:\/\/www.deanreed.de\/AmericanRebel\/vk\/?p=440\" target=\"_blank\" rel=\"noopener\">Volkskorrespondent<\/a><\/p>\n<h4>Diethard M\u00f6ller<br \/>\n<span style=\"color: #ffffff;\">.<\/span><\/h4>\n<h2><strong>Wie AfD, CDU und Stuttgarter Nachrichten<br \/>\neinen linken Erzieher \u201eabschie\u00dfen\u201c wollen!<br \/>\n<\/strong><\/h2>\n<p><strong> Solidarit\u00e4t mit Jens<\/strong><\/td>\n<td><img loading=\"lazy\" class=\"wp-image-14973 alignright\" src=\"http:\/\/www.deanreed.de\/AmericanRebel\/2017\/wp-content\/uploads\/2018\/07\/VK_end_113.png\" alt=\"\" width=\"90\" height=\"90\" \/><\/td>\n<\/tr>\n<\/tbody>\n<\/table>\n<div id=\"attachment_8880\" style=\"width: 110px\" class=\"wp-caption alignleft\"><img aria-describedby=\"caption-attachment-8880\" loading=\"lazy\" class=\"size-full wp-image-8880\" src=\"http:\/\/www.deanreed.de\/AmericanRebel\/2017\/wp-content\/uploads\/2018\/01\/Diethard_Moeller.jpeg\" alt=\"\" width=\"100\" height=\"150\" \/><p id=\"caption-attachment-8880\" class=\"wp-caption-text\"><span style=\"color: #808080;\">Diethard M\u00f6ller<\/span><\/p><\/div>\n<p style=\"text-align: justify;\"><strong>Jens ist bekannt als guter Kollege, engagierter Erzieher und verl\u00e4sslicher Mitstreiter. Jens ist Mitarbeitervertreter, aktiv in der Gewerkschaft, im B\u00fcndnis \u201eStuttgart gegen Rechts\u201c und Mitbegr\u00fcnder des Linken Zentrums Lilo-Hermann in Stuttgart-Heslach.<\/strong><\/p>\n<p style=\"text-align: justify;\">Dass er sich aktiv gegen den Rechtsruck und die immer st\u00e4rker aufgebaute AfD engagiert hat, passt dieser selbstverst\u00e4ndlich nicht. Am 19. Juli &#8217;18 gab Emil S\u00e4nze, AfD-Landtagsabgeordneter eine Presseerkl\u00e4rung heraus, in der er die antifaschistische und antikapitalistische T\u00e4tigkeit von Jens anprangerte.<\/p>\n<p style=\"text-align: justify;\">Das griff am 13. August 18 ein Redakteur der Stuttgarter Nachrichten fast wortgleich in zwei rei\u00dferischen Artikeln auf. Der Tenor: Wie kann so jemand als Erzieher arbeiten? Also: Offene Hetze und Forderung nach Entlassung!<\/p>\n<div id=\"attachment_16355\" style=\"width: 233px\" class=\"wp-caption alignright\"><img aria-describedby=\"caption-attachment-16355\" loading=\"lazy\" class=\" wp-image-16355\" src=\"http:\/\/www.deanreed.de\/AmericanRebel\/2017\/wp-content\/uploads\/2018\/09\/f456.jpg\" alt=\"\" width=\"223\" height=\"267\" \/><p id=\"caption-attachment-16355\" class=\"wp-caption-text\"><span style=\"color: #808080;\">Solidarit\u00e4t mit Jens<\/span><\/p><\/div>\n<p style=\"text-align: justify;\">Hinzukam, dass \u201eSicherheitsbeh\u00f6rden\u201c dem Journalisten anonym Informationen zugespielt haben, also illegal. Ein CDU-Landtagsabgeordneter durfte da nicht fehlen und forderte die Entlassung von Jens. Eine offene Kooperation von AfD, Stuttgarter Nachrichten und CDU.<\/p>\n<p style=\"text-align: justify;\">Dagegen hat sich ein breites Solidarit\u00e4tsb\u00fcndnis gebildet, dass auch von \u201eArbeit Zukunft\u201c unterst\u00fctzt wird. In einer Erkl\u00e4rung hei\u00dft es u. a.:<\/p>\n<p style=\"text-align: justify;\">\u201eDie AfD will dabei etwas skandalisieren, was gar kein Aufreger ist, sondern vielmehr selbstverst\u00e4ndlich sein sollte: Solidarit\u00e4t und Antirassismus sind wichtige Bestandteile einer Erziehung zum m\u00fcndigen Menschen. Es ist nur konsequent daf\u00fcr auch au\u00dferhalb der Kita einzustehen.<\/p>\n<p style=\"text-align: justify;\">So ist nicht das Engagement von Jens der Skandal, sondern die Tatsache dass und vor allem wie die Inszenierung der AfD aufgegriffen wird. F\u00fcr die Stuttgarter Nachrichten scheint Jens\u2018 politisches Engagement, das nie ein Geheimnis war, ein gefundenes Fressen. In einem rei\u00dferischen Artikel macht sich so ein Redakteur mit fragw\u00fcrdigen journalistischen Methoden zum Handlanger der AfD. Auch die CDU-Landtagsfraktion mischt mit, indem sie den Rauswurf von Jens aus der Kita fordert. Der Fall macht im Kleinen deutlich, was auch im Gro\u00dfen Alltag geworden zu sein scheint: Die AfD fordert, die CDU zieht nach.<\/p>\n<p style=\"text-align: justify;\">F\u00fcr mich ist klar: Rassisten und Antisemiten entscheiden nicht dar\u00fcber, wer in p\u00e4dagogischen Berufen arbeitet und wer nicht. Und: In einer Zeit in der Unterk\u00fcnfte f\u00fcr Gefl\u00fcchtete angez\u00fcndet werden und in Regierungskreisen \u00fcber Lager f\u00fcr Menschen diskutiert wird, ist das Engagement f\u00fcr ein solidarisches Miteinander notwendiger und aktueller denn je.<\/p>\n<p style=\"text-align: justify;\">Wir erkl\u00e4ren uns daher solidarisch mit Jens. Das Problem sind nicht diejenigen, die gegen die Hetze von Rechts aktiv sind, sondern die, die eben jene verbreiten.<\/p>\n<p style=\"text-align: justify;\"><strong>Jens bleibt Erzieher! Nein zur Hetze von Rechts!&#8220;<br \/>\n<span style=\"font-size: 10pt; color: #ffffff;\">.<\/span><br \/>\n<\/strong><\/p>\n<p style=\"text-align: justify;\"><span style=\"font-size: 10pt;\"><a href=\"http:\/\/www.deanreed.de\/AmericanRebel\/2017\/?cat=165\" target=\"_blank\" rel=\"noopener\">Weitere Artikel von Diethard M\u00f6ller<\/a><\/span><span style=\"font-size: 10pt;\"><br \/>\nErstver\u00f6ffentlichung heute oder vor wenigen Tagen in <a href=\"https:\/\/www.arbeit-zukunft.de\" target=\"_blank\" rel=\"noopener\">Arbeit Zukunft<\/a>. Ver\u00f6ffentlichung\u00a0 mit freundlicher Genehmigung des Herausgebers.<\/span><\/p>\n<p><span style=\"font-size: 10pt; color: #ffffff;\">.<\/span><\/p>\n<blockquote>\n<p style=\"text-align: center;\"><span style=\"font-size: 10pt;\">F\u00fcr den Inhalt dieses Artikels ist der Autor bzw. die Autorin verantwortlich.<\/span><br \/>\n<span style=\"font-size: 10pt;\">Dabei muss es sich nicht grunds\u00e4tzlich um die Meinung der Redaktion handeln.<br \/>\n<span style=\"color: #e3e3e3;\">.<\/span><br \/>\n<\/span><\/p>\n<table width=\"670\">\n<tbody>\n<tr>\n<td><img loading=\"lazy\" class=\"alignleft size-full wp-image-7516\" src=\"http:\/\/www.deanreed.de\/AmericanRebel\/2017\/wp-content\/uploads\/2018\/10\/88x31.png\" alt=\"\" width=\"88\" height=\"31\" \/><span style=\"font-size: 10pt;\">Dieses Werk ist lizenziert unter einer <a href=\"https:\/\/creativecommons.org\/licenses\/by-nc-nd\/4.0\/\" target=\"_blank\" rel=\"license noopener\">Creative Commons Namensnennung &#8211;<br \/>\nNicht kommerziell &#8211; Keine Bearbeitungen 4.0 International Lizenz<\/a>.<\/span><\/td>\n<\/tr>\n<\/tbody>\n<\/table>\n<table class=\" alignleft\" width=\"987\">\n<tbody>\n<tr>\n<td>\n<form action=\"https:\/\/www.paypal.com\/cgi-bin\/webscr\" method=\"post\" target=\"_top\"><span style=\"color: #993300;\"><input alt=\"Jetzt einfach, schnell und sicher online bezahlen \u2013 mit PayPal.\" name=\"submit\" src=\"https:\/\/www.paypalobjects.com\/de_DE\/DE\/i\/btn\/btn_donateCC_LG.gif\" type=\"image\" \/><\/span><\/form>\n<\/td>\n<td><span style=\"color: #993300;\"><strong>Auch linker Journalismus ist nicht kostenlos<br \/>\nund auch kleine Spenden k\u00f6nnen helfen Gro\u00dfes zu ver\u00f6ffentlichen!<\/strong><\/span><\/td>\n<\/tr>\n<\/tbody>\n<\/table>\n<p>&nbsp;<\/p>\n<p><a title=\"zur Startseite\" href=\"http:\/\/www.americanrebel.de\/\"><img loading=\"lazy\" class=\"alignleft\" src=\"http:\/\/www.deanreed.de\/AmericanRebel\/2017\/wp-content\/uploads\/2017\/03\/back_ar.png\" alt=\"zur\u00fcck zur Startseite\" width=\"156\" height=\"15\" \/><\/a><a href=\"https:\/\/www.facebook.com\/groups\/1683837971860223\/permalink\/1987214344855916\/\" target=\"_blank\" rel=\"noopener noreferrer\"><img loading=\"lazy\" class=\"alignright\" src=\"http:\/\/www.deanreed.de\/AmericanRebel\/2017\/wp-content\/uploads\/2017\/03\/ar_zu_fb.png\" alt=\"\" width=\"353\" height=\"15\" \/><\/a><\/p>\n<p><a href=\"#respond\" target=\"_blank\" rel=\"noopener noreferrer\"><img loading=\"lazy\" class=\"aligncenter\" src=\"http:\/\/www.deanreed.de\/AmericanRebel\/2017\/wp-content\/uploads\/2017\/03\/ar_kommentar-1.png\" alt=\"Sag uns deine Meinung zum Artikel mit einem Kommentar\/Leserbrief\" width=\"627\" height=\"20\" \/><\/a><\/p><\/blockquote>\n","protected":false},"excerpt":{"rendered":"<p>Volkskorrespondent Diethard M\u00f6ller . Wie AfD, CDU und Stuttgarter Nachrichten einen linken Erzieher \u201eabschie\u00dfen\u201c wollen! Solidarit\u00e4t mit Jens Jens ist bekannt als guter Kollege, engagierter Erzieher und verl\u00e4sslicher Mitstreiter. Jens ist Mitarbeitervertreter, aktiv in der Gewerkschaft, im B\u00fcndnis \u201eStuttgart gegen [&hellip;]<a class=\"more-link\" href=\"https:\/\/www.deanreed.de\/AmericanRebel\/2017\/2018\/09\/06\/16350\/\">&darr; Lese den Rest von diesem Eintrag&#8230;<\/a><\/p>\n","protected":false},"author":2,"featured_media":0,"comment_status":"open","ping_status":"open","sticky":false,"template":"","format":"standard","meta":[],"categories":[165],"tags":[289,294,291,292,290,293,295],"yoast_head":"<!-- This site is optimized with the Yoast SEO plugin v17.5 - https:\/\/yoast.com\/wordpress\/plugins\/seo\/ -->\n<title>- Wie AfD, CDU und Stuttgarter Nachrichten einen linken Erzieher \u201eabschie\u00dfen\u201c wollen! &ndash; Onlinezeitung AmericanRebel<\/title>\n<meta name=\"robots\" content=\"index, follow, max-snippet:-1, max-image-preview:large, max-video-preview:-1\" \/>\n<link rel=\"canonical\" href=\"https:\/\/www.deanreed.de\/AmericanRebel\/2017\/2018\/09\/06\/16350\/\" \/>\n<meta property=\"og:locale\" content=\"de_DE\" \/>\n<meta property=\"og:type\" content=\"article\" \/>\n<meta property=\"og:title\" content=\"- Wie AfD, CDU und Stuttgarter Nachrichten einen linken Erzieher \u201eabschie\u00dfen\u201c wollen! &ndash; Onlinezeitung AmericanRebel\" \/>\n<meta property=\"og:description\" content=\"Volkskorrespondent Diethard M\u00f6ller . Wie AfD, CDU und Stuttgarter Nachrichten einen linken Erzieher \u201eabschie\u00dfen\u201c wollen! Solidarit\u00e4t mit Jens Jens ist bekannt als guter Kollege, engagierter Erzieher und verl\u00e4sslicher Mitstreiter. Jens ist Mitarbeitervertreter, aktiv in der Gewerkschaft, im B\u00fcndnis \u201eStuttgart gegen [&hellip;]&darr; Lese den Rest von diesem Eintrag...\" \/>\n<meta property=\"og:url\" content=\"https:\/\/www.deanreed.de\/AmericanRebel\/2017\/2018\/09\/06\/16350\/\" \/>\n<meta property=\"og:site_name\" content=\"Onlinezeitung AmericanRebel\" \/>\n<meta property=\"article:published_time\" content=\"2018-09-06T10:42:46+00:00\" \/>\n<meta property=\"article:modified_time\" content=\"2018-09-13T12:17:45+00:00\" \/>\n<meta property=\"og:image\" content=\"http:\/\/www.deanreed.de\/AmericanRebel\/2017\/wp-content\/uploads\/2018\/07\/VK_end_113.png\" \/>\n<meta name=\"twitter:card\" content=\"summary_large_image\" \/>\n<meta name=\"twitter:label1\" content=\"Verfasst von\" \/>\n\t<meta name=\"twitter:data1\" content=\"Redaktion\" \/>\n\t<meta name=\"twitter:label2\" content=\"Gesch\u00e4tzte Lesezeit\" \/>\n\t<meta name=\"twitter:data2\" content=\"3\u00a0Minuten\" \/>\n<script type=\"application\/ld+json\" class=\"yoast-schema-graph\">{\"@context\":\"https:\/\/schema.org\",\"@graph\":[{\"@type\":\"WebSite\",\"@id\":\"http:\/\/www.deanreed.de\/AmericanRebel\/2017\/#website\",\"url\":\"http:\/\/www.deanreed.de\/AmericanRebel\/2017\/\",\"name\":\"Onlinezeitung AmericanRebel\",\"description\":\"Internationale Onlinezeitung f\\u00fcr Frieden, Humanismus, V\\u00f6lkerverst\\u00e4ndigung und Kultur\",\"potentialAction\":[{\"@type\":\"SearchAction\",\"target\":{\"@type\":\"EntryPoint\",\"urlTemplate\":\"http:\/\/www.deanreed.de\/AmericanRebel\/2017\/?s={search_term_string}\"},\"query-input\":\"required name=search_term_string\"}],\"inLanguage\":\"de\"},{\"@type\":\"ImageObject\",\"@id\":\"https:\/\/www.deanreed.de\/AmericanRebel\/2017\/2018\/09\/06\/16350\/#primaryimage\",\"inLanguage\":\"de\",\"url\":\"http:\/\/www.deanreed.de\/AmericanRebel\/2017\/wp-content\/uploads\/2018\/07\/VK_end_113.png\",\"contentUrl\":\"http:\/\/www.deanreed.de\/AmericanRebel\/2017\/wp-content\/uploads\/2018\/07\/VK_end_113.png\"},{\"@type\":\"WebPage\",\"@id\":\"https:\/\/www.deanreed.de\/AmericanRebel\/2017\/2018\/09\/06\/16350\/#webpage\",\"url\":\"https:\/\/www.deanreed.de\/AmericanRebel\/2017\/2018\/09\/06\/16350\/\",\"name\":\"- Wie AfD, CDU und Stuttgarter Nachrichten einen linken Erzieher \\u201eabschie\\u00dfen\\u201c wollen! &ndash; Onlinezeitung AmericanRebel\",\"isPartOf\":{\"@id\":\"http:\/\/www.deanreed.de\/AmericanRebel\/2017\/#website\"},\"primaryImageOfPage\":{\"@id\":\"https:\/\/www.deanreed.de\/AmericanRebel\/2017\/2018\/09\/06\/16350\/#primaryimage\"},\"datePublished\":\"2018-09-06T10:42:46+00:00\",\"dateModified\":\"2018-09-13T12:17:45+00:00\",\"author\":{\"@id\":\"http:\/\/www.deanreed.de\/AmericanRebel\/2017\/#\/schema\/person\/9edfca7917cd10b75edaae51c6e7935a\"},\"breadcrumb\":{\"@id\":\"https:\/\/www.deanreed.de\/AmericanRebel\/2017\/2018\/09\/06\/16350\/#breadcrumb\"},\"inLanguage\":\"de\",\"potentialAction\":[{\"@type\":\"ReadAction\",\"target\":[\"https:\/\/www.deanreed.de\/AmericanRebel\/2017\/2018\/09\/06\/16350\/\"]}]},{\"@type\":\"BreadcrumbList\",\"@id\":\"https:\/\/www.deanreed.de\/AmericanRebel\/2017\/2018\/09\/06\/16350\/#breadcrumb\",\"itemListElement\":[{\"@type\":\"ListItem\",\"position\":1,\"name\":\"Startseite\",\"item\":\"http:\/\/www.deanreed.de\/AmericanRebel\/2017\/\"},{\"@type\":\"ListItem\",\"position\":2,\"name\":\"&#8211; Wie AfD, CDU und Stuttgarter Nachrichten einen linken Erzieher \\u201eabschie\\u00dfen\\u201c wollen!\"}]},{\"@type\":\"Person\",\"@id\":\"http:\/\/www.deanreed.de\/AmericanRebel\/2017\/#\/schema\/person\/9edfca7917cd10b75edaae51c6e7935a\",\"name\":\"Redaktion\",\"url\":\"https:\/\/www.deanreed.de\/AmericanRebel\/2017\/author\/redaktion\/\"}]}<\/script>\n<!-- \/ Yoast SEO plugin. -->","yoast_head_json":{"title":"- Wie AfD, CDU und Stuttgarter Nachrichten einen linken Erzieher \u201eabschie\u00dfen\u201c wollen! &ndash; Onlinezeitung AmericanRebel","robots":{"index":"index","follow":"follow","max-snippet":"max-snippet:-1","max-image-preview":"max-image-preview:large","max-video-preview":"max-video-preview:-1"},"canonical":"https:\/\/www.deanreed.de\/AmericanRebel\/2017\/2018\/09\/06\/16350\/","og_locale":"de_DE","og_type":"article","og_title":"- Wie AfD, CDU und Stuttgarter Nachrichten einen linken Erzieher \u201eabschie\u00dfen\u201c wollen! &ndash; Onlinezeitung AmericanRebel","og_description":"Volkskorrespondent Diethard M\u00f6ller . Wie AfD, CDU und Stuttgarter Nachrichten einen linken Erzieher \u201eabschie\u00dfen\u201c wollen! Solidarit\u00e4t mit Jens Jens ist bekannt als guter Kollege, engagierter Erzieher und verl\u00e4sslicher Mitstreiter. Jens ist Mitarbeitervertreter, aktiv in der Gewerkschaft, im B\u00fcndnis \u201eStuttgart gegen [&hellip;]&darr; Lese den Rest von diesem Eintrag...","og_url":"https:\/\/www.deanreed.de\/AmericanRebel\/2017\/2018\/09\/06\/16350\/","og_site_name":"Onlinezeitung AmericanRebel","article_published_time":"2018-09-06T10:42:46+00:00","article_modified_time":"2018-09-13T12:17:45+00:00","og_image":[{"url":"http:\/\/www.deanreed.de\/AmericanRebel\/2017\/wp-content\/uploads\/2018\/07\/VK_end_113.png"}],"twitter_card":"summary_large_image","twitter_misc":{"Verfasst von":"Redaktion","Gesch\u00e4tzte Lesezeit":"3\u00a0Minuten"},"schema":{"@context":"https:\/\/schema.org","@graph":[{"@type":"WebSite","@id":"http:\/\/www.deanreed.de\/AmericanRebel\/2017\/#website","url":"http:\/\/www.deanreed.de\/AmericanRebel\/2017\/","name":"Onlinezeitung AmericanRebel","description":"Internationale Onlinezeitung f\u00fcr Frieden, Humanismus, V\u00f6lkerverst\u00e4ndigung und Kultur","potentialAction":[{"@type":"SearchAction","target":{"@type":"EntryPoint","urlTemplate":"http:\/\/www.deanreed.de\/AmericanRebel\/2017\/?s={search_term_string}"},"query-input":"required name=search_term_string"}],"inLanguage":"de"},{"@type":"ImageObject","@id":"https:\/\/www.deanreed.de\/AmericanRebel\/2017\/2018\/09\/06\/16350\/#primaryimage","inLanguage":"de","url":"http:\/\/www.deanreed.de\/AmericanRebel\/2017\/wp-content\/uploads\/2018\/07\/VK_end_113.png","contentUrl":"http:\/\/www.deanreed.de\/AmericanRebel\/2017\/wp-content\/uploads\/2018\/07\/VK_end_113.png"},{"@type":"WebPage","@id":"https:\/\/www.deanreed.de\/AmericanRebel\/2017\/2018\/09\/06\/16350\/#webpage","url":"https:\/\/www.deanreed.de\/AmericanRebel\/2017\/2018\/09\/06\/16350\/","name":"- Wie AfD, CDU und Stuttgarter Nachrichten einen linken Erzieher \u201eabschie\u00dfen\u201c wollen! &ndash; Onlinezeitung AmericanRebel","isPartOf":{"@id":"http:\/\/www.deanreed.de\/AmericanRebel\/2017\/#website"},"primaryImageOfPage":{"@id":"https:\/\/www.deanreed.de\/AmericanRebel\/2017\/2018\/09\/06\/16350\/#primaryimage"},"datePublished":"2018-09-06T10:42:46+00:00","dateModified":"2018-09-13T12:17:45+00:00","author":{"@id":"http:\/\/www.deanreed.de\/AmericanRebel\/2017\/#\/schema\/person\/9edfca7917cd10b75edaae51c6e7935a"},"breadcrumb":{"@id":"https:\/\/www.deanreed.de\/AmericanRebel\/2017\/2018\/09\/06\/16350\/#breadcrumb"},"inLanguage":"de","potentialAction":[{"@type":"ReadAction","target":["https:\/\/www.deanreed.de\/AmericanRebel\/2017\/2018\/09\/06\/16350\/"]}]},{"@type":"BreadcrumbList","@id":"https:\/\/www.deanreed.de\/AmericanRebel\/2017\/2018\/09\/06\/16350\/#breadcrumb","itemListElement":[{"@type":"ListItem","position":1,"name":"Startseite","item":"http:\/\/www.deanreed.de\/AmericanRebel\/2017\/"},{"@type":"ListItem","position":2,"name":"&#8211; Wie AfD, CDU und Stuttgarter Nachrichten einen linken Erzieher \u201eabschie\u00dfen\u201c wollen!"}]},{"@type":"Person","@id":"http:\/\/www.deanreed.de\/AmericanRebel\/2017\/#\/schema\/person\/9edfca7917cd10b75edaae51c6e7935a","name":"Redaktion","url":"https:\/\/www.deanreed.de\/AmericanRebel\/2017\/author\/redaktion\/"}]}},"_links":{"self":[{"href":"https:\/\/www.deanreed.de\/AmericanRebel\/2017\/wp-json\/wp\/v2\/posts\/16350"}],"collection":[{"href":"https:\/\/www.deanreed.de\/AmericanRebel\/2017\/wp-json\/wp\/v2\/posts"}],"about":[{"href":"https:\/\/www.deanreed.de\/AmericanRebel\/2017\/wp-json\/wp\/v2\/types\/post"}],"author":[{"embeddable":true,"href":"https:\/\/www.deanreed.de\/AmericanRebel\/2017\/wp-json\/wp\/v2\/users\/2"}],"replies":[{"embeddable":true,"href":"https:\/\/www.deanreed.de\/AmericanRebel\/2017\/wp-json\/wp\/v2\/comments?post=16350"}],"version-history":[{"count":0,"href":"https:\/\/www.deanreed.de\/AmericanRebel\/2017\/wp-json\/wp\/v2\/posts\/16350\/revisions"}],"wp:attachment":[{"href":"https:\/\/www.deanreed.de\/AmericanRebel\/2017\/wp-json\/wp\/v2\/media?parent=16350"}],"wp:term":[{"taxonomy":"category","embeddable":true,"href":"https:\/\/www.deanreed.de\/AmericanRebel\/2017\/wp-json\/wp\/v2\/categories?post=16350"},{"taxonomy":"post_tag","embeddable":true,"href":"https:\/\/www.deanreed.de\/AmericanRebel\/2017\/wp-json\/wp\/v2\/tags?post=16350"}],"curies":[{"name":"wp","href":"https:\/\/api.w.org\/{rel}","templated":true}]}}