{"id":16185,"date":"2018-09-03T01:32:29","date_gmt":"2018-09-02T23:32:29","guid":{"rendered":"http:\/\/www.deanreed.de\/AmericanRebel\/2017\/?p=16185"},"modified":"2018-09-15T20:58:43","modified_gmt":"2018-09-15T18:58:43","slug":"allgemeine-dienstpflicht-wem-nuetzt-sie","status":"publish","type":"post","link":"https:\/\/www.deanreed.de\/AmericanRebel\/2017\/2018\/09\/03\/allgemeine-dienstpflicht-wem-nuetzt-sie\/","title":{"rendered":"&#8211; Allgemeine Dienstpflicht \u2013 wem n\u00fctzt sie?"},"content":{"rendered":"<h4>Diethard M\u00f6ller<\/h4>\n<h2>Allgemeine Dienstpflicht \u2013 wem n\u00fctzt sie?<\/h2>\n<div id=\"attachment_112\" style=\"width: 110px\" class=\"wp-caption alignleft\"><img aria-describedby=\"caption-attachment-112\" loading=\"lazy\" class=\"size-full wp-image-112\" src=\"http:\/\/www.deanreed.de\/AmericanRebel\/ak\/wp-content\/uploads\/2018\/03\/Diethard_Moeller.jpeg\" alt=\"\" width=\"100\" height=\"150\" \/><p id=\"caption-attachment-112\" class=\"wp-caption-text\"><span style=\"color: #808080;\">Diethard M\u00f6ller<\/span><\/p><\/div>\n<p style=\"text-align: justify;\"><strong>Im so genannten \u201eSommerloch\u201c wurde die Frage einer allgemeinen Dienstpflicht diskutiert. Trotz einiger kritischer Stimmen, auch aus den Reihen der Bundeswehr, hat sich das Thema allerdings keineswegs erledigt. Im Gegenteil: CDU-Generalsekret\u00e4rin Kramp-Karrenbauer schl\u00e4gt am 25. August 2018 sogar die Ausweitung einer Dienstpflicht auf Fl\u00fcchtlinge vor. Zu einem Pflicht-Charakter wollte sie sich noch nicht abschlie\u00dfend \u00e4u\u00dfern, schloss das aber auch nicht aus. Sie verweist darauf, dass die CDU sich sicher bald f\u00fcr ein Modell entscheiden w\u00fcrde; zu den Vorschl\u00e4gen dort geh\u00f6rt aber ausdr\u00fccklich auch eine Dienstpflicht. Deshalb hier einige kritische Gedanken.<\/strong><\/p>\n<p style=\"text-align: justify;\">Der Idee zufolge, soll diese Dienstpflicht sowohl f\u00fcr M\u00e4nner als auch f\u00fcr Frauen gelten und entweder im milit\u00e4rischen oder zivilen Bereich abgeleistet werden. Es w\u00fcrde sich also nicht nur um eine Neuauflage der Wehrpflicht handeln. Vielmehr schaffte sich die Regierung, ganz im Sinne des Kapitals, eine bequeme M\u00f6glichkeit, billige Hilfskr\u00e4fte f\u00fcr die Altenpflege und andere Bereiche zu rekrutieren. Irgendeine soziale Motivation, eine angebliche gesellschaftliche Verantwortung aller usw., wie gerne in Sonntagsreden propagiert, sprechen wir dieser kaltschn\u00e4uzig antisozialen Regierung ab.<\/p>\n<p style=\"text-align: justify;\">Stimmen aus der CDU begr\u00fc\u00dften diese Idee. Aber \u2013 sehr verr\u00e4terisch! \u2012 sie begr\u00fcnden dies unter anderem mit einer \u201ever\u00e4nderten internationalen Sicherheitslage.\u201c Aha! Es ist klar, dass damit vor allem die angespannten Beziehungen zu Russland gemeint sind. Aber auch die zunehmenden Widerspr\u00fcche innerhalb des NATO-B\u00fcndnisses, insbesondere zwischen den USA und den europ\u00e4ischen Staaten, spielen eine Rolle.<\/p>\n<div id=\"attachment_16192\" style=\"width: 496px\" class=\"wp-caption aligncenter\"><img aria-describedby=\"caption-attachment-16192\" loading=\"lazy\" class=\" wp-image-16192\" src=\"http:\/\/www.deanreed.de\/AmericanRebel\/2017\/wp-content\/uploads\/2018\/09\/xwe4-300x169.jpg\" alt=\"\" width=\"486\" height=\"274\" srcset=\"https:\/\/www.deanreed.de\/AmericanRebel\/2017\/wp-content\/uploads\/2018\/09\/xwe4-300x169.jpg 300w, https:\/\/www.deanreed.de\/AmericanRebel\/2017\/wp-content\/uploads\/2018\/09\/xwe4-768x432.jpg 768w, https:\/\/www.deanreed.de\/AmericanRebel\/2017\/wp-content\/uploads\/2018\/09\/xwe4.jpg 820w\" sizes=\"(max-width: 486px) 100vw, 486px\" \/><p id=\"caption-attachment-16192\" class=\"wp-caption-text\"><span style=\"color: #808080;\">Bundeswehrsoldaten legen ihr Gel\u00f6bnis ab<\/span><\/p><\/div>\n<p style=\"text-align: justify;\">Nat\u00fcrlich bedeutet ein Pflichtdienst f\u00fcr beide Geschlechter (zudem auch noch f\u00fcr Gefl\u00fcchtete) in dessen Rahmen zumindest mit einer betr\u00e4chtlichen Zahl auch an milit\u00e4rischen Rekruten gerechnet werden m\u00fcsste, einen ungeheuren logistischen und finanziellen Aufwand f\u00fcr den Staat. Deshalb wurden in den letzten Jahren der Wehrpflicht auch nicht mehr alle Wehrpflichtigen eines Jahrgangs eingezogen.<\/p>\n<p style=\"text-align: justify;\">F\u00fchrungskr\u00e4fte der Bundeswehr sind daher skeptisch: Nur relativ kurzzeitig und oberfl\u00e4chlich ausgebildete Kr\u00e4fte k\u00f6nnten aktuell den angeblichen allgemeinen Personalmangel l\u00f6sen, insbesondere bei den aktuellen Einsatzgebieten der Bundeswehr im Ausland. Es brauche aber langfristig ausgebildete Berufssoldaten. Das war ja auch eine Begr\u00fcndung f\u00fcr die Aussetzung der Wehrpflicht.<\/p>\n<p style=\"text-align: justify;\">Allerdings werden diese Bedenken dahin schmelzen, wenn die von Frau von der Leyen angek\u00fcndigten Milliarden f\u00fcr die Bundeswehr bereitgestellt sind. Der Merkel-Regierung \u2013 das wurde gerade klar \u2012 \u201esteht das Geld bis zum Hals\u201c. Sie erwirtschafte massive, den Arbeitenden Menschen abgepresste \u00dcbersch\u00fcsse. Ihr stehen Milliarden zur Verf\u00fcgung. Die F\u00fchrung der Bundeswehr wird ihre Bedenken also gewiss \u201ezur\u00fcckstellen\u201c.<br \/>\n<span style=\"color: #ffffff;\">.<\/span><br \/>\n<strong>Wie stehen die Kommunisten zur Wehrpflicht bzw. Dienstpflicht?<\/strong><\/p>\n<p style=\"text-align: justify;\">Grunds\u00e4tzlich sind Revolution\u00e4re der Meinung, dass ein geschulter Umgang, auch mit schweren Waffensystemen, f\u00fcr die Volksmassen, im Falle einer revolution\u00e4ren Situation, vorteilhaft ist. Ob eine Wehrpflicht dazu die einzige M\u00f6glichkeit ist, ist umstritten und daher bedarf diese Frage einer weiteren Er\u00f6rterung, die an dieser Stelle nicht ersch\u00f6pfend geleistet werden kann. Klar ist in jedem Fall, dass es immer auch ein Recht auf Verweigerung geben muss. In unserem Land herrscht eine \u00fcberwiegend kritisch-distanzierte Haltung innerhalb der Bev\u00f6lkerung zur Institution Bundeswehr, insbesondere zu deren Auslandseins\u00e4tzen, wie immer wieder aus Umfragen hervorgeht. Gesetzt den Fall, eine allgemeine Dienstpflicht w\u00fcrde eingef\u00fchrt, dann k\u00e4me ein betr\u00e4chtlicher Teil der Eingezogenen in zivile Strukturen, vornehmlich im Bereich Pflegedienste, und w\u00fcrde in Konkurrenz zu hauptberuflichen Pflegern treten, welche ohnehin schon zunehmend durch unqualifizierte, billigere ausl\u00e4ndische Hilfskr\u00e4fte ersetzt werden.<br \/>\n<span style=\"color: #ffffff;\">.<\/span><br \/>\n<strong>Freiwilligendienste gibt es bereits<\/strong><\/p>\n<p style=\"text-align: justify;\">Nach Aussetzung der Wehrpflicht wurden bereits diverse Freiwilligendienste im sozialen und \u00f6kologischen Bereich geschaffen, z.B.: \u201eBuFDi\u201c oder FSJ: Auch diese verdienen in einem kapitalistischen System eine kritische Betrachtung.<\/p>\n<p style=\"text-align: justify;\">Grunds\u00e4tzlich w\u00e4re die Idee eines freiwilligen Dienstes, sei es im Umweltschutz, der Arbeit mit Benachteiligten oder in der Kultur, begr\u00fc\u00dfenswert. Doch damit diese eben nicht zum Schaden der Werkt\u00e4tigen und ihrer Einkommen sind, brauchen wir eine andere Gesellschaftsordnung \u2013 den Sozialismus! Bereits in der jungen Sowjetunion hatten sich sogenannte \u201eSubbotniki\u201c etabliert, das bedeutet, Menschen haben meist an freien Samstagen freiwillige, unbezahlte Aufbauarbeit im Dienste der Gesellschaft geleistet, z.B. zur Verbesserung des Verkehrswesens, zum Kampf gegen die K\u00e4lte usw.<\/p>\n<p style=\"text-align: justify;\">Dass diese Debatte aus den herrschenden Kreisen immer wieder gezielt angefeuert wird, ist kein Zufall. Nie vergessen: Die Wehrpflicht ist lediglich ausgesetzt und kann, im Falle einer \u201eBedrohungslage\u201c, sofort wieder problemlos eingef\u00fchrt werden. Das sollte jedem klar sein.<\/p>\n<p style=\"text-align: justify;\"><span style=\"font-size: 10pt; color: #ffffff;\">.<\/span><br \/>\n<span style=\"font-size: 10pt;\"><a href=\"http:\/\/www.deanreed.de\/AmericanRebel\/2017\/?cat=165\" target=\"_blank\" rel=\"noopener\">Weitere Artikel von Diethard M\u00f6ller<\/a><\/span><br \/>\n<span style=\"font-size: 10pt;\">Erstver\u00f6ffentlichung heute oder vor wenigen Tagen in <a href=\"https:\/\/www.arbeit-zukunft.de\" target=\"_blank\" rel=\"noopener\">Arbeit Zukunft<\/a>. Ver\u00f6ffentlichung\u00a0 mit freundlicher Genehmigung des Herausgebers.<\/span><br \/>\n<span style=\"font-size: 10pt;\">Bilder und Bildunterschriften wurden komplett oder zum Teil von der Redaktion AmericanRebel hinzu gef\u00fcgt.<\/span><br \/>\n<span style=\"font-size: 10pt; color: #ffffff;\">.<\/span><\/p>\n<blockquote>\n<p style=\"text-align: center;\"><span style=\"font-size: 10pt;\">F\u00fcr den Inhalt dieses Artikels ist der Autor bzw. die Autorin verantwortlich.<\/span><br \/>\n<span style=\"font-size: 10pt;\">Dabei muss es sich nicht grunds\u00e4tzlich um die Meinung der Redaktion handeln.<\/span><\/p>\n<p>&nbsp;<\/p>\n<table width=\"670\">\n<tbody>\n<tr>\n<td><img loading=\"lazy\" class=\"alignleft size-full wp-image-7516\" src=\"http:\/\/www.deanreed.de\/AmericanRebel\/2017\/wp-content\/uploads\/2018\/10\/88x31.png\" alt=\"\" width=\"88\" height=\"31\" \/><span style=\"font-size: 10pt;\">Dieses Werk ist lizenziert unter einer <a href=\"https:\/\/creativecommons.org\/licenses\/by-nc-nd\/4.0\/\" target=\"_blank\" rel=\"license noopener\">Creative Commons Namensnennung &#8211;<br \/>\nNicht kommerziell &#8211; Keine Bearbeitungen 4.0 International Lizenz<\/a>.<\/span><\/td>\n<\/tr>\n<\/tbody>\n<\/table>\n<table class=\" alignleft\" width=\"987\">\n<tbody>\n<tr>\n<td>\n<form action=\"https:\/\/www.paypal.com\/cgi-bin\/webscr\" method=\"post\" target=\"_top\"><input alt=\"Jetzt einfach, schnell und sicher online bezahlen \u2013 mit PayPal.\" name=\"submit\" src=\"https:\/\/www.paypalobjects.com\/de_DE\/DE\/i\/btn\/btn_donateCC_LG.gif\" type=\"image\" \/><\/form>\n<\/td>\n<td><span style=\"color: #993300;\"><strong>Auch linker Journalismus ist nicht kostenlos<br \/>\nund auch kleine Spenden k\u00f6nnen helfen Gro\u00dfes zu ver\u00f6ffentlichen!<\/strong><\/span><\/td>\n<\/tr>\n<\/tbody>\n<\/table>\n<p>&nbsp;<\/p>\n<p><a title=\"zur Startseite\" href=\"http:\/\/www.americanrebel.de\/\"><img loading=\"lazy\" class=\"alignleft\" src=\"http:\/\/www.deanreed.de\/AmericanRebel\/2017\/wp-content\/uploads\/2017\/03\/back_ar.png\" alt=\"zur\u00fcck zur Startseite\" width=\"156\" height=\"15\" \/><\/a><a href=\"https:\/\/www.facebook.com\/groups\/1683837971860223\/permalink\/1987214344855916\/\" target=\"_blank\" rel=\"noopener noreferrer\"><img loading=\"lazy\" class=\"alignright\" src=\"http:\/\/www.deanreed.de\/AmericanRebel\/2017\/wp-content\/uploads\/2017\/03\/ar_zu_fb.png\" alt=\"\" width=\"353\" height=\"15\" \/><\/a><\/p>\n<p><a href=\"http:\/\/www.deanreed.de\/AmericanRebel\/2017\/?p=16185#respond\" target=\"_blank\" rel=\"noopener noreferrer\"><img loading=\"lazy\" class=\"aligncenter\" src=\"http:\/\/www.deanreed.de\/AmericanRebel\/2017\/wp-content\/uploads\/2017\/03\/ar_kommentar-1.png\" alt=\"Sag uns deine Meinung zum Artikel mit einem Kommentar\/Leserbrief\" width=\"627\" height=\"20\" \/><\/a><\/p><\/blockquote>\n","protected":false},"excerpt":{"rendered":"<p>Diethard M\u00f6ller Allgemeine Dienstpflicht \u2013 wem n\u00fctzt sie? Im so genannten \u201eSommerloch\u201c wurde die Frage einer allgemeinen Dienstpflicht diskutiert. Trotz einiger kritischer Stimmen, auch aus den Reihen der Bundeswehr, hat sich das Thema allerdings keineswegs erledigt. Im Gegenteil: CDU-Generalsekret\u00e4rin Kramp-Karrenbauer [&hellip;]<a class=\"more-link\" href=\"https:\/\/www.deanreed.de\/AmericanRebel\/2017\/2018\/09\/03\/allgemeine-dienstpflicht-wem-nuetzt-sie\/\">&darr; Lese den Rest von diesem Eintrag&#8230;<\/a><\/p>\n","protected":false},"author":2,"featured_media":0,"comment_status":"open","ping_status":"open","sticky":false,"template":"","format":"standard","meta":[],"categories":[165],"tags":[408,407,404,290,265,403,402,405,409],"yoast_head":"<!-- This site is optimized with the Yoast SEO plugin v17.5 - https:\/\/yoast.com\/wordpress\/plugins\/seo\/ -->\n<title>- Allgemeine Dienstpflicht \u2013 wem n\u00fctzt sie? &ndash; Onlinezeitung AmericanRebel<\/title>\n<meta name=\"robots\" content=\"index, follow, max-snippet:-1, max-image-preview:large, max-video-preview:-1\" \/>\n<link rel=\"canonical\" href=\"https:\/\/www.deanreed.de\/AmericanRebel\/2017\/2018\/09\/03\/allgemeine-dienstpflicht-wem-nuetzt-sie\/\" \/>\n<meta property=\"og:locale\" content=\"de_DE\" \/>\n<meta property=\"og:type\" content=\"article\" \/>\n<meta property=\"og:title\" content=\"- Allgemeine Dienstpflicht \u2013 wem n\u00fctzt sie? &ndash; Onlinezeitung AmericanRebel\" \/>\n<meta property=\"og:description\" content=\"Diethard M\u00f6ller Allgemeine Dienstpflicht \u2013 wem n\u00fctzt sie? Im so genannten \u201eSommerloch\u201c wurde die Frage einer allgemeinen Dienstpflicht diskutiert. Trotz einiger kritischer Stimmen, auch aus den Reihen der Bundeswehr, hat sich das Thema allerdings keineswegs erledigt. Im Gegenteil: CDU-Generalsekret\u00e4rin Kramp-Karrenbauer [&hellip;]&darr; Lese den Rest von diesem Eintrag...\" \/>\n<meta property=\"og:url\" content=\"https:\/\/www.deanreed.de\/AmericanRebel\/2017\/2018\/09\/03\/allgemeine-dienstpflicht-wem-nuetzt-sie\/\" \/>\n<meta property=\"og:site_name\" content=\"Onlinezeitung AmericanRebel\" \/>\n<meta property=\"article:published_time\" content=\"2018-09-02T23:32:29+00:00\" \/>\n<meta property=\"article:modified_time\" content=\"2018-09-15T18:58:43+00:00\" \/>\n<meta property=\"og:image\" content=\"http:\/\/www.deanreed.de\/AmericanRebel\/ak\/wp-content\/uploads\/2018\/03\/Diethard_Moeller.jpeg\" \/>\n<meta name=\"twitter:card\" content=\"summary_large_image\" \/>\n<meta name=\"twitter:label1\" content=\"Verfasst von\" \/>\n\t<meta name=\"twitter:data1\" content=\"Redaktion\" \/>\n\t<meta name=\"twitter:label2\" content=\"Gesch\u00e4tzte Lesezeit\" \/>\n\t<meta name=\"twitter:data2\" content=\"4\u00a0Minuten\" \/>\n<script type=\"application\/ld+json\" class=\"yoast-schema-graph\">{\"@context\":\"https:\/\/schema.org\",\"@graph\":[{\"@type\":\"WebSite\",\"@id\":\"https:\/\/www.deanreed.de\/AmericanRebel\/2017\/#website\",\"url\":\"https:\/\/www.deanreed.de\/AmericanRebel\/2017\/\",\"name\":\"Onlinezeitung AmericanRebel\",\"description\":\"Internationale Onlinezeitung f\\u00fcr Frieden, Humanismus, V\\u00f6lkerverst\\u00e4ndigung und Kultur\",\"potentialAction\":[{\"@type\":\"SearchAction\",\"target\":{\"@type\":\"EntryPoint\",\"urlTemplate\":\"https:\/\/www.deanreed.de\/AmericanRebel\/2017\/?s={search_term_string}\"},\"query-input\":\"required name=search_term_string\"}],\"inLanguage\":\"de\"},{\"@type\":\"ImageObject\",\"@id\":\"https:\/\/www.deanreed.de\/AmericanRebel\/2017\/2018\/09\/03\/allgemeine-dienstpflicht-wem-nuetzt-sie\/#primaryimage\",\"inLanguage\":\"de\",\"url\":\"http:\/\/www.deanreed.de\/AmericanRebel\/ak\/wp-content\/uploads\/2018\/03\/Diethard_Moeller.jpeg\",\"contentUrl\":\"http:\/\/www.deanreed.de\/AmericanRebel\/ak\/wp-content\/uploads\/2018\/03\/Diethard_Moeller.jpeg\"},{\"@type\":\"WebPage\",\"@id\":\"https:\/\/www.deanreed.de\/AmericanRebel\/2017\/2018\/09\/03\/allgemeine-dienstpflicht-wem-nuetzt-sie\/#webpage\",\"url\":\"https:\/\/www.deanreed.de\/AmericanRebel\/2017\/2018\/09\/03\/allgemeine-dienstpflicht-wem-nuetzt-sie\/\",\"name\":\"- Allgemeine Dienstpflicht \\u2013 wem n\\u00fctzt sie? &ndash; Onlinezeitung AmericanRebel\",\"isPartOf\":{\"@id\":\"https:\/\/www.deanreed.de\/AmericanRebel\/2017\/#website\"},\"primaryImageOfPage\":{\"@id\":\"https:\/\/www.deanreed.de\/AmericanRebel\/2017\/2018\/09\/03\/allgemeine-dienstpflicht-wem-nuetzt-sie\/#primaryimage\"},\"datePublished\":\"2018-09-02T23:32:29+00:00\",\"dateModified\":\"2018-09-15T18:58:43+00:00\",\"author\":{\"@id\":\"https:\/\/www.deanreed.de\/AmericanRebel\/2017\/#\/schema\/person\/9edfca7917cd10b75edaae51c6e7935a\"},\"breadcrumb\":{\"@id\":\"https:\/\/www.deanreed.de\/AmericanRebel\/2017\/2018\/09\/03\/allgemeine-dienstpflicht-wem-nuetzt-sie\/#breadcrumb\"},\"inLanguage\":\"de\",\"potentialAction\":[{\"@type\":\"ReadAction\",\"target\":[\"https:\/\/www.deanreed.de\/AmericanRebel\/2017\/2018\/09\/03\/allgemeine-dienstpflicht-wem-nuetzt-sie\/\"]}]},{\"@type\":\"BreadcrumbList\",\"@id\":\"https:\/\/www.deanreed.de\/AmericanRebel\/2017\/2018\/09\/03\/allgemeine-dienstpflicht-wem-nuetzt-sie\/#breadcrumb\",\"itemListElement\":[{\"@type\":\"ListItem\",\"position\":1,\"name\":\"Startseite\",\"item\":\"https:\/\/www.deanreed.de\/AmericanRebel\/2017\/\"},{\"@type\":\"ListItem\",\"position\":2,\"name\":\"&#8211; Allgemeine Dienstpflicht \\u2013 wem n\\u00fctzt sie?\"}]},{\"@type\":\"Person\",\"@id\":\"https:\/\/www.deanreed.de\/AmericanRebel\/2017\/#\/schema\/person\/9edfca7917cd10b75edaae51c6e7935a\",\"name\":\"Redaktion\",\"url\":\"https:\/\/www.deanreed.de\/AmericanRebel\/2017\/author\/redaktion\/\"}]}<\/script>\n<!-- \/ Yoast SEO plugin. -->","yoast_head_json":{"title":"- Allgemeine Dienstpflicht \u2013 wem n\u00fctzt sie? &ndash; Onlinezeitung AmericanRebel","robots":{"index":"index","follow":"follow","max-snippet":"max-snippet:-1","max-image-preview":"max-image-preview:large","max-video-preview":"max-video-preview:-1"},"canonical":"https:\/\/www.deanreed.de\/AmericanRebel\/2017\/2018\/09\/03\/allgemeine-dienstpflicht-wem-nuetzt-sie\/","og_locale":"de_DE","og_type":"article","og_title":"- Allgemeine Dienstpflicht \u2013 wem n\u00fctzt sie? &ndash; Onlinezeitung AmericanRebel","og_description":"Diethard M\u00f6ller Allgemeine Dienstpflicht \u2013 wem n\u00fctzt sie? Im so genannten \u201eSommerloch\u201c wurde die Frage einer allgemeinen Dienstpflicht diskutiert. Trotz einiger kritischer Stimmen, auch aus den Reihen der Bundeswehr, hat sich das Thema allerdings keineswegs erledigt. Im Gegenteil: CDU-Generalsekret\u00e4rin Kramp-Karrenbauer [&hellip;]&darr; Lese den Rest von diesem Eintrag...","og_url":"https:\/\/www.deanreed.de\/AmericanRebel\/2017\/2018\/09\/03\/allgemeine-dienstpflicht-wem-nuetzt-sie\/","og_site_name":"Onlinezeitung AmericanRebel","article_published_time":"2018-09-02T23:32:29+00:00","article_modified_time":"2018-09-15T18:58:43+00:00","og_image":[{"url":"http:\/\/www.deanreed.de\/AmericanRebel\/ak\/wp-content\/uploads\/2018\/03\/Diethard_Moeller.jpeg"}],"twitter_card":"summary_large_image","twitter_misc":{"Verfasst von":"Redaktion","Gesch\u00e4tzte Lesezeit":"4\u00a0Minuten"},"schema":{"@context":"https:\/\/schema.org","@graph":[{"@type":"WebSite","@id":"https:\/\/www.deanreed.de\/AmericanRebel\/2017\/#website","url":"https:\/\/www.deanreed.de\/AmericanRebel\/2017\/","name":"Onlinezeitung AmericanRebel","description":"Internationale Onlinezeitung f\u00fcr Frieden, Humanismus, V\u00f6lkerverst\u00e4ndigung und Kultur","potentialAction":[{"@type":"SearchAction","target":{"@type":"EntryPoint","urlTemplate":"https:\/\/www.deanreed.de\/AmericanRebel\/2017\/?s={search_term_string}"},"query-input":"required name=search_term_string"}],"inLanguage":"de"},{"@type":"ImageObject","@id":"https:\/\/www.deanreed.de\/AmericanRebel\/2017\/2018\/09\/03\/allgemeine-dienstpflicht-wem-nuetzt-sie\/#primaryimage","inLanguage":"de","url":"http:\/\/www.deanreed.de\/AmericanRebel\/ak\/wp-content\/uploads\/2018\/03\/Diethard_Moeller.jpeg","contentUrl":"http:\/\/www.deanreed.de\/AmericanRebel\/ak\/wp-content\/uploads\/2018\/03\/Diethard_Moeller.jpeg"},{"@type":"WebPage","@id":"https:\/\/www.deanreed.de\/AmericanRebel\/2017\/2018\/09\/03\/allgemeine-dienstpflicht-wem-nuetzt-sie\/#webpage","url":"https:\/\/www.deanreed.de\/AmericanRebel\/2017\/2018\/09\/03\/allgemeine-dienstpflicht-wem-nuetzt-sie\/","name":"- Allgemeine Dienstpflicht \u2013 wem n\u00fctzt sie? &ndash; Onlinezeitung AmericanRebel","isPartOf":{"@id":"https:\/\/www.deanreed.de\/AmericanRebel\/2017\/#website"},"primaryImageOfPage":{"@id":"https:\/\/www.deanreed.de\/AmericanRebel\/2017\/2018\/09\/03\/allgemeine-dienstpflicht-wem-nuetzt-sie\/#primaryimage"},"datePublished":"2018-09-02T23:32:29+00:00","dateModified":"2018-09-15T18:58:43+00:00","author":{"@id":"https:\/\/www.deanreed.de\/AmericanRebel\/2017\/#\/schema\/person\/9edfca7917cd10b75edaae51c6e7935a"},"breadcrumb":{"@id":"https:\/\/www.deanreed.de\/AmericanRebel\/2017\/2018\/09\/03\/allgemeine-dienstpflicht-wem-nuetzt-sie\/#breadcrumb"},"inLanguage":"de","potentialAction":[{"@type":"ReadAction","target":["https:\/\/www.deanreed.de\/AmericanRebel\/2017\/2018\/09\/03\/allgemeine-dienstpflicht-wem-nuetzt-sie\/"]}]},{"@type":"BreadcrumbList","@id":"https:\/\/www.deanreed.de\/AmericanRebel\/2017\/2018\/09\/03\/allgemeine-dienstpflicht-wem-nuetzt-sie\/#breadcrumb","itemListElement":[{"@type":"ListItem","position":1,"name":"Startseite","item":"https:\/\/www.deanreed.de\/AmericanRebel\/2017\/"},{"@type":"ListItem","position":2,"name":"&#8211; Allgemeine Dienstpflicht \u2013 wem n\u00fctzt sie?"}]},{"@type":"Person","@id":"https:\/\/www.deanreed.de\/AmericanRebel\/2017\/#\/schema\/person\/9edfca7917cd10b75edaae51c6e7935a","name":"Redaktion","url":"https:\/\/www.deanreed.de\/AmericanRebel\/2017\/author\/redaktion\/"}]}},"_links":{"self":[{"href":"https:\/\/www.deanreed.de\/AmericanRebel\/2017\/wp-json\/wp\/v2\/posts\/16185"}],"collection":[{"href":"https:\/\/www.deanreed.de\/AmericanRebel\/2017\/wp-json\/wp\/v2\/posts"}],"about":[{"href":"https:\/\/www.deanreed.de\/AmericanRebel\/2017\/wp-json\/wp\/v2\/types\/post"}],"author":[{"embeddable":true,"href":"https:\/\/www.deanreed.de\/AmericanRebel\/2017\/wp-json\/wp\/v2\/users\/2"}],"replies":[{"embeddable":true,"href":"https:\/\/www.deanreed.de\/AmericanRebel\/2017\/wp-json\/wp\/v2\/comments?post=16185"}],"version-history":[{"count":0,"href":"https:\/\/www.deanreed.de\/AmericanRebel\/2017\/wp-json\/wp\/v2\/posts\/16185\/revisions"}],"wp:attachment":[{"href":"https:\/\/www.deanreed.de\/AmericanRebel\/2017\/wp-json\/wp\/v2\/media?parent=16185"}],"wp:term":[{"taxonomy":"category","embeddable":true,"href":"https:\/\/www.deanreed.de\/AmericanRebel\/2017\/wp-json\/wp\/v2\/categories?post=16185"},{"taxonomy":"post_tag","embeddable":true,"href":"https:\/\/www.deanreed.de\/AmericanRebel\/2017\/wp-json\/wp\/v2\/tags?post=16185"}],"curies":[{"name":"wp","href":"https:\/\/api.w.org\/{rel}","templated":true}]}}