{"id":16171,"date":"2018-09-02T02:35:01","date_gmt":"2018-09-02T00:35:01","guid":{"rendered":"http:\/\/www.deanreed.de\/AmericanRebel\/2017\/?p=16171"},"modified":"2018-09-15T21:21:40","modified_gmt":"2018-09-15T19:21:40","slug":"alexandr-sachartschenko-ermordet","status":"publish","type":"post","link":"https:\/\/www.deanreed.de\/AmericanRebel\/2017\/2018\/09\/02\/alexandr-sachartschenko-ermordet\/","title":{"rendered":"&#8211; Alexandr Sach\u00e1rtschenko ermordet"},"content":{"rendered":"<h4>Sascha<\/h4>\n<h2 class=\"entry-title\">Alexandr Sach\u00e1rtschenko ermordet<strong><br \/>\n<\/strong><\/h2>\n<div id=\"attachment_9623\" style=\"width: 110px\" class=\"wp-caption alignleft\"><img aria-describedby=\"caption-attachment-9623\" loading=\"lazy\" class=\"size-full wp-image-9623\" src=\"http:\/\/www.deanreed.de\/AmericanRebel\/2017\/wp-content\/uploads\/2018\/02\/Sascha.jpg\" alt=\"\" width=\"100\" height=\"150\" \/><p id=\"caption-attachment-9623\" class=\"wp-caption-text\"><span style=\"color: #808080;\">Sascha<\/span><\/p><\/div>\n<p style=\"text-align: justify;\">Am 30. August 2018, wurde das Staatsoberhaupt der Donezker Volksrepublik Alexandr Sach\u00e1rtschenko bei einem feigen, hinterh\u00e4ltigen Anschlag ermordet. Er war in der Republik beliebt und geachtet wie kaum ein anderer. Mit der Waffe in der Hand hatte er seine Heimat verteidigt und sich bis zuletzt sich f\u00fcr die Normalisierung des Lebens in der von Krieg und Terror ersch\u00fctterten Region eingesetzt.<\/p>\n<p style=\"text-align: justify;\">Als sich nach dem faschistischen Putsch in Kiew die Einwohner des Donbassgebietes im April 2014 in freier Wahl entschieden hatten, sich territorial, politisch und wirtschaftlich vom Machtbereich der Kiewer Junta abzugrenzen und eine eigene Volksrepublik zu gr\u00fcnden, richtete sich der Krieg der ukrainischen Faschisten nun umso mehr gegen das eigene Volk. Es begannen blutige Terrorakte, \u00dcberf\u00e4lle und K\u00e4mpfe, bei denen unz\u00e4hlige Kinder, Frauen und alte Menschen auf offener Stra\u00dfe und in ihren H\u00e4usern und Wohnungen get\u00f6tet wurden. Viele freiwillige K\u00e4mpfer mu\u00dften ihre Leben lassen.<br \/>\n<span style=\"color: #ffffff;\">.<\/span><\/p>\n<div id=\"attachment_16175\" style=\"width: 495px\" class=\"wp-caption aligncenter\"><img aria-describedby=\"caption-attachment-16175\" loading=\"lazy\" class=\" wp-image-16175\" src=\"http:\/\/www.deanreed.de\/AmericanRebel\/2017\/wp-content\/uploads\/2018\/09\/qw34-300x178.jpg\" alt=\"\" width=\"485\" height=\"288\" srcset=\"https:\/\/www.deanreed.de\/AmericanRebel\/2017\/wp-content\/uploads\/2018\/09\/qw34-300x178.jpg 300w, https:\/\/www.deanreed.de\/AmericanRebel\/2017\/wp-content\/uploads\/2018\/09\/qw34.jpg 640w\" sizes=\"(max-width: 485px) 100vw, 485px\" \/><p id=\"caption-attachment-16175\" class=\"wp-caption-text\"><span style=\"color: #808080;\">Alexandr Sach\u00e1rtschenko (26.6.1976 \u2013 31.8.2018)<\/span><\/p><\/div>\n<p style=\"text-align: justify;\">Von den westlichen imperialistischen Staaten wurde das Kiewer Regime mit Waffen und S\u00f6ldnern unterst\u00fctzt, ein gutes Gesch\u00e4ft auch f\u00fcr die deutsche Kriegsindustrie. Milliarden von Dollars flossen in dieses Land. Die herrschende Klasse in den USA, Deutschland, Frankreich, Gro\u00dfbritannien bem\u00fchte sich zudem, das Kiewer Regime \u00fcberall hoff\u00e4hig zu machen.<\/p>\n<p style=\"text-align: justify;\">Standhaft widersetzte sich das Volk gegen alle diese Angriffe und Sabotageakte. Und allm\u00e4hlich begann sich das Leben im Donbass zu normalisieren. Die Kinder konnten wieder zur Schule gehen, die Menschen\u00a0 atmeten auf. Hunderte von Lkws. \u2013 Hilfslieferungen mit Medikamenten, Kindernahrung\u00a0 und anderen dringend ben\u00f6tigten Lebensmitteln \u2013 kamen aus dem benachbarten Russland. Doch der Krieg ist noch immer nicht beendet. T\u00e4glich gibt es Bombenangriffe und Terrorakte. Und die westlichen Medien schweigen oder sie verbreiten Unwahrheiten.<\/p>\n<p style=\"text-align: justify;\">Es ist auch nicht zu \u00fcbersehen, da\u00df sich die selbsternannte Donezker Volksrepublik \u2013 wie auch die Lugansker \u2013 trotz antifaschistischer und demokratischer Z\u00fcge noch l\u00e4ngst nicht auf einem sozialistischen Entwicklungsweg befindet. Auch wenn Sachartschenko, wie fast alle seiner Landsleute sehr gut wu\u00dfte, wie schon ihre Gro\u00dfeltern gegen die deutsch-faschistischen Okkupanten f\u00fcr ihr sozialistisches Vaterland, die Sowjetunion, gek\u00e4mpft hatten. Einen solchen Weg konnten oder wollten sie nicht gehen. Zu tief waren auch dort noch die schlimmen Erinnerungen an Zeiten der Perestrojka und die darauffolgenden Bereicherungsorgien heutiger Oligarchen. Dennoch wird der Name Sachartschenko beim Volk in Erinnerung bleiben als einer, der sich gegen Krieg und Faschismus f\u00fcr den friedlichen Aufbau seines Landes, als ein vom Imperialismus unabh\u00e4ngigen Landes eingesetzt hat.<br \/>\n<span style=\"color: #ffffff;\">.<\/span><br \/>\n<span style=\"font-size: 10pt;\">Erstver\u00f6ffentlichung vor Kurzem in <a href=\"https:\/\/sascha313.wordpress.com\/author\/sascha313\/\" target=\"_blank\" rel=\"noopener\">Sascha\u2018s Welt<\/a><\/span><span style=\"font-size: 10pt;\"><br \/>\n<a href=\"http:\/\/www.deanreed.de\/AmericanRebel\/2017\/?cat=115\" target=\"_blank\" rel=\"noopener\">Weitere Artikel von Sascha<\/a><br \/>\n<\/span><span style=\"font-size: 10pt; color: #ffffff;\">.<\/span><\/p>\n<blockquote>\n<p style=\"text-align: center;\"><span style=\"font-size: 10pt;\">F\u00fcr den Inhalt dieses Artikels ist der Autor bzw. die Autorin verantwortlich.<\/span><br \/>\n<span style=\"font-size: 10pt;\">Dabei muss es sich nicht grunds\u00e4tzlich um die Meinung der Redaktion handeln.<\/span><\/p>\n<table class=\" alignleft\" width=\"987\">\n<tbody>\n<tr>\n<td>\n<form action=\"https:\/\/www.paypal.com\/cgi-bin\/webscr\" method=\"post\" target=\"_top\"><input alt=\"Jetzt einfach, schnell und sicher online bezahlen \u2013 mit PayPal.\" name=\"submit\" src=\"https:\/\/www.paypalobjects.com\/de_DE\/DE\/i\/btn\/btn_donateCC_LG.gif\" type=\"image\" \/><\/form>\n<\/td>\n<td><span style=\"color: #993300;\"><strong>Auch linker Journalismus ist nicht kostenlos<br \/>\nund auch kleine Spenden k\u00f6nnen helfen Gro\u00dfes zu ver\u00f6ffentlichen!<\/strong><\/span><\/td>\n<\/tr>\n<\/tbody>\n<\/table>\n<p>&nbsp;<\/p>\n<p><a title=\"zur Startseite\" href=\"http:\/\/www.americanrebel.de\/\"><img loading=\"lazy\" class=\"alignleft\" src=\"http:\/\/www.deanreed.de\/AmericanRebel\/2017\/wp-content\/uploads\/2017\/03\/back_ar.png\" alt=\"zur\u00fcck zur Startseite\" width=\"156\" height=\"15\" \/><\/a><a href=\"https:\/\/www.facebook.com\/groups\/1683837971860223\/permalink\/1987214344855916\/\" target=\"_blank\" rel=\"noopener noreferrer\"><img loading=\"lazy\" class=\"alignright\" src=\"http:\/\/www.deanreed.de\/AmericanRebel\/2017\/wp-content\/uploads\/2017\/03\/ar_zu_fb.png\" alt=\"\" width=\"353\" height=\"15\" \/><\/a><\/p>\n<p><a href=\"#respond\" target=\"_blank\" rel=\"noopener noreferrer\"><img loading=\"lazy\" class=\"aligncenter\" src=\"http:\/\/www.deanreed.de\/AmericanRebel\/2017\/wp-content\/uploads\/2017\/03\/ar_kommentar-1.png\" alt=\"Sag uns deine Meinung zum Artikel mit einem Kommentar\/Leserbrief\" width=\"627\" height=\"20\" \/><\/a><\/p><\/blockquote>\n","protected":false},"excerpt":{"rendered":"<p>Sascha Alexandr Sach\u00e1rtschenko ermordet Am 30. August 2018, wurde das Staatsoberhaupt der Donezker Volksrepublik Alexandr Sach\u00e1rtschenko bei einem feigen, hinterh\u00e4ltigen Anschlag ermordet. Er war in der Republik beliebt und geachtet wie kaum ein anderer. Mit der Waffe in der Hand [&hellip;]<a class=\"more-link\" href=\"https:\/\/www.deanreed.de\/AmericanRebel\/2017\/2018\/09\/02\/alexandr-sachartschenko-ermordet\/\">&darr; Lese den Rest von diesem Eintrag&#8230;<\/a><\/p>\n","protected":false},"author":2,"featured_media":0,"comment_status":"open","ping_status":"open","sticky":false,"template":"","format":"standard","meta":[],"categories":[],"tags":[417,416,418,419,420,158,115,415],"yoast_head":"<!-- This site is optimized with the Yoast SEO plugin v17.5 - https:\/\/yoast.com\/wordpress\/plugins\/seo\/ -->\n<title>- Alexandr Sach\u00e1rtschenko ermordet &ndash; Onlinezeitung AmericanRebel<\/title>\n<meta name=\"robots\" content=\"index, follow, max-snippet:-1, max-image-preview:large, max-video-preview:-1\" \/>\n<link rel=\"canonical\" href=\"https:\/\/www.deanreed.de\/AmericanRebel\/2017\/2018\/09\/02\/alexandr-sachartschenko-ermordet\/\" \/>\n<meta property=\"og:locale\" content=\"de_DE\" \/>\n<meta property=\"og:type\" content=\"article\" \/>\n<meta property=\"og:title\" content=\"- Alexandr Sach\u00e1rtschenko ermordet &ndash; Onlinezeitung AmericanRebel\" \/>\n<meta property=\"og:description\" content=\"Sascha Alexandr Sach\u00e1rtschenko ermordet Am 30. August 2018, wurde das Staatsoberhaupt der Donezker Volksrepublik Alexandr Sach\u00e1rtschenko bei einem feigen, hinterh\u00e4ltigen Anschlag ermordet. Er war in der Republik beliebt und geachtet wie kaum ein anderer. Mit der Waffe in der Hand [&hellip;]&darr; Lese den Rest von diesem Eintrag...\" \/>\n<meta property=\"og:url\" content=\"https:\/\/www.deanreed.de\/AmericanRebel\/2017\/2018\/09\/02\/alexandr-sachartschenko-ermordet\/\" \/>\n<meta property=\"og:site_name\" content=\"Onlinezeitung AmericanRebel\" \/>\n<meta property=\"article:published_time\" content=\"2018-09-02T00:35:01+00:00\" \/>\n<meta property=\"article:modified_time\" content=\"2018-09-15T19:21:40+00:00\" \/>\n<meta property=\"og:image\" content=\"http:\/\/www.deanreed.de\/AmericanRebel\/2017\/wp-content\/uploads\/2018\/02\/Sascha.jpg\" \/>\n<meta name=\"twitter:card\" content=\"summary_large_image\" \/>\n<meta name=\"twitter:label1\" content=\"Verfasst von\" \/>\n\t<meta name=\"twitter:data1\" content=\"Redaktion\" \/>\n\t<meta name=\"twitter:label2\" content=\"Gesch\u00e4tzte Lesezeit\" \/>\n\t<meta name=\"twitter:data2\" content=\"2\u00a0Minuten\" \/>\n<script type=\"application\/ld+json\" class=\"yoast-schema-graph\">{\"@context\":\"https:\/\/schema.org\",\"@graph\":[{\"@type\":\"WebSite\",\"@id\":\"https:\/\/www.deanreed.de\/AmericanRebel\/2017\/#website\",\"url\":\"https:\/\/www.deanreed.de\/AmericanRebel\/2017\/\",\"name\":\"Onlinezeitung AmericanRebel\",\"description\":\"Internationale Onlinezeitung f\\u00fcr Frieden, Humanismus, V\\u00f6lkerverst\\u00e4ndigung und Kultur\",\"potentialAction\":[{\"@type\":\"SearchAction\",\"target\":{\"@type\":\"EntryPoint\",\"urlTemplate\":\"https:\/\/www.deanreed.de\/AmericanRebel\/2017\/?s={search_term_string}\"},\"query-input\":\"required name=search_term_string\"}],\"inLanguage\":\"de\"},{\"@type\":\"ImageObject\",\"@id\":\"https:\/\/www.deanreed.de\/AmericanRebel\/2017\/2018\/09\/02\/alexandr-sachartschenko-ermordet\/#primaryimage\",\"inLanguage\":\"de\",\"url\":\"http:\/\/www.deanreed.de\/AmericanRebel\/2017\/wp-content\/uploads\/2018\/02\/Sascha.jpg\",\"contentUrl\":\"http:\/\/www.deanreed.de\/AmericanRebel\/2017\/wp-content\/uploads\/2018\/02\/Sascha.jpg\"},{\"@type\":\"WebPage\",\"@id\":\"https:\/\/www.deanreed.de\/AmericanRebel\/2017\/2018\/09\/02\/alexandr-sachartschenko-ermordet\/#webpage\",\"url\":\"https:\/\/www.deanreed.de\/AmericanRebel\/2017\/2018\/09\/02\/alexandr-sachartschenko-ermordet\/\",\"name\":\"- Alexandr Sach\\u00e1rtschenko ermordet &ndash; Onlinezeitung AmericanRebel\",\"isPartOf\":{\"@id\":\"https:\/\/www.deanreed.de\/AmericanRebel\/2017\/#website\"},\"primaryImageOfPage\":{\"@id\":\"https:\/\/www.deanreed.de\/AmericanRebel\/2017\/2018\/09\/02\/alexandr-sachartschenko-ermordet\/#primaryimage\"},\"datePublished\":\"2018-09-02T00:35:01+00:00\",\"dateModified\":\"2018-09-15T19:21:40+00:00\",\"author\":{\"@id\":\"https:\/\/www.deanreed.de\/AmericanRebel\/2017\/#\/schema\/person\/9edfca7917cd10b75edaae51c6e7935a\"},\"breadcrumb\":{\"@id\":\"https:\/\/www.deanreed.de\/AmericanRebel\/2017\/2018\/09\/02\/alexandr-sachartschenko-ermordet\/#breadcrumb\"},\"inLanguage\":\"de\",\"potentialAction\":[{\"@type\":\"ReadAction\",\"target\":[\"https:\/\/www.deanreed.de\/AmericanRebel\/2017\/2018\/09\/02\/alexandr-sachartschenko-ermordet\/\"]}]},{\"@type\":\"BreadcrumbList\",\"@id\":\"https:\/\/www.deanreed.de\/AmericanRebel\/2017\/2018\/09\/02\/alexandr-sachartschenko-ermordet\/#breadcrumb\",\"itemListElement\":[{\"@type\":\"ListItem\",\"position\":1,\"name\":\"Startseite\",\"item\":\"https:\/\/www.deanreed.de\/AmericanRebel\/2017\/\"},{\"@type\":\"ListItem\",\"position\":2,\"name\":\"&#8211; Alexandr Sach\\u00e1rtschenko ermordet\"}]},{\"@type\":\"Person\",\"@id\":\"https:\/\/www.deanreed.de\/AmericanRebel\/2017\/#\/schema\/person\/9edfca7917cd10b75edaae51c6e7935a\",\"name\":\"Redaktion\",\"url\":\"https:\/\/www.deanreed.de\/AmericanRebel\/2017\/author\/redaktion\/\"}]}<\/script>\n<!-- \/ Yoast SEO plugin. -->","yoast_head_json":{"title":"- Alexandr Sach\u00e1rtschenko ermordet &ndash; Onlinezeitung AmericanRebel","robots":{"index":"index","follow":"follow","max-snippet":"max-snippet:-1","max-image-preview":"max-image-preview:large","max-video-preview":"max-video-preview:-1"},"canonical":"https:\/\/www.deanreed.de\/AmericanRebel\/2017\/2018\/09\/02\/alexandr-sachartschenko-ermordet\/","og_locale":"de_DE","og_type":"article","og_title":"- Alexandr Sach\u00e1rtschenko ermordet &ndash; Onlinezeitung AmericanRebel","og_description":"Sascha Alexandr Sach\u00e1rtschenko ermordet Am 30. August 2018, wurde das Staatsoberhaupt der Donezker Volksrepublik Alexandr Sach\u00e1rtschenko bei einem feigen, hinterh\u00e4ltigen Anschlag ermordet. Er war in der Republik beliebt und geachtet wie kaum ein anderer. Mit der Waffe in der Hand [&hellip;]&darr; Lese den Rest von diesem Eintrag...","og_url":"https:\/\/www.deanreed.de\/AmericanRebel\/2017\/2018\/09\/02\/alexandr-sachartschenko-ermordet\/","og_site_name":"Onlinezeitung AmericanRebel","article_published_time":"2018-09-02T00:35:01+00:00","article_modified_time":"2018-09-15T19:21:40+00:00","og_image":[{"url":"http:\/\/www.deanreed.de\/AmericanRebel\/2017\/wp-content\/uploads\/2018\/02\/Sascha.jpg"}],"twitter_card":"summary_large_image","twitter_misc":{"Verfasst von":"Redaktion","Gesch\u00e4tzte Lesezeit":"2\u00a0Minuten"},"schema":{"@context":"https:\/\/schema.org","@graph":[{"@type":"WebSite","@id":"https:\/\/www.deanreed.de\/AmericanRebel\/2017\/#website","url":"https:\/\/www.deanreed.de\/AmericanRebel\/2017\/","name":"Onlinezeitung AmericanRebel","description":"Internationale Onlinezeitung f\u00fcr Frieden, Humanismus, V\u00f6lkerverst\u00e4ndigung und Kultur","potentialAction":[{"@type":"SearchAction","target":{"@type":"EntryPoint","urlTemplate":"https:\/\/www.deanreed.de\/AmericanRebel\/2017\/?s={search_term_string}"},"query-input":"required name=search_term_string"}],"inLanguage":"de"},{"@type":"ImageObject","@id":"https:\/\/www.deanreed.de\/AmericanRebel\/2017\/2018\/09\/02\/alexandr-sachartschenko-ermordet\/#primaryimage","inLanguage":"de","url":"http:\/\/www.deanreed.de\/AmericanRebel\/2017\/wp-content\/uploads\/2018\/02\/Sascha.jpg","contentUrl":"http:\/\/www.deanreed.de\/AmericanRebel\/2017\/wp-content\/uploads\/2018\/02\/Sascha.jpg"},{"@type":"WebPage","@id":"https:\/\/www.deanreed.de\/AmericanRebel\/2017\/2018\/09\/02\/alexandr-sachartschenko-ermordet\/#webpage","url":"https:\/\/www.deanreed.de\/AmericanRebel\/2017\/2018\/09\/02\/alexandr-sachartschenko-ermordet\/","name":"- Alexandr Sach\u00e1rtschenko ermordet &ndash; Onlinezeitung AmericanRebel","isPartOf":{"@id":"https:\/\/www.deanreed.de\/AmericanRebel\/2017\/#website"},"primaryImageOfPage":{"@id":"https:\/\/www.deanreed.de\/AmericanRebel\/2017\/2018\/09\/02\/alexandr-sachartschenko-ermordet\/#primaryimage"},"datePublished":"2018-09-02T00:35:01+00:00","dateModified":"2018-09-15T19:21:40+00:00","author":{"@id":"https:\/\/www.deanreed.de\/AmericanRebel\/2017\/#\/schema\/person\/9edfca7917cd10b75edaae51c6e7935a"},"breadcrumb":{"@id":"https:\/\/www.deanreed.de\/AmericanRebel\/2017\/2018\/09\/02\/alexandr-sachartschenko-ermordet\/#breadcrumb"},"inLanguage":"de","potentialAction":[{"@type":"ReadAction","target":["https:\/\/www.deanreed.de\/AmericanRebel\/2017\/2018\/09\/02\/alexandr-sachartschenko-ermordet\/"]}]},{"@type":"BreadcrumbList","@id":"https:\/\/www.deanreed.de\/AmericanRebel\/2017\/2018\/09\/02\/alexandr-sachartschenko-ermordet\/#breadcrumb","itemListElement":[{"@type":"ListItem","position":1,"name":"Startseite","item":"https:\/\/www.deanreed.de\/AmericanRebel\/2017\/"},{"@type":"ListItem","position":2,"name":"&#8211; Alexandr Sach\u00e1rtschenko ermordet"}]},{"@type":"Person","@id":"https:\/\/www.deanreed.de\/AmericanRebel\/2017\/#\/schema\/person\/9edfca7917cd10b75edaae51c6e7935a","name":"Redaktion","url":"https:\/\/www.deanreed.de\/AmericanRebel\/2017\/author\/redaktion\/"}]}},"_links":{"self":[{"href":"https:\/\/www.deanreed.de\/AmericanRebel\/2017\/wp-json\/wp\/v2\/posts\/16171"}],"collection":[{"href":"https:\/\/www.deanreed.de\/AmericanRebel\/2017\/wp-json\/wp\/v2\/posts"}],"about":[{"href":"https:\/\/www.deanreed.de\/AmericanRebel\/2017\/wp-json\/wp\/v2\/types\/post"}],"author":[{"embeddable":true,"href":"https:\/\/www.deanreed.de\/AmericanRebel\/2017\/wp-json\/wp\/v2\/users\/2"}],"replies":[{"embeddable":true,"href":"https:\/\/www.deanreed.de\/AmericanRebel\/2017\/wp-json\/wp\/v2\/comments?post=16171"}],"version-history":[{"count":0,"href":"https:\/\/www.deanreed.de\/AmericanRebel\/2017\/wp-json\/wp\/v2\/posts\/16171\/revisions"}],"wp:attachment":[{"href":"https:\/\/www.deanreed.de\/AmericanRebel\/2017\/wp-json\/wp\/v2\/media?parent=16171"}],"wp:term":[{"taxonomy":"category","embeddable":true,"href":"https:\/\/www.deanreed.de\/AmericanRebel\/2017\/wp-json\/wp\/v2\/categories?post=16171"},{"taxonomy":"post_tag","embeddable":true,"href":"https:\/\/www.deanreed.de\/AmericanRebel\/2017\/wp-json\/wp\/v2\/tags?post=16171"}],"curies":[{"name":"wp","href":"https:\/\/api.w.org\/{rel}","templated":true}]}}