{"id":638,"date":"2018-05-11T19:23:47","date_gmt":"2018-05-11T17:23:47","guid":{"rendered":"http:\/\/www.deanreed.de\/AmericanRebel\/vk\/?p=638"},"modified":"2018-08-24T19:28:42","modified_gmt":"2018-08-24T17:28:42","slug":"buergeraufstand-fuer-die-freiheit","status":"publish","type":"post","link":"http:\/\/www.deanreed.de\/AmericanRebel\/vk\/buergeraufstand-fuer-die-freiheit\/","title":{"rendered":"&#8211; B\u00fcrgeraufstand f\u00fcr die Freiheit"},"content":{"rendered":"<table width=\"663\">\n<tbody>\n<tr>\n<td><a href=\"http:\/\/www.deanreed.de\/AmericanRebel\/vk\/?p=440\" target=\"_blank\" rel=\"noopener\">Volkskorrespondentin<\/a><\/p>\n<h4>Jenni Kellermann<br \/>\n<span style=\"color: #ffffff;\">.<\/span><\/h4>\n<h2 class=\"extra-big\">B\u00fcrgeraufstand f\u00fcr die Freiheit<\/h2>\n<\/td>\n<td><img loading=\"lazy\" class=\"wp-image-14973 alignright\" src=\"http:\/\/www.deanreed.de\/AmericanRebel\/2017\/wp-content\/uploads\/2018\/07\/VK_end_113.png\" alt=\"\" width=\"90\" height=\"90\" \/><\/td>\n<\/tr>\n<\/tbody>\n<\/table>\n<div id=\"attachment_609\" style=\"width: 110px\" class=\"wp-caption alignleft\"><img aria-describedby=\"caption-attachment-609\" loading=\"lazy\" class=\"size-full wp-image-609\" src=\"http:\/\/www.deanreed.de\/AmericanRebel\/vk\/wp-content\/uploads\/2018\/08\/Yenny_Kellerman_2.jpg\" alt=\"\" width=\"100\" height=\"150\" \/><p id=\"caption-attachment-609\" class=\"wp-caption-text\"><span style=\"color: #808080;\">Yenny Kellerman<\/span><\/p><\/div>\n<p style=\"text-align: justify;\"><strong>Es ist ein B\u00fcrgeraufstand, wie ihn dieses Land schon lange nicht mehr gesehen hat. Zehntausende sind heute in M\u00fcnchen auf die Stra\u00dfe gegangen, und ja, es ist eine Demonstration, die man historisch nennen sollte! Zum ersten Mal seit der Wiedervereinigung machen so viele Menschen gegen einen beispiellosen Abbau von Grundrechten in ihrem Land mobil.<\/strong><\/p>\n<p style=\"text-align: justify;\">7.000 Teilnehmer\/innen wurden zur Demonstration gegen die Versch\u00e4rfung des PAG in Bayern erwartet. Doch es wurden deutlich mehr: \u00dcber 40.000 Menschen zeigten deutlich, dass sie dieses Gesetz nicht wollen, denn die Novelle zum PAG soll die Befugnisse der Polizei massiv ausbauen.<\/p>\n<p style=\"text-align: justify;\">Es hatte keine einzelne Gruppe zum Protest eingeladen, sondern ein B\u00fcndnis namens &#8222;noPAG&#8220; aus mehr als 90 Organisationen, die sonst wohl eher selten gemeinsame Events durchf\u00fchren. Eine kleine Auswahl: Die Antikapitalistische Linke M\u00fcnchen, der Bayerische Journalistenverband, die kurdische Jugend, die Gr\u00fcnen, die Partei, der M\u00fcnchner Fl\u00fcchtlingsrat, die Selbsthilfegruppe &#8222;Cannabis als Medizin M\u00fcnchen&#8220; und der republikanische Anw\u00e4ltinnen- und Anw\u00e4lteverein. Dass sich so viele Menschen mit so vielen unterschiedlichen Interessen am Donnerstagnachmittag in der Stadt zusammenfinden, zeigt, wie gro\u00df der Widerstand gegen das Polizeiaufgabengesetz ist.<\/p>\n<p style=\"text-align: justify;\">Die Demonstration wurde angef\u00fchrt von einem Jugendblock, ein breites B\u00fcndnis von Jugendorganisationen wie den Jusos, den Gr\u00fcnen, die ver.di-Jugend, die SDAJ, die linksjugend, die marxistische jugend und viele mehr. Schon um 11 Uhr traf sich die Jugend am Gewerkschaftshaus und ging auf einer Zubringerdemonstration mit 500 Leuten zur Gro\u00dfdemonstration. Dort wuchs der Jugendblock auf \u00fcber 1.000 Leute an. Ebenso nahmen viele Gefl\u00fcchtete aus F\u00fcrstenfeldbruck, Donauw\u00f6rth und Ellwangen teil, die erst k\u00fcrzlich erfolgreich eine Abschiebung verhinderten. Besonders viele Sch\u00fcler*innen beteiligten sich an den Protesten.<\/p>\n<p style=\"text-align: justify;\">Auf der Abschlusskundgebung betonte Katharina Schulze von den Gr\u00fcnen, dass die Leute den \u00dcberwachungsstaat der CSU nicht wollten. Sie werde verhindern, dass die CSU weiterhin verfassungswidrige Gesetze erlasse. Ihre Rede wurde von vielen jugendlichen Demonstrierenden mit dem Ruf \u201ekeine Koalition\u201c quittiert. Erst k\u00fcrzlich hatten die Gr\u00fcnen in Bayern eine Koalition mit der CSU nicht ausgeschlossen.<\/p>\n<p style=\"text-align: justify;\">Auch Natascha Kohnen von der SPD hatte es nicht leicht. Als sie das geplante CSU-Gesetz kritisierte rief ein gro\u00dfer Teil der jugendlichen Demonstrierenden: \u201eRaus aus der GroKo\u201c. Sie ging auf diesen Widerspruch nicht ein, dass sie ein Bayern gegen die CSU demonstriert, im Bund aber mit ihr koaliert und das schon seit Jahren. Ates G\u00fcrpinar von der Linkspartei schloss eine Koalition mit der CSU aus. Von mehreren Seiten wurde betont, dass die Mobilisierung \u00fcber den 10. Mai hinausgehen m\u00fcsse. Die CSU wird das Gesetz trotz der gro\u00dfen Proteste am Dienstag im Landtag verabschieden. Es wurden deutlich mehr: \u00dcber 40.000 Menschen zeigten deutlich, dass sie dieses Gesetz nicht wollen. Die Novelle zum PAG soll die Befugnisse der Polizei massiv ausbauen.<br \/>\n<span style=\"color: #ffffff;\">.<\/span><\/p>\n<p>Einige Eindr\u00fccke von der Gro\u00dfdemonstration aus verschiedenen Quellen<\/p>\n<table>\n<tbody>\n<tr>\n<td><img loading=\"lazy\" class=\"alignleft wp-image-13187\" src=\"http:\/\/www.deanreed.de\/AmericanRebel\/2017\/wp-content\/uploads\/2018\/05\/PaG2-300x167.png\" alt=\"\" width=\"320\" height=\"178\" \/><\/td>\n<td><img loading=\"lazy\" class=\"alignleft wp-image-13189\" src=\"http:\/\/www.deanreed.de\/AmericanRebel\/2017\/wp-content\/uploads\/2018\/05\/PaG7-300x167.jpg\" alt=\"\" width=\"320\" height=\"178\" \/><\/td>\n<\/tr>\n<tr>\n<td><img loading=\"lazy\" class=\"alignleft wp-image-13188\" src=\"http:\/\/www.deanreed.de\/AmericanRebel\/2017\/wp-content\/uploads\/2018\/05\/PaG3-300x167.jpg\" alt=\"\" width=\"320\" height=\"178\" \/><\/td>\n<td><img loading=\"lazy\" class=\"alignleft wp-image-13186\" src=\"http:\/\/www.deanreed.de\/AmericanRebel\/2017\/wp-content\/uploads\/2018\/05\/PaG1-300x167.jpg\" alt=\"\" width=\"320\" height=\"178\" \/><\/td>\n<\/tr>\n<tr>\n<td><img loading=\"lazy\" class=\"alignleft wp-image-13190\" src=\"http:\/\/www.deanreed.de\/AmericanRebel\/2017\/wp-content\/uploads\/2018\/05\/PaG8-300x167.jpg\" alt=\"\" width=\"320\" height=\"178\" \/><\/td>\n<td><img loading=\"lazy\" class=\"alignleft wp-image-13192\" src=\"http:\/\/www.deanreed.de\/AmericanRebel\/2017\/wp-content\/uploads\/2018\/05\/PaG11-300x167.jpg\" alt=\"\" width=\"320\" height=\"178\" \/><\/td>\n<\/tr>\n<tr>\n<td><img loading=\"lazy\" class=\"alignleft wp-image-13193\" src=\"http:\/\/www.deanreed.de\/AmericanRebel\/2017\/wp-content\/uploads\/2018\/05\/PaG12-300x167.jpg\" alt=\"\" width=\"320\" height=\"178\" \/><\/td>\n<td><img loading=\"lazy\" class=\"alignleft wp-image-13194\" src=\"http:\/\/www.deanreed.de\/AmericanRebel\/2017\/wp-content\/uploads\/2018\/05\/PaG6-300x167.jpg\" alt=\"\" width=\"320\" height=\"178\" \/><\/td>\n<\/tr>\n<tr>\n<td><img loading=\"lazy\" class=\"alignleft wp-image-13191\" src=\"http:\/\/www.deanreed.de\/AmericanRebel\/2017\/wp-content\/uploads\/2018\/05\/PaG10-300x167.jpg\" alt=\"\" width=\"320\" height=\"178\" \/><\/td>\n<td><img loading=\"lazy\" class=\"alignleft wp-image-13195\" src=\"http:\/\/www.deanreed.de\/AmericanRebel\/2017\/wp-content\/uploads\/2018\/05\/PaG9-300x167.jpg\" alt=\"\" width=\"320\" height=\"178\" \/><\/td>\n<\/tr>\n<\/tbody>\n<\/table>\n<p style=\"text-align: center;\"><span style=\"font-size: 10pt;\">_____________________________________________________________________________<\/span><\/p>\n<p style=\"text-align: center;\"><span style=\"font-size: 10pt;\">F\u00fcr den Inhalt dieses Artikels ist ausschlie\u00dflich die Autorin bzw. der Autor verantwortlich.<\/span><br \/>\n<span style=\"font-size: 10pt;\">Ver\u00f6ffentlichungen sind nur Medien der Gruppe-Volkskorrespondenz, unter deren Regeln, gestattet.<\/span><\/p>\n","protected":false},"excerpt":{"rendered":"<p>Volkskorrespondentin Jenni Kellermann . B\u00fcrgeraufstand f\u00fcr die Freiheit Es ist ein B\u00fcrgeraufstand, wie ihn dieses Land schon lange nicht mehr gesehen hat. Zehntausende sind heute in M\u00fcnchen auf die Stra\u00dfe gegangen, und ja, es ist eine Demonstration, die man historisch [&hellip;]<a class=\"more-link\" href=\"http:\/\/www.deanreed.de\/AmericanRebel\/vk\/buergeraufstand-fuer-die-freiheit\/\">&darr; Lese den Rest von diesem Eintrag&#8230;<\/a><\/p>\n","protected":false},"author":12,"featured_media":0,"comment_status":"closed","ping_status":"closed","sticky":false,"template":"","format":"standard","meta":[],"categories":[1],"tags":[],"yoast_head":"<!-- This site is optimized with the Yoast SEO plugin v17.5 - https:\/\/yoast.com\/wordpress\/plugins\/seo\/ -->\n<title>- B\u00fcrgeraufstand f\u00fcr die Freiheit - Volkskorrespondenz<\/title>\n<meta name=\"robots\" content=\"index, follow, max-snippet:-1, max-image-preview:large, max-video-preview:-1\" \/>\n<link rel=\"canonical\" href=\"http:\/\/www.deanreed.de\/AmericanRebel\/vk\/buergeraufstand-fuer-die-freiheit\/\" \/>\n<meta property=\"og:locale\" content=\"de_DE\" \/>\n<meta property=\"og:type\" content=\"article\" \/>\n<meta property=\"og:title\" content=\"- B\u00fcrgeraufstand f\u00fcr die Freiheit - Volkskorrespondenz\" \/>\n<meta property=\"og:description\" content=\"Volkskorrespondentin Jenni Kellermann . B\u00fcrgeraufstand f\u00fcr die Freiheit Es ist ein B\u00fcrgeraufstand, wie ihn dieses Land schon lange nicht mehr gesehen hat. Zehntausende sind heute in M\u00fcnchen auf die Stra\u00dfe gegangen, und ja, es ist eine Demonstration, die man historisch [&hellip;]&darr; Lese den Rest von diesem Eintrag...\" \/>\n<meta property=\"og:url\" content=\"http:\/\/www.deanreed.de\/AmericanRebel\/vk\/buergeraufstand-fuer-die-freiheit\/\" \/>\n<meta property=\"og:site_name\" content=\"Volkskorrespondenz\" \/>\n<meta property=\"article:published_time\" content=\"2018-05-11T17:23:47+00:00\" \/>\n<meta property=\"article:modified_time\" content=\"2018-08-24T17:28:42+00:00\" \/>\n<meta property=\"og:image\" content=\"http:\/\/www.deanreed.de\/AmericanRebel\/2017\/wp-content\/uploads\/2018\/07\/VK_end_113.png\" \/>\n<meta name=\"twitter:card\" content=\"summary_large_image\" \/>\n<meta name=\"twitter:label1\" content=\"Verfasst von\" \/>\n\t<meta name=\"twitter:data1\" content=\"Andreas Habicht\" \/>\n\t<meta name=\"twitter:label2\" content=\"Gesch\u00e4tzte Lesezeit\" \/>\n\t<meta name=\"twitter:data2\" content=\"3\u00a0Minuten\" \/>\n<script type=\"application\/ld+json\" class=\"yoast-schema-graph\">{\"@context\":\"https:\/\/schema.org\",\"@graph\":[{\"@type\":\"WebSite\",\"@id\":\"http:\/\/www.deanreed.de\/AmericanRebel\/vk\/#website\",\"url\":\"http:\/\/www.deanreed.de\/AmericanRebel\/vk\/\",\"name\":\"Volkskorrespondenz\",\"description\":\"Leser\/innen schreiben selber\",\"potentialAction\":[{\"@type\":\"SearchAction\",\"target\":{\"@type\":\"EntryPoint\",\"urlTemplate\":\"http:\/\/www.deanreed.de\/AmericanRebel\/vk\/?s={search_term_string}\"},\"query-input\":\"required name=search_term_string\"}],\"inLanguage\":\"de\"},{\"@type\":\"ImageObject\",\"@id\":\"http:\/\/www.deanreed.de\/AmericanRebel\/vk\/buergeraufstand-fuer-die-freiheit\/#primaryimage\",\"inLanguage\":\"de\",\"url\":\"http:\/\/www.deanreed.de\/AmericanRebel\/2017\/wp-content\/uploads\/2018\/07\/VK_end_113.png\",\"contentUrl\":\"http:\/\/www.deanreed.de\/AmericanRebel\/2017\/wp-content\/uploads\/2018\/07\/VK_end_113.png\"},{\"@type\":\"WebPage\",\"@id\":\"http:\/\/www.deanreed.de\/AmericanRebel\/vk\/buergeraufstand-fuer-die-freiheit\/#webpage\",\"url\":\"http:\/\/www.deanreed.de\/AmericanRebel\/vk\/buergeraufstand-fuer-die-freiheit\/\",\"name\":\"- B\\u00fcrgeraufstand f\\u00fcr die Freiheit - Volkskorrespondenz\",\"isPartOf\":{\"@id\":\"http:\/\/www.deanreed.de\/AmericanRebel\/vk\/#website\"},\"primaryImageOfPage\":{\"@id\":\"http:\/\/www.deanreed.de\/AmericanRebel\/vk\/buergeraufstand-fuer-die-freiheit\/#primaryimage\"},\"datePublished\":\"2018-05-11T17:23:47+00:00\",\"dateModified\":\"2018-08-24T17:28:42+00:00\",\"author\":{\"@id\":\"http:\/\/www.deanreed.de\/AmericanRebel\/vk\/#\/schema\/person\/ded09b9ff458b5ad908962dce1699986\"},\"breadcrumb\":{\"@id\":\"http:\/\/www.deanreed.de\/AmericanRebel\/vk\/buergeraufstand-fuer-die-freiheit\/#breadcrumb\"},\"inLanguage\":\"de\",\"potentialAction\":[{\"@type\":\"ReadAction\",\"target\":[\"http:\/\/www.deanreed.de\/AmericanRebel\/vk\/buergeraufstand-fuer-die-freiheit\/\"]}]},{\"@type\":\"BreadcrumbList\",\"@id\":\"http:\/\/www.deanreed.de\/AmericanRebel\/vk\/buergeraufstand-fuer-die-freiheit\/#breadcrumb\",\"itemListElement\":[{\"@type\":\"ListItem\",\"position\":1,\"name\":\"Startseite\",\"item\":\"http:\/\/www.deanreed.de\/AmericanRebel\/vk\/\"},{\"@type\":\"ListItem\",\"position\":2,\"name\":\"&#8211; B\\u00fcrgeraufstand f\\u00fcr die Freiheit\"}]},{\"@type\":\"Person\",\"@id\":\"http:\/\/www.deanreed.de\/AmericanRebel\/vk\/#\/schema\/person\/ded09b9ff458b5ad908962dce1699986\",\"name\":\"Andreas Habicht\",\"url\":\"http:\/\/www.deanreed.de\/AmericanRebel\/vk\/author\/andy\/\"}]}<\/script>\n<!-- \/ Yoast SEO plugin. -->","yoast_head_json":{"title":"- B\u00fcrgeraufstand f\u00fcr die Freiheit - Volkskorrespondenz","robots":{"index":"index","follow":"follow","max-snippet":"max-snippet:-1","max-image-preview":"max-image-preview:large","max-video-preview":"max-video-preview:-1"},"canonical":"http:\/\/www.deanreed.de\/AmericanRebel\/vk\/buergeraufstand-fuer-die-freiheit\/","og_locale":"de_DE","og_type":"article","og_title":"- B\u00fcrgeraufstand f\u00fcr die Freiheit - Volkskorrespondenz","og_description":"Volkskorrespondentin Jenni Kellermann . B\u00fcrgeraufstand f\u00fcr die Freiheit Es ist ein B\u00fcrgeraufstand, wie ihn dieses Land schon lange nicht mehr gesehen hat. Zehntausende sind heute in M\u00fcnchen auf die Stra\u00dfe gegangen, und ja, es ist eine Demonstration, die man historisch [&hellip;]&darr; Lese den Rest von diesem Eintrag...","og_url":"http:\/\/www.deanreed.de\/AmericanRebel\/vk\/buergeraufstand-fuer-die-freiheit\/","og_site_name":"Volkskorrespondenz","article_published_time":"2018-05-11T17:23:47+00:00","article_modified_time":"2018-08-24T17:28:42+00:00","og_image":[{"url":"http:\/\/www.deanreed.de\/AmericanRebel\/2017\/wp-content\/uploads\/2018\/07\/VK_end_113.png"}],"twitter_card":"summary_large_image","twitter_misc":{"Verfasst von":"Andreas Habicht","Gesch\u00e4tzte Lesezeit":"3\u00a0Minuten"},"schema":{"@context":"https:\/\/schema.org","@graph":[{"@type":"WebSite","@id":"http:\/\/www.deanreed.de\/AmericanRebel\/vk\/#website","url":"http:\/\/www.deanreed.de\/AmericanRebel\/vk\/","name":"Volkskorrespondenz","description":"Leser\/innen schreiben selber","potentialAction":[{"@type":"SearchAction","target":{"@type":"EntryPoint","urlTemplate":"http:\/\/www.deanreed.de\/AmericanRebel\/vk\/?s={search_term_string}"},"query-input":"required name=search_term_string"}],"inLanguage":"de"},{"@type":"ImageObject","@id":"http:\/\/www.deanreed.de\/AmericanRebel\/vk\/buergeraufstand-fuer-die-freiheit\/#primaryimage","inLanguage":"de","url":"http:\/\/www.deanreed.de\/AmericanRebel\/2017\/wp-content\/uploads\/2018\/07\/VK_end_113.png","contentUrl":"http:\/\/www.deanreed.de\/AmericanRebel\/2017\/wp-content\/uploads\/2018\/07\/VK_end_113.png"},{"@type":"WebPage","@id":"http:\/\/www.deanreed.de\/AmericanRebel\/vk\/buergeraufstand-fuer-die-freiheit\/#webpage","url":"http:\/\/www.deanreed.de\/AmericanRebel\/vk\/buergeraufstand-fuer-die-freiheit\/","name":"- B\u00fcrgeraufstand f\u00fcr die Freiheit - Volkskorrespondenz","isPartOf":{"@id":"http:\/\/www.deanreed.de\/AmericanRebel\/vk\/#website"},"primaryImageOfPage":{"@id":"http:\/\/www.deanreed.de\/AmericanRebel\/vk\/buergeraufstand-fuer-die-freiheit\/#primaryimage"},"datePublished":"2018-05-11T17:23:47+00:00","dateModified":"2018-08-24T17:28:42+00:00","author":{"@id":"http:\/\/www.deanreed.de\/AmericanRebel\/vk\/#\/schema\/person\/ded09b9ff458b5ad908962dce1699986"},"breadcrumb":{"@id":"http:\/\/www.deanreed.de\/AmericanRebel\/vk\/buergeraufstand-fuer-die-freiheit\/#breadcrumb"},"inLanguage":"de","potentialAction":[{"@type":"ReadAction","target":["http:\/\/www.deanreed.de\/AmericanRebel\/vk\/buergeraufstand-fuer-die-freiheit\/"]}]},{"@type":"BreadcrumbList","@id":"http:\/\/www.deanreed.de\/AmericanRebel\/vk\/buergeraufstand-fuer-die-freiheit\/#breadcrumb","itemListElement":[{"@type":"ListItem","position":1,"name":"Startseite","item":"http:\/\/www.deanreed.de\/AmericanRebel\/vk\/"},{"@type":"ListItem","position":2,"name":"&#8211; B\u00fcrgeraufstand f\u00fcr die Freiheit"}]},{"@type":"Person","@id":"http:\/\/www.deanreed.de\/AmericanRebel\/vk\/#\/schema\/person\/ded09b9ff458b5ad908962dce1699986","name":"Andreas Habicht","url":"http:\/\/www.deanreed.de\/AmericanRebel\/vk\/author\/andy\/"}]}},"_links":{"self":[{"href":"http:\/\/www.deanreed.de\/AmericanRebel\/vk\/wp-json\/wp\/v2\/posts\/638"}],"collection":[{"href":"http:\/\/www.deanreed.de\/AmericanRebel\/vk\/wp-json\/wp\/v2\/posts"}],"about":[{"href":"http:\/\/www.deanreed.de\/AmericanRebel\/vk\/wp-json\/wp\/v2\/types\/post"}],"author":[{"embeddable":true,"href":"http:\/\/www.deanreed.de\/AmericanRebel\/vk\/wp-json\/wp\/v2\/users\/12"}],"replies":[{"embeddable":true,"href":"http:\/\/www.deanreed.de\/AmericanRebel\/vk\/wp-json\/wp\/v2\/comments?post=638"}],"version-history":[{"count":2,"href":"http:\/\/www.deanreed.de\/AmericanRebel\/vk\/wp-json\/wp\/v2\/posts\/638\/revisions"}],"predecessor-version":[{"id":640,"href":"http:\/\/www.deanreed.de\/AmericanRebel\/vk\/wp-json\/wp\/v2\/posts\/638\/revisions\/640"}],"wp:attachment":[{"href":"http:\/\/www.deanreed.de\/AmericanRebel\/vk\/wp-json\/wp\/v2\/media?parent=638"}],"wp:term":[{"taxonomy":"category","embeddable":true,"href":"http:\/\/www.deanreed.de\/AmericanRebel\/vk\/wp-json\/wp\/v2\/categories?post=638"},{"taxonomy":"post_tag","embeddable":true,"href":"http:\/\/www.deanreed.de\/AmericanRebel\/vk\/wp-json\/wp\/v2\/tags?post=638"}],"curies":[{"name":"wp","href":"https:\/\/api.w.org\/{rel}","templated":true}]}}