{"id":2137,"date":"2020-11-21T16:59:06","date_gmt":"2020-11-21T15:59:06","guid":{"rendered":"http:\/\/www.deanreed.de\/AmericanRebel\/vk\/?p=2137"},"modified":"2020-11-30T17:01:17","modified_gmt":"2020-11-30T16:01:17","slug":"wenn-sars-cov2-ins-haus-kommt-persoenliche-erfahrungen-aus-portugal","status":"publish","type":"post","link":"http:\/\/www.deanreed.de\/AmericanRebel\/vk\/wenn-sars-cov2-ins-haus-kommt-persoenliche-erfahrungen-aus-portugal\/","title":{"rendered":"&#8211;  Wenn SARS-COV2 ins Haus kommt \u2013 pers\u00f6nliche Erfahrungen aus Portugal"},"content":{"rendered":"<p><strong><span style=\"font-family: verdana, geneva, sans-serif; color: #000000; font-size: 12pt;\"><img loading=\"lazy\" class=\" wp-image-60 alignright\" src=\"https:\/\/rotermorgen.eu\/wp-content\/uploads\/2020\/04\/VK_end-768x768-1-300x300.png\" alt=\"\" width=\"111\" height=\"111\" \/><\/span><\/strong><\/p>\n<p><strong><span style=\"font-family: georgia, palatino, serif; font-size: 12pt;\"><a href=\"http:\/\/www.deanreed.de\/AmericanRebel\/vk\/440\/\" target=\"_blank\" rel=\"noopener noreferrer\">Volkskorrespondent<\/a> Rui Filipe Gutschmidt<br \/>\n<\/span><\/strong><\/p>\n<h2>Wenn SARS-COV2 ins Haus kommt \u2013<br \/>\npers\u00f6nliche Erfahrungen aus Portugal<\/h2>\n<div id=\"attachment_2135\" style=\"width: 110px\" class=\"wp-caption alignleft\"><img aria-describedby=\"caption-attachment-2135\" loading=\"lazy\" class=\"size-full wp-image-2135\" src=\"http:\/\/www.deanreed.de\/AmericanRebel\/vk\/wp-content\/uploads\/2020\/11\/Rui_Gutschmidt.jpg\" alt=\"\" width=\"100\" height=\"150\" \/><p id=\"caption-attachment-2135\" class=\"wp-caption-text\"><span style=\"color: #808080;\">Rui Gutschmidt<\/span><\/p><\/div>\n<p lang=\"de-DE\" style=\"text-align: justify;\"><span class=\"pad__overflow\" style=\"font-family: georgia, palatino, serif; font-size: 12pt;\"> Man denkt, dass man vorbereitet ist. Man sch\u00fctzt sich und seine <span id=\"decorator-corrected-entity-id-11\" data-entity-key=\"11\" data-offset-key=\"bdfch-1-0\">Mitbewohner, indem<\/span> man sich an Hygieneregeln und die Vorschriften der Regierung h\u00e4lt und hofft, dass es genug ist&#8230; Und doch geschieht es immer wieder. Tausende infizieren sich <span id=\"decorator-corrected-entity-id-21\" data-entity-key=\"21\" data-offset-key=\"bdfch-5-0\">t\u00e4glich, und<\/span> noch bevor sie sich dessen bewusst werden, haben sie das Virus mit <span id=\"decorator-corrected-entity-id-30\" data-entity-key=\"30\" data-offset-key=\"bdfch-7-0\">nach <\/span><span id=\"decorator-corrected-entity-id-65\" data-entity-key=\"65\" data-offset-key=\"bdfch-8-0\">Hause zur<\/span> Arbeit und ins Stammcaf\u00e9 gebracht, es den Familienangeh\u00f6rigen und Freunden zum Geschenk gemacht und somit verbreitet sich das neue Coronavirus immer weiter.<\/span><\/p>\n<p style=\"text-align: justify;\"><span style=\"font-family: georgia, palatino, serif; font-size: 12pt;\">Jetzt kam das Virus in meine Wohnung. Es traf einen meiner Mitbewohner und dadurch uns alle. Eine WG, geschaffen aus NOT-wendigkeit oder besser ausgedr\u00fcckt, als Gegenma\u00dfnahme einer anderen Seuche: Der Armut! Aber auch aus Solidarit\u00e4t! Die jungen <span id=\"decorator-corrected-entity-id-39\" data-entity-key=\"39\" data-offset-key=\"8mo20-3-0\">Brasilianer, die<\/span> hier mit mir zusammenleben, kamen zum <span id=\"decorator-corrected-entity-id-47\" data-entity-key=\"47\" data-offset-key=\"8mo20-5-0\">Arbeiten<\/span>. Sie kamen \u00fcber den Atlantik, weil sie in ihrer Heimat keine M\u00f6glichkeit sahen, sich eine Zukunft aufzubauen. In Brasilien sorgt ein Faschist als Pr\u00e4sident f\u00fcr eine immer gr\u00f6\u00dfere Spaltung zwischen Arm und Reich, Links und Rechts und marginalisiert Minderheiten. Die Korruption, die in Brasilien allgegenw\u00e4rtig ist, hat Ja\u00edr Bolsonaro nat\u00fcrlich <span id=\"decorator-corrected-entity-id-60\" data-entity-key=\"60\" data-offset-key=\"8mo20-9-0\">nicht wie<\/span> <span id=\"decorator-corrected-entity-id-54\" data-entity-key=\"54\" data-offset-key=\"8mo20-11-0\">versprochen beseitigt,<\/span> sondern eher noch verst\u00e4rkt. Er versucht die Justiz politisch zu benutzen und sorgt so f\u00fcr eine instabile Lage im Land. Meine Mitbewohner kamen aus diesem Chaos nach Portugal, um frei davon eine Zukunft zu errichten.<\/span><\/p>\n<div id=\"attachment_2180\" style=\"width: 598px\" class=\"wp-caption aligncenter\"><img aria-describedby=\"caption-attachment-2180\" loading=\"lazy\" class=\" wp-image-2180\" src=\"http:\/\/www.deanreed.de\/AmericanRebel\/vk\/wp-content\/uploads\/2020\/11\/rui-640x381-1-300x179.jpg\" alt=\"\" width=\"588\" height=\"351\" srcset=\"http:\/\/www.deanreed.de\/AmericanRebel\/vk\/wp-content\/uploads\/2020\/11\/rui-640x381-1-300x179.jpg 300w, http:\/\/www.deanreed.de\/AmericanRebel\/vk\/wp-content\/uploads\/2020\/11\/rui-640x381-1.jpg 640w\" sizes=\"(max-width: 588px) 100vw, 588px\" \/><p id=\"caption-attachment-2180\" class=\"wp-caption-text\">Mit Maske in die K\u00fcche und ins Bad &#8211; <span style=\"color: #808080;\">Selfie von Rui Gutschmidt CC BY-SA 2.0<\/span><\/p><\/div>\n<div style=\"text-align: justify;\" data-contents=\"true\">\n<div class=\"\" data-block=\"true\" data-editor=\"fqpi8\" data-offset-key=\"bdfch-0-0\">\n<div data-offset-key=\"bdfch-0-0\"><\/div>\n<div class=\"public-DraftStyleDefault-block public-DraftStyleDefault-ltr\" data-offset-key=\"bdfch-0-0\"><span style=\"font-family: georgia, palatino, serif; font-size: 12pt;\">Doch Covid-19 macht ihnen einen Strich durch die Rechnung. Schon im M\u00e4rz hatten alle 3 gro\u00dfe Probleme, als sie in der Restauration als Kellner arbeiteten und nach der Schlie\u00dfung der Caf\u00e9s und Restaurants fanden sich alle in einer prek\u00e4ren Situation wieder. Ihre <span id=\"decorator-corrected-entity-id-76\" data-entity-key=\"76\" data-offset-key=\"bdfch-1-0\">Arbeitgeber, \u2013<\/span> bei allem Verst\u00e4ndnis f\u00fcr die Probleme der Kleinunternehmer, besonders im <span id=\"decorator-corrected-entity-id-83\" data-entity-key=\"83\" data-offset-key=\"bdfch-3-0\">Gastgewerbe, \u2013<\/span> nutzen die Lage, um L\u00f6hne zu k\u00fcrzen, ihre Arbeitnehmer in unbezahlten \u201eUrlaub\u201c zu schicken oder ihnen den Arbeitsvertrag nicht zu verl\u00e4ngern. Es <span id=\"decorator-corrected-entity-id-89\" data-entity-key=\"89\" data-offset-key=\"bdfch-5-0\">gab und<\/span> gibt noch <span id=\"decorator-corrected-entity-id-94\" data-entity-key=\"94\" data-offset-key=\"bdfch-7-0\">immer jede<\/span> Menge Verst\u00f6\u00dfe gegen die Rechte der Arbeitnehmer, von denen Emigranten oft als erste betroffen sind. Ein altes Problem, dass <span id=\"decorator-corrected-entity-id-98\" data-entity-key=\"98\" data-offset-key=\"bdfch-9-0\">sich trotz<\/span> der Ma\u00dfnahmen der Regierung zum Schutz der <span id=\"decorator-corrected-entity-id-101\" data-entity-key=\"101\" data-offset-key=\"bdfch-11-0\">Arbeitnehmer w\u00e4hrend<\/span> der Pandemie noch verschlimmert hat. So erging und ergeht es auch meinen Mitbewohnern.<\/span><\/div>\n<\/div>\n<div class=\"\" data-block=\"true\" data-editor=\"fqpi8\" data-offset-key=\"7nspe-0-0\">\n<div class=\"public-DraftStyleDefault-block public-DraftStyleDefault-ltr\" data-offset-key=\"7nspe-0-0\"><\/div>\n<\/div>\n<div class=\"\" data-block=\"true\" data-editor=\"fqpi8\" data-offset-key=\"fr5hh-0-0\">\n<div class=\"public-DraftStyleDefault-block public-DraftStyleDefault-ltr\" data-offset-key=\"fr5hh-0-0\"><span style=\"font-family: georgia, palatino, serif; font-size: 12pt;\">Jetzt hat sich einer von uns angesteckt und somit das Virus mit in die WG gebracht. Man sollte meinen, dass die Beh\u00f6rden sofort kommen und alle Mitbewohner testen. Aber Pustekuchen! Niemand kam, niemand interessiert sich f\u00fcr uns. Wir sind in Quarant\u00e4ne, mehr freiwillig als alles andere, weil uns zu Beginn niemand offiziell dieses Statut erteilt hat. Aber was wird aus der Arbeit, dem Job, dem Einkommen? Ohne einer offiziellen Anordnung in der Wohnung zu bleiben, bekommt man kein Krankengeld. Also mussten wir uns selber k\u00fcmmern.<\/span><\/div>\n<\/div>\n<\/div>\n<div class=\"\" style=\"text-align: justify;\" data-block=\"true\" data-editor=\"fqpi8\" data-offset-key=\"bdfch-0-0\">\n<div class=\"public-DraftStyleDefault-block public-DraftStyleDefault-ltr\" data-offset-key=\"bdfch-0-0\"><span style=\"font-family: georgia, palatino, serif; font-size: 12pt;\"><br \/>\nDer Mitbewohner A, der sich schlecht gef\u00fchlt hat und mit dem Krankenwagen ins Krankenhaus gebracht wurde, ist der <span id=\"decorator-corrected-entity-id-136\" data-entity-key=\"136\" data-offset-key=\"bdfch-1-0\">Einzige<\/span><span id=\"decorator-corrected-entity-id-119\" data-entity-key=\"119\" data-offset-key=\"bdfch-2-0\">, der<\/span> bislang positiv getestet wurde. Er wird regelm\u00e4\u00dfig kontaktiert und nach Symptomen gefragt. Er gibt seine K\u00f6rpertemperatur telefonisch durch und berichtet \u00fcber (4 Tage nach dem Test nicht weiter vorhandene) Symptome. Man sagte ihm erst <span id=\"decorator-corrected-entity-id-152\" data-entity-key=\"152\" data-offset-key=\"bdfch-4-0\">nicht, wie<\/span> es weiter geht. Wann er wieder getestet wird, ob er Lohnfortzahlung bekommt oder ob die Sozialversicherung ihm Krankengeld zahlt, ob er 60 oder 66 oder xxx% bekommt&#8230; <mark class=\"pad__mark pad__mark--inline-advice\" data-entity-key=\"240\" data-offset-key=\"bdfch-12-0\" data-highlight-entity-key=\"240\"><\/mark> Sein Nebenjob im Restaurant ist <span id=\"decorator-corrected-entity-id-167\" data-entity-key=\"167\" data-offset-key=\"bdfch-14-0\">erst mal<\/span> futsch.<\/span><\/div>\n<\/div>\n<div class=\"\" style=\"text-align: justify;\" data-block=\"true\" data-editor=\"fqpi8\" data-offset-key=\"ciif5-0-0\">\n<div class=\"public-DraftStyleDefault-block public-DraftStyleDefault-ltr\" data-offset-key=\"ciif5-0-0\"><span style=\"font-family: georgia, palatino, serif; font-size: 12pt;\"><br \/>\nDieser Job sollte den Einkommensausfall seiner Lebensgef\u00e4hrtin L kompensieren, die seit letzten Monat auf Arbeitssuche ist. Ihr sagte man, dass sie nicht <span id=\"decorator-corrected-entity-id-181\" data-entity-key=\"181\" data-offset-key=\"3a1i4-1-0\">w\u00fcssten, ob<\/span> man sie testen kann, solange sie keine &#8222;Usernummer&#8220; (n\u00famero de utente) hat. Doch sie ist Krankenversicherer (Sozialversicherungsnummer hat sie), da sie 9 Monate in Portugal gearbeitet hat. Inkompetenz der \u00c4mter und ein Chaos in der Umsetzung der <span id=\"decorator-corrected-entity-id-194\" data-entity-key=\"194\" data-offset-key=\"3a1i4-7-0\">Regeln scheint<\/span> allgegenw\u00e4rtig zu sein.<\/span><\/div>\n<\/div>\n<div class=\"\" style=\"text-align: justify;\" data-block=\"true\" data-editor=\"fqpi8\" data-offset-key=\"3a1i4-0-0\">\n<div class=\"public-DraftStyleDefault-block public-DraftStyleDefault-ltr\" data-offset-key=\"3a1i4-0-0\">\n<p><span style=\"font-family: georgia, palatino, serif; font-size: 12pt;\">Beim 3. <span id=\"decorator-corrected-entity-id-311\" data-entity-key=\"311\" data-offset-key=\"bdfch-1-0\">Mitbewohner W<\/span> lief es wieder anders. Er machte den Test eine Woche nach Beginn der Quarant\u00e4ne, allerdings in einer Nachbarstadt. Da schickt man einen jungen Mann, der ein <span id=\"decorator-corrected-entity-id-265\" data-entity-key=\"265\" data-offset-key=\"bdfch-3-0\">potenzieller<\/span> \u00dcbertr\u00e4ger ist und der eigentlich unter Quarant\u00e4ne steht und nicht aus dem Haus darf, in einen anderen Ort (innerhalb <span id=\"decorator-corrected-entity-id-278\" data-entity-key=\"278\" data-offset-key=\"bdfch-5-0\">desselben<\/span> Landkreises aber trotzdem einige <span id=\"decorator-corrected-entity-id-290\" data-entity-key=\"290\" data-offset-key=\"bdfch-7-0\">km<\/span> <span id=\"decorator-corrected-entity-id-301\" data-entity-key=\"301\" data-offset-key=\"bdfch-9-0\">entfernt), um<\/span> \u201eeine einsch\u00e4tzende Sprechstunde\u201c aufzusuchen. Nach der \u201eEinsch\u00e4tzung\u201c wurde ihm gesagt, dass er den Test bezahlen m\u00fcsse. Doch das lehnte er ab&#8230; <\/span><\/p>\n<\/div>\n<\/div>\n<div class=\"\" style=\"text-align: justify;\" data-block=\"true\" data-editor=\"fqpi8\" data-offset-key=\"5s5ht-0-0\">\n<div class=\"public-DraftStyleDefault-block public-DraftStyleDefault-ltr\" data-offset-key=\"1sk4o-0-0\"><span style=\"font-family: georgia, palatino, serif; font-size: 12pt;\"> \u201eNein, Brasiliens Gesundheitssystem muss dir den Test zahlen. Du gehst nur in Vorkasse.\u201c So die Krankenschwester. W lehnte das erneut vehement ab, weil im klar war, dass er das Geld nie wieder sehen w\u00fcrde. Da er aber in Portugal arbeitet und in die Sozialversicherung einzahlt, ist er ganz normal versichert (\u00fcbrigens f\u00fcr alle Zeit, ob er arbeitet oder nicht, es <span id=\"decorator-corrected-entity-id-320\" data-entity-key=\"320\" data-offset-key=\"1sk4o-1-0\">reicht, wenn<\/span> man einmal eingezahlt <span id=\"decorator-corrected-entity-id-328\" data-entity-key=\"328\" data-offset-key=\"1sk4o-3-0\">hat, um<\/span> immer Anrecht auf den sozialen Schutz zu haben). Im Fall einer eventuellen Infektion mit <span id=\"decorator-corrected-entity-id-347\" data-entity-key=\"347\" data-offset-key=\"1sk4o-5-0\">Covid-19 gelten<\/span> die Regeln des Notstands zur Eind\u00e4mmung der Pandemie. Jeder hat Anrecht auf kostenlose medizinische Versorgung!<\/span><\/div>\n<\/div>\n<div style=\"text-align: justify;\" data-offset-key=\"1sk4o-0-0\"><\/div>\n<div style=\"text-align: justify;\" data-offset-key=\"1sk4o-0-0\">\n<div class=\"\" data-block=\"true\" data-editor=\"fqpi8\" data-offset-key=\"cqmcn-0-0\">\n<div class=\"public-DraftStyleDefault-block public-DraftStyleDefault-ltr\" data-offset-key=\"cqmcn-0-0\"><span style=\"font-family: georgia, palatino, serif; font-size: 12pt;\">Das sah die Krankenschwester nach \u00fcber einer Stunde am PC und der Suche nach dem richtigen <span id=\"decorator-corrected-entity-id-361\" data-entity-key=\"361\" data-offset-key=\"cqmcn-1-0\">Prozedere schlie\u00dflich<\/span> auch ein. B\u00fcrokratie erledigt, Test angeordnet. Das St\u00e4bchen weit hochgeschoben (\u201ef\u00fchlte sich an, als w\u00fcrden sie mir damit im Gehirn rumstochern&#8230;&#8220;) und schon erledigt. Ach ja, man hat ihm keinen Mikrochip ins Hirn gepflanzt und er wird sicher nicht mit Hilfeder G5-Technologie ferngesteuert. Aber er musste den Transport bezahlen <span id=\"decorator-corrected-entity-id-390\" data-entity-key=\"390\" data-offset-key=\"cqmcn-13-0\">(in, einer<\/span> Art Uber (Taxi), um m\u00f6glichst niemanden anzustecken).<\/span><\/div>\n<\/div>\n<\/div>\n<div style=\"text-align: justify;\" data-contents=\"true\">\n<div class=\"\" data-block=\"true\" data-editor=\"dphik\" data-offset-key=\"cqmcn-0-0\">\n<div class=\"public-DraftStyleDefault-block public-DraftStyleDefault-ltr\" data-offset-key=\"cqmcn-0-0\">\n<div id=\"attachment_2179\" style=\"width: 275px\" class=\"wp-caption alignleft\"><img aria-describedby=\"caption-attachment-2179\" loading=\"lazy\" class=\" wp-image-2179\" src=\"http:\/\/www.deanreed.de\/AmericanRebel\/vk\/wp-content\/uploads\/2020\/11\/Rui2-234x300.jpg\" alt=\"\" width=\"265\" height=\"340\" srcset=\"http:\/\/www.deanreed.de\/AmericanRebel\/vk\/wp-content\/uploads\/2020\/11\/Rui2-234x300.jpg 234w, http:\/\/www.deanreed.de\/AmericanRebel\/vk\/wp-content\/uploads\/2020\/11\/Rui2.jpg 716w\" sizes=\"(max-width: 265px) 100vw, 265px\" \/><p id=\"caption-attachment-2179\" class=\"wp-caption-text\"><span style=\"font-family: georgia, palatino, serif; font-size: 10pt;\">Covid-19 kam in unser trautes Heim &#8211; <span style=\"color: #808080;\">Selfie von Rui Gutschmidt CC BY-SA 2.0<\/span><\/span><\/p><\/div>\n<p><span style=\"font-family: georgia, palatino, serif; font-size: 12pt;\">Sein Testergebnis kam am Tag danach. Negativ! Er muss <span id=\"decorator-corrected-entity-id-9\" data-entity-key=\"9\" data-offset-key=\"cqmcn-1-0\">aber laut<\/span> seiner <span id=\"decorator-corrected-entity-id-17\" data-entity-key=\"17\" data-offset-key=\"cqmcn-3-0\">\u00c4rztin bis<\/span> zum 24.11 in Quarant\u00e4ne bleiben. Dies gilt wohl f\u00fcr alle Bewohner unserer WG. W braucht aber noch eine Krankmeldung f\u00fcr seinen Arbeitgeber, da er bisher noch keine Bescheinigung bekommen hat. Es ist chaotisch, wie die Beh\u00f6rden mit der Situation umgehen. Keiner kennt sich wirklich aus. Was gestern galt, das gilt heute nicht mehr und was heute <span id=\"decorator-corrected-entity-id-24\" data-entity-key=\"24\" data-offset-key=\"cqmcn-5-0\">gilt, ist<\/span> morgen schon wieder Schnee von gestern.<\/span><\/p>\n<\/div>\n<\/div>\n<div class=\"\" data-block=\"true\" data-editor=\"dphik\" data-offset-key=\"4k3h3-0-0\">\n<div class=\"public-DraftStyleDefault-block public-DraftStyleDefault-ltr\" data-offset-key=\"4k3h3-0-0\"><span style=\"font-family: georgia, palatino, serif; font-size: 12pt;\">Jetzt sagte man zu A, dass er ab morgen (21. November) wieder arbeiten k\u00f6nne. Kopfsch\u00fctteln ist angesagt, da er nach dem positiven Test nicht erneut getestet wurde. Er m\u00fcsse \u201ekeinen weiteren Test machen, da er l\u00e4nger keine Symptome\u201c mehr hat. Das verst\u00f6\u00dft sicher gegen alle Regelungen und kann eigentlich nur ein Fehler sein. Auf jeden Fall aber entbehrt es jedweder Logik, dass <span id=\"decorator-corrected-entity-id-30\" data-entity-key=\"30\" data-offset-key=\"4k3h3-3-0\">einer, der<\/span> positiv getestet <span id=\"decorator-corrected-entity-id-35\" data-entity-key=\"35\" data-offset-key=\"4k3h3-5-0\">wurde, nach<\/span> 10 Tagen OHNE erneuten Test wieder zur Arbeit gehen kann, w\u00e4hrend jemand mit einem negativen Testergebnis trotzdem die 14 Tage <span id=\"decorator-corrected-entity-id-39\" data-entity-key=\"39\" data-offset-key=\"4k3h3-7-0\">vollmachen<\/span> soll. Vom 10.11. bis 24.11. gilt laut der \u00c4rztin von W die Quarant\u00e4ne f\u00fcr uns alle. Auch die Freundin von W, N wurde <span id=\"decorator-corrected-entity-id-42\" data-entity-key=\"42\" data-offset-key=\"4k3h3-9-0\">angewiesen, solange<\/span> bei uns zu verweilen.<\/span><\/div>\n<\/div>\n<\/div>\n<div data-contents=\"true\">\n<div class=\"\" style=\"text-align: justify;\" data-block=\"true\" data-editor=\"dphik\" data-offset-key=\"bdfch-0-0\">\n<div class=\"public-DraftStyleDefault-block public-DraftStyleDefault-ltr\" data-offset-key=\"bdfch-0-0\">\n<p style=\"text-align: center;\"><span style=\"font-size: 10pt;\">_____________________________________________________________________________<\/span><\/p>\n<p style=\"text-align: center;\"><span style=\"font-size: 10pt;\">F\u00fcr den Inhalt dieses Artikels ist ausschlie\u00dflich die Autorin bzw. der Autor verantwortlich.<\/span><br \/>\n<span style=\"font-size: 10pt;\">Ver\u00f6ffentlichungen sind nur angeschlossenen Medien der Gruppe-Volkskorrespondenz gestattet.<\/span><\/p>\n<p>&nbsp;<\/p>\n<\/div>\n<\/div>\n<\/div>\n","protected":false},"excerpt":{"rendered":"<p>Volkskorrespondent Rui Filipe Gutschmidt Wenn SARS-COV2 ins Haus kommt \u2013 pers\u00f6nliche Erfahrungen aus Portugal Man denkt, dass man vorbereitet ist. Man sch\u00fctzt sich und seine Mitbewohner, indem man sich an Hygieneregeln und die Vorschriften der Regierung h\u00e4lt und hofft, dass [&hellip;]<a class=\"more-link\" href=\"http:\/\/www.deanreed.de\/AmericanRebel\/vk\/wenn-sars-cov2-ins-haus-kommt-persoenliche-erfahrungen-aus-portugal\/\">&darr; Lese den Rest von diesem Eintrag&#8230;<\/a><\/p>\n","protected":false},"author":2,"featured_media":0,"comment_status":"closed","ping_status":"closed","sticky":false,"template":"","format":"standard","meta":[],"categories":[1],"tags":[51,104,128,129,130,131,132,108,133,134,135,136,137,138,139,140,106,141],"yoast_head":"<!-- This site is optimized with the Yoast SEO plugin v17.5 - https:\/\/yoast.com\/wordpress\/plugins\/seo\/ -->\n<title>- Wenn SARS-COV2 ins Haus kommt \u2013 pers\u00f6nliche Erfahrungen aus Portugal - Volkskorrespondenz<\/title>\n<meta name=\"robots\" content=\"index, follow, max-snippet:-1, max-image-preview:large, max-video-preview:-1\" \/>\n<link rel=\"canonical\" href=\"http:\/\/www.deanreed.de\/AmericanRebel\/vk\/wenn-sars-cov2-ins-haus-kommt-persoenliche-erfahrungen-aus-portugal\/\" \/>\n<meta property=\"og:locale\" content=\"de_DE\" \/>\n<meta property=\"og:type\" content=\"article\" \/>\n<meta property=\"og:title\" content=\"- Wenn SARS-COV2 ins Haus kommt \u2013 pers\u00f6nliche Erfahrungen aus Portugal - Volkskorrespondenz\" \/>\n<meta property=\"og:description\" content=\"Man denkt, dass man vorbereitet ist. Man sch\u00fctzt sich und seine Mitbewohner, indem man sich an Hygieneregeln und die Vorschriften der Regierung h\u00e4lt und hofft, dass es genug ist...\" \/>\n<meta property=\"og:url\" content=\"http:\/\/www.deanreed.de\/AmericanRebel\/vk\/wenn-sars-cov2-ins-haus-kommt-persoenliche-erfahrungen-aus-portugal\/\" \/>\n<meta property=\"og:site_name\" content=\"Volkskorrespondenz\" \/>\n<meta property=\"article:published_time\" content=\"2020-11-21T15:59:06+00:00\" \/>\n<meta property=\"article:modified_time\" content=\"2020-11-30T16:01:17+00:00\" \/>\n<meta property=\"og:image\" content=\"http:\/\/www.deanreed.de\/AmericanRebel\/vk\/wp-content\/uploads\/2020\/11\/rui-640x381-1.jpg\" \/>\n\t<meta property=\"og:image:width\" content=\"640\" \/>\n\t<meta property=\"og:image:height\" content=\"381\" \/>\n<meta name=\"twitter:card\" content=\"summary_large_image\" \/>\n<meta name=\"twitter:label1\" content=\"Verfasst von\" \/>\n\t<meta name=\"twitter:data1\" content=\"Fiete\" \/>\n\t<meta name=\"twitter:label2\" content=\"Gesch\u00e4tzte Lesezeit\" \/>\n\t<meta name=\"twitter:data2\" content=\"6\u00a0Minuten\" \/>\n<script type=\"application\/ld+json\" class=\"yoast-schema-graph\">{\"@context\":\"https:\/\/schema.org\",\"@graph\":[{\"@type\":\"WebSite\",\"@id\":\"http:\/\/www.deanreed.de\/AmericanRebel\/vk\/#website\",\"url\":\"http:\/\/www.deanreed.de\/AmericanRebel\/vk\/\",\"name\":\"Volkskorrespondenz\",\"description\":\"Leser\/innen schreiben selber\",\"potentialAction\":[{\"@type\":\"SearchAction\",\"target\":{\"@type\":\"EntryPoint\",\"urlTemplate\":\"http:\/\/www.deanreed.de\/AmericanRebel\/vk\/?s={search_term_string}\"},\"query-input\":\"required name=search_term_string\"}],\"inLanguage\":\"de\"},{\"@type\":\"ImageObject\",\"@id\":\"http:\/\/www.deanreed.de\/AmericanRebel\/vk\/wenn-sars-cov2-ins-haus-kommt-persoenliche-erfahrungen-aus-portugal\/#primaryimage\",\"inLanguage\":\"de\",\"url\":\"http:\/\/www.deanreed.de\/AmericanRebel\/vk\/wp-content\/uploads\/2020\/11\/rui-640x381-1.jpg\",\"contentUrl\":\"http:\/\/www.deanreed.de\/AmericanRebel\/vk\/wp-content\/uploads\/2020\/11\/rui-640x381-1.jpg\",\"width\":640,\"height\":381,\"caption\":\"Mit Maske in die K\\u00fcche und ins Bad - Selfie von Rui Gutschmidt CC BY-SA 2.0\"},{\"@type\":\"WebPage\",\"@id\":\"http:\/\/www.deanreed.de\/AmericanRebel\/vk\/wenn-sars-cov2-ins-haus-kommt-persoenliche-erfahrungen-aus-portugal\/#webpage\",\"url\":\"http:\/\/www.deanreed.de\/AmericanRebel\/vk\/wenn-sars-cov2-ins-haus-kommt-persoenliche-erfahrungen-aus-portugal\/\",\"name\":\"- Wenn SARS-COV2 ins Haus kommt \\u2013 pers\\u00f6nliche Erfahrungen aus Portugal - Volkskorrespondenz\",\"isPartOf\":{\"@id\":\"http:\/\/www.deanreed.de\/AmericanRebel\/vk\/#website\"},\"primaryImageOfPage\":{\"@id\":\"http:\/\/www.deanreed.de\/AmericanRebel\/vk\/wenn-sars-cov2-ins-haus-kommt-persoenliche-erfahrungen-aus-portugal\/#primaryimage\"},\"datePublished\":\"2020-11-21T15:59:06+00:00\",\"dateModified\":\"2020-11-30T16:01:17+00:00\",\"author\":{\"@id\":\"http:\/\/www.deanreed.de\/AmericanRebel\/vk\/#\/schema\/person\/0e6b12a10e7a787c6a7c19ecd1ad5785\"},\"breadcrumb\":{\"@id\":\"http:\/\/www.deanreed.de\/AmericanRebel\/vk\/wenn-sars-cov2-ins-haus-kommt-persoenliche-erfahrungen-aus-portugal\/#breadcrumb\"},\"inLanguage\":\"de\",\"potentialAction\":[{\"@type\":\"ReadAction\",\"target\":[\"http:\/\/www.deanreed.de\/AmericanRebel\/vk\/wenn-sars-cov2-ins-haus-kommt-persoenliche-erfahrungen-aus-portugal\/\"]}]},{\"@type\":\"BreadcrumbList\",\"@id\":\"http:\/\/www.deanreed.de\/AmericanRebel\/vk\/wenn-sars-cov2-ins-haus-kommt-persoenliche-erfahrungen-aus-portugal\/#breadcrumb\",\"itemListElement\":[{\"@type\":\"ListItem\",\"position\":1,\"name\":\"Startseite\",\"item\":\"http:\/\/www.deanreed.de\/AmericanRebel\/vk\/\"},{\"@type\":\"ListItem\",\"position\":2,\"name\":\"&#8211; Wenn SARS-COV2 ins Haus kommt \\u2013 pers\\u00f6nliche Erfahrungen aus Portugal\"}]},{\"@type\":\"Person\",\"@id\":\"http:\/\/www.deanreed.de\/AmericanRebel\/vk\/#\/schema\/person\/0e6b12a10e7a787c6a7c19ecd1ad5785\",\"name\":\"Fiete\",\"url\":\"http:\/\/www.deanreed.de\/AmericanRebel\/vk\/author\/redaktion\/\"}]}<\/script>\n<!-- \/ Yoast SEO plugin. -->","yoast_head_json":{"title":"- Wenn SARS-COV2 ins Haus kommt \u2013 pers\u00f6nliche Erfahrungen aus Portugal - Volkskorrespondenz","robots":{"index":"index","follow":"follow","max-snippet":"max-snippet:-1","max-image-preview":"max-image-preview:large","max-video-preview":"max-video-preview:-1"},"canonical":"http:\/\/www.deanreed.de\/AmericanRebel\/vk\/wenn-sars-cov2-ins-haus-kommt-persoenliche-erfahrungen-aus-portugal\/","og_locale":"de_DE","og_type":"article","og_title":"- Wenn SARS-COV2 ins Haus kommt \u2013 pers\u00f6nliche Erfahrungen aus Portugal - Volkskorrespondenz","og_description":"Man denkt, dass man vorbereitet ist. Man sch\u00fctzt sich und seine Mitbewohner, indem man sich an Hygieneregeln und die Vorschriften der Regierung h\u00e4lt und hofft, dass es genug ist...","og_url":"http:\/\/www.deanreed.de\/AmericanRebel\/vk\/wenn-sars-cov2-ins-haus-kommt-persoenliche-erfahrungen-aus-portugal\/","og_site_name":"Volkskorrespondenz","article_published_time":"2020-11-21T15:59:06+00:00","article_modified_time":"2020-11-30T16:01:17+00:00","og_image":[{"width":640,"height":381,"url":"http:\/\/www.deanreed.de\/AmericanRebel\/vk\/wp-content\/uploads\/2020\/11\/rui-640x381-1.jpg","type":"image\/jpeg"}],"twitter_card":"summary_large_image","twitter_misc":{"Verfasst von":"Fiete","Gesch\u00e4tzte Lesezeit":"6\u00a0Minuten"},"schema":{"@context":"https:\/\/schema.org","@graph":[{"@type":"WebSite","@id":"http:\/\/www.deanreed.de\/AmericanRebel\/vk\/#website","url":"http:\/\/www.deanreed.de\/AmericanRebel\/vk\/","name":"Volkskorrespondenz","description":"Leser\/innen schreiben selber","potentialAction":[{"@type":"SearchAction","target":{"@type":"EntryPoint","urlTemplate":"http:\/\/www.deanreed.de\/AmericanRebel\/vk\/?s={search_term_string}"},"query-input":"required name=search_term_string"}],"inLanguage":"de"},{"@type":"ImageObject","@id":"http:\/\/www.deanreed.de\/AmericanRebel\/vk\/wenn-sars-cov2-ins-haus-kommt-persoenliche-erfahrungen-aus-portugal\/#primaryimage","inLanguage":"de","url":"http:\/\/www.deanreed.de\/AmericanRebel\/vk\/wp-content\/uploads\/2020\/11\/rui-640x381-1.jpg","contentUrl":"http:\/\/www.deanreed.de\/AmericanRebel\/vk\/wp-content\/uploads\/2020\/11\/rui-640x381-1.jpg","width":640,"height":381,"caption":"Mit Maske in die K\u00fcche und ins Bad - Selfie von Rui Gutschmidt CC BY-SA 2.0"},{"@type":"WebPage","@id":"http:\/\/www.deanreed.de\/AmericanRebel\/vk\/wenn-sars-cov2-ins-haus-kommt-persoenliche-erfahrungen-aus-portugal\/#webpage","url":"http:\/\/www.deanreed.de\/AmericanRebel\/vk\/wenn-sars-cov2-ins-haus-kommt-persoenliche-erfahrungen-aus-portugal\/","name":"- Wenn SARS-COV2 ins Haus kommt \u2013 pers\u00f6nliche Erfahrungen aus Portugal - Volkskorrespondenz","isPartOf":{"@id":"http:\/\/www.deanreed.de\/AmericanRebel\/vk\/#website"},"primaryImageOfPage":{"@id":"http:\/\/www.deanreed.de\/AmericanRebel\/vk\/wenn-sars-cov2-ins-haus-kommt-persoenliche-erfahrungen-aus-portugal\/#primaryimage"},"datePublished":"2020-11-21T15:59:06+00:00","dateModified":"2020-11-30T16:01:17+00:00","author":{"@id":"http:\/\/www.deanreed.de\/AmericanRebel\/vk\/#\/schema\/person\/0e6b12a10e7a787c6a7c19ecd1ad5785"},"breadcrumb":{"@id":"http:\/\/www.deanreed.de\/AmericanRebel\/vk\/wenn-sars-cov2-ins-haus-kommt-persoenliche-erfahrungen-aus-portugal\/#breadcrumb"},"inLanguage":"de","potentialAction":[{"@type":"ReadAction","target":["http:\/\/www.deanreed.de\/AmericanRebel\/vk\/wenn-sars-cov2-ins-haus-kommt-persoenliche-erfahrungen-aus-portugal\/"]}]},{"@type":"BreadcrumbList","@id":"http:\/\/www.deanreed.de\/AmericanRebel\/vk\/wenn-sars-cov2-ins-haus-kommt-persoenliche-erfahrungen-aus-portugal\/#breadcrumb","itemListElement":[{"@type":"ListItem","position":1,"name":"Startseite","item":"http:\/\/www.deanreed.de\/AmericanRebel\/vk\/"},{"@type":"ListItem","position":2,"name":"&#8211; Wenn SARS-COV2 ins Haus kommt \u2013 pers\u00f6nliche Erfahrungen aus Portugal"}]},{"@type":"Person","@id":"http:\/\/www.deanreed.de\/AmericanRebel\/vk\/#\/schema\/person\/0e6b12a10e7a787c6a7c19ecd1ad5785","name":"Fiete","url":"http:\/\/www.deanreed.de\/AmericanRebel\/vk\/author\/redaktion\/"}]}},"_links":{"self":[{"href":"http:\/\/www.deanreed.de\/AmericanRebel\/vk\/wp-json\/wp\/v2\/posts\/2137"}],"collection":[{"href":"http:\/\/www.deanreed.de\/AmericanRebel\/vk\/wp-json\/wp\/v2\/posts"}],"about":[{"href":"http:\/\/www.deanreed.de\/AmericanRebel\/vk\/wp-json\/wp\/v2\/types\/post"}],"author":[{"embeddable":true,"href":"http:\/\/www.deanreed.de\/AmericanRebel\/vk\/wp-json\/wp\/v2\/users\/2"}],"replies":[{"embeddable":true,"href":"http:\/\/www.deanreed.de\/AmericanRebel\/vk\/wp-json\/wp\/v2\/comments?post=2137"}],"version-history":[{"count":4,"href":"http:\/\/www.deanreed.de\/AmericanRebel\/vk\/wp-json\/wp\/v2\/posts\/2137\/revisions"}],"predecessor-version":[{"id":2183,"href":"http:\/\/www.deanreed.de\/AmericanRebel\/vk\/wp-json\/wp\/v2\/posts\/2137\/revisions\/2183"}],"wp:attachment":[{"href":"http:\/\/www.deanreed.de\/AmericanRebel\/vk\/wp-json\/wp\/v2\/media?parent=2137"}],"wp:term":[{"taxonomy":"category","embeddable":true,"href":"http:\/\/www.deanreed.de\/AmericanRebel\/vk\/wp-json\/wp\/v2\/categories?post=2137"},{"taxonomy":"post_tag","embeddable":true,"href":"http:\/\/www.deanreed.de\/AmericanRebel\/vk\/wp-json\/wp\/v2\/tags?post=2137"}],"curies":[{"name":"wp","href":"https:\/\/api.w.org\/{rel}","templated":true}]}}