{"id":2076,"date":"2020-11-23T16:32:29","date_gmt":"2020-11-23T15:32:29","guid":{"rendered":"http:\/\/www.deanreed.de\/AmericanRebel\/vk\/?p=2076"},"modified":"2020-11-30T16:41:01","modified_gmt":"2020-11-30T15:41:01","slug":"neu-004","status":"publish","type":"post","link":"http:\/\/www.deanreed.de\/AmericanRebel\/vk\/neu-004\/","title":{"rendered":"&#8211; Jana aus Kassel \u2013 ein M\u00e4del wie Du und ich?"},"content":{"rendered":"<p><strong><span style=\"font-family: verdana, geneva, sans-serif; color: #000000; font-size: 12pt;\"><img loading=\"lazy\" class=\" wp-image-60 alignright\" src=\"https:\/\/rotermorgen.eu\/wp-content\/uploads\/2020\/04\/VK_end-768x768-1-300x300.png\" alt=\"\" width=\"111\" height=\"111\" \/><\/span><\/strong><\/p>\n<p><strong><span style=\"font-family: georgia, palatino, serif; font-size: 12pt;\"><a href=\"http:\/\/www.deanreed.de\/AmericanRebel\/vk\/440\/\" target=\"_blank\" rel=\"noopener noreferrer\">Volkskorrespondent<\/a> Nico Diener<br \/>\n<\/span><\/strong><\/p>\n<h2>Jana aus Kassel \u2013 ein M\u00e4del wie Du und ich?<\/h2>\n<div id=\"attachment_2098\" style=\"width: 110px\" class=\"wp-caption alignleft\"><img aria-describedby=\"caption-attachment-2098\" loading=\"lazy\" class=\"size-full wp-image-2098\" src=\"http:\/\/www.deanreed.de\/AmericanRebel\/vk\/wp-content\/uploads\/2020\/10\/Nico_Diener_Tagesshow.jpg\" alt=\"\" width=\"100\" height=\"150\" \/><p id=\"caption-attachment-2098\" class=\"wp-caption-text\"><span style=\"color: #808080;\">Nico Diener<\/span><\/p><\/div>\n<p lang=\"de-DE\" style=\"text-align: justify;\"><span style=\"font-family: georgia, palatino, serif; color: #000000; font-size: 12pt;\"><strong>Wenn es nicht so l\u00e4cherlich w\u00e4re, k\u00f6nnte man es zu den Akten legen. Aber weil immer wieder von verschiedenen Seiten behauptet wird, das die Querdenker-Demonstranten zum allergr\u00f6\u00dften Teil besorgte B\u00fcrger w\u00e4ren und rechte Organisationen eine Nebenrolle spielen, ist es angebracht, den absto\u00dfenden Vorfall in Hannover n\u00e4her zu betrachten.<\/strong><br \/>\n<\/span><\/p>\n<p lang=\"de-DE\" style=\"text-align: justify;\"><span style=\"font-family: georgia, palatino, serif; color: #000000; font-size: 12pt;\">Am Samstag bei der Querdenker-Kundgebung &#8222;<em>Hannover steht auf<\/em>&#8220; verglich sich eine Rednerin mit der Widerstandsk\u00e4mpferin Sophie Scholl.<\/span><\/p>\n<p style=\"text-align: justify;\"><span style=\"font-family: georgia, palatino, serif; font-size: 12pt;\">Ein Ordner hatte die Faxen dicke und sagte: &#8222;F\u00fcr so einen Schwachsinn mache ich kein Ordner mehr&#8220; und \u201eDu verharmlost hier den Holocaust&#8220;. Er gab unter Protest seine Warnweste zur\u00fcck und Polizei begleitete ihn von der B\u00fchne. Daraufhin hatte auch die Rednerin, die sich mit Jana aus Kassel vorstellt, die Faxen dicke und stampfte weinend von der B\u00fchne.<\/span><\/p>\n<p style=\"text-align: justify;\"><span style=\"font-family: georgia, palatino, serif; font-size: 12pt;\">Schaut Euch erst einmal den Klamauk an, bevor ich Euch von meinen weiteren Recherchen berichte.<\/span><\/p>\n<div class=\"lyte-wrapper fourthree\" style=\"width:420px;max-width:100%;margin:5px auto;\"><div class=\"lyMe\" id=\"WYL_ORG90wDmYY0\"><div id=\"lyte_ORG90wDmYY0\" data-src=\"http:\/\/www.deanreed.de\/AmericanRebel\/vk\/wp-content\/plugins\/wp-youtube-lyte\/lyteCache.php?origThumbUrl=%2F%2Fi.ytimg.com%2Fvi%2FORG90wDmYY0%2Fhqdefault.jpg\" class=\"pL\"><div class=\"tC\"><div class=\"tT\"><\/div><\/div><div class=\"play\"><\/div><div class=\"ctrl\"><div class=\"Lctrl\"><\/div><div class=\"Rctrl\"><\/div><\/div><\/div><noscript><a href=\"http:\/\/youtu.be\/ORG90wDmYY0\"><img src=\"http:\/\/www.deanreed.de\/AmericanRebel\/vk\/wp-content\/plugins\/wp-youtube-lyte\/lyteCache.php?origThumbUrl=http%3A%2F%2Fi.ytimg.com%2Fvi%2FORG90wDmYY0%2F0.jpg\" alt=\"\" width=\"420\" height=\"295\" \/><br \/>Dieses Video auf YouTube ansehen<\/a><\/noscript><\/div><\/div><div class=\"lL\" style=\"max-width:100%;width:420px;margin:5px auto;\"><\/div><\/p>\n<p style=\"text-align: justify;\"><span style=\"font-family: georgia, palatino, serif; font-size: 12pt;\">Sophie Scholl geh\u00f6rte zum inneren Kreis der Widerstandsgruppe &#8222;Wei\u00dfe Rose&#8220; gegen die Diktatur der Nationalsozialisten. Gemeinsam mit ihrem Bruder Hans und Dutzenden Unterst\u00fctzerinnen und Unterst\u00fctzern trat sie der Nazi-Unrechtsherrschaft mutig unter Einsatz ihres Lebens entgegen, unter anderem durch das Verfassen und Verteilen von Flugbl\u00e4ttern in M\u00fcnchen und anderen Gro\u00dfst\u00e4dten in den Jahren 1942 und 1943. Sie wurde im Februar 1943 von den Nazi-Faschisten hingerichtet.<\/span><\/p>\n<p><span style=\"font-family: georgia, palatino, serif; font-size: 12pt;\"><strong>Ein M\u00e4del aus Kassel, blond, besorgt und engagiert?<\/strong><\/span><\/p>\n<p lang=\"de-DE\"><span style=\"font-family: georgia, palatino, serif; font-size: 12pt;\"><img loading=\"lazy\" class=\"wp-image-7061 alignright\" src=\"https:\/\/rotermorgen.eu\/wp-content\/uploads\/2020\/11\/kkk-1.jpg\" alt=\"\" width=\"268\" height=\"299\" \/><\/span><\/p>\n<p style=\"text-align: justify;\"><span style=\"font-family: georgia, palatino, serif; font-size: 12pt;\">Nein, denn die Dame trat schon auf mehren Veranstaltungen als Rednerin &#8222;aus dem Volk&#8220; auf. Das Bild rechts zeigt sie auf einer Querdenker-Kundgebung am 5. Sept. in Kassel. Auffallend ist das T-Shirt, das sie tr\u00e4gt. Beim n\u00e4heren Hinsehen erkennt man das Motiv des rechtsextremen Bloggers Heiko Schrang. Dieser rechtsextreme Autor, Verleger, Publizist, Webvideoproduzent und ehemaliger Immobilienh\u00e4ndler organisierte schon 2014 die sogenannten Mahnwachen f\u00fcr den Frieden, bei denen es laut Kritikern antiamerikanische, antisemitische, rechtsextreme und verschw\u00f6rungs- ideologische Tendenzen gibt. Im selben Jahr startete er den YouTube-Kanal SchrangTV.<br \/>\n<\/span><\/p>\n<p style=\"text-align: justify;\"><span style=\"font-family: georgia, palatino, serif; font-size: 12pt;\">Die Hintergr\u00fcnde der Kombination aus Rechtsextremismus und Esoterik erl\u00e4utert ein <a href=\"https:\/\/www.deutschlandfunk.de\/rechtsextreme-online-angebote-rechte-esoteriker-im-krieg.724.de.html?dram:article_id=461384\" target=\"_blank\" rel=\"noopener noreferrer\">Beitrag von Mio Liebentritt<\/a> im Deutschland Funk aus dem August 2019, den ich Euch zum Studium empfehlen m\u00f6chte.<\/span><\/p>\n<div id=\"attachment_7077\" style=\"width: 630px\" class=\"wp-caption aligncenter\"><img aria-describedby=\"caption-attachment-7077\" loading=\"lazy\" class=\" wp-image-7077\" src=\"https:\/\/rotermorgen.eu\/wp-content\/uploads\/2020\/11\/bbbbbb.png\" alt=\"\" width=\"620\" height=\"296\" \/><p id=\"caption-attachment-7077\" class=\"wp-caption-text\"><span style=\"font-family: georgia, palatino, serif; font-size: 10pt;\">Rechtsesotheriker Heiko Schrang (rechts) und sein Werbepartner, der S\u00e4nger Xavier Naidoo.<\/span><br \/><span style=\"font-family: georgia, palatino, serif; font-size: 10pt;\">Bedeutung des Symbols: Punkt mit Kreis &#8211; auch Sonnenzeichen genannt. Es steht f\u00fcr das G\u00f6ttliche und f\u00fcr die Seelenkraft. Das Symbol strahlt aus der Mitte heraus nach au\u00dfen und ist damit ein kraftvolles Verst\u00e4rkungszeichen der positiven Energien in alle Richtungen.<\/span><\/p><\/div>\n<p lang=\"de-DE\" style=\"text-align: justify;\"><span style=\"color: #000000; font-family: georgia, palatino, serif; font-size: 12pt;\">Es ist nicht das erste Mal, dass im Umfeld der &#8222;Querdenker&#8220;-Bewegung die Ma\u00dfst\u00e4be vollkommen verloren gehen und geht so mancher Corona-Vergleich \u00fcbelst daneben. Mehrfach schon fielen Corona-Leugner auf, die sich abgewandelte &#8222;Judensterne&#8220; mit der Aufschrift &#8222;Ungeimpft&#8220; an die Kleidung geheftet und so die Opfer des Holocaust f\u00fcr sich vereinnahmt hatten. Als seien die Ma\u00dfnahmen zum Infektionsschutz auch nur ansatzweise vergleichbar mit dem gr\u00f6\u00dften Zivilisationsbruch in unserer Geschichte. <\/span><br \/>\n<span style=\"font-family: georgia, palatino, serif; font-size: 12pt;\"><span style=\"color: #000000;\"><span style=\"color: #ffffff;\">..<\/span>Mit dem &#8222;Judenstern&#8220; an der Kleidung mussten sich unter dem nationalsozialistischen Regime Menschen kennzeichnen, die nach der NS-Ideologie und -Gesetzgebung als J\u00fcdinnen oder Juden galten \u2013 die Markierung erleichterte den NS-Schergen unter anderem die Deportationen der Menschen und den millionenfachen Mord an ihnen.<\/span><br \/>\n<\/span><\/p>\n<div id=\"attachment_7072\" style=\"width: 630px\" class=\"wp-caption aligncenter\"><img aria-describedby=\"caption-attachment-7072\" loading=\"lazy\" class=\" wp-image-7072\" src=\"https:\/\/rotermorgen.eu\/wp-content\/uploads\/2020\/11\/judenstern.jpg\" alt=\"\" width=\"620\" height=\"349\" \/><p id=\"caption-attachment-7072\" class=\"wp-caption-text\"><span style=\"font-family: georgia, palatino, serif; font-size: 10pt;\">Geschmacklose Gleichsetzung: B\u00fcrger mit &#8222;Judenstern&#8220; im Ghetto von Lodz 1941 und Infektionsschutzgegner mit abgewandelter Kennzeichnung mit dem Wort &#8222;ungeimpft&#8220; auf einer Demonstrantion in Frankfurt am Main 2020<\/span><br \/><span style=\"color: #808080; font-family: georgia, palatino, serif; font-size: 12pt;\"><span style=\"font-size: 10pt;\">\u00a9 Prisma \/ Picture Alliance, Boris Roessler \/ DPA. Quelle: YouTube<\/span><br \/><\/span><\/p><\/div>\n<div id=\"attachment_7085\" style=\"width: 331px\" class=\"wp-caption alignleft\"><img aria-describedby=\"caption-attachment-7085\" loading=\"lazy\" class=\" wp-image-7085\" src=\"https:\/\/rotermorgen.eu\/wp-content\/uploads\/2020\/11\/nz65t-1.jpg\" alt=\"\" width=\"321\" height=\"276\" \/><p id=\"caption-attachment-7085\" class=\"wp-caption-text\"><span style=\"font-family: georgia, palatino, serif; font-size: 10pt;\">Bei Corona-Demos werden auch immer wieder Kinder instrumentalisiert <span style=\"color: #808080;\">(Symbolbild)<\/span><\/span><\/p>\n<p><\/p><\/div>\n<div class=\"\" data-block=\"true\" data-editor=\"688j9\" data-offset-key=\"4g2ka-0-0\">\n<div class=\"\" data-block=\"true\" data-editor=\"688j9\" data-offset-key=\"4g2ka-0-0\">\n<div class=\"public-DraftStyleDefault-block public-DraftStyleDefault-ltr\" style=\"text-align: justify;\" data-offset-key=\"4g2ka-0-0\"><span style=\"font-size: 12pt; font-family: georgia, palatino, serif;\"><span style=\"color: #ffffff;\">.<\/span><br \/>\nIn Karlsruhe hat eine Elfj\u00e4hrige verk\u00fcndet, das sie Angst gehabt hat, dass die Nachbarn ihre geheime Geburtstagsfeier \u201everpetzen\u201c. Sie habe sich wie das j\u00fcdische M\u00e4dchen Anne Frank im Hinterhaus gef\u00fchlt. Keine Ahnung, wer einer <span id=\"decorator-corrected-entity-id-93\" data-entity-key=\"93\" data-offset-key=\"4g2ka-1-0\">Elfj\u00e4hrigen<\/span> solch ein Mist <span id=\"decorator-corrected-entity-id-96\" data-entity-key=\"96\" data-offset-key=\"4g2ka-3-0\">eintrichtert.<\/span><\/span><\/div>\n<div class=\"public-DraftStyleDefault-block public-DraftStyleDefault-ltr\" style=\"text-align: justify;\" data-offset-key=\"4g2ka-0-0\"><span style=\"font-size: 12pt; font-family: georgia, palatino, serif;\"><span id=\"decorator-corrected-entity-id-96\" data-entity-key=\"96\" data-offset-key=\"4g2ka-3-0\"><span style=\"color: #ffffff;\">..<\/span>Anne<\/span> Frank, die sich in einem Amsterdamer Hinterhaus versteckt hatte, verstarb schwer <span id=\"decorator-corrected-entity-id-98\" data-entity-key=\"98\" data-offset-key=\"4g2ka-5-0\">erkrankt<\/span> 1945 im <span id=\"decorator-synonym-entity-id-89\" data-entity-key=\"89\" data-offset-key=\"4g2ka-7-0\">Konzentrationslager<\/span> Bergen-Belsen.<\/span><\/div>\n<\/div>\n<\/div>\n<p style=\"text-align: justify;\"><span style=\"font-size: 10pt;\"><span style=\"color: #ffffff;\">.<\/span><br \/>\n<\/span><\/p>\n<p><span style=\"font-family: Verdana, sans-serif;\"><span style=\"font-family: georgia, palatino, serif; font-size: 10pt;\"><span style=\"color: #ffffff;\">.<\/span><br \/>\n<\/span><\/span><\/p>\n<p style=\"text-align: center;\"><input name=\"hosted_button_id\" type=\"hidden\" value=\"YBAWB885PFM9Y\" \/><\/p>\n<p lang=\"de-DE\" style=\"text-align: justify;\"><span style=\"font-family: verdana, geneva, sans-serif; color: #000000; font-size: 12pt;\"><span style=\"color: #ffffff;\">.<\/span><\/span><\/p>\n<p>&nbsp;<\/p>\n<p><a href=\"http:\/\/www.deanreed.de\/AmericanRebel\/2017\/?cat=79\" target=\"_blank\" rel=\"noopener noreferrer\"><span style=\"font-size: 10pt;\">Weitere Beitr\u00e4ge von Nico Diener<\/span><\/a><br \/>\n<span style=\"font-size: 10pt;\"><br \/>\n<\/span><\/p>\n<p style=\"text-align: center;\"><span style=\"font-size: 10pt;\">_____________________________________________________________________________<\/span><\/p>\n<p style=\"text-align: center;\"><span style=\"font-size: 10pt;\">F\u00fcr den Inhalt dieses Artikels ist ausschlie\u00dflich die Autorin bzw. der Autor verantwortlich.<\/span><br \/>\n<span style=\"font-size: 10pt;\">Ver\u00f6ffentlichungen sind nur angeschlossenen Medien der Gruppe-Volkskorrespondenz gestattet.<\/span><\/p>\n<p>&nbsp;<\/p>\n","protected":false},"excerpt":{"rendered":"<p>Volkskorrespondent Nico Diener Jana aus Kassel \u2013 ein M\u00e4del wie Du und ich? Wenn es nicht so l\u00e4cherlich w\u00e4re, k\u00f6nnte man es zu den Akten legen. Aber weil immer wieder von verschiedenen Seiten behauptet wird, das die Querdenker-Demonstranten zum allergr\u00f6\u00dften [&hellip;]<a class=\"more-link\" href=\"http:\/\/www.deanreed.de\/AmericanRebel\/vk\/neu-004\/\">&darr; Lese den Rest von diesem Eintrag&#8230;<\/a><\/p>\n","protected":false},"author":2,"featured_media":0,"comment_status":"closed","ping_status":"closed","sticky":false,"template":"","format":"standard","meta":[],"categories":[1],"tags":[51,104,108,123,124,125,106,126,127],"yoast_head":"<!-- This site is optimized with the Yoast SEO plugin v17.5 - https:\/\/yoast.com\/wordpress\/plugins\/seo\/ -->\n<title>- Jana aus Kassel \u2013 ein M\u00e4del wie Du und ich? - Volkskorrespondenz<\/title>\n<meta name=\"robots\" content=\"index, follow, max-snippet:-1, max-image-preview:large, max-video-preview:-1\" \/>\n<link rel=\"canonical\" href=\"http:\/\/www.deanreed.de\/AmericanRebel\/vk\/neu-004\/\" \/>\n<meta property=\"og:locale\" content=\"de_DE\" \/>\n<meta property=\"og:type\" content=\"article\" \/>\n<meta property=\"og:title\" content=\"- Jana aus Kassel \u2013 ein M\u00e4del wie Du und ich? - Volkskorrespondenz\" \/>\n<meta property=\"og:description\" content=\"Wenn es nicht so l\u00e4cherlich w\u00e4re, k\u00f6nnte man es zu den Akten legen.\" \/>\n<meta property=\"og:url\" content=\"http:\/\/www.deanreed.de\/AmericanRebel\/vk\/neu-004\/\" \/>\n<meta property=\"og:site_name\" content=\"Volkskorrespondenz\" \/>\n<meta property=\"article:published_time\" content=\"2020-11-23T15:32:29+00:00\" \/>\n<meta property=\"article:modified_time\" content=\"2020-11-30T15:41:01+00:00\" \/>\n<meta property=\"og:image\" content=\"http:\/\/www.deanreed.de\/AmericanRebel\/vk\/wp-content\/uploads\/2020\/11\/mizr-640x381-1.png\" \/>\n\t<meta property=\"og:image:width\" content=\"640\" \/>\n\t<meta property=\"og:image:height\" content=\"381\" \/>\n<meta name=\"twitter:card\" content=\"summary_large_image\" \/>\n<meta name=\"twitter:label1\" content=\"Verfasst von\" \/>\n\t<meta name=\"twitter:data1\" content=\"Fiete\" \/>\n\t<meta name=\"twitter:label2\" content=\"Gesch\u00e4tzte Lesezeit\" \/>\n\t<meta name=\"twitter:data2\" content=\"4\u00a0Minuten\" \/>\n<script type=\"application\/ld+json\" class=\"yoast-schema-graph\">{\"@context\":\"https:\/\/schema.org\",\"@graph\":[{\"@type\":\"WebSite\",\"@id\":\"http:\/\/www.deanreed.de\/AmericanRebel\/vk\/#website\",\"url\":\"http:\/\/www.deanreed.de\/AmericanRebel\/vk\/\",\"name\":\"Volkskorrespondenz\",\"description\":\"Leser\/innen schreiben selber\",\"potentialAction\":[{\"@type\":\"SearchAction\",\"target\":{\"@type\":\"EntryPoint\",\"urlTemplate\":\"http:\/\/www.deanreed.de\/AmericanRebel\/vk\/?s={search_term_string}\"},\"query-input\":\"required name=search_term_string\"}],\"inLanguage\":\"de\"},{\"@type\":\"ImageObject\",\"@id\":\"http:\/\/www.deanreed.de\/AmericanRebel\/vk\/neu-004\/#primaryimage\",\"inLanguage\":\"de\",\"url\":\"http:\/\/www.deanreed.de\/AmericanRebel\/vk\/wp-content\/uploads\/2020\/11\/mizr-640x381-1.png\",\"contentUrl\":\"http:\/\/www.deanreed.de\/AmericanRebel\/vk\/wp-content\/uploads\/2020\/11\/mizr-640x381-1.png\",\"width\":640,\"height\":381},{\"@type\":\"WebPage\",\"@id\":\"http:\/\/www.deanreed.de\/AmericanRebel\/vk\/neu-004\/#webpage\",\"url\":\"http:\/\/www.deanreed.de\/AmericanRebel\/vk\/neu-004\/\",\"name\":\"- Jana aus Kassel \\u2013 ein M\\u00e4del wie Du und ich? - Volkskorrespondenz\",\"isPartOf\":{\"@id\":\"http:\/\/www.deanreed.de\/AmericanRebel\/vk\/#website\"},\"primaryImageOfPage\":{\"@id\":\"http:\/\/www.deanreed.de\/AmericanRebel\/vk\/neu-004\/#primaryimage\"},\"datePublished\":\"2020-11-23T15:32:29+00:00\",\"dateModified\":\"2020-11-30T15:41:01+00:00\",\"author\":{\"@id\":\"http:\/\/www.deanreed.de\/AmericanRebel\/vk\/#\/schema\/person\/0e6b12a10e7a787c6a7c19ecd1ad5785\"},\"breadcrumb\":{\"@id\":\"http:\/\/www.deanreed.de\/AmericanRebel\/vk\/neu-004\/#breadcrumb\"},\"inLanguage\":\"de\",\"potentialAction\":[{\"@type\":\"ReadAction\",\"target\":[\"http:\/\/www.deanreed.de\/AmericanRebel\/vk\/neu-004\/\"]}]},{\"@type\":\"BreadcrumbList\",\"@id\":\"http:\/\/www.deanreed.de\/AmericanRebel\/vk\/neu-004\/#breadcrumb\",\"itemListElement\":[{\"@type\":\"ListItem\",\"position\":1,\"name\":\"Startseite\",\"item\":\"http:\/\/www.deanreed.de\/AmericanRebel\/vk\/\"},{\"@type\":\"ListItem\",\"position\":2,\"name\":\"&#8211; Jana aus Kassel \\u2013 ein M\\u00e4del wie Du und ich?\"}]},{\"@type\":\"Person\",\"@id\":\"http:\/\/www.deanreed.de\/AmericanRebel\/vk\/#\/schema\/person\/0e6b12a10e7a787c6a7c19ecd1ad5785\",\"name\":\"Fiete\",\"url\":\"http:\/\/www.deanreed.de\/AmericanRebel\/vk\/author\/redaktion\/\"}]}<\/script>\n<!-- \/ Yoast SEO plugin. -->","yoast_head_json":{"title":"- Jana aus Kassel \u2013 ein M\u00e4del wie Du und ich? - Volkskorrespondenz","robots":{"index":"index","follow":"follow","max-snippet":"max-snippet:-1","max-image-preview":"max-image-preview:large","max-video-preview":"max-video-preview:-1"},"canonical":"http:\/\/www.deanreed.de\/AmericanRebel\/vk\/neu-004\/","og_locale":"de_DE","og_type":"article","og_title":"- Jana aus Kassel \u2013 ein M\u00e4del wie Du und ich? - Volkskorrespondenz","og_description":"Wenn es nicht so l\u00e4cherlich w\u00e4re, k\u00f6nnte man es zu den Akten legen.","og_url":"http:\/\/www.deanreed.de\/AmericanRebel\/vk\/neu-004\/","og_site_name":"Volkskorrespondenz","article_published_time":"2020-11-23T15:32:29+00:00","article_modified_time":"2020-11-30T15:41:01+00:00","og_image":[{"width":640,"height":381,"url":"http:\/\/www.deanreed.de\/AmericanRebel\/vk\/wp-content\/uploads\/2020\/11\/mizr-640x381-1.png","type":"image\/png"}],"twitter_card":"summary_large_image","twitter_misc":{"Verfasst von":"Fiete","Gesch\u00e4tzte Lesezeit":"4\u00a0Minuten"},"schema":{"@context":"https:\/\/schema.org","@graph":[{"@type":"WebSite","@id":"http:\/\/www.deanreed.de\/AmericanRebel\/vk\/#website","url":"http:\/\/www.deanreed.de\/AmericanRebel\/vk\/","name":"Volkskorrespondenz","description":"Leser\/innen schreiben selber","potentialAction":[{"@type":"SearchAction","target":{"@type":"EntryPoint","urlTemplate":"http:\/\/www.deanreed.de\/AmericanRebel\/vk\/?s={search_term_string}"},"query-input":"required name=search_term_string"}],"inLanguage":"de"},{"@type":"ImageObject","@id":"http:\/\/www.deanreed.de\/AmericanRebel\/vk\/neu-004\/#primaryimage","inLanguage":"de","url":"http:\/\/www.deanreed.de\/AmericanRebel\/vk\/wp-content\/uploads\/2020\/11\/mizr-640x381-1.png","contentUrl":"http:\/\/www.deanreed.de\/AmericanRebel\/vk\/wp-content\/uploads\/2020\/11\/mizr-640x381-1.png","width":640,"height":381},{"@type":"WebPage","@id":"http:\/\/www.deanreed.de\/AmericanRebel\/vk\/neu-004\/#webpage","url":"http:\/\/www.deanreed.de\/AmericanRebel\/vk\/neu-004\/","name":"- Jana aus Kassel \u2013 ein M\u00e4del wie Du und ich? - Volkskorrespondenz","isPartOf":{"@id":"http:\/\/www.deanreed.de\/AmericanRebel\/vk\/#website"},"primaryImageOfPage":{"@id":"http:\/\/www.deanreed.de\/AmericanRebel\/vk\/neu-004\/#primaryimage"},"datePublished":"2020-11-23T15:32:29+00:00","dateModified":"2020-11-30T15:41:01+00:00","author":{"@id":"http:\/\/www.deanreed.de\/AmericanRebel\/vk\/#\/schema\/person\/0e6b12a10e7a787c6a7c19ecd1ad5785"},"breadcrumb":{"@id":"http:\/\/www.deanreed.de\/AmericanRebel\/vk\/neu-004\/#breadcrumb"},"inLanguage":"de","potentialAction":[{"@type":"ReadAction","target":["http:\/\/www.deanreed.de\/AmericanRebel\/vk\/neu-004\/"]}]},{"@type":"BreadcrumbList","@id":"http:\/\/www.deanreed.de\/AmericanRebel\/vk\/neu-004\/#breadcrumb","itemListElement":[{"@type":"ListItem","position":1,"name":"Startseite","item":"http:\/\/www.deanreed.de\/AmericanRebel\/vk\/"},{"@type":"ListItem","position":2,"name":"&#8211; Jana aus Kassel \u2013 ein M\u00e4del wie Du und ich?"}]},{"@type":"Person","@id":"http:\/\/www.deanreed.de\/AmericanRebel\/vk\/#\/schema\/person\/0e6b12a10e7a787c6a7c19ecd1ad5785","name":"Fiete","url":"http:\/\/www.deanreed.de\/AmericanRebel\/vk\/author\/redaktion\/"}]}},"_links":{"self":[{"href":"http:\/\/www.deanreed.de\/AmericanRebel\/vk\/wp-json\/wp\/v2\/posts\/2076"}],"collection":[{"href":"http:\/\/www.deanreed.de\/AmericanRebel\/vk\/wp-json\/wp\/v2\/posts"}],"about":[{"href":"http:\/\/www.deanreed.de\/AmericanRebel\/vk\/wp-json\/wp\/v2\/types\/post"}],"author":[{"embeddable":true,"href":"http:\/\/www.deanreed.de\/AmericanRebel\/vk\/wp-json\/wp\/v2\/users\/2"}],"replies":[{"embeddable":true,"href":"http:\/\/www.deanreed.de\/AmericanRebel\/vk\/wp-json\/wp\/v2\/comments?post=2076"}],"version-history":[{"count":9,"href":"http:\/\/www.deanreed.de\/AmericanRebel\/vk\/wp-json\/wp\/v2\/posts\/2076\/revisions"}],"predecessor-version":[{"id":2172,"href":"http:\/\/www.deanreed.de\/AmericanRebel\/vk\/wp-json\/wp\/v2\/posts\/2076\/revisions\/2172"}],"wp:attachment":[{"href":"http:\/\/www.deanreed.de\/AmericanRebel\/vk\/wp-json\/wp\/v2\/media?parent=2076"}],"wp:term":[{"taxonomy":"category","embeddable":true,"href":"http:\/\/www.deanreed.de\/AmericanRebel\/vk\/wp-json\/wp\/v2\/categories?post=2076"},{"taxonomy":"post_tag","embeddable":true,"href":"http:\/\/www.deanreed.de\/AmericanRebel\/vk\/wp-json\/wp\/v2\/tags?post=2076"}],"curies":[{"name":"wp","href":"https:\/\/api.w.org\/{rel}","templated":true}]}}