{"id":1729,"date":"2019-09-29T01:19:12","date_gmt":"2019-09-28T23:19:12","guid":{"rendered":"http:\/\/www.deanreed.de\/AmericanRebel\/vk\/?p=1729"},"modified":"2019-09-29T01:26:21","modified_gmt":"2019-09-28T23:26:21","slug":"wieder-brutale-naechtliche-abschiebung-in-stuttgart-wangen","status":"publish","type":"post","link":"http:\/\/www.deanreed.de\/AmericanRebel\/vk\/wieder-brutale-naechtliche-abschiebung-in-stuttgart-wangen\/","title":{"rendered":"&#8211; Wieder brutale, n\u00e4chtliche Abschiebung in Stuttgart-Wangen"},"content":{"rendered":"<table width=\"663\">\n<tbody>\n<tr>\n<td><a href=\"http:\/\/www.deanreed.de\/AmericanRebel\/2017\/?p=15038\" target=\"_blank\" rel=\"noopener noreferrer\">Volkskorrespondent<\/a><\/p>\n<h4>Fritz Theisen<\/h4>\n<h2><strong>Wieder brutale, n\u00e4chtliche Abschiebung in Stuttgart-Wangen<\/strong><\/h2>\n<\/td>\n<td><img loading=\"lazy\" class=\" wp-image-446 alignright\" src=\"http:\/\/www.deanreed.de\/AmericanRebel\/vk\/wp-content\/uploads\/2018\/07\/VK_end-768x768-300x300.png\" alt=\"\" width=\"124\" height=\"124\" srcset=\"http:\/\/www.deanreed.de\/AmericanRebel\/vk\/wp-content\/uploads\/2018\/07\/VK_end-768x768-300x300.png 300w, http:\/\/www.deanreed.de\/AmericanRebel\/vk\/wp-content\/uploads\/2018\/07\/VK_end-768x768-150x150.png 150w, http:\/\/www.deanreed.de\/AmericanRebel\/vk\/wp-content\/uploads\/2018\/07\/VK_end-768x768.png 768w\" sizes=\"(max-width: 124px) 100vw, 124px\" \/><\/td>\n<\/tr>\n<\/tbody>\n<\/table>\n<div id=\"attachment_265\" style=\"width: 110px\" class=\"wp-caption alignleft\"><img aria-describedby=\"caption-attachment-265\" loading=\"lazy\" class=\"size-full wp-image-265\" src=\"http:\/\/www.deanreed.de\/AmericanRebel\/vk\/wp-content\/uploads\/2018\/08\/Fritz_Theisen.jpg\" alt=\"\" width=\"100\" height=\"150\" \/><p id=\"caption-attachment-265\" class=\"wp-caption-text\"><span style=\"color: #808080;\">Fritz Theisen<\/span><\/p><\/div>\n<p style=\"text-align: justify;\"><strong>Fr\u00fch am 27. September 2019, um 3:11 Uhr(!!) nachts wurde ich durch einen Anruf von Qemal I.*, 15, Sch\u00fcler der Wangener Wilhelm-Schule in Stuttgart, aus dem Schlaf gerissen. Qemal berichtete, h\u00f6rbar in Angst, dass die Polizei bei ihnen in der Wohnung (Stuttgart Wangen, Renzwiesen) steht und die Familie (Roma, gefl\u00fcchtet aus Mazedonien, laut Gesetz \u201esicheres Herkunftsland\u201c) abschieben will. Die Familie war um 3:00 Uhr nachts unvermittelt aus dem Schlaf gerissen worden.<\/strong><\/p>\n<p style=\"text-align: justify;\">Ich bin sofort hingefahren und habe auch Frau N. angerufen, die die Familie ebenfalls unterst\u00fctzt.<br \/>\nIch habe vor Ort, in der Wohnungst\u00fcr, die Polizei aufgefordert, die Aktion zu unterlassen, da Herr Haxhi I. (Qemals Vater) vor Kurzem mit einer Herzattacke im Krankenhaus war. Antwort der Polizei: &#8222;Wenn Herr I. nicht reisef\u00e4hig ist, werden die anderen trotzdem abgeschoben.\u201c<\/p>\n<p style=\"text-align: justify;\">Die 4 Polizisten haben sich auf nichts eingelassen, haben erkl\u00e4rt, dass sie den Auftrag h\u00e4tten, die Familie zur \u201eAbschiebegruppe\u201c nach Ludwigsburg (LB) zu bringen.<\/p>\n<p style=\"text-align: justify;\">Auch Frau N. kam nun hinzu. Sie wurde zur Familie gelassen. Sie hat geholfen, dass einige wichtigste Dinge (Papiere, Medizin, Kleidung) bei der Familie sind. Sie konnten aber nur sehr wenig mitnehmen.<\/p>\n<p style=\"text-align: justify;\">Frau Sukra I. (die Mutter) war am Boden zerst\u00f6rt und v\u00f6llig aufgel\u00f6st! Die kleine Tochter Gylten (9) weinte bitterlich. Sie hat seit wenigen Tagen eine kleine Katze, die sie zur\u00fccklassen musste. Da die Katze andernfalls ins Tierheim gebracht wird, hat Frau M. sie zun\u00e4chst zu sich genommen. Das K\u00e4tzchen braucht einen neuen Menschen. Gylten war es ganz wichtig, dass es das K\u00e4tzchen gut hat! Qemal und Haxhi versuchten mit gro\u00dfer M\u00fche, einigerma\u00dfen die Fassung zu behalten.<\/p>\n<p style=\"text-align: justify;\">Weil ich mich sehr emp\u00f6rt habe, da ich die Familie I. seit Jahren betreut habe, wurde ich von der Polizei gar nicht in die Wohnung gelassen, und mehrfach wurde vom Einsatzleiter gedroht, mich entfernen zu lassen.<\/p>\n<p style=\"text-align: justify;\">Die Polizei behauptete mir gegen\u00fcber, sie habe f\u00fcr die Familie I. bei der \u201eAbschiebegruppe\u201c in LB angerufen, dass da der Arzt (Es scheint einer zu so einer Gruppe dazu zu geh\u00f6ren!) sich um die Familie k\u00fcmmern soll.<\/p>\n<p style=\"text-align: justify;\">Alles Diskutieren half nichts. Gegen 4:15 Uhr mussten alle 4 in die Polizeiwagen und werden weggebracht.<\/p>\n<p style=\"text-align: justify;\">Qemal I. ist ein aktiver und sch\u00f6pferischer Rapper in Stuttgart. Sein vom Munde abgespartes Keybord, zwei Bildschirme Laptop, und allerhand Zubeh\u00f6r, praktisch ein kleines Tonstudio f\u00fcr seinen Rap &#8211; alles musste er zur\u00fccklassen. Das gilt nat\u00fcrlich auch f\u00fcr Schulsachen, f\u00fcr Kleidung, f\u00fcr Haushaltsger\u00e4te und viele Lebensmittel. Wir konnten die Wohnungsschl\u00fcssel an uns nehmen.<br \/>\nFrau N. und ich haben morgens beim Arbeitgeber der Eltern(einem t\u00fcrkischen Supermarkt in Stuttgart Wangen) und der Wilhelm-Schule Bescheid gesagt, was geschehen ist.<\/p>\n<p style=\"text-align: justify;\">Familie I. hatten eine Wohnung, Haxhi und Sukra I. hatten seit \u00fcber einem Jahr Arbeit, sind also Arbeiterin und Arbeiter, zahlen Steuern und Sozialbeitr\u00e4ge, haben 0,00 Euro Sozialhilfe bekommen, die Kinder gehen zur Schule. Die Familie ist gut integriert und bekannt bei zahlreichen Freund\/innen und Unterst\u00fctzer\/innen.<\/p>\n<p style=\"text-align: justify;\">Auf einem internationalen Kulturfest in Stuttgart Wangen vor einigen Monaten trat Qemal I. mit seiner Rap-Gruppe auf. Er ber\u00fchrte tief die mehr als hundert Anwesenden mit einem Rap auf seine Eltern.<\/p>\n<p style=\"text-align: justify;\">All das interessiert das Regierungspr\u00e4sidium Karlsruhe, das all diese emp\u00f6renden Abschiebungen zentral f\u00fcr Baden W\u00fcrttemberg organisiert, \u00fcberhaupt nicht!<\/p>\n<p style=\"text-align: justify;\">Die Familie hat am 8. Oktober 2019 einen Termin bei der Ausl\u00e4nderbeh\u00f6rde Stuttgart, zu dem sie umfangreiche Unterlagen mitbringen soll. Das Regierungspr\u00e4sidium hatte in letzter Zeit nach Jahren relativer Ruhe und Funkstille eine zunehmend feindselige Haltung gegen\u00fcber der Familie eingenommen. Aber dass sie diesen Termin hatte, lie\u00df uns annehmen, dass man sich wennigstens darauf verlassen kann. Menschen wie die Familie I. und die Unterst\u00fctzer\/innen k\u00f6nnen diesen Beh\u00f6rden offenbar nicht vertrauen. Das Regierungspr\u00e4sidium Karlsruhe, bzw. die f\u00fcr die Abschiebungen zust\u00e4ndige Abteilung ist bekannt f\u00fcr v\u00f6llig unzug\u00e4ngliches Gebahren und in ihren Entscheidungen oft f\u00fcr unmenschlich hartes Vorgehen.<\/p>\n<p style=\"text-align: justify;\">Inzwischen ist es gelungen, mit Qemal \u00fcber WhatsApp Kontakt zu bekommen. Er berichtet, dass sie entgegen den Aussagen der Polizei keinerlei \u00e4rztlichen Kontakt mehr bekommen hatten. In dem Flugzeug nach Mazedonien seien zahlreiche langj\u00e4hrig in Deutschland ans\u00e4ssige, teils gut integrierte, arbeitende Menschen abgeschoben worden.<\/p>\n<p style=\"text-align: justify;\">Qemal fordert f\u00fcr seine Familie, dass Ausweisung und Abschiebung r\u00fcckg\u00e4ngig gemacht werden. Die Familie ist zur Zeit notd\u00fcrftigst bei Verwandten in einem mazedonischen Dorf untergekommen. Sie ist arm. Sie besitzt weder nennenswerte Geldmittel noch irgendein Haus oder Wohnung und kann wieder dort landen, von wo sie vor mehreren Jahren mit ihren damals noch kleinen Kindern floh, auf der Stra\u00dfe in Mazedonien. Mazedonien ist &#8211; wie auch das benachbarte Albanien &#8211; alles , nur kein sicheres Herkunftsland f\u00fcr Roma. Sie sind stets von rassistischer und Beh\u00f6rden-Willk\u00fcr beroht.<\/p>\n<p style=\"text-align: justify;\">Integration life in Deutschland, im Gr\u00fcn-Schwarz regierten Baden W\u00fcrttemberg immer wieder ein Fremdwort!<\/p>\n<p><span style=\"font-size: 10pt;\">* Namen ge\u00e4ndert<br \/>\n<\/span><span style=\"color: #ffffff;\">.<\/span><\/p>\n<p><span style=\"font-size: 10pt;\"><a href=\"http:\/\/www.deanreed.de\/AmericanRebel\/2017\/?s=fritz+theisen\" target=\"_blank\" rel=\"noopener noreferrer\">Weitere Beitr\u00e4ge von Fritz Theisen<\/a><\/span><\/p>\n<p>&nbsp;<\/p>\n<p style=\"text-align: center;\"><span style=\"font-size: 10pt;\">_____________________________________________________________________________<\/span><\/p>\n<p style=\"text-align: center;\"><span style=\"font-size: 10pt;\">F\u00fcr den Inhalt dieses Artikels ist ausschlie\u00dflich die Autorin bzw. der Autor verantwortlich.<\/span><br \/>\n<span style=\"font-size: 10pt;\">Ver\u00f6ffentlichungen sind nur angeschlossenen Medien der Gruppe-Volkskorrespondenz gestattet.<\/span><\/p>\n<p>&nbsp;<\/p>\n","protected":false},"excerpt":{"rendered":"<p>Volkskorrespondent Fritz Theisen Wieder brutale, n\u00e4chtliche Abschiebung in Stuttgart-Wangen Fr\u00fch am 27. September 2019, um 3:11 Uhr(!!) nachts wurde ich durch einen Anruf von Qemal I.*, 15, Sch\u00fcler der Wangener Wilhelm-Schule in Stuttgart, aus dem Schlaf gerissen. Qemal berichtete, h\u00f6rbar [&hellip;]<a class=\"more-link\" href=\"http:\/\/www.deanreed.de\/AmericanRebel\/vk\/wieder-brutale-naechtliche-abschiebung-in-stuttgart-wangen\/\">&darr; Lese den Rest von diesem Eintrag&#8230;<\/a><\/p>\n","protected":false},"author":2,"featured_media":0,"comment_status":"closed","ping_status":"closed","sticky":false,"template":"","format":"standard","meta":[],"categories":[1],"tags":[],"yoast_head":"<!-- This site is optimized with the Yoast SEO plugin v17.5 - https:\/\/yoast.com\/wordpress\/plugins\/seo\/ -->\n<title>- Wieder brutale, n\u00e4chtliche Abschiebung in Stuttgart-Wangen - Volkskorrespondenz<\/title>\n<meta name=\"robots\" content=\"index, follow, max-snippet:-1, max-image-preview:large, max-video-preview:-1\" \/>\n<link rel=\"canonical\" href=\"http:\/\/www.deanreed.de\/AmericanRebel\/vk\/wieder-brutale-naechtliche-abschiebung-in-stuttgart-wangen\/\" \/>\n<meta property=\"og:locale\" content=\"de_DE\" \/>\n<meta property=\"og:type\" content=\"article\" \/>\n<meta property=\"og:title\" content=\"- Wieder brutale, n\u00e4chtliche Abschiebung in Stuttgart-Wangen - Volkskorrespondenz\" \/>\n<meta property=\"og:description\" content=\"Volkskorrespondent Fritz Theisen Wieder brutale, n\u00e4chtliche Abschiebung in Stuttgart-Wangen Fr\u00fch am 27. September 2019, um 3:11 Uhr(!!) nachts wurde ich durch einen Anruf von Qemal I.*, 15, Sch\u00fcler der Wangener Wilhelm-Schule in Stuttgart, aus dem Schlaf gerissen. Qemal berichtete, h\u00f6rbar [&hellip;]&darr; Lese den Rest von diesem Eintrag...\" \/>\n<meta property=\"og:url\" content=\"http:\/\/www.deanreed.de\/AmericanRebel\/vk\/wieder-brutale-naechtliche-abschiebung-in-stuttgart-wangen\/\" \/>\n<meta property=\"og:site_name\" content=\"Volkskorrespondenz\" \/>\n<meta property=\"article:published_time\" content=\"2019-09-28T23:19:12+00:00\" \/>\n<meta property=\"article:modified_time\" content=\"2019-09-28T23:26:21+00:00\" \/>\n<meta property=\"og:image\" content=\"http:\/\/www.deanreed.de\/AmericanRebel\/vk\/wp-content\/uploads\/2019\/09\/derr.jpg\" \/>\n\t<meta property=\"og:image:width\" content=\"924\" \/>\n\t<meta property=\"og:image:height\" content=\"520\" \/>\n<meta name=\"twitter:card\" content=\"summary_large_image\" \/>\n<meta name=\"twitter:label1\" content=\"Verfasst von\" \/>\n\t<meta name=\"twitter:data1\" content=\"Fiete\" \/>\n\t<meta name=\"twitter:label2\" content=\"Gesch\u00e4tzte Lesezeit\" \/>\n\t<meta name=\"twitter:data2\" content=\"4\u00a0Minuten\" \/>\n<script type=\"application\/ld+json\" class=\"yoast-schema-graph\">{\"@context\":\"https:\/\/schema.org\",\"@graph\":[{\"@type\":\"WebSite\",\"@id\":\"http:\/\/www.deanreed.de\/AmericanRebel\/vk\/#website\",\"url\":\"http:\/\/www.deanreed.de\/AmericanRebel\/vk\/\",\"name\":\"Volkskorrespondenz\",\"description\":\"Leser\/innen schreiben selber\",\"potentialAction\":[{\"@type\":\"SearchAction\",\"target\":{\"@type\":\"EntryPoint\",\"urlTemplate\":\"http:\/\/www.deanreed.de\/AmericanRebel\/vk\/?s={search_term_string}\"},\"query-input\":\"required name=search_term_string\"}],\"inLanguage\":\"de\"},{\"@type\":\"ImageObject\",\"@id\":\"http:\/\/www.deanreed.de\/AmericanRebel\/vk\/wieder-brutale-naechtliche-abschiebung-in-stuttgart-wangen\/#primaryimage\",\"inLanguage\":\"de\",\"url\":\"http:\/\/www.deanreed.de\/AmericanRebel\/vk\/wp-content\/uploads\/2019\/09\/derr.jpg\",\"contentUrl\":\"http:\/\/www.deanreed.de\/AmericanRebel\/vk\/wp-content\/uploads\/2019\/09\/derr.jpg\",\"width\":924,\"height\":520,\"caption\":\"Abschiebung: Bild YouTube srceenshot\"},{\"@type\":\"WebPage\",\"@id\":\"http:\/\/www.deanreed.de\/AmericanRebel\/vk\/wieder-brutale-naechtliche-abschiebung-in-stuttgart-wangen\/#webpage\",\"url\":\"http:\/\/www.deanreed.de\/AmericanRebel\/vk\/wieder-brutale-naechtliche-abschiebung-in-stuttgart-wangen\/\",\"name\":\"- Wieder brutale, n\\u00e4chtliche Abschiebung in Stuttgart-Wangen - Volkskorrespondenz\",\"isPartOf\":{\"@id\":\"http:\/\/www.deanreed.de\/AmericanRebel\/vk\/#website\"},\"primaryImageOfPage\":{\"@id\":\"http:\/\/www.deanreed.de\/AmericanRebel\/vk\/wieder-brutale-naechtliche-abschiebung-in-stuttgart-wangen\/#primaryimage\"},\"datePublished\":\"2019-09-28T23:19:12+00:00\",\"dateModified\":\"2019-09-28T23:26:21+00:00\",\"author\":{\"@id\":\"http:\/\/www.deanreed.de\/AmericanRebel\/vk\/#\/schema\/person\/0e6b12a10e7a787c6a7c19ecd1ad5785\"},\"breadcrumb\":{\"@id\":\"http:\/\/www.deanreed.de\/AmericanRebel\/vk\/wieder-brutale-naechtliche-abschiebung-in-stuttgart-wangen\/#breadcrumb\"},\"inLanguage\":\"de\",\"potentialAction\":[{\"@type\":\"ReadAction\",\"target\":[\"http:\/\/www.deanreed.de\/AmericanRebel\/vk\/wieder-brutale-naechtliche-abschiebung-in-stuttgart-wangen\/\"]}]},{\"@type\":\"BreadcrumbList\",\"@id\":\"http:\/\/www.deanreed.de\/AmericanRebel\/vk\/wieder-brutale-naechtliche-abschiebung-in-stuttgart-wangen\/#breadcrumb\",\"itemListElement\":[{\"@type\":\"ListItem\",\"position\":1,\"name\":\"Startseite\",\"item\":\"http:\/\/www.deanreed.de\/AmericanRebel\/vk\/\"},{\"@type\":\"ListItem\",\"position\":2,\"name\":\"&#8211; Wieder brutale, n\\u00e4chtliche Abschiebung in Stuttgart-Wangen\"}]},{\"@type\":\"Person\",\"@id\":\"http:\/\/www.deanreed.de\/AmericanRebel\/vk\/#\/schema\/person\/0e6b12a10e7a787c6a7c19ecd1ad5785\",\"name\":\"Fiete\",\"url\":\"http:\/\/www.deanreed.de\/AmericanRebel\/vk\/author\/redaktion\/\"}]}<\/script>\n<!-- \/ Yoast SEO plugin. -->","yoast_head_json":{"title":"- Wieder brutale, n\u00e4chtliche Abschiebung in Stuttgart-Wangen - Volkskorrespondenz","robots":{"index":"index","follow":"follow","max-snippet":"max-snippet:-1","max-image-preview":"max-image-preview:large","max-video-preview":"max-video-preview:-1"},"canonical":"http:\/\/www.deanreed.de\/AmericanRebel\/vk\/wieder-brutale-naechtliche-abschiebung-in-stuttgart-wangen\/","og_locale":"de_DE","og_type":"article","og_title":"- Wieder brutale, n\u00e4chtliche Abschiebung in Stuttgart-Wangen - Volkskorrespondenz","og_description":"Volkskorrespondent Fritz Theisen Wieder brutale, n\u00e4chtliche Abschiebung in Stuttgart-Wangen Fr\u00fch am 27. September 2019, um 3:11 Uhr(!!) nachts wurde ich durch einen Anruf von Qemal I.*, 15, Sch\u00fcler der Wangener Wilhelm-Schule in Stuttgart, aus dem Schlaf gerissen. Qemal berichtete, h\u00f6rbar [&hellip;]&darr; Lese den Rest von diesem Eintrag...","og_url":"http:\/\/www.deanreed.de\/AmericanRebel\/vk\/wieder-brutale-naechtliche-abschiebung-in-stuttgart-wangen\/","og_site_name":"Volkskorrespondenz","article_published_time":"2019-09-28T23:19:12+00:00","article_modified_time":"2019-09-28T23:26:21+00:00","og_image":[{"width":924,"height":520,"url":"http:\/\/www.deanreed.de\/AmericanRebel\/vk\/wp-content\/uploads\/2019\/09\/derr.jpg","type":"image\/jpeg"}],"twitter_card":"summary_large_image","twitter_misc":{"Verfasst von":"Fiete","Gesch\u00e4tzte Lesezeit":"4\u00a0Minuten"},"schema":{"@context":"https:\/\/schema.org","@graph":[{"@type":"WebSite","@id":"http:\/\/www.deanreed.de\/AmericanRebel\/vk\/#website","url":"http:\/\/www.deanreed.de\/AmericanRebel\/vk\/","name":"Volkskorrespondenz","description":"Leser\/innen schreiben selber","potentialAction":[{"@type":"SearchAction","target":{"@type":"EntryPoint","urlTemplate":"http:\/\/www.deanreed.de\/AmericanRebel\/vk\/?s={search_term_string}"},"query-input":"required name=search_term_string"}],"inLanguage":"de"},{"@type":"ImageObject","@id":"http:\/\/www.deanreed.de\/AmericanRebel\/vk\/wieder-brutale-naechtliche-abschiebung-in-stuttgart-wangen\/#primaryimage","inLanguage":"de","url":"http:\/\/www.deanreed.de\/AmericanRebel\/vk\/wp-content\/uploads\/2019\/09\/derr.jpg","contentUrl":"http:\/\/www.deanreed.de\/AmericanRebel\/vk\/wp-content\/uploads\/2019\/09\/derr.jpg","width":924,"height":520,"caption":"Abschiebung: Bild YouTube srceenshot"},{"@type":"WebPage","@id":"http:\/\/www.deanreed.de\/AmericanRebel\/vk\/wieder-brutale-naechtliche-abschiebung-in-stuttgart-wangen\/#webpage","url":"http:\/\/www.deanreed.de\/AmericanRebel\/vk\/wieder-brutale-naechtliche-abschiebung-in-stuttgart-wangen\/","name":"- Wieder brutale, n\u00e4chtliche Abschiebung in Stuttgart-Wangen - Volkskorrespondenz","isPartOf":{"@id":"http:\/\/www.deanreed.de\/AmericanRebel\/vk\/#website"},"primaryImageOfPage":{"@id":"http:\/\/www.deanreed.de\/AmericanRebel\/vk\/wieder-brutale-naechtliche-abschiebung-in-stuttgart-wangen\/#primaryimage"},"datePublished":"2019-09-28T23:19:12+00:00","dateModified":"2019-09-28T23:26:21+00:00","author":{"@id":"http:\/\/www.deanreed.de\/AmericanRebel\/vk\/#\/schema\/person\/0e6b12a10e7a787c6a7c19ecd1ad5785"},"breadcrumb":{"@id":"http:\/\/www.deanreed.de\/AmericanRebel\/vk\/wieder-brutale-naechtliche-abschiebung-in-stuttgart-wangen\/#breadcrumb"},"inLanguage":"de","potentialAction":[{"@type":"ReadAction","target":["http:\/\/www.deanreed.de\/AmericanRebel\/vk\/wieder-brutale-naechtliche-abschiebung-in-stuttgart-wangen\/"]}]},{"@type":"BreadcrumbList","@id":"http:\/\/www.deanreed.de\/AmericanRebel\/vk\/wieder-brutale-naechtliche-abschiebung-in-stuttgart-wangen\/#breadcrumb","itemListElement":[{"@type":"ListItem","position":1,"name":"Startseite","item":"http:\/\/www.deanreed.de\/AmericanRebel\/vk\/"},{"@type":"ListItem","position":2,"name":"&#8211; Wieder brutale, n\u00e4chtliche Abschiebung in Stuttgart-Wangen"}]},{"@type":"Person","@id":"http:\/\/www.deanreed.de\/AmericanRebel\/vk\/#\/schema\/person\/0e6b12a10e7a787c6a7c19ecd1ad5785","name":"Fiete","url":"http:\/\/www.deanreed.de\/AmericanRebel\/vk\/author\/redaktion\/"}]}},"_links":{"self":[{"href":"http:\/\/www.deanreed.de\/AmericanRebel\/vk\/wp-json\/wp\/v2\/posts\/1729"}],"collection":[{"href":"http:\/\/www.deanreed.de\/AmericanRebel\/vk\/wp-json\/wp\/v2\/posts"}],"about":[{"href":"http:\/\/www.deanreed.de\/AmericanRebel\/vk\/wp-json\/wp\/v2\/types\/post"}],"author":[{"embeddable":true,"href":"http:\/\/www.deanreed.de\/AmericanRebel\/vk\/wp-json\/wp\/v2\/users\/2"}],"replies":[{"embeddable":true,"href":"http:\/\/www.deanreed.de\/AmericanRebel\/vk\/wp-json\/wp\/v2\/comments?post=1729"}],"version-history":[{"count":1,"href":"http:\/\/www.deanreed.de\/AmericanRebel\/vk\/wp-json\/wp\/v2\/posts\/1729\/revisions"}],"predecessor-version":[{"id":1731,"href":"http:\/\/www.deanreed.de\/AmericanRebel\/vk\/wp-json\/wp\/v2\/posts\/1729\/revisions\/1731"}],"wp:attachment":[{"href":"http:\/\/www.deanreed.de\/AmericanRebel\/vk\/wp-json\/wp\/v2\/media?parent=1729"}],"wp:term":[{"taxonomy":"category","embeddable":true,"href":"http:\/\/www.deanreed.de\/AmericanRebel\/vk\/wp-json\/wp\/v2\/categories?post=1729"},{"taxonomy":"post_tag","embeddable":true,"href":"http:\/\/www.deanreed.de\/AmericanRebel\/vk\/wp-json\/wp\/v2\/tags?post=1729"}],"curies":[{"name":"wp","href":"https:\/\/api.w.org\/{rel}","templated":true}]}}