{"id":1,"date":"2018-07-07T22:19:32","date_gmt":"2018-07-07T20:19:32","guid":{"rendered":"http:\/\/www.deanreed.de\/AmericanRebel\/vk\/?p=1"},"modified":"2018-08-21T14:19:25","modified_gmt":"2018-08-21T12:19:25","slug":"hallo-welt","status":"publish","type":"post","link":"http:\/\/www.deanreed.de\/AmericanRebel\/vk\/hallo-welt\/","title":{"rendered":"&#8211; Gemeinsam gegen Bayer . . ."},"content":{"rendered":"<table width=\"663\">\n<tbody>\n<tr>\n<td><a href=\"http:\/\/www.deanreed.de\/AmericanRebel\/vk\/?p=440\" target=\"_blank\" rel=\"noopener\">Volkskorrespondent<\/a><\/p>\n<h4>Steffen Weise<br \/>\n<span style=\"color: #ffffff;\">.<\/span><\/h4>\n<h2><strong>Gemeinsam gegen Bayer und alle anderen Gefahren<\/strong><\/h2>\n<\/td>\n<td><img loading=\"lazy\" class=\"wp-image-14973 alignright\" src=\"http:\/\/www.deanreed.de\/AmericanRebel\/2017\/wp-content\/uploads\/2018\/07\/VK_end_113.png\" alt=\"\" width=\"90\" height=\"90\" \/><\/td>\n<\/tr>\n<\/tbody>\n<\/table>\n<p><strong>\u00a0<\/strong><strong><br \/>\n\u00dcber den eigenen Tellerrand hinaus schauen &#8230;<\/strong><\/p>\n<div id=\"attachment_210\" style=\"width: 110px\" class=\"wp-caption alignleft\"><img aria-describedby=\"caption-attachment-210\" loading=\"lazy\" class=\"size-full wp-image-210\" src=\"http:\/\/www.deanreed.de\/AmericanRebel\/vk\/wp-content\/uploads\/2035\/01\/Schwedische.jpg\" alt=\"\" width=\"100\" height=\"150\" \/><p id=\"caption-attachment-210\" class=\"wp-caption-text\">Steffen Weise<\/p><\/div>\n<p style=\"text-align: justify;\"><span style=\"color: #000000;\">Liebe Freunde und Freundinnen, Genossinnen und Genossen,<\/span><br \/>\n<span style=\"color: #000000;\">folgende Geschichte m\u00f6chte ich Euch erz\u00e4hlen:<\/span><\/p>\n<p style=\"text-align: justify;\"><span style=\"color: #000000;\">Wenige Tage nach den diesj\u00e4hrigen Protesten gegen die Bayer-Hauptversammlung habe ich von einer Freundin eine Mail weitergeleitet bekommen. Sie stammte von irgendeinem, mir nicht n\u00e4her bekannten, Naturschutzverein dessen Name ich auch inzwischen wieder vergessen <\/span>habe. In der Mail wurde eingehend behandelt, wie toll doch der Verein gegen Bayer protestiert habe, wie viele Menschen da waren und wie sehr die Proteste auch in der Hauptversammlung den ganzen Laden aufgemischt h\u00e4tten und, und, und &#8230;<\/p>\n<p style=\"text-align: justify;\">Dies ist ein lebendiges Beispiel f\u00fcr die Zersplitterung der antikapitalistischen Bewegung und der Beweis daf\u00fcr, dass es immer noch Vereine gibt, die wirklich nur in ihrem eigenen Saft schmoren und nicht zur Kenntnis nehmen, dass es auch viele andere Menschen, Vereine, Parteien und andere Zusammenschl\u00fcsse gibt, die richtig gute Ideen und Erfolfge haben.<\/p>\n<p style=\"text-align: justify;\">Zu Bayer muss man ja ehrlich zugeben, dass es seit 35 Jahren die <a href=\"http:\/\/www.cbgnetwork.org\/1.html\" target=\"_blank\" rel=\"noopener\">Coordination gegen Bayer-Gefahren<\/a> gibt, eine klassische B\u00fcrgerbewegung, die international organisiert ist und richtig viel Betrieb macht; man kann sie m\u00f6gen oder auch nicht, aber diese Tatsachen muss man einfach anerkennen. Seit Jahrzehnten verfolgen sie den Konzern auf Schritt und Tritt und erreichen mit vergleichsweise sehr wenig Geld richtig viel. Da kann nach der Hauptversammlung nicht irgendein Verein die Proteste komplett f\u00fcr sich vereinnahmen, um bei seinen Spendern und Sympathisanten gut dazustehen. Das ist, meiner Meinung nach, absolut unsolidarisch.<\/p>\n<p>Leider gibt es nicht wenige Menschen, die sich als links sehen, aber nicht danach schauen, wie es dem Nebenmann geht.\u00a0 <img loading=\"lazy\" class=\" wp-image-41 aligncenter\" src=\"http:\/\/www.deanreed.de\/AmericanRebel\/vk\/wp-content\/uploads\/2018\/07\/f43d-768x335-300x131.jpg\" alt=\"\" width=\"607\" height=\"265\" srcset=\"http:\/\/www.deanreed.de\/AmericanRebel\/vk\/wp-content\/uploads\/2018\/07\/f43d-768x335-300x131.jpg 300w, http:\/\/www.deanreed.de\/AmericanRebel\/vk\/wp-content\/uploads\/2018\/07\/f43d-768x335.jpg 768w\" sizes=\"(max-width: 607px) 100vw, 607px\" \/><\/p>\n<p style=\"text-align: justify;\">In AmericanRebel lese ich tags\u00fcber gerne mal etwas auch, wenn ich nur sehr selten einen Kommentar dazu abgebe. Oft muss ich auch erst dar\u00fcber nachdenken, was ich gelesen habe &#8230; Ich habe leider niemand, mit dem ich dar\u00fcber diskutieren k\u00f6nnte; ich bin schwerbehindert und dadurch extrem stark isoliert. Mir ist aber eben aufgefallen nach der bisher vielleicht auch nur kurzen Zeit in der ich AmericanRebel lese, dass Ihr richtig gute Beitr\u00e4ge habt &#8230; Euerer Zeitung fehlt aber nach meiner Meinung der Ansto\u00df zur Venetzung. Der k\u00f6nnte gegeben werden durch Veranstaltungshinweise (Verlinkungen mit Verb\u00fcndeten), durch Beitr\u00e4ge zu konkreten Aktionen vor- oder nachher mit entsprechenden Kontakthinweisen und nicht zuletzt durch solidarische Ver\u00f6ffentlichungen von &#8222;Werbung&#8220;, also z.B. Selbstvorstellungen z.B. der Aktion gegen Arbeitsunrecht e.V. (Die \u00fcbrigens stark solidarisch orientiert sind.) oder der Freundschaftsgesellschaft BRD-Cuba e.V. oder von Antifa-Gruppen oder f\u00fcr die Rote Hilfe e.V. oder &#8230;<\/p>\n<p style=\"text-align: justify;\">Die sind alle auf Solidarit\u00e4t angewiesen, wie Ihr auch. Einzig die Solidarit\u00e4t macht uns stark!<\/p>\n<p style=\"text-align: justify;\">Indem die jeweiligen Gruppen ihre Inserate einreichen, ist damit auch nicht so sehr viel Arbeit verbunden, aber es wird ein kleines St\u00fcck weiter der organisations\u00fcbergreifende Solidarit\u00e4tsgedanke verbreitet und die Vernetzung gef\u00f6rdert werden. Mit vertretbarem Aufwand k\u00f6nnte ein gro\u00dfes Ergebnis erzielt werden.<\/p>\n<p style=\"text-align: justify;\"><strong>Es muss endlich Schlu\u00df damit sein, dass jeder sein eigenes S\u00fcppchen braut und sich nicht f\u00fcr den Nebenmann interessiert!<\/strong><br \/>\nDas musste ich jetzt dringend mal loswerden.<\/p>\n<p style=\"text-align: center;\"><span style=\"font-size: 10pt;\">_____________________________________________________________________________<\/span><\/p>\n<p style=\"text-align: center;\"><span style=\"font-size: 10pt;\">F\u00fcr den Inhalt dieses Artikels ist ausschlie\u00dflich die Autorin bzw. der Autor verantwortlich.<\/span><br \/>\n<span style=\"font-size: 10pt;\">Ver\u00f6ffentlichungen sind nur Medien der Gruppe-Volkskorrespondenz, unter deren Regeln, gestattet.<\/span><\/p>\n","protected":false},"excerpt":{"rendered":"<p>Volkskorrespondent Steffen Weise . Gemeinsam gegen Bayer und alle anderen Gefahren \u00a0 \u00dcber den eigenen Tellerrand hinaus schauen &#8230; Liebe Freunde und Freundinnen, Genossinnen und Genossen, folgende Geschichte m\u00f6chte ich Euch erz\u00e4hlen: Wenige Tage nach den diesj\u00e4hrigen Protesten gegen die [&hellip;]<a class=\"more-link\" href=\"http:\/\/www.deanreed.de\/AmericanRebel\/vk\/hallo-welt\/\">&darr; Lese den Rest von diesem Eintrag&#8230;<\/a><\/p>\n","protected":false},"author":1,"featured_media":0,"comment_status":"closed","ping_status":"closed","sticky":false,"template":"","format":"standard","meta":[],"categories":[17],"tags":[],"yoast_head":"<!-- This site is optimized with the Yoast SEO plugin v17.5 - https:\/\/yoast.com\/wordpress\/plugins\/seo\/ -->\n<title>- Gemeinsam gegen Bayer . . . - Volkskorrespondenz<\/title>\n<meta name=\"robots\" content=\"index, follow, max-snippet:-1, max-image-preview:large, max-video-preview:-1\" \/>\n<link rel=\"canonical\" href=\"https:\/\/www.deanreed.de\/AmericanRebel\/vk\/hallo-welt\/\" \/>\n<meta property=\"og:locale\" content=\"de_DE\" \/>\n<meta property=\"og:type\" content=\"article\" \/>\n<meta property=\"og:title\" content=\"- Gemeinsam gegen Bayer . . . - Volkskorrespondenz\" \/>\n<meta property=\"og:description\" content=\"Volkskorrespondent Steffen Weise . Gemeinsam gegen Bayer und alle anderen Gefahren \u00a0 \u00dcber den eigenen Tellerrand hinaus schauen &#8230; Liebe Freunde und Freundinnen, Genossinnen und Genossen, folgende Geschichte m\u00f6chte ich Euch erz\u00e4hlen: Wenige Tage nach den diesj\u00e4hrigen Protesten gegen die [&hellip;]&darr; Lese den Rest von diesem Eintrag...\" \/>\n<meta property=\"og:url\" content=\"https:\/\/www.deanreed.de\/AmericanRebel\/vk\/hallo-welt\/\" \/>\n<meta property=\"og:site_name\" content=\"Volkskorrespondenz\" \/>\n<meta property=\"article:published_time\" content=\"2018-07-07T20:19:32+00:00\" \/>\n<meta property=\"article:modified_time\" content=\"2018-08-21T12:19:25+00:00\" \/>\n<meta property=\"og:image\" content=\"http:\/\/www.deanreed.de\/AmericanRebel\/2017\/wp-content\/uploads\/2018\/07\/VK_end_113.png\" \/>\n<meta name=\"twitter:card\" content=\"summary_large_image\" \/>\n<meta name=\"twitter:label1\" content=\"Verfasst von\" \/>\n\t<meta name=\"twitter:data1\" content=\"Klaus Meier\" \/>\n\t<meta name=\"twitter:label2\" content=\"Gesch\u00e4tzte Lesezeit\" \/>\n\t<meta name=\"twitter:data2\" content=\"3\u00a0Minuten\" \/>\n<script type=\"application\/ld+json\" class=\"yoast-schema-graph\">{\"@context\":\"https:\/\/schema.org\",\"@graph\":[{\"@type\":\"WebSite\",\"@id\":\"http:\/\/www.deanreed.de\/AmericanRebel\/vk\/#website\",\"url\":\"http:\/\/www.deanreed.de\/AmericanRebel\/vk\/\",\"name\":\"Volkskorrespondenz\",\"description\":\"Leser\/innen schreiben selber\",\"potentialAction\":[{\"@type\":\"SearchAction\",\"target\":{\"@type\":\"EntryPoint\",\"urlTemplate\":\"http:\/\/www.deanreed.de\/AmericanRebel\/vk\/?s={search_term_string}\"},\"query-input\":\"required name=search_term_string\"}],\"inLanguage\":\"de\"},{\"@type\":\"ImageObject\",\"@id\":\"https:\/\/www.deanreed.de\/AmericanRebel\/vk\/hallo-welt\/#primaryimage\",\"inLanguage\":\"de\",\"url\":\"http:\/\/www.deanreed.de\/AmericanRebel\/2017\/wp-content\/uploads\/2018\/07\/VK_end_113.png\",\"contentUrl\":\"http:\/\/www.deanreed.de\/AmericanRebel\/2017\/wp-content\/uploads\/2018\/07\/VK_end_113.png\"},{\"@type\":\"WebPage\",\"@id\":\"https:\/\/www.deanreed.de\/AmericanRebel\/vk\/hallo-welt\/#webpage\",\"url\":\"https:\/\/www.deanreed.de\/AmericanRebel\/vk\/hallo-welt\/\",\"name\":\"- Gemeinsam gegen Bayer . . . - Volkskorrespondenz\",\"isPartOf\":{\"@id\":\"http:\/\/www.deanreed.de\/AmericanRebel\/vk\/#website\"},\"primaryImageOfPage\":{\"@id\":\"https:\/\/www.deanreed.de\/AmericanRebel\/vk\/hallo-welt\/#primaryimage\"},\"datePublished\":\"2018-07-07T20:19:32+00:00\",\"dateModified\":\"2018-08-21T12:19:25+00:00\",\"author\":{\"@id\":\"http:\/\/www.deanreed.de\/AmericanRebel\/vk\/#\/schema\/person\/e1a389cf176796c056ffdb14f025856f\"},\"breadcrumb\":{\"@id\":\"https:\/\/www.deanreed.de\/AmericanRebel\/vk\/hallo-welt\/#breadcrumb\"},\"inLanguage\":\"de\",\"potentialAction\":[{\"@type\":\"ReadAction\",\"target\":[\"https:\/\/www.deanreed.de\/AmericanRebel\/vk\/hallo-welt\/\"]}]},{\"@type\":\"BreadcrumbList\",\"@id\":\"https:\/\/www.deanreed.de\/AmericanRebel\/vk\/hallo-welt\/#breadcrumb\",\"itemListElement\":[{\"@type\":\"ListItem\",\"position\":1,\"name\":\"Startseite\",\"item\":\"http:\/\/www.deanreed.de\/AmericanRebel\/vk\/\"},{\"@type\":\"ListItem\",\"position\":2,\"name\":\"&#8211; Gemeinsam gegen Bayer . . .\"}]},{\"@type\":\"Person\",\"@id\":\"http:\/\/www.deanreed.de\/AmericanRebel\/vk\/#\/schema\/person\/e1a389cf176796c056ffdb14f025856f\",\"name\":\"Klaus Meier\",\"url\":\"http:\/\/www.deanreed.de\/AmericanRebel\/vk\/author\/klaus-meier\/\"}]}<\/script>\n<!-- \/ Yoast SEO plugin. -->","yoast_head_json":{"title":"- Gemeinsam gegen Bayer . . . - Volkskorrespondenz","robots":{"index":"index","follow":"follow","max-snippet":"max-snippet:-1","max-image-preview":"max-image-preview:large","max-video-preview":"max-video-preview:-1"},"canonical":"https:\/\/www.deanreed.de\/AmericanRebel\/vk\/hallo-welt\/","og_locale":"de_DE","og_type":"article","og_title":"- Gemeinsam gegen Bayer . . . - Volkskorrespondenz","og_description":"Volkskorrespondent Steffen Weise . Gemeinsam gegen Bayer und alle anderen Gefahren \u00a0 \u00dcber den eigenen Tellerrand hinaus schauen &#8230; Liebe Freunde und Freundinnen, Genossinnen und Genossen, folgende Geschichte m\u00f6chte ich Euch erz\u00e4hlen: Wenige Tage nach den diesj\u00e4hrigen Protesten gegen die [&hellip;]&darr; Lese den Rest von diesem Eintrag...","og_url":"https:\/\/www.deanreed.de\/AmericanRebel\/vk\/hallo-welt\/","og_site_name":"Volkskorrespondenz","article_published_time":"2018-07-07T20:19:32+00:00","article_modified_time":"2018-08-21T12:19:25+00:00","og_image":[{"url":"http:\/\/www.deanreed.de\/AmericanRebel\/2017\/wp-content\/uploads\/2018\/07\/VK_end_113.png"}],"twitter_card":"summary_large_image","twitter_misc":{"Verfasst von":"Klaus Meier","Gesch\u00e4tzte Lesezeit":"3\u00a0Minuten"},"schema":{"@context":"https:\/\/schema.org","@graph":[{"@type":"WebSite","@id":"http:\/\/www.deanreed.de\/AmericanRebel\/vk\/#website","url":"http:\/\/www.deanreed.de\/AmericanRebel\/vk\/","name":"Volkskorrespondenz","description":"Leser\/innen schreiben selber","potentialAction":[{"@type":"SearchAction","target":{"@type":"EntryPoint","urlTemplate":"http:\/\/www.deanreed.de\/AmericanRebel\/vk\/?s={search_term_string}"},"query-input":"required name=search_term_string"}],"inLanguage":"de"},{"@type":"ImageObject","@id":"https:\/\/www.deanreed.de\/AmericanRebel\/vk\/hallo-welt\/#primaryimage","inLanguage":"de","url":"http:\/\/www.deanreed.de\/AmericanRebel\/2017\/wp-content\/uploads\/2018\/07\/VK_end_113.png","contentUrl":"http:\/\/www.deanreed.de\/AmericanRebel\/2017\/wp-content\/uploads\/2018\/07\/VK_end_113.png"},{"@type":"WebPage","@id":"https:\/\/www.deanreed.de\/AmericanRebel\/vk\/hallo-welt\/#webpage","url":"https:\/\/www.deanreed.de\/AmericanRebel\/vk\/hallo-welt\/","name":"- Gemeinsam gegen Bayer . . . - Volkskorrespondenz","isPartOf":{"@id":"http:\/\/www.deanreed.de\/AmericanRebel\/vk\/#website"},"primaryImageOfPage":{"@id":"https:\/\/www.deanreed.de\/AmericanRebel\/vk\/hallo-welt\/#primaryimage"},"datePublished":"2018-07-07T20:19:32+00:00","dateModified":"2018-08-21T12:19:25+00:00","author":{"@id":"http:\/\/www.deanreed.de\/AmericanRebel\/vk\/#\/schema\/person\/e1a389cf176796c056ffdb14f025856f"},"breadcrumb":{"@id":"https:\/\/www.deanreed.de\/AmericanRebel\/vk\/hallo-welt\/#breadcrumb"},"inLanguage":"de","potentialAction":[{"@type":"ReadAction","target":["https:\/\/www.deanreed.de\/AmericanRebel\/vk\/hallo-welt\/"]}]},{"@type":"BreadcrumbList","@id":"https:\/\/www.deanreed.de\/AmericanRebel\/vk\/hallo-welt\/#breadcrumb","itemListElement":[{"@type":"ListItem","position":1,"name":"Startseite","item":"http:\/\/www.deanreed.de\/AmericanRebel\/vk\/"},{"@type":"ListItem","position":2,"name":"&#8211; Gemeinsam gegen Bayer . . ."}]},{"@type":"Person","@id":"http:\/\/www.deanreed.de\/AmericanRebel\/vk\/#\/schema\/person\/e1a389cf176796c056ffdb14f025856f","name":"Klaus Meier","url":"http:\/\/www.deanreed.de\/AmericanRebel\/vk\/author\/klaus-meier\/"}]}},"_links":{"self":[{"href":"http:\/\/www.deanreed.de\/AmericanRebel\/vk\/wp-json\/wp\/v2\/posts\/1"}],"collection":[{"href":"http:\/\/www.deanreed.de\/AmericanRebel\/vk\/wp-json\/wp\/v2\/posts"}],"about":[{"href":"http:\/\/www.deanreed.de\/AmericanRebel\/vk\/wp-json\/wp\/v2\/types\/post"}],"author":[{"embeddable":true,"href":"http:\/\/www.deanreed.de\/AmericanRebel\/vk\/wp-json\/wp\/v2\/users\/1"}],"replies":[{"embeddable":true,"href":"http:\/\/www.deanreed.de\/AmericanRebel\/vk\/wp-json\/wp\/v2\/comments?post=1"}],"version-history":[{"count":36,"href":"http:\/\/www.deanreed.de\/AmericanRebel\/vk\/wp-json\/wp\/v2\/posts\/1\/revisions"}],"predecessor-version":[{"id":518,"href":"http:\/\/www.deanreed.de\/AmericanRebel\/vk\/wp-json\/wp\/v2\/posts\/1\/revisions\/518"}],"wp:attachment":[{"href":"http:\/\/www.deanreed.de\/AmericanRebel\/vk\/wp-json\/wp\/v2\/media?parent=1"}],"wp:term":[{"taxonomy":"category","embeddable":true,"href":"http:\/\/www.deanreed.de\/AmericanRebel\/vk\/wp-json\/wp\/v2\/categories?post=1"},{"taxonomy":"post_tag","embeddable":true,"href":"http:\/\/www.deanreed.de\/AmericanRebel\/vk\/wp-json\/wp\/v2\/tags?post=1"}],"curies":[{"name":"wp","href":"https:\/\/api.w.org\/{rel}","templated":true}]}}