{"id":811,"date":"2017-11-03T12:14:57","date_gmt":"2017-11-03T11:14:57","guid":{"rendered":"http:\/\/www.deanreed.de\/AmericanRebel\/elcantor\/?p=811"},"modified":"2017-11-18T15:17:26","modified_gmt":"2017-11-18T14:17:26","slug":"811","status":"publish","type":"post","link":"http:\/\/www.deanreed.de\/AmericanRebel\/elcantor\/811\/","title":{"rendered":"&#8211; Hasta siempre Daniel, Querido Compa\u00f1ero!"},"content":{"rendered":"<h4>Nico Diener<\/h4>\n<h2>Hasta siempre Daniel, Querido Compa\u00f1ero!<\/h2>\n<h4><span style=\"color: #000000;\">Der uruguayischer S\u00e4nger Daniel Viglietti\u00a0verstarb \u00fcberraschend am 30. Oktober<\/span><br \/>\n<span style=\"color: #ffffff;\">.<\/span><\/h4>\n<div id=\"attachment_161\" style=\"width: 110px\" class=\"wp-caption alignleft\"><img aria-describedby=\"caption-attachment-161\" loading=\"lazy\" class=\"size-full wp-image-161\" src=\"http:\/\/www.deanreed.de\/AmericanRebel\/2017\/wp-content\/uploads\/2017\/02\/Nico_Diener_alles.jpg\" alt=\"\" width=\"100\" height=\"150\" \/><p id=\"caption-attachment-161\" class=\"wp-caption-text\"><span style=\"color: #808080;\">Nico Diener<\/span><\/p><\/div>\n<p style=\"text-align: justify;\"><strong><em>&#8222;Hinter meiner Stimme, singt eine andere Stimme.&#8220;<\/em> h\u00f6rten wir noch am 10. Oktober zu Ehren Che Guevaras <\/strong>(<a href=\"http:\/\/www.deanreed.de\/AmericanRebel\/elcantor\/?p=630\" target=\"_blank\" rel=\"noopener\">El Cantor berichtete<\/a>)<strong> in Vallegrande (Bolivien) von Daniel Viglietti, einen der bedeutendsten S\u00e4nger, Gitarristen und Liedermacher Lateinamerikas. Er verstarb mit 78 Jahren unerwartet am Montag in einem Krankenhaus in Montevideo (Uruguay).<\/strong><\/p>\n<p style=\"text-align: justify;\">Freunde, Genossen und Kollegen nahmen gestern mit einer Totenwache im Theater &#8222;Teatro Sol\u00eds&#8220; (Montevideo) Abschied von dem polul\u00e4ren und beliebten Volkss\u00e4gner. Daniels Stimme singt nicht mehr aber die andere Stimme singt weiter. Das ist die Stimme der Revolution und einer gerechten sozialistischen Gesellschaft, f\u00fcr die Daniel als \u00bbGuevarist\u00ab, wie er sich selber bezeichnete, eintrat.<\/p>\n<p style=\"text-align: justify;\">Sein letztes Konzert hatte Daniel am letzten Freitag in der Stadt Las Piedras (Uruguay), dem vor 50 Jahren in Bolivien, auf Befehl der CIA ermordeten argentinisch-kubanischen Revolution\u00e4r Che Guevara gewidmet. K\u00fcnstler in aller Welt \u00e4u\u00dferten nach dem Tod des Musikers und Aktivisten ihren Respekt vor dessen Werk und Wirken, viele stellen ihn auf eine Ebene mit Pablo Neruda.<\/p>\n<div id=\"attachment_827\" style=\"width: 606px\" class=\"wp-caption aligncenter\"><img aria-describedby=\"caption-attachment-827\" loading=\"lazy\" class=\" wp-image-827\" src=\"http:\/\/www.deanreed.de\/AmericanRebel\/elcantor\/wp-content\/uploads\/2017\/11\/dv_002-300x169.jpg\" alt=\"\" width=\"596\" height=\"336\" srcset=\"http:\/\/www.deanreed.de\/AmericanRebel\/elcantor\/wp-content\/uploads\/2017\/11\/dv_002-300x169.jpg 300w, http:\/\/www.deanreed.de\/AmericanRebel\/elcantor\/wp-content\/uploads\/2017\/11\/dv_002-768x432.jpg 768w, http:\/\/www.deanreed.de\/AmericanRebel\/elcantor\/wp-content\/uploads\/2017\/11\/dv_002-1024x576.jpg 1024w, http:\/\/www.deanreed.de\/AmericanRebel\/elcantor\/wp-content\/uploads\/2017\/11\/dv_002.jpg 1360w\" sizes=\"(max-width: 596px) 100vw, 596px\" \/><p id=\"caption-attachment-827\" class=\"wp-caption-text\"><span style=\"color: #808080;\">Daniel Viglietti 24. Juli 1939 bis 30. Oktober 2017<\/span><\/p><\/div>\n<p style=\"text-align: justify;\">Volker Hermsdorf schrieb heute in der <a href=\"https:\/\/www.jungewelt.de\/artikel\/321269.die-lauteste-ruhe.html\" target=\"_blank\" rel=\"noopener\">Tageszeitung Junge Welt<\/a>, unter Anderem: &#8222;(&#8230;) Daniel Viglietti war einer der bekanntesten Vertreter des uruguayischen \u00bbCanto Popular\u00ab und ebenfalls an der Entwicklung des \u00bbNueva Canci\u00f3n\u00ab beteiligt, dem neuen politischen Lied aus Argentinien, Chile und Uruguay, das vor einem halben Jahrhundert in ganz Lateinamerika popul\u00e4r wurde. Zu dessen Interpreten geh\u00f6rten etwa der Kubaner Silvio Rodr\u00edguez wie auch der Chilene Victor Jara. Der als der S\u00e4nger der linken Tupamaro-Guerilla geltende Daniel Viglietti wurde 1972 in Uruguay verhaftet, sein Gef\u00e4hrte Victor Jara im September 1973 nach dem faschistischen Putsch in Chile von den Schergen der antikommunistischen Junta zu Tode gefoltert. Viglietti blieb dessen Schicksal erspart. Nach einer internationalen Solidarit\u00e4tskampagne kam er frei und konnte das Land gerade noch verlassen, bevor die Milit\u00e4rs im Juni 1973 das Parlament aufl\u00f6sten. Der S\u00e4nger floh erst nach Argentinien und dann nach Paris. Der Live-Mitschnitt eines seiner ersten Konzerte in Frankreich nach der Freilassung enthielt St\u00fccke wie \u00bbNuestra Bandera\u00ab (Unsere Fahne) und \u00bbPor todo Chile\u00ab (F\u00fcr unser Chile), die zu Hymnen seiner Generation revolution\u00e4rer Linker wurden. 1974 und 1980 trat Viglietti beim Festival des Politischen Liedes in der Hauptstadt der DDR auf. In einem Interview mit der\u00a0<em>jW<\/em>\u00a0sagte er 2010: \u00bbWir wurden eine Zeit lang sehr oft als Protests\u00e4nger bezeichnet, womit man uns irgendwie einordnen wollte. Aber diese Bezeichnung war auch eine Art Ghetto. Ich singe Lieder, die zum Kampf auffordern, zum Kampf f\u00fcr die eigene Identit\u00e4t und f\u00fcr die Freiheit. (\u2026) Ich beschreibe meine Lieder gerne als menschlich.\u00ab Kurz vor Ende der zw\u00f6lfj\u00e4hrigen Milit\u00e4rdiktatur konnte der Musiker 1984 in seine Heimat zur\u00fcckkehren, wo er in den letzten Jahren auch Radio- und Fernsehprogramme moderierte.<\/p>\n<p style=\"text-align: justify;\">Viglietti bezeichnete sich selbst als \u00bbGuevarist\u00ab, nannte eines seiner bekanntesten Alben \u00bbLieder f\u00fcr den neuen Menschen\u00ab (\u00bbCanciones para el hombre nuevo\u00ab, 1968). Die Gro\u00dfveranstaltung auf dem Platz der Revolution in Havanna, auf der Fidel Castro 1967 den Tod Che Guevaras verk\u00fcndete, beschrieb er mit den S\u00e4tzen: \u00bbEs war eine gewaltige pl\u00f6tzliche Stille. Die lauteste Ruhe, die man sich vorstellen kann.\u00ab Kritikern des Revolution\u00e4rs trat er bis zuletzt entschieden entgegen. \u00bbDer Guevarismus war kein Scheitern, sondern eine Phase im Labyrinth der Geschichte\u00ab, sagte er im M\u00e4rz gegen\u00fcber der\u00a0<em>jungen Welt<\/em>\u00a0und mahnte: \u00bbWir m\u00fcssen immer den Blick auf den Horizont richten (\u2026). Wer ein Foto von mir machen m\u00f6chte, dem sage ich, am liebsten w\u00e4re mir eins, auf dem ich mit der Gitarre in der Hand zum Horizont schaue.\u00ab&#8220;<br \/>\n<span style=\"color: #ffffff;\">.<\/span><\/p>\n<p style=\"text-align: center;\"><div class=\"lyte-wrapper fourthree\" title=\"Otra voz canta - Daniel Viglietti\" style=\"width:480px;max-width:100%;margin:5px auto;\"><div class=\"lyMe\" id=\"WYL_8FSwKJ2Y3PU\"><div id=\"lyte_8FSwKJ2Y3PU\" data-src=\"http:\/\/www.deanreed.de\/AmericanRebel\/elcantor\/wp-content\/plugins\/wp-youtube-lyte\/lyteCache.php?origThumbUrl=https%3A%2F%2Fi.ytimg.com%2Fvi%2F8FSwKJ2Y3PU%2Fhqdefault.jpg\" class=\"pL\"><div class=\"tC\"><div class=\"tT\">Otra voz canta - Daniel Viglietti<\/div><\/div><div class=\"play\"><\/div><div class=\"ctrl\"><div class=\"Lctrl\"><\/div><div class=\"Rctrl\"><\/div><\/div><\/div><noscript><a href=\"http:\/\/youtu.be\/8FSwKJ2Y3PU\"><img src=\"http:\/\/www.deanreed.de\/AmericanRebel\/elcantor\/wp-content\/plugins\/wp-youtube-lyte\/lyteCache.php?origThumbUrl=http%3A%2F%2Fi.ytimg.com%2Fvi%2F8FSwKJ2Y3PU%2F0.jpg\" alt=\"Otra voz canta - Daniel Viglietti\" width=\"480\" height=\"340\" \/><br \/>Dieses Video auf YouTube ansehen<\/a><\/noscript><\/div><\/div><div class=\"lL\" style=\"max-width:100%;width:480px;margin:5px auto;\"><\/div><\/p>\n<h3 style=\"text-align: center;\">Otra voz canta<br \/>\n<span style=\"font-size: 10pt;\">(Eine andere Stimme singt)<\/span><\/h3>\n<p style=\"text-align: center;\">Hinter meiner Stimme,<br \/>\nh\u00f6r, h\u00f6r,<br \/>\nsingt eine andere Stimme.<\/p>\n<p style=\"text-align: center;\">Sie kommt von fr\u00fcher, von fern,<br \/>\nsie kommt aus begrabenen<br \/>\nM\u00fcndern und singt.<\/p>\n<p style=\"text-align: center;\"><div class=\"hide-this-part-wrap\"><div class=\"hide-this-part-more\" id=\"hide-this-part-0\" morelink-text=\"Den ganzen Liedtext zeigen\">Den ganzen Liedtext zeigen \u00bb<\/div><div class=\"hide-this-part\" status=\"invisible\"><\/p>\n<p style=\"text-align: center;\">Sie sagen, dass sie nicht tot sind,<br \/>\nh\u00f6r sie, h\u00f6r,<br \/>\nsolange sich eine Stimme erhebt,<br \/>\ndie sich ihrer erinnert und singt.<\/p>\n<p style=\"text-align: center;\">H\u00f6r, h\u00f6r, eine andere Stimme,<br \/>\neine andere Stimme singt.<\/p>\n<p style=\"text-align: center;\">Sie sagen, dass sie jetzt leben<br \/>\nin deinem Blick.<br \/>\nSt\u00fctze sie mit deinen Augen,<br \/>\nmit deinen Worten,<br \/>\nst\u00fctze sie mit deinem Leben,<br \/>\ndass sie nicht verlorengehen,<br \/>\ndass sie nicht fallen.<\/p>\n<p style=\"text-align: center;\">H\u00f6r, h\u00f6r, eine andere Stimme,<br \/>\neine andere Stimme singt.<\/p>\n<p style=\"text-align: center;\">Sie sind nicht nur Erinnerung,<br \/>\nsie sind offenes Leben,<br \/>\nununterbrochen und weit.<br \/>\nSie sind ein Weg, der beginnt.<\/p>\n<p style=\"text-align: center;\">Sie singen mit mir,<br \/>\nmit mir singen sie.<br \/>\nSie sagen, dass sie nicht tot sind,<br \/>\nh\u00f6r sie, h\u00f6r,<br \/>\nsolange sich eine Stimme erhebt,<br \/>\ndie sich ihrer erinnert und singt.<\/p>\n<p style=\"text-align: center;\">Sie singen mit mir,<br \/>\nmit mir singen sie.<br \/>\nSie sind nicht nur Erinnerung,<br \/>\nsie sind offenes Leben,<br \/>\nsie sind ein Weg, der beginnt<br \/>\nund nach uns ruft.<\/p>\n<p style=\"text-align: center;\">Sie singen mit mir,<br \/>\nmit mir singen sie.<br \/>\nSie singen mit mir,<br \/>\nmit mir singen sie.<\/p>\n<p style=\"text-align: right;\"><span style=\"font-size: 10pt;\">(\u00dcbersetzg.: H. Br\u00fchl und G. Salsamendi)<\/span><\/p>\n<p style=\"text-align: center;\"><\/div><!-- .hide-this-part --><\/div><!-- hide-this-part-wrap --><\/p>\n<p><span style=\"color: #ffffff;\">.<\/span><br \/>\n<strong>Weitere Artikel \u00fcber Daniel Viglietti:<\/strong><br \/>\n &#8211; El Cantor: <a href=\"http:\/\/www.deanreed.de\/AmericanRebel\/elcantor\/?cat=25\" target=\"_blank\" rel=\"noopener\">Der uruguayischer S\u00e4nger Daniel Viglietti<\/a><br \/>\n &#8211; Melodie &amp; Rhythmus: <a href=\"http:\/\/www.melodieundrhythmus.com\/mr-1-2017\/im-zug-der-wechselnden-zeiten\/\" target=\"_blank\" rel=\"noopener\">Im Zug der wechselnden Zeiten<\/a>--<br \/>\n &#8211; telesur: <a href=\"https:\/\/www.telesurtv.net\/english\/news\/Legendary-Uruguayan-Singer-Daniel-Viglietti-Has-Died-20171030-0028.html\" target=\"_blank\" rel=\"noopener\">Legendary Uruguayan Singer <em>Daniel Viglietti<\/em> Has Died<\/a><br \/>\n &#8211; LA NACION:\u00a0<a href=\"http:\/\/www.lanacion.com.ar\/2077717-murio-daniel-viglietti\" target=\"_blank\" rel=\"noopener\">Muri\u00f3 el cantautor uruguayo Daniel Viglietti<\/a><br \/>\n &#8211; El Espectator: <a href=\"https:\/\/www.elespectador.com\/noticias\/cultura\/daniel-viglietti-y-la-revolucion-de-las-palabras-articulo-721253\" target=\"_blank\" rel=\"noopener\">Daniel Viglietti y la revoluci\u00f3n de las palabras<\/a><br \/>\n &#8211; CUBA DEBATE: <a href=\"http:\/\/www.cubadebate.cu\/noticias\/2017\/10\/30\/murio-el-cantautor-urguayo-daniel-viglietti\/#.WfwxjYaDNQM\" target=\"_blank\" rel=\"noopener\">Muri\u00f3 el cantautor uruguayo Daniel Viglietti (+ Video)<\/a><\/p>\n<p>&nbsp;<\/p>\n<p><a href=\"https:\/\/www.facebook.com\/groups\/1683837971860223\/permalink\/2064932423750774\/\" target=\"_blank\" rel=\"noopener\"><img loading=\"lazy\" class=\"alignright wp-image-243\" src=\"http:\/\/www.deanreed.de\/AmericanRebel\/elcantor\/wp-content\/uploads\/2017\/09\/ar_zu_fb.png\" alt=\"hier geht es zur Facebook-Diskussionsgruppe\" width=\"353\" height=\"15\" srcset=\"http:\/\/www.deanreed.de\/AmericanRebel\/elcantor\/wp-content\/uploads\/2017\/09\/ar_zu_fb.png 470w, http:\/\/www.deanreed.de\/AmericanRebel\/elcantor\/wp-content\/uploads\/2017\/09\/ar_zu_fb-300x13.png 300w\" sizes=\"(max-width: 353px) 100vw, 353px\" \/><\/a><a href=\"http:\/\/www.elcantor.de\"><img loading=\"lazy\" class=\"alignleft wp-image-237\" src=\"http:\/\/www.deanreed.de\/AmericanRebel\/elcantor\/wp-content\/uploads\/2017\/09\/back_ar.png\" alt=\"zur\u00fcck zur Startseite\" width=\"156\" height=\"15\" \/><\/a><br \/>\n<a href=\"http:\/\/www.deanreed.de\/AmericanRebel\/elcantor\/?p=811#resppont\"><img loading=\"lazy\" class=\"alignright wp-image-234 size-full\" src=\"http:\/\/www.deanreed.de\/AmericanRebel\/elcantor\/wp-content\/uploads\/2017\/09\/ar_kommentar.png\" alt=\"Sag uns deine Meinung zum Artikel mit einem Kommentar\/Leserbrief\" width=\"690\" height=\"22\" srcset=\"http:\/\/www.deanreed.de\/AmericanRebel\/elcantor\/wp-content\/uploads\/2017\/09\/ar_kommentar.png 690w, http:\/\/www.deanreed.de\/AmericanRebel\/elcantor\/wp-content\/uploads\/2017\/09\/ar_kommentar-300x10.png 300w\" sizes=\"(max-width: 690px) 100vw, 690px\" \/><\/a><\/p>\n","protected":false},"excerpt":{"rendered":"<p>Nico Diener Hasta siempre Daniel, Querido Compa\u00f1ero! Der uruguayischer S\u00e4nger Daniel Viglietti\u00a0verstarb \u00fcberraschend am 30. Oktober . &#8222;Hinter meiner Stimme, singt eine andere Stimme.&#8220; h\u00f6rten wir noch am 10. Oktober zu Ehren Che Guevaras (El Cantor berichtete) in Vallegrande (Bolivien) [&hellip;]<a class=\"more-link\" href=\"http:\/\/www.deanreed.de\/AmericanRebel\/elcantor\/811\/\">&darr; Lese den Rest von diesem Eintrag&#8230;<\/a><\/p>\n","protected":false},"author":3,"featured_media":0,"comment_status":"open","ping_status":"open","sticky":false,"template":"","format":"standard","meta":[],"categories":[25],"tags":[],"yoast_head":"<!-- This site is optimized with the Yoast SEO plugin v17.5 - https:\/\/yoast.com\/wordpress\/plugins\/seo\/ -->\n<title>- Hasta siempre Daniel, Querido Compa\u00f1ero! - El Cantor<\/title>\n<meta name=\"robots\" content=\"index, follow, max-snippet:-1, max-image-preview:large, max-video-preview:-1\" \/>\n<link rel=\"canonical\" href=\"http:\/\/www.deanreed.de\/AmericanRebel\/elcantor\/811\/\" \/>\n<meta property=\"og:locale\" content=\"de_DE\" \/>\n<meta property=\"og:type\" content=\"article\" \/>\n<meta property=\"og:title\" content=\"- Hasta siempre Daniel, Querido Compa\u00f1ero! - El Cantor\" \/>\n<meta property=\"og:description\" content=\"Nico Diener Hasta siempre Daniel, Querido Compa\u00f1ero! Der uruguayischer S\u00e4nger Daniel Viglietti\u00a0verstarb \u00fcberraschend am 30. Oktober . &#8222;Hinter meiner Stimme, singt eine andere Stimme.&#8220; h\u00f6rten wir noch am 10. Oktober zu Ehren Che Guevaras (El Cantor berichtete) in Vallegrande (Bolivien) [&hellip;]&darr; Lese den Rest von diesem Eintrag...\" \/>\n<meta property=\"og:url\" content=\"http:\/\/www.deanreed.de\/AmericanRebel\/elcantor\/811\/\" \/>\n<meta property=\"og:site_name\" content=\"El Cantor\" \/>\n<meta property=\"article:published_time\" content=\"2017-11-03T11:14:57+00:00\" \/>\n<meta property=\"article:modified_time\" content=\"2017-11-18T14:17:26+00:00\" \/>\n<meta property=\"og:image\" content=\"http:\/\/www.deanreed.de\/AmericanRebel\/2017\/wp-content\/uploads\/2017\/02\/Nico_Diener_alles.jpg\" \/>\n<meta name=\"twitter:card\" content=\"summary_large_image\" \/>\n<meta name=\"twitter:label1\" content=\"Verfasst von\" \/>\n\t<meta name=\"twitter:data1\" content=\"Nicolino\" \/>\n\t<meta name=\"twitter:label2\" content=\"Gesch\u00e4tzte Lesezeit\" \/>\n\t<meta name=\"twitter:data2\" content=\"5\u00a0Minuten\" \/>\n<script type=\"application\/ld+json\" class=\"yoast-schema-graph\">{\"@context\":\"https:\/\/schema.org\",\"@graph\":[{\"@type\":\"WebSite\",\"@id\":\"http:\/\/www.deanreed.de\/AmericanRebel\/elcantor\/#website\",\"url\":\"http:\/\/www.deanreed.de\/AmericanRebel\/elcantor\/\",\"name\":\"El Cantor\",\"description\":\"Mit der Gitarre f\\u00fcr Frieden, Gerechtigkeit und das Recht auf ein Leben ohne Ausbeutung\",\"potentialAction\":[{\"@type\":\"SearchAction\",\"target\":{\"@type\":\"EntryPoint\",\"urlTemplate\":\"http:\/\/www.deanreed.de\/AmericanRebel\/elcantor\/?s={search_term_string}\"},\"query-input\":\"required name=search_term_string\"}],\"inLanguage\":\"de\"},{\"@type\":\"ImageObject\",\"@id\":\"http:\/\/www.deanreed.de\/AmericanRebel\/elcantor\/811\/#primaryimage\",\"inLanguage\":\"de\",\"url\":\"http:\/\/www.deanreed.de\/AmericanRebel\/2017\/wp-content\/uploads\/2017\/02\/Nico_Diener_alles.jpg\",\"contentUrl\":\"http:\/\/www.deanreed.de\/AmericanRebel\/2017\/wp-content\/uploads\/2017\/02\/Nico_Diener_alles.jpg\"},{\"@type\":\"WebPage\",\"@id\":\"http:\/\/www.deanreed.de\/AmericanRebel\/elcantor\/811\/#webpage\",\"url\":\"http:\/\/www.deanreed.de\/AmericanRebel\/elcantor\/811\/\",\"name\":\"- Hasta siempre Daniel, Querido Compa\\u00f1ero! - El Cantor\",\"isPartOf\":{\"@id\":\"http:\/\/www.deanreed.de\/AmericanRebel\/elcantor\/#website\"},\"primaryImageOfPage\":{\"@id\":\"http:\/\/www.deanreed.de\/AmericanRebel\/elcantor\/811\/#primaryimage\"},\"datePublished\":\"2017-11-03T11:14:57+00:00\",\"dateModified\":\"2017-11-18T14:17:26+00:00\",\"author\":{\"@id\":\"http:\/\/www.deanreed.de\/AmericanRebel\/elcantor\/#\/schema\/person\/9e161ae26783202cec7e4d0733914b40\"},\"breadcrumb\":{\"@id\":\"http:\/\/www.deanreed.de\/AmericanRebel\/elcantor\/811\/#breadcrumb\"},\"inLanguage\":\"de\",\"potentialAction\":[{\"@type\":\"ReadAction\",\"target\":[\"http:\/\/www.deanreed.de\/AmericanRebel\/elcantor\/811\/\"]}]},{\"@type\":\"BreadcrumbList\",\"@id\":\"http:\/\/www.deanreed.de\/AmericanRebel\/elcantor\/811\/#breadcrumb\",\"itemListElement\":[{\"@type\":\"ListItem\",\"position\":1,\"name\":\"Startseite\",\"item\":\"http:\/\/www.deanreed.de\/AmericanRebel\/elcantor\/\"},{\"@type\":\"ListItem\",\"position\":2,\"name\":\"&#8211; Hasta siempre Daniel, Querido Compa\\u00f1ero!\"}]},{\"@type\":\"Person\",\"@id\":\"http:\/\/www.deanreed.de\/AmericanRebel\/elcantor\/#\/schema\/person\/9e161ae26783202cec7e4d0733914b40\",\"name\":\"Nicolino\",\"url\":\"http:\/\/www.deanreed.de\/AmericanRebel\/elcantor\/author\/nicolino\/\"}]}<\/script>\n<!-- \/ Yoast SEO plugin. -->","yoast_head_json":{"title":"- Hasta siempre Daniel, Querido Compa\u00f1ero! - El Cantor","robots":{"index":"index","follow":"follow","max-snippet":"max-snippet:-1","max-image-preview":"max-image-preview:large","max-video-preview":"max-video-preview:-1"},"canonical":"http:\/\/www.deanreed.de\/AmericanRebel\/elcantor\/811\/","og_locale":"de_DE","og_type":"article","og_title":"- Hasta siempre Daniel, Querido Compa\u00f1ero! - El Cantor","og_description":"Nico Diener Hasta siempre Daniel, Querido Compa\u00f1ero! Der uruguayischer S\u00e4nger Daniel Viglietti\u00a0verstarb \u00fcberraschend am 30. Oktober . &#8222;Hinter meiner Stimme, singt eine andere Stimme.&#8220; h\u00f6rten wir noch am 10. Oktober zu Ehren Che Guevaras (El Cantor berichtete) in Vallegrande (Bolivien) [&hellip;]&darr; Lese den Rest von diesem Eintrag...","og_url":"http:\/\/www.deanreed.de\/AmericanRebel\/elcantor\/811\/","og_site_name":"El Cantor","article_published_time":"2017-11-03T11:14:57+00:00","article_modified_time":"2017-11-18T14:17:26+00:00","og_image":[{"url":"http:\/\/www.deanreed.de\/AmericanRebel\/2017\/wp-content\/uploads\/2017\/02\/Nico_Diener_alles.jpg"}],"twitter_card":"summary_large_image","twitter_misc":{"Verfasst von":"Nicolino","Gesch\u00e4tzte Lesezeit":"5\u00a0Minuten"},"schema":{"@context":"https:\/\/schema.org","@graph":[{"@type":"WebSite","@id":"http:\/\/www.deanreed.de\/AmericanRebel\/elcantor\/#website","url":"http:\/\/www.deanreed.de\/AmericanRebel\/elcantor\/","name":"El Cantor","description":"Mit der Gitarre f\u00fcr Frieden, Gerechtigkeit und das Recht auf ein Leben ohne Ausbeutung","potentialAction":[{"@type":"SearchAction","target":{"@type":"EntryPoint","urlTemplate":"http:\/\/www.deanreed.de\/AmericanRebel\/elcantor\/?s={search_term_string}"},"query-input":"required name=search_term_string"}],"inLanguage":"de"},{"@type":"ImageObject","@id":"http:\/\/www.deanreed.de\/AmericanRebel\/elcantor\/811\/#primaryimage","inLanguage":"de","url":"http:\/\/www.deanreed.de\/AmericanRebel\/2017\/wp-content\/uploads\/2017\/02\/Nico_Diener_alles.jpg","contentUrl":"http:\/\/www.deanreed.de\/AmericanRebel\/2017\/wp-content\/uploads\/2017\/02\/Nico_Diener_alles.jpg"},{"@type":"WebPage","@id":"http:\/\/www.deanreed.de\/AmericanRebel\/elcantor\/811\/#webpage","url":"http:\/\/www.deanreed.de\/AmericanRebel\/elcantor\/811\/","name":"- Hasta siempre Daniel, Querido Compa\u00f1ero! - El Cantor","isPartOf":{"@id":"http:\/\/www.deanreed.de\/AmericanRebel\/elcantor\/#website"},"primaryImageOfPage":{"@id":"http:\/\/www.deanreed.de\/AmericanRebel\/elcantor\/811\/#primaryimage"},"datePublished":"2017-11-03T11:14:57+00:00","dateModified":"2017-11-18T14:17:26+00:00","author":{"@id":"http:\/\/www.deanreed.de\/AmericanRebel\/elcantor\/#\/schema\/person\/9e161ae26783202cec7e4d0733914b40"},"breadcrumb":{"@id":"http:\/\/www.deanreed.de\/AmericanRebel\/elcantor\/811\/#breadcrumb"},"inLanguage":"de","potentialAction":[{"@type":"ReadAction","target":["http:\/\/www.deanreed.de\/AmericanRebel\/elcantor\/811\/"]}]},{"@type":"BreadcrumbList","@id":"http:\/\/www.deanreed.de\/AmericanRebel\/elcantor\/811\/#breadcrumb","itemListElement":[{"@type":"ListItem","position":1,"name":"Startseite","item":"http:\/\/www.deanreed.de\/AmericanRebel\/elcantor\/"},{"@type":"ListItem","position":2,"name":"&#8211; Hasta siempre Daniel, Querido Compa\u00f1ero!"}]},{"@type":"Person","@id":"http:\/\/www.deanreed.de\/AmericanRebel\/elcantor\/#\/schema\/person\/9e161ae26783202cec7e4d0733914b40","name":"Nicolino","url":"http:\/\/www.deanreed.de\/AmericanRebel\/elcantor\/author\/nicolino\/"}]}},"_links":{"self":[{"href":"http:\/\/www.deanreed.de\/AmericanRebel\/elcantor\/wp-json\/wp\/v2\/posts\/811"}],"collection":[{"href":"http:\/\/www.deanreed.de\/AmericanRebel\/elcantor\/wp-json\/wp\/v2\/posts"}],"about":[{"href":"http:\/\/www.deanreed.de\/AmericanRebel\/elcantor\/wp-json\/wp\/v2\/types\/post"}],"author":[{"embeddable":true,"href":"http:\/\/www.deanreed.de\/AmericanRebel\/elcantor\/wp-json\/wp\/v2\/users\/3"}],"replies":[{"embeddable":true,"href":"http:\/\/www.deanreed.de\/AmericanRebel\/elcantor\/wp-json\/wp\/v2\/comments?post=811"}],"version-history":[{"count":40,"href":"http:\/\/www.deanreed.de\/AmericanRebel\/elcantor\/wp-json\/wp\/v2\/posts\/811\/revisions"}],"predecessor-version":[{"id":1077,"href":"http:\/\/www.deanreed.de\/AmericanRebel\/elcantor\/wp-json\/wp\/v2\/posts\/811\/revisions\/1077"}],"wp:attachment":[{"href":"http:\/\/www.deanreed.de\/AmericanRebel\/elcantor\/wp-json\/wp\/v2\/media?parent=811"}],"wp:term":[{"taxonomy":"category","embeddable":true,"href":"http:\/\/www.deanreed.de\/AmericanRebel\/elcantor\/wp-json\/wp\/v2\/categories?post=811"},{"taxonomy":"post_tag","embeddable":true,"href":"http:\/\/www.deanreed.de\/AmericanRebel\/elcantor\/wp-json\/wp\/v2\/tags?post=811"}],"curies":[{"name":"wp","href":"https:\/\/api.w.org\/{rel}","templated":true}]}}