{"id":798,"date":"2017-11-05T14:44:45","date_gmt":"2017-11-05T13:44:45","guid":{"rendered":"http:\/\/www.deanreed.de\/AmericanRebel\/elcantor\/?p=798"},"modified":"2017-11-10T13:33:18","modified_gmt":"2017-11-10T12:33:18","slug":"amor-y-revolucion-die-cd","status":"publish","type":"post","link":"http:\/\/www.deanreed.de\/AmericanRebel\/elcantor\/amor-y-revolucion-die-cd\/","title":{"rendered":"&#8211; Amor y Revoluci\u00f3n die neue CD von Rey Valencia"},"content":{"rendered":"<h4><span style=\"color: #ffffff;\"><a href=\"http:\/\/reyvalencia.com\/shop\/\" target=\"_blank\" rel=\"noopener\"><img loading=\"lazy\" class=\"alignnone wp-image-882\" src=\"http:\/\/www.deanreed.de\/AmericanRebel\/elcantor\/wp-content\/uploads\/2017\/11\/NEUVorbestellung-jetzt-300x169.jpg\" alt=\"\" width=\"801\" height=\"451\" srcset=\"http:\/\/www.deanreed.de\/AmericanRebel\/elcantor\/wp-content\/uploads\/2017\/11\/NEUVorbestellung-jetzt-300x169.jpg 300w, http:\/\/www.deanreed.de\/AmericanRebel\/elcantor\/wp-content\/uploads\/2017\/11\/NEUVorbestellung-jetzt-768x432.jpg 768w, http:\/\/www.deanreed.de\/AmericanRebel\/elcantor\/wp-content\/uploads\/2017\/11\/NEUVorbestellung-jetzt-1024x576.jpg 1024w, http:\/\/www.deanreed.de\/AmericanRebel\/elcantor\/wp-content\/uploads\/2017\/11\/NEUVorbestellung-jetzt.jpg 1920w\" sizes=\"(max-width: 801px) 100vw, 801px\" \/><\/a><br \/>\n.<\/span><br \/>\n<span style=\"color: #ffffff;\">.<\/span><br \/>\nNico Diener<\/h4>\n<h2>Amor y Revoluci\u00f3n<\/h2>\n<h4>Neue Solo-CD von\u00a0Rey Valencia \u2013 Verkaufsstart in ein paar Tagen<\/h4>\n<div id=\"attachment_400\" style=\"width: 110px\" class=\"wp-caption alignleft\"><img aria-describedby=\"caption-attachment-400\" loading=\"lazy\" class=\"size-full wp-image-400\" src=\"http:\/\/www.deanreed.de\/AmericanRebel\/elcantor\/wp-content\/uploads\/2018\/09\/Nico_Diener_Tagesshow.jpg\" alt=\"\" width=\"100\" height=\"150\" \/><p id=\"caption-attachment-400\" class=\"wp-caption-text\"><span style=\"color: #808080;\">Nico Diener<\/span><\/p><\/div>\n<p style=\"text-align: justify;\">&#8222;<em>Liebe Freunde von &#8222;El Cantor&#8220;, es ist soweit! Nach intensiven und sch\u00f6nen Stunden im Tonstudio ist das neue Solo-Projekt, die CD &#8222;AMOR Y REVOLUCI\u00d3N, erfolgreich abgeschlossen! Meine neue Solo-CD &#8222;Amor y Revoluci\u00f3n&#8220; kann in wenigen Tagen offiziell vorbestellt werden!&#8230; und speziell f\u00fcr euch als Premiere, habe ich eine H\u00f6rprobe vorbereitet! Klickt PLAY und viel Spa\u00df beim rein h\u00f6ren!&#8220;<\/em> schreibt der Kasseler und aus Talca stammende, chilenische Musiker Rey Valencia. Er beweist wieder einmal, dass er nicht nur exzellent<span class=\"st\"> Gitarre spielen kann, sondern auch eine \u00fcberzeugende Gesangsstimme und viel Einf\u00fchlverm\u00f6gen in bekannte und weniger bekannte Lieder der chilenischen Revolution hat.<br \/>\n\u00dcber den Verkaufsstart werden wir hier in einigen Tagen berichten.<\/span><\/p>\n<div id=\"fb-root\"><\/div>\n<p><script>(function(d, s, id) {  var js, fjs = d.getElementsByTagName(s)[0];  if (d.getElementById(id)) return;  js = d.createElement(s); js.id = id;  js.src = 'https:\/\/connect.facebook.net\/de_DE\/sdk.js#xfbml=1&version=v2.11';  fjs.parentNode.insertBefore(js, fjs);}(document, 'script', 'facebook-jssdk'));<\/script><\/p>\n<div class=\"fb-video\" data-href=\"https:\/\/www.facebook.com\/rey.valencia.353\/videos\/10214280282537980\/\" data-width=\"500\">\n<blockquote cite=\"https:\/\/www.facebook.com\/rey.valencia.353\/videos\/10214280282537980\/\" class=\"fb-xfbml-parse-ignore\"><p><a href=\"https:\/\/www.facebook.com\/rey.valencia.353\/videos\/10214280282537980\/\"><\/a><\/p>\n<p>Liebe Freunde und Familie, es ist soweit! Meine neue Solo-CD &quot;Amor y Revoluci\u00f3n&quot; kann in wenigen Tagen offiziell vorbestellt werden!&#8230; und speziell f\u00fcr euch als Premiere, habe ich eine H\u00f6rprobe vorbereitet! Klick PLAY und viel Spa\u00df beim Reinh\u00f6ren! (T\u00fcchtig &quot;teilen&quot; ist ausdr\u00fccklich erw\u00fcnscht!:-)) Liebe Gr\u00fc\u00dfe!#weltmusik #cd #volkslieder #lateinamerika #cdrelease<\/p>\n<p>Posted by <a href=\"#\" role=\"button\">Guillermo Valencia<\/a> on Mittwoch, 1. November 2017<\/p><\/blockquote>\n<\/div>\n<p><span style=\"color: #ffffff;\">.<\/span><\/p>\n<p><a href=\"https:\/\/www.facebook.com\/groups\/1683837971860223\/permalink\/2066128363631180\/\" target=\"_blank\" rel=\"noopener\"><img loading=\"lazy\" class=\"alignright wp-image-243\" src=\"http:\/\/www.deanreed.de\/AmericanRebel\/elcantor\/wp-content\/uploads\/2017\/09\/ar_zu_fb.png\" alt=\"hier geht es zur Facebook-Diskussionsgruppe\" width=\"353\" height=\"15\" srcset=\"http:\/\/www.deanreed.de\/AmericanRebel\/elcantor\/wp-content\/uploads\/2017\/09\/ar_zu_fb.png 470w, http:\/\/www.deanreed.de\/AmericanRebel\/elcantor\/wp-content\/uploads\/2017\/09\/ar_zu_fb-300x13.png 300w\" sizes=\"(max-width: 353px) 100vw, 353px\" \/><\/a><a href=\"http:\/\/www.elcantor.de\"><img loading=\"lazy\" class=\"alignleft wp-image-237\" src=\"http:\/\/www.deanreed.de\/AmericanRebel\/elcantor\/wp-content\/uploads\/2017\/09\/back_ar.png\" alt=\"zur\u00fcck zur Startseite\" width=\"156\" height=\"15\" \/><\/a><br \/>\n<a href=\"http:\/\/www.deanreed.de\/AmericanRebel\/elcantor\/?p=39#respond\"><img loading=\"lazy\" class=\"alignright wp-image-234 size-full\" src=\"http:\/\/www.deanreed.de\/AmericanRebel\/elcantor\/wp-content\/uploads\/2017\/09\/ar_kommentar.png\" alt=\"Sag uns deine Meinung zum Artikel mit einem Kommentar\/Leserbrief\" width=\"690\" height=\"22\" srcset=\"http:\/\/www.deanreed.de\/AmericanRebel\/elcantor\/wp-content\/uploads\/2017\/09\/ar_kommentar.png 690w, http:\/\/www.deanreed.de\/AmericanRebel\/elcantor\/wp-content\/uploads\/2017\/09\/ar_kommentar-300x10.png 300w\" sizes=\"(max-width: 690px) 100vw, 690px\" \/><\/a><\/p>\n","protected":false},"excerpt":{"rendered":"<p>. . Nico Diener Amor y Revoluci\u00f3n Neue Solo-CD von\u00a0Rey Valencia \u2013 Verkaufsstart in ein paar Tagen &#8222;Liebe Freunde von &#8222;El Cantor&#8220;, es ist soweit! Nach intensiven und sch\u00f6nen Stunden im Tonstudio ist das neue Solo-Projekt, die CD &#8222;AMOR Y [&hellip;]<a class=\"more-link\" href=\"http:\/\/www.deanreed.de\/AmericanRebel\/elcantor\/amor-y-revolucion-die-cd\/\">&darr; Lese den Rest von diesem Eintrag&#8230;<\/a><\/p>\n","protected":false},"author":3,"featured_media":0,"comment_status":"open","ping_status":"open","sticky":false,"template":"","format":"standard","meta":[],"categories":[30],"tags":[],"yoast_head":"<!-- This site is optimized with the Yoast SEO plugin v17.5 - https:\/\/yoast.com\/wordpress\/plugins\/seo\/ -->\n<title>- Amor y Revoluci\u00f3n die neue CD von Rey Valencia - El Cantor<\/title>\n<meta name=\"robots\" content=\"index, follow, max-snippet:-1, max-image-preview:large, max-video-preview:-1\" \/>\n<link rel=\"canonical\" href=\"https:\/\/www.deanreed.de\/AmericanRebel\/elcantor\/amor-y-revolucion-die-cd\/\" \/>\n<meta property=\"og:locale\" content=\"de_DE\" \/>\n<meta property=\"og:type\" content=\"article\" \/>\n<meta property=\"og:title\" content=\"- Amor y Revoluci\u00f3n die neue CD von Rey Valencia - El Cantor\" \/>\n<meta property=\"og:description\" content=\". . Nico Diener Amor y Revoluci\u00f3n Neue Solo-CD von\u00a0Rey Valencia \u2013 Verkaufsstart in ein paar Tagen &#8222;Liebe Freunde von &#8222;El Cantor&#8220;, es ist soweit! Nach intensiven und sch\u00f6nen Stunden im Tonstudio ist das neue Solo-Projekt, die CD &#8222;AMOR Y [&hellip;]&darr; Lese den Rest von diesem Eintrag...\" \/>\n<meta property=\"og:url\" content=\"https:\/\/www.deanreed.de\/AmericanRebel\/elcantor\/amor-y-revolucion-die-cd\/\" \/>\n<meta property=\"og:site_name\" content=\"El Cantor\" \/>\n<meta property=\"article:published_time\" content=\"2017-11-05T13:44:45+00:00\" \/>\n<meta property=\"article:modified_time\" content=\"2017-11-10T12:33:18+00:00\" \/>\n<meta property=\"og:image\" content=\"http:\/\/www.deanreed.de\/AmericanRebel\/elcantor\/wp-content\/uploads\/2017\/11\/NEUVorbestellung-jetzt-300x169.jpg\" \/>\n<meta name=\"twitter:card\" content=\"summary_large_image\" \/>\n<meta name=\"twitter:label1\" content=\"Verfasst von\" \/>\n\t<meta name=\"twitter:data1\" content=\"Nicolino\" \/>\n\t<meta name=\"twitter:label2\" content=\"Gesch\u00e4tzte Lesezeit\" \/>\n\t<meta name=\"twitter:data2\" content=\"1\u00a0Minute\" \/>\n<script type=\"application\/ld+json\" class=\"yoast-schema-graph\">{\"@context\":\"https:\/\/schema.org\",\"@graph\":[{\"@type\":\"WebSite\",\"@id\":\"http:\/\/www.deanreed.de\/AmericanRebel\/elcantor\/#website\",\"url\":\"http:\/\/www.deanreed.de\/AmericanRebel\/elcantor\/\",\"name\":\"El Cantor\",\"description\":\"Mit der Gitarre f\\u00fcr Frieden, Gerechtigkeit und das Recht auf ein Leben ohne Ausbeutung\",\"potentialAction\":[{\"@type\":\"SearchAction\",\"target\":{\"@type\":\"EntryPoint\",\"urlTemplate\":\"http:\/\/www.deanreed.de\/AmericanRebel\/elcantor\/?s={search_term_string}\"},\"query-input\":\"required name=search_term_string\"}],\"inLanguage\":\"de\"},{\"@type\":\"ImageObject\",\"@id\":\"https:\/\/www.deanreed.de\/AmericanRebel\/elcantor\/amor-y-revolucion-die-cd\/#primaryimage\",\"inLanguage\":\"de\",\"url\":\"http:\/\/www.deanreed.de\/AmericanRebel\/elcantor\/wp-content\/uploads\/2017\/11\/NEUVorbestellung-jetzt.jpg\",\"contentUrl\":\"http:\/\/www.deanreed.de\/AmericanRebel\/elcantor\/wp-content\/uploads\/2017\/11\/NEUVorbestellung-jetzt.jpg\",\"width\":1920,\"height\":1080},{\"@type\":\"WebPage\",\"@id\":\"https:\/\/www.deanreed.de\/AmericanRebel\/elcantor\/amor-y-revolucion-die-cd\/#webpage\",\"url\":\"https:\/\/www.deanreed.de\/AmericanRebel\/elcantor\/amor-y-revolucion-die-cd\/\",\"name\":\"- Amor y Revoluci\\u00f3n die neue CD von Rey Valencia - El Cantor\",\"isPartOf\":{\"@id\":\"http:\/\/www.deanreed.de\/AmericanRebel\/elcantor\/#website\"},\"primaryImageOfPage\":{\"@id\":\"https:\/\/www.deanreed.de\/AmericanRebel\/elcantor\/amor-y-revolucion-die-cd\/#primaryimage\"},\"datePublished\":\"2017-11-05T13:44:45+00:00\",\"dateModified\":\"2017-11-10T12:33:18+00:00\",\"author\":{\"@id\":\"http:\/\/www.deanreed.de\/AmericanRebel\/elcantor\/#\/schema\/person\/9e161ae26783202cec7e4d0733914b40\"},\"breadcrumb\":{\"@id\":\"https:\/\/www.deanreed.de\/AmericanRebel\/elcantor\/amor-y-revolucion-die-cd\/#breadcrumb\"},\"inLanguage\":\"de\",\"potentialAction\":[{\"@type\":\"ReadAction\",\"target\":[\"https:\/\/www.deanreed.de\/AmericanRebel\/elcantor\/amor-y-revolucion-die-cd\/\"]}]},{\"@type\":\"BreadcrumbList\",\"@id\":\"https:\/\/www.deanreed.de\/AmericanRebel\/elcantor\/amor-y-revolucion-die-cd\/#breadcrumb\",\"itemListElement\":[{\"@type\":\"ListItem\",\"position\":1,\"name\":\"Startseite\",\"item\":\"http:\/\/www.deanreed.de\/AmericanRebel\/elcantor\/\"},{\"@type\":\"ListItem\",\"position\":2,\"name\":\"&#8211; Amor y Revoluci\\u00f3n die neue CD von Rey Valencia\"}]},{\"@type\":\"Person\",\"@id\":\"http:\/\/www.deanreed.de\/AmericanRebel\/elcantor\/#\/schema\/person\/9e161ae26783202cec7e4d0733914b40\",\"name\":\"Nicolino\",\"url\":\"http:\/\/www.deanreed.de\/AmericanRebel\/elcantor\/author\/nicolino\/\"}]}<\/script>\n<!-- \/ Yoast SEO plugin. -->","yoast_head_json":{"title":"- Amor y Revoluci\u00f3n die neue CD von Rey Valencia - El Cantor","robots":{"index":"index","follow":"follow","max-snippet":"max-snippet:-1","max-image-preview":"max-image-preview:large","max-video-preview":"max-video-preview:-1"},"canonical":"https:\/\/www.deanreed.de\/AmericanRebel\/elcantor\/amor-y-revolucion-die-cd\/","og_locale":"de_DE","og_type":"article","og_title":"- Amor y Revoluci\u00f3n die neue CD von Rey Valencia - El Cantor","og_description":". . Nico Diener Amor y Revoluci\u00f3n Neue Solo-CD von\u00a0Rey Valencia \u2013 Verkaufsstart in ein paar Tagen &#8222;Liebe Freunde von &#8222;El Cantor&#8220;, es ist soweit! Nach intensiven und sch\u00f6nen Stunden im Tonstudio ist das neue Solo-Projekt, die CD &#8222;AMOR Y [&hellip;]&darr; Lese den Rest von diesem Eintrag...","og_url":"https:\/\/www.deanreed.de\/AmericanRebel\/elcantor\/amor-y-revolucion-die-cd\/","og_site_name":"El Cantor","article_published_time":"2017-11-05T13:44:45+00:00","article_modified_time":"2017-11-10T12:33:18+00:00","og_image":[{"url":"http:\/\/www.deanreed.de\/AmericanRebel\/elcantor\/wp-content\/uploads\/2017\/11\/NEUVorbestellung-jetzt-300x169.jpg"}],"twitter_card":"summary_large_image","twitter_misc":{"Verfasst von":"Nicolino","Gesch\u00e4tzte Lesezeit":"1\u00a0Minute"},"schema":{"@context":"https:\/\/schema.org","@graph":[{"@type":"WebSite","@id":"http:\/\/www.deanreed.de\/AmericanRebel\/elcantor\/#website","url":"http:\/\/www.deanreed.de\/AmericanRebel\/elcantor\/","name":"El Cantor","description":"Mit der Gitarre f\u00fcr Frieden, Gerechtigkeit und das Recht auf ein Leben ohne Ausbeutung","potentialAction":[{"@type":"SearchAction","target":{"@type":"EntryPoint","urlTemplate":"http:\/\/www.deanreed.de\/AmericanRebel\/elcantor\/?s={search_term_string}"},"query-input":"required name=search_term_string"}],"inLanguage":"de"},{"@type":"ImageObject","@id":"https:\/\/www.deanreed.de\/AmericanRebel\/elcantor\/amor-y-revolucion-die-cd\/#primaryimage","inLanguage":"de","url":"http:\/\/www.deanreed.de\/AmericanRebel\/elcantor\/wp-content\/uploads\/2017\/11\/NEUVorbestellung-jetzt.jpg","contentUrl":"http:\/\/www.deanreed.de\/AmericanRebel\/elcantor\/wp-content\/uploads\/2017\/11\/NEUVorbestellung-jetzt.jpg","width":1920,"height":1080},{"@type":"WebPage","@id":"https:\/\/www.deanreed.de\/AmericanRebel\/elcantor\/amor-y-revolucion-die-cd\/#webpage","url":"https:\/\/www.deanreed.de\/AmericanRebel\/elcantor\/amor-y-revolucion-die-cd\/","name":"- Amor y Revoluci\u00f3n die neue CD von Rey Valencia - El Cantor","isPartOf":{"@id":"http:\/\/www.deanreed.de\/AmericanRebel\/elcantor\/#website"},"primaryImageOfPage":{"@id":"https:\/\/www.deanreed.de\/AmericanRebel\/elcantor\/amor-y-revolucion-die-cd\/#primaryimage"},"datePublished":"2017-11-05T13:44:45+00:00","dateModified":"2017-11-10T12:33:18+00:00","author":{"@id":"http:\/\/www.deanreed.de\/AmericanRebel\/elcantor\/#\/schema\/person\/9e161ae26783202cec7e4d0733914b40"},"breadcrumb":{"@id":"https:\/\/www.deanreed.de\/AmericanRebel\/elcantor\/amor-y-revolucion-die-cd\/#breadcrumb"},"inLanguage":"de","potentialAction":[{"@type":"ReadAction","target":["https:\/\/www.deanreed.de\/AmericanRebel\/elcantor\/amor-y-revolucion-die-cd\/"]}]},{"@type":"BreadcrumbList","@id":"https:\/\/www.deanreed.de\/AmericanRebel\/elcantor\/amor-y-revolucion-die-cd\/#breadcrumb","itemListElement":[{"@type":"ListItem","position":1,"name":"Startseite","item":"http:\/\/www.deanreed.de\/AmericanRebel\/elcantor\/"},{"@type":"ListItem","position":2,"name":"&#8211; Amor y Revoluci\u00f3n die neue CD von Rey Valencia"}]},{"@type":"Person","@id":"http:\/\/www.deanreed.de\/AmericanRebel\/elcantor\/#\/schema\/person\/9e161ae26783202cec7e4d0733914b40","name":"Nicolino","url":"http:\/\/www.deanreed.de\/AmericanRebel\/elcantor\/author\/nicolino\/"}]}},"_links":{"self":[{"href":"http:\/\/www.deanreed.de\/AmericanRebel\/elcantor\/wp-json\/wp\/v2\/posts\/798"}],"collection":[{"href":"http:\/\/www.deanreed.de\/AmericanRebel\/elcantor\/wp-json\/wp\/v2\/posts"}],"about":[{"href":"http:\/\/www.deanreed.de\/AmericanRebel\/elcantor\/wp-json\/wp\/v2\/types\/post"}],"author":[{"embeddable":true,"href":"http:\/\/www.deanreed.de\/AmericanRebel\/elcantor\/wp-json\/wp\/v2\/users\/3"}],"replies":[{"embeddable":true,"href":"http:\/\/www.deanreed.de\/AmericanRebel\/elcantor\/wp-json\/wp\/v2\/comments?post=798"}],"version-history":[{"count":20,"href":"http:\/\/www.deanreed.de\/AmericanRebel\/elcantor\/wp-json\/wp\/v2\/posts\/798\/revisions"}],"predecessor-version":[{"id":884,"href":"http:\/\/www.deanreed.de\/AmericanRebel\/elcantor\/wp-json\/wp\/v2\/posts\/798\/revisions\/884"}],"wp:attachment":[{"href":"http:\/\/www.deanreed.de\/AmericanRebel\/elcantor\/wp-json\/wp\/v2\/media?parent=798"}],"wp:term":[{"taxonomy":"category","embeddable":true,"href":"http:\/\/www.deanreed.de\/AmericanRebel\/elcantor\/wp-json\/wp\/v2\/categories?post=798"},{"taxonomy":"post_tag","embeddable":true,"href":"http:\/\/www.deanreed.de\/AmericanRebel\/elcantor\/wp-json\/wp\/v2\/tags?post=798"}],"curies":[{"name":"wp","href":"https:\/\/api.w.org\/{rel}","templated":true}]}}