{"id":784,"date":"2017-11-02T15:01:18","date_gmt":"2017-11-02T14:01:18","guid":{"rendered":"http:\/\/www.deanreed.de\/AmericanRebel\/elcantor\/?p=784"},"modified":"2017-11-05T17:00:05","modified_gmt":"2017-11-05T16:00:05","slug":"784","status":"publish","type":"post","link":"http:\/\/www.deanreed.de\/AmericanRebel\/elcantor\/784\/","title":{"rendered":"&#8211; Tobias Thiele &#8211; Lieder zwischen Deutschland und Kuba"},"content":{"rendered":"<h4><em>FOLKER<\/em>, Magazin f\u00fcr Folk, Lied und Weltmusik<\/h4>\n<h2>Tobias Thiele &#8211; Lieder zwischen Deutschland und Kuba<\/h2>\n<h4>Aus Ausgabe Nr. 6\/17 Nov.\/Okt. 2017, Text: Wolfgang K\u00f6nig<br \/>\n<span style=\"color: #ffffff;\">.<\/span><\/h4>\n<p style=\"text-align: justify;\"><strong><img loading=\"lazy\" class=\" wp-image-788 alignleft\" src=\"http:\/\/www.deanreed.de\/AmericanRebel\/elcantor\/wp-content\/uploads\/2018\/10\/titel-212x300.jpg\" alt=\"\" width=\"112\" height=\"159\" srcset=\"http:\/\/www.deanreed.de\/AmericanRebel\/elcantor\/wp-content\/uploads\/2018\/10\/titel-212x300.jpg 212w, http:\/\/www.deanreed.de\/AmericanRebel\/elcantor\/wp-content\/uploads\/2018\/10\/titel.jpg 622w\" sizes=\"(max-width: 112px) 100vw, 112px\" \/>Innerhalb der letzten zw\u00f6lf Monate ist der Berliner Tobias Thiele deutsch\u00adland\u00adweit zu einem Begriff in der Lie\u00adder\u00admacher\u00adszene ge\u00adworden. Er bekam den F\u00f6r\u00adder\u00adpreis 2017 der Lie\u00adder\u00adbes\u00adten\u00adliste und gewann die Ausschreibung f\u00fcr das Kulturstipendium auf Burg Waldeck im Hunsr\u00fcck, die einst f\u00fcr K\u00fcnstler wie Reinhard Mey, Franz Josef Degenhardt, Hannes Wader oder Hanns Dieter H\u00fcsch ein Karrieresprungbrett war. Was Thiele von den meisten seiner Kolleginnen und Kollegen unterscheidet, ist seine musikalische Beziehung zu Kuba.<\/strong><\/p>\n<div id=\"attachment_789\" style=\"width: 320px\" class=\"wp-caption alignright\"><img aria-describedby=\"caption-attachment-789\" loading=\"lazy\" class=\" wp-image-789\" src=\"http:\/\/www.deanreed.de\/AmericanRebel\/elcantor\/wp-content\/uploads\/2018\/10\/Tobias-300x296.png\" alt=\"\" width=\"310\" height=\"305\" srcset=\"http:\/\/www.deanreed.de\/AmericanRebel\/elcantor\/wp-content\/uploads\/2018\/10\/Tobias-300x296.png 300w, http:\/\/www.deanreed.de\/AmericanRebel\/elcantor\/wp-content\/uploads\/2018\/10\/Tobias-768x758.png 768w, http:\/\/www.deanreed.de\/AmericanRebel\/elcantor\/wp-content\/uploads\/2018\/10\/Tobias.png 795w\" sizes=\"(max-width: 310px) 100vw, 310px\" \/><p id=\"caption-attachment-789\" class=\"wp-caption-text\"><span style=\"color: #808080;\">Tobias Thiele mit dem F\u00f6r\u00adder\u00adpreis 2017 der Lie\u00adder\u00adbes\u00adten\u00adliste. Foto: Ingo Nordhofen<\/span><\/p><\/div>\n<p style=\"text-align: justify;\">Alles begann mit dem kubanischen Liedermacher Gerardo Alfonso, der in den Neunzigerjahren des \u00d6fteren nach Deutschland kam, um im Rahmen von Veranstaltungen der Arbeitsgemeinschaft Cuba S\u00ed aufzutreten, die sich bei der damaligen PDS gebildet hatte, nachdem die Regierung Kohl Vertr\u00e4ge zwischen der DDR und Kuba, unter anderem \u00fcber die Lieferung von Milchpulver f\u00fcr Kinderg\u00e4rten einseitig gek\u00fcndigt hatte. Leiter von Cuba S\u00ed war bis zu seinem Tod 2009 Tobias Thieles Vater Reinhard. \u201eWenn Gerardo in Berlin war, wohnte er meistens bei uns\u201c, erinnert sich der Liedermacher. \u201eIn meinem Kinderzimmer bereitete er sich auf seine Konzerte vor. Ich war sieben oder acht, lauschte an der T\u00fcr und wollte unbedingt sp\u00e4ter auch so etwas machen. Mit zehn Jahren bekam ich eine eigene Gitarre. Mein erster Lehrer war der Liedermacher Frank Viehweg, der auch einen Bezug zu Kuba hat und mal ein Album mit nachgedichteten Songs von Silvio Rodr\u00edguez ver\u00f6ffentlichte. Ich war dann an einem Musikgymnasium und habe an der Berliner Universit\u00e4t der K\u00fcnste eine studienvorbereitende Ausbildung gemacht. Dazu geh\u00f6rten Gitarre, Piano, Musiktheorie und auch Gesang.\u201c<br \/>\nDamals traf Tobias Thiele einen Produzenten, \u00fcber den er zur Studioarbeit kam. Zusammen machten sie viele Popaufnahmen f\u00fcr diverse K\u00fcnstler, unter anderem Stefanie Heinzmann, Cassandra Steen und Sido. Thiele spielte die Gitarrenparts ein, arrangierte und sammelte dabei viele Erfahrungen. Heute unterrichtet er auch. \u201eIn einem Jugendzentrum gebe ich Workshops, wo Kinder sich an verschiedenen Instrumenten ausprobieren k\u00f6nnen und wo wir auch regelm\u00e4\u00dfig eine Kinderband zusammenstellen\u201c, erz\u00e4hlt er. \u201eDas macht mir viel Spa\u00df. Ende letzten Jahres habe ich mein Deb\u00fctalbum <i>Unerh\u00f6rt<\/i> komplett in Eigenregie ver\u00f6ffentlicht und war eigentlich \u00fcberrascht angesichts der Resonanz. Ich h\u00e4tte zum Beispiel nicht damit gerechnet, den F\u00f6rderpreis der Liederbestenliste zu bekommen oder das Stipendium der Peter-Rohland-Stiftung auf der Burg Waldeck. Trotzdem, es ist kein leichtes Brot, sich als Liedermacher durchzuschlagen. Darum spiele ich unter anderem in einer Coverband und schreibe auch Lieder mit anderen beziehungsweise f\u00fcr andere, zum Beispiel in Zusammenarbeit mit dem S\u00e4nger und Rapper Fargo.\u201c<\/p>\n<p style=\"text-align: justify;\"><span style=\"color: #000000;\">&#8230; mehr im Heft.<\/span><br \/>\n<span style=\"color: #ffffff;\">.<\/span><br \/>\n<span style=\"color: #c5201e; font-size: 10pt;\"><span style=\"color: #000000;\">Dieser Artikel ist, mit freundlicher Genehmigung des Herausgebers, ein Auszug aus der Printversion. Das Heft kann bestellt werden unter <a class=\"normal\" href=\"http:\/\/www.irish-shop.de\/Buecher-Co\/Magazin-Folker\/Einzelausgaben\/2017-06-Folker.html\" target=\"_blank\" rel=\"noopener\">www.irish\u2011shop.de<\/a>. <\/span><\/span><\/p>\n<p><span style=\"color: #000000; font-size: 10pt;\">Oder gleich zum <a class=\"normal\" href=\"https:\/\/www.folker.de\/kontakt\/abo.php\">(Probe-)Abo<\/a>.<br \/>\n<span style=\"color: #ffffff;\">.<\/span><br \/>\nZur <a href=\"http:\/\/www.tobias-thiele.com\">Website von Tobias Thiele<\/a><br \/>\nWeitere Artikel \u00fcber Tobias Thiele:<br \/>\n&#8211; <a href=\"http:\/\/www.deanreed.de\/AmericanRebel\/elcantor\/?p=410\" target=\"_blank\" rel=\"noopener\">Peter Rohland-Singewettstreit: 1. Preis f\u00fcr Thobias Thiele<\/a><br \/>\n&#8211; <a href=\"http:\/\/www.deanreed.de\/AmericanRebel\/elcantor\/?p=39\" target=\"_blank\" rel=\"noopener\">Unerh\u00f6rt<\/a><br \/>\n<\/span><\/p>\n<p><a href=\"https:\/\/www.facebook.com\/groups\/1683837971860223\/permalink\/2064485493795467\/\" target=\"_blank\" rel=\"noopener\"><img loading=\"lazy\" class=\"alignright wp-image-243\" src=\"http:\/\/www.deanreed.de\/AmericanRebel\/elcantor\/wp-content\/uploads\/2017\/09\/ar_zu_fb.png\" alt=\"hier geht es zur Facebook-Diskussionsgruppe\" width=\"353\" height=\"15\" srcset=\"http:\/\/www.deanreed.de\/AmericanRebel\/elcantor\/wp-content\/uploads\/2017\/09\/ar_zu_fb.png 470w, http:\/\/www.deanreed.de\/AmericanRebel\/elcantor\/wp-content\/uploads\/2017\/09\/ar_zu_fb-300x13.png 300w\" sizes=\"(max-width: 353px) 100vw, 353px\" \/><\/a><a href=\"http:\/\/www.elcantor.de\"><img loading=\"lazy\" class=\"alignleft wp-image-237\" src=\"http:\/\/www.deanreed.de\/AmericanRebel\/elcantor\/wp-content\/uploads\/2017\/09\/back_ar.png\" alt=\"zur\u00fcck zur Startseite\" width=\"156\" height=\"15\" \/><\/a><br \/>\n<a href=\"http:\/\/www.deanreed.de\/AmericanRebel\/elcantor\/?p=784#respond\" target=\"_blank\" rel=\"noopener\"><img loading=\"lazy\" class=\"alignright wp-image-234 size-full\" src=\"http:\/\/www.deanreed.de\/AmericanRebel\/elcantor\/wp-content\/uploads\/2017\/09\/ar_kommentar.png\" alt=\"Sag uns deine Meinung zum Artikel mit einem Kommentar\/Leserbrief\" width=\"690\" height=\"22\" srcset=\"http:\/\/www.deanreed.de\/AmericanRebel\/elcantor\/wp-content\/uploads\/2017\/09\/ar_kommentar.png 690w, http:\/\/www.deanreed.de\/AmericanRebel\/elcantor\/wp-content\/uploads\/2017\/09\/ar_kommentar-300x10.png 300w\" sizes=\"(max-width: 690px) 100vw, 690px\" \/><\/a><\/p>\n","protected":false},"excerpt":{"rendered":"<p>FOLKER, Magazin f\u00fcr Folk, Lied und Weltmusik Tobias Thiele &#8211; Lieder zwischen Deutschland und Kuba Aus Ausgabe Nr. 6\/17 Nov.\/Okt. 2017, Text: Wolfgang K\u00f6nig . Innerhalb der letzten zw\u00f6lf Monate ist der Berliner Tobias Thiele deutsch\u00adland\u00adweit zu einem Begriff in [&hellip;]<a class=\"more-link\" href=\"http:\/\/www.deanreed.de\/AmericanRebel\/elcantor\/784\/\">&darr; Lese den Rest von diesem Eintrag&#8230;<\/a><\/p>\n","protected":false},"author":3,"featured_media":0,"comment_status":"open","ping_status":"open","sticky":false,"template":"","format":"standard","meta":[],"categories":[2],"tags":[],"yoast_head":"<!-- This site is optimized with the Yoast SEO plugin v17.5 - https:\/\/yoast.com\/wordpress\/plugins\/seo\/ -->\n<title>- Tobias Thiele - Lieder zwischen Deutschland und Kuba - El Cantor<\/title>\n<meta name=\"robots\" content=\"index, follow, max-snippet:-1, max-image-preview:large, max-video-preview:-1\" \/>\n<link rel=\"canonical\" href=\"https:\/\/www.deanreed.de\/AmericanRebel\/elcantor\/784\/\" \/>\n<meta property=\"og:locale\" content=\"de_DE\" \/>\n<meta property=\"og:type\" content=\"article\" \/>\n<meta property=\"og:title\" content=\"- Tobias Thiele - Lieder zwischen Deutschland und Kuba - El Cantor\" \/>\n<meta property=\"og:description\" content=\"FOLKER, Magazin f\u00fcr Folk, Lied und Weltmusik Tobias Thiele &#8211; Lieder zwischen Deutschland und Kuba Aus Ausgabe Nr. 6\/17 Nov.\/Okt. 2017, Text: Wolfgang K\u00f6nig . Innerhalb der letzten zw\u00f6lf Monate ist der Berliner Tobias Thiele deutsch\u00adland\u00adweit zu einem Begriff in [&hellip;]&darr; Lese den Rest von diesem Eintrag...\" \/>\n<meta property=\"og:url\" content=\"https:\/\/www.deanreed.de\/AmericanRebel\/elcantor\/784\/\" \/>\n<meta property=\"og:site_name\" content=\"El Cantor\" \/>\n<meta property=\"article:published_time\" content=\"2017-11-02T14:01:18+00:00\" \/>\n<meta property=\"article:modified_time\" content=\"2017-11-05T16:00:05+00:00\" \/>\n<meta property=\"og:image\" content=\"http:\/\/www.deanreed.de\/AmericanRebel\/elcantor\/wp-content\/uploads\/2018\/10\/titel-212x300.jpg\" \/>\n<meta name=\"twitter:card\" content=\"summary_large_image\" \/>\n<meta name=\"twitter:label1\" content=\"Verfasst von\" \/>\n\t<meta name=\"twitter:data1\" content=\"Nicolino\" \/>\n\t<meta name=\"twitter:label2\" content=\"Gesch\u00e4tzte Lesezeit\" \/>\n\t<meta name=\"twitter:data2\" content=\"3\u00a0Minuten\" \/>\n<script type=\"application\/ld+json\" class=\"yoast-schema-graph\">{\"@context\":\"https:\/\/schema.org\",\"@graph\":[{\"@type\":\"WebSite\",\"@id\":\"http:\/\/www.deanreed.de\/AmericanRebel\/elcantor\/#website\",\"url\":\"http:\/\/www.deanreed.de\/AmericanRebel\/elcantor\/\",\"name\":\"El Cantor\",\"description\":\"Mit der Gitarre f\\u00fcr Frieden, Gerechtigkeit und das Recht auf ein Leben ohne Ausbeutung\",\"potentialAction\":[{\"@type\":\"SearchAction\",\"target\":{\"@type\":\"EntryPoint\",\"urlTemplate\":\"http:\/\/www.deanreed.de\/AmericanRebel\/elcantor\/?s={search_term_string}\"},\"query-input\":\"required name=search_term_string\"}],\"inLanguage\":\"de\"},{\"@type\":\"ImageObject\",\"@id\":\"https:\/\/www.deanreed.de\/AmericanRebel\/elcantor\/784\/#primaryimage\",\"inLanguage\":\"de\",\"url\":\"http:\/\/www.deanreed.de\/AmericanRebel\/elcantor\/wp-content\/uploads\/2018\/10\/titel.jpg\",\"contentUrl\":\"http:\/\/www.deanreed.de\/AmericanRebel\/elcantor\/wp-content\/uploads\/2018\/10\/titel.jpg\",\"width\":622,\"height\":879},{\"@type\":\"WebPage\",\"@id\":\"https:\/\/www.deanreed.de\/AmericanRebel\/elcantor\/784\/#webpage\",\"url\":\"https:\/\/www.deanreed.de\/AmericanRebel\/elcantor\/784\/\",\"name\":\"- Tobias Thiele - Lieder zwischen Deutschland und Kuba - El Cantor\",\"isPartOf\":{\"@id\":\"http:\/\/www.deanreed.de\/AmericanRebel\/elcantor\/#website\"},\"primaryImageOfPage\":{\"@id\":\"https:\/\/www.deanreed.de\/AmericanRebel\/elcantor\/784\/#primaryimage\"},\"datePublished\":\"2017-11-02T14:01:18+00:00\",\"dateModified\":\"2017-11-05T16:00:05+00:00\",\"author\":{\"@id\":\"http:\/\/www.deanreed.de\/AmericanRebel\/elcantor\/#\/schema\/person\/9e161ae26783202cec7e4d0733914b40\"},\"breadcrumb\":{\"@id\":\"https:\/\/www.deanreed.de\/AmericanRebel\/elcantor\/784\/#breadcrumb\"},\"inLanguage\":\"de\",\"potentialAction\":[{\"@type\":\"ReadAction\",\"target\":[\"https:\/\/www.deanreed.de\/AmericanRebel\/elcantor\/784\/\"]}]},{\"@type\":\"BreadcrumbList\",\"@id\":\"https:\/\/www.deanreed.de\/AmericanRebel\/elcantor\/784\/#breadcrumb\",\"itemListElement\":[{\"@type\":\"ListItem\",\"position\":1,\"name\":\"Startseite\",\"item\":\"http:\/\/www.deanreed.de\/AmericanRebel\/elcantor\/\"},{\"@type\":\"ListItem\",\"position\":2,\"name\":\"&#8211; Tobias Thiele &#8211; Lieder zwischen Deutschland und Kuba\"}]},{\"@type\":\"Person\",\"@id\":\"http:\/\/www.deanreed.de\/AmericanRebel\/elcantor\/#\/schema\/person\/9e161ae26783202cec7e4d0733914b40\",\"name\":\"Nicolino\",\"url\":\"http:\/\/www.deanreed.de\/AmericanRebel\/elcantor\/author\/nicolino\/\"}]}<\/script>\n<!-- \/ Yoast SEO plugin. -->","yoast_head_json":{"title":"- Tobias Thiele - Lieder zwischen Deutschland und Kuba - El Cantor","robots":{"index":"index","follow":"follow","max-snippet":"max-snippet:-1","max-image-preview":"max-image-preview:large","max-video-preview":"max-video-preview:-1"},"canonical":"https:\/\/www.deanreed.de\/AmericanRebel\/elcantor\/784\/","og_locale":"de_DE","og_type":"article","og_title":"- Tobias Thiele - Lieder zwischen Deutschland und Kuba - El Cantor","og_description":"FOLKER, Magazin f\u00fcr Folk, Lied und Weltmusik Tobias Thiele &#8211; Lieder zwischen Deutschland und Kuba Aus Ausgabe Nr. 6\/17 Nov.\/Okt. 2017, Text: Wolfgang K\u00f6nig . Innerhalb der letzten zw\u00f6lf Monate ist der Berliner Tobias Thiele deutsch\u00adland\u00adweit zu einem Begriff in [&hellip;]&darr; Lese den Rest von diesem Eintrag...","og_url":"https:\/\/www.deanreed.de\/AmericanRebel\/elcantor\/784\/","og_site_name":"El Cantor","article_published_time":"2017-11-02T14:01:18+00:00","article_modified_time":"2017-11-05T16:00:05+00:00","og_image":[{"url":"http:\/\/www.deanreed.de\/AmericanRebel\/elcantor\/wp-content\/uploads\/2018\/10\/titel-212x300.jpg"}],"twitter_card":"summary_large_image","twitter_misc":{"Verfasst von":"Nicolino","Gesch\u00e4tzte Lesezeit":"3\u00a0Minuten"},"schema":{"@context":"https:\/\/schema.org","@graph":[{"@type":"WebSite","@id":"http:\/\/www.deanreed.de\/AmericanRebel\/elcantor\/#website","url":"http:\/\/www.deanreed.de\/AmericanRebel\/elcantor\/","name":"El Cantor","description":"Mit der Gitarre f\u00fcr Frieden, Gerechtigkeit und das Recht auf ein Leben ohne Ausbeutung","potentialAction":[{"@type":"SearchAction","target":{"@type":"EntryPoint","urlTemplate":"http:\/\/www.deanreed.de\/AmericanRebel\/elcantor\/?s={search_term_string}"},"query-input":"required name=search_term_string"}],"inLanguage":"de"},{"@type":"ImageObject","@id":"https:\/\/www.deanreed.de\/AmericanRebel\/elcantor\/784\/#primaryimage","inLanguage":"de","url":"http:\/\/www.deanreed.de\/AmericanRebel\/elcantor\/wp-content\/uploads\/2018\/10\/titel.jpg","contentUrl":"http:\/\/www.deanreed.de\/AmericanRebel\/elcantor\/wp-content\/uploads\/2018\/10\/titel.jpg","width":622,"height":879},{"@type":"WebPage","@id":"https:\/\/www.deanreed.de\/AmericanRebel\/elcantor\/784\/#webpage","url":"https:\/\/www.deanreed.de\/AmericanRebel\/elcantor\/784\/","name":"- Tobias Thiele - Lieder zwischen Deutschland und Kuba - El Cantor","isPartOf":{"@id":"http:\/\/www.deanreed.de\/AmericanRebel\/elcantor\/#website"},"primaryImageOfPage":{"@id":"https:\/\/www.deanreed.de\/AmericanRebel\/elcantor\/784\/#primaryimage"},"datePublished":"2017-11-02T14:01:18+00:00","dateModified":"2017-11-05T16:00:05+00:00","author":{"@id":"http:\/\/www.deanreed.de\/AmericanRebel\/elcantor\/#\/schema\/person\/9e161ae26783202cec7e4d0733914b40"},"breadcrumb":{"@id":"https:\/\/www.deanreed.de\/AmericanRebel\/elcantor\/784\/#breadcrumb"},"inLanguage":"de","potentialAction":[{"@type":"ReadAction","target":["https:\/\/www.deanreed.de\/AmericanRebel\/elcantor\/784\/"]}]},{"@type":"BreadcrumbList","@id":"https:\/\/www.deanreed.de\/AmericanRebel\/elcantor\/784\/#breadcrumb","itemListElement":[{"@type":"ListItem","position":1,"name":"Startseite","item":"http:\/\/www.deanreed.de\/AmericanRebel\/elcantor\/"},{"@type":"ListItem","position":2,"name":"&#8211; Tobias Thiele &#8211; Lieder zwischen Deutschland und Kuba"}]},{"@type":"Person","@id":"http:\/\/www.deanreed.de\/AmericanRebel\/elcantor\/#\/schema\/person\/9e161ae26783202cec7e4d0733914b40","name":"Nicolino","url":"http:\/\/www.deanreed.de\/AmericanRebel\/elcantor\/author\/nicolino\/"}]}},"_links":{"self":[{"href":"http:\/\/www.deanreed.de\/AmericanRebel\/elcantor\/wp-json\/wp\/v2\/posts\/784"}],"collection":[{"href":"http:\/\/www.deanreed.de\/AmericanRebel\/elcantor\/wp-json\/wp\/v2\/posts"}],"about":[{"href":"http:\/\/www.deanreed.de\/AmericanRebel\/elcantor\/wp-json\/wp\/v2\/types\/post"}],"author":[{"embeddable":true,"href":"http:\/\/www.deanreed.de\/AmericanRebel\/elcantor\/wp-json\/wp\/v2\/users\/3"}],"replies":[{"embeddable":true,"href":"http:\/\/www.deanreed.de\/AmericanRebel\/elcantor\/wp-json\/wp\/v2\/comments?post=784"}],"version-history":[{"count":11,"href":"http:\/\/www.deanreed.de\/AmericanRebel\/elcantor\/wp-json\/wp\/v2\/posts\/784\/revisions"}],"predecessor-version":[{"id":872,"href":"http:\/\/www.deanreed.de\/AmericanRebel\/elcantor\/wp-json\/wp\/v2\/posts\/784\/revisions\/872"}],"wp:attachment":[{"href":"http:\/\/www.deanreed.de\/AmericanRebel\/elcantor\/wp-json\/wp\/v2\/media?parent=784"}],"wp:term":[{"taxonomy":"category","embeddable":true,"href":"http:\/\/www.deanreed.de\/AmericanRebel\/elcantor\/wp-json\/wp\/v2\/categories?post=784"},{"taxonomy":"post_tag","embeddable":true,"href":"http:\/\/www.deanreed.de\/AmericanRebel\/elcantor\/wp-json\/wp\/v2\/tags?post=784"}],"curies":[{"name":"wp","href":"https:\/\/api.w.org\/{rel}","templated":true}]}}