{"id":621,"date":"2018-01-30T00:00:10","date_gmt":"2018-01-29T23:00:10","guid":{"rendered":"http:\/\/www.deanreed.de\/AmericanRebel\/elcantor\/?p=621"},"modified":"2018-01-30T03:17:21","modified_gmt":"2018-01-30T02:17:21","slug":"konzert-wir-denken-an-spanien-konzert-ay-carmela-in-hamburg","status":"publish","type":"post","link":"http:\/\/www.deanreed.de\/AmericanRebel\/elcantor\/konzert-wir-denken-an-spanien-konzert-ay-carmela-in-hamburg\/","title":{"rendered":"&#8211; Einladung zum Leser\/innen Kl\u00f6nschnack in Hamburg"},"content":{"rendered":"<h2 id=\"seo_h1_tag\" class=\"_5gmx\" data-testid=\"event-permalink-event-name\">Einladung zum Leser\/innen Kl\u00f6nschnack in Hamburg<\/h2>\n<p style=\"text-align: justify;\"><strong>Wir laden alle Leser\/innen zu einer gem\u00fctlichen Gespr\u00e4chsrunde nach Hamburg ein. Autoren und Redaktionsmitglieder von AmericanRebel und ElCantor freuen sich darauf viele Leser\/innen kennen zu lernen und so die Anonymit\u00e4t von Facebook zu \u00fcberwinden.<\/strong><br \/>\n<strong>Mit dabei sind die Obdachlosenhelfer\/innen Susanne Fiebig und Max Bryan.<br \/>\n<span style=\"font-size: 6pt; color: #ffffff;\">.<\/span><br \/>\n<\/strong><\/p>\n<p data-testid=\"event-permalink-event-name\"><strong>Anschlie\u00dfend freuen wir uns auf das Konzert:<br \/>\n<span style=\"font-size: 6pt; color: #ffffff;\">.<\/span><br \/>\n<\/strong><\/p>\n<h2 class=\"_5gmx\" data-testid=\"event-permalink-event-name\">\u00bbWir denken an Spanien, Konzert \u201e\u00a1Ay, Carmela!\u201c\u00ab<\/h2>\n<p class=\"_5gmx\" data-testid=\"event-permalink-event-name\"><strong>Lieder, Texte und Bilder zum Spanischen B\u00fcrgerkrieg <\/strong><strong>mit dem chilenisch-deutschen Duo Contraviento<\/strong><\/p>\n<p><span style=\"color: #ffffff;\">.<\/span><\/p>\n<h3 style=\"text-align: center;\"><strong>Sonnabend, 24. M\u00e4rz ab 16:00 Uhr<\/strong><strong><br \/>\nCaf\u00e9 SternChance, Schr\u00f6derstiftstra\u00dfe 7, 20146 Hamburg<br \/>\n<\/strong><\/h3>\n<p style=\"text-align: center;\"><img loading=\"lazy\" class=\"alignnone wp-image-1300\" src=\"http:\/\/www.deanreed.de\/AmericanRebel\/elcantor\/wp-content\/uploads\/2018\/01\/2-300x251.png\" alt=\"\" width=\"673\" height=\"563\" srcset=\"http:\/\/www.deanreed.de\/AmericanRebel\/elcantor\/wp-content\/uploads\/2018\/01\/2-300x251.png 300w, http:\/\/www.deanreed.de\/AmericanRebel\/elcantor\/wp-content\/uploads\/2018\/01\/2-768x644.png 768w, http:\/\/www.deanreed.de\/AmericanRebel\/elcantor\/wp-content\/uploads\/2018\/01\/2.png 940w\" sizes=\"(max-width: 673px) 100vw, 673px\" \/><\/p>\n<p style=\"text-align: justify;\">Lieder, Texte und Bilder zum Spanischen B\u00fcrgerkrieg mit dem chilenisch-deutschen Duo Contraviento (Isabel Lipthay, Martin Firgau und Claudia Lahn).<\/p>\n<p style=\"text-align: justify;\"><span class=\"_4n-j _3cht fsl\" data-testid=\"event-permalink-details\">Eine schon in mehreren St\u00e4dten Deutschlands vorgestellte Revue \u201e<strong>\u00a1Ay Carmela!<\/strong>\u201c \u00fcber den spanischen B\u00fcrgerkrieg 1936-39 mit dem Duo Contraviento (Isabel Lipthay und Martin Firgau) und Claudia Lahn.<\/span><\/p>\n<p style=\"text-align: justify;\">Inhaltlich umfasst das multimediale Programm Lieder der K\u00e4mpfer gegen Franco, Fotos, Gedichte von Pablo Neruda und Garc\u00eda Lorca sowie einen Text von Isabel Lipthay und Ausz\u00fcge aus einem Erz\u00e4hlungsband \u00fcber die sp\u00e4tere Franco-Diktatur der Autorin und Zeitzeugin Pilar Baumeister aus Barcelona. Die K\u00fcnstler des Abends aus verschiedenen L\u00e4ndern \u2013 Chile, Deutschland, Italien \u2013 sind ein Beispiel daf\u00fcr, wie Menschen aus anderen Nationen und Zeiten sich so tief in jene Ereignisse der spanischen Geschichte einf\u00fchlen k\u00f6nnen.<\/p>\n<p>Susanne Fiebig: <a href=\"http:\/\/www.deanreed.de\/AmericanRebel\/2017\/?cat=111\" target=\"_blank\" rel=\"noopener\">http:\/\/www.deanreed.de\/AmericanRebel\/2017\/?cat=111<\/a><br \/>\nMax Bryan: <a href=\"http:\/\/www.deanreed.de\/AmericanRebel\/2017\/?cat=112\" target=\"_blank\" rel=\"noopener\">http:\/\/www.deanreed.de\/AmericanRebel\/2017\/?cat=112<\/a><br \/>\nContraviento:\u00a0<a href=\"http:\/\/www.contraviento.de\/\" target=\"_blank\" rel=\"nofollow noopener\" data-lynx-mode=\"async\" data-lynx-uri=\"https:\/\/l.facebook.com\/l.php?u=http%3A%2F%2Fwww.contraviento.de%2F&amp;h=ATOrpBow27Fd5zx0hNpxR_clwht0nRcx4lCfTuvVjs-Patf3DYvjmFBm7Vla_EYkIlNAdIU3F1ay8PjUFRCqT5I6pthi6WH-aty3v5FxykWpxyaPJapcKAQrrMiEqpW0cuARIQzJzo1VpQVI7Lc1I7QIuKDiBZOR70hCJ8dWWxAQJUd8QasCJOw\">http:\/\/<wbr \/>www.contraviento.de\/<\/a><\/p>\n","protected":false},"excerpt":{"rendered":"<p>Einladung zum Leser\/innen Kl\u00f6nschnack in Hamburg Wir laden alle Leser\/innen zu einer gem\u00fctlichen Gespr\u00e4chsrunde nach Hamburg ein. Autoren und Redaktionsmitglieder von AmericanRebel und ElCantor freuen sich darauf viele Leser\/innen kennen zu lernen und so die Anonymit\u00e4t von Facebook zu \u00fcberwinden. [&hellip;]<a class=\"more-link\" href=\"http:\/\/www.deanreed.de\/AmericanRebel\/elcantor\/konzert-wir-denken-an-spanien-konzert-ay-carmela-in-hamburg\/\">&darr; Lese den Rest von diesem Eintrag&#8230;<\/a><\/p>\n","protected":false},"author":3,"featured_media":0,"comment_status":"open","ping_status":"open","sticky":false,"template":"","format":"standard","meta":[],"categories":[12,35,9,13,14],"tags":[],"yoast_head":"<!-- This site is optimized with the Yoast SEO plugin v17.5 - https:\/\/yoast.com\/wordpress\/plugins\/seo\/ -->\n<title>- Einladung zum Leser\/innen Kl\u00f6nschnack in Hamburg - El Cantor<\/title>\n<meta name=\"robots\" content=\"index, follow, max-snippet:-1, max-image-preview:large, max-video-preview:-1\" \/>\n<link rel=\"canonical\" href=\"https:\/\/www.deanreed.de\/AmericanRebel\/elcantor\/konzert-wir-denken-an-spanien-konzert-ay-carmela-in-hamburg\/\" \/>\n<meta property=\"og:locale\" content=\"de_DE\" \/>\n<meta property=\"og:type\" content=\"article\" \/>\n<meta property=\"og:title\" content=\"- Einladung zum Leser\/innen Kl\u00f6nschnack in Hamburg - El Cantor\" \/>\n<meta property=\"og:description\" content=\"Einladung zum Leser\/innen Kl\u00f6nschnack in Hamburg Wir laden alle Leser\/innen zu einer gem\u00fctlichen Gespr\u00e4chsrunde nach Hamburg ein. Autoren und Redaktionsmitglieder von AmericanRebel und ElCantor freuen sich darauf viele Leser\/innen kennen zu lernen und so die Anonymit\u00e4t von Facebook zu \u00fcberwinden. [&hellip;]&darr; Lese den Rest von diesem Eintrag...\" \/>\n<meta property=\"og:url\" content=\"https:\/\/www.deanreed.de\/AmericanRebel\/elcantor\/konzert-wir-denken-an-spanien-konzert-ay-carmela-in-hamburg\/\" \/>\n<meta property=\"og:site_name\" content=\"El Cantor\" \/>\n<meta property=\"article:published_time\" content=\"2018-01-29T23:00:10+00:00\" \/>\n<meta property=\"article:modified_time\" content=\"2018-01-30T02:17:21+00:00\" \/>\n<meta property=\"og:image\" content=\"http:\/\/www.deanreed.de\/AmericanRebel\/elcantor\/wp-content\/uploads\/2018\/01\/2-300x251.png\" \/>\n<meta name=\"twitter:card\" content=\"summary_large_image\" \/>\n<meta name=\"twitter:label1\" content=\"Verfasst von\" \/>\n\t<meta name=\"twitter:data1\" content=\"Nicolino\" \/>\n\t<meta name=\"twitter:label2\" content=\"Gesch\u00e4tzte Lesezeit\" \/>\n\t<meta name=\"twitter:data2\" content=\"1\u00a0Minute\" \/>\n<script type=\"application\/ld+json\" class=\"yoast-schema-graph\">{\"@context\":\"https:\/\/schema.org\",\"@graph\":[{\"@type\":\"WebSite\",\"@id\":\"http:\/\/www.deanreed.de\/AmericanRebel\/elcantor\/#website\",\"url\":\"http:\/\/www.deanreed.de\/AmericanRebel\/elcantor\/\",\"name\":\"El Cantor\",\"description\":\"Mit der Gitarre f\\u00fcr Frieden, Gerechtigkeit und das Recht auf ein Leben ohne Ausbeutung\",\"potentialAction\":[{\"@type\":\"SearchAction\",\"target\":{\"@type\":\"EntryPoint\",\"urlTemplate\":\"http:\/\/www.deanreed.de\/AmericanRebel\/elcantor\/?s={search_term_string}\"},\"query-input\":\"required name=search_term_string\"}],\"inLanguage\":\"de\"},{\"@type\":\"ImageObject\",\"@id\":\"https:\/\/www.deanreed.de\/AmericanRebel\/elcantor\/konzert-wir-denken-an-spanien-konzert-ay-carmela-in-hamburg\/#primaryimage\",\"inLanguage\":\"de\",\"url\":\"http:\/\/www.deanreed.de\/AmericanRebel\/elcantor\/wp-content\/uploads\/2018\/01\/2.png\",\"contentUrl\":\"http:\/\/www.deanreed.de\/AmericanRebel\/elcantor\/wp-content\/uploads\/2018\/01\/2.png\",\"width\":940,\"height\":788},{\"@type\":\"WebPage\",\"@id\":\"https:\/\/www.deanreed.de\/AmericanRebel\/elcantor\/konzert-wir-denken-an-spanien-konzert-ay-carmela-in-hamburg\/#webpage\",\"url\":\"https:\/\/www.deanreed.de\/AmericanRebel\/elcantor\/konzert-wir-denken-an-spanien-konzert-ay-carmela-in-hamburg\/\",\"name\":\"- Einladung zum Leser\/innen Kl\\u00f6nschnack in Hamburg - El Cantor\",\"isPartOf\":{\"@id\":\"http:\/\/www.deanreed.de\/AmericanRebel\/elcantor\/#website\"},\"primaryImageOfPage\":{\"@id\":\"https:\/\/www.deanreed.de\/AmericanRebel\/elcantor\/konzert-wir-denken-an-spanien-konzert-ay-carmela-in-hamburg\/#primaryimage\"},\"datePublished\":\"2018-01-29T23:00:10+00:00\",\"dateModified\":\"2018-01-30T02:17:21+00:00\",\"author\":{\"@id\":\"http:\/\/www.deanreed.de\/AmericanRebel\/elcantor\/#\/schema\/person\/9e161ae26783202cec7e4d0733914b40\"},\"breadcrumb\":{\"@id\":\"https:\/\/www.deanreed.de\/AmericanRebel\/elcantor\/konzert-wir-denken-an-spanien-konzert-ay-carmela-in-hamburg\/#breadcrumb\"},\"inLanguage\":\"de\",\"potentialAction\":[{\"@type\":\"ReadAction\",\"target\":[\"https:\/\/www.deanreed.de\/AmericanRebel\/elcantor\/konzert-wir-denken-an-spanien-konzert-ay-carmela-in-hamburg\/\"]}]},{\"@type\":\"BreadcrumbList\",\"@id\":\"https:\/\/www.deanreed.de\/AmericanRebel\/elcantor\/konzert-wir-denken-an-spanien-konzert-ay-carmela-in-hamburg\/#breadcrumb\",\"itemListElement\":[{\"@type\":\"ListItem\",\"position\":1,\"name\":\"Startseite\",\"item\":\"http:\/\/www.deanreed.de\/AmericanRebel\/elcantor\/\"},{\"@type\":\"ListItem\",\"position\":2,\"name\":\"&#8211; Einladung zum Leser\/innen Kl\\u00f6nschnack in Hamburg\"}]},{\"@type\":\"Person\",\"@id\":\"http:\/\/www.deanreed.de\/AmericanRebel\/elcantor\/#\/schema\/person\/9e161ae26783202cec7e4d0733914b40\",\"name\":\"Nicolino\",\"url\":\"http:\/\/www.deanreed.de\/AmericanRebel\/elcantor\/author\/nicolino\/\"}]}<\/script>\n<!-- \/ Yoast SEO plugin. -->","yoast_head_json":{"title":"- Einladung zum Leser\/innen Kl\u00f6nschnack in Hamburg - El Cantor","robots":{"index":"index","follow":"follow","max-snippet":"max-snippet:-1","max-image-preview":"max-image-preview:large","max-video-preview":"max-video-preview:-1"},"canonical":"https:\/\/www.deanreed.de\/AmericanRebel\/elcantor\/konzert-wir-denken-an-spanien-konzert-ay-carmela-in-hamburg\/","og_locale":"de_DE","og_type":"article","og_title":"- Einladung zum Leser\/innen Kl\u00f6nschnack in Hamburg - El Cantor","og_description":"Einladung zum Leser\/innen Kl\u00f6nschnack in Hamburg Wir laden alle Leser\/innen zu einer gem\u00fctlichen Gespr\u00e4chsrunde nach Hamburg ein. Autoren und Redaktionsmitglieder von AmericanRebel und ElCantor freuen sich darauf viele Leser\/innen kennen zu lernen und so die Anonymit\u00e4t von Facebook zu \u00fcberwinden. [&hellip;]&darr; Lese den Rest von diesem Eintrag...","og_url":"https:\/\/www.deanreed.de\/AmericanRebel\/elcantor\/konzert-wir-denken-an-spanien-konzert-ay-carmela-in-hamburg\/","og_site_name":"El Cantor","article_published_time":"2018-01-29T23:00:10+00:00","article_modified_time":"2018-01-30T02:17:21+00:00","og_image":[{"url":"http:\/\/www.deanreed.de\/AmericanRebel\/elcantor\/wp-content\/uploads\/2018\/01\/2-300x251.png"}],"twitter_card":"summary_large_image","twitter_misc":{"Verfasst von":"Nicolino","Gesch\u00e4tzte Lesezeit":"1\u00a0Minute"},"schema":{"@context":"https:\/\/schema.org","@graph":[{"@type":"WebSite","@id":"http:\/\/www.deanreed.de\/AmericanRebel\/elcantor\/#website","url":"http:\/\/www.deanreed.de\/AmericanRebel\/elcantor\/","name":"El Cantor","description":"Mit der Gitarre f\u00fcr Frieden, Gerechtigkeit und das Recht auf ein Leben ohne Ausbeutung","potentialAction":[{"@type":"SearchAction","target":{"@type":"EntryPoint","urlTemplate":"http:\/\/www.deanreed.de\/AmericanRebel\/elcantor\/?s={search_term_string}"},"query-input":"required name=search_term_string"}],"inLanguage":"de"},{"@type":"ImageObject","@id":"https:\/\/www.deanreed.de\/AmericanRebel\/elcantor\/konzert-wir-denken-an-spanien-konzert-ay-carmela-in-hamburg\/#primaryimage","inLanguage":"de","url":"http:\/\/www.deanreed.de\/AmericanRebel\/elcantor\/wp-content\/uploads\/2018\/01\/2.png","contentUrl":"http:\/\/www.deanreed.de\/AmericanRebel\/elcantor\/wp-content\/uploads\/2018\/01\/2.png","width":940,"height":788},{"@type":"WebPage","@id":"https:\/\/www.deanreed.de\/AmericanRebel\/elcantor\/konzert-wir-denken-an-spanien-konzert-ay-carmela-in-hamburg\/#webpage","url":"https:\/\/www.deanreed.de\/AmericanRebel\/elcantor\/konzert-wir-denken-an-spanien-konzert-ay-carmela-in-hamburg\/","name":"- Einladung zum Leser\/innen Kl\u00f6nschnack in Hamburg - El Cantor","isPartOf":{"@id":"http:\/\/www.deanreed.de\/AmericanRebel\/elcantor\/#website"},"primaryImageOfPage":{"@id":"https:\/\/www.deanreed.de\/AmericanRebel\/elcantor\/konzert-wir-denken-an-spanien-konzert-ay-carmela-in-hamburg\/#primaryimage"},"datePublished":"2018-01-29T23:00:10+00:00","dateModified":"2018-01-30T02:17:21+00:00","author":{"@id":"http:\/\/www.deanreed.de\/AmericanRebel\/elcantor\/#\/schema\/person\/9e161ae26783202cec7e4d0733914b40"},"breadcrumb":{"@id":"https:\/\/www.deanreed.de\/AmericanRebel\/elcantor\/konzert-wir-denken-an-spanien-konzert-ay-carmela-in-hamburg\/#breadcrumb"},"inLanguage":"de","potentialAction":[{"@type":"ReadAction","target":["https:\/\/www.deanreed.de\/AmericanRebel\/elcantor\/konzert-wir-denken-an-spanien-konzert-ay-carmela-in-hamburg\/"]}]},{"@type":"BreadcrumbList","@id":"https:\/\/www.deanreed.de\/AmericanRebel\/elcantor\/konzert-wir-denken-an-spanien-konzert-ay-carmela-in-hamburg\/#breadcrumb","itemListElement":[{"@type":"ListItem","position":1,"name":"Startseite","item":"http:\/\/www.deanreed.de\/AmericanRebel\/elcantor\/"},{"@type":"ListItem","position":2,"name":"&#8211; Einladung zum Leser\/innen Kl\u00f6nschnack in Hamburg"}]},{"@type":"Person","@id":"http:\/\/www.deanreed.de\/AmericanRebel\/elcantor\/#\/schema\/person\/9e161ae26783202cec7e4d0733914b40","name":"Nicolino","url":"http:\/\/www.deanreed.de\/AmericanRebel\/elcantor\/author\/nicolino\/"}]}},"_links":{"self":[{"href":"http:\/\/www.deanreed.de\/AmericanRebel\/elcantor\/wp-json\/wp\/v2\/posts\/621"}],"collection":[{"href":"http:\/\/www.deanreed.de\/AmericanRebel\/elcantor\/wp-json\/wp\/v2\/posts"}],"about":[{"href":"http:\/\/www.deanreed.de\/AmericanRebel\/elcantor\/wp-json\/wp\/v2\/types\/post"}],"author":[{"embeddable":true,"href":"http:\/\/www.deanreed.de\/AmericanRebel\/elcantor\/wp-json\/wp\/v2\/users\/3"}],"replies":[{"embeddable":true,"href":"http:\/\/www.deanreed.de\/AmericanRebel\/elcantor\/wp-json\/wp\/v2\/comments?post=621"}],"version-history":[{"count":20,"href":"http:\/\/www.deanreed.de\/AmericanRebel\/elcantor\/wp-json\/wp\/v2\/posts\/621\/revisions"}],"predecessor-version":[{"id":1302,"href":"http:\/\/www.deanreed.de\/AmericanRebel\/elcantor\/wp-json\/wp\/v2\/posts\/621\/revisions\/1302"}],"wp:attachment":[{"href":"http:\/\/www.deanreed.de\/AmericanRebel\/elcantor\/wp-json\/wp\/v2\/media?parent=621"}],"wp:term":[{"taxonomy":"category","embeddable":true,"href":"http:\/\/www.deanreed.de\/AmericanRebel\/elcantor\/wp-json\/wp\/v2\/categories?post=621"},{"taxonomy":"post_tag","embeddable":true,"href":"http:\/\/www.deanreed.de\/AmericanRebel\/elcantor\/wp-json\/wp\/v2\/tags?post=621"}],"curies":[{"name":"wp","href":"https:\/\/api.w.org\/{rel}","templated":true}]}}