{"id":410,"date":"2017-09-12T00:35:10","date_gmt":"2017-09-11T22:35:10","guid":{"rendered":"http:\/\/www.deanreed.de\/AmericanRebel\/elcantor\/?p=410"},"modified":"2017-10-01T04:23:51","modified_gmt":"2017-10-01T02:23:51","slug":"410","status":"publish","type":"post","link":"http:\/\/www.deanreed.de\/AmericanRebel\/elcantor\/410\/","title":{"rendered":"&#8211; Peter-Rohland-Singewettstreit: 1. Preis f\u00fcr Thobias Thiele"},"content":{"rendered":"<h4>Kurzmeldung<\/h4>\n<h2>Peter-Rohland-Singewettstreit: 1. Preis f\u00fcr Thobias Thiele<\/h2>\n<div id=\"attachment_415\" style=\"width: 228px\" class=\"wp-caption alignright\"><img aria-describedby=\"caption-attachment-415\" loading=\"lazy\" class=\"size-medium wp-image-415\" src=\"http:\/\/www.deanreed.de\/AmericanRebel\/elcantor\/wp-content\/uploads\/2017\/09\/TT_Burg_W-218x300.jpg\" alt=\"\" width=\"218\" height=\"300\" srcset=\"http:\/\/www.deanreed.de\/AmericanRebel\/elcantor\/wp-content\/uploads\/2017\/09\/TT_Burg_W-218x300.jpg 218w, http:\/\/www.deanreed.de\/AmericanRebel\/elcantor\/wp-content\/uploads\/2017\/09\/TT_Burg_W-744x1024.jpg 744w, http:\/\/www.deanreed.de\/AmericanRebel\/elcantor\/wp-content\/uploads\/2017\/09\/TT_Burg_W.jpg 762w\" sizes=\"(max-width: 218px) 100vw, 218px\" \/><p id=\"caption-attachment-415\" class=\"wp-caption-text\"><span style=\"color: #808080;\">Tobias Thiele beim Vortrag im nicht beheizten Zelt auf Burg Waldeck<\/span><\/p><\/div>\n<p style=\"text-align: justify;\">Die Reaktion \u00bbElCantor\u00ab freut sich Thobias Thiele zum 1. Preis des <a href=\"https:\/\/www.burg-waldeck.de\/de\/\" target=\"_blank\" rel=\"noopener\">Peter-Rohland-Singewettstreit<\/a> in der Kategorie &#8222;Sologesang&#8220; gratulieren zu k\u00f6nnen. Als n\u00e4chstes, so teilte Tobias mit, stehe die Aufgabe an, weitere Lieder f\u00fcr die neue CD zu schreiben.<\/p>\n<div id=\"attachment_417\" style=\"width: 212px\" class=\"wp-caption alignleft\"><img aria-describedby=\"caption-attachment-417\" loading=\"lazy\" class=\"size-medium wp-image-417\" src=\"http:\/\/www.deanreed.de\/AmericanRebel\/elcantor\/wp-content\/uploads\/2017\/09\/TT_Urkunde-1-202x300.jpg\" alt=\"\" width=\"202\" height=\"300\" srcset=\"http:\/\/www.deanreed.de\/AmericanRebel\/elcantor\/wp-content\/uploads\/2017\/09\/TT_Urkunde-1-202x300.jpg 202w, http:\/\/www.deanreed.de\/AmericanRebel\/elcantor\/wp-content\/uploads\/2017\/09\/TT_Urkunde-1.jpg 379w\" sizes=\"(max-width: 202px) 100vw, 202px\" \/><p id=\"caption-attachment-417\" class=\"wp-caption-text\"><span style=\"color: #808080;\">Die Siegerurkunde<\/span><\/p><\/div>\n<p style=\"text-align: justify;\">Wir w\u00fcnschen Tobias Thiele viel Gl\u00fcck auf seinem weiteren Weg. Und freuen uns \u00fcber viele neue Lieder und Texte die uns Kraft und Mut geben f\u00fcr unseren gemeinsamen Kampf f\u00fcr Frieden und Gerechtigkeit in unserer Welt.<\/p>\n<p style=\"text-align: justify;\">In unserem neuen Lyrikband &#8222;<em><strong>Man m\u00fcsste nur die Wahrheit drucken &#8211; Man m\u00fcsste aufh\u00f6r\u2019n, sich zu ducken<\/strong><\/em>&#8222;, den wir am 16. September in Berlin vorstellen werden, finden sich auch einige Texte von Tobias.<strong><br \/>\n<\/strong><\/p>\n<p><span style=\"color: #ffffff;\">.<\/span><br \/>\n<a href=\"http:\/\/www.deanreed.de\/AmericanRebel\/elcantor\/?p=39\" target=\"_blank\" rel=\"noopener\">Mehr \u00fcber Tobias Thiele<\/a><\/p>\n<p>&nbsp;<\/p>\n<p><a href=\"https:\/\/www.facebook.com\/groups\/1683837971860223\/\" target=\"_blank\" rel=\"noopener\"><img loading=\"lazy\" class=\"alignright wp-image-243\" src=\"http:\/\/www.deanreed.de\/AmericanRebel\/elcantor\/wp-content\/uploads\/2017\/09\/ar_zu_fb.png\" alt=\"hier geht es zur Facebook-Diskussionsgruppe\" width=\"353\" height=\"15\" srcset=\"http:\/\/www.deanreed.de\/AmericanRebel\/elcantor\/wp-content\/uploads\/2017\/09\/ar_zu_fb.png 470w, http:\/\/www.deanreed.de\/AmericanRebel\/elcantor\/wp-content\/uploads\/2017\/09\/ar_zu_fb-300x13.png 300w\" sizes=\"(max-width: 353px) 100vw, 353px\" \/><\/a><a href=\"http:\/\/www.elcantor.de\"><img loading=\"lazy\" class=\"alignleft wp-image-237\" src=\"http:\/\/www.deanreed.de\/AmericanRebel\/elcantor\/wp-content\/uploads\/2017\/09\/back_ar.png\" alt=\"zur\u00fcck zur Startseite\" width=\"156\" height=\"15\" \/><\/a><br \/>\n<a href=\"http:\/\/www.deanreed.de\/AmericanRebel\/elcantor\/?p=39#respond\"><img loading=\"lazy\" class=\"alignright wp-image-234 size-full\" src=\"http:\/\/www.deanreed.de\/AmericanRebel\/elcantor\/wp-content\/uploads\/2017\/09\/ar_kommentar.png\" alt=\"Sag uns deine Meinung zum Artikel mit einem Kommentar\/Leserbrief\" width=\"690\" height=\"22\" srcset=\"http:\/\/www.deanreed.de\/AmericanRebel\/elcantor\/wp-content\/uploads\/2017\/09\/ar_kommentar.png 690w, http:\/\/www.deanreed.de\/AmericanRebel\/elcantor\/wp-content\/uploads\/2017\/09\/ar_kommentar-300x10.png 300w\" sizes=\"(max-width: 690px) 100vw, 690px\" \/><\/a><\/p>\n","protected":false},"excerpt":{"rendered":"<p>Kurzmeldung Peter-Rohland-Singewettstreit: 1. Preis f\u00fcr Thobias Thiele Die Reaktion \u00bbElCantor\u00ab freut sich Thobias Thiele zum 1. Preis des Peter-Rohland-Singewettstreit in der Kategorie &#8222;Sologesang&#8220; gratulieren zu k\u00f6nnen. Als n\u00e4chstes, so teilte Tobias mit, stehe die Aufgabe an, weitere Lieder f\u00fcr die [&hellip;]<a class=\"more-link\" href=\"http:\/\/www.deanreed.de\/AmericanRebel\/elcantor\/410\/\">&darr; Lese den Rest von diesem Eintrag&#8230;<\/a><\/p>\n","protected":false},"author":3,"featured_media":0,"comment_status":"open","ping_status":"open","sticky":false,"template":"","format":"standard","meta":[],"categories":[2],"tags":[],"yoast_head":"<!-- This site is optimized with the Yoast SEO plugin v17.5 - https:\/\/yoast.com\/wordpress\/plugins\/seo\/ -->\n<title>- Peter-Rohland-Singewettstreit: 1. Preis f\u00fcr Thobias Thiele - El Cantor<\/title>\n<meta name=\"robots\" content=\"index, follow, max-snippet:-1, max-image-preview:large, max-video-preview:-1\" \/>\n<link rel=\"canonical\" href=\"http:\/\/www.deanreed.de\/AmericanRebel\/elcantor\/410\/\" \/>\n<meta property=\"og:locale\" content=\"de_DE\" \/>\n<meta property=\"og:type\" content=\"article\" \/>\n<meta property=\"og:title\" content=\"- Peter-Rohland-Singewettstreit: 1. Preis f\u00fcr Thobias Thiele - El Cantor\" \/>\n<meta property=\"og:description\" content=\"Kurzmeldung Peter-Rohland-Singewettstreit: 1. Preis f\u00fcr Thobias Thiele Die Reaktion \u00bbElCantor\u00ab freut sich Thobias Thiele zum 1. Preis des Peter-Rohland-Singewettstreit in der Kategorie &#8222;Sologesang&#8220; gratulieren zu k\u00f6nnen. Als n\u00e4chstes, so teilte Tobias mit, stehe die Aufgabe an, weitere Lieder f\u00fcr die [&hellip;]&darr; Lese den Rest von diesem Eintrag...\" \/>\n<meta property=\"og:url\" content=\"http:\/\/www.deanreed.de\/AmericanRebel\/elcantor\/410\/\" \/>\n<meta property=\"og:site_name\" content=\"El Cantor\" \/>\n<meta property=\"article:published_time\" content=\"2017-09-11T22:35:10+00:00\" \/>\n<meta property=\"article:modified_time\" content=\"2017-10-01T02:23:51+00:00\" \/>\n<meta property=\"og:image\" content=\"http:\/\/www.deanreed.de\/AmericanRebel\/elcantor\/wp-content\/uploads\/2017\/09\/TT_Burg_W-218x300.jpg\" \/>\n<meta name=\"twitter:card\" content=\"summary_large_image\" \/>\n<meta name=\"twitter:label1\" content=\"Verfasst von\" \/>\n\t<meta name=\"twitter:data1\" content=\"Nicolino\" \/>\n\t<meta name=\"twitter:label2\" content=\"Gesch\u00e4tzte Lesezeit\" \/>\n\t<meta name=\"twitter:data2\" content=\"1\u00a0Minute\" \/>\n<script type=\"application\/ld+json\" class=\"yoast-schema-graph\">{\"@context\":\"https:\/\/schema.org\",\"@graph\":[{\"@type\":\"WebSite\",\"@id\":\"https:\/\/www.deanreed.de\/AmericanRebel\/elcantor\/#website\",\"url\":\"https:\/\/www.deanreed.de\/AmericanRebel\/elcantor\/\",\"name\":\"El Cantor\",\"description\":\"Mit der Gitarre f\\u00fcr Frieden, Gerechtigkeit und das Recht auf ein Leben ohne Ausbeutung\",\"potentialAction\":[{\"@type\":\"SearchAction\",\"target\":{\"@type\":\"EntryPoint\",\"urlTemplate\":\"https:\/\/www.deanreed.de\/AmericanRebel\/elcantor\/?s={search_term_string}\"},\"query-input\":\"required name=search_term_string\"}],\"inLanguage\":\"de\"},{\"@type\":\"ImageObject\",\"@id\":\"http:\/\/www.deanreed.de\/AmericanRebel\/elcantor\/410\/#primaryimage\",\"inLanguage\":\"de\",\"url\":\"http:\/\/www.deanreed.de\/AmericanRebel\/elcantor\/wp-content\/uploads\/2017\/09\/TT_Burg_W.jpg\",\"contentUrl\":\"http:\/\/www.deanreed.de\/AmericanRebel\/elcantor\/wp-content\/uploads\/2017\/09\/TT_Burg_W.jpg\",\"width\":762,\"height\":1049,\"caption\":\"Tobias Thiele beim Vortrag im nicht beheizten Zellt auf Burg waldeck\"},{\"@type\":\"WebPage\",\"@id\":\"http:\/\/www.deanreed.de\/AmericanRebel\/elcantor\/410\/#webpage\",\"url\":\"http:\/\/www.deanreed.de\/AmericanRebel\/elcantor\/410\/\",\"name\":\"- Peter-Rohland-Singewettstreit: 1. Preis f\\u00fcr Thobias Thiele - El Cantor\",\"isPartOf\":{\"@id\":\"https:\/\/www.deanreed.de\/AmericanRebel\/elcantor\/#website\"},\"primaryImageOfPage\":{\"@id\":\"http:\/\/www.deanreed.de\/AmericanRebel\/elcantor\/410\/#primaryimage\"},\"datePublished\":\"2017-09-11T22:35:10+00:00\",\"dateModified\":\"2017-10-01T02:23:51+00:00\",\"author\":{\"@id\":\"https:\/\/www.deanreed.de\/AmericanRebel\/elcantor\/#\/schema\/person\/9e161ae26783202cec7e4d0733914b40\"},\"breadcrumb\":{\"@id\":\"http:\/\/www.deanreed.de\/AmericanRebel\/elcantor\/410\/#breadcrumb\"},\"inLanguage\":\"de\",\"potentialAction\":[{\"@type\":\"ReadAction\",\"target\":[\"http:\/\/www.deanreed.de\/AmericanRebel\/elcantor\/410\/\"]}]},{\"@type\":\"BreadcrumbList\",\"@id\":\"http:\/\/www.deanreed.de\/AmericanRebel\/elcantor\/410\/#breadcrumb\",\"itemListElement\":[{\"@type\":\"ListItem\",\"position\":1,\"name\":\"Startseite\",\"item\":\"https:\/\/www.deanreed.de\/AmericanRebel\/elcantor\/\"},{\"@type\":\"ListItem\",\"position\":2,\"name\":\"&#8211; Peter-Rohland-Singewettstreit: 1. Preis f\\u00fcr Thobias Thiele\"}]},{\"@type\":\"Person\",\"@id\":\"https:\/\/www.deanreed.de\/AmericanRebel\/elcantor\/#\/schema\/person\/9e161ae26783202cec7e4d0733914b40\",\"name\":\"Nicolino\",\"url\":\"http:\/\/www.deanreed.de\/AmericanRebel\/elcantor\/author\/nicolino\/\"}]}<\/script>\n<!-- \/ Yoast SEO plugin. -->","yoast_head_json":{"title":"- Peter-Rohland-Singewettstreit: 1. Preis f\u00fcr Thobias Thiele - El Cantor","robots":{"index":"index","follow":"follow","max-snippet":"max-snippet:-1","max-image-preview":"max-image-preview:large","max-video-preview":"max-video-preview:-1"},"canonical":"http:\/\/www.deanreed.de\/AmericanRebel\/elcantor\/410\/","og_locale":"de_DE","og_type":"article","og_title":"- Peter-Rohland-Singewettstreit: 1. Preis f\u00fcr Thobias Thiele - El Cantor","og_description":"Kurzmeldung Peter-Rohland-Singewettstreit: 1. Preis f\u00fcr Thobias Thiele Die Reaktion \u00bbElCantor\u00ab freut sich Thobias Thiele zum 1. Preis des Peter-Rohland-Singewettstreit in der Kategorie &#8222;Sologesang&#8220; gratulieren zu k\u00f6nnen. Als n\u00e4chstes, so teilte Tobias mit, stehe die Aufgabe an, weitere Lieder f\u00fcr die [&hellip;]&darr; Lese den Rest von diesem Eintrag...","og_url":"http:\/\/www.deanreed.de\/AmericanRebel\/elcantor\/410\/","og_site_name":"El Cantor","article_published_time":"2017-09-11T22:35:10+00:00","article_modified_time":"2017-10-01T02:23:51+00:00","og_image":[{"url":"http:\/\/www.deanreed.de\/AmericanRebel\/elcantor\/wp-content\/uploads\/2017\/09\/TT_Burg_W-218x300.jpg"}],"twitter_card":"summary_large_image","twitter_misc":{"Verfasst von":"Nicolino","Gesch\u00e4tzte Lesezeit":"1\u00a0Minute"},"schema":{"@context":"https:\/\/schema.org","@graph":[{"@type":"WebSite","@id":"https:\/\/www.deanreed.de\/AmericanRebel\/elcantor\/#website","url":"https:\/\/www.deanreed.de\/AmericanRebel\/elcantor\/","name":"El Cantor","description":"Mit der Gitarre f\u00fcr Frieden, Gerechtigkeit und das Recht auf ein Leben ohne Ausbeutung","potentialAction":[{"@type":"SearchAction","target":{"@type":"EntryPoint","urlTemplate":"https:\/\/www.deanreed.de\/AmericanRebel\/elcantor\/?s={search_term_string}"},"query-input":"required name=search_term_string"}],"inLanguage":"de"},{"@type":"ImageObject","@id":"http:\/\/www.deanreed.de\/AmericanRebel\/elcantor\/410\/#primaryimage","inLanguage":"de","url":"http:\/\/www.deanreed.de\/AmericanRebel\/elcantor\/wp-content\/uploads\/2017\/09\/TT_Burg_W.jpg","contentUrl":"http:\/\/www.deanreed.de\/AmericanRebel\/elcantor\/wp-content\/uploads\/2017\/09\/TT_Burg_W.jpg","width":762,"height":1049,"caption":"Tobias Thiele beim Vortrag im nicht beheizten Zellt auf Burg waldeck"},{"@type":"WebPage","@id":"http:\/\/www.deanreed.de\/AmericanRebel\/elcantor\/410\/#webpage","url":"http:\/\/www.deanreed.de\/AmericanRebel\/elcantor\/410\/","name":"- Peter-Rohland-Singewettstreit: 1. Preis f\u00fcr Thobias Thiele - El Cantor","isPartOf":{"@id":"https:\/\/www.deanreed.de\/AmericanRebel\/elcantor\/#website"},"primaryImageOfPage":{"@id":"http:\/\/www.deanreed.de\/AmericanRebel\/elcantor\/410\/#primaryimage"},"datePublished":"2017-09-11T22:35:10+00:00","dateModified":"2017-10-01T02:23:51+00:00","author":{"@id":"https:\/\/www.deanreed.de\/AmericanRebel\/elcantor\/#\/schema\/person\/9e161ae26783202cec7e4d0733914b40"},"breadcrumb":{"@id":"http:\/\/www.deanreed.de\/AmericanRebel\/elcantor\/410\/#breadcrumb"},"inLanguage":"de","potentialAction":[{"@type":"ReadAction","target":["http:\/\/www.deanreed.de\/AmericanRebel\/elcantor\/410\/"]}]},{"@type":"BreadcrumbList","@id":"http:\/\/www.deanreed.de\/AmericanRebel\/elcantor\/410\/#breadcrumb","itemListElement":[{"@type":"ListItem","position":1,"name":"Startseite","item":"https:\/\/www.deanreed.de\/AmericanRebel\/elcantor\/"},{"@type":"ListItem","position":2,"name":"&#8211; Peter-Rohland-Singewettstreit: 1. Preis f\u00fcr Thobias Thiele"}]},{"@type":"Person","@id":"https:\/\/www.deanreed.de\/AmericanRebel\/elcantor\/#\/schema\/person\/9e161ae26783202cec7e4d0733914b40","name":"Nicolino","url":"http:\/\/www.deanreed.de\/AmericanRebel\/elcantor\/author\/nicolino\/"}]}},"_links":{"self":[{"href":"http:\/\/www.deanreed.de\/AmericanRebel\/elcantor\/wp-json\/wp\/v2\/posts\/410"}],"collection":[{"href":"http:\/\/www.deanreed.de\/AmericanRebel\/elcantor\/wp-json\/wp\/v2\/posts"}],"about":[{"href":"http:\/\/www.deanreed.de\/AmericanRebel\/elcantor\/wp-json\/wp\/v2\/types\/post"}],"author":[{"embeddable":true,"href":"http:\/\/www.deanreed.de\/AmericanRebel\/elcantor\/wp-json\/wp\/v2\/users\/3"}],"replies":[{"embeddable":true,"href":"http:\/\/www.deanreed.de\/AmericanRebel\/elcantor\/wp-json\/wp\/v2\/comments?post=410"}],"version-history":[{"count":8,"href":"http:\/\/www.deanreed.de\/AmericanRebel\/elcantor\/wp-json\/wp\/v2\/posts\/410\/revisions"}],"predecessor-version":[{"id":421,"href":"http:\/\/www.deanreed.de\/AmericanRebel\/elcantor\/wp-json\/wp\/v2\/posts\/410\/revisions\/421"}],"wp:attachment":[{"href":"http:\/\/www.deanreed.de\/AmericanRebel\/elcantor\/wp-json\/wp\/v2\/media?parent=410"}],"wp:term":[{"taxonomy":"category","embeddable":true,"href":"http:\/\/www.deanreed.de\/AmericanRebel\/elcantor\/wp-json\/wp\/v2\/categories?post=410"},{"taxonomy":"post_tag","embeddable":true,"href":"http:\/\/www.deanreed.de\/AmericanRebel\/elcantor\/wp-json\/wp\/v2\/tags?post=410"}],"curies":[{"name":"wp","href":"https:\/\/api.w.org\/{rel}","templated":true}]}}