{"id":3306,"date":"2023-07-30T23:19:28","date_gmt":"2023-07-30T21:19:28","guid":{"rendered":"http:\/\/www.deanreed.de\/AmericanRebel\/elcantor\/?p=3306"},"modified":"2024-01-26T13:32:19","modified_gmt":"2024-01-26T12:32:19","slug":"wir-trauern-um-sinead-oconnor","status":"publish","type":"post","link":"http:\/\/www.deanreed.de\/AmericanRebel\/elcantor\/wir-trauern-um-sinead-oconnor\/","title":{"rendered":"Wir trauern um Sin\u00e9ad O\u2019Connor"},"content":{"rendered":"<blockquote><p><span style=\"color: #808080; font-family: verdana, geneva, sans-serif;\"><em>Volkskorrespondentin KikiRebell<\/em><\/span><\/p><\/blockquote>\n<p><span style=\"font-size: 16pt;\"><strong><span style=\"font-family: verdana, geneva, sans-serif; color: #000000;\"><span style=\"color: #993300;\">Wir trauern um Sin\u00e9ad O\u2019Connor<\/span><em><img loading=\"lazy\" class=\" wp-image-127 alignright\" src=\"http:\/\/www.deanreed.de\/AmericanRebel\/elcantor\/wp-content\/uploads\/2017\/08\/Buton.png\" alt=\"\" width=\"109\" height=\"110\" srcset=\"http:\/\/www.deanreed.de\/AmericanRebel\/elcantor\/wp-content\/uploads\/2017\/08\/Buton.png 200w, http:\/\/www.deanreed.de\/AmericanRebel\/elcantor\/wp-content\/uploads\/2017\/08\/Buton-150x150.png 150w\" sizes=\"(max-width: 109px) 100vw, 109px\" \/><\/em><\/span><\/strong><\/span><\/p>\n<div id=\"attachment_1495\" style=\"width: 110px\" class=\"wp-caption alignleft\"><img aria-describedby=\"caption-attachment-1495\" loading=\"lazy\" class=\"size-full wp-image-1495\" src=\"http:\/\/www.deanreed.de\/AmericanRebel\/elcantor\/wp-content\/uploads\/2018\/09\/Kiki_Rebell.jpg\" alt=\"\" width=\"100\" height=\"150\" \/><p id=\"caption-attachment-1495\" class=\"wp-caption-text\">Kiki Rebell<\/p><\/div>\n<p style=\"text-align: justify;\"><span style=\"font-family: verdana, geneva, sans-serif; font-size: 12pt; color: #000000;\"><strong>Mit \u00bbNothing Compares 2 U\u00ab landete sie einen Welthit. Nun ist Sin\u00e9ad O\u2019Connor im Alter von 56 Jahren gestorben.<br \/>\n<\/strong><\/span><\/p>\n<p style=\"text-align: justify;\"><span style=\"font-family: verdana, geneva, sans-serif; font-size: 12pt; color: #000000;\">Die irische S\u00e4ngerin Sin\u00e9ad O\u2019Connor ist im Alter von 56 Jahren gestorben. \u00bbMit gro\u00dfer Traurigkeit geben wir den Tod unserer geliebten Sin\u00e9ad bekannt\u00ab, hei\u00dft es in einer Erkl\u00e4rung, aus der die Sender RTE und BBC zitieren <\/span><\/p>\n<div data-sara-click-el=\"body_element\" data-area=\"text\" data-pos=\"3\">\n<div class=\"RichText lg:w-8\/12 md:w-10\/12 lg:mx-auto md:mx-auto lg:px-24 md:px-24 sm:px-16 break-words word-wrap\">\n<p style=\"text-align: justify;\"><span style=\"font-family: verdana, geneva, sans-serif; font-size: 12pt; color: #000000;\">Im Jahr 1990 schaffte O\u2019Connor mit ihrem Song \u00bb<a style=\"color: #000000;\" href=\"https:\/\/www.youtube.com\/watch?v=NAOKzvL8dgk\" target=\"_blank\" rel=\"noopener\">Nothing Compares 2 U<\/a>\u00ab, der von Prince geschrieben wurde, einen Welthit. Das Musikvideo zu dem Song, in dem sie in der Nahaufnahme in die Kamera schaut, wurde fast 400 Millionen Mal abgespielt. Insgesamt ver\u00f6ffentlichte sie zehn Studioalben.<\/span><\/p>\n<div data-sara-click-el=\"body_element\" data-area=\"text\" data-pos=\"5\">\n<div class=\"RichText RichText--lastPmb0 RichText--lastInline lg:w-8\/12 md:w-10\/12 lg:mx-auto md:mx-auto lg:px-24 md:px-24 sm:px-16 break-words word-wrap\">\n<h3 style=\"text-align: justify;\"><span style=\"font-family: verdana, geneva, sans-serif; font-size: 12pt; color: #000000;\">Unkonventionell zum Erfolg<\/span><\/h3>\n<p style=\"text-align: justify;\"><span style=\"font-family: verdana, geneva, sans-serif; font-size: 12pt; color: #000000;\">Ihr Markenzeichen wurden die geschorenen Haare. Berichten zufolge rasierte sie sich den Kopf, weil Plattenfirmen sie dr\u00e4ngten, konventionell glamour\u00f6s zu sein. Ohnehin war konventionell nichts f\u00fcr O\u2019Connor. Sie stritt sich \u00f6ffentlich mit Frank Sinatra und beschuldigte Prince, sie k\u00f6rperlich bedroht zu haben.<\/span><\/p>\n<p style=\"text-align: justify;\"><span style=\"font-family: verdana, geneva, sans-serif; font-size: 12pt; color: #000000;\">O\u2019Connor litt seit Jahren unter psychischen Problemen. Sie machte \u00f6ffentlich, dass sie als Kind misshandelt worden war, und engagierte sich f\u00fcr die Opfer sexuellen Missbrauchs. Mit ihrer Kritik an der katholischen Kirche sorgte sie wiederholt f\u00fcr Kontroversen, sie zerriss etwa bei einem Auftritt in der US-Show \u00bbSaturday Night Live\u00ab im Jahr 1992 ein Foto von Papst Johannes Paul II.<\/span><\/p>\n<\/div>\n<\/div>\n<\/div>\n<\/div>\n<p><span style=\"font-size: 8pt;\">\u00a0<\/span><\/p>\n<div class=\"mtm _5pco\" data-testid=\"post_message\" data-ft=\"{&quot;tn&quot;:&quot;K&quot;}\">\n<p><img loading=\"lazy\" class=\" wp-image-3181 aligncenter\" src=\"http:\/\/www.deanreed.de\/AmericanRebel\/elcantor\/wp-content\/uploads\/2036\/02\/1-Kopie-2-300x74.png\" alt=\"\" width=\"697\" height=\"172\" srcset=\"http:\/\/www.deanreed.de\/AmericanRebel\/elcantor\/wp-content\/uploads\/2036\/02\/1-Kopie-2-300x74.png 300w, http:\/\/www.deanreed.de\/AmericanRebel\/elcantor\/wp-content\/uploads\/2036\/02\/1-Kopie-2-1024x252.png 1024w, http:\/\/www.deanreed.de\/AmericanRebel\/elcantor\/wp-content\/uploads\/2036\/02\/1-Kopie-2-768x189.png 768w, http:\/\/www.deanreed.de\/AmericanRebel\/elcantor\/wp-content\/uploads\/2036\/02\/1-Kopie-2-1536x378.png 1536w, http:\/\/www.deanreed.de\/AmericanRebel\/elcantor\/wp-content\/uploads\/2036\/02\/1-Kopie-2-2048x504.png 2048w\" sizes=\"(max-width: 697px) 100vw, 697px\" \/><\/p>\n<div style=\"margin-left: 10px;\"><a href=\"http:\/\/www.elcantor.de\" target=\"_blank\" rel=\"noopener\"><span style=\"font-family: verdana, geneva, sans-serif;\"><img loading=\"lazy\" class=\"alignleft\" src=\"http:\/\/www.deanreed.de\/AmericanRebel\/2017\/wp-content\/uploads\/2017\/03\/back_ar.png\" alt=\"zur\u00fcck zur Startseite\" width=\"156\" height=\"15\" \/><\/span><\/a><\/div>\n<div style=\"margin-right: 10px;\"><span style=\"font-family: verdana, geneva, sans-serif;\"><a href=\"https:\/\/www.facebook.com\/groups\/1683837971860223\/\"><img loading=\"lazy\" class=\"alignright\" src=\"http:\/\/www.deanreed.de\/AmericanRebel\/2017\/wp-content\/uploads\/2017\/03\/ar_zu_fb.png\" alt=\"hier geht es zur Facebook Diskussionsgruppe von AmericanRebel\" width=\"353\" height=\"15\" \/><\/a><\/span><\/div>\n<p style=\"text-align: center;\"><span style=\"font-family: verdana, geneva, sans-serif; font-size: 12pt;\"><a href=\"#respond\" target=\"_blank\" rel=\"noopener noreferrer\"><img loading=\"lazy\" class=\"aligncenter\" src=\"http:\/\/www.deanreed.de\/AmericanRebel\/2017\/wp-content\/uploads\/2017\/03\/ar_kommentar-1.png\" alt=\"Sag uns deine Meinung zu diesem Artikel mit einem Kommentar\/Leserbrief\" width=\"627\" height=\"20\" \/><\/a><\/span><span style=\"color: #ffffff;\">.<\/span><\/p>\n<\/div>\n","protected":false},"excerpt":{"rendered":"<p>Volkskorrespondentin KikiRebell Wir trauern um Sin\u00e9ad O\u2019Connor Mit \u00bbNothing Compares 2 U\u00ab landete sie einen Welthit. Nun ist Sin\u00e9ad O\u2019Connor im Alter von 56 Jahren gestorben. Die irische S\u00e4ngerin Sin\u00e9ad O\u2019Connor ist im Alter von 56 Jahren gestorben. \u00bbMit gro\u00dfer [&hellip;]<a class=\"more-link\" href=\"http:\/\/www.deanreed.de\/AmericanRebel\/elcantor\/wir-trauern-um-sinead-oconnor\/\">&darr; Lese den Rest von diesem Eintrag&#8230;<\/a><\/p>\n","protected":false},"author":3,"featured_media":0,"comment_status":"open","ping_status":"open","sticky":false,"template":"","format":"standard","meta":[],"categories":[287],"tags":[288],"yoast_head":"<!-- This site is optimized with the Yoast SEO plugin v17.5 - https:\/\/yoast.com\/wordpress\/plugins\/seo\/ -->\n<title>Wir trauern um Sin\u00e9ad O\u2019Connor - El Cantor<\/title>\n<meta name=\"robots\" content=\"index, follow, max-snippet:-1, max-image-preview:large, max-video-preview:-1\" \/>\n<link rel=\"canonical\" href=\"http:\/\/www.deanreed.de\/AmericanRebel\/elcantor\/wir-trauern-um-sinead-oconnor\/\" \/>\n<meta property=\"og:locale\" content=\"de_DE\" \/>\n<meta property=\"og:type\" content=\"article\" \/>\n<meta property=\"og:title\" content=\"Wir trauern um Sin\u00e9ad O\u2019Connor - El Cantor\" \/>\n<meta property=\"og:description\" content=\"Mit \u00bbNothing Compares 2 U\u00ab landete sie einen Welthit. Nun ist Sin\u00e9ad O\u2019Connor im Alter von 56 Jahren gestorben.\" \/>\n<meta property=\"og:url\" content=\"http:\/\/www.deanreed.de\/AmericanRebel\/elcantor\/wir-trauern-um-sinead-oconnor\/\" \/>\n<meta property=\"og:site_name\" content=\"El Cantor\" \/>\n<meta property=\"article:published_time\" content=\"2023-07-30T21:19:28+00:00\" \/>\n<meta property=\"article:modified_time\" content=\"2024-01-26T12:32:19+00:00\" \/>\n<meta name=\"twitter:card\" content=\"summary_large_image\" \/>\n<meta name=\"twitter:description\" content=\"Mit \u00bbNothing Compares 2 U\u00ab landete sie einen Welthit. Nun ist Sin\u00e9ad O\u2019Connor im Alter von 56 Jahren gestorben.\" \/>\n<meta name=\"twitter:label1\" content=\"Verfasst von\" \/>\n\t<meta name=\"twitter:data1\" content=\"Nicolino\" \/>\n\t<meta name=\"twitter:label2\" content=\"Gesch\u00e4tzte Lesezeit\" \/>\n\t<meta name=\"twitter:data2\" content=\"3\u00a0Minuten\" \/>\n<script type=\"application\/ld+json\" class=\"yoast-schema-graph\">{\"@context\":\"https:\/\/schema.org\",\"@graph\":[{\"@type\":\"WebSite\",\"@id\":\"http:\/\/www.deanreed.de\/AmericanRebel\/elcantor\/#website\",\"url\":\"http:\/\/www.deanreed.de\/AmericanRebel\/elcantor\/\",\"name\":\"El Cantor\",\"description\":\"Mit der Gitarre f\\u00fcr Frieden, Gerechtigkeit und das Recht auf ein Leben ohne Ausbeutung\",\"potentialAction\":[{\"@type\":\"SearchAction\",\"target\":{\"@type\":\"EntryPoint\",\"urlTemplate\":\"http:\/\/www.deanreed.de\/AmericanRebel\/elcantor\/?s={search_term_string}\"},\"query-input\":\"required name=search_term_string\"}],\"inLanguage\":\"de\"},{\"@type\":\"ImageObject\",\"@id\":\"http:\/\/www.deanreed.de\/AmericanRebel\/elcantor\/wir-trauern-um-sinead-oconnor\/#primaryimage\",\"inLanguage\":\"de\",\"url\":\"\",\"contentUrl\":\"\"},{\"@type\":\"WebPage\",\"@id\":\"http:\/\/www.deanreed.de\/AmericanRebel\/elcantor\/wir-trauern-um-sinead-oconnor\/#webpage\",\"url\":\"http:\/\/www.deanreed.de\/AmericanRebel\/elcantor\/wir-trauern-um-sinead-oconnor\/\",\"name\":\"Wir trauern um Sin\\u00e9ad O\\u2019Connor - El Cantor\",\"isPartOf\":{\"@id\":\"http:\/\/www.deanreed.de\/AmericanRebel\/elcantor\/#website\"},\"primaryImageOfPage\":{\"@id\":\"http:\/\/www.deanreed.de\/AmericanRebel\/elcantor\/wir-trauern-um-sinead-oconnor\/#primaryimage\"},\"datePublished\":\"2023-07-30T21:19:28+00:00\",\"dateModified\":\"2024-01-26T12:32:19+00:00\",\"author\":{\"@id\":\"http:\/\/www.deanreed.de\/AmericanRebel\/elcantor\/#\/schema\/person\/9e161ae26783202cec7e4d0733914b40\"},\"breadcrumb\":{\"@id\":\"http:\/\/www.deanreed.de\/AmericanRebel\/elcantor\/wir-trauern-um-sinead-oconnor\/#breadcrumb\"},\"inLanguage\":\"de\",\"potentialAction\":[{\"@type\":\"ReadAction\",\"target\":[\"http:\/\/www.deanreed.de\/AmericanRebel\/elcantor\/wir-trauern-um-sinead-oconnor\/\"]}]},{\"@type\":\"BreadcrumbList\",\"@id\":\"http:\/\/www.deanreed.de\/AmericanRebel\/elcantor\/wir-trauern-um-sinead-oconnor\/#breadcrumb\",\"itemListElement\":[{\"@type\":\"ListItem\",\"position\":1,\"name\":\"Startseite\",\"item\":\"http:\/\/www.deanreed.de\/AmericanRebel\/elcantor\/\"},{\"@type\":\"ListItem\",\"position\":2,\"name\":\"Wir trauern um Sin\\u00e9ad O\\u2019Connor\"}]},{\"@type\":\"Person\",\"@id\":\"http:\/\/www.deanreed.de\/AmericanRebel\/elcantor\/#\/schema\/person\/9e161ae26783202cec7e4d0733914b40\",\"name\":\"Nicolino\",\"url\":\"http:\/\/www.deanreed.de\/AmericanRebel\/elcantor\/author\/nicolino\/\"}]}<\/script>\n<!-- \/ Yoast SEO plugin. -->","yoast_head_json":{"title":"Wir trauern um Sin\u00e9ad O\u2019Connor - El Cantor","robots":{"index":"index","follow":"follow","max-snippet":"max-snippet:-1","max-image-preview":"max-image-preview:large","max-video-preview":"max-video-preview:-1"},"canonical":"http:\/\/www.deanreed.de\/AmericanRebel\/elcantor\/wir-trauern-um-sinead-oconnor\/","og_locale":"de_DE","og_type":"article","og_title":"Wir trauern um Sin\u00e9ad O\u2019Connor - El Cantor","og_description":"Mit \u00bbNothing Compares 2 U\u00ab landete sie einen Welthit. Nun ist Sin\u00e9ad O\u2019Connor im Alter von 56 Jahren gestorben.","og_url":"http:\/\/www.deanreed.de\/AmericanRebel\/elcantor\/wir-trauern-um-sinead-oconnor\/","og_site_name":"El Cantor","article_published_time":"2023-07-30T21:19:28+00:00","article_modified_time":"2024-01-26T12:32:19+00:00","twitter_card":"summary_large_image","twitter_description":"Mit \u00bbNothing Compares 2 U\u00ab landete sie einen Welthit. Nun ist Sin\u00e9ad O\u2019Connor im Alter von 56 Jahren gestorben.","twitter_misc":{"Verfasst von":"Nicolino","Gesch\u00e4tzte Lesezeit":"3\u00a0Minuten"},"schema":{"@context":"https:\/\/schema.org","@graph":[{"@type":"WebSite","@id":"http:\/\/www.deanreed.de\/AmericanRebel\/elcantor\/#website","url":"http:\/\/www.deanreed.de\/AmericanRebel\/elcantor\/","name":"El Cantor","description":"Mit der Gitarre f\u00fcr Frieden, Gerechtigkeit und das Recht auf ein Leben ohne Ausbeutung","potentialAction":[{"@type":"SearchAction","target":{"@type":"EntryPoint","urlTemplate":"http:\/\/www.deanreed.de\/AmericanRebel\/elcantor\/?s={search_term_string}"},"query-input":"required name=search_term_string"}],"inLanguage":"de"},{"@type":"ImageObject","@id":"http:\/\/www.deanreed.de\/AmericanRebel\/elcantor\/wir-trauern-um-sinead-oconnor\/#primaryimage","inLanguage":"de","url":"","contentUrl":""},{"@type":"WebPage","@id":"http:\/\/www.deanreed.de\/AmericanRebel\/elcantor\/wir-trauern-um-sinead-oconnor\/#webpage","url":"http:\/\/www.deanreed.de\/AmericanRebel\/elcantor\/wir-trauern-um-sinead-oconnor\/","name":"Wir trauern um Sin\u00e9ad O\u2019Connor - El Cantor","isPartOf":{"@id":"http:\/\/www.deanreed.de\/AmericanRebel\/elcantor\/#website"},"primaryImageOfPage":{"@id":"http:\/\/www.deanreed.de\/AmericanRebel\/elcantor\/wir-trauern-um-sinead-oconnor\/#primaryimage"},"datePublished":"2023-07-30T21:19:28+00:00","dateModified":"2024-01-26T12:32:19+00:00","author":{"@id":"http:\/\/www.deanreed.de\/AmericanRebel\/elcantor\/#\/schema\/person\/9e161ae26783202cec7e4d0733914b40"},"breadcrumb":{"@id":"http:\/\/www.deanreed.de\/AmericanRebel\/elcantor\/wir-trauern-um-sinead-oconnor\/#breadcrumb"},"inLanguage":"de","potentialAction":[{"@type":"ReadAction","target":["http:\/\/www.deanreed.de\/AmericanRebel\/elcantor\/wir-trauern-um-sinead-oconnor\/"]}]},{"@type":"BreadcrumbList","@id":"http:\/\/www.deanreed.de\/AmericanRebel\/elcantor\/wir-trauern-um-sinead-oconnor\/#breadcrumb","itemListElement":[{"@type":"ListItem","position":1,"name":"Startseite","item":"http:\/\/www.deanreed.de\/AmericanRebel\/elcantor\/"},{"@type":"ListItem","position":2,"name":"Wir trauern um Sin\u00e9ad O\u2019Connor"}]},{"@type":"Person","@id":"http:\/\/www.deanreed.de\/AmericanRebel\/elcantor\/#\/schema\/person\/9e161ae26783202cec7e4d0733914b40","name":"Nicolino","url":"http:\/\/www.deanreed.de\/AmericanRebel\/elcantor\/author\/nicolino\/"}]}},"_links":{"self":[{"href":"http:\/\/www.deanreed.de\/AmericanRebel\/elcantor\/wp-json\/wp\/v2\/posts\/3306"}],"collection":[{"href":"http:\/\/www.deanreed.de\/AmericanRebel\/elcantor\/wp-json\/wp\/v2\/posts"}],"about":[{"href":"http:\/\/www.deanreed.de\/AmericanRebel\/elcantor\/wp-json\/wp\/v2\/types\/post"}],"author":[{"embeddable":true,"href":"http:\/\/www.deanreed.de\/AmericanRebel\/elcantor\/wp-json\/wp\/v2\/users\/3"}],"replies":[{"embeddable":true,"href":"http:\/\/www.deanreed.de\/AmericanRebel\/elcantor\/wp-json\/wp\/v2\/comments?post=3306"}],"version-history":[{"count":8,"href":"http:\/\/www.deanreed.de\/AmericanRebel\/elcantor\/wp-json\/wp\/v2\/posts\/3306\/revisions"}],"predecessor-version":[{"id":3363,"href":"http:\/\/www.deanreed.de\/AmericanRebel\/elcantor\/wp-json\/wp\/v2\/posts\/3306\/revisions\/3363"}],"wp:attachment":[{"href":"http:\/\/www.deanreed.de\/AmericanRebel\/elcantor\/wp-json\/wp\/v2\/media?parent=3306"}],"wp:term":[{"taxonomy":"category","embeddable":true,"href":"http:\/\/www.deanreed.de\/AmericanRebel\/elcantor\/wp-json\/wp\/v2\/categories?post=3306"},{"taxonomy":"post_tag","embeddable":true,"href":"http:\/\/www.deanreed.de\/AmericanRebel\/elcantor\/wp-json\/wp\/v2\/tags?post=3306"}],"curies":[{"name":"wp","href":"https:\/\/api.w.org\/{rel}","templated":true}]}}