{"id":3183,"date":"2022-01-21T23:31:15","date_gmt":"2022-01-21T22:31:15","guid":{"rendered":"http:\/\/www.deanreed.de\/AmericanRebel\/elcantor\/?p=3183"},"modified":"2022-01-22T14:34:03","modified_gmt":"2022-01-22T13:34:03","slug":"utopia","status":"publish","type":"post","link":"http:\/\/www.deanreed.de\/AmericanRebel\/elcantor\/utopia\/","title":{"rendered":"&#8211; Utopia"},"content":{"rendered":"<blockquote><p><span style=\"font-family: verdana, geneva, sans-serif; font-size: 12pt;\"><em>KikiRebell \u2013 21. Januar 2022<\/em><img loading=\"lazy\" class=\" wp-image-127 alignright\" src=\"http:\/\/www.deanreed.de\/AmericanRebel\/elcantor\/wp-content\/uploads\/2017\/08\/Buton.png\" alt=\"\" width=\"109\" height=\"110\" srcset=\"http:\/\/www.deanreed.de\/AmericanRebel\/elcantor\/wp-content\/uploads\/2017\/08\/Buton.png 200w, http:\/\/www.deanreed.de\/AmericanRebel\/elcantor\/wp-content\/uploads\/2017\/08\/Buton-150x150.png 150w\" sizes=\"(max-width: 109px) 100vw, 109px\" \/><\/span><\/p><\/blockquote>\n<p style=\"text-align: justify;\"><span style=\"color: #993300; font-size: 16pt;\"><strong><span style=\"font-family: verdana, geneva, sans-serif;\">Utopia<br \/>\n<\/span><\/strong><span style=\"font-family: verdana, geneva, sans-serif;\"><span style=\"font-size: 6pt; color: #ffffff;\">.<\/span><br \/>\n<\/span><\/span><strong><span style=\"font-family: verdana, geneva, sans-serif; font-size: 12pt;\">Heute h\u00f6rte ich zum ersten Mal, Konstantin Weckers neuen Song \u00bbUtopia\u00ab. Der Anlass: Die &#8222;Bl\u00f6dquatschshow Inas Nacht&#8220; vom <span id=\"decorator-corrected-entity-id-13\" data-entity-key=\"13\" data-offset-key=\"78crg-1-0\">NDR, war<\/span> zwar kein besonderer Rahmen f\u00fcr seine anspruchsvollen und eindeutigen Zeilen, doch Konstantin hat gepunktet, w\u00e4hrend der &#8222;Moderationsclown Ina M\u00fcller&#8220; fast unaufh\u00f6rlich ihr triviales Geplapper von sich gab, sprang der Funke sofort <span id=\"decorator-corrected-entity-id-5\" data-entity-key=\"5\" data-offset-key=\"78crg-3-0\">\u00fcber&#8230;<\/span> Ein Genosse im <span id=\"decorator-corrected-entity-id-9\" data-entity-key=\"9\" data-offset-key=\"78crg-5-0\">Fernsehen<\/span>!<\/span><\/strong><\/p>\n<div data-contents=\"true\">\n<div class=\"\" data-block=\"true\" data-editor=\"68cj0\" data-offset-key=\"78crg-0-0\">\n<div class=\"public-DraftStyleDefault-block public-DraftStyleDefault-ltr\" style=\"text-align: justify;\" data-offset-key=\"78crg-0-0\"><span style=\"color: #ffffff;\">.<\/span><br \/>\n<span class=\"ILfuVd\" style=\"font-family: verdana, geneva, sans-serif; font-size: 12pt;\"><span class=\"ILfuVd\" style=\"font-family: verdana, geneva, sans-serif; font-size: 12pt;\"><span class=\"hgKElc\">&#8222;Pomp\u00f6se Soundlandschaften, bezaubernde Melodien und sich dynamisch aufplusternde Klangatmosph\u00e4ren spielen unter dem Wecker-Banner keine gro\u00dfe Rolle. Was hier z\u00e4hlt, sind die Kraft des Wortes, die Magie des bildlichen Umschreibens und der niemals erm\u00fcdende Wille, etwas zu ver\u00e4ndern. Songs, die man gut und gerne nebenbei h\u00f6ren kann. <span style=\"font-family: verdana, geneva, sans-serif; font-size: 12pt;\">\u00bbUtopia\u00ab, so der Titel des neuen Wecker-Werks, skizziert eine Welt fernab der Realit\u00e4t, in der es sich wahrhaftig lohnt, zu leben.&#8220;<\/span><\/span><\/span><\/span><\/div>\n<\/div>\n<\/div>\n<div class=\"\" style=\"text-align: justify;\" data-block=\"true\" data-editor=\"68cj0\" data-offset-key=\"amqbd-0-0\">\n<div class=\"public-DraftStyleDefault-block public-DraftStyleDefault-ltr\" data-offset-key=\"amqbd-0-0\">\n<div id=\"attachment_3205\" style=\"width: 351px\" class=\"wp-caption alignleft\"><img aria-describedby=\"caption-attachment-3205\" loading=\"lazy\" class=\" wp-image-3205\" src=\"http:\/\/www.deanreed.de\/AmericanRebel\/elcantor\/wp-content\/uploads\/2022\/01\/eerr-300x185.jpg\" alt=\"\" width=\"341\" height=\"210\" srcset=\"http:\/\/www.deanreed.de\/AmericanRebel\/elcantor\/wp-content\/uploads\/2022\/01\/eerr-300x185.jpg 300w, http:\/\/www.deanreed.de\/AmericanRebel\/elcantor\/wp-content\/uploads\/2022\/01\/eerr.jpg 513w\" sizes=\"(max-width: 341px) 100vw, 341px\" \/><p id=\"caption-attachment-3205\" class=\"wp-caption-text\">&#8222;Plappermaul Ina M\u00fcller&#8220; im Gespr\u00e4ch mit Konstantin Wecker&#8230; Zuschauerfrage: &#8222;Schl\u00e4fst Du nachts nackt Konstantin?&#8220;&#8230; <span style=\"color: #808080;\">Bild: YouTube<\/span><\/p><\/div>\n<p><span style=\"font-family: verdana, geneva, sans-serif; font-size: 12pt;\">So und \u00e4hnlich dr\u00fcckt sich die b\u00fcrgerliche Presse <span id=\"decorator-corrected-entity-id-25\" data-entity-key=\"25\" data-offset-key=\"amqbd-1-0\">aus, wenn<\/span> sie einen von uns nicht totschweigen <span id=\"decorator-corrected-entity-id-33\" data-entity-key=\"33\" data-offset-key=\"amqbd-3-0\">kann, weil<\/span> er einfach einer der gr\u00f6\u00dften deutschsprachigen linken S\u00e4nger\/innen <span id=\"decorator-corrected-entity-id-40\" data-entity-key=\"40\" data-offset-key=\"amqbd-5-0\">ist, der<\/span> immer gleich auf den Punkt kommt. Seine Texte sind weder &#8222;fernab der Realit\u00e4t&#8220; noch zum &#8222;mal nebenbei h\u00f6ren&#8220;! Sie benennen eindeutig die gesellschaftspolitische Lage und zeigen oft <span id=\"decorator-corrected-entity-id-46\" data-entity-key=\"46\" data-offset-key=\"amqbd-7-0\">auf, wie<\/span> es besser sein k\u00f6nnte, machen uns neugierig und <span id=\"decorator-corrected-entity-id-51\" data-entity-key=\"51\" data-offset-key=\"amqbd-9-0\">hungrig<\/span> auf eine Welt die uns gef\u00e4llt &#8211; die wir uns selber gestalten und f\u00fcr die wir selber die Verantwortung tragen.<\/span><\/p>\n<p><span style=\"font-family: verdana, geneva, sans-serif; font-size: 12pt;\">&#8222;<strong><em>Stellt euch einmal uns&#8216;<span id=\"decorator-ignored-entity-id-69\" data-entity-key=\"69\" data-offset-key=\"78crg-1-0\">re<\/span> Welt vor. Ohne Krieg, ohne Gewalt. Ohne Bosse, ohne Herrscher, jeder ist dem <span id=\"decorator-ignored-entity-id-76\" data-entity-key=\"76\" data-offset-key=\"78crg-3-0\">Ander<\/span>&#8217;n Halt. Ohne Himmel, ohne H\u00f6lle. Einfach nur im Jetzt und Hier. Ohne Ehrgeiz, <span id=\"decorator-ignored-entity-id-81\" data-entity-key=\"81\" data-offset-key=\"78crg-5-0\">ungehetzt<\/span>, alle leben nur im Jetzt<\/em><\/strong>&#8222;. So beginnt Konstantins neuer Song, den er \u00bbUtopia\u00ab genannt hat. Er dr\u00fcckt <span id=\"decorator-corrected-entity-id-85\" data-entity-key=\"85\" data-offset-key=\"78crg-7-0\">aus, was<\/span> wir begehren, wof\u00fcr wir k\u00e4mpfen, leben und sterben. An die Herrschenden dieser Welt richtet er im Text die Worte: &#8222;<em><strong>Nennt mich gerne einen Spinner, der nicht passt in uns&#8216;<span id=\"decorator-ignored-entity-id-70\" data-entity-key=\"70\" data-offset-key=\"78crg-9-0\">re<\/span> Zeit. Doch ihr lebt in einem Albtraum \u2013 mein Traum ist die Wirklichkeit!<\/strong><\/em>&#8220; Und uns Zuh\u00f6rer\/innen macht er Mut und singt: &#8222;<strong><em>Nein, der Mensch ist nicht so schlecht wie&#8217;s die Herrschenden gern h\u00e4tten. Es ist unser aller Recht, uns vor diesem Trug zu retten<\/em><\/strong>&#8222;.<\/span><\/p>\n<p><span style=\"font-family: verdana, geneva, sans-serif; font-size: 12pt;\"><span id=\"decorator-corrected-entity-id-103\" data-entity-key=\"103\" data-offset-key=\"pssr-0-0\">Ja, es<\/span> ist nicht nur unser <span id=\"decorator-corrected-entity-id-140\" data-entity-key=\"140\" data-offset-key=\"pssr-2-0\">Recht, die<\/span> <span id=\"decorator-ignored-entity-id-142\" data-entity-key=\"142\" data-offset-key=\"pssr-4-0\">Herrschenden<\/span> Ausbeuter und ihre Elend und Tod bringende Gesellschaftsordnung zu bek\u00e4mpfen und letztlich ab zu schaffen \u2013 es ist unser Pflicht!\u00a0 Die Utopie ist der <span id=\"decorator-corrected-entity-id-110\" data-entity-key=\"110\" data-offset-key=\"pssr-6-0\">Normalfall auch,<\/span> wenn uns die Marionetten aus den Parlamenten, Schreibstuben und Schlagerfabriken zum <span id=\"decorator-corrected-entity-id-133\" data-entity-key=\"133\" data-offset-key=\"pssr-8-0\">zig<\/span> <span id=\"decorator-corrected-entity-id-129\" data-entity-key=\"129\" data-offset-key=\"pssr-10-0\">tausendsten<\/span> Mal das Ausbeutersystem als Demokratie und von gottgewollt verkaufen. Konstantin hat <span id=\"decorator-corrected-entity-id-116\" data-entity-key=\"116\" data-offset-key=\"pssr-12-0\">recht, wenn<\/span> er singt &#8222;<strong><em>W\u00e4re diese Welt nicht hier, w\u00fcssten wir doch nichts von ihr. Nennt es weltfremd, nennt es Wahnsinn. Doch ich tr\u00e4ume nicht allein. Ist denn nicht allein die Liebe Grund und Sinn von allem Sein!<\/em><\/strong>&#8222;<\/span><\/p>\n<p><span style=\"font-family: verdana, geneva, sans-serif; font-size: 12pt;\" data-offset-key=\"9e6n2-0-0\">Ich m\u00f6chte Konstantins Zeilen erg\u00e4nzen mit den Worten: &#8222;<strong>Ihr braucht uns \u2013 doch wir brauchen Euch nicht!<\/strong>&#8222;<\/span><\/p>\n<\/div>\n<\/div>\n<div class=\"\" style=\"text-align: justify;\" data-block=\"true\" data-editor=\"68cj0\" data-offset-key=\"45ga4-0-0\">\n<div class=\"public-DraftStyleDefault-block public-DraftStyleDefault-ltr\" style=\"text-align: justify;\" data-offset-key=\"9e6n2-0-0\"><span style=\"font-family: verdana, geneva, sans-serif; font-size: 12pt;\" data-offset-key=\"9e6n2-0-0\"><span style=\"color: #ffffff;\">.<\/span><br \/>\n<\/span><\/div>\n<\/div>\n<div class=\"lyte-wrapper fourthree\" style=\"width:480px;max-width:100%;margin:5px auto;\"><div class=\"lyMe\" id=\"WYL_fPUJKrmzurI\"><div id=\"lyte_fPUJKrmzurI\" data-src=\"http:\/\/www.deanreed.de\/AmericanRebel\/elcantor\/wp-content\/plugins\/wp-youtube-lyte\/lyteCache.php?origThumbUrl=%2F%2Fi.ytimg.com%2Fvi%2FfPUJKrmzurI%2Fhqdefault.jpg\" class=\"pL\"><div class=\"tC\"><div class=\"tT\"><\/div><\/div><div class=\"play\"><\/div><div class=\"ctrl\"><div class=\"Lctrl\"><\/div><div class=\"Rctrl\"><\/div><\/div><\/div><noscript><a href=\"http:\/\/youtu.be\/fPUJKrmzurI\"><img src=\"http:\/\/www.deanreed.de\/AmericanRebel\/elcantor\/wp-content\/plugins\/wp-youtube-lyte\/lyteCache.php?origThumbUrl=http%3A%2F%2Fi.ytimg.com%2Fvi%2FfPUJKrmzurI%2F0.jpg\" alt=\"\" width=\"480\" height=\"340\" \/><br \/>Dieses Video auf YouTube ansehen<\/a><\/noscript><\/div><\/div><div class=\"lL\" style=\"max-width:100%;width:480px;margin:5px auto;\"><\/div><\/p>\n<div class=\"hide-this-part-wrap\"><div class=\"hide-this-part-more\" id=\"hide-this-part-0\" morelink-text=\"zum Liedtext\">zum Liedtext \u00bb<\/div><div class=\"hide-this-part\" status=\"invisible\">\n<div class=\"PZPZlf\" data-lyricid=\"Lyricfind002-4994980\">\n<div class=\"bbVIQb\">\n<div class=\"ujudUb u7wWjf\" style=\"text-align: center;\" data-mh=\"-1\"><span style=\"font-family: verdana, geneva, sans-serif; color: #000000; font-size: 12pt;\">Stellt euch einmal uns&#8217;re Welt vor<\/span><br \/>\n<span style=\"font-family: verdana, geneva, sans-serif; color: #000000; font-size: 12pt;\">Ohne Krieg, ohne Gewalt<\/span><br \/>\n<span style=\"font-family: verdana, geneva, sans-serif; color: #000000; font-size: 12pt;\">Ohne Bosse, ohne Herrscher<\/span><br \/>\n<span style=\"font-family: verdana, geneva, sans-serif; color: #000000; font-size: 12pt;\">Jeder ist dem Ander&#8217;n Halt<\/span><br \/>\n<span style=\"font-family: verdana, geneva, sans-serif; color: #000000; font-size: 12pt;\">Ohne Ehrgeiz, ungehetzt<\/span><br \/>\n<span style=\"font-family: verdana, geneva, sans-serif; color: #000000; font-size: 12pt;\">Alle leben nur im Jetzt<\/span><br \/>\n<span style=\"font-family: verdana, geneva, sans-serif; color: #000000; font-size: 12pt;\">Ohne Ehrgeiz, ungehetzt<\/span><br \/>\n<span style=\"font-family: verdana, geneva, sans-serif; color: #000000; font-size: 12pt;\">Alle leben nur im Jetzt<\/span><\/div>\n<div class=\"ujudUb xpdxpnd\" style=\"text-align: center;\" data-mh=\"-1\"><span style=\"font-family: verdana, geneva, sans-serif; color: #000000; font-size: 12pt;\">Ohne Himmel, ohne H\u00f6lle<\/span><br \/>\n<span style=\"font-family: verdana, geneva, sans-serif; color: #000000; font-size: 12pt;\">Einfach nur im Jetzt und Hier<\/span><br \/>\n<span style=\"font-family: verdana, geneva, sans-serif; font-size: 12pt; color: #000000;\">Ohne Ehrgeiz, ungehetzt<\/span><br \/>\n<span style=\"font-family: verdana, geneva, sans-serif; font-size: 12pt; color: #000000;\">Alle leben nur im Jetzt<\/span><br \/>\n<span style=\"font-family: verdana, geneva, sans-serif; color: #000000; font-size: 12pt;\">Stell dir vor wir leben sie<\/span><br \/>\n<span style=\"font-family: verdana, geneva, sans-serif; color: #000000; font-size: 12pt;\">Diese sch\u00f6ne Utopie<\/span><\/div>\n<div class=\"ujudUb xpdxpnd\" style=\"text-align: center;\" data-mh=\"-1\"><span style=\"font-family: verdana, geneva, sans-serif; color: #000000; font-size: 12pt;\">Nennt mich gerne einen Spinner<\/span><br \/>\n<span style=\"font-family: verdana, geneva, sans-serif; color: #000000; font-size: 12pt;\">Der nicht passt in uns&#8217;re Zeit<\/span><br \/>\n<span style=\"font-family: verdana, geneva, sans-serif; color: #000000; font-size: 12pt;\">Doch ihr lebt in einem Albtraum<\/span><br \/>\n<span style=\"font-family: verdana, geneva, sans-serif; color: #000000; font-size: 12pt;\">Mein Traum ist die Wirklichkeit<\/span><br \/>\n<span style=\"font-family: verdana, geneva, sans-serif; color: #000000; font-size: 12pt;\">Doch ihr lebt in einem Albtraum<\/span><br \/>\n<span style=\"font-family: verdana, geneva, sans-serif; color: #000000; font-size: 12pt;\">Mein Traum ist die Wirklichkeit<\/span><\/div>\n<div class=\"ujudUb xpdxpnd\" style=\"text-align: center;\" data-mh=\"-1\"><span style=\"font-family: verdana, geneva, sans-serif; color: #000000; font-size: 12pt;\">Eine Welt ganz ohne Grenzen<\/span><br \/>\n<span style=\"font-family: verdana, geneva, sans-serif; color: #000000; font-size: 12pt;\">Und statt Wettbewerb und Neid<\/span><br \/>\n<span style=\"font-family: verdana, geneva, sans-serif; color: #000000; font-size: 12pt;\">Teilen wir endlich gleichberechtigt<\/span><br \/>\n<span style=\"font-family: verdana, geneva, sans-serif; color: #000000; font-size: 12pt;\">Uns&#8217;re Freude, unser Leid<\/span><br \/>\n<span style=\"font-family: verdana, geneva, sans-serif; color: #000000; font-size: 12pt;\">W\u00e4re diese Welt nicht hier<\/span><br \/>\n<span style=\"font-family: verdana, geneva, sans-serif; color: #000000; font-size: 12pt;\">W\u00fcssten wir doch nichts von ihr<\/span><br \/>\n<span style=\"font-family: verdana, geneva, sans-serif; color: #000000; font-size: 12pt;\">W\u00e4re diese Welt nicht hier<\/span><br \/>\n<span style=\"font-family: verdana, geneva, sans-serif; color: #000000; font-size: 12pt;\">W\u00fcssten wir doch nichts von ihr<\/span><\/div>\n<div class=\"ujudUb xpdxpnd\" style=\"text-align: center;\" data-mh=\"-1\"><span style=\"font-family: verdana, geneva, sans-serif; color: #000000; font-size: 12pt;\">Nein, der Mensch ist nicht so schlecht<\/span><br \/>\n<span style=\"font-family: verdana, geneva, sans-serif; color: #000000; font-size: 12pt;\">Wie&#8217;s die Herrschenden gern h\u00e4tten<\/span><br \/>\n<span style=\"font-family: verdana, geneva, sans-serif; color: #000000; font-size: 12pt;\">Es ist unser aller Recht<\/span><br \/>\n<span style=\"font-family: verdana, geneva, sans-serif; color: #000000; font-size: 12pt;\">Uns vor diesem Trug zu retten<\/span><br \/>\n<span style=\"font-family: verdana, geneva, sans-serif; color: #000000; font-size: 12pt;\">Und wir wollen, dass uns&#8217;re Welt<\/span><br \/>\n<span style=\"font-family: verdana, geneva, sans-serif; color: #000000; font-size: 12pt;\">Sich nicht an deren Regeln h\u00e4lt<\/span><br \/>\n<span style=\"font-family: verdana, geneva, sans-serif; color: #000000; font-size: 12pt;\">Und wir wollen, dass uns&#8217;re Welt<\/span><br \/>\n<span style=\"font-family: verdana, geneva, sans-serif; color: #000000; font-size: 12pt;\">Sich nicht an deren Regeln h\u00e4lt<\/span><\/div>\n<div class=\"ujudUb xpdxpnd\" style=\"text-align: center;\" data-mh=\"-1\"><span style=\"font-family: verdana, geneva, sans-serif; color: #000000; font-size: 12pt;\">Nennt mich gerne einen Spinner<\/span><br \/>\n<span style=\"font-family: verdana, geneva, sans-serif; color: #000000; font-size: 12pt;\">Der nicht passt in uns&#8217;re Zeit<\/span><br \/>\n<span style=\"font-family: verdana, geneva, sans-serif; color: #000000; font-size: 12pt;\">Doch ihr lebt in einem Albtraum<\/span><br \/>\n<span style=\"font-family: verdana, geneva, sans-serif; color: #000000; font-size: 12pt;\">Mein Traum ist die Wirklichkeit<\/span><\/div>\n<div class=\"ujudUb WRZytc xpdxpnd\" style=\"text-align: center;\" data-mh=\"-1\"><span style=\"font-family: verdana, geneva, sans-serif; color: #000000; font-size: 12pt;\">Nennt es weltfremd, nennt es Wahnsinn<\/span><br \/>\n<span style=\"font-family: verdana, geneva, sans-serif; color: #000000; font-size: 12pt;\">Doch ich tr\u00e4ume nicht allein<\/span><br \/>\n<span style=\"font-family: verdana, geneva, sans-serif; color: #000000; font-size: 12pt;\">Ist denn nicht allein die Liebe<\/span><br \/>\n<span style=\"font-family: verdana, geneva, sans-serif; color: #000000; font-size: 12pt;\">Grund und Sinn von allem Sein<\/span><br \/>\n<span style=\"font-family: verdana, geneva, sans-serif; color: #000000; font-size: 12pt;\">Ist denn nicht allein die Liebe<\/span><br \/>\n<span style=\"font-family: verdana, geneva, sans-serif; color: #000000;\"><span style=\"font-size: 12pt;\">Grund und Sinn von allem Sein<\/span><br \/>\n<span style=\"color: #ffffff;\">.<\/span><br \/>\n<\/span><\/div>\n<\/div>\n<\/div>\n<div class=\"j04ED\" style=\"text-align: center;\"><span style=\"font-family: verdana, geneva, sans-serif; color: #000000; font-size: 10pt;\">Quelle:\u00a0<a style=\"color: #000000;\" href=\"https:\/\/www.lyricfind.com\/\" data-jsarwt=\"1\" data-usg=\"AOvVaw1KqTMyFU55C34LrRgbHHJU\" data-ved=\"2ahUKEwj0rMLS48P1AhWhQvEDHaosAEwQ5s4FKAB6BAgTEAE\">LyricFind<\/a><\/span><\/div>\n<div class=\"xpdxpnd PZPZlf\" data-lyricid=\"Lyricfind002-4994980\" data-mh=\"-1\" data-ved=\"2ahUKEwj0rMLS48P1AhWhQvEDHaosAEwQycMBKAF6BAgTEAI\">\n<div class=\"auw0zb\" style=\"text-align: center;\"><span style=\"font-family: verdana, geneva, sans-serif; color: #000000; font-size: 10pt;\">Songwriter: Konstantin Wecker<\/span><\/div>\n<div class=\"auw0zb\" style=\"text-align: center;\"><span style=\"font-family: verdana, geneva, sans-serif; color: #000000; font-size: 10pt;\">Songtext von Utopia \u00a9 Alisa Wessel Musikverlag, Sturm &amp; Klang Musikverlag GmbH<\/span><\/div>\n<\/div>\n<p><span style=\"font-size: 10pt;\"><\/div><!-- .hide-this-part --><\/div><!-- hide-this-part-wrap --> <\/span><\/p>\n<div class=\"mtm _5pco\" data-testid=\"post_message\" data-ft=\"{&quot;tn&quot;:&quot;K&quot;}\">\n<p><img loading=\"lazy\" class=\" wp-image-3181 aligncenter\" src=\"http:\/\/www.deanreed.de\/AmericanRebel\/elcantor\/wp-content\/uploads\/2036\/02\/1-Kopie-2-300x74.png\" alt=\"\" width=\"697\" height=\"172\" srcset=\"http:\/\/www.deanreed.de\/AmericanRebel\/elcantor\/wp-content\/uploads\/2036\/02\/1-Kopie-2-300x74.png 300w, http:\/\/www.deanreed.de\/AmericanRebel\/elcantor\/wp-content\/uploads\/2036\/02\/1-Kopie-2-1024x252.png 1024w, http:\/\/www.deanreed.de\/AmericanRebel\/elcantor\/wp-content\/uploads\/2036\/02\/1-Kopie-2-768x189.png 768w, http:\/\/www.deanreed.de\/AmericanRebel\/elcantor\/wp-content\/uploads\/2036\/02\/1-Kopie-2-1536x378.png 1536w, http:\/\/www.deanreed.de\/AmericanRebel\/elcantor\/wp-content\/uploads\/2036\/02\/1-Kopie-2-2048x504.png 2048w\" sizes=\"(max-width: 697px) 100vw, 697px\" \/><\/p>\n<div style=\"margin-left: 10px;\"><a href=\"http:\/\/www.elcantor.de\" target=\"_blank\" rel=\"noopener\"><span style=\"font-family: verdana, geneva, sans-serif;\"><img loading=\"lazy\" class=\"alignleft\" src=\"http:\/\/www.deanreed.de\/AmericanRebel\/2017\/wp-content\/uploads\/2017\/03\/back_ar.png\" alt=\"zur\u00fcck zur Startseite\" width=\"156\" height=\"15\" \/><\/span><\/a><\/div>\n<div style=\"margin-right: 10px;\"><span style=\"font-family: verdana, geneva, sans-serif;\"><a href=\"https:\/\/www.facebook.com\/groups\/1683837971860223\/\"><img loading=\"lazy\" class=\"alignright\" src=\"http:\/\/www.deanreed.de\/AmericanRebel\/2017\/wp-content\/uploads\/2017\/03\/ar_zu_fb.png\" alt=\"hier geht es zur Facebook Diskussionsgruppe von AmericanRebel\" width=\"353\" height=\"15\" \/><\/a><\/span><\/div>\n<p style=\"text-align: center;\"><span style=\"font-family: verdana, geneva, sans-serif; font-size: 12pt;\"><a href=\"#respond\" target=\"_blank\" rel=\"noopener noreferrer\"><img loading=\"lazy\" class=\"aligncenter\" src=\"http:\/\/www.deanreed.de\/AmericanRebel\/2017\/wp-content\/uploads\/2017\/03\/ar_kommentar-1.png\" alt=\"Sag uns deine Meinung zu diesem Artikel mit einem Kommentar\/Leserbrief\" width=\"627\" height=\"20\" \/><\/a><\/span><span style=\"color: #ffffff;\">.<\/span><\/p>\n<\/div>\n","protected":false},"excerpt":{"rendered":"<p>KikiRebell \u2013 21. Januar 2022 Utopia . Heute h\u00f6rte ich zum ersten Mal, Konstantin Weckers neuen Song \u00bbUtopia\u00ab. Der Anlass: Die &#8222;Bl\u00f6dquatschshow Inas Nacht&#8220; vom NDR, war zwar kein besonderer Rahmen f\u00fcr seine anspruchsvollen und eindeutigen Zeilen, doch Konstantin hat [&hellip;]<a class=\"more-link\" href=\"http:\/\/www.deanreed.de\/AmericanRebel\/elcantor\/utopia\/\">&darr; Lese den Rest von diesem Eintrag&#8230;<\/a><\/p>\n","protected":false},"author":3,"featured_media":0,"comment_status":"open","ping_status":"open","sticky":false,"template":"","format":"standard","meta":[],"categories":[75],"tags":[100,97,65,104,284,101],"yoast_head":"<!-- This site is optimized with the Yoast SEO plugin v17.5 - https:\/\/yoast.com\/wordpress\/plugins\/seo\/ -->\n<title>- Utopia - El Cantor<\/title>\n<meta name=\"robots\" content=\"index, follow, max-snippet:-1, max-image-preview:large, max-video-preview:-1\" \/>\n<link rel=\"canonical\" href=\"https:\/\/www.deanreed.de\/AmericanRebel\/elcantor\/utopia\/\" \/>\n<meta property=\"og:locale\" content=\"de_DE\" \/>\n<meta property=\"og:type\" content=\"article\" \/>\n<meta property=\"og:title\" content=\"- Utopia - El Cantor\" \/>\n<meta property=\"og:description\" content=\"Heute h\u00f6rte ich zum ersten Mal Konstantin Weckers neuen Song \u00bbUtopia\u00ab. Der Anlass: Die &quot;Bl\u00f6dquatschshow Inas Nacht&quot; vom NDR war zwar kein besonderer Rahmen f\u00fcr seine anspruchsvollen und eindeutigen Zeilen, doch Konstantin hat gepunktet, w\u00e4hren der &quot;Moderationsclown Ina M\u00fcller&quot; fast unaufh\u00f6rlich ihr triviales Geplapper von sich gab, sprang der Funke sofort \u00fcber... Ein Genosse im Fernsehen!\" \/>\n<meta property=\"og:url\" content=\"https:\/\/www.deanreed.de\/AmericanRebel\/elcantor\/utopia\/\" \/>\n<meta property=\"og:site_name\" content=\"El Cantor\" \/>\n<meta property=\"article:published_time\" content=\"2022-01-21T22:31:15+00:00\" \/>\n<meta property=\"article:modified_time\" content=\"2022-01-22T13:34:03+00:00\" \/>\n<meta property=\"og:image\" content=\"https:\/\/www.deanreed.de\/AmericanRebel\/elcantor\/wp-content\/uploads\/2022\/01\/assets.jpg\" \/>\n\t<meta property=\"og:image:width\" content=\"640\" \/>\n\t<meta property=\"og:image:height\" content=\"460\" \/>\n<meta name=\"twitter:card\" content=\"summary_large_image\" \/>\n<meta name=\"twitter:image\" content=\"http:\/\/www.deanreed.de\/AmericanRebel\/elcantor\/wp-content\/uploads\/2022\/01\/assets.jpg\" \/>\n<meta name=\"twitter:label1\" content=\"Verfasst von\" \/>\n\t<meta name=\"twitter:data1\" content=\"Nicolino\" \/>\n\t<meta name=\"twitter:label2\" content=\"Gesch\u00e4tzte Lesezeit\" \/>\n\t<meta name=\"twitter:data2\" content=\"4\u00a0Minuten\" \/>\n<script type=\"application\/ld+json\" class=\"yoast-schema-graph\">{\"@context\":\"https:\/\/schema.org\",\"@graph\":[{\"@type\":\"WebSite\",\"@id\":\"http:\/\/www.deanreed.de\/AmericanRebel\/elcantor\/#website\",\"url\":\"http:\/\/www.deanreed.de\/AmericanRebel\/elcantor\/\",\"name\":\"El Cantor\",\"description\":\"Mit der Gitarre f\\u00fcr Frieden, Gerechtigkeit und das Recht auf ein Leben ohne Ausbeutung\",\"potentialAction\":[{\"@type\":\"SearchAction\",\"target\":{\"@type\":\"EntryPoint\",\"urlTemplate\":\"http:\/\/www.deanreed.de\/AmericanRebel\/elcantor\/?s={search_term_string}\"},\"query-input\":\"required name=search_term_string\"}],\"inLanguage\":\"de\"},{\"@type\":\"ImageObject\",\"@id\":\"https:\/\/www.deanreed.de\/AmericanRebel\/elcantor\/utopia\/#primaryimage\",\"inLanguage\":\"de\",\"url\":\"http:\/\/www.deanreed.de\/AmericanRebel\/elcantor\/wp-content\/uploads\/2022\/01\/assets.jpg\",\"contentUrl\":\"http:\/\/www.deanreed.de\/AmericanRebel\/elcantor\/wp-content\/uploads\/2022\/01\/assets.jpg\",\"width\":640,\"height\":460},{\"@type\":\"WebPage\",\"@id\":\"https:\/\/www.deanreed.de\/AmericanRebel\/elcantor\/utopia\/#webpage\",\"url\":\"https:\/\/www.deanreed.de\/AmericanRebel\/elcantor\/utopia\/\",\"name\":\"- Utopia - El Cantor\",\"isPartOf\":{\"@id\":\"http:\/\/www.deanreed.de\/AmericanRebel\/elcantor\/#website\"},\"primaryImageOfPage\":{\"@id\":\"https:\/\/www.deanreed.de\/AmericanRebel\/elcantor\/utopia\/#primaryimage\"},\"datePublished\":\"2022-01-21T22:31:15+00:00\",\"dateModified\":\"2022-01-22T13:34:03+00:00\",\"author\":{\"@id\":\"http:\/\/www.deanreed.de\/AmericanRebel\/elcantor\/#\/schema\/person\/9e161ae26783202cec7e4d0733914b40\"},\"breadcrumb\":{\"@id\":\"https:\/\/www.deanreed.de\/AmericanRebel\/elcantor\/utopia\/#breadcrumb\"},\"inLanguage\":\"de\",\"potentialAction\":[{\"@type\":\"ReadAction\",\"target\":[\"https:\/\/www.deanreed.de\/AmericanRebel\/elcantor\/utopia\/\"]}]},{\"@type\":\"BreadcrumbList\",\"@id\":\"https:\/\/www.deanreed.de\/AmericanRebel\/elcantor\/utopia\/#breadcrumb\",\"itemListElement\":[{\"@type\":\"ListItem\",\"position\":1,\"name\":\"Startseite\",\"item\":\"http:\/\/www.deanreed.de\/AmericanRebel\/elcantor\/\"},{\"@type\":\"ListItem\",\"position\":2,\"name\":\"&#8211; Utopia\"}]},{\"@type\":\"Person\",\"@id\":\"http:\/\/www.deanreed.de\/AmericanRebel\/elcantor\/#\/schema\/person\/9e161ae26783202cec7e4d0733914b40\",\"name\":\"Nicolino\",\"url\":\"http:\/\/www.deanreed.de\/AmericanRebel\/elcantor\/author\/nicolino\/\"}]}<\/script>\n<!-- \/ Yoast SEO plugin. -->","yoast_head_json":{"title":"- Utopia - El Cantor","robots":{"index":"index","follow":"follow","max-snippet":"max-snippet:-1","max-image-preview":"max-image-preview:large","max-video-preview":"max-video-preview:-1"},"canonical":"https:\/\/www.deanreed.de\/AmericanRebel\/elcantor\/utopia\/","og_locale":"de_DE","og_type":"article","og_title":"- Utopia - El Cantor","og_description":"Heute h\u00f6rte ich zum ersten Mal Konstantin Weckers neuen Song \u00bbUtopia\u00ab. Der Anlass: Die \"Bl\u00f6dquatschshow Inas Nacht\" vom NDR war zwar kein besonderer Rahmen f\u00fcr seine anspruchsvollen und eindeutigen Zeilen, doch Konstantin hat gepunktet, w\u00e4hren der \"Moderationsclown Ina M\u00fcller\" fast unaufh\u00f6rlich ihr triviales Geplapper von sich gab, sprang der Funke sofort \u00fcber... Ein Genosse im Fernsehen!","og_url":"https:\/\/www.deanreed.de\/AmericanRebel\/elcantor\/utopia\/","og_site_name":"El Cantor","article_published_time":"2022-01-21T22:31:15+00:00","article_modified_time":"2022-01-22T13:34:03+00:00","og_image":[{"width":640,"height":460,"url":"https:\/\/www.deanreed.de\/AmericanRebel\/elcantor\/wp-content\/uploads\/2022\/01\/assets.jpg","type":"image\/jpeg"}],"twitter_card":"summary_large_image","twitter_image":"http:\/\/www.deanreed.de\/AmericanRebel\/elcantor\/wp-content\/uploads\/2022\/01\/assets.jpg","twitter_misc":{"Verfasst von":"Nicolino","Gesch\u00e4tzte Lesezeit":"4\u00a0Minuten"},"schema":{"@context":"https:\/\/schema.org","@graph":[{"@type":"WebSite","@id":"http:\/\/www.deanreed.de\/AmericanRebel\/elcantor\/#website","url":"http:\/\/www.deanreed.de\/AmericanRebel\/elcantor\/","name":"El Cantor","description":"Mit der Gitarre f\u00fcr Frieden, Gerechtigkeit und das Recht auf ein Leben ohne Ausbeutung","potentialAction":[{"@type":"SearchAction","target":{"@type":"EntryPoint","urlTemplate":"http:\/\/www.deanreed.de\/AmericanRebel\/elcantor\/?s={search_term_string}"},"query-input":"required name=search_term_string"}],"inLanguage":"de"},{"@type":"ImageObject","@id":"https:\/\/www.deanreed.de\/AmericanRebel\/elcantor\/utopia\/#primaryimage","inLanguage":"de","url":"http:\/\/www.deanreed.de\/AmericanRebel\/elcantor\/wp-content\/uploads\/2022\/01\/assets.jpg","contentUrl":"http:\/\/www.deanreed.de\/AmericanRebel\/elcantor\/wp-content\/uploads\/2022\/01\/assets.jpg","width":640,"height":460},{"@type":"WebPage","@id":"https:\/\/www.deanreed.de\/AmericanRebel\/elcantor\/utopia\/#webpage","url":"https:\/\/www.deanreed.de\/AmericanRebel\/elcantor\/utopia\/","name":"- Utopia - El Cantor","isPartOf":{"@id":"http:\/\/www.deanreed.de\/AmericanRebel\/elcantor\/#website"},"primaryImageOfPage":{"@id":"https:\/\/www.deanreed.de\/AmericanRebel\/elcantor\/utopia\/#primaryimage"},"datePublished":"2022-01-21T22:31:15+00:00","dateModified":"2022-01-22T13:34:03+00:00","author":{"@id":"http:\/\/www.deanreed.de\/AmericanRebel\/elcantor\/#\/schema\/person\/9e161ae26783202cec7e4d0733914b40"},"breadcrumb":{"@id":"https:\/\/www.deanreed.de\/AmericanRebel\/elcantor\/utopia\/#breadcrumb"},"inLanguage":"de","potentialAction":[{"@type":"ReadAction","target":["https:\/\/www.deanreed.de\/AmericanRebel\/elcantor\/utopia\/"]}]},{"@type":"BreadcrumbList","@id":"https:\/\/www.deanreed.de\/AmericanRebel\/elcantor\/utopia\/#breadcrumb","itemListElement":[{"@type":"ListItem","position":1,"name":"Startseite","item":"http:\/\/www.deanreed.de\/AmericanRebel\/elcantor\/"},{"@type":"ListItem","position":2,"name":"&#8211; Utopia"}]},{"@type":"Person","@id":"http:\/\/www.deanreed.de\/AmericanRebel\/elcantor\/#\/schema\/person\/9e161ae26783202cec7e4d0733914b40","name":"Nicolino","url":"http:\/\/www.deanreed.de\/AmericanRebel\/elcantor\/author\/nicolino\/"}]}},"_links":{"self":[{"href":"http:\/\/www.deanreed.de\/AmericanRebel\/elcantor\/wp-json\/wp\/v2\/posts\/3183"}],"collection":[{"href":"http:\/\/www.deanreed.de\/AmericanRebel\/elcantor\/wp-json\/wp\/v2\/posts"}],"about":[{"href":"http:\/\/www.deanreed.de\/AmericanRebel\/elcantor\/wp-json\/wp\/v2\/types\/post"}],"author":[{"embeddable":true,"href":"http:\/\/www.deanreed.de\/AmericanRebel\/elcantor\/wp-json\/wp\/v2\/users\/3"}],"replies":[{"embeddable":true,"href":"http:\/\/www.deanreed.de\/AmericanRebel\/elcantor\/wp-json\/wp\/v2\/comments?post=3183"}],"version-history":[{"count":41,"href":"http:\/\/www.deanreed.de\/AmericanRebel\/elcantor\/wp-json\/wp\/v2\/posts\/3183\/revisions"}],"predecessor-version":[{"id":3226,"href":"http:\/\/www.deanreed.de\/AmericanRebel\/elcantor\/wp-json\/wp\/v2\/posts\/3183\/revisions\/3226"}],"wp:attachment":[{"href":"http:\/\/www.deanreed.de\/AmericanRebel\/elcantor\/wp-json\/wp\/v2\/media?parent=3183"}],"wp:term":[{"taxonomy":"category","embeddable":true,"href":"http:\/\/www.deanreed.de\/AmericanRebel\/elcantor\/wp-json\/wp\/v2\/categories?post=3183"},{"taxonomy":"post_tag","embeddable":true,"href":"http:\/\/www.deanreed.de\/AmericanRebel\/elcantor\/wp-json\/wp\/v2\/tags?post=3183"}],"curies":[{"name":"wp","href":"https:\/\/api.w.org\/{rel}","templated":true}]}}