{"id":2027,"date":"2019-06-15T14:41:54","date_gmt":"2019-06-15T12:41:54","guid":{"rendered":"http:\/\/www.deanreed.de\/AmericanRebel\/elcantor\/?p=2027"},"modified":"2019-06-16T00:30:53","modified_gmt":"2019-06-15T22:30:53","slug":"2027","status":"publish","type":"post","link":"http:\/\/www.deanreed.de\/AmericanRebel\/elcantor\/2027\/","title":{"rendered":"&#8211; K\u00f6nigskinder ohne Happy End"},"content":{"rendered":"<div class=\"entry\">\n<h4>J\u00fcrgen Eger<\/h4>\n<h2>K\u00f6nigskinder ohne Happy End<\/h2>\n<h4>Zum DEFA-Film &#8222;K\u00f6nigskinder&#8220;<br \/>\n<span style=\"color: #ffffff;\">.<\/span><\/h4>\n<div id=\"attachment_912\" style=\"width: 110px\" class=\"wp-caption alignleft\"><img aria-describedby=\"caption-attachment-912\" loading=\"lazy\" class=\"size-full wp-image-912\" src=\"http:\/\/www.deanreed.de\/AmericanRebel\/elcantor\/wp-content\/uploads\/2017\/01\/Juergen_Eger.jpg\" alt=\"\" width=\"100\" height=\"150\" \/><p id=\"caption-attachment-912\" class=\"wp-caption-text\"><span style=\"color: #333333;\">J\u00fcrgen Eger<\/span><\/p><\/div>\n<p style=\"text-align: justify;\"><strong>Neulich habe ich wiederholt den Frank-Beyer-DEFA-Film &#8222;K\u00f6nigskinder&#8220; geguckt. Und zwar mit einer Brd-Freundin, die Lehrerin war.<\/strong><\/p>\n<p style=\"text-align: justify;\">Die Geschichte beginnt im kaiserreichen Buddelkasten. Die Hauptdarsteller waren Annekathrin B\u00fcrger, Ulrich Thein, Armin M\u00fcller-Stahl. M\u00fcller-Stahl ist junger Kommunist, Thein konvertiert zu den Nazis. B\u00fcrger spielt eine aus kleinb\u00fcrgerlichem Mileu Kommende, die dann doch gegen die Nazis aktive Stellung bezieht. Das war selten genug, aber das hat es gegeben und sollte dem Film-Publikum der 1950er\/1960er eben als vorbildlich vorgestellt werden. Sogar meine Schule im Berliner Prenzlauer Berg spielt mit, die 14. Oberschule und auch der Wasserturm; im Nebenhaus der Schule habe ich 35 Jahre lang gewohnt bis zu meiner Vertreibung Anfang der 1990er. Selbstverst\u00e4ndlich hei\u00dfen seit 1990 aus ihren Betrieben, Wohnungen, H\u00e4usern, Eigentumstitel vertriebene DDR-B\u00fcrger nie und nimmer Vertriebene.<\/p>\n<div id=\"attachment_2029\" style=\"width: 331px\" class=\"wp-caption alignright\"><img aria-describedby=\"caption-attachment-2029\" loading=\"lazy\" class=\" wp-image-2029\" src=\"http:\/\/www.deanreed.de\/AmericanRebel\/elcantor\/wp-content\/uploads\/2019\/06\/errr-300x234.jpg\" alt=\"\" width=\"321\" height=\"250\" srcset=\"http:\/\/www.deanreed.de\/AmericanRebel\/elcantor\/wp-content\/uploads\/2019\/06\/errr-300x234.jpg 300w, http:\/\/www.deanreed.de\/AmericanRebel\/elcantor\/wp-content\/uploads\/2019\/06\/errr-768x598.jpg 768w, http:\/\/www.deanreed.de\/AmericanRebel\/elcantor\/wp-content\/uploads\/2019\/06\/errr-1024x797.jpg 1024w, http:\/\/www.deanreed.de\/AmericanRebel\/elcantor\/wp-content\/uploads\/2019\/06\/errr.jpg 1824w\" sizes=\"(max-width: 321px) 100vw, 321px\" \/><p id=\"caption-attachment-2029\" class=\"wp-caption-text\"><span style=\"color: #808080;\">1962 w\u00e4hrend der Dreharbeiten zu \u00bbK\u00f6nigskinder\u00ab (r: Frank Beyer). Fotografin: Waltraut Pathenheimer, DEFA-Stiftun<\/span>g<\/p><\/div>\n<p style=\"text-align: justify;\">Der Kommunist landet im KZ, der Konvertierte in der SA, der aber alsbald in Gewissenskonflikte ger\u00e4t wegen des Verrats an der Klasse. Und damit auch an den Kindheits- und Jugendfreunden. Beide M\u00e4nner landen schlie\u00dflich im Strafbataillon. Beide als Kanonenfutter, der eine als KZ Herk\u00f6mmling, der andere als dessen Aufseher und Schleifer. Eine Konstellation, die immerhin der historischen Wahrheit entspricht; der kleine SA-Mann ist letztlich genauso Todeskandidat wie jeder andere Sch\u00fctze-Arsch. Nur da\u00df er besonders vorauseilend in seinen eigenen Todmarschierte. Wie Brecht es in Umdichtung des &#8222;Horst-Wessel-Liedes&#8220; beschrieb.<\/p>\n<p style=\"text-align: justify;\">Die Kommunisten wollen desertieren\/\u00fcberlaufen, der Aufseher profitiert schlie\u00dflich auch davon. Umso besser, da\u00df er zuvor schon sein Menschsein wiederentdeckt hatte&#8230;<\/p>\n<p style=\"text-align: justify;\">Beide werden dann nach Moskau geflogen, und ein sowjetischer Soldat singt ein besonders sch\u00f6nes Lied, in dem die Hoffnungen auf das Kriegsende poetisiert ist. Das sollte ich mir mal raussuchen und lernen&#8230;<\/p>\n<p style=\"text-align: justify;\">Die junge Frau, die sich f\u00fcr den Kommunisten entschieden hatte (damals entschieden sich die Weiber f\u00fcr die Kommunisten, im Film wie in der Wirklichkeit, das ist seit 1990 sehr anders), steigt eben in ein Flugzeug ein, das sie als Illegale nach Deutschland bringen soll, als der Kommunist und der Ex-SA-Mann das Flugzeug wechseln. Der Kommunist sieht sie einsteigen, sie bemerkt ihn nicht. Er rennt dem Flugzeug hinterher. Filmende.<\/p>\n<p style=\"text-align: justify;\">Meine Freundin fand den Film interessant, neu, unbekannt, ist aber sehr entt\u00e4uscht, da es kein Happy End gibt. Das ist der Unterschied &#8211; eben! &#8211; zum Brd &#8222;Heimat&#8220;-Film, der in der Zeit, als &#8222;K\u00f6nigskinder&#8220; produziert wurde, in der Brd H\u00f6chstkonjunktur hatte.<\/p>\n<p class=\"text-subheadline\" style=\"text-align: justify;\">DDR-Autor und Regisseur konnten das, was dieser FASCHISMUS und was dieser Krieg hervorbrachten eben nicht als ein HAPPY End begreifen und nicht darstellen.<br \/>\n<span style=\"color: #ffffff;\">.<\/span><br \/>\n<em>Mehr:<\/em><\/p>\n<p>&gt;&gt;&gt; <a href=\"https:\/\/www.defa-stiftung.de\/stiftung\/aktuelles\/meldung\/koenigskinder-in-bologna\/\" target=\"_blank\" rel=\"noopener noreferrer\">K\u00d6NIGSKINDER in Bologna<\/a> &#8211; <time datetime=\"2019-06-22 19:00\">22. Juni &#8211; 30. Juni 2019\u00a0 &#8211; <\/time>Das Filmfestival \u201eIl Cinema Ritrovato\u201c im italienischen Bologna pr\u00e4sentiert erstmals die digital restaurierte Fassung von Frank Beyers K\u00d6NIGSKINDER (1962).<\/p>\n<p class=\"text-subheadline\">&gt;&gt;&gt; <a href=\"https:\/\/www.amazon.de\/Armin-Mueller-Stahl-K%C3%B6nigskinder-Nelken-Kino-Legenden\/dp\/B073L8Y76T\" target=\"_blank\" rel=\"noopener noreferrer\">K\u00d6NIGSKINDER als DVD bestellen<\/a><\/p>\n<p>&gt; \u00fcber den Autor<\/p>\n<blockquote class=\"wp-embedded-content\" data-secret=\"F5lsW5vWRD\"><p><a href=\"http:\/\/www.deanreed.de\/AmericanRebel\/elcantor\/?p=47\">&#8211; Ich, J\u00fcrgen Eger \u2013 Made in DDR<\/a><\/p><\/blockquote>\n<p><iframe title=\"&#8222;&#8211; Ich, J\u00fcrgen Eger \u2013 Made in DDR&#8220; &#8212; El Cantor\" class=\"wp-embedded-content\" sandbox=\"allow-scripts\" security=\"restricted\" style=\"position: absolute; clip: rect(1px, 1px, 1px, 1px);\" src=\"http:\/\/www.deanreed.de\/AmericanRebel\/elcantor\/?p=47&#038;embed=true#?secret=F5lsW5vWRD\" data-secret=\"F5lsW5vWRD\" width=\"500\" height=\"282\" frameborder=\"0\" marginwidth=\"0\" marginheight=\"0\" scrolling=\"no\"><\/iframe><\/p>\n<\/div>\n<div class=\"entry\">\n<p>&nbsp;<\/p>\n<\/div>\n<p style=\"text-align: center;\"><span style=\"font-size: 10pt; color: #000000;\">F\u00fcr den Inhalt dieses Artikels ist der Autor bzw. die Autorin verantwortlich.<br \/>\nDabei muss es sich nicht grunds\u00e4tzlich um die Meinung der Redaktion handeln.<\/span><\/p>\n<blockquote>\n<table width=\"100%\" align=\"center\">\n<tbody>\n<tr>\n<td style=\"text-align: justify;\"><img loading=\"lazy\" class=\"size-full wp-image-7516 aligncenter\" src=\"http:\/\/www.deanreed.de\/AmericanRebel\/2017\/wp-content\/uploads\/2018\/10\/88x31.png\" alt=\"\" width=\"88\" height=\"31\" \/><\/td>\n<td style=\"text-align: justify; font-size: 10pt;\"><a href=\"https:\/\/creativecommons.org\/licenses\/by-nc-nd\/4.0\/\" target=\"_blank\" rel=\"license noopener noreferrer\">Dieses Werk ist lizenziert unter einer Creative Commons Namensnennung &#8211;<br \/>\nNicht kommerziell &#8211; Keine Bearbeitungen 4.0 International Lizenz.<\/a><\/td>\n<\/tr>\n<tr>\n<td>\n<form action=\"https:\/\/www.paypal.com\/cgi-bin\/webscr\" method=\"post\" target=\"_top\"><input alt=\"Jetzt einfach, schnell und sicher online bezahlen \u2013 mit PayPal.\" name=\"submit\" src=\"https:\/\/www.paypalobjects.com\/de_DE\/DE\/i\/btn\/btn_donateCC_LG.gif\" type=\"image\" \/><\/form>\n<\/td>\n<td><span style=\"color: #993300;\"><strong>Auch linker Journalismus ist nicht kostenlos<br \/>\nund auch kleine Spenden k\u00f6nnen helfen Gro\u00dfes zu ver\u00f6ffentlichen!<\/strong><\/span><\/td>\n<\/tr>\n<\/tbody>\n<\/table>\n<div style=\"margin-left: 10px;\"><a title=\"zur Startseite\" href=\"http:\/\/www.ElCantor.de\/\"><img loading=\"lazy\" class=\"alignleft\" src=\"http:\/\/www.deanreed.de\/AmericanRebel\/2017\/wp-content\/uploads\/2017\/03\/back_ar.png\" alt=\"zur\u00fcck zur Startseite\" width=\"156\" height=\"15\" \/><\/a><\/div>\n<div style=\"margin-right: 10px;\"><a href=\"https:\/\/www.facebook.com\/groups\/1683837971860223\/permalink\/1987214344855916\/\" target=\"_blank\" rel=\"noopener noreferrer\"><img loading=\"lazy\" class=\"alignright\" src=\"http:\/\/www.deanreed.de\/AmericanRebel\/2017\/wp-content\/uploads\/2017\/03\/ar_zu_fb.png\" alt=\"hier geht es zur Facebook Diskussionsgruppe\" width=\"353\" height=\"15\" \/><\/a><\/div>\n<p style=\"text-align: center;\"><a href=\"#respond\" target=\"_blank\" rel=\"noopener noreferrer\"><img loading=\"lazy\" class=\"aligncenter\" src=\"http:\/\/www.deanreed.de\/AmericanRebel\/2017\/wp-content\/uploads\/2017\/03\/ar_kommentar-1.png\" alt=\"Sag uns deine Meinung zum Artikel mit einem Kommentar\/Leserbrief\" width=\"627\" height=\"20\" \/><\/a><\/p>\n<\/blockquote>\n","protected":false},"excerpt":{"rendered":"<p>J\u00fcrgen Eger K\u00f6nigskinder ohne Happy End Zum DEFA-Film &#8222;K\u00f6nigskinder&#8220; . Neulich habe ich wiederholt den Frank-Beyer-DEFA-Film &#8222;K\u00f6nigskinder&#8220; geguckt. Und zwar mit einer Brd-Freundin, die Lehrerin war. Die Geschichte beginnt im kaiserreichen Buddelkasten. Die Hauptdarsteller waren Annekathrin B\u00fcrger, Ulrich Thein, Armin [&hellip;]<a class=\"more-link\" href=\"http:\/\/www.deanreed.de\/AmericanRebel\/elcantor\/2027\/\">&darr; Lese den Rest von diesem Eintrag&#8230;<\/a><\/p>\n","protected":false},"author":3,"featured_media":0,"comment_status":"open","ping_status":"open","sticky":false,"template":"","format":"standard","meta":[],"categories":[1],"tags":[],"yoast_head":"<!-- This site is optimized with the Yoast SEO plugin v17.5 - https:\/\/yoast.com\/wordpress\/plugins\/seo\/ -->\n<title>- K\u00f6nigskinder ohne Happy End - El Cantor<\/title>\n<meta name=\"robots\" content=\"index, follow, max-snippet:-1, max-image-preview:large, max-video-preview:-1\" \/>\n<link rel=\"canonical\" href=\"https:\/\/www.deanreed.de\/AmericanRebel\/elcantor\/2027\/\" \/>\n<meta property=\"og:locale\" content=\"de_DE\" \/>\n<meta property=\"og:type\" content=\"article\" \/>\n<meta property=\"og:title\" content=\"- K\u00f6nigskinder ohne Happy End - El Cantor\" \/>\n<meta property=\"og:description\" content=\"J\u00fcrgen Eger K\u00f6nigskinder ohne Happy End Zum DEFA-Film &#8222;K\u00f6nigskinder&#8220; . Neulich habe ich wiederholt den Frank-Beyer-DEFA-Film &#8222;K\u00f6nigskinder&#8220; geguckt. Und zwar mit einer Brd-Freundin, die Lehrerin war. Die Geschichte beginnt im kaiserreichen Buddelkasten. Die Hauptdarsteller waren Annekathrin B\u00fcrger, Ulrich Thein, Armin [&hellip;]&darr; Lese den Rest von diesem Eintrag...\" \/>\n<meta property=\"og:url\" content=\"https:\/\/www.deanreed.de\/AmericanRebel\/elcantor\/2027\/\" \/>\n<meta property=\"og:site_name\" content=\"El Cantor\" \/>\n<meta property=\"article:published_time\" content=\"2019-06-15T12:41:54+00:00\" \/>\n<meta property=\"article:modified_time\" content=\"2019-06-15T22:30:53+00:00\" \/>\n<meta property=\"og:image\" content=\"https:\/\/www.deanreed.de\/AmericanRebel\/elcantor\/wp-content\/uploads\/2019\/06\/errr.jpg\" \/>\n\t<meta property=\"og:image:width\" content=\"1824\" \/>\n\t<meta property=\"og:image:height\" content=\"1420\" \/>\n<meta name=\"twitter:card\" content=\"summary_large_image\" \/>\n<meta name=\"twitter:label1\" content=\"Verfasst von\" \/>\n\t<meta name=\"twitter:data1\" content=\"Nicolino\" \/>\n\t<meta name=\"twitter:label2\" content=\"Gesch\u00e4tzte Lesezeit\" \/>\n\t<meta name=\"twitter:data2\" content=\"3\u00a0Minuten\" \/>\n<script type=\"application\/ld+json\" class=\"yoast-schema-graph\">{\"@context\":\"https:\/\/schema.org\",\"@graph\":[{\"@type\":\"WebSite\",\"@id\":\"http:\/\/www.deanreed.de\/AmericanRebel\/elcantor\/#website\",\"url\":\"http:\/\/www.deanreed.de\/AmericanRebel\/elcantor\/\",\"name\":\"El Cantor\",\"description\":\"Mit der Gitarre f\\u00fcr Frieden, Gerechtigkeit und das Recht auf ein Leben ohne Ausbeutung\",\"potentialAction\":[{\"@type\":\"SearchAction\",\"target\":{\"@type\":\"EntryPoint\",\"urlTemplate\":\"http:\/\/www.deanreed.de\/AmericanRebel\/elcantor\/?s={search_term_string}\"},\"query-input\":\"required name=search_term_string\"}],\"inLanguage\":\"de\"},{\"@type\":\"ImageObject\",\"@id\":\"https:\/\/www.deanreed.de\/AmericanRebel\/elcantor\/2027\/#primaryimage\",\"inLanguage\":\"de\",\"url\":\"http:\/\/www.deanreed.de\/AmericanRebel\/elcantor\/wp-content\/uploads\/2019\/06\/errr.jpg\",\"contentUrl\":\"http:\/\/www.deanreed.de\/AmericanRebel\/elcantor\/wp-content\/uploads\/2019\/06\/errr.jpg\",\"width\":1824,\"height\":1420,\"caption\":\"1962 w\\u00e4hrend der Dreharbeiten zu \\u00bbK\\u00f6nigskinder\\u00ab (r: Frank Beyer). Fotografin: Waltraut Pathenheimer, DEFA-Stiftung\"},{\"@type\":\"WebPage\",\"@id\":\"https:\/\/www.deanreed.de\/AmericanRebel\/elcantor\/2027\/#webpage\",\"url\":\"https:\/\/www.deanreed.de\/AmericanRebel\/elcantor\/2027\/\",\"name\":\"- K\\u00f6nigskinder ohne Happy End - El Cantor\",\"isPartOf\":{\"@id\":\"http:\/\/www.deanreed.de\/AmericanRebel\/elcantor\/#website\"},\"primaryImageOfPage\":{\"@id\":\"https:\/\/www.deanreed.de\/AmericanRebel\/elcantor\/2027\/#primaryimage\"},\"datePublished\":\"2019-06-15T12:41:54+00:00\",\"dateModified\":\"2019-06-15T22:30:53+00:00\",\"author\":{\"@id\":\"http:\/\/www.deanreed.de\/AmericanRebel\/elcantor\/#\/schema\/person\/9e161ae26783202cec7e4d0733914b40\"},\"breadcrumb\":{\"@id\":\"https:\/\/www.deanreed.de\/AmericanRebel\/elcantor\/2027\/#breadcrumb\"},\"inLanguage\":\"de\",\"potentialAction\":[{\"@type\":\"ReadAction\",\"target\":[\"https:\/\/www.deanreed.de\/AmericanRebel\/elcantor\/2027\/\"]}]},{\"@type\":\"BreadcrumbList\",\"@id\":\"https:\/\/www.deanreed.de\/AmericanRebel\/elcantor\/2027\/#breadcrumb\",\"itemListElement\":[{\"@type\":\"ListItem\",\"position\":1,\"name\":\"Startseite\",\"item\":\"http:\/\/www.deanreed.de\/AmericanRebel\/elcantor\/\"},{\"@type\":\"ListItem\",\"position\":2,\"name\":\"&#8211; K\\u00f6nigskinder ohne Happy End\"}]},{\"@type\":\"Person\",\"@id\":\"http:\/\/www.deanreed.de\/AmericanRebel\/elcantor\/#\/schema\/person\/9e161ae26783202cec7e4d0733914b40\",\"name\":\"Nicolino\",\"url\":\"http:\/\/www.deanreed.de\/AmericanRebel\/elcantor\/author\/nicolino\/\"}]}<\/script>\n<!-- \/ Yoast SEO plugin. -->","yoast_head_json":{"title":"- K\u00f6nigskinder ohne Happy End - El Cantor","robots":{"index":"index","follow":"follow","max-snippet":"max-snippet:-1","max-image-preview":"max-image-preview:large","max-video-preview":"max-video-preview:-1"},"canonical":"https:\/\/www.deanreed.de\/AmericanRebel\/elcantor\/2027\/","og_locale":"de_DE","og_type":"article","og_title":"- K\u00f6nigskinder ohne Happy End - El Cantor","og_description":"J\u00fcrgen Eger K\u00f6nigskinder ohne Happy End Zum DEFA-Film &#8222;K\u00f6nigskinder&#8220; . Neulich habe ich wiederholt den Frank-Beyer-DEFA-Film &#8222;K\u00f6nigskinder&#8220; geguckt. Und zwar mit einer Brd-Freundin, die Lehrerin war. Die Geschichte beginnt im kaiserreichen Buddelkasten. Die Hauptdarsteller waren Annekathrin B\u00fcrger, Ulrich Thein, Armin [&hellip;]&darr; Lese den Rest von diesem Eintrag...","og_url":"https:\/\/www.deanreed.de\/AmericanRebel\/elcantor\/2027\/","og_site_name":"El Cantor","article_published_time":"2019-06-15T12:41:54+00:00","article_modified_time":"2019-06-15T22:30:53+00:00","og_image":[{"width":1824,"height":1420,"url":"https:\/\/www.deanreed.de\/AmericanRebel\/elcantor\/wp-content\/uploads\/2019\/06\/errr.jpg","type":"image\/jpeg"}],"twitter_card":"summary_large_image","twitter_misc":{"Verfasst von":"Nicolino","Gesch\u00e4tzte Lesezeit":"3\u00a0Minuten"},"schema":{"@context":"https:\/\/schema.org","@graph":[{"@type":"WebSite","@id":"http:\/\/www.deanreed.de\/AmericanRebel\/elcantor\/#website","url":"http:\/\/www.deanreed.de\/AmericanRebel\/elcantor\/","name":"El Cantor","description":"Mit der Gitarre f\u00fcr Frieden, Gerechtigkeit und das Recht auf ein Leben ohne Ausbeutung","potentialAction":[{"@type":"SearchAction","target":{"@type":"EntryPoint","urlTemplate":"http:\/\/www.deanreed.de\/AmericanRebel\/elcantor\/?s={search_term_string}"},"query-input":"required name=search_term_string"}],"inLanguage":"de"},{"@type":"ImageObject","@id":"https:\/\/www.deanreed.de\/AmericanRebel\/elcantor\/2027\/#primaryimage","inLanguage":"de","url":"http:\/\/www.deanreed.de\/AmericanRebel\/elcantor\/wp-content\/uploads\/2019\/06\/errr.jpg","contentUrl":"http:\/\/www.deanreed.de\/AmericanRebel\/elcantor\/wp-content\/uploads\/2019\/06\/errr.jpg","width":1824,"height":1420,"caption":"1962 w\u00e4hrend der Dreharbeiten zu \u00bbK\u00f6nigskinder\u00ab (r: Frank Beyer). Fotografin: Waltraut Pathenheimer, DEFA-Stiftung"},{"@type":"WebPage","@id":"https:\/\/www.deanreed.de\/AmericanRebel\/elcantor\/2027\/#webpage","url":"https:\/\/www.deanreed.de\/AmericanRebel\/elcantor\/2027\/","name":"- K\u00f6nigskinder ohne Happy End - El Cantor","isPartOf":{"@id":"http:\/\/www.deanreed.de\/AmericanRebel\/elcantor\/#website"},"primaryImageOfPage":{"@id":"https:\/\/www.deanreed.de\/AmericanRebel\/elcantor\/2027\/#primaryimage"},"datePublished":"2019-06-15T12:41:54+00:00","dateModified":"2019-06-15T22:30:53+00:00","author":{"@id":"http:\/\/www.deanreed.de\/AmericanRebel\/elcantor\/#\/schema\/person\/9e161ae26783202cec7e4d0733914b40"},"breadcrumb":{"@id":"https:\/\/www.deanreed.de\/AmericanRebel\/elcantor\/2027\/#breadcrumb"},"inLanguage":"de","potentialAction":[{"@type":"ReadAction","target":["https:\/\/www.deanreed.de\/AmericanRebel\/elcantor\/2027\/"]}]},{"@type":"BreadcrumbList","@id":"https:\/\/www.deanreed.de\/AmericanRebel\/elcantor\/2027\/#breadcrumb","itemListElement":[{"@type":"ListItem","position":1,"name":"Startseite","item":"http:\/\/www.deanreed.de\/AmericanRebel\/elcantor\/"},{"@type":"ListItem","position":2,"name":"&#8211; K\u00f6nigskinder ohne Happy End"}]},{"@type":"Person","@id":"http:\/\/www.deanreed.de\/AmericanRebel\/elcantor\/#\/schema\/person\/9e161ae26783202cec7e4d0733914b40","name":"Nicolino","url":"http:\/\/www.deanreed.de\/AmericanRebel\/elcantor\/author\/nicolino\/"}]}},"_links":{"self":[{"href":"http:\/\/www.deanreed.de\/AmericanRebel\/elcantor\/wp-json\/wp\/v2\/posts\/2027"}],"collection":[{"href":"http:\/\/www.deanreed.de\/AmericanRebel\/elcantor\/wp-json\/wp\/v2\/posts"}],"about":[{"href":"http:\/\/www.deanreed.de\/AmericanRebel\/elcantor\/wp-json\/wp\/v2\/types\/post"}],"author":[{"embeddable":true,"href":"http:\/\/www.deanreed.de\/AmericanRebel\/elcantor\/wp-json\/wp\/v2\/users\/3"}],"replies":[{"embeddable":true,"href":"http:\/\/www.deanreed.de\/AmericanRebel\/elcantor\/wp-json\/wp\/v2\/comments?post=2027"}],"version-history":[{"count":10,"href":"http:\/\/www.deanreed.de\/AmericanRebel\/elcantor\/wp-json\/wp\/v2\/posts\/2027\/revisions"}],"predecessor-version":[{"id":2038,"href":"http:\/\/www.deanreed.de\/AmericanRebel\/elcantor\/wp-json\/wp\/v2\/posts\/2027\/revisions\/2038"}],"wp:attachment":[{"href":"http:\/\/www.deanreed.de\/AmericanRebel\/elcantor\/wp-json\/wp\/v2\/media?parent=2027"}],"wp:term":[{"taxonomy":"category","embeddable":true,"href":"http:\/\/www.deanreed.de\/AmericanRebel\/elcantor\/wp-json\/wp\/v2\/categories?post=2027"},{"taxonomy":"post_tag","embeddable":true,"href":"http:\/\/www.deanreed.de\/AmericanRebel\/elcantor\/wp-json\/wp\/v2\/tags?post=2027"}],"curies":[{"name":"wp","href":"https:\/\/api.w.org\/{rel}","templated":true}]}}