{"id":2005,"date":"2019-06-14T01:11:51","date_gmt":"2019-06-13T23:11:51","guid":{"rendered":"http:\/\/www.deanreed.de\/AmericanRebel\/elcantor\/?p=2005"},"modified":"2019-06-14T03:06:10","modified_gmt":"2019-06-14T01:06:10","slug":"festival-fuer-zusammenhalt-und-solidaritaet","status":"publish","type":"post","link":"http:\/\/www.deanreed.de\/AmericanRebel\/elcantor\/festival-fuer-zusammenhalt-und-solidaritaet\/","title":{"rendered":"&#8211; Festival f\u00fcr Zusammenhalt und Solidarit\u00e4t"},"content":{"rendered":"<div id=\"main-content\" class=\"mh-content\">\n<article id=\"post-28378\" class=\"post-28378 post type-post status-publish format-standard has-post-thumbnail hentry category-deutsch tag-didf tag-festival-fuer-zusammenhalt-und-solidaritaet tag-foederation-demokratischer-arbeitervereine\">\n<header class=\"entry-header clearfix\">\n<h2 class=\"entry-title\">Festival f\u00fcr Zusammenhalt und Solidarit\u00e4t<\/h2>\n<p><span style=\"color: #ffffff;\">.<\/span><\/p>\n<h3 style=\"text-align: center;\"><strong> &gt;&gt;&gt;Sonnabend, 15. Juni, ab 15:00 Uhr in K\u00f6ln-Deutz,<br \/>\nOpen Air am Tanzbrunnen, Rheinparkweg 1, neben dem Rheinpark&lt;&lt;&lt;<\/strong><\/h3>\n<p style=\"text-align: justify;\">Alle 2 Jahre veranstaltet die DIDF, F\u00f6deration demokratischer Arbeitervereine, ein Festival f\u00fcr Zusammenhalt und Solidarit\u00e4t. Auch dieses Jahr findet das \u201eOpen Air Festival\u201c, wie vor 2 Jahren, im Tanzbrunnen in K\u00f6ln statt. Aus der ganzen Bundesrepublik reisen Tausende von Interessierten, Freunden und Mitgliedern der DIDF zum Festival, um am kulturell reichen Programm teilzunehmen, die Stimmung zu genie\u00dfen, sich zu informieren und ein Zeichen f\u00fcr Zusammenhalt und Solidarit\u00e4t zu zeigen. Neben einem umfangreichen kulturellen Programm auf der B\u00fchne stellen Gewerkschaften, NGO\u00b4s und befreundete Organisationen mit Infost\u00e4nden eine Bereicherung des Programms dar. F\u00fcr Kinder ist ein separates Programm organisiert: neben malen und basteln k\u00f6nnen sie sich in den Spielstationen austoben und den erwartet sonnigen Tag genie\u00dfen. Ebenfalls werden auf dem Gel\u00e4nde verschiedene Bilderausstellungen aufgeh\u00e4ngt, B\u00fcchertische aufgestellt und verschiedene Autoren werden ihre Werke signieren.<br \/>\n<span style=\"color: #ffffff;\">.<\/span><\/p>\n<\/header>\n<div class=\"entry-content clearfix\">\n<div class=\"googlepublisherpluginad\" style=\"text-align: justify;\">\n<p><img loading=\"lazy\" class=\" wp-image-2006 aligncenter\" src=\"http:\/\/www.deanreed.de\/AmericanRebel\/elcantor\/wp-content\/uploads\/2019\/06\/va_festival_fuer_zusammenhalt_und_solidaritaet_20190417-1-300x169.png\" alt=\"\" width=\"628\" height=\"354\" srcset=\"http:\/\/www.deanreed.de\/AmericanRebel\/elcantor\/wp-content\/uploads\/2019\/06\/va_festival_fuer_zusammenhalt_und_solidaritaet_20190417-1-300x169.png 300w, http:\/\/www.deanreed.de\/AmericanRebel\/elcantor\/wp-content\/uploads\/2019\/06\/va_festival_fuer_zusammenhalt_und_solidaritaet_20190417-1.png 720w\" sizes=\"(max-width: 628px) 100vw, 628px\" \/><\/p>\n<p class=\"entry-title\"><span style=\"color: #ffffff;\">.<\/span><br \/>\nAls K\u00fcnstler sind auf dem Festival mit dabei der Rapper Moe Phoenix, die t\u00fcrkische S\u00e4ngerin Burcu G\u00fcne\u015f, die mehrsprachige politische Musikgruppe Karde\u015f T\u00fcrk\u00fcler, die Ausschwitz\u00fcberlebende Esther Bejerano mit ihrer befreundeten Band Microphone Mafia, Chor- und Folkloregruppen der DIDF-Ortsgruppen sowie der Kaberetist M\u00fcfit Can Sa\u00e7\u0131nt\u0131. Es werden auch deutsche sowie t\u00fcrkische Redner auftreten und Gru\u00dfbotschaften ausrichten.<\/p>\n<\/div>\n<p style=\"text-align: justify;\">In Zeiten, in der Rassismus wieder salonf\u00e4hig gemacht und Hass und Spaltung zur allgemeing\u00fcltigen Gesellschaftsnorm gemacht wurden, in der die soziale Spaltung unaufhaltsam voranschreitet, Alters- und Kinderarmut sich in der ganzen Welt ausbreitet, die Wohnungs-, Versorgungs- und Energiepreise ins Unermessliche steigen, die Natur und das Klima bis zum \u00e4u\u00dfersten vernichtet werden, m\u00f6chte die DIDF mit diesem Festival f\u00fcr ein friedliches und gemeinschaftliches Miteinander stehen und Solidarit\u00e4t mit Arbeitern, Rentnern, Jugendlichen und der Natur zeigen. Statt f\u00fcr Banken und Konzerne und ihre Profitinteressen fordert die DIDF auf ihrem Festival Arbeit, Auskommen von dem man leben kann, bezahlbaren Wohnraum und gleiche Rechte f\u00fcr alle. Die DIDF m\u00f6chte sich aktiv gegen jegliche Spaltung stellen und die Menschen und Kulturen aneinander n\u00e4her bringen, denn gemeinsame Probleme kann man nur gemeinsam l\u00f6sen!<br \/>\n<span style=\"color: #ffffff;\">.<\/span><br \/>\n<a href=\"https:\/\/www.koelnticket.de\/F%C3%BCr+Zusammenhalt+%26+Solidarit%C3%A4t+-+Birlik+ve+Dayanisma-Acik+Hava+Festivali-Ticket-67\/?evId=2021629&amp;pageId=67\" target=\"_blank\" rel=\"noopener noreferrer\"><strong><em><span style=\"font-size: 16pt;\"><span style=\"font-size: 14pt;\">Weitere Veranstaltungsinfos &gt;&gt;&gt;<\/span><\/span><\/em><\/strong><\/a><span style=\"color: #ffffff;\">.<br \/>\n.<br \/>\n<\/span><em><span style=\"color: #ffffff;\">.<\/span><br \/>\nAnzeige<br \/>\n______________________________________________________________________________________<br \/>\n<span style=\"color: #ffffff; font-size: 6pt;\">.<\/span><br \/>\n<\/em><\/p>\n<table class=\" aligncenter\" cellpadding=\"2\">\n<tbody>\n<tr>\n<td><strong><span style=\"font-size: 14pt;\"><span style=\"font-size: 16pt;\">Besucht unseren Infostand<\/span><br \/>\nauf dem <\/span><\/strong><span style=\"font-size: 14pt;\"><strong>Festival<br \/>\nf\u00fcr Zusammenarbeit <\/strong><strong>und Solidarit\u00e4t<span style=\"color: #ffffff;\">..<\/span><\/strong><br \/>\n<span style=\"font-size: 6pt; color: #ffffff;\">.<\/span><br \/>\nMit dabei haben wir die neueste Ausgabe<span style=\"color: #ffffff;\">.<\/span><br \/>\nvon <span style=\"font-size: 16pt;\"><strong><span style=\"font-family: arial, helvetica, sans-serif;\"><em>ARBEIT ZUKUNFT<\/em><\/span><\/strong><\/span> und als<br \/>\nZeitdokument die neu formatierte<br \/>\nhistorische Ausgabe des<br \/>\n<a href=\"http:\/\/www.deanreed.de\/AmericanRebel\/2017\/?p=20673\" target=\"_blank\" rel=\"noopener noreferrer\">Roten Morgen vom Dez.\/Jan. 1969<\/a><br \/>\n<\/span><\/td>\n<td>\n<h2 class=\"entry-title\"><img loading=\"lazy\" class=\"alignnone wp-image-2013 aligncenter\" src=\"http:\/\/www.deanreed.de\/AmericanRebel\/elcantor\/wp-content\/uploads\/2019\/06\/rr-300x210.jpg\" alt=\"\" width=\"300\" height=\"210\" srcset=\"http:\/\/www.deanreed.de\/AmericanRebel\/elcantor\/wp-content\/uploads\/2019\/06\/rr-300x210.jpg 300w, http:\/\/www.deanreed.de\/AmericanRebel\/elcantor\/wp-content\/uploads\/2019\/06\/rr-768x537.jpg 768w, http:\/\/www.deanreed.de\/AmericanRebel\/elcantor\/wp-content\/uploads\/2019\/06\/rr.jpg 994w\" sizes=\"(max-width: 300px) 100vw, 300px\" \/><\/h2>\n<\/td>\n<\/tr>\n<\/tbody>\n<\/table>\n<p><em>______________________________________________________________________________________<\/em><\/p>\n<\/div>\n<\/article>\n<\/div>\n","protected":false},"excerpt":{"rendered":"<p>Festival f\u00fcr Zusammenhalt und Solidarit\u00e4t . &gt;&gt;&gt;Sonnabend, 15. Juni, ab 15:00 Uhr in K\u00f6ln-Deutz, Open Air am Tanzbrunnen, Rheinparkweg 1, neben dem Rheinpark&lt;&lt;&lt; Alle 2 Jahre veranstaltet die DIDF, F\u00f6deration demokratischer Arbeitervereine, ein Festival f\u00fcr Zusammenhalt und Solidarit\u00e4t. Auch dieses [&hellip;]<a class=\"more-link\" href=\"http:\/\/www.deanreed.de\/AmericanRebel\/elcantor\/festival-fuer-zusammenhalt-und-solidaritaet\/\">&darr; Lese den Rest von diesem Eintrag&#8230;<\/a><\/p>\n","protected":false},"author":3,"featured_media":0,"comment_status":"open","ping_status":"open","sticky":false,"template":"","format":"standard","meta":[],"categories":[1],"tags":[],"yoast_head":"<!-- This site is optimized with the Yoast SEO plugin v17.5 - https:\/\/yoast.com\/wordpress\/plugins\/seo\/ -->\n<title>- Festival f\u00fcr Zusammenhalt und Solidarit\u00e4t - El Cantor<\/title>\n<meta name=\"robots\" content=\"index, follow, max-snippet:-1, max-image-preview:large, max-video-preview:-1\" \/>\n<link rel=\"canonical\" href=\"https:\/\/www.deanreed.de\/AmericanRebel\/elcantor\/festival-fuer-zusammenhalt-und-solidaritaet\/\" \/>\n<meta property=\"og:locale\" content=\"de_DE\" \/>\n<meta property=\"og:type\" content=\"article\" \/>\n<meta property=\"og:title\" content=\"- Festival f\u00fcr Zusammenhalt und Solidarit\u00e4t - El Cantor\" \/>\n<meta property=\"og:description\" content=\"Festival f\u00fcr Zusammenhalt und Solidarit\u00e4t . &gt;&gt;&gt;Sonnabend, 15. Juni, ab 15:00 Uhr in K\u00f6ln-Deutz, Open Air am Tanzbrunnen, Rheinparkweg 1, neben dem Rheinpark&lt;&lt;&lt; Alle 2 Jahre veranstaltet die DIDF, F\u00f6deration demokratischer Arbeitervereine, ein Festival f\u00fcr Zusammenhalt und Solidarit\u00e4t. Auch dieses [&hellip;]&darr; Lese den Rest von diesem Eintrag...\" \/>\n<meta property=\"og:url\" content=\"https:\/\/www.deanreed.de\/AmericanRebel\/elcantor\/festival-fuer-zusammenhalt-und-solidaritaet\/\" \/>\n<meta property=\"og:site_name\" content=\"El Cantor\" \/>\n<meta property=\"article:published_time\" content=\"2019-06-13T23:11:51+00:00\" \/>\n<meta property=\"article:modified_time\" content=\"2019-06-14T01:06:10+00:00\" \/>\n<meta property=\"og:image\" content=\"https:\/\/www.deanreed.de\/AmericanRebel\/elcantor\/wp-content\/uploads\/2019\/06\/va_festival_fuer_zusammenhalt_und_solidaritaet_20190417-1.png\" \/>\n\t<meta property=\"og:image:width\" content=\"720\" \/>\n\t<meta property=\"og:image:height\" content=\"405\" \/>\n<meta name=\"twitter:card\" content=\"summary_large_image\" \/>\n<meta name=\"twitter:label1\" content=\"Verfasst von\" \/>\n\t<meta name=\"twitter:data1\" content=\"Nicolino\" \/>\n\t<meta name=\"twitter:label2\" content=\"Gesch\u00e4tzte Lesezeit\" \/>\n\t<meta name=\"twitter:data2\" content=\"2\u00a0Minuten\" \/>\n<script type=\"application\/ld+json\" class=\"yoast-schema-graph\">{\"@context\":\"https:\/\/schema.org\",\"@graph\":[{\"@type\":\"WebSite\",\"@id\":\"https:\/\/www.deanreed.de\/AmericanRebel\/elcantor\/#website\",\"url\":\"https:\/\/www.deanreed.de\/AmericanRebel\/elcantor\/\",\"name\":\"El Cantor\",\"description\":\"Mit der Gitarre f\\u00fcr Frieden, Gerechtigkeit und das Recht auf ein Leben ohne Ausbeutung\",\"potentialAction\":[{\"@type\":\"SearchAction\",\"target\":{\"@type\":\"EntryPoint\",\"urlTemplate\":\"https:\/\/www.deanreed.de\/AmericanRebel\/elcantor\/?s={search_term_string}\"},\"query-input\":\"required name=search_term_string\"}],\"inLanguage\":\"de\"},{\"@type\":\"ImageObject\",\"@id\":\"https:\/\/www.deanreed.de\/AmericanRebel\/elcantor\/festival-fuer-zusammenhalt-und-solidaritaet\/#primaryimage\",\"inLanguage\":\"de\",\"url\":\"http:\/\/www.deanreed.de\/AmericanRebel\/elcantor\/wp-content\/uploads\/2019\/06\/va_festival_fuer_zusammenhalt_und_solidaritaet_20190417-1.png\",\"contentUrl\":\"http:\/\/www.deanreed.de\/AmericanRebel\/elcantor\/wp-content\/uploads\/2019\/06\/va_festival_fuer_zusammenhalt_und_solidaritaet_20190417-1.png\",\"width\":720,\"height\":405},{\"@type\":\"WebPage\",\"@id\":\"https:\/\/www.deanreed.de\/AmericanRebel\/elcantor\/festival-fuer-zusammenhalt-und-solidaritaet\/#webpage\",\"url\":\"https:\/\/www.deanreed.de\/AmericanRebel\/elcantor\/festival-fuer-zusammenhalt-und-solidaritaet\/\",\"name\":\"- Festival f\\u00fcr Zusammenhalt und Solidarit\\u00e4t - El Cantor\",\"isPartOf\":{\"@id\":\"https:\/\/www.deanreed.de\/AmericanRebel\/elcantor\/#website\"},\"primaryImageOfPage\":{\"@id\":\"https:\/\/www.deanreed.de\/AmericanRebel\/elcantor\/festival-fuer-zusammenhalt-und-solidaritaet\/#primaryimage\"},\"datePublished\":\"2019-06-13T23:11:51+00:00\",\"dateModified\":\"2019-06-14T01:06:10+00:00\",\"author\":{\"@id\":\"https:\/\/www.deanreed.de\/AmericanRebel\/elcantor\/#\/schema\/person\/9e161ae26783202cec7e4d0733914b40\"},\"breadcrumb\":{\"@id\":\"https:\/\/www.deanreed.de\/AmericanRebel\/elcantor\/festival-fuer-zusammenhalt-und-solidaritaet\/#breadcrumb\"},\"inLanguage\":\"de\",\"potentialAction\":[{\"@type\":\"ReadAction\",\"target\":[\"https:\/\/www.deanreed.de\/AmericanRebel\/elcantor\/festival-fuer-zusammenhalt-und-solidaritaet\/\"]}]},{\"@type\":\"BreadcrumbList\",\"@id\":\"https:\/\/www.deanreed.de\/AmericanRebel\/elcantor\/festival-fuer-zusammenhalt-und-solidaritaet\/#breadcrumb\",\"itemListElement\":[{\"@type\":\"ListItem\",\"position\":1,\"name\":\"Startseite\",\"item\":\"https:\/\/www.deanreed.de\/AmericanRebel\/elcantor\/\"},{\"@type\":\"ListItem\",\"position\":2,\"name\":\"&#8211; Festival f\\u00fcr Zusammenhalt und Solidarit\\u00e4t\"}]},{\"@type\":\"Person\",\"@id\":\"https:\/\/www.deanreed.de\/AmericanRebel\/elcantor\/#\/schema\/person\/9e161ae26783202cec7e4d0733914b40\",\"name\":\"Nicolino\",\"url\":\"http:\/\/www.deanreed.de\/AmericanRebel\/elcantor\/author\/nicolino\/\"}]}<\/script>\n<!-- \/ Yoast SEO plugin. -->","yoast_head_json":{"title":"- Festival f\u00fcr Zusammenhalt und Solidarit\u00e4t - El Cantor","robots":{"index":"index","follow":"follow","max-snippet":"max-snippet:-1","max-image-preview":"max-image-preview:large","max-video-preview":"max-video-preview:-1"},"canonical":"https:\/\/www.deanreed.de\/AmericanRebel\/elcantor\/festival-fuer-zusammenhalt-und-solidaritaet\/","og_locale":"de_DE","og_type":"article","og_title":"- Festival f\u00fcr Zusammenhalt und Solidarit\u00e4t - El Cantor","og_description":"Festival f\u00fcr Zusammenhalt und Solidarit\u00e4t . &gt;&gt;&gt;Sonnabend, 15. Juni, ab 15:00 Uhr in K\u00f6ln-Deutz, Open Air am Tanzbrunnen, Rheinparkweg 1, neben dem Rheinpark&lt;&lt;&lt; Alle 2 Jahre veranstaltet die DIDF, F\u00f6deration demokratischer Arbeitervereine, ein Festival f\u00fcr Zusammenhalt und Solidarit\u00e4t. Auch dieses [&hellip;]&darr; Lese den Rest von diesem Eintrag...","og_url":"https:\/\/www.deanreed.de\/AmericanRebel\/elcantor\/festival-fuer-zusammenhalt-und-solidaritaet\/","og_site_name":"El Cantor","article_published_time":"2019-06-13T23:11:51+00:00","article_modified_time":"2019-06-14T01:06:10+00:00","og_image":[{"width":720,"height":405,"url":"https:\/\/www.deanreed.de\/AmericanRebel\/elcantor\/wp-content\/uploads\/2019\/06\/va_festival_fuer_zusammenhalt_und_solidaritaet_20190417-1.png","type":"image\/png"}],"twitter_card":"summary_large_image","twitter_misc":{"Verfasst von":"Nicolino","Gesch\u00e4tzte Lesezeit":"2\u00a0Minuten"},"schema":{"@context":"https:\/\/schema.org","@graph":[{"@type":"WebSite","@id":"https:\/\/www.deanreed.de\/AmericanRebel\/elcantor\/#website","url":"https:\/\/www.deanreed.de\/AmericanRebel\/elcantor\/","name":"El Cantor","description":"Mit der Gitarre f\u00fcr Frieden, Gerechtigkeit und das Recht auf ein Leben ohne Ausbeutung","potentialAction":[{"@type":"SearchAction","target":{"@type":"EntryPoint","urlTemplate":"https:\/\/www.deanreed.de\/AmericanRebel\/elcantor\/?s={search_term_string}"},"query-input":"required name=search_term_string"}],"inLanguage":"de"},{"@type":"ImageObject","@id":"https:\/\/www.deanreed.de\/AmericanRebel\/elcantor\/festival-fuer-zusammenhalt-und-solidaritaet\/#primaryimage","inLanguage":"de","url":"http:\/\/www.deanreed.de\/AmericanRebel\/elcantor\/wp-content\/uploads\/2019\/06\/va_festival_fuer_zusammenhalt_und_solidaritaet_20190417-1.png","contentUrl":"http:\/\/www.deanreed.de\/AmericanRebel\/elcantor\/wp-content\/uploads\/2019\/06\/va_festival_fuer_zusammenhalt_und_solidaritaet_20190417-1.png","width":720,"height":405},{"@type":"WebPage","@id":"https:\/\/www.deanreed.de\/AmericanRebel\/elcantor\/festival-fuer-zusammenhalt-und-solidaritaet\/#webpage","url":"https:\/\/www.deanreed.de\/AmericanRebel\/elcantor\/festival-fuer-zusammenhalt-und-solidaritaet\/","name":"- Festival f\u00fcr Zusammenhalt und Solidarit\u00e4t - El Cantor","isPartOf":{"@id":"https:\/\/www.deanreed.de\/AmericanRebel\/elcantor\/#website"},"primaryImageOfPage":{"@id":"https:\/\/www.deanreed.de\/AmericanRebel\/elcantor\/festival-fuer-zusammenhalt-und-solidaritaet\/#primaryimage"},"datePublished":"2019-06-13T23:11:51+00:00","dateModified":"2019-06-14T01:06:10+00:00","author":{"@id":"https:\/\/www.deanreed.de\/AmericanRebel\/elcantor\/#\/schema\/person\/9e161ae26783202cec7e4d0733914b40"},"breadcrumb":{"@id":"https:\/\/www.deanreed.de\/AmericanRebel\/elcantor\/festival-fuer-zusammenhalt-und-solidaritaet\/#breadcrumb"},"inLanguage":"de","potentialAction":[{"@type":"ReadAction","target":["https:\/\/www.deanreed.de\/AmericanRebel\/elcantor\/festival-fuer-zusammenhalt-und-solidaritaet\/"]}]},{"@type":"BreadcrumbList","@id":"https:\/\/www.deanreed.de\/AmericanRebel\/elcantor\/festival-fuer-zusammenhalt-und-solidaritaet\/#breadcrumb","itemListElement":[{"@type":"ListItem","position":1,"name":"Startseite","item":"https:\/\/www.deanreed.de\/AmericanRebel\/elcantor\/"},{"@type":"ListItem","position":2,"name":"&#8211; Festival f\u00fcr Zusammenhalt und Solidarit\u00e4t"}]},{"@type":"Person","@id":"https:\/\/www.deanreed.de\/AmericanRebel\/elcantor\/#\/schema\/person\/9e161ae26783202cec7e4d0733914b40","name":"Nicolino","url":"http:\/\/www.deanreed.de\/AmericanRebel\/elcantor\/author\/nicolino\/"}]}},"_links":{"self":[{"href":"http:\/\/www.deanreed.de\/AmericanRebel\/elcantor\/wp-json\/wp\/v2\/posts\/2005"}],"collection":[{"href":"http:\/\/www.deanreed.de\/AmericanRebel\/elcantor\/wp-json\/wp\/v2\/posts"}],"about":[{"href":"http:\/\/www.deanreed.de\/AmericanRebel\/elcantor\/wp-json\/wp\/v2\/types\/post"}],"author":[{"embeddable":true,"href":"http:\/\/www.deanreed.de\/AmericanRebel\/elcantor\/wp-json\/wp\/v2\/users\/3"}],"replies":[{"embeddable":true,"href":"http:\/\/www.deanreed.de\/AmericanRebel\/elcantor\/wp-json\/wp\/v2\/comments?post=2005"}],"version-history":[{"count":19,"href":"http:\/\/www.deanreed.de\/AmericanRebel\/elcantor\/wp-json\/wp\/v2\/posts\/2005\/revisions"}],"predecessor-version":[{"id":2026,"href":"http:\/\/www.deanreed.de\/AmericanRebel\/elcantor\/wp-json\/wp\/v2\/posts\/2005\/revisions\/2026"}],"wp:attachment":[{"href":"http:\/\/www.deanreed.de\/AmericanRebel\/elcantor\/wp-json\/wp\/v2\/media?parent=2005"}],"wp:term":[{"taxonomy":"category","embeddable":true,"href":"http:\/\/www.deanreed.de\/AmericanRebel\/elcantor\/wp-json\/wp\/v2\/categories?post=2005"},{"taxonomy":"post_tag","embeddable":true,"href":"http:\/\/www.deanreed.de\/AmericanRebel\/elcantor\/wp-json\/wp\/v2\/tags?post=2005"}],"curies":[{"name":"wp","href":"https:\/\/api.w.org\/{rel}","templated":true}]}}