{"id":1965,"date":"2019-05-18T14:51:31","date_gmt":"2019-05-18T12:51:31","guid":{"rendered":"http:\/\/www.deanreed.de\/AmericanRebel\/elcantor\/?p=1965"},"modified":"2019-05-18T15:10:41","modified_gmt":"2019-05-18T13:10:41","slug":"andauernde-grundgesetz-fort-entwicklung","status":"publish","type":"post","link":"http:\/\/www.deanreed.de\/AmericanRebel\/elcantor\/andauernde-grundgesetz-fort-entwicklung\/","title":{"rendered":"&#8211; Andauernde Grundgesetz-Fort-Entwicklung"},"content":{"rendered":"<table>\n<tbody>\n<tr>\n<td>\n<p><div id=\"attachment_481\" style=\"width: 110px\" class=\"wp-caption alignleft\"><img aria-describedby=\"caption-attachment-481\" loading=\"lazy\" class=\"size-full wp-image-481\" src=\"http:\/\/www.deanreed.de\/AmericanRebel\/2017\/wp-content\/uploads\/2017\/02\/Hartmut-Barth-Elgelbart.jpg\" alt=\"\" width=\"100\" height=\"150\" \/><p id=\"caption-attachment-481\" class=\"wp-caption-text\"><span style=\"color: #808080;\">Hartmut Barth-Elgelbart<\/span><\/p><\/div><\/td>\n<td>\n<h4>Hartmut Barth-Elgelbart<br \/>\n<span style=\"color: #ffffff;\">.<\/span><\/h4>\n<h2>Andauernde Grundgesetz-Fort-Entwicklung<br \/>\n<span style=\"color: #ffffff;\">.<\/span><\/h2>\n<h4><strong><span style=\"color: #ffffff;\">.<\/span><br \/>\nEinem 70j\u00e4hrigen Schwerbesch\u00e4digten zum Geburtstag<br \/>\nim Altersheim geschrieben &#8211; angesichts der GG-Jubel-<br \/>\n\u201cDebatte\u201c im Reichstag ein HaBE-Gedicht von 1989<br \/>\n<span style=\"color: #ffffff;\">.<\/span><br \/>\n<\/strong><\/h4>\n<\/td>\n<\/tr>\n<\/tbody>\n<\/table>\n<p>Der Deutschen Bundeskanzler sprach<br \/>\nvor dem 40. deutschen Juristentag<br \/>\nvor zweitausend Rechtsgelehrten<br \/>\ndie fast alle unsre Rechte wahren<br \/>\nman sei doch recht gut gefahren<br \/>\nin den nun \u00fcber vierzig Jahren<br \/>\nmit unsrem alten Grundgesetz<br \/>\n\u201edoch m\u00fcssen wir es jetzt<br \/>\nlangsam fortentwickeln!\u201c<br \/>\n&amp; als den erstbesten<br \/>\nvon vielen Grund-<br \/>\ngesetzartikeln<br \/>\nentwickelten<br \/>\ndie Herren<br \/>\ndas Asyl-<br \/>\nrecht<br \/>\nfort<br \/>\nus<br \/>\nw..<br \/>\n<span style=\"color: #ffffff;\">.<\/span><\/p>\n<p><em><strong>Zum kompletten Artikel:<\/strong><\/em><\/p>\n<blockquote class=\"wp-embedded-content\" data-secret=\"kpML49YWug\"><p><a href=\"http:\/\/www.barth-engelbart.de\/?p=215039\">Andauernde Grundgesetz-FORT-Entwicklung<\/a><\/p><\/blockquote>\n<p><iframe title=\"&#8222;Andauernde Grundgesetz-FORT-Entwicklung&#8220; &#8212; barth-engelbart.de\" class=\"wp-embedded-content\" sandbox=\"allow-scripts\" security=\"restricted\" style=\"position: absolute; clip: rect(1px, 1px, 1px, 1px);\" src=\"http:\/\/www.barth-engelbart.de\/?p=215039&#038;embed=true#?secret=kpML49YWug\" data-secret=\"kpML49YWug\" width=\"500\" height=\"282\" frameborder=\"0\" marginwidth=\"0\" marginheight=\"0\" scrolling=\"no\"><\/iframe><\/p>\n<p>&nbsp;<\/p>\n<blockquote>\n<p style=\"text-align: center;\"><span style=\"font-size: 10pt; color: #000000;\">F\u00fcr den Inhalt dieses Artikels ist der Autor bzw. die Autorin verantwortlich.<br \/>\nDabei muss es sich nicht grunds\u00e4tzlich um die Meinung der Redaktion handeln.<\/span><\/p>\n<table width=\"100%\" align=\"center\">\n<tbody>\n<tr>\n<td style=\"text-align: justify;\"><img loading=\"lazy\" class=\"size-full wp-image-7516 aligncenter\" src=\"http:\/\/www.deanreed.de\/AmericanRebel\/2017\/wp-content\/uploads\/2018\/10\/88x31.png\" alt=\"\" width=\"88\" height=\"31\" \/><\/td>\n<td style=\"text-align: justify; font-size: 10pt;\"><a href=\"https:\/\/creativecommons.org\/licenses\/by-nc-nd\/4.0\/\" target=\"_blank\" rel=\"license noopener noreferrer\">Dieses Werk ist lizenziert unter einer Creative Commons Namensnennung &#8211;<br \/>\nNicht kommerziell &#8211; Keine Bearbeitungen 4.0 International Lizenz.<\/a><\/td>\n<\/tr>\n<tr>\n<td>\n<form action=\"https:\/\/www.paypal.com\/cgi-bin\/webscr\" method=\"post\" target=\"_top\"><input alt=\"Jetzt einfach, schnell und sicher online bezahlen \u2013 mit PayPal.\" name=\"submit\" src=\"https:\/\/www.paypalobjects.com\/de_DE\/DE\/i\/btn\/btn_donateCC_LG.gif\" type=\"image\" \/><\/form>\n<\/td>\n<td><span style=\"color: #993300;\"><strong>Auch linker Journalismus ist nicht kostenlos<br \/>\nund auch kleine Spenden k\u00f6nnen helfen Gro\u00dfes zu ver\u00f6ffentlichen!<\/strong><\/span><\/td>\n<\/tr>\n<\/tbody>\n<\/table>\n<div style=\"margin-left: 10px;\"><a title=\"zur Startseite\" href=\"http:\/\/www.ElCantor.de\/\"><img loading=\"lazy\" class=\"alignleft\" src=\"http:\/\/www.deanreed.de\/AmericanRebel\/2017\/wp-content\/uploads\/2017\/03\/back_ar.png\" alt=\"zur\u00fcck zur Startseite\" width=\"156\" height=\"15\" \/><\/a><\/div>\n<div style=\"margin-right: 10px;\"><a href=\"https:\/\/www.facebook.com\/groups\/1683837971860223\/permalink\/1987214344855916\/\" target=\"_blank\" rel=\"noopener noreferrer\"><img loading=\"lazy\" class=\"alignright\" src=\"http:\/\/www.deanreed.de\/AmericanRebel\/2017\/wp-content\/uploads\/2017\/03\/ar_zu_fb.png\" alt=\"hier geht es zur Facebook Diskussionsgruppe\" width=\"353\" height=\"15\" \/><\/a><\/div>\n<p style=\"text-align: center;\"><a href=\"#respond\" target=\"_blank\" rel=\"noopener noreferrer\"><img loading=\"lazy\" class=\"aligncenter\" src=\"http:\/\/www.deanreed.de\/AmericanRebel\/2017\/wp-content\/uploads\/2017\/03\/ar_kommentar-1.png\" alt=\"Sag uns deine Meinung zum Artikel mit einem Kommentar\/Leserbrief\" width=\"627\" height=\"20\" \/><\/a><\/p>\n<\/blockquote>\n","protected":false},"excerpt":{"rendered":"<p>Hartmut Barth-Elgelbart . Andauernde Grundgesetz-Fort-Entwicklung . . Einem 70j\u00e4hrigen Schwerbesch\u00e4digten zum Geburtstag im Altersheim geschrieben &#8211; angesichts der GG-Jubel- \u201cDebatte\u201c im Reichstag ein HaBE-Gedicht von 1989 . Der Deutschen Bundeskanzler sprach vor dem 40. deutschen Juristentag vor zweitausend Rechtsgelehrten die [&hellip;]<a class=\"more-link\" href=\"http:\/\/www.deanreed.de\/AmericanRebel\/elcantor\/andauernde-grundgesetz-fort-entwicklung\/\">&darr; Lese den Rest von diesem Eintrag&#8230;<\/a><\/p>\n","protected":false},"author":3,"featured_media":0,"comment_status":"open","ping_status":"open","sticky":false,"template":"","format":"standard","meta":[],"categories":[1],"tags":[],"yoast_head":"<!-- This site is optimized with the Yoast SEO plugin v17.5 - https:\/\/yoast.com\/wordpress\/plugins\/seo\/ -->\n<title>- Andauernde Grundgesetz-Fort-Entwicklung - El Cantor<\/title>\n<meta name=\"robots\" content=\"index, follow, max-snippet:-1, max-image-preview:large, max-video-preview:-1\" \/>\n<link rel=\"canonical\" href=\"https:\/\/www.deanreed.de\/AmericanRebel\/elcantor\/andauernde-grundgesetz-fort-entwicklung\/\" \/>\n<meta property=\"og:locale\" content=\"de_DE\" \/>\n<meta property=\"og:type\" content=\"article\" \/>\n<meta property=\"og:title\" content=\"- Andauernde Grundgesetz-Fort-Entwicklung - El Cantor\" \/>\n<meta property=\"og:description\" content=\"Hartmut Barth-Elgelbart . Andauernde Grundgesetz-Fort-Entwicklung . . Einem 70j\u00e4hrigen Schwerbesch\u00e4digten zum Geburtstag im Altersheim geschrieben &#8211; angesichts der GG-Jubel- \u201cDebatte\u201c im Reichstag ein HaBE-Gedicht von 1989 . Der Deutschen Bundeskanzler sprach vor dem 40. deutschen Juristentag vor zweitausend Rechtsgelehrten die [&hellip;]&darr; Lese den Rest von diesem Eintrag...\" \/>\n<meta property=\"og:url\" content=\"https:\/\/www.deanreed.de\/AmericanRebel\/elcantor\/andauernde-grundgesetz-fort-entwicklung\/\" \/>\n<meta property=\"og:site_name\" content=\"El Cantor\" \/>\n<meta property=\"article:published_time\" content=\"2019-05-18T12:51:31+00:00\" \/>\n<meta property=\"article:modified_time\" content=\"2019-05-18T13:10:41+00:00\" \/>\n<meta property=\"og:image\" content=\"https:\/\/www.deanreed.de\/AmericanRebel\/elcantor\/wp-content\/uploads\/2019\/05\/tz.jpg\" \/>\n\t<meta property=\"og:image:width\" content=\"630\" \/>\n\t<meta property=\"og:image:height\" content=\"387\" \/>\n<meta name=\"twitter:card\" content=\"summary_large_image\" \/>\n<meta name=\"twitter:label1\" content=\"Verfasst von\" \/>\n\t<meta name=\"twitter:data1\" content=\"Nicolino\" \/>\n\t<meta name=\"twitter:label2\" content=\"Gesch\u00e4tzte Lesezeit\" \/>\n\t<meta name=\"twitter:data2\" content=\"1\u00a0Minute\" \/>\n<script type=\"application\/ld+json\" class=\"yoast-schema-graph\">{\"@context\":\"https:\/\/schema.org\",\"@graph\":[{\"@type\":\"WebSite\",\"@id\":\"http:\/\/www.deanreed.de\/AmericanRebel\/elcantor\/#website\",\"url\":\"http:\/\/www.deanreed.de\/AmericanRebel\/elcantor\/\",\"name\":\"El Cantor\",\"description\":\"Mit der Gitarre f\\u00fcr Frieden, Gerechtigkeit und das Recht auf ein Leben ohne Ausbeutung\",\"potentialAction\":[{\"@type\":\"SearchAction\",\"target\":{\"@type\":\"EntryPoint\",\"urlTemplate\":\"http:\/\/www.deanreed.de\/AmericanRebel\/elcantor\/?s={search_term_string}\"},\"query-input\":\"required name=search_term_string\"}],\"inLanguage\":\"de\"},{\"@type\":\"ImageObject\",\"@id\":\"https:\/\/www.deanreed.de\/AmericanRebel\/elcantor\/andauernde-grundgesetz-fort-entwicklung\/#primaryimage\",\"inLanguage\":\"de\",\"url\":\"http:\/\/www.deanreed.de\/AmericanRebel\/elcantor\/wp-content\/uploads\/2019\/05\/tz.jpg\",\"contentUrl\":\"http:\/\/www.deanreed.de\/AmericanRebel\/elcantor\/wp-content\/uploads\/2019\/05\/tz.jpg\",\"width\":630,\"height\":387},{\"@type\":\"WebPage\",\"@id\":\"https:\/\/www.deanreed.de\/AmericanRebel\/elcantor\/andauernde-grundgesetz-fort-entwicklung\/#webpage\",\"url\":\"https:\/\/www.deanreed.de\/AmericanRebel\/elcantor\/andauernde-grundgesetz-fort-entwicklung\/\",\"name\":\"- Andauernde Grundgesetz-Fort-Entwicklung - El Cantor\",\"isPartOf\":{\"@id\":\"http:\/\/www.deanreed.de\/AmericanRebel\/elcantor\/#website\"},\"primaryImageOfPage\":{\"@id\":\"https:\/\/www.deanreed.de\/AmericanRebel\/elcantor\/andauernde-grundgesetz-fort-entwicklung\/#primaryimage\"},\"datePublished\":\"2019-05-18T12:51:31+00:00\",\"dateModified\":\"2019-05-18T13:10:41+00:00\",\"author\":{\"@id\":\"http:\/\/www.deanreed.de\/AmericanRebel\/elcantor\/#\/schema\/person\/9e161ae26783202cec7e4d0733914b40\"},\"breadcrumb\":{\"@id\":\"https:\/\/www.deanreed.de\/AmericanRebel\/elcantor\/andauernde-grundgesetz-fort-entwicklung\/#breadcrumb\"},\"inLanguage\":\"de\",\"potentialAction\":[{\"@type\":\"ReadAction\",\"target\":[\"https:\/\/www.deanreed.de\/AmericanRebel\/elcantor\/andauernde-grundgesetz-fort-entwicklung\/\"]}]},{\"@type\":\"BreadcrumbList\",\"@id\":\"https:\/\/www.deanreed.de\/AmericanRebel\/elcantor\/andauernde-grundgesetz-fort-entwicklung\/#breadcrumb\",\"itemListElement\":[{\"@type\":\"ListItem\",\"position\":1,\"name\":\"Startseite\",\"item\":\"http:\/\/www.deanreed.de\/AmericanRebel\/elcantor\/\"},{\"@type\":\"ListItem\",\"position\":2,\"name\":\"&#8211; Andauernde Grundgesetz-Fort-Entwicklung\"}]},{\"@type\":\"Person\",\"@id\":\"http:\/\/www.deanreed.de\/AmericanRebel\/elcantor\/#\/schema\/person\/9e161ae26783202cec7e4d0733914b40\",\"name\":\"Nicolino\",\"url\":\"http:\/\/www.deanreed.de\/AmericanRebel\/elcantor\/author\/nicolino\/\"}]}<\/script>\n<!-- \/ Yoast SEO plugin. -->","yoast_head_json":{"title":"- Andauernde Grundgesetz-Fort-Entwicklung - El Cantor","robots":{"index":"index","follow":"follow","max-snippet":"max-snippet:-1","max-image-preview":"max-image-preview:large","max-video-preview":"max-video-preview:-1"},"canonical":"https:\/\/www.deanreed.de\/AmericanRebel\/elcantor\/andauernde-grundgesetz-fort-entwicklung\/","og_locale":"de_DE","og_type":"article","og_title":"- Andauernde Grundgesetz-Fort-Entwicklung - El Cantor","og_description":"Hartmut Barth-Elgelbart . Andauernde Grundgesetz-Fort-Entwicklung . . Einem 70j\u00e4hrigen Schwerbesch\u00e4digten zum Geburtstag im Altersheim geschrieben &#8211; angesichts der GG-Jubel- \u201cDebatte\u201c im Reichstag ein HaBE-Gedicht von 1989 . Der Deutschen Bundeskanzler sprach vor dem 40. deutschen Juristentag vor zweitausend Rechtsgelehrten die [&hellip;]&darr; Lese den Rest von diesem Eintrag...","og_url":"https:\/\/www.deanreed.de\/AmericanRebel\/elcantor\/andauernde-grundgesetz-fort-entwicklung\/","og_site_name":"El Cantor","article_published_time":"2019-05-18T12:51:31+00:00","article_modified_time":"2019-05-18T13:10:41+00:00","og_image":[{"width":630,"height":387,"url":"https:\/\/www.deanreed.de\/AmericanRebel\/elcantor\/wp-content\/uploads\/2019\/05\/tz.jpg","type":"image\/jpeg"}],"twitter_card":"summary_large_image","twitter_misc":{"Verfasst von":"Nicolino","Gesch\u00e4tzte Lesezeit":"1\u00a0Minute"},"schema":{"@context":"https:\/\/schema.org","@graph":[{"@type":"WebSite","@id":"http:\/\/www.deanreed.de\/AmericanRebel\/elcantor\/#website","url":"http:\/\/www.deanreed.de\/AmericanRebel\/elcantor\/","name":"El Cantor","description":"Mit der Gitarre f\u00fcr Frieden, Gerechtigkeit und das Recht auf ein Leben ohne Ausbeutung","potentialAction":[{"@type":"SearchAction","target":{"@type":"EntryPoint","urlTemplate":"http:\/\/www.deanreed.de\/AmericanRebel\/elcantor\/?s={search_term_string}"},"query-input":"required name=search_term_string"}],"inLanguage":"de"},{"@type":"ImageObject","@id":"https:\/\/www.deanreed.de\/AmericanRebel\/elcantor\/andauernde-grundgesetz-fort-entwicklung\/#primaryimage","inLanguage":"de","url":"http:\/\/www.deanreed.de\/AmericanRebel\/elcantor\/wp-content\/uploads\/2019\/05\/tz.jpg","contentUrl":"http:\/\/www.deanreed.de\/AmericanRebel\/elcantor\/wp-content\/uploads\/2019\/05\/tz.jpg","width":630,"height":387},{"@type":"WebPage","@id":"https:\/\/www.deanreed.de\/AmericanRebel\/elcantor\/andauernde-grundgesetz-fort-entwicklung\/#webpage","url":"https:\/\/www.deanreed.de\/AmericanRebel\/elcantor\/andauernde-grundgesetz-fort-entwicklung\/","name":"- Andauernde Grundgesetz-Fort-Entwicklung - El Cantor","isPartOf":{"@id":"http:\/\/www.deanreed.de\/AmericanRebel\/elcantor\/#website"},"primaryImageOfPage":{"@id":"https:\/\/www.deanreed.de\/AmericanRebel\/elcantor\/andauernde-grundgesetz-fort-entwicklung\/#primaryimage"},"datePublished":"2019-05-18T12:51:31+00:00","dateModified":"2019-05-18T13:10:41+00:00","author":{"@id":"http:\/\/www.deanreed.de\/AmericanRebel\/elcantor\/#\/schema\/person\/9e161ae26783202cec7e4d0733914b40"},"breadcrumb":{"@id":"https:\/\/www.deanreed.de\/AmericanRebel\/elcantor\/andauernde-grundgesetz-fort-entwicklung\/#breadcrumb"},"inLanguage":"de","potentialAction":[{"@type":"ReadAction","target":["https:\/\/www.deanreed.de\/AmericanRebel\/elcantor\/andauernde-grundgesetz-fort-entwicklung\/"]}]},{"@type":"BreadcrumbList","@id":"https:\/\/www.deanreed.de\/AmericanRebel\/elcantor\/andauernde-grundgesetz-fort-entwicklung\/#breadcrumb","itemListElement":[{"@type":"ListItem","position":1,"name":"Startseite","item":"http:\/\/www.deanreed.de\/AmericanRebel\/elcantor\/"},{"@type":"ListItem","position":2,"name":"&#8211; Andauernde Grundgesetz-Fort-Entwicklung"}]},{"@type":"Person","@id":"http:\/\/www.deanreed.de\/AmericanRebel\/elcantor\/#\/schema\/person\/9e161ae26783202cec7e4d0733914b40","name":"Nicolino","url":"http:\/\/www.deanreed.de\/AmericanRebel\/elcantor\/author\/nicolino\/"}]}},"_links":{"self":[{"href":"http:\/\/www.deanreed.de\/AmericanRebel\/elcantor\/wp-json\/wp\/v2\/posts\/1965"}],"collection":[{"href":"http:\/\/www.deanreed.de\/AmericanRebel\/elcantor\/wp-json\/wp\/v2\/posts"}],"about":[{"href":"http:\/\/www.deanreed.de\/AmericanRebel\/elcantor\/wp-json\/wp\/v2\/types\/post"}],"author":[{"embeddable":true,"href":"http:\/\/www.deanreed.de\/AmericanRebel\/elcantor\/wp-json\/wp\/v2\/users\/3"}],"replies":[{"embeddable":true,"href":"http:\/\/www.deanreed.de\/AmericanRebel\/elcantor\/wp-json\/wp\/v2\/comments?post=1965"}],"version-history":[{"count":13,"href":"http:\/\/www.deanreed.de\/AmericanRebel\/elcantor\/wp-json\/wp\/v2\/posts\/1965\/revisions"}],"predecessor-version":[{"id":1969,"href":"http:\/\/www.deanreed.de\/AmericanRebel\/elcantor\/wp-json\/wp\/v2\/posts\/1965\/revisions\/1969"}],"wp:attachment":[{"href":"http:\/\/www.deanreed.de\/AmericanRebel\/elcantor\/wp-json\/wp\/v2\/media?parent=1965"}],"wp:term":[{"taxonomy":"category","embeddable":true,"href":"http:\/\/www.deanreed.de\/AmericanRebel\/elcantor\/wp-json\/wp\/v2\/categories?post=1965"},{"taxonomy":"post_tag","embeddable":true,"href":"http:\/\/www.deanreed.de\/AmericanRebel\/elcantor\/wp-json\/wp\/v2\/tags?post=1965"}],"curies":[{"name":"wp","href":"https:\/\/api.w.org\/{rel}","templated":true}]}}