{"id":1063,"date":"2017-11-18T14:40:36","date_gmt":"2017-11-18T13:40:36","guid":{"rendered":"http:\/\/www.deanreed.de\/AmericanRebel\/elcantor\/?p=1063"},"modified":"2017-11-22T11:24:28","modified_gmt":"2017-11-22T10:24:28","slug":"1063","status":"publish","type":"post","link":"http:\/\/www.deanreed.de\/AmericanRebel\/elcantor\/1063\/","title":{"rendered":"&#8211; CD Otra Voz Canta erschienen"},"content":{"rendered":"<h4>Nico Diener<\/h4>\n<h2>Otra Voz Canta<\/h2>\n<h4>Das Berliner Konzert von Daniel Viglietti und Rolf Becker f\u00fcr die \u00bbJunge Welt\u00ab ist auf CD erschienen<\/h4>\n<div id=\"attachment_161\" style=\"width: 110px\" class=\"wp-caption alignleft\"><img aria-describedby=\"caption-attachment-161\" loading=\"lazy\" class=\"size-full wp-image-161\" src=\"http:\/\/www.deanreed.de\/AmericanRebel\/2017\/wp-content\/uploads\/2017\/02\/Nico_Diener_alles.jpg\" alt=\"\" width=\"100\" height=\"150\" \/><p id=\"caption-attachment-161\" class=\"wp-caption-text\">Nico Diener<\/p><\/div>\n<p style=\"text-align: justify;\"><strong>Daniel Viglietti, der bedeutendste Volkss\u00e4nger Lateinamerikas verstarb im Alter von 78 Jahren in seiner Heimat Uruguay. <a href=\"http:\/\/www.deanreed.de\/AmericanRebel\/elcantor\/?cat=25\" target=\"_blank\" rel=\"noopener\">\u00bbEl Cantor\u00ab berichtete mehrfach<\/a> dar\u00fcber und \u00fcber Daniels Lebenswerk und Bedeutung\u00a0des Nueva Canci\u00f3n, des neuen politischen Liedes, in Lateinamerika. <\/strong><br \/>\n<strong><a href=\"https:\/\/www.redheadmusic.de\" target=\"_blank\" rel=\"noopener\">Redheadmusic<\/a> und der Verlag 8. Mai stellte gestern eine CD des legend\u00e4ren Konzertes vor, das Daniel Viglietti zusammen mit dem Schauspieler\u00a0Rolf Becker am 25. Februar 2017 zu Ehren des 70 j\u00e4hrigen Bestehens der Tageszeitung \u00bbJunge Welt\u00ab gab.<br \/>\nDazu schrieb\u00a0Christof Meueler am 17. November in \u00bbJunge Welt\u00ab unter Anderem:<\/strong><\/p>\n<blockquote>\n<p style=\"text-align: justify;\">(&#8230;) \u00bbA desalambrar \u2013 Rei\u00dft die Z\u00e4une nieder\u00ab, ein Lied \u00fcber die Bauern Lateinamerikas, \u00bbdenn dieses Land geh\u00f6rt uns\u00ab, wie der Refrain lautet. Es ist das letzte Lied auf dem neu erschienenen Live-Album \u00bb<a href=\"https:\/\/www.jungewelt-shop.de\/otra_%20voz_%20canta\">Otra Voz Canta<\/a>\u00ab, gewisserma\u00dfen das Verm\u00e4chtnis von Daniel Viglietti. Der Mitschnitt des Konzerts, das er am 25. Februar in Berlin gegeben hat, im Kino International als H\u00f6hepunkt der Feier zum 70. Geburtstag der Tageszeitung\u00a0<em>junge Welt<\/em>. Er trat zusammen mit dem Schauspieler und Gewerkschafter Rolf Becker auf, einem alten Freund aus den 70er Jahren. Der eine singt und spielt Gitarre, der andere tr\u00e4gt Teile seiner Texte vor. Sie hatten sich in K\u00f6ln beim Radio kennengelernt. Damals lebte Viglietti im franz\u00f6sischen Exil, nachdem ihn 1973 eine internationale Solidarit\u00e4tskampagne aus dem Gef\u00e4ngnis in Uruguay befreit hatte. Man hatte ihn 1972 eingesperrt, weil er als S\u00e4nger der linken Bewegung der Tupamaros galt. Sein erstes Konzert in Europa gab er 1974 auf dem 4. Festival des Politischen Liedes in Ostberlin. Dort sang er auch \u00bbA desalambrar\u00ab und Isabel Parra, die Tochter der ber\u00fchmten chilenischen Folkpionierin Violeta Parra, sang zusammen mit Patricio Castillo \u00bbPor todo Chile\u00ab, ein anderes sehr bekanntes Lied von Viglietti.<\/p>\n<p style=\"text-align: justify;\">\u00bbA desalambrar\u00ab hatte er 1967 in Kuba aufgenommen, als Single war es 1969 erschienen. Vigliettis erstes Album stammt von 1963, darauf findet sich der \u00bbCanci\u00f3n Para Mi Am\u00e9rica\u00ab, den er auch in Berlin spielte. Ein ziemlicher Ohrwurm \u00fcber die indianischen Minenarbeiter, in dem es hei\u00dft: \u00bbDieses Lied will keine Herren \/ die Herren befehlen nicht mehr! \/ Die Gitarre Lateinamerikas \/ hat k\u00e4mpfend zu singen gelernt\u00ab. \u00dcberhaupt sang er sehr k\u00e4mpferische Lieder in Berlin. Viele handelten von den Toten der Linken, die in Vigliettis Worten daf\u00fcr gek\u00e4mpft hatten, \u00bbdass der Horizont f\u00fcr alle gleich ist\u00ab. Im Titellied \u00bbOtra Voz Canta\u00ab hei\u00dft es, dass hinter seiner Stimme eine andere Stimme auftauche: \u00bbSie kommt von fr\u00fcher, von fern \/ sie kommt aus begrabenen M\u00fcndern und singt.\u00ab Es ist die Stimme der Verschwundenen, Unterdr\u00fcckten und Ermordeten in den Milit\u00e4rdiktaturen Lateinamerikas.<\/p>\n<p style=\"text-align: justify;\">So gibt es ein Lied f\u00fcr Che Guevara und eins f\u00fcr Soledad Barrett, eine paraguayanische Kommunistin, die gegen die Milit\u00e4rs in Brasilien k\u00e4mpfte und 1973 von ihnen umgebracht wurde: \u00bbEine Sache lernte ich von Soledad: Man muss den Schmerz nehmen und zum Lied werden lassen\u00ab. Aber Vi\u00adglietti singt das alles mit seiner melodisch-munteren Stimme, der man sein Alter \u00fcberhaupt nicht anh\u00f6rt, zu einem selbstbewussten, geschwinden Gitarrenspiel, das ebenso eine Kunst ist. Rolf Becker spricht die Texte eher gesetzt, mit gro\u00dfem Ernst. Doch es gibt auch Bonmots wie dieses vom Dichter Mario Benedetti: \u00bbSeit die Kinder die Eltern erziehen, gibt es keinen \u00d6dipuskomplex mehr\u00ab. Viglietti wollte nicht darauf festgelegt werden, dass er klassische \u00bbProtestlieder\u00ab mache, sagte er 2010 in einem Interview mit der\u00a0<em>jungen Welt<\/em>, nein, er mache \u00bbmenschliche Lieder\u00ab. Er singt sie in klarstem Spanisch, sehr gut zu verstehen. Wer kein Spanisch spricht, dem halfen auf der B\u00fchne Rolf Becker und die \u00dcbersetzerin Petra Wegener. Im Booklet von \u00bbOtra Voz Canta\u00ab sind die Texte abgedruckt. (&#8230;)&#8220;.<\/p>\n<\/blockquote>\n<p style=\"text-align: center;\"><span style=\"color: #ffffff;\">.<\/span><br \/>\n<img loading=\"lazy\" class=\"alignnone wp-image-1069\" src=\"http:\/\/www.deanreed.de\/AmericanRebel\/elcantor\/wp-content\/uploads\/2017\/11\/Viglietti_CD-300x250.jpg\" alt=\"\" width=\"599\" height=\"499\" srcset=\"http:\/\/www.deanreed.de\/AmericanRebel\/elcantor\/wp-content\/uploads\/2017\/11\/Viglietti_CD-300x250.jpg 300w, http:\/\/www.deanreed.de\/AmericanRebel\/elcantor\/wp-content\/uploads\/2017\/11\/Viglietti_CD.jpg 500w\" sizes=\"(max-width: 599px) 100vw, 599px\" \/><\/p>\n<p style=\"text-align: center;\">Otra voz canta \u2013 Hinter meiner Stimme: (<strong>Daniel Viglietti<\/strong> und <strong>Rolf Becker <\/strong>live):<br \/>\nCD inklusive umfangreichem Booklet mit allen Liedtexten in Spanisch und Deutsch,<br \/>\nGesamtspielzeit: 74 Minuten, Verlag 8. Mai, November 2017<br \/>\n<strong>Bestellung im <a href=\"https:\/\/www.jungewelt-shop.de\/otra_%20voz_%20canta\" target=\"_blank\" rel=\"noopener\">JW-Shop<\/a><\/strong> f\u00fcr 14,80 Euro, zuz\u00fcgl. Versandkosten.<br \/>\n<span style=\"color: #ffffff;\">.<\/span><\/p>\n<p><strong><a href=\"http:\/\/www.deanreed.de\/AmericanRebel\/elcantor\/?cat=25\" target=\"_blank\" rel=\"noopener\">Mehr \u00fcber Daniel Viglietti<\/a><\/strong><\/p>\n<p><a href=\"https:\/\/www.facebook.com\/groups\/1683837971860223\/permalink\/2073171262926890\/\" target=\"_blank\" rel=\"noopener\"><img loading=\"lazy\" class=\"alignright wp-image-243\" src=\"http:\/\/www.deanreed.de\/AmericanRebel\/elcantor\/wp-content\/uploads\/2017\/09\/ar_zu_fb.png\" alt=\"hier geht es zur Facebook-Diskussionsgruppe\" width=\"353\" height=\"15\" srcset=\"http:\/\/www.deanreed.de\/AmericanRebel\/elcantor\/wp-content\/uploads\/2017\/09\/ar_zu_fb.png 470w, http:\/\/www.deanreed.de\/AmericanRebel\/elcantor\/wp-content\/uploads\/2017\/09\/ar_zu_fb-300x13.png 300w\" sizes=\"(max-width: 353px) 100vw, 353px\" \/><\/a><a href=\"http:\/\/www.elcantor.de\"><img loading=\"lazy\" class=\"alignleft wp-image-237\" src=\"http:\/\/www.deanreed.de\/AmericanRebel\/elcantor\/wp-content\/uploads\/2017\/09\/back_ar.png\" alt=\"zur\u00fcck zur Startseite\" width=\"156\" height=\"15\" \/><\/a><br \/>\n<a href=\"http:\/\/www.deanreed.de\/AmericanRebel\/elcantor\/?p=39#respond\"><img loading=\"lazy\" class=\"alignright wp-image-234 size-full\" src=\"http:\/\/www.deanreed.de\/AmericanRebel\/elcantor\/wp-content\/uploads\/2017\/09\/ar_kommentar.png\" alt=\"Sag uns deine Meinung zum Artikel mit einem Kommentar\/Leserbrief\" width=\"690\" height=\"22\" srcset=\"http:\/\/www.deanreed.de\/AmericanRebel\/elcantor\/wp-content\/uploads\/2017\/09\/ar_kommentar.png 690w, http:\/\/www.deanreed.de\/AmericanRebel\/elcantor\/wp-content\/uploads\/2017\/09\/ar_kommentar-300x10.png 300w\" sizes=\"(max-width: 690px) 100vw, 690px\" \/><\/a><\/p>\n","protected":false},"excerpt":{"rendered":"<p>Nico Diener Otra Voz Canta Das Berliner Konzert von Daniel Viglietti und Rolf Becker f\u00fcr die \u00bbJunge Welt\u00ab ist auf CD erschienen Daniel Viglietti, der bedeutendste Volkss\u00e4nger Lateinamerikas verstarb im Alter von 78 Jahren in seiner Heimat Uruguay. \u00bbEl Cantor\u00ab [&hellip;]<a class=\"more-link\" href=\"http:\/\/www.deanreed.de\/AmericanRebel\/elcantor\/1063\/\">&darr; Lese den Rest von diesem Eintrag&#8230;<\/a><\/p>\n","protected":false},"author":3,"featured_media":0,"comment_status":"open","ping_status":"open","sticky":false,"template":"","format":"standard","meta":[],"categories":[25],"tags":[],"yoast_head":"<!-- This site is optimized with the Yoast SEO plugin v17.5 - https:\/\/yoast.com\/wordpress\/plugins\/seo\/ -->\n<title>- CD Otra Voz Canta erschienen - El Cantor<\/title>\n<meta name=\"robots\" content=\"index, follow, max-snippet:-1, max-image-preview:large, max-video-preview:-1\" \/>\n<link rel=\"canonical\" href=\"http:\/\/www.deanreed.de\/AmericanRebel\/elcantor\/1063\/\" \/>\n<meta property=\"og:locale\" content=\"de_DE\" \/>\n<meta property=\"og:type\" content=\"article\" \/>\n<meta property=\"og:title\" content=\"- CD Otra Voz Canta erschienen - El Cantor\" \/>\n<meta property=\"og:description\" content=\"Nico Diener Otra Voz Canta Das Berliner Konzert von Daniel Viglietti und Rolf Becker f\u00fcr die \u00bbJunge Welt\u00ab ist auf CD erschienen Daniel Viglietti, der bedeutendste Volkss\u00e4nger Lateinamerikas verstarb im Alter von 78 Jahren in seiner Heimat Uruguay. \u00bbEl Cantor\u00ab [&hellip;]&darr; Lese den Rest von diesem Eintrag...\" \/>\n<meta property=\"og:url\" content=\"http:\/\/www.deanreed.de\/AmericanRebel\/elcantor\/1063\/\" \/>\n<meta property=\"og:site_name\" content=\"El Cantor\" \/>\n<meta property=\"article:published_time\" content=\"2017-11-18T13:40:36+00:00\" \/>\n<meta property=\"article:modified_time\" content=\"2017-11-22T10:24:28+00:00\" \/>\n<meta property=\"og:image\" content=\"http:\/\/www.deanreed.de\/AmericanRebel\/2017\/wp-content\/uploads\/2017\/02\/Nico_Diener_alles.jpg\" \/>\n<meta name=\"twitter:card\" content=\"summary_large_image\" \/>\n<meta name=\"twitter:label1\" content=\"Verfasst von\" \/>\n\t<meta name=\"twitter:data1\" content=\"Nicolino\" \/>\n\t<meta name=\"twitter:label2\" content=\"Gesch\u00e4tzte Lesezeit\" \/>\n\t<meta name=\"twitter:data2\" content=\"3\u00a0Minuten\" \/>\n<script type=\"application\/ld+json\" class=\"yoast-schema-graph\">{\"@context\":\"https:\/\/schema.org\",\"@graph\":[{\"@type\":\"WebSite\",\"@id\":\"http:\/\/www.deanreed.de\/AmericanRebel\/elcantor\/#website\",\"url\":\"http:\/\/www.deanreed.de\/AmericanRebel\/elcantor\/\",\"name\":\"El Cantor\",\"description\":\"Mit der Gitarre f\\u00fcr Frieden, Gerechtigkeit und das Recht auf ein Leben ohne Ausbeutung\",\"potentialAction\":[{\"@type\":\"SearchAction\",\"target\":{\"@type\":\"EntryPoint\",\"urlTemplate\":\"http:\/\/www.deanreed.de\/AmericanRebel\/elcantor\/?s={search_term_string}\"},\"query-input\":\"required name=search_term_string\"}],\"inLanguage\":\"de\"},{\"@type\":\"ImageObject\",\"@id\":\"http:\/\/www.deanreed.de\/AmericanRebel\/elcantor\/1063\/#primaryimage\",\"inLanguage\":\"de\",\"url\":\"http:\/\/www.deanreed.de\/AmericanRebel\/2017\/wp-content\/uploads\/2017\/02\/Nico_Diener_alles.jpg\",\"contentUrl\":\"http:\/\/www.deanreed.de\/AmericanRebel\/2017\/wp-content\/uploads\/2017\/02\/Nico_Diener_alles.jpg\"},{\"@type\":\"WebPage\",\"@id\":\"http:\/\/www.deanreed.de\/AmericanRebel\/elcantor\/1063\/#webpage\",\"url\":\"http:\/\/www.deanreed.de\/AmericanRebel\/elcantor\/1063\/\",\"name\":\"- CD Otra Voz Canta erschienen - El Cantor\",\"isPartOf\":{\"@id\":\"http:\/\/www.deanreed.de\/AmericanRebel\/elcantor\/#website\"},\"primaryImageOfPage\":{\"@id\":\"http:\/\/www.deanreed.de\/AmericanRebel\/elcantor\/1063\/#primaryimage\"},\"datePublished\":\"2017-11-18T13:40:36+00:00\",\"dateModified\":\"2017-11-22T10:24:28+00:00\",\"author\":{\"@id\":\"http:\/\/www.deanreed.de\/AmericanRebel\/elcantor\/#\/schema\/person\/9e161ae26783202cec7e4d0733914b40\"},\"breadcrumb\":{\"@id\":\"http:\/\/www.deanreed.de\/AmericanRebel\/elcantor\/1063\/#breadcrumb\"},\"inLanguage\":\"de\",\"potentialAction\":[{\"@type\":\"ReadAction\",\"target\":[\"http:\/\/www.deanreed.de\/AmericanRebel\/elcantor\/1063\/\"]}]},{\"@type\":\"BreadcrumbList\",\"@id\":\"http:\/\/www.deanreed.de\/AmericanRebel\/elcantor\/1063\/#breadcrumb\",\"itemListElement\":[{\"@type\":\"ListItem\",\"position\":1,\"name\":\"Startseite\",\"item\":\"http:\/\/www.deanreed.de\/AmericanRebel\/elcantor\/\"},{\"@type\":\"ListItem\",\"position\":2,\"name\":\"&#8211; CD Otra Voz Canta erschienen\"}]},{\"@type\":\"Person\",\"@id\":\"http:\/\/www.deanreed.de\/AmericanRebel\/elcantor\/#\/schema\/person\/9e161ae26783202cec7e4d0733914b40\",\"name\":\"Nicolino\",\"url\":\"http:\/\/www.deanreed.de\/AmericanRebel\/elcantor\/author\/nicolino\/\"}]}<\/script>\n<!-- \/ Yoast SEO plugin. -->","yoast_head_json":{"title":"- CD Otra Voz Canta erschienen - El Cantor","robots":{"index":"index","follow":"follow","max-snippet":"max-snippet:-1","max-image-preview":"max-image-preview:large","max-video-preview":"max-video-preview:-1"},"canonical":"http:\/\/www.deanreed.de\/AmericanRebel\/elcantor\/1063\/","og_locale":"de_DE","og_type":"article","og_title":"- CD Otra Voz Canta erschienen - El Cantor","og_description":"Nico Diener Otra Voz Canta Das Berliner Konzert von Daniel Viglietti und Rolf Becker f\u00fcr die \u00bbJunge Welt\u00ab ist auf CD erschienen Daniel Viglietti, der bedeutendste Volkss\u00e4nger Lateinamerikas verstarb im Alter von 78 Jahren in seiner Heimat Uruguay. \u00bbEl Cantor\u00ab [&hellip;]&darr; Lese den Rest von diesem Eintrag...","og_url":"http:\/\/www.deanreed.de\/AmericanRebel\/elcantor\/1063\/","og_site_name":"El Cantor","article_published_time":"2017-11-18T13:40:36+00:00","article_modified_time":"2017-11-22T10:24:28+00:00","og_image":[{"url":"http:\/\/www.deanreed.de\/AmericanRebel\/2017\/wp-content\/uploads\/2017\/02\/Nico_Diener_alles.jpg"}],"twitter_card":"summary_large_image","twitter_misc":{"Verfasst von":"Nicolino","Gesch\u00e4tzte Lesezeit":"3\u00a0Minuten"},"schema":{"@context":"https:\/\/schema.org","@graph":[{"@type":"WebSite","@id":"http:\/\/www.deanreed.de\/AmericanRebel\/elcantor\/#website","url":"http:\/\/www.deanreed.de\/AmericanRebel\/elcantor\/","name":"El Cantor","description":"Mit der Gitarre f\u00fcr Frieden, Gerechtigkeit und das Recht auf ein Leben ohne Ausbeutung","potentialAction":[{"@type":"SearchAction","target":{"@type":"EntryPoint","urlTemplate":"http:\/\/www.deanreed.de\/AmericanRebel\/elcantor\/?s={search_term_string}"},"query-input":"required name=search_term_string"}],"inLanguage":"de"},{"@type":"ImageObject","@id":"http:\/\/www.deanreed.de\/AmericanRebel\/elcantor\/1063\/#primaryimage","inLanguage":"de","url":"http:\/\/www.deanreed.de\/AmericanRebel\/2017\/wp-content\/uploads\/2017\/02\/Nico_Diener_alles.jpg","contentUrl":"http:\/\/www.deanreed.de\/AmericanRebel\/2017\/wp-content\/uploads\/2017\/02\/Nico_Diener_alles.jpg"},{"@type":"WebPage","@id":"http:\/\/www.deanreed.de\/AmericanRebel\/elcantor\/1063\/#webpage","url":"http:\/\/www.deanreed.de\/AmericanRebel\/elcantor\/1063\/","name":"- CD Otra Voz Canta erschienen - El Cantor","isPartOf":{"@id":"http:\/\/www.deanreed.de\/AmericanRebel\/elcantor\/#website"},"primaryImageOfPage":{"@id":"http:\/\/www.deanreed.de\/AmericanRebel\/elcantor\/1063\/#primaryimage"},"datePublished":"2017-11-18T13:40:36+00:00","dateModified":"2017-11-22T10:24:28+00:00","author":{"@id":"http:\/\/www.deanreed.de\/AmericanRebel\/elcantor\/#\/schema\/person\/9e161ae26783202cec7e4d0733914b40"},"breadcrumb":{"@id":"http:\/\/www.deanreed.de\/AmericanRebel\/elcantor\/1063\/#breadcrumb"},"inLanguage":"de","potentialAction":[{"@type":"ReadAction","target":["http:\/\/www.deanreed.de\/AmericanRebel\/elcantor\/1063\/"]}]},{"@type":"BreadcrumbList","@id":"http:\/\/www.deanreed.de\/AmericanRebel\/elcantor\/1063\/#breadcrumb","itemListElement":[{"@type":"ListItem","position":1,"name":"Startseite","item":"http:\/\/www.deanreed.de\/AmericanRebel\/elcantor\/"},{"@type":"ListItem","position":2,"name":"&#8211; CD Otra Voz Canta erschienen"}]},{"@type":"Person","@id":"http:\/\/www.deanreed.de\/AmericanRebel\/elcantor\/#\/schema\/person\/9e161ae26783202cec7e4d0733914b40","name":"Nicolino","url":"http:\/\/www.deanreed.de\/AmericanRebel\/elcantor\/author\/nicolino\/"}]}},"_links":{"self":[{"href":"http:\/\/www.deanreed.de\/AmericanRebel\/elcantor\/wp-json\/wp\/v2\/posts\/1063"}],"collection":[{"href":"http:\/\/www.deanreed.de\/AmericanRebel\/elcantor\/wp-json\/wp\/v2\/posts"}],"about":[{"href":"http:\/\/www.deanreed.de\/AmericanRebel\/elcantor\/wp-json\/wp\/v2\/types\/post"}],"author":[{"embeddable":true,"href":"http:\/\/www.deanreed.de\/AmericanRebel\/elcantor\/wp-json\/wp\/v2\/users\/3"}],"replies":[{"embeddable":true,"href":"http:\/\/www.deanreed.de\/AmericanRebel\/elcantor\/wp-json\/wp\/v2\/comments?post=1063"}],"version-history":[{"count":14,"href":"http:\/\/www.deanreed.de\/AmericanRebel\/elcantor\/wp-json\/wp\/v2\/posts\/1063\/revisions"}],"predecessor-version":[{"id":1206,"href":"http:\/\/www.deanreed.de\/AmericanRebel\/elcantor\/wp-json\/wp\/v2\/posts\/1063\/revisions\/1206"}],"wp:attachment":[{"href":"http:\/\/www.deanreed.de\/AmericanRebel\/elcantor\/wp-json\/wp\/v2\/media?parent=1063"}],"wp:term":[{"taxonomy":"category","embeddable":true,"href":"http:\/\/www.deanreed.de\/AmericanRebel\/elcantor\/wp-json\/wp\/v2\/categories?post=1063"},{"taxonomy":"post_tag","embeddable":true,"href":"http:\/\/www.deanreed.de\/AmericanRebel\/elcantor\/wp-json\/wp\/v2\/tags?post=1063"}],"curies":[{"name":"wp","href":"https:\/\/api.w.org\/{rel}","templated":true}]}}