{"id":3391,"date":"2025-10-10T15:30:07","date_gmt":"2025-10-10T13:30:07","guid":{"rendered":"https:\/\/www.deanreed.de\/AmericanRebel\/ak\/?p=3391"},"modified":"2025-10-10T17:25:05","modified_gmt":"2025-10-10T15:25:05","slug":"nato-manoever-red-storm-bravo-in-hamburg-verurteilt","status":"publish","type":"post","link":"http:\/\/www.deanreed.de\/AmericanRebel\/ak\/nato-manoever-red-storm-bravo-in-hamburg-verurteilt\/","title":{"rendered":"NATO-Man\u00f6ver \u201eRed Storm Bravo\u201c in Hamburg verurteilt!"},"content":{"rendered":"<blockquote><p><span style=\"font-size: 12pt; font-family: verdana, geneva, sans-serif;\"><span style=\"color: #808080;\"><em><strong>Redaktion RoterMorgen \u2013 10. Oktober 2025<\/strong><br \/>\n<\/em><\/span><\/span><\/p><\/blockquote>\n<div class=\"article-details-text u-space-bottom-xl\">\n<p style=\"text-align: justify;\"><span style=\"font-family: verdana, geneva, sans-serif; color: #993300; font-size: 16pt;\"><strong>Kriegsvorbereitungen sichtbar machen, revisionistische Linke kritisieren!<\/strong><\/span><\/p>\n<p style=\"text-align: justify;\"><span style=\"font-family: verdana, geneva, sans-serif; color: #000000; font-size: 14pt;\"><strong>Die gro\u00dfangelegten Milit\u00e4r\u00fcbungen und die wachsende Mobilisierung junger Menschen durch staatliche Militarisierung sind kein Zufall. Am Beispiel des NATO-Man\u00f6vers \u201eRed Storm Bravo\u201c in Hamburg wird deutlich, wie internationale Machtinteressen und lokale Politik zusammenarbeiten, um die Stadt schrittweise f\u00fcr milit\u00e4rische Zwecke nutzbar zu machen. Gleichzeitig zeigen einige linke Zeitungen und Gruppen eine gef\u00e4hrliche Entwicklung: Sie ersetzen eine klare, klassenorientierte Politik durch harmlose Appelle und friedensbewegte Illusionen.<br \/>\n<\/strong><span style=\"font-size: 16pt; color: #ffffff;\">.<\/span><strong><br \/>\nKriegsvorbereitungen am Beispiel des Man\u00f6vers \u201eRed Storm Bravo\u201c<\/strong><\/span><br data-start=\"860\" data-end=\"863\" \/><span style=\"font-family: verdana, geneva, sans-serif; color: #000000; font-size: 14pt;\"><strong data-start=\"863\" data-end=\"898\">Hamburg als \u00dcbungsfeld der NATO<\/strong><\/span><\/p>\n<figure id=\"attachment_3404\" aria-describedby=\"caption-attachment-3404\" style=\"width: 222px\" class=\"wp-caption alignright\"><img loading=\"lazy\" decoding=\"async\" class=\" wp-image-3404\" src=\"http:\/\/www.deanreed.de\/AmericanRebel\/ak\/wp-content\/uploads\/2025\/10\/rrt-300x269.jpg\" alt=\"\" width=\"222\" height=\"199\" srcset=\"http:\/\/www.deanreed.de\/AmericanRebel\/ak\/wp-content\/uploads\/2025\/10\/rrt-300x269.jpg 300w, http:\/\/www.deanreed.de\/AmericanRebel\/ak\/wp-content\/uploads\/2025\/10\/rrt.jpg 701w\" sizes=\"auto, (max-width: 222px) 100vw, 222px\" \/><figcaption id=\"caption-attachment-3404\" class=\"wp-caption-text\">NATO-Man\u00f6ver \u201eRed Storm Bravo\u201c Hamburg als Drehscheibe<\/figcaption><\/figure>\n<p style=\"text-align: justify;\" data-start=\"900\" data-end=\"1328\"><span style=\"font-family: verdana, geneva, sans-serif; color: #000000; font-size: 14pt;\">Vom 25. bis 29. September 2025 fand in Hamburg das Man\u00f6ver \u201eRed Storm Bravo\u201c statt. Rund 500 Soldaten nahmen daran teil. Teile der Stadt wurden sichtbar militarisiert, Fahrzeuge und Uniformen pr\u00e4gten das Stadtbild. Diese milit\u00e4rische Pr\u00e4senz war kein blo\u00dfes Schauspiel. Sie diente dazu, den Einsatz von Milit\u00e4r im Alltag zu normalisieren, Abl\u00e4ufe in Gro\u00dfst\u00e4dten zu erproben und den gesellschaftlichen Widerstand einzusch\u00fcchtern.<br \/>\n<span style=\"font-size: 16pt; color: #ffffff;\">.<\/span><br \/>\n<\/span><span style=\"font-family: verdana, geneva, sans-serif; color: #000000; font-size: 14pt;\"><strong data-start=\"1330\" data-end=\"1370\">Imperialismus und Kriegsvorbereitung<\/strong><\/span><\/p>\n<figure id=\"attachment_3403\" aria-describedby=\"caption-attachment-3403\" style=\"width: 222px\" class=\"wp-caption alignleft\"><img loading=\"lazy\" decoding=\"async\" class=\" wp-image-3403\" src=\"http:\/\/www.deanreed.de\/AmericanRebel\/ak\/wp-content\/uploads\/2025\/10\/Die-Feuerwehr-musste-bei-der-Uebung-Red-Storm-Bravo-im-925012-300x239.jpg\" alt=\"\" width=\"222\" height=\"177\" srcset=\"http:\/\/www.deanreed.de\/AmericanRebel\/ak\/wp-content\/uploads\/2025\/10\/Die-Feuerwehr-musste-bei-der-Uebung-Red-Storm-Bravo-im-925012-300x239.jpg 300w, http:\/\/www.deanreed.de\/AmericanRebel\/ak\/wp-content\/uploads\/2025\/10\/Die-Feuerwehr-musste-bei-der-Uebung-Red-Storm-Bravo-im-925012-768x611.jpg 768w, http:\/\/www.deanreed.de\/AmericanRebel\/ak\/wp-content\/uploads\/2025\/10\/Die-Feuerwehr-musste-bei-der-Uebung-Red-Storm-Bravo-im-925012.jpg 800w\" sizes=\"auto, (max-width: 222px) 100vw, 222px\" \/><figcaption id=\"caption-attachment-3403\" class=\"wp-caption-text\">Auch das zusammenspiel von milit\u00e4ischen und zivilen Kr\u00e4ften wurde ge\u00fcbt. Szenarium k\u00f6nnte sein: Revolution\u00e4re Arbeiter haben ein Fabrick besetzt, Die Bundeswehr hat sie in Brand geschossen, die zivile Feuerwehr muss l\u00f6schen. | Bild: YouTube<\/figcaption><\/figure>\n<p style=\"text-align: justify;\" data-start=\"1372\" data-end=\"1947\"><span style=\"font-family: verdana, geneva, sans-serif; color: #000000; font-size: 14pt;\">Dieses Man\u00f6ver steht im Zusammenhang mit der allgemeinen Vorbereitung imperialistischer Staaten auf neue Kriege. Sie tun das nicht nur mit h\u00f6heren R\u00fcstungsausgaben, sondern auch durch die Durchdringung des \u00f6ffentlichen Lebens mit milit\u00e4rischem Denken. Schulen, Medien und Jugendprogramme werden genutzt, um Kriegsbereitschaft zu f\u00f6rdern. Wer diese Entwicklung als harmlose \u201eSicherheits\u00fcbung\u201c abtut, verkennt die sozialen Ursachen: Militarismus ist ein fester Bestandteil imperialistischer Politik. Er sichert Profite, stabilisiert Herrschaft und unterdr\u00fcckt jeden Widerstand.<br \/>\n<span style=\"color: #ffffff; font-size: 16pt;\">.<\/span><br \/>\n<\/span><span style=\"font-family: verdana, geneva, sans-serif; color: #000000; font-size: 14pt;\"><strong data-start=\"1949\" data-end=\"1991\">Konsequenzen f\u00fcr die politische Praxis<\/strong><\/span><\/p>\n<p style=\"text-align: justify;\" data-start=\"1993\" data-end=\"2510\"><span style=\"font-family: verdana, geneva, sans-serif; color: #000000; font-size: 14pt;\">F\u00fcr Marxisten und Leninisten bedeutet das: Aufbau von organisiertem Widerstand in Stadtteilen und Betrieben, Aufkl\u00e4rung der Jugend \u00fcber den Klassencharakter des Militarismus, B\u00fcndnisse mit Gewerkschaften und sozialen Bewegungen sowie politische Vorbereitung auf kommende Auseinandersetzungen. Es geht nicht darum, Gewalt zu verherrlichen, sondern milit\u00e4rische Bedrohungen in eine bewusste Strategie einzubetten, die auf politische Aufkl\u00e4rung, Massenorganisation und Kontrolle milit\u00e4rischer Macht durch das Volk zielt.<br \/>\n<span style=\"font-size: 16pt; color: #ffffff;\">.<\/span><br \/>\n<strong data-start=\"2512\" data-end=\"2547\">Zur Haltung \u201elinker Kr\u00e4fte\u201c<\/strong><\/span><\/p>\n<figure id=\"attachment_3405\" aria-describedby=\"caption-attachment-3405\" style=\"width: 223px\" class=\"wp-caption alignright\"><img loading=\"lazy\" decoding=\"async\" class=\" wp-image-3405\" src=\"http:\/\/www.deanreed.de\/AmericanRebel\/ak\/wp-content\/uploads\/2025\/10\/hhh-300x265.jpg\" alt=\"\" width=\"223\" height=\"197\" srcset=\"http:\/\/www.deanreed.de\/AmericanRebel\/ak\/wp-content\/uploads\/2025\/10\/hhh-300x265.jpg 300w, http:\/\/www.deanreed.de\/AmericanRebel\/ak\/wp-content\/uploads\/2025\/10\/hhh-1024x903.jpg 1024w, http:\/\/www.deanreed.de\/AmericanRebel\/ak\/wp-content\/uploads\/2025\/10\/hhh-768x677.jpg 768w, http:\/\/www.deanreed.de\/AmericanRebel\/ak\/wp-content\/uploads\/2025\/10\/hhh.jpg 1200w\" sizes=\"auto, (max-width: 223px) 100vw, 223px\" \/><figcaption id=\"caption-attachment-3405\" class=\"wp-caption-text\">Typische Forderung der revisionistischen DKP: &#8222;Keine Kriegsman\u00f6ver in unserer Stadt _ Kommentar: &#8222;Bundeswehr ach Bremen&#8220;| Bild: YouTube<\/figcaption><\/figure>\n<p style=\"text-align: justify;\" data-start=\"2549\" data-end=\"2871\"><span style=\"color: #000000;\"><span style=\"font-family: verdana, geneva, sans-serif; font-size: 14pt;\">Viele Gruppen, die sich links nennen, entfernen sich immer weiter von der revolution\u00e4ren Klassenpolitik. Statt klarer Analysen bieten sie moralische Appelle und folgenloses Gerede von Frieden und Dialog. Damit schw\u00e4chen sie die Arbeiterbewegung und verhindern die Entwicklung einer k\u00e4mpferischen, selbstbewussten Bewegung.<br \/>\n<span style=\"font-size: 16pt; color: #ffffff;\">.<\/span><br \/>\n<\/span><span style=\"font-family: verdana, geneva, sans-serif; font-size: 14pt;\"><strong data-start=\"2873\" data-end=\"2905\">Ein Beispiel: Arbeit Zukunft<\/strong><\/span><\/span><\/p>\n<p style=\"text-align: justify;\" data-start=\"2907\" data-end=\"3588\"><span style=\"font-family: verdana, geneva, sans-serif; color: #000000; font-size: 14pt;\">Auch die Gruppe <em data-start=\"2923\" data-end=\"2939\">Arbeit Zukunft<\/em> zeigt diese Entwicklung. In ihrer Ausgabe 10\/25, die auch online erschienen ist, wird \u00fcber die Militarisierung der Jugend und das Man\u00f6ver \u201eRed Storm Bravo\u201c berichtet. Zwar werden darin Missst\u00e4nde benannt, doch es fehlt die Klassenanalyse. Zitat: <em data-start=\"3146\" data-end=\"3586\">\u201eDaher muss f\u00fcr uns die Aufkl\u00e4rung und Debatte rund um die Wehrpflicht im Vordergrund stehen, diese als Schritt der Kriegsvorbereitungen zu sehen, um diese grunds\u00e4tzlich in Frage zu stellen. Wir m\u00fcssen bei der Ablehnung gro\u00dfer Teile der Jugend ansetzen. Denn die meisten wollen selbst nicht den Dienst mit der Waffe machen, geschweige denn wirklich k\u00e4mpfen m\u00fcssen und die eigenen Kinder wollen die meisten dann auch nicht im Krieg sehen.\u201c (siehe auch: <a href=\"https:\/\/arbeitzukunft.de\/artikel\/neuer-wehrdienst-was-sagt-die-jugend\/\" target=\"_blank\" rel=\"noopener\">neuer-wehrdienst-was-sagt-die-jugend<\/a> (9. und 10. Absatz).<\/em><\/span><\/p>\n<p style=\"text-align: justify;\" data-start=\"3590\" data-end=\"3864\"><span style=\"font-family: verdana, geneva, sans-serif; color: #000000; font-size: 14pt;\">Das klingt friedlich und vern\u00fcnftig \u2013 ist aber nichts anderes als die Sprache der Entwaffnung, wie sie von b\u00fcrgerlichen Friedensfreunden und Sozialpazifisten gepflegt wird. Solche Positionen f\u00fchren nicht zu Befreiung, sondern zur Wehrlosigkeit gegen\u00fcber dem Imperialismus.<\/span><\/p>\n<p style=\"text-align: justify;\" data-start=\"3866\" data-end=\"4428\"><span style=\"color: #000000;\"><strong><span style=\"font-family: verdana, geneva, sans-serif; font-size: 14pt;\">Karl Liebknecht schrieb dazu unmissverst\u00e4ndlich:<\/span><\/strong><\/span><br data-start=\"3914\" data-end=\"3917\" \/><span style=\"font-family: verdana, geneva, sans-serif; color: #000000; font-size: 14pt;\">\u201eDie proletarische Jugend muss von Klassenbewusstsein und Hass gegen den Militarismus systematisch durchgl\u00fcht werden. Der jugendliche Enthusiasmus wird die Herzen der jungen Proletarier einer solchen Agitation begeistert entgegenschlagen lassen. (\u2026) Sie wird und muss, wenn alles seine Schuldigkeit tut, gewonnen werden. Wer die Jugend hat, der hat die Armee.\u201c<sup>1<\/sup><\/span><\/p>\n<p style=\"text-align: justify;\" data-start=\"4430\" data-end=\"4820\"><span style=\"color: #000000;\"><span style=\"font-family: verdana, geneva, sans-serif; font-size: 14pt;\">Zwei Wege stehen sich gegen\u00fcber: Entweder eine Jugend, die erkennt, wem die Waffen dienen, und sie in den Dienst der Arbeiterklasse stellt \u2013 oder eine Jugend, die entwaffnet und politisch bet\u00e4ubt bleibt. Wer glaubt, den Imperialismus mit moralischen Appellen aufhalten zu k\u00f6nnen, t\u00e4uscht sich. Lenin warnte bereits: \u201eOhne revolution\u00e4re Theorie kann es keine revolution\u00e4re Bewegung geben.\u201c<sup>2<\/sup><br \/>\n<span style=\"font-size: 16pt; color: #ffffff;\">.<\/span><br \/>\n<\/span><span style=\"font-family: verdana, geneva, sans-serif; font-size: 14pt;\"><strong data-start=\"4822\" data-end=\"4862\">Sachliche, aber entschlossene Kritik<\/strong><\/span><\/span><\/p>\n<p style=\"text-align: justify;\" data-start=\"4864\" data-end=\"5472\"><span style=\"color: #000000;\"><span style=\"font-family: verdana, geneva, sans-serif; font-size: 14pt;\"><em data-start=\"4864\" data-end=\"4880\">Arbeit Zukunft<\/em> will aufkl\u00e4ren \u2013 das ist notwendig, aber nicht genug. Marxisten fordern, dass Antimilitarismus mit konkreter Klassenarbeit verbunden wird: in Betrieben, Schulen und Jugendorganisationen. Die Wehrpflicht einfach nur \u201ein Frage zu stellen\u201c reicht nicht. Marx, Engels und Lenin betonten immer wieder, dass man die bestehenden Verh\u00e4ltnisse nur ver\u00e4ndern kann, wenn man sie versteht und organisiert bek\u00e4mpft. Marx schrieb in seiner dritten Feuerbach-These: \u201eDer Erzieher muss selbst erzogen werden.\u201c<sup>3<\/sup> Jede Generation der Arbeiterbewegung muss sich also neu bilden und ihre eigene St\u00e4rke entwickeln.<br \/>\n<span style=\"font-size: 16pt; color: #ffffff;\">.<\/span><br \/>\n<\/span><span style=\"font-family: verdana, geneva, sans-serif; font-size: 14pt;\"><strong data-start=\"5474\" data-end=\"5498\">Was jetzt zu tun ist<\/strong><\/span><\/span><\/p>\n<p style=\"text-align: justify;\" data-start=\"5500\" data-end=\"5568\"><span style=\"font-family: verdana, geneva, sans-serif; color: #000000; font-size: 14pt;\">Statt sich mit friedfertigen Appellen zu begn\u00fcgen, muss die Linke:<\/span><\/p>\n<ul style=\"text-align: justify;\">\n<li data-start=\"5571\" data-end=\"5617\"><span style=\"font-family: verdana, geneva, sans-serif; color: #000000; font-size: 14pt;\">Die Klassenfrage ins Zentrum stellen.<\/span><\/li>\n<li data-start=\"5620\" data-end=\"5685\"><span style=\"font-family: verdana, geneva, sans-serif; color: #000000; font-size: 14pt;\">Die Jugend politisch bilden und in konkrete Aktionen einbinden.<\/span><\/li>\n<li data-start=\"5688\" data-end=\"5764\"><span style=\"font-family: verdana, geneva, sans-serif; color: #000000; font-size: 14pt;\">Gewerkschaften, Kasernen und Nachbarschaften als Orte gemeinsamer Gegenwehr st\u00e4rken.<\/span><\/li>\n<li data-start=\"5767\" data-end=\"5888\"><span style=\"font-family: verdana, geneva, sans-serif; color: #000000; font-size: 14pt;\">Revisionistische und pazifistische Str\u00f6mungen offen benennen und ihnen eine klare, k\u00e4mpferische Strategie entgegensetzen.<\/span><\/li>\n<\/ul>\n<p style=\"text-align: justify;\" data-start=\"5890\" data-end=\"5935\"><span style=\"font-family: verdana, geneva, sans-serif; color: #000000; font-size: 14pt;\"><strong data-start=\"5890\" data-end=\"5935\">Marxismus-Leninismus \u2013 keine starre Lehre<\/strong><\/span><\/p>\n<p style=\"text-align: justify;\" data-start=\"5937\" data-end=\"6342\"><span style=\"color: #000000;\"><span style=\"font-family: verdana, geneva, sans-serif; font-size: 14pt;\">Der Marxismus-Leninismus ist kein Dogma, sondern eine Anleitung zum Handeln. Marx schrieb: \u201eDer Erzieher muss selbst erzogen werden.\u201c<sup>5<\/sup> Jede neue gesellschaftliche Entwicklung ver\u00e4ndert auch den Materialismus. Das Ziel bleibt aber gleich: die <strong>vollst\u00e4ndige<\/strong> \u00dcberwindung der Herrschaft des Kapitals. Dieses Ziel ist keine Frage des Willens, sondern eine Notwendigkeit, die aus dem Klassenkampf selbst entsteht.<br \/>\n<span style=\"font-size: 16pt; color: #ffffff;\">.<\/span><br \/>\n<\/span><span style=\"font-family: verdana, geneva, sans-serif; font-size: 14pt;\"><strong data-start=\"6344\" data-end=\"6393\">Pazifismus und Sozialdemokratismus als Gefahr<\/strong><\/span><\/span><\/p>\n<p style=\"text-align: justify;\" data-start=\"6395\" data-end=\"6851\"><span style=\"color: #000000;\"><span style=\"font-family: verdana, geneva, sans-serif; font-size: 14pt;\">Der Klassenkampf wird nicht friedlich bleiben. Friedensrufe und sozialdemokratische Anpassung ersetzen den notwendigen Bruch mit der herrschenden Ordnung. Die Aufgabe besteht nicht darin, die Wehrpflicht einfach abzulehnen, sondern sie mit revolution\u00e4rem Bewusstsein zu verbinden. In den Kasernen liegen die Waffen, in den Bibliotheken die Werke von Marx, Engels, Lenin und Stalin \u2013 beides geh\u00f6rt zusammen, wenn es um die Befreiung der Arbeiterklasse geht.<sup>3<\/sup><br \/>\n<span style=\"font-size: 16pt; color: #ffffff;\">.<\/span><br \/>\n<\/span><span style=\"font-family: verdana, geneva, sans-serif; font-size: 14pt;\"><strong data-start=\"6853\" data-end=\"6880\">Imperialismus und Krieg<\/strong><\/span><\/span><\/p>\n<p style=\"text-align: justify;\" data-start=\"6882\" data-end=\"7431\"><span style=\"color: #000000;\"><span style=\"font-family: verdana, geneva, sans-serif; font-size: 14pt;\">Seit dem \u00dcbergang zum imperialistischen Zeitalter um 1900 ist der Frieden in den kapitalistischen L\u00e4ndern nur noch ein Trugbild. Lenin schrieb in <em data-start=\"7028\" data-end=\"7050\">Staat und Revolution<\/em>, dass die Bourgeoisie nur durch die Aufhebung ihrer Macht \u00fcberwunden werden kann.<sup>6<\/sup> Der Imperialismus bedeutet totalen Krieg \u2013 nach au\u00dfen gegen andere V\u00f6lker, nach innen gegen das eigene Volk. Clausewitz nannte den Krieg die \u201eFortsetzung der Politik mit anderen Mitteln\u201c. Lenin ging weiter: Er machte deutlich, dass der Krieg selbst eine Folge der kapitalistischen Gesellschaft ist.<br \/>\n<span style=\"font-size: 16pt; color: #ffffff;\">.<\/span><br \/>\n<\/span><span style=\"font-family: verdana, geneva, sans-serif; font-size: 14pt;\"><strong data-start=\"7433\" data-end=\"7472\">Herrschaftsanspruch der Bourgeoisie<\/strong><\/span><\/span><\/p>\n<p style=\"text-align: justify;\" data-start=\"213\" data-end=\"488\"><span style=\"font-family: verdana, geneva, sans-serif; color: #000000; font-size: 14pt;\">Die herrschende Klasse versucht seit jeher, die Arbeiter und armen Bauern wirtschaftlich und geistig zu unterwerfen. Die Bourgeoisie kann den Kern des Proletariats nicht vernichten, aber sie kann ihn schw\u00e4chen \u2013 durch Wohlstandsbestechung, Ablenkung und falsche Ideologien.<\/span><\/p>\n<p style=\"text-align: justify;\" data-start=\"490\" data-end=\"603\"><span style=\"font-family: verdana, geneva, sans-serif; color: #000000; font-size: 14pt;\">Historische und gegenw\u00e4rtige Beispiele zeigen, wie brutal und anpassungsf\u00e4hig imperialistische Politik sein kann:<\/span><\/p>\n<ul style=\"text-align: justify;\">\n<li data-start=\"607\" data-end=\"672\"><span style=\"font-family: verdana, geneva, sans-serif; color: #000000; font-size: 14pt;\"><strong data-start=\"607\" data-end=\"670\">Die Zerschlagung der kommunistischen Bewegung im Faschismus<\/strong><\/span><\/li>\n<li data-start=\"675\" data-end=\"721\"><span style=\"font-family: verdana, geneva, sans-serif; color: #000000; font-size: 14pt;\"><strong data-start=\"675\" data-end=\"719\">Der Vernichtungskrieg Japans gegen China<\/strong><\/span><\/li>\n<li data-start=\"724\" data-end=\"805\"><span style=\"font-family: verdana, geneva, sans-serif; color: #000000; font-size: 14pt;\"><strong data-start=\"724\" data-end=\"803\">Die blutigen Angriffe Chiang Kai-sheks auf die chinesische Arbeiterbewegung<\/strong><\/span><\/li>\n<li data-start=\"808\" data-end=\"928\"><span style=\"font-family: verdana, geneva, sans-serif; color: #000000; font-size: 14pt;\"><strong data-start=\"808\" data-end=\"928\">Die neuen Formen wirtschaftlicher Abh\u00e4ngigkeit durch die Afrika-Strategie der EU und Deutschlands (\u201eGlobal Gateway\u201c)<\/strong><\/span><\/li>\n<\/ul>\n<p style=\"text-align: justify;\" data-start=\"934\" data-end=\"1262\"><span style=\"font-family: verdana, geneva, sans-serif; color: #000000; font-size: 14pt;\">Unter dem Vorwand von \u201eEntwicklungshilfe\u201c und \u201ePartnerschaft\u201c werden afrikanische L\u00e4nder zunehmend an europ\u00e4ische Konzerne gebunden. Stra\u00dfen, H\u00e4fen und Energieprojekte entstehen im Interesse westlicher Unternehmen. Das ist moderner Imperialismus in \u00f6konomischer Gestalt \u2013 nicht durch Kanonen, sondern durch Vertr\u00e4ge und Kredite.<\/span><\/p>\n<ul style=\"text-align: justify;\">\n<li data-start=\"1266\" data-end=\"1682\"><span style=\"font-family: verdana, geneva, sans-serif; color: #000000; font-size: 14pt;\"><strong data-start=\"1266\" data-end=\"1317\">Die Ausbeutung von Arbeitskraft im eigenen Land<\/strong><\/span><br data-start=\"1317\" data-end=\"1320\" \/><span style=\"font-family: verdana, geneva, sans-serif; color: #000000; font-size: 14pt;\">Gro\u00dfe Konzerne wie Amazon oder Einzelhandelsketten dr\u00fccken L\u00f6hne, w\u00e4hrend sie Rekordgewinne erzielen. Streiks und Proteste von Besch\u00e4ftigten werden ignoriert oder rechtlich eingeschr\u00e4nkt. Der Druck auf Arbeiter w\u00e4chst \u2013 in Leiharbeit, Niedriglohnsektor und prek\u00e4ren Besch\u00e4ftigungsverh\u00e4ltnissen. Hier zeigt sich die \u00f6konomische Gewalt der Bourgeoisie im Alltag.<\/span><\/li>\n<li data-start=\"1686\" data-end=\"2029\"><span style=\"font-family: verdana, geneva, sans-serif; color: #000000; font-size: 14pt;\"><strong data-start=\"1686\" data-end=\"1723\">Die sogenannte Mindestlohndebatte<\/strong><\/span><br data-start=\"1723\" data-end=\"1726\" \/><span style=\"font-family: verdana, geneva, sans-serif; color: #000000; font-size: 14pt;\">Auch die Diskussion um den gesetzlichen Mindestlohn verdeutlicht den Versuch der herrschenden Klasse, soziale Spannungen durch kleine Zugest\u00e4ndnisse zu entsch\u00e4rfen. Ein Lohn, der kaum zum Leben reicht, wird als \u201esozialer Fortschritt\u201c verkauft \u2013 doch das Grundverh\u00e4ltnis der Ausbeutung bleibt bestehen.<\/span><\/li>\n<li data-start=\"2033\" data-end=\"2533\"><span style=\"font-family: verdana, geneva, sans-serif; color: #000000; font-size: 14pt;\"><strong data-start=\"2033\" data-end=\"2080\">Deutscher Imperialismus in der Au\u00dfenpolitik<\/strong><\/span><br data-start=\"2080\" data-end=\"2083\" \/><span style=\"font-family: verdana, geneva, sans-serif; color: #000000; font-size: 14pt;\">Deutschland beteiligt sich aktiv an internationalen Konflikten \u2013 ob durch Waffenlieferungen, Ausbildungshilfen oder diplomatische Unterst\u00fctzung imperialistischer B\u00fcndnisse wie der NATO. Besonders im Ukrainekrieg zeigt sich, dass wirtschaftliche Interessen, Energiepolitik und milit\u00e4rische Einflussnahme eng verbunden sind. Was als \u201eVerteidigung der Demokratie\u201c verkauft wird, ist in Wahrheit Teil des globalen Machtkampfes um M\u00e4rkte und Ressourcen.<\/span><\/li>\n<\/ul>\n<p style=\"text-align: justify;\" data-start=\"2535\" data-end=\"2873\"><span style=\"color: #000000;\"><span style=\"font-family: verdana, geneva, sans-serif; font-size: 14pt;\">Imperialismus ist faulender Kapitalismus. Er zeigt sich in Krieg, Unterdr\u00fcckung, Raubbau und moralischer Verkommenheit \u2013 heute ebenso wie gestern. Er kann keine gerechten Kriege hervorbringen, keine dauerhafte Befreiung, keine echte Demokratie. Nur der bewusste, organisierte Widerstand der Arbeiterklasse kann diese Herrschaft brechen.<br \/>\n<span style=\"font-size: 16pt; color: #ffffff;\">.<\/span><br \/>\n<\/span><span style=\"font-family: verdana, geneva, sans-serif; font-size: 14pt;\"><strong>B\u00fcrgerliche Intelligenz und Menschenrechte<\/strong><\/span><\/span><\/p>\n<p style=\"text-align: justify;\" data-start=\"8222\" data-end=\"8555\"><span style=\"color: #000000;\"><span style=\"font-family: verdana, geneva, sans-serif; font-size: 14pt;\">Viele Akademiker und selbsternannte Humanisten reden von Menschenrechten, ohne ihre Verbindung zum Klassenkampf zu verstehen. Wahrer Humanismus bedeutet, den Kampf gegen Unterdr\u00fcckung aufzunehmen und sich auf die Seite der Arbeiterklasse zu stellen. Wer die herrschenden Verh\u00e4ltnisse nur erkl\u00e4rt, statt sie zu ver\u00e4ndern, dient ihnen.<br \/>\n<span style=\"font-size: 16pt; color: #ffffff;\">.<\/span><br \/>\n<\/span><span style=\"font-family: verdana, geneva, sans-serif; font-size: 14pt;\"><strong data-start=\"8557\" data-end=\"8595\">Kein Frieden mit dem Imperialismus<\/strong><\/span><\/span><\/p>\n<p style=\"text-align: justify;\" data-start=\"8597\" data-end=\"8946\"><span style=\"font-family: verdana, geneva, sans-serif; color: #000000; font-size: 14pt;\">Der Imperialismus lebt vom Krieg \u2013 gegen andere L\u00e4nder und gegen die eigene Bev\u00f6lkerung. Er zerst\u00f6rt die Lebensgrundlagen der Arbeiterklasse. Appelle und Reformversprechen reichen nicht. Die Geschichte zeigt: Nur eine organisierte, klassenbewusste Bewegung, gest\u00fctzt auf die Lehren von Marx, Engels, Lenin und Liebknecht, kann diese Macht brechen.<br \/>\n<span style=\"font-size: 16pt; color: #ffffff;\">.<\/span><br \/>\n<span style=\"color: #993300;\"><strong>Wirklicher Frieden, soziale Gerechtigkeit und Freiheit entstehen erst, wenn der Imperialismus vollkommen gest\u00fcrzt und durch eine sozialistische Ordnung ersetzt wird.<\/strong><\/span><\/span><\/p>\n<\/div>\n<p><strong><span style=\"font-size: 12pt; font-family: verdana, geneva, sans-serif;\">Fu\u00dfnoten:<\/span><\/strong><\/p>\n<ol>\n<li><span style=\"color: #000000; font-family: verdana, geneva, sans-serif; font-size: 12pt;\">Karl Liebknecht: <em>Militarismus und Antimilitarismus<\/em>, Dietz Verlag Berlin, 1948, S. 456.<\/span><\/li>\n<li><span style=\"font-size: 12pt; font-family: verdana, geneva, sans-serif; color: #000000;\">Lenin: <em data-start=\"924\" data-end=\"968\">Was tun? Brennende Fragen unserer Bewegung<\/em>, Werke, Bd. 5, Berlin: Dietz Verlag, 1960, Seite 369.<\/span><\/li>\n<li><span style=\"font-size: 12pt; font-family: verdana, geneva, sans-serif; color: #000000;\">Lenin: <em>Das Milit\u00e4rprogramm der proletarischen Revolution,<\/em> Dietz Verlag Berlin, o.J., S. 99 f.<\/span><\/li>\n<li><span style=\"font-size: 12pt; font-family: verdana, geneva, sans-serif; color: #000000;\">Marx\/Engels: Werke Bd. 3, Marx &#8211; <em>Thesen u\u0308ber Feuerbach<\/em>, Dietz Verlag Berlin, 1960, Seite 5 bis 7<\/span><\/li>\n<li><span style=\"color: #000000; font-family: verdana, geneva, sans-serif; font-size: 12pt;\">ebenda<\/span><\/li>\n<li><span style=\"font-family: verdana, geneva, sans-serif; color: #000000;\"><span style=\"font-size: 12pt;\"><span style=\"font-size: 12pt;\">Lenin: <em>Staat und Revolution, <\/em><\/span><\/span>Werke, Band 25, Dietz Verlag Berlin, 1960,\u00a0<\/span><\/li>\n<\/ol>\n<p><span style=\"color: #000000; font-family: verdana, geneva, sans-serif; font-size: 12pt;\">Vergleiche auch: Lenin: <em>Notizen zu den Fragen der Aufgaben unserer Delegation im Haag, B\u00fccherei des Marxismus-Leninismus<\/em>, Band 26, Dietz Verlag Berlin, Seite 296 bis 300<\/span><\/p>\n<p>&nbsp;<\/p>\n<p style=\"text-align: justify;\"><span style=\"font-family: verdana, geneva, sans-serif; font-size: 12pt; color: #000000;\">Eine Weiterver\u00f6ffentlichung des Textes ist gem\u00e4\u00df einer <a style=\"color: #000000;\" href=\"https:\/\/creativecommons.org\/licenses\/by-nc-sa\/4.0\/deed.de\">Creative Commons 4.0 International Lizenz<\/a> ausdr\u00fccklich erw\u00fcnscht. (Unter gleichen Bedingungen: unkommerziell, Nennung der <a style=\"color: #000000;\" href=\"http:\/\/derwegzurpartei.de\/\">verlinkten Quelle<\/a> (\u00bbRoterMorgen\u00ab) mit Erscheinungsdatum).<\/span><\/p>\n<p>&nbsp;<\/p>\n","protected":false},"excerpt":{"rendered":"<div class=\"mh-excerpt\"><p>Redaktion RoterMorgen \u2013 10. Oktober 2025 Kriegsvorbereitungen sichtbar machen, revisionistische Linke kritisieren! Die gro\u00dfangelegten Milit\u00e4r\u00fcbungen und die wachsende Mobilisierung junger Menschen durch staatliche Militarisierung sind <a class=\"mh-excerpt-more\" href=\"http:\/\/www.deanreed.de\/AmericanRebel\/ak\/nato-manoever-red-storm-bravo-in-hamburg-verurteilt\/\" title=\"NATO-Man\u00f6ver \u201eRed Storm Bravo\u201c in Hamburg verurteilt!\">[&#8230;]<\/a><\/p>\n<\/div>","protected":false},"author":4,"featured_media":3393,"comment_status":"open","ping_status":"open","sticky":false,"template":"","format":"standard","meta":{"footnotes":""},"categories":[1],"tags":[655,666,555,754,753,748,752,552,483],"class_list":["post-3391","post","type-post","status-publish","format-standard","has-post-thumbnail","hentry","category-allgemein","tag-antikapitalismus","tag-antirevisionismus","tag-bundeswehr","tag-gegenimperialismus","tag-jugendorganisieren","tag-militarisierung","tag-redstormbravo","tag-rotermorgen","tag-klassenkampf"],"yoast_head":"<!-- This site is optimized with the Yoast SEO plugin v26.2 - https:\/\/yoast.com\/wordpress\/plugins\/seo\/ -->\n<title>NATO-Man\u00f6ver \u201eRed Storm Bravo\u201c in Hamburg verurteilt! - Roter Morgen<\/title>\n<meta name=\"robots\" content=\"index, follow, max-snippet:-1, max-image-preview:large, max-video-preview:-1\" \/>\n<link rel=\"canonical\" href=\"https:\/\/www.deanreed.de\/AmericanRebel\/ak\/nato-manoever-red-storm-bravo-in-hamburg-verurteilt\/\" \/>\n<meta property=\"og:locale\" content=\"de_DE\" \/>\n<meta property=\"og:type\" content=\"article\" \/>\n<meta property=\"og:title\" content=\"NATO-Man\u00f6ver \u201eRed Storm Bravo\u201c in Hamburg verurteilt! - Roter Morgen\" \/>\n<meta property=\"og:description\" content=\"Redaktion RoterMorgen \u2013 10. Oktober 2025 Kriegsvorbereitungen sichtbar machen, revisionistische Linke kritisieren! Die gro\u00dfangelegten Milit\u00e4r\u00fcbungen und die wachsende Mobilisierung junger Menschen durch staatliche Militarisierung sind [...]\" \/>\n<meta property=\"og:url\" content=\"https:\/\/www.deanreed.de\/AmericanRebel\/ak\/nato-manoever-red-storm-bravo-in-hamburg-verurteilt\/\" \/>\n<meta property=\"og:site_name\" content=\"Roter Morgen\" \/>\n<meta property=\"article:published_time\" content=\"2025-10-10T13:30:07+00:00\" \/>\n<meta property=\"article:modified_time\" content=\"2025-10-10T15:25:05+00:00\" \/>\n<meta property=\"og:image\" content=\"https:\/\/www.deanreed.de\/AmericanRebel\/ak\/wp-content\/uploads\/2025\/10\/aeaeaeaeae.png\" \/>\n\t<meta property=\"og:image:width\" content=\"678\" \/>\n\t<meta property=\"og:image:height\" content=\"381\" \/>\n\t<meta property=\"og:image:type\" content=\"image\/png\" \/>\n<meta name=\"author\" content=\"Redaktion\" \/>\n<meta name=\"twitter:card\" content=\"summary_large_image\" \/>\n<meta name=\"twitter:label1\" content=\"Verfasst von\" \/>\n\t<meta name=\"twitter:data1\" content=\"Redaktion\" \/>\n\t<meta name=\"twitter:label2\" content=\"Gesch\u00e4tzte Lesezeit\" \/>\n\t<meta name=\"twitter:data2\" content=\"10\u00a0Minuten\" \/>\n<script type=\"application\/ld+json\" class=\"yoast-schema-graph\">{\"@context\":\"https:\/\/schema.org\",\"@graph\":[{\"@type\":\"WebPage\",\"@id\":\"https:\/\/www.deanreed.de\/AmericanRebel\/ak\/nato-manoever-red-storm-bravo-in-hamburg-verurteilt\/\",\"url\":\"https:\/\/www.deanreed.de\/AmericanRebel\/ak\/nato-manoever-red-storm-bravo-in-hamburg-verurteilt\/\",\"name\":\"NATO-Man\u00f6ver \u201eRed Storm Bravo\u201c in Hamburg verurteilt! - Roter Morgen\",\"isPartOf\":{\"@id\":\"https:\/\/www.deanreed.de\/AmericanRebel\/ak\/#website\"},\"primaryImageOfPage\":{\"@id\":\"https:\/\/www.deanreed.de\/AmericanRebel\/ak\/nato-manoever-red-storm-bravo-in-hamburg-verurteilt\/#primaryimage\"},\"image\":{\"@id\":\"https:\/\/www.deanreed.de\/AmericanRebel\/ak\/nato-manoever-red-storm-bravo-in-hamburg-verurteilt\/#primaryimage\"},\"thumbnailUrl\":\"http:\/\/www.deanreed.de\/AmericanRebel\/ak\/wp-content\/uploads\/2025\/10\/aeaeaeaeae.png\",\"datePublished\":\"2025-10-10T13:30:07+00:00\",\"dateModified\":\"2025-10-10T15:25:05+00:00\",\"author\":{\"@id\":\"https:\/\/www.deanreed.de\/AmericanRebel\/ak\/#\/schema\/person\/1735e67eea57aea7611c691f571924c3\"},\"breadcrumb\":{\"@id\":\"https:\/\/www.deanreed.de\/AmericanRebel\/ak\/nato-manoever-red-storm-bravo-in-hamburg-verurteilt\/#breadcrumb\"},\"inLanguage\":\"de\",\"potentialAction\":[{\"@type\":\"ReadAction\",\"target\":[\"https:\/\/www.deanreed.de\/AmericanRebel\/ak\/nato-manoever-red-storm-bravo-in-hamburg-verurteilt\/\"]}]},{\"@type\":\"ImageObject\",\"inLanguage\":\"de\",\"@id\":\"https:\/\/www.deanreed.de\/AmericanRebel\/ak\/nato-manoever-red-storm-bravo-in-hamburg-verurteilt\/#primaryimage\",\"url\":\"http:\/\/www.deanreed.de\/AmericanRebel\/ak\/wp-content\/uploads\/2025\/10\/aeaeaeaeae.png\",\"contentUrl\":\"http:\/\/www.deanreed.de\/AmericanRebel\/ak\/wp-content\/uploads\/2025\/10\/aeaeaeaeae.png\",\"width\":678,\"height\":381,\"caption\":\"Grafik | RoterMorgen 2025\"},{\"@type\":\"BreadcrumbList\",\"@id\":\"https:\/\/www.deanreed.de\/AmericanRebel\/ak\/nato-manoever-red-storm-bravo-in-hamburg-verurteilt\/#breadcrumb\",\"itemListElement\":[{\"@type\":\"ListItem\",\"position\":1,\"name\":\"Startseite\",\"item\":\"https:\/\/www.deanreed.de\/AmericanRebel\/ak\/\"},{\"@type\":\"ListItem\",\"position\":2,\"name\":\"NATO-Man\u00f6ver \u201eRed Storm Bravo\u201c in Hamburg verurteilt!\"}]},{\"@type\":\"WebSite\",\"@id\":\"https:\/\/www.deanreed.de\/AmericanRebel\/ak\/#website\",\"url\":\"https:\/\/www.deanreed.de\/AmericanRebel\/ak\/\",\"name\":\"Roter Morgen\",\"description\":\"Der Weg zur Partei\",\"potentialAction\":[{\"@type\":\"SearchAction\",\"target\":{\"@type\":\"EntryPoint\",\"urlTemplate\":\"https:\/\/www.deanreed.de\/AmericanRebel\/ak\/?s={search_term_string}\"},\"query-input\":{\"@type\":\"PropertyValueSpecification\",\"valueRequired\":true,\"valueName\":\"search_term_string\"}}],\"inLanguage\":\"de\"},{\"@type\":\"Person\",\"@id\":\"https:\/\/www.deanreed.de\/AmericanRebel\/ak\/#\/schema\/person\/1735e67eea57aea7611c691f571924c3\",\"name\":\"Redaktion\",\"url\":\"http:\/\/www.deanreed.de\/AmericanRebel\/ak\/author\/redaktion\/\"}]}<\/script>\n<!-- \/ Yoast SEO plugin. -->","yoast_head_json":{"title":"NATO-Man\u00f6ver \u201eRed Storm Bravo\u201c in Hamburg verurteilt! - Roter Morgen","robots":{"index":"index","follow":"follow","max-snippet":"max-snippet:-1","max-image-preview":"max-image-preview:large","max-video-preview":"max-video-preview:-1"},"canonical":"https:\/\/www.deanreed.de\/AmericanRebel\/ak\/nato-manoever-red-storm-bravo-in-hamburg-verurteilt\/","og_locale":"de_DE","og_type":"article","og_title":"NATO-Man\u00f6ver \u201eRed Storm Bravo\u201c in Hamburg verurteilt! - Roter Morgen","og_description":"Redaktion RoterMorgen \u2013 10. Oktober 2025 Kriegsvorbereitungen sichtbar machen, revisionistische Linke kritisieren! Die gro\u00dfangelegten Milit\u00e4r\u00fcbungen und die wachsende Mobilisierung junger Menschen durch staatliche Militarisierung sind [...]","og_url":"https:\/\/www.deanreed.de\/AmericanRebel\/ak\/nato-manoever-red-storm-bravo-in-hamburg-verurteilt\/","og_site_name":"Roter Morgen","article_published_time":"2025-10-10T13:30:07+00:00","article_modified_time":"2025-10-10T15:25:05+00:00","og_image":[{"width":678,"height":381,"url":"https:\/\/www.deanreed.de\/AmericanRebel\/ak\/wp-content\/uploads\/2025\/10\/aeaeaeaeae.png","type":"image\/png"}],"author":"Redaktion","twitter_card":"summary_large_image","twitter_misc":{"Verfasst von":"Redaktion","Gesch\u00e4tzte Lesezeit":"10\u00a0Minuten"},"schema":{"@context":"https:\/\/schema.org","@graph":[{"@type":"WebPage","@id":"https:\/\/www.deanreed.de\/AmericanRebel\/ak\/nato-manoever-red-storm-bravo-in-hamburg-verurteilt\/","url":"https:\/\/www.deanreed.de\/AmericanRebel\/ak\/nato-manoever-red-storm-bravo-in-hamburg-verurteilt\/","name":"NATO-Man\u00f6ver \u201eRed Storm Bravo\u201c in Hamburg verurteilt! - Roter Morgen","isPartOf":{"@id":"https:\/\/www.deanreed.de\/AmericanRebel\/ak\/#website"},"primaryImageOfPage":{"@id":"https:\/\/www.deanreed.de\/AmericanRebel\/ak\/nato-manoever-red-storm-bravo-in-hamburg-verurteilt\/#primaryimage"},"image":{"@id":"https:\/\/www.deanreed.de\/AmericanRebel\/ak\/nato-manoever-red-storm-bravo-in-hamburg-verurteilt\/#primaryimage"},"thumbnailUrl":"http:\/\/www.deanreed.de\/AmericanRebel\/ak\/wp-content\/uploads\/2025\/10\/aeaeaeaeae.png","datePublished":"2025-10-10T13:30:07+00:00","dateModified":"2025-10-10T15:25:05+00:00","author":{"@id":"https:\/\/www.deanreed.de\/AmericanRebel\/ak\/#\/schema\/person\/1735e67eea57aea7611c691f571924c3"},"breadcrumb":{"@id":"https:\/\/www.deanreed.de\/AmericanRebel\/ak\/nato-manoever-red-storm-bravo-in-hamburg-verurteilt\/#breadcrumb"},"inLanguage":"de","potentialAction":[{"@type":"ReadAction","target":["https:\/\/www.deanreed.de\/AmericanRebel\/ak\/nato-manoever-red-storm-bravo-in-hamburg-verurteilt\/"]}]},{"@type":"ImageObject","inLanguage":"de","@id":"https:\/\/www.deanreed.de\/AmericanRebel\/ak\/nato-manoever-red-storm-bravo-in-hamburg-verurteilt\/#primaryimage","url":"http:\/\/www.deanreed.de\/AmericanRebel\/ak\/wp-content\/uploads\/2025\/10\/aeaeaeaeae.png","contentUrl":"http:\/\/www.deanreed.de\/AmericanRebel\/ak\/wp-content\/uploads\/2025\/10\/aeaeaeaeae.png","width":678,"height":381,"caption":"Grafik | RoterMorgen 2025"},{"@type":"BreadcrumbList","@id":"https:\/\/www.deanreed.de\/AmericanRebel\/ak\/nato-manoever-red-storm-bravo-in-hamburg-verurteilt\/#breadcrumb","itemListElement":[{"@type":"ListItem","position":1,"name":"Startseite","item":"https:\/\/www.deanreed.de\/AmericanRebel\/ak\/"},{"@type":"ListItem","position":2,"name":"NATO-Man\u00f6ver \u201eRed Storm Bravo\u201c in Hamburg verurteilt!"}]},{"@type":"WebSite","@id":"https:\/\/www.deanreed.de\/AmericanRebel\/ak\/#website","url":"https:\/\/www.deanreed.de\/AmericanRebel\/ak\/","name":"Roter Morgen","description":"Der Weg zur Partei","potentialAction":[{"@type":"SearchAction","target":{"@type":"EntryPoint","urlTemplate":"https:\/\/www.deanreed.de\/AmericanRebel\/ak\/?s={search_term_string}"},"query-input":{"@type":"PropertyValueSpecification","valueRequired":true,"valueName":"search_term_string"}}],"inLanguage":"de"},{"@type":"Person","@id":"https:\/\/www.deanreed.de\/AmericanRebel\/ak\/#\/schema\/person\/1735e67eea57aea7611c691f571924c3","name":"Redaktion","url":"http:\/\/www.deanreed.de\/AmericanRebel\/ak\/author\/redaktion\/"}]}},"_links":{"self":[{"href":"http:\/\/www.deanreed.de\/AmericanRebel\/ak\/wp-json\/wp\/v2\/posts\/3391","targetHints":{"allow":["GET"]}}],"collection":[{"href":"http:\/\/www.deanreed.de\/AmericanRebel\/ak\/wp-json\/wp\/v2\/posts"}],"about":[{"href":"http:\/\/www.deanreed.de\/AmericanRebel\/ak\/wp-json\/wp\/v2\/types\/post"}],"author":[{"embeddable":true,"href":"http:\/\/www.deanreed.de\/AmericanRebel\/ak\/wp-json\/wp\/v2\/users\/4"}],"replies":[{"embeddable":true,"href":"http:\/\/www.deanreed.de\/AmericanRebel\/ak\/wp-json\/wp\/v2\/comments?post=3391"}],"version-history":[{"count":14,"href":"http:\/\/www.deanreed.de\/AmericanRebel\/ak\/wp-json\/wp\/v2\/posts\/3391\/revisions"}],"predecessor-version":[{"id":3409,"href":"http:\/\/www.deanreed.de\/AmericanRebel\/ak\/wp-json\/wp\/v2\/posts\/3391\/revisions\/3409"}],"wp:featuredmedia":[{"embeddable":true,"href":"http:\/\/www.deanreed.de\/AmericanRebel\/ak\/wp-json\/wp\/v2\/media\/3393"}],"wp:attachment":[{"href":"http:\/\/www.deanreed.de\/AmericanRebel\/ak\/wp-json\/wp\/v2\/media?parent=3391"}],"wp:term":[{"taxonomy":"category","embeddable":true,"href":"http:\/\/www.deanreed.de\/AmericanRebel\/ak\/wp-json\/wp\/v2\/categories?post=3391"},{"taxonomy":"post_tag","embeddable":true,"href":"http:\/\/www.deanreed.de\/AmericanRebel\/ak\/wp-json\/wp\/v2\/tags?post=3391"}],"curies":[{"name":"wp","href":"https:\/\/api.w.org\/{rel}","templated":true}]}}