{"id":3155,"date":"2025-05-14T00:07:11","date_gmt":"2025-05-13T22:07:11","guid":{"rendered":"https:\/\/www.deanreed.de\/AmericanRebel\/ak\/?p=3155"},"modified":"2025-05-15T21:23:19","modified_gmt":"2025-05-15T19:23:19","slug":"die-gruendung-der-geschichtswissenschaft-1847-48","status":"publish","type":"post","link":"http:\/\/www.deanreed.de\/AmericanRebel\/ak\/die-gruendung-der-geschichtswissenschaft-1847-48\/","title":{"rendered":"Die Gr\u00fcndung der Geschichtswissenschaft 1847\/48"},"content":{"rendered":"<blockquote><p><span style=\"font-size: 12pt; font-family: verdana, geneva, sans-serif;\"><span style=\"color: #808080;\"><em><strong>Redaktion \u2013 14. Mai 2025<\/strong><br \/>\n<\/em><\/span><\/span><\/p><\/blockquote>\n<p style=\"text-align: justify;\"><strong><span style=\"font-family: verdana, geneva, sans-serif; font-size: 12pt; color: #000000;\">Oft braucht die Menschheit jahrtausendelange Durststrecken, um hinter relativ einfach zu l\u00f6sende Geheimnisse der Wissenschaft zu kommen. Dann ist in einem Augenblick alles klar und handgreiflich deutlich. F\u00fcr Marx und Engels kam als materialistischen Wissenschaftlern erschwerend hinzu, dass der Materialismus durch den damals schwergewichtigen Hegelianismus im Raum der Wissenschaft in Deutschland \u2013 anders als in Frankreich und England \u2013 an die Wand gedr\u00fcckt wurde. Hegel zum Beispiel vertrat den abstrusen Gedanken, durch die lutherische Reformation er\u00fcbrige sich in Deutschland eine Revolution in der radikalen Gestik Robespierres und mit der wuchtigen Kontur eines Marat.<\/span><\/strong><\/p>\n<p style=\"text-align: justify;\"><span style=\"font-family: verdana, geneva, sans-serif; font-size: 12pt; color: #000000;\">Als die ersten ausgereiften Werke des Marxismus gelten nach Lenin zwei Schriften von Marx und Engels, in denen u. a. klassische Fundamente des historischen Materialismus gelegt wurden. Wir werden in ihnen Zeugen, dass beide Revolution\u00e4re und Wissenschaftler nicht eine dogmatische Fahne aufpflanzten, sondern der Welt aus deren Prinzipien neue entwickelten.\u00b9 Neue Erkenntnisse ergaben sich aus einem t\u00e4tigen Praxisbezug zur gesellschaftlichen Klassenwirklichkeit im Zusammenhang mit deren progressiven Umgestaltung.<\/span><\/p>\n<p style=\"text-align: justify;\"><span style=\"font-family: verdana, geneva, sans-serif; font-size: 12pt; color: #000000;\">In der Schrift <em>Das Elend der Philosophie<\/em>, die Marx allein um die Jahreswende 1846\/47 verfasst hatte, finden wir einen ganz schlichten, gleichwohl ganz zentralen Satz \u2013 einen Satz in einer Nussschale. Immer zeichnen solche Direktivs\u00e4tze gro\u00dfe Meisterwerke aus: dass der Verfasser \u00fcber die Souver\u00e4nit\u00e4t verf\u00fcgt, bisher komplex Dargelegtes in ein, zwei Z\u00fcgen auf den Punkt zu bringen. Im <em>Elend der Philosophie<\/em> finden wir den markigen Satz:<\/span><br \/>\n<span style=\"font-family: verdana, geneva, sans-serif; font-size: 12pt; color: #000000;\">\u201eEine Handm\u00fchle ergibt eine Gesellschaft mit Feudalherren, die Dampfm\u00fchle eine Gesellschaft mit industriellen Kapitalisten.\u201c\u00b2<\/span><\/p>\n<p style=\"text-align: justify;\"><span style=\"font-family: verdana, geneva, sans-serif; font-size: 12pt; color: #000000;\">In dieser Nussschale steckt eine Menge. Es steckt in ihr die zentrale Bedeutung der Produktionsmittel \u2013 dass sie die gesellschaftliche Arbeitsorganisation bestimmen. Eine Handm\u00fchle ergibt eine Gesellschaft mit Feudalherren: ein Grundgehalt des historischen Materialismus. Ein paar Atemz\u00fcge weiter lesen wir:<\/span><\/p>\n<p style=\"text-align: justify;\"><span style=\"font-family: verdana, geneva, sans-serif; font-size: 12pt; color: #000000;\">\u201eWir leben inmitten einer best\u00e4ndigen Bewegung des Anwachsens der Produktivkr\u00e4fte, der Zerst\u00f6rung sozialer Verh\u00e4ltnisse \u2026\u201c\u00b3<\/span><\/p>\n<p style=\"text-align: justify;\"><span style=\"font-family: verdana, geneva, sans-serif; font-size: 12pt; color: #000000;\">Wie wahr, wie wahr! Regelm\u00e4\u00dfig zu verfolgen ist zum Beispiel die Zwangsr\u00e4umung von Wohnungen armer Studenten durch Gerichtsvollzieher und Polizei. Zerst\u00f6rung von sozialen Verh\u00e4ltnissen \u2013 das ist der Profitkitzel des Kapitals, der in der b\u00fcrgerlichen Gesellschaft \u00fcber alles gehen darf, auch \u00fcber Leichen (Touray, Lorenz A.), weil er \u00fcber allem steht. Die Bourgeoisie tr\u00e4gt der b\u00fcrgerlichen Gesellschaft mit humanistisch klingenden Worten Schminke auf; der Marxismus tr\u00e4gt diese wieder ab und deckt die h\u00e4ssliche, menschenverachtende Terrorfratze des Hemmschuhs jeglicher kulturellen Entwicklung auf. Ja \u2013 in den 40er Jahren des 19. Jahrhunderts fallen im Marxismus W\u00fcrfel, die Bahnen aufbrechen, insbesondere die Bahn zum Kommunismus als Reflex der technisch-industriellen Revolution. Die Fabrikliteratur war damals noch eine periphere Angelegenheit, das Verh\u00e4ltnis von Lohnarbeit und Kapital war \u00f6konomisch lediglich der intersubjektive Dreh- und Angelpunkt der ganzen b\u00fcrgerlichen Gesellschaft geworden. An diesem kn\u00fcpfte Marx explizit nicht an zur Anatomie der b\u00fcrgerlichen Gesellschaft, obwohl der Kapitalismus die Aufl\u00f6sung der feudalen Leibeigenschaft voraussetzt.<\/span><\/p>\n<p style=\"text-align: justify;\"><span style=\"font-family: verdana, geneva, sans-serif; font-size: 12pt; color: #000000;\">Ein halbes Jahr nach Marxens <em>Elend der Philosophie<\/em> hatte Engels im Oktober\/November 1847, also unmittelbar vor der Gemeinschaftsarbeit <em>Manifest der kommunistischen Partei<\/em>, geschrieben im Dezember 1847 \/ Januar 1848, also kurz vor der Februarrevolution, eine Studie verfasst, in der er die Grunds\u00e4tze des Kommunismus darlegte \u2013 wahrlich seine Vorarbeit f\u00fcr das kommunistische Manifest. Dieses bildet in einigen Z\u00fcgen nur sauber gefeilte S\u00e4tze aus den Grunds\u00e4tzen ab. Der Kernsatz bez\u00fcglich der Herausbildung einer kommunistischen Gesellschaft von Engels lautet 1847:<\/span><br \/>\n<span style=\"font-family: verdana, geneva, sans-serif; font-size: 12pt; color: #000000;\">\u201eDie gro\u00dfe Industrie schuf die Mittel, die industrielle Produktion in kurzer Zeit und mit wenig Kosten ins Unendliche zu vermehren.\u201c\u2074<\/span><\/p>\n<p style=\"text-align: justify;\"><span style=\"font-family: verdana, geneva, sans-serif; font-size: 12pt; color: #000000;\">Engels will sagen: Ohne technisch-industrielle Revolution und ihren Ausgangspunkt w\u00fcrden die materiellen Voraussetzungen des Kommunismus fehlen \u2013 in dem in einer \u00dcberflussgesellschaft der \u00dcberfluss planm\u00e4\u00dfig und kollektiv distribuiert wird, zun\u00e4chst noch nach gesellschaftlicher Arbeitsleistung, sodann nach individuellen Bed\u00fcrfnissen. Jeder nach seinen F\u00e4higkeiten, jedem nach seinen Bed\u00fcrfnissen \u2013 so lautet der bekannte Satz von Marx 1875. Ein Leben nach diesen Prinzipien kann gegen in Klassen gespaltene Gesellschaften nur durchgesetzt werden durch die vereinigten Arbeiter aller L\u00e4nder, wie es am Schluss des Manifestes hei\u00dft. Endlich dann im kommunistischen Manifest die Quintessenz f\u00fcnfzehnj\u00e4hriger Forschungsarbeit:<\/span><br \/>\n<span style=\"font-family: verdana, geneva, sans-serif; font-size: 12pt; color: #000000;\">\u201eSeit Dezennien ist die Geschichte der Industrie und des Handels nur die Geschichte der Emp\u00f6rung der modernen Produktivkr\u00e4fte gegen die modernen Produktionsverh\u00e4ltnisse \u2026\u201c\u2075<\/span><\/p>\n<p style=\"text-align: justify;\"><span style=\"font-family: verdana, geneva, sans-serif; font-size: 12pt; color: #000000;\">F\u00fcr Marx und Engels beginnt \u00f6konomisch mit diesem Satz die materialistische Geschichtswissenschaft. Das Wort <em>nur<\/em> meldet den Herrschaftsanspruch gegen\u00fcber traumt\u00e4nzerischen Historikern an, die sich einbildeten, geschichtswissenschaftlich zu verfahren und Objektives darzulegen.<\/span><\/p>\n<p style=\"text-align: justify;\"><span style=\"font-family: verdana, geneva, sans-serif; font-size: 12pt; color: #000000;\">Dass die moderne Geschichte eine der Emp\u00f6rung ist \u2013 mal st\u00e4rker, mal schw\u00e4cher \u2013 das macht politisch den roten Faden aus. Je mehr das Manifest revisionistisch gelesen wird, desto tiefer sinkt das Fieberthermometer der Emp\u00f6rung. <em>Die Permanenz, \u00fcberall jede revolution\u00e4re Bewegung gegen die bestehenden gesellschaftlichen und politischen Zust\u00e4nde zu unterst\u00fctzen<\/em>,\u2076 das thront am Ende des Manifestes, das man von Anfang bis zum Ende mit m\u00f6glichst gleichbleibender Konzentration lesen muss.<\/span><\/p>\n<p style=\"text-align: justify;\"><span style=\"font-family: verdana, geneva, sans-serif; font-size: 12pt; color: #000000;\">Ohne Emp\u00f6rung aus \u00f6konomischen Gr\u00fcnden und ohne die aus diesen entstehenden politischen Konsequenzen \u2013 unabh\u00e4ngig von Raum und Zeit \u2013 bliebe der junge Marxismus ein Torso. Ein Naturgesetz gilt \u00fcberall unabh\u00e4ngig von Raum und Zeit. Haben wir hier am Ende des kommunistischen Manifestes nicht das Naturgesetz der proletarischen Revolution vorliegen: <em>\u00fcberall jede Revolution zu unterst\u00fctzen<\/em>?<\/span><\/p>\n<p style=\"text-align: justify;\"><span style=\"font-family: verdana, geneva, sans-serif; font-size: 12pt; color: #000000;\">In diesem kleinen Wort <em>nur<\/em> steckt das Scheitern der letzten gro\u00dfen Anstrengung der klassischen deutschen Philosophie mit Hegel an der Spitze, den Geist in einer durch Nominalismus, mechanischen Materialismus und b\u00fcrgerliche Aufkl\u00e4rung herbeigef\u00fchrten Verzerrung in einer geistfeindlichen Zeit zu retten. Auf idealistische Art versuchte Hegel, durch durchaus religi\u00f6s gepr\u00e4gte Vorgabe absoluter Erkenntnis die Souver\u00e4nit\u00e4t des Geistes \u00fcber die Welt zu erheben und zu erhalten \u2013 durch die Behauptung des Ideals, die g\u00f6ttliche Gr\u00f6\u00dfe der Erkenntnis auch menschlich erreichen zu k\u00f6nnen. Der Atheist Engels muss das gegen die Christenheit anders sehen:<\/span><\/p>\n<p style=\"text-align: justify;\"><span style=\"font-family: verdana, geneva, sans-serif; font-size: 12pt; color: #000000;\">\u201eSobald wir einmal eingesehn haben \u2013 und zu dieser Einsicht hat uns schlie\u00dflich niemand mehr verholfen als Hegel selbst \u2013, dass die so gestellte Aufgabe der Philosophie weiter nichts hei\u00dft als die Aufgabe, dass ein einzelner Philosoph das leisten soll, was nur die gesamte Menschheit in ihrer fortschreitenden Entwicklung leisten kann \u2013 sobald wir das einsehn, ist es auch am Ende mit der ganzen Philosophie im bisherigen Sinn des Worts. Man l\u00e4sst die auf diesem Weg und f\u00fcr jeden einzelnen unerreichbare \u201aabsolute Wahrheit\u2018 laufen und jagt daf\u00fcr den erreichbaren relativen Wahrheiten nach \u2013 auf dem Weg der positiven Wissenschaften und der Zusammenfassung ihrer Resultate vermittelst des dialektischen Denkens.\u201c<sup>7<\/sup><\/span><\/p>\n<p style=\"text-align: justify;\"><span style=\"font-family: verdana, geneva, sans-serif; font-size: 12pt; color: #000000;\">Noch die Linkshegelianer, die sich selbst einsch\u00e4tzten, kluge und progressive K\u00f6pfe zu tragen, beteiligten sich an diesem reaktion\u00e4ren Rettungsversuch. Marx und Engels verstanden sich als konsequente Revolution\u00e4re in den Diensten der Arbeiterklasse und des Atheismus. Die Arbeiter erkannten durch das Studium der Werke von Marx und Engels mehr und mehr, dass man weltliche Fragen nicht in theologische aufl\u00f6sen darf, sondern theologische in weltliche aufl\u00f6sen muss. Der Welt entstand eine neue fortschrittliche materialistische Geschichtswissenschaft \u2013 auch aus einer wissenschaftlichen Grundhaltung heraus, eigentlich selbstverst\u00e4ndlich: die Welt mit n\u00fcchternen Augen zu betrachten.<sup>8<\/sup><\/span><\/p>\n<p style=\"text-align: justify;\"><span style=\"font-family: verdana, geneva, sans-serif; font-size: 12pt; color: #000000;\">Es ereignete sich in der ersten H\u00e4lfte des 19. Jahrhunderts ein gigantischer Umbruch, dessen Antipoden subjektiv Hegel und Marx waren, objektiv war es die technisch-industrielle Revolution. Es dr\u00fcckte sich Engels bei seinem Manchesteraufenthalt von 1842 bis 1844 f\u00f6rmlich auf, dass das, was die Wissenschaftler bisher in den Anmerkungsapparat verbannt hatten \u2013 die \u00f6konomische Struktur einer Gesellschaft \u2013, das eigentlich Leitende war. Hegel wollte das ganze Wesen des ganzen Universums mit religi\u00f6sem Brimborium ergr\u00fcnden \u2013 nur das Ganze sei das Wahre; Marx reduzierte diesen ganzen Gigantismus auf eine einzelne Ware als \u00f6konomische Zellenform der b\u00fcrgerlichen Gesellschaft. Diese auszuwickeln ist der Inhalt des <em>Kapitals<\/em>. W\u00e4ren die europ\u00e4ischen V\u00f6lker ideologisch dem Hegelianismus gefolgt, w\u00e4re es 1871 nicht zum Ausbruch der Pariser Kommune gekommen. Den Samen zu diesem hatten Marx und Engels ab 1837 gelegt.<\/span><\/p>\n<ol>\n<li style=\"text-align: justify;\"><span style=\"font-family: verdana, geneva, sans-serif; font-size: 10pt; color: #000000;\">Vergleiche Karl Marx: <em>Briefe aus den Deutsch-Franz\u00f6sischen Jahrb\u00fcchern<\/em>, Werke, Band 1, Dietz Verlag Berlin, 1960, Seite 345.<\/span><\/li>\n<li style=\"text-align: justify;\"><span style=\"font-family: verdana, geneva, sans-serif; font-size: 10pt; color: #000000;\">Karl Marx: <em>Das Elend der Philosophie, Werke<\/em>, Band 4, Dietz Verlag Berlin, 1960, Seite 130.<\/span><\/li>\n<li style=\"text-align: justify;\"><span style=\"font-family: verdana, geneva, sans-serif; font-size: 10pt; color: #000000;\">a.O.<\/span><\/li>\n<li style=\"text-align: justify;\"><span style=\"font-family: verdana, geneva, sans-serif; font-size: 10pt; color: #000000;\">Friedrich Engels: <em>Grunds\u00e4tze des Kommunismus<\/em>, Werke, Band 4, Dietz Verlag Berlin, 1960, Seite 369.<\/span><\/li>\n<li style=\"text-align: justify;\"><span style=\"font-family: verdana, geneva, sans-serif; font-size: 10pt; color: #000000;\">Karl Marx, Friedrich Engels: <em>Manifest der Kommunistischen Partei<\/em>, Werke, Band 4, Dietz Verlag Berlin, 1960, Seite 467.<\/span><\/li>\n<li style=\"text-align: justify;\"><span style=\"font-family: verdana, geneva, sans-serif; font-size: 10pt; color: #000000;\">a.O., Seite 493.<\/span><\/li>\n<li style=\"text-align: justify;\"><span style=\"font-family: verdana, geneva, sans-serif; font-size: 10pt; color: #000000;\">Friedrich Engels: <em>Ludwig Feuerbach und der Ausgang der klassischen deutschen Philosophie<\/em>, Werke, Band 21, Dietz Verlag Berlin, 1960, Seite 270).<\/span><\/li>\n<li style=\"text-align: justify;\"><span style=\"font-family: verdana, geneva, sans-serif; font-size: 10pt; color: #000000;\">Vergleiche Karl Marx: Friedrich Engels: <em>Manifest der Kommunistischen Partei<\/em>, Werke, Band 4, Dietz Verlag Berlin, 1960, Seite 465.<\/span><\/li>\n<\/ol>\n<p style=\"text-align: justify;\"><span style=\"font-family: verdana, geneva, sans-serif; font-size: 10pt;\"><span style=\"color: #000000;\">Dieser Artikel fu\u00dft auf eine Vorlage von Heinz Ahlreip. Eine Weiterver\u00f6ffentlichung des Textes ist gem\u00e4\u00df einer <a style=\"color: #000000;\" href=\"https:\/\/creativecommons.org\/licenses\/by-nc-sa\/4.0\/deed.de\">Creative Commons 4.0 International Lizenz<\/a> ausdr\u00fccklich erw\u00fcnscht. (Unter gleichen Bedingungen: unkommerziell, Nennung der <a style=\"color: #000000;\" href=\"http:\/\/derwegzurpartei.de\/\">verlinkten Quelle<\/a> (\u00bbDer Weg zur Partei\u00ab) mit Erscheinungsdatum).<\/span><br \/>\n<span style=\"color: #ffffff;\">.<\/span><br \/>\n<\/span><\/p>\n<p><span style=\"font-family: verdana, geneva, sans-serif; font-size: 14pt;\"><em><strong>Lest die Klassiker und studiert den Marxismus-Leninismus!<\/strong><\/em><\/span><\/p>\n<table>\n<tbody>\n<tr>\n<td><img loading=\"lazy\" decoding=\"async\" class=\"alignnone wp-image-25657\" src=\"https:\/\/rotermorgen.eu\/wp-content\/uploads\/2023\/03\/Untitled-design-5-209x300.png\" alt=\"\" width=\"227\" height=\"326\" \/><\/td>\n<td><a href=\"https:\/\/rotermorgen.eu\/wp-content\/uploads\/2023\/03\/6.png\" target=\"_blank\" rel=\"noopener\"><img loading=\"lazy\" decoding=\"async\" class=\"alignnone wp-image-25674\" src=\"https:\/\/rotermorgen.eu\/wp-content\/uploads\/2023\/03\/2-208x300.png\" alt=\"\" width=\"205\" height=\"296\" \/><\/a><\/td>\n<td><\/td>\n<td><img loading=\"lazy\" decoding=\"async\" class=\"alignnone wp-image-25658\" src=\"https:\/\/rotermorgen.eu\/wp-content\/uploads\/2023\/03\/7-Kopie-208x300.png\" alt=\"\" width=\"228\" height=\"329\" \/><\/td>\n<td><a href=\"https:\/\/rotermorgen.eu\/wp-content\/uploads\/2023\/03\/der.png\" target=\"_blank\" rel=\"noopener\"><img loading=\"lazy\" decoding=\"async\" class=\"alignnone size-medium wp-image-25673\" src=\"https:\/\/rotermorgen.eu\/wp-content\/uploads\/2023\/03\/1-Kopie-208x300.png\" alt=\"\" width=\"208\" height=\"300\" \/><\/a><\/td>\n<\/tr>\n<tr>\n<td style=\"text-align: center;\"><a href=\"https:\/\/www.booklooker.de\/B%C3%BCcher\/Angebote\/verlag=Roter+Morgen-Arbeitsgruppe-%27Der+Weg+zur+Partei%27\" target=\"_blank\" rel=\"noopener\"><span style=\"font-family: verdana, geneva, sans-serif; font-size: 10pt; color: #000000;\">bestellen<\/span><\/a><\/td>\n<td style=\"text-align: center;\"><a href=\"https:\/\/rotermorgen.eu\/wp-content\/uploads\/2022\/10\/Leseprobe_was_wollen.pdf\" target=\"_blank\" rel=\"noopener\"><span style=\"font-family: verdana, geneva, sans-serif;\"><span style=\"font-size: 10pt;\"><span style=\"color: #993300;\">LESEPROBE<\/span><\/span><\/span><\/a><\/td>\n<td style=\"text-align: center;\"><span style=\"color: #ffffff;\">&#8230;.<\/span><\/td>\n<td style=\"text-align: center;\"><a href=\"https:\/\/www.booklooker.de\/B%C3%BCcher\/Angebote\/verlag=Roter+Morgen-Arbeitsgruppe-%27Der+Weg+zur+Partei%27\" target=\"_blank\" rel=\"noopener\"><span style=\"font-family: verdana, geneva, sans-serif; font-size: 10pt; color: #000000;\">bestellen<\/span><\/a><\/td>\n<td style=\"text-align: center;\"><a href=\"https:\/\/rotermorgen.eu\/wp-content\/uploads\/2022\/12\/3Grundsaetze-Kopie.pdf\" target=\"_blank\" rel=\"noopener\"><span style=\"font-family: verdana, geneva, sans-serif; color: #000000;\"><span style=\"font-size: 10pt; color: #993300;\">LESEPROBE<\/span><\/span><\/a><\/td>\n<\/tr>\n<\/tbody>\n<\/table>\n<p style=\"text-align: center;\"><span style=\"font-family: verdana, geneva, sans-serif; font-size: 10pt; color: #000000;\"><span style=\"color: #ffffff;\">.<\/span><\/span><\/p>\n<p style=\"text-align: center;\"><span style=\"font-family: verdana, geneva, sans-serif; font-size: 10pt; color: #000000;\"><span style=\"color: #ffffff;\">.<\/span><br \/>\n<\/span><\/p>\n<p style=\"text-align: center;\"><span style=\"font-family: verdana, geneva, sans-serif; font-size: 10pt;\"><img loading=\"lazy\" decoding=\"async\" class=\" wp-image-23274 aligncenter\" src=\"https:\/\/rotermorgen.eu\/wp-content\/uploads\/2022\/11\/drtz-768x722-1-300x282.png\" alt=\"\" width=\"594\" height=\"558\" \/><span style=\"font-size: 14pt;\"><span style=\"font-size: 12pt;\">Mehr dazu:<\/span> <a href=\"mailto:Info@RoterMorgen.eu\" target=\"_blank\" rel=\"noopener\">Info@RoterMorgen.eu<\/a><\/span><\/span><\/p>\n","protected":false},"excerpt":{"rendered":"<div class=\"mh-excerpt\"><p>Redaktion \u2013 14. Mai 2025 Oft braucht die Menschheit jahrtausendelange Durststrecken, um hinter relativ einfach zu l\u00f6sende Geheimnisse der Wissenschaft zu kommen. Dann ist in <a class=\"mh-excerpt-more\" href=\"http:\/\/www.deanreed.de\/AmericanRebel\/ak\/die-gruendung-der-geschichtswissenschaft-1847-48\/\" title=\"Die Gr\u00fcndung der Geschichtswissenschaft 1847\/48\">[&#8230;]<\/a><\/p>\n<\/div>","protected":false},"author":4,"featured_media":3160,"comment_status":"open","ping_status":"open","sticky":false,"template":"","format":"standard","meta":{"footnotes":""},"categories":[1],"tags":[642,625,581,626,644,641,551,552,627,571,585,576,533,369],"class_list":["post-3155","post","type-post","status-publish","format-standard","has-post-thumbnail","hentry","category-allgemein","tag-bauernkrieg","tag-geschichtsluegen","tag-israel","tag-katyn","tag-muentzer","tag-palaestina","tag-roter_morgen","tag-rotermorgen","tag-russland","tag-stalin","tag-syrien","tag-zionismus","tag-ahlreip","tag-krieg"],"yoast_head":"<!-- This site is optimized with the Yoast SEO plugin v26.2 - https:\/\/yoast.com\/wordpress\/plugins\/seo\/ -->\n<title>Die Gr\u00fcndung der Geschichtswissenschaft 1847\/48 - Roter Morgen<\/title>\n<meta name=\"robots\" content=\"index, follow, max-snippet:-1, max-image-preview:large, max-video-preview:-1\" \/>\n<link rel=\"canonical\" href=\"http:\/\/www.deanreed.de\/AmericanRebel\/ak\/die-gruendung-der-geschichtswissenschaft-1847-48\/\" \/>\n<meta property=\"og:locale\" content=\"de_DE\" \/>\n<meta property=\"og:type\" content=\"article\" \/>\n<meta property=\"og:title\" content=\"Die Gr\u00fcndung der Geschichtswissenschaft 1847\/48 - Roter Morgen\" \/>\n<meta property=\"og:description\" content=\"Redaktion \u2013 14. Mai 2025 Oft braucht die Menschheit jahrtausendelange Durststrecken, um hinter relativ einfach zu l\u00f6sende Geheimnisse der Wissenschaft zu kommen. Dann ist in [...]\" \/>\n<meta property=\"og:url\" content=\"http:\/\/www.deanreed.de\/AmericanRebel\/ak\/die-gruendung-der-geschichtswissenschaft-1847-48\/\" \/>\n<meta property=\"og:site_name\" content=\"Roter Morgen\" \/>\n<meta property=\"article:published_time\" content=\"2025-05-13T22:07:11+00:00\" \/>\n<meta property=\"article:modified_time\" content=\"2025-05-15T19:23:19+00:00\" \/>\n<meta property=\"og:image\" content=\"http:\/\/www.deanreed.de\/AmericanRebel\/ak\/wp-content\/uploads\/2025\/05\/fffff.png\" \/>\n\t<meta property=\"og:image:width\" content=\"640\" \/>\n\t<meta property=\"og:image:height\" content=\"460\" \/>\n\t<meta property=\"og:image:type\" content=\"image\/png\" \/>\n<meta name=\"author\" content=\"Redaktion\" \/>\n<meta name=\"twitter:card\" content=\"summary_large_image\" \/>\n<meta name=\"twitter:label1\" content=\"Verfasst von\" \/>\n\t<meta name=\"twitter:data1\" content=\"Redaktion\" \/>\n\t<meta name=\"twitter:label2\" content=\"Gesch\u00e4tzte Lesezeit\" \/>\n\t<meta name=\"twitter:data2\" content=\"9\u00a0Minuten\" \/>\n<script type=\"application\/ld+json\" class=\"yoast-schema-graph\">{\"@context\":\"https:\/\/schema.org\",\"@graph\":[{\"@type\":\"WebPage\",\"@id\":\"http:\/\/www.deanreed.de\/AmericanRebel\/ak\/die-gruendung-der-geschichtswissenschaft-1847-48\/\",\"url\":\"http:\/\/www.deanreed.de\/AmericanRebel\/ak\/die-gruendung-der-geschichtswissenschaft-1847-48\/\",\"name\":\"Die Gr\u00fcndung der Geschichtswissenschaft 1847\/48 - Roter Morgen\",\"isPartOf\":{\"@id\":\"https:\/\/www.deanreed.de\/AmericanRebel\/ak\/#website\"},\"primaryImageOfPage\":{\"@id\":\"http:\/\/www.deanreed.de\/AmericanRebel\/ak\/die-gruendung-der-geschichtswissenschaft-1847-48\/#primaryimage\"},\"image\":{\"@id\":\"http:\/\/www.deanreed.de\/AmericanRebel\/ak\/die-gruendung-der-geschichtswissenschaft-1847-48\/#primaryimage\"},\"thumbnailUrl\":\"http:\/\/www.deanreed.de\/AmericanRebel\/ak\/wp-content\/uploads\/2025\/05\/fffff.png\",\"datePublished\":\"2025-05-13T22:07:11+00:00\",\"dateModified\":\"2025-05-15T19:23:19+00:00\",\"author\":{\"@id\":\"https:\/\/www.deanreed.de\/AmericanRebel\/ak\/#\/schema\/person\/1735e67eea57aea7611c691f571924c3\"},\"breadcrumb\":{\"@id\":\"http:\/\/www.deanreed.de\/AmericanRebel\/ak\/die-gruendung-der-geschichtswissenschaft-1847-48\/#breadcrumb\"},\"inLanguage\":\"de\",\"potentialAction\":[{\"@type\":\"ReadAction\",\"target\":[\"http:\/\/www.deanreed.de\/AmericanRebel\/ak\/die-gruendung-der-geschichtswissenschaft-1847-48\/\"]}]},{\"@type\":\"ImageObject\",\"inLanguage\":\"de\",\"@id\":\"http:\/\/www.deanreed.de\/AmericanRebel\/ak\/die-gruendung-der-geschichtswissenschaft-1847-48\/#primaryimage\",\"url\":\"http:\/\/www.deanreed.de\/AmericanRebel\/ak\/wp-content\/uploads\/2025\/05\/fffff.png\",\"contentUrl\":\"http:\/\/www.deanreed.de\/AmericanRebel\/ak\/wp-content\/uploads\/2025\/05\/fffff.png\",\"width\":640,\"height\":460,\"caption\":\"Friedrich Engels und Karl Marx | Bildliche Rekonstruktion Redaktion RoterMorgen, 2025\"},{\"@type\":\"BreadcrumbList\",\"@id\":\"http:\/\/www.deanreed.de\/AmericanRebel\/ak\/die-gruendung-der-geschichtswissenschaft-1847-48\/#breadcrumb\",\"itemListElement\":[{\"@type\":\"ListItem\",\"position\":1,\"name\":\"Startseite\",\"item\":\"https:\/\/www.deanreed.de\/AmericanRebel\/ak\/\"},{\"@type\":\"ListItem\",\"position\":2,\"name\":\"Die Gr\u00fcndung der Geschichtswissenschaft 1847\/48\"}]},{\"@type\":\"WebSite\",\"@id\":\"https:\/\/www.deanreed.de\/AmericanRebel\/ak\/#website\",\"url\":\"https:\/\/www.deanreed.de\/AmericanRebel\/ak\/\",\"name\":\"Roter Morgen\",\"description\":\"Der Weg zur Partei\",\"potentialAction\":[{\"@type\":\"SearchAction\",\"target\":{\"@type\":\"EntryPoint\",\"urlTemplate\":\"https:\/\/www.deanreed.de\/AmericanRebel\/ak\/?s={search_term_string}\"},\"query-input\":{\"@type\":\"PropertyValueSpecification\",\"valueRequired\":true,\"valueName\":\"search_term_string\"}}],\"inLanguage\":\"de\"},{\"@type\":\"Person\",\"@id\":\"https:\/\/www.deanreed.de\/AmericanRebel\/ak\/#\/schema\/person\/1735e67eea57aea7611c691f571924c3\",\"name\":\"Redaktion\",\"url\":\"http:\/\/www.deanreed.de\/AmericanRebel\/ak\/author\/redaktion\/\"}]}<\/script>\n<!-- \/ Yoast SEO plugin. -->","yoast_head_json":{"title":"Die Gr\u00fcndung der Geschichtswissenschaft 1847\/48 - Roter Morgen","robots":{"index":"index","follow":"follow","max-snippet":"max-snippet:-1","max-image-preview":"max-image-preview:large","max-video-preview":"max-video-preview:-1"},"canonical":"http:\/\/www.deanreed.de\/AmericanRebel\/ak\/die-gruendung-der-geschichtswissenschaft-1847-48\/","og_locale":"de_DE","og_type":"article","og_title":"Die Gr\u00fcndung der Geschichtswissenschaft 1847\/48 - Roter Morgen","og_description":"Redaktion \u2013 14. Mai 2025 Oft braucht die Menschheit jahrtausendelange Durststrecken, um hinter relativ einfach zu l\u00f6sende Geheimnisse der Wissenschaft zu kommen. Dann ist in [...]","og_url":"http:\/\/www.deanreed.de\/AmericanRebel\/ak\/die-gruendung-der-geschichtswissenschaft-1847-48\/","og_site_name":"Roter Morgen","article_published_time":"2025-05-13T22:07:11+00:00","article_modified_time":"2025-05-15T19:23:19+00:00","og_image":[{"width":640,"height":460,"url":"http:\/\/www.deanreed.de\/AmericanRebel\/ak\/wp-content\/uploads\/2025\/05\/fffff.png","type":"image\/png"}],"author":"Redaktion","twitter_card":"summary_large_image","twitter_misc":{"Verfasst von":"Redaktion","Gesch\u00e4tzte Lesezeit":"9\u00a0Minuten"},"schema":{"@context":"https:\/\/schema.org","@graph":[{"@type":"WebPage","@id":"http:\/\/www.deanreed.de\/AmericanRebel\/ak\/die-gruendung-der-geschichtswissenschaft-1847-48\/","url":"http:\/\/www.deanreed.de\/AmericanRebel\/ak\/die-gruendung-der-geschichtswissenschaft-1847-48\/","name":"Die Gr\u00fcndung der Geschichtswissenschaft 1847\/48 - Roter Morgen","isPartOf":{"@id":"https:\/\/www.deanreed.de\/AmericanRebel\/ak\/#website"},"primaryImageOfPage":{"@id":"http:\/\/www.deanreed.de\/AmericanRebel\/ak\/die-gruendung-der-geschichtswissenschaft-1847-48\/#primaryimage"},"image":{"@id":"http:\/\/www.deanreed.de\/AmericanRebel\/ak\/die-gruendung-der-geschichtswissenschaft-1847-48\/#primaryimage"},"thumbnailUrl":"http:\/\/www.deanreed.de\/AmericanRebel\/ak\/wp-content\/uploads\/2025\/05\/fffff.png","datePublished":"2025-05-13T22:07:11+00:00","dateModified":"2025-05-15T19:23:19+00:00","author":{"@id":"https:\/\/www.deanreed.de\/AmericanRebel\/ak\/#\/schema\/person\/1735e67eea57aea7611c691f571924c3"},"breadcrumb":{"@id":"http:\/\/www.deanreed.de\/AmericanRebel\/ak\/die-gruendung-der-geschichtswissenschaft-1847-48\/#breadcrumb"},"inLanguage":"de","potentialAction":[{"@type":"ReadAction","target":["http:\/\/www.deanreed.de\/AmericanRebel\/ak\/die-gruendung-der-geschichtswissenschaft-1847-48\/"]}]},{"@type":"ImageObject","inLanguage":"de","@id":"http:\/\/www.deanreed.de\/AmericanRebel\/ak\/die-gruendung-der-geschichtswissenschaft-1847-48\/#primaryimage","url":"http:\/\/www.deanreed.de\/AmericanRebel\/ak\/wp-content\/uploads\/2025\/05\/fffff.png","contentUrl":"http:\/\/www.deanreed.de\/AmericanRebel\/ak\/wp-content\/uploads\/2025\/05\/fffff.png","width":640,"height":460,"caption":"Friedrich Engels und Karl Marx | Bildliche Rekonstruktion Redaktion RoterMorgen, 2025"},{"@type":"BreadcrumbList","@id":"http:\/\/www.deanreed.de\/AmericanRebel\/ak\/die-gruendung-der-geschichtswissenschaft-1847-48\/#breadcrumb","itemListElement":[{"@type":"ListItem","position":1,"name":"Startseite","item":"https:\/\/www.deanreed.de\/AmericanRebel\/ak\/"},{"@type":"ListItem","position":2,"name":"Die Gr\u00fcndung der Geschichtswissenschaft 1847\/48"}]},{"@type":"WebSite","@id":"https:\/\/www.deanreed.de\/AmericanRebel\/ak\/#website","url":"https:\/\/www.deanreed.de\/AmericanRebel\/ak\/","name":"Roter Morgen","description":"Der Weg zur Partei","potentialAction":[{"@type":"SearchAction","target":{"@type":"EntryPoint","urlTemplate":"https:\/\/www.deanreed.de\/AmericanRebel\/ak\/?s={search_term_string}"},"query-input":{"@type":"PropertyValueSpecification","valueRequired":true,"valueName":"search_term_string"}}],"inLanguage":"de"},{"@type":"Person","@id":"https:\/\/www.deanreed.de\/AmericanRebel\/ak\/#\/schema\/person\/1735e67eea57aea7611c691f571924c3","name":"Redaktion","url":"http:\/\/www.deanreed.de\/AmericanRebel\/ak\/author\/redaktion\/"}]}},"_links":{"self":[{"href":"http:\/\/www.deanreed.de\/AmericanRebel\/ak\/wp-json\/wp\/v2\/posts\/3155","targetHints":{"allow":["GET"]}}],"collection":[{"href":"http:\/\/www.deanreed.de\/AmericanRebel\/ak\/wp-json\/wp\/v2\/posts"}],"about":[{"href":"http:\/\/www.deanreed.de\/AmericanRebel\/ak\/wp-json\/wp\/v2\/types\/post"}],"author":[{"embeddable":true,"href":"http:\/\/www.deanreed.de\/AmericanRebel\/ak\/wp-json\/wp\/v2\/users\/4"}],"replies":[{"embeddable":true,"href":"http:\/\/www.deanreed.de\/AmericanRebel\/ak\/wp-json\/wp\/v2\/comments?post=3155"}],"version-history":[{"count":4,"href":"http:\/\/www.deanreed.de\/AmericanRebel\/ak\/wp-json\/wp\/v2\/posts\/3155\/revisions"}],"predecessor-version":[{"id":3159,"href":"http:\/\/www.deanreed.de\/AmericanRebel\/ak\/wp-json\/wp\/v2\/posts\/3155\/revisions\/3159"}],"wp:featuredmedia":[{"embeddable":true,"href":"http:\/\/www.deanreed.de\/AmericanRebel\/ak\/wp-json\/wp\/v2\/media\/3160"}],"wp:attachment":[{"href":"http:\/\/www.deanreed.de\/AmericanRebel\/ak\/wp-json\/wp\/v2\/media?parent=3155"}],"wp:term":[{"taxonomy":"category","embeddable":true,"href":"http:\/\/www.deanreed.de\/AmericanRebel\/ak\/wp-json\/wp\/v2\/categories?post=3155"},{"taxonomy":"post_tag","embeddable":true,"href":"http:\/\/www.deanreed.de\/AmericanRebel\/ak\/wp-json\/wp\/v2\/tags?post=3155"}],"curies":[{"name":"wp","href":"https:\/\/api.w.org\/{rel}","templated":true}]}}