{"id":3095,"date":"2025-03-05T00:01:53","date_gmt":"2025-03-04T23:01:53","guid":{"rendered":"http:\/\/www.deanreed.de\/AmericanRebel\/ak\/?p=3095"},"modified":"2025-03-06T11:58:47","modified_gmt":"2025-03-06T10:58:47","slug":"wenn-noetig-all-mein-blut-tropfen-fuer-tropfen-zu-widmen","status":"publish","type":"post","link":"http:\/\/www.deanreed.de\/AmericanRebel\/ak\/wenn-noetig-all-mein-blut-tropfen-fuer-tropfen-zu-widmen\/","title":{"rendered":"Wenn n\u00f6tig, all mein Blut, Tropfen f\u00fcr Tropfen zu widmen \u2026"},"content":{"rendered":"<blockquote><p><span style=\"font-size: 12pt; font-family: verdana, geneva, sans-serif;\"><span style=\"color: #808080;\"><em><strong>Redaktion \u2013 5. M\u00e4rz 2025<\/strong><br \/>\n<\/em><\/span><\/span><\/p><\/blockquote>\n<p style=\"text-align: justify;\"><span style=\"font-family: verdana, geneva, sans-serif; font-size: 14pt; color: #993300;\"><strong>Zum 72. Todestag von Josef Stalin<\/strong><\/span><\/p>\n<p style=\"text-align: justify;\"><span style=\"font-family: verdana, geneva, sans-serif; font-size: 12pt; color: #000000;\"><strong>Heute am 5. M\u00e4rz 2025 j\u00e4hrt sich der Todestag des Genossen Josef Stalin zum 72. Male.<\/strong><\/span><\/p>\n<p style=\"text-align: justify;\"><span style=\"font-family: verdana, geneva, sans-serif; font-size: 12pt; color: #000000;\">Sahra Wagenknecht f\u00fchrt \u00fcber Stalin aus, dass mit seinem Namen keinesfalls Niedergang und Verwesung verbunden seien, sondern vielmehr die Entwicklung eines um Jahrhunderte zur\u00fcckgebliebenen Landes zu einer modernen Gro\u00dfmacht in einem weltgeschichtlich einzigartigen Zeitraum. Fast dasselbe sagt auch Winston Churchill: <em>\u201eEr \u00fcbernahm das Russlandlands Hakenpflugs und hinterlie\u00df es im Besitz der Atomwaffe.\u201c<\/em> Zur Bauernfrage schrieb Churchill in seinen \u201eErinnerungen\u201c \u00fcber eine Unterredung mit Stalin am 15. August 1942 in dessen Privatwohnung, die anl\u00e4sslich der Er\u00f6ffnung einer zweiten Front gegen Hitler-Deutschland stattfand, dass die Bauern Stalins Namen segnen k\u00f6nnten, weil kommende Bauerngenerationen nichts mehr vom Elend wissen w\u00fcrden<sup>1<\/sup>. Doch das ist nicht der Kern der Sache.<\/span><\/p>\n<p style=\"text-align: justify;\"><span style=\"font-family: verdana, geneva, sans-serif; font-size: 12pt; color: #000000;\">Erinnern wir uns an die Ansprache von Friedrich Engels am Grabe von Karl Marx! \u201eMarx war vor allem Revolution\u00e4r\u2026\u201c Dasselbe gilt auch f\u00fcr Stalin. Vor ihm zitterte die Konterrevolution, und es liegt auf der Hand, dass ein sozialistischer Aufbau ohne die Niederhaltung der b\u00fcrgerlich-kapitalistischen Konterrevolution undenkbar ist. Angst l\u00e4hmte die Bourgeoisie zu Stalins Lebzeiten und dar\u00fcber hinaus. Erst nach dem XXII. Parteitag, der vom 17. bis zum 31. Oktober 1961 stattfand, wurde sein Leichnam aus dem Lenin-Mausoleum entfernt. Diese Angst f\u00fchrte zu einer absurden Situation: Der auf dem XX. Parteitag, der vom 14. bis zum 25. Februar 1956 stattfand, als Schwerverbrecher abgestempelte Stalin blieb noch f\u00fcnf Jahre lang neben dem Gr\u00fcnder des Sowjetstaates im Mausoleum liegen. Diese Angst brachte der Dichter Jewtuschenko in folgenden Zeilen zum Ausdruck: \u201eEr f\u00fchrt etwas im Schilde, er hat nur zum Ausruhen sich hingelegt, und ich wende mich an unsere Regierung mit der Bitte: die Wachen an diesem Grabstein zu verdoppeln, zu verdreifachen, damit Stalin nicht aufsteht und mit ihm die Vergangenheit\u2026\u201c<sup>2<\/sup>. Ist das nicht der Ausdruck reinsten Irrationalismus? Eine derartige Schizophrenie durfte 1962 in der \u201ePrawda\u201c, einst die ruhmvolle Zeitung der von Lenin gepr\u00e4gten Bolschewiki, erscheinen.<br \/>\n<\/span><\/p>\n<p><img loading=\"lazy\" decoding=\"async\" class=\" wp-image-3111 aligncenter\" src=\"http:\/\/www.deanreed.de\/AmericanRebel\/ak\/wp-content\/uploads\/2025\/03\/er-300x167.jpg\" alt=\"\" width=\"501\" height=\"279\" srcset=\"http:\/\/www.deanreed.de\/AmericanRebel\/ak\/wp-content\/uploads\/2025\/03\/er-300x167.jpg 300w, http:\/\/www.deanreed.de\/AmericanRebel\/ak\/wp-content\/uploads\/2025\/03\/er.jpg 763w\" sizes=\"auto, (max-width: 501px) 100vw, 501px\" \/><\/p>\n<p style=\"text-align: justify;\"><span style=\"font-family: verdana, geneva, sans-serif; font-size: 12pt; color: #000000;\">Indessen ist das rasante Wachstum der Produktivkr\u00e4fte nach den Anfangsschwierigkeiten in der NEP-Periode nicht einzelnen Personen zuzuschreiben, sondern letztlich der Tatsache, dass industrielle und landwirtschaftliche Expropriationen in gro\u00dfem Umfang stattfanden. Wie Lenin vorausgesagt hatte:<\/span><\/p>\n<blockquote>\n<p style=\"text-align: justify;\"><span style=\"font-family: verdana, geneva, sans-serif; font-size: 12pt; color: #000000;\">\u201eDiese Expropriation wird eine enorme Entwicklung der Produktivkr\u00e4fte erm\u00f6glichen. Und wenn wir sehen, wie schon jetzt der Kapitalismus in unglaublicher Weise diese Entwicklung aufh\u00e4lt, wie vieles aufgrund der heutigen, bereits erreichten Technik vorw\u00e4rtsgebracht werden k\u00f6nnte, so sind wir berechtigt, mit voller \u00dcberzeugung zu sagen, dass die Expropriation der Kapitalisten unausbleiblich eine gewaltige Entwicklung der Produktivkr\u00e4fte der menschlichen Gesellschaft zur Folge haben wird.\u201c<sup>3<\/sup><\/span><\/p>\n<\/blockquote>\n<p style=\"text-align: justify;\"><span style=\"font-family: verdana, geneva, sans-serif; font-size: 12pt; color: #000000;\">Der Aufbau des Sozialismus kann nur das Werk von Millionen und Abermillionen Menschen sein, nicht von einzelnen Individuen, m\u00f6gen diese auch noch so genial sein.<\/span><br \/>\n<span style=\"font-family: verdana, geneva, sans-serif; font-size: 12pt; color: #000000;\">\u201eWenn es also darauf ankommt, \u2026die eigentlich letzten Triebkr\u00e4fte der Geschichte auszumachen, so kann es sich nicht so sehr um die Beweggr\u00fcnde einzelner, wenn auch noch so hervorragender Menschen handeln, als um diejenigen, welche gro\u00dfe Massen, ganze V\u00f6lker und in jedem Volk wieder ganze Volksklassen in Bewegung setzen.\u201c<sup>4<\/sup><\/span><\/p>\n<p style=\"text-align: justify;\"><span style=\"font-family: verdana, geneva, sans-serif; font-size: 12pt; color: #000000;\">Dies brachte auch Stalin anl\u00e4sslich seines f\u00fcnfzigsten Geburtstags zum Ausdruck: <\/span><\/p>\n<blockquote>\n<p style=\"text-align: justify;\"><span style=\"font-family: verdana, geneva, sans-serif; font-size: 12pt; color: #000000;\">\u201eEure Gl\u00fcckw\u00fcnsche und Gr\u00fc\u00dfe beziehe ich auf die gro\u00dfe Partei der Arbeiterklasse, die mich geboren und nach ihrer Weise und ihrem Bild erzogen hat. Und weil ich sie auf unsere ruhmvolle Lenin-Partei beziehe, nehme ich mir die K\u00fchnheit, euch in bolschewistischer Dankbarkeit zu antworten. Ihr m\u00f6get nicht daran zweifeln, Genossen, dass ich bereit bin, auch k\u00fcnftig der Sache der Arbeiterklasse, der proletarischen Revolution und des Weltkommunismus alle meine Kr\u00e4fte, alle meine F\u00e4higkeiten und, wenn n\u00f6tig, all mein Blut, Tropfen f\u00fcr Tropfen, zu widmen.\u201c<\/span><\/p>\n<\/blockquote>\n<ol>\n<li style=\"text-align: left;\"><span style=\"font-family: verdana, geneva, sans-serif; font-size: 10pt; color: #000000;\">Vergleiche Hellmut Andics: <em>Der Gro\u00dfe Terror, Von den Anf\u00e4ngen der russischen Revolution bis zum Tode Stalins<\/em>, Verlag Fritz Molden, Wien, 1967, Seite 82) <\/span><\/li>\n<li style=\"text-align: left;\"><span style=\"font-family: verdana, geneva, sans-serif; font-size: 10pt; color: #000000;\">Prawda vom 23.10.1962<\/span><\/li>\n<li style=\"text-align: left;\"><span style=\"font-family: verdana, geneva, sans-serif; font-size: 10pt; color: #000000;\">Lenin: <em>Staat und Revolution<\/em>, Lenin Werke, Band 25, Dietz Verlag Berlin 1961,482f.).<\/span><\/li>\n<li style=\"text-align: left;\"><span style=\"font-family: verdana, geneva, sans-serif; font-size: 10pt; color: #000000;\">Friedrich Engels, <em>Ludwig Feuerbach und der Ausgang der klassischen deutschen Philosophie<\/em>, Werke, Band 21, Dietz Verlag Berlin, 1975, Seite 298).<\/span><\/li>\n<\/ol>\n<p style=\"text-align: justify;\"><span style=\"font-family: verdana, geneva, sans-serif; font-size: 10pt;\"><span style=\"color: #000000;\">Eine Weiterver\u00f6ffentlichung des Textes ist gem\u00e4\u00df einer <a style=\"color: #000000;\" href=\"https:\/\/creativecommons.org\/licenses\/by-nc-sa\/4.0\/deed.de\">Creative Commons 4.0 International Lizenz<\/a> ausdr\u00fccklich erw\u00fcnscht. (Unter gleichen Bedingungen: unkommerziell, Nennung der <a style=\"color: #000000;\" href=\"http:\/\/derwegzurpartei.de\/\">verlinkten Quelle<\/a> (\u00bbDer Weg zur Partei\u00ab) mit Erscheinungsdatum).<\/span><br \/>\n<span style=\"color: #ffffff;\">.<\/span><br \/>\n<\/span><\/p>\n<p><span style=\"font-family: verdana, geneva, sans-serif; font-size: 14pt;\"><em><strong>Literaturempfehlungen:<br \/>\n<\/strong><\/em><\/span><\/p>\n<table>\n<tbody>\n<tr>\n<td>\n<p><figure id=\"attachment_3100\" aria-describedby=\"caption-attachment-3100\" style=\"width: 150px\" class=\"wp-caption alignnone\"><img loading=\"lazy\" decoding=\"async\" class=\" wp-image-3100\" src=\"http:\/\/www.deanreed.de\/AmericanRebel\/ak\/wp-content\/uploads\/2025\/03\/4-Kopie-208x300.png\" alt=\"\" width=\"150\" height=\"216\" srcset=\"http:\/\/www.deanreed.de\/AmericanRebel\/ak\/wp-content\/uploads\/2025\/03\/4-Kopie-208x300.png 208w, http:\/\/www.deanreed.de\/AmericanRebel\/ak\/wp-content\/uploads\/2025\/03\/4-Kopie.png 392w\" sizes=\"auto, (max-width: 150px) 100vw, 150px\" \/><figcaption id=\"caption-attachment-3100\" class=\"wp-caption-text\"><a href=\"http:\/\/www.deanreed.de\/AmericanRebel\/ak\/wp-content\/uploads\/2023\/03\/wahrheit_ueber_stalin_neu.pdf\" target=\"_blank\" rel=\"noopener\">DOWNLOAD<\/a><\/figcaption><\/figure><\/td>\n<td>\n<p><figure id=\"attachment_3101\" aria-describedby=\"caption-attachment-3101\" style=\"width: 150px\" class=\"wp-caption alignnone\"><img loading=\"lazy\" decoding=\"async\" class=\" wp-image-3101\" src=\"http:\/\/www.deanreed.de\/AmericanRebel\/ak\/wp-content\/uploads\/2025\/03\/tl_1106-208x300.png\" alt=\"\" width=\"150\" height=\"216\" srcset=\"http:\/\/www.deanreed.de\/AmericanRebel\/ak\/wp-content\/uploads\/2025\/03\/tl_1106-208x300.png 208w, http:\/\/www.deanreed.de\/AmericanRebel\/ak\/wp-content\/uploads\/2025\/03\/tl_1106.png 381w\" sizes=\"auto, (max-width: 150px) 100vw, 150px\" \/><figcaption id=\"caption-attachment-3101\" class=\"wp-caption-text\"><a href=\"https:\/\/www.booklooker.de\/B%C3%BCcher\/Angebote\/autor=furr+grover&amp;titel=Chruschtschows+L%C3%BCgen+%28in+deutscher+Sprache%29\" target=\"_blank\" rel=\"noopener\">BESTELLUNG<\/a><\/figcaption><\/figure><\/td>\n<td>\n<p><figure id=\"attachment_3106\" aria-describedby=\"caption-attachment-3106\" style=\"width: 154px\" class=\"wp-caption alignnone\"><img loading=\"lazy\" decoding=\"async\" class=\" wp-image-3106\" src=\"http:\/\/www.deanreed.de\/AmericanRebel\/ak\/wp-content\/uploads\/2025\/03\/Nr.-9-214x300.png\" alt=\"\" width=\"154\" height=\"216\" srcset=\"http:\/\/www.deanreed.de\/AmericanRebel\/ak\/wp-content\/uploads\/2025\/03\/Nr.-9-214x300.png 214w, http:\/\/www.deanreed.de\/AmericanRebel\/ak\/wp-content\/uploads\/2025\/03\/Nr.-9-731x1024.png 731w, http:\/\/www.deanreed.de\/AmericanRebel\/ak\/wp-content\/uploads\/2025\/03\/Nr.-9-768x1076.png 768w, http:\/\/www.deanreed.de\/AmericanRebel\/ak\/wp-content\/uploads\/2025\/03\/Nr.-9.png 992w\" sizes=\"auto, (max-width: 154px) 100vw, 154px\" \/><figcaption id=\"caption-attachment-3106\" class=\"wp-caption-text\"><a href=\"https:\/\/rotermorgen.eu\/wp-content\/uploads\/2023\/11\/Geschichte_DWzP_Nr.9.pdf\" target=\"_blank\" rel=\"noopener\">DOWNLOAD<\/a><\/figcaption><\/figure><\/td>\n<td>\n<p><figure id=\"attachment_3115\" aria-describedby=\"caption-attachment-3115\" style=\"width: 148px\" class=\"wp-caption alignnone\"><img loading=\"lazy\" decoding=\"async\" class=\" wp-image-3115\" src=\"http:\/\/www.deanreed.de\/AmericanRebel\/ak\/wp-content\/uploads\/2025\/03\/Die-Chr-205x300.png\" alt=\"\" width=\"148\" height=\"217\" srcset=\"http:\/\/www.deanreed.de\/AmericanRebel\/ak\/wp-content\/uploads\/2025\/03\/Die-Chr-205x300.png 205w, http:\/\/www.deanreed.de\/AmericanRebel\/ak\/wp-content\/uploads\/2025\/03\/Die-Chr-699x1024.png 699w, http:\/\/www.deanreed.de\/AmericanRebel\/ak\/wp-content\/uploads\/2025\/03\/Die-Chr-768x1125.png 768w, http:\/\/www.deanreed.de\/AmericanRebel\/ak\/wp-content\/uploads\/2025\/03\/Die-Chr-1048x1536.png 1048w, http:\/\/www.deanreed.de\/AmericanRebel\/ak\/wp-content\/uploads\/2025\/03\/Die-Chr-1398x2048.png 1398w\" sizes=\"auto, (max-width: 148px) 100vw, 148px\" \/><figcaption id=\"caption-attachment-3115\" class=\"wp-caption-text\"><a href=\"http:\/\/www.kpd-ml.org\/doc\/partei\/chruschtschowianer.pdf\" target=\"_blank\" rel=\"noopener\">LESEN<\/a><\/figcaption><\/figure><\/td>\n<\/tr>\n<\/tbody>\n<\/table>\n<p><span style=\"font-family: verdana, geneva, sans-serif; font-size: 14pt;\"><em><strong><br \/>\nLest dazu auch:<\/strong><\/em><\/span><\/p>\n<blockquote class=\"wp-embedded-content\" data-secret=\"9KjUMAcEsH\"><p><a href=\"https:\/\/rotermorgen.eu\/1377-2\/\">Zur Stalinfrage<\/a><\/p><\/blockquote>\n<p><iframe loading=\"lazy\" class=\"wp-embedded-content\" sandbox=\"allow-scripts\" security=\"restricted\" style=\"position: absolute; visibility: hidden;\" title=\"&#8222;Zur Stalinfrage&#8220; &#8212; \" src=\"https:\/\/rotermorgen.eu\/1377-2\/embed\/#?secret=XV5OYMKaAz#?secret=9KjUMAcEsH\" data-secret=\"9KjUMAcEsH\" width=\"500\" height=\"282\" frameborder=\"0\" marginwidth=\"0\" marginheight=\"0\" scrolling=\"no\"><\/iframe><\/p>\n<p><span style=\"color: #ffffff;\">.<br \/>\n.<\/span><\/p>\n","protected":false},"excerpt":{"rendered":"<div class=\"mh-excerpt\"><p>Redaktion \u2013 5. M\u00e4rz 2025 Zum 72. Todestag von Josef Stalin Heute am 5. M\u00e4rz 2025 j\u00e4hrt sich der Todestag des Genossen Josef Stalin zum <a class=\"mh-excerpt-more\" href=\"http:\/\/www.deanreed.de\/AmericanRebel\/ak\/wenn-noetig-all-mein-blut-tropfen-fuer-tropfen-zu-widmen\/\" title=\"Wenn n\u00f6tig, all mein Blut, Tropfen f\u00fcr Tropfen zu widmen \u2026\">[&#8230;]<\/a><\/p>\n<\/div>","protected":false},"author":4,"featured_media":3113,"comment_status":"open","ping_status":"open","sticky":false,"template":"","format":"standard","meta":{"footnotes":""},"categories":[1],"tags":[625,581,626,641,551,552,627,571,585,576,533,369],"class_list":["post-3095","post","type-post","status-publish","format-standard","has-post-thumbnail","hentry","category-allgemein","tag-geschichtsluegen","tag-israel","tag-katyn","tag-palaestina","tag-roter_morgen","tag-rotermorgen","tag-russland","tag-stalin","tag-syrien","tag-zionismus","tag-ahlreip","tag-krieg"],"yoast_head":"<!-- This site is optimized with the Yoast SEO plugin v26.2 - https:\/\/yoast.com\/wordpress\/plugins\/seo\/ -->\n<title>Wenn n\u00f6tig, all mein Blut, Tropfen f\u00fcr Tropfen zu widmen \u2026 - Roter Morgen<\/title>\n<meta name=\"robots\" content=\"index, follow, max-snippet:-1, max-image-preview:large, max-video-preview:-1\" \/>\n<link rel=\"canonical\" href=\"http:\/\/www.deanreed.de\/AmericanRebel\/ak\/wenn-noetig-all-mein-blut-tropfen-fuer-tropfen-zu-widmen\/\" \/>\n<meta property=\"og:locale\" content=\"de_DE\" \/>\n<meta property=\"og:type\" content=\"article\" \/>\n<meta property=\"og:title\" content=\"Wenn n\u00f6tig, all mein Blut, Tropfen f\u00fcr Tropfen zu widmen \u2026 - Roter Morgen\" \/>\n<meta property=\"og:description\" content=\"Redaktion \u2013 5. M\u00e4rz 2025 Zum 72. Todestag von Josef Stalin Heute am 5. M\u00e4rz 2025 j\u00e4hrt sich der Todestag des Genossen Josef Stalin zum [...]\" \/>\n<meta property=\"og:url\" content=\"http:\/\/www.deanreed.de\/AmericanRebel\/ak\/wenn-noetig-all-mein-blut-tropfen-fuer-tropfen-zu-widmen\/\" \/>\n<meta property=\"og:site_name\" content=\"Roter Morgen\" \/>\n<meta property=\"article:published_time\" content=\"2025-03-04T23:01:53+00:00\" \/>\n<meta property=\"article:modified_time\" content=\"2025-03-06T10:58:47+00:00\" \/>\n<meta property=\"og:image\" content=\"http:\/\/www.deanreed.de\/AmericanRebel\/ak\/wp-content\/uploads\/2025\/03\/ssd.png\" \/>\n\t<meta property=\"og:image:width\" content=\"640\" \/>\n\t<meta property=\"og:image:height\" content=\"460\" \/>\n\t<meta property=\"og:image:type\" content=\"image\/png\" \/>\n<meta name=\"author\" content=\"Redaktion\" \/>\n<meta name=\"twitter:card\" content=\"summary_large_image\" \/>\n<meta name=\"twitter:label1\" content=\"Verfasst von\" \/>\n\t<meta name=\"twitter:data1\" content=\"Redaktion\" \/>\n\t<meta name=\"twitter:label2\" content=\"Gesch\u00e4tzte Lesezeit\" \/>\n\t<meta name=\"twitter:data2\" content=\"5\u00a0Minuten\" \/>\n<script type=\"application\/ld+json\" class=\"yoast-schema-graph\">{\"@context\":\"https:\/\/schema.org\",\"@graph\":[{\"@type\":\"WebPage\",\"@id\":\"http:\/\/www.deanreed.de\/AmericanRebel\/ak\/wenn-noetig-all-mein-blut-tropfen-fuer-tropfen-zu-widmen\/\",\"url\":\"http:\/\/www.deanreed.de\/AmericanRebel\/ak\/wenn-noetig-all-mein-blut-tropfen-fuer-tropfen-zu-widmen\/\",\"name\":\"Wenn n\u00f6tig, all mein Blut, Tropfen f\u00fcr Tropfen zu widmen \u2026 - Roter Morgen\",\"isPartOf\":{\"@id\":\"https:\/\/www.deanreed.de\/AmericanRebel\/ak\/#website\"},\"primaryImageOfPage\":{\"@id\":\"http:\/\/www.deanreed.de\/AmericanRebel\/ak\/wenn-noetig-all-mein-blut-tropfen-fuer-tropfen-zu-widmen\/#primaryimage\"},\"image\":{\"@id\":\"http:\/\/www.deanreed.de\/AmericanRebel\/ak\/wenn-noetig-all-mein-blut-tropfen-fuer-tropfen-zu-widmen\/#primaryimage\"},\"thumbnailUrl\":\"http:\/\/www.deanreed.de\/AmericanRebel\/ak\/wp-content\/uploads\/2025\/03\/ssd.png\",\"datePublished\":\"2025-03-04T23:01:53+00:00\",\"dateModified\":\"2025-03-06T10:58:47+00:00\",\"author\":{\"@id\":\"https:\/\/www.deanreed.de\/AmericanRebel\/ak\/#\/schema\/person\/1735e67eea57aea7611c691f571924c3\"},\"breadcrumb\":{\"@id\":\"http:\/\/www.deanreed.de\/AmericanRebel\/ak\/wenn-noetig-all-mein-blut-tropfen-fuer-tropfen-zu-widmen\/#breadcrumb\"},\"inLanguage\":\"de\",\"potentialAction\":[{\"@type\":\"ReadAction\",\"target\":[\"http:\/\/www.deanreed.de\/AmericanRebel\/ak\/wenn-noetig-all-mein-blut-tropfen-fuer-tropfen-zu-widmen\/\"]}]},{\"@type\":\"ImageObject\",\"inLanguage\":\"de\",\"@id\":\"http:\/\/www.deanreed.de\/AmericanRebel\/ak\/wenn-noetig-all-mein-blut-tropfen-fuer-tropfen-zu-widmen\/#primaryimage\",\"url\":\"http:\/\/www.deanreed.de\/AmericanRebel\/ak\/wp-content\/uploads\/2025\/03\/ssd.png\",\"contentUrl\":\"http:\/\/www.deanreed.de\/AmericanRebel\/ak\/wp-content\/uploads\/2025\/03\/ssd.png\",\"width\":640,\"height\":460},{\"@type\":\"BreadcrumbList\",\"@id\":\"http:\/\/www.deanreed.de\/AmericanRebel\/ak\/wenn-noetig-all-mein-blut-tropfen-fuer-tropfen-zu-widmen\/#breadcrumb\",\"itemListElement\":[{\"@type\":\"ListItem\",\"position\":1,\"name\":\"Startseite\",\"item\":\"https:\/\/www.deanreed.de\/AmericanRebel\/ak\/\"},{\"@type\":\"ListItem\",\"position\":2,\"name\":\"Wenn n\u00f6tig, all mein Blut, Tropfen f\u00fcr Tropfen zu widmen \u2026\"}]},{\"@type\":\"WebSite\",\"@id\":\"https:\/\/www.deanreed.de\/AmericanRebel\/ak\/#website\",\"url\":\"https:\/\/www.deanreed.de\/AmericanRebel\/ak\/\",\"name\":\"Roter Morgen\",\"description\":\"Der Weg zur Partei\",\"potentialAction\":[{\"@type\":\"SearchAction\",\"target\":{\"@type\":\"EntryPoint\",\"urlTemplate\":\"https:\/\/www.deanreed.de\/AmericanRebel\/ak\/?s={search_term_string}\"},\"query-input\":{\"@type\":\"PropertyValueSpecification\",\"valueRequired\":true,\"valueName\":\"search_term_string\"}}],\"inLanguage\":\"de\"},{\"@type\":\"Person\",\"@id\":\"https:\/\/www.deanreed.de\/AmericanRebel\/ak\/#\/schema\/person\/1735e67eea57aea7611c691f571924c3\",\"name\":\"Redaktion\",\"url\":\"http:\/\/www.deanreed.de\/AmericanRebel\/ak\/author\/redaktion\/\"}]}<\/script>\n<!-- \/ Yoast SEO plugin. -->","yoast_head_json":{"title":"Wenn n\u00f6tig, all mein Blut, Tropfen f\u00fcr Tropfen zu widmen \u2026 - Roter Morgen","robots":{"index":"index","follow":"follow","max-snippet":"max-snippet:-1","max-image-preview":"max-image-preview:large","max-video-preview":"max-video-preview:-1"},"canonical":"http:\/\/www.deanreed.de\/AmericanRebel\/ak\/wenn-noetig-all-mein-blut-tropfen-fuer-tropfen-zu-widmen\/","og_locale":"de_DE","og_type":"article","og_title":"Wenn n\u00f6tig, all mein Blut, Tropfen f\u00fcr Tropfen zu widmen \u2026 - Roter Morgen","og_description":"Redaktion \u2013 5. M\u00e4rz 2025 Zum 72. Todestag von Josef Stalin Heute am 5. M\u00e4rz 2025 j\u00e4hrt sich der Todestag des Genossen Josef Stalin zum [...]","og_url":"http:\/\/www.deanreed.de\/AmericanRebel\/ak\/wenn-noetig-all-mein-blut-tropfen-fuer-tropfen-zu-widmen\/","og_site_name":"Roter Morgen","article_published_time":"2025-03-04T23:01:53+00:00","article_modified_time":"2025-03-06T10:58:47+00:00","og_image":[{"width":640,"height":460,"url":"http:\/\/www.deanreed.de\/AmericanRebel\/ak\/wp-content\/uploads\/2025\/03\/ssd.png","type":"image\/png"}],"author":"Redaktion","twitter_card":"summary_large_image","twitter_misc":{"Verfasst von":"Redaktion","Gesch\u00e4tzte Lesezeit":"5\u00a0Minuten"},"schema":{"@context":"https:\/\/schema.org","@graph":[{"@type":"WebPage","@id":"http:\/\/www.deanreed.de\/AmericanRebel\/ak\/wenn-noetig-all-mein-blut-tropfen-fuer-tropfen-zu-widmen\/","url":"http:\/\/www.deanreed.de\/AmericanRebel\/ak\/wenn-noetig-all-mein-blut-tropfen-fuer-tropfen-zu-widmen\/","name":"Wenn n\u00f6tig, all mein Blut, Tropfen f\u00fcr Tropfen zu widmen \u2026 - Roter Morgen","isPartOf":{"@id":"https:\/\/www.deanreed.de\/AmericanRebel\/ak\/#website"},"primaryImageOfPage":{"@id":"http:\/\/www.deanreed.de\/AmericanRebel\/ak\/wenn-noetig-all-mein-blut-tropfen-fuer-tropfen-zu-widmen\/#primaryimage"},"image":{"@id":"http:\/\/www.deanreed.de\/AmericanRebel\/ak\/wenn-noetig-all-mein-blut-tropfen-fuer-tropfen-zu-widmen\/#primaryimage"},"thumbnailUrl":"http:\/\/www.deanreed.de\/AmericanRebel\/ak\/wp-content\/uploads\/2025\/03\/ssd.png","datePublished":"2025-03-04T23:01:53+00:00","dateModified":"2025-03-06T10:58:47+00:00","author":{"@id":"https:\/\/www.deanreed.de\/AmericanRebel\/ak\/#\/schema\/person\/1735e67eea57aea7611c691f571924c3"},"breadcrumb":{"@id":"http:\/\/www.deanreed.de\/AmericanRebel\/ak\/wenn-noetig-all-mein-blut-tropfen-fuer-tropfen-zu-widmen\/#breadcrumb"},"inLanguage":"de","potentialAction":[{"@type":"ReadAction","target":["http:\/\/www.deanreed.de\/AmericanRebel\/ak\/wenn-noetig-all-mein-blut-tropfen-fuer-tropfen-zu-widmen\/"]}]},{"@type":"ImageObject","inLanguage":"de","@id":"http:\/\/www.deanreed.de\/AmericanRebel\/ak\/wenn-noetig-all-mein-blut-tropfen-fuer-tropfen-zu-widmen\/#primaryimage","url":"http:\/\/www.deanreed.de\/AmericanRebel\/ak\/wp-content\/uploads\/2025\/03\/ssd.png","contentUrl":"http:\/\/www.deanreed.de\/AmericanRebel\/ak\/wp-content\/uploads\/2025\/03\/ssd.png","width":640,"height":460},{"@type":"BreadcrumbList","@id":"http:\/\/www.deanreed.de\/AmericanRebel\/ak\/wenn-noetig-all-mein-blut-tropfen-fuer-tropfen-zu-widmen\/#breadcrumb","itemListElement":[{"@type":"ListItem","position":1,"name":"Startseite","item":"https:\/\/www.deanreed.de\/AmericanRebel\/ak\/"},{"@type":"ListItem","position":2,"name":"Wenn n\u00f6tig, all mein Blut, Tropfen f\u00fcr Tropfen zu widmen \u2026"}]},{"@type":"WebSite","@id":"https:\/\/www.deanreed.de\/AmericanRebel\/ak\/#website","url":"https:\/\/www.deanreed.de\/AmericanRebel\/ak\/","name":"Roter Morgen","description":"Der Weg zur Partei","potentialAction":[{"@type":"SearchAction","target":{"@type":"EntryPoint","urlTemplate":"https:\/\/www.deanreed.de\/AmericanRebel\/ak\/?s={search_term_string}"},"query-input":{"@type":"PropertyValueSpecification","valueRequired":true,"valueName":"search_term_string"}}],"inLanguage":"de"},{"@type":"Person","@id":"https:\/\/www.deanreed.de\/AmericanRebel\/ak\/#\/schema\/person\/1735e67eea57aea7611c691f571924c3","name":"Redaktion","url":"http:\/\/www.deanreed.de\/AmericanRebel\/ak\/author\/redaktion\/"}]}},"_links":{"self":[{"href":"http:\/\/www.deanreed.de\/AmericanRebel\/ak\/wp-json\/wp\/v2\/posts\/3095","targetHints":{"allow":["GET"]}}],"collection":[{"href":"http:\/\/www.deanreed.de\/AmericanRebel\/ak\/wp-json\/wp\/v2\/posts"}],"about":[{"href":"http:\/\/www.deanreed.de\/AmericanRebel\/ak\/wp-json\/wp\/v2\/types\/post"}],"author":[{"embeddable":true,"href":"http:\/\/www.deanreed.de\/AmericanRebel\/ak\/wp-json\/wp\/v2\/users\/4"}],"replies":[{"embeddable":true,"href":"http:\/\/www.deanreed.de\/AmericanRebel\/ak\/wp-json\/wp\/v2\/comments?post=3095"}],"version-history":[{"count":15,"href":"http:\/\/www.deanreed.de\/AmericanRebel\/ak\/wp-json\/wp\/v2\/posts\/3095\/revisions"}],"predecessor-version":[{"id":3127,"href":"http:\/\/www.deanreed.de\/AmericanRebel\/ak\/wp-json\/wp\/v2\/posts\/3095\/revisions\/3127"}],"wp:featuredmedia":[{"embeddable":true,"href":"http:\/\/www.deanreed.de\/AmericanRebel\/ak\/wp-json\/wp\/v2\/media\/3113"}],"wp:attachment":[{"href":"http:\/\/www.deanreed.de\/AmericanRebel\/ak\/wp-json\/wp\/v2\/media?parent=3095"}],"wp:term":[{"taxonomy":"category","embeddable":true,"href":"http:\/\/www.deanreed.de\/AmericanRebel\/ak\/wp-json\/wp\/v2\/categories?post=3095"},{"taxonomy":"post_tag","embeddable":true,"href":"http:\/\/www.deanreed.de\/AmericanRebel\/ak\/wp-json\/wp\/v2\/tags?post=3095"}],"curies":[{"name":"wp","href":"https:\/\/api.w.org\/{rel}","templated":true}]}}