{"id":3068,"date":"2025-02-18T01:07:07","date_gmt":"2025-02-18T00:07:07","guid":{"rendered":"http:\/\/www.deanreed.de\/AmericanRebel\/ak\/?p=3068"},"modified":"2025-02-18T01:11:33","modified_gmt":"2025-02-18T00:11:33","slug":"idealismus-oder-materialismus","status":"publish","type":"post","link":"http:\/\/www.deanreed.de\/AmericanRebel\/ak\/idealismus-oder-materialismus\/","title":{"rendered":"Idealismus oder Materialismus?"},"content":{"rendered":"<blockquote><p><span style=\"font-size: 12pt; font-family: verdana, geneva, sans-serif;\"><span style=\"color: #808080;\"><em><strong>Heinz Ahlreip \u2013 18. Februar 2025<\/strong><br \/>\n<\/em><\/span><\/span><\/p><\/blockquote>\n<p style=\"text-align: justify;\"><span style=\"color: #993300; font-size: 14pt; font-family: verdana, geneva, sans-serif;\"><strong>Ideologie und Klassenkampf: Ein unvers\u00f6hnlicher Gegensatz<\/strong><\/span><\/p>\n<p style=\"text-align: justify;\"><span style=\"color: #000000; font-size: 12pt; font-family: verdana, geneva, sans-serif;\"><strong>Der Streit zwischen Idealismus und Materialismus ist nicht nur eine Frage der Philosophie, sondern eng mit den sozialen Verh\u00e4ltnissen verbunden. Die Frage, ob der Geist oder die materielle Welt das Wichtigere ist, hat seit Jahrhunderten Denker gespalten und politische Bewegungen beeinflusst. Welche Rolle spielt diese Diskussion im Kampf zwischen den gesellschaftlichen Klassen? Und was bedeutet sie f\u00fcr die Ordnung der Gesellschaft?<\/strong><\/span><\/p>\n<figure id=\"attachment_30610\" aria-describedby=\"caption-attachment-30610\" style=\"width: 182px\" class=\"wp-caption alignright\"><img loading=\"lazy\" decoding=\"async\" class=\" wp-image-30610\" src=\"https:\/\/rotermorgen.eu\/wp-content\/uploads\/2025\/02\/rr5.jpg\" alt=\"\" width=\"182\" height=\"222\" \/><figcaption id=\"caption-attachment-30610\" class=\"wp-caption-text\"><span style=\"color: #000000; font-size: 8pt; font-family: verdana, geneva, sans-serif;\">Josef Dietzgen (9. Dezember 1828 bis 15. April 1888).<\/span><\/figcaption><\/figure>\n<p style=\"text-align: justify;\"><span style=\"color: #000000; font-size: 12pt; font-family: verdana, geneva, sans-serif;\">Diese Erkenntnis \u00fcber die enge Verbindung zwischen Idealismus und Kirche geht zur\u00fcck auf den Arbeiterphilosophen <a style=\"color: #000000;\" href=\"https:\/\/de.wikipedia.org\/wiki\/Josef_Dietzgen\" target=\"_blank\" rel=\"noopener\">Joseph Dietzgen<\/a> den \u00c4lteren, den Marx und Engels als \u201e<em>unseren Philosophen<\/em>\u201c bezeichneten. Lenin best\u00e4tigte ihn, indem er in seinem schriftlichen Erbe notierte, dass der Idealismus ein Weg zur Kirche ist.<sup>1<\/sup> F\u00fcr marxistisch-leninistische Materialisten ist die Religion ein Ausdruck einer falschen Welt, das hei\u00dft: Im Kommunismus kann es keine Religion geben.<\/span><\/p>\n<p style=\"text-align: justify;\"><span style=\"color: #000000; font-size: 12pt; font-family: verdana, geneva, sans-serif;\">Fast die gesamte Philosophie der Idealisten, die Kant als eine Wissenschaft \u00fcber die letzten Ziele des menschlichen Denkens ausrichtete, ist sowohl vom Ansatz als auch von ihrem inneren Inhalt her falsch. In einer Revolution der Arbeiter und Bauern muss eine Aufsichtsstelle besonders auf die Idealisten achten und eingreifen, wenn aus ihren wirren Ideen gef\u00e4hrliche Handlungen gegen den Staat entstehen sollten. Gleiches gilt nat\u00fcrlich f\u00fcr die Geistlichen. Basieren soziale und politische Forderungen auf der Wirklichkeit oder auf reinen Gedanken?<\/span><\/p>\n<p style=\"text-align: justify;\"><span style=\"color: #000000; font-size: 12pt; font-family: verdana, geneva, sans-serif;\">Die Zeit der Bourgeoisie hat nicht nur die Gegens\u00e4tze zwischen den Klassen vereinfacht, sondern auch gezeigt, dass sich die gesamte Gesellschaft in zwei gro\u00dfe Gruppen teilt: die besitzende Klasse, die Produktionsmittel und Lebensmittel kontrolliert, und die besitzlose Klasse. Entsprechend zeigt sich auch eine Trennung in der geistigen Welt:<\/span><\/p>\n<blockquote>\n<p style=\"text-align: justify;\"><span style=\"color: #000000; font-size: 12pt; font-family: verdana, geneva, sans-serif;\">\u201eDie Frage nach der Stellung des Denkens zur Wirklichkeit, die \u00fcbrigens auch in der Theologie des Mittelalters eine gro\u00dfe Rolle spielte, die Frage: Was war zuerst da, der Geist oder die Natur? \u2013 diese Frage spitzte sich, der Kirche gegen\u00fcber, dahin zu: Hat Gott die Welt erschaffen, oder ist die Welt schon immer dagewesen? Je nachdem, wie diese Frage beantwortet wurde, teilten sich die Philosophen in zwei gro\u00dfe Gruppen. Diejenigen, die den Geist als das Urspr\u00fcngliche gegen\u00fcber der Natur betrachteten und somit letztlich an eine Art Sch\u00f6pfung glaubten \u2013 und diese Vorstellung ist bei einigen Philosophen, z.B. bei Hegel, noch komplizierter und unwahrscheinlicher als im Christentum \u2013, bildeten die Gruppe der Idealisten. Die anderen, die die Natur als das Urspr\u00fcngliche sahen, geh\u00f6ren zu den verschiedenen Richtungen des Materialismus. Etwas anderes als dies bedeuteten die Begriffe Idealismus und Materialismus urspr\u00fcnglich nicht, und in einem anderen Sinn werden sie hier auch nicht verwendet.\u201c<sup>2<\/sup><\/span><\/p>\n<\/blockquote>\n<p style=\"text-align: justify;\"><span style=\"color: #000000; font-size: 12pt; font-family: verdana, geneva, sans-serif;\">Also eine doppelte Trennung, sowohl in der gesellschaftlichen Grundlage als auch in der geistigen Welt. In der Praxis zeigt sich das Hauptproblem: Das Produkt des Arbeiters wird ihm fremd, es geh\u00f6rt ihm nicht, es entwickelt eine eigene Macht \u00fcber ihn. Der Unternehmer f\u00fchlt sich in seinem Streben nach Gewinn wohl, w\u00e4hrend der Arbeiter im gesamten Prozess arm und ausgebeutet bleibt.<\/span><\/p>\n<p style=\"text-align: justify;\"><span style=\"color: #000000; font-size: 12pt; font-family: verdana, geneva, sans-serif;\">Zudem zeigt sich in der b\u00fcrgerlichen Ideologie eine sprachliche Verdrehung: Der sogenannte Arbeitgeber ist in Wirklichkeit derjenige, der Arbeit nimmt, w\u00e4hrend der Arbeitnehmer derjenige ist, der seine Arbeitskraft gibt. Die Arbeit wird f\u00fcr den Arbeiter entfremdend. Wenn er arbeitet, ist er nicht bei sich selbst, und wenn er zu Hause ist, arbeitet er nicht. Die Arbeit bedeutet f\u00fcr ihn den Verlust seiner Selbstverwirklichung.<\/span><\/p>\n<p style=\"text-align: justify;\"><span style=\"color: #000000; font-size: 12pt; font-family: verdana, geneva, sans-serif;\">Hinzu kommt, dass die Dinge des Alltags in der kapitalistischen Gesellschaft nicht einfach nur Dinge bleiben, sondern zu Waren werden, weil sie durch voneinander unabh\u00e4ngige Privatunternehmen produziert werden und auf dem Markt getauscht werden m\u00fcssen. Da die Produzenten erst durch den Austausch ihrer Produkte in Kontakt treten, werden auch die gesellschaftlichen Eigenschaften ihrer Arbeit erst in diesem Austausch sichtbar.<\/span><\/p>\n<p style=\"text-align: justify;\"><span style=\"color: #000000; font-size: 12pt; font-family: verdana, geneva, sans-serif;\">Es kommt zu einer Verdrehung: Die Menschen, die Waren produzieren und handeln, behandeln sich gegenseitig wie Dinge, w\u00e4hrend Verh\u00e4ltnisse zwischen Dingen den Anschein erwecken, als w\u00e4ren sie gesellschaftliche Beziehungen.<\/span><\/p>\n<p style=\"text-align: justify;\"><span style=\"color: #000000; font-size: 12pt; font-family: verdana, geneva, sans-serif;\">\u201eDas R\u00e4tselhafte an der Warenform besteht also darin, dass sie den Menschen die gesellschaftlichen Eigenschaften ihrer eigenen Arbeit als materielle Eigenschaften der Produkte selbst zur\u00fcckspiegelt. Daher erscheint auch das gesellschaftliche Verh\u00e4ltnis der Produzenten zur Gesamtarbeit als ein unabh\u00e4ngig von ihnen existierendes Verh\u00e4ltnis von Dingen. Durch diese Verwechslung werden die Arbeitsprodukte zu Waren, sinnlich wahrnehmbaren, aber gleichzeitig gesellschaftlichen Objekten.\u201c<sup>3<\/sup><\/span><\/p>\n<p style=\"text-align: justify;\" data-pm-slice=\"1 1 []\"><span style=\"color: #000000; font-size: 12pt; font-family: verdana, geneva, sans-serif;\">In seiner Philosophie der Weltgeschichte erkl\u00e4rt Hegel, dass der Weltgeist eine List anwendet, die er als <em>&#8222;List der Vernunft&#8220;<\/em> bezeichnet. Die einzelnen Menschen sind in ihrem allt\u00e4glichen Leben gefangen und handeln innerhalb der ihnen vertrauten Muster. Stalin beschreibt in seiner 1938 erstmals ver\u00f6ffentlichten Studie zur <span style=\"color: #005a8c;\"><a style=\"color: #005a8c;\" href=\"https:\/\/rotermorgen.eu\/wp-content\/uploads\/2023\/11\/Geschichte_DWzP_Nr.9.pdf\" target=\"_blank\" rel=\"noopener\">Geschichte der KPdSU (B), &#8222;Kurzer Lehrgang&#8220;<\/a><\/span>, mehrere Beispiele f\u00fcr die Doppelwirkung des menschlichen Geistes: einerseits den bewusst wahrgenommenen Alltag und andererseits die unbewussten, oft weitreichenden Folgen menschlichen Handelns.<\/span><\/p>\n<p style=\"text-align: justify;\"><span style=\"color: #000000; font-size: 12pt; font-family: verdana, geneva, sans-serif;\">Wenn Menschen beispielsweise Produktionsmittel verbessern, denken sie nicht dar\u00fcber nach, welche gesellschaftlichen Konsequenzen dies nach sich ziehen k\u00f6nnte. Sie konzentrieren sich auf ihre unmittelbaren Bed\u00fcrfnisse und Vorteile. Ein anschauliches Beispiel ist die Bourgeoisie des sp\u00e4ten 18. Jahrhunderts. Als sie um 1770 innerhalb des Feudalsystems die Dampfmaschinen einf\u00fchrte, war ihr nicht bewusst, dass dies eine tiefgreifende gesellschaftliche Umw\u00e4lzung, ja eine Revolution, ausl\u00f6sen w\u00fcrde. Ihr Fokus lag allein auf dem Profit.<\/span><\/p>\n<p style=\"text-align: justify;\"><span style=\"color: #000000; font-size: 12pt; font-family: verdana, geneva, sans-serif;\">Stalin nennt neben diesem Beispiel zwei weitere: Eines stammt aus der Urgesellschaft und bezieht sich auf den \u00dcbergang von Stein- zu Metallwerkzeugen. Das andere entstammt der russischen Geschichte: Als russische Kapitalisten zusammen mit ausl\u00e4ndischen Investoren die industrielle Massenproduktion einf\u00fchrten, dachten sie nicht dar\u00fcber nach, welche gesellschaftlichen Ver\u00e4nderungen dies bewirken k\u00f6nnte. Sie ahnten nicht, dass dieser Fortschritt im Bereich der Produktionsmittel eine m\u00e4chtige und selbstbewusste Arbeiterklasse hervorbringen w\u00fcrde.<\/span><\/p>\n<p style=\"text-align: justify;\"><span style=\"color: #000000; font-size: 12pt; font-family: verdana, geneva, sans-serif;\">Friedrich Engels hatte bereits 1876 in seiner unvollendeten Studie <em>&#8222;Der Anteil der Arbeit an der Menschwerdung des Affen&#8220;<\/em> eine \u00e4hnliche Beobachtung gemacht. Er schrieb: <\/span><\/p>\n<blockquote>\n<p style=\"text-align: justify;\"><span style=\"color: #000000; font-size: 12pt; font-family: verdana, geneva, sans-serif;\">&#8222;Die Sozialwissenschaft der Bourgeoisie, die klassische politische \u00d6konomie, besch\u00e4ftigt sich vorwiegend nur mit den unmittelbar beabsichtigten gesellschaftlichen Wirkungen der auf Produktion und Austausch gerichteten menschlichen Handlungen. Dies entspricht ganz der gesellschaftlichen Organisation, deren theoretischer Ausdruck sie ist. Wo einzelne Kapitalisten um des unmittelbaren Profits willen produzieren und austauschen, k\u00f6nnen in erster Linie nur die n\u00e4chsten, unmittelbarsten Resultate in Betracht kommen. Wenn der einzelne Fabrikant oder Kaufmann die fabrizierte oder eingekaufte Ware nur mit dem \u00fcblichen Profitchen verkauft, so ist er zufrieden, und es k\u00fcmmert ihn nicht, was nachher aus der Ware und deren K\u00e4ufer wird.<\/span><\/p>\n<p style=\"text-align: justify;\"><span style=\"color: #000000; font-size: 12pt; font-family: verdana, geneva, sans-serif;\">Ebenso verh\u00e4lt es sich mit den nat\u00fcrlichen Folgen dieser Handlungen. Die spanischen Pflanzer auf Kuba etwa rodeten W\u00e4lder, um in der Asche genug D\u00fcnger f\u00fcr eine Generation ertragreicher Kaffeeb\u00e4ume zu finden. Sie dachten nicht daran, dass die tropischen Regenf\u00e4lle sp\u00e4ter die schutzlose Erde fortschwemmen und nur nackten Fels zur\u00fccklassen w\u00fcrden.<\/span><\/p>\n<p style=\"text-align: justify;\"><span style=\"color: #000000; font-size: 12pt; font-family: verdana, geneva, sans-serif;\">Sowohl in der Natur als auch in der Gesellschaft interessiert in der heutigen Produktionsweise nur der unmittelbare Erfolg. Erst im Nachhinein erkennt man oft, dass die langfristigen Folgen v\u00f6llig anders, ja sogar gegens\u00e4tzlich sein k\u00f6nnen. So f\u00fchrt etwa das Streben nach Gewinn dazu, dass das urspr\u00fcnglich auf eigener Arbeit basierende Privateigentum letztlich zur Besitzlosigkeit der Arbeiter f\u00fchrt, w\u00e4hrend sich aller Reichtum zunehmend in den H\u00e4nden weniger Nichtarbeiter konzentriert.&#8220;<\/span><\/p>\n<\/blockquote>\n<p style=\"text-align: justify;\"><span style=\"color: #000000; font-size: 12pt; font-family: verdana, geneva, sans-serif;\">Hier bricht Engels&#8216; Manuskript ab.<sup>4<\/sup><\/span><\/p>\n<ol style=\"text-align: justify;\">\n<li><span style=\"color: #000000; font-size: 10pt; font-family: verdana, geneva, sans-serif;\">Lenin: <em>Aus dem philosophischen Nachlass<\/em>, Dietz Verlag Berlin, 1949,289).<\/span><\/li>\n<li><span style=\"color: #000000; font-size: 10pt; font-family: verdana, geneva, sans-serif;\">Vergleiche Friedrich Engels: <em>Ludwig Feuerbach und der Ausgang der klassischen deutschen Philosophie<\/em>, Werke, Band 25, Dietz Verlag Berlin, 1960, Seite 275).<\/span><\/li>\n<li><span style=\"color: #000000; font-size: 10pt; font-family: verdana, geneva, sans-serif;\">Karl Marx: <em>Das Kapital<\/em>, Werke, Band 23, Dietz Verlag Berlin, 1960, Seite 86)<\/span><\/li>\n<li><span style=\"color: #000000; font-size: 10pt; font-family: verdana, geneva, sans-serif;\">Friederich Engels: <em>Anteil der Arbeit an der Menschwerdung des Affen<\/em>, Werke, Band 20, Dietz Verlag Berlin, 1960, Seite 455).<\/span><\/li>\n<\/ol>\n<p style=\"text-align: justify;\"><span style=\"color: #000000; font-size: 10pt; font-family: verdana, geneva, sans-serif;\"><span style=\"color: #ffffff;\">.<\/span><strong><br \/>\n\u00dcber den Autor:<\/strong><\/span><br \/>\n<span style=\"color: #000000; font-size: 10pt; font-family: verdana, geneva, sans-serif;\">Heinz Ahlreip, geb. am 28. Februar 1952 in Hildesheim. Von 1975 bis 1983 Studium in den F\u00e4chern Philosophie und Politik an der Leibniz Universit\u00e4t Hannover, Magisterabschluss mit der Arbeit \u00bb<em>Die Dialektik der absoluten Freiheit in Hegels Ph\u00e4nomenologie des Geistes<\/em>\u00ab. Forschungschwerpunkte: Franz\u00f6sische Aufkl\u00e4rung, Jakobinismus, Franz\u00f6sische Revolution, die politische Philosophie Kants und Hegels, Befreiungskriege gegen Napoleon, Marxismus-Leninismus, Oktoberrevolution, die Kontroverse Stalin &#8211; Trotzki \u00fcber den Aufbau des Sozialismus in der UdSSR, die Epoche Stalins, insbesondere Stachanowbewegung und Moskauer Prozesse. Ahlreip arbeitete als Lagerarbeiter u. a. bei Continental in Hannover und bis zum Rentenbeginn als G\u00e4rtner f\u00fcr Museumsst\u00e4tten und Friedh\u00f6fe.<\/span><\/p>\n<p style=\"text-align: justify;\"><span style=\"font-family: verdana, geneva, sans-serif; font-size: 10pt;\"><span style=\"color: #ffffff;\">.<\/span><br \/>\n<\/span><\/p>\n<p><span style=\"font-family: verdana, geneva, sans-serif; font-size: 14pt;\"><em><strong>Lest die Klassiker und studiert den Marxismus-Leninismus!<\/strong><\/em><\/span><\/p>\n<table>\n<tbody>\n<tr>\n<td><img loading=\"lazy\" decoding=\"async\" class=\"alignnone wp-image-25657\" src=\"https:\/\/rotermorgen.eu\/wp-content\/uploads\/2023\/03\/Untitled-design-5-209x300.png\" alt=\"\" width=\"227\" height=\"326\" \/><\/td>\n<td><a href=\"https:\/\/rotermorgen.eu\/wp-content\/uploads\/2023\/03\/6.png\" target=\"_blank\" rel=\"noopener\"><img loading=\"lazy\" decoding=\"async\" class=\"alignnone wp-image-25674\" src=\"https:\/\/rotermorgen.eu\/wp-content\/uploads\/2023\/03\/2-208x300.png\" alt=\"\" width=\"205\" height=\"296\" \/><\/a><\/td>\n<td><\/td>\n<td><img loading=\"lazy\" decoding=\"async\" class=\"alignnone wp-image-25658\" src=\"https:\/\/rotermorgen.eu\/wp-content\/uploads\/2023\/03\/7-Kopie-208x300.png\" alt=\"\" width=\"228\" height=\"329\" \/><\/td>\n<td><a href=\"https:\/\/rotermorgen.eu\/wp-content\/uploads\/2023\/03\/der.png\" target=\"_blank\" rel=\"noopener\"><img loading=\"lazy\" decoding=\"async\" class=\"alignnone size-medium wp-image-25673\" src=\"https:\/\/rotermorgen.eu\/wp-content\/uploads\/2023\/03\/1-Kopie-208x300.png\" alt=\"\" width=\"208\" height=\"300\" \/><\/a><\/td>\n<\/tr>\n<tr>\n<td style=\"text-align: center;\"><a href=\"https:\/\/www.booklooker.de\/B%C3%BCcher\/Angebote\/verlag=Roter+Morgen-Arbeitsgruppe-%27Der+Weg+zur+Partei%27\" target=\"_blank\" rel=\"noopener\"><span style=\"font-family: verdana, geneva, sans-serif; font-size: 10pt; color: #000000;\">bestellen<\/span><\/a><\/td>\n<td style=\"text-align: center;\"><a href=\"https:\/\/rotermorgen.eu\/wp-content\/uploads\/2022\/10\/Leseprobe_was_wollen.pdf\" target=\"_blank\" rel=\"noopener\"><span style=\"font-family: verdana, geneva, sans-serif;\"><span style=\"font-size: 10pt;\"><span style=\"color: #993300;\">LESEPROBE<\/span><\/span><\/span><\/a><\/td>\n<td style=\"text-align: center;\"><span style=\"color: #ffffff;\">&#8230;.<\/span><\/td>\n<td style=\"text-align: center;\"><a href=\"https:\/\/www.booklooker.de\/B%C3%BCcher\/Angebote\/verlag=Roter+Morgen-Arbeitsgruppe-%27Der+Weg+zur+Partei%27\" target=\"_blank\" rel=\"noopener\"><span style=\"font-family: verdana, geneva, sans-serif; font-size: 10pt; color: #000000;\">bestellen<\/span><\/a><\/td>\n<td style=\"text-align: center;\"><a href=\"https:\/\/rotermorgen.eu\/wp-content\/uploads\/2022\/12\/3Grundsaetze-Kopie.pdf\" target=\"_blank\" rel=\"noopener\"><span style=\"font-family: verdana, geneva, sans-serif; color: #000000;\"><span style=\"font-size: 10pt; color: #993300;\">LESEPROBE<\/span><\/span><\/a><\/td>\n<\/tr>\n<\/tbody>\n<\/table>\n<p style=\"text-align: center;\"><span style=\"font-family: verdana, geneva, sans-serif; font-size: 10pt; color: #000000;\"><span style=\"color: #ffffff;\">.<\/span><\/span><\/p>\n<p style=\"text-align: center;\"><span style=\"font-family: verdana, geneva, sans-serif; font-size: 10pt; color: #000000;\"><span style=\"color: #ffffff;\">.<\/span><br \/>\n<\/span><\/p>\n<p style=\"text-align: center;\"><span style=\"font-family: verdana, geneva, sans-serif; font-size: 10pt;\"><img loading=\"lazy\" decoding=\"async\" class=\" wp-image-23274 aligncenter\" src=\"https:\/\/rotermorgen.eu\/wp-content\/uploads\/2022\/11\/drtz-768x722-1-300x282.png\" alt=\"\" width=\"594\" height=\"558\" \/><span style=\"font-size: 14pt;\"><span style=\"font-size: 12pt;\">Mehr dazu:<\/span> <a href=\"mailto:Info@RoterMorgen.eu\" target=\"_blank\" rel=\"noopener\">Info@RoterMorgen.eu<\/a><\/span><\/span><\/p>\n","protected":false},"excerpt":{"rendered":"<div class=\"mh-excerpt\"><p>Heinz Ahlreip \u2013 18. Februar 2025 Ideologie und Klassenkampf: Ein unvers\u00f6hnlicher Gegensatz Der Streit zwischen Idealismus und Materialismus ist nicht nur eine Frage der Philosophie, <a class=\"mh-excerpt-more\" href=\"http:\/\/www.deanreed.de\/AmericanRebel\/ak\/idealismus-oder-materialismus\/\" title=\"Idealismus oder Materialismus?\">[&#8230;]<\/a><\/p>\n<\/div>","protected":false},"author":4,"featured_media":2982,"comment_status":"open","ping_status":"open","sticky":false,"template":"","format":"standard","meta":{"footnotes":""},"categories":[1],"tags":[625,581,626,641,551,552,627,571,585,576,533,369],"class_list":["post-3068","post","type-post","status-publish","format-standard","has-post-thumbnail","hentry","category-allgemein","tag-geschichtsluegen","tag-israel","tag-katyn","tag-palaestina","tag-roter_morgen","tag-rotermorgen","tag-russland","tag-stalin","tag-syrien","tag-zionismus","tag-ahlreip","tag-krieg"],"yoast_head":"<!-- This site is optimized with the Yoast SEO plugin v26.2 - https:\/\/yoast.com\/wordpress\/plugins\/seo\/ -->\n<title>Idealismus oder Materialismus? - Roter Morgen<\/title>\n<meta name=\"robots\" content=\"index, follow, max-snippet:-1, max-image-preview:large, max-video-preview:-1\" \/>\n<link rel=\"canonical\" href=\"https:\/\/www.deanreed.de\/AmericanRebel\/ak\/idealismus-oder-materialismus\/\" \/>\n<meta property=\"og:locale\" content=\"de_DE\" \/>\n<meta property=\"og:type\" content=\"article\" \/>\n<meta property=\"og:title\" content=\"Idealismus oder Materialismus? - Roter Morgen\" \/>\n<meta property=\"og:description\" content=\"Heinz Ahlreip \u2013 18. Februar 2025 Ideologie und Klassenkampf: Ein unvers\u00f6hnlicher Gegensatz Der Streit zwischen Idealismus und Materialismus ist nicht nur eine Frage der Philosophie, [...]\" \/>\n<meta property=\"og:url\" content=\"https:\/\/www.deanreed.de\/AmericanRebel\/ak\/idealismus-oder-materialismus\/\" \/>\n<meta property=\"og:site_name\" content=\"Roter Morgen\" \/>\n<meta property=\"article:published_time\" content=\"2025-02-18T00:07:07+00:00\" \/>\n<meta property=\"article:modified_time\" content=\"2025-02-18T00:11:33+00:00\" \/>\n<meta property=\"og:image\" content=\"https:\/\/www.deanreed.de\/AmericanRebel\/ak\/wp-content\/uploads\/2025\/01\/ffzz.jpg\" \/>\n\t<meta property=\"og:image:width\" content=\"650\" \/>\n\t<meta property=\"og:image:height\" content=\"460\" \/>\n\t<meta property=\"og:image:type\" content=\"image\/jpeg\" \/>\n<meta name=\"author\" content=\"Redaktion\" \/>\n<meta name=\"twitter:card\" content=\"summary_large_image\" \/>\n<meta name=\"twitter:label1\" content=\"Verfasst von\" \/>\n\t<meta name=\"twitter:data1\" content=\"Redaktion\" \/>\n\t<meta name=\"twitter:label2\" content=\"Gesch\u00e4tzte Lesezeit\" \/>\n\t<meta name=\"twitter:data2\" content=\"7\u00a0Minuten\" \/>\n<script type=\"application\/ld+json\" class=\"yoast-schema-graph\">{\"@context\":\"https:\/\/schema.org\",\"@graph\":[{\"@type\":\"WebPage\",\"@id\":\"https:\/\/www.deanreed.de\/AmericanRebel\/ak\/idealismus-oder-materialismus\/\",\"url\":\"https:\/\/www.deanreed.de\/AmericanRebel\/ak\/idealismus-oder-materialismus\/\",\"name\":\"Idealismus oder Materialismus? - Roter Morgen\",\"isPartOf\":{\"@id\":\"https:\/\/www.deanreed.de\/AmericanRebel\/ak\/#website\"},\"primaryImageOfPage\":{\"@id\":\"https:\/\/www.deanreed.de\/AmericanRebel\/ak\/idealismus-oder-materialismus\/#primaryimage\"},\"image\":{\"@id\":\"https:\/\/www.deanreed.de\/AmericanRebel\/ak\/idealismus-oder-materialismus\/#primaryimage\"},\"thumbnailUrl\":\"http:\/\/www.deanreed.de\/AmericanRebel\/ak\/wp-content\/uploads\/2025\/01\/ffzz.jpg\",\"datePublished\":\"2025-02-18T00:07:07+00:00\",\"dateModified\":\"2025-02-18T00:11:33+00:00\",\"author\":{\"@id\":\"https:\/\/www.deanreed.de\/AmericanRebel\/ak\/#\/schema\/person\/1735e67eea57aea7611c691f571924c3\"},\"breadcrumb\":{\"@id\":\"https:\/\/www.deanreed.de\/AmericanRebel\/ak\/idealismus-oder-materialismus\/#breadcrumb\"},\"inLanguage\":\"de\",\"potentialAction\":[{\"@type\":\"ReadAction\",\"target\":[\"https:\/\/www.deanreed.de\/AmericanRebel\/ak\/idealismus-oder-materialismus\/\"]}]},{\"@type\":\"ImageObject\",\"inLanguage\":\"de\",\"@id\":\"https:\/\/www.deanreed.de\/AmericanRebel\/ak\/idealismus-oder-materialismus\/#primaryimage\",\"url\":\"http:\/\/www.deanreed.de\/AmericanRebel\/ak\/wp-content\/uploads\/2025\/01\/ffzz.jpg\",\"contentUrl\":\"http:\/\/www.deanreed.de\/AmericanRebel\/ak\/wp-content\/uploads\/2025\/01\/ffzz.jpg\",\"width\":650,\"height\":460},{\"@type\":\"BreadcrumbList\",\"@id\":\"https:\/\/www.deanreed.de\/AmericanRebel\/ak\/idealismus-oder-materialismus\/#breadcrumb\",\"itemListElement\":[{\"@type\":\"ListItem\",\"position\":1,\"name\":\"Startseite\",\"item\":\"https:\/\/www.deanreed.de\/AmericanRebel\/ak\/\"},{\"@type\":\"ListItem\",\"position\":2,\"name\":\"Idealismus oder Materialismus?\"}]},{\"@type\":\"WebSite\",\"@id\":\"https:\/\/www.deanreed.de\/AmericanRebel\/ak\/#website\",\"url\":\"https:\/\/www.deanreed.de\/AmericanRebel\/ak\/\",\"name\":\"Roter Morgen\",\"description\":\"Der Weg zur Partei\",\"potentialAction\":[{\"@type\":\"SearchAction\",\"target\":{\"@type\":\"EntryPoint\",\"urlTemplate\":\"https:\/\/www.deanreed.de\/AmericanRebel\/ak\/?s={search_term_string}\"},\"query-input\":{\"@type\":\"PropertyValueSpecification\",\"valueRequired\":true,\"valueName\":\"search_term_string\"}}],\"inLanguage\":\"de\"},{\"@type\":\"Person\",\"@id\":\"https:\/\/www.deanreed.de\/AmericanRebel\/ak\/#\/schema\/person\/1735e67eea57aea7611c691f571924c3\",\"name\":\"Redaktion\",\"url\":\"http:\/\/www.deanreed.de\/AmericanRebel\/ak\/author\/redaktion\/\"}]}<\/script>\n<!-- \/ Yoast SEO plugin. -->","yoast_head_json":{"title":"Idealismus oder Materialismus? - Roter Morgen","robots":{"index":"index","follow":"follow","max-snippet":"max-snippet:-1","max-image-preview":"max-image-preview:large","max-video-preview":"max-video-preview:-1"},"canonical":"https:\/\/www.deanreed.de\/AmericanRebel\/ak\/idealismus-oder-materialismus\/","og_locale":"de_DE","og_type":"article","og_title":"Idealismus oder Materialismus? - Roter Morgen","og_description":"Heinz Ahlreip \u2013 18. Februar 2025 Ideologie und Klassenkampf: Ein unvers\u00f6hnlicher Gegensatz Der Streit zwischen Idealismus und Materialismus ist nicht nur eine Frage der Philosophie, [...]","og_url":"https:\/\/www.deanreed.de\/AmericanRebel\/ak\/idealismus-oder-materialismus\/","og_site_name":"Roter Morgen","article_published_time":"2025-02-18T00:07:07+00:00","article_modified_time":"2025-02-18T00:11:33+00:00","og_image":[{"width":650,"height":460,"url":"https:\/\/www.deanreed.de\/AmericanRebel\/ak\/wp-content\/uploads\/2025\/01\/ffzz.jpg","type":"image\/jpeg"}],"author":"Redaktion","twitter_card":"summary_large_image","twitter_misc":{"Verfasst von":"Redaktion","Gesch\u00e4tzte Lesezeit":"7\u00a0Minuten"},"schema":{"@context":"https:\/\/schema.org","@graph":[{"@type":"WebPage","@id":"https:\/\/www.deanreed.de\/AmericanRebel\/ak\/idealismus-oder-materialismus\/","url":"https:\/\/www.deanreed.de\/AmericanRebel\/ak\/idealismus-oder-materialismus\/","name":"Idealismus oder Materialismus? - Roter Morgen","isPartOf":{"@id":"https:\/\/www.deanreed.de\/AmericanRebel\/ak\/#website"},"primaryImageOfPage":{"@id":"https:\/\/www.deanreed.de\/AmericanRebel\/ak\/idealismus-oder-materialismus\/#primaryimage"},"image":{"@id":"https:\/\/www.deanreed.de\/AmericanRebel\/ak\/idealismus-oder-materialismus\/#primaryimage"},"thumbnailUrl":"http:\/\/www.deanreed.de\/AmericanRebel\/ak\/wp-content\/uploads\/2025\/01\/ffzz.jpg","datePublished":"2025-02-18T00:07:07+00:00","dateModified":"2025-02-18T00:11:33+00:00","author":{"@id":"https:\/\/www.deanreed.de\/AmericanRebel\/ak\/#\/schema\/person\/1735e67eea57aea7611c691f571924c3"},"breadcrumb":{"@id":"https:\/\/www.deanreed.de\/AmericanRebel\/ak\/idealismus-oder-materialismus\/#breadcrumb"},"inLanguage":"de","potentialAction":[{"@type":"ReadAction","target":["https:\/\/www.deanreed.de\/AmericanRebel\/ak\/idealismus-oder-materialismus\/"]}]},{"@type":"ImageObject","inLanguage":"de","@id":"https:\/\/www.deanreed.de\/AmericanRebel\/ak\/idealismus-oder-materialismus\/#primaryimage","url":"http:\/\/www.deanreed.de\/AmericanRebel\/ak\/wp-content\/uploads\/2025\/01\/ffzz.jpg","contentUrl":"http:\/\/www.deanreed.de\/AmericanRebel\/ak\/wp-content\/uploads\/2025\/01\/ffzz.jpg","width":650,"height":460},{"@type":"BreadcrumbList","@id":"https:\/\/www.deanreed.de\/AmericanRebel\/ak\/idealismus-oder-materialismus\/#breadcrumb","itemListElement":[{"@type":"ListItem","position":1,"name":"Startseite","item":"https:\/\/www.deanreed.de\/AmericanRebel\/ak\/"},{"@type":"ListItem","position":2,"name":"Idealismus oder Materialismus?"}]},{"@type":"WebSite","@id":"https:\/\/www.deanreed.de\/AmericanRebel\/ak\/#website","url":"https:\/\/www.deanreed.de\/AmericanRebel\/ak\/","name":"Roter Morgen","description":"Der Weg zur Partei","potentialAction":[{"@type":"SearchAction","target":{"@type":"EntryPoint","urlTemplate":"https:\/\/www.deanreed.de\/AmericanRebel\/ak\/?s={search_term_string}"},"query-input":{"@type":"PropertyValueSpecification","valueRequired":true,"valueName":"search_term_string"}}],"inLanguage":"de"},{"@type":"Person","@id":"https:\/\/www.deanreed.de\/AmericanRebel\/ak\/#\/schema\/person\/1735e67eea57aea7611c691f571924c3","name":"Redaktion","url":"http:\/\/www.deanreed.de\/AmericanRebel\/ak\/author\/redaktion\/"}]}},"_links":{"self":[{"href":"http:\/\/www.deanreed.de\/AmericanRebel\/ak\/wp-json\/wp\/v2\/posts\/3068","targetHints":{"allow":["GET"]}}],"collection":[{"href":"http:\/\/www.deanreed.de\/AmericanRebel\/ak\/wp-json\/wp\/v2\/posts"}],"about":[{"href":"http:\/\/www.deanreed.de\/AmericanRebel\/ak\/wp-json\/wp\/v2\/types\/post"}],"author":[{"embeddable":true,"href":"http:\/\/www.deanreed.de\/AmericanRebel\/ak\/wp-json\/wp\/v2\/users\/4"}],"replies":[{"embeddable":true,"href":"http:\/\/www.deanreed.de\/AmericanRebel\/ak\/wp-json\/wp\/v2\/comments?post=3068"}],"version-history":[{"count":5,"href":"http:\/\/www.deanreed.de\/AmericanRebel\/ak\/wp-json\/wp\/v2\/posts\/3068\/revisions"}],"predecessor-version":[{"id":3073,"href":"http:\/\/www.deanreed.de\/AmericanRebel\/ak\/wp-json\/wp\/v2\/posts\/3068\/revisions\/3073"}],"wp:featuredmedia":[{"embeddable":true,"href":"http:\/\/www.deanreed.de\/AmericanRebel\/ak\/wp-json\/wp\/v2\/media\/2982"}],"wp:attachment":[{"href":"http:\/\/www.deanreed.de\/AmericanRebel\/ak\/wp-json\/wp\/v2\/media?parent=3068"}],"wp:term":[{"taxonomy":"category","embeddable":true,"href":"http:\/\/www.deanreed.de\/AmericanRebel\/ak\/wp-json\/wp\/v2\/categories?post=3068"},{"taxonomy":"post_tag","embeddable":true,"href":"http:\/\/www.deanreed.de\/AmericanRebel\/ak\/wp-json\/wp\/v2\/tags?post=3068"}],"curies":[{"name":"wp","href":"https:\/\/api.w.org\/{rel}","templated":true}]}}