{"id":3025,"date":"2025-02-07T15:52:31","date_gmt":"2025-02-07T14:52:31","guid":{"rendered":"http:\/\/www.deanreed.de\/AmericanRebel\/ak\/?p=3025"},"modified":"2025-02-07T15:52:31","modified_gmt":"2025-02-07T14:52:31","slug":"einige-machenschaften-von-volksfeinden-in-der-periode-des-sich-anbahnenden-dritten-weltkrieges","status":"publish","type":"post","link":"http:\/\/www.deanreed.de\/AmericanRebel\/ak\/einige-machenschaften-von-volksfeinden-in-der-periode-des-sich-anbahnenden-dritten-weltkrieges\/","title":{"rendered":"Einige Machenschaften von Volksfeinden in der Periode des sich anbahnenden dritten Weltkrieges"},"content":{"rendered":"<blockquote>\n<p style=\"text-align: justify;\"><span style=\"font-size: 12pt; font-family: verdana, geneva, sans-serif;\"><span style=\"color: #808080;\"><em><strong>Redaktion \u2013 7. Februar 2025<\/strong><br \/>\n<\/em><\/span><\/span><\/p>\n<\/blockquote>\n<figure id=\"attachment_2077\" aria-describedby=\"caption-attachment-2077\" style=\"width: 100px\" class=\"wp-caption alignleft\"><img loading=\"lazy\" decoding=\"async\" class=\"size-full wp-image-2077\" src=\"http:\/\/www.deanreed.de\/AmericanRebel\/ak\/wp-content\/uploads\/2022\/12\/Heinz_Ahlreip_15_bea.jpg\" alt=\"\" width=\"100\" height=\"150\" \/><figcaption id=\"caption-attachment-2077\" class=\"wp-caption-text\">Heinz Ahlreip<\/figcaption><\/figure>\n<p style=\"text-align: justify;\"><strong><span style=\"font-family: verdana, geneva, sans-serif; font-size: 12pt; color: #000000;\">Im Jahrhundertwechsel vom 19. ins 20., also um 1900, findet in der Entwicklung der in Europa und in den USA vorherrschenden Wirtschaftsform des Kapitalismus, sie in ihrer inneren Substanz, der Ausbeutung menschlicher Arbeitskraft durch unbezahlte Mehrwertaneignung erhalten bleibend, ein Umbruch statt. Der Kapitalismus in aufsteigender Linie mit freier Konkurrenz und Warenexport bricht ab zum Monopolkapitalismus in absteigender Linie zu einer zun\u00e4chst im Inneren immensen Vergesellschaftung der Arbeit und mit dem Schwerpunkt des Kapitalexports nach au\u00dfen f\u00fchrend. Das musste sich im \u00dcberbau widerspiegeln.<\/span><\/strong><\/p>\n<p style=\"text-align: justify;\"><span style=\"font-family: verdana, geneva, sans-serif; font-size: 12pt; color: #000000;\">Es kann kein Zufall sein, dass sich um 1900 in den b\u00fcrgerlichen Zeitungen und Zeitschriften auff\u00e4llig viele Hetzartikel gegen Rousseau als Synonym der klassischen b\u00fcrgerlichen Revolution ab 1789 massieren; am 25. August 1900 stirbt Nietzsche in Weimar in geistiger Umnachtung, umfangreiches, teilweise von seiner zwei Jahre j\u00fcngeren Schwester Elisabeth ausgewertetes Schriftgut zur ideologischen Begr\u00fcndung und Sanktionierung faschistischer barbarischer Herrschaftsformen hinterlassend. Das war die fundamentale Disposition, nachdem sich bereits abgezeichnet hatte, dass das mittlerweile tonangebende Finanzkapital anstelle des Industriekapitals nicht Freiheit intendiert, sondern Herrschaft.<\/span><\/p>\n<p style=\"text-align: justify;\"><span style=\"font-family: verdana, geneva, sans-serif; font-size: 12pt; color: #000000;\">Ohne zu z\u00f6gern, verwirft die imperialistische Bourgeoisie die klassische Vertragstheorie, nach der die V\u00f6lker nicht den Herrschenden geh\u00f6ren, sondern die Herrschenden den V\u00f6lkern, und eilt unter faschistischer Dauerbeschallung, greift zu den Hauptwerken von Nietzsche, in denen zu lesen ist, dass es von Natur aus Herren und Sklaven gibt. Das kennen wir aus den Werken von Aristoteles bereits zur Gen\u00fcge, 350 Jahre vor unserer Zeitrechnung. Ohne zu z\u00f6gern verwirft die barbarische Bourgeoisie Rousseaus Ausgangsgedanken, dass eine Gesellschaft ohne Mitleid mit den Schwachen eine zu verwerfende ist. Ein Mensch der Natur, nicht ein durch Zivilisation entfremdeter, hat Mitleid mit Seinesgleichen, es ist ein br\u00fcderliches Gattungsgef\u00fchl, aus dem heraus die Gleichheit aller Menschen gesellschaftlich grundlegend und bindend wird. Kant hatte noch gesagt: <em>\u201eIch verachtete den P\u00f6bel, der von nichts wei\u00df, Rousseau hat mich zurechtgebracht.\u201c<\/em> Gegen diesen spezifisch fr\u00fchb\u00fcrgerlichen Humanismus trampelt Nietzsche als Anbeter des b\u00fcrgerlichen Militarismus in seinen in der zweiten H\u00e4lfte des 19. Jahrhunderts geschriebenen Hauptwerken wie ein Berserker herum. Der Staat erh\u00e4lt sich durch Krieg und wiederum Krieg. So viel ist wahr daran, dass die Bourgeoisie einer sozialen Revolution durch einen imperialistischen Krieg zuvorkommen muss. Der Imperialismus steht ganz im Zeichen der \u201eKultivierung\u201c und Verherrlichung der Mitleidslosigkeit. Das ist der heutige Zug der Zeit. Der Bourgeoisie kommt in ihrer Kriegsvorbereitung nichts gelegener als eine zunehmende Brutalisierung gesellschaftlicher Beziehungen.<\/span><\/p>\n<p style=\"text-align: justify;\"><span style=\"font-family: verdana, geneva, sans-serif; font-size: 12pt; color: #000000;\">Durch die politisch gef\u00e4rbte Asylantendebatte ist verrutscht, dass der Hauptschauplatz der heutigen faschistischen Barbarei sich nicht an den K\u00fcsten S\u00fcdeuropas ereignet, sondern t\u00e4glich und st\u00fcndlich in den kapitalistischen Produktionsst\u00e4tten, im Milieu, in dem Millionen und Abermillionen lohnabh\u00e4ngige Untermenschen und eine kleine Anzahl von Gesetz und Polizei gesch\u00fctzter kapitalistischer Herrenmenschen aufeinandertreffen. Hier flie\u00dft Blut erst im \u00fcbertragenen Sinn, sp\u00e4terhin in Str\u00f6men auf den Schlachtfeldern imperialistischer Kriege. Es ist vorwiegend Proletarierblut. Nietzsche spricht diesem blutsaugenden Pack aus dem Herzen, wenn er die Befreiung des Menschen durch die Vernichtung der Moral proklamiert. Kein Rousseau kann heute das Imperialistenpack mehr zusammenbringen. Der j\u00fcdische Philosoph Karl L\u00f6with nennt Nietzsche v\u00f6llig zu Recht einen umgekehrten Rousseau. Nietzsche l\u00e4uft Amok gegen 1789, und doch hat der wurzellose und wirrk\u00f6pfige b\u00fcrgerliche Philosoph Max Horkheimer, ein Freund Adornos, von allen guten Geistern verlassen, 1969 gegen\u00fcber der Zeitschrift L\u2019Espresso die Frage aufgeworfen, ob Nietzsche nicht ein gr\u00f6\u00dferer Denker als Karl Marx gewesen sei? Der Mann war Professor f\u00fcr Sozial(!!)Philosophie und f\u00fchrender Kopf der Frankfurter Schule.<\/span><\/p>\n<p style=\"text-align: justify;\"><span style=\"font-family: verdana, geneva, sans-serif; font-size: 12pt; color: #000000;\">Der junge Rousseau macht sich Gedanken um das soziale und politische Gl\u00fcck der Menschheit, dass ein Volk, das sich selbst gut regierte, keine Regierung brauche. Herrschaft ist v\u00f6llig abwesend. Ist das ganze Volk auf dem Marktplatz vollversammelt, dann gibt es keine Herrschaft mehr. Und vor allem: Ein erwachsener Mensch, der anderen erwachsenen Menschen Befehle geben will, muss krank sein. Das sind die \u00dcberlegungen, die den gro\u00dfen Jakobiner Jean Paul Marat dazu veranlassten, dass er w\u00e4hrend der Revolution auf den zentralen Pl\u00e4tzen in Paris Vorleser aus Rousseaus politischem Hauptwerk \u201eDer Gesellschaftsvertrag\u201c von 1762 laut vortragen lie\u00df. Und Nietzsche? <em>\u201eWollt ihr einen Namen f\u00fcr diese Welt? Eine L\u00f6sung f\u00fcr all ihre R\u00e4tsel? \u2026 Diese Welt ist der Wille zur Macht \u2013 und nichts au\u00dferdem. Und auch ihr selbst seid dieser Wille zur Macht \u2013 und nichts au\u00dferdem.\u201c<\/em><sup>1<\/sup> Das ist das Credo Nietzsches. Er hat das Kommende, im Imperialismus Unvermeidbare, ab 1883, ausgerechnet ab dem Todesjahr von Karl Marx, als sei der Humanismus mit ihm gestorben, als \u201eWillen zur Macht\u201c richtig erahnt, als Entstehen des unvermeidbar Bestialischen: Herde, F\u00fchrer-Tier. Es wird eine intelligente, geschickte und gef\u00fcgige Masse von Herdenmenschen entstehen, die darauf wartet, dass ein <em>\u201eF\u00fchrer-Tier\u201c<\/em> sich ihrer bedient. Nietzsche spricht diesen Tabubruch heilig, denn das F\u00fchrer-Tier bedient sich der Massenherde, <em>\u201eum \u00dcbermenschliches zu erreichen\u201c<\/em>. Nun, \u00dcbermenschliches vollbrachte die Rote Armee 1945, um Berlin zu befreien, das weithin untermenschlich in Schutt und Asche lag.<\/span><\/p>\n<p style=\"text-align: justify;\"><span style=\"font-family: verdana, geneva, sans-serif; font-size: 12pt; color: #000000;\">Die Verpestung der Gesellschaft durch das deutsche B\u00fcrgertum hat den Kommunisten Georg Scherer mit tiefgehendem Stachel in der Seele arg verletzt. Er sank im KZ Dachau in der ersten Zeit seines Aufenthaltes jeden Abend weinend auf sein Strohkissen nieder \u2013 nicht ob der Bestialit\u00e4t der SS-Schergen, sondern weil Mith\u00e4ftlinge an Brutalit\u00e4t diesen gleichkamen.<sup>2<\/sup><br \/>\n<\/span><\/p>\n<p style=\"text-align: justify;\"><span style=\"font-family: verdana, geneva, sans-serif; font-size: 12pt; color: #000000;\">Heute begehen ausnahmslos alle kleinb\u00fcrgerlichen und b\u00fcrgerlichen Parteien einen gro\u00dfen Volksbetrug: Auf Wahlkampfveranstaltungen \u00fcberbieten sie sich in Zurufen an die Menge: <em>\u201eIhr seid der Wille zur Macht\u201c<\/em>, w\u00e4hrend sie im Zeitalter des Imperialismus insgeheim einen unabl\u00e4ssigen Krieg gegen die humanistischen Wurzeln ihrer eigenen revolution\u00e4ren Genesis f\u00fchren m\u00fcssen. Legt man an ihrem menschenverachtenden T\u00e4uschungsgebaren die klassische Parole von 1789 an, ihrem Anspruch von Freiheit, Gleichheit und Br\u00fcderlichkeit, so kann man nur von abweichendem, verhaltensauff\u00e4lligem und aktenkundigem Verhalten sprechen. K\u00f6nnte doch Robespierre heute sehen, zu was f\u00fcr einem Aas die Bourgeoisie verkommen ist.<\/span><\/p>\n<p style=\"text-align: justify;\"><span style=\"font-family: verdana, geneva, sans-serif; font-size: 12pt; color: #000000;\">Wer wen? Sieg der Arbeiterklasse, der einzigen Klasse, die heute allein einen Anspruch und ein Durchsetzungsverm\u00f6gen hat zu einer weltgeschichtlichen Tat und Wirkung, oder Sieg der dekadenten, vor sich her faulenden, impotenten Bourgeoisie? Diktatur des Proletariats oder Diktatur der Bourgeoisie?<\/span><\/p>\n<p style=\"text-align: justify;\"><span style=\"font-family: verdana, geneva, sans-serif; font-size: 12pt; color: #000000;\">Nun ist klar, dass unter der ersteren Diktatur alle b\u00fcrgerlichen Parteien als kriminelle Vereinigungen zu liquidieren sind.<\/span><\/p>\n<p style=\"text-align: justify;\"><span style=\"font-size: 12pt; font-family: verdana, geneva, sans-serif; color: #000000;\">Der fortschrittliche Teil der V\u00f6lker hat nach zw\u00f6lf Jahren faschistischer Herrschaft, nach dem Korea-, Vietnam-, Gaza-Krieg usw. die Schnauze voll von Nietzsches \u201eWillen zur Macht\u201c. Tod dem Philosophen der blonden Bestie! Tod dem \u201ePhilosophen des Kapitalismus\u201c, wie ihn Franz Mehring nannte.<sup>3<\/sup><\/span><\/p>\n<p style=\"text-align: justify;\"><span style=\"font-size: 12pt; font-family: verdana, geneva, sans-serif; color: #000000;\">Eine unbedingt zu beachtende Bedeutung kommt heute dem imperialistischen \u201ekulturellen\u201c Sektor im Zuge imperialistischer Weltkriegsvorbereitungen zu. Die Zerst\u00f6rung der Vernunft, eine regelrechte Infantilisierung Erwachsener durch Kitsch und Klamauk, findet heute u. a. massiv durch die Unterhaltungsmedien statt. Ja-Nein-Quizsendungen zerst\u00f6ren das Denken in dialektischen Zusammenh\u00e4ngen. Die Unterhaltungssendungen zerfasern das Leben in eine lange Reihe zerstreuten Daseins, ein spezifischer Nihilismus, ein Nichtig-Werden aller Ideale, eine Ausrichtung des Lebens ohne bestimmtes Ziel \u2013 Hauptsache Konsum \u2013 einhergehend mit der Degradierung der Gesellschaftswissenschaft mit einem Rest emanzipativen, wenn auch nur b\u00fcrgerlich-demokratischen Gehalts. Selbst dieses ist ein Dorn im Auge und anzugreifen.<\/span><\/p>\n<p style=\"text-align: justify;\"><span style=\"font-size: 12pt; font-family: verdana, geneva, sans-serif; color: #000000;\">Menschen mit einem verpfuschten Leben bilden den Sauerteig, aus dem die schmutzigen imperialistischen Armeen hervorquellen. Die Imperialisten haben nur ein Interesse an der Entwicklung technischer und k\u00fcnstlicher Intelligenzen und an einem Kriegskampfmuskeln aufbauenden K\u00f6rperkult. Die schlimmsten Ketten der Lohnsklaven sind die in ihrem Kopf geschmiedeten. Der hohe theoretische Sinn, der einst spezifisch die deutsche Bourgeoisie auszeichnete, ist nicht mehr vorhanden.<\/span><\/p>\n<p style=\"text-align: justify;\"><span style=\"font-size: 12pt; font-family: verdana, geneva, sans-serif; color: #000000;\">\u201eEin Mann, \u00f6konomisch auf dem Bourgeois-Standpunkt, Herr Mayer, Wiener Fabrikant, tat in einer w\u00e4hrend des deutsch-franz\u00f6sischen Kriegs ver\u00f6ffentlichten Brosch\u00fcre treffend dar, dass der gro\u00dfe theoretische Sinn, der als deutsches Erbgut galt, den sog. gebildeten Klassen Deutschlands durchaus abhandengekommen ist, dagegen in seiner Arbeiterklasse neu auflebt.\u201c<sup>4<\/sup><\/span><\/p>\n<p style=\"text-align: justify;\"><span style=\"font-size: 12pt; font-family: verdana, geneva, sans-serif; color: #000000;\">Heute kann nur noch das Proletariat Tr\u00e4ger fortschrittlicher Kultur und \u00dcberwinder des Krieges von oben durch militanten Klassenkampf von unten sein.<\/span><\/p>\n<ol style=\"text-align: justify;\">\n<li style=\"text-align: left;\"><span style=\"font-size: 10pt; font-family: verdana, geneva, sans-serif; color: #000000;\">Vergleiche Hasso Hofmann: <em>Nietzsche<\/em>, <em>in: Klassiker des politischen Denkens<\/em>, Beck Verlag, M\u00fcnchen,1987, Seite 286).<\/span><\/li>\n<li style=\"text-align: left;\"><span style=\"font-family: verdana, geneva, sans-serif; font-size: 10pt; color: #000000;\">(Vergleiche T. Derbent, Der deutsche kommunistische Widerstand 1933\u20131945, Zambon Verlag, Frankfurt am Main, 2011, 186).<\/span><\/li>\n<li style=\"text-align: left;\"><span style=\"font-size: 10pt; font-family: verdana, geneva, sans-serif; color: #000000;\">Vergleiche Franz Mehring: <em>Kapital und Presse<\/em>, Berlin, 1981, in: <em>Aufs\u00e4tze zur Geschichte der Philosophie<\/em>, Frankfurt am Main, 1975, Seite 188).<\/span><\/li>\n<li style=\"text-align: left;\"><span style=\"font-size: 10pt; font-family: verdana, geneva, sans-serif; color: #000000;\">Karl Marx: <em>Das Kapital<\/em>, Nachwort zur zweiten Auflage Werke, Band 23, Dietz Verlag Berlin, 1960, Seite 19).<\/span><\/li>\n<\/ol>\n<p style=\"text-align: justify;\"><span style=\"font-size: 10pt; font-family: verdana, geneva, sans-serif; color: #000000;\"><span style=\"color: #ffffff;\">.<\/span><\/span><br \/>\n<span style=\"font-size: 12pt; font-family: verdana, geneva, sans-serif; color: #000000;\"><span style=\"font-size: 10pt;\">Eine Weiterver\u00f6ffentlichung ist unter den Bedingungen der <a style=\"color: #000000;\" href=\"https:\/\/creativecommons.org\/licenses\/by-nc-sa\/4.0\/deed.de\">Creative Commons 4.0 International Lizenz<\/a> ausdr\u00fccklich erw\u00fcnscht (Weitergabe unter gleichen Bedingungen, nicht kommerziell, mit Nennung der verlinkten Quelle <em>\u201eDerWegzurPartei\u201c<\/em> und des Erscheinungsdatums).<\/span><br \/>\n<\/span><span style=\"font-family: verdana, geneva, sans-serif; font-size: 10pt;\"><span style=\"color: #ffffff;\">.<\/span><br \/>\n<\/span><\/p>\n<p><span style=\"font-family: verdana, geneva, sans-serif; font-size: 14pt;\"><em><strong>Lest die Klassiker und studiert den Marxismus-Leninismus!<\/strong><\/em><\/span><\/p>\n<table>\n<tbody>\n<tr>\n<td><img loading=\"lazy\" decoding=\"async\" class=\"alignnone wp-image-25657\" src=\"https:\/\/rotermorgen.eu\/wp-content\/uploads\/2023\/03\/Untitled-design-5-209x300.png\" alt=\"\" width=\"227\" height=\"326\" \/><\/td>\n<td><a href=\"https:\/\/rotermorgen.eu\/wp-content\/uploads\/2023\/03\/6.png\" target=\"_blank\" rel=\"noopener\"><img loading=\"lazy\" decoding=\"async\" class=\"alignnone wp-image-25674\" src=\"https:\/\/rotermorgen.eu\/wp-content\/uploads\/2023\/03\/2-208x300.png\" alt=\"\" width=\"205\" height=\"296\" \/><\/a><\/td>\n<td><\/td>\n<td><img loading=\"lazy\" decoding=\"async\" class=\"alignnone wp-image-25658\" src=\"https:\/\/rotermorgen.eu\/wp-content\/uploads\/2023\/03\/7-Kopie-208x300.png\" alt=\"\" width=\"228\" height=\"329\" \/><\/td>\n<td><a href=\"https:\/\/rotermorgen.eu\/wp-content\/uploads\/2023\/03\/der.png\" target=\"_blank\" rel=\"noopener\"><img loading=\"lazy\" decoding=\"async\" class=\"alignnone size-medium wp-image-25673\" src=\"https:\/\/rotermorgen.eu\/wp-content\/uploads\/2023\/03\/1-Kopie-208x300.png\" alt=\"\" width=\"208\" height=\"300\" \/><\/a><\/td>\n<\/tr>\n<tr>\n<td style=\"text-align: center;\"><a href=\"https:\/\/www.booklooker.de\/B%C3%BCcher\/Angebote\/verlag=Roter+Morgen-Arbeitsgruppe-%27Der+Weg+zur+Partei%27\" target=\"_blank\" rel=\"noopener\"><span style=\"font-family: verdana, geneva, sans-serif; font-size: 10pt; color: #000000;\">bestellen<\/span><\/a><\/td>\n<td style=\"text-align: center;\"><a href=\"https:\/\/rotermorgen.eu\/wp-content\/uploads\/2022\/10\/Leseprobe_was_wollen.pdf\" target=\"_blank\" rel=\"noopener\"><span style=\"font-family: verdana, geneva, sans-serif;\"><span style=\"font-size: 10pt;\"><span style=\"color: #993300;\">LESEPROBE<\/span><\/span><\/span><\/a><\/td>\n<td style=\"text-align: center;\"><span style=\"color: #ffffff;\">&#8230;.<\/span><\/td>\n<td style=\"text-align: center;\"><a href=\"https:\/\/www.booklooker.de\/B%C3%BCcher\/Angebote\/verlag=Roter+Morgen-Arbeitsgruppe-%27Der+Weg+zur+Partei%27\" target=\"_blank\" rel=\"noopener\"><span style=\"font-family: verdana, geneva, sans-serif; font-size: 10pt; color: #000000;\">bestellen<\/span><\/a><\/td>\n<td style=\"text-align: center;\"><a href=\"https:\/\/rotermorgen.eu\/wp-content\/uploads\/2022\/12\/3Grundsaetze-Kopie.pdf\" target=\"_blank\" rel=\"noopener\"><span style=\"font-family: verdana, geneva, sans-serif; color: #000000;\"><span style=\"font-size: 10pt; color: #993300;\">LESEPROBE<\/span><\/span><\/a><\/td>\n<\/tr>\n<\/tbody>\n<\/table>\n<p style=\"text-align: center;\"><span style=\"font-family: verdana, geneva, sans-serif; font-size: 10pt; color: #000000;\"><span style=\"color: #ffffff;\">.<\/span><\/span><\/p>\n<p style=\"text-align: center;\"><span style=\"font-family: verdana, geneva, sans-serif; font-size: 10pt; color: #000000;\"><span style=\"color: #ffffff;\">.<\/span><br \/>\n<\/span><\/p>\n<p style=\"text-align: center;\"><span style=\"font-family: verdana, geneva, sans-serif; font-size: 10pt;\"><img loading=\"lazy\" decoding=\"async\" class=\" wp-image-23274 aligncenter\" src=\"https:\/\/rotermorgen.eu\/wp-content\/uploads\/2022\/11\/drtz-768x722-1-300x282.png\" alt=\"\" width=\"594\" height=\"558\" \/><span style=\"font-size: 14pt;\"><span style=\"font-size: 12pt;\">Mehr dazu:<\/span> <a href=\"mailto:Info@RoterMorgen.eu\" target=\"_blank\" rel=\"noopener\">Info@RoterMorgen.eu<\/a><\/span><\/span><\/p>\n","protected":false},"excerpt":{"rendered":"<div class=\"mh-excerpt\"><p>Redaktion \u2013 7. Februar 2025 Im Jahrhundertwechsel vom 19. ins 20., also um 1900, findet in der Entwicklung der in Europa und in den USA <a class=\"mh-excerpt-more\" href=\"http:\/\/www.deanreed.de\/AmericanRebel\/ak\/einige-machenschaften-von-volksfeinden-in-der-periode-des-sich-anbahnenden-dritten-weltkrieges\/\" title=\"Einige Machenschaften von Volksfeinden in der Periode des sich anbahnenden dritten Weltkrieges\">[&#8230;]<\/a><\/p>\n<\/div>","protected":false},"author":4,"featured_media":3026,"comment_status":"open","ping_status":"open","sticky":false,"template":"","format":"standard","meta":{"footnotes":""},"categories":[1],"tags":[625,581,626,579,551,552,627,571,585,576,533,369],"class_list":["post-3025","post","type-post","status-publish","format-standard","has-post-thumbnail","hentry","category-allgemein","tag-geschichtsluegen","tag-israel","tag-katyn","tag-palestine","tag-roter_morgen","tag-rotermorgen","tag-russland","tag-stalin","tag-syrien","tag-zionismus","tag-ahlreip","tag-krieg"],"yoast_head":"<!-- This site is optimized with the Yoast SEO plugin v26.2 - https:\/\/yoast.com\/wordpress\/plugins\/seo\/ -->\n<title>Einige Machenschaften von Volksfeinden in der Periode des sich anbahnenden dritten Weltkrieges - Roter Morgen<\/title>\n<meta name=\"robots\" content=\"index, follow, max-snippet:-1, max-image-preview:large, max-video-preview:-1\" \/>\n<link rel=\"canonical\" href=\"https:\/\/www.deanreed.de\/AmericanRebel\/ak\/einige-machenschaften-von-volksfeinden-in-der-periode-des-sich-anbahnenden-dritten-weltkrieges\/\" \/>\n<meta property=\"og:locale\" content=\"de_DE\" \/>\n<meta property=\"og:type\" content=\"article\" \/>\n<meta property=\"og:title\" content=\"Einige Machenschaften von Volksfeinden in der Periode des sich anbahnenden dritten Weltkrieges - Roter Morgen\" \/>\n<meta property=\"og:description\" content=\"Redaktion \u2013 7. Februar 2025 Im Jahrhundertwechsel vom 19. ins 20., also um 1900, findet in der Entwicklung der in Europa und in den USA [...]\" \/>\n<meta property=\"og:url\" content=\"https:\/\/www.deanreed.de\/AmericanRebel\/ak\/einige-machenschaften-von-volksfeinden-in-der-periode-des-sich-anbahnenden-dritten-weltkrieges\/\" \/>\n<meta property=\"og:site_name\" content=\"Roter Morgen\" \/>\n<meta property=\"article:published_time\" content=\"2025-02-07T14:52:31+00:00\" \/>\n<meta property=\"og:image\" content=\"https:\/\/www.deanreed.de\/AmericanRebel\/ak\/wp-content\/uploads\/2025\/02\/frrr.jpg\" \/>\n\t<meta property=\"og:image:width\" content=\"640\" \/>\n\t<meta property=\"og:image:height\" content=\"460\" \/>\n\t<meta property=\"og:image:type\" content=\"image\/jpeg\" \/>\n<meta name=\"author\" content=\"Redaktion\" \/>\n<meta name=\"twitter:card\" content=\"summary_large_image\" \/>\n<meta name=\"twitter:label1\" content=\"Verfasst von\" \/>\n\t<meta name=\"twitter:data1\" content=\"Redaktion\" \/>\n\t<meta name=\"twitter:label2\" content=\"Gesch\u00e4tzte Lesezeit\" \/>\n\t<meta name=\"twitter:data2\" content=\"9\u00a0Minuten\" \/>\n<script type=\"application\/ld+json\" class=\"yoast-schema-graph\">{\"@context\":\"https:\/\/schema.org\",\"@graph\":[{\"@type\":\"WebPage\",\"@id\":\"https:\/\/www.deanreed.de\/AmericanRebel\/ak\/einige-machenschaften-von-volksfeinden-in-der-periode-des-sich-anbahnenden-dritten-weltkrieges\/\",\"url\":\"https:\/\/www.deanreed.de\/AmericanRebel\/ak\/einige-machenschaften-von-volksfeinden-in-der-periode-des-sich-anbahnenden-dritten-weltkrieges\/\",\"name\":\"Einige Machenschaften von Volksfeinden in der Periode des sich anbahnenden dritten Weltkrieges - Roter Morgen\",\"isPartOf\":{\"@id\":\"https:\/\/www.deanreed.de\/AmericanRebel\/ak\/#website\"},\"primaryImageOfPage\":{\"@id\":\"https:\/\/www.deanreed.de\/AmericanRebel\/ak\/einige-machenschaften-von-volksfeinden-in-der-periode-des-sich-anbahnenden-dritten-weltkrieges\/#primaryimage\"},\"image\":{\"@id\":\"https:\/\/www.deanreed.de\/AmericanRebel\/ak\/einige-machenschaften-von-volksfeinden-in-der-periode-des-sich-anbahnenden-dritten-weltkrieges\/#primaryimage\"},\"thumbnailUrl\":\"http:\/\/www.deanreed.de\/AmericanRebel\/ak\/wp-content\/uploads\/2025\/02\/frrr.jpg\",\"datePublished\":\"2025-02-07T14:52:31+00:00\",\"author\":{\"@id\":\"https:\/\/www.deanreed.de\/AmericanRebel\/ak\/#\/schema\/person\/1735e67eea57aea7611c691f571924c3\"},\"breadcrumb\":{\"@id\":\"https:\/\/www.deanreed.de\/AmericanRebel\/ak\/einige-machenschaften-von-volksfeinden-in-der-periode-des-sich-anbahnenden-dritten-weltkrieges\/#breadcrumb\"},\"inLanguage\":\"de\",\"potentialAction\":[{\"@type\":\"ReadAction\",\"target\":[\"https:\/\/www.deanreed.de\/AmericanRebel\/ak\/einige-machenschaften-von-volksfeinden-in-der-periode-des-sich-anbahnenden-dritten-weltkrieges\/\"]}]},{\"@type\":\"ImageObject\",\"inLanguage\":\"de\",\"@id\":\"https:\/\/www.deanreed.de\/AmericanRebel\/ak\/einige-machenschaften-von-volksfeinden-in-der-periode-des-sich-anbahnenden-dritten-weltkrieges\/#primaryimage\",\"url\":\"http:\/\/www.deanreed.de\/AmericanRebel\/ak\/wp-content\/uploads\/2025\/02\/frrr.jpg\",\"contentUrl\":\"http:\/\/www.deanreed.de\/AmericanRebel\/ak\/wp-content\/uploads\/2025\/02\/frrr.jpg\",\"width\":640,\"height\":460,\"caption\":\"Diese Karikatur aus dem Jahr 1848 tr\u00e4gt den Titel \u201eZwischen mir und mein Volk soll sich kein Blatt Papier dr\u00e4ngen\u201c, ein Zitat K\u00f6nig Friedrich Wilhelms IV. aus seiner Er\u00f6ffnungsrede zum ersten Vereinigten Landtag in Preu\u00dfen. Dort hatte er deutlich gemacht, dass er nicht beabsichtigte, seine durch das Gottesgnadentum legitimierte Herrschaft durch ein \u201eBlatt Papier\u201c, n\u00e4mlich eine Verfassung, schm\u00e4lern zu lassen. | \u201eSatyrische Zeitbilder No. 28 bei B.S. Berendsohn in Hamburg\u201d, Lithografie, koloriert, 1848. | Quelle: bpk\"},{\"@type\":\"BreadcrumbList\",\"@id\":\"https:\/\/www.deanreed.de\/AmericanRebel\/ak\/einige-machenschaften-von-volksfeinden-in-der-periode-des-sich-anbahnenden-dritten-weltkrieges\/#breadcrumb\",\"itemListElement\":[{\"@type\":\"ListItem\",\"position\":1,\"name\":\"Startseite\",\"item\":\"https:\/\/www.deanreed.de\/AmericanRebel\/ak\/\"},{\"@type\":\"ListItem\",\"position\":2,\"name\":\"Einige Machenschaften von Volksfeinden in der Periode des sich anbahnenden dritten Weltkrieges\"}]},{\"@type\":\"WebSite\",\"@id\":\"https:\/\/www.deanreed.de\/AmericanRebel\/ak\/#website\",\"url\":\"https:\/\/www.deanreed.de\/AmericanRebel\/ak\/\",\"name\":\"Roter Morgen\",\"description\":\"Der Weg zur Partei\",\"potentialAction\":[{\"@type\":\"SearchAction\",\"target\":{\"@type\":\"EntryPoint\",\"urlTemplate\":\"https:\/\/www.deanreed.de\/AmericanRebel\/ak\/?s={search_term_string}\"},\"query-input\":{\"@type\":\"PropertyValueSpecification\",\"valueRequired\":true,\"valueName\":\"search_term_string\"}}],\"inLanguage\":\"de\"},{\"@type\":\"Person\",\"@id\":\"https:\/\/www.deanreed.de\/AmericanRebel\/ak\/#\/schema\/person\/1735e67eea57aea7611c691f571924c3\",\"name\":\"Redaktion\",\"url\":\"http:\/\/www.deanreed.de\/AmericanRebel\/ak\/author\/redaktion\/\"}]}<\/script>\n<!-- \/ Yoast SEO plugin. -->","yoast_head_json":{"title":"Einige Machenschaften von Volksfeinden in der Periode des sich anbahnenden dritten Weltkrieges - Roter Morgen","robots":{"index":"index","follow":"follow","max-snippet":"max-snippet:-1","max-image-preview":"max-image-preview:large","max-video-preview":"max-video-preview:-1"},"canonical":"https:\/\/www.deanreed.de\/AmericanRebel\/ak\/einige-machenschaften-von-volksfeinden-in-der-periode-des-sich-anbahnenden-dritten-weltkrieges\/","og_locale":"de_DE","og_type":"article","og_title":"Einige Machenschaften von Volksfeinden in der Periode des sich anbahnenden dritten Weltkrieges - Roter Morgen","og_description":"Redaktion \u2013 7. Februar 2025 Im Jahrhundertwechsel vom 19. ins 20., also um 1900, findet in der Entwicklung der in Europa und in den USA [...]","og_url":"https:\/\/www.deanreed.de\/AmericanRebel\/ak\/einige-machenschaften-von-volksfeinden-in-der-periode-des-sich-anbahnenden-dritten-weltkrieges\/","og_site_name":"Roter Morgen","article_published_time":"2025-02-07T14:52:31+00:00","og_image":[{"width":640,"height":460,"url":"https:\/\/www.deanreed.de\/AmericanRebel\/ak\/wp-content\/uploads\/2025\/02\/frrr.jpg","type":"image\/jpeg"}],"author":"Redaktion","twitter_card":"summary_large_image","twitter_misc":{"Verfasst von":"Redaktion","Gesch\u00e4tzte Lesezeit":"9\u00a0Minuten"},"schema":{"@context":"https:\/\/schema.org","@graph":[{"@type":"WebPage","@id":"https:\/\/www.deanreed.de\/AmericanRebel\/ak\/einige-machenschaften-von-volksfeinden-in-der-periode-des-sich-anbahnenden-dritten-weltkrieges\/","url":"https:\/\/www.deanreed.de\/AmericanRebel\/ak\/einige-machenschaften-von-volksfeinden-in-der-periode-des-sich-anbahnenden-dritten-weltkrieges\/","name":"Einige Machenschaften von Volksfeinden in der Periode des sich anbahnenden dritten Weltkrieges - Roter Morgen","isPartOf":{"@id":"https:\/\/www.deanreed.de\/AmericanRebel\/ak\/#website"},"primaryImageOfPage":{"@id":"https:\/\/www.deanreed.de\/AmericanRebel\/ak\/einige-machenschaften-von-volksfeinden-in-der-periode-des-sich-anbahnenden-dritten-weltkrieges\/#primaryimage"},"image":{"@id":"https:\/\/www.deanreed.de\/AmericanRebel\/ak\/einige-machenschaften-von-volksfeinden-in-der-periode-des-sich-anbahnenden-dritten-weltkrieges\/#primaryimage"},"thumbnailUrl":"http:\/\/www.deanreed.de\/AmericanRebel\/ak\/wp-content\/uploads\/2025\/02\/frrr.jpg","datePublished":"2025-02-07T14:52:31+00:00","author":{"@id":"https:\/\/www.deanreed.de\/AmericanRebel\/ak\/#\/schema\/person\/1735e67eea57aea7611c691f571924c3"},"breadcrumb":{"@id":"https:\/\/www.deanreed.de\/AmericanRebel\/ak\/einige-machenschaften-von-volksfeinden-in-der-periode-des-sich-anbahnenden-dritten-weltkrieges\/#breadcrumb"},"inLanguage":"de","potentialAction":[{"@type":"ReadAction","target":["https:\/\/www.deanreed.de\/AmericanRebel\/ak\/einige-machenschaften-von-volksfeinden-in-der-periode-des-sich-anbahnenden-dritten-weltkrieges\/"]}]},{"@type":"ImageObject","inLanguage":"de","@id":"https:\/\/www.deanreed.de\/AmericanRebel\/ak\/einige-machenschaften-von-volksfeinden-in-der-periode-des-sich-anbahnenden-dritten-weltkrieges\/#primaryimage","url":"http:\/\/www.deanreed.de\/AmericanRebel\/ak\/wp-content\/uploads\/2025\/02\/frrr.jpg","contentUrl":"http:\/\/www.deanreed.de\/AmericanRebel\/ak\/wp-content\/uploads\/2025\/02\/frrr.jpg","width":640,"height":460,"caption":"Diese Karikatur aus dem Jahr 1848 tr\u00e4gt den Titel \u201eZwischen mir und mein Volk soll sich kein Blatt Papier dr\u00e4ngen\u201c, ein Zitat K\u00f6nig Friedrich Wilhelms IV. aus seiner Er\u00f6ffnungsrede zum ersten Vereinigten Landtag in Preu\u00dfen. Dort hatte er deutlich gemacht, dass er nicht beabsichtigte, seine durch das Gottesgnadentum legitimierte Herrschaft durch ein \u201eBlatt Papier\u201c, n\u00e4mlich eine Verfassung, schm\u00e4lern zu lassen. | \u201eSatyrische Zeitbilder No. 28 bei B.S. Berendsohn in Hamburg\u201d, Lithografie, koloriert, 1848. | Quelle: bpk"},{"@type":"BreadcrumbList","@id":"https:\/\/www.deanreed.de\/AmericanRebel\/ak\/einige-machenschaften-von-volksfeinden-in-der-periode-des-sich-anbahnenden-dritten-weltkrieges\/#breadcrumb","itemListElement":[{"@type":"ListItem","position":1,"name":"Startseite","item":"https:\/\/www.deanreed.de\/AmericanRebel\/ak\/"},{"@type":"ListItem","position":2,"name":"Einige Machenschaften von Volksfeinden in der Periode des sich anbahnenden dritten Weltkrieges"}]},{"@type":"WebSite","@id":"https:\/\/www.deanreed.de\/AmericanRebel\/ak\/#website","url":"https:\/\/www.deanreed.de\/AmericanRebel\/ak\/","name":"Roter Morgen","description":"Der Weg zur Partei","potentialAction":[{"@type":"SearchAction","target":{"@type":"EntryPoint","urlTemplate":"https:\/\/www.deanreed.de\/AmericanRebel\/ak\/?s={search_term_string}"},"query-input":{"@type":"PropertyValueSpecification","valueRequired":true,"valueName":"search_term_string"}}],"inLanguage":"de"},{"@type":"Person","@id":"https:\/\/www.deanreed.de\/AmericanRebel\/ak\/#\/schema\/person\/1735e67eea57aea7611c691f571924c3","name":"Redaktion","url":"http:\/\/www.deanreed.de\/AmericanRebel\/ak\/author\/redaktion\/"}]}},"_links":{"self":[{"href":"http:\/\/www.deanreed.de\/AmericanRebel\/ak\/wp-json\/wp\/v2\/posts\/3025","targetHints":{"allow":["GET"]}}],"collection":[{"href":"http:\/\/www.deanreed.de\/AmericanRebel\/ak\/wp-json\/wp\/v2\/posts"}],"about":[{"href":"http:\/\/www.deanreed.de\/AmericanRebel\/ak\/wp-json\/wp\/v2\/types\/post"}],"author":[{"embeddable":true,"href":"http:\/\/www.deanreed.de\/AmericanRebel\/ak\/wp-json\/wp\/v2\/users\/4"}],"replies":[{"embeddable":true,"href":"http:\/\/www.deanreed.de\/AmericanRebel\/ak\/wp-json\/wp\/v2\/comments?post=3025"}],"version-history":[{"count":3,"href":"http:\/\/www.deanreed.de\/AmericanRebel\/ak\/wp-json\/wp\/v2\/posts\/3025\/revisions"}],"predecessor-version":[{"id":3029,"href":"http:\/\/www.deanreed.de\/AmericanRebel\/ak\/wp-json\/wp\/v2\/posts\/3025\/revisions\/3029"}],"wp:featuredmedia":[{"embeddable":true,"href":"http:\/\/www.deanreed.de\/AmericanRebel\/ak\/wp-json\/wp\/v2\/media\/3026"}],"wp:attachment":[{"href":"http:\/\/www.deanreed.de\/AmericanRebel\/ak\/wp-json\/wp\/v2\/media?parent=3025"}],"wp:term":[{"taxonomy":"category","embeddable":true,"href":"http:\/\/www.deanreed.de\/AmericanRebel\/ak\/wp-json\/wp\/v2\/categories?post=3025"},{"taxonomy":"post_tag","embeddable":true,"href":"http:\/\/www.deanreed.de\/AmericanRebel\/ak\/wp-json\/wp\/v2\/tags?post=3025"}],"curies":[{"name":"wp","href":"https:\/\/api.w.org\/{rel}","templated":true}]}}