{"id":2395,"date":"2023-07-25T15:08:50","date_gmt":"2023-07-25T13:08:50","guid":{"rendered":"http:\/\/www.deanreed.de\/AmericanRebel\/ak\/?p=2395"},"modified":"2023-07-23T15:45:50","modified_gmt":"2023-07-23T13:45:50","slug":"buergerlich-formale-nivellierung-und-proletarische-polarisierung-des-klassenkampfes","status":"publish","type":"post","link":"http:\/\/www.deanreed.de\/AmericanRebel\/ak\/buergerlich-formale-nivellierung-und-proletarische-polarisierung-des-klassenkampfes\/","title":{"rendered":"B\u00fcrgerlich-formale Nivellierung und proletarische Polarisierung des Klassenkampfes"},"content":{"rendered":"<blockquote><p><span style=\"font-size: 12pt; font-family: verdana, geneva, sans-serif;\"><span style=\"color: #808080;\"><em>Heinz Ahlreip &#8211; 25.Juli 2023<\/em><\/span><\/span><\/p><\/blockquote>\n<figure id=\"attachment_2334\" aria-describedby=\"caption-attachment-2334\" style=\"width: 100px\" class=\"wp-caption alignleft\"><img loading=\"lazy\" decoding=\"async\" class=\" wp-image-2334\" src=\"http:\/\/www.deanreed.de\/AmericanRebel\/ak\/wp-content\/uploads\/2023\/05\/Heinz-Ahlreip-2-216x300-1.png\" alt=\"\" width=\"100\" height=\"139\" \/><figcaption id=\"caption-attachment-2334\" class=\"wp-caption-text\">Heinz Ahlreip<\/figcaption><\/figure>\n<p style=\"text-align: justify;\"><span style=\"font-size: 12pt; font-family: verdana, geneva, sans-serif;\"><strong>Das revolution\u00e4re Proletariat brachte 1917 in Russland bekanntlich die b\u00fcrgerlich &#8211; demokratische Revolution vom Februar bis an ihr Ende, bis zum Sprung in die proletarisch-b\u00e4uerliche im Oktober. Es trieb \u00fcber menschewistische Halbheiten und parlamentarisch verseuchte Sowjets in der Phase der Doppelherrschaft hinaus. Quantitativ ist die Emanzipation der arbeitenden Klasse zum ersten Mal in der Geschichte die Revolution der Mehrheit, wie es schon 1871 in Paris der Fall war.<\/strong><br \/>\n<\/span><\/p>\n<p style=\"text-align: justify;\"><span style=\"font-size: 12pt; font-family: verdana, geneva, sans-serif;\">Die Mehrheit genie\u00dft immer einen Sonderstatus wie das Proletariat einen volumin\u00f6sen in der b\u00fcrgerlichen Gesellschaft hat. Der Marxismus-Leninismus nivelliert nicht wie die Ideologen der b\u00fcrgerlichen Aufkl\u00e4rung und der Jakobiner, alle Menschen seien gleich in der b\u00fcrgerlichen Gesellschaft, in der kapitalistischen Gesellschaft ganz offensichtlich eine falsche Widerspiegelung der gesellschaftlichen Wirklichkeit, sondern arbeitet immer den <em>Sonderstatus <\/em>des Proletariats heraus, auch im Manifest, trotz des Satzes, die Kommunisten h\u00e4tten keine vom Proletariat getrennten Interessen (Vergleiche Karl Marx, Friedrich Engels: Manifest der Kommunistischen Partei, Werke, Band 4, Dietz Verlag Berlin, 1960, Seite 474). Je gr\u00f6\u00dfer der Widerspruch zwischen Proletariat und Bourgeoisie wird, und er kann elementar nur gr\u00f6\u00dfer werden, desto mehr maskiert sich die b\u00fcrgerliche Verfassung als eine allgemeine, als eine f\u00fcr alle, also ein weiterer Widerspruch. Herrscht eine Minderheit, muss das Elementare ausgeschlossen bleiben. Das Wort \u2018Ausbeuter\u2018, gar \u2018Schmarotzertier\u2018 \u2013 ein Ausdruck von Engels &#8211; kommt in b\u00fcrgerlichen Verfassungen nicht vor, wohl aber in der von Lenin verfassten \u2018Deklaration der Rechte des werkt\u00e4tigen und ausgebeuteten Volkes\u2018, die den heutigen Linken unbekannt zu sein scheint. Der b\u00fcrgerlich-formalen Nivellierung steht die marxistische Betonung der Polarisierung gegen\u00fcber, in der die Nivellierung nicht formal liegt, sondern sich explosiv erst ergibt, denn in der Wirklichkeit der b\u00fcrgerlichen Gesellschaft weisen formaljuristische Gleichheit und soziale Ungleichheit auseinander. Die Jakobiner nivellieren und blenden damit bei bestehender und sich auswachsender sozialer Ungleichheit soziale Gegens\u00e4tze untertauchend, die Marxisten kehren diese in das Licht des Tages bis in ihre Extremen heraus als den noch erst kommenden nivellierenden Klassenkampf erst provozierend. In der b\u00fcrgerlichen Gesellschaft herrscht die Vergangenheit mit dem bereits erreichten Gleichheitsgl\u00fcck, dem Tag der Ver\u00f6ffentlichung der Verfassung, \u00fcber die Gegenwart. Die Bourgeoise spricht alle B\u00fcrger der b\u00fcrgerlichen Gesellschaft als gleichberechtigte aus und setzt auf das Verfangen dieser Indoktrination, die ihr die Minderheitsherrschaft sichert. Wir m\u00fcssen nur den Bruch in der sozialen Realit\u00e4t deutlich herausarbeiten, um den unterdr\u00fcckten Massen zu beweisen, dass das b\u00fcrgerliche Wahlrecht nicht mehr sein kann als ein Gradmesser der Reife des Proletariats. Mit allen Wassern des Volksbetrugs gewaschene b\u00fcrgerliche Ideologen haben zur Absicherung b\u00fcrgerlicher Minderheitsregierungen wahre, dickleibige \u00a0Meisterwerke der politischen Theorie geschrieben.\u00a0 1001 W\u00fcrfelverdrehungen werden aufgeboten um die Eintrittskarte zum Tanz um das goldene Kalb zu bekommen.\u00a0 <\/span><\/p>\n<p style=\"text-align: justify;\"><span style=\"font-size: 12pt; font-family: verdana, geneva, sans-serif;\">Nach der Oktoberrevolution und gegen diese trat Kautsky als Leveller auf, der Ansatz Lenins in seiner Polemik gegen den Renegaten ist 1918 ein polarisierender gem\u00e4\u00df dem Manifest (\u201czwei gro\u00dfe feindliche Lager\u201c): \u201cKann es eine Gleichheit zwischen dem Ausgebeuteten und dem Ausbeuter geben? Es ist ungeheuerlich, es ist unglaublich, da\u00df man bei der Besprechung eines Buches des ideologischen F\u00fchrers der II. Internationale eine solche Frage stellen muss (Lenin, Die proletarische Revolution und der Renegat Kautsky, Werke, Band 28, Dietz Verlag Berlin, 1960, Seite 248). Kautsky versteckt die Minderheit der Blutsauger hinter der Mehrheit des arbeitenden Volkes und will die Ausbeuter vor der Bestrafung durch die Volksjustiz sch\u00fctzen. <\/span><\/p>\n<figure id=\"attachment_2398\" aria-describedby=\"caption-attachment-2398\" style=\"width: 345px\" class=\"wp-caption alignright\"><img loading=\"lazy\" decoding=\"async\" class=\" wp-image-2398\" src=\"http:\/\/www.deanreed.de\/AmericanRebel\/ak\/wp-content\/uploads\/2023\/07\/r565-300x211.jpg\" alt=\"\" width=\"345\" height=\"243\" srcset=\"http:\/\/www.deanreed.de\/AmericanRebel\/ak\/wp-content\/uploads\/2023\/07\/r565-300x211.jpg 300w, http:\/\/www.deanreed.de\/AmericanRebel\/ak\/wp-content\/uploads\/2023\/07\/r565-1024x719.jpg 1024w, http:\/\/www.deanreed.de\/AmericanRebel\/ak\/wp-content\/uploads\/2023\/07\/r565-768x540.jpg 768w, http:\/\/www.deanreed.de\/AmericanRebel\/ak\/wp-content\/uploads\/2023\/07\/r565.jpg 1200w\" sizes=\"auto, (max-width: 345px) 100vw, 345px\" \/><figcaption id=\"caption-attachment-2398\" class=\"wp-caption-text\">Robespierre Monument in Moskau | Bild: Nationalarchiv F<\/figcaption><\/figure>\n<p style=\"text-align: justify;\"><span style=\"font-size: 12pt; font-family: verdana, geneva, sans-serif;\">Wir sind historisch noch nicht fertig mit dem Satz Robespierres: \u2018Die Feinde des Volkes bestrafen ist Gnade, ihnen verzeihen Barbarei\u2018. Als es im Konvent um die Frage des K\u00f6pfens Ludwig XVI. ging, begr\u00fcndete Robespierre sein Todesurteil mit dem Satz: \u201cDa ich Mitleid mit den Unterdr\u00fcckten habe, kann ich kein Mitleid mit den Unterdr\u00fcckern haben\u201c. Er war wie Marat einer der ganz wenigen Jakobiner, die das Heraufkommen einer neuen Geldaristokratie vorhersah, der Napoleon dann Narrenfreiheit gew\u00e4hrte. Dieser war Robespierre gef\u00e4hrlich schon allein durch seine Anweisung an die linken Jakobiner, dass es keinen Vertrag, keinen Waffenstillstand geben d\u00fcrfe mit Personen, die es nur auf die Auspl\u00fcnderung des Volkes abgesehen haben. Die Jakobiner bildeten einen politischen Club von politischen Einzelk\u00e4mpfern, die mit ihrer Nivellierung zur Gleichheit scheiterten. Gleichwohl wurde nach der Oktoberrevolution am dritten November 1918 in Moskau ein Denkmal f\u00fcr Robespierre errichtet. Und auch in Deutschland sollte nach seiner Oktoberrevolution ein Denkmal f\u00fcr Robespierre errichtet werden. Alles, was noch irgendwie an den heuchlerischen Volksfeind Willy Brandt erinnert, sollte entfernt werden und durch Erinnerungen an den gro\u00dfen Volksfreund Robespierre ersetzt werden.<br \/>\n<\/span><span style=\"font-family: verdana, geneva, sans-serif; font-size: 10pt; color: #ffffff;\">.<\/span><br \/>\n<span style=\"font-family: verdana, geneva, sans-serif; font-size: 10pt; background-color: #e3e3e3;\">Eine Weiterver\u00f6ffentlichung des Textes ist gem\u00e4\u00df einer <a style=\"color: #000000; background-color: #e3e3e3;\" href=\"https:\/\/creativecommons.org\/licenses\/by-nc-sa\/4.0\/deed.de\">Creative Commons 4.0 International Lizenz<\/a> ausdr\u00fccklich erw\u00fcnscht. (Unter gleichen Bedingungen: unkommerziell, Nennung der <a style=\"color: #000000; background-color: #e3e3e3;\" href=\"http:\/\/derwegzurpartei.de\/\">verlinkten Quelle<\/a> (\u00bbDer Weg zur Partei\u00ab) mit Erscheinungsdatum).<br \/>\n<\/span><span style=\"color: #ffffff;\">.<\/span><\/p>\n<p style=\"text-align: center;\"><span style=\"font-size: 14pt; font-family: verdana, geneva, sans-serif;\"><em><strong>Lest die Klassiker und studiert den Marxismus-Leninismus!<\/strong><\/em><\/span><\/p>\n<table>\n<tbody>\n<tr>\n<td><img loading=\"lazy\" decoding=\"async\" class=\"alignnone wp-image-25657\" src=\"https:\/\/rotermorgen.eu\/wp-content\/uploads\/2023\/03\/Untitled-design-5-209x300.png\" alt=\"\" width=\"227\" height=\"326\" \/><\/td>\n<td><a href=\"https:\/\/rotermorgen.eu\/wp-content\/uploads\/2023\/03\/6.png\" target=\"_blank\" rel=\"noopener\"><img loading=\"lazy\" decoding=\"async\" class=\"alignnone wp-image-25674\" src=\"https:\/\/rotermorgen.eu\/wp-content\/uploads\/2023\/03\/2-208x300.png\" alt=\"\" width=\"205\" height=\"296\" \/><\/a><\/td>\n<td><\/td>\n<td><img loading=\"lazy\" decoding=\"async\" class=\"alignnone wp-image-25658\" src=\"https:\/\/rotermorgen.eu\/wp-content\/uploads\/2023\/03\/7-Kopie-208x300.png\" alt=\"\" width=\"228\" height=\"329\" \/><\/td>\n<td><a href=\"https:\/\/rotermorgen.eu\/wp-content\/uploads\/2023\/03\/der.png\" target=\"_blank\" rel=\"noopener\"><img loading=\"lazy\" decoding=\"async\" class=\"alignnone size-medium wp-image-25673\" src=\"https:\/\/rotermorgen.eu\/wp-content\/uploads\/2023\/03\/1-Kopie-208x300.png\" alt=\"\" width=\"208\" height=\"300\" \/><\/a><\/td>\n<\/tr>\n<tr>\n<td style=\"text-align: center;\"><a href=\"https:\/\/www.booklooker.de\/B%C3%BCcher\/Angebote\/verlag=Roter+Morgen-Arbeitsgruppe-%27Der+Weg+zur+Partei%27\" target=\"_blank\" rel=\"noopener\"><span style=\"font-family: verdana, geneva, sans-serif; font-size: 10pt; color: #000000;\">bestellen<\/span><\/a><\/td>\n<td style=\"text-align: center;\"><a href=\"https:\/\/rotermorgen.eu\/wp-content\/uploads\/2022\/10\/Leseprobe_was_wollen.pdf\" target=\"_blank\" rel=\"noopener\"><span style=\"font-family: verdana, geneva, sans-serif;\"><span style=\"font-size: 10pt;\"><span style=\"color: #993300;\">LESEPROBE<\/span><\/span><\/span><\/a><\/td>\n<td style=\"text-align: center;\"><span style=\"color: #ffffff;\">&#8230;.<\/span><\/td>\n<td style=\"text-align: center;\"><a href=\"https:\/\/www.booklooker.de\/B%C3%BCcher\/Angebote\/verlag=Roter+Morgen-Arbeitsgruppe-%27Der+Weg+zur+Partei%27\" target=\"_blank\" rel=\"noopener\"><span style=\"font-family: verdana, geneva, sans-serif; font-size: 10pt; color: #000000;\">bestellen<\/span><\/a><\/td>\n<td style=\"text-align: center;\"><a href=\"https:\/\/rotermorgen.eu\/wp-content\/uploads\/2022\/12\/3Grundsaetze-Kopie.pdf\" target=\"_blank\" rel=\"noopener\"><span style=\"font-family: verdana, geneva, sans-serif; color: #000000;\"><span style=\"font-size: 10pt; color: #993300;\">LESEPROBE<\/span><\/span><\/a><\/td>\n<\/tr>\n<\/tbody>\n<\/table>\n<p style=\"text-align: center;\"><span style=\"font-family: verdana, geneva, sans-serif; font-size: 10pt; color: #000000;\"><span style=\"color: #ffffff;\">.<\/span><\/span><\/p>\n<p style=\"text-align: center;\"><span style=\"font-family: verdana, geneva, sans-serif; font-size: 10pt; color: #000000;\"><span style=\"color: #ffffff;\">.<\/span><br \/>\n<\/span><\/p>\n<p style=\"text-align: center;\"><span style=\"font-family: verdana, geneva, sans-serif; font-size: 10pt;\"><img loading=\"lazy\" decoding=\"async\" class=\" wp-image-23274 aligncenter\" src=\"https:\/\/rotermorgen.eu\/wp-content\/uploads\/2022\/11\/drtz-768x722-1-300x282.png\" alt=\"\" width=\"594\" height=\"558\" \/><span style=\"font-size: 14pt;\"><span style=\"font-size: 12pt;\">Mehr dazu:<\/span> <a href=\"mailto:Info@RoterMorgen.eu\" target=\"_blank\" rel=\"noopener\">Info@RoterMorgen.eu<\/a><\/span><\/span><\/p>\n","protected":false},"excerpt":{"rendered":"<div class=\"mh-excerpt\"><p>Heinz Ahlreip &#8211; 25.Juli 2023 Das revolution\u00e4re Proletariat brachte 1917 in Russland bekanntlich die b\u00fcrgerlich &#8211; demokratische Revolution vom Februar bis an ihr Ende, bis <a class=\"mh-excerpt-more\" href=\"http:\/\/www.deanreed.de\/AmericanRebel\/ak\/buergerlich-formale-nivellierung-und-proletarische-polarisierung-des-klassenkampfes\/\" title=\"B\u00fcrgerlich-formale Nivellierung und proletarische Polarisierung des Klassenkampfes\">[&#8230;]<\/a><\/p>\n<\/div>","protected":false},"author":4,"featured_media":2397,"comment_status":"open","ping_status":"open","sticky":false,"template":"","format":"standard","meta":{"footnotes":""},"categories":[1],"tags":[62,471,482,472,536,478,527,528,473,485,483,481,477,476,369,479,99,484,537,538,480,539,474],"class_list":["post-2395","post","type-post","status-publish","format-standard","has-post-thumbnail","hentry","category-allgemein","tag-americanrebel","tag-arbeiterklasse","tag-bourgeoisie","tag-das-kapitalistische-system","tag-die-letzte-generation","tag-ernst-aust","tag-friedrich-engels","tag-josef-stalin","tag-karl-marx","tag-klassenjustiz","tag-klassenkampf","tag-klassenlose-gesellschaft","tag-kpd","tag-kpd-ml","tag-krieg","tag-marxismus-leninismus","tag-politik-und-gesellschaft","tag-revisionismus","tag-revolution","tag-revolutionaere-marxisten-leninisten","tag-roter-morgen","tag-thaelmann","tag-w-i-lenin"],"yoast_head":"<!-- This site is optimized with the Yoast SEO plugin v26.2 - https:\/\/yoast.com\/wordpress\/plugins\/seo\/ -->\n<title>B\u00fcrgerlich-formale Nivellierung und proletarische Polarisierung des Klassenkampfes - Roter Morgen<\/title>\n<meta name=\"robots\" content=\"index, follow, max-snippet:-1, max-image-preview:large, max-video-preview:-1\" \/>\n<link rel=\"canonical\" href=\"http:\/\/www.deanreed.de\/AmericanRebel\/ak\/buergerlich-formale-nivellierung-und-proletarische-polarisierung-des-klassenkampfes\/\" \/>\n<meta property=\"og:locale\" content=\"de_DE\" \/>\n<meta property=\"og:type\" content=\"article\" \/>\n<meta property=\"og:title\" content=\"B\u00fcrgerlich-formale Nivellierung und proletarische Polarisierung des Klassenkampfes - Roter Morgen\" \/>\n<meta property=\"og:description\" content=\"Heinz Ahlreip &#8211; 25.Juli 2023 Das revolution\u00e4re Proletariat brachte 1917 in Russland bekanntlich die b\u00fcrgerlich &#8211; demokratische Revolution vom Februar bis an ihr Ende, bis [...]\" \/>\n<meta property=\"og:url\" content=\"http:\/\/www.deanreed.de\/AmericanRebel\/ak\/buergerlich-formale-nivellierung-und-proletarische-polarisierung-des-klassenkampfes\/\" \/>\n<meta property=\"og:site_name\" content=\"Roter Morgen\" \/>\n<meta property=\"article:published_time\" content=\"2023-07-25T13:08:50+00:00\" \/>\n<meta property=\"og:image\" content=\"http:\/\/www.deanreed.de\/AmericanRebel\/ak\/wp-content\/uploads\/2023\/07\/imagegroup.jpeg\" \/>\n\t<meta property=\"og:image:width\" content=\"640\" \/>\n\t<meta property=\"og:image:height\" content=\"460\" \/>\n\t<meta property=\"og:image:type\" content=\"image\/jpeg\" \/>\n<meta name=\"author\" content=\"Redaktion\" \/>\n<meta name=\"twitter:card\" content=\"summary_large_image\" \/>\n<meta name=\"twitter:label1\" content=\"Verfasst von\" \/>\n\t<meta name=\"twitter:data1\" content=\"Redaktion\" \/>\n\t<meta name=\"twitter:label2\" content=\"Gesch\u00e4tzte Lesezeit\" \/>\n\t<meta name=\"twitter:data2\" content=\"5\u00a0Minuten\" \/>\n<script type=\"application\/ld+json\" class=\"yoast-schema-graph\">{\"@context\":\"https:\/\/schema.org\",\"@graph\":[{\"@type\":\"WebPage\",\"@id\":\"http:\/\/www.deanreed.de\/AmericanRebel\/ak\/buergerlich-formale-nivellierung-und-proletarische-polarisierung-des-klassenkampfes\/\",\"url\":\"http:\/\/www.deanreed.de\/AmericanRebel\/ak\/buergerlich-formale-nivellierung-und-proletarische-polarisierung-des-klassenkampfes\/\",\"name\":\"B\u00fcrgerlich-formale Nivellierung und proletarische Polarisierung des Klassenkampfes - Roter Morgen\",\"isPartOf\":{\"@id\":\"https:\/\/www.deanreed.de\/AmericanRebel\/ak\/#website\"},\"primaryImageOfPage\":{\"@id\":\"http:\/\/www.deanreed.de\/AmericanRebel\/ak\/buergerlich-formale-nivellierung-und-proletarische-polarisierung-des-klassenkampfes\/#primaryimage\"},\"image\":{\"@id\":\"http:\/\/www.deanreed.de\/AmericanRebel\/ak\/buergerlich-formale-nivellierung-und-proletarische-polarisierung-des-klassenkampfes\/#primaryimage\"},\"thumbnailUrl\":\"http:\/\/www.deanreed.de\/AmericanRebel\/ak\/wp-content\/uploads\/2023\/07\/imagegroup.jpeg\",\"datePublished\":\"2023-07-25T13:08:50+00:00\",\"author\":{\"@id\":\"https:\/\/www.deanreed.de\/AmericanRebel\/ak\/#\/schema\/person\/1735e67eea57aea7611c691f571924c3\"},\"breadcrumb\":{\"@id\":\"http:\/\/www.deanreed.de\/AmericanRebel\/ak\/buergerlich-formale-nivellierung-und-proletarische-polarisierung-des-klassenkampfes\/#breadcrumb\"},\"inLanguage\":\"de\",\"potentialAction\":[{\"@type\":\"ReadAction\",\"target\":[\"http:\/\/www.deanreed.de\/AmericanRebel\/ak\/buergerlich-formale-nivellierung-und-proletarische-polarisierung-des-klassenkampfes\/\"]}]},{\"@type\":\"ImageObject\",\"inLanguage\":\"de\",\"@id\":\"http:\/\/www.deanreed.de\/AmericanRebel\/ak\/buergerlich-formale-nivellierung-und-proletarische-polarisierung-des-klassenkampfes\/#primaryimage\",\"url\":\"http:\/\/www.deanreed.de\/AmericanRebel\/ak\/wp-content\/uploads\/2023\/07\/imagegroup.jpeg\",\"contentUrl\":\"http:\/\/www.deanreed.de\/AmericanRebel\/ak\/wp-content\/uploads\/2023\/07\/imagegroup.jpeg\",\"width\":640,\"height\":460,\"caption\":\"Das Marseillaise-Relief des Pariser Arc de Triomphe erinnert an die Kriege w\u00e4hrend der Revolution in Frankreich \u00a9 Public Domain\"},{\"@type\":\"BreadcrumbList\",\"@id\":\"http:\/\/www.deanreed.de\/AmericanRebel\/ak\/buergerlich-formale-nivellierung-und-proletarische-polarisierung-des-klassenkampfes\/#breadcrumb\",\"itemListElement\":[{\"@type\":\"ListItem\",\"position\":1,\"name\":\"Startseite\",\"item\":\"https:\/\/www.deanreed.de\/AmericanRebel\/ak\/\"},{\"@type\":\"ListItem\",\"position\":2,\"name\":\"B\u00fcrgerlich-formale Nivellierung und proletarische Polarisierung des Klassenkampfes\"}]},{\"@type\":\"WebSite\",\"@id\":\"https:\/\/www.deanreed.de\/AmericanRebel\/ak\/#website\",\"url\":\"https:\/\/www.deanreed.de\/AmericanRebel\/ak\/\",\"name\":\"Roter Morgen\",\"description\":\"Der Weg zur Partei\",\"potentialAction\":[{\"@type\":\"SearchAction\",\"target\":{\"@type\":\"EntryPoint\",\"urlTemplate\":\"https:\/\/www.deanreed.de\/AmericanRebel\/ak\/?s={search_term_string}\"},\"query-input\":{\"@type\":\"PropertyValueSpecification\",\"valueRequired\":true,\"valueName\":\"search_term_string\"}}],\"inLanguage\":\"de\"},{\"@type\":\"Person\",\"@id\":\"https:\/\/www.deanreed.de\/AmericanRebel\/ak\/#\/schema\/person\/1735e67eea57aea7611c691f571924c3\",\"name\":\"Redaktion\",\"url\":\"http:\/\/www.deanreed.de\/AmericanRebel\/ak\/author\/redaktion\/\"}]}<\/script>\n<!-- \/ Yoast SEO plugin. -->","yoast_head_json":{"title":"B\u00fcrgerlich-formale Nivellierung und proletarische Polarisierung des Klassenkampfes - Roter Morgen","robots":{"index":"index","follow":"follow","max-snippet":"max-snippet:-1","max-image-preview":"max-image-preview:large","max-video-preview":"max-video-preview:-1"},"canonical":"http:\/\/www.deanreed.de\/AmericanRebel\/ak\/buergerlich-formale-nivellierung-und-proletarische-polarisierung-des-klassenkampfes\/","og_locale":"de_DE","og_type":"article","og_title":"B\u00fcrgerlich-formale Nivellierung und proletarische Polarisierung des Klassenkampfes - Roter Morgen","og_description":"Heinz Ahlreip &#8211; 25.Juli 2023 Das revolution\u00e4re Proletariat brachte 1917 in Russland bekanntlich die b\u00fcrgerlich &#8211; demokratische Revolution vom Februar bis an ihr Ende, bis [...]","og_url":"http:\/\/www.deanreed.de\/AmericanRebel\/ak\/buergerlich-formale-nivellierung-und-proletarische-polarisierung-des-klassenkampfes\/","og_site_name":"Roter Morgen","article_published_time":"2023-07-25T13:08:50+00:00","og_image":[{"width":640,"height":460,"url":"http:\/\/www.deanreed.de\/AmericanRebel\/ak\/wp-content\/uploads\/2023\/07\/imagegroup.jpeg","type":"image\/jpeg"}],"author":"Redaktion","twitter_card":"summary_large_image","twitter_misc":{"Verfasst von":"Redaktion","Gesch\u00e4tzte Lesezeit":"5\u00a0Minuten"},"schema":{"@context":"https:\/\/schema.org","@graph":[{"@type":"WebPage","@id":"http:\/\/www.deanreed.de\/AmericanRebel\/ak\/buergerlich-formale-nivellierung-und-proletarische-polarisierung-des-klassenkampfes\/","url":"http:\/\/www.deanreed.de\/AmericanRebel\/ak\/buergerlich-formale-nivellierung-und-proletarische-polarisierung-des-klassenkampfes\/","name":"B\u00fcrgerlich-formale Nivellierung und proletarische Polarisierung des Klassenkampfes - Roter Morgen","isPartOf":{"@id":"https:\/\/www.deanreed.de\/AmericanRebel\/ak\/#website"},"primaryImageOfPage":{"@id":"http:\/\/www.deanreed.de\/AmericanRebel\/ak\/buergerlich-formale-nivellierung-und-proletarische-polarisierung-des-klassenkampfes\/#primaryimage"},"image":{"@id":"http:\/\/www.deanreed.de\/AmericanRebel\/ak\/buergerlich-formale-nivellierung-und-proletarische-polarisierung-des-klassenkampfes\/#primaryimage"},"thumbnailUrl":"http:\/\/www.deanreed.de\/AmericanRebel\/ak\/wp-content\/uploads\/2023\/07\/imagegroup.jpeg","datePublished":"2023-07-25T13:08:50+00:00","author":{"@id":"https:\/\/www.deanreed.de\/AmericanRebel\/ak\/#\/schema\/person\/1735e67eea57aea7611c691f571924c3"},"breadcrumb":{"@id":"http:\/\/www.deanreed.de\/AmericanRebel\/ak\/buergerlich-formale-nivellierung-und-proletarische-polarisierung-des-klassenkampfes\/#breadcrumb"},"inLanguage":"de","potentialAction":[{"@type":"ReadAction","target":["http:\/\/www.deanreed.de\/AmericanRebel\/ak\/buergerlich-formale-nivellierung-und-proletarische-polarisierung-des-klassenkampfes\/"]}]},{"@type":"ImageObject","inLanguage":"de","@id":"http:\/\/www.deanreed.de\/AmericanRebel\/ak\/buergerlich-formale-nivellierung-und-proletarische-polarisierung-des-klassenkampfes\/#primaryimage","url":"http:\/\/www.deanreed.de\/AmericanRebel\/ak\/wp-content\/uploads\/2023\/07\/imagegroup.jpeg","contentUrl":"http:\/\/www.deanreed.de\/AmericanRebel\/ak\/wp-content\/uploads\/2023\/07\/imagegroup.jpeg","width":640,"height":460,"caption":"Das Marseillaise-Relief des Pariser Arc de Triomphe erinnert an die Kriege w\u00e4hrend der Revolution in Frankreich \u00a9 Public Domain"},{"@type":"BreadcrumbList","@id":"http:\/\/www.deanreed.de\/AmericanRebel\/ak\/buergerlich-formale-nivellierung-und-proletarische-polarisierung-des-klassenkampfes\/#breadcrumb","itemListElement":[{"@type":"ListItem","position":1,"name":"Startseite","item":"https:\/\/www.deanreed.de\/AmericanRebel\/ak\/"},{"@type":"ListItem","position":2,"name":"B\u00fcrgerlich-formale Nivellierung und proletarische Polarisierung des Klassenkampfes"}]},{"@type":"WebSite","@id":"https:\/\/www.deanreed.de\/AmericanRebel\/ak\/#website","url":"https:\/\/www.deanreed.de\/AmericanRebel\/ak\/","name":"Roter Morgen","description":"Der Weg zur Partei","potentialAction":[{"@type":"SearchAction","target":{"@type":"EntryPoint","urlTemplate":"https:\/\/www.deanreed.de\/AmericanRebel\/ak\/?s={search_term_string}"},"query-input":{"@type":"PropertyValueSpecification","valueRequired":true,"valueName":"search_term_string"}}],"inLanguage":"de"},{"@type":"Person","@id":"https:\/\/www.deanreed.de\/AmericanRebel\/ak\/#\/schema\/person\/1735e67eea57aea7611c691f571924c3","name":"Redaktion","url":"http:\/\/www.deanreed.de\/AmericanRebel\/ak\/author\/redaktion\/"}]}},"_links":{"self":[{"href":"http:\/\/www.deanreed.de\/AmericanRebel\/ak\/wp-json\/wp\/v2\/posts\/2395","targetHints":{"allow":["GET"]}}],"collection":[{"href":"http:\/\/www.deanreed.de\/AmericanRebel\/ak\/wp-json\/wp\/v2\/posts"}],"about":[{"href":"http:\/\/www.deanreed.de\/AmericanRebel\/ak\/wp-json\/wp\/v2\/types\/post"}],"author":[{"embeddable":true,"href":"http:\/\/www.deanreed.de\/AmericanRebel\/ak\/wp-json\/wp\/v2\/users\/4"}],"replies":[{"embeddable":true,"href":"http:\/\/www.deanreed.de\/AmericanRebel\/ak\/wp-json\/wp\/v2\/comments?post=2395"}],"version-history":[{"count":3,"href":"http:\/\/www.deanreed.de\/AmericanRebel\/ak\/wp-json\/wp\/v2\/posts\/2395\/revisions"}],"predecessor-version":[{"id":2400,"href":"http:\/\/www.deanreed.de\/AmericanRebel\/ak\/wp-json\/wp\/v2\/posts\/2395\/revisions\/2400"}],"wp:featuredmedia":[{"embeddable":true,"href":"http:\/\/www.deanreed.de\/AmericanRebel\/ak\/wp-json\/wp\/v2\/media\/2397"}],"wp:attachment":[{"href":"http:\/\/www.deanreed.de\/AmericanRebel\/ak\/wp-json\/wp\/v2\/media?parent=2395"}],"wp:term":[{"taxonomy":"category","embeddable":true,"href":"http:\/\/www.deanreed.de\/AmericanRebel\/ak\/wp-json\/wp\/v2\/categories?post=2395"},{"taxonomy":"post_tag","embeddable":true,"href":"http:\/\/www.deanreed.de\/AmericanRebel\/ak\/wp-json\/wp\/v2\/tags?post=2395"}],"curies":[{"name":"wp","href":"https:\/\/api.w.org\/{rel}","templated":true}]}}