{"id":2291,"date":"2023-02-28T02:28:39","date_gmt":"2023-02-28T01:28:39","guid":{"rendered":"http:\/\/www.deanreed.de\/AmericanRebel\/ak\/?p=2291"},"modified":"2023-04-09T00:15:23","modified_gmt":"2023-04-08T22:15:23","slug":"der-misserfolg-der-deutschen-revolution-1919-und-dessen-langfristige-folgen","status":"publish","type":"post","link":"http:\/\/www.deanreed.de\/AmericanRebel\/ak\/der-misserfolg-der-deutschen-revolution-1919-und-dessen-langfristige-folgen\/","title":{"rendered":"Der Mi\u00dferfolg der deutschen Revolution 1919 und dessen langfristige\u00a0Folgen"},"content":{"rendered":"<div class=\"entry-content\">\n<p style=\"text-align: justify;\"><span style=\"font-family: verdana, geneva, sans-serif; font-size: 12pt; color: #000000;\"><strong>Analysiert man die historische Situation in Deutschland, so st\u00f6\u00dft man unweigerlich auf Erscheinungen, die im wesentlichen auch heute noch vorkommen, und die f\u00fcr die kapitalistische Gesellschaft charakteristisch sind. Es sind dies: Obrigkeitsh\u00f6rigkeit, Unwissenheit, politische Orientierungslosigkeit und fehlendes Klassenbewu\u00dftsein gro\u00dfer Teile der Bev\u00f6lkerung. Der Kapitalismus hat die Menschen gepr\u00e4gt. Die These vom \u201eGemeinwohl\u201c dient dazu, wie bereits im Faschismus, den Interessen des Monopolkapitals gesellschaftliche Geltung zu verschaffen. Gerade angesichts des Jubels der Neofaschisten und ihrer Anh\u00e4nger im EU-Parlament und in den Regierungen einiger westlicher L\u00e4nder beim Auftritt des ukrainischen Pr\u00e4sidenten mu\u00df man sich vor Augen halten, welche tragischen Fehler bei der Revolution in Deutschland 1919 begangen wurden. Diese Fehler und Irrt\u00fcmer haben schlie\u00dflich dazu gef\u00fchrt, da\u00df der 1933 der Faschismus in Deutschland an die Macht kommen konnte, da\u00df die Sozialdemokratie zu keinem Zeitpunkt f\u00fcr ihre reaktion\u00e4re und volksfeindliche Politik zur Rechenschaft gezwungen wurde und da\u00df heute ausgerechnet die Linken in abscheulicher Weise diesem faschistischen Gesindel applaudieren. Auf \u00e4hnliche Weise widerspiegelt\u00a0 auch die uneinheitliche und widerspr\u00fcchliche Haltung der politischen F\u00fchrung Ru\u00dflands beim Kampf gegen den ukrainischen Faschismus den Antikommunismus der herrschenden Klasse.<\/strong> <span id=\"more-112879\"><\/span><\/span><\/p>\n<h3 style=\"text-align: justify;\"><span style=\"font-family: verdana, geneva, sans-serif; font-size: 12pt; color: #000000;\">Antikommunistische Beeinflussung der Massen<\/span><\/h3>\n<p style=\"text-align: justify;\"><span style=\"font-family: verdana, geneva, sans-serif; font-size: 12pt; color: #000000;\">Die fortschreitende Sammlung und Festigung der revolution\u00e4ren Kr\u00e4fte, die in den Weihnachts\u00adtagen bewiesene Kampfbereitschaft der Arbeiterklasse, die sich ausweitende Streikbewegung und vor allem die Gr\u00fcndung der Kommunistischen Partei zeugten davon, da\u00df sich ein neuer Aufschwung der Revolution anbahnte. Um diesem Aufschwung zuvorzukommen, verst\u00e4rkte die Gegenrevolution ihre T\u00e4tigkeit zur Zersetzung der R\u00e4te, zur Abwiegelung der Streikk\u00e4mpfe, zur antikommunistischen Beeinflussung der Massen. Eine eigens zu letzterem Zweck gegr\u00fcndete \u201eAntibolschewistische Liga\u201c, die von den Konzernherren finanziert wurde, \u00fcberflutete das Land mit antikommunistischen Hetzschriften, mit Aufrufen zur Ermordung von Karl Liebknecht und anderen kommunistischen F\u00fchrern.<\/span><\/p>\n<h3 style=\"text-align: justify;\"><span style=\"font-family: verdana, geneva, sans-serif; font-size: 12pt; color: #000000;\">Die Regierung will die Revolution verhindern\u2026<\/span><\/h3>\n<p style=\"text-align: justify;\"><span style=\"font-family: verdana, geneva, sans-serif; font-size: 12pt; color: #000000;\">Ihr Hauptaugenmerk richtete die Konterrevolution auf die Vorbereitung der raschen gewaltsamen Niederwerfung der revolution\u00e4ren Bewegung. Von der Regierung Ebert\/Noske unterst\u00fctzt, baute sie die Freikorps aus, die die milit\u00e4risch weniger ge\u00adschulten revolution\u00e4ren Kr\u00e4fte vorzeitig zum offenen Kampf zwingen sollten, um den Kampfes\u00adwillen der Arbeiter zu brechen, sie zu entwaffnen, die Vereinigung des radikalen USPD-Fl\u00fcgels mit der KPD zu verhindern, die schwankenden Soldaten des alten Heeres einzusch\u00fcchtern und die Mittelschichten in das Lager der Konterrevolution zu f\u00fchren.<\/span><\/p>\n<h3 style=\"text-align: justify;\"><span style=\"font-family: verdana, geneva, sans-serif; font-size: 12pt; color: #000000;\">Arbeiterfreundlicher Polizeipr\u00e4sident wird abgesetzt<\/span><\/h3>\n<p style=\"text-align: justify;\"><span style=\"font-family: verdana, geneva, sans-serif; font-size: 12pt; color: #000000;\">Am 4. Januar 1919 wurde der zum linken Fl\u00fcgel der USPD geh\u00f6rende Berliner Polizeipr\u00e4sident Emil Eichhorn, der das Vertrauen der Berliner Arbeiter geno\u00df, von der sozialdemokratischen Preu\u00dfenregierung abgesetzt. Gegen diesen provokatorischen Willk\u00fcrakt riefen die revolution\u00e4\u00adren Organisationen am folgenden Tage zu einem Protestaufmarsch auf. Mehr als hunderttausend Arbeiter leisteten dem Appell Folge. Zum Schutze der Demonstration erschienen die in den Betrieben gebildeten Sto\u00dftrupps teilweise bewaffnet. Mit den Forderungen \u201eEntwaffnung der Konterrevolution, Bildung einer Roten Garde!\u201c zogen die Massen ins Stadtzentrum.<\/span><\/p>\n<h3 style=\"text-align: justify;\"><span style=\"font-family: verdana, geneva, sans-serif; font-size: 12pt; color: #000000;\">Ein schwerwiegender taktischer Fehler<\/span><\/h3>\n<p style=\"text-align: justify;\"><span style=\"font-family: verdana, geneva, sans-serif; font-size: 12pt; color: #000000;\">Abends trafen die revolution\u00e4ren Obleute mit Vertretern der Berliner USPD-Leitung und mit Liebknecht und Pieck von der Zentrale der KPD zusammen, um zur koordinierten F\u00fchrung des weiteren Kampfes gemeinsam mit den Abgesandten der Volksmarinedivision und der Berliner Garnison einen Aktionsausschu\u00df zu bilden. Unter dem Eindruck der grandiosen Massendemonstration beschlo\u00df dieser Ausschu\u00df nicht nur die Verst\u00e4rkung der Ma\u00dfnahmen zur Abwehr der Provoka\u00adtion, sondern rief auch zum Aufstand gegen die Regierung auf. So richtig jedoch die Agitations\u00adlosung \u201eNieder mit der Regierung Ebert\/Scheidemann!\u201c war, so wenig entsprach die Aktionslosung ,,Sturz der Regierung!\u201c dem realen Kr\u00e4fteverh\u00e4ltnis, das durch die Konzentration der Reserven der Gegenrevolution einerseits und die Zersplitterung des revolution\u00e4ren Lagers ande\u00adrerseits bestimmt wurde.<\/span><\/p>\n<h3 style=\"text-align: justify;\"><span style=\"font-family: verdana, geneva, sans-serif; font-size: 12pt; color: #000000;\">Die F\u00fchrungslosigkeit der revolution\u00e4ren Massen<\/span><\/h3>\n<p style=\"text-align: justify;\"><span style=\"font-family: verdana, geneva, sans-serif; font-size: 12pt; color: #000000;\">Am 6. Januar 1919 traten viele Berliner Betriebe in den politischen Streik. W\u00e4hrend in den folgenden Tagen \u00fcber eine halbe Million Arbeiter unter bewaffnetem Schutz f\u00fcr die revolution\u00e4ren Forderungen demonstrierten, zog die SPD-F\u00fchrung ihre Anh\u00e4nger zu Gegendemonstrationen zusammen. Revolution\u00e4re Arbeiter beschafften etwa 3000 Gewehre und besetzten Zeitungsredak\u00adtionen, Bahnh\u00f6fe und weitere strategische Punkte im Stadtinnern. Der Aktionsausschu\u00df ver\u00ads\u00e4umte es jedoch, den Arbeitern in dieser Situation eindeutige Direktiven zu geben. Ihm fehlte der \u00dcberblick \u00fcber die Entwicklung, das Verm\u00f6gen, die Kr\u00e4fte richtig einzusch\u00e4tzen und das Kampfziel dementsprechend zu begrenzen.<\/span><\/p>\n<h3 style=\"text-align: justify;\"><span style=\"font-family: verdana, geneva, sans-serif; font-size: 12pt; color: #000000;\">Vergebliche Verhandlungen mit der Regierung<\/span><\/h3>\n<p style=\"text-align: justify;\"><span style=\"font-family: verdana, geneva, sans-serif; font-size: 12pt; color: #000000;\">Statt die Bewegung zu festigen und zu lenken, fielen die rechten USPD-F\u00fchrer den Arbeitern in den R\u00fccken, indem sie begannen, mit der Regierung zu verhandeln, deren Sturz der Aktionsausschu\u00df eben erst proklamiert hatte. Die Verhandlungen, die Ebert und Noske nur f\u00fchrten, um Zeit f\u00fcr die Heranziehung konterrevolution\u00e4rer Truppen zu gewinnen, brachten Verwirrung und Desorientierung in die Reihen der Revolution\u00e4re. Die Zentrale der KPD war sich nicht v\u00f6llig \u00fcber die Taktik in dieser Etappe der demokratischen Revolution im klaren und nahm erst am 8. Januar zu den Ereignissen Stellung. Dennoch zeigte sie richtig auf, da\u00df das Ziel der unmittelbar bevorstehenden K\u00e4mpfe nur in der Verteidigung der revolution\u00e4ren Errungenschaften, nicht aber im bewaffneten Sturz der Regierung bestehen k\u00f6nne.<\/span><\/p>\n<h3 style=\"text-align: justify;\"><span style=\"font-family: verdana, geneva, sans-serif; font-size: 12pt; color: #000000;\">Die kapitulantenhafte Haltung der SPD<\/span><\/h3>\n<p style=\"text-align: justify;\"><span style=\"font-family: verdana, geneva, sans-serif; font-size: 12pt; color: #000000;\">Die KPD wandte sich gegen die Aktionslosung des Ausschusses und verurteilte die kapitu\u00adlantenhafte Haltung der an seiner Spitze stehenden USPD-F\u00fchrer. Sie berief Liebknecht und Pieck aus dem Ausschu\u00df ab, erkl\u00e4rte aber gleichzeitig, da\u00df sie \u201eunbeschadet aller Differenzen Schulter an Schulter mit den revolution\u00e4ren Obleuten k\u00e4mpfen werde, wenn immer sie zu einer konsequenten revolution\u00e4ren Aktion schreiten\u201c, W\u00e4hrenddessen bereiteten die SPD-F\u00fchrer gemeinsam mit den ehemaligen kaiserlichen Offi\u00adzieren die blutige Niederwerfung der k\u00e4mpfenden Vorhut der Arbeiterklasse vor.<\/span><\/p>\n<h3 style=\"text-align: justify;\"><span style=\"font-family: verdana, geneva, sans-serif; font-size: 12pt; color: #000000;\">Die blutige Niederwerfung der Revolution<\/span><\/h3>\n<p style=\"text-align: justify;\"><span style=\"font-family: verdana, geneva, sans-serif; font-size: 12pt; color: #000000;\">Als auf einer erweiterten Regierungssitzung erwogen wurde, da\u00df man schwerlich einen der bei der Bev\u00f6lke\u00adrung verha\u00dften alten Generale zum Oberbefehlshaber der wei\u00dfgardistischen Verb\u00e4nde ernennen k\u00f6nne, erkl\u00e4rte sich Noske bereit, das Amt des Henkers der Revolution zu \u00fcbernehmen. ,,Einer mu\u00df der Bluthund werden\u201c, erkl\u00e4rte er zynisch, ,,ich scheue die Verantwortung nicht.\u201c Am 8. Januar begannen die Regierungstruppen den Angriff auf die Arbeiter. In der Industrievorstadt Spandau kam es zu schweren K\u00e4mpfen. Der politische Generalstreik in Berlin erreichte daraufhin einen neuen H\u00f6hepunkt. Die Streikenden vermochten aber nicht, der wei\u00dfgardistischen Offen\u00adsive Einhalt zu gebieten. Am 11. Januar drangen die Noskegarden, von Minenwerfern und Ge\u00adsch\u00fctzen gedeckt, ins Zeitungsviertel ein.<\/span><\/p>\n<h3 style=\"text-align: justify;\"><span style=\"font-family: verdana, geneva, sans-serif; font-size: 12pt; color: #000000;\">\u2026 arbeiterfeindlicher Terror der Regierung<\/span><\/h3>\n<p style=\"text-align: justify;\"><span style=\"font-family: verdana, geneva, sans-serif; font-size: 12pt; color: #000000;\">Mit bestialischer Grausamkeit gingen sie gegen die ungen\u00fcgend bewaffneten Arbeiter vor. Parlament\u00e4re und wehrlose Gefangene wurden entsetzlich mi\u00dfhandelt und niedergemetzelt. Der wei\u00dfe Terror machte auch vor den sch\u00e4ndlichsten Verbre\u00adchen nicht halt. Trotzdem leisteten die auf den Barrikaden und in den Zeitungsgeb\u00e4uden k\u00e4mpfenden Proletarier heldenhaften Widerstand. Am 12. Januar nahmen die Wei\u00dfgardisten das Polizeipr\u00e4sidium ein, am 14. besetzten sie den Stadtteil Moabit. Die b\u00fcrgerliche Ordnungs\u00adbestie triumphierte. Hunderte von Arbeitern wurden gemeuchelt, 700 eingekerkert und der Klassenjustiz ausgeliefert. Auf die K\u00f6pfe von Liebknecht und Luxemburg wurden je 100.000 Mark ausgesetzt.<\/span><\/p>\n<h3 style=\"text-align: justify;\"><span style=\"font-family: verdana, geneva, sans-serif; font-size: 12pt; color: #000000;\">Das Verm\u00e4chtnis zweier gro\u00dfer Revolution\u00e4re<\/span><\/h3>\n<p style=\"text-align: justify;\"><span style=\"font-family: verdana, geneva, sans-serif; font-size: 12pt; color: #000000;\">Am 14. Januar schrieb Rosa Luxemburg:<\/span><\/p>\n<blockquote>\n<h5><span style=\"font-family: verdana, geneva, sans-serif; font-size: 12pt; color: #000000;\">,Ordnung herrscht in Berlin!\u2018 verk\u00fcndet triumphierend die b\u00fcrgerliche Presse, verk\u00fcnden Ebert und Noske, verk\u00fcnden die Offiziere der ,siegreichen Truppen\u2019, denen der Berliner kleinb\u00fcrgerliche Mob in den Stra\u00dfen mit T\u00fcchern winkt, mit Hurra zujubelt \u2026 Ihr stumpfen Schergen! Eure ,Ordnung\u2019 ist auf Sand gebaut. Die Revolution wird sich morgen schon ,rasselnd wieder in die H\u00f6h\u2018 richten und zu eurem Schrecken mit Posaunenklang verk\u00fcnden: ich war, ich bin, ich werde sein!<\/span><\/h5>\n<\/blockquote>\n<p style=\"text-align: justify;\"><span style=\"font-family: verdana, geneva, sans-serif; font-size: 12pt; color: #000000;\">Das waren die letzten Worte, die die gro\u00dfe Revolution\u00e4rin in der ,,Roten Fahne\u201c ver\u00f6ffent\u00adlichte.<\/span><\/p>\n<p style=\"text-align: justify;\"><span style=\"font-family: verdana, geneva, sans-serif; font-size: 12pt; color: #000000;\">Gleicherweise eingegangen in die Geschichte ist das leidenschaftliche Bekenntnis zur Sache der Arbeiterklasse, das Karl Liebknecht am 15. Januar in der \u201eRoten Fahne\u201c ver\u00f6ffentlichte und das ebenfalls das letzte Verm\u00e4chtnis des mutigen K\u00e4mpfers gegen den Militarismus und gro\u00dfen deutschen Arbeiterf\u00fchrers bleiben sollte. Liebknecht schrieb:<\/span><\/p>\n<blockquote>\n<h5><span style=\"font-family: verdana, geneva, sans-serif; font-size: 12pt; color: #000000;\">O gemach! Wir sind nicht geflohen, wir sind nicht geschlagen. Und wenn sie uns in Bande werfen \u2013 wir sind da und wir bleiben da und der Sieg wird unser sein! \u2026 Unser Schiff zieht seinen geraden Kurs fest und stolz dahin bis zum Ziel. Und ob wir dann noch leben werden, wenn es erreicht wird \u2013 leben wird unser Programm; es wird die Welt der erl\u00f6sten Menschheit beherrschen. Trotz alledem!<\/span><\/h5>\n<\/blockquote>\n<h3 style=\"text-align: justify;\"><span style=\"font-family: verdana, geneva, sans-serif; font-size: 12pt; color: #000000;\">Ein abscheuliches und gemeines Verbrechen<\/span><\/h3>\n<p style=\"text-align: justify;\"><span style=\"font-family: verdana, geneva, sans-serif; font-size: 12pt; color: #000000;\">Am Abend des 15. Januar wurden Karl Liebknecht und Rosa Luxemburg von entmenschten Offizieren meuchlings ermordet. Dies war ein schwerer Schlag gegen die deutsche Arbeiterklasse und ihre Vorhut, die junge Kommunistische Partei. Lenin schrieb, da\u00df man keine Worte findet, um die ganze Abscheulichkeit und Gemeinheit dieses Henkertums auszudr\u00fccken, hob aber gleich\u00adzeitig hervor, da\u00df der Tod der gro\u00dfen M\u00e4rtyrer die gesetzm\u00e4\u00dfige Vorw\u00e4rtsentwicklung der Ge\u00adschichte nicht verhindern kann.<\/span><\/p>\n<h3 style=\"text-align: justify;\"><span style=\"font-family: verdana, geneva, sans-serif; font-size: 12pt; color: #000000;\">Vergebliche Massendemonstrationen in Deutschland<\/span><\/h3>\n<p style=\"text-align: justify;\"><span style=\"font-family: verdana, geneva, sans-serif; font-size: 12pt; color: #000000;\">Zur Unterst\u00fctzung der um die Verteidigung der revolution\u00e4ren Errungenschaften k\u00e4mpfenden Berliner Arbeiter f\u00fchrten die revolution\u00e4ren Kr\u00e4fte im Ruhrgebiet und anderen Teilen Deutsch\u00adlands Massenaktionen durch, die sich im lokalen Bereich mitunter zu Offensivk\u00e4mpfen entwickel\u00adten. \u201eEmp\u00f6rt \u00fcber das Blutregiment der mit dem Ausbeutertum verb\u00fcndeten Ebertregierung, sagte sich \u2013 wie es in einem Aufruf des Bremer Rates. der Volkskommissare hie\u00df \u2013 die Bremer Arbeiterschaft \u201evon jeder Gemeinschaft mit dem Blutterror der Bourgeoisie, wie er sich in Berlin im Kampfe gegen das Proletariat offenbart\u201c, los und proklamierte am 10. Januar die sozialistische R\u00e4terepublik Bremen.<\/span><\/p>\n<h3 style=\"text-align: justify;\"><span style=\"font-family: verdana, geneva, sans-serif; font-size: 12pt; color: #000000;\">Die Konterrevolution hatte gesiegt<\/span><\/h3>\n<p style=\"text-align: justify;\"><span style=\"font-family: verdana, geneva, sans-serif; font-size: 12pt; color: #000000;\">Trotz des hohen Bewu\u00dftseinsgrades, das die revolution\u00e4re Vorhut vieler\u00adorts an den Tag legte, konnte sie das Kr\u00e4fteverh\u00e4ltnis jedoch nicht mehr ver\u00e4ndern, das durch den Ausgang der Berliner Januark\u00e4mpfe zugunsten der Konterrevolution entschieden worden war. Mit der Niederschlagung der revolution\u00e4ren Arbeiter in Berlin, der Ermordung der hervor\u00adragendsten F\u00fchrer des deutschen Proletariats, der Errichtung eines terroristischen Schreckens\u00adregiments zur Durchf\u00fchrung der Wahlen zur Nationalversammlung und schlie\u00dflich mit dem f\u00fcr die Bourgeoisie g\u00fcnstigen Ergebnis dieser Wahlen am 19. Januar 1919 fand die Revolution ihren Abschlu\u00df. Die Arbeiterklasse hatte in der Revolution eine Niederlage erlitten.<\/span><\/p>\n<h3 style=\"text-align: justify;\"><span style=\"font-family: verdana, geneva, sans-serif; font-size: 12pt; color: #000000;\">Das ungel\u00f6ste Grundproblem der deutschen Nation<\/span><\/h3>\n<p style=\"text-align: justify;\"><span style=\"font-family: verdana, geneva, sans-serif; font-size: 12pt; color: #000000;\">Die Grundlagen der \u00f6konomischen und politischen Macht der Imperialisten und Militaristen waren gerettet. Das Grundproblem der deutschen Nation, die Beseitigung des Imperialismus und die Schaffung eines friedliebenden, demokratischen und sozialistischen Staates, das die Novemberrevolution \u2013 nach dem Bauernkrieg die umfassendste Bewegung der Volksmassen in Deutschland \u2013 zum erstenmal aufgerollt hatte, blieb ungel\u00f6st. Die Hauptverantwortung daf\u00fcr trugen die rechten F\u00fchrer der SPD und der Gewerkschaften, die die Arbeiterklasse spalteten, sich mit den imperialistischen und militaristischen Kr\u00e4ften verbanden und direkt ins Lager der Konterrevolution \u00fcbergingen.<\/span><\/p>\n<h3 style=\"text-align: justify;\"><span style=\"font-family: verdana, geneva, sans-serif; font-size: 12pt; color: #000000;\">Die alten Machtverh\u00e4ltnisse blieben bestehen<\/span><\/h3>\n<p style=\"text-align: justify;\"><span style=\"font-family: verdana, geneva, sans-serif; font-size: 12pt; color: #000000;\">Infolge des geschichtlichen Versagens dieser F\u00fchrer gelang es nicht einmal, die Aufgaben der b\u00fcrgerlich-demokratischen Revolution zu Ende zu f\u00fchren. Innerhalb des herrschenden Blocks f\u00fchrte die Novemberrevolution lediglich zu einer Verschiebung der Klassenkr\u00e4fte, indem das Junkertum wichtige Machtpositionen und vor allem seinen ma\u00dfgebenden Einflu\u00df auf die Exe\u00adkutive einb\u00fc\u00dfte. Infolgedessen verwandelte sich der junkerlich-b\u00fcrgerliche deutsche Imperialis\u00admus in einen b\u00fcrgerlich-junkerlichen Imperialismus. Am sichtbarsten kam dies in der Ver\u00e4nde\u00adrung der Herrschaftsform zum Ausdruck: An die Stelle der halbabsolutistischen Monarchie trat die b\u00fcrgerlich-parlamentarische Republik, die jedoch den alten reaktion\u00e4ren Staatsapparat \u00fcber\u00adnahm.<\/span><\/p>\n<h3 style=\"text-align: justify;\"><span style=\"font-family: verdana, geneva, sans-serif; font-size: 12pt; color: #000000;\">Der Kampf um die demokratischen Rechte und Freiheiten<\/span><\/h3>\n<p style=\"text-align: justify;\"><span style=\"font-family: verdana, geneva, sans-serif; font-size: 12pt; color: #000000;\">Obwohl die Revolution folglich insgesamt eine Niederlage erlitt, d\u00fcrfen ihre positiven Teil\u00adergebnisse nicht untersch\u00e4tzt werden. Schon die Erk\u00e4mpfung der b\u00fcrgerlich-demokratischen Republik, die die Basis f\u00fcr den Kampf um Demokratie, humanistische Gesellschaftsordnung, Frieden, V\u00f6lkerfreundschaft und Sozialismus erweiterte, war von gro\u00dfer Bedeutung f\u00fcr die weitere Entwicklung Deutschlands. Die b\u00fcrgerliche Republik fixierte die von der Arbeiterklasse in der Revolution errungenen demokratischen Rechte und Freiheiten, durch die viele alte Teil\u00adforderungen der Arbeiterbewegung erf\u00fcllt wurden. Zu diesen Errungenschaften geh\u00f6rten das allgemeine Wahlrecht (auch f\u00fcr Frauen), die Koalitions-, Versammlungs- und Pressefreiheit, die Rechte der Betriebsr\u00e4te, der Achtstundentag, die Anerkennung der Tarifvertr\u00e4ge, die Ein\u00adf\u00fchrung der Arbeitslosenunterst\u00fctzung, die Abschaffung der halb feudalen Gesindeordnung auf dem Lande.<\/span><\/p>\n<h3 style=\"text-align: justify;\"><span style=\"font-family: verdana, geneva, sans-serif; font-size: 12pt; color: #000000;\">Auch ein halber Sieg ist eine Niederlage !<\/span><\/h3>\n<p style=\"text-align: justify;\"><span style=\"font-family: verdana, geneva, sans-serif; font-size: 12pt; color: #000000;\">All diese Errungenschaften gingen jedoch nicht \u00fcber den Rahmen b\u00fcrgerlich-parla\u00admentarischer Reformen hinaus. Dabei wurden andere auf der historischen Tagesordnung stehende b\u00fcrgerlich-demokratische Reformen (z.B. die Enteignung des Gro\u00dfgrundbesitzes durch eine Bodenreform, die Abschaffung der Einzelstaaten durch eine Reichsreform, die Entfernung der Junker aus dem Staatsapparat durch eine Verwaltungsreform, die Einf\u00fchrung der W\u00e4hlbarkeit der Richter durch eine Justizreform u.\u00e4.) nicht einmal in Angriff genommen und die erk\u00e4mpften Reformen nicht konsequent zu Ende gef\u00fchrt. Unter dem Deckmantel demokratischer Rechte und Freiheiten wurde die konterrevolution\u00e4re T\u00e4tigkeit legalisiert und den volksfeindlichen Kr\u00e4ften wachsender Einflu\u00df auf das gesellschaftliche Leben gesichert.<\/span><\/p>\n<h3 style=\"text-align: justify;\"><span style=\"font-family: verdana, geneva, sans-serif; font-size: 12pt; color: #000000;\">Das wichtigste Ergebnis der revolution\u00e4ren K\u00e4mpfe<\/span><\/h3>\n<p style=\"text-align: justify;\"><span style=\"font-family: verdana, geneva, sans-serif; font-size: 12pt; color: #000000;\">Die Erfahrungen der Arbeiter, die in der Novemberrevolution die Grundideen des russischen Oktobers verwirklichen wollten, trugen entscheidend zur Weiterentwicklung des Klassenbewu\u00dftseins des deutschen Proletariats bei. Die Arbeiterklasse hatte in den revolution\u00e4ren K\u00e4mpfen unter Beweis gestellt, da\u00df sie die Hauptkraft der Nation, die Vertreterin der wahren Interessen des ganzen werkt\u00e4tigen deutschen Volkes ist. Das wichtigste Ergebnis der Revolution war die Gr\u00fcndung der Kommunistischen Partei Deutschlands.<\/span><\/p>\n<h3 style=\"text-align: justify;\"><span style=\"font-family: verdana, geneva, sans-serif; font-size: 12pt; color: #000000;\">Die internationale Bedeutung der deutschen Revolution <\/span><\/h3>\n<p style=\"text-align: justify;\"><span style=\"font-family: verdana, geneva, sans-serif; font-size: 12pt; color: #000000;\">Die Novemberrevolution hatte gewaltige internationale Bedeutung. Sie war die gr\u00f6\u00dfte antiimperialistische Massenbewegung nach der russischen Oktoberrevolution und befl\u00fcgelte die revolution\u00e4re Bewegung in den \u00fcbrigen euro\u00adp\u00e4ischen L\u00e4ndern. Vor allem war sie eine Hilfe f\u00fcr die junge Sowjetmacht, der sie die Annullie\u00adrung des Brester Raubfriedens und die Befreiung Beloru\u00dflands und der Ukraine erleichterte. Obgleich das Tempo der sozialistischen Weltrevolution durch die Niederlage des deutschen Pro\u00adletariats verlangsamt wurde, versetzte die Revolution in dem h\u00f6chstentwickelten mitteleuro\u00adp\u00e4ischen Lande dem internationalen Imperialismus doch einen schweren Schlag.<\/span><\/p>\n<p style=\"text-align: justify;\"><span style=\"font-size: 10pt;\"><span style=\"font-family: verdana, geneva, sans-serif; color: #000000;\"><strong>Quelle:<\/strong> Deutsche Geschichte Band 3. VEB Deutscher Verlag der Wissenschaften, Berlin 1968, S. 33-35.<br \/>\n<strong>Digitalisierung:<\/strong> Dank an Norbert<\/span><span style=\"font-family: verdana, geneva, sans-serif; color: #ffffff;\">.<\/span><\/span><span style=\"font-family: verdana, geneva, sans-serif; font-size: 10pt; background-color: #e3e3e3;\"><br \/>\n<\/span><span style=\"color: #ffffff;\">.<\/span><\/p>\n<\/div>\n<p style=\"text-align: center;\"><span style=\"font-size: 14pt; font-family: verdana, geneva, sans-serif;\"><em><strong>Lest die Klassiker des Marxismus-Leninismus!<\/strong><\/em><\/span><\/p>\n<table>\n<tbody>\n<tr>\n<td><span style=\"font-family: verdana, geneva, sans-serif;\"><img loading=\"lazy\" decoding=\"async\" class=\"alignnone wp-image-23909\" src=\"https:\/\/rotermorgen.eu\/wp-content\/uploads\/2022\/12\/NR.2-215x300.png\" alt=\"\" width=\"189\" height=\"264\" \/><\/span><\/td>\n<td><span style=\"font-family: verdana, geneva, sans-serif;\"><img loading=\"lazy\" decoding=\"async\" class=\"alignnone wp-image-23910\" src=\"https:\/\/rotermorgen.eu\/wp-content\/uploads\/2022\/12\/NR.3-215x300.png\" alt=\"\" width=\"189\" height=\"264\" \/><\/span><\/td>\n<td><span style=\"font-family: verdana, geneva, sans-serif;\"><img loading=\"lazy\" decoding=\"async\" class=\"alignnone wp-image-23907\" src=\"https:\/\/rotermorgen.eu\/wp-content\/uploads\/2022\/12\/6-215x300.png\" alt=\"\" width=\"190\" height=\"265\" \/><\/span><\/td>\n<td><span style=\"font-family: verdana, geneva, sans-serif;\"><img loading=\"lazy\" decoding=\"async\" class=\"alignnone wp-image-23912\" src=\"https:\/\/rotermorgen.eu\/wp-content\/uploads\/2022\/12\/Nr.5-215x300.png\" alt=\"\" width=\"191\" height=\"266\" \/><\/span><\/td>\n<\/tr>\n<tr>\n<td style=\"text-align: center;\"><span style=\"font-family: verdana, geneva, sans-serif; font-size: 10pt; color: #000000;\">bitte bestellen<\/span><br \/>\n<span style=\"font-family: verdana, geneva, sans-serif; font-size: 12pt;\"><a href=\"https:\/\/rotermorgen.eu\/wp-content\/uploads\/2022\/10\/Leseprobe_was_wollen.pdf\" target=\"_blank\" rel=\"noopener\"><span style=\"font-size: 10pt; color: #993300;\">LESEPROBE<\/span><\/a><\/span><\/td>\n<td style=\"text-align: center;\"><span style=\"font-family: verdana, geneva, sans-serif; font-size: 10pt; color: #000000;\">bitte bestellen<\/span><br \/>\n<a href=\"https:\/\/rotermorgen.eu\/wp-content\/uploads\/2022\/12\/3Grundsaetze-Kopie.pdf\" target=\"_blank\" rel=\"noopener\"><span style=\"font-family: verdana, geneva, sans-serif;\"><span style=\"font-size: 10pt;\"><span style=\"color: #993300;\">LESEPROBE<\/span><\/span><\/span><\/a><\/td>\n<td style=\"text-align: center;\"><span style=\"font-family: verdana, geneva, sans-serif; font-size: 10pt; color: #000000;\">Erscheint im Oktober 2023<\/span><br \/>\n<a href=\"https:\/\/rotermorgen.eu\/wp-content\/uploads\/2022\/12\/6Molotov-Kopie.pdf\" target=\"_blank\" rel=\"noopener\"><span style=\"font-family: verdana, geneva, sans-serif; font-size: 12pt;\"><span style=\"font-size: 10pt;\"><span style=\"color: #993300;\">LESEPROBE<\/span><\/span><\/span><\/a><\/td>\n<td style=\"text-align: center;\"><span style=\"font-family: verdana, geneva, sans-serif; font-size: 10pt; color: #000000;\">Erscheint im Dez. 2023<\/span><br \/>\n<a href=\"https:\/\/rotermorgen.eu\/wp-content\/uploads\/2022\/10\/LENIN_2.Teil-Leseprobe.pdf\" target=\"_blank\" rel=\"noopener\"><span style=\"font-family: verdana, geneva, sans-serif; color: #000000;\"><span style=\"font-size: 10pt; color: #993300;\">LESEPROBE<\/span><\/span><\/a><\/td>\n<\/tr>\n<\/tbody>\n<\/table>\n<table>\n<tbody>\n<tr>\n<td><img loading=\"lazy\" decoding=\"async\" class=\"alignnone wp-image-24078\" src=\"https:\/\/rotermorgen.eu\/wp-content\/uploads\/2040\/10\/Bildschirmfoto-2023-01-01-um-13.51.35-215x300.png\" alt=\"\" width=\"193\" height=\"270\" \/><\/td>\n<td><img loading=\"lazy\" decoding=\"async\" class=\"alignnone wp-image-23911\" src=\"https:\/\/rotermorgen.eu\/wp-content\/uploads\/2022\/12\/NR.4-215x300.png\" alt=\"\" width=\"188\" height=\"263\" \/><\/td>\n<td><img loading=\"lazy\" decoding=\"async\" class=\"alignnone wp-image-23908\" src=\"https:\/\/rotermorgen.eu\/wp-content\/uploads\/2022\/12\/NR.1-215x300.png\" alt=\"\" width=\"187\" height=\"260\" \/><\/td>\n<td><img loading=\"lazy\" decoding=\"async\" class=\"alignnone wp-image-23914\" src=\"https:\/\/rotermorgen.eu\/wp-content\/uploads\/2040\/10\/Klassiker-nachhaltig-antiquarisch-kaufen-215x300-1-215x300.png\" alt=\"\" width=\"186\" height=\"259\" \/><\/td>\n<\/tr>\n<tr>\n<td style=\"text-align: center;\"><span style=\"font-family: verdana, geneva, sans-serif; font-size: 10pt;\">Wir arbeiten dran<br \/>\n<a href=\"https:\/\/rotermorgen.eu\/wp-content\/uploads\/2022\/12\/Begleit.pdf\" target=\"_blank\" rel=\"noopener\"><span style=\"font-size: 12pt;\"><span style=\"color: #993300; font-size: 10pt;\">LESEPROBE<\/span><\/span><\/a><\/span><\/td>\n<td style=\"text-align: center;\"><span style=\"font-family: verdana, geneva, sans-serif; font-size: 10pt;\">Erscheint im M\u00e4rz 2023<br \/>\n<span style=\"color: #993300;\"><a style=\"color: #993300;\" href=\"https:\/\/rotermorgen.eu\/wp-content\/uploads\/2022\/12\/4Enver-Kopie.pdf\" target=\"_blank\" rel=\"noopener\">LESEPROBE<\/a><\/span><br \/>\n<\/span><\/td>\n<td style=\"text-align: center;\"><span style=\"font-family: verdana, geneva, sans-serif; font-size: 10pt;\"><span style=\"color: #000000;\">Neuauflage 2024<\/span><br \/>\n<span style=\"color: #993300;\"><a style=\"color: #993300;\" href=\"https:\/\/rotermorgen.eu\/wp-content\/uploads\/2022\/04\/Lenin_Frieden_Leseprobe.pdf?fbclid=IwAR06P_93tlR3VzV67o1V5l8BLEzc0xrDBCsBgZxKcZB03azLYZAnsf5lgdA\" target=\"_blank\" rel=\"noopener\">LESEPROBE<\/a><\/span><br \/>\n<\/span><\/td>\n<td style=\"text-align: center;\"><span style=\"font-family: verdana, geneva, sans-serif; font-size: 10pt;\"><span style=\"color: #000000;\">hier<\/span><br \/>\n<span style=\"color: #993300;\"><a style=\"color: #993300;\" href=\"https:\/\/www.booklooker.de\/B%C3%BCcher\/Angebote\/autor=Lenin%2C+Marx%2C+Engels%2C+Stalin%2C\" target=\"_blank\" rel=\"noopener\">AUSSUCHEN<\/a><\/span><br \/>\n<\/span><\/td>\n<\/tr>\n<\/tbody>\n<\/table>\n<p style=\"text-align: center;\"><span style=\"font-size: 12pt; font-family: verdana, geneva, sans-serif;\"><span style=\"color: #000000;\"><span style=\"color: #ffffff;\">.<\/span><br \/>\nVorbestellungen unter: <\/span><span style=\"color: #993300;\"><a style=\"color: #993300;\" href=\"mailto:Der_Weg_zur_Partei@gmx.net\" target=\"_blank\" rel=\"noopener\">Der_Weg_zur_Partei@gmx.net<\/a><\/span><\/span><\/p>\n<p style=\"text-align: center;\"><span style=\"font-family: verdana, geneva, sans-serif; font-size: 10pt; color: #000000;\"><span style=\"color: #ffffff;\">.<\/span><br \/>\n<\/span><\/p>\n<p style=\"text-align: center;\"><span style=\"font-family: verdana, geneva, sans-serif; font-size: 10pt;\"><img loading=\"lazy\" decoding=\"async\" class=\" wp-image-23274 aligncenter\" src=\"https:\/\/rotermorgen.eu\/wp-content\/uploads\/2022\/11\/drtz-768x722-1-300x282.png\" alt=\"\" width=\"594\" height=\"558\" \/><span style=\"font-size: 14pt;\"><span style=\"font-size: 12pt;\">Mehr dazu:<\/span> <a href=\"mailto:Info@RoterMorgen.eu\" target=\"_blank\" rel=\"noopener\">Info@RoterMorgen.eu<\/a><\/span><\/span><\/p>\n","protected":false},"excerpt":{"rendered":"<div class=\"mh-excerpt\"><p>Analysiert man die historische Situation in Deutschland, so st\u00f6\u00dft man unweigerlich auf Erscheinungen, die im wesentlichen auch heute noch vorkommen, und die f\u00fcr die kapitalistische <a class=\"mh-excerpt-more\" href=\"http:\/\/www.deanreed.de\/AmericanRebel\/ak\/der-misserfolg-der-deutschen-revolution-1919-und-dessen-langfristige-folgen\/\" title=\"Der Mi\u00dferfolg der deutschen Revolution 1919 und dessen langfristige\u00a0Folgen\">[&#8230;]<\/a><\/p>\n<\/div>","protected":false},"author":4,"featured_media":2312,"comment_status":"open","ping_status":"open","sticky":false,"template":"","format":"standard","meta":{"footnotes":""},"categories":[1],"tags":[],"class_list":["post-2291","post","type-post","status-publish","format-standard","has-post-thumbnail","hentry","category-allgemein"],"yoast_head":"<!-- This site is optimized with the Yoast SEO plugin v26.2 - https:\/\/yoast.com\/wordpress\/plugins\/seo\/ -->\n<title>Der Mi\u00dferfolg der deutschen Revolution 1919 und dessen langfristige\u00a0Folgen - Roter Morgen<\/title>\n<meta name=\"robots\" content=\"index, follow, max-snippet:-1, max-image-preview:large, max-video-preview:-1\" \/>\n<link rel=\"canonical\" href=\"https:\/\/www.deanreed.de\/AmericanRebel\/ak\/der-misserfolg-der-deutschen-revolution-1919-und-dessen-langfristige-folgen\/\" \/>\n<meta property=\"og:locale\" content=\"de_DE\" \/>\n<meta property=\"og:type\" content=\"article\" \/>\n<meta property=\"og:title\" content=\"Der Mi\u00dferfolg der deutschen Revolution 1919 und dessen langfristige\u00a0Folgen - Roter Morgen\" \/>\n<meta property=\"og:description\" content=\"Analysiert man die historische Situation in Deutschland, so st\u00f6\u00dft man unweigerlich auf Erscheinungen, die im wesentlichen auch heute noch vorkommen, und die f\u00fcr die kapitalistische [...]\" \/>\n<meta property=\"og:url\" content=\"https:\/\/www.deanreed.de\/AmericanRebel\/ak\/der-misserfolg-der-deutschen-revolution-1919-und-dessen-langfristige-folgen\/\" \/>\n<meta property=\"og:site_name\" content=\"Roter Morgen\" \/>\n<meta property=\"article:published_time\" content=\"2023-02-28T01:28:39+00:00\" \/>\n<meta property=\"article:modified_time\" content=\"2023-04-08T22:15:23+00:00\" \/>\n<meta property=\"og:image\" content=\"https:\/\/www.deanreed.de\/AmericanRebel\/ak\/wp-content\/uploads\/2023\/02\/277504_original.jpeg\" \/>\n\t<meta property=\"og:image:width\" content=\"640\" \/>\n\t<meta property=\"og:image:height\" content=\"460\" \/>\n\t<meta property=\"og:image:type\" content=\"image\/jpeg\" \/>\n<meta name=\"author\" content=\"Redaktion\" \/>\n<meta name=\"twitter:card\" content=\"summary_large_image\" \/>\n<meta name=\"twitter:label1\" content=\"Verfasst von\" \/>\n\t<meta name=\"twitter:data1\" content=\"Redaktion\" \/>\n\t<meta name=\"twitter:label2\" content=\"Gesch\u00e4tzte Lesezeit\" \/>\n\t<meta name=\"twitter:data2\" content=\"12\u00a0Minuten\" \/>\n<script type=\"application\/ld+json\" class=\"yoast-schema-graph\">{\"@context\":\"https:\/\/schema.org\",\"@graph\":[{\"@type\":\"WebPage\",\"@id\":\"https:\/\/www.deanreed.de\/AmericanRebel\/ak\/der-misserfolg-der-deutschen-revolution-1919-und-dessen-langfristige-folgen\/\",\"url\":\"https:\/\/www.deanreed.de\/AmericanRebel\/ak\/der-misserfolg-der-deutschen-revolution-1919-und-dessen-langfristige-folgen\/\",\"name\":\"Der Mi\u00dferfolg der deutschen Revolution 1919 und dessen langfristige\u00a0Folgen - Roter Morgen\",\"isPartOf\":{\"@id\":\"https:\/\/www.deanreed.de\/AmericanRebel\/ak\/#website\"},\"primaryImageOfPage\":{\"@id\":\"https:\/\/www.deanreed.de\/AmericanRebel\/ak\/der-misserfolg-der-deutschen-revolution-1919-und-dessen-langfristige-folgen\/#primaryimage\"},\"image\":{\"@id\":\"https:\/\/www.deanreed.de\/AmericanRebel\/ak\/der-misserfolg-der-deutschen-revolution-1919-und-dessen-langfristige-folgen\/#primaryimage\"},\"thumbnailUrl\":\"http:\/\/www.deanreed.de\/AmericanRebel\/ak\/wp-content\/uploads\/2023\/02\/277504_original.jpeg\",\"datePublished\":\"2023-02-28T01:28:39+00:00\",\"dateModified\":\"2023-04-08T22:15:23+00:00\",\"author\":{\"@id\":\"https:\/\/www.deanreed.de\/AmericanRebel\/ak\/#\/schema\/person\/1735e67eea57aea7611c691f571924c3\"},\"breadcrumb\":{\"@id\":\"https:\/\/www.deanreed.de\/AmericanRebel\/ak\/der-misserfolg-der-deutschen-revolution-1919-und-dessen-langfristige-folgen\/#breadcrumb\"},\"inLanguage\":\"de\",\"potentialAction\":[{\"@type\":\"ReadAction\",\"target\":[\"https:\/\/www.deanreed.de\/AmericanRebel\/ak\/der-misserfolg-der-deutschen-revolution-1919-und-dessen-langfristige-folgen\/\"]}]},{\"@type\":\"ImageObject\",\"inLanguage\":\"de\",\"@id\":\"https:\/\/www.deanreed.de\/AmericanRebel\/ak\/der-misserfolg-der-deutschen-revolution-1919-und-dessen-langfristige-folgen\/#primaryimage\",\"url\":\"http:\/\/www.deanreed.de\/AmericanRebel\/ak\/wp-content\/uploads\/2023\/02\/277504_original.jpeg\",\"contentUrl\":\"http:\/\/www.deanreed.de\/AmericanRebel\/ak\/wp-content\/uploads\/2023\/02\/277504_original.jpeg\",\"width\":640,\"height\":460,\"caption\":\"Nach den feigen Morden an Rosa Luxemburg und Karl Liebknecht kam es vielerorts zu Demonstrationen, so wie hier in M\u00fcnchen auf der Theresienwiese. (\u00a9 Bundesarchiv, Bild 146-1969-054-36 )\"},{\"@type\":\"BreadcrumbList\",\"@id\":\"https:\/\/www.deanreed.de\/AmericanRebel\/ak\/der-misserfolg-der-deutschen-revolution-1919-und-dessen-langfristige-folgen\/#breadcrumb\",\"itemListElement\":[{\"@type\":\"ListItem\",\"position\":1,\"name\":\"Startseite\",\"item\":\"https:\/\/www.deanreed.de\/AmericanRebel\/ak\/\"},{\"@type\":\"ListItem\",\"position\":2,\"name\":\"Der Mi\u00dferfolg der deutschen Revolution 1919 und dessen langfristige\u00a0Folgen\"}]},{\"@type\":\"WebSite\",\"@id\":\"https:\/\/www.deanreed.de\/AmericanRebel\/ak\/#website\",\"url\":\"https:\/\/www.deanreed.de\/AmericanRebel\/ak\/\",\"name\":\"Roter Morgen\",\"description\":\"Der Weg zur Partei\",\"potentialAction\":[{\"@type\":\"SearchAction\",\"target\":{\"@type\":\"EntryPoint\",\"urlTemplate\":\"https:\/\/www.deanreed.de\/AmericanRebel\/ak\/?s={search_term_string}\"},\"query-input\":{\"@type\":\"PropertyValueSpecification\",\"valueRequired\":true,\"valueName\":\"search_term_string\"}}],\"inLanguage\":\"de\"},{\"@type\":\"Person\",\"@id\":\"https:\/\/www.deanreed.de\/AmericanRebel\/ak\/#\/schema\/person\/1735e67eea57aea7611c691f571924c3\",\"name\":\"Redaktion\",\"url\":\"http:\/\/www.deanreed.de\/AmericanRebel\/ak\/author\/redaktion\/\"}]}<\/script>\n<!-- \/ Yoast SEO plugin. -->","yoast_head_json":{"title":"Der Mi\u00dferfolg der deutschen Revolution 1919 und dessen langfristige\u00a0Folgen - Roter Morgen","robots":{"index":"index","follow":"follow","max-snippet":"max-snippet:-1","max-image-preview":"max-image-preview:large","max-video-preview":"max-video-preview:-1"},"canonical":"https:\/\/www.deanreed.de\/AmericanRebel\/ak\/der-misserfolg-der-deutschen-revolution-1919-und-dessen-langfristige-folgen\/","og_locale":"de_DE","og_type":"article","og_title":"Der Mi\u00dferfolg der deutschen Revolution 1919 und dessen langfristige\u00a0Folgen - Roter Morgen","og_description":"Analysiert man die historische Situation in Deutschland, so st\u00f6\u00dft man unweigerlich auf Erscheinungen, die im wesentlichen auch heute noch vorkommen, und die f\u00fcr die kapitalistische [...]","og_url":"https:\/\/www.deanreed.de\/AmericanRebel\/ak\/der-misserfolg-der-deutschen-revolution-1919-und-dessen-langfristige-folgen\/","og_site_name":"Roter Morgen","article_published_time":"2023-02-28T01:28:39+00:00","article_modified_time":"2023-04-08T22:15:23+00:00","og_image":[{"width":640,"height":460,"url":"https:\/\/www.deanreed.de\/AmericanRebel\/ak\/wp-content\/uploads\/2023\/02\/277504_original.jpeg","type":"image\/jpeg"}],"author":"Redaktion","twitter_card":"summary_large_image","twitter_misc":{"Verfasst von":"Redaktion","Gesch\u00e4tzte Lesezeit":"12\u00a0Minuten"},"schema":{"@context":"https:\/\/schema.org","@graph":[{"@type":"WebPage","@id":"https:\/\/www.deanreed.de\/AmericanRebel\/ak\/der-misserfolg-der-deutschen-revolution-1919-und-dessen-langfristige-folgen\/","url":"https:\/\/www.deanreed.de\/AmericanRebel\/ak\/der-misserfolg-der-deutschen-revolution-1919-und-dessen-langfristige-folgen\/","name":"Der Mi\u00dferfolg der deutschen Revolution 1919 und dessen langfristige\u00a0Folgen - Roter Morgen","isPartOf":{"@id":"https:\/\/www.deanreed.de\/AmericanRebel\/ak\/#website"},"primaryImageOfPage":{"@id":"https:\/\/www.deanreed.de\/AmericanRebel\/ak\/der-misserfolg-der-deutschen-revolution-1919-und-dessen-langfristige-folgen\/#primaryimage"},"image":{"@id":"https:\/\/www.deanreed.de\/AmericanRebel\/ak\/der-misserfolg-der-deutschen-revolution-1919-und-dessen-langfristige-folgen\/#primaryimage"},"thumbnailUrl":"http:\/\/www.deanreed.de\/AmericanRebel\/ak\/wp-content\/uploads\/2023\/02\/277504_original.jpeg","datePublished":"2023-02-28T01:28:39+00:00","dateModified":"2023-04-08T22:15:23+00:00","author":{"@id":"https:\/\/www.deanreed.de\/AmericanRebel\/ak\/#\/schema\/person\/1735e67eea57aea7611c691f571924c3"},"breadcrumb":{"@id":"https:\/\/www.deanreed.de\/AmericanRebel\/ak\/der-misserfolg-der-deutschen-revolution-1919-und-dessen-langfristige-folgen\/#breadcrumb"},"inLanguage":"de","potentialAction":[{"@type":"ReadAction","target":["https:\/\/www.deanreed.de\/AmericanRebel\/ak\/der-misserfolg-der-deutschen-revolution-1919-und-dessen-langfristige-folgen\/"]}]},{"@type":"ImageObject","inLanguage":"de","@id":"https:\/\/www.deanreed.de\/AmericanRebel\/ak\/der-misserfolg-der-deutschen-revolution-1919-und-dessen-langfristige-folgen\/#primaryimage","url":"http:\/\/www.deanreed.de\/AmericanRebel\/ak\/wp-content\/uploads\/2023\/02\/277504_original.jpeg","contentUrl":"http:\/\/www.deanreed.de\/AmericanRebel\/ak\/wp-content\/uploads\/2023\/02\/277504_original.jpeg","width":640,"height":460,"caption":"Nach den feigen Morden an Rosa Luxemburg und Karl Liebknecht kam es vielerorts zu Demonstrationen, so wie hier in M\u00fcnchen auf der Theresienwiese. (\u00a9 Bundesarchiv, Bild 146-1969-054-36 )"},{"@type":"BreadcrumbList","@id":"https:\/\/www.deanreed.de\/AmericanRebel\/ak\/der-misserfolg-der-deutschen-revolution-1919-und-dessen-langfristige-folgen\/#breadcrumb","itemListElement":[{"@type":"ListItem","position":1,"name":"Startseite","item":"https:\/\/www.deanreed.de\/AmericanRebel\/ak\/"},{"@type":"ListItem","position":2,"name":"Der Mi\u00dferfolg der deutschen Revolution 1919 und dessen langfristige\u00a0Folgen"}]},{"@type":"WebSite","@id":"https:\/\/www.deanreed.de\/AmericanRebel\/ak\/#website","url":"https:\/\/www.deanreed.de\/AmericanRebel\/ak\/","name":"Roter Morgen","description":"Der Weg zur Partei","potentialAction":[{"@type":"SearchAction","target":{"@type":"EntryPoint","urlTemplate":"https:\/\/www.deanreed.de\/AmericanRebel\/ak\/?s={search_term_string}"},"query-input":{"@type":"PropertyValueSpecification","valueRequired":true,"valueName":"search_term_string"}}],"inLanguage":"de"},{"@type":"Person","@id":"https:\/\/www.deanreed.de\/AmericanRebel\/ak\/#\/schema\/person\/1735e67eea57aea7611c691f571924c3","name":"Redaktion","url":"http:\/\/www.deanreed.de\/AmericanRebel\/ak\/author\/redaktion\/"}]}},"_links":{"self":[{"href":"http:\/\/www.deanreed.de\/AmericanRebel\/ak\/wp-json\/wp\/v2\/posts\/2291","targetHints":{"allow":["GET"]}}],"collection":[{"href":"http:\/\/www.deanreed.de\/AmericanRebel\/ak\/wp-json\/wp\/v2\/posts"}],"about":[{"href":"http:\/\/www.deanreed.de\/AmericanRebel\/ak\/wp-json\/wp\/v2\/types\/post"}],"author":[{"embeddable":true,"href":"http:\/\/www.deanreed.de\/AmericanRebel\/ak\/wp-json\/wp\/v2\/users\/4"}],"replies":[{"embeddable":true,"href":"http:\/\/www.deanreed.de\/AmericanRebel\/ak\/wp-json\/wp\/v2\/comments?post=2291"}],"version-history":[{"count":1,"href":"http:\/\/www.deanreed.de\/AmericanRebel\/ak\/wp-json\/wp\/v2\/posts\/2291\/revisions"}],"predecessor-version":[{"id":2292,"href":"http:\/\/www.deanreed.de\/AmericanRebel\/ak\/wp-json\/wp\/v2\/posts\/2291\/revisions\/2292"}],"wp:featuredmedia":[{"embeddable":true,"href":"http:\/\/www.deanreed.de\/AmericanRebel\/ak\/wp-json\/wp\/v2\/media\/2312"}],"wp:attachment":[{"href":"http:\/\/www.deanreed.de\/AmericanRebel\/ak\/wp-json\/wp\/v2\/media?parent=2291"}],"wp:term":[{"taxonomy":"category","embeddable":true,"href":"http:\/\/www.deanreed.de\/AmericanRebel\/ak\/wp-json\/wp\/v2\/categories?post=2291"},{"taxonomy":"post_tag","embeddable":true,"href":"http:\/\/www.deanreed.de\/AmericanRebel\/ak\/wp-json\/wp\/v2\/tags?post=2291"}],"curies":[{"name":"wp","href":"https:\/\/api.w.org\/{rel}","templated":true}]}}