{"id":2273,"date":"2023-01-31T01:43:57","date_gmt":"2023-01-31T00:43:57","guid":{"rendered":"http:\/\/www.deanreed.de\/AmericanRebel\/ak\/?p=2273"},"modified":"2023-02-02T19:46:19","modified_gmt":"2023-02-02T18:46:19","slug":"die-psychologie-des-antikommunismus","status":"publish","type":"post","link":"http:\/\/www.deanreed.de\/AmericanRebel\/ak\/die-psychologie-des-antikommunismus\/","title":{"rendered":"Die Psychologie des\u00a0Antikommunismus"},"content":{"rendered":"<p style=\"text-align: justify;\"><span style=\"font-size: 12pt; font-family: verdana, geneva, sans-serif;\"><span style=\"color: #808080;\"><span style=\"color: #000000;\"><strong>Oft sind fortschrittlich denkende Menschen erstaunt dar\u00fcber, wie leicht in der BRD die Menschen, negativ feindlich gegen\u00fcber dem Sozialismus <span id=\"decorator-corrected-entity-id-5\" data-entity-key=\"5\" data-offset-key=\"bluvu-1-0\">beeinflussbar<\/span> <span id=\"decorator-corrected-entity-id-9\" data-entity-key=\"9\" data-offset-key=\"bluvu-3-0\">sind und<\/span> wie sehr sie vom Antikommunismus und vom <span id=\"decorator-corrected-entity-id-12\" data-entity-key=\"12\" data-offset-key=\"bluvu-5-0\">Hass<\/span> auf die DDR und auf den Sozialismus gepr\u00e4gt sind. Zuweilen ist das sogar feststellbar bei Menschen, die die DDR noch erlebt haben und sich freiwillig f\u00fcr das kapitalistische Gesellschaftssystem entschieden haben. Letzteres ist jedoch nicht nur auf eine opportunistische Lebenseinstellung, sondern auch darauf zur\u00fcckzuf\u00fchren, wie die herrschende Klasse der BRD, seit 1990, mit dem Auftrag der Delegitimierung des damaligen Kanzlers <span id=\"decorator-corrected-entity-id-14\" data-entity-key=\"14\" data-offset-key=\"bluvu-7-0\">Kohl, an<\/span> die Geschichte des vom BRD-Imperialismus, immer als feindlich angesehenen antifaschistischen Deutschen Staat heranging.<\/strong><\/span><em><br \/>\n<\/em><\/span><span style=\"font-family: verdana, geneva, sans-serif; font-size: 12pt; color: #ffffff;\">.<\/span><strong><span style=\"font-family: verdana, geneva, sans-serif; font-size: 12pt;\"><br \/>\n<\/span><\/strong><span style=\"font-family: verdana, geneva, sans-serif; font-size: 12pt;\">Der Antikommunismus ist der Kern der b\u00fcrgerlichen Ideologie zur Rechtfertigung des kapitalistischen Gesellschaftssystems und Unterdr\u00fcckung, der revolution\u00e4ren proletarischen Weltanschauung. L\u00fcge, Verleumdung, Schwarzmalerei und F\u00e4lschung der Geschichte geh\u00f6rten und geh\u00f6ren, wie selbstverst\u00e4ndlich, zum Arsenal der Antikommunisten in der BRD. Wenn die DDR und deren gesellschaftlichen Verh\u00e4ltnisse angegriffen werde gilt, das immer dem Sozialismus. Das sich die DDR nach und nach von unseren sozialistischen Idealen verabschiedet hat, wird gewissenhaft verschwiegen.<br \/>\n<span style=\"color: #ffffff;\">.<\/span><br \/>\n<\/span><span style=\"font-family: verdana, geneva, sans-serif; font-size: 12pt;\">Ja, die Entartung der DDR zu einem \u00dcberwachungsstaat, einiger Technokraten und Parteibonzen, mit all den t\u00e4glichen Repressalien gegen das Volk, machte und macht es auch noch heute den rechten Hetzern und <span id=\"decorator-corrected-entity-id-48\" data-entity-key=\"48\" data-offset-key=\"bluvu-1-0\">denen, die<\/span> darunter <span id=\"decorator-corrected-entity-id-53\" data-entity-key=\"53\" data-offset-key=\"bluvu-3-0\">litten, leicht<\/span> gegen den Sozialismus zu hetzen. Der Untergang des ersten antifaschistischen Staates mit einer sozialistischen Verfassung hat aber viel mehr Gr\u00fcnde und das Kriterium, ob ein Staat sozialistisch ist oder nicht, ist nicht der Zustand des Sozialwesens, sondern der Umstand, wer in der Realit\u00e4t die Produktionsmittel besitzt und dar\u00fcber verf\u00fcgt, sowie welche Klasse die alleinige Macht im Staat hat. So ist der Grund der antisozialistischen Hetze, nicht der <span id=\"decorator-corrected-entity-id-62\" data-entity-key=\"62\" data-offset-key=\"bluvu-5-0\">Umstand, <\/span><span id=\"decorator-corrected-entity-id-67\" data-entity-key=\"67\" data-offset-key=\"bluvu-6-0\">dass<\/span> es die DDR gab, sondern <span id=\"decorator-corrected-entity-id-57\" data-entity-key=\"57\" data-offset-key=\"bluvu-8-0\">die<\/span> bittere Angst der Herrschenden vor einer <span id=\"decorator-corrected-entity-id-65\" data-entity-key=\"65\" data-offset-key=\"bluvu-10-0\">Arbeiterklasse, die<\/span> <span class=\"pad__overflow\">ihre Lage erkannt hat und unter F\u00fchrung\u00a0 ihrer marxistisch-leninistischen Partei dem Kapitalismus an den Kragen geht und ihn f\u00fcr immer ausl\u00f6scht!<br \/>\n<\/span><\/span><\/span><\/p>\n<div class=\"\" style=\"text-align: justify;\" data-block=\"true\" data-editor=\"4iq99\" data-offset-key=\"bluvu-0-0\">\n<div class=\"public-DraftStyleDefault-block public-DraftStyleDefault-ltr\" data-offset-key=\"bluvu-0-0\"><span style=\"color: #000000;\"><span style=\"font-family: verdana, geneva, sans-serif; font-size: 12pt;\">Der heutige Antikommunismus hat sich scheinheilig dem Zeitgeist angepasst, nimmt einen \u201akritischen\u2018 Standpunkt gegen\u00fcber der kapitalistischen Gesellschaft ein, um gleichzeitig den Sozialismus zu verunglimpfen. So geht er auch von gro\u00dfen Teilen der Partei &#8222;Die Linke&#8220;, &#8222;den Gr\u00fcnen&#8220; und all den revisionistischen Zirkeln und <span id=\"decorator-corrected-entity-id-78\" data-entity-key=\"78\" data-offset-key=\"bluvu-1-0\">Gruppen<\/span> <span id=\"decorator-corrected-entity-id-85\" data-entity-key=\"85\" data-offset-key=\"bluvu-3-0\">aus, die<\/span> <span id=\"decorator-corrected-entity-id-82\" data-entity-key=\"82\" data-offset-key=\"bluvu-5-0\">meinen, das<\/span> sie schlauer sind als Marx, Engels und Lenin zusammen.<br \/>\n<span style=\"color: #ffffff;\">.<\/span><br \/>\n<\/span><span style=\"font-family: verdana, geneva, sans-serif; font-size: 12pt;\">Der Genosse Norbert G. entdeckte dazu einen Text aus dem Jahre 1969, digitalisierte ihn und ver\u00f6ffentlichte Ausz\u00fcge daraus. Der Historiker <a style=\"color: #000000;\" href=\"https:\/\/de.wikipedia.org\/wiki\/Hans_Beyer_(Historiker)\" target=\"_blank\" rel=\"noopener\">Hans Bayer<\/a> analysiert darin den Antikommunismus als Massenpsychologie. Schon seine Feststellung:<\/span><\/span><\/div>\n<\/div>\n<div class=\"entry-content\">\n<p style=\"text-align: center;\"><span style=\"font-family: verdana, geneva, sans-serif; font-size: 12pt; color: #000000;\"><strong>&#8222;Der Antikommunis\u00admus ist eine Ideologie des Hasses und<br \/>\nder Vergiftung. Sein Ziel ist es, ein Vorurteil, eine<br \/>\nunvern\u00fcnftige, emotional negative Abneigung gegen<br \/>\nden Kommunismus zu erzeugen, um die Menschen<br \/>\nden sachlichen, verstandesm\u00e4\u00dfigen und wissenschaft\u00adlichen<br \/>\nArgumenten gegen\u00fcber unzug\u00e4nglich zu machen.&#8220;<\/strong><br \/>\n<\/span><\/p>\n<div class=\"\" data-block=\"true\" data-editor=\"4iq99\" data-offset-key=\"1maih-0-0\">\n<div class=\"public-DraftStyleDefault-block public-DraftStyleDefault-ltr\" style=\"text-align: justify;\" data-offset-key=\"1maih-0-0\"><span style=\"font-family: verdana, geneva, sans-serif; font-size: 12pt; color: #000000;\">Zeigt <span id=\"decorator-corrected-entity-id-93\" data-entity-key=\"93\" data-offset-key=\"1maih-1-0\">uns, <\/span><span id=\"decorator-corrected-entity-id-95\" data-entity-key=\"95\" data-offset-key=\"1maih-2-0\">dass<\/span> es nicht um vergangene Praktiken der Herrschenden gegen die Klasse der Werkt\u00e4tigen geht, sondern das seine Schrift hochaktuell ist.<\/span><\/div>\n<\/div>\n<div class=\"\" data-block=\"true\" data-editor=\"4iq99\" data-offset-key=\"5k47k-0-0\">\n<div class=\"public-DraftStyleDefault-block public-DraftStyleDefault-ltr\" style=\"text-align: justify;\" data-offset-key=\"5k47k-0-0\"><span style=\"font-family: verdana, geneva, sans-serif; font-size: 12pt; color: #000000;\" data-offset-key=\"5k47k-0-0\">Aber lest selber:<\/span><\/div>\n<\/div>\n<p style=\"text-align: justify;\"><span style=\"font-family: verdana, geneva, sans-serif; font-size: 12pt; color: #000000;\">\u00a0<\/span><\/p>\n<\/div>\n<div class=\"entry-content\">\n<blockquote>\n<p style=\"text-align: justify;\"><span style=\"font-family: verdana, geneva, sans-serif; font-size: 12pt;\"><strong><span style=\"color: #ffffff;\">.<\/span><br \/>\n<span style=\"color: #575252;\">Hans Beyer (<em>Psychologie in unserem Leben&#8220;, Dietz Verlag Berlin 1969<\/em>)<\/span><br \/>\n<\/strong><\/span><\/p>\n<\/blockquote>\n<p style=\"text-align: justify;\"><span style=\"color: #993300; font-size: 14pt;\"><strong><span style=\"font-family: verdana, geneva, sans-serif;\">Antikommunismus und Massenpsychologie<\/span><\/strong><\/span><\/p>\n<p style=\"text-align: justify;\"><span style=\"font-family: verdana, geneva, sans-serif; font-size: 12pt;\">Mit der Psychologie verh\u00e4lt es sich \u00e4hnlich wie mit anderen wissenschaftlichen Disziplinen; ihre Ergebnisse k\u00f6nnen sowohl im Interesse der Menschheit und des Fortschritts als auch f\u00fcr die Vorbereitung und F\u00fchrung des Krieges (psychologische Kriegf\u00fchrung) und besonders f\u00fcr den Antikommunismus ver\u00adwandt werden. Weil sich die Psychologen bei der Erforschung der psychischen T\u00e4tigkeit des Menschen auch mit den Methoden besch\u00e4ftigen, mittels derer in einer gew\u00e4hlten Richtung auf die menschliche Psyche eingewirkt werden kann, wird sie von den Antikommunisten als ein wichtiges Instrument ausgenutzt und mi\u00dfbraucht. In einigen imperialistischen Staaten wurde eine spe\u00adzielle \u201epolitische Psychologie\u201c geschaffen. Als aktuelle Pro\u00adbleme der \u201epolitischen Psychologie\u201c nennt W. Jacobsen u.a.:<\/span><\/p>\n<ul>\n<li><span style=\"font-family: verdana, geneva, sans-serif; font-size: 12pt;\">werbepsychologische Probleme in der politischen Propa\u00adganda (rationale und irrationale, direkte und indirekte Beein\u00adflussungspraktiken);<\/span><\/li>\n<li><span style=\"font-family: verdana, geneva, sans-serif; font-size: 12pt;\">das Problem der Demagogie (Arten und Wirkungen politischer Verf\u00fchrungstechniken, Bereitschaft, Un\u00adglaubw\u00fcrdiges zu glauben);<\/span><\/li>\n<li><span style=\"font-family: verdana, geneva, sans-serif; font-size: 12pt;\">Untersuchung politisch-ideologischer Infiltrationsmethoden und ihrer Wirkungen.<sup>7<\/sup><\/span><\/li>\n<\/ul>\n<p><span style=\"color: #ffffff;\"><strong><span style=\"font-family: verdana, geneva, sans-serif; font-size: 12pt;\"><br \/>\n<\/span><\/strong><\/span><span style=\"color: #993300;\"><strong><span style=\"font-family: verdana, geneva, sans-serif; font-size: 12pt;\">Wie kann man Menschen psychologisch beeinflussen?<\/span><\/strong><\/span><\/p>\n<p style=\"text-align: justify;\"><span style=\"font-family: verdana, geneva, sans-serif; font-size: 12pt;\">Mit Hilfe der Psychologie wird festgestellt, welche Me\u00adthoden und Argumente bei den Massen wirken, welche Leit\u00adbilder und Wunschtr\u00e4ume sich f\u00fcr die antikommunistische Be\u00adeinflussung besonders eignen. Die imperialistische Massenpro\u00adpaganda st\u00fctzt sich hierbei auch auf Erfahrungen der kapitalistischen Reklame, die beim Verkauf von Autos, Staub\u00adsaugern u.a. gesammelt wurden. Darauf beruht die Differen\u00adziertheit der antikommunistischen Propaganda, die sowohl in der Form als auch in der Wahl der Mittel auf die jeweilige Bev\u00f6lkerungsschicht abgestimmt ist.<\/span><\/p>\n<p style=\"text-align: justify;\"><span style=\"font-family: verdana, geneva, sans-serif; font-size: 12pt;\"><strong>Die Argumentation des Antikommunismus ist \u00e4u\u00dferst anpassungsf\u00e4hig, und je nach den Erfordernissen und der Sto\u00dfrichtung werden abweichende und sogar entgegengesetzte, sich widersprechende Argumente benutzt.<br \/>\n<span style=\"color: #ffffff;\">.<\/span><br \/>\n<\/strong><\/span><span style=\"color: #993300;\"><strong><span style=\"font-family: verdana, geneva, sans-serif; font-size: 12pt;\">Warum orientiert sich der Antikommunismus auf die Emtionen?<\/span><\/strong><\/span><\/p>\n<p style=\"text-align: justify;\"><span style=\"font-family: verdana, geneva, sans-serif; font-size: 12pt;\">Die einseitige Orientierung auf die emotionale Seite der menschlichen Pers\u00f6nlichkeit und der Mi\u00dfbrauch psychologi\u00adscher Mittel ergeben sich aus der Tatsache, da\u00df der Antikom\u00admunismus nicht in der Lage ist, sich auf sachlicher, wissen\u00adschaftlicher Ebene mit dem Sozialismus zu messen, und es unm\u00f6glich ist, den Marxismus-Leninismus zu widerlegen sowie die \u00f6konomischen, politischen und kulturellen Erfolge der so\u00adzialistischen Staaten zu leugnen.<br \/>\n<span style=\"color: #ffffff;\">.<\/span><br \/>\n<\/span><strong><span style=\"font-family: verdana, geneva, sans-serif; font-size: 12pt;\">Welches Ziel verfolgt die antikommunistische Massenpropaganda <\/span><span style=\"font-family: verdana, geneva, sans-serif; font-size: 12pt;\">mit der emotionalen Orientierung?<\/span><\/strong><\/p>\n<p style=\"text-align: justify;\"><span style=\"font-family: verdana, geneva, sans-serif; font-size: 12pt;\">Der Antikommunis\u00admus ist eine Ideologie des Hasses und der Vergiftung. Sein Ziel ist es, ein Vorurteil, eine unvern\u00fcnftige, emotional negative Abneigung gegen den Kommunismus zu erzeugen, um die Menschen den sachlichen, verstandesm\u00e4\u00dfigen und wissenschaft\u00adlichen Argumenten gegen\u00fcber unzug\u00e4nglich zu machen. Der Mi\u00dfbrauch menschlicher Gef\u00fchle ist ein Grundzug der imperia\u00adlistischen Massenpsychologie. In seiner Schrift \u201ePsychologie der Massen\u201c erkl\u00e4rt Le Bon:<\/span><\/p>\n<p><span style=\"font-family: verdana, geneva, sans-serif; font-size: 12pt;\">\u201eBei der Aufz\u00e4hlung der Faktoren, die imstande sind, die Menschenseele zu erregen, k\u00f6nnten wir uns die Erw\u00e4hnung der Vernunft ersparen, wenn man nicht den negativen Wert ihres Einflusses aufzeigen m\u00fc\u00dfte.\u201c<sup>8<\/sup><br \/>\n<span style=\"color: #ffffff;\">.<\/span><br \/>\n<\/span><span style=\"color: #993300;\"><strong><span style=\"font-family: verdana, geneva, sans-serif; font-size: 12pt;\">Warum gelingt es den Faschisten die Massen zu beeinflussen?<\/span><\/strong><\/span><\/p>\n<p style=\"text-align: justify;\"><span style=\"font-family: verdana, geneva, sans-serif; font-size: 12pt;\">Die Nazis wandten die imperialistische Massenpsychologie in allen Bereichen der Massenarbeit und Propaganda an; es gelang ihnen, die Mehrheit der deutschen Jugend emotional derma\u00dfen zu verseuchen, da\u00df diese einer verstandesm\u00e4\u00dfigen Argumentation weitestgehend verschlossen war. Heute st\u00fctzen sich die antikommunistischen Ideologen in Westdeutschland auf die imperialistische Massenpsychologie und die Erfahrun\u00adgen aus der Nazizeit. Wir reden bei Diskussionen mit west\u00addeutschen B\u00fcrgern oft an ihnen \u201evorbei\u201c, weil sie h\u00e4ufig starke Vorurteile gegen unsere Gesellschaftsordnung, unsere Politik und gegen den Kommunismus \u00fcberhaupt haben. Eine emotio\u00adnal negative Einstellung zum Kommunismus hindert an der rationalen Erkenntnis.<br \/>\n<\/span><span style=\"color: #ffffff;\"><strong><span style=\"font-family: verdana, geneva, sans-serif; font-size: 12pt;\">.<br \/>\n<\/span><\/strong><\/span><span style=\"font-size: 14pt;\"><strong><span style=\"font-family: verdana, geneva, sans-serif; color: #993300;\">Die geheimen Methoden der faschistischen Infiltration<\/span><\/strong><\/span><\/p>\n<p style=\"text-align: justify;\"><span style=\"font-family: verdana, geneva, sans-serif; font-size: 12pt;\">Diese Feststellung wird durch eine so\u00adziologische Untersuchung, die im Auftrage des \u201eArbeitskreises f\u00fcr politische Psychologie und Soziologie\u201c in verschiedenen Orten des Rhein-Ruhr-Gebietes \u00fcber die \u201eKommunistische Infiltration\u201c durchgef\u00fchrt wurde, best\u00e4tigt.<sup>9<\/sup> Als Ergebnis der Befragung wird festgestellt, da\u00df die Zahl derjenigen Personen, \u201edie \u00fcber eine mindestens zureichende Kenntnis des kommu\u00adnistischen Systems\u201c verf\u00fcgt, \u201everh\u00e4ltnism\u00e4\u00dfig gering ist\u201c.<sup>10<\/sup> Am Beispiel der Antworten einiger \u00fcber \u201eVorstellungen von m\u00f6glichen Abwehr- und Gegenma\u00dfnahmen\u201c Befragter wird verdeutlicht, wie die emotional negative antikommunistische Einstellung vieler Bundesb\u00fcrger zustande kommt.<\/span><\/p>\n<ul>\n<li><span style=\"font-family: verdana, geneva, sans-serif; font-size: 12pt;\"><em><strong>Ein h\u00f6herer Beamter erkl\u00e4rte:<\/strong><\/em> \u201eDie Leute sind dumm, man mu\u00df ihnen mit einfachen Beispielen kommen, die selbst so ein Arbeiter\u00b7 ver\u00adsteht \u2026 Wir werden alles Schlechte als kommunistisch be\u00adzeichnen, dann begreifen die, was Kommunismus ist.\u201c<sup>11<\/sup><\/span><\/li>\n<li><span style=\"font-family: verdana, geneva, sans-serif; font-size: 12pt;\">\u201eEs ist unsere Aufgabe\u201c, <em><strong>so \u00e4u\u00dferte ein Kulturpolitiker (!)<\/strong><\/em>, ,,die Jugend und die breite Masse zu immunisieren, sie also \u00fcber den Kommunismus aufzukl\u00e4ren. Das bedeutet, da\u00df wir sorgsam abschirmen m\u00fcssen, so da\u00df sie nicht mit-Kommunisten und mit kommunistischen Parolen in Ber\u00fchrung kommt.\u201c<sup>12<\/sup><\/span><\/li>\n<li><span style=\"font-family: verdana, geneva, sans-serif; font-size: 12pt;\"><em><strong>\u00c4hnlich \u00e4u\u00dferte sich ein Studienrat<\/strong>:<\/em> \u201eVor allem die Jugend m\u00fcssen wir immunisieren; das m\u00fcssen wir rechtzeitig tun, denn die Jugend ist anf\u00e4llig f\u00fcr radikale Tendenzen. Das beste w\u00e4re eine streng abgeschlossene Erziehung und da\u00df die Jugendlichen von allen kommunistischen Einfl\u00fcssen weggehalten werden \u2026 Man mu\u00df ihnen einh\u00e4mmern, da\u00df der Kommunismus gef\u00e4hrlich und kein Umgang f\u00fcr einen wohlerzogenen und gebildeten Menschen sein kann. Und da\u00df man sich vor jeder Ber\u00fchrung mit kommu\u00adnistischen Gedanken sch\u00fctzen mu\u00df.\u201c<sup>13<\/sup><\/span><\/li>\n<li><span style=\"font-family: verdana, geneva, sans-serif; font-size: 12pt;\"><em><strong>Symptomatisch ist auch die Antwort eines CDU-Funktion\u00e4rs<\/strong>:<\/em> \u201eIhre Frage nach der Objektivit\u00e4t ist irref\u00fchrend \u2026 Wer Objektivit\u00e4t zu suchen vorgibt, der f\u00fchrt etwas Schlechtes im Schilde. Mit solchen Phrasen will man das gesunde Volksempfinden zersetzen. Wir d\u00fcrfen, um Himmels willen, doch nicht mit den Kommunisten ,objektiv\u2018 diskutieren, so arbeiten wir doch dem Kommunis\u00admus in die H\u00e4nde. Die dumme Masse versteht doch das nicht. Die l\u00e4uft hinter jedem Dummkopf her, wenn der von Objektivi\u00adt\u00e4t redet. Der Kommunismus versucht doch \u00fcber die Hintert\u00fcr der sogenannten Objektivit\u00e4t einzubrechen, sich einzuschleichen, das war schon immer so.\u201c<sup>14<\/sup><br \/>\n<\/span><\/li>\n<\/ul>\n<p><span style=\"color: #993300;\"><strong><span style=\"font-family: verdana, geneva, sans-serif; font-size: 12pt;\">Die Dummheit und Primitivit\u00e4t der geistigen \u201eElite\u201c<\/span><\/strong><\/span><\/p>\n<p style=\"text-align: justify;\"><span style=\"font-family: verdana, geneva, sans-serif; font-size: 12pt;\">Diese \u00c4u\u00dferungen verraten nicht nur ein erschreckend nied\u00adriges geistiges Niveau von Leuten, die sich h\u00f6chstwahrscheinlieh zur \u201egeistigen Elite\u201c der Bundesrepublik z\u00e4hlen, sie offen\u00adbaren vor allem, da\u00df es ihnen nicht um eine sachliche Ausein\u00adandersetzung mit den Kommunisten oder um eine Widerlegung des Marxismus- Leninismus geht. \u201eAufkl\u00e4rung\u201c ist f\u00fcr sie identisch mit \u201eAbschirmung\u201c und \u201eImmunisierung\u201c. Es geht ihnen um die Erzeugung einer emotional negativen Grund\u00adhaltung gegen\u00fcber der marxistisch-leninistischen Weltanschau\u00adung und der kommunistischen Bewegung. Das Vorhandensein einer solchen Haltung bei weiten Kreisen der westdeutschen Bev\u00f6lkerung mu\u00df in den Diskussionen mit Bundesb\u00fcrgern unbedingt ber\u00fccksichtigt werden.<br \/>\n<span style=\"color: #ffffff;\">.<\/span><br \/>\n<\/span><span style=\"color: #993300;\"><strong><span style=\"font-family: verdana, geneva, sans-serif; font-size: 12pt;\">Was ist der Zweck der sozialistischen Propaganda?<\/span><\/strong><\/span><\/p>\n<p style=\"text-align: justify;\"><span style=\"font-family: verdana, geneva, sans-serif; font-size: 12pt;\">Unsere Propagandat\u00e4tigkeit ist im Gegensatz dazu auf die F\u00f6rderung des politischen Denkverm\u00f6gens der B\u00fcrger unserer Republik gerichtet. Das hei\u00dft jedoch nicht, da\u00df wir die emotio\u00adnale Seite des Erziehungsprozesses nicht beachten.<\/span><\/p>\n<p><span style=\"font-family: verdana, geneva, sans-serif; font-size: 12pt;\"><em><strong>Lenin<\/strong> er\u00adkl\u00e4rte,<\/em> \u201eda\u00df es ohne ,menschliche Emotionen\u2018 niemals ein Suchen der Menschen nach der Wahrheit gegeben hat, gibt und geben kann\u201c.<sup>15<\/sup><\/span><\/p>\n<p style=\"text-align: justify;\"><span style=\"font-family: verdana, geneva, sans-serif; font-size: 12pt;\">Das Denken der Menschen ist immer \u2013 unterschied\u00adlich stark \u2013 durch das Gef\u00fchl gef\u00e4rbt. In den Gef\u00fchlen spie\u00adgelt der Mensch seine Beziehungen zur Wirklichkeit in der Form des Erlebens wider, und diese k\u00f6nnen positiv oder negativ sein. Eine emotional positive Einstellung wirkt sich auf die rationale Erkenntnis vorteilhaft aus, w\u00e4hrend die emotional negative Einstellung die rationale Erkenntnis hemmt.<br \/>\n<span style=\"color: #ffffff;\">.<\/span><br \/>\n<\/span><strong><span style=\"font-family: verdana, geneva, sans-serif; font-size: 12pt; color: #993300;\">Und was ist mit den geistig Zur\u00fcckgebliebenen?<\/span><\/strong><\/p>\n<p style=\"text-align: justify;\"><span style=\"font-family: verdana, geneva, sans-serif; font-size: 12pt;\">Ferner m\u00fcssen wir ber\u00fccksichtigen, da\u00df die emotional negative Ein\u00adstellung mehr oder weniger stark erhalten bleiben kann, auch wenn der Betreffende die Richtigkeit des Marxismus-Leninis\u00admus und unsere gesamte Politik verstandesm\u00e4\u00dfig anerkennt, aber auf Grund der noch nicht restlos \u00fcberwundenen emotio\u00adnal negativen Einstellung noch Zweifel in sich tr\u00e4gt. Daraus wird deutlich, wie notwendig es ist, die emotionale Einstellung der Menschen in der politisch-ideologischen Arbeit zu ber\u00fcck\u00adsichtigen. Dieses Problem ist f\u00fcr alle Propagandisten von gro\u00ad\u00dfer Bedeutung.<\/span><\/p>\n<p style=\"text-align: justify;\"><span style=\"font-family: verdana, geneva, sans-serif; font-size: 12pt;\">Auch in der sozialistischen Gesellschaft existieren nach der Errichtung der politischen Herrschaft der Arbeiterklasse f\u00fcr einen l\u00e4ngeren Zeitraum kleinb\u00fcrgerliche Schichten, und noch l\u00e4nger bleiben kleinb\u00fcrgerliche Anschauungen und Denkweisen bestehen.<sup>16<\/sup><\/span><\/p>\n<p style=\"text-align: left;\"><span style=\"font-family: verdana, geneva, sans-serif; font-size: 10pt;\"><strong>Quelle:<\/strong><\/span><br \/>\n<span style=\"font-family: verdana, geneva, sans-serif; font-size: 10pt;\"><span style=\"color: #000000;\"><a style=\"color: #000000;\" href=\"https:\/\/de.wikipedia.org\/wiki\/Hans_Beyer_(Historiker)\" target=\"_blank\" rel=\"noopener\">Hans Beyer<\/a>: Antikommunismus und Massenpsychologie. In: Vorholzer\/Rum\/M\u00e4der (Hrsg.): Psychologie in unserem Leben. Dietz Verlag Berlin 19<\/span>69, Seite 462-465 (Auszug; bearbeitet. von Norbert G.)<\/span><\/p>\n<p style=\"text-align: left;\"><span style=\"font-family: verdana, geneva, sans-serif; font-size: 10pt;\"><strong>Zitate:<\/strong><\/span><br \/>\n<span style=\"font-family: verdana, geneva, sans-serif; font-size: 10pt;\">[7] W. Jacobsen: Was ist \u201epolitische Psychologie\u201c? <\/span><br \/>\n<span style=\"font-family: verdana, geneva, sans-serif; font-size: 10pt;\">[8] G. Le Bon: Psychologie der Massen, S.93.<\/span><br \/>\n<span style=\"font-family: verdana, geneva, sans-serif; font-size: 10pt;\">[9] H. Wolf: Vorstellungen \u00fcber den Kommunismus. In: Politische Psychologie als Aufgaben unserer Zeit. S. 63ff.<\/span><br \/>\n<span style=\"font-family: verdana, geneva, sans-serif; font-size: 10pt;\">[10] Ebenda, S. 83.<\/span><br \/>\n<span style=\"font-family: verdana, geneva, sans-serif; font-size: 10pt;\">[11] Ebenda, S. 74.<\/span><br \/>\n<span style=\"font-family: verdana, geneva, sans-serif; font-size: 10pt;\">[12] Ebenda, S. 78.<\/span><br \/>\n<span style=\"font-family: verdana, geneva, sans-serif; font-size: 10pt;\">[13] Ebenda, S 78f.<\/span><br \/>\n<span style=\"font-family: verdana, geneva, sans-serif; font-size: 10pt;\">[14] Ebenda, S. 79.<\/span><br \/>\n<span style=\"font-family: verdana, geneva, sans-serif; font-size: 10pt;\">[15] W.I. Lenin: Rezension zu N.A. Rubakin, \u201eUnter B\u00fcchern\u201c. In; Werke, Bd. 20, S.257.<\/span><br \/>\n<span style=\"font-family: verdana, geneva, sans-serif; font-size: 10pt;\">[16] Denken und F\u00fchlen in unserer Zeit (Thesen), im vorliegenden Band (Psychologie in unserem Leben), S. 496.<\/span><\/p>\n<\/div>\n<p style=\"text-align: justify;\"><span style=\"font-family: verdana, geneva, sans-serif; font-size: 10pt; color: #ffffff;\">.<\/span><br \/>\n<span style=\"font-family: verdana, geneva, sans-serif; font-size: 10pt; background-color: #e3e3e3;\">Eine Weiterver\u00f6ffentlichung dieses Textes ist gem\u00e4\u00df einer <a style=\"color: #000000; background-color: #e3e3e3;\" href=\"https:\/\/creativecommons.org\/licenses\/by-nc-sa\/4.0\/deed.de\">Creative Commons 4.0 International Lizenz<\/a> ausdr\u00fccklich erw\u00fcnscht. (Unter gleichen Bedingungen: unkommerziell, Nennung der <a style=\"color: #000000; background-color: #e3e3e3;\" href=\"http:\/\/derwegzurpartei.de\/\">verlinkten Quelle<\/a> (\u00bbDer Weg zur Partei\u00ab) mit Erscheinungsdatum).<br \/>\n<\/span><span style=\"color: #ffffff;\">.<\/span><\/p>\n<p style=\"text-align: center;\"><span style=\"font-size: 14pt; font-family: verdana, geneva, sans-serif;\"><em><strong>Lest die Klassiker des Marxismus-Leninismus!<\/strong><\/em><\/span><\/p>\n<table>\n<tbody>\n<tr>\n<td><span style=\"font-family: verdana, geneva, sans-serif;\"><img loading=\"lazy\" decoding=\"async\" class=\"alignnone wp-image-23909\" src=\"https:\/\/rotermorgen.eu\/wp-content\/uploads\/2022\/12\/NR.2-215x300.png\" alt=\"\" width=\"189\" height=\"264\" \/><\/span><\/td>\n<td><span style=\"font-family: verdana, geneva, sans-serif;\"><img loading=\"lazy\" decoding=\"async\" class=\"alignnone wp-image-23910\" src=\"https:\/\/rotermorgen.eu\/wp-content\/uploads\/2022\/12\/NR.3-215x300.png\" alt=\"\" width=\"189\" height=\"264\" \/><\/span><\/td>\n<td><span style=\"font-family: verdana, geneva, sans-serif;\"><img loading=\"lazy\" decoding=\"async\" class=\"alignnone wp-image-23907\" src=\"https:\/\/rotermorgen.eu\/wp-content\/uploads\/2022\/12\/6-215x300.png\" alt=\"\" width=\"190\" height=\"265\" \/><\/span><\/td>\n<td><span style=\"font-family: verdana, geneva, sans-serif;\"><img loading=\"lazy\" decoding=\"async\" class=\"alignnone wp-image-23912\" src=\"https:\/\/rotermorgen.eu\/wp-content\/uploads\/2022\/12\/Nr.5-215x300.png\" alt=\"\" width=\"191\" height=\"266\" \/><\/span><\/td>\n<\/tr>\n<tr>\n<td style=\"text-align: center;\"><span style=\"font-family: verdana, geneva, sans-serif; font-size: 10pt; color: #000000;\">Erscheint Febr. 2023<\/span><br \/>\n<span style=\"font-family: verdana, geneva, sans-serif; font-size: 12pt;\"><a href=\"https:\/\/rotermorgen.eu\/wp-content\/uploads\/2022\/10\/Leseprobe_was_wollen.pdf\" target=\"_blank\" rel=\"noopener\"><span style=\"font-size: 10pt; color: #993300;\">LESEPROBE<\/span><\/a><\/span><\/td>\n<td style=\"text-align: center;\"><span style=\"font-family: verdana, geneva, sans-serif; font-size: 10pt; color: #000000;\">Erscheint Febr. 2023<\/span><br \/>\n<a href=\"https:\/\/rotermorgen.eu\/wp-content\/uploads\/2022\/12\/3Grundsaetze-Kopie.pdf\" target=\"_blank\" rel=\"noopener\"><span style=\"font-family: verdana, geneva, sans-serif;\"><span style=\"font-size: 10pt;\"><span style=\"color: #993300;\">LESEPROBE<\/span><\/span><\/span><\/a><\/td>\n<td style=\"text-align: center;\"><span style=\"font-family: verdana, geneva, sans-serif; font-size: 10pt; color: #000000;\">Erscheint Okt. 2023<\/span><br \/>\n<a href=\"https:\/\/rotermorgen.eu\/wp-content\/uploads\/2022\/12\/6Molotov-Kopie.pdf\" target=\"_blank\" rel=\"noopener\"><span style=\"font-family: verdana, geneva, sans-serif; font-size: 12pt;\"><span style=\"font-size: 10pt;\"><span style=\"color: #993300;\">LESEPROBE<\/span><\/span><\/span><\/a><\/td>\n<td style=\"text-align: center;\"><span style=\"font-family: verdana, geneva, sans-serif; font-size: 10pt; color: #000000;\">Erscheint Dez. 2023<\/span><br \/>\n<a href=\"https:\/\/rotermorgen.eu\/wp-content\/uploads\/2022\/10\/LENIN_2.Teil-Leseprobe.pdf\" target=\"_blank\" rel=\"noopener\"><span style=\"font-family: verdana, geneva, sans-serif; color: #000000;\"><span style=\"font-size: 10pt; color: #993300;\">LESEPROBE<\/span><\/span><\/a><\/td>\n<\/tr>\n<\/tbody>\n<\/table>\n<table>\n<tbody>\n<tr>\n<td><img loading=\"lazy\" decoding=\"async\" class=\"alignnone wp-image-2049\" src=\"http:\/\/www.deanreed.de\/AmericanRebel\/ak\/wp-content\/uploads\/2038\/08\/Bildschirmfoto-2023-01-01-um-13.51.35-215x300.png\" alt=\"\" width=\"192\" height=\"268\" srcset=\"http:\/\/www.deanreed.de\/AmericanRebel\/ak\/wp-content\/uploads\/2038\/08\/Bildschirmfoto-2023-01-01-um-13.51.35-215x300.png 215w, http:\/\/www.deanreed.de\/AmericanRebel\/ak\/wp-content\/uploads\/2038\/08\/Bildschirmfoto-2023-01-01-um-13.51.35.png 645w\" sizes=\"auto, (max-width: 192px) 100vw, 192px\" \/><\/td>\n<td><img loading=\"lazy\" decoding=\"async\" class=\"alignnone wp-image-23911\" src=\"https:\/\/rotermorgen.eu\/wp-content\/uploads\/2022\/12\/NR.4-215x300.png\" alt=\"\" width=\"188\" height=\"263\" \/><\/td>\n<td><img loading=\"lazy\" decoding=\"async\" class=\"alignnone wp-image-23908\" src=\"https:\/\/rotermorgen.eu\/wp-content\/uploads\/2022\/12\/NR.1-215x300.png\" alt=\"\" width=\"187\" height=\"260\" \/><\/td>\n<td><img loading=\"lazy\" decoding=\"async\" class=\"alignnone wp-image-23914\" src=\"https:\/\/rotermorgen.eu\/wp-content\/uploads\/2040\/10\/Klassiker-nachhaltig-antiquarisch-kaufen-215x300-1-215x300.png\" alt=\"\" width=\"186\" height=\"259\" \/><\/td>\n<\/tr>\n<tr>\n<td style=\"text-align: center;\"><span style=\"font-family: verdana, geneva, sans-serif; font-size: 10pt;\">Erscheint 2023<br \/>\n<a href=\"https:\/\/rotermorgen.eu\/wp-content\/uploads\/2022\/12\/Begleit.pdf\" target=\"_blank\" rel=\"noopener\"><span style=\"font-size: 12pt;\"><span style=\"color: #993300; font-size: 10pt;\">LESEPROBE<\/span><\/span><\/a><\/span><\/td>\n<td style=\"text-align: center;\"><span style=\"font-family: verdana, geneva, sans-serif; font-size: 10pt;\">Erscheint 2024<br \/>\n<span style=\"color: #993300;\"><a style=\"color: #993300;\" href=\"https:\/\/rotermorgen.eu\/wp-content\/uploads\/2022\/12\/4Enver-Kopie.pdf\" target=\"_blank\" rel=\"noopener\">LESEPROBE<\/a><\/span><br \/>\n<\/span><\/td>\n<td style=\"text-align: center;\"><span style=\"font-family: verdana, geneva, sans-serif; font-size: 10pt;\"><span style=\"color: #000000;\">Neuauflage 2024<\/span><br \/>\n<span style=\"color: #993300;\"><a style=\"color: #993300;\" href=\"https:\/\/rotermorgen.eu\/wp-content\/uploads\/2022\/04\/Lenin_Frieden_Leseprobe.pdf?fbclid=IwAR06P_93tlR3VzV67o1V5l8BLEzc0xrDBCsBgZxKcZB03azLYZAnsf5lgdA\" target=\"_blank\" rel=\"noopener\">LESEPROBE<\/a><\/span><br \/>\n<\/span><\/td>\n<td style=\"text-align: center;\"><span style=\"font-family: verdana, geneva, sans-serif; font-size: 10pt;\"><span style=\"color: #000000;\">hier<\/span><br \/>\n<span style=\"color: #993300;\"><a style=\"color: #993300;\" href=\"https:\/\/www.booklooker.de\/B%C3%BCcher\/Angebote\/autor=Lenin%2C+Marx%2C+Engels%2C+Stalin%2C\" target=\"_blank\" rel=\"noopener\">AUSSUCHEN<\/a><\/span><br \/>\n<\/span><\/td>\n<\/tr>\n<\/tbody>\n<\/table>\n<p style=\"text-align: center;\"><span style=\"font-size: 12pt; font-family: verdana, geneva, sans-serif;\"><span style=\"color: #000000;\"><span style=\"color: #ffffff;\">.<\/span><br \/>\nVorbestellungen unter: <\/span><span style=\"color: #993300;\"><a style=\"color: #993300;\" href=\"mailto:Der_Weg_zur_Partei@gmx.net\" target=\"_blank\" rel=\"noopener\">Der_Weg_zur_Partei@gmx.net<\/a><\/span><\/span><\/p>\n<p style=\"text-align: center;\"><span style=\"font-family: verdana, geneva, sans-serif; font-size: 10pt; color: #000000;\"><span style=\"color: #ffffff;\">.<\/span><br \/>\n<\/span><\/p>\n<p style=\"text-align: center;\"><span style=\"font-family: verdana, geneva, sans-serif; font-size: 10pt;\"><img loading=\"lazy\" decoding=\"async\" class=\" wp-image-23274 aligncenter\" src=\"https:\/\/rotermorgen.eu\/wp-content\/uploads\/2022\/11\/drtz-768x722-1-300x282.png\" alt=\"\" width=\"594\" height=\"558\" \/><span style=\"font-size: 14pt;\"><span style=\"font-size: 12pt;\">Mehr dazu:<\/span> <a href=\"mailto:Info@RoterMorgen.eu\" target=\"_blank\" rel=\"noopener\">Info@RoterMorgen.eu<\/a><\/span><\/span><\/p>\n","protected":false},"excerpt":{"rendered":"<div class=\"mh-excerpt\"><p>Oft sind fortschrittlich denkende Menschen erstaunt dar\u00fcber, wie leicht in der BRD die Menschen, negativ feindlich gegen\u00fcber dem Sozialismus beeinflussbar sind und wie sehr sie <a class=\"mh-excerpt-more\" href=\"http:\/\/www.deanreed.de\/AmericanRebel\/ak\/die-psychologie-des-antikommunismus\/\" title=\"Die Psychologie des\u00a0Antikommunismus\">[&#8230;]<\/a><\/p>\n<\/div>","protected":false},"author":4,"featured_media":2276,"comment_status":"open","ping_status":"open","sticky":false,"template":"","format":"standard","meta":{"footnotes":""},"categories":[1],"tags":[],"class_list":["post-2273","post","type-post","status-publish","format-standard","has-post-thumbnail","hentry","category-allgemein"],"yoast_head":"<!-- This site is optimized with the Yoast SEO plugin v26.2 - https:\/\/yoast.com\/wordpress\/plugins\/seo\/ -->\n<title>Die Psychologie des\u00a0Antikommunismus - Roter Morgen<\/title>\n<meta name=\"robots\" content=\"index, follow, max-snippet:-1, max-image-preview:large, max-video-preview:-1\" \/>\n<link rel=\"canonical\" href=\"http:\/\/www.deanreed.de\/AmericanRebel\/ak\/die-psychologie-des-antikommunismus\/\" \/>\n<meta property=\"og:locale\" content=\"de_DE\" \/>\n<meta property=\"og:type\" content=\"article\" \/>\n<meta property=\"og:title\" content=\"Die Psychologie des\u00a0Antikommunismus - Roter Morgen\" \/>\n<meta property=\"og:description\" content=\"Oft sind fortschrittlich denkende Menschen erstaunt dar\u00fcber, wie leicht in der BRD die Menschen, negativ feindlich gegen\u00fcber dem Sozialismus beeinflussbar sind und wie sehr sie [...]\" \/>\n<meta property=\"og:url\" content=\"http:\/\/www.deanreed.de\/AmericanRebel\/ak\/die-psychologie-des-antikommunismus\/\" \/>\n<meta property=\"og:site_name\" content=\"Roter Morgen\" \/>\n<meta property=\"article:published_time\" content=\"2023-01-31T00:43:57+00:00\" \/>\n<meta property=\"article:modified_time\" content=\"2023-02-02T18:46:19+00:00\" \/>\n<meta property=\"og:image\" content=\"http:\/\/www.deanreed.de\/AmericanRebel\/ak\/wp-content\/uploads\/2023\/01\/sale.png\" \/>\n\t<meta property=\"og:image:width\" content=\"640\" \/>\n\t<meta property=\"og:image:height\" content=\"460\" \/>\n\t<meta property=\"og:image:type\" content=\"image\/png\" \/>\n<meta name=\"author\" content=\"Redaktion\" \/>\n<meta name=\"twitter:card\" content=\"summary_large_image\" \/>\n<meta name=\"twitter:label1\" content=\"Verfasst von\" \/>\n\t<meta name=\"twitter:data1\" content=\"Redaktion\" \/>\n\t<meta name=\"twitter:label2\" content=\"Gesch\u00e4tzte Lesezeit\" \/>\n\t<meta name=\"twitter:data2\" content=\"10\u00a0Minuten\" \/>\n<script type=\"application\/ld+json\" class=\"yoast-schema-graph\">{\"@context\":\"https:\/\/schema.org\",\"@graph\":[{\"@type\":\"WebPage\",\"@id\":\"http:\/\/www.deanreed.de\/AmericanRebel\/ak\/die-psychologie-des-antikommunismus\/\",\"url\":\"http:\/\/www.deanreed.de\/AmericanRebel\/ak\/die-psychologie-des-antikommunismus\/\",\"name\":\"Die Psychologie des\u00a0Antikommunismus - Roter Morgen\",\"isPartOf\":{\"@id\":\"https:\/\/www.deanreed.de\/AmericanRebel\/ak\/#website\"},\"primaryImageOfPage\":{\"@id\":\"http:\/\/www.deanreed.de\/AmericanRebel\/ak\/die-psychologie-des-antikommunismus\/#primaryimage\"},\"image\":{\"@id\":\"http:\/\/www.deanreed.de\/AmericanRebel\/ak\/die-psychologie-des-antikommunismus\/#primaryimage\"},\"thumbnailUrl\":\"http:\/\/www.deanreed.de\/AmericanRebel\/ak\/wp-content\/uploads\/2023\/01\/sale.png\",\"datePublished\":\"2023-01-31T00:43:57+00:00\",\"dateModified\":\"2023-02-02T18:46:19+00:00\",\"author\":{\"@id\":\"https:\/\/www.deanreed.de\/AmericanRebel\/ak\/#\/schema\/person\/1735e67eea57aea7611c691f571924c3\"},\"breadcrumb\":{\"@id\":\"http:\/\/www.deanreed.de\/AmericanRebel\/ak\/die-psychologie-des-antikommunismus\/#breadcrumb\"},\"inLanguage\":\"de\",\"potentialAction\":[{\"@type\":\"ReadAction\",\"target\":[\"http:\/\/www.deanreed.de\/AmericanRebel\/ak\/die-psychologie-des-antikommunismus\/\"]}]},{\"@type\":\"ImageObject\",\"inLanguage\":\"de\",\"@id\":\"http:\/\/www.deanreed.de\/AmericanRebel\/ak\/die-psychologie-des-antikommunismus\/#primaryimage\",\"url\":\"http:\/\/www.deanreed.de\/AmericanRebel\/ak\/wp-content\/uploads\/2023\/01\/sale.png\",\"contentUrl\":\"http:\/\/www.deanreed.de\/AmericanRebel\/ak\/wp-content\/uploads\/2023\/01\/sale.png\",\"width\":640,\"height\":460},{\"@type\":\"BreadcrumbList\",\"@id\":\"http:\/\/www.deanreed.de\/AmericanRebel\/ak\/die-psychologie-des-antikommunismus\/#breadcrumb\",\"itemListElement\":[{\"@type\":\"ListItem\",\"position\":1,\"name\":\"Startseite\",\"item\":\"https:\/\/www.deanreed.de\/AmericanRebel\/ak\/\"},{\"@type\":\"ListItem\",\"position\":2,\"name\":\"Die Psychologie des\u00a0Antikommunismus\"}]},{\"@type\":\"WebSite\",\"@id\":\"https:\/\/www.deanreed.de\/AmericanRebel\/ak\/#website\",\"url\":\"https:\/\/www.deanreed.de\/AmericanRebel\/ak\/\",\"name\":\"Roter Morgen\",\"description\":\"Der Weg zur Partei\",\"potentialAction\":[{\"@type\":\"SearchAction\",\"target\":{\"@type\":\"EntryPoint\",\"urlTemplate\":\"https:\/\/www.deanreed.de\/AmericanRebel\/ak\/?s={search_term_string}\"},\"query-input\":{\"@type\":\"PropertyValueSpecification\",\"valueRequired\":true,\"valueName\":\"search_term_string\"}}],\"inLanguage\":\"de\"},{\"@type\":\"Person\",\"@id\":\"https:\/\/www.deanreed.de\/AmericanRebel\/ak\/#\/schema\/person\/1735e67eea57aea7611c691f571924c3\",\"name\":\"Redaktion\",\"url\":\"http:\/\/www.deanreed.de\/AmericanRebel\/ak\/author\/redaktion\/\"}]}<\/script>\n<!-- \/ Yoast SEO plugin. -->","yoast_head_json":{"title":"Die Psychologie des\u00a0Antikommunismus - Roter Morgen","robots":{"index":"index","follow":"follow","max-snippet":"max-snippet:-1","max-image-preview":"max-image-preview:large","max-video-preview":"max-video-preview:-1"},"canonical":"http:\/\/www.deanreed.de\/AmericanRebel\/ak\/die-psychologie-des-antikommunismus\/","og_locale":"de_DE","og_type":"article","og_title":"Die Psychologie des\u00a0Antikommunismus - Roter Morgen","og_description":"Oft sind fortschrittlich denkende Menschen erstaunt dar\u00fcber, wie leicht in der BRD die Menschen, negativ feindlich gegen\u00fcber dem Sozialismus beeinflussbar sind und wie sehr sie [...]","og_url":"http:\/\/www.deanreed.de\/AmericanRebel\/ak\/die-psychologie-des-antikommunismus\/","og_site_name":"Roter Morgen","article_published_time":"2023-01-31T00:43:57+00:00","article_modified_time":"2023-02-02T18:46:19+00:00","og_image":[{"width":640,"height":460,"url":"http:\/\/www.deanreed.de\/AmericanRebel\/ak\/wp-content\/uploads\/2023\/01\/sale.png","type":"image\/png"}],"author":"Redaktion","twitter_card":"summary_large_image","twitter_misc":{"Verfasst von":"Redaktion","Gesch\u00e4tzte Lesezeit":"10\u00a0Minuten"},"schema":{"@context":"https:\/\/schema.org","@graph":[{"@type":"WebPage","@id":"http:\/\/www.deanreed.de\/AmericanRebel\/ak\/die-psychologie-des-antikommunismus\/","url":"http:\/\/www.deanreed.de\/AmericanRebel\/ak\/die-psychologie-des-antikommunismus\/","name":"Die Psychologie des\u00a0Antikommunismus - Roter Morgen","isPartOf":{"@id":"https:\/\/www.deanreed.de\/AmericanRebel\/ak\/#website"},"primaryImageOfPage":{"@id":"http:\/\/www.deanreed.de\/AmericanRebel\/ak\/die-psychologie-des-antikommunismus\/#primaryimage"},"image":{"@id":"http:\/\/www.deanreed.de\/AmericanRebel\/ak\/die-psychologie-des-antikommunismus\/#primaryimage"},"thumbnailUrl":"http:\/\/www.deanreed.de\/AmericanRebel\/ak\/wp-content\/uploads\/2023\/01\/sale.png","datePublished":"2023-01-31T00:43:57+00:00","dateModified":"2023-02-02T18:46:19+00:00","author":{"@id":"https:\/\/www.deanreed.de\/AmericanRebel\/ak\/#\/schema\/person\/1735e67eea57aea7611c691f571924c3"},"breadcrumb":{"@id":"http:\/\/www.deanreed.de\/AmericanRebel\/ak\/die-psychologie-des-antikommunismus\/#breadcrumb"},"inLanguage":"de","potentialAction":[{"@type":"ReadAction","target":["http:\/\/www.deanreed.de\/AmericanRebel\/ak\/die-psychologie-des-antikommunismus\/"]}]},{"@type":"ImageObject","inLanguage":"de","@id":"http:\/\/www.deanreed.de\/AmericanRebel\/ak\/die-psychologie-des-antikommunismus\/#primaryimage","url":"http:\/\/www.deanreed.de\/AmericanRebel\/ak\/wp-content\/uploads\/2023\/01\/sale.png","contentUrl":"http:\/\/www.deanreed.de\/AmericanRebel\/ak\/wp-content\/uploads\/2023\/01\/sale.png","width":640,"height":460},{"@type":"BreadcrumbList","@id":"http:\/\/www.deanreed.de\/AmericanRebel\/ak\/die-psychologie-des-antikommunismus\/#breadcrumb","itemListElement":[{"@type":"ListItem","position":1,"name":"Startseite","item":"https:\/\/www.deanreed.de\/AmericanRebel\/ak\/"},{"@type":"ListItem","position":2,"name":"Die Psychologie des\u00a0Antikommunismus"}]},{"@type":"WebSite","@id":"https:\/\/www.deanreed.de\/AmericanRebel\/ak\/#website","url":"https:\/\/www.deanreed.de\/AmericanRebel\/ak\/","name":"Roter Morgen","description":"Der Weg zur Partei","potentialAction":[{"@type":"SearchAction","target":{"@type":"EntryPoint","urlTemplate":"https:\/\/www.deanreed.de\/AmericanRebel\/ak\/?s={search_term_string}"},"query-input":{"@type":"PropertyValueSpecification","valueRequired":true,"valueName":"search_term_string"}}],"inLanguage":"de"},{"@type":"Person","@id":"https:\/\/www.deanreed.de\/AmericanRebel\/ak\/#\/schema\/person\/1735e67eea57aea7611c691f571924c3","name":"Redaktion","url":"http:\/\/www.deanreed.de\/AmericanRebel\/ak\/author\/redaktion\/"}]}},"_links":{"self":[{"href":"http:\/\/www.deanreed.de\/AmericanRebel\/ak\/wp-json\/wp\/v2\/posts\/2273","targetHints":{"allow":["GET"]}}],"collection":[{"href":"http:\/\/www.deanreed.de\/AmericanRebel\/ak\/wp-json\/wp\/v2\/posts"}],"about":[{"href":"http:\/\/www.deanreed.de\/AmericanRebel\/ak\/wp-json\/wp\/v2\/types\/post"}],"author":[{"embeddable":true,"href":"http:\/\/www.deanreed.de\/AmericanRebel\/ak\/wp-json\/wp\/v2\/users\/4"}],"replies":[{"embeddable":true,"href":"http:\/\/www.deanreed.de\/AmericanRebel\/ak\/wp-json\/wp\/v2\/comments?post=2273"}],"version-history":[{"count":2,"href":"http:\/\/www.deanreed.de\/AmericanRebel\/ak\/wp-json\/wp\/v2\/posts\/2273\/revisions"}],"predecessor-version":[{"id":2275,"href":"http:\/\/www.deanreed.de\/AmericanRebel\/ak\/wp-json\/wp\/v2\/posts\/2273\/revisions\/2275"}],"wp:featuredmedia":[{"embeddable":true,"href":"http:\/\/www.deanreed.de\/AmericanRebel\/ak\/wp-json\/wp\/v2\/media\/2276"}],"wp:attachment":[{"href":"http:\/\/www.deanreed.de\/AmericanRebel\/ak\/wp-json\/wp\/v2\/media?parent=2273"}],"wp:term":[{"taxonomy":"category","embeddable":true,"href":"http:\/\/www.deanreed.de\/AmericanRebel\/ak\/wp-json\/wp\/v2\/categories?post=2273"},{"taxonomy":"post_tag","embeddable":true,"href":"http:\/\/www.deanreed.de\/AmericanRebel\/ak\/wp-json\/wp\/v2\/tags?post=2273"}],"curies":[{"name":"wp","href":"https:\/\/api.w.org\/{rel}","templated":true}]}}