{"id":2248,"date":"2023-01-30T02:11:06","date_gmt":"2023-01-30T01:11:06","guid":{"rendered":"http:\/\/www.deanreed.de\/AmericanRebel\/ak\/?p=2248"},"modified":"2023-01-31T11:48:52","modified_gmt":"2023-01-31T10:48:52","slug":"saekularisierung-der-soziale-bedeutungsverlust-von-religion","status":"publish","type":"post","link":"http:\/\/www.deanreed.de\/AmericanRebel\/ak\/saekularisierung-der-soziale-bedeutungsverlust-von-religion\/","title":{"rendered":"S\u00e4kularisierung, der soziale Bedeutungsverlust von Religion"},"content":{"rendered":"<p><span style=\"font-size: 6pt; color: #ffffff;\">.<\/span><\/p>\n<figure id=\"attachment_2077\" aria-describedby=\"caption-attachment-2077\" style=\"width: 100px\" class=\"wp-caption alignleft\"><img loading=\"lazy\" decoding=\"async\" class=\"size-full wp-image-2077\" src=\"http:\/\/www.deanreed.de\/AmericanRebel\/ak\/wp-content\/uploads\/2022\/12\/Heinz_Ahlreip_15_bea.jpg\" alt=\"\" width=\"100\" height=\"150\" \/><figcaption id=\"caption-attachment-2077\" class=\"wp-caption-text\">Heinz Ahlreip<\/figcaption><\/figure>\n<p style=\"text-align: justify;\"><span style=\"font-family: verdana, geneva, sans-serif; font-size: 12pt; color: #000000;\"><strong>Heute ist es selbstverst\u00e4ndlich, in den Schulen Texte der b\u00fcrgerlichen Aufkl\u00e4rer Rousseau, Diderot und Voltaire zu lesen. Zu ihren Lebzeiten wurden sie verfolgt, weil sie im Geiste der franz\u00f6sischen Aufkl\u00e4rung den Vollzug ei<span style=\"color: #000000;\">ner <a style=\"color: #000000;\" href=\"https:\/\/de.wikipedia.org\/wiki\/S%C3%A4kularisierung\" target=\"_blank\" rel=\"noopener\">S\u00e4kularisierung<\/a> wollten, deren Faustformel lautet, weltliche Fragen nicht in religi\u00f6se, sondern religi\u00f6se Fragen in weltliche aufzul\u00f6sen. Sie forderten die Sch\u00e4tze, die Menschen von gestern an den Himmel verschleudert hatten, wieder auf die Erde zur\u00fcckzuholen. <\/span><\/strong><\/span><\/p>\n<p style=\"text-align: justify;\"><span style=\"font-family: verdana, geneva, sans-serif; font-size: 12pt; color: #000000;\">Die im menschlichen Erkenntnisprozess weltimmanent bleibende <a style=\"color: #000000;\" href=\"https:\/\/de.wikipedia.org\/wiki\/Reziprozit%C3%A4t_(Soziologie)\" target=\"_blank\" rel=\"noopener\">Soziologie,<\/a> zwischen \u00e4u\u00dferer Objektivit\u00e4t und begrifflichem Denken hatte somit etwas im Gep\u00e4ck: Die Durchtrennung der Nabelschnur des Menschen mit <em>seiner <\/em><a style=\"color: #000000;\" href=\"https:\/\/de.wikipedia.org\/wiki\/Metaphysik\" target=\"_blank\" rel=\"noopener\">Metaphysik<\/a>, die ohnehin nach <a style=\"color: #000000;\" href=\"https:\/\/de.wikipedia.org\/wiki\/Immanuel_Kant\" target=\"_blank\" rel=\"noopener\">Immanuel Kant<\/a> nur noch eine subjektive (rein subjektive Gottesexistenzsicherheit: Es gibt keinen allgemeinen Gott; es gibt ihn nur f\u00fcr mich) sein konnte. <\/span><\/p>\n<figure id=\"attachment_2252\" aria-describedby=\"caption-attachment-2252\" style=\"width: 199px\" class=\"wp-caption alignleft\"><img loading=\"lazy\" decoding=\"async\" class=\"size-medium wp-image-2252\" src=\"http:\/\/www.deanreed.de\/AmericanRebel\/ak\/wp-content\/uploads\/2023\/02\/Kant_gemaelde_3-1-199x300.jpg\" alt=\"\" width=\"199\" height=\"300\" srcset=\"http:\/\/www.deanreed.de\/AmericanRebel\/ak\/wp-content\/uploads\/2023\/02\/Kant_gemaelde_3-1-199x300.jpg 199w, http:\/\/www.deanreed.de\/AmericanRebel\/ak\/wp-content\/uploads\/2023\/02\/Kant_gemaelde_3-1.jpg 297w\" sizes=\"auto, (max-width: 199px) 100vw, 199px\" \/><figcaption id=\"caption-attachment-2252\" class=\"wp-caption-text\"><span style=\"color: #000000;\">Immanuel Kant, 1768 (Gem\u00e4lde von Johann Gottlieb Becker)<\/span><\/figcaption><\/figure>\n<p style=\"text-align: justify;\"><span style=\"color: #000000;\"><span style=\"font-family: verdana, geneva, sans-serif; font-size: 12pt;\">Vor Kant hatte <\/span><span style=\"font-family: verdana, geneva, sans-serif; font-size: 12pt;\">bereits der Rationalist <a style=\"color: #000000;\" href=\"https:\/\/en.wikipedia.org\/wiki\/Christian_Wolff_(philosopher)#\" target=\"_blank\" rel=\"noopener\">Christian Wolff<\/a> auf der andren Seite vertreten, dass im Wesen des Dinges der Grund von allem liege, was ihm zukomme. Zudem vertrat er, dass das Gute nicht durch Gottes Wille gut ist, sondern durch sich selbst; Moral also nunmehr von der Theologie als unabh\u00e4ngig bestimmbar war. Im Rationalismus Wolffs strahlt die Sonne der im Dienst des Lebens stehenden Wissenschaft. Eine Symbiose Wolff-Kant erg\u00e4be die \u00dcberholtheit der Kardinalfrage des <a style=\"color: #000000;\" href=\"https:\/\/de.wikipedia.org\/wiki\/Okkasionalismus\" target=\"_blank\" rel=\"noopener\">Okkasionalismus<\/a> von <a style=\"color: #000000;\" href=\"https:\/\/de.wikipedia.org\/wiki\/Arnold_Geulincx\" target=\"_blank\" rel=\"noopener\">Arnold Geulincx<\/a> und <a style=\"color: #000000;\" href=\"https:\/\/de.wikipedia.org\/wiki\/Nicolas_Malebranche\" target=\"_blank\" rel=\"noopener\">Nicolas Malebranche<\/a>, die sich nach der strengen cartesianischen Trennung von K\u00f6rper und Geist ergab. Zwei gleichzeitig aufgezogene Uhren geben parallel immer die gleiche Zeit an, es ist Gott allein, der die Exaktheit verb\u00fcrgt und K\u00f6rper und Geist in rationale \u00dcbereinstimmung bringt. \u00a0Das geh\u00f6rt noch ganz der alten philosophischen Welt an.<\/span><\/span><\/p>\n<figure id=\"attachment_2254\" aria-describedby=\"caption-attachment-2254\" style=\"width: 214px\" class=\"wp-caption alignright\"><img loading=\"lazy\" decoding=\"async\" class=\"size-medium wp-image-2254\" src=\"http:\/\/www.deanreed.de\/AmericanRebel\/ak\/wp-content\/uploads\/2023\/02\/1831_Schlesinger_Philosoph_Georg_Friedrich_Wilhelm_Hegel_anagoria-214x300.jpg\" alt=\"\" width=\"214\" height=\"300\" srcset=\"http:\/\/www.deanreed.de\/AmericanRebel\/ak\/wp-content\/uploads\/2023\/02\/1831_Schlesinger_Philosoph_Georg_Friedrich_Wilhelm_Hegel_anagoria-214x300.jpg 214w, http:\/\/www.deanreed.de\/AmericanRebel\/ak\/wp-content\/uploads\/2023\/02\/1831_Schlesinger_Philosoph_Georg_Friedrich_Wilhelm_Hegel_anagoria.jpg 276w\" sizes=\"auto, (max-width: 214px) 100vw, 214px\" \/><figcaption id=\"caption-attachment-2254\" class=\"wp-caption-text\"><span style=\"color: #000000;\">Georg Wilhelm Friedrich Hegel,<\/span><br \/><span style=\"color: #000000;\">portr\u00e4tiert von Jakob Schlesinger, 1831.<\/span><\/figcaption><\/figure>\n<p style=\"text-align: justify;\"><span style=\"color: #000000;\"><span style=\"font-family: verdana, geneva, sans-serif; font-size: 12pt;\">Gott und Metaphysik sind heute f\u00fcr uns Fremdw\u00f6rter geworden und es hat sich gezeigt, dass der Mensch und die Welt f\u00fcr sich bestehen k\u00f6nnen, dass der Ausspruch: \u2018Gott und die Welt\u2018 und <\/span><span style=\"font-family: verdana, geneva, sans-serif; font-size: 12pt;\"><a style=\"color: #000000;\" href=\"https:\/\/de.wikipedia.org\/wiki\/Georg_Wilhelm_Friedrich_Hegel\" target=\"_blank\" rel=\"noopener\"><span class=\"mw-page-title-main\">Georg Wilhelm Friedrich Hegels<\/span><\/a><\/span><span style=\"font-family: verdana, geneva, sans-serif; font-size: 12pt;\"> Aussage, \u201e<em>ohne Welt ist Gott nicht Gott<\/em>\u201c, Schnee von gestern ist. Die Materie befindet sich in st\u00e4ndig dialektischer Bewegung. Im Gro\u00dfen der Philosophie ist statt Gott Dialektik zum Schl\u00fcsselwort gegenw\u00e4rtiger Wissenschaftlichkeit geworden. Es w\u00e4re sch\u00f6n, wenn es so w\u00e4re; Gott aber hat als Geldgott sich bis heute gehalten. Geld ist heute das fremde Wesen, das der Mensch in g\u00f6ttlicher Weise anbetet, so dass die Dialektik heute mit einem neuen, die Natur herabw\u00fcrdigenden Gott ringt. \u201c<em>Das Geld ist das dem Menschen entfremdete Wesen seiner Arbeit und seines Daseins, und dies fremde Wesen beherrscht ihn, und er betet es an. Der Gott der Juden hat sich verweltlicht, er ist zum Weltgott geworden<\/em>\u201c (Karl Marx, Zur Judenfrage, Werke, Band 1, Seite 375).<\/span><\/span><\/p>\n<p style=\"text-align: justify;\"><span style=\"font-family: verdana, geneva, sans-serif; font-size: 12pt; color: #000000;\">Auf wissenschaftlicher Ebene ist der Mensch nicht l\u00e4nger als Kreatur Gottes bestimm- und verhandelbar. Insofern verhalten sich Aufkl\u00e4rung und S\u00e4kularisierung affin zueinander, beide beinhalten Befreiung aus spekulativer Vereinnahmung durch ideologiegebundene Kreise von Klassenherrschaften, aber alles sehr zahm: Strebte die b\u00fcrgerliche Aufkl\u00e4rung politisch einen aufgekl\u00e4rten Absolutismus \u00fcber den Weg der Prinzenerziehung an, so wurde die S\u00e4kularisierung im b\u00fcrgerlichen Kontext nie als ein Zwischenglied zum Vergesellschaftungsprozess der Produktionsmittel gedeutet und konnte so unter b\u00fcrgerlichem Horizont auch nicht gedeutet werden.<\/span><\/p>\n<p style=\"text-align: justify;\"><span style=\"font-family: verdana, geneva, sans-serif; font-size: 12pt; color: #000000;\">Es hat sich gezeigt, dass antifeudale Weltbilder nicht ohne religionskritische Gehalte auskommen k\u00f6nnen und dass wissenschaftlich fundierte Religionskritik im Feudalismus essentieller ist als im Kapitalismus. \u00a0Religionskritik, ja br\u00fcske Zur\u00fcckweisung metaphysischer Anwandlungen, ist zum Markenzeichen des b\u00fcrgerlichen &#8218;Neuen Menschen&#8216; geworden. Am dichtesten touchiert der mechanische Materialismus franz\u00f6sischer Provenienz im 18. Jahrhundert als Kulmination europ\u00e4ischer Aufkl\u00e4rung: Den Atheismus, der in der franz\u00f6sischen Revolution, ab dem <a style=\"color: #000000;\" href=\"https:\/\/de.wikipedia.org\/wiki\/Sturm_auf_die_Bastille\" target=\"_blank\" rel=\"noopener\">Sturm auf die Bastille,<\/a> in ihrer bilderst\u00fcrmerischen, oft den Klerus karnevalesk verh\u00f6hnenden Entchristianisierungsphase 1793\/94 ihren weltanschaulich-k\u00e4mpferischen H\u00f6hepunkt fand. Am 23. November 179<\/span><span style=\"font-family: verdana, geneva, sans-serif; font-size: 12pt;\">3 verabschiedete der Nationalkonvent ein Gesetz, das alle Kirchen von Paris den Konfessionen entzog und zu \u201c<\/span><span style=\"font-family: verdana, geneva, sans-serif; font-size: 12pt;\"><span style=\"color: #000000;\"><a style=\"color: #000000;\" href=\"https:\/\/de.wikipedia.org\/wiki\/Kult_der_Vernunft\" target=\"_blank\" rel=\"noopener\">Tempeln der Vernunft<\/a><\/span>\u201c machte und unter Sprengung christlicher Feiertage verlangte, dass an jedem <em>D\u00e9cadi<\/em><\/span><span style=\"font-family: verdana, geneva, sans-serif; font-size: 12pt;\"> (zehnten Tag) des neuen Revolutionskalenders das \u201cFest der Vernunft\u201c gefeiert werden solle. In dieser brillanten Phase wurde die <\/span><span style=\"font-family: verdana, geneva, sans-serif; font-size: 12pt; color: #000000;\">Ernte der franz\u00f6sischen Aufkl\u00e4rung eingefahren. Zugleich endete die politisch als Reich der Vernunft versprochene, b\u00fcrgerliche Republik in einer in der Weltgeschichte bisher unbekannten Bereicherungsorgie der Bourgeoise, die die Kinder des Vaterlandes \u00fcber die nationalen Grenzen hinaustrieb.\u00a0<\/span><\/p>\n<p style=\"text-align: justify;\"><span style=\"color: #000000;\"><strong><span style=\"font-family: verdana, geneva, sans-serif; font-size: 12pt;\">Im Vergleich mit der klassischen b\u00fcrgerlichen Revolution in Frankreich steht heute das Einfahren der Ernte der marxistisch-leninistischen Aufkl\u00e4rung in Deutschland noch aus, auch sie wird kulturrevolution\u00e4r wirksam werden: Christliche Feiertage sprengen und vom ersten Mai, dem revolution\u00e4ren Kampftag der Arbeiterklasse, bis zum f\u00fcnften Mai, dem Geburtstag von Karl Marx, ein buntes Fest der Arbeiter und Bauern zelebrieren.<br \/>\n<\/span><\/strong><\/span><span style=\"font-family: verdana, geneva, sans-serif; font-size: 10pt; color: #ffffff;\">.<\/span><br \/>\n<span style=\"color: #000000;\"><span style=\"font-family: verdana, geneva, sans-serif; font-size: 10pt; background-color: #e3e3e3;\">Eine Weiterver\u00f6ffentlichung des Textes ist gem\u00e4\u00df einer <a style=\"color: #000000; background-color: #e3e3e3;\" href=\"https:\/\/creativecommons.org\/licenses\/by-nc-sa\/4.0\/deed.de\">Creative Commons 4.0 International Lizenz<\/a> ausdr\u00fccklich erw\u00fcnscht. (Unter gleichen Bedingungen: unkommerziell, Nennung der <a style=\"color: #000000; background-color: #e3e3e3;\" href=\"http:\/\/derwegzurpartei.de\/\">verlinkten Quelle<\/a> (\u00bbDer Weg zur Partei\u00ab) mit Erscheinungsdatum).<br \/>\n<\/span><span style=\"color: #ffffff;\">.<\/span><\/span><\/p>\n<p style=\"text-align: center;\"><span style=\"font-size: 14pt; font-family: verdana, geneva, sans-serif;\"><em><strong>Lest unsere Schriften<br \/>\nund die Klassiker des Marxismus-Leninismus!<\/strong><\/em><\/span><\/p>\n<table>\n<tbody>\n<tr>\n<td><span style=\"font-family: verdana, geneva, sans-serif;\"><img loading=\"lazy\" decoding=\"async\" class=\"alignnone wp-image-23909\" src=\"https:\/\/rotermorgen.eu\/wp-content\/uploads\/2022\/12\/NR.2-215x300.png\" alt=\"\" width=\"189\" height=\"264\" \/><\/span><\/td>\n<td><span style=\"font-family: verdana, geneva, sans-serif;\"><img loading=\"lazy\" decoding=\"async\" class=\"alignnone wp-image-23910\" src=\"https:\/\/rotermorgen.eu\/wp-content\/uploads\/2022\/12\/NR.3-215x300.png\" alt=\"\" width=\"189\" height=\"264\" \/><\/span><\/td>\n<td><span style=\"font-family: verdana, geneva, sans-serif;\"><img loading=\"lazy\" decoding=\"async\" class=\"alignnone wp-image-23907\" src=\"https:\/\/rotermorgen.eu\/wp-content\/uploads\/2022\/12\/6-215x300.png\" alt=\"\" width=\"190\" height=\"265\" \/><\/span><\/td>\n<td><span style=\"font-family: verdana, geneva, sans-serif;\"><img loading=\"lazy\" decoding=\"async\" class=\"alignnone wp-image-23912\" src=\"https:\/\/rotermorgen.eu\/wp-content\/uploads\/2022\/12\/Nr.5-215x300.png\" alt=\"\" width=\"191\" height=\"266\" \/><\/span><\/td>\n<\/tr>\n<tr>\n<td style=\"text-align: center;\"><span style=\"font-family: verdana, geneva, sans-serif; font-size: 10pt; color: #000000;\">Erscheint Febr. 2023<\/span><br \/>\n<span style=\"font-family: verdana, geneva, sans-serif; font-size: 12pt;\"><a href=\"https:\/\/rotermorgen.eu\/wp-content\/uploads\/2022\/10\/Leseprobe_was_wollen.pdf\" target=\"_blank\" rel=\"noopener\"><span style=\"font-size: 10pt; color: #993300;\">LESEPROBE<\/span><\/a><\/span><\/td>\n<td style=\"text-align: center;\"><span style=\"font-family: verdana, geneva, sans-serif; font-size: 10pt; color: #000000;\">Erscheint Febr. 2023<\/span><br \/>\n<a href=\"https:\/\/rotermorgen.eu\/wp-content\/uploads\/2022\/12\/3Grundsaetze-Kopie.pdf\" target=\"_blank\" rel=\"noopener\"><span style=\"font-family: verdana, geneva, sans-serif;\"><span style=\"font-size: 10pt;\"><span style=\"color: #993300;\">LESEPROBE<\/span><\/span><\/span><\/a><\/td>\n<td style=\"text-align: center;\"><span style=\"font-family: verdana, geneva, sans-serif; font-size: 10pt; color: #000000;\">Erscheint Okt. 2023<\/span><br \/>\n<a href=\"https:\/\/rotermorgen.eu\/wp-content\/uploads\/2022\/12\/6Molotov-Kopie.pdf\" target=\"_blank\" rel=\"noopener\"><span style=\"font-family: verdana, geneva, sans-serif; font-size: 12pt;\"><span style=\"font-size: 10pt;\"><span style=\"color: #993300;\">LESEPROBE<\/span><\/span><\/span><\/a><\/td>\n<td style=\"text-align: center;\"><span style=\"font-family: verdana, geneva, sans-serif; font-size: 10pt; color: #000000;\">Erscheint Dez. 2023<\/span><br \/>\n<a href=\"https:\/\/rotermorgen.eu\/wp-content\/uploads\/2022\/10\/LENIN_2.Teil-Leseprobe.pdf\" target=\"_blank\" rel=\"noopener\"><span style=\"font-family: verdana, geneva, sans-serif; color: #000000;\"><span style=\"font-size: 10pt; color: #993300;\">LESEPROBE<\/span><\/span><\/a><\/td>\n<\/tr>\n<\/tbody>\n<\/table>\n<table>\n<tbody>\n<tr>\n<td><img loading=\"lazy\" decoding=\"async\" class=\"alignnone wp-image-2049\" src=\"http:\/\/www.deanreed.de\/AmericanRebel\/ak\/wp-content\/uploads\/2038\/08\/Bildschirmfoto-2023-01-01-um-13.51.35-215x300.png\" alt=\"\" width=\"192\" height=\"268\" srcset=\"http:\/\/www.deanreed.de\/AmericanRebel\/ak\/wp-content\/uploads\/2038\/08\/Bildschirmfoto-2023-01-01-um-13.51.35-215x300.png 215w, http:\/\/www.deanreed.de\/AmericanRebel\/ak\/wp-content\/uploads\/2038\/08\/Bildschirmfoto-2023-01-01-um-13.51.35.png 645w\" sizes=\"auto, (max-width: 192px) 100vw, 192px\" \/><\/td>\n<td><img loading=\"lazy\" decoding=\"async\" class=\"alignnone wp-image-23911\" src=\"https:\/\/rotermorgen.eu\/wp-content\/uploads\/2022\/12\/NR.4-215x300.png\" alt=\"\" width=\"188\" height=\"263\" \/><\/td>\n<td><img loading=\"lazy\" decoding=\"async\" class=\"alignnone wp-image-23908\" src=\"https:\/\/rotermorgen.eu\/wp-content\/uploads\/2022\/12\/NR.1-215x300.png\" alt=\"\" width=\"187\" height=\"260\" \/><\/td>\n<td><img loading=\"lazy\" decoding=\"async\" class=\"alignnone wp-image-23914\" src=\"https:\/\/rotermorgen.eu\/wp-content\/uploads\/2040\/10\/Klassiker-nachhaltig-antiquarisch-kaufen-215x300-1-215x300.png\" alt=\"\" width=\"186\" height=\"259\" \/><\/td>\n<\/tr>\n<tr>\n<td style=\"text-align: center;\"><span style=\"font-family: verdana, geneva, sans-serif; font-size: 10pt;\">Erscheint 2023<br \/>\n<a href=\"https:\/\/rotermorgen.eu\/wp-content\/uploads\/2022\/12\/Begleit.pdf\" target=\"_blank\" rel=\"noopener\"><span style=\"font-size: 12pt;\"><span style=\"color: #993300; font-size: 10pt;\">LESEPROBE<\/span><\/span><\/a><\/span><\/td>\n<td style=\"text-align: center;\"><span style=\"font-family: verdana, geneva, sans-serif; font-size: 10pt;\">Erscheint 2024<br \/>\n<span style=\"color: #993300;\"><a style=\"color: #993300;\" href=\"https:\/\/rotermorgen.eu\/wp-content\/uploads\/2022\/12\/4Enver-Kopie.pdf\" target=\"_blank\" rel=\"noopener\">LESEPROBE<\/a><\/span><br \/>\n<\/span><\/td>\n<td style=\"text-align: center;\"><span style=\"font-family: verdana, geneva, sans-serif; font-size: 10pt;\"><span style=\"color: #000000;\">Neuauflage 2024<\/span><br \/>\n<span style=\"color: #993300;\"><a style=\"color: #993300;\" href=\"https:\/\/rotermorgen.eu\/wp-content\/uploads\/2022\/04\/Lenin_Frieden_Leseprobe.pdf?fbclid=IwAR06P_93tlR3VzV67o1V5l8BLEzc0xrDBCsBgZxKcZB03azLYZAnsf5lgdA\" target=\"_blank\" rel=\"noopener\">LESEPROBE<\/a><\/span><br \/>\n<\/span><\/td>\n<td style=\"text-align: center;\"><span style=\"font-family: verdana, geneva, sans-serif; font-size: 10pt;\"><span style=\"color: #000000;\">hier<\/span><br \/>\n<span style=\"color: #993300;\"><a style=\"color: #993300;\" href=\"https:\/\/www.booklooker.de\/B%C3%BCcher\/Angebote\/autor=Lenin%2C+Marx%2C+Engels%2C+Stalin%2C\" target=\"_blank\" rel=\"noopener\">AUSSUCHEN<\/a><\/span><br \/>\n<\/span><\/td>\n<\/tr>\n<\/tbody>\n<\/table>\n<p style=\"text-align: center;\"><span style=\"font-size: 12pt; font-family: verdana, geneva, sans-serif;\"><span style=\"color: #000000;\"><span style=\"color: #ffffff;\">.<\/span><br \/>\nVorbestellungen unter: <\/span><span style=\"color: #993300;\"><a style=\"color: #993300;\" href=\"mailto:Der_Weg_zur_Partei@gmx.net\" target=\"_blank\" rel=\"noopener\">Der_Weg_zur_Partei@gmx.net<\/a><\/span><\/span><\/p>\n<p style=\"text-align: center;\"><span style=\"font-family: verdana, geneva, sans-serif; font-size: 10pt; color: #000000;\"><span style=\"color: #ffffff;\">.<\/span><br \/>\n<\/span><\/p>\n<p style=\"text-align: center;\"><span style=\"font-family: verdana, geneva, sans-serif; font-size: 10pt;\"><img loading=\"lazy\" decoding=\"async\" class=\" wp-image-23274 aligncenter\" src=\"https:\/\/rotermorgen.eu\/wp-content\/uploads\/2022\/11\/drtz-768x722-1-300x282.png\" alt=\"\" width=\"594\" height=\"558\" \/><span style=\"font-size: 14pt;\"><span style=\"font-size: 12pt;\">Mehr dazu:<\/span> <a href=\"mailto:Info@RoterMorgen.eu\" target=\"_blank\" rel=\"noopener\">Info@RoterMorgen.eu<\/a><\/span><\/span><\/p>\n","protected":false},"excerpt":{"rendered":"<div class=\"mh-excerpt\"><p>. Heute ist es selbstverst\u00e4ndlich, in den Schulen Texte der b\u00fcrgerlichen Aufkl\u00e4rer Rousseau, Diderot und Voltaire zu lesen. Zu ihren Lebzeiten wurden sie verfolgt, weil <a class=\"mh-excerpt-more\" href=\"http:\/\/www.deanreed.de\/AmericanRebel\/ak\/saekularisierung-der-soziale-bedeutungsverlust-von-religion\/\" title=\"S\u00e4kularisierung, der soziale Bedeutungsverlust von Religion\">[&#8230;]<\/a><\/p>\n<\/div>","protected":false},"author":4,"featured_media":2256,"comment_status":"open","ping_status":"open","sticky":false,"template":"","format":"standard","meta":{"footnotes":""},"categories":[1],"tags":[],"class_list":["post-2248","post","type-post","status-publish","format-standard","has-post-thumbnail","hentry","category-allgemein"],"yoast_head":"<!-- This site is optimized with the Yoast SEO plugin v26.2 - https:\/\/yoast.com\/wordpress\/plugins\/seo\/ -->\n<title>S\u00e4kularisierung, der soziale Bedeutungsverlust von Religion - Roter Morgen<\/title>\n<meta name=\"robots\" content=\"index, follow, max-snippet:-1, max-image-preview:large, max-video-preview:-1\" \/>\n<link rel=\"canonical\" href=\"http:\/\/www.deanreed.de\/AmericanRebel\/ak\/saekularisierung-der-soziale-bedeutungsverlust-von-religion\/\" \/>\n<meta property=\"og:locale\" content=\"de_DE\" \/>\n<meta property=\"og:type\" content=\"article\" \/>\n<meta property=\"og:title\" content=\"S\u00e4kularisierung, der soziale Bedeutungsverlust von Religion - Roter Morgen\" \/>\n<meta property=\"og:description\" content=\"Heute ist es selbstverst\u00e4ndlich, in den Schulen Texte der b\u00fcrgerlichen Aufkl\u00e4rer Rousseau, Diderot und Voltaire zu lesen. Zu ihren Lebzeiten wurden sie verfolgt, weil sie im Geiste der franz\u00f6sischen Aufkl\u00e4rung den Vollzug einer S\u00e4kularisierung wollten, deren Faustformel lautet, weltliche Fragen nicht in religi\u00f6se, sondern religi\u00f6se Fragen in weltliche aufzul\u00f6sen. Sie forderten die Sch\u00e4tze, die Menschen von gestern an den Himmel verschleudert hatten, wieder auf die Erde zur\u00fcckzuholen.\" \/>\n<meta property=\"og:url\" content=\"http:\/\/www.deanreed.de\/AmericanRebel\/ak\/saekularisierung-der-soziale-bedeutungsverlust-von-religion\/\" \/>\n<meta property=\"og:site_name\" content=\"Roter Morgen\" \/>\n<meta property=\"article:published_time\" content=\"2023-01-30T01:11:06+00:00\" \/>\n<meta property=\"article:modified_time\" content=\"2023-01-31T10:48:52+00:00\" \/>\n<meta property=\"og:image\" content=\"http:\/\/www.deanreed.de\/AmericanRebel\/ak\/wp-content\/uploads\/2023\/02\/llpp.png\" \/>\n\t<meta property=\"og:image:width\" content=\"640\" \/>\n\t<meta property=\"og:image:height\" content=\"460\" \/>\n\t<meta property=\"og:image:type\" content=\"image\/png\" \/>\n<meta name=\"author\" content=\"Redaktion\" \/>\n<meta name=\"twitter:card\" content=\"summary_large_image\" \/>\n<meta name=\"twitter:description\" content=\"Heute ist es selbstverst\u00e4ndlich, in den Schulen Texte der b\u00fcrgerlichen Aufkl\u00e4rer Rousseau, Diderot und Voltaire zu lesen. Zu ihren Lebzeiten wurden sie verfolgt, weil sie im Geiste der franz\u00f6sischen Aufkl\u00e4rung den Vollzug einer S\u00e4kularisierung wollten, deren Faustformel lautet, weltliche Fragen nicht in religi\u00f6se, sondern religi\u00f6se Fragen in weltliche aufzul\u00f6sen. Sie forderten die Sch\u00e4tze, die Menschen von gestern an den Himmel verschleudert hatten, wieder auf die Erde zur\u00fcckzuholen.\" \/>\n<meta name=\"twitter:image\" content=\"http:\/\/www.deanreed.de\/AmericanRebel\/ak\/wp-content\/uploads\/2023\/02\/llpp.png\" \/>\n<meta name=\"twitter:label1\" content=\"Verfasst von\" \/>\n\t<meta name=\"twitter:data1\" content=\"Redaktion\" \/>\n\t<meta name=\"twitter:label2\" content=\"Gesch\u00e4tzte Lesezeit\" \/>\n\t<meta name=\"twitter:data2\" content=\"6\u00a0Minuten\" \/>\n<script type=\"application\/ld+json\" class=\"yoast-schema-graph\">{\"@context\":\"https:\/\/schema.org\",\"@graph\":[{\"@type\":\"WebPage\",\"@id\":\"http:\/\/www.deanreed.de\/AmericanRebel\/ak\/saekularisierung-der-soziale-bedeutungsverlust-von-religion\/\",\"url\":\"http:\/\/www.deanreed.de\/AmericanRebel\/ak\/saekularisierung-der-soziale-bedeutungsverlust-von-religion\/\",\"name\":\"S\u00e4kularisierung, der soziale Bedeutungsverlust von Religion - Roter Morgen\",\"isPartOf\":{\"@id\":\"https:\/\/www.deanreed.de\/AmericanRebel\/ak\/#website\"},\"primaryImageOfPage\":{\"@id\":\"http:\/\/www.deanreed.de\/AmericanRebel\/ak\/saekularisierung-der-soziale-bedeutungsverlust-von-religion\/#primaryimage\"},\"image\":{\"@id\":\"http:\/\/www.deanreed.de\/AmericanRebel\/ak\/saekularisierung-der-soziale-bedeutungsverlust-von-religion\/#primaryimage\"},\"thumbnailUrl\":\"http:\/\/www.deanreed.de\/AmericanRebel\/ak\/wp-content\/uploads\/2023\/02\/llpp.png\",\"datePublished\":\"2023-01-30T01:11:06+00:00\",\"dateModified\":\"2023-01-31T10:48:52+00:00\",\"author\":{\"@id\":\"https:\/\/www.deanreed.de\/AmericanRebel\/ak\/#\/schema\/person\/1735e67eea57aea7611c691f571924c3\"},\"breadcrumb\":{\"@id\":\"http:\/\/www.deanreed.de\/AmericanRebel\/ak\/saekularisierung-der-soziale-bedeutungsverlust-von-religion\/#breadcrumb\"},\"inLanguage\":\"de\",\"potentialAction\":[{\"@type\":\"ReadAction\",\"target\":[\"http:\/\/www.deanreed.de\/AmericanRebel\/ak\/saekularisierung-der-soziale-bedeutungsverlust-von-religion\/\"]}]},{\"@type\":\"ImageObject\",\"inLanguage\":\"de\",\"@id\":\"http:\/\/www.deanreed.de\/AmericanRebel\/ak\/saekularisierung-der-soziale-bedeutungsverlust-von-religion\/#primaryimage\",\"url\":\"http:\/\/www.deanreed.de\/AmericanRebel\/ak\/wp-content\/uploads\/2023\/02\/llpp.png\",\"contentUrl\":\"http:\/\/www.deanreed.de\/AmericanRebel\/ak\/wp-content\/uploads\/2023\/02\/llpp.png\",\"width\":640,\"height\":460,\"caption\":\"Federzeichnung, um 1803 | Im Mittelpunkt dieser Karikatur steht ein Denkmal mit dem Adler als Symbol des Alten Reichs. Der bayerische L\u00f6we verdr\u00e4ngt den Adler und stellt an die Stelle des Reichswappens die bayerischen Rauten. Neben dem Denkmal stehen ein bayerischer Soldat und ein staatlicher Kommiss\u00e4r, die die Ablieferung der Klosterverm\u00f6gen beaufsichtigen. Von allen Seiten schaffen Angeh\u00f6rige der verschiedenen Orden Truhen, Gelds\u00e4cke und Kirchenger\u00e4t heran. Die Abgabe von Werkzeugen, wie Harke, Spaten und Anglerger\u00e4t k\u00f6nnte auf den Verlust von Fischerei- und Landrechten hinweisen. | Maler: unbekannt\"},{\"@type\":\"BreadcrumbList\",\"@id\":\"http:\/\/www.deanreed.de\/AmericanRebel\/ak\/saekularisierung-der-soziale-bedeutungsverlust-von-religion\/#breadcrumb\",\"itemListElement\":[{\"@type\":\"ListItem\",\"position\":1,\"name\":\"Startseite\",\"item\":\"https:\/\/www.deanreed.de\/AmericanRebel\/ak\/\"},{\"@type\":\"ListItem\",\"position\":2,\"name\":\"S\u00e4kularisierung, der soziale Bedeutungsverlust von Religion\"}]},{\"@type\":\"WebSite\",\"@id\":\"https:\/\/www.deanreed.de\/AmericanRebel\/ak\/#website\",\"url\":\"https:\/\/www.deanreed.de\/AmericanRebel\/ak\/\",\"name\":\"Roter Morgen\",\"description\":\"Der Weg zur Partei\",\"potentialAction\":[{\"@type\":\"SearchAction\",\"target\":{\"@type\":\"EntryPoint\",\"urlTemplate\":\"https:\/\/www.deanreed.de\/AmericanRebel\/ak\/?s={search_term_string}\"},\"query-input\":{\"@type\":\"PropertyValueSpecification\",\"valueRequired\":true,\"valueName\":\"search_term_string\"}}],\"inLanguage\":\"de\"},{\"@type\":\"Person\",\"@id\":\"https:\/\/www.deanreed.de\/AmericanRebel\/ak\/#\/schema\/person\/1735e67eea57aea7611c691f571924c3\",\"name\":\"Redaktion\",\"url\":\"http:\/\/www.deanreed.de\/AmericanRebel\/ak\/author\/redaktion\/\"}]}<\/script>\n<!-- \/ Yoast SEO plugin. -->","yoast_head_json":{"title":"S\u00e4kularisierung, der soziale Bedeutungsverlust von Religion - Roter Morgen","robots":{"index":"index","follow":"follow","max-snippet":"max-snippet:-1","max-image-preview":"max-image-preview:large","max-video-preview":"max-video-preview:-1"},"canonical":"http:\/\/www.deanreed.de\/AmericanRebel\/ak\/saekularisierung-der-soziale-bedeutungsverlust-von-religion\/","og_locale":"de_DE","og_type":"article","og_title":"S\u00e4kularisierung, der soziale Bedeutungsverlust von Religion - Roter Morgen","og_description":"Heute ist es selbstverst\u00e4ndlich, in den Schulen Texte der b\u00fcrgerlichen Aufkl\u00e4rer Rousseau, Diderot und Voltaire zu lesen. Zu ihren Lebzeiten wurden sie verfolgt, weil sie im Geiste der franz\u00f6sischen Aufkl\u00e4rung den Vollzug einer S\u00e4kularisierung wollten, deren Faustformel lautet, weltliche Fragen nicht in religi\u00f6se, sondern religi\u00f6se Fragen in weltliche aufzul\u00f6sen. Sie forderten die Sch\u00e4tze, die Menschen von gestern an den Himmel verschleudert hatten, wieder auf die Erde zur\u00fcckzuholen.","og_url":"http:\/\/www.deanreed.de\/AmericanRebel\/ak\/saekularisierung-der-soziale-bedeutungsverlust-von-religion\/","og_site_name":"Roter Morgen","article_published_time":"2023-01-30T01:11:06+00:00","article_modified_time":"2023-01-31T10:48:52+00:00","og_image":[{"width":640,"height":460,"url":"http:\/\/www.deanreed.de\/AmericanRebel\/ak\/wp-content\/uploads\/2023\/02\/llpp.png","type":"image\/png"}],"author":"Redaktion","twitter_card":"summary_large_image","twitter_description":"Heute ist es selbstverst\u00e4ndlich, in den Schulen Texte der b\u00fcrgerlichen Aufkl\u00e4rer Rousseau, Diderot und Voltaire zu lesen. Zu ihren Lebzeiten wurden sie verfolgt, weil sie im Geiste der franz\u00f6sischen Aufkl\u00e4rung den Vollzug einer S\u00e4kularisierung wollten, deren Faustformel lautet, weltliche Fragen nicht in religi\u00f6se, sondern religi\u00f6se Fragen in weltliche aufzul\u00f6sen. Sie forderten die Sch\u00e4tze, die Menschen von gestern an den Himmel verschleudert hatten, wieder auf die Erde zur\u00fcckzuholen.","twitter_image":"http:\/\/www.deanreed.de\/AmericanRebel\/ak\/wp-content\/uploads\/2023\/02\/llpp.png","twitter_misc":{"Verfasst von":"Redaktion","Gesch\u00e4tzte Lesezeit":"6\u00a0Minuten"},"schema":{"@context":"https:\/\/schema.org","@graph":[{"@type":"WebPage","@id":"http:\/\/www.deanreed.de\/AmericanRebel\/ak\/saekularisierung-der-soziale-bedeutungsverlust-von-religion\/","url":"http:\/\/www.deanreed.de\/AmericanRebel\/ak\/saekularisierung-der-soziale-bedeutungsverlust-von-religion\/","name":"S\u00e4kularisierung, der soziale Bedeutungsverlust von Religion - Roter Morgen","isPartOf":{"@id":"https:\/\/www.deanreed.de\/AmericanRebel\/ak\/#website"},"primaryImageOfPage":{"@id":"http:\/\/www.deanreed.de\/AmericanRebel\/ak\/saekularisierung-der-soziale-bedeutungsverlust-von-religion\/#primaryimage"},"image":{"@id":"http:\/\/www.deanreed.de\/AmericanRebel\/ak\/saekularisierung-der-soziale-bedeutungsverlust-von-religion\/#primaryimage"},"thumbnailUrl":"http:\/\/www.deanreed.de\/AmericanRebel\/ak\/wp-content\/uploads\/2023\/02\/llpp.png","datePublished":"2023-01-30T01:11:06+00:00","dateModified":"2023-01-31T10:48:52+00:00","author":{"@id":"https:\/\/www.deanreed.de\/AmericanRebel\/ak\/#\/schema\/person\/1735e67eea57aea7611c691f571924c3"},"breadcrumb":{"@id":"http:\/\/www.deanreed.de\/AmericanRebel\/ak\/saekularisierung-der-soziale-bedeutungsverlust-von-religion\/#breadcrumb"},"inLanguage":"de","potentialAction":[{"@type":"ReadAction","target":["http:\/\/www.deanreed.de\/AmericanRebel\/ak\/saekularisierung-der-soziale-bedeutungsverlust-von-religion\/"]}]},{"@type":"ImageObject","inLanguage":"de","@id":"http:\/\/www.deanreed.de\/AmericanRebel\/ak\/saekularisierung-der-soziale-bedeutungsverlust-von-religion\/#primaryimage","url":"http:\/\/www.deanreed.de\/AmericanRebel\/ak\/wp-content\/uploads\/2023\/02\/llpp.png","contentUrl":"http:\/\/www.deanreed.de\/AmericanRebel\/ak\/wp-content\/uploads\/2023\/02\/llpp.png","width":640,"height":460,"caption":"Federzeichnung, um 1803 | Im Mittelpunkt dieser Karikatur steht ein Denkmal mit dem Adler als Symbol des Alten Reichs. Der bayerische L\u00f6we verdr\u00e4ngt den Adler und stellt an die Stelle des Reichswappens die bayerischen Rauten. Neben dem Denkmal stehen ein bayerischer Soldat und ein staatlicher Kommiss\u00e4r, die die Ablieferung der Klosterverm\u00f6gen beaufsichtigen. Von allen Seiten schaffen Angeh\u00f6rige der verschiedenen Orden Truhen, Gelds\u00e4cke und Kirchenger\u00e4t heran. Die Abgabe von Werkzeugen, wie Harke, Spaten und Anglerger\u00e4t k\u00f6nnte auf den Verlust von Fischerei- und Landrechten hinweisen. | Maler: unbekannt"},{"@type":"BreadcrumbList","@id":"http:\/\/www.deanreed.de\/AmericanRebel\/ak\/saekularisierung-der-soziale-bedeutungsverlust-von-religion\/#breadcrumb","itemListElement":[{"@type":"ListItem","position":1,"name":"Startseite","item":"https:\/\/www.deanreed.de\/AmericanRebel\/ak\/"},{"@type":"ListItem","position":2,"name":"S\u00e4kularisierung, der soziale Bedeutungsverlust von Religion"}]},{"@type":"WebSite","@id":"https:\/\/www.deanreed.de\/AmericanRebel\/ak\/#website","url":"https:\/\/www.deanreed.de\/AmericanRebel\/ak\/","name":"Roter Morgen","description":"Der Weg zur Partei","potentialAction":[{"@type":"SearchAction","target":{"@type":"EntryPoint","urlTemplate":"https:\/\/www.deanreed.de\/AmericanRebel\/ak\/?s={search_term_string}"},"query-input":{"@type":"PropertyValueSpecification","valueRequired":true,"valueName":"search_term_string"}}],"inLanguage":"de"},{"@type":"Person","@id":"https:\/\/www.deanreed.de\/AmericanRebel\/ak\/#\/schema\/person\/1735e67eea57aea7611c691f571924c3","name":"Redaktion","url":"http:\/\/www.deanreed.de\/AmericanRebel\/ak\/author\/redaktion\/"}]}},"_links":{"self":[{"href":"http:\/\/www.deanreed.de\/AmericanRebel\/ak\/wp-json\/wp\/v2\/posts\/2248","targetHints":{"allow":["GET"]}}],"collection":[{"href":"http:\/\/www.deanreed.de\/AmericanRebel\/ak\/wp-json\/wp\/v2\/posts"}],"about":[{"href":"http:\/\/www.deanreed.de\/AmericanRebel\/ak\/wp-json\/wp\/v2\/types\/post"}],"author":[{"embeddable":true,"href":"http:\/\/www.deanreed.de\/AmericanRebel\/ak\/wp-json\/wp\/v2\/users\/4"}],"replies":[{"embeddable":true,"href":"http:\/\/www.deanreed.de\/AmericanRebel\/ak\/wp-json\/wp\/v2\/comments?post=2248"}],"version-history":[{"count":13,"href":"http:\/\/www.deanreed.de\/AmericanRebel\/ak\/wp-json\/wp\/v2\/posts\/2248\/revisions"}],"predecessor-version":[{"id":2265,"href":"http:\/\/www.deanreed.de\/AmericanRebel\/ak\/wp-json\/wp\/v2\/posts\/2248\/revisions\/2265"}],"wp:featuredmedia":[{"embeddable":true,"href":"http:\/\/www.deanreed.de\/AmericanRebel\/ak\/wp-json\/wp\/v2\/media\/2256"}],"wp:attachment":[{"href":"http:\/\/www.deanreed.de\/AmericanRebel\/ak\/wp-json\/wp\/v2\/media?parent=2248"}],"wp:term":[{"taxonomy":"category","embeddable":true,"href":"http:\/\/www.deanreed.de\/AmericanRebel\/ak\/wp-json\/wp\/v2\/categories?post=2248"},{"taxonomy":"post_tag","embeddable":true,"href":"http:\/\/www.deanreed.de\/AmericanRebel\/ak\/wp-json\/wp\/v2\/tags?post=2248"}],"curies":[{"name":"wp","href":"https:\/\/api.w.org\/{rel}","templated":true}]}}