{"id":8238,"date":"2017-12-07T14:40:46","date_gmt":"2017-12-07T13:40:46","guid":{"rendered":"http:\/\/www.deanreed.de\/AmericanRebel\/2017\/?p=8238"},"modified":"2018-04-02T05:27:11","modified_gmt":"2018-04-02T03:27:11","slug":"buchpremiere","status":"publish","type":"post","link":"http:\/\/www.deanreed.de\/AmericanRebel\/2017\/2017\/12\/07\/buchpremiere\/","title":{"rendered":"&#8211; Vom &#8222;Untertan&#8220; zum &#8222;Bernsteinzimmer&#8220;"},"content":{"rendered":"<h4>Nico Diener<\/h4>\n<h2>Vom Untertan zum Bernsteinzimmer&#8220;<\/h2>\n<h4><strong>Das Gro\u00dfe Lexikon der DEFA-Spielfilme ist neu erschienen<br \/>\n<span style=\"color: #ffffff;\">.<\/span><br \/>\n<\/strong><\/h4>\n<div id=\"attachment_180\" style=\"width: 110px\" class=\"wp-caption alignleft\"><img aria-describedby=\"caption-attachment-180\" loading=\"lazy\" class=\"size-full wp-image-180\" src=\"http:\/\/www.deanreed.de\/AmericanRebel\/2017\/wp-content\/uploads\/2017\/02\/Nico_Diener_Tagesshow.jpg\" alt=\"\" width=\"100\" height=\"150\" \/><p id=\"caption-attachment-180\" class=\"wp-caption-text\"><span style=\"color: #808080;\">Nico Diener<\/span><\/p><\/div>\n<p style=\"text-align: justify;\"><strong>Gestern wurde im Kino Toni, am Berliner Antonplatz, die stark erweiterte Auflage, des schon bekannten, Lexikons der DEFA Spielfilme vorgestellt. <\/strong><strong>Kurz nach dem 70. Jubil\u00e4um der <a href=\"https:\/\/de.wikipedia.org\/wiki\/DEFA\" target=\"_blank\" rel=\"noopener\">DEFA (Deutsche Film AG)<\/a> hat der Autor und renommierte Filmpublizist <a href=\"https:\/\/de.wikipedia.org\/wiki\/Frank-Burkhard_Habel\" target=\"_blank\" rel=\"noopener\">Frank-Burkhard Habel<\/a> sein, nun stark illustriertes Werk, der \u00d6ffentlichkeit pr\u00e4sentiert. Es entstand, 16 Jahre nach Erscheinen der ersten Ausgabe, in enger Zusammenarbeit mit der <a href=\"http:\/\/www.defa-stiftung.de\/defa-stiftung-home\" target=\"_blank\" rel=\"noopener\">DEFA-Stiftung<\/a>.<\/strong><\/p>\n<p style=\"text-align: justify;\">Im Gespr\u00e4ch mit der Schauspielerin <a href=\"https:\/\/de.wikipedia.org\/wiki\/Ute_Lubosch\" target=\"_blank\" rel=\"noopener\">Ute Lubosch<\/a> sagte F.-B. Habel unter anderem:\u00a0\u00bb<em>DEFA war mehr als die popul\u00e4re Abk\u00fcrzung des Namens einer Filmgesellschaft. DEFA-Filme waren Programm und Propaganda, standen oft f\u00fcr Qualit\u00e4t und manchmal f\u00fcr Qual<\/em>\u00ab.<br \/>\nAnschlie\u00dfend wurde der Kurzfilm \u00bbDEFA 70\u00ab gezeigt, den der durch Konrad Wolfs Filme bekannte Kameramann Werner Bergmann 1965 als sein Regie-Experiment gedreht hatte, um die M\u00f6glichkeiten der 70 mm-Kamera auszutesten.<\/p>\n<p style=\"text-align: justify;\">Vor dem interessierten Publikum, darunter K\u00fcnstler aus DEFA-Zeiten, wie die Schauspielerinnen <a href=\"https:\/\/de.wikipedia.org\/wiki\/Dietlinde_Greiff\" target=\"_blank\" rel=\"noopener\">Dietlinde Greiff<\/a> und <a href=\"https:\/\/de.wikipedia.org\/wiki\/Katrin_Knappe\" target=\"_blank\" rel=\"noopener\">Katrin Knappe<\/a>, die Dramaturgin <a href=\"https:\/\/de.wikipedia.org\/wiki\/Inge_Heym\" target=\"_blank\" rel=\"noopener\">Inge Heym<\/a>, der Kameramann <a href=\"https:\/\/de.wikipedia.org\/wiki\/Peter_Ziesche\" target=\"_blank\" rel=\"noopener\">Peter Ziesche<\/a> und die Szenenbildnerin <a href=\"http:\/\/www.bebersee.com\/Vita%20BB.html\" target=\"_blank\" rel=\"noopener\">Britta Bastian<\/a>, las Habel markante Abs\u00e4tze aus seinem Lexikon vor, in dem auch mehrere Seiten <a href=\"http:\/\/www.DeanReed.de\">Dean Reeds<\/a> DEFA-Filmen gewidmet sind. Gegen\u00fcber der Erstausgabe von 2001 ist das nunmehr zweib\u00e4ndige Lexikon um etwa 100 Filme erweitert worden, weil auch Fernsehproduktionen, die im Kino liefen, sowie Filme aus der BRD und der Sowjetunion hinzukamen, die zwar formal keine DEFA-Streifen waren, aber zu beachtlichen Teilen von der DEFA unterst\u00fctzt wurden.<\/p>\n<div id=\"attachment_8355\" style=\"width: 355px\" class=\"wp-caption alignleft\"><img aria-describedby=\"caption-attachment-8355\" loading=\"lazy\" class=\" wp-image-8355\" src=\"http:\/\/www.deanreed.de\/AmericanRebel\/2017\/wp-content\/uploads\/2017\/12\/Autogrammstunde-254x300.jpg\" alt=\"\" width=\"345\" height=\"407\" srcset=\"http:\/\/www.deanreed.de\/AmericanRebel\/2017\/wp-content\/uploads\/2017\/12\/Autogrammstunde-254x300.jpg 254w, http:\/\/www.deanreed.de\/AmericanRebel\/2017\/wp-content\/uploads\/2017\/12\/Autogrammstunde-768x907.jpg 768w, http:\/\/www.deanreed.de\/AmericanRebel\/2017\/wp-content\/uploads\/2017\/12\/Autogrammstunde-867x1024.jpg 867w\" sizes=\"(max-width: 345px) 100vw, 345px\" \/><p id=\"caption-attachment-8355\" class=\"wp-caption-text\"><span style=\"color: #808080;\">Autor F.-B. Habel beim signieren seines Werkes.<\/span><br \/><span style=\"color: #808080;\">Foto: Veiko H\u00fcbner<\/span><\/p><\/div>\n<p style=\"text-align: justify;\">Im Publikumsgespr\u00e4ch wurde der Autor nach dem Verh\u00e4ltnis zwischen der DEFA als Produzenten und den K\u00fcnstlern gefragt. Habel erl\u00e4uterte, dass die k\u00fcnstlerischen Auffassungen mitunter nicht mit den vorgegebenen gesellschaftlichen Interessen harmonierten und f\u00fchrte das Beispiel von Rainer Simons Film \u201eJadup und Boel\u201c (mit Katrin Knappe als Boel) an, der 1981 fertiggestellt wurde, aber wegen zu kritischer Schilderung der Gegenwart bis 1988 (ein bisschen Glasnost war auch in der DDR angekommen) warten musste, ehe er aufgef\u00fchrt werden durfte. In der DDR, so Habel, war der Staat zugleich der Produzent, denn die DEFA war ein Volkseigener Betrieb. Habel zitierte aus seinen Gespr\u00e4chen mit dem renommierten Regisseur Egon G\u00fcnther, der die DDR 1980 verlie\u00df, um f\u00fcr zehn Jahre im Westen zu arbeiten, und der desillusioniert zur\u00fcckkehrte. Sinngem\u00e4\u00df hatte G\u00fcnther gesagt, in der DDR konnte man mit den Funktion\u00e4ren, die die Filme anders haben wollten, wenigstens dar\u00fcber diskutieren. Produzenten im Westen diktierten, wie die Filme auszusehen h\u00e4tten, rein nach Marktinteressen und da war mit ihnen nicht zu reden.<\/p>\n<p style=\"text-align: justify;\">Die erweiterte Neuausgabe in zwei B\u00e4nden dokumentiert <a href=\"https:\/\/de.wikipedia.org\/wiki\/Liste_der_DEFA-Filme\" target=\"_blank\" rel=\"noopener\">alle Filme der DEFA<\/a> aus 47 Produktionsjahren (1946 bis 1993). Geboten werden jeweils eine Auflistung der Mitarbeiter, eine Inhaltsangabe, Anmerkungen zur Rezeptionsgeschichte sowie zahlreiche Abbildungen. Nirgendwo sonst l\u00e4sst sich kollektives Erleben besser nachempfinden und kaum eine andere Kunstform gibt mehr Sichten auf den Alltag der Menschen frei, als der Film. Das gilt in besonderem Ma\u00dfe f\u00fcr die DEFA-Produktionen als ein St\u00fcck Deutscher Geschichte, wie sie im neuen, erweiterten Lexikon erz\u00e4hlt wird. Mit dabei sind auch die 22 Produktionen die im &#8222;DDR-Volksmund&#8220; als &#8222;<a href=\"https:\/\/de.wikipedia.org\/wiki\/Kellerfilm\" target=\"_blank\" rel=\"noopener\">Kellerfilme<\/a>&#8220; und sp\u00e4ter auch als &#8222;Kaninchenfilme&#8220; bezeichnet wurden. Dabei handelt es sich um Filme, die der SED (Sozialistische Einheitspartei Deutschlands) zur Zeit des Erscheinens und sp\u00e4ter nicht genehm waren und durch das <span class=\"st\">Plenum des ZK der SED<\/span> und weitere auf anderen Wegen, verboten wurden. Gute und schlechte Produktionen, die teilweise erst nach der Aufl\u00f6sung der DDR der \u00d6ffentlichkeit vorgestellt wurden. Auch Spiel- und Dokumentarfilme wie\u00a0&#8222;<a href=\"https:\/\/de.wikipedia.org\/wiki\/Der_Untertan_(Film)\" target=\"_blank\" rel=\"noopener\">Der Untertan<\/a>&#8220; (1951), &#8222;<a href=\"http:\/\/www.defa-stiftung.de\/DesktopDefault.aspx?TabID=412&amp;FilmID=Q6UJ9A004CLR&amp;qpn=0\" target=\"_blank\" rel=\"noopener\">Du und mancher Kamerad<\/a>&#8220; (1956), &#8222;<a href=\"https:\/\/www.mdr.de\/tv\/sendungen\/thomas-muentzer-defa-film-rekonstruiert-100.html\" target=\"_blank\" rel=\"noopener\">Thomas M\u00fcntzer<\/a>&#8220; (1956),\u00a0&#8222;<a href=\"https:\/\/de.wikipedia.org\/wiki\/Das_tapfere_Schneiderlein_(1956)\" target=\"_blank\" rel=\"noopener\">Das tapfere Schneiderlein<\/a>&#8220; (1956) und &#8222;<a href=\"https:\/\/de.wikipedia.org\/wiki\/Berlin_\u2013_Ecke_Sch\u00f6nhauser\u2026\" target=\"_blank\" rel=\"noopener\">Berlin &#8211; Ecke Sch\u00f6nhauser<\/a>&#8220; (1957), die neben Anderen der <a href=\"http:\/\/www.bpb.de\/apuz\/32270\/zensur-von-defa-filmen-in-der-bundesrepublik?p=all\" target=\"_blank\" rel=\"noopener\">Zensur in der BRD<\/a> (Bundesrepublik Deutschland) zum Opfer fielen, sind dabei. Ein obskurer &#8222;<a href=\"http:\/\/www.spiegel.de\/einestages\/verbotene-filme-geheime-zensur-im-dienst-der-bundesregierung-a-973414.html\" target=\"_blank\" rel=\"noopener\">Interministerieller Ausschuss f\u00fcr Ost\/West-Filmfragen<\/a>&#8220; hatte seine Einfuhr verboten. Ebenso sind die beliebten <a href=\"https:\/\/de.wikipedia.org\/wiki\/Liste_von_M%C3%A4rchenfilmen#Deutsche_Demokratische_Republik_.281949.E2.80.931989.29\" target=\"_blank\" rel=\"noopener\">DEFA-M\u00e4rchenfilme<\/a>, \u00fcber deren sozialistisch-p\u00e4dagogische Wertigkeit sich sicherlich streiten l\u00e4sst, mit \u00fcber drei\u00dfig Produktionen ausf\u00fchrlich beschrieben.<\/p>\n<p style=\"text-align: justify;\">W<span class=\"a-size-base review-text\" data-hook=\"review-body\">er sich mit der DDR-Filmgeschichte besch\u00e4ftigt, sei es nun beruflich oder aus rein privatem Interesse, kommt um dieses Standartwerk nicht herum. <\/span>Sauer aufsto\u00dfen wird er aber an der Kasse seiner Buchhandlung oder Onlinebuchhandlung, wenn&#8217;s ans bezahlen geht. Ganze 99,99 Euro muss man ausgeben um die erweiterte Ausgabe sein Eigentum nennen zu d\u00fcrfen. Bei dem Preis ist zu hoffen das viele \u00f6ffentliche B\u00fcchereien, soweit sie noch nicht wegrationalisiert wurden, sich dieses umfassende Werk anschaffen. Nirgendwo sonst l\u00e4sst sich kollektives Erleben besser nachempfinden und kaum eine andere Kunstform gibt mehr Sichten auf den Alltag der Menschen frei.<\/p>\n<p style=\"text-align: center;\"><img loading=\"lazy\" class=\"wp-image-8248 aligncenter\" src=\"http:\/\/www.deanreed.de\/AmericanRebel\/2017\/wp-content\/uploads\/2017\/12\/l_01-300x220.png\" alt=\"\" width=\"751\" height=\"551\" srcset=\"http:\/\/www.deanreed.de\/AmericanRebel\/2017\/wp-content\/uploads\/2017\/12\/l_01-300x220.png 300w, http:\/\/www.deanreed.de\/AmericanRebel\/2017\/wp-content\/uploads\/2017\/12\/l_01-768x563.png 768w, http:\/\/www.deanreed.de\/AmericanRebel\/2017\/wp-content\/uploads\/2017\/12\/l_01.png 940w\" sizes=\"(max-width: 751px) 100vw, 751px\" \/><\/p>\n<p><img loading=\"lazy\" class=\"wp-image-8247 aligncenter\" src=\"http:\/\/www.deanreed.de\/AmericanRebel\/2017\/wp-content\/uploads\/2017\/12\/l_02-300x217.png\" alt=\"\" width=\"633\" height=\"458\" srcset=\"http:\/\/www.deanreed.de\/AmericanRebel\/2017\/wp-content\/uploads\/2017\/12\/l_02-300x217.png 300w, http:\/\/www.deanreed.de\/AmericanRebel\/2017\/wp-content\/uploads\/2017\/12\/l_02-768x557.png 768w, http:\/\/www.deanreed.de\/AmericanRebel\/2017\/wp-content\/uploads\/2017\/12\/l_02.png 970w\" sizes=\"(max-width: 633px) 100vw, 633px\" \/><\/p>\n<p style=\"text-align: justify;\"><em>F.-B. Habel, <strong>DAS GROSSE LEXIKON DER DEFA-SPIELFILME &#8211; Die vollst\u00e4ndige Dokumentation aller DEFA-Spielfilme von 1946 bis 1993<\/strong><\/em><br \/>\n<em>Erweiterte Neuausgabe in zwei B\u00e4nden, 1152 Seiten mit ca. 1000 Abbildungen | Zwei B\u00e4nde gebunden mit Schutzumschlag, ISBN 978-3-86265-587-8, 99,99 EUR (D)<\/em><br \/>\n<span style=\"color: #ffffff;\">.<\/span><\/p>\n<p><a title=\"zur Startseite\" href=\"http:\/\/www.americanrebel.de\/\"><img loading=\"lazy\" class=\"alignleft wp-image-1682\" src=\"http:\/\/www.deanreed.de\/AmericanRebel\/2017\/wp-content\/uploads\/2017\/03\/back_ar.png\" alt=\"zur\u00fcck zur Startseite\" width=\"156\" height=\"15\" \/><\/a><a href=\"https:\/\/www.facebook.com\/groups\/1683837971860223\/permalink\/2082855468625136\/\" target=\"_blank\" rel=\"noopener\"><img loading=\"lazy\" class=\"alignright wp-image-1676\" src=\"http:\/\/www.deanreed.de\/AmericanRebel\/2017\/wp-content\/uploads\/2017\/03\/ar_zu_fb.png\" alt=\"\" width=\"353\" height=\"15\" srcset=\"http:\/\/www.deanreed.de\/AmericanRebel\/2017\/wp-content\/uploads\/2017\/03\/ar_zu_fb.png 470w, http:\/\/www.deanreed.de\/AmericanRebel\/2017\/wp-content\/uploads\/2017\/03\/ar_zu_fb-300x13.png 300w\" sizes=\"(max-width: 353px) 100vw, 353px\" \/><\/a><\/p>\n<p><a href=\"http:\/\/www.deanreed.de\/AmericanRebel\/2017\/?p=8238&amp;preview=true#respond\" target=\"_blank\" rel=\"noopener noreferrer\"><strong><img loading=\"lazy\" class=\"alignright wp-image-1688\" src=\"http:\/\/www.deanreed.de\/AmericanRebel\/2017\/wp-content\/uploads\/2017\/03\/ar_kommentar-1.png\" alt=\"Sag uns deine Meinung zum Artikel mit einem Kommentar\/Leserbrief\" width=\"627\" height=\"20\" \/><\/strong><\/a><\/p>\n","protected":false},"excerpt":{"rendered":"<p>Nico Diener Vom Untertan zum Bernsteinzimmer&#8220; Das Gro\u00dfe Lexikon der DEFA-Spielfilme ist neu erschienen . Gestern wurde im Kino Toni, am Berliner Antonplatz, die stark erweiterte Auflage, des schon bekannten, Lexikons der DEFA Spielfilme vorgestellt. Kurz nach dem 70. Jubil\u00e4um [&hellip;]<a class=\"more-link\" href=\"http:\/\/www.deanreed.de\/AmericanRebel\/2017\/2017\/12\/07\/buchpremiere\/\">&darr; Lese den Rest von diesem Eintrag&#8230;<\/a><\/p>\n","protected":false},"author":2,"featured_media":0,"comment_status":"open","ping_status":"open","sticky":false,"template":"","format":"standard","meta":[],"categories":[97],"tags":[],"yoast_head":"<!-- This site is optimized with the Yoast SEO plugin v17.5 - https:\/\/yoast.com\/wordpress\/plugins\/seo\/ -->\n<title>- Vom &quot;Untertan&quot; zum &quot;Bernsteinzimmer&quot; &ndash; Onlinezeitung AmericanRebel<\/title>\n<meta name=\"robots\" content=\"index, follow, max-snippet:-1, max-image-preview:large, max-video-preview:-1\" \/>\n<link rel=\"canonical\" href=\"http:\/\/www.deanreed.de\/AmericanRebel\/2017\/2017\/12\/07\/buchpremiere\/\" \/>\n<meta property=\"og:locale\" content=\"de_DE\" \/>\n<meta property=\"og:type\" content=\"article\" \/>\n<meta property=\"og:title\" content=\"- Vom &quot;Untertan&quot; zum &quot;Bernsteinzimmer&quot; &ndash; Onlinezeitung AmericanRebel\" \/>\n<meta property=\"og:description\" content=\"Nico Diener Vom Untertan zum Bernsteinzimmer&#8220; Das Gro\u00dfe Lexikon der DEFA-Spielfilme ist neu erschienen . Gestern wurde im Kino Toni, am Berliner Antonplatz, die stark erweiterte Auflage, des schon bekannten, Lexikons der DEFA Spielfilme vorgestellt. Kurz nach dem 70. Jubil\u00e4um [&hellip;]&darr; Lese den Rest von diesem Eintrag...\" \/>\n<meta property=\"og:url\" content=\"http:\/\/www.deanreed.de\/AmericanRebel\/2017\/2017\/12\/07\/buchpremiere\/\" \/>\n<meta property=\"og:site_name\" content=\"Onlinezeitung AmericanRebel\" \/>\n<meta property=\"article:published_time\" content=\"2017-12-07T13:40:46+00:00\" \/>\n<meta property=\"article:modified_time\" content=\"2018-04-02T03:27:11+00:00\" \/>\n<meta property=\"og:image\" content=\"http:\/\/www.deanreed.de\/AmericanRebel\/2017\/wp-content\/uploads\/2017\/02\/Nico_Diener_Tagesshow.jpg\" \/>\n<meta name=\"twitter:card\" content=\"summary_large_image\" \/>\n<meta name=\"twitter:label1\" content=\"Verfasst von\" \/>\n\t<meta name=\"twitter:data1\" content=\"Redaktion\" \/>\n\t<meta name=\"twitter:label2\" content=\"Gesch\u00e4tzte Lesezeit\" \/>\n\t<meta name=\"twitter:data2\" content=\"4\u00a0Minuten\" \/>\n<script type=\"application\/ld+json\" class=\"yoast-schema-graph\">{\"@context\":\"https:\/\/schema.org\",\"@graph\":[{\"@type\":\"WebSite\",\"@id\":\"http:\/\/www.deanreed.de\/AmericanRebel\/2017\/#website\",\"url\":\"http:\/\/www.deanreed.de\/AmericanRebel\/2017\/\",\"name\":\"Onlinezeitung AmericanRebel\",\"description\":\"Internationale Onlinezeitung f\\u00fcr Frieden, Humanismus, V\\u00f6lkerverst\\u00e4ndigung und Kultur\",\"potentialAction\":[{\"@type\":\"SearchAction\",\"target\":{\"@type\":\"EntryPoint\",\"urlTemplate\":\"http:\/\/www.deanreed.de\/AmericanRebel\/2017\/?s={search_term_string}\"},\"query-input\":\"required name=search_term_string\"}],\"inLanguage\":\"de\"},{\"@type\":\"ImageObject\",\"@id\":\"http:\/\/www.deanreed.de\/AmericanRebel\/2017\/2017\/12\/07\/buchpremiere\/#primaryimage\",\"inLanguage\":\"de\",\"url\":\"http:\/\/www.deanreed.de\/AmericanRebel\/2017\/wp-content\/uploads\/2017\/02\/Nico_Diener_Tagesshow.jpg\",\"contentUrl\":\"http:\/\/www.deanreed.de\/AmericanRebel\/2017\/wp-content\/uploads\/2017\/02\/Nico_Diener_Tagesshow.jpg\",\"width\":100,\"height\":150,\"caption\":\"Nico Diener\"},{\"@type\":\"WebPage\",\"@id\":\"http:\/\/www.deanreed.de\/AmericanRebel\/2017\/2017\/12\/07\/buchpremiere\/#webpage\",\"url\":\"http:\/\/www.deanreed.de\/AmericanRebel\/2017\/2017\/12\/07\/buchpremiere\/\",\"name\":\"- Vom \\\"Untertan\\\" zum \\\"Bernsteinzimmer\\\" &ndash; Onlinezeitung AmericanRebel\",\"isPartOf\":{\"@id\":\"http:\/\/www.deanreed.de\/AmericanRebel\/2017\/#website\"},\"primaryImageOfPage\":{\"@id\":\"http:\/\/www.deanreed.de\/AmericanRebel\/2017\/2017\/12\/07\/buchpremiere\/#primaryimage\"},\"datePublished\":\"2017-12-07T13:40:46+00:00\",\"dateModified\":\"2018-04-02T03:27:11+00:00\",\"author\":{\"@id\":\"http:\/\/www.deanreed.de\/AmericanRebel\/2017\/#\/schema\/person\/9edfca7917cd10b75edaae51c6e7935a\"},\"breadcrumb\":{\"@id\":\"http:\/\/www.deanreed.de\/AmericanRebel\/2017\/2017\/12\/07\/buchpremiere\/#breadcrumb\"},\"inLanguage\":\"de\",\"potentialAction\":[{\"@type\":\"ReadAction\",\"target\":[\"http:\/\/www.deanreed.de\/AmericanRebel\/2017\/2017\/12\/07\/buchpremiere\/\"]}]},{\"@type\":\"BreadcrumbList\",\"@id\":\"http:\/\/www.deanreed.de\/AmericanRebel\/2017\/2017\/12\/07\/buchpremiere\/#breadcrumb\",\"itemListElement\":[{\"@type\":\"ListItem\",\"position\":1,\"name\":\"Startseite\",\"item\":\"http:\/\/www.deanreed.de\/AmericanRebel\/2017\/\"},{\"@type\":\"ListItem\",\"position\":2,\"name\":\"&#8211; Vom &#8222;Untertan&#8220; zum &#8222;Bernsteinzimmer&#8220;\"}]},{\"@type\":\"Person\",\"@id\":\"http:\/\/www.deanreed.de\/AmericanRebel\/2017\/#\/schema\/person\/9edfca7917cd10b75edaae51c6e7935a\",\"name\":\"Redaktion\",\"url\":\"http:\/\/www.deanreed.de\/AmericanRebel\/2017\/author\/redaktion\/\"}]}<\/script>\n<!-- \/ Yoast SEO plugin. -->","yoast_head_json":{"title":"- Vom \"Untertan\" zum \"Bernsteinzimmer\" &ndash; Onlinezeitung AmericanRebel","robots":{"index":"index","follow":"follow","max-snippet":"max-snippet:-1","max-image-preview":"max-image-preview:large","max-video-preview":"max-video-preview:-1"},"canonical":"http:\/\/www.deanreed.de\/AmericanRebel\/2017\/2017\/12\/07\/buchpremiere\/","og_locale":"de_DE","og_type":"article","og_title":"- Vom \"Untertan\" zum \"Bernsteinzimmer\" &ndash; Onlinezeitung AmericanRebel","og_description":"Nico Diener Vom Untertan zum Bernsteinzimmer&#8220; Das Gro\u00dfe Lexikon der DEFA-Spielfilme ist neu erschienen . Gestern wurde im Kino Toni, am Berliner Antonplatz, die stark erweiterte Auflage, des schon bekannten, Lexikons der DEFA Spielfilme vorgestellt. Kurz nach dem 70. Jubil\u00e4um [&hellip;]&darr; Lese den Rest von diesem Eintrag...","og_url":"http:\/\/www.deanreed.de\/AmericanRebel\/2017\/2017\/12\/07\/buchpremiere\/","og_site_name":"Onlinezeitung AmericanRebel","article_published_time":"2017-12-07T13:40:46+00:00","article_modified_time":"2018-04-02T03:27:11+00:00","og_image":[{"url":"http:\/\/www.deanreed.de\/AmericanRebel\/2017\/wp-content\/uploads\/2017\/02\/Nico_Diener_Tagesshow.jpg"}],"twitter_card":"summary_large_image","twitter_misc":{"Verfasst von":"Redaktion","Gesch\u00e4tzte Lesezeit":"4\u00a0Minuten"},"schema":{"@context":"https:\/\/schema.org","@graph":[{"@type":"WebSite","@id":"http:\/\/www.deanreed.de\/AmericanRebel\/2017\/#website","url":"http:\/\/www.deanreed.de\/AmericanRebel\/2017\/","name":"Onlinezeitung AmericanRebel","description":"Internationale Onlinezeitung f\u00fcr Frieden, Humanismus, V\u00f6lkerverst\u00e4ndigung und Kultur","potentialAction":[{"@type":"SearchAction","target":{"@type":"EntryPoint","urlTemplate":"http:\/\/www.deanreed.de\/AmericanRebel\/2017\/?s={search_term_string}"},"query-input":"required name=search_term_string"}],"inLanguage":"de"},{"@type":"ImageObject","@id":"http:\/\/www.deanreed.de\/AmericanRebel\/2017\/2017\/12\/07\/buchpremiere\/#primaryimage","inLanguage":"de","url":"http:\/\/www.deanreed.de\/AmericanRebel\/2017\/wp-content\/uploads\/2017\/02\/Nico_Diener_Tagesshow.jpg","contentUrl":"http:\/\/www.deanreed.de\/AmericanRebel\/2017\/wp-content\/uploads\/2017\/02\/Nico_Diener_Tagesshow.jpg","width":100,"height":150,"caption":"Nico Diener"},{"@type":"WebPage","@id":"http:\/\/www.deanreed.de\/AmericanRebel\/2017\/2017\/12\/07\/buchpremiere\/#webpage","url":"http:\/\/www.deanreed.de\/AmericanRebel\/2017\/2017\/12\/07\/buchpremiere\/","name":"- Vom \"Untertan\" zum \"Bernsteinzimmer\" &ndash; Onlinezeitung AmericanRebel","isPartOf":{"@id":"http:\/\/www.deanreed.de\/AmericanRebel\/2017\/#website"},"primaryImageOfPage":{"@id":"http:\/\/www.deanreed.de\/AmericanRebel\/2017\/2017\/12\/07\/buchpremiere\/#primaryimage"},"datePublished":"2017-12-07T13:40:46+00:00","dateModified":"2018-04-02T03:27:11+00:00","author":{"@id":"http:\/\/www.deanreed.de\/AmericanRebel\/2017\/#\/schema\/person\/9edfca7917cd10b75edaae51c6e7935a"},"breadcrumb":{"@id":"http:\/\/www.deanreed.de\/AmericanRebel\/2017\/2017\/12\/07\/buchpremiere\/#breadcrumb"},"inLanguage":"de","potentialAction":[{"@type":"ReadAction","target":["http:\/\/www.deanreed.de\/AmericanRebel\/2017\/2017\/12\/07\/buchpremiere\/"]}]},{"@type":"BreadcrumbList","@id":"http:\/\/www.deanreed.de\/AmericanRebel\/2017\/2017\/12\/07\/buchpremiere\/#breadcrumb","itemListElement":[{"@type":"ListItem","position":1,"name":"Startseite","item":"http:\/\/www.deanreed.de\/AmericanRebel\/2017\/"},{"@type":"ListItem","position":2,"name":"&#8211; Vom &#8222;Untertan&#8220; zum &#8222;Bernsteinzimmer&#8220;"}]},{"@type":"Person","@id":"http:\/\/www.deanreed.de\/AmericanRebel\/2017\/#\/schema\/person\/9edfca7917cd10b75edaae51c6e7935a","name":"Redaktion","url":"http:\/\/www.deanreed.de\/AmericanRebel\/2017\/author\/redaktion\/"}]}},"_links":{"self":[{"href":"http:\/\/www.deanreed.de\/AmericanRebel\/2017\/wp-json\/wp\/v2\/posts\/8238"}],"collection":[{"href":"http:\/\/www.deanreed.de\/AmericanRebel\/2017\/wp-json\/wp\/v2\/posts"}],"about":[{"href":"http:\/\/www.deanreed.de\/AmericanRebel\/2017\/wp-json\/wp\/v2\/types\/post"}],"author":[{"embeddable":true,"href":"http:\/\/www.deanreed.de\/AmericanRebel\/2017\/wp-json\/wp\/v2\/users\/2"}],"replies":[{"embeddable":true,"href":"http:\/\/www.deanreed.de\/AmericanRebel\/2017\/wp-json\/wp\/v2\/comments?post=8238"}],"version-history":[{"count":0,"href":"http:\/\/www.deanreed.de\/AmericanRebel\/2017\/wp-json\/wp\/v2\/posts\/8238\/revisions"}],"wp:attachment":[{"href":"http:\/\/www.deanreed.de\/AmericanRebel\/2017\/wp-json\/wp\/v2\/media?parent=8238"}],"wp:term":[{"taxonomy":"category","embeddable":true,"href":"http:\/\/www.deanreed.de\/AmericanRebel\/2017\/wp-json\/wp\/v2\/categories?post=8238"},{"taxonomy":"post_tag","embeddable":true,"href":"http:\/\/www.deanreed.de\/AmericanRebel\/2017\/wp-json\/wp\/v2\/tags?post=8238"}],"curies":[{"name":"wp","href":"https:\/\/api.w.org\/{rel}","templated":true}]}}