{"id":7305,"date":"2017-10-08T15:01:48","date_gmt":"2017-10-08T13:01:48","guid":{"rendered":"http:\/\/www.deanreed.de\/AmericanRebel\/2017\/?p=7305"},"modified":"2017-10-08T22:48:59","modified_gmt":"2017-10-08T20:48:59","slug":"7305","status":"publish","type":"post","link":"http:\/\/www.deanreed.de\/AmericanRebel\/2017\/2017\/10\/08\/7305\/","title":{"rendered":"&#8211; Eiszeit-Bl\u00fcten"},"content":{"rendered":"<h4>Redaktion American Rebel<\/h4>\n<h2><strong>Eiszeit-Bl\u00fcten<\/strong><\/h2>\n<h4><strong><span class=\"text_small\">Achtes Buch mit biografischen Erinnerungen<\/span><br \/>\n<span style=\"color: #ffffff;\">.<\/span><br \/>\n<\/strong><\/h4>\n<p style=\"text-align: justify;\"><strong>Unter dem Titel \u201eEISZEIT-BL\u00dcTEN. ROTE-NELKEN-GR\u00dc\u00dfE AUS BL\u00dcHENDEN LANDSCHAFTEN\u201c ver\u00f6ffentlichte der Diplom-Journalist und Blogger und einstiger Oberstleutnant a.D. der NVA im Brokatbook Verlag, Erscheinungsdatum ab 01. Oktober, sein achtes Buch der biografischen Erinnerungen.<\/strong><\/p>\n<p style=\"text-align: justify;\">Warum schreibt der Autor Harry Popow von Eiszeit-Bl\u00fcten? Er bezieht sich auf den Fund russischer Forscher. Sie entdeckten in einer Tiefe von 38 Metern in sibirischen Permafrostb\u00f6den 30.000 Jahre alte Bl\u00fcten aus der Eiszeit! Und brachten sie wieder zum Bl\u00fchen&#8230;<\/p>\n<div id=\"attachment_7312\" style=\"width: 340px\" class=\"wp-caption alignright\"><img aria-describedby=\"caption-attachment-7312\" loading=\"lazy\" class=\" wp-image-7312\" src=\"http:\/\/www.deanreed.de\/AmericanRebel\/2017\/wp-content\/uploads\/2017\/10\/Harry-300x200.jpg\" alt=\"\" width=\"330\" height=\"220\" srcset=\"http:\/\/www.deanreed.de\/AmericanRebel\/2017\/wp-content\/uploads\/2017\/10\/Harry-300x200.jpg 300w, http:\/\/www.deanreed.de\/AmericanRebel\/2017\/wp-content\/uploads\/2017\/10\/Harry.jpg 605w\" sizes=\"(max-width: 330px) 100vw, 330px\" \/><p id=\"caption-attachment-7312\" class=\"wp-caption-text\"><span style=\"color: #808080;\">Harry Popow<\/span><\/p><\/div>\n<p style=\"text-align: justify;\">Zum Bl\u00fchen will auch der Herausgeber jene weitgehend offiziell nicht wahrgenommenen Erinnerungen von DDR-B\u00fcrgern. Denen sp\u00fcrt er auf und bezeichnet sie als Bl\u00fcten, die zuk\u00fcnftigen Generationen helfen m\u00f6gen, echte \u201ebl\u00fchende Landschaften\u201c ohne Kapitalismus zu errichten. Mit dem ironischen Untertitel spielt er erstens auf die von der Arbeiterklasse anl\u00e4sslich des 1. Mai am Jackenaufschlag angesteckten Roten Nelken an, dem Symbol des Kampfes der Arbeiterbewegung und des Bekenntnisses zu Sozialismus und Kommunismus und zweitens auf das \u201eber\u00fchmte\u201c Versprechen des Bundeskanzlers Helmut Kohl. Als Herausgeber l\u00e4sst Harry Popow einstige DDR-B\u00fcrger mit ihren Erinnerungen und ihren Haltungen zum heutigen kapitalistischen Deutschland in zahlreichen Mails und pers\u00f6nlichen Texten zu Wort kommen.<\/p>\n<p style=\"text-align: justify;\">Sie sind Nach- und Vordenker in einem. Sie stehen f\u00fcr ehrliche einstige DDR-Bewohner. F\u00fcr ihr Wollen, ihren Ehrgeiz, ihren Mut, ihre Hingabe f\u00fcr ein neues und demokratisches Deutschland, mit all den noch unbew\u00e4ltigten Problemen des t\u00e4glichen Lebens. Sie schweigen nicht. Denn es ist \u201eHohe Zeit\u201c, da all die k\u00fchnen Ideen, die Motive f\u00fcr eine bessere Menschenwelt aus der Gruft der Vergessenheit herbeigerufen werden m\u00fcssen.<\/p>\n<p style=\"text-align: justify;\">Keine der in der DDR erlebten Widerspr\u00fcche warf \u00fcberzeugte B\u00fcrger und Humanisten aus der Bahn, weder psychologische Ungereimtheiten noch politische Kurzsichtigkeiten. Im Mittelpunkt der Motivation der Textbeitr\u00e4ge stand und steht die Verteidigung des Friedens, an der der Herausgeber auch pers\u00f6nlich 32 Jahre lang seinen Anteil hatte. Das Bem\u00fchen und das Engagement aller User und Autoren m\u00fcnden in der nachdenklichen Frage, ob die jetzige Beschaffenheit der Gesellschaft etwa das Nonplusultra sein soll\u2026<\/p>\n<p style=\"text-align: justify;\"><img loading=\"lazy\" class=\"alignleft wp-image-7313\" src=\"http:\/\/www.deanreed.de\/AmericanRebel\/2017\/wp-content\/uploads\/2017\/10\/8.Buchjpg-195x300.jpg\" alt=\"\" width=\"208\" height=\"320\" srcset=\"http:\/\/www.deanreed.de\/AmericanRebel\/2017\/wp-content\/uploads\/2017\/10\/8.Buchjpg-195x300.jpg 195w, http:\/\/www.deanreed.de\/AmericanRebel\/2017\/wp-content\/uploads\/2017\/10\/8.Buchjpg.jpg 240w\" sizes=\"(max-width: 208px) 100vw, 208px\" \/>Das Buch gliedert sich in f\u00fcnf Abschnitte: Beginnend mit einem Essay, in dem die zunehmende geistige Leere in den Medien und in den K\u00f6pfen mancher Leser und H\u00f6rer bedauernd gegei\u00dfelt wird, werden im zweiten Abschnitt \u201eBekennendes Netz-Gefl\u00fcster\u201c Mails, die unter Gleichgesinnten zu aktuellen Problemen ausgetauscht wurden, ver\u00f6ffentlicht. Vertiefend kann der Leser unter \u201eUnvergessene Bl\u00fctenpflege\u201c von pers\u00f6nlichen Erinnerungen erfahren. \u201eRandglossen\u201c nehmen Bezug auf aktuelle politische und kulturelle Ereignisse in der BRD und in der Welt. Bevor der Herausgeber im Epilog den Zusammenhang zwischen angestrebten Friedensw\u00fcnschen und realen Gefahren f\u00fcr das friedliche Miteinander Fazit ziehend er\u00f6rtert, ver\u00f6ffentlicht er einige von ihm geschriebene Buchtipps zu ausgesuchten politisch kritischen Sachb\u00fcchern. Bei \u201eErlesenes\u201c l\u00e4sst er seine Leser teilhaben an treffenden literarischen Zitaten, die aus der Sicht von Autoren und Schriftstellern das Menschsein in der Gesellschaft beleuchten und dazu auffordern,\u00a0 sich gegen die Unbilden menschlicher Verwerfungen zu stemmen. Er nennt dies \u201eDurchbruch durch acedia.\u201c Von ihm stammen seit etwa 2011 \u00fcber 80 Buchrezensionen zu kritischen Sachb\u00fcchern, ver\u00f6ffentlicht vor allem in der Neuen Rheinischen Zeitung, in der\u00a0 Linken Zeitung (online) und in ausgew\u00e4hlten sozialen Netzwerken.<\/p>\n<p style=\"text-align: justify;\">Geboren 1936 in Berlin-Tegel, erlebte der Autor Harry Popow noch die letzten Kriegsjahre. Ab 1953 war er Berglehrling im Zwickauer Steinkohlenrevier und ab Herbst 1954 Offizierssch\u00fcler in der KVP, sp\u00e4ter NVA. In den bewaffneten Kr\u00e4ften diente er bis 1986 als Zugf\u00fchrer, Politstellvertreter und Milit\u00e4rjournalist. Den Titel Diplomjournalist erwarb er im f\u00fcnfj\u00e4hrigen Fernstudium an der Karl-Marx-Universit\u00e4t Leipzig.\u00a0 Nach Beendigung der fast 32-j\u00e4hrigen Dienstzeit arbeitete Harry Popow bis Ende 1991 als Journalist und Berater im Fernsehen der DDR. Von 1996 bis 2005 hatte er mit seiner Frau Ingrid seinen festen Wohnsitz in Schweden. Seit 2005 leben sie in Sch\u00f6neiche bei Berlin.<\/p>\n<p><span style=\"font-size: 10pt;\"><strong>Harry Popow (Hrsg.):<\/strong> \u201eEISZEIT-BL\u00dcTEN. ROTE-NELKEN-GR\u00dc\u00dfE AUS BL\u00dcHENDEN LANDSCHAFTEN\u201c, Taschenbuch: 235 Seiten, Verlag: Independently published (17. September 2017), Sprache: Deutsch, ISBN-10: 1549766864, ISBN-13: 978-1549766862, Gr\u00f6\u00dfe und\/oder Gewicht: 14 x 1,5 x 21,6 cm, 11,50 Euro.<\/span><br \/>\n<span style=\"font-size: 10pt;\"><strong> <a href=\"https:\/\/www.amazon.de\/EISZEIT-BL%86TEN-ROTE-NELKEN-GR%86%A7E-AUS-BL%86HENDEN-LANDSCHAFTEN\/dp\/1549766864\/ref=sr_1_1?s=books&amp;ie=UTF8&amp;qid=1506927838&amp;sr=1-1&amp;keywords=EISZEIT-BL%86TEN\">BESTELLUNG<\/a> <\/strong><\/span><\/p>\n<p><span style=\"font-size: 10pt;\"><span style=\"color: #ffffff;\"> .<\/span><br \/>\n<strong>Bisher ver\u00f6ffentlichte B\u00fccher<\/strong><\/span><\/p>\n<p><span style=\"font-size: 10pt;\"> Harry. Popow: \u201eIn die Stille gerettet. Pers\u00f6nliche Lebensbilder.\u201c Engelsdorfer Verlag, Leipzig, 2010, 308 Seiten, 16 Euro, ISBN 978-3-86268-060-3, 16,00 Euro.<br \/>\n<a href=\"https:\/\/www.amazon.de\/die-Stille-gerettet-Pers%C3%B6nliche-Lebensbilder\/dp\/3862680606\" target=\"_blank\" rel=\"noopener\"><strong>BESTELLUNG<\/strong><\/a><br \/>\n<\/span><\/p>\n<p style=\"text-align: justify;\"><span style=\"font-size: 10pt;\">Harry Popow: \u201eWETTERLEUCHTEN &#8211; Platons streitbare Erben haben das Wort&#8220;. Rezensionen, Essays, Tagebuch- und Blognotizen, Briefe\u201c, Verlag: epubli GmbH, Berlin, 316 Seiten, www.epubli.de , ISBN 978-3-7375-3823-7, Preis: 16,28 Euro.<br \/>\n<a href=\"https:\/\/www.epubli.de\/shop\/buch\/WETTERLEUCHTEN-Harry-Popow-9783737580656\/48924\" target=\"_blank\" rel=\"noopener\"><strong>BESTELLUNG<\/strong><\/a><br \/>\n<\/span><\/p>\n<p><span style=\"font-size: 10pt;\"> Eckhard Lange, (Ghostwriter und Urheber: Harry Popow): \u201eZwischen Start und Landung, Gelebt-gearbeitet-geflogen\u201c, ein Lebensbericht, , 168 Seiten, Preis: 17,50 Euro \u2013 Versandkostenfrei, Juli 2013, Druck und Verlag: dbusiness.de Digital Business and Printing Gmbh, Greifswalder Str. 152, 10409 Berlin, E-Mail: greifswalder@dbusiness.de oder info@dbusiness.de , www.copyhouse.de, Telefon: 030 44650342.<br \/>\n<strong>BESTELLUNG<\/strong> bitte \u00fcber die email Adresse info@copyhouse.de.<\/span><\/p>\n<p><span style=\"font-size: 10pt;\"> Harry Popow: &#8222;Im Stillen Park der untoten Seelen. Tamaras Notizen \u2013 auf der Spur von Tr\u00e4umen und ungeweinten Tr\u00e4nen&#8220;, AAVAA-Verlag, 1. Auflage 2016, Umschlaggestaltung AAVAA Verlag, Coverbild: Harry Popow, 335 Seiten, Taschenbuch, ISBN: 978-38459-1956-0, Preis: 11,95 Euro.<br \/>\n<a href=\"http:\/\/www.aavaa.de\/Im-Stillen-Park-der-untoten-Seelen\" target=\"_blank\" rel=\"noopener\"><strong>BESTELLUNG<\/strong><\/a><\/span><\/p>\n<p><span style=\"font-size: 10pt;\"> Harry Popow: &#8222;D\u00c4MMERZEIT.\u00a0 EIN KESSEL\u00a0 STREITLUST&#8220;, epubli-Verlag. Taschenbuch, Format DIN A5, 204 Seiten, ISBN: 978-3-7375-3822-0, Preis: 11,99 Euro.<br \/>\n<strong><a href=\"http:\/\/www.epubli.de\/shop\/buch\/D%C3%84MMERZEIT-Harry-Popow-9783737538220\/52205\" target=\"_blank\" rel=\"noopener\">BESTELLUNG<\/a><\/strong><br \/>\n<\/span><\/p>\n<p><span style=\"font-size: 10pt;\"> Harry Popow: \u201eDer Sch\u00fctze von Sanssouci. Das Leben mit einer G\u00f6ttin \u2013 Erkenntnisse und Bekenntnisse aus acht Jahrzehnten\u201c, Taschenbuch: 356 Seiten, Verlag: epubli; Auflage: 1 (22. Dezember 2016), Sprache: Deutsch, ISBN10: 3737538301, ISBN-13: 978-3737538305, Preis: 19,99 Euro.<br \/>\n<strong><a href=\"http:\/\/www.deanreed.de\/AmericanRebel\/jahr2016.html\" target=\"_blank\" rel=\"noopener\">INFO<\/a> \/ <a href=\"https:\/\/www.amazon.de\/Sch%C3%BCtze-von-Sanssouci-Harry-Popow\/dp\/3737538301\" target=\"_blank\" rel=\"noopener\">BESTELLUNG<\/a><\/strong><br \/>\n<\/span><\/p>\n<p style=\"text-align: justify;\"><span style=\"font-size: 10pt;\">Harry Popow: \u201eDas Schwedenhaus. Abgehauen in die Stille \u2013 Pers\u00f6nliche Lebensbilder\u201c, Taschenbuch: 183 Seiten, Verlag: AAVAA Verlag (1. April 2017), Sprache: Deutsch, ISBN-10: 3845922443, ISBN-13: 978-3845922447, Preis: 11.95 Euro.<br \/>\n<a href=\"http:\/\/www.aavaa.de\/Das-Schwedenhaus\" target=\"_blank\" rel=\"noopener\"><strong>BESTELLUNG<\/strong><\/a><\/span><\/p>\n<p><span style=\"color: #ffffff;\">.<\/span><br \/>\n<a href=\"http:\/\/www.deanreed.de\/AmericanRebel\/2017\/?cat=77\" target=\"_blank\" rel=\"noopener\">Fr\u00fchere Artikel von\/\u00fcber Harry Popow<\/a><br \/>\n<span style=\"color: #ffffff;\">.<\/span><\/p>\n<p><a title=\"zur Startseite\" href=\"http:\/\/www.americanrebel.de\/\"><img loading=\"lazy\" class=\"alignleft wp-image-1682\" src=\"http:\/\/www.deanreed.de\/AmericanRebel\/2017\/wp-content\/uploads\/2017\/03\/back_ar.png\" alt=\"zur\u00fcck zur Startseite\" width=\"156\" height=\"15\" \/><\/a><a href=\"https:\/\/www.facebook.com\/groups\/1683837971860223\/permalink\/2051495041761179\/\" target=\"_blank\" rel=\"noopener noreferrer\"><img loading=\"lazy\" class=\"alignright wp-image-1676\" src=\"http:\/\/www.deanreed.de\/AmericanRebel\/2017\/wp-content\/uploads\/2017\/03\/ar_zu_fb.png\" alt=\"\" width=\"353\" height=\"15\" srcset=\"http:\/\/www.deanreed.de\/AmericanRebel\/2017\/wp-content\/uploads\/2017\/03\/ar_zu_fb.png 470w, http:\/\/www.deanreed.de\/AmericanRebel\/2017\/wp-content\/uploads\/2017\/03\/ar_zu_fb-300x13.png 300w\" sizes=\"(max-width: 353px) 100vw, 353px\" \/><\/a><\/p>\n<p><a href=\"http:\/\/www.deanreed.de\/AmericanRebel\/2017\/?p=7305#respond\" target=\"_blank\" rel=\"noopener noreferrer\"><strong><img loading=\"lazy\" class=\"alignright wp-image-1688\" src=\"http:\/\/www.deanreed.de\/AmericanRebel\/2017\/wp-content\/uploads\/2017\/03\/ar_kommentar-1.png\" alt=\"Sag uns deine Meinung zum Artikel mit einem Kommentar\/Leserbrief\" width=\"627\" height=\"20\" \/><\/strong><\/a><\/p>\n","protected":false},"excerpt":{"rendered":"<p>Redaktion American Rebel Eiszeit-Bl\u00fcten Achtes Buch mit biografischen Erinnerungen . Unter dem Titel \u201eEISZEIT-BL\u00dcTEN. ROTE-NELKEN-GR\u00dc\u00dfE AUS BL\u00dcHENDEN LANDSCHAFTEN\u201c ver\u00f6ffentlichte der Diplom-Journalist und Blogger und einstiger Oberstleutnant a.D. der NVA im Brokatbook Verlag, Erscheinungsdatum ab 01. Oktober, sein achtes Buch der [&hellip;]<a class=\"more-link\" href=\"http:\/\/www.deanreed.de\/AmericanRebel\/2017\/2017\/10\/08\/7305\/\">&darr; Lese den Rest von diesem Eintrag&#8230;<\/a><\/p>\n","protected":false},"author":2,"featured_media":0,"comment_status":"open","ping_status":"open","sticky":false,"template":"","format":"standard","meta":[],"categories":[77],"tags":[],"yoast_head":"<!-- This site is optimized with the Yoast SEO plugin v17.5 - https:\/\/yoast.com\/wordpress\/plugins\/seo\/ -->\n<title>- Eiszeit-Bl\u00fcten &ndash; Onlinezeitung AmericanRebel<\/title>\n<meta name=\"robots\" content=\"index, follow, max-snippet:-1, max-image-preview:large, max-video-preview:-1\" \/>\n<link rel=\"canonical\" href=\"http:\/\/www.deanreed.de\/AmericanRebel\/2017\/2017\/10\/08\/7305\/\" \/>\n<meta property=\"og:locale\" content=\"de_DE\" \/>\n<meta property=\"og:type\" content=\"article\" \/>\n<meta property=\"og:title\" content=\"- Eiszeit-Bl\u00fcten &ndash; Onlinezeitung AmericanRebel\" \/>\n<meta property=\"og:description\" content=\"Redaktion American Rebel Eiszeit-Bl\u00fcten Achtes Buch mit biografischen Erinnerungen . Unter dem Titel \u201eEISZEIT-BL\u00dcTEN. ROTE-NELKEN-GR\u00dc\u00dfE AUS BL\u00dcHENDEN LANDSCHAFTEN\u201c ver\u00f6ffentlichte der Diplom-Journalist und Blogger und einstiger Oberstleutnant a.D. der NVA im Brokatbook Verlag, Erscheinungsdatum ab 01. Oktober, sein achtes Buch der [&hellip;]&darr; Lese den Rest von diesem Eintrag...\" \/>\n<meta property=\"og:url\" content=\"http:\/\/www.deanreed.de\/AmericanRebel\/2017\/2017\/10\/08\/7305\/\" \/>\n<meta property=\"og:site_name\" content=\"Onlinezeitung AmericanRebel\" \/>\n<meta property=\"article:published_time\" content=\"2017-10-08T13:01:48+00:00\" \/>\n<meta property=\"article:modified_time\" content=\"2017-10-08T20:48:59+00:00\" \/>\n<meta property=\"og:image\" content=\"http:\/\/www.deanreed.de\/AmericanRebel\/2017\/wp-content\/uploads\/2017\/10\/Harry-300x200.jpg\" \/>\n<meta name=\"twitter:card\" content=\"summary_large_image\" \/>\n<meta name=\"twitter:label1\" content=\"Verfasst von\" \/>\n\t<meta name=\"twitter:data1\" content=\"Redaktion\" \/>\n\t<meta name=\"twitter:label2\" content=\"Gesch\u00e4tzte Lesezeit\" \/>\n\t<meta name=\"twitter:data2\" content=\"5\u00a0Minuten\" \/>\n<script type=\"application\/ld+json\" class=\"yoast-schema-graph\">{\"@context\":\"https:\/\/schema.org\",\"@graph\":[{\"@type\":\"WebSite\",\"@id\":\"https:\/\/www.deanreed.de\/AmericanRebel\/2017\/#website\",\"url\":\"https:\/\/www.deanreed.de\/AmericanRebel\/2017\/\",\"name\":\"Onlinezeitung AmericanRebel\",\"description\":\"Internationale Onlinezeitung f\\u00fcr Frieden, Humanismus, V\\u00f6lkerverst\\u00e4ndigung und Kultur\",\"potentialAction\":[{\"@type\":\"SearchAction\",\"target\":{\"@type\":\"EntryPoint\",\"urlTemplate\":\"https:\/\/www.deanreed.de\/AmericanRebel\/2017\/?s={search_term_string}\"},\"query-input\":\"required name=search_term_string\"}],\"inLanguage\":\"de\"},{\"@type\":\"ImageObject\",\"@id\":\"http:\/\/www.deanreed.de\/AmericanRebel\/2017\/2017\/10\/08\/7305\/#primaryimage\",\"inLanguage\":\"de\",\"url\":\"http:\/\/www.deanreed.de\/AmericanRebel\/2017\/wp-content\/uploads\/2017\/10\/Harry.jpg\",\"contentUrl\":\"http:\/\/www.deanreed.de\/AmericanRebel\/2017\/wp-content\/uploads\/2017\/10\/Harry.jpg\",\"width\":605,\"height\":403,\"caption\":\"Harry Popow\"},{\"@type\":\"WebPage\",\"@id\":\"http:\/\/www.deanreed.de\/AmericanRebel\/2017\/2017\/10\/08\/7305\/#webpage\",\"url\":\"http:\/\/www.deanreed.de\/AmericanRebel\/2017\/2017\/10\/08\/7305\/\",\"name\":\"- Eiszeit-Bl\\u00fcten &ndash; Onlinezeitung AmericanRebel\",\"isPartOf\":{\"@id\":\"https:\/\/www.deanreed.de\/AmericanRebel\/2017\/#website\"},\"primaryImageOfPage\":{\"@id\":\"http:\/\/www.deanreed.de\/AmericanRebel\/2017\/2017\/10\/08\/7305\/#primaryimage\"},\"datePublished\":\"2017-10-08T13:01:48+00:00\",\"dateModified\":\"2017-10-08T20:48:59+00:00\",\"author\":{\"@id\":\"https:\/\/www.deanreed.de\/AmericanRebel\/2017\/#\/schema\/person\/9edfca7917cd10b75edaae51c6e7935a\"},\"breadcrumb\":{\"@id\":\"http:\/\/www.deanreed.de\/AmericanRebel\/2017\/2017\/10\/08\/7305\/#breadcrumb\"},\"inLanguage\":\"de\",\"potentialAction\":[{\"@type\":\"ReadAction\",\"target\":[\"http:\/\/www.deanreed.de\/AmericanRebel\/2017\/2017\/10\/08\/7305\/\"]}]},{\"@type\":\"BreadcrumbList\",\"@id\":\"http:\/\/www.deanreed.de\/AmericanRebel\/2017\/2017\/10\/08\/7305\/#breadcrumb\",\"itemListElement\":[{\"@type\":\"ListItem\",\"position\":1,\"name\":\"Startseite\",\"item\":\"https:\/\/www.deanreed.de\/AmericanRebel\/2017\/\"},{\"@type\":\"ListItem\",\"position\":2,\"name\":\"&#8211; Eiszeit-Bl\\u00fcten\"}]},{\"@type\":\"Person\",\"@id\":\"https:\/\/www.deanreed.de\/AmericanRebel\/2017\/#\/schema\/person\/9edfca7917cd10b75edaae51c6e7935a\",\"name\":\"Redaktion\",\"url\":\"http:\/\/www.deanreed.de\/AmericanRebel\/2017\/author\/redaktion\/\"}]}<\/script>\n<!-- \/ Yoast SEO plugin. -->","yoast_head_json":{"title":"- Eiszeit-Bl\u00fcten &ndash; Onlinezeitung AmericanRebel","robots":{"index":"index","follow":"follow","max-snippet":"max-snippet:-1","max-image-preview":"max-image-preview:large","max-video-preview":"max-video-preview:-1"},"canonical":"http:\/\/www.deanreed.de\/AmericanRebel\/2017\/2017\/10\/08\/7305\/","og_locale":"de_DE","og_type":"article","og_title":"- Eiszeit-Bl\u00fcten &ndash; Onlinezeitung AmericanRebel","og_description":"Redaktion American Rebel Eiszeit-Bl\u00fcten Achtes Buch mit biografischen Erinnerungen . Unter dem Titel \u201eEISZEIT-BL\u00dcTEN. ROTE-NELKEN-GR\u00dc\u00dfE AUS BL\u00dcHENDEN LANDSCHAFTEN\u201c ver\u00f6ffentlichte der Diplom-Journalist und Blogger und einstiger Oberstleutnant a.D. der NVA im Brokatbook Verlag, Erscheinungsdatum ab 01. Oktober, sein achtes Buch der [&hellip;]&darr; Lese den Rest von diesem Eintrag...","og_url":"http:\/\/www.deanreed.de\/AmericanRebel\/2017\/2017\/10\/08\/7305\/","og_site_name":"Onlinezeitung AmericanRebel","article_published_time":"2017-10-08T13:01:48+00:00","article_modified_time":"2017-10-08T20:48:59+00:00","og_image":[{"url":"http:\/\/www.deanreed.de\/AmericanRebel\/2017\/wp-content\/uploads\/2017\/10\/Harry-300x200.jpg"}],"twitter_card":"summary_large_image","twitter_misc":{"Verfasst von":"Redaktion","Gesch\u00e4tzte Lesezeit":"5\u00a0Minuten"},"schema":{"@context":"https:\/\/schema.org","@graph":[{"@type":"WebSite","@id":"https:\/\/www.deanreed.de\/AmericanRebel\/2017\/#website","url":"https:\/\/www.deanreed.de\/AmericanRebel\/2017\/","name":"Onlinezeitung AmericanRebel","description":"Internationale Onlinezeitung f\u00fcr Frieden, Humanismus, V\u00f6lkerverst\u00e4ndigung und Kultur","potentialAction":[{"@type":"SearchAction","target":{"@type":"EntryPoint","urlTemplate":"https:\/\/www.deanreed.de\/AmericanRebel\/2017\/?s={search_term_string}"},"query-input":"required name=search_term_string"}],"inLanguage":"de"},{"@type":"ImageObject","@id":"http:\/\/www.deanreed.de\/AmericanRebel\/2017\/2017\/10\/08\/7305\/#primaryimage","inLanguage":"de","url":"http:\/\/www.deanreed.de\/AmericanRebel\/2017\/wp-content\/uploads\/2017\/10\/Harry.jpg","contentUrl":"http:\/\/www.deanreed.de\/AmericanRebel\/2017\/wp-content\/uploads\/2017\/10\/Harry.jpg","width":605,"height":403,"caption":"Harry Popow"},{"@type":"WebPage","@id":"http:\/\/www.deanreed.de\/AmericanRebel\/2017\/2017\/10\/08\/7305\/#webpage","url":"http:\/\/www.deanreed.de\/AmericanRebel\/2017\/2017\/10\/08\/7305\/","name":"- Eiszeit-Bl\u00fcten &ndash; Onlinezeitung AmericanRebel","isPartOf":{"@id":"https:\/\/www.deanreed.de\/AmericanRebel\/2017\/#website"},"primaryImageOfPage":{"@id":"http:\/\/www.deanreed.de\/AmericanRebel\/2017\/2017\/10\/08\/7305\/#primaryimage"},"datePublished":"2017-10-08T13:01:48+00:00","dateModified":"2017-10-08T20:48:59+00:00","author":{"@id":"https:\/\/www.deanreed.de\/AmericanRebel\/2017\/#\/schema\/person\/9edfca7917cd10b75edaae51c6e7935a"},"breadcrumb":{"@id":"http:\/\/www.deanreed.de\/AmericanRebel\/2017\/2017\/10\/08\/7305\/#breadcrumb"},"inLanguage":"de","potentialAction":[{"@type":"ReadAction","target":["http:\/\/www.deanreed.de\/AmericanRebel\/2017\/2017\/10\/08\/7305\/"]}]},{"@type":"BreadcrumbList","@id":"http:\/\/www.deanreed.de\/AmericanRebel\/2017\/2017\/10\/08\/7305\/#breadcrumb","itemListElement":[{"@type":"ListItem","position":1,"name":"Startseite","item":"https:\/\/www.deanreed.de\/AmericanRebel\/2017\/"},{"@type":"ListItem","position":2,"name":"&#8211; Eiszeit-Bl\u00fcten"}]},{"@type":"Person","@id":"https:\/\/www.deanreed.de\/AmericanRebel\/2017\/#\/schema\/person\/9edfca7917cd10b75edaae51c6e7935a","name":"Redaktion","url":"http:\/\/www.deanreed.de\/AmericanRebel\/2017\/author\/redaktion\/"}]}},"_links":{"self":[{"href":"http:\/\/www.deanreed.de\/AmericanRebel\/2017\/wp-json\/wp\/v2\/posts\/7305"}],"collection":[{"href":"http:\/\/www.deanreed.de\/AmericanRebel\/2017\/wp-json\/wp\/v2\/posts"}],"about":[{"href":"http:\/\/www.deanreed.de\/AmericanRebel\/2017\/wp-json\/wp\/v2\/types\/post"}],"author":[{"embeddable":true,"href":"http:\/\/www.deanreed.de\/AmericanRebel\/2017\/wp-json\/wp\/v2\/users\/2"}],"replies":[{"embeddable":true,"href":"http:\/\/www.deanreed.de\/AmericanRebel\/2017\/wp-json\/wp\/v2\/comments?post=7305"}],"version-history":[{"count":0,"href":"http:\/\/www.deanreed.de\/AmericanRebel\/2017\/wp-json\/wp\/v2\/posts\/7305\/revisions"}],"wp:attachment":[{"href":"http:\/\/www.deanreed.de\/AmericanRebel\/2017\/wp-json\/wp\/v2\/media?parent=7305"}],"wp:term":[{"taxonomy":"category","embeddable":true,"href":"http:\/\/www.deanreed.de\/AmericanRebel\/2017\/wp-json\/wp\/v2\/categories?post=7305"},{"taxonomy":"post_tag","embeddable":true,"href":"http:\/\/www.deanreed.de\/AmericanRebel\/2017\/wp-json\/wp\/v2\/tags?post=7305"}],"curies":[{"name":"wp","href":"https:\/\/api.w.org\/{rel}","templated":true}]}}