{"id":3307,"date":"2017-05-18T05:11:44","date_gmt":"2017-05-18T03:11:44","guid":{"rendered":"http:\/\/www.deanreed.de\/AmericanRebel\/2017\/?p=3307"},"modified":"2017-05-21T19:13:01","modified_gmt":"2017-05-21T17:13:01","slug":"keine-traditionslinie-wehrmacht-bundeswehr","status":"publish","type":"post","link":"http:\/\/www.deanreed.de\/AmericanRebel\/2017\/2017\/05\/18\/keine-traditionslinie-wehrmacht-bundeswehr\/","title":{"rendered":"&#8211; Keine Traditionslinie Wehrmacht \u2013 Bundeswehr?"},"content":{"rendered":"<h4>Klaus-Dieter Heiser<\/h4>\n<h2>Keine Traditionslinie Wehrmacht \u2013 Bundeswehr?<\/h2>\n<h4><strong>Die Legendenbildung der Ursula von der Leyen<br \/>\n<span style=\"color: #ffffff;\">.<\/span><br \/>\n<\/strong><\/h4>\n<div id=\"attachment_2352\" style=\"width: 110px\" class=\"wp-caption alignleft\"><img aria-describedby=\"caption-attachment-2352\" loading=\"lazy\" class=\"size-full wp-image-2352\" src=\"http:\/\/www.deanreed.de\/AmericanRebel\/2017\/wp-content\/uploads\/2017\/04\/Klais-Dieter_Heiser.jpg\" alt=\"\" width=\"100\" height=\"150\" \/><p id=\"caption-attachment-2352\" class=\"wp-caption-text\"><span style=\"color: #808080;\">Klaus-Dieter Heiser<\/span><\/p><\/div>\n<p><strong>Da kann ich mich nur wundern, mit welcher Legendenbildung Ursula von der Leyen versucht \u201ein die Offensive\u201c zu kommen. Der Wehrmacht-Virus wurde von f\u00fchrenden Bundespolitikern, zu denen auch Bundespr\u00e4sident Heuss geh\u00f6rte, bereits bei der Gr\u00fcndung der Bundeswehr eingebettet. Er wirkt bis heute, nicht nur in der v\u00f6lkischen Gesinnung der mutma\u00dflichen Rechtsterroristen Franco A. und Maximilian T.<\/strong><\/p>\n<div id=\"attachment_3310\" style=\"width: 310px\" class=\"wp-caption alignright\"><img aria-describedby=\"caption-attachment-3310\" loading=\"lazy\" class=\"size-medium wp-image-3310\" src=\"http:\/\/www.deanreed.de\/AmericanRebel\/2017\/wp-content\/uploads\/2017\/05\/rommel_2-300x262.jpeg\" alt=\"\" width=\"300\" height=\"262\" srcset=\"http:\/\/www.deanreed.de\/AmericanRebel\/2017\/wp-content\/uploads\/2017\/05\/rommel_2-300x262.jpeg 300w, http:\/\/www.deanreed.de\/AmericanRebel\/2017\/wp-content\/uploads\/2017\/05\/rommel_2.jpeg 450w\" sizes=\"(max-width: 300px) 100vw, 300px\" \/><p id=\"caption-attachment-3310\" class=\"wp-caption-text\"><span style=\"color: #808080;\">Einfahrt zur Augustdorfer Kaserne bei H\u00f6xter<\/span><\/p><\/div>\n<p>Dazu folgendes: Die Auseinandersetzung<span class=\"text_exposed_show\"> um die Wiederbewaffnung der BRD verbunden mit der Aktivierung ehemaliger Wehrmachtsoffiziere in den 1950er Jahren schuf eine Situation, die im Leitartikel der Zeitschrift \u201eDeutsche Jugend\u201c im April 1954 folgenderma\u00dfen gekennzeichnet wurde, wie Alfred Grosser in seinem Standardwerk \u201eDie Bonner Demokratie\u201c (1960) zitiert:<br \/>\n\u201eHat man etwa je schon bei einer Vollversammlung des Bundesjugendringes oder bei einer anderen demokratischen Organisation ein so gro\u00dfes Aufgebot politischer Prominenz gesehen, wie es sich zur Vertreterversammlung des Verbands der deutschen Soldaten Mitte M\u00e4rz in Bonn einfand: der Bundespr\u00e4sident, drei Bundesminister, zwei Ministerpr\u00e4sidenten und zahlreiche Bundestagsabgeordnete aus allen Parteien.<br \/>\n<\/span><\/p>\n<div id=\"attachment_3309\" style=\"width: 331px\" class=\"wp-caption alignleft\"><img aria-describedby=\"caption-attachment-3309\" loading=\"lazy\" class=\" wp-image-3309\" src=\"http:\/\/www.deanreed.de\/AmericanRebel\/2017\/wp-content\/uploads\/2017\/05\/Rommel-300x226.jpeg\" alt=\"\" width=\"321\" height=\"242\" srcset=\"http:\/\/www.deanreed.de\/AmericanRebel\/2017\/wp-content\/uploads\/2017\/05\/Rommel-300x226.jpeg 300w, http:\/\/www.deanreed.de\/AmericanRebel\/2017\/wp-content\/uploads\/2017\/05\/Rommel-768x579.jpeg 768w, http:\/\/www.deanreed.de\/AmericanRebel\/2017\/wp-content\/uploads\/2017\/05\/Rommel-1024x772.jpeg 1024w\" sizes=\"(max-width: 321px) 100vw, 321px\" \/><p id=\"caption-attachment-3309\" class=\"wp-caption-text\"><span style=\"color: #808080;\">Gedenktafel am Wohnhaus Rommels in Weingarten<\/span><\/p><\/div>\n<p><span class=\"text_exposed_show\">Dass manche dieser hohen G\u00e4ste bei ihren Reden sich ausschlie\u00dflich des kameradschaftlichen ,wir Soldaten&#8216; bedienten, damit mag man sich abfinden. Bedenklich aber ist, dass fast durch alle Reden dieser f\u00fchrenden Politiker eine Tradition sp\u00fcrbar war, die man etwas auf die Formel bringen kann: Schluss mit der Kritik am deutschen Milit\u00e4r, positive W\u00fcrdigung des deutschen Soldatentums! \u2026<br \/>\nIst also der deutsche Bundesjugendring nur einer b\u00f6swilligen Hetze gegen das deutsche Milit\u00e4r zum Opfer gefallen, wenn er sich in seinen Satzungen zur Aufgabe stellte, ein Wiederaufleben des Militarismus zu verhindern? Es scheint, als h\u00e4tte es diesen Militarismus nie gegeben, und die neue Parole hei\u00dft: Achtung vor der milit\u00e4rischen Vergangenheit, Pflege der Tradition, Schluss mit jeder Diskussion!\u201c<\/span><br \/>\n<span style=\"color: #ffffff;\">.<\/span><\/p>\n<p><a title=\"zur Startseite\" href=\"http:\/\/www.americanrebel.de\/\"><img loading=\"lazy\" class=\"alignleft wp-image-1682\" src=\"http:\/\/www.deanreed.de\/AmericanRebel\/2017\/wp-content\/uploads\/2017\/03\/back_ar.png\" alt=\"zur\u00fcck zur Startseite\" width=\"156\" height=\"15\" \/><\/a><a href=\"https:\/\/www.facebook.com\/groups\/1683837971860223\/permalink\/1968874380023246\/\" target=\"_blank\" rel=\"noopener noreferrer\"><img loading=\"lazy\" class=\"alignright wp-image-1676\" src=\"http:\/\/www.deanreed.de\/AmericanRebel\/2017\/wp-content\/uploads\/2017\/03\/ar_zu_fb.png\" alt=\"\" width=\"353\" height=\"15\" srcset=\"http:\/\/www.deanreed.de\/AmericanRebel\/2017\/wp-content\/uploads\/2017\/03\/ar_zu_fb.png 470w, http:\/\/www.deanreed.de\/AmericanRebel\/2017\/wp-content\/uploads\/2017\/03\/ar_zu_fb-300x13.png 300w\" sizes=\"(max-width: 353px) 100vw, 353px\" \/><\/a><\/p>\n<p><a href=\"http:\/\/www.deanreed.de\/AmericanRebel\/2017\/?p=2914#respond\" target=\"_blank\" rel=\"noopener noreferrer\"><strong><img loading=\"lazy\" class=\"alignright wp-image-1688\" src=\"http:\/\/www.deanreed.de\/AmericanRebel\/2017\/wp-content\/uploads\/2017\/03\/ar_kommentar-1.png\" alt=\"Sag uns deine Meinung zum Artikel mit einem Kommentar\/Leserbrief\" width=\"627\" height=\"20\" \/><\/strong><\/a><\/p>\n","protected":false},"excerpt":{"rendered":"<p>Klaus-Dieter Heiser Keine Traditionslinie Wehrmacht \u2013 Bundeswehr? Die Legendenbildung der Ursula von der Leyen . Da kann ich mich nur wundern, mit welcher Legendenbildung Ursula von der Leyen versucht \u201ein die Offensive\u201c zu kommen. Der Wehrmacht-Virus wurde von f\u00fchrenden Bundespolitikern, [&hellip;]<a class=\"more-link\" href=\"http:\/\/www.deanreed.de\/AmericanRebel\/2017\/2017\/05\/18\/keine-traditionslinie-wehrmacht-bundeswehr\/\">&darr; Lese den Rest von diesem Eintrag&#8230;<\/a><\/p>\n","protected":false},"author":2,"featured_media":0,"comment_status":"open","ping_status":"open","sticky":false,"template":"","format":"standard","meta":[],"categories":[1],"tags":[],"yoast_head":"<!-- This site is optimized with the Yoast SEO plugin v17.5 - https:\/\/yoast.com\/wordpress\/plugins\/seo\/ -->\n<title>- Keine Traditionslinie Wehrmacht \u2013 Bundeswehr? &ndash; Onlinezeitung AmericanRebel<\/title>\n<meta name=\"robots\" content=\"index, follow, max-snippet:-1, max-image-preview:large, max-video-preview:-1\" \/>\n<link rel=\"canonical\" href=\"http:\/\/www.deanreed.de\/AmericanRebel\/2017\/2017\/05\/18\/keine-traditionslinie-wehrmacht-bundeswehr\/\" \/>\n<meta property=\"og:locale\" content=\"de_DE\" \/>\n<meta property=\"og:type\" content=\"article\" \/>\n<meta property=\"og:title\" content=\"- Keine Traditionslinie Wehrmacht \u2013 Bundeswehr? &ndash; Onlinezeitung AmericanRebel\" \/>\n<meta property=\"og:description\" content=\"Klaus-Dieter Heiser Keine Traditionslinie Wehrmacht \u2013 Bundeswehr? Die Legendenbildung der Ursula von der Leyen . Da kann ich mich nur wundern, mit welcher Legendenbildung Ursula von der Leyen versucht \u201ein die Offensive\u201c zu kommen. Der Wehrmacht-Virus wurde von f\u00fchrenden Bundespolitikern, [&hellip;]&darr; Lese den Rest von diesem Eintrag...\" \/>\n<meta property=\"og:url\" content=\"http:\/\/www.deanreed.de\/AmericanRebel\/2017\/2017\/05\/18\/keine-traditionslinie-wehrmacht-bundeswehr\/\" \/>\n<meta property=\"og:site_name\" content=\"Onlinezeitung AmericanRebel\" \/>\n<meta property=\"article:published_time\" content=\"2017-05-18T03:11:44+00:00\" \/>\n<meta property=\"article:modified_time\" content=\"2017-05-21T17:13:01+00:00\" \/>\n<meta property=\"og:image\" content=\"http:\/\/www.deanreed.de\/AmericanRebel\/2017\/wp-content\/uploads\/2017\/04\/Klais-Dieter_Heiser.jpg\" \/>\n<meta name=\"twitter:card\" content=\"summary_large_image\" \/>\n<meta name=\"twitter:label1\" content=\"Verfasst von\" \/>\n\t<meta name=\"twitter:data1\" content=\"Redaktion\" \/>\n\t<meta name=\"twitter:label2\" content=\"Gesch\u00e4tzte Lesezeit\" \/>\n\t<meta name=\"twitter:data2\" content=\"2\u00a0Minuten\" \/>\n<script type=\"application\/ld+json\" class=\"yoast-schema-graph\">{\"@context\":\"https:\/\/schema.org\",\"@graph\":[{\"@type\":\"WebSite\",\"@id\":\"https:\/\/www.deanreed.de\/AmericanRebel\/2017\/#website\",\"url\":\"https:\/\/www.deanreed.de\/AmericanRebel\/2017\/\",\"name\":\"Onlinezeitung AmericanRebel\",\"description\":\"Internationale Onlinezeitung f\\u00fcr Frieden, Humanismus, V\\u00f6lkerverst\\u00e4ndigung und Kultur\",\"potentialAction\":[{\"@type\":\"SearchAction\",\"target\":{\"@type\":\"EntryPoint\",\"urlTemplate\":\"https:\/\/www.deanreed.de\/AmericanRebel\/2017\/?s={search_term_string}\"},\"query-input\":\"required name=search_term_string\"}],\"inLanguage\":\"de\"},{\"@type\":\"ImageObject\",\"@id\":\"http:\/\/www.deanreed.de\/AmericanRebel\/2017\/2017\/05\/18\/keine-traditionslinie-wehrmacht-bundeswehr\/#primaryimage\",\"inLanguage\":\"de\",\"url\":\"http:\/\/www.deanreed.de\/AmericanRebel\/2017\/wp-content\/uploads\/2017\/04\/Klais-Dieter_Heiser.jpg\",\"contentUrl\":\"http:\/\/www.deanreed.de\/AmericanRebel\/2017\/wp-content\/uploads\/2017\/04\/Klais-Dieter_Heiser.jpg\",\"width\":100,\"height\":150,\"caption\":\"Klaus-Dieter Heiser\"},{\"@type\":\"WebPage\",\"@id\":\"http:\/\/www.deanreed.de\/AmericanRebel\/2017\/2017\/05\/18\/keine-traditionslinie-wehrmacht-bundeswehr\/#webpage\",\"url\":\"http:\/\/www.deanreed.de\/AmericanRebel\/2017\/2017\/05\/18\/keine-traditionslinie-wehrmacht-bundeswehr\/\",\"name\":\"- Keine Traditionslinie Wehrmacht \\u2013 Bundeswehr? &ndash; Onlinezeitung AmericanRebel\",\"isPartOf\":{\"@id\":\"https:\/\/www.deanreed.de\/AmericanRebel\/2017\/#website\"},\"primaryImageOfPage\":{\"@id\":\"http:\/\/www.deanreed.de\/AmericanRebel\/2017\/2017\/05\/18\/keine-traditionslinie-wehrmacht-bundeswehr\/#primaryimage\"},\"datePublished\":\"2017-05-18T03:11:44+00:00\",\"dateModified\":\"2017-05-21T17:13:01+00:00\",\"author\":{\"@id\":\"https:\/\/www.deanreed.de\/AmericanRebel\/2017\/#\/schema\/person\/9edfca7917cd10b75edaae51c6e7935a\"},\"breadcrumb\":{\"@id\":\"http:\/\/www.deanreed.de\/AmericanRebel\/2017\/2017\/05\/18\/keine-traditionslinie-wehrmacht-bundeswehr\/#breadcrumb\"},\"inLanguage\":\"de\",\"potentialAction\":[{\"@type\":\"ReadAction\",\"target\":[\"http:\/\/www.deanreed.de\/AmericanRebel\/2017\/2017\/05\/18\/keine-traditionslinie-wehrmacht-bundeswehr\/\"]}]},{\"@type\":\"BreadcrumbList\",\"@id\":\"http:\/\/www.deanreed.de\/AmericanRebel\/2017\/2017\/05\/18\/keine-traditionslinie-wehrmacht-bundeswehr\/#breadcrumb\",\"itemListElement\":[{\"@type\":\"ListItem\",\"position\":1,\"name\":\"Startseite\",\"item\":\"https:\/\/www.deanreed.de\/AmericanRebel\/2017\/\"},{\"@type\":\"ListItem\",\"position\":2,\"name\":\"&#8211; Keine Traditionslinie Wehrmacht \\u2013 Bundeswehr?\"}]},{\"@type\":\"Person\",\"@id\":\"https:\/\/www.deanreed.de\/AmericanRebel\/2017\/#\/schema\/person\/9edfca7917cd10b75edaae51c6e7935a\",\"name\":\"Redaktion\",\"url\":\"http:\/\/www.deanreed.de\/AmericanRebel\/2017\/author\/redaktion\/\"}]}<\/script>\n<!-- \/ Yoast SEO plugin. -->","yoast_head_json":{"title":"- Keine Traditionslinie Wehrmacht \u2013 Bundeswehr? &ndash; Onlinezeitung AmericanRebel","robots":{"index":"index","follow":"follow","max-snippet":"max-snippet:-1","max-image-preview":"max-image-preview:large","max-video-preview":"max-video-preview:-1"},"canonical":"http:\/\/www.deanreed.de\/AmericanRebel\/2017\/2017\/05\/18\/keine-traditionslinie-wehrmacht-bundeswehr\/","og_locale":"de_DE","og_type":"article","og_title":"- Keine Traditionslinie Wehrmacht \u2013 Bundeswehr? &ndash; Onlinezeitung AmericanRebel","og_description":"Klaus-Dieter Heiser Keine Traditionslinie Wehrmacht \u2013 Bundeswehr? Die Legendenbildung der Ursula von der Leyen . Da kann ich mich nur wundern, mit welcher Legendenbildung Ursula von der Leyen versucht \u201ein die Offensive\u201c zu kommen. Der Wehrmacht-Virus wurde von f\u00fchrenden Bundespolitikern, [&hellip;]&darr; Lese den Rest von diesem Eintrag...","og_url":"http:\/\/www.deanreed.de\/AmericanRebel\/2017\/2017\/05\/18\/keine-traditionslinie-wehrmacht-bundeswehr\/","og_site_name":"Onlinezeitung AmericanRebel","article_published_time":"2017-05-18T03:11:44+00:00","article_modified_time":"2017-05-21T17:13:01+00:00","og_image":[{"url":"http:\/\/www.deanreed.de\/AmericanRebel\/2017\/wp-content\/uploads\/2017\/04\/Klais-Dieter_Heiser.jpg"}],"twitter_card":"summary_large_image","twitter_misc":{"Verfasst von":"Redaktion","Gesch\u00e4tzte Lesezeit":"2\u00a0Minuten"},"schema":{"@context":"https:\/\/schema.org","@graph":[{"@type":"WebSite","@id":"https:\/\/www.deanreed.de\/AmericanRebel\/2017\/#website","url":"https:\/\/www.deanreed.de\/AmericanRebel\/2017\/","name":"Onlinezeitung AmericanRebel","description":"Internationale Onlinezeitung f\u00fcr Frieden, Humanismus, V\u00f6lkerverst\u00e4ndigung und Kultur","potentialAction":[{"@type":"SearchAction","target":{"@type":"EntryPoint","urlTemplate":"https:\/\/www.deanreed.de\/AmericanRebel\/2017\/?s={search_term_string}"},"query-input":"required name=search_term_string"}],"inLanguage":"de"},{"@type":"ImageObject","@id":"http:\/\/www.deanreed.de\/AmericanRebel\/2017\/2017\/05\/18\/keine-traditionslinie-wehrmacht-bundeswehr\/#primaryimage","inLanguage":"de","url":"http:\/\/www.deanreed.de\/AmericanRebel\/2017\/wp-content\/uploads\/2017\/04\/Klais-Dieter_Heiser.jpg","contentUrl":"http:\/\/www.deanreed.de\/AmericanRebel\/2017\/wp-content\/uploads\/2017\/04\/Klais-Dieter_Heiser.jpg","width":100,"height":150,"caption":"Klaus-Dieter Heiser"},{"@type":"WebPage","@id":"http:\/\/www.deanreed.de\/AmericanRebel\/2017\/2017\/05\/18\/keine-traditionslinie-wehrmacht-bundeswehr\/#webpage","url":"http:\/\/www.deanreed.de\/AmericanRebel\/2017\/2017\/05\/18\/keine-traditionslinie-wehrmacht-bundeswehr\/","name":"- Keine Traditionslinie Wehrmacht \u2013 Bundeswehr? &ndash; Onlinezeitung AmericanRebel","isPartOf":{"@id":"https:\/\/www.deanreed.de\/AmericanRebel\/2017\/#website"},"primaryImageOfPage":{"@id":"http:\/\/www.deanreed.de\/AmericanRebel\/2017\/2017\/05\/18\/keine-traditionslinie-wehrmacht-bundeswehr\/#primaryimage"},"datePublished":"2017-05-18T03:11:44+00:00","dateModified":"2017-05-21T17:13:01+00:00","author":{"@id":"https:\/\/www.deanreed.de\/AmericanRebel\/2017\/#\/schema\/person\/9edfca7917cd10b75edaae51c6e7935a"},"breadcrumb":{"@id":"http:\/\/www.deanreed.de\/AmericanRebel\/2017\/2017\/05\/18\/keine-traditionslinie-wehrmacht-bundeswehr\/#breadcrumb"},"inLanguage":"de","potentialAction":[{"@type":"ReadAction","target":["http:\/\/www.deanreed.de\/AmericanRebel\/2017\/2017\/05\/18\/keine-traditionslinie-wehrmacht-bundeswehr\/"]}]},{"@type":"BreadcrumbList","@id":"http:\/\/www.deanreed.de\/AmericanRebel\/2017\/2017\/05\/18\/keine-traditionslinie-wehrmacht-bundeswehr\/#breadcrumb","itemListElement":[{"@type":"ListItem","position":1,"name":"Startseite","item":"https:\/\/www.deanreed.de\/AmericanRebel\/2017\/"},{"@type":"ListItem","position":2,"name":"&#8211; Keine Traditionslinie Wehrmacht \u2013 Bundeswehr?"}]},{"@type":"Person","@id":"https:\/\/www.deanreed.de\/AmericanRebel\/2017\/#\/schema\/person\/9edfca7917cd10b75edaae51c6e7935a","name":"Redaktion","url":"http:\/\/www.deanreed.de\/AmericanRebel\/2017\/author\/redaktion\/"}]}},"_links":{"self":[{"href":"http:\/\/www.deanreed.de\/AmericanRebel\/2017\/wp-json\/wp\/v2\/posts\/3307"}],"collection":[{"href":"http:\/\/www.deanreed.de\/AmericanRebel\/2017\/wp-json\/wp\/v2\/posts"}],"about":[{"href":"http:\/\/www.deanreed.de\/AmericanRebel\/2017\/wp-json\/wp\/v2\/types\/post"}],"author":[{"embeddable":true,"href":"http:\/\/www.deanreed.de\/AmericanRebel\/2017\/wp-json\/wp\/v2\/users\/2"}],"replies":[{"embeddable":true,"href":"http:\/\/www.deanreed.de\/AmericanRebel\/2017\/wp-json\/wp\/v2\/comments?post=3307"}],"version-history":[{"count":0,"href":"http:\/\/www.deanreed.de\/AmericanRebel\/2017\/wp-json\/wp\/v2\/posts\/3307\/revisions"}],"wp:attachment":[{"href":"http:\/\/www.deanreed.de\/AmericanRebel\/2017\/wp-json\/wp\/v2\/media?parent=3307"}],"wp:term":[{"taxonomy":"category","embeddable":true,"href":"http:\/\/www.deanreed.de\/AmericanRebel\/2017\/wp-json\/wp\/v2\/categories?post=3307"},{"taxonomy":"post_tag","embeddable":true,"href":"http:\/\/www.deanreed.de\/AmericanRebel\/2017\/wp-json\/wp\/v2\/tags?post=3307"}],"curies":[{"name":"wp","href":"https:\/\/api.w.org\/{rel}","templated":true}]}}