{"id":30733,"date":"2022-09-29T13:15:45","date_gmt":"2022-09-29T11:15:45","guid":{"rendered":"http:\/\/www.deanreed.de\/AmericanRebel\/2017\/?p=30733"},"modified":"2022-09-29T13:28:34","modified_gmt":"2022-09-29T11:28:34","slug":"wer-wuerde-wirklich-von-einem-geplanten-deckel-fuer-strom-und-gas-profitieren","status":"publish","type":"post","link":"http:\/\/www.deanreed.de\/AmericanRebel\/2017\/2022\/09\/29\/wer-wuerde-wirklich-von-einem-geplanten-deckel-fuer-strom-und-gas-profitieren\/","title":{"rendered":"&#8211; Wer w\u00fcrde wirklich von einem geplanten \u201cDeckel\u201d f\u00fcr Strom und Gas profitieren?"},"content":{"rendered":"<blockquote><p><span style=\"color: #808080;\"><em><span lang=\"de-DE\" style=\"font-family: verdana, geneva, sans-serif; font-size: 12pt;\">Julius Kaltensee &#8211; PERSPEKTIVE\u00bbonline \u2013 29. September 2022<\/span><\/em><\/span><\/p><\/blockquote>\n<p style=\"text-align: justify;\"><span style=\"font-size: 16pt;\"><strong><span style=\"font-family: verdana, geneva, sans-serif; color: #800000;\"><span lang=\"de-DE\">Wer w\u00fcrde wirklich von einem geplanten \u201cDeckel\u201d f\u00fcr Strom und Gas profitieren?<\/span><\/span><\/strong><\/span><\/p>\n<h4 style=\"text-align: justify;\"><span style=\"color: #000000;\"><span style=\"font-family: verdana, geneva, sans-serif; font-size: 12pt;\">Laut Bundesregierung w\u00fcrde eine staatlich subventionierte Gas- und Strompreis-Senkung um einen Cent pro Kilowattstunde um die 3,8 Milliarden Euro kosten. Warum dieser geplante \u201cDeckel\u201d unzureichend w\u00e4re und f\u00fcr eine weitere Umverteilung von unten nach oben sorgen w\u00fcrde.<br \/>\n<\/span><\/span><\/h4>\n<p style=\"text-align: justify;\"><span style=\"font-family: verdana, geneva, sans-serif; font-size: 12pt; color: #000000;\">In den letzten Wochen wurden Rufe nach einer Einf\u00fchrung einer \u201cDeckelung\u201d der Energiepreise vor allem von den Wirtschaftsminister:innen der Bundesl\u00e4nder laut.<\/span><\/p>\n<p style=\"text-align: justify;\"><span style=\"font-family: verdana, geneva, sans-serif; font-size: 12pt; color: #000000;\">Die Bundesregierung ver\u00f6ffentlichte nun erstmals Zahlen zu den Kosten einer m\u00f6glichen Begrenzung der Gas- und Strompreise. Eine Senkung des Endverbraucher:innenpreises bei Gas um ein Cent je Kilowattstunde w\u00fcrde 2,5 Milliarden Euro kosten, w\u00e4hrend die Begrenzung des Strompreises etwa 1,3 Milliarden Euro pro Cent und Kilowattstunde <a style=\"color: #000000;\" href=\"https:\/\/www.tagesschau.de\/wirtschaft\/unternehmen\/gaspreisdeckel-101.html\">ben\u00f6tigen w\u00fcrde<\/a>.<\/span><\/p>\n<p style=\"text-align: justify;\"><span style=\"font-family: verdana, geneva, sans-serif; font-size: 12pt; color: #000000;\">Daraus <a style=\"color: #000000;\" href=\"https:\/\/www.zeit.de\/wirtschaft\/2022-09\/energiepreis-gaspreisdeckel\">ergibt sich<\/a> eine Entlastung von ungef\u00e4hr 200 Euro im Jahr f\u00fcr einen durchschnittlichen Einfamilienhaushalt und circa 50 Euro f\u00fcr einen Singlehaushalt.<\/span><\/p>\n<p style=\"text-align: justify;\"><span style=\"font-family: verdana, geneva, sans-serif; font-size: 12pt; color: #000000;\">Die tats\u00e4chlichen Mehrausgaben in den Haushalten liegen jedoch weitaus h\u00f6her \u2013 Erh\u00f6hungen um 10 Cent pro Kilowattstunde durch Gaspreisunternehmen sind keine Seltenheit. Wer bei Check24 derzeit einen neuen Stromanbieter suchen muss, zahlt 64 Cent pro Kilowattstunde. Solche drastischen Aufschl\u00e4ge werden dabei nur wenig bis gar nicht abgefedert.<br \/>\n<span style=\"color: #ffffff;\">.<\/span><br \/>\n<\/span><span style=\"font-family: verdana, geneva, sans-serif; font-size: 12pt; color: #000000;\"><strong>Wer wird eigentlich unterst\u00fctzt?<\/strong><\/span><\/p>\n<p style=\"text-align: justify;\"><span style=\"font-family: verdana, geneva, sans-serif; font-size: 12pt; color: #000000;\">Zudem muss bei einem solchen Modell der Deckelung beachtet werden, dass damit in Wirklichkeit keineswegs die Energiepreise\u00a0 \u201egedeckelt\u201c werden. Der Staat akzeptiert n\u00e4mlich einfach die von den Energiekonzernen gemachten Preise und dr\u00fcckt diese dann mithilfe von Steuergeldern, um die Verbraucher:innen zu entlasten.<\/span><\/p>\n<p style=\"text-align: justify;\"><span style=\"font-family: verdana, geneva, sans-serif; font-size: 12pt; color: #000000;\">Zwar sinkt der Preis f\u00fcr Strom und Gas damit tats\u00e4chlich bei den Endverbraucher:innen etwas, aber dem r\u00fccksichtslosen Profitstreben der Unternehmen wird bewusst keine Begrenzung auferlegt, es wird dadurch sogar am Leben erhalten.<br \/>\n<span style=\"color: #ffffff;\">.<\/span><br \/>\n<\/span><span style=\"font-family: verdana, geneva, sans-serif; font-size: 12pt; color: #000000;\"><strong>Umverteilung von unten nach oben<br \/>\n<\/strong><\/span><\/p>\n<p style=\"text-align: justify;\"><span style=\"font-family: verdana, geneva, sans-serif; font-size: 12pt; color: #000000;\">Dies w\u00fcrde eine weitere Umverteilung von der Arbeiter:innenklasse in die Taschen der Konzerne bedeuten, denn w\u00e4hrend die Gewinne der Unternehmen unber\u00fchrt bleiben, werden der Strom- und Gaspreisdeckel sehr wohl mit Steuergeldern bezahlt werden. Aber Steuergelder sind in Deutschland fast\u00a0 ausschlie\u00dflich Gelder, die von der Arbeiter:innenklasse bezahlt werden. Denn Konzerne und Superreiche holen sich diese Subventionen zur\u00fcck oder zahlen sie aufgrund von Steuerschlupfl\u00f6chern erst gar nicht.<\/span><\/p>\n<p style=\"text-align: justify;\"><span style=\"font-family: verdana, geneva, sans-serif; font-size: 12pt; color: #000000;\">Wir Arbeiter:innen finanzieren also unsere eigene Entlastung, w\u00e4hrend die Gewinne der Unternehmen weiter und weiter steigen. Zusammen mit der Gasumlage, der Verstaatlichung von Uniper letzter Woche und den 100 Milliarden f\u00fcr die Bundeswehr reiht sich dieser \u201eDeckel\u201c wieder in die Reihe der Ma\u00dfnahmen der Bundesregierung ein, die f\u00fcr eine kontinuierliche Umverteilung von unten nach oben sorgen werden.<br \/>\n<span style=\"color: #ffffff;\">.<\/span><br \/>\n<\/span><span style=\"font-family: verdana, geneva, sans-serif; font-size: 12pt; color: #000000;\"><strong>Deckel ja \u2013 aber auf Kosten der Konzerne<br \/>\n<\/strong><\/span><\/p>\n<p style=\"text-align: justify;\"><span style=\"font-family: verdana, geneva, sans-serif; font-size: 12pt; color: #000000;\">Eine wirkliche \u201eDeckelung\u201c der Energiepreise w\u00fcrde den Hebel bei den Profiteur:innen der Krise ansetzen und daf\u00fcr sorgen, dass die Preise auf Kosten der Monopolprofite gesenkt werden. Das bedeutet, dass staatliche Zusch\u00fcsse nicht mit mehr Schulden sondern durch Verm\u00f6gensabgaben der Superreichen finanziert werden m\u00fcssten.<\/span><\/p>\n<p style=\"text-align: justify;\"><span style=\"font-family: verdana, geneva, sans-serif; font-size: 12pt; color: #000000;\">Zus\u00e4tzlich ben\u00f6tigen wir die Absage der geplanten Gasumlage, ein Verbot von Zwangsr\u00e4umungen, K\u00fcndigungen und Strom- und Gassperren und eine Senkung der Mehrwert- <a style=\"color: #000000;\" href=\"https:\/\/nichtaufunseremruecken.org\/2022\/09\/15\/bundesweites-buendnis-gegen-die-preisexplosion-gegruendet\/\">und Energiesteuer. <\/a><\/span><\/p>\n<p style=\"text-align: justify;\"><span style=\"color: #000000;\"><span style=\"font-family: verdana, geneva, sans-serif; font-size: 12pt;\">Doch dies entspricht nat\u00fcrlich nicht dem Interesse der Kapitalseite, in deren Sinne die Regierung schlussendlich die Politik gestaltet. Wollen wir also eine wirkliche Hilfe f\u00fcr die Arbeiter:innen, d\u00fcrfen wir uns nicht von derlei Ablenkungsman\u00f6vern blenden lassen, sondern m\u00fcssen die Forderung nach einer wirklichen Entlastung unserer Klasse selbst auf die Stra\u00dfe tragen.<br \/>\n<\/span><span style=\"font-family: verdana, geneva, sans-serif; font-size: 12pt;\"><span style=\"color: #ffffff;\">.<\/span><br \/>\n<\/span><\/span><span style=\"font-family: verdana, geneva, sans-serif; font-size: 10pt;\"><span style=\"color: #000000;\">Erstver\u00f6ffentlichung am 26. September 2022 auf \u00bb<a style=\"color: #000000;\" href=\"https:\/\/perspektive-online.net\/\" target=\"_blank\" rel=\"noopener\">PERSPEKTIVE<strong>&gt;&gt;<\/strong><\/a>\u00ab. Wir danken den Genossinnen und Genossen von \u00bbPerspektive\u00ab f\u00fcr ihre gute Arbeit und der Genehmigung der Weiterver\u00f6ffentlichung.<br \/>\n<\/span><\/span><span style=\"color: #ffffff;\">.<\/span><br \/>\n<span style=\"font-size: 14pt;\"><strong><em><span style=\"font-family: verdana, geneva, sans-serif;\">Lest dazu bitte auch:<\/span><\/em><\/strong><\/span><\/p>\n<p><a href=\"https:\/\/perspektive-online.net\/2022\/08\/erst-gasumlage-jetzt-ein-mehrwertsteuersenkung-der-betrug-bleibt\/\" target=\"_blank\" rel=\"noopener\"><img loading=\"lazy\" class=\"alignnone wp-image-30744\" src=\"http:\/\/www.deanreed.de\/AmericanRebel\/2017\/wp-content\/uploads\/2022\/09\/Bildschirmfoto-2022-09-29-um-13.19.13-300x235.png\" alt=\"\" width=\"403\" height=\"316\" srcset=\"http:\/\/www.deanreed.de\/AmericanRebel\/2017\/wp-content\/uploads\/2022\/09\/Bildschirmfoto-2022-09-29-um-13.19.13-300x235.png 300w, http:\/\/www.deanreed.de\/AmericanRebel\/2017\/wp-content\/uploads\/2022\/09\/Bildschirmfoto-2022-09-29-um-13.19.13.png 701w\" sizes=\"(max-width: 403px) 100vw, 403px\" \/><\/a><\/p>\n<p>&nbsp;<\/p>\n<p><a href=\"http:\/\/www.deanreed.de\/AmericanRebel\/2017\/2020\/04\/03\/spendenaufruf\/\" target=\"_blank\" rel=\"noopener\"><img loading=\"lazy\" class=\"wp-image-29256 aligncenter\" src=\"http:\/\/www.deanreed.de\/AmericanRebel\/2017\/wp-content\/uploads\/2037\/12\/pay-300x69.png\" alt=\"\" width=\"670\" height=\"154\" srcset=\"http:\/\/www.deanreed.de\/AmericanRebel\/2017\/wp-content\/uploads\/2037\/12\/pay-300x69.png 300w, http:\/\/www.deanreed.de\/AmericanRebel\/2017\/wp-content\/uploads\/2037\/12\/pay-1024x237.png 1024w, http:\/\/www.deanreed.de\/AmericanRebel\/2017\/wp-content\/uploads\/2037\/12\/pay-768x178.png 768w, http:\/\/www.deanreed.de\/AmericanRebel\/2017\/wp-content\/uploads\/2037\/12\/pay.png 1297w\" sizes=\"(max-width: 670px) 100vw, 670px\" \/><\/a><\/p>\n<p style=\"text-align: justify;\"><span style=\"color: #ffffff;\">.<\/span><\/p>\n<blockquote>\n<div style=\"margin-left: 10px;\"><a title=\"zur Startseite\" href=\"http:\/\/www.americanrebel.de\/\"><img loading=\"lazy\" class=\"alignleft\" src=\"http:\/\/www.deanreed.de\/AmericanRebel\/2017\/wp-content\/uploads\/2017\/03\/back_ar.png\" alt=\"zur\u00fcck zur Startseite\" width=\"156\" height=\"15\" \/><\/a><\/div>\n<div style=\"margin-right: 10px;\"><a href=\"https:\/\/www.facebook.com\/groups\/1683837971860223\/permalink\/1987214344855916\/\" target=\"_blank\" rel=\"noopener noreferrer\"><img loading=\"lazy\" class=\"alignright\" src=\"http:\/\/www.deanreed.de\/AmericanRebel\/2017\/wp-content\/uploads\/2017\/03\/ar_zu_fb.png\" alt=\"hier geht es zur Facebook Diskussionsgruppe\" width=\"353\" height=\"15\" \/><\/a><\/div>\n<p style=\"text-align: center;\"><a href=\"#respond\" target=\"_blank\" rel=\"noopener noreferrer\"><img loading=\"lazy\" class=\"aligncenter\" src=\"http:\/\/www.deanreed.de\/AmericanRebel\/2017\/wp-content\/uploads\/2017\/03\/ar_kommentar-1.png\" alt=\"Sag uns deine Meinung zum Artikel mit einem Kommentar\/Leserbrief\" width=\"627\" height=\"20\" \/><\/a><\/p>\n<\/blockquote>\n","protected":false},"excerpt":{"rendered":"<p>Julius Kaltensee &#8211; PERSPEKTIVE\u00bbonline \u2013 29. September 2022 Wer w\u00fcrde wirklich von einem geplanten \u201cDeckel\u201d f\u00fcr Strom und Gas profitieren? Laut Bundesregierung w\u00fcrde eine staatlich subventionierte Gas- und Strompreis-Senkung um einen Cent pro Kilowattstunde um die 3,8 Milliarden Euro kosten. [&hellip;]<a class=\"more-link\" href=\"http:\/\/www.deanreed.de\/AmericanRebel\/2017\/2022\/09\/29\/wer-wuerde-wirklich-von-einem-geplanten-deckel-fuer-strom-und-gas-profitieren\/\">&darr; Lese den Rest von diesem Eintrag&#8230;<\/a><\/p>\n","protected":false},"author":2,"featured_media":0,"comment_status":"open","ping_status":"open","sticky":false,"template":"","format":"standard","meta":[],"categories":[1,5891],"tags":[748,2594,2612,2149,5889,433,1325,5864,175,4729,4796,5865,5888,1322,4791,902,4869,2225,1334,1329,5890,5866],"yoast_head":"<!-- This site is optimized with the Yoast SEO plugin v17.5 - https:\/\/yoast.com\/wordpress\/plugins\/seo\/ -->\n<title>- Wer w\u00fcrde wirklich von einem geplanten \u201cDeckel\u201d f\u00fcr Strom und Gas profitieren? &ndash; Onlinezeitung AmericanRebel<\/title>\n<meta name=\"robots\" content=\"index, follow, max-snippet:-1, max-image-preview:large, max-video-preview:-1\" \/>\n<link rel=\"canonical\" href=\"http:\/\/www.deanreed.de\/AmericanRebel\/2017\/2022\/09\/29\/wer-wuerde-wirklich-von-einem-geplanten-deckel-fuer-strom-und-gas-profitieren\/\" \/>\n<meta property=\"og:locale\" content=\"de_DE\" \/>\n<meta property=\"og:type\" content=\"article\" \/>\n<meta property=\"og:title\" content=\"- Wer w\u00fcrde wirklich von einem geplanten \u201cDeckel\u201d f\u00fcr Strom und Gas profitieren? &ndash; Onlinezeitung AmericanRebel\" \/>\n<meta property=\"og:description\" content=\"Laut Bundesregierung w\u00fcrde eine staatlich subventionierte Gas- und Strompreis-Senkung um einen Cent pro Kilowattstunde um die 3,8 Milliarden Euro kosten. Warum dieser geplante \u201cDeckel\u201d unzureichend w\u00e4re und f\u00fcr eine weitere Umverteilung von unten nach oben sorgen w\u00fcrde. \u2013 Ein Kommentar von Julius Kaltensee.\" \/>\n<meta property=\"og:url\" content=\"http:\/\/www.deanreed.de\/AmericanRebel\/2017\/2022\/09\/29\/wer-wuerde-wirklich-von-einem-geplanten-deckel-fuer-strom-und-gas-profitieren\/\" \/>\n<meta property=\"og:site_name\" content=\"Onlinezeitung AmericanRebel\" \/>\n<meta property=\"article:published_time\" content=\"2022-09-29T11:15:45+00:00\" \/>\n<meta property=\"article:modified_time\" content=\"2022-09-29T11:28:34+00:00\" \/>\n<meta property=\"og:image\" content=\"http:\/\/www.deanreed.de\/AmericanRebel\/2017\/wp-content\/uploads\/2022\/09\/2-formatOriginal.jpg\" \/>\n\t<meta property=\"og:image:width\" content=\"640\" \/>\n\t<meta property=\"og:image:height\" content=\"460\" \/>\n<meta name=\"twitter:card\" content=\"summary_large_image\" \/>\n<meta name=\"twitter:label1\" content=\"Verfasst von\" \/>\n\t<meta name=\"twitter:data1\" content=\"Redaktion\" \/>\n\t<meta name=\"twitter:label2\" content=\"Gesch\u00e4tzte Lesezeit\" \/>\n\t<meta name=\"twitter:data2\" content=\"3\u00a0Minuten\" \/>\n<script type=\"application\/ld+json\" class=\"yoast-schema-graph\">{\"@context\":\"https:\/\/schema.org\",\"@graph\":[{\"@type\":\"WebSite\",\"@id\":\"https:\/\/www.deanreed.de\/AmericanRebel\/2017\/#website\",\"url\":\"https:\/\/www.deanreed.de\/AmericanRebel\/2017\/\",\"name\":\"Onlinezeitung AmericanRebel\",\"description\":\"Internationale Onlinezeitung f\\u00fcr Frieden, Humanismus, V\\u00f6lkerverst\\u00e4ndigung und Kultur\",\"potentialAction\":[{\"@type\":\"SearchAction\",\"target\":{\"@type\":\"EntryPoint\",\"urlTemplate\":\"https:\/\/www.deanreed.de\/AmericanRebel\/2017\/?s={search_term_string}\"},\"query-input\":\"required name=search_term_string\"}],\"inLanguage\":\"de\"},{\"@type\":\"ImageObject\",\"@id\":\"http:\/\/www.deanreed.de\/AmericanRebel\/2017\/2022\/09\/29\/wer-wuerde-wirklich-von-einem-geplanten-deckel-fuer-strom-und-gas-profitieren\/#primaryimage\",\"inLanguage\":\"de\",\"url\":\"http:\/\/www.deanreed.de\/AmericanRebel\/2017\/wp-content\/uploads\/2022\/09\/2-formatOriginal.jpg\",\"contentUrl\":\"http:\/\/www.deanreed.de\/AmericanRebel\/2017\/wp-content\/uploads\/2022\/09\/2-formatOriginal.jpg\",\"width\":640,\"height\":460,\"caption\":\"ARCHIV - 23.06.2022, Mecklenburg-Vorpommern, Pokrent: Das Z\\u2030hlwerk an einem Gastz\\u2030hler zeigt den Verbrauch von Gas in einem Privathaushalt an. (zu dpa: \\\"Verbraucherzentrale mit mehr Beratungen - vor allem Energiefragen\\\") Foto: Jens B\\u00b8ttner\/dpa +++ dpa-Bildfunk +++\"},{\"@type\":\"WebPage\",\"@id\":\"http:\/\/www.deanreed.de\/AmericanRebel\/2017\/2022\/09\/29\/wer-wuerde-wirklich-von-einem-geplanten-deckel-fuer-strom-und-gas-profitieren\/#webpage\",\"url\":\"http:\/\/www.deanreed.de\/AmericanRebel\/2017\/2022\/09\/29\/wer-wuerde-wirklich-von-einem-geplanten-deckel-fuer-strom-und-gas-profitieren\/\",\"name\":\"- Wer w\\u00fcrde wirklich von einem geplanten \\u201cDeckel\\u201d f\\u00fcr Strom und Gas profitieren? &ndash; Onlinezeitung AmericanRebel\",\"isPartOf\":{\"@id\":\"https:\/\/www.deanreed.de\/AmericanRebel\/2017\/#website\"},\"primaryImageOfPage\":{\"@id\":\"http:\/\/www.deanreed.de\/AmericanRebel\/2017\/2022\/09\/29\/wer-wuerde-wirklich-von-einem-geplanten-deckel-fuer-strom-und-gas-profitieren\/#primaryimage\"},\"datePublished\":\"2022-09-29T11:15:45+00:00\",\"dateModified\":\"2022-09-29T11:28:34+00:00\",\"author\":{\"@id\":\"https:\/\/www.deanreed.de\/AmericanRebel\/2017\/#\/schema\/person\/9edfca7917cd10b75edaae51c6e7935a\"},\"breadcrumb\":{\"@id\":\"http:\/\/www.deanreed.de\/AmericanRebel\/2017\/2022\/09\/29\/wer-wuerde-wirklich-von-einem-geplanten-deckel-fuer-strom-und-gas-profitieren\/#breadcrumb\"},\"inLanguage\":\"de\",\"potentialAction\":[{\"@type\":\"ReadAction\",\"target\":[\"http:\/\/www.deanreed.de\/AmericanRebel\/2017\/2022\/09\/29\/wer-wuerde-wirklich-von-einem-geplanten-deckel-fuer-strom-und-gas-profitieren\/\"]}]},{\"@type\":\"BreadcrumbList\",\"@id\":\"http:\/\/www.deanreed.de\/AmericanRebel\/2017\/2022\/09\/29\/wer-wuerde-wirklich-von-einem-geplanten-deckel-fuer-strom-und-gas-profitieren\/#breadcrumb\",\"itemListElement\":[{\"@type\":\"ListItem\",\"position\":1,\"name\":\"Startseite\",\"item\":\"https:\/\/www.deanreed.de\/AmericanRebel\/2017\/\"},{\"@type\":\"ListItem\",\"position\":2,\"name\":\"&#8211; Wer w\\u00fcrde wirklich von einem geplanten \\u201cDeckel\\u201d f\\u00fcr Strom und Gas profitieren?\"}]},{\"@type\":\"Person\",\"@id\":\"https:\/\/www.deanreed.de\/AmericanRebel\/2017\/#\/schema\/person\/9edfca7917cd10b75edaae51c6e7935a\",\"name\":\"Redaktion\",\"url\":\"http:\/\/www.deanreed.de\/AmericanRebel\/2017\/author\/redaktion\/\"}]}<\/script>\n<!-- \/ Yoast SEO plugin. -->","yoast_head_json":{"title":"- Wer w\u00fcrde wirklich von einem geplanten \u201cDeckel\u201d f\u00fcr Strom und Gas profitieren? &ndash; Onlinezeitung AmericanRebel","robots":{"index":"index","follow":"follow","max-snippet":"max-snippet:-1","max-image-preview":"max-image-preview:large","max-video-preview":"max-video-preview:-1"},"canonical":"http:\/\/www.deanreed.de\/AmericanRebel\/2017\/2022\/09\/29\/wer-wuerde-wirklich-von-einem-geplanten-deckel-fuer-strom-und-gas-profitieren\/","og_locale":"de_DE","og_type":"article","og_title":"- Wer w\u00fcrde wirklich von einem geplanten \u201cDeckel\u201d f\u00fcr Strom und Gas profitieren? &ndash; Onlinezeitung AmericanRebel","og_description":"Laut Bundesregierung w\u00fcrde eine staatlich subventionierte Gas- und Strompreis-Senkung um einen Cent pro Kilowattstunde um die 3,8 Milliarden Euro kosten. Warum dieser geplante \u201cDeckel\u201d unzureichend w\u00e4re und f\u00fcr eine weitere Umverteilung von unten nach oben sorgen w\u00fcrde. \u2013 Ein Kommentar von Julius Kaltensee.","og_url":"http:\/\/www.deanreed.de\/AmericanRebel\/2017\/2022\/09\/29\/wer-wuerde-wirklich-von-einem-geplanten-deckel-fuer-strom-und-gas-profitieren\/","og_site_name":"Onlinezeitung AmericanRebel","article_published_time":"2022-09-29T11:15:45+00:00","article_modified_time":"2022-09-29T11:28:34+00:00","og_image":[{"width":640,"height":460,"url":"http:\/\/www.deanreed.de\/AmericanRebel\/2017\/wp-content\/uploads\/2022\/09\/2-formatOriginal.jpg","type":"image\/jpeg"}],"twitter_card":"summary_large_image","twitter_misc":{"Verfasst von":"Redaktion","Gesch\u00e4tzte Lesezeit":"3\u00a0Minuten"},"schema":{"@context":"https:\/\/schema.org","@graph":[{"@type":"WebSite","@id":"https:\/\/www.deanreed.de\/AmericanRebel\/2017\/#website","url":"https:\/\/www.deanreed.de\/AmericanRebel\/2017\/","name":"Onlinezeitung AmericanRebel","description":"Internationale Onlinezeitung f\u00fcr Frieden, Humanismus, V\u00f6lkerverst\u00e4ndigung und Kultur","potentialAction":[{"@type":"SearchAction","target":{"@type":"EntryPoint","urlTemplate":"https:\/\/www.deanreed.de\/AmericanRebel\/2017\/?s={search_term_string}"},"query-input":"required name=search_term_string"}],"inLanguage":"de"},{"@type":"ImageObject","@id":"http:\/\/www.deanreed.de\/AmericanRebel\/2017\/2022\/09\/29\/wer-wuerde-wirklich-von-einem-geplanten-deckel-fuer-strom-und-gas-profitieren\/#primaryimage","inLanguage":"de","url":"http:\/\/www.deanreed.de\/AmericanRebel\/2017\/wp-content\/uploads\/2022\/09\/2-formatOriginal.jpg","contentUrl":"http:\/\/www.deanreed.de\/AmericanRebel\/2017\/wp-content\/uploads\/2022\/09\/2-formatOriginal.jpg","width":640,"height":460,"caption":"ARCHIV - 23.06.2022, Mecklenburg-Vorpommern, Pokrent: Das Z\u2030hlwerk an einem Gastz\u2030hler zeigt den Verbrauch von Gas in einem Privathaushalt an. (zu dpa: \"Verbraucherzentrale mit mehr Beratungen - vor allem Energiefragen\") Foto: Jens B\u00b8ttner\/dpa +++ dpa-Bildfunk +++"},{"@type":"WebPage","@id":"http:\/\/www.deanreed.de\/AmericanRebel\/2017\/2022\/09\/29\/wer-wuerde-wirklich-von-einem-geplanten-deckel-fuer-strom-und-gas-profitieren\/#webpage","url":"http:\/\/www.deanreed.de\/AmericanRebel\/2017\/2022\/09\/29\/wer-wuerde-wirklich-von-einem-geplanten-deckel-fuer-strom-und-gas-profitieren\/","name":"- Wer w\u00fcrde wirklich von einem geplanten \u201cDeckel\u201d f\u00fcr Strom und Gas profitieren? &ndash; Onlinezeitung AmericanRebel","isPartOf":{"@id":"https:\/\/www.deanreed.de\/AmericanRebel\/2017\/#website"},"primaryImageOfPage":{"@id":"http:\/\/www.deanreed.de\/AmericanRebel\/2017\/2022\/09\/29\/wer-wuerde-wirklich-von-einem-geplanten-deckel-fuer-strom-und-gas-profitieren\/#primaryimage"},"datePublished":"2022-09-29T11:15:45+00:00","dateModified":"2022-09-29T11:28:34+00:00","author":{"@id":"https:\/\/www.deanreed.de\/AmericanRebel\/2017\/#\/schema\/person\/9edfca7917cd10b75edaae51c6e7935a"},"breadcrumb":{"@id":"http:\/\/www.deanreed.de\/AmericanRebel\/2017\/2022\/09\/29\/wer-wuerde-wirklich-von-einem-geplanten-deckel-fuer-strom-und-gas-profitieren\/#breadcrumb"},"inLanguage":"de","potentialAction":[{"@type":"ReadAction","target":["http:\/\/www.deanreed.de\/AmericanRebel\/2017\/2022\/09\/29\/wer-wuerde-wirklich-von-einem-geplanten-deckel-fuer-strom-und-gas-profitieren\/"]}]},{"@type":"BreadcrumbList","@id":"http:\/\/www.deanreed.de\/AmericanRebel\/2017\/2022\/09\/29\/wer-wuerde-wirklich-von-einem-geplanten-deckel-fuer-strom-und-gas-profitieren\/#breadcrumb","itemListElement":[{"@type":"ListItem","position":1,"name":"Startseite","item":"https:\/\/www.deanreed.de\/AmericanRebel\/2017\/"},{"@type":"ListItem","position":2,"name":"&#8211; Wer w\u00fcrde wirklich von einem geplanten \u201cDeckel\u201d f\u00fcr Strom und Gas profitieren?"}]},{"@type":"Person","@id":"https:\/\/www.deanreed.de\/AmericanRebel\/2017\/#\/schema\/person\/9edfca7917cd10b75edaae51c6e7935a","name":"Redaktion","url":"http:\/\/www.deanreed.de\/AmericanRebel\/2017\/author\/redaktion\/"}]}},"_links":{"self":[{"href":"http:\/\/www.deanreed.de\/AmericanRebel\/2017\/wp-json\/wp\/v2\/posts\/30733"}],"collection":[{"href":"http:\/\/www.deanreed.de\/AmericanRebel\/2017\/wp-json\/wp\/v2\/posts"}],"about":[{"href":"http:\/\/www.deanreed.de\/AmericanRebel\/2017\/wp-json\/wp\/v2\/types\/post"}],"author":[{"embeddable":true,"href":"http:\/\/www.deanreed.de\/AmericanRebel\/2017\/wp-json\/wp\/v2\/users\/2"}],"replies":[{"embeddable":true,"href":"http:\/\/www.deanreed.de\/AmericanRebel\/2017\/wp-json\/wp\/v2\/comments?post=30733"}],"version-history":[{"count":13,"href":"http:\/\/www.deanreed.de\/AmericanRebel\/2017\/wp-json\/wp\/v2\/posts\/30733\/revisions"}],"predecessor-version":[{"id":30748,"href":"http:\/\/www.deanreed.de\/AmericanRebel\/2017\/wp-json\/wp\/v2\/posts\/30733\/revisions\/30748"}],"wp:attachment":[{"href":"http:\/\/www.deanreed.de\/AmericanRebel\/2017\/wp-json\/wp\/v2\/media?parent=30733"}],"wp:term":[{"taxonomy":"category","embeddable":true,"href":"http:\/\/www.deanreed.de\/AmericanRebel\/2017\/wp-json\/wp\/v2\/categories?post=30733"},{"taxonomy":"post_tag","embeddable":true,"href":"http:\/\/www.deanreed.de\/AmericanRebel\/2017\/wp-json\/wp\/v2\/tags?post=30733"}],"curies":[{"name":"wp","href":"https:\/\/api.w.org\/{rel}","templated":true}]}}