{"id":30628,"date":"2022-08-25T15:54:38","date_gmt":"2022-08-25T13:54:38","guid":{"rendered":"http:\/\/www.deanreed.de\/AmericanRebel\/2017\/?p=30628"},"modified":"2022-08-25T15:56:34","modified_gmt":"2022-08-25T13:56:34","slug":"rassistische-hansa-rostock-fans-provozieren-und-feiern-ab-niemand-schreitet-ein","status":"publish","type":"post","link":"http:\/\/www.deanreed.de\/AmericanRebel\/2017\/2022\/08\/25\/rassistische-hansa-rostock-fans-provozieren-und-feiern-ab-niemand-schreitet-ein\/","title":{"rendered":"&#8211;  Rassistische Hansa Rostock Fans provozieren und feiern ab \u2013 Niemand schreitet ein!"},"content":{"rendered":"<blockquote>\n<p style=\"text-align: justify;\"><span style=\"font-family: verdana, geneva, sans-serif; font-size: 12pt; color: #000000;\"><span style=\"color: #808080;\"><em><span lang=\"de-DE\">Roter Morgen \u2013 22. August 2022<\/span><\/em><\/span><br \/>\n<\/span><\/p>\n<\/blockquote>\n<p style=\"text-align: justify;\"><span style=\"font-size: 14pt; font-family: verdana, geneva, sans-serif; color: #993300;\"><strong>Rassistische Hansa Rostock Fans provozieren und feiern ab \u2013 Niemand schreitet ein!<\/strong><\/span><\/p>\n<p style=\"text-align: justify;\"><span style=\"font-size: 12pt; font-family: verdana, geneva, sans-serif;\"><strong>Am gestrigen Sonntag gab es eine erneute rassistische Provokation beim sonnt\u00e4glichen Zweitligaspiel zwischen St. Pauli und Hansa Rostock.\u00a0 Rostock-Fans hissten ein Banner, auf dem das Wort \u201cLichtenhagen\u201d sowie eine Sonnenblume zu sehen waren. Dies soll auf das Pogrom in Rostock Lichtenhagen, vor fast auf dem Tag genau 30 Jahren, anspielen, bei dem Faschisten das Sonnenblumenhaus, ein Asylbewerberheim, angriffen und in Brand steckten. <\/strong><\/span><\/p>\n<p style=\"text-align: justify;\"><span style=\"font-family: verdana, geneva, sans-serif; font-size: 12pt;\">Es ist nicht das erste Mal, dass Hansa Rostock und Fans durch rechte Aussagen auff\u00e4llt. Und es wird auch nicht das letzte Mal bleiben, wenn die Beh\u00f6rden und die Vereine nicht einschreiten.\u00a0 <\/span><\/p>\n<div id=\"attachment_30632\" style=\"width: 631px\" class=\"wp-caption aligncenter\"><img aria-describedby=\"caption-attachment-30632\" loading=\"lazy\" class=\" wp-image-30632\" src=\"http:\/\/www.deanreed.de\/AmericanRebel\/2017\/wp-content\/uploads\/2022\/08\/ttzuu-768x411-1-300x161.png\" alt=\"\" width=\"621\" height=\"333\" srcset=\"http:\/\/www.deanreed.de\/AmericanRebel\/2017\/wp-content\/uploads\/2022\/08\/ttzuu-768x411-1-300x161.png 300w, http:\/\/www.deanreed.de\/AmericanRebel\/2017\/wp-content\/uploads\/2022\/08\/ttzuu-768x411-1.png 768w\" sizes=\"(max-width: 621px) 100vw, 621px\" \/><p id=\"caption-attachment-30632\" class=\"wp-caption-text\">Auf dem gro\u00dfen Banner steht \u201cLichtenhagen\u201d in Frakuturschrift \u2013 dazwischen die bekannte Sonnenblume. Damit waren die H\u00e4user bemalt, die am 22.8.1992 von Neonazis und einem faschistisch aufgestachelten Mob angegriffen wurden.<\/p><\/div>\n<p><span style=\"font-family: verdana, geneva, sans-serif; font-size: 12pt;\"><span style=\"font-size: 14pt;\"><strong><span style=\"color: #993300;\">Was geschah am 22. August 1992 in Rostock-Lichtenhagen?<\/span> <\/strong><\/span><\/span><\/p>\n<p style=\"text-align: justify;\"><span style=\"font-family: verdana, geneva, sans-serif; color: #000000;\">Viele unser Leser spielten zu der Zeit noch in der Krippe oder gingen in den Kindergarten und haben dieses Datum noch nicht verinnerlicht. Deswegen geben wir nachfolgend eine Artikel des Genossen Anton Dent wieder den er vor f\u00fcnf Jahren in zwei Teilen auf \u00bbperspektive<em>onlie<\/em>\u00ab ver\u00f6ffentlicht hat.<\/span><\/p>\n<p style=\"text-align: center;\"><span style=\"color: #000000;\">________________________________________________________<\/span><br \/>\n<span style=\"color: #ffffff;\">.<\/span><\/p>\n<p style=\"text-align: justify;\"><span style=\"font-family: verdana, geneva, sans-serif; font-size: 12pt; color: #000000;\"><strong>Am 22. August j\u00e4hrte sich zum 25. Mal der Jahrestag des Pogroms von Rostock-Lichtenhagen. Was passierte vor 25 Jahren in Rostock? Wer waren die T\u00e4ter? Und wie sieht die Situation heute in Deutschland aus? Ein Kommentar von Anton Dent<\/strong><\/span><\/p>\n<p style=\"text-align: justify;\"><span style=\"font-family: verdana, geneva, sans-serif; font-size: 12pt; color: #000000;\">An diesem Samstag im Jahr 1992 versammelte sich eine gro\u00dfe Menschenmenge vor der \u201cZentralen Anlaufstelle f\u00fcr AsylbewerberInnen\u201d (ZASt) im Rostocker Stadtteil Lichtenhagen. Aus dieser Ansammlung heraus ereigneten sich die ersten Angriffe auf das, wegen seiner Fassadenbemalung, so benannte \u201cSonnenblumenhaus\u201d: Steine wurden in die Fensterscheiben der Wohnungen ehemaliger vietnamesischer GastarbeiterInnen geworfen, die im selben Geb\u00e4ude ein Wohnheim hatten. Ein erster Ansturm von 500 Leuten auf das Haus konnte zun\u00e4chst von den BewohnerInnen zur\u00fcckgeschlagen werden. Den Angreifern wurde dabei von mittlerweile bis zu 2000 zuschauenden B\u00fcrgerInnen tatkr\u00e4ftig zugejubelt.<\/span><\/p>\n<p style=\"text-align: justify;\"><span style=\"font-family: verdana, geneva, sans-serif; font-size: 12pt; color: #000000;\">Die Polizei begn\u00fcgte sich mit 35 Beamten, die den Ausschreitungen tatenlos zusahen. Erst Stunden sp\u00e4ter bequemten sich die Polizisten, dem Treiben vorerst ein Ende zu setzen. Am Sonntag wiederholten sich die Situation erneut. Diesmal schauten jedoch 400 Polizisten dabei zu, wie etwa 100 Angreifer das Geb\u00e4ude st\u00fcrmten und bis in den 6. Stock vordrangen. Wieder versammelten sich hunderte B\u00fcrgerInnen und feierten die Angriffe vor dem Geb\u00e4ude. Vor den Augen der Polizei wurden Molotow-Cocktails gebastelt. Am zweiten Tag des Pogroms mobilisierten AntifaschistInnen zum Widerstand nach Rostock, um sich den RassistInnen in den Weg zu stellen. Jetzt erst fing die Polizei an zu handeln, und zwar gegen die angereisten Unterst\u00fctzer: 60 AntifaschistInnen wurden bei einer Kundgebung festgenommen. Am Montag wurde als Reaktion auf die Pogrome die ZASt ger\u00e4umt. Lediglich 150 vietnamesische BewohnerInnen befanden sich noch im Geb\u00e4ude. Trotzdem blieb der Lynchmob auch noch an diesem Tag vor dem Haus.\u00a0 <div class=\"hide-this-part-wrap\"><div class=\"hide-this-part-more\" id=\"hide-this-part-0\" morelink-text=\"hier geht es weiter\">hier geht es weiter \u00bb<\/div><div class=\"hide-this-part\" status=\"invisible\"><br \/>\n<\/span><\/p>\n<p style=\"text-align: justify;\"><span style=\"font-family: verdana, geneva, sans-serif; font-size: 12pt; color: #000000;\">Um 21:00 Uhr r\u00fcckte die Polizei pl\u00f6tzlich ab und lie\u00df die AnwohnerInnen ungesch\u00fctzt. Unter dem Jubel von 3000 B\u00fcrgerInnen griffen 800 weitere das Geb\u00e4ude mit Brands\u00e4tzen an. Das Haus begann zu brennen, w\u00e4hrend die Polizei f\u00fcr 2 Stunden nicht zu erreichen war und die Feuerwehr von der jubelnden Menschenmenge beim L\u00f6schen aktiv und gewaltt\u00e4tig gehindert wird. Erst um 23:00 Uhr konnte die Feuerwehr beginnen, die HausbewohnerInnen zu retten und den Brand zu bek\u00e4mpfen. Am Dienstag dann forderte der Innenminister von Mecklenburg-Vorpommern polizeiliche Unterst\u00fctzung aus anderen Bundesl\u00e4ndern an. An diesem Tag konnten weitere Angriff auf das nun leere Haus verhindert werden.<\/span><\/p>\n<div id=\"attachment_30630\" style=\"width: 630px\" class=\"wp-caption aligncenter\"><img aria-describedby=\"caption-attachment-30630\" loading=\"lazy\" class=\" wp-image-30630\" src=\"http:\/\/www.deanreed.de\/AmericanRebel\/2017\/wp-content\/uploads\/2022\/08\/ii-300x169.jpg\" alt=\"\" width=\"620\" height=\"349\" srcset=\"http:\/\/www.deanreed.de\/AmericanRebel\/2017\/wp-content\/uploads\/2022\/08\/ii-300x169.jpg 300w, http:\/\/www.deanreed.de\/AmericanRebel\/2017\/wp-content\/uploads\/2022\/08\/ii-1024x576.jpg 1024w, http:\/\/www.deanreed.de\/AmericanRebel\/2017\/wp-content\/uploads\/2022\/08\/ii-768x432.jpg 768w, http:\/\/www.deanreed.de\/AmericanRebel\/2017\/wp-content\/uploads\/2022\/08\/ii.jpg 1280w\" sizes=\"(max-width: 620px) 100vw, 620px\" \/><p id=\"caption-attachment-30630\" class=\"wp-caption-text\">Sie sind als der gr\u00f6\u00dfte Pogrom auf deutschem Boden nach 1945 in die Geschichte eingegangen: die rassistischen Angriffe auf das Sonnenblumenhaus in Rostock-Lichtenhagen. Vor 29 Jahren, warf ein w\u00fctender rassistischer Mob Steine und Molotowcocktails gegen das damalige Wohnheim der vietnamesischen Vertragsarbeiter. | Bild Carl Vetter<\/p><\/div>\n<p style=\"text-align: justify;\"><span style=\"font-family: verdana, geneva, sans-serif; font-size: 12pt; color: #000000;\"><b>Die T\u00e4ter im Anzug<\/b><\/span><\/p>\n<p style=\"text-align: justify;\"><span style=\"font-family: verdana, geneva, sans-serif; font-size: 12pt; color: #000000;\">Die erste T\u00e4tergruppe finden wir in den Reihen von Presse, Polizei und Politik. Mit der sogenannten Asyldebatte zu Beginn der 90er startete die CDU und CSU in Zusammenarbeit mit konservativen Medien wie der Springerpresse eine Kampagne zur Versch\u00e4rfung der deutschen Asylgesetzgebung. Man zeichnete das Bild von einer unheilvollen Masse an Fl\u00fcchtlingen, die nach Deutschland str\u00f6mten, warf allen Fl\u00fcchtlingen konsequent den Missbrauch des Asyls vor und verbreitete rassistische Vorurteile.<\/span><\/p>\n<p style=\"text-align: justify;\"><span style=\"font-family: verdana, geneva, sans-serif; font-size: 12pt; color: #000000;\">In Rostock-Lichtenhagen wurde die Situation f\u00fcr die Fl\u00fcchtlinge in der ZASt bewusst eskaliert. Der Geb\u00e4udekomplex wurde \u00fcberf\u00fcllt und an einer Umverteilung der Fl\u00fcchtlinge arbeitete man gar nicht bis mangelhaft. Stattdessen lie\u00df mit man zahlreiche Fl\u00fcchtlinge auf den Wiesen vor der ZASt kampieren, ohne sie jedoch mit Lebensmitteln oder Hygiene-Infrastruktur zu versorgen. So wurden die rassistischen Bilder, die man vorher medial verbreitete, erst durch das Handeln der Politik real geschaffen: n\u00e4mlich die \u201c\u00dcberflutung\u201d durch Fl\u00fcchtlinge als Zeichen f\u00fcr das Erreichen der Aufnahmekapazit\u00e4ten, die M\u00fclltonnen durchsuchenden und in Vorg\u00e4rten urinierenden Ausl\u00e4nderInnen. Den Beschwerden der AnwohnerInnen \u00fcber diese Situation begegnete man nun nicht etwa mit einem Entsch\u00e4rfen der Situation etwa durch das Bereitstellen von Dixi-Toiletten, sondern ignorierte sie schlicht \u2013 oder verwendete sie gar in seinem Sinne in der Debatte gegen das Asylrecht. Schon ein Jahr zuvor wurde vor der explosiven Stimmung vor Ort gewarnt, denn immer h\u00e4ufiger kam es zu rassistischen Angriffen auf Fl\u00fcchtlinge.<\/span><\/p>\n<p style=\"text-align: justify;\"><span style=\"font-family: verdana, geneva, sans-serif; font-size: 12pt; color: #000000;\">Wenige Tage vor dem 22. August dann mobilisierten faktisch die gr\u00f6\u00dften Regionalzeitungen, die\u00a0<em>\u201cOstseezeitung\u201d<\/em> und die <em>\u201cNorddeutschen Neusten Nachrichten\u201d,<\/em>\u00a0zu den Pogromen, indem sie die Ank\u00fcndigung einer <em>\u201cInteressengemeinschaft Lichtenhagen\u201d<\/em> kommentarlos zitierten, die in einem Schreiben damit drohten, am folgenden Wochenende das Problem selbst in die Hand zu nehmen und zwar auf \u201cihre Weise\u201d. Sogar die genaue Zeit gab man noch bekannt: \u201cIn der Nacht vom Samstag auf Sonntag r\u00e4umen wir in Lichtenhagen auf\u201d.<\/span><\/p>\n<p lang=\"zxx\" style=\"text-align: justify;\"><span style=\"font-family: verdana, geneva, sans-serif; font-size: 12pt; color: #000000;\"><span lang=\"de-DE\">Auch Polizei und Politik schwiegen zu den direkten Androhungen der RassistInnen, wohingegen man eine Woche sp\u00e4ter auf allen Kan\u00e4len die AnwohnerInnen dazu aufforderte, einer antifaschistischen Demonstration in Rostock fernzubleiben. <\/span><span lang=\"de-DE\">Pl\u00f6tzlich waren nun auch tausende Polizisten in der Stadt, die gewaltsam gegen die antifaschistische Demonstration vorgingen. <\/span><span lang=\"de-DE\">Das oben beschriebene Verhalten der Polizei w\u00e4hrend der gewaltsamen Massenausschreitungen sagt dann auch schon alles Weitere \u00fcber die politische Billigung der Ereignisse. Noch am dritten Tag der Verw\u00fcstungen \u00e4u\u00dferte sich Bundesinnenminister Rudolf Seiters auf einer Pressekonferenz: \u201e<\/span><span lang=\"de-DE\">Wir m\u00fcssen handeln gegen den Missbrauch des Asylrechts, der dazu gef\u00fchrt hat, dass wir einen unkontrollierten Zustrom in unser Land bekommen haben, ich hoffe, dass die letzten Beschl\u00fcsse der SPD, sich an einer Grundgesetz\u00e4nderung zu beteiligen, endlich den Weg frei machen.<\/span><span lang=\"de-DE\">\u201c\u00a0\u2013 Das Pogrom hatte Wirkung gezeigt: Es f\u00fchrte noch im selben Jahr zur Grundgesetz\u00e4nderung, die das Asylrecht in Deutschland massiv begrenzte.<\/span><\/span><\/p>\n<div id=\"attachment_30629\" style=\"width: 631px\" class=\"wp-caption aligncenter\"><img aria-describedby=\"caption-attachment-30629\" loading=\"lazy\" class=\" wp-image-30629\" src=\"http:\/\/www.deanreed.de\/AmericanRebel\/2017\/wp-content\/uploads\/2022\/08\/1920x1080-678x381-1-300x169.jpg\" alt=\"\" width=\"621\" height=\"350\" srcset=\"http:\/\/www.deanreed.de\/AmericanRebel\/2017\/wp-content\/uploads\/2022\/08\/1920x1080-678x381-1-300x169.jpg 300w, http:\/\/www.deanreed.de\/AmericanRebel\/2017\/wp-content\/uploads\/2022\/08\/1920x1080-678x381-1.jpg 678w\" sizes=\"(max-width: 621px) 100vw, 621px\" \/><p id=\"caption-attachment-30629\" class=\"wp-caption-text\">Folgen der rassistischen Ausschreitungen in Rostock-Lichtenhagen 1992: Hunderte rassistische Gewaltt\u00e4ter hatten zuvor, von Bewohnern des Stadtteils angefeuert, das Sonnenblumenhaus, ein Wohnheim, in dem sich \u00fcber 100 Menschen befanden, mit Molotowcocktails in Brand gesteckt. | Bild: Der Morgen<\/p><\/div>\n<p style=\"text-align: justify;\"><span style=\"color: #000000; font-family: verdana, geneva, sans-serif; font-size: 12pt;\"><b>Die T\u00e4ter in Springerstiefeln<\/b><\/span><\/p>\n<p style=\"text-align: justify;\"><span style=\"color: #000000; font-family: verdana, geneva, sans-serif; font-size: 12pt;\">Die Pogrome von Lichtenhagen waren keineswegs nur die Entladung des \u201erassistischen Volkszorns\u201c, provoziert durch <em>BILD<\/em> und CDU, sondern die Aktion organisierter Faschisten. Schon zuvor stieg die Gewalt gegen MigrantInnen und Fl\u00fcchtlinge durch Neonazis in ganz Deutschland. NPD (Nationaldemokratische Partei Deutschlands), DVU (Deutsche Volksunion) und Republikaner sahen die Gunst der Stunde und beteiligten sich lebhaft an der Hetze gegen Asylsuchende. Schon im Vorfeld des Pogroms machten Neonazis in Lichtenhagen mobil gegen die Fl\u00fcchtlinge und stachelten vor allem Jugendliche auf. Am Samstag dann, soll die Stadt voll gewesen sein mit Autos, aus zahlreichen norddeutschen St\u00e4dten: Faschisten aus Hamburg, Berlin, Leipzig, L\u00fcbeck und weiteren Orten waren angereist. Ab Sonntag wurde offen mobilisiert und es kamen immer mehr organisierte Neonazis von weiter weg hinzu. Viele Mitglieder der FAP (Freiheitliche Deutsche Arbeiterpartei) und der GdNF (Gesinnungsgemeinschaft der Neuen Front) waren bei den Angriffen auf das \u201cSonnenblumenhaus\u201d dabei. Die Aktionen waren organisiert und koordiniert, unter anderem mit Funkger\u00e4ten aus einem Auto heraus, welches <a style=\"color: #000000;\" href=\"https:\/\/de.wikipedia.org\/wiki\/Christian_Worch\">Christian Worch<\/a> geh\u00f6rte.<\/span><\/p>\n<p style=\"text-align: justify;\"><span style=\"color: #000000; font-family: verdana, geneva, sans-serif; font-size: 12pt;\"><b>Die T\u00e4ter in Jeans und T-Shirt<\/b><\/span><\/p>\n<div id=\"attachment_30631\" style=\"width: 345px\" class=\"wp-caption alignright\"><img aria-describedby=\"caption-attachment-30631\" loading=\"lazy\" class=\" wp-image-30631\" src=\"http:\/\/www.deanreed.de\/AmericanRebel\/2017\/wp-content\/uploads\/2022\/08\/u\u0308u\u0308u\u0308-300x156.jpg\" alt=\"\" width=\"335\" height=\"174\" srcset=\"http:\/\/www.deanreed.de\/AmericanRebel\/2017\/wp-content\/uploads\/2022\/08\/u\u0308u\u0308u\u0308-300x156.jpg 300w, http:\/\/www.deanreed.de\/AmericanRebel\/2017\/wp-content\/uploads\/2022\/08\/u\u0308u\u0308u\u0308.jpg 340w\" sizes=\"(max-width: 335px) 100vw, 335px\" \/><p id=\"caption-attachment-30631\" class=\"wp-caption-text\">&#8230;und die Masse schaute zu und app\u00f6audierte. Sch\u00e4mt Euch B\u00fcrger von Lichtenhagen!<\/p><\/div>\n<p style=\"text-align: justify;\"><span style=\"color: #000000; font-family: verdana, geneva, sans-serif; font-size: 12pt;\">Die dritte T\u00e4tergruppe sind die B\u00fcrgerinnen und B\u00fcrger Lichtenhagens, die zu Tausenden den Angriffen auf die ZASt \u00a0beiwohnten, sie bejubelten, anstachelten, mitmachten, rassistische Parolen skandierten und Feuerwehrkr\u00e4fte behinderten. Es w\u00e4re zu einfach, die Schuld allein bei der Hetze der etablierten Politik und der Militanz der Faschisten zu suchen. Erkl\u00e4rt und kritisiert werden muss auch, wie 3000 AnwohnerInnen \u201evolksfestartig\u201c dazu \u201cabgehen\u201d, wenn versucht wird Menschen umzubringen. Rostock war geradezu daf\u00fcr geschaffen, der Schauplatz f\u00fcr eine erfolgreiche faschistische Massenmobilisierung zu sein. Der Faschismus als \u201cIdeologie der Antimoderne\u201d musste besonders dort auf Geh\u00f6r sto\u00dfen, wo die Menschen die Entt\u00e4uschungen der zwei gro\u00dfen Politikprogramme der Moderne erlebten: Zuerst die Lage und die Niederlage des nicht-real existierenden Sozialismus in der DDR und im nahtlosen \u00dcbergang die Entt\u00e4uschung von den freiheitlichen Versprechungen des Liberalismus mit seiner Chancengleichheit, die f\u00fcr die Menschen im Osten aber Arbeitslosigkeit, Kahlschlagpolitik, hohe Mieten und Armut bedeutete. Mecklenburg-Vorpommern war damals das Land mit der gr\u00f6\u00dften Arbeitslosenquote und geh\u00f6rt auch heute noch zu den Schlusslichtern. Die \u201cTreuhand\u201d, die angeblich die Wirtschaft der ehemaligen DDR transformieren sollte, wurde vor allem durch die massenhaften Schlie\u00dfungen von Betrieben ber\u00fchmt. Das soziale Netz des alten Staates wurde zerschlagen, Jugendzentren und Kultureinrichtungen wurden geschlossen, freie Zeitungs- und Radioprojekte abgeschafft. In Rostock herrschte also ein idealer N\u00e4hrboden f\u00fcr die faschistische Ideologie, die im Gegensatz zur Moderne gar nicht den Anspruch hat, die Welt zu erkennen und sie planvoll und vern\u00fcnftig zu gestalten. Sie bietet daf\u00fcr ein Selbstwertgef\u00fchl durch die vermeintliche \u00dcberlegenheit der eigenen Nation und Rasse, in kollektivem Erleben und m\u00e4nnlicher Gewalt.<\/span><\/p>\n<p style=\"text-align: justify;\"><span style=\"color: #000000; font-family: verdana, geneva, sans-serif; font-size: 12pt;\"><b>Und 25 Jahre sp\u00e4ter?<\/b><\/span><\/p>\n<p style=\"text-align: justify;\"><span style=\"color: #000000; font-family: verdana, geneva, sans-serif; font-size: 12pt;\">Rechte Gewalt ist auch 25 Jahre nach Rostock-Lichtenhagen hoch aktuell. Im ersten Halbjahr 2017 gab es offiziell 153 Delikte gegen Asylunterk\u00fcnfte und 787 Delikte gegen Fl\u00fcchtlinge au\u00dferhalb ihrer Unterk\u00fcnfte. Auch geht in diesem Jahr der NSU-Prozess ohne wirkliche Aufkl\u00e4rung \u00fcber Ausma\u00df und Mitt\u00e4terschaft deutscher Beh\u00f6rden zu Ende und zeigt damit, dass es immer noch einen starken Mangel an Bereitschaft zum Kampf gegen rechte Gewalt seitens des Staates gibt. Stattdessen setzte man nach G20 linke und rechte Gewalt gleich und m\u00f6chte lieber den Kampf gegen den Extremismus aufnehmen.<\/span><\/p>\n<p style=\"text-align: justify;\"><span style=\"color: #000000; font-family: verdana, geneva, sans-serif; font-size: 12pt;\">Bei den diesj\u00e4hrigen Bundestagswahlen hat die AFD als extrem nationalistische und rassistische Partei hohe Chancen in den Bundestag einzuziehen. Die faschistische Bewegung baut sich seit einigen Jahren verst\u00e4rkt unter dem ideologischen Dach der sogenannten \u201cNeuen Rechten\u201d wieder auf, zu dem neben der AfD auch Organisationen wie die \u201eIdentit\u00e4re Bewegung\u201c zu z\u00e4hlen sind. Welches Gewaltpotential sich hier verbirgt, hat sich vor wenigen Wochen in den USA gezeigt, wo unter dem Motto:\u00a0\u201cUnite the Right\u201d neue und alte Rechte aufmarschiert sind und Jagd auf Linke und Nichtwei\u00dfe gemacht haben. Die Springerstiefel-Nazis sind jedoch auch heute nicht verschwunden und konnten noch vor kurzem ein Rechtsrock-Festival mit 6000 Besuchern organisieren, bei dem vor den Augen der Polizei Hitlergr\u00fc\u00dfe gezeigt wurden.<\/span><\/p>\n<p style=\"text-align: justify;\"><span style=\"color: #000000; font-family: verdana, geneva, sans-serif; font-size: 12pt;\">Die Jahre 2015 und 2016 haben mit rassistischen Massenaufm\u00e4rschen wie<em>\u00a0<\/em>\u201cPegida\u201d und zahlreichen \u201cNein zum Heim\u201d-Initiativen gezeigt, dass nach wie vor ein hohes Potential vorhanden ist f\u00fcr die Mobilisierungskraft faschistischer Ideologie in Deutschland. Dieses Potential lernen faschistische Gruppen immer besser zu aktivieren und auch der deutsche Staat wei\u00df \u00fcber die Vorteile einer rassistischen Einstellung von Teilen seiner Bev\u00f6lkerung \u2026 Rostock-Lichtenhagen sollte ein Mahnmal daf\u00fcr sein, dass im Kampf gegen die faschistische Gewalt nicht auf den Staat und seine Polizei zu vertrauen ist.<br \/>\n<\/span><span style=\"font-family: verdana, geneva, sans-serif; font-size: 12pt; color: #ffffff;\">.<\/span><\/p>\n<p style=\"text-align: justify;\"><span style=\"font-family: verdana, geneva, sans-serif; font-size: 10pt;\"><span style=\"color: #000000;\">Erstver\u00f6ffentlichung am 23. und 24. August 2017 auf \u00bb<\/span><a href=\"https:\/\/perspektive-online.net\/\" target=\"_blank\" rel=\"noopener\"><span style=\"color: #000000;\">PERSPEKTIVE<\/span><strong><span style=\"color: #ff0000;\">&gt;&gt;<\/span><\/strong><\/a><span style=\"color: #000000;\">\u00ab. Wir danken den Genossinnen und Genossen von \u00bbPerspektive\u00ab f\u00fcr ihre gute Arbeit und der Genehmigung der Weiterver\u00f6ffentlichung. Bilder und Bilduntertexte wurden zum Teil von der Redaktion \u00bb<a style=\"color: #000000;\" href=\"https:\/\/rotermorgen.eu\/\" target=\"_blank\" rel=\"noopener\">RoterMorgen<\/a>\u00ab hinzugef\u00fcgt.<\/span><\/span><\/p>\n<p style=\"text-align: justify;\"><span style=\"font-family: verdana, geneva, sans-serif; font-size: 10pt;\">Erneut Ver\u00f6ffentlichung am 22. August 2022 auf \u00bb<a href=\"https:\/\/rotermorgen.eu\/\" target=\"_blank\" rel=\"noopener\">RoterMorgen<\/a>\u00ab Ver\u00f6ffentlichung mit freundlicher Genehmigung des Herausgebers.<br \/>\n<\/span><\/p>\n<p><span style=\"color: #ffffff;\">.<\/span><\/p>\n<p><a href=\"http:\/\/www.deanreed.de\/AmericanRebel\/2017\/2020\/04\/03\/spendenaufruf\/\" target=\"_blank\" rel=\"noopener\"><img loading=\"lazy\" class=\"wp-image-29256 aligncenter\" src=\"http:\/\/www.deanreed.de\/AmericanRebel\/2017\/wp-content\/uploads\/2037\/12\/pay-300x69.png\" alt=\"\" width=\"670\" height=\"154\" srcset=\"http:\/\/www.deanreed.de\/AmericanRebel\/2017\/wp-content\/uploads\/2037\/12\/pay-300x69.png 300w, http:\/\/www.deanreed.de\/AmericanRebel\/2017\/wp-content\/uploads\/2037\/12\/pay-1024x237.png 1024w, http:\/\/www.deanreed.de\/AmericanRebel\/2017\/wp-content\/uploads\/2037\/12\/pay-768x178.png 768w, http:\/\/www.deanreed.de\/AmericanRebel\/2017\/wp-content\/uploads\/2037\/12\/pay.png 1297w\" sizes=\"(max-width: 670px) 100vw, 670px\" \/><\/a><\/p>\n<p style=\"text-align: justify;\"><span style=\"color: #ffffff;\">.<\/span><\/p>\n<blockquote>\n<div style=\"margin-left: 10px;\"><a title=\"zur Startseite\" href=\"http:\/\/www.americanrebel.de\/\"><img loading=\"lazy\" class=\"alignleft\" src=\"http:\/\/www.deanreed.de\/AmericanRebel\/2017\/wp-content\/uploads\/2017\/03\/back_ar.png\" alt=\"zur\u00fcck zur Startseite\" width=\"156\" height=\"15\" \/><\/a><\/div>\n<div style=\"margin-right: 10px;\"><a href=\"https:\/\/www.facebook.com\/groups\/1683837971860223\/permalink\/1987214344855916\/\" target=\"_blank\" rel=\"noopener noreferrer\"><img loading=\"lazy\" class=\"alignright\" src=\"http:\/\/www.deanreed.de\/AmericanRebel\/2017\/wp-content\/uploads\/2017\/03\/ar_zu_fb.png\" alt=\"hier geht es zur Facebook Diskussionsgruppe\" width=\"353\" height=\"15\" \/><\/a><\/div>\n<p style=\"text-align: center;\"><a href=\"#respond\" target=\"_blank\" rel=\"noopener noreferrer\"><img loading=\"lazy\" class=\"aligncenter\" src=\"http:\/\/www.deanreed.de\/AmericanRebel\/2017\/wp-content\/uploads\/2017\/03\/ar_kommentar-1.png\" alt=\"Sag uns deine Meinung zum Artikel mit einem Kommentar\/Leserbrief\" width=\"627\" height=\"20\" \/><\/a><\/p>\n<\/blockquote>\n<p><\/div><!-- .hide-this-part --><\/div><!-- hide-this-part-wrap --><\/p>\n","protected":false},"excerpt":{"rendered":"<p>Roter Morgen \u2013 22. August 2022 Rassistische Hansa Rostock Fans provozieren und feiern ab \u2013 Niemand schreitet ein! Am gestrigen Sonntag gab es eine erneute rassistische Provokation beim sonnt\u00e4glichen Zweitligaspiel zwischen St. Pauli und Hansa Rostock.\u00a0 Rostock-Fans hissten ein Banner, [&hellip;]<a class=\"more-link\" href=\"http:\/\/www.deanreed.de\/AmericanRebel\/2017\/2022\/08\/25\/rassistische-hansa-rostock-fans-provozieren-und-feiern-ab-niemand-schreitet-ein\/\">&darr; Lese den Rest von diesem Eintrag&#8230;<\/a><\/p>\n","protected":false},"author":2,"featured_media":0,"comment_status":"open","ping_status":"open","sticky":false,"template":"","format":"standard","meta":[],"categories":[4839],"tags":[],"yoast_head":"<!-- This site is optimized with the Yoast SEO plugin v17.5 - https:\/\/yoast.com\/wordpress\/plugins\/seo\/ -->\n<title>- Rassistische Hansa Rostock Fans provozieren und feiern ab \u2013 Niemand schreitet ein! &ndash; Onlinezeitung AmericanRebel<\/title>\n<meta name=\"robots\" content=\"index, follow, max-snippet:-1, max-image-preview:large, max-video-preview:-1\" \/>\n<link rel=\"canonical\" href=\"https:\/\/www.deanreed.de\/AmericanRebel\/2017\/2022\/08\/25\/rassistische-hansa-rostock-fans-provozieren-und-feiern-ab-niemand-schreitet-ein\/\" \/>\n<meta property=\"og:locale\" content=\"de_DE\" \/>\n<meta property=\"og:type\" content=\"article\" \/>\n<meta property=\"og:title\" content=\"- Rassistische Hansa Rostock Fans provozieren und feiern ab \u2013 Niemand schreitet ein! &ndash; Onlinezeitung AmericanRebel\" \/>\n<meta property=\"og:description\" content=\"Am gestrigen Sonntag gab es eine erneute rassistische Provokation beim sonnt\u00e4glichen Zweitligaspiel zwischen St. Pauli und Hansa Rostock.\u00a0 Rostock-Fans hissten ein Banner, auf dem das Wort \u201cLichtenhagen\u201d sowie eine Sonnenblume zu sehen waren. Dies soll auf das Pogrom in Rostock Lichtenhagen, vor fast auf dem Tag genau 30 Jahren, anspielen, bei dem Faschisten das Sonnenblumenhaus, ein Asylbewerberheim, angriffen und in Brand steckten.\" \/>\n<meta property=\"og:url\" content=\"https:\/\/www.deanreed.de\/AmericanRebel\/2017\/2022\/08\/25\/rassistische-hansa-rostock-fans-provozieren-und-feiern-ab-niemand-schreitet-ein\/\" \/>\n<meta property=\"og:site_name\" content=\"Onlinezeitung AmericanRebel\" \/>\n<meta property=\"article:published_time\" content=\"2022-08-25T13:54:38+00:00\" \/>\n<meta property=\"article:modified_time\" content=\"2022-08-25T13:56:34+00:00\" \/>\n<meta property=\"og:image\" content=\"https:\/\/www.deanreed.de\/AmericanRebel\/2017\/wp-content\/uploads\/2022\/08\/zuu.jpg\" \/>\n\t<meta property=\"og:image:width\" content=\"640\" \/>\n\t<meta property=\"og:image:height\" content=\"460\" \/>\n<meta name=\"twitter:card\" content=\"summary_large_image\" \/>\n<meta name=\"twitter:label1\" content=\"Verfasst von\" \/>\n\t<meta name=\"twitter:data1\" content=\"Redaktion\" \/>\n\t<meta name=\"twitter:label2\" content=\"Gesch\u00e4tzte Lesezeit\" \/>\n\t<meta name=\"twitter:data2\" content=\"10\u00a0Minuten\" \/>\n<script type=\"application\/ld+json\" class=\"yoast-schema-graph\">{\"@context\":\"https:\/\/schema.org\",\"@graph\":[{\"@type\":\"WebSite\",\"@id\":\"https:\/\/www.deanreed.de\/AmericanRebel\/2017\/#website\",\"url\":\"https:\/\/www.deanreed.de\/AmericanRebel\/2017\/\",\"name\":\"Onlinezeitung AmericanRebel\",\"description\":\"Internationale Onlinezeitung f\\u00fcr Frieden, Humanismus, V\\u00f6lkerverst\\u00e4ndigung und Kultur\",\"potentialAction\":[{\"@type\":\"SearchAction\",\"target\":{\"@type\":\"EntryPoint\",\"urlTemplate\":\"https:\/\/www.deanreed.de\/AmericanRebel\/2017\/?s={search_term_string}\"},\"query-input\":\"required name=search_term_string\"}],\"inLanguage\":\"de\"},{\"@type\":\"ImageObject\",\"@id\":\"https:\/\/www.deanreed.de\/AmericanRebel\/2017\/2022\/08\/25\/rassistische-hansa-rostock-fans-provozieren-und-feiern-ab-niemand-schreitet-ein\/#primaryimage\",\"inLanguage\":\"de\",\"url\":\"http:\/\/www.deanreed.de\/AmericanRebel\/2017\/wp-content\/uploads\/2022\/08\/zuu.jpg\",\"contentUrl\":\"http:\/\/www.deanreed.de\/AmericanRebel\/2017\/wp-content\/uploads\/2022\/08\/zuu.jpg\",\"width\":640,\"height\":460,\"caption\":\"Sch\\u00f6ne Fassaden sind deutsche Spezialit\\u00e4t. Das sogenannte \\u00bbSonnenblumenhaus\\u00ab in Rostock-Lichtenhagen Bild: wikimedia\\u2009\/\\u2009mc005 (CC BY-SA 3.0)\"},{\"@type\":\"WebPage\",\"@id\":\"https:\/\/www.deanreed.de\/AmericanRebel\/2017\/2022\/08\/25\/rassistische-hansa-rostock-fans-provozieren-und-feiern-ab-niemand-schreitet-ein\/#webpage\",\"url\":\"https:\/\/www.deanreed.de\/AmericanRebel\/2017\/2022\/08\/25\/rassistische-hansa-rostock-fans-provozieren-und-feiern-ab-niemand-schreitet-ein\/\",\"name\":\"- Rassistische Hansa Rostock Fans provozieren und feiern ab \\u2013 Niemand schreitet ein! &ndash; Onlinezeitung AmericanRebel\",\"isPartOf\":{\"@id\":\"https:\/\/www.deanreed.de\/AmericanRebel\/2017\/#website\"},\"primaryImageOfPage\":{\"@id\":\"https:\/\/www.deanreed.de\/AmericanRebel\/2017\/2022\/08\/25\/rassistische-hansa-rostock-fans-provozieren-und-feiern-ab-niemand-schreitet-ein\/#primaryimage\"},\"datePublished\":\"2022-08-25T13:54:38+00:00\",\"dateModified\":\"2022-08-25T13:56:34+00:00\",\"author\":{\"@id\":\"https:\/\/www.deanreed.de\/AmericanRebel\/2017\/#\/schema\/person\/9edfca7917cd10b75edaae51c6e7935a\"},\"breadcrumb\":{\"@id\":\"https:\/\/www.deanreed.de\/AmericanRebel\/2017\/2022\/08\/25\/rassistische-hansa-rostock-fans-provozieren-und-feiern-ab-niemand-schreitet-ein\/#breadcrumb\"},\"inLanguage\":\"de\",\"potentialAction\":[{\"@type\":\"ReadAction\",\"target\":[\"https:\/\/www.deanreed.de\/AmericanRebel\/2017\/2022\/08\/25\/rassistische-hansa-rostock-fans-provozieren-und-feiern-ab-niemand-schreitet-ein\/\"]}]},{\"@type\":\"BreadcrumbList\",\"@id\":\"https:\/\/www.deanreed.de\/AmericanRebel\/2017\/2022\/08\/25\/rassistische-hansa-rostock-fans-provozieren-und-feiern-ab-niemand-schreitet-ein\/#breadcrumb\",\"itemListElement\":[{\"@type\":\"ListItem\",\"position\":1,\"name\":\"Startseite\",\"item\":\"https:\/\/www.deanreed.de\/AmericanRebel\/2017\/\"},{\"@type\":\"ListItem\",\"position\":2,\"name\":\"&#8211; Rassistische Hansa Rostock Fans provozieren und feiern ab \\u2013 Niemand schreitet ein!\"}]},{\"@type\":\"Person\",\"@id\":\"https:\/\/www.deanreed.de\/AmericanRebel\/2017\/#\/schema\/person\/9edfca7917cd10b75edaae51c6e7935a\",\"name\":\"Redaktion\",\"url\":\"http:\/\/www.deanreed.de\/AmericanRebel\/2017\/author\/redaktion\/\"}]}<\/script>\n<!-- \/ Yoast SEO plugin. -->","yoast_head_json":{"title":"- Rassistische Hansa Rostock Fans provozieren und feiern ab \u2013 Niemand schreitet ein! &ndash; Onlinezeitung AmericanRebel","robots":{"index":"index","follow":"follow","max-snippet":"max-snippet:-1","max-image-preview":"max-image-preview:large","max-video-preview":"max-video-preview:-1"},"canonical":"https:\/\/www.deanreed.de\/AmericanRebel\/2017\/2022\/08\/25\/rassistische-hansa-rostock-fans-provozieren-und-feiern-ab-niemand-schreitet-ein\/","og_locale":"de_DE","og_type":"article","og_title":"- Rassistische Hansa Rostock Fans provozieren und feiern ab \u2013 Niemand schreitet ein! &ndash; Onlinezeitung AmericanRebel","og_description":"Am gestrigen Sonntag gab es eine erneute rassistische Provokation beim sonnt\u00e4glichen Zweitligaspiel zwischen St. Pauli und Hansa Rostock.\u00a0 Rostock-Fans hissten ein Banner, auf dem das Wort \u201cLichtenhagen\u201d sowie eine Sonnenblume zu sehen waren. Dies soll auf das Pogrom in Rostock Lichtenhagen, vor fast auf dem Tag genau 30 Jahren, anspielen, bei dem Faschisten das Sonnenblumenhaus, ein Asylbewerberheim, angriffen und in Brand steckten.","og_url":"https:\/\/www.deanreed.de\/AmericanRebel\/2017\/2022\/08\/25\/rassistische-hansa-rostock-fans-provozieren-und-feiern-ab-niemand-schreitet-ein\/","og_site_name":"Onlinezeitung AmericanRebel","article_published_time":"2022-08-25T13:54:38+00:00","article_modified_time":"2022-08-25T13:56:34+00:00","og_image":[{"width":640,"height":460,"url":"https:\/\/www.deanreed.de\/AmericanRebel\/2017\/wp-content\/uploads\/2022\/08\/zuu.jpg","type":"image\/jpeg"}],"twitter_card":"summary_large_image","twitter_misc":{"Verfasst von":"Redaktion","Gesch\u00e4tzte Lesezeit":"10\u00a0Minuten"},"schema":{"@context":"https:\/\/schema.org","@graph":[{"@type":"WebSite","@id":"https:\/\/www.deanreed.de\/AmericanRebel\/2017\/#website","url":"https:\/\/www.deanreed.de\/AmericanRebel\/2017\/","name":"Onlinezeitung AmericanRebel","description":"Internationale Onlinezeitung f\u00fcr Frieden, Humanismus, V\u00f6lkerverst\u00e4ndigung und Kultur","potentialAction":[{"@type":"SearchAction","target":{"@type":"EntryPoint","urlTemplate":"https:\/\/www.deanreed.de\/AmericanRebel\/2017\/?s={search_term_string}"},"query-input":"required name=search_term_string"}],"inLanguage":"de"},{"@type":"ImageObject","@id":"https:\/\/www.deanreed.de\/AmericanRebel\/2017\/2022\/08\/25\/rassistische-hansa-rostock-fans-provozieren-und-feiern-ab-niemand-schreitet-ein\/#primaryimage","inLanguage":"de","url":"http:\/\/www.deanreed.de\/AmericanRebel\/2017\/wp-content\/uploads\/2022\/08\/zuu.jpg","contentUrl":"http:\/\/www.deanreed.de\/AmericanRebel\/2017\/wp-content\/uploads\/2022\/08\/zuu.jpg","width":640,"height":460,"caption":"Sch\u00f6ne Fassaden sind deutsche Spezialit\u00e4t. Das sogenannte \u00bbSonnenblumenhaus\u00ab in Rostock-Lichtenhagen Bild: wikimedia\u2009\/\u2009mc005 (CC BY-SA 3.0)"},{"@type":"WebPage","@id":"https:\/\/www.deanreed.de\/AmericanRebel\/2017\/2022\/08\/25\/rassistische-hansa-rostock-fans-provozieren-und-feiern-ab-niemand-schreitet-ein\/#webpage","url":"https:\/\/www.deanreed.de\/AmericanRebel\/2017\/2022\/08\/25\/rassistische-hansa-rostock-fans-provozieren-und-feiern-ab-niemand-schreitet-ein\/","name":"- Rassistische Hansa Rostock Fans provozieren und feiern ab \u2013 Niemand schreitet ein! &ndash; Onlinezeitung AmericanRebel","isPartOf":{"@id":"https:\/\/www.deanreed.de\/AmericanRebel\/2017\/#website"},"primaryImageOfPage":{"@id":"https:\/\/www.deanreed.de\/AmericanRebel\/2017\/2022\/08\/25\/rassistische-hansa-rostock-fans-provozieren-und-feiern-ab-niemand-schreitet-ein\/#primaryimage"},"datePublished":"2022-08-25T13:54:38+00:00","dateModified":"2022-08-25T13:56:34+00:00","author":{"@id":"https:\/\/www.deanreed.de\/AmericanRebel\/2017\/#\/schema\/person\/9edfca7917cd10b75edaae51c6e7935a"},"breadcrumb":{"@id":"https:\/\/www.deanreed.de\/AmericanRebel\/2017\/2022\/08\/25\/rassistische-hansa-rostock-fans-provozieren-und-feiern-ab-niemand-schreitet-ein\/#breadcrumb"},"inLanguage":"de","potentialAction":[{"@type":"ReadAction","target":["https:\/\/www.deanreed.de\/AmericanRebel\/2017\/2022\/08\/25\/rassistische-hansa-rostock-fans-provozieren-und-feiern-ab-niemand-schreitet-ein\/"]}]},{"@type":"BreadcrumbList","@id":"https:\/\/www.deanreed.de\/AmericanRebel\/2017\/2022\/08\/25\/rassistische-hansa-rostock-fans-provozieren-und-feiern-ab-niemand-schreitet-ein\/#breadcrumb","itemListElement":[{"@type":"ListItem","position":1,"name":"Startseite","item":"https:\/\/www.deanreed.de\/AmericanRebel\/2017\/"},{"@type":"ListItem","position":2,"name":"&#8211; Rassistische Hansa Rostock Fans provozieren und feiern ab \u2013 Niemand schreitet ein!"}]},{"@type":"Person","@id":"https:\/\/www.deanreed.de\/AmericanRebel\/2017\/#\/schema\/person\/9edfca7917cd10b75edaae51c6e7935a","name":"Redaktion","url":"http:\/\/www.deanreed.de\/AmericanRebel\/2017\/author\/redaktion\/"}]}},"_links":{"self":[{"href":"http:\/\/www.deanreed.de\/AmericanRebel\/2017\/wp-json\/wp\/v2\/posts\/30628"}],"collection":[{"href":"http:\/\/www.deanreed.de\/AmericanRebel\/2017\/wp-json\/wp\/v2\/posts"}],"about":[{"href":"http:\/\/www.deanreed.de\/AmericanRebel\/2017\/wp-json\/wp\/v2\/types\/post"}],"author":[{"embeddable":true,"href":"http:\/\/www.deanreed.de\/AmericanRebel\/2017\/wp-json\/wp\/v2\/users\/2"}],"replies":[{"embeddable":true,"href":"http:\/\/www.deanreed.de\/AmericanRebel\/2017\/wp-json\/wp\/v2\/comments?post=30628"}],"version-history":[{"count":4,"href":"http:\/\/www.deanreed.de\/AmericanRebel\/2017\/wp-json\/wp\/v2\/posts\/30628\/revisions"}],"predecessor-version":[{"id":30637,"href":"http:\/\/www.deanreed.de\/AmericanRebel\/2017\/wp-json\/wp\/v2\/posts\/30628\/revisions\/30637"}],"wp:attachment":[{"href":"http:\/\/www.deanreed.de\/AmericanRebel\/2017\/wp-json\/wp\/v2\/media?parent=30628"}],"wp:term":[{"taxonomy":"category","embeddable":true,"href":"http:\/\/www.deanreed.de\/AmericanRebel\/2017\/wp-json\/wp\/v2\/categories?post=30628"},{"taxonomy":"post_tag","embeddable":true,"href":"http:\/\/www.deanreed.de\/AmericanRebel\/2017\/wp-json\/wp\/v2\/tags?post=30628"}],"curies":[{"name":"wp","href":"https:\/\/api.w.org\/{rel}","templated":true}]}}