{"id":30612,"date":"2022-08-18T13:39:13","date_gmt":"2022-08-18T11:39:13","guid":{"rendered":"http:\/\/www.deanreed.de\/AmericanRebel\/2017\/?p=30612"},"modified":"2022-08-18T13:53:07","modified_gmt":"2022-08-18T11:53:07","slug":"wochenrueckblick-32-kalenderwoche","status":"publish","type":"post","link":"http:\/\/www.deanreed.de\/AmericanRebel\/2017\/2022\/08\/18\/wochenrueckblick-32-kalenderwoche\/","title":{"rendered":"&#8211; Wochenr\u00fcckblick 32. Kalenderwoche"},"content":{"rendered":"<p><span style=\"font-family: verdana, geneva, sans-serif; color: #993300; font-size: 14pt;\"><strong><img loading=\"lazy\" class=\"wp-image-26025 aligncenter\" src=\"http:\/\/www.deanreed.de\/AmericanRebel\/2017\/wp-content\/uploads\/2020\/10\/AR_WR_2-300x75.png\" alt=\"\" width=\"668\" height=\"167\" srcset=\"http:\/\/www.deanreed.de\/AmericanRebel\/2017\/wp-content\/uploads\/2020\/10\/AR_WR_2-300x75.png 300w, http:\/\/www.deanreed.de\/AmericanRebel\/2017\/wp-content\/uploads\/2020\/10\/AR_WR_2.png 700w\" sizes=\"(max-width: 668px) 100vw, 668px\" \/><br \/>\nZur\u00fcckblickend auf die letzten Tage sind uns einige kommentierbare Vorkommnisse ins Auge gefallen, die wir hier zur Diskussion stellen.<\/strong><\/span><\/p>\n<p style=\"text-align: justify;\"><span style=\"font-family: verdana, geneva, sans-serif; font-size: 16pt;\"><span style=\"color: #000000;\"><span style=\"font-size: 12pt; color: #ffffff;\">.<\/span><strong><br \/>\n<\/strong><\/span><\/span><span style=\"color: #000000;\"><span style=\"font-family: verdana, geneva, sans-serif; font-size: 12pt;\"><span style=\"font-size: 14pt;\"><strong>8. August |<\/strong> <\/span><\/span><span style=\"font-size: 14pt;\"><strong><span style=\"font-family: verdana, geneva, sans-serif;\">Vorw\u00fcrfe gegen SI Cobas und USB fallengelassen<\/span><\/strong><\/span><\/span><br \/>\n<span style=\"color: #000000;\"><img loading=\"lazy\" class=\"wp-image-30611 aligncenter\" src=\"http:\/\/www.deanreed.de\/AmericanRebel\/2017\/wp-content\/uploads\/2022\/08\/ddt-Kopie-300x81.png\" alt=\"\" width=\"667\" height=\"180\" srcset=\"http:\/\/www.deanreed.de\/AmericanRebel\/2017\/wp-content\/uploads\/2022\/08\/ddt-Kopie-300x81.png 300w, http:\/\/www.deanreed.de\/AmericanRebel\/2017\/wp-content\/uploads\/2022\/08\/ddt-Kopie.png 666w\" sizes=\"(max-width: 667px) 100vw, 667px\" \/><span style=\"font-family: verdana, geneva, sans-serif; font-size: 12pt;\">Die Nachricht des willk\u00fcrlich festgesetzten <a style=\"color: #000000;\" href=\"https:\/\/zeitungderarbeit.at\/international\/italienische-gewerkschafter-in-hausarrest\/\" target=\"_blank\" rel=\"noreferrer noopener\">Hausarrests<\/a> von acht Gewerkschaftern in Leitungsfunktionen der Basisgewerkschaften <a style=\"color: #000000;\" href=\"https:\/\/zeitungderarbeit.at\/tag\/si-cobas\/\" target=\"_blank\" rel=\"noreferrer noopener\">SI Cobas<\/a> und der Unione Sindacale di Base (<a style=\"color: #000000;\" href=\"https:\/\/zeitungderarbeit.at\/tag\/usb\/\" target=\"_blank\" rel=\"noreferrer noopener\">USB<\/a>) ging mit gro\u00dfen <a style=\"color: #000000;\" href=\"https:\/\/zeitungderarbeit.at\/international\/demonstration-in-piacenza-zur-freilassung-der-acht-gewerkschafter\/\" target=\"_blank\" rel=\"noreferrer noopener\">Protesten<\/a> einher. In mehreren St\u00e4dten Italiens wurde f\u00fcr ihre sofortige Freilassung demonstriert. Die fragw\u00fcrdigen Vorsichtsma\u00dfnahmen gegen zwei der vier USB-Gewerkschafter, wurden Ende Juli aufgrund der Unhaltbarkeit der Vorw\u00fcrfe <a style=\"color: #000000;\" href=\"https:\/\/zeitungderarbeit.at\/international\/zwei-usb-gewerkschafter-freigesprochen\/\" target=\"_blank\" rel=\"noreferrer noopener\">aufgehoben<\/a>.<br \/>\n<a style=\"color: #000000;\" href=\"https:\/\/zeitungderarbeit.at\/international\/vorwuerfe-gegen-si-cobas-und-usb-fallengelassen\/\" target=\"_blank\" rel=\"noopener\"><em>\u00bbZeitung der Arbeit\u00ab berichtete<\/em><\/a><br \/>\n<\/span><span style=\"font-family: verdana, geneva, sans-serif;\"><span style=\"font-size: 12pt;\"><span style=\"color: #ffffff;\">.<\/span><br \/>\n<span style=\"color: #ffffff;\">.<\/span><br \/>\n<span style=\"font-size: 14pt;\"><strong>8. August |<\/strong> <\/span><\/span><\/span><strong><span style=\"font-size: 14pt; font-family: verdana, geneva, sans-serif;\">F\u00fcr gezielte Dauer\u00fcberwachung<br \/>\ngab es als Ausgleich Gratis-Kaffee und Geb\u00e4ck<\/span><\/strong><\/span><br \/>\n<span style=\"font-size: 12pt; font-family: verdana, geneva, sans-serif; color: #000000;\"><img loading=\"lazy\" class=\"wp-image-30607 aligncenter\" src=\"http:\/\/www.deanreed.de\/AmericanRebel\/2017\/wp-content\/uploads\/2022\/08\/6-300x81.png\" alt=\"\" width=\"670\" height=\"181\" srcset=\"http:\/\/www.deanreed.de\/AmericanRebel\/2017\/wp-content\/uploads\/2022\/08\/6-300x81.png 300w, http:\/\/www.deanreed.de\/AmericanRebel\/2017\/wp-content\/uploads\/2022\/08\/6.png 666w\" sizes=\"(max-width: 670px) 100vw, 670px\" \/>Die Kaffeehauskette Tim Hortons (Kanada) hat sich in einem Rechtsstreit um gesammelte Standortdaten mit vier Sammelkl\u00e4gern geeinigt. Das Unternehmen hatte 18 Monate lang seine Kunden per App auf Schritt und Tritt getrackt und diese Informationen weiterverkauft. Nun bekommen die Gesch\u00e4digten \u201egro\u00dfz\u00fcgig\u201c einen kostenlosen Kaffee und ein St\u00fcck Geb\u00e4ck.<\/span><br \/>\n<span style=\"color: #000000; font-family: verdana, geneva, sans-serif;\"><span style=\"font-size: 12pt;\"><span style=\"color: #000000;\"><a style=\"color: #000000;\" href=\"https:\/\/rotermorgen.eu\/fuer-gezielte-dauerueberwachung-gab-es-als-ausgleich-gratis-kaffee-und-gebaeck\/\" target=\"_blank\" rel=\"noopener\"><span style=\"font-family: verdana, geneva, sans-serif;\"><em>\u00bbRoterMorgen\u00ab berichtete<\/em><\/span><\/a><\/span> \u00a0\u00a0 <div class=\"hide-this-part-wrap\"><div class=\"hide-this-part-more\" id=\"hide-this-part-0\" morelink-text=\"hier geht es weiter\">hier geht es weiter \u00bb<\/div><div class=\"hide-this-part\" status=\"invisible\"><br \/>\n<span style=\"color: #ffffff;\">.<\/span><br \/>\n<span style=\"color: #ffffff;\">.<\/span><\/span><\/span><span style=\"color: #000000;\"><span style=\"font-family: verdana, geneva, sans-serif;\"><span style=\"font-size: 12pt;\"><br \/>\n<\/span><\/span><span style=\"font-family: verdana, geneva, sans-serif;\"><span style=\"font-size: 12pt;\"><span style=\"font-size: 14pt;\"><strong><span style=\"font-family: verdana, geneva, sans-serif;\">10. August | <\/span><\/strong><\/span><\/span><\/span><span style=\"font-size: 12pt; font-family: verdana, geneva, sans-serif;\"><span style=\"font-size: 14pt;\"><strong>Bankraub aus Angst vor Obdachlosigkeit<\/strong><\/span><br \/>\n<img loading=\"lazy\" class=\"wp-image-29122 aligncenter\" src=\"http:\/\/www.deanreed.de\/AmericanRebel\/2017\/wp-content\/uploads\/2021\/12\/vkw-300x81.png\" alt=\"\" width=\"667\" height=\"180\" srcset=\"http:\/\/www.deanreed.de\/AmericanRebel\/2017\/wp-content\/uploads\/2021\/12\/vkw-300x81.png 300w, http:\/\/www.deanreed.de\/AmericanRebel\/2017\/wp-content\/uploads\/2021\/12\/vkw.png 666w\" sizes=\"(max-width: 667px) 100vw, 667px\" \/><span style=\"font-size: 12pt; font-family: verdana, geneva, sans-serif;\">Es ist eine Straftat, die das ganze Elend des Kapitalismus wie eine Persiflage zusammenfasst. Im \u00f6stereichischem Feldbach betrat ein 57-J\u00e4hriger unmaskiert und mit einer Spielzeugpistole die \u00f6rtliche Bankfiliale und ergatterte einen \u201ebetr\u00e4chtlichen Betrag\u201c in bar. Der Grund f\u00fcr diese Verzweifelungstat: Angst vor Obdachlosigkeit.<\/span><br \/>\n<\/span><span style=\"font-family: verdana, geneva, sans-serif;\"><span style=\"font-size: 12pt;\"><a style=\"color: #000000;\" href=\"https:\/\/rotermorgen.eu\/bankraub-aus-angst-vor-obdachlosigkeit\/\" target=\"_blank\" rel=\"noopener\"><span style=\"font-family: verdana, geneva, sans-serif;\"><em>\u00bbRoterMorgen\u00ab berichtete<\/em><\/span><\/a><br \/>\n<span style=\"color: #ffffff;\">.<\/span><br \/>\n<span style=\"color: #ffffff;\">.<\/span><br \/>\n<span style=\"font-size: 14pt;\"><strong>10. August |<\/strong> <\/span><\/span><\/span><span style=\"font-size: 14pt;\"><strong><span style=\"font-family: verdana, geneva, sans-serif;\">\u00c7epni: Das Ziel ist die<br \/>\nVerhinderung eines Status f\u00fcr die Kurden<\/span><\/strong><\/span><\/span><br \/>\n<span style=\"color: #000000; font-family: verdana, geneva, sans-serif;\"><span style=\"font-size: 12pt;\"><img loading=\"lazy\" class=\"wp-image-30609 aligncenter\" src=\"http:\/\/www.deanreed.de\/AmericanRebel\/2017\/wp-content\/uploads\/2022\/08\/qqqww-300x81.jpg\" alt=\"\" width=\"667\" height=\"180\" srcset=\"http:\/\/www.deanreed.de\/AmericanRebel\/2017\/wp-content\/uploads\/2022\/08\/qqqww-300x81.jpg 300w, http:\/\/www.deanreed.de\/AmericanRebel\/2017\/wp-content\/uploads\/2022\/08\/qqqww.jpg 666w\" sizes=\"(max-width: 667px) 100vw, 667px\" \/>W\u00e4hrend eines Besuchs bei H\u00e4ndlern und Gewerbetreibenden am vergangenen Sonntag in Adana erkl\u00e4rte Derya Yan\u0131k, Ministerin f\u00fcr Arbeit, Familie und Soziales in der T\u00fcrkei, auf die Frage eines H\u00e4ndlers zu den Pl\u00e4nen f\u00fcr die zur Zeit in der T\u00fcrkei lebenden f\u00fcnf Millionen syrischen Gefl\u00fcchtete, dass es der Regierung nicht um den Schutz der Syrer:innen gehe, sondern um die Gebiete Nord- und Ostsyriens: \u201eDie T\u00fcrkei hat diese Fl\u00fcchtlinge nicht aus Barmherzigkeit aufgenommen.\u201c Die Ministerin k\u00fcndigte au\u00dferdem an, dass sich bereits Ende 2023 keiner der Gefl\u00fcchteten mehr in der T\u00fcrkei aufhalten soll.<\/span><br \/>\n<span style=\"font-size: 12pt;\"><span style=\"font-family: verdana, geneva, sans-serif;\"><em>\u00bbANF-news\u00ab berichtete<\/em><\/span><br \/>\n<span style=\"color: #ffffff;\">.<\/span><br \/>\n<span style=\"color: #ffffff;\">.<\/span><\/span><\/span><span style=\"color: #000000; font-family: verdana, geneva, sans-serif;\"><span style=\"font-size: 12pt;\"><br \/>\n<span style=\"font-size: 14pt;\"><strong><span style=\"font-family: verdana, geneva, sans-serif;\">11. August | \u00bbKein Mensch ist Illegal\u00ab<\/span><\/strong><\/span><\/span><\/span><br \/>\n<span style=\"color: #000000; font-family: verdana, geneva, sans-serif;\"><span style=\"font-size: 12pt;\"><span style=\"font-family: verdana, geneva, sans-serif;\"><img loading=\"lazy\" class=\"wp-image-30605 aligncenter\" src=\"http:\/\/www.deanreed.de\/AmericanRebel\/2017\/wp-content\/uploads\/2022\/08\/index-300x81.jpg\" alt=\"\" width=\"667\" height=\"180\" srcset=\"http:\/\/www.deanreed.de\/AmericanRebel\/2017\/wp-content\/uploads\/2022\/08\/index-300x81.jpg 300w, http:\/\/www.deanreed.de\/AmericanRebel\/2017\/wp-content\/uploads\/2022\/08\/index.jpg 666w\" sizes=\"(max-width: 667px) 100vw, 667px\" \/><span style=\"color: #000000;\">Es gibt viele Dinge, die in meiner Ansicht illegal sind: Menschenverachtung zum Beispiel, ist mit dem Grundgesetz Artikel 1 unvereinbar und deswegen illegal, weil die W\u00fcrde von Menschen beeintr\u00e4chtigt wird. Stehlen und morden ist auch illegal. Volksverhetzung, Holocaustleugnung, Rassismus und Mobbing sind illegal.<\/span><\/span><br \/>\n<span style=\"color: #000000;\"><a style=\"color: #000000;\" href=\"https:\/\/rotermorgen.eu\/kein-mensch-ist-illegal\/\" target=\"_blank\" rel=\"noopener\"><span style=\"font-family: verdana, geneva, sans-serif;\"><em>\u00bbRoterMorgen\u00ab berichtete<\/em><\/span><\/a><\/span><br \/>\n<span style=\"color: #ffffff;\">.<\/span><br \/>\n<span style=\"color: #ffffff;\">.<\/span><br \/>\n<\/span><\/span><span style=\"color: #000000; font-family: verdana, geneva, sans-serif;\"><span style=\"font-size: 14pt;\"><strong>12. August |<\/strong> <strong>Millionen werden die steigenden<br \/>\nHeizkosten nicht tragen k\u00f6nnen \u2013<br \/>\nMieterbund gibt Warnung raus<\/strong><\/span><\/span><br \/>\n<span style=\"color: #000000;\"><span style=\"font-family: verdana, geneva, sans-serif;\"><img loading=\"lazy\" class=\"wp-image-30606 aligncenter\" src=\"http:\/\/www.deanreed.de\/AmericanRebel\/2017\/wp-content\/uploads\/2022\/08\/err-300x81.png\" alt=\"\" width=\"667\" height=\"180\" srcset=\"http:\/\/www.deanreed.de\/AmericanRebel\/2017\/wp-content\/uploads\/2022\/08\/err-300x81.png 300w, http:\/\/www.deanreed.de\/AmericanRebel\/2017\/wp-content\/uploads\/2022\/08\/err.png 666w\" sizes=\"(max-width: 667px) 100vw, 667px\" \/>Ab Oktober wird von allen Gas-Kund:innen eine neue Umlage erhoben, die bis zu f\u00fcnf Cent je Kilowattstunde (kWh) betragen k\u00f6nnte. Das Finanzministerium stellt sich gegen eine Aussetzung der Mehrwertsteuer, Mieterschutzbund und Verbraucherzentrale warnen vor finanzieller \u00dcberlastung der Haushalte.<\/span><br \/>\n<span style=\"font-family: verdana, geneva, sans-serif;\"><span style=\"font-size: 12pt;\"><span style=\"font-family: verdana, geneva, sans-serif;\"><a style=\"color: #000000;\" href=\"https:\/\/rotermorgen.eu\/millionen-werden-die-steigenden-heizkosten-nicht-tragen-koennen-mieterbund-gibt-warnung-raus\/\" target=\"_blank\" rel=\"noopener\"><em>\u00bbRoterMorgen\u00ab berichtete<\/em><\/a><\/span><br \/>\n<span style=\"color: #ffffff;\">.<\/span><br \/>\n<span style=\"color: #ffffff;\">.<\/span><\/span><\/span><\/span><span style=\"color: #000000;\"><span style=\"font-family: verdana, geneva, sans-serif;\"><span style=\"font-size: 12pt;\"><br \/>\n<span style=\"font-size: 14pt;\"><strong>12. <\/strong><strong>Juli | <\/strong><\/span><\/span><\/span><\/span><span style=\"font-size: 14pt;\"><strong><span style=\"font-family: verdana, geneva, sans-serif;\">Offener Brief an Scholz:<br \/>\nSanktionen ruinieren Mittelstand,<br \/>\nmassives Unternehmenssterben droht<\/span><\/strong><\/span><br \/>\n<span style=\"color: #000000; font-family: verdana, geneva, sans-serif; font-size: 12pt;\"><img loading=\"lazy\" class=\"wp-image-30610 aligncenter\" src=\"http:\/\/www.deanreed.de\/AmericanRebel\/2017\/wp-content\/uploads\/2022\/08\/iseD-1-Kopie-300x81.png\" alt=\"\" width=\"667\" height=\"180\" srcset=\"http:\/\/www.deanreed.de\/AmericanRebel\/2017\/wp-content\/uploads\/2022\/08\/iseD-1-Kopie-300x81.png 300w, http:\/\/www.deanreed.de\/AmericanRebel\/2017\/wp-content\/uploads\/2022\/08\/iseD-1-Kopie.png 666w\" sizes=\"(max-width: 667px) 100vw, 667px\" \/>In einem offenen Brief warnt die <a style=\"color: #000000;\" href=\"https:\/\/www.zentralkonsum.de\/cms\/zeigeBereich\/270\/zeigeText\/891\/offener-brief-an-bundeskanzler-scholz.html\" target=\"_blank\" rel=\"noreferrer noopener\">Zentralkonsum eG<\/a> Bundeskanzler Olaf Scholz eindringlich vor einer Fortf\u00fchrung der Russlandsanktionen sowie des aktuellen wirtschaftspolitischen Kurses in Deutschland: Die Folgen w\u00e4ren andernfalls verheerend. Es k\u00e4me zu einem massiven Unternehmssterben, hoher Arbeitslosigkeit und \u2013 das d\u00fcrfte die einzige Sprache sein, die die Bundesregierung versteht \u2013 entsprechend zu sinkenden Steuereinnahmen\u2026<br \/>\n<a href=\"https:\/\/report24.news\/offener-brief-an-scholz-sanktionen-ruinieren-mittelstand-massives-unternehmenssterben-droht\/\" target=\"_blank\" rel=\"noopener\"><em><span style=\"color: #000000;\">\u00bbRoterMorgen\u00ab berichtete<\/span><\/em><\/a><\/span><br \/>\n<span style=\"color: #000000;\"><span style=\"font-family: verdana, geneva, sans-serif;\"><span style=\"font-size: 12pt; color: #ffffff;\">.<\/span><span style=\"font-size: 12pt;\"><span style=\"font-size: 14pt;\"><span style=\"font-size: 12pt;\"><span style=\"color: #ffffff;\"><strong><br \/>\n<\/strong>.<\/span><strong><br \/>\n<\/strong><\/span><\/span><\/span><span style=\"font-size: 14pt;\"><strong>13. <\/strong><strong>Juli |<span style=\"font-size: 14pt;\">\u00a0<\/span><\/strong><\/span><\/span><span style=\"font-size: 14pt;\"><strong><span style=\"font-family: verdana, geneva, sans-serif;\">KON-MED: T\u00fcrkischer Staatsterror<br \/>\nmuss benannt werden<\/span><\/strong><\/span><\/span><br \/>\n<span style=\"color: #000000;\"><span style=\"font-family: verdana, geneva, sans-serif;\"><span style=\"font-size: 12pt;\"><img loading=\"lazy\" class=\"wp-image-30608 aligncenter\" src=\"http:\/\/www.deanreed.de\/AmericanRebel\/2017\/wp-content\/uploads\/2022\/08\/tzuu-300x81.jpg\" alt=\"\" width=\"667\" height=\"180\" srcset=\"http:\/\/www.deanreed.de\/AmericanRebel\/2017\/wp-content\/uploads\/2022\/08\/tzuu-300x81.jpg 300w, http:\/\/www.deanreed.de\/AmericanRebel\/2017\/wp-content\/uploads\/2022\/08\/tzuu.jpg 666w\" sizes=\"(max-width: 667px) 100vw, 667px\" \/>Der kurdische Dachverband KON-MED kritisiert die Ignoranz deutscher Medien gegen\u00fcber des Staatsterrors der T\u00fcrkei in den Autonomiegebieten von Nord- und Ostsyrien. Es sei ein \u201eSkandal\u201c, dass au\u00dferhalb der kurdischsprachigen Presse faktisch nirgends \u00fcber die Angriffe des t\u00fcrkischen Staates gegen die nordostsyrischen Selbstverwaltungsgebiete berichtet wird, erkl\u00e4rte die Organisation am Samstag in einer Mitteilung.<\/span><br \/>\n<span style=\"font-size: 12pt;\"><span style=\"font-family: verdana, geneva, sans-serif;\"><a style=\"color: #000000;\" href=\"https:\/\/anfdeutsch.com\/aktuelles\/kon-med-turkischer-staatsterror-muss-benannt-werden-33531\" target=\"_blank\" rel=\"noopener\"><em>\u00bbANF-news\u00ab berichtete<\/em><\/a><\/span><br \/>\n<span style=\"color: #ffffff;\">.<\/span><br \/>\n<span style=\"color: #ffffff;\">.<\/span><br \/>\n<\/span><span style=\"font-size: 14pt;\"><strong>13. <\/strong><strong>August | <\/strong><\/span><\/span><span style=\"font-size: 14pt;\"><strong><span style=\"font-family: verdana, geneva, sans-serif;\">Tarifticker 32\/2022<\/span><\/strong><\/span><\/span><br \/>\n<span style=\"color: #000000;\"><span style=\"font-family: verdana, geneva, sans-serif;\"><span style=\"font-size: 12pt;\"><span style=\"font-family: verdana, geneva, sans-serif;\"><img loading=\"lazy\" class=\"wp-image-28484 aligncenter\" src=\"http:\/\/www.deanreed.de\/AmericanRebel\/2017\/wp-content\/uploads\/2021\/10\/1-Kopie-2-1-300x81.png\" alt=\"\" width=\"667\" height=\"180\" srcset=\"http:\/\/www.deanreed.de\/AmericanRebel\/2017\/wp-content\/uploads\/2021\/10\/1-Kopie-2-1-300x81.png 300w, http:\/\/www.deanreed.de\/AmericanRebel\/2017\/wp-content\/uploads\/2021\/10\/1-Kopie-2-1.png 666w\" sizes=\"(max-width: 667px) 100vw, 667px\" \/>Aktuelle Kurzmeldungen zu den laufenden Tarifverhandlungen und Arbeitsk\u00e4mpfen der Kollegen vorwiegend im deutschsprachigen Raum.<\/span><br \/>\n<a style=\"color: #000000;\" href=\"https:\/\/rotermorgen.eu\/tarifticker-32-2022\/\" target=\"_blank\" rel=\"noopener\"><span style=\"font-family: verdana, geneva, sans-serif;\"><em>\u00bbRoterMorgen\u00ab berichtete<\/em><\/span><\/a><br \/>\n<span style=\"color: #ffffff;\">.<\/span><br \/>\n<span style=\"color: #ffffff;\">.<\/span><br \/>\n<\/span><span style=\"font-size: 14pt;\"><strong>14. August | <\/strong><\/span><\/span><span style=\"font-size: 14pt;\"><strong><span style=\"font-family: verdana, geneva, sans-serif;\">Die revisionistische \u201eJuche\u201c-Ideologie \u2013<br \/>\nein Angriff auf den Marxismus-Leninismus<\/span><\/strong><\/span><\/span><br \/>\n<span style=\"font-family: verdana, geneva, sans-serif; font-size: 12pt; color: #000000;\"><span style=\"font-size: 10pt;\"><span style=\"font-family: verdana, geneva, sans-serif; font-size: 12pt;\"><img loading=\"lazy\" class=\"wp-image-30604 aligncenter\" src=\"http:\/\/www.deanreed.de\/AmericanRebel\/2017\/wp-content\/uploads\/2022\/08\/2-Kopie-300x81.png\" alt=\"\" width=\"667\" height=\"180\" srcset=\"http:\/\/www.deanreed.de\/AmericanRebel\/2017\/wp-content\/uploads\/2022\/08\/2-Kopie-300x81.png 300w, http:\/\/www.deanreed.de\/AmericanRebel\/2017\/wp-content\/uploads\/2022\/08\/2-Kopie.png 666w\" sizes=\"(max-width: 667px) 100vw, 667px\" \/>Ein Hammer, eine Sense und ein Pinsel \u2013 so die Selbstinszenierung der \u201ePartei der Arbeit Koreas\u201c in Form eines Riesendenkmals. Das Regime versteht sich als sozialistisch, doch seit den 1990er Jahren sind alle Bilder von Marx und Lenin aus der \u00d6ffentlichkeit verschwunden.<\/span><br \/>\n<em><a style=\"color: #000000;\" href=\"https:\/\/rotermorgen.eu\/die-revisionistische-juche-ideologie-ein-angriff-auf-den-marxismus-leninismus\/\" target=\"_blank\" rel=\"noopener\"><span style=\"font-family: verdana, geneva, sans-serif; font-size: 12pt;\">\u00bbRoterMorgen\u00ab berichtete<\/span><\/a><br \/>\n<span style=\"color: #ffffff;\">.<\/span><br \/>\n<\/em><em><span style=\"font-size: 12pt;\"><span style=\"color: #ffffff;\">.<\/span><br \/>\n<span style=\"color: #ffffff;\">.<br \/>\n<\/span><\/span><\/em><span style=\"font-family: verdana, geneva, sans-serif; font-size: 14pt;\"><strong>14. August | <\/strong><\/span><\/span><span style=\"font-size: 14pt;\"><strong>Willkommen<\/strong> <strong>bei JumpUp<\/strong><\/span><span style=\"font-size: 10pt;\"><br \/>\n<img loading=\"lazy\" class=\"wp-image-28584 aligncenter\" src=\"http:\/\/www.deanreed.de\/AmericanRebel\/2017\/wp-content\/uploads\/2021\/10\/jump-300x81.png\" alt=\"\" width=\"667\" height=\"180\" srcset=\"http:\/\/www.deanreed.de\/AmericanRebel\/2017\/wp-content\/uploads\/2021\/10\/jump-300x81.png 300w, http:\/\/www.deanreed.de\/AmericanRebel\/2017\/wp-content\/uploads\/2021\/10\/jump.png 666w\" sizes=\"(max-width: 667px) 100vw, 667px\" \/><span style=\"font-family: verdana, geneva, sans-serif; font-size: 12pt; color: #000000;\">Unser Schwerpunkt ist es, die aus allen Musikrichtungen bestehenden nationalen und internationalen Arbeiterinnen- und Arbeiterlieder zusammenzutragen. Bei uns findet Ihr Smithsonian Folkways aus den USA, Mescal aus Italien, Indigo aus Deutschland und andere Musiklabels. Wir nehmen Kontakt zu allen auf, die Musik als Ausdruck des politischen Willens und der Politischen Aktion begreifen.<\/span><br \/>\n<\/span><\/span><a href=\"https:\/\/jumpup.de\/\" target=\"_blank\" rel=\"noopener\"><em><span style=\"font-family: verdana, geneva, sans-serif; font-size: 12pt;\"><span style=\"color: #000000;\">JumpUp &#8211; F\u00fcr eine Welt ohne Ausbeutung und Unterdr\u00fcckung!<\/span><\/span><\/em><\/a><\/p>\n<p style=\"text-align: justify;\"><span style=\"font-family: verdana, geneva, sans-serif; font-size: 12pt; color: #000000;\"><span style=\"font-size: 10pt;\"><em><span style=\"font-size: 12pt; color: #000000;\">\u00a0<\/span><\/em><\/span><\/span><\/p>\n<p style=\"text-align: center;\"><span style=\"font-size: 14pt;\"><em><strong><span style=\"font-family: verdana, geneva, sans-serif;\">Verranstaltungshinweise<\/span><\/strong><\/em><\/span><\/p>\n<blockquote class=\"wp-embedded-content\" data-secret=\"YrELLgColN\"><p><a href=\"https:\/\/rotermorgen.eu\/boykottiert-die-fussballweltmeisterschaft-in-katar\/\">Boykottiert die Fu\u00dfballweltmeisterschaft in Katar!<\/a><\/p><\/blockquote>\n<p><iframe class=\"wp-embedded-content\" sandbox=\"allow-scripts\" security=\"restricted\" style=\"position: absolute; clip: rect(1px, 1px, 1px, 1px);\" title=\"&#8222;Boykottiert die Fu\u00dfballweltmeisterschaft in Katar!&#8220; &#8212; \" src=\"https:\/\/rotermorgen.eu\/boykottiert-die-fussballweltmeisterschaft-in-katar\/embed\/#?secret=YrELLgColN\" data-secret=\"YrELLgColN\" width=\"500\" height=\"282\" frameborder=\"0\" marginwidth=\"0\" marginheight=\"0\" scrolling=\"no\"><\/iframe><\/p>\n<p><img loading=\"lazy\" class=\"wp-image-18719 aligncenter\" src=\"https:\/\/rotermorgen.eu\/wp-content\/uploads\/2022\/03\/solange-300x156.png\" alt=\"\" width=\"600\" height=\"312\" \/><\/p>\n<div class=\"\" data-block=\"true\" data-editor=\"7504f\" data-offset-key=\"bsm8h-0-0\">\n<div class=\"public-DraftStyleDefault-block public-DraftStyleDefault-ltr\" style=\"text-align: justify;\" data-offset-key=\"bsm8h-0-0\">\n<div class=\"\" data-block=\"true\" data-editor=\"7504f\" data-offset-key=\"bsm8h-0-0\">\n<div class=\"public-DraftStyleDefault-block public-DraftStyleDefault-ltr\" style=\"text-align: justify;\" data-offset-key=\"bsm8h-0-0\">\n<p><span style=\"color: #ffffff;\">&#8230;<a href=\"https:\/\/www.booklooker.de\/B%C3%BCcher\/Angebote\/showAlluID=7387184\" target=\"_blank\" rel=\"noopener\"><img loading=\"lazy\" class=\" wp-image-21770 aligncenter\" src=\"https:\/\/rotermorgen.eu\/wp-content\/uploads\/2039\/07\/booloo-Kopie-2-214x300.png\" alt=\"\" width=\"426\" height=\"597\" \/><\/a><\/span><\/p>\n<\/div>\n<\/div>\n<p>&nbsp;<\/p>\n<div class=\"\" data-block=\"true\" data-editor=\"7504f\" data-offset-key=\"bsm8h-0-0\">\n<div class=\"public-DraftStyleDefault-block public-DraftStyleDefault-ltr\" style=\"text-align: justify;\" data-offset-key=\"bsm8h-0-0\">\n<p style=\"text-align: center;\"><span style=\"font-size: 10pt;\"><span style=\"font-family: verdana, geneva, sans-serif;\"><span style=\"color: #ffffff;\">.<\/span><br \/>\n<span style=\"color: #000000;\">Die Redaktionen<\/span><\/span><span style=\"font-family: verdana, geneva, sans-serif; color: #000000;\"><strong><br \/>\n<\/strong>danken den Volkskorrespondenten\/-innen Hosteni, Zeki, Nico, <\/span><\/span><span style=\"font-family: verdana, geneva, sans-serif; font-size: 10pt; color: #000000;\">KikiRebel,<br \/>\nRui-Filipe, Sascha, Werner, Andr\u00e9, Ernst,Heinrich, Trixi, Fiete, Reinhold u. A.<\/span><br \/>\n<span style=\"font-family: verdana, geneva, sans-serif; font-size: 10pt; color: #000000;\">f\u00fcr die Tipps und der Unterst\u00fctzung bei der Erstellung.<strong><br \/>\n<\/strong>Dieser R\u00fcckblick erhebt nicht den Anspruch auf Vollst\u00e4ndigkeit.<\/span><br \/>\n<span style=\"font-family: verdana, geneva, sans-serif; font-size: 10pt; color: #000000;\"><strong>Verlinkte- und mit Namen gekennzeichnete Texte m\u00fcssen<\/strong><\/span><br \/>\n<span style=\"font-family: verdana, geneva, sans-serif; font-size: 10pt;\"><strong><span style=\"color: #000000;\">nicht in allen Punkten den Meinungen unserer Redaktionen entsprechen.<\/span><br \/>\n<span style=\"color: #ffffff;\">.<\/span><br \/>\n<span style=\"color: #000000;\">\u00bbWochenr\u00fcckblick\u00ab ist ein Projekt von<\/span><\/strong><strong><a href=\"https:\/\/rotermorgen.eu\/8197-2\/\" target=\"_blank\" rel=\"noopener\"><img loading=\"lazy\" class=\"wp-image-8196 aligncenter\" src=\"https:\/\/rotermorgen.eu\/wp-content\/uploads\/2021\/01\/2-Kopie-2-1.png\" alt=\"\" width=\"292\" height=\"142\" \/><\/a><span style=\"color: #000000;\">Schickt uns Eure Kurzberichte<\/span><br \/>\n<span style=\"color: #000000;\">und Veranstaltungshinweise!<\/span><br \/>\n<span style=\"color: #000000;\">eMail: <a style=\"color: #000000;\" href=\"mailto:Wochenrueckblick@gmx.net\" target=\"_blank\" rel=\"noopener noreferrer\">Wochenrueckblick@gmx.net<\/a><\/span><br \/>\n<span style=\"color: #000000;\">Redaktionsschluss: Jeden Sonntag 20:00 Uhr<\/span><\/strong><\/span><span style=\"font-family: verdana, geneva, sans-serif; font-size: 12pt;\"><span style=\"color: #ffffff;\"><br \/>\n<\/span><\/span><\/p>\n<p><\/div><!-- .hide-this-part --><\/div><!-- hide-this-part-wrap --><\/p>\n<p style=\"text-align: center;\"><span style=\"font-family: verdana, geneva, sans-serif; font-size: 12pt;\"><span style=\"color: #ffffff;\"><span style=\"color: #000000;\"><span style=\"color: #ffffff;\">.<\/span><\/span><\/span><\/span><\/p>\n<\/div>\n<\/div>\n<\/div>\n<\/div>\n","protected":false},"excerpt":{"rendered":"<p>Zur\u00fcckblickend auf die letzten Tage sind uns einige kommentierbare Vorkommnisse ins Auge gefallen, die wir hier zur Diskussion stellen. . 8. August | Vorw\u00fcrfe gegen SI Cobas und USB fallengelassen Die Nachricht des willk\u00fcrlich festgesetzten Hausarrests von acht Gewerkschaftern in [&hellip;]<a class=\"more-link\" href=\"http:\/\/www.deanreed.de\/AmericanRebel\/2017\/2022\/08\/18\/wochenrueckblick-32-kalenderwoche\/\">&darr; Lese den Rest von diesem Eintrag&#8230;<\/a><\/p>\n","protected":false},"author":2,"featured_media":0,"comment_status":"open","ping_status":"open","sticky":false,"template":"","format":"standard","meta":[],"categories":[1],"tags":[748,2594,2612,2149,1325,5864,175,4729,4796,5865,1322,4791,902,4869,2225,1334,1329,5866],"yoast_head":"<!-- This site is optimized with the Yoast SEO plugin v17.5 - https:\/\/yoast.com\/wordpress\/plugins\/seo\/ -->\n<title>- Wochenr\u00fcckblick 32. Kalenderwoche &ndash; Onlinezeitung AmericanRebel<\/title>\n<meta name=\"robots\" content=\"index, follow, max-snippet:-1, max-image-preview:large, max-video-preview:-1\" \/>\n<link rel=\"canonical\" href=\"http:\/\/www.deanreed.de\/AmericanRebel\/2017\/2022\/08\/18\/wochenrueckblick-32-kalenderwoche\/\" \/>\n<meta property=\"og:locale\" content=\"de_DE\" \/>\n<meta property=\"og:type\" content=\"article\" \/>\n<meta property=\"og:title\" content=\"- Wochenr\u00fcckblick 32. Kalenderwoche &ndash; Onlinezeitung AmericanRebel\" \/>\n<meta property=\"og:description\" content=\"Zur\u00fcckblickend auf die letzten Tage sind uns einige kommentierbare Vorkommnisse ins Auge gefallen, die wir hier zur Diskussion stellen.\" \/>\n<meta property=\"og:url\" content=\"http:\/\/www.deanreed.de\/AmericanRebel\/2017\/2022\/08\/18\/wochenrueckblick-32-kalenderwoche\/\" \/>\n<meta property=\"og:site_name\" content=\"Onlinezeitung AmericanRebel\" \/>\n<meta property=\"article:published_time\" content=\"2022-08-18T11:39:13+00:00\" \/>\n<meta property=\"article:modified_time\" content=\"2022-08-18T11:53:07+00:00\" \/>\n<meta property=\"og:image\" content=\"http:\/\/www.deanreed.de\/AmericanRebel\/2017\/wp-content\/uploads\/2020\/12\/3-Kopie.png\" \/>\n\t<meta property=\"og:image:width\" content=\"640\" \/>\n\t<meta property=\"og:image:height\" content=\"460\" \/>\n<meta name=\"twitter:card\" content=\"summary_large_image\" \/>\n<meta name=\"twitter:label1\" content=\"Verfasst von\" \/>\n\t<meta name=\"twitter:data1\" content=\"Redaktion\" \/>\n\t<meta name=\"twitter:label2\" content=\"Gesch\u00e4tzte Lesezeit\" \/>\n\t<meta name=\"twitter:data2\" content=\"7\u00a0Minuten\" \/>\n<script type=\"application\/ld+json\" class=\"yoast-schema-graph\">{\"@context\":\"https:\/\/schema.org\",\"@graph\":[{\"@type\":\"WebSite\",\"@id\":\"https:\/\/www.deanreed.de\/AmericanRebel\/2017\/#website\",\"url\":\"https:\/\/www.deanreed.de\/AmericanRebel\/2017\/\",\"name\":\"Onlinezeitung AmericanRebel\",\"description\":\"Internationale Onlinezeitung f\\u00fcr Frieden, Humanismus, V\\u00f6lkerverst\\u00e4ndigung und Kultur\",\"potentialAction\":[{\"@type\":\"SearchAction\",\"target\":{\"@type\":\"EntryPoint\",\"urlTemplate\":\"https:\/\/www.deanreed.de\/AmericanRebel\/2017\/?s={search_term_string}\"},\"query-input\":\"required name=search_term_string\"}],\"inLanguage\":\"de\"},{\"@type\":\"ImageObject\",\"@id\":\"http:\/\/www.deanreed.de\/AmericanRebel\/2017\/2022\/08\/18\/wochenrueckblick-32-kalenderwoche\/#primaryimage\",\"inLanguage\":\"de\",\"url\":\"http:\/\/www.deanreed.de\/AmericanRebel\/2017\/wp-content\/uploads\/2020\/12\/3-Kopie.png\",\"contentUrl\":\"http:\/\/www.deanreed.de\/AmericanRebel\/2017\/wp-content\/uploads\/2020\/12\/3-Kopie.png\",\"width\":640,\"height\":460},{\"@type\":\"WebPage\",\"@id\":\"http:\/\/www.deanreed.de\/AmericanRebel\/2017\/2022\/08\/18\/wochenrueckblick-32-kalenderwoche\/#webpage\",\"url\":\"http:\/\/www.deanreed.de\/AmericanRebel\/2017\/2022\/08\/18\/wochenrueckblick-32-kalenderwoche\/\",\"name\":\"- Wochenr\\u00fcckblick 32. Kalenderwoche &ndash; Onlinezeitung AmericanRebel\",\"isPartOf\":{\"@id\":\"https:\/\/www.deanreed.de\/AmericanRebel\/2017\/#website\"},\"primaryImageOfPage\":{\"@id\":\"http:\/\/www.deanreed.de\/AmericanRebel\/2017\/2022\/08\/18\/wochenrueckblick-32-kalenderwoche\/#primaryimage\"},\"datePublished\":\"2022-08-18T11:39:13+00:00\",\"dateModified\":\"2022-08-18T11:53:07+00:00\",\"author\":{\"@id\":\"https:\/\/www.deanreed.de\/AmericanRebel\/2017\/#\/schema\/person\/9edfca7917cd10b75edaae51c6e7935a\"},\"breadcrumb\":{\"@id\":\"http:\/\/www.deanreed.de\/AmericanRebel\/2017\/2022\/08\/18\/wochenrueckblick-32-kalenderwoche\/#breadcrumb\"},\"inLanguage\":\"de\",\"potentialAction\":[{\"@type\":\"ReadAction\",\"target\":[\"http:\/\/www.deanreed.de\/AmericanRebel\/2017\/2022\/08\/18\/wochenrueckblick-32-kalenderwoche\/\"]}]},{\"@type\":\"BreadcrumbList\",\"@id\":\"http:\/\/www.deanreed.de\/AmericanRebel\/2017\/2022\/08\/18\/wochenrueckblick-32-kalenderwoche\/#breadcrumb\",\"itemListElement\":[{\"@type\":\"ListItem\",\"position\":1,\"name\":\"Startseite\",\"item\":\"https:\/\/www.deanreed.de\/AmericanRebel\/2017\/\"},{\"@type\":\"ListItem\",\"position\":2,\"name\":\"&#8211; Wochenr\\u00fcckblick 32. Kalenderwoche\"}]},{\"@type\":\"Person\",\"@id\":\"https:\/\/www.deanreed.de\/AmericanRebel\/2017\/#\/schema\/person\/9edfca7917cd10b75edaae51c6e7935a\",\"name\":\"Redaktion\",\"url\":\"http:\/\/www.deanreed.de\/AmericanRebel\/2017\/author\/redaktion\/\"}]}<\/script>\n<!-- \/ Yoast SEO plugin. -->","yoast_head_json":{"title":"- Wochenr\u00fcckblick 32. Kalenderwoche &ndash; Onlinezeitung AmericanRebel","robots":{"index":"index","follow":"follow","max-snippet":"max-snippet:-1","max-image-preview":"max-image-preview:large","max-video-preview":"max-video-preview:-1"},"canonical":"http:\/\/www.deanreed.de\/AmericanRebel\/2017\/2022\/08\/18\/wochenrueckblick-32-kalenderwoche\/","og_locale":"de_DE","og_type":"article","og_title":"- Wochenr\u00fcckblick 32. Kalenderwoche &ndash; Onlinezeitung AmericanRebel","og_description":"Zur\u00fcckblickend auf die letzten Tage sind uns einige kommentierbare Vorkommnisse ins Auge gefallen, die wir hier zur Diskussion stellen.","og_url":"http:\/\/www.deanreed.de\/AmericanRebel\/2017\/2022\/08\/18\/wochenrueckblick-32-kalenderwoche\/","og_site_name":"Onlinezeitung AmericanRebel","article_published_time":"2022-08-18T11:39:13+00:00","article_modified_time":"2022-08-18T11:53:07+00:00","og_image":[{"width":640,"height":460,"url":"http:\/\/www.deanreed.de\/AmericanRebel\/2017\/wp-content\/uploads\/2020\/12\/3-Kopie.png","type":"image\/png"}],"twitter_card":"summary_large_image","twitter_misc":{"Verfasst von":"Redaktion","Gesch\u00e4tzte Lesezeit":"7\u00a0Minuten"},"schema":{"@context":"https:\/\/schema.org","@graph":[{"@type":"WebSite","@id":"https:\/\/www.deanreed.de\/AmericanRebel\/2017\/#website","url":"https:\/\/www.deanreed.de\/AmericanRebel\/2017\/","name":"Onlinezeitung AmericanRebel","description":"Internationale Onlinezeitung f\u00fcr Frieden, Humanismus, V\u00f6lkerverst\u00e4ndigung und Kultur","potentialAction":[{"@type":"SearchAction","target":{"@type":"EntryPoint","urlTemplate":"https:\/\/www.deanreed.de\/AmericanRebel\/2017\/?s={search_term_string}"},"query-input":"required name=search_term_string"}],"inLanguage":"de"},{"@type":"ImageObject","@id":"http:\/\/www.deanreed.de\/AmericanRebel\/2017\/2022\/08\/18\/wochenrueckblick-32-kalenderwoche\/#primaryimage","inLanguage":"de","url":"http:\/\/www.deanreed.de\/AmericanRebel\/2017\/wp-content\/uploads\/2020\/12\/3-Kopie.png","contentUrl":"http:\/\/www.deanreed.de\/AmericanRebel\/2017\/wp-content\/uploads\/2020\/12\/3-Kopie.png","width":640,"height":460},{"@type":"WebPage","@id":"http:\/\/www.deanreed.de\/AmericanRebel\/2017\/2022\/08\/18\/wochenrueckblick-32-kalenderwoche\/#webpage","url":"http:\/\/www.deanreed.de\/AmericanRebel\/2017\/2022\/08\/18\/wochenrueckblick-32-kalenderwoche\/","name":"- Wochenr\u00fcckblick 32. Kalenderwoche &ndash; Onlinezeitung AmericanRebel","isPartOf":{"@id":"https:\/\/www.deanreed.de\/AmericanRebel\/2017\/#website"},"primaryImageOfPage":{"@id":"http:\/\/www.deanreed.de\/AmericanRebel\/2017\/2022\/08\/18\/wochenrueckblick-32-kalenderwoche\/#primaryimage"},"datePublished":"2022-08-18T11:39:13+00:00","dateModified":"2022-08-18T11:53:07+00:00","author":{"@id":"https:\/\/www.deanreed.de\/AmericanRebel\/2017\/#\/schema\/person\/9edfca7917cd10b75edaae51c6e7935a"},"breadcrumb":{"@id":"http:\/\/www.deanreed.de\/AmericanRebel\/2017\/2022\/08\/18\/wochenrueckblick-32-kalenderwoche\/#breadcrumb"},"inLanguage":"de","potentialAction":[{"@type":"ReadAction","target":["http:\/\/www.deanreed.de\/AmericanRebel\/2017\/2022\/08\/18\/wochenrueckblick-32-kalenderwoche\/"]}]},{"@type":"BreadcrumbList","@id":"http:\/\/www.deanreed.de\/AmericanRebel\/2017\/2022\/08\/18\/wochenrueckblick-32-kalenderwoche\/#breadcrumb","itemListElement":[{"@type":"ListItem","position":1,"name":"Startseite","item":"https:\/\/www.deanreed.de\/AmericanRebel\/2017\/"},{"@type":"ListItem","position":2,"name":"&#8211; Wochenr\u00fcckblick 32. Kalenderwoche"}]},{"@type":"Person","@id":"https:\/\/www.deanreed.de\/AmericanRebel\/2017\/#\/schema\/person\/9edfca7917cd10b75edaae51c6e7935a","name":"Redaktion","url":"http:\/\/www.deanreed.de\/AmericanRebel\/2017\/author\/redaktion\/"}]}},"_links":{"self":[{"href":"http:\/\/www.deanreed.de\/AmericanRebel\/2017\/wp-json\/wp\/v2\/posts\/30612"}],"collection":[{"href":"http:\/\/www.deanreed.de\/AmericanRebel\/2017\/wp-json\/wp\/v2\/posts"}],"about":[{"href":"http:\/\/www.deanreed.de\/AmericanRebel\/2017\/wp-json\/wp\/v2\/types\/post"}],"author":[{"embeddable":true,"href":"http:\/\/www.deanreed.de\/AmericanRebel\/2017\/wp-json\/wp\/v2\/users\/2"}],"replies":[{"embeddable":true,"href":"http:\/\/www.deanreed.de\/AmericanRebel\/2017\/wp-json\/wp\/v2\/comments?post=30612"}],"version-history":[{"count":5,"href":"http:\/\/www.deanreed.de\/AmericanRebel\/2017\/wp-json\/wp\/v2\/posts\/30612\/revisions"}],"predecessor-version":[{"id":30617,"href":"http:\/\/www.deanreed.de\/AmericanRebel\/2017\/wp-json\/wp\/v2\/posts\/30612\/revisions\/30617"}],"wp:attachment":[{"href":"http:\/\/www.deanreed.de\/AmericanRebel\/2017\/wp-json\/wp\/v2\/media?parent=30612"}],"wp:term":[{"taxonomy":"category","embeddable":true,"href":"http:\/\/www.deanreed.de\/AmericanRebel\/2017\/wp-json\/wp\/v2\/categories?post=30612"},{"taxonomy":"post_tag","embeddable":true,"href":"http:\/\/www.deanreed.de\/AmericanRebel\/2017\/wp-json\/wp\/v2\/tags?post=30612"}],"curies":[{"name":"wp","href":"https:\/\/api.w.org\/{rel}","templated":true}]}}