{"id":29627,"date":"2022-02-21T00:05:21","date_gmt":"2022-02-20T23:05:21","guid":{"rendered":"http:\/\/www.deanreed.de\/AmericanRebel\/2017\/?p=29627"},"modified":"2022-02-21T04:23:48","modified_gmt":"2022-02-21T03:23:48","slug":"wochenrueckblick-7-kalenderwoche-2022","status":"publish","type":"post","link":"http:\/\/www.deanreed.de\/AmericanRebel\/2017\/2022\/02\/21\/wochenrueckblick-7-kalenderwoche-2022\/","title":{"rendered":"&#8211; Wochenr\u00fcckblick 7. Kalenderwoche 2022"},"content":{"rendered":"<p><span style=\"font-family: verdana, geneva, sans-serif; font-size: 12pt;\"><span style=\"color: #000000;\"><span style=\"font-size: 14pt;\"><strong><span style=\"color: #993300;\"><img loading=\"lazy\" class=\" wp-image-26025 aligncenter\" src=\"http:\/\/www.deanreed.de\/AmericanRebel\/2017\/wp-content\/uploads\/2020\/10\/AR_WR_2-300x75.png\" alt=\"\" width=\"668\" height=\"167\" srcset=\"http:\/\/www.deanreed.de\/AmericanRebel\/2017\/wp-content\/uploads\/2020\/10\/AR_WR_2-300x75.png 300w, http:\/\/www.deanreed.de\/AmericanRebel\/2017\/wp-content\/uploads\/2020\/10\/AR_WR_2.png 700w\" sizes=\"(max-width: 668px) 100vw, 668px\" \/><span style=\"font-size: 12pt;\"><br \/>\nZur\u00fcckblickend auf die letzten Tage sind uns einige kommentierbare Vorkommnisse ins Auge gefallen, die wir hier zur Diskussion stellen.<\/span><\/span><\/strong><\/span><\/span><\/span><\/p>\n<p style=\"text-align: justify;\"><span style=\"font-family: verdana, geneva, sans-serif; font-size: 16pt;\"><span style=\"color: #ffffff; background-color: #ff0000;\"><strong><span style=\"color: #ff0000;\">.<\/span>N E U<span style=\"color: #ff0000;\">.<\/span><\/strong><\/span> <strong>A<span style=\"color: #000000;\">ktuelle Veranstaltungshinweise ganz unten!<\/span><\/strong><\/span><br \/>\n<span style=\"background-color: #ffffff; color: #ffffff;\">.<\/span><br \/>\n<span style=\"color: #ffffff; background-color: #ffffff;\">.<\/span><br \/>\n<span style=\"font-family: verdana, geneva, sans-serif; font-size: 12pt;\"><span style=\"color: #000000;\"><span style=\"font-size: 14pt;\"><strong>14. Februar |<\/strong> <\/span><\/span><\/span><span style=\"font-size: 14pt;\"><strong><span style=\"color: #000000;\"><span style=\"font-family: verdana, geneva, sans-serif;\">50 Jahre Radikalenerlass \u2013<br \/>\nWeg mit Berufsverboten &amp; Klassenjustiz!<\/span><\/span><\/strong><\/span><br \/>\n<span style=\"color: #000000; font-family: verdana, geneva, sans-serif; font-size: 12pt;\"><img loading=\"lazy\" class=\"wp-image-29616 aligncenter\" src=\"http:\/\/www.deanreed.de\/AmericanRebel\/2017\/wp-content\/uploads\/2022\/02\/r-300x81.jpg\" alt=\"\" width=\"667\" height=\"180\" srcset=\"http:\/\/www.deanreed.de\/AmericanRebel\/2017\/wp-content\/uploads\/2022\/02\/r-300x81.jpg 300w, http:\/\/www.deanreed.de\/AmericanRebel\/2017\/wp-content\/uploads\/2022\/02\/r.jpg 666w\" sizes=\"(max-width: 667px) 100vw, 667px\" \/>Am 28. Januar 2022 j\u00e4hrt sich zum 50. Mal die Verabschiedung des Radikalenerlasses. Unter Vorsitz von Willy Brandt verabschiedeten die Ministerpr\u00e4sidenten der L\u00e4nder einen Beschluss, der die Beh\u00f6rden anwies, den \u00d6ffentlichen Dienst von so genannten Verfassungsfeinden zu s\u00e4ubern.<\/span><strong><br \/>\n<\/strong><span style=\"color: #000000;\"><span style=\"font-family: verdana, geneva, sans-serif; font-size: 12pt;\"><a href=\"https:\/\/rotermorgen.eu\/50-jahre-radikalenerlass-weg-mit-berufsverboten-klassenjustiz\/\" target=\"_blank\" rel=\"noopener\"><em>\u00bbRoterMorgen\u00ab berichtete<\/em><\/a><br \/>\n<span style=\"color: #ffffff;\">.<\/span><br \/>\n<span style=\"color: #ffffff;\">.<\/span><br \/>\n<span style=\"font-size: 14pt;\"><strong><span style=\"color: #000000;\">14. Februar | <\/span>Ukraine: Was f\u00fcr die Gro\u00dfm\u00e4chte,<br \/>\ndie Arbeiter und die V\u00f6lker auf dem Spiel steht<\/strong><\/span><\/span><\/span><br \/>\n<span style=\"color: #000000; font-family: verdana, geneva, sans-serif; font-size: 12pt;\"><img loading=\"lazy\" class=\"wp-image-29620 aligncenter\" src=\"http:\/\/www.deanreed.de\/AmericanRebel\/2017\/wp-content\/uploads\/2022\/02\/rtz-300x81.png\" alt=\"\" width=\"667\" height=\"180\" srcset=\"http:\/\/www.deanreed.de\/AmericanRebel\/2017\/wp-content\/uploads\/2022\/02\/rtz-300x81.png 300w, http:\/\/www.deanreed.de\/AmericanRebel\/2017\/wp-content\/uploads\/2022\/02\/rtz.png 666w\" sizes=\"(max-width: 667px) 100vw, 667px\" \/>Die Krise um die Ukraine hat viele Facetten: Da ist die geopolitische Dimension, mit der zentralen Frage der NATO-Erweiterung und der Gegenreaktion Russlands; der Einfluss, den der US-Imperialismus in Europa behalten will, die sowohl konvergierenden als auch divergierenden Interessen der imperialistischen M\u00e4chte Europas; die Man\u00f6ver der T\u00fcrkei\u2026 Sie hat auch eine wirtschaftliche Dimension, insbesondere um die Frage der Abh\u00e4ngigkeit der meisten europ\u00e4ischen L\u00e4nder von Gaslieferungen aus Russland \u2013 je nach Land in unterschiedlichem Ma\u00dfe.<\/span><br \/>\n<span style=\"color: #000000;\"><span style=\"font-family: verdana, geneva, sans-serif; font-size: 12pt;\"><a href=\"https:\/\/www.arbeit-zukunft.de\/2022\/02\/14\/ukraine-was-fuer-die-grossmaechte-die-arbeiter-und-die-voelker-auf-dem-spiel-steht\/\" target=\"_blank\" rel=\"noopener\"><em>\u00bbArbeit zukunft\u00ab berichtete<\/em><\/a><br \/>\n<span style=\"color: #ffffff;\">.<\/span><br \/>\n<span style=\"color: #ffffff;\">.<\/span><\/span><\/span><br \/>\n<span style=\"color: #000000;\"><span style=\"font-family: verdana, geneva, sans-serif; font-size: 12pt;\"><strong><span style=\"font-size: 14pt;\">15. Februar | <\/span><\/strong><\/span><\/span><span style=\"font-size: 14pt;\"><strong><span style=\"font-family: verdana, geneva, sans-serif; color: #000000;\">Die \u201eS\u00e4uberung\u201c des DGB<\/span><\/strong><\/span><br \/>\n<img loading=\"lazy\" class=\"wp-image-29615 aligncenter\" src=\"http:\/\/www.deanreed.de\/AmericanRebel\/2017\/wp-content\/uploads\/2022\/02\/1-Kopie-1-300x81.png\" alt=\"\" width=\"667\" height=\"180\" srcset=\"http:\/\/www.deanreed.de\/AmericanRebel\/2017\/wp-content\/uploads\/2022\/02\/1-Kopie-1-300x81.png 300w, http:\/\/www.deanreed.de\/AmericanRebel\/2017\/wp-content\/uploads\/2022\/02\/1-Kopie-1.png 666w\" sizes=\"(max-width: 667px) 100vw, 667px\" \/><span style=\"font-family: verdana, geneva, sans-serif; font-size: 12pt; color: #000000;\">Gestern berichteten wir \u00fcber den im Januar 1972 erlassenen Radikalenerlass der SPD\/FDP Regierung und den damit verbundenen Berufsverboten. Nur f\u00fcnf Monate sp\u00e4ter haute der Deutsche Gewerkschaftsbund (DGB) mit seinen sog. Unvereinbarkeitsbeschluss in die gleiche Kerbe.<\/span><br \/>\n<span style=\"color: #000000;\"><span style=\"font-family: verdana, geneva, sans-serif; font-size: 12pt;\"><a href=\"https:\/\/rotermorgen.eu\/die-saeuberung-des-dgb_1\/\" target=\"_blank\" rel=\"noopener\"><em>\u00bbRoterMorgen\u00ab berichtete<\/em><\/a>\u00a0 <div class=\"hide-this-part-wrap\"><div class=\"hide-this-part-more\" id=\"hide-this-part-0\" morelink-text=\"hier geht es weiter\">hier geht es weiter \u00bb<\/div><div class=\"hide-this-part\" status=\"invisible\"><br \/>\n<span style=\"color: #ffffff;\">.<\/span><br \/>\n<span style=\"color: #ffffff;\">.<\/span><br \/>\n<span style=\"font-size: 14pt;\"><strong>15. Februar |<\/strong> <\/span><\/span><\/span><span style=\"font-size: 14pt;\"><strong><span style=\"font-family: verdana, geneva, sans-serif;\">\u201eFreedom Convoy\u201c: Per Notstandsgesetz<br \/>\nBankkonten eingefroren und Waffen beschlagnahmt<\/span><\/strong><\/span><br \/>\n<span style=\"font-family: verdana, geneva, sans-serif; color: #000000;\"><img loading=\"lazy\" class=\"wp-image-29624 aligncenter\" src=\"http:\/\/www.deanreed.de\/AmericanRebel\/2017\/wp-content\/uploads\/2022\/02\/rt7-300x81.jpeg\" alt=\"\" width=\"667\" height=\"180\" srcset=\"http:\/\/www.deanreed.de\/AmericanRebel\/2017\/wp-content\/uploads\/2022\/02\/rt7-300x81.jpeg 300w, http:\/\/www.deanreed.de\/AmericanRebel\/2017\/wp-content\/uploads\/2022\/02\/rt7.jpeg 666w\" sizes=\"(max-width: 667px) 100vw, 667px\" \/>Die Situation rund um die kanadischen Corona-Proteste spitzt sich zu. Die Regierung ruft den Notstand aus und friert Bankkonten ein. Waffen und Sprengstoff wurden gefunden. Dazu ver\u00f6ffentlichten Hacker\/innen die Daten von tausenden Unterst\u00fctzer:innen des \u201eFreedom Convoy\u201c, darunter auch die eines bekannten Milliard\u00e4rs.<\/span><strong><br \/>\n<\/strong><span style=\"color: #000000;\"><span style=\"font-family: verdana, geneva, sans-serif; font-size: 12pt;\"><a href=\"https:\/\/perspektive-online.net\/2022\/02\/freedom-convoy-per-notstandsgesetz-bankkonten-eingefroren-und-waffen-beschlagnahmt\/\" target=\"_blank\" rel=\"noopener\"><em>\u00bbperspektive online\u00ab berichtete<\/em><\/a><br \/>\n<span style=\"color: #ffffff;\">.<\/span><br \/>\n<span style=\"color: #ffffff;\">.<\/span><br \/>\n<span style=\"font-size: 14pt;\"><strong>16. Februar| <\/strong><strong>Tarifticker 7\/2022<\/strong><\/span><br \/>\n<img loading=\"lazy\" class=\"wp-image-28484 aligncenter\" src=\"http:\/\/www.deanreed.de\/AmericanRebel\/2017\/wp-content\/uploads\/2021\/10\/1-Kopie-2-1-300x81.png\" alt=\"\" width=\"667\" height=\"180\" srcset=\"http:\/\/www.deanreed.de\/AmericanRebel\/2017\/wp-content\/uploads\/2021\/10\/1-Kopie-2-1-300x81.png 300w, http:\/\/www.deanreed.de\/AmericanRebel\/2017\/wp-content\/uploads\/2021\/10\/1-Kopie-2-1.png 666w\" sizes=\"(max-width: 667px) 100vw, 667px\" \/>Aktuelle Kurzmeldungen zu den laufenden Tarifverhandlungen und Arbeitsk\u00e4mpfen der Kollegen\/-innen im deutschsprachigen Raum.<br \/>\n<a href=\"https:\/\/rotermorgen.eu\/tarifticker-7-2022\/\" target=\"_blank\" rel=\"noopener\"><em>\u00bbRoterMorgen\u00ab berichtete<\/em><\/a><br \/>\n<span style=\"color: #ffffff;\">.<\/span><br \/>\n<span style=\"color: #ffffff;\">.<\/span><br \/>\n<span style=\"font-size: 14pt;\"><strong>16. Februar | <\/strong><\/span><\/span><\/span><span style=\"font-size: 14pt;\"><strong><span style=\"font-family: verdana, geneva, sans-serif; color: #000000;\">Vorw\u00fcrfe gegen die JVA Fuhlsb\u00fcttel<\/span><\/strong><\/span><br \/>\n<span style=\"font-family: verdana, geneva, sans-serif; color: #000000; font-size: 12pt;\"><img loading=\"lazy\" class=\"wp-image-29617 aligncenter\" src=\"http:\/\/www.deanreed.de\/AmericanRebel\/2017\/wp-content\/uploads\/2022\/02\/rttt-300x81.jpg\" alt=\"\" width=\"667\" height=\"180\" srcset=\"http:\/\/www.deanreed.de\/AmericanRebel\/2017\/wp-content\/uploads\/2022\/02\/rttt-300x81.jpg 300w, http:\/\/www.deanreed.de\/AmericanRebel\/2017\/wp-content\/uploads\/2022\/02\/rttt.jpg 666w\" sizes=\"(max-width: 667px) 100vw, 667px\" \/>Die Hamburger Justizbeh\u00f6rde soll sich vor dem \u201eEurop\u00e4ischen Komitee zur Verh\u00fctung von Folter und unmenschlicher Behandlung\u201c verantworten m\u00fcssen. Hintergrund ist die seit Jahrzehnten ber\u00fcchtigte Behandlung von H\u00e4ftlingen in der Justizvollzugsanstalt Fuhlsb\u00fcttel.<\/span><strong><br \/>\n<\/strong><span style=\"color: #000000;\"><span style=\"font-family: verdana, geneva, sans-serif; font-size: 12pt;\"><a href=\"https:\/\/rotermorgen.eu\/vorwuerfe-gegen-die-jva-fuhlsbueddel\/\" target=\"_blank\" rel=\"noopener\"><em>\u00bbRoterMorgen\u00ab berichtete<\/em><\/a><br \/>\n<span style=\"color: #ffffff;\">.<\/span><br \/>\n<span style=\"color: #ffffff;\">.<\/span><br \/>\n<span style=\"font-size: 14pt;\"><strong><span style=\"color: #000000;\">16. Februar | <\/span><\/strong><\/span><\/span><\/span><span style=\"font-family: verdana, geneva, sans-serif; font-size: 12pt; color: #000000;\"><span style=\"font-size: 14pt;\"><strong>Vor 250 Jahren starb der Aufkl\u00e4rer Helv\u00e9tius<\/strong> <\/span><\/span><br \/>\n<span style=\"color: #000000;\"><span style=\"font-family: verdana, geneva, sans-serif; font-size: 12pt;\"><span style=\"color: #000000;\"><img loading=\"lazy\" class=\"wp-image-29621 aligncenter\" src=\"http:\/\/www.deanreed.de\/AmericanRebel\/2017\/wp-content\/uploads\/2022\/02\/ddd-300x81.jpg\" alt=\"\" width=\"667\" height=\"180\" srcset=\"http:\/\/www.deanreed.de\/AmericanRebel\/2017\/wp-content\/uploads\/2022\/02\/ddd-300x81.jpg 300w, http:\/\/www.deanreed.de\/AmericanRebel\/2017\/wp-content\/uploads\/2022\/02\/ddd.jpg 666w\" sizes=\"(max-width: 667px) 100vw, 667px\" \/>In Claude-Adrien Helv\u00e9tius begegnet uns ein radikaler Aufkl\u00e4rer, der der wichtigste, am weitesten fortgeschrittene Gesellschaftstheoretiker des franz\u00f6sischen Materialismus im 18. Jahrhundert war, ohne aber die idealistische Geschichtsauffassung \u00fcberwinden zu k\u00f6nnen. <\/span><br \/>\n<a href=\"https:\/\/rotermorgen.eu\/vor-250-jahren-starb-der-aufklaerer-helvetius\/\" target=\"_blank\" rel=\"noopener\"><em>\u00bbRoterMorgen\u00ab berichtete<\/em><\/a><br \/>\n<span style=\"color: #ffffff;\">.<\/span><br \/>\n<span style=\"color: #ffffff;\">.<\/span><br \/>\n<span style=\"font-size: 14pt;\"><strong>17. Februar | <\/strong><strong>Solidarit\u00e4t mit Sami Grigo Baydar!<\/strong><\/span><\/span><\/span><br \/>\n<span style=\"color: #000000; font-family: verdana, geneva, sans-serif; font-size: 12pt;\"><img loading=\"lazy\" class=\"wp-image-29618 aligncenter\" src=\"http:\/\/www.deanreed.de\/AmericanRebel\/2017\/wp-content\/uploads\/2022\/02\/errt-300x81.jpg\" alt=\"\" width=\"667\" height=\"180\" srcset=\"http:\/\/www.deanreed.de\/AmericanRebel\/2017\/wp-content\/uploads\/2022\/02\/errt-300x81.jpg 300w, http:\/\/www.deanreed.de\/AmericanRebel\/2017\/wp-content\/uploads\/2022\/02\/errt.jpg 666w\" sizes=\"(max-width: 667px) 100vw, 667px\" \/>Wir berichteten schon mehrfach \u00fcber den Genossen Sami aus Augsburg, den die Klassenjustiz kr\u00e4ftig am Wickel hat. Wie immer ist der Versuch, Sami zum Schweigen zu bringen, ein Angriff auf uns alle! Deswegen ist Solidarit\u00e4t dringend von N\u00f6ten!<\/span><br \/>\n<span style=\"color: #000000; font-family: verdana, geneva, sans-serif; font-size: 12pt;\">KOMMT ZUR GERICHTSVERHANDLUNG AM DONNERSTAG IN AUGSBURG!<\/span><strong><br \/>\n<\/strong><span style=\"font-family: verdana, geneva, sans-serif; font-size: 12pt; color: #000000;\"><em><a href=\"https:\/\/rotermorgen.eu\/solidaritaet-mit-sami-grigo-baydar_1\/\" target=\"_blank\" rel=\"noopener\">\u00bbRoterMorgen\u00ab berichtete<\/a><br \/>\n<\/em><span style=\"font-family: verdana, geneva, sans-serif; color: #ffffff;\">.<\/span><br \/>\n<span style=\"font-family: verdana, geneva, sans-serif; color: #ffffff;\">.<\/span><br \/>\n<span style=\"font-size: 14pt;\"><strong>17. Februar | <\/strong><\/span><\/span><strong><span style=\"font-family: verdana, geneva, sans-serif; font-size: 14pt;\">Cottbuser Naziszene: Staatsanwalt sieht<br \/>\nkeine ausreichenden Hinweise auf eine kriminelle Vereinigung<\/span><\/strong><br \/>\n<span style=\"font-family: verdana, geneva, sans-serif; font-size: 12pt;\"><img loading=\"lazy\" class=\"wp-image-29623 aligncenter\" src=\"http:\/\/www.deanreed.de\/AmericanRebel\/2017\/wp-content\/uploads\/2022\/02\/s-300x81.jpg\" alt=\"\" width=\"667\" height=\"180\" srcset=\"http:\/\/www.deanreed.de\/AmericanRebel\/2017\/wp-content\/uploads\/2022\/02\/s-300x81.jpg 300w, http:\/\/www.deanreed.de\/AmericanRebel\/2017\/wp-content\/uploads\/2022\/02\/s.jpg 666w\" sizes=\"(max-width: 667px) 100vw, 667px\" \/>Nur durch Medienanfragen ist bekannt geworden, dass die Staatsanwaltschaft das Verfahren gegen die \u201eKampfgemeinschaft Cottbus\u201c eingestellt hat. \u2013 Ein Triumph f\u00fcr die Cottbuser Naziszene.<br \/>\n<a href=\"https:\/\/perspektive-online.net\/2022\/02\/cottbusser-naziszene-staatsanwaltschaft-sieht-nicht-ausreichend-hinweise-auf-eine-kriminelle-vereinigung\/\" target=\"_blank\" rel=\"noopener\"><em>\u00bbperspektive online\u00ab berichtete<\/em><\/a><\/span><br \/>\n<span style=\"font-family: verdana, geneva, sans-serif; font-size: 12pt; color: #ffffff;\">.<\/span><br \/>\n<span style=\"color: #000000;\"><span style=\"font-family: verdana, geneva, sans-serif; font-size: 12pt;\"><span style=\"color: #ffffff;\">.<\/span><br \/>\n<\/span><span style=\"font-size: 14pt;\"><strong><span style=\"font-family: verdana, geneva, sans-serif;\">18. Februar| <\/span><\/strong><\/span><span style=\"font-size: 14pt;\"><strong><span style=\"font-family: verdana, geneva, sans-serif;\">Amoklauf oder Terrorismus? \u2013<br \/>\nAnschlag in Lissabonner Universit\u00e4t vereitelt<br \/>\n<\/span><\/strong><\/span><img loading=\"lazy\" class=\"wp-image-29619 aligncenter\" src=\"http:\/\/www.deanreed.de\/AmericanRebel\/2017\/wp-content\/uploads\/2022\/02\/image-1-2-300x81.jpg\" alt=\"\" width=\"667\" height=\"180\" srcset=\"http:\/\/www.deanreed.de\/AmericanRebel\/2017\/wp-content\/uploads\/2022\/02\/image-1-2-300x81.jpg 300w, http:\/\/www.deanreed.de\/AmericanRebel\/2017\/wp-content\/uploads\/2022\/02\/image-1-2.jpg 666w\" sizes=\"(max-width: 667px) 100vw, 667px\" \/><\/span><span style=\"font-family: verdana, geneva, sans-serif; font-size: 12pt;\">Das FBI hat die portugiesischen Beh\u00f6rden auf einen geplanten Anschlag eines 18-j\u00e4hrigen Studenten aufmerksam gemacht, der in Foren des Dark-Web seine Pl\u00e4ne angek\u00fcndigt haben soll. Eine Woche vor dem geplanten Anschlag begann die portugiesische Polizei damit dem Fall nachzugehen, bis sie schliesslich am Vorabend des geplanten Massakers den psychisch gest\u00f6rten Jo\u00e3o C. Verhaftet hat. Die Anklage lautet auf \u201eTerrorismus\u201c, doch viele sind der Meinung, dass diese Bezeichnung falsch sei.<\/span><br \/>\n<span style=\"font-family: verdana, geneva, sans-serif; font-size: 12pt; color: #000000;\"><a href=\"https:\/\/info-welt.info\/2022\/02\/18\/amoklauf-oder-terrorismus-anschlag-in-lissabonner-universitaet-vereitelt\/\" target=\"_blank\" rel=\"noopener\"><em>\u00bbInfoWelt\u00ab berichtete<\/em><\/a><br \/>\n<span style=\"color: #ffffff;\">.<\/span><br \/>\n<span style=\"color: #ffffff;\">.<\/span><br \/>\n<strong><span style=\"font-size: 14pt;\">18. Februar | <\/span><\/strong><\/span><span style=\"font-size: 14pt;\"><strong><span style=\"font-family: verdana, geneva, sans-serif;\">AfD`ler will wieder Richter werden<\/span><\/strong><\/span><br \/>\n<span style=\"font-family: verdana, geneva, sans-serif; font-size: 12pt;\"><img loading=\"lazy\" class=\"wp-image-29622 aligncenter\" src=\"http:\/\/www.deanreed.de\/AmericanRebel\/2017\/wp-content\/uploads\/2022\/02\/f5gz7-300x81.png\" alt=\"\" width=\"667\" height=\"180\" srcset=\"http:\/\/www.deanreed.de\/AmericanRebel\/2017\/wp-content\/uploads\/2022\/02\/f5gz7-300x81.png 300w, http:\/\/www.deanreed.de\/AmericanRebel\/2017\/wp-content\/uploads\/2022\/02\/f5gz7.png 666w\" sizes=\"(max-width: 667px) 100vw, 667px\" \/>AfD-Politiker Jens Maier will nach dem Ende seiner Bundestagskarriere zur\u00fcck in seinen alten Beruf als Richter. Problematisch ist dieser Wunsch insbesondere aus dem Grund, dass der Verfassungsschutz Maier als \u201erechtsextrem\u201c einstufte. Politiker, Juristen und die breite \u00d6ffentlichkeit halten Maiers R\u00fcckkehr ins Richteramt f\u00fcr \u201eunertr\u00e4glich\u201c.<\/span><br \/>\n<span style=\"color: #000000; font-family: verdana, geneva, sans-serif;\"><span style=\"font-size: 12pt;\"><a href=\"https:\/\/yenihayat.de\/2022\/02\/18\/afdler-will-wieder-richter-werden\/\" target=\"_blank\" rel=\"noopener\"><em>\u00bbYeniHayat\/NeuesLeben\u00ab berichtete<\/em><\/a><br \/>\n<span style=\"color: #ffffff;\">.<\/span><br \/>\n<span style=\"color: #ffffff;\">.<\/span><br \/>\n<strong><span style=\"font-family: verdana, geneva, sans-serif; font-size: 14pt;\">19. Februar | Islamischer und christlicher Terrorismus<\/span><\/strong><br \/>\n<span style=\"font-family: verdana, geneva, sans-serif;\"><img loading=\"lazy\" class=\"wp-image-29122 aligncenter\" src=\"http:\/\/www.deanreed.de\/AmericanRebel\/2017\/wp-content\/uploads\/2021\/12\/vkw-300x81.png\" alt=\"\" width=\"667\" height=\"180\" srcset=\"http:\/\/www.deanreed.de\/AmericanRebel\/2017\/wp-content\/uploads\/2021\/12\/vkw-300x81.png 300w, http:\/\/www.deanreed.de\/AmericanRebel\/2017\/wp-content\/uploads\/2021\/12\/vkw.png 666w\" sizes=\"(max-width: 667px) 100vw, 667px\" \/>\u201eIch habe mich nachts in einem rieisgen Wald verirrt und habe nur ein kleines Licht, um mich zurechtzufinden. Da kommt ein Unbekannter hinzu und sagt zu mir: \u201e<em>Lieber Freund, blase deine Kerze aus, um deinen Weg besser zu finden<\/em>\u201c. Dieser Unbekannte ist ein Theologe\u201c. (Denis Diderot)<\/span><strong><span style=\"font-size: 14pt;\"><br \/>\n<\/span><\/strong><\/span><\/span><a href=\"http:\/\/www.deanreed.de\/AmericanRebel\/2017\/2022\/02\/18\/islamischer-und-christlicher-terrorismus\/\" target=\"_blank\" rel=\"noopener\"><span style=\"color: #000000; font-family: verdana, geneva, sans-serif;\"><span style=\"font-size: 12pt;\"><em>\u00bbAmericanRebel\u00ab berichtete<\/em><\/span><\/span><\/a><br \/>\n<span style=\"font-family: verdana, geneva, sans-serif; font-size: 12pt; color: #ffffff;\">.<\/span><br \/>\n<span style=\"font-family: verdana, geneva, sans-serif; font-size: 12pt; color: #ffffff;\">.<\/span><span style=\"font-family: verdana, geneva, sans-serif; font-size: 12pt; color: #000000;\"><span style=\"font-size: 14pt;\"><span style=\"font-size: 12pt;\"><strong><br \/>\n<\/strong><span style=\"font-family: verdana, geneva, sans-serif; font-size: 14pt;\"><strong>20. Februar |<\/strong> <\/span><\/span><\/span><\/span><span style=\"font-size: 14pt; font-family: verdana, geneva, sans-serif;\"><strong>\u201eNormale Menschen\u201c von Sally Rooney<\/strong><\/span><br \/>\n<span style=\"font-family: verdana, geneva, sans-serif; font-size: 12pt;\"><img loading=\"lazy\" class=\"wp-image-28691 aligncenter\" src=\"http:\/\/www.deanreed.de\/AmericanRebel\/2017\/wp-content\/uploads\/2021\/10\/2-Kopie-1-300x81.png\" alt=\"\" width=\"667\" height=\"180\" srcset=\"http:\/\/www.deanreed.de\/AmericanRebel\/2017\/wp-content\/uploads\/2021\/10\/2-Kopie-1-300x81.png 300w, http:\/\/www.deanreed.de\/AmericanRebel\/2017\/wp-content\/uploads\/2021\/10\/2-Kopie-1.png 666w\" sizes=\"(max-width: 667px) 100vw, 667px\" \/>Sp\u00e4testens die erste Reise vom Frankfurter Flughafen in ein beliebiges Land Asiens, hat f\u00fcr den Reisenden eine wichtige Erkenntnis bereit: Normalit\u00e4t ist relativ. Sie ist beweglich und h\u00e4ngt vom Umfeld ab, dem Normalit\u00e4t erzogen wurde; von Erziehern, die wiederum erzogen wurden. Allerdings reicht auch der genaue Blick in einer einzigen Kleinstadt aus, um das herauszufinden. Der bewegliche Rahmen von Normalit\u00e4t nimmt im mehrfach preisgekr\u00f6nten und auf Deutsch im Dezember 2021 erschienenen Roman \u201eNormale Menschen\u201c von Sally Rooney die besondere Rolle ein, ein sichtbarer Kompass f\u00fcr die Handlungen ihrer Figuren zu sein. Es ist eine Liebesgeschichte des Arbeitersohnes Connel und der wohlhabenden Tochter Marianne, die \u00fcber mehrere Jahre vom Ende ihrer Schulzeit bis zum Ende ihres Studiums f\u00fchrt. Eine wichtige Zeit f\u00fcr die Entwicklung junger Menschen, die lernen m\u00fcssen, mit ihrer Irritation umzugehen, wenn Normalit\u00e4t ein Hindernis f\u00fcr Intimit\u00e4t wird.<br \/>\n<em><a href=\"https:\/\/yenihayat.de\/2022\/02\/18\/buchkritik-normale-menschen-von-sally-rooney\/\" target=\"_blank\" rel=\"noopener\">Mehr auf \u00bbYeniHayat\/NeuesLeben\u00ab<\/a><\/em><\/span><\/p>\n<p style=\"text-align: center;\"><span style=\"color: #ffffff;\">.<br \/>\n<span style=\"font-size: 18pt;\"><strong><span style=\"font-family: verdana, geneva, sans-serif; color: #000000;\">Veranstaltungshinweise<\/span><\/strong><\/span><\/span><\/p>\n<p><img loading=\"lazy\" class=\" wp-image-29539 aligncenter\" src=\"http:\/\/www.deanreed.de\/AmericanRebel\/2017\/wp-content\/uploads\/2022\/02\/23.02-300x156.png\" alt=\"\" width=\"606\" height=\"315\" srcset=\"http:\/\/www.deanreed.de\/AmericanRebel\/2017\/wp-content\/uploads\/2022\/02\/23.02-300x156.png 300w, http:\/\/www.deanreed.de\/AmericanRebel\/2017\/wp-content\/uploads\/2022\/02\/23.02.png 750w\" sizes=\"(max-width: 606px) 100vw, 606px\" \/><\/p>\n<div class=\"\" data-block=\"true\" data-editor=\"7504f\" data-offset-key=\"bsm8h-0-0\">\n<div class=\"public-DraftStyleDefault-block public-DraftStyleDefault-ltr\" style=\"text-align: justify;\" data-offset-key=\"bsm8h-0-0\">\n<div class=\"\" data-block=\"true\" data-editor=\"7504f\" data-offset-key=\"bsm8h-0-0\">\n<div class=\"public-DraftStyleDefault-block public-DraftStyleDefault-ltr\" style=\"text-align: justify;\" data-offset-key=\"bsm8h-0-0\">\n<p style=\"text-align: center;\"><img loading=\"lazy\" class=\" wp-image-29537 aligncenter\" src=\"http:\/\/www.deanreed.de\/AmericanRebel\/2017\/wp-content\/uploads\/2022\/02\/18.02-300x156.png\" alt=\"\" width=\"606\" height=\"315\" srcset=\"http:\/\/www.deanreed.de\/AmericanRebel\/2017\/wp-content\/uploads\/2022\/02\/18.02-300x156.png 300w, http:\/\/www.deanreed.de\/AmericanRebel\/2017\/wp-content\/uploads\/2022\/02\/18.02.png 750w\" sizes=\"(max-width: 606px) 100vw, 606px\" \/><\/p>\n<p style=\"text-align: center;\"><img loading=\"lazy\" class=\" wp-image-29635 aligncenter\" src=\"http:\/\/www.deanreed.de\/AmericanRebel\/2017\/wp-content\/uploads\/2022\/02\/24.02-300x156.png\" alt=\"\" width=\"606\" height=\"315\" srcset=\"http:\/\/www.deanreed.de\/AmericanRebel\/2017\/wp-content\/uploads\/2022\/02\/24.02-300x156.png 300w, http:\/\/www.deanreed.de\/AmericanRebel\/2017\/wp-content\/uploads\/2022\/02\/24.02.png 750w\" sizes=\"(max-width: 606px) 100vw, 606px\" \/><\/p>\n<p style=\"text-align: center;\"><span style=\"font-family: verdana, geneva, sans-serif; font-size: 12pt;\"><span style=\"color: #ffffff;\"><span style=\"color: #000000;\"><span style=\"font-family: verdana, geneva, sans-serif; font-size: 12pt;\"><span style=\"color: #ffffff;\"><img loading=\"lazy\" class=\" wp-image-29637 aligncenter\" src=\"http:\/\/www.deanreed.de\/AmericanRebel\/2017\/wp-content\/uploads\/2022\/02\/02.03-300x156.png\" alt=\"\" width=\"606\" height=\"315\" srcset=\"http:\/\/www.deanreed.de\/AmericanRebel\/2017\/wp-content\/uploads\/2022\/02\/02.03-300x156.png 300w, http:\/\/www.deanreed.de\/AmericanRebel\/2017\/wp-content\/uploads\/2022\/02\/02.03.png 750w\" sizes=\"(max-width: 606px) 100vw, 606px\" \/><\/span><\/span><\/span><\/span><\/span><\/p>\n<p style=\"text-align: center;\"><span style=\"font-family: verdana, geneva, sans-serif; font-size: 12pt;\"><span style=\"color: #ffffff;\"><span style=\"color: #000000;\"><span style=\"font-family: verdana, geneva, sans-serif; font-size: 12pt;\"><span style=\"color: #ffffff;\"><img loading=\"lazy\" class=\" wp-image-29625 aligncenter\" src=\"http:\/\/www.deanreed.de\/AmericanRebel\/2017\/wp-content\/uploads\/2022\/02\/02.03.-300x156.png\" alt=\"\" width=\"606\" height=\"315\" srcset=\"http:\/\/www.deanreed.de\/AmericanRebel\/2017\/wp-content\/uploads\/2022\/02\/02.03.-300x156.png 300w, http:\/\/www.deanreed.de\/AmericanRebel\/2017\/wp-content\/uploads\/2022\/02\/02.03..png 750w\" sizes=\"(max-width: 606px) 100vw, 606px\" \/>.<\/span><br \/>\n<span style=\"color: #ffffff;\">.<\/span><\/span><\/span><\/span><\/span><span style=\"font-size: 10pt;\"><span style=\"font-family: verdana, geneva, sans-serif;\">Die Redaktionen<\/span><span style=\"font-family: verdana, geneva, sans-serif;\"><strong><br \/>\n<\/strong>danken den Volkskorrespondenten\/-innen Hosteni, Zeki, Nico,<\/span><\/span><br \/>\n<span style=\"font-family: verdana, geneva, sans-serif; font-size: 10pt;\">KikiRebel, Rui-Filipe, Sascha, Heinz, Heinrich, Klaus, Fiete, Reinhold u. A.<\/span><br \/>\n<span style=\"font-family: verdana, geneva, sans-serif; font-size: 10pt;\">f\u00fcr die Unterst\u00fctzung bei der Erstellung.<strong><br \/>\n<\/strong>Dieser R\u00fcckblick erhebt nicht den Anspruch auf Vollst\u00e4ndigkeit.<\/span><br \/>\n<span style=\"font-family: verdana, geneva, sans-serif; font-size: 10pt;\"><strong>Verlinkte- und mit Namen gekennzeichnete Texte m\u00fcssen<\/strong><\/span><br \/>\n<span style=\"font-family: verdana, geneva, sans-serif; font-size: 10pt;\"><strong>nicht in allen Punkten den Meinungen unserer Redaktionen entsprechen.<br \/>\n<span style=\"color: #ffffff;\">.<\/span><br \/>\n\u00bbWochenr\u00fcckblick\u00ab ist ein Projekt von<\/strong><strong><a href=\"https:\/\/rotermorgen.eu\/8197-2\/\" target=\"_blank\" rel=\"noopener\"><img loading=\"lazy\" class=\"wp-image-8196 aligncenter\" src=\"https:\/\/rotermorgen.eu\/wp-content\/uploads\/2021\/01\/2-Kopie-2-1.png\" alt=\"\" width=\"292\" height=\"142\" \/><\/a>Schickt uns Eure Kurzberichte<br \/>\nund Veranstaltungshinweise!<br \/>\neMail: <a href=\"mailto:Wochenrueckblick@gmx.net\" target=\"_blank\" rel=\"noopener noreferrer\">Wochenrueckblick@gmx.net<\/a><br \/>\nRedaktionsschluss: Jeden Sonntag 20:00 Uhr<\/strong><\/span><span style=\"font-family: verdana, geneva, sans-serif; font-size: 12pt;\"><span style=\"color: #ffffff;\"><br \/>\n<span style=\"color: #000000;\"><\/div><!-- .hide-this-part --><\/div><!-- hide-this-part-wrap --> <\/span><br \/>\n<\/span><\/span><\/p>\n<\/div>\n<\/div>\n<\/div>\n<\/div>\n","protected":false},"excerpt":{"rendered":"<p>Zur\u00fcckblickend auf die letzten Tage sind uns einige kommentierbare Vorkommnisse ins Auge gefallen, die wir hier zur Diskussion stellen. .N E U. Aktuelle Veranstaltungshinweise ganz unten! . . 14. Februar | 50 Jahre Radikalenerlass \u2013 Weg mit Berufsverboten &amp; Klassenjustiz! [&hellip;]<a class=\"more-link\" href=\"http:\/\/www.deanreed.de\/AmericanRebel\/2017\/2022\/02\/21\/wochenrueckblick-7-kalenderwoche-2022\/\">&darr; Lese den Rest von diesem Eintrag&#8230;<\/a><\/p>\n","protected":false},"author":2,"featured_media":0,"comment_status":"open","ping_status":"open","sticky":false,"template":"","format":"standard","meta":[],"categories":[5094],"tags":[4728,4866,5357,4729,4791,4731,5358,4601,5186,1329,4734,4011,4736],"yoast_head":"<!-- This site is optimized with the Yoast SEO plugin v17.5 - https:\/\/yoast.com\/wordpress\/plugins\/seo\/ -->\n<title>- Wochenr\u00fcckblick 7. Kalenderwoche 2022 &ndash; Onlinezeitung AmericanRebel<\/title>\n<meta name=\"robots\" content=\"index, follow, max-snippet:-1, max-image-preview:large, max-video-preview:-1\" \/>\n<link rel=\"canonical\" href=\"https:\/\/www.deanreed.de\/AmericanRebel\/2017\/2022\/02\/21\/wochenrueckblick-7-kalenderwoche-2022\/\" \/>\n<meta property=\"og:locale\" content=\"de_DE\" \/>\n<meta property=\"og:type\" content=\"article\" \/>\n<meta property=\"og:title\" content=\"- Wochenr\u00fcckblick 7. Kalenderwoche 2022 &ndash; Onlinezeitung AmericanRebel\" \/>\n<meta property=\"og:description\" content=\"Zur\u00fcckblickend auf die letzten Tage sind uns einige kommentierbare Vorkommnisse ins Auge gefallen, die wir hier zur Diskussion stellen. N E U: Aktuelle Veranstaltungshinweise ganz unten!\" \/>\n<meta property=\"og:url\" content=\"https:\/\/www.deanreed.de\/AmericanRebel\/2017\/2022\/02\/21\/wochenrueckblick-7-kalenderwoche-2022\/\" \/>\n<meta property=\"og:site_name\" content=\"Onlinezeitung AmericanRebel\" \/>\n<meta property=\"article:published_time\" content=\"2022-02-20T23:05:21+00:00\" \/>\n<meta property=\"article:modified_time\" content=\"2022-02-21T03:23:48+00:00\" \/>\n<meta property=\"og:image\" content=\"https:\/\/www.deanreed.de\/AmericanRebel\/2017\/wp-content\/uploads\/2020\/12\/3-Kopie.png\" \/>\n\t<meta property=\"og:image:width\" content=\"640\" \/>\n\t<meta property=\"og:image:height\" content=\"460\" \/>\n<meta name=\"twitter:card\" content=\"summary_large_image\" \/>\n<meta name=\"twitter:label1\" content=\"Verfasst von\" \/>\n\t<meta name=\"twitter:data1\" content=\"Redaktion\" \/>\n\t<meta name=\"twitter:label2\" content=\"Gesch\u00e4tzte Lesezeit\" \/>\n\t<meta name=\"twitter:data2\" content=\"5\u00a0Minuten\" \/>\n<script type=\"application\/ld+json\" class=\"yoast-schema-graph\">{\"@context\":\"https:\/\/schema.org\",\"@graph\":[{\"@type\":\"WebSite\",\"@id\":\"https:\/\/www.deanreed.de\/AmericanRebel\/2017\/#website\",\"url\":\"https:\/\/www.deanreed.de\/AmericanRebel\/2017\/\",\"name\":\"Onlinezeitung AmericanRebel\",\"description\":\"Internationale Onlinezeitung f\\u00fcr Frieden, Humanismus, V\\u00f6lkerverst\\u00e4ndigung und Kultur\",\"potentialAction\":[{\"@type\":\"SearchAction\",\"target\":{\"@type\":\"EntryPoint\",\"urlTemplate\":\"https:\/\/www.deanreed.de\/AmericanRebel\/2017\/?s={search_term_string}\"},\"query-input\":\"required name=search_term_string\"}],\"inLanguage\":\"de\"},{\"@type\":\"ImageObject\",\"@id\":\"https:\/\/www.deanreed.de\/AmericanRebel\/2017\/2022\/02\/21\/wochenrueckblick-7-kalenderwoche-2022\/#primaryimage\",\"inLanguage\":\"de\",\"url\":\"http:\/\/www.deanreed.de\/AmericanRebel\/2017\/wp-content\/uploads\/2020\/12\/3-Kopie.png\",\"contentUrl\":\"http:\/\/www.deanreed.de\/AmericanRebel\/2017\/wp-content\/uploads\/2020\/12\/3-Kopie.png\",\"width\":640,\"height\":460},{\"@type\":\"WebPage\",\"@id\":\"https:\/\/www.deanreed.de\/AmericanRebel\/2017\/2022\/02\/21\/wochenrueckblick-7-kalenderwoche-2022\/#webpage\",\"url\":\"https:\/\/www.deanreed.de\/AmericanRebel\/2017\/2022\/02\/21\/wochenrueckblick-7-kalenderwoche-2022\/\",\"name\":\"- Wochenr\\u00fcckblick 7. Kalenderwoche 2022 &ndash; Onlinezeitung AmericanRebel\",\"isPartOf\":{\"@id\":\"https:\/\/www.deanreed.de\/AmericanRebel\/2017\/#website\"},\"primaryImageOfPage\":{\"@id\":\"https:\/\/www.deanreed.de\/AmericanRebel\/2017\/2022\/02\/21\/wochenrueckblick-7-kalenderwoche-2022\/#primaryimage\"},\"datePublished\":\"2022-02-20T23:05:21+00:00\",\"dateModified\":\"2022-02-21T03:23:48+00:00\",\"author\":{\"@id\":\"https:\/\/www.deanreed.de\/AmericanRebel\/2017\/#\/schema\/person\/9edfca7917cd10b75edaae51c6e7935a\"},\"breadcrumb\":{\"@id\":\"https:\/\/www.deanreed.de\/AmericanRebel\/2017\/2022\/02\/21\/wochenrueckblick-7-kalenderwoche-2022\/#breadcrumb\"},\"inLanguage\":\"de\",\"potentialAction\":[{\"@type\":\"ReadAction\",\"target\":[\"https:\/\/www.deanreed.de\/AmericanRebel\/2017\/2022\/02\/21\/wochenrueckblick-7-kalenderwoche-2022\/\"]}]},{\"@type\":\"BreadcrumbList\",\"@id\":\"https:\/\/www.deanreed.de\/AmericanRebel\/2017\/2022\/02\/21\/wochenrueckblick-7-kalenderwoche-2022\/#breadcrumb\",\"itemListElement\":[{\"@type\":\"ListItem\",\"position\":1,\"name\":\"Startseite\",\"item\":\"https:\/\/www.deanreed.de\/AmericanRebel\/2017\/\"},{\"@type\":\"ListItem\",\"position\":2,\"name\":\"&#8211; Wochenr\\u00fcckblick 7. Kalenderwoche 2022\"}]},{\"@type\":\"Person\",\"@id\":\"https:\/\/www.deanreed.de\/AmericanRebel\/2017\/#\/schema\/person\/9edfca7917cd10b75edaae51c6e7935a\",\"name\":\"Redaktion\",\"url\":\"http:\/\/www.deanreed.de\/AmericanRebel\/2017\/author\/redaktion\/\"}]}<\/script>\n<!-- \/ Yoast SEO plugin. -->","yoast_head_json":{"title":"- Wochenr\u00fcckblick 7. Kalenderwoche 2022 &ndash; Onlinezeitung AmericanRebel","robots":{"index":"index","follow":"follow","max-snippet":"max-snippet:-1","max-image-preview":"max-image-preview:large","max-video-preview":"max-video-preview:-1"},"canonical":"https:\/\/www.deanreed.de\/AmericanRebel\/2017\/2022\/02\/21\/wochenrueckblick-7-kalenderwoche-2022\/","og_locale":"de_DE","og_type":"article","og_title":"- Wochenr\u00fcckblick 7. Kalenderwoche 2022 &ndash; Onlinezeitung AmericanRebel","og_description":"Zur\u00fcckblickend auf die letzten Tage sind uns einige kommentierbare Vorkommnisse ins Auge gefallen, die wir hier zur Diskussion stellen. N E U: Aktuelle Veranstaltungshinweise ganz unten!","og_url":"https:\/\/www.deanreed.de\/AmericanRebel\/2017\/2022\/02\/21\/wochenrueckblick-7-kalenderwoche-2022\/","og_site_name":"Onlinezeitung AmericanRebel","article_published_time":"2022-02-20T23:05:21+00:00","article_modified_time":"2022-02-21T03:23:48+00:00","og_image":[{"width":640,"height":460,"url":"https:\/\/www.deanreed.de\/AmericanRebel\/2017\/wp-content\/uploads\/2020\/12\/3-Kopie.png","type":"image\/png"}],"twitter_card":"summary_large_image","twitter_misc":{"Verfasst von":"Redaktion","Gesch\u00e4tzte Lesezeit":"5\u00a0Minuten"},"schema":{"@context":"https:\/\/schema.org","@graph":[{"@type":"WebSite","@id":"https:\/\/www.deanreed.de\/AmericanRebel\/2017\/#website","url":"https:\/\/www.deanreed.de\/AmericanRebel\/2017\/","name":"Onlinezeitung AmericanRebel","description":"Internationale Onlinezeitung f\u00fcr Frieden, Humanismus, V\u00f6lkerverst\u00e4ndigung und Kultur","potentialAction":[{"@type":"SearchAction","target":{"@type":"EntryPoint","urlTemplate":"https:\/\/www.deanreed.de\/AmericanRebel\/2017\/?s={search_term_string}"},"query-input":"required name=search_term_string"}],"inLanguage":"de"},{"@type":"ImageObject","@id":"https:\/\/www.deanreed.de\/AmericanRebel\/2017\/2022\/02\/21\/wochenrueckblick-7-kalenderwoche-2022\/#primaryimage","inLanguage":"de","url":"http:\/\/www.deanreed.de\/AmericanRebel\/2017\/wp-content\/uploads\/2020\/12\/3-Kopie.png","contentUrl":"http:\/\/www.deanreed.de\/AmericanRebel\/2017\/wp-content\/uploads\/2020\/12\/3-Kopie.png","width":640,"height":460},{"@type":"WebPage","@id":"https:\/\/www.deanreed.de\/AmericanRebel\/2017\/2022\/02\/21\/wochenrueckblick-7-kalenderwoche-2022\/#webpage","url":"https:\/\/www.deanreed.de\/AmericanRebel\/2017\/2022\/02\/21\/wochenrueckblick-7-kalenderwoche-2022\/","name":"- Wochenr\u00fcckblick 7. Kalenderwoche 2022 &ndash; Onlinezeitung AmericanRebel","isPartOf":{"@id":"https:\/\/www.deanreed.de\/AmericanRebel\/2017\/#website"},"primaryImageOfPage":{"@id":"https:\/\/www.deanreed.de\/AmericanRebel\/2017\/2022\/02\/21\/wochenrueckblick-7-kalenderwoche-2022\/#primaryimage"},"datePublished":"2022-02-20T23:05:21+00:00","dateModified":"2022-02-21T03:23:48+00:00","author":{"@id":"https:\/\/www.deanreed.de\/AmericanRebel\/2017\/#\/schema\/person\/9edfca7917cd10b75edaae51c6e7935a"},"breadcrumb":{"@id":"https:\/\/www.deanreed.de\/AmericanRebel\/2017\/2022\/02\/21\/wochenrueckblick-7-kalenderwoche-2022\/#breadcrumb"},"inLanguage":"de","potentialAction":[{"@type":"ReadAction","target":["https:\/\/www.deanreed.de\/AmericanRebel\/2017\/2022\/02\/21\/wochenrueckblick-7-kalenderwoche-2022\/"]}]},{"@type":"BreadcrumbList","@id":"https:\/\/www.deanreed.de\/AmericanRebel\/2017\/2022\/02\/21\/wochenrueckblick-7-kalenderwoche-2022\/#breadcrumb","itemListElement":[{"@type":"ListItem","position":1,"name":"Startseite","item":"https:\/\/www.deanreed.de\/AmericanRebel\/2017\/"},{"@type":"ListItem","position":2,"name":"&#8211; Wochenr\u00fcckblick 7. Kalenderwoche 2022"}]},{"@type":"Person","@id":"https:\/\/www.deanreed.de\/AmericanRebel\/2017\/#\/schema\/person\/9edfca7917cd10b75edaae51c6e7935a","name":"Redaktion","url":"http:\/\/www.deanreed.de\/AmericanRebel\/2017\/author\/redaktion\/"}]}},"_links":{"self":[{"href":"http:\/\/www.deanreed.de\/AmericanRebel\/2017\/wp-json\/wp\/v2\/posts\/29627"}],"collection":[{"href":"http:\/\/www.deanreed.de\/AmericanRebel\/2017\/wp-json\/wp\/v2\/posts"}],"about":[{"href":"http:\/\/www.deanreed.de\/AmericanRebel\/2017\/wp-json\/wp\/v2\/types\/post"}],"author":[{"embeddable":true,"href":"http:\/\/www.deanreed.de\/AmericanRebel\/2017\/wp-json\/wp\/v2\/users\/2"}],"replies":[{"embeddable":true,"href":"http:\/\/www.deanreed.de\/AmericanRebel\/2017\/wp-json\/wp\/v2\/comments?post=29627"}],"version-history":[{"count":14,"href":"http:\/\/www.deanreed.de\/AmericanRebel\/2017\/wp-json\/wp\/v2\/posts\/29627\/revisions"}],"predecessor-version":[{"id":29644,"href":"http:\/\/www.deanreed.de\/AmericanRebel\/2017\/wp-json\/wp\/v2\/posts\/29627\/revisions\/29644"}],"wp:attachment":[{"href":"http:\/\/www.deanreed.de\/AmericanRebel\/2017\/wp-json\/wp\/v2\/media?parent=29627"}],"wp:term":[{"taxonomy":"category","embeddable":true,"href":"http:\/\/www.deanreed.de\/AmericanRebel\/2017\/wp-json\/wp\/v2\/categories?post=29627"},{"taxonomy":"post_tag","embeddable":true,"href":"http:\/\/www.deanreed.de\/AmericanRebel\/2017\/wp-json\/wp\/v2\/tags?post=29627"}],"curies":[{"name":"wp","href":"https:\/\/api.w.org\/{rel}","templated":true}]}}