{"id":29403,"date":"2022-01-24T02:23:15","date_gmt":"2022-01-24T01:23:15","guid":{"rendered":"http:\/\/www.deanreed.de\/AmericanRebel\/2017\/?p=29403"},"modified":"2022-01-24T02:23:15","modified_gmt":"2022-01-24T01:23:15","slug":"wahlkampf-in-portugal-neuste-umfrage-deutet-auf-fortsetzung-von-premierminister-costas-minderheitsregierung","status":"publish","type":"post","link":"http:\/\/www.deanreed.de\/AmericanRebel\/2017\/2022\/01\/24\/wahlkampf-in-portugal-neuste-umfrage-deutet-auf-fortsetzung-von-premierminister-costas-minderheitsregierung\/","title":{"rendered":"&#8211; Wahlkampf in Portugal \u2013 Neuste Umfrage deutet auf Fortsetzung von Premierminister Costas Minderheitsregierung"},"content":{"rendered":"<blockquote><p><em><span style=\"font-family: verdana, geneva, sans-serif; font-size: 12pt;\"><a href=\"http:\/\/www.deanreed.de\/AmericanRebel\/2017\/?p=15038\" target=\"_blank\" rel=\"noopener\">Volkskorrespondentin<\/a> Rui Filipe Gutschmidt \u2013 27. Januar 2022<\/span><\/em><img loading=\"lazy\" class=\" wp-image-26040 alignright\" src=\"http:\/\/www.deanreed.de\/AmericanRebel\/2017\/wp-content\/uploads\/2020\/10\/vk-300x300.png\" alt=\"\" width=\"105\" height=\"105\" srcset=\"http:\/\/www.deanreed.de\/AmericanRebel\/2017\/wp-content\/uploads\/2020\/10\/vk.png 300w, http:\/\/www.deanreed.de\/AmericanRebel\/2017\/wp-content\/uploads\/2020\/10\/vk-150x150.png 150w\" sizes=\"(max-width: 105px) 100vw, 105px\" \/><\/p><\/blockquote>\n<h2><span style=\"font-family: verdana, geneva, sans-serif; font-size: 16pt; color: #993300;\"><strong>Wahlkampf in Portugal \u2013 Neuste Umfrage deutet auf Fortsetzung von Premierminister Costas Minderheitsregierung<\/strong><\/span><\/h2>\n<div id=\"attachment_27805\" style=\"width: 110px\" class=\"wp-caption alignleft\"><img aria-describedby=\"caption-attachment-27805\" loading=\"lazy\" class=\"size-full wp-image-27805\" src=\"http:\/\/www.deanreed.de\/AmericanRebel\/2017\/wp-content\/uploads\/2021\/06\/13.png\" alt=\"\" width=\"100\" height=\"150\" \/><p id=\"caption-attachment-27805\" class=\"wp-caption-text\">Rui Filipe Gutschmidt<\/p><\/div>\n<p style=\"text-align: justify;\"><strong><span style=\"font-family: verdana, geneva, sans-serif; font-size: 12pt;\"><span lang=\"de-DE\">Der Wahlkampf in Portugal hat begonnen und wie versprochen berichtet IW f\u00fcr unsere vielen in Portugal lebenden oder sonst mit diesem sch\u00f6nen Land verbundenen Leser \u00fcber die f\u00fcr den 30. Januar angesetzten Wahlen. Bisher gab es schon einige TV-Debatten und Vorwahlkampfveranstaltungen und nat\u00fcrlich die ewige, unscheinbar auf Samtpfoten daher kommende Berieselung mit (Experten)Propaganda in den (meist privaten) Medien. Die Umfrageergebnisse geben einen Einblick in die Gef\u00fchlswelt der Portugiesen zwei Wochen vor der Wahl.<\/span><\/span><\/strong><\/p>\n<div id=\"attachment_29405\" style=\"width: 236px\" class=\"wp-caption alignright\"><a href=\"https:\/\/i0.wp.com\/www.orangesmile.com\/common\/img_country_maps_provinces\/portugal-map-provinces-0.jpg?ssl=1\" target=\"_blank\" rel=\"noopener\"><img aria-describedby=\"caption-attachment-29405\" loading=\"lazy\" class=\" wp-image-29405\" src=\"http:\/\/www.deanreed.de\/AmericanRebel\/2017\/wp-content\/uploads\/2022\/01\/u\u0308u\u0308u\u0308-152x300.jpg\" alt=\"\" width=\"226\" height=\"446\" srcset=\"http:\/\/www.deanreed.de\/AmericanRebel\/2017\/wp-content\/uploads\/2022\/01\/u\u0308u\u0308u\u0308-152x300.jpg 152w, http:\/\/www.deanreed.de\/AmericanRebel\/2017\/wp-content\/uploads\/2022\/01\/u\u0308u\u0308u\u0308-518x1024.jpg 518w, http:\/\/www.deanreed.de\/AmericanRebel\/2017\/wp-content\/uploads\/2022\/01\/u\u0308u\u0308u\u0308-768x1519.jpg 768w, http:\/\/www.deanreed.de\/AmericanRebel\/2017\/wp-content\/uploads\/2022\/01\/u\u0308u\u0308u\u0308-776x1536.jpg 776w, http:\/\/www.deanreed.de\/AmericanRebel\/2017\/wp-content\/uploads\/2022\/01\/u\u0308u\u0308u\u0308.jpg 1011w\" sizes=\"(max-width: 226px) 100vw, 226px\" \/><\/a><p id=\"caption-attachment-29405\" class=\"wp-caption-text\">Provinzkarte von Portugal.<br \/>Durch klicken auf die Karte k\u00f6nnen Sie sie vergr\u00f6\u00dfern.<\/p><\/div>\n<p style=\"text-align: justify;\"><span style=\"font-family: Verdana, sans-serif;\"><span style=\"font-size: medium;\">Der Wahlkampf hat begonnen, offiziell am Sonntag 15. Januar. Gleichzeitig mit dem Auftakt wurde eine neue Umfrage ver\u00f6ffentlicht, die ich hier nun im N\u00e4heren erkl\u00e4re. Dabei bem\u00fche ich mich um Objektivit\u00e4t, wobei ich meine Parteizugeh\u00f6rigkeit (Bloco Esquerda) nicht verheimliche. Meine Analyse wird nat\u00fcrlich auch von meinen pers\u00f6nlichen Ansichten beeinflusst. Solange dies dem Leser klar ist, kann ich als Autor auch offen meine Meinung zu politischen Fragen \u00e4u\u00dfern, die uns alle besch\u00e4ftigen und unsere Leben direkt oder indirekt beeinflussen.<\/span><\/span><\/p>\n<p style=\"text-align: justify;\"><span style=\"font-family: Verdana, sans-serif;\"><span style=\"font-size: medium;\">Wie jedes mal wird auch in diesem Wahlkampf mehr schmutzige W\u00e4sche gewaschen als wesentliche Probleml\u00f6sungen zu pr\u00e4sentieren. Die F\u00e4higkeit den W\u00e4hler zu manipulieren ist vielen Politikern auch in Portugal wichtiger, als mit Argumenten zu \u00fcberzeugen. Die Umfrage vom letzten Sonntag zeigt allerdings, dass sich noch zu viele Portugiesen von dem rechtsextremen Populisten Andre Ventura aufhetzen lassen. Seine Partei, CHEGA, kommt auf einen Rekordwert, wobei er es nicht schafft seinen eigenen Laden so unter Kontrolle zu bringen wie seine vermeintlichen Vorbilder (Trump, Le Pen, die starken \u201eF\u00fchrer\u201c der 30er und 40er Jahre)&#8230;<br \/>\n<div class=\"hide-this-part-wrap\"><div class=\"hide-this-part-more\" id=\"hide-this-part-0\" morelink-text=\"hier geht es weiter\">hier geht es weiter \u00bb<\/div><div class=\"hide-this-part\" status=\"invisible\"><br \/>\n<span style=\"color: #ffffff;\">.<\/span><br \/>\n<\/span><\/span><span style=\"font-family: Verdana, sans-serif;\"><span style=\"font-size: medium;\"><b>Die Umfrageergebnisse:<\/b><\/span> <\/span><\/p>\n<p style=\"text-align: justify;\"><span style=\"font-family: Verdana, sans-serif;\"><span style=\"font-size: medium;\"><i>CHEGA (es reicht) \u2013 Rechtspopulisten, Neofaschisten <b>9%<br \/>\n<\/b><\/i><\/span><\/span><span style=\"font-family: Verdana, sans-serif;\"><span style=\"font-size: medium;\">Typischer Rechtspopulismus, der sich einzig auf die Figur des Vorsetzenden Andr\u00e9 Ventura konzentriert. CHEGA ist zu einem gro\u00dfen Teil f\u00fcr den Stimmenverlust der konservativen Mitterechtsparteien (CDS\/PP, PSD\/PPD) verantwortlich. Die anderen Parteien lehnen eine Koalition mit CHEGA kategorisch ab.<br \/>\n<\/span><\/span><\/p>\n<p style=\"text-align: justify;\"><span style=\"font-family: Verdana, sans-serif;\"><span style=\"font-size: medium;\"><i>IL (Liberale Initiative) \u2013 Neoliberal<\/i><\/span> <span style=\"font-size: medium;\"><b>3,7%<br \/>\n<\/b><\/span><\/span><span style=\"font-family: Verdana, sans-serif;\"><span style=\"font-size: medium;\">Die Partei der Banker, Unternehmer und Anw\u00e4lte vergleicht sich mit der deutschen FDP oder den britischen Liberals. In der Kampagne verherrlichen sie den Neoliberalismus der EU und der USA. Ihrer These nach, steigt der Lebensstandard ganz von allein, wenn man nur den Unternehmen genug \u201eSpielraum\u201c gibt. Wachstum um jeden Preis? \u201eDer Markt reguliert sich selbst\u201c? Millionen von Menschen mit Niedrigl\u00f6hnen und ohne Arbeitnehmerrechte widersprechen dieser These allerdings.<\/span><\/span><\/p>\n<p style=\"text-align: justify;\"><span style=\"font-family: Verdana, sans-serif;\"><span style=\"font-size: medium;\"><i>CDS (Sozialdemokratisches Zentrum) \u2013 Christdemokraten, Konservative <b>1,8%<br \/>\n<\/b><\/i>Der ehemalige \u201ekleine Koalitionspartner\u201c der \u201eTroikaregierung\u201c, auch bekannt als \u201eSch\u00e4ubles Lakaien\u201c, (PSD\/CDS \u2013 Passos Coelho\/Paulo Portas), k\u00e4mpft ums \u00fcberleben. Altfaschisten w\u00e4hlen CHEGA und die alten Seilschaften haben sich \u201eabgeseilt\u201c. Der Partei machen die Korruptionsskandale und Mauscheleien aus ihrer letzten Regierungsbeteiligung zu schaffen. Echte Christdemokraten sind kaum noch in der Partei und W\u00e4hler bevorzugen eher die PSD.<\/span><\/span><\/p>\n<p style=\"text-align: justify;\"><span style=\"font-family: Verdana, sans-serif;\"><span style=\"font-size: medium;\"><i>PSD (Sozialdemokratische Partei) \u2013 Mitterechts, Konservativ, Neoliberale Z\u00fcge <b>28,5%<br \/>\n<\/b><\/i><\/span><\/span><span style=\"font-family: Verdana, sans-serif;\"><span style=\"font-size: medium;\">Der \u201eHerausforderer\u201c von Premierminister Costa, Rui Rio, hat den internen Zwist mit dem ehemaligen EU-Abgeordneten Carlos Moedas zun\u00e4chst einmal beigelegt und ist bem\u00fcht die gesamte W\u00e4hlerschaft des Rechtsspektrums und die (wenigen) entt\u00e4uschten W\u00e4hler der Regierungspartei PS hinter sich zu vereinen. Daher macht er nur wage Aussagen zu seinen eigenen Pl\u00e4nen und kritisiert daf\u00fcr lieber die Regierungsarbeit und die \u201eLinksextremisten\u201c. \u201eWer Wirtschaftswachstum und einen ausgeglichenen Haushalt will, der muss PSD w\u00e4hlen\u201c, so die Aussage Rios. Dabei hofft der Ex-B\u00fcrgermeister von Porto, dass die W\u00e4hler ein kurzes Ged\u00e4chtnis haben. Denn der Haushalt 2019 (vor COVID) konnte erstmals in der Geschichte der Demokratie in Portugal einen \u00dcberschuss verzeichnen. Nat\u00fcrlich ging das zu Lasten der Arbeitnehmerrechte, der Rentner und des Sozialstaats, was der Mitterechtspartei aber egal ist, wie sie in der Zeit der Troika 2011-2015 klar bewiesen haben.<\/span><\/span><\/p>\n<p style=\"text-align: justify;\"><span style=\"font-family: Verdana, sans-serif;\"><span style=\"font-size: medium;\"><i>PAN (Personen, Tiere und Natur) \u2013 Mitterechts, Umwelt- und Tierschutz <\/i><\/span><span style=\"font-size: medium;\"><i><b>2,1%<\/b><\/i><\/span><span style=\"font-size: medium;\"><i><br \/>\n<\/i><\/span><span style=\"font-size: medium;\">Die Tiersch\u00fctzer waren 2019 zum ersten mal im Parlament vertreten und schafften es gleich 4 Sitze zu ergattern. Sie haben eine teils radikale Agenda, geben sich aber ganz offen als kompromissbereite Verhandlungs- und m\u00f6gliche Koalitionspartner f\u00fcr alle au\u00dfer CHEGA.<\/span><\/span><\/p>\n<p style=\"text-align: justify;\"><span style=\"font-family: Verdana, sans-serif;\"><span style=\"font-size: medium;\">Livre (Freie) &#8211; <i>Linksprogressiv, \u00d6kologie ca. <\/i><i><b>1,2%<br \/>\n<\/b><\/i><\/span><\/span><span style=\"font-family: Verdana, sans-serif;\"><span style=\"font-size: medium;\">Die Partei, die eine Abspaltung vom Linken Block ist, konnte 2019 eine Abgeordnete ins Parlament entsenden. Doch diese verwarf sich mit ihren Genossen und machte ihr eigenes Ding. Diesmal tritt der Gr\u00fcnder Rui Tavares erneut als Spitzenkandidat an und versucht Stimmen aus dem Mittelinkslager zu bekommen. <\/span><\/span><\/p>\n<p style=\"text-align: justify;\"><span style=\"font-family: Verdana, sans-serif;\"><span style=\"font-size: medium;\"><i>PS (Sozialistische Partei) \u2013 Sozialdemokraten, Mittelinks, Progressiv <b>38,1%<br \/>\n<\/b><\/i><\/span><\/span><span style=\"font-family: Verdana, sans-serif;\"><span style=\"font-size: medium;\">Der Regierungschef Ant\u00f3nio Costa will die absolute Mehrheit f\u00fcr die Partido Socialista (PS), doch es sieht nicht danach aus, dass ihm dies gelingen k\u00f6nnte. Die Portugiesen sind nicht bereit einer einzelnen Partei so viel Macht zu geben. Der Wahlsieg, also st\u00e4rkste Partei zu werden, wird den Sozialisten zwar gelingen, aber Costa wird auch dieses mal auf die Unterst\u00fctzung anderer Parteien angewiesen sein, um eine Regierung zu bilden. Dabei gibt er, wie schon nach den letzten beiden Wahlen, den Parteien zu seiner Linken den Vorzug, auch wenn er dies derzeit nicht klar aussprechen will. Costa hat schlie\u00dflich seine gesamte Strategie darauf ausgerichtet dem Linken Block und der PCP die Schuld f\u00fcr das Scheitern seiner Regierung (nicht Annahme des Haushaltsplans) zuzuweisen. Doch am Ende entscheidet der W\u00e4hler dar\u00fcber wer wie mit wem regiert. Das Linksb\u00fcndnis, das 2015 als \u201eGeringon\u00e7a\u201c bekannt wurde, kommt laut aktuellen Umfragen, auf 51-53 Prozent. Diesmal wird die PS allerdings nicht um eine schriftliche Vereinbarung drum herum kommen.<\/span><\/span><\/p>\n<p style=\"text-align: justify;\"><span style=\"font-family: Verdana, sans-serif;\"><span style=\"font-size: medium;\"><i>CDU (Unitarisch-Demokratische Koalition) = PCP+PEV (Kommunistische Partei Portugals+\u00d6kologische Parte \u201edie Gr\u00fcnen\u201c &#8211; Kommunisten + Links\u00f6kologische Umweltschutzpartei <b>4,8%<br \/>\n<\/b><\/i><\/span><\/span><span style=\"font-family: Verdana, sans-serif;\"><span style=\"font-size: medium;\">Die CDU \u2013 B\u00fcndnis zwischen der Kommunistischen Partei PCP und den Linksgr\u00fcnen PEV \u2013 arbeiten auf eine Neuauflage der \u201eGeringon\u00e7a\u201c hin. Dabei ist das Ziel der CDU auch m\u00f6glichst viele Sitze im Parlament zu erringen, um Costa eine schriftliche Vereinbarung abzuringen und um dem Arbeiternehmern ihre Rechte wieder zu geben, die ihnen die Mitterechtsregierung der Troika 2011-2015 genommen hat.<\/span><\/span><\/p>\n<p style=\"text-align: justify;\"><span style=\"font-family: Verdana, sans-serif;\"><span style=\"font-size: medium;\"><i>BE (Linker Block) \u2013 Linksprogressive, Sozialisten <b>7,4%<br \/>\n<\/b><\/i><\/span><\/span><span style=\"font-family: Verdana, sans-serif;\"><span style=\"font-size: medium;\">Die Partei die mit der Vorsitzenden Catarina Martins eine starke F\u00fchrerin hat, die sich f\u00fcr die Rechte der Arbeitnehmer, Rentner und all jenen einsetzt die im neoliberalen System vergessen, ausgebeutet oder diskriminiert werden, k\u00e4mpft ebenfalls f\u00fcr eine Neuauflage der \u201eGeringon\u00e7a\u201c mit einem verst\u00e4rkten Stimmanteil. Die Kampagne lief bisher gut f\u00fcr die Linksprogressiven, denen Anfangs \u201edie Schuld f\u00fcr das Scheitern der Regierung\u201c, die \u201eihre Arbeit gut macht\u201c angelastet wurde. Inzwischen haben viele begriffen, dass es vor allem an Premierminister Costa lag, der in Fragen wie der Mindestlohnerh\u00f6hung und Wiederherstellung der Arbeitnehmerrechte nicht verhandeln wollte, um dadurch die absolute Mehrheit bei Neuwahlen einfordern zu k\u00f6nnen. <\/span><\/span><\/p>\n<p style=\"text-align: justify;\"><span style=\"font-family: Verdana, sans-serif;\"><span style=\"font-size: medium;\">(Nochmals weise ich alle Leser\/innen auf meine Parteizugeh\u00f6rigkeit hin. Als Parteimitglied beim Bloco Esquerda ist meine Analyse zu diesem Thema nicht unvoreingenommen. Es spiegelt sich demnach meine pers\u00f6nliche Meinung und politische Einstellung in diesem Artikel wieder.)<\/span><\/span><\/p>\n<p style=\"text-align: justify;\"><span style=\"font-family: Verdana, sans-serif;\"><span style=\"font-size: medium;\">Der Wahlkampf geht in seine Endphase und am 30. Januar w\u00e4hlen die Portugiesen ein neues Parlament. An diesem Tag spielen alle Umfrageergebnisse keine Rolle mehr und all die Manipulationen, gegenseitigen Vorw\u00fcrfe, Versprechen, Propagandatricks und L\u00fcgen sind Wertlos. Das Volk entscheidet wer sie im Parlament vertritt.<br \/>\n<span style=\"color: #ffffff;\">.<\/span><br \/>\n<\/span><\/span><span style=\"font-size: 14pt;\"><em><strong><span style=\"font-family: verdana, geneva, sans-serif;\">Lesen sie auch zu diesem Thema:<\/span><\/strong><\/em><\/span><\/p>\n<blockquote class=\"wp-embedded-content\" data-secret=\"XiPFqk5AOR\"><p><a href=\"https:\/\/info-welt.info\/2022\/01\/02\/propaganda-und-opportunismus-warum-portugal-ein-neues-parlament-waehlt\/\">Propaganda und Opportunismus &#8211; Warum Portugal ein neues Parlament w\u00e4hlt<\/a><\/p><\/blockquote>\n<p><iframe class=\"wp-embedded-content\" sandbox=\"allow-scripts\" security=\"restricted\" style=\"position: absolute; clip: rect(1px, 1px, 1px, 1px);\" title=\"&#8222;Propaganda und Opportunismus &#8211; Warum Portugal ein neues Parlament w\u00e4hlt&#8220; &#8212; \" src=\"https:\/\/info-welt.info\/2022\/01\/02\/propaganda-und-opportunismus-warum-portugal-ein-neues-parlament-waehlt\/embed\/#?secret=XiPFqk5AOR\" data-secret=\"XiPFqk5AOR\" width=\"500\" height=\"282\" frameborder=\"0\" marginwidth=\"0\" marginheight=\"0\" scrolling=\"no\"><\/iframe><\/p>\n<p>&nbsp;<\/p>\n<p style=\"text-align: justify;\"><span style=\"font-family: verdana, geneva, sans-serif; font-size: 10pt;\">Erstver\u00f6ffentlichung am 20. Dezember 2021 auf \u00bbInfo-Welt\u00ab . Ver\u00f6ffentlichung mit freundlicher Genehmigung des Herausgebers.<br \/>\n<\/span><span style=\"color: #ffffff;\">.<\/span><\/p>\n<p><a href=\"http:\/\/www.deanreed.de\/AmericanRebel\/2017\/2020\/04\/03\/spendenaufruf\/\" target=\"_blank\" rel=\"noopener\"><img loading=\"lazy\" class=\"wp-image-29256 aligncenter\" src=\"http:\/\/www.deanreed.de\/AmericanRebel\/2017\/wp-content\/uploads\/2037\/12\/pay-300x69.png\" alt=\"\" width=\"670\" height=\"154\" srcset=\"http:\/\/www.deanreed.de\/AmericanRebel\/2017\/wp-content\/uploads\/2037\/12\/pay-300x69.png 300w, http:\/\/www.deanreed.de\/AmericanRebel\/2017\/wp-content\/uploads\/2037\/12\/pay-1024x237.png 1024w, http:\/\/www.deanreed.de\/AmericanRebel\/2017\/wp-content\/uploads\/2037\/12\/pay-768x178.png 768w, http:\/\/www.deanreed.de\/AmericanRebel\/2017\/wp-content\/uploads\/2037\/12\/pay.png 1297w\" sizes=\"(max-width: 670px) 100vw, 670px\" \/><\/a><\/p>\n<p style=\"text-align: justify;\"><span style=\"color: #ffffff;\">.<\/span><\/p>\n<blockquote>\n<div style=\"margin-left: 10px;\"><a title=\"zur Startseite\" href=\"http:\/\/www.americanrebel.de\/\"><img loading=\"lazy\" class=\"alignleft\" src=\"http:\/\/www.deanreed.de\/AmericanRebel\/2017\/wp-content\/uploads\/2017\/03\/back_ar.png\" alt=\"zur\u00fcck zur Startseite\" width=\"156\" height=\"15\" \/><\/a><\/div>\n<div style=\"margin-right: 10px;\"><a href=\"https:\/\/www.facebook.com\/groups\/1683837971860223\/permalink\/1987214344855916\/\" target=\"_blank\" rel=\"noopener noreferrer\"><img loading=\"lazy\" class=\"alignright\" src=\"http:\/\/www.deanreed.de\/AmericanRebel\/2017\/wp-content\/uploads\/2017\/03\/ar_zu_fb.png\" alt=\"hier geht es zur Facebook Diskussionsgruppe\" width=\"353\" height=\"15\" \/><\/a><\/div>\n<p style=\"text-align: center;\"><a href=\"#respond\" target=\"_blank\" rel=\"noopener noreferrer\"><img loading=\"lazy\" class=\"aligncenter\" src=\"http:\/\/www.deanreed.de\/AmericanRebel\/2017\/wp-content\/uploads\/2017\/03\/ar_kommentar-1.png\" alt=\"Sag uns deine Meinung zum Artikel mit einem Kommentar\/Leserbrief\" width=\"627\" height=\"20\" \/><\/a><\/p>\n<\/blockquote>\n<p><\/div><!-- .hide-this-part --><\/div><!-- hide-this-part-wrap --><\/p>\n","protected":false},"excerpt":{"rendered":"<p>Volkskorrespondentin Rui Filipe Gutschmidt \u2013 27. Januar 2022 Wahlkampf in Portugal \u2013 Neuste Umfrage deutet auf Fortsetzung von Premierminister Costas Minderheitsregierung Der Wahlkampf in Portugal hat begonnen und wie versprochen berichtet IW f\u00fcr unsere vielen in Portugal lebenden oder sonst [&hellip;]<a class=\"more-link\" href=\"http:\/\/www.deanreed.de\/AmericanRebel\/2017\/2022\/01\/24\/wahlkampf-in-portugal-neuste-umfrage-deutet-auf-fortsetzung-von-premierminister-costas-minderheitsregierung\/\">&darr; Lese den Rest von diesem Eintrag&#8230;<\/a><\/p>\n","protected":false},"author":2,"featured_media":0,"comment_status":"open","ping_status":"open","sticky":false,"template":"","format":"standard","meta":[],"categories":[122],"tags":[5592,5521,2548,2875,735,5524,1826,5525,5593,5594,5595,2993,5596,5597,157,5598,2881,2882,1592,5599,1178,4289,2838],"yoast_head":"<!-- This site is optimized with the Yoast SEO plugin v17.5 - https:\/\/yoast.com\/wordpress\/plugins\/seo\/ -->\n<title>- Wahlkampf in Portugal \u2013 Neuste Umfrage deutet auf Fortsetzung von Premierminister Costas Minderheitsregierung &ndash; Onlinezeitung AmericanRebel<\/title>\n<meta name=\"robots\" content=\"index, follow, max-snippet:-1, max-image-preview:large, max-video-preview:-1\" \/>\n<link rel=\"canonical\" href=\"http:\/\/www.deanreed.de\/AmericanRebel\/2017\/2022\/01\/24\/wahlkampf-in-portugal-neuste-umfrage-deutet-auf-fortsetzung-von-premierminister-costas-minderheitsregierung\/\" \/>\n<meta property=\"og:locale\" content=\"de_DE\" \/>\n<meta property=\"og:type\" content=\"article\" \/>\n<meta property=\"og:title\" content=\"- Wahlkampf in Portugal \u2013 Neuste Umfrage deutet auf Fortsetzung von Premierminister Costas Minderheitsregierung &ndash; Onlinezeitung AmericanRebel\" \/>\n<meta property=\"og:description\" content=\"Der Wahlkampf in Portugal hat begonnen und wie versprochen berichtet IW f\u00fcr unsere vielen in Portugal lebenden oder sonst mit diesem sch\u00f6nen Land verbundenen Leser \u00fcber die f\u00fcr den 30. Januar angesetzten Wahlen. Bisher gab es schon einige TV-Debatten und Vorwahlkampfveranstaltungen und nat\u00fcrlich die ewige, unscheinbar auf Samtpfoten daher kommende Berieselung mit (Experten)Propaganda in den (meist privaten) Medien. Die Umfrageergebnisse geben einen Einblick in die Gef\u00fchlswelt der Portugiesen zwei Wochen vor der Wahl.\" \/>\n<meta property=\"og:url\" content=\"http:\/\/www.deanreed.de\/AmericanRebel\/2017\/2022\/01\/24\/wahlkampf-in-portugal-neuste-umfrage-deutet-auf-fortsetzung-von-premierminister-costas-minderheitsregierung\/\" \/>\n<meta property=\"og:site_name\" content=\"Onlinezeitung AmericanRebel\" \/>\n<meta property=\"article:published_time\" content=\"2022-01-24T01:23:15+00:00\" \/>\n<meta property=\"og:image\" content=\"http:\/\/www.deanreed.de\/AmericanRebel\/2017\/wp-content\/uploads\/2022\/01\/wee-Kopie.png\" \/>\n\t<meta property=\"og:image:width\" content=\"640\" \/>\n\t<meta property=\"og:image:height\" content=\"460\" \/>\n<meta name=\"twitter:card\" content=\"summary_large_image\" \/>\n<meta name=\"twitter:image\" content=\"http:\/\/www.deanreed.de\/AmericanRebel\/2017\/wp-content\/uploads\/2022\/01\/wee-Kopie.png\" \/>\n<meta name=\"twitter:label1\" content=\"Verfasst von\" \/>\n\t<meta name=\"twitter:data1\" content=\"Redaktion\" \/>\n\t<meta name=\"twitter:label2\" content=\"Gesch\u00e4tzte Lesezeit\" \/>\n\t<meta name=\"twitter:data2\" content=\"7\u00a0Minuten\" \/>\n<script type=\"application\/ld+json\" class=\"yoast-schema-graph\">{\"@context\":\"https:\/\/schema.org\",\"@graph\":[{\"@type\":\"WebSite\",\"@id\":\"https:\/\/www.deanreed.de\/AmericanRebel\/2017\/#website\",\"url\":\"https:\/\/www.deanreed.de\/AmericanRebel\/2017\/\",\"name\":\"Onlinezeitung AmericanRebel\",\"description\":\"Internationale Onlinezeitung f\\u00fcr Frieden, Humanismus, V\\u00f6lkerverst\\u00e4ndigung und Kultur\",\"potentialAction\":[{\"@type\":\"SearchAction\",\"target\":{\"@type\":\"EntryPoint\",\"urlTemplate\":\"https:\/\/www.deanreed.de\/AmericanRebel\/2017\/?s={search_term_string}\"},\"query-input\":\"required name=search_term_string\"}],\"inLanguage\":\"de\"},{\"@type\":\"ImageObject\",\"@id\":\"http:\/\/www.deanreed.de\/AmericanRebel\/2017\/2022\/01\/24\/wahlkampf-in-portugal-neuste-umfrage-deutet-auf-fortsetzung-von-premierminister-costas-minderheitsregierung\/#primaryimage\",\"inLanguage\":\"de\",\"url\":\"http:\/\/www.deanreed.de\/AmericanRebel\/2017\/wp-content\/uploads\/2022\/01\/wee-Kopie.png\",\"contentUrl\":\"http:\/\/www.deanreed.de\/AmericanRebel\/2017\/wp-content\/uploads\/2022\/01\/wee-Kopie.png\",\"width\":640,\"height\":460,\"caption\":\"Parlament in Lissabon - Bild von Diogo Duarte - Occupy Lisbon, Flickr.com CC BY-SA 2.0\"},{\"@type\":\"WebPage\",\"@id\":\"http:\/\/www.deanreed.de\/AmericanRebel\/2017\/2022\/01\/24\/wahlkampf-in-portugal-neuste-umfrage-deutet-auf-fortsetzung-von-premierminister-costas-minderheitsregierung\/#webpage\",\"url\":\"http:\/\/www.deanreed.de\/AmericanRebel\/2017\/2022\/01\/24\/wahlkampf-in-portugal-neuste-umfrage-deutet-auf-fortsetzung-von-premierminister-costas-minderheitsregierung\/\",\"name\":\"- Wahlkampf in Portugal \\u2013 Neuste Umfrage deutet auf Fortsetzung von Premierminister Costas Minderheitsregierung &ndash; Onlinezeitung AmericanRebel\",\"isPartOf\":{\"@id\":\"https:\/\/www.deanreed.de\/AmericanRebel\/2017\/#website\"},\"primaryImageOfPage\":{\"@id\":\"http:\/\/www.deanreed.de\/AmericanRebel\/2017\/2022\/01\/24\/wahlkampf-in-portugal-neuste-umfrage-deutet-auf-fortsetzung-von-premierminister-costas-minderheitsregierung\/#primaryimage\"},\"datePublished\":\"2022-01-24T01:23:15+00:00\",\"dateModified\":\"2022-01-24T01:23:15+00:00\",\"author\":{\"@id\":\"https:\/\/www.deanreed.de\/AmericanRebel\/2017\/#\/schema\/person\/9edfca7917cd10b75edaae51c6e7935a\"},\"breadcrumb\":{\"@id\":\"http:\/\/www.deanreed.de\/AmericanRebel\/2017\/2022\/01\/24\/wahlkampf-in-portugal-neuste-umfrage-deutet-auf-fortsetzung-von-premierminister-costas-minderheitsregierung\/#breadcrumb\"},\"inLanguage\":\"de\",\"potentialAction\":[{\"@type\":\"ReadAction\",\"target\":[\"http:\/\/www.deanreed.de\/AmericanRebel\/2017\/2022\/01\/24\/wahlkampf-in-portugal-neuste-umfrage-deutet-auf-fortsetzung-von-premierminister-costas-minderheitsregierung\/\"]}]},{\"@type\":\"BreadcrumbList\",\"@id\":\"http:\/\/www.deanreed.de\/AmericanRebel\/2017\/2022\/01\/24\/wahlkampf-in-portugal-neuste-umfrage-deutet-auf-fortsetzung-von-premierminister-costas-minderheitsregierung\/#breadcrumb\",\"itemListElement\":[{\"@type\":\"ListItem\",\"position\":1,\"name\":\"Startseite\",\"item\":\"https:\/\/www.deanreed.de\/AmericanRebel\/2017\/\"},{\"@type\":\"ListItem\",\"position\":2,\"name\":\"&#8211; Wahlkampf in Portugal \\u2013 Neuste Umfrage deutet auf Fortsetzung von Premierminister Costas Minderheitsregierung\"}]},{\"@type\":\"Person\",\"@id\":\"https:\/\/www.deanreed.de\/AmericanRebel\/2017\/#\/schema\/person\/9edfca7917cd10b75edaae51c6e7935a\",\"name\":\"Redaktion\",\"url\":\"http:\/\/www.deanreed.de\/AmericanRebel\/2017\/author\/redaktion\/\"}]}<\/script>\n<!-- \/ Yoast SEO plugin. -->","yoast_head_json":{"title":"- Wahlkampf in Portugal \u2013 Neuste Umfrage deutet auf Fortsetzung von Premierminister Costas Minderheitsregierung &ndash; Onlinezeitung AmericanRebel","robots":{"index":"index","follow":"follow","max-snippet":"max-snippet:-1","max-image-preview":"max-image-preview:large","max-video-preview":"max-video-preview:-1"},"canonical":"http:\/\/www.deanreed.de\/AmericanRebel\/2017\/2022\/01\/24\/wahlkampf-in-portugal-neuste-umfrage-deutet-auf-fortsetzung-von-premierminister-costas-minderheitsregierung\/","og_locale":"de_DE","og_type":"article","og_title":"- Wahlkampf in Portugal \u2013 Neuste Umfrage deutet auf Fortsetzung von Premierminister Costas Minderheitsregierung &ndash; Onlinezeitung AmericanRebel","og_description":"Der Wahlkampf in Portugal hat begonnen und wie versprochen berichtet IW f\u00fcr unsere vielen in Portugal lebenden oder sonst mit diesem sch\u00f6nen Land verbundenen Leser \u00fcber die f\u00fcr den 30. Januar angesetzten Wahlen. Bisher gab es schon einige TV-Debatten und Vorwahlkampfveranstaltungen und nat\u00fcrlich die ewige, unscheinbar auf Samtpfoten daher kommende Berieselung mit (Experten)Propaganda in den (meist privaten) Medien. Die Umfrageergebnisse geben einen Einblick in die Gef\u00fchlswelt der Portugiesen zwei Wochen vor der Wahl.","og_url":"http:\/\/www.deanreed.de\/AmericanRebel\/2017\/2022\/01\/24\/wahlkampf-in-portugal-neuste-umfrage-deutet-auf-fortsetzung-von-premierminister-costas-minderheitsregierung\/","og_site_name":"Onlinezeitung AmericanRebel","article_published_time":"2022-01-24T01:23:15+00:00","og_image":[{"width":640,"height":460,"url":"http:\/\/www.deanreed.de\/AmericanRebel\/2017\/wp-content\/uploads\/2022\/01\/wee-Kopie.png","type":"image\/png"}],"twitter_card":"summary_large_image","twitter_image":"http:\/\/www.deanreed.de\/AmericanRebel\/2017\/wp-content\/uploads\/2022\/01\/wee-Kopie.png","twitter_misc":{"Verfasst von":"Redaktion","Gesch\u00e4tzte Lesezeit":"7\u00a0Minuten"},"schema":{"@context":"https:\/\/schema.org","@graph":[{"@type":"WebSite","@id":"https:\/\/www.deanreed.de\/AmericanRebel\/2017\/#website","url":"https:\/\/www.deanreed.de\/AmericanRebel\/2017\/","name":"Onlinezeitung AmericanRebel","description":"Internationale Onlinezeitung f\u00fcr Frieden, Humanismus, V\u00f6lkerverst\u00e4ndigung und Kultur","potentialAction":[{"@type":"SearchAction","target":{"@type":"EntryPoint","urlTemplate":"https:\/\/www.deanreed.de\/AmericanRebel\/2017\/?s={search_term_string}"},"query-input":"required name=search_term_string"}],"inLanguage":"de"},{"@type":"ImageObject","@id":"http:\/\/www.deanreed.de\/AmericanRebel\/2017\/2022\/01\/24\/wahlkampf-in-portugal-neuste-umfrage-deutet-auf-fortsetzung-von-premierminister-costas-minderheitsregierung\/#primaryimage","inLanguage":"de","url":"http:\/\/www.deanreed.de\/AmericanRebel\/2017\/wp-content\/uploads\/2022\/01\/wee-Kopie.png","contentUrl":"http:\/\/www.deanreed.de\/AmericanRebel\/2017\/wp-content\/uploads\/2022\/01\/wee-Kopie.png","width":640,"height":460,"caption":"Parlament in Lissabon - Bild von Diogo Duarte - Occupy Lisbon, Flickr.com CC BY-SA 2.0"},{"@type":"WebPage","@id":"http:\/\/www.deanreed.de\/AmericanRebel\/2017\/2022\/01\/24\/wahlkampf-in-portugal-neuste-umfrage-deutet-auf-fortsetzung-von-premierminister-costas-minderheitsregierung\/#webpage","url":"http:\/\/www.deanreed.de\/AmericanRebel\/2017\/2022\/01\/24\/wahlkampf-in-portugal-neuste-umfrage-deutet-auf-fortsetzung-von-premierminister-costas-minderheitsregierung\/","name":"- Wahlkampf in Portugal \u2013 Neuste Umfrage deutet auf Fortsetzung von Premierminister Costas Minderheitsregierung &ndash; Onlinezeitung AmericanRebel","isPartOf":{"@id":"https:\/\/www.deanreed.de\/AmericanRebel\/2017\/#website"},"primaryImageOfPage":{"@id":"http:\/\/www.deanreed.de\/AmericanRebel\/2017\/2022\/01\/24\/wahlkampf-in-portugal-neuste-umfrage-deutet-auf-fortsetzung-von-premierminister-costas-minderheitsregierung\/#primaryimage"},"datePublished":"2022-01-24T01:23:15+00:00","dateModified":"2022-01-24T01:23:15+00:00","author":{"@id":"https:\/\/www.deanreed.de\/AmericanRebel\/2017\/#\/schema\/person\/9edfca7917cd10b75edaae51c6e7935a"},"breadcrumb":{"@id":"http:\/\/www.deanreed.de\/AmericanRebel\/2017\/2022\/01\/24\/wahlkampf-in-portugal-neuste-umfrage-deutet-auf-fortsetzung-von-premierminister-costas-minderheitsregierung\/#breadcrumb"},"inLanguage":"de","potentialAction":[{"@type":"ReadAction","target":["http:\/\/www.deanreed.de\/AmericanRebel\/2017\/2022\/01\/24\/wahlkampf-in-portugal-neuste-umfrage-deutet-auf-fortsetzung-von-premierminister-costas-minderheitsregierung\/"]}]},{"@type":"BreadcrumbList","@id":"http:\/\/www.deanreed.de\/AmericanRebel\/2017\/2022\/01\/24\/wahlkampf-in-portugal-neuste-umfrage-deutet-auf-fortsetzung-von-premierminister-costas-minderheitsregierung\/#breadcrumb","itemListElement":[{"@type":"ListItem","position":1,"name":"Startseite","item":"https:\/\/www.deanreed.de\/AmericanRebel\/2017\/"},{"@type":"ListItem","position":2,"name":"&#8211; Wahlkampf in Portugal \u2013 Neuste Umfrage deutet auf Fortsetzung von Premierminister Costas Minderheitsregierung"}]},{"@type":"Person","@id":"https:\/\/www.deanreed.de\/AmericanRebel\/2017\/#\/schema\/person\/9edfca7917cd10b75edaae51c6e7935a","name":"Redaktion","url":"http:\/\/www.deanreed.de\/AmericanRebel\/2017\/author\/redaktion\/"}]}},"_links":{"self":[{"href":"http:\/\/www.deanreed.de\/AmericanRebel\/2017\/wp-json\/wp\/v2\/posts\/29403"}],"collection":[{"href":"http:\/\/www.deanreed.de\/AmericanRebel\/2017\/wp-json\/wp\/v2\/posts"}],"about":[{"href":"http:\/\/www.deanreed.de\/AmericanRebel\/2017\/wp-json\/wp\/v2\/types\/post"}],"author":[{"embeddable":true,"href":"http:\/\/www.deanreed.de\/AmericanRebel\/2017\/wp-json\/wp\/v2\/users\/2"}],"replies":[{"embeddable":true,"href":"http:\/\/www.deanreed.de\/AmericanRebel\/2017\/wp-json\/wp\/v2\/comments?post=29403"}],"version-history":[{"count":1,"href":"http:\/\/www.deanreed.de\/AmericanRebel\/2017\/wp-json\/wp\/v2\/posts\/29403\/revisions"}],"predecessor-version":[{"id":29407,"href":"http:\/\/www.deanreed.de\/AmericanRebel\/2017\/wp-json\/wp\/v2\/posts\/29403\/revisions\/29407"}],"wp:attachment":[{"href":"http:\/\/www.deanreed.de\/AmericanRebel\/2017\/wp-json\/wp\/v2\/media?parent=29403"}],"wp:term":[{"taxonomy":"category","embeddable":true,"href":"http:\/\/www.deanreed.de\/AmericanRebel\/2017\/wp-json\/wp\/v2\/categories?post=29403"},{"taxonomy":"post_tag","embeddable":true,"href":"http:\/\/www.deanreed.de\/AmericanRebel\/2017\/wp-json\/wp\/v2\/tags?post=29403"}],"curies":[{"name":"wp","href":"https:\/\/api.w.org\/{rel}","templated":true}]}}