{"id":29193,"date":"2022-01-02T08:20:37","date_gmt":"2022-01-02T07:20:37","guid":{"rendered":"http:\/\/www.deanreed.de\/AmericanRebel\/2017\/?p=29193"},"modified":"2022-01-03T18:26:38","modified_gmt":"2022-01-03T17:26:38","slug":"propaganda-und-opportunismus-warum-portugal-ein-neues-parlament-waehlt","status":"publish","type":"post","link":"http:\/\/www.deanreed.de\/AmericanRebel\/2017\/2022\/01\/02\/propaganda-und-opportunismus-warum-portugal-ein-neues-parlament-waehlt\/","title":{"rendered":"&#8211; Propaganda und Opportunismus \u2013 Warum Portugal ein neues Parlament w\u00e4hlt"},"content":{"rendered":"<blockquote>\n<p style=\"text-align: justify;\"><span style=\"font-family: verdana, geneva, sans-serif; font-size: 12pt;\"><em>Rui Filipe Gutschmidt Redaktion \u2013 2. Januar 2022<\/em><img loading=\"lazy\" class=\" wp-image-26040 alignright\" src=\"http:\/\/www.deanreed.de\/AmericanRebel\/2017\/wp-content\/uploads\/2020\/10\/vk-300x300.png\" alt=\"\" width=\"91\" height=\"91\" srcset=\"http:\/\/www.deanreed.de\/AmericanRebel\/2017\/wp-content\/uploads\/2020\/10\/vk.png 300w, http:\/\/www.deanreed.de\/AmericanRebel\/2017\/wp-content\/uploads\/2020\/10\/vk-150x150.png 150w\" sizes=\"(max-width: 91px) 100vw, 91px\" \/><\/span><\/p>\n<\/blockquote>\n<p style=\"text-align: justify;\"><span style=\"font-size: 14pt; color: #993300;\"><strong><span style=\"font-family: verdana, geneva, sans-serif;\">Propaganda und Opportunismus \u2013<br \/>\nWarum Portugal ein neues Parlament w\u00e4hlt<\/span><\/strong><\/span><\/p>\n<div id=\"attachment_27805\" style=\"width: 110px\" class=\"wp-caption alignleft\"><img aria-describedby=\"caption-attachment-27805\" loading=\"lazy\" class=\"size-full wp-image-27805\" src=\"http:\/\/www.deanreed.de\/AmericanRebel\/2017\/wp-content\/uploads\/2021\/06\/13.png\" alt=\"\" width=\"100\" height=\"150\" \/><p id=\"caption-attachment-27805\" class=\"wp-caption-text\">Rui Filipe Gutschmidt<\/p><\/div>\n<p style=\"text-align: justify;\"><span style=\"font-family: verdana, geneva, sans-serif; font-size: 12pt;\"><b>Der portugiesische Pr\u00e4sident Marcelo R. de Sousa hat nach dem scheitern der Verhandlungen zum Haushalt 2022 das Parlament aufgel\u00f6st und Neuwahlen angesetzt. Da die Beliebtheit des Premierministers Ant\u00f3nio Costa auf einem Allzeithoch liegt und das Krisenmanagement der PS-Minderheitsregierung allgemein als positiv eingesch\u00e4tzt wird, tendiert die \u00f6ffentliche Meinung dazu den Parteien zu Costas Linken die Schuld an der \u201epolitischen Krise\u201c zu geben. Doch was ist der wahre Grund f\u00fcr die vorgezogenen Neuwahlen a<\/b><b>m 30. Januar 2022<\/b><b>?<\/b><\/span><\/p>\n<p style=\"text-align: justify;\"><span style=\"font-family: verdana, geneva, sans-serif; font-size: 12pt;\">Bei genauerem Hinsehen kann man das politische Kalk\u00fcl von Premierminister Costa entdecken, der opportunistisch diese Krise herbeigef\u00fchrt hat und mit einer ausgekl\u00fcgelten Propagandastrategie seinen ehemaligen Verb\u00fcndeten (BE, PCP und PEV) die Schuld in die Schuhe zu schieben sucht. Die Frage ist nur, wie stark lassen sich die W\u00e4hler manipulieren und welche Gegenma\u00dfnahmen k\u00f6nnen die anderen Parteien ergreifen? Es ist auch eine Frage der Glaubw\u00fcrdigkeit, neben vielen anderen Gesichtspunkten, die in den n\u00e4chsten Wochen dar\u00fcber entscheiden werden ob Costa sein Ziel einer absoluten Mehrheit erreicht, oder ob er sein Blatt \u00fcberspielt hat und am Ende die linke Mehrheit sogar ganz verloren geht. <\/span><\/p>\n<p style=\"text-align: justify;\"><span style=\"font-family: verdana, geneva, sans-serif; font-size: 12pt;\">Es ist also an der Zeit Bilanz zu ziehen. Portugals Parteien bereiten sich auf einen harten Wahlkampf vor, der von schlechtem Wetter und der Covid-19 Pandemie erschwert wird. Es ist zus\u00e4tzlich die Auffassung vieler W\u00e4hler, dass diese vorgezogene Wahl eine Verschwendung \u00f6ffentlicher Gelder ist. Die Privaten TV-Sender SIC, CNN-Portugal und CM-TV verbreiten diese Idee, die aus dem rechtskonservativen, antidemokratischen Lager stammt und die sich gegen die Parteien zu Costas Linken richtet. <\/span><\/p>\n<p style=\"text-align: justify;\"><span style=\"font-family: verdana, geneva, sans-serif; font-size: 12pt;\">Die Wahlen (und damit die Kosten f\u00fcr die Staatskasse) h\u00e4tten \u201everhindert werden k\u00f6nnen\u201c, wenn der Linke Block (BE), oder die Kommunisten und Gr\u00fcnen (PCP\/PEV=CDU) sich bei der Abstimmung zum Haushalt 2022, der Stimme enthalten h\u00e4tten. Doch bei den Verhandlungen vorab haben Costas Regierung und seine Partei (PS) die Vorschl\u00e4ge von den linken Parteien zu Renten, Arbeitnehmerrechte, Mindestlohnerh\u00f6hung und zur Verbesserung des \u00f6ffentlichen Gesundheitssystems, systematisch abgelehnt. Es w\u00e4re \u201enicht finanzierbar\u201c, doch 300 Millionen \u20ac f\u00fcr die Pleitebank \u201eNovo Banco\u201c, waren kein Problem. Nach Aufl\u00f6sung des Parlaments wurde diese (Un)summe ohne Zustimmung der Volksvertreter in das Milliardengrab gesteckt. Aber Wahlen \u2013 Inbegriff der Demokratie \u2013 sind eine Geldverschwendung? <div class=\"hide-this-part-wrap\"><div class=\"hide-this-part-more\" id=\"hide-this-part-0\" morelink-text=\"hier geht es weiter\">hier geht es weiter \u00bb<\/div><div class=\"hide-this-part\" status=\"invisible\"><\/span><\/p>\n<p><span style=\"font-family: verdana, geneva, sans-serif; font-size: 12pt;\"><b>Die Parteien im Vorwahlkampf<\/b><\/span><\/p>\n<p style=\"text-align: justify;\"><span style=\"font-family: verdana, geneva, sans-serif; font-size: 12pt;\"><i>CHEGA (es reicht) \u2013 Rechtspopulisten, Neofaschisten<\/i><\/span><\/p>\n<p style=\"text-align: justify;\"><span style=\"font-family: verdana, geneva, sans-serif; font-size: 12pt;\">Der Rechtspopulist Andr\u00e9 Ventura hat seine Position als \u201eF\u00fchrer\u201c in der Partei bei internen Wahlen gefestigt und sein Rednertalent vereint verschiedene rechtsextreme Str\u00f6mungen hinter sich. Obwohl viele inzwischen die Hasstiraden und die L\u00fcgenm\u00e4rchen vom \u201eb\u00f6sen Staat\u201c durchschaut haben, steht Venturas Anh\u00e4ngerschaft nach wie vor hinter ihm. Die Stimmen f\u00fcr CHEGA gehen den konservativen Mitterechtsparteien (CDS\/PP, PSD\/PPD) verloren. <\/span><\/p>\n<p style=\"text-align: justify;\"><span style=\"font-family: verdana, geneva, sans-serif; font-size: 12pt;\">Koalitionen mit anderen Parteien sind \u00e4u\u00dferst unwahrscheinlich.<\/span><\/p>\n<p style=\"text-align: justify;\"><span style=\"font-family: verdana, geneva, sans-serif; font-size: 12pt;\"><i>IL (Liberale Initiative) \u2013 Neoliberal<\/i> <\/span><\/p>\n<p style=\"text-align: justify;\"><span style=\"font-family: verdana, geneva, sans-serif; font-size: 12pt;\">Die Partei der Banker, Unternehmer und Anw\u00e4lte wurde zur Sammelstelle entt\u00e4uschter CDS und PSD-Mitglieder beziehungsweise W\u00e4hler.<br \/>\nIm Mitterechtslager sind sie m\u00f6gliche Koalitionspartner f\u00fcr CDS und PSD.<\/span><\/p>\n<p style=\"text-align: justify;\"><span style=\"font-family: verdana, geneva, sans-serif; font-size: 12pt;\"><i>CDS (Sozialdemokratisches Zentrum) \u2013 Christdemokraten, Konservative<\/i><\/span><\/p>\n<p style=\"text-align: justify;\"><span style=\"font-family: verdana, geneva, sans-serif; font-size: 12pt;\">Die \u201eZentristen\u201c sind seit Wiederherstellung der Demokratie (25. April 1974) ein wichtiger Bestandteil des politischen Lebens Portugals. Sie geh\u00f6ren dem sogenannten \u201eArco de governa\u00e7\u00e3o\u201c &#8211; &#8222;Regierungskreis&#8220; \u2013 an und waren oft als \u201ekleiner Koalitionspartner\u201c an der Seite der PSD Teil der Regierung. Doch Korruption und interne Machtk\u00e4mpfe haben eine Abwanderung zu den anderen Parteien des rechten Spektrums bewirkt. Die Partei, die in der Troikaregierung 2011-2015 f\u00fcr viel Leid und Misere mitverantwortlich war, ist nur noch ein Schatten dessen, was sie einmal war.<br \/>\nKoalitionen mit IL, PSD und eventuell sogar mit der PS sind m\u00f6glich.<\/span><\/p>\n<p style=\"text-align: justify;\"><span style=\"font-family: verdana, geneva, sans-serif; font-size: 12pt;\"><i>PSD (Sozialdemokratische Partei) \u2013 Mitterechts, Konservativ, Neoliberale Z\u00fcge<\/i><\/span><\/p>\n<p style=\"text-align: justify;\"><span style=\"font-family: verdana, geneva, sans-serif; font-size: 12pt;\">Die \u201eSozialdemokraten\u201c, die keine sind, nie waren und deren Politik die Interessen des Kapitals, der katholischen Kirche und der Konservativen beg\u00fcnstigt, sind Premierminister Costas st\u00e4rkste Herausforderer. Im November\/Dezember konnte das ganze Land mit ansehen, wie der ehemalige Europaabgeordnete Paulo Rangel den ehemaligen B\u00fcrgermeister von Porto und Vorsitzende der PSD Rui Rio herausgefordert hat. In einer Schlammschlacht war klar zu sehen, dass es diesen Leuten um pers\u00f6nliche Macht geht und nicht im geringsten um das Allgemeinwohl oder die Probleme des Landes. Den Umfragen zufolge haben die Menschen diesen Kleinkrieg schon wieder vergessen und die Propaganda der privaten TV-Sender l\u00e4uft auf Hochtouren.<br \/>\nKoalitionen mit IL, CDS und eventuell mit den Umwelt- und Tiersch\u00fctzern der PAN sind m\u00f6glich. Eine zentraler Block mit der PS ist eher unwahrscheinlich.<\/span><\/p>\n<p style=\"text-align: justify;\"><span style=\"font-family: verdana, geneva, sans-serif; font-size: 12pt;\"><i>PAN (Personen, Tiere und Natur) \u2013 Mitterechts, Umwelt- und Tierschutz<br \/>\n<\/i><br \/>\nDie Tierschutzpartei war die einzige die den Haushaltsplan der Regierung unterst\u00fctzt hat. Die 4 Abgeordneten der Partei waren jedoch nicht ausreichend um eine Rolle zu spielen.<br \/>\nDie PAN ist bereit mit jeder anderen Partei eine Koalition einzugehen, mit Ausnahme der rechtsextremen CHEGA.<\/span><\/p>\n<p style=\"text-align: justify;\"><span style=\"font-family: verdana, geneva, sans-serif; font-size: 12pt;\"><i>PS (Sozialistische Partei) \u2013 Sozialdemokraten, Mittelinks, Progressiv<\/i><\/span><\/p>\n<p style=\"text-align: justify;\"><span style=\"font-family: verdana, geneva, sans-serif; font-size: 12pt;\">Die Regierungspartei PS hat nur auf eine Gelegenheit gewartet, um Neuwahlen herbeizuf\u00fchren, bei denen sie die absolute Mehrheit erringen k\u00f6nnen. Die gescheiterten Verhandlungen mit den linken Parteien im Parlament waren \u2013 meiner pers\u00f6nlichen Meinung nach \u2013 der Vorwand, den die PS brauchte.<br \/>\nAnt\u00f3nio Costa will die absolute Mehrheit, doch wenn er diese nicht bekommt, dann bevorzugt Portugals Premierminister seiner eigenen Aussage nach eine Neuauflage der \u201eGeringon\u00e7a\u201c (parlamentarisches Linksb\u00fcndnis 2015-2019, 2019-2021).<\/span><\/p>\n<p style=\"text-align: justify;\"><span style=\"font-family: verdana, geneva, sans-serif; font-size: 12pt;\"><i>CDU (Unitarisch-Demokratische Koalition) = PCP+PEV (Kommunistische Partei Portugals+\u00d6kologische Partei \u201eDie Gr\u00fcnen\u201c &#8211; Kommunisten + Links\u00f6kologische Umweltschutzpartei<\/i><\/span><\/p>\n<p style=\"text-align: justify;\"><span style=\"font-family: verdana, geneva, sans-serif; font-size: 12pt;\">Ein jahrzehntelanges B\u00fcndnis zwischen Kommunisten und Gr\u00fcnen k\u00e4mpft gemeinsam f\u00fcr bessere L\u00f6hne, Arbeitnehmerrechte und Umweltschutzthemen. Doch die W\u00e4hler, insbesondere die jungen, politisch interessierten, sehen die PCP als eine \u201ePartei der Alten\u201c, die in der Zeit stehen geblieben ist. Aber in den letzten 6 Jahren haben die Kommunisten und die Gr\u00fcnen \u2013 gemeinsam mit dem Linken Block und der Regierungspartei PS &#8211; viel f\u00fcr die Menschen getan, die in den Jahren der Troika von Sch\u00e4ubles Austerit\u00e4tspolitik in die Misere gest\u00fcrzt wurden.<br \/>\nNeuauflage der \u201eGeringon\u00e7a\u201c, wenn m\u00f6glich mit, ist das Ziel der CDU.<\/span><\/p>\n<p style=\"text-align: justify;\"><span style=\"font-family: verdana, geneva, sans-serif; font-size: 12pt;\"><i>BE (Linker Block) \u2013 Linksprogressive, Sozialisten<\/i><\/span><\/p>\n<p style=\"text-align: justify;\"><span style=\"font-family: verdana, geneva, sans-serif; font-size: 12pt;\">Die Partei der starken Frauen und ihrer emblematischen Vorsitzenden Catarina Martins, wird seitens der Regierung und des gesamten rechten Spektrums der politischen Parteienlandschaft die \u201eSchuld\u201c f\u00fcr die \u201each so teuren Wahlen\u201c angelastet. Aber das ist nichts weiter als billige Propaganda, in einem Vorwahlkampf der Opportunisten. In Wahrheit war der BE sich selbst und vor allem seinen W\u00e4hlern gegen\u00fcber treu in den Verhandlungen zum Haushaltsplan 2022 und Catarina Martins wirft Premierminister Costa ihrerseits Kompromisslosigkeit vor. Zu den genauen Vorschl\u00e4gen des BE, die Premierminister Ant\u00f3nio Costa abgelehnt hat und zu den Zielen des Bloco de Esquerda, werde ich im n\u00e4chsten Beitrag genauer eingehen.<\/span><\/p>\n<p style=\"text-align: justify;\"><span style=\"font-family: verdana, geneva, sans-serif; font-size: 12pt;\">Eine Neuauflage der \u201eGeringon\u00e7a\u201c mit einem verst\u00e4rkten Stimmanteil ist das Ziel des BE. <\/span><\/p>\n<p style=\"text-align: justify;\"><span style=\"font-family: verdana, geneva, sans-serif; font-size: 12pt;\">Der Wahlkampf beginnt offiziell erst 14 Tage vor der Wahl (am 30. Januar), doch der gesamte Monat wird von gegenseitigen Schuldzuweisungen, TV-Debatten und Propagandaaktionen bestimmt sein. Es bleibt zu hoffen, dass die Opportunisten durchschaut werden und die konkreten Vorschl\u00e4ge zur Verbesserung des Lebens der Portugiesen, wie auch aller anderen in Portugal lebenden Menschen, den Ausschlag geben wird. Mehr dazu im n\u00e4chsten Artikel.<br \/>\n<span style=\"color: #ffffff;\">.<\/span><br \/>\n<\/span><span style=\"font-family: verdana, geneva, sans-serif; font-size: 10pt;\">Erstver\u00f6ffentlichung am 2. Januar 2022 auf. Ver\u00f6ffentlichung mit freundlicher Genehmigung des Herausgebers.<\/span><span style=\"color: #ffffff;\">.<br \/>\n.<br \/>\n<\/span><\/p>\n<p><a href=\"https:\/\/www.paypal.com\/de\/home\" target=\"_blank\" rel=\"noopener\"><img loading=\"lazy\" class=\"wp-image-26501 aligncenter\" src=\"http:\/\/www.deanreed.de\/AmericanRebel\/2017\/wp-content\/uploads\/2037\/12\/1-300x72.png\" alt=\"\" width=\"661\" height=\"159\" srcset=\"http:\/\/www.deanreed.de\/AmericanRebel\/2017\/wp-content\/uploads\/2037\/12\/1-300x72.png 300w, http:\/\/www.deanreed.de\/AmericanRebel\/2017\/wp-content\/uploads\/2037\/12\/1-1024x245.png 1024w, http:\/\/www.deanreed.de\/AmericanRebel\/2017\/wp-content\/uploads\/2037\/12\/1-768x184.png 768w, http:\/\/www.deanreed.de\/AmericanRebel\/2017\/wp-content\/uploads\/2037\/12\/1-1536x367.png 1536w, http:\/\/www.deanreed.de\/AmericanRebel\/2017\/wp-content\/uploads\/2037\/12\/1-2048x489.png 2048w\" sizes=\"(max-width: 661px) 100vw, 661px\" \/><\/a><\/p>\n<blockquote>\n<div style=\"margin-left: 10px;\"><a title=\"zur Startseite\" href=\"http:\/\/www.americanrebel.de\/\"><img loading=\"lazy\" class=\"alignleft\" src=\"http:\/\/www.deanreed.de\/AmericanRebel\/2017\/wp-content\/uploads\/2017\/03\/back_ar.png\" alt=\"zur\u00fcck zur Startseite\" width=\"156\" height=\"15\" \/><\/a><\/div>\n<div style=\"margin-right: 10px;\"><a href=\"https:\/\/www.facebook.com\/groups\/1683837971860223\/permalink\/1987214344855916\/\" target=\"_blank\" rel=\"noopener noreferrer\"><img loading=\"lazy\" class=\"alignright\" src=\"http:\/\/www.deanreed.de\/AmericanRebel\/2017\/wp-content\/uploads\/2017\/03\/ar_zu_fb.png\" alt=\"hier geht es zur Facebook Diskussionsgruppe\" width=\"353\" height=\"15\" \/><\/a><\/div>\n<p style=\"text-align: center;\"><a href=\"#respond\" target=\"_blank\" rel=\"noopener noreferrer\"><img loading=\"lazy\" class=\"aligncenter\" src=\"http:\/\/www.deanreed.de\/AmericanRebel\/2017\/wp-content\/uploads\/2017\/03\/ar_kommentar-1.png\" alt=\"Sag uns deine Meinung zum Artikel mit einem Kommentar\/Leserbrief\" width=\"627\" height=\"20\" \/><\/a><\/p>\n<\/blockquote>\n<p><\/div><!-- .hide-this-part --><\/div><!-- hide-this-part-wrap --><br \/>\n<span style=\"color: #ffffff;\">.<\/span><\/p>\n","protected":false},"excerpt":{"rendered":"<p>Rui Filipe Gutschmidt Redaktion \u2013 2. Januar 2022 Propaganda und Opportunismus \u2013 Warum Portugal ein neues Parlament w\u00e4hlt Der portugiesische Pr\u00e4sident Marcelo R. de Sousa hat nach dem scheitern der Verhandlungen zum Haushalt 2022 das Parlament aufgel\u00f6st und Neuwahlen angesetzt. [&hellip;]<a class=\"more-link\" href=\"http:\/\/www.deanreed.de\/AmericanRebel\/2017\/2022\/01\/02\/propaganda-und-opportunismus-warum-portugal-ein-neues-parlament-waehlt\/\">&darr; Lese den Rest von diesem Eintrag&#8230;<\/a><\/p>\n","protected":false},"author":2,"featured_media":0,"comment_status":"open","ping_status":"open","sticky":false,"template":"","format":"standard","meta":[],"categories":[122],"tags":[5519,5520,5521,2548,5522,5523,5524,4093,5525,5526,980,5527,5528,5529,5530,5531,2993,5532,2424,5533,5534,3432,2375,4979,5535],"yoast_head":"<!-- This site is optimized with the Yoast SEO plugin v17.5 - https:\/\/yoast.com\/wordpress\/plugins\/seo\/ -->\n<title>- Propaganda und Opportunismus \u2013 Warum Portugal ein neues Parlament w\u00e4hlt &ndash; Onlinezeitung AmericanRebel<\/title>\n<meta name=\"robots\" content=\"index, follow, max-snippet:-1, max-image-preview:large, max-video-preview:-1\" \/>\n<link rel=\"canonical\" href=\"http:\/\/www.deanreed.de\/AmericanRebel\/2017\/2022\/01\/02\/propaganda-und-opportunismus-warum-portugal-ein-neues-parlament-waehlt\/\" \/>\n<meta property=\"og:locale\" content=\"de_DE\" \/>\n<meta property=\"og:type\" content=\"article\" \/>\n<meta property=\"og:title\" content=\"- Propaganda und Opportunismus \u2013 Warum Portugal ein neues Parlament w\u00e4hlt &ndash; Onlinezeitung AmericanRebel\" \/>\n<meta property=\"og:description\" content=\"Der portugiesische Pr\u00e4sident Marcelo R. de Sousa hat nach dem scheitern der Verhandlungen zum Haushalt 2022 das Parlament aufgel\u00f6st und Neuwahlen angesetzt. Da die Beliebtheit des Premierministers Ant\u00f3nio Costa auf einem Allzeithoch liegt und das Krisenmanagement der PS-Minderheitsregierung allgemein als positiv eingesch\u00e4tzt wird, tendiert die \u00f6ffentliche Meinung dazu den Parteien zu Costas Linken die Schuld an der \u201epolitischen Krise\u201c zu geben. Doch was ist der wahre Grund f\u00fcr die vorgezogenen Neuwahlen am 30. Januar 2022?\" \/>\n<meta property=\"og:url\" content=\"http:\/\/www.deanreed.de\/AmericanRebel\/2017\/2022\/01\/02\/propaganda-und-opportunismus-warum-portugal-ein-neues-parlament-waehlt\/\" \/>\n<meta property=\"og:site_name\" content=\"Onlinezeitung AmericanRebel\" \/>\n<meta property=\"article:published_time\" content=\"2022-01-02T07:20:37+00:00\" \/>\n<meta property=\"article:modified_time\" content=\"2022-01-03T17:26:38+00:00\" \/>\n<meta property=\"og:image\" content=\"http:\/\/www.deanreed.de\/AmericanRebel\/2017\/wp-content\/uploads\/2022\/01\/rtzzu.png\" \/>\n\t<meta property=\"og:image:width\" content=\"640\" \/>\n\t<meta property=\"og:image:height\" content=\"460\" \/>\n<meta name=\"twitter:card\" content=\"summary_large_image\" \/>\n<meta name=\"twitter:label1\" content=\"Verfasst von\" \/>\n\t<meta name=\"twitter:data1\" content=\"Redaktion\" \/>\n\t<meta name=\"twitter:label2\" content=\"Gesch\u00e4tzte Lesezeit\" \/>\n\t<meta name=\"twitter:data2\" content=\"6\u00a0Minuten\" \/>\n<script type=\"application\/ld+json\" class=\"yoast-schema-graph\">{\"@context\":\"https:\/\/schema.org\",\"@graph\":[{\"@type\":\"WebSite\",\"@id\":\"https:\/\/www.deanreed.de\/AmericanRebel\/2017\/#website\",\"url\":\"https:\/\/www.deanreed.de\/AmericanRebel\/2017\/\",\"name\":\"Onlinezeitung AmericanRebel\",\"description\":\"Internationale Onlinezeitung f\\u00fcr Frieden, Humanismus, V\\u00f6lkerverst\\u00e4ndigung und Kultur\",\"potentialAction\":[{\"@type\":\"SearchAction\",\"target\":{\"@type\":\"EntryPoint\",\"urlTemplate\":\"https:\/\/www.deanreed.de\/AmericanRebel\/2017\/?s={search_term_string}\"},\"query-input\":\"required name=search_term_string\"}],\"inLanguage\":\"de\"},{\"@type\":\"ImageObject\",\"@id\":\"http:\/\/www.deanreed.de\/AmericanRebel\/2017\/2022\/01\/02\/propaganda-und-opportunismus-warum-portugal-ein-neues-parlament-waehlt\/#primaryimage\",\"inLanguage\":\"de\",\"url\":\"http:\/\/www.deanreed.de\/AmericanRebel\/2017\/wp-content\/uploads\/2022\/01\/rtzzu.png\",\"contentUrl\":\"http:\/\/www.deanreed.de\/AmericanRebel\/2017\/wp-content\/uploads\/2022\/01\/rtzzu.png\",\"width\":640,\"height\":460},{\"@type\":\"WebPage\",\"@id\":\"http:\/\/www.deanreed.de\/AmericanRebel\/2017\/2022\/01\/02\/propaganda-und-opportunismus-warum-portugal-ein-neues-parlament-waehlt\/#webpage\",\"url\":\"http:\/\/www.deanreed.de\/AmericanRebel\/2017\/2022\/01\/02\/propaganda-und-opportunismus-warum-portugal-ein-neues-parlament-waehlt\/\",\"name\":\"- Propaganda und Opportunismus \\u2013 Warum Portugal ein neues Parlament w\\u00e4hlt &ndash; Onlinezeitung AmericanRebel\",\"isPartOf\":{\"@id\":\"https:\/\/www.deanreed.de\/AmericanRebel\/2017\/#website\"},\"primaryImageOfPage\":{\"@id\":\"http:\/\/www.deanreed.de\/AmericanRebel\/2017\/2022\/01\/02\/propaganda-und-opportunismus-warum-portugal-ein-neues-parlament-waehlt\/#primaryimage\"},\"datePublished\":\"2022-01-02T07:20:37+00:00\",\"dateModified\":\"2022-01-03T17:26:38+00:00\",\"author\":{\"@id\":\"https:\/\/www.deanreed.de\/AmericanRebel\/2017\/#\/schema\/person\/9edfca7917cd10b75edaae51c6e7935a\"},\"breadcrumb\":{\"@id\":\"http:\/\/www.deanreed.de\/AmericanRebel\/2017\/2022\/01\/02\/propaganda-und-opportunismus-warum-portugal-ein-neues-parlament-waehlt\/#breadcrumb\"},\"inLanguage\":\"de\",\"potentialAction\":[{\"@type\":\"ReadAction\",\"target\":[\"http:\/\/www.deanreed.de\/AmericanRebel\/2017\/2022\/01\/02\/propaganda-und-opportunismus-warum-portugal-ein-neues-parlament-waehlt\/\"]}]},{\"@type\":\"BreadcrumbList\",\"@id\":\"http:\/\/www.deanreed.de\/AmericanRebel\/2017\/2022\/01\/02\/propaganda-und-opportunismus-warum-portugal-ein-neues-parlament-waehlt\/#breadcrumb\",\"itemListElement\":[{\"@type\":\"ListItem\",\"position\":1,\"name\":\"Startseite\",\"item\":\"https:\/\/www.deanreed.de\/AmericanRebel\/2017\/\"},{\"@type\":\"ListItem\",\"position\":2,\"name\":\"&#8211; Propaganda und Opportunismus \\u2013 Warum Portugal ein neues Parlament w\\u00e4hlt\"}]},{\"@type\":\"Person\",\"@id\":\"https:\/\/www.deanreed.de\/AmericanRebel\/2017\/#\/schema\/person\/9edfca7917cd10b75edaae51c6e7935a\",\"name\":\"Redaktion\",\"url\":\"http:\/\/www.deanreed.de\/AmericanRebel\/2017\/author\/redaktion\/\"}]}<\/script>\n<!-- \/ Yoast SEO plugin. -->","yoast_head_json":{"title":"- Propaganda und Opportunismus \u2013 Warum Portugal ein neues Parlament w\u00e4hlt &ndash; Onlinezeitung AmericanRebel","robots":{"index":"index","follow":"follow","max-snippet":"max-snippet:-1","max-image-preview":"max-image-preview:large","max-video-preview":"max-video-preview:-1"},"canonical":"http:\/\/www.deanreed.de\/AmericanRebel\/2017\/2022\/01\/02\/propaganda-und-opportunismus-warum-portugal-ein-neues-parlament-waehlt\/","og_locale":"de_DE","og_type":"article","og_title":"- Propaganda und Opportunismus \u2013 Warum Portugal ein neues Parlament w\u00e4hlt &ndash; Onlinezeitung AmericanRebel","og_description":"Der portugiesische Pr\u00e4sident Marcelo R. de Sousa hat nach dem scheitern der Verhandlungen zum Haushalt 2022 das Parlament aufgel\u00f6st und Neuwahlen angesetzt. Da die Beliebtheit des Premierministers Ant\u00f3nio Costa auf einem Allzeithoch liegt und das Krisenmanagement der PS-Minderheitsregierung allgemein als positiv eingesch\u00e4tzt wird, tendiert die \u00f6ffentliche Meinung dazu den Parteien zu Costas Linken die Schuld an der \u201epolitischen Krise\u201c zu geben. Doch was ist der wahre Grund f\u00fcr die vorgezogenen Neuwahlen am 30. Januar 2022?","og_url":"http:\/\/www.deanreed.de\/AmericanRebel\/2017\/2022\/01\/02\/propaganda-und-opportunismus-warum-portugal-ein-neues-parlament-waehlt\/","og_site_name":"Onlinezeitung AmericanRebel","article_published_time":"2022-01-02T07:20:37+00:00","article_modified_time":"2022-01-03T17:26:38+00:00","og_image":[{"width":640,"height":460,"url":"http:\/\/www.deanreed.de\/AmericanRebel\/2017\/wp-content\/uploads\/2022\/01\/rtzzu.png","type":"image\/png"}],"twitter_card":"summary_large_image","twitter_misc":{"Verfasst von":"Redaktion","Gesch\u00e4tzte Lesezeit":"6\u00a0Minuten"},"schema":{"@context":"https:\/\/schema.org","@graph":[{"@type":"WebSite","@id":"https:\/\/www.deanreed.de\/AmericanRebel\/2017\/#website","url":"https:\/\/www.deanreed.de\/AmericanRebel\/2017\/","name":"Onlinezeitung AmericanRebel","description":"Internationale Onlinezeitung f\u00fcr Frieden, Humanismus, V\u00f6lkerverst\u00e4ndigung und Kultur","potentialAction":[{"@type":"SearchAction","target":{"@type":"EntryPoint","urlTemplate":"https:\/\/www.deanreed.de\/AmericanRebel\/2017\/?s={search_term_string}"},"query-input":"required name=search_term_string"}],"inLanguage":"de"},{"@type":"ImageObject","@id":"http:\/\/www.deanreed.de\/AmericanRebel\/2017\/2022\/01\/02\/propaganda-und-opportunismus-warum-portugal-ein-neues-parlament-waehlt\/#primaryimage","inLanguage":"de","url":"http:\/\/www.deanreed.de\/AmericanRebel\/2017\/wp-content\/uploads\/2022\/01\/rtzzu.png","contentUrl":"http:\/\/www.deanreed.de\/AmericanRebel\/2017\/wp-content\/uploads\/2022\/01\/rtzzu.png","width":640,"height":460},{"@type":"WebPage","@id":"http:\/\/www.deanreed.de\/AmericanRebel\/2017\/2022\/01\/02\/propaganda-und-opportunismus-warum-portugal-ein-neues-parlament-waehlt\/#webpage","url":"http:\/\/www.deanreed.de\/AmericanRebel\/2017\/2022\/01\/02\/propaganda-und-opportunismus-warum-portugal-ein-neues-parlament-waehlt\/","name":"- Propaganda und Opportunismus \u2013 Warum Portugal ein neues Parlament w\u00e4hlt &ndash; Onlinezeitung AmericanRebel","isPartOf":{"@id":"https:\/\/www.deanreed.de\/AmericanRebel\/2017\/#website"},"primaryImageOfPage":{"@id":"http:\/\/www.deanreed.de\/AmericanRebel\/2017\/2022\/01\/02\/propaganda-und-opportunismus-warum-portugal-ein-neues-parlament-waehlt\/#primaryimage"},"datePublished":"2022-01-02T07:20:37+00:00","dateModified":"2022-01-03T17:26:38+00:00","author":{"@id":"https:\/\/www.deanreed.de\/AmericanRebel\/2017\/#\/schema\/person\/9edfca7917cd10b75edaae51c6e7935a"},"breadcrumb":{"@id":"http:\/\/www.deanreed.de\/AmericanRebel\/2017\/2022\/01\/02\/propaganda-und-opportunismus-warum-portugal-ein-neues-parlament-waehlt\/#breadcrumb"},"inLanguage":"de","potentialAction":[{"@type":"ReadAction","target":["http:\/\/www.deanreed.de\/AmericanRebel\/2017\/2022\/01\/02\/propaganda-und-opportunismus-warum-portugal-ein-neues-parlament-waehlt\/"]}]},{"@type":"BreadcrumbList","@id":"http:\/\/www.deanreed.de\/AmericanRebel\/2017\/2022\/01\/02\/propaganda-und-opportunismus-warum-portugal-ein-neues-parlament-waehlt\/#breadcrumb","itemListElement":[{"@type":"ListItem","position":1,"name":"Startseite","item":"https:\/\/www.deanreed.de\/AmericanRebel\/2017\/"},{"@type":"ListItem","position":2,"name":"&#8211; Propaganda und Opportunismus \u2013 Warum Portugal ein neues Parlament w\u00e4hlt"}]},{"@type":"Person","@id":"https:\/\/www.deanreed.de\/AmericanRebel\/2017\/#\/schema\/person\/9edfca7917cd10b75edaae51c6e7935a","name":"Redaktion","url":"http:\/\/www.deanreed.de\/AmericanRebel\/2017\/author\/redaktion\/"}]}},"_links":{"self":[{"href":"http:\/\/www.deanreed.de\/AmericanRebel\/2017\/wp-json\/wp\/v2\/posts\/29193"}],"collection":[{"href":"http:\/\/www.deanreed.de\/AmericanRebel\/2017\/wp-json\/wp\/v2\/posts"}],"about":[{"href":"http:\/\/www.deanreed.de\/AmericanRebel\/2017\/wp-json\/wp\/v2\/types\/post"}],"author":[{"embeddable":true,"href":"http:\/\/www.deanreed.de\/AmericanRebel\/2017\/wp-json\/wp\/v2\/users\/2"}],"replies":[{"embeddable":true,"href":"http:\/\/www.deanreed.de\/AmericanRebel\/2017\/wp-json\/wp\/v2\/comments?post=29193"}],"version-history":[{"count":3,"href":"http:\/\/www.deanreed.de\/AmericanRebel\/2017\/wp-json\/wp\/v2\/posts\/29193\/revisions"}],"predecessor-version":[{"id":29197,"href":"http:\/\/www.deanreed.de\/AmericanRebel\/2017\/wp-json\/wp\/v2\/posts\/29193\/revisions\/29197"}],"wp:attachment":[{"href":"http:\/\/www.deanreed.de\/AmericanRebel\/2017\/wp-json\/wp\/v2\/media?parent=29193"}],"wp:term":[{"taxonomy":"category","embeddable":true,"href":"http:\/\/www.deanreed.de\/AmericanRebel\/2017\/wp-json\/wp\/v2\/categories?post=29193"},{"taxonomy":"post_tag","embeddable":true,"href":"http:\/\/www.deanreed.de\/AmericanRebel\/2017\/wp-json\/wp\/v2\/tags?post=29193"}],"curies":[{"name":"wp","href":"https:\/\/api.w.org\/{rel}","templated":true}]}}