{"id":29145,"date":"2021-12-25T03:12:11","date_gmt":"2021-12-25T02:12:11","guid":{"rendered":"http:\/\/www.deanreed.de\/AmericanRebel\/2017\/?p=29145"},"modified":"2021-12-26T21:46:20","modified_gmt":"2021-12-26T20:46:20","slug":"vom-demokratiegipfel-ins-jammertal","status":"publish","type":"post","link":"http:\/\/www.deanreed.de\/AmericanRebel\/2017\/2021\/12\/25\/vom-demokratiegipfel-ins-jammertal\/","title":{"rendered":"&#8211; Vom Demokratiegipfel ins Jammertal"},"content":{"rendered":"<blockquote><p><em><span style=\"font-family: verdana, geneva, sans-serif; font-size: 12pt;\">Die <a href=\"http:\/\/www.deanreed.de\/AmericanRebel\/vk\/440\/\" target=\"_blank\" rel=\"noopener\">Volkskorrespondenz<\/a> zum Wochenende<img loading=\"lazy\" class=\" wp-image-26040 alignright\" src=\"http:\/\/www.deanreed.de\/AmericanRebel\/2017\/wp-content\/uploads\/2020\/10\/vk-300x300.png\" alt=\"\" width=\"108\" height=\"108\" srcset=\"http:\/\/www.deanreed.de\/AmericanRebel\/2017\/wp-content\/uploads\/2020\/10\/vk.png 300w, http:\/\/www.deanreed.de\/AmericanRebel\/2017\/wp-content\/uploads\/2020\/10\/vk-150x150.png 150w\" sizes=\"(max-width: 108px) 100vw, 108px\" \/><\/span><\/em><br \/>\n<em><span style=\"font-family: verdana, geneva, sans-serif; font-size: 12pt;\">R\u00fcdiger Rauls \u2013 25. Dezember 2021<\/span><\/em><\/p><\/blockquote>\n<p><span style=\"font-family: verdana, geneva, sans-serif; font-size: 16pt; color: #993300;\"><strong>Vom Demokratiegipfel ins Jammertal<\/strong><\/span><\/p>\n<div id=\"attachment_29151\" style=\"width: 110px\" class=\"wp-caption alignleft\"><img aria-describedby=\"caption-attachment-29151\" loading=\"lazy\" class=\"size-full wp-image-29151\" src=\"http:\/\/www.deanreed.de\/AmericanRebel\/2017\/wp-content\/uploads\/2021\/12\/Ru\u0308diger-Rauls.jpg\" alt=\"\" width=\"100\" height=\"150\" \/><p id=\"caption-attachment-29151\" class=\"wp-caption-text\">Ru\u0308diger Rauls<\/p><\/div>\n<p style=\"text-align: justify;\"><strong><span style=\"font-family: verdana, geneva, sans-serif; font-size: 12pt;\">Was bleibt von den Drohungen gegen China und Russland, was von dem mit gro\u00dfem Tamtam angek\u00fcndigten Demokratiegipfel? Wenig. Also zumindest nicht viel, was man nicht auch mit geringerem Aufwand h\u00e4tte erreicht haben k\u00f6nnen. Die Ergebnisse sind eher ern\u00fcchternd. Wie sollte es auch anders sein. Denn es geht Biden und seinen Leuten nur um Kosmetik f\u00fcr die Leute zu Hause. Sie sollen das Gef\u00fchl haben, dass die USA wieder die Hauptrolle auf der Weltb\u00fchne spielen.<\/span><\/strong><\/p>\n<p style=\"text-align: justify;\"><span style=\"font-family: verdana, geneva, sans-serif; font-size: 12pt;\">Vermutlich wird man nach dem eher entt\u00e4uschenden Video-Gipfel zu Hause damit hausieren gehen, dass Bidens Warnungen und Drohungen Putin so stark eingesch\u00fcchtert haben, dass dieser sich nun doch nicht traut, die Ukraine zu \u00fcberfallen. Der hatte zwar immer solche Pl\u00e4ne immer bestritten, aber dennoch haben die US-Geheimdienste, Medien sowie die intellektuellen Meinungsmacher seit Wochen schon die westliche Welt mit solchen Meldungen in Angst und Schrecken versetzt. Der \u00dcberfall sollte im Januar oder Februar 2022 stattfinden, so die Kaffeesatzleser im Westen.<\/span><\/p>\n<p style=\"text-align: justify;\"><span style=\"font-family: verdana, geneva, sans-serif; font-size: 12pt;\">Ergebnis des aufgeregten Gepl\u00e4rre war, dass man nun mit Russland doch \u00fcber dessen rote Linien reden wird, zu denen Biden noch vor dem Gipfel Biden vollmundig erkl\u00e4rt hatte, dass diese ihn gar nicht interessieren. Auch hat man sich anscheinend dar\u00fcber verst\u00e4ndigt, den Botschafteraustausch wieder auszubauen, den Trump heruntergefahren hatte. Es wurde also nur r\u00fcckg\u00e4ngig gemacht, was die USA ohne Not selbst verbockt hatten.<\/span><\/p>\n<p style=\"text-align: justify;\"><span style=\"font-family: verdana, geneva, sans-serif; font-size: 12pt;\">Sonst ist f\u00fcr die USA und den Westen nicht viel Verwertbares herausgekommen und schon gar nicht f\u00fcr die Ukraine und die baltischen Staaten, um deren Schutz es doch vorgeblich in erster Linie gehen sollte. Dass sie an den Verhandlungen gar nicht beteilligt waren und als letzte \u00fcber das Treffen informiert noch nach den wichtigsten europ\u00e4ischen Verb\u00fcndeten wurden, zeigt welche Bedeutung deren Interessen wirklich haben. Sie sind nur die Bauern auf dem Schachbrett des Westens, um Druck auf Russland auszu\u00fcben. Einzig Polen brachte Substanzielles ein, indem es vorschlug, das NATO-Russland-Format wiederzubeleben, um Russlands Forderungen nach dem Ende der westlichen Bedrohung zu diskutieren.<\/span><\/p>\n<div id=\"attachment_29148\" style=\"width: 642px\" class=\"wp-caption aligncenter\"><img aria-describedby=\"caption-attachment-29148\" loading=\"lazy\" class=\" wp-image-29148\" src=\"http:\/\/www.deanreed.de\/AmericanRebel\/2017\/wp-content\/uploads\/2021\/12\/ea39bd04-b209-4aef-a7af-6165baf9731e_w948_r1.778_fpx52_fpy50-2-300x169.jpg\" alt=\"\" width=\"632\" height=\"356\" srcset=\"http:\/\/www.deanreed.de\/AmericanRebel\/2017\/wp-content\/uploads\/2021\/12\/ea39bd04-b209-4aef-a7af-6165baf9731e_w948_r1.778_fpx52_fpy50-2-300x169.jpg 300w, http:\/\/www.deanreed.de\/AmericanRebel\/2017\/wp-content\/uploads\/2021\/12\/ea39bd04-b209-4aef-a7af-6165baf9731e_w948_r1.778_fpx52_fpy50-2-768x431.jpg 768w, http:\/\/www.deanreed.de\/AmericanRebel\/2017\/wp-content\/uploads\/2021\/12\/ea39bd04-b209-4aef-a7af-6165baf9731e_w948_r1.778_fpx52_fpy50-2.jpg 931w\" sizes=\"(max-width: 632px) 100vw, 632px\" \/><p id=\"caption-attachment-29148\" class=\"wp-caption-text\">Joe Bidens Demokratiegipfel \u2013 Die b\u00f6sen Buben m\u00fcssen drau\u00dfen bleiben. Bild: Youtube<\/p><\/div>\n<p style=\"text-align: justify;\"><span style=\"font-family: verdana, geneva, sans-serif; font-size: 12pt;\">Alles in allem aber muss festgestellt werden, dass Russland aus der Krise gest\u00e4rkt hervorgeht, w\u00e4hrend die Balten und Ukraine leer ausgehen. Einzig die Milit\u00e4rhilfe f\u00fcr sie soll erh\u00f6ht werden, also der Selbstschutz, damit die NATO nicht einspringen muss. Das schafft Unmut und Unfrieden innerhalb des B\u00fcndnisses, auch wenn es noch nicht so offen zum Vorschein kommt.\u00a0 <div class=\"hide-this-part-wrap\"><div class=\"hide-this-part-more\" id=\"hide-this-part-0\" morelink-text=\"hier geht es weiter\">hier geht es weiter \u00bb<\/div><div class=\"hide-this-part\" status=\"invisible\"><br \/>\n<\/span><\/p>\n<p style=\"text-align: justify;\"><span style=\"font-family: verdana, geneva, sans-serif; font-size: 12pt;\">Dar\u00fcber hinaus haben die Litauer nun auch noch, vermutlich angestachelt durch die USA, sich wegen Taiwan mit dem Riesen China angelegt. Das hat die diplomatischen Vertretungen heruntergestuft und Litauen von seiner Zollliste gestrichen. Damit liegt der chinesisch-litauische Handel f\u00fcrs erste auf Eis. Zudem wird jedes Unternehmen vom chinesischen Markt ausgeschlossen, das mit Litauen Handel treibt. Den Chinesen tut das nicht weh, aber die Litauer schauen in die R\u00f6hre. China hat viel gelernt vom amerikanischen Sanktionsregime. Und das wendet sich zunehmend gegen den Westen.<\/span><\/p>\n<p style=\"text-align: justify;\"><span style=\"font-family: verdana, geneva, sans-serif; font-size: 12pt;\">Nicht umsonst beklagt der Westen und seine Medien immer lautst\u00e4rker das Vorr\u00fccken der sogenannten Autokratien, die den liberalen Demokratien immer mehr den Rang ablaufen. Letztere wollen nun zum Gegenangriff \u00fcbergehen. Der Startschuss sollte der Biden&#8217;sche Demokratiegipfel werden, der aber eher zum Rohrkrepierer geriet als zu einem kraftvollen Aufbruchssignal zur Schleifung der autokratischen Festungen.<\/span><\/p>\n<p style=\"text-align: justify;\"><span style=\"font-family: verdana, geneva, sans-serif; font-size: 12pt;\">Schon im Vorfeld gab es reichlich \u00c4rger. Die NATO-Partner Ungarn und T\u00fcrkei waren nicht eingeladen. Bei der Sichtung der Teilnehmerliste wunderte sich selbst die US-h\u00f6rige FAZ \u00fcber die Auswahlkriterien f\u00fcr Einladung und Absage. Als Erfolg des Gipfels wurde in den Nachrichten des Westens einzig festgestellt, dass er stattgefunden hat. Ob er wiederholt wird, wird sich noch zeigen.<\/span><\/p>\n<p style=\"text-align: justify;\"><span style=\"font-family: verdana, geneva, sans-serif; font-size: 12pt;\">Denn bei seinen Versuchen, die liberalen Demorkatien zu einer Einheitsfront gegen die Autokratien China, Russland und sicherlich auch die T\u00fcrkei zusammen zu schmieden, steigt Biden von einem Fettnapf in den n\u00e4chsten. Die Osteurop\u00e4er ver\u00e4rgert er, indem er sich mit Russland auf deren Kosten gutstellen will. Andererseits verscherzt er es sich mit den Russen, weil er in den \u00f6stlichen NATO-Staaten Offensivwaffen gegen Russland aufstellt. China provoziert er mit seinem Flottenaufmarsch vor dessen K\u00fcste, der Unterst\u00fctzung der taiwanesischen Separatisten und der Menschenrechtspropaganda in Bezug auf die Uiguren.<\/span><\/p>\n<p style=\"text-align: justify;\"><span style=\"font-family: verdana, geneva, sans-serif; font-size: 12pt;\">Nur stellt sich die Frage, was will Biden damit erreichen? Mit seiner Flotte kann er nirgendwo an der ostasiatischen K\u00fcste an Land gehen, ohne durch K\u00fcstenabwehr von Russlands Norden bis zum S\u00fcden von Vietnam unter Feuer genommen zu werden. Glaubt er die Landung in der Normandie von 1944 wiederholen zu k\u00f6nnen? Der riesige asiatische Kontinent ist den Landungstruppen des Westens verschlossen. Alles Kriegsmaterial m\u00fcssen die Amerikaner \u00fcber Tausende von Kilometern herauschaffen. Was also will der Westen erreichen mit seinen Butterfahrten vor der asiatischen K\u00fcste? Gelassen sehen Russen und Chinesen dem Treiben zu, stimmen sich aber strategisch immer mehr miteinander ab.<\/span><\/p>\n<p style=\"text-align: justify;\"><span style=\"font-family: verdana, geneva, sans-serif; font-size: 12pt;\">Dann wieder dr\u00e4ngelt Biden den chinesischen Pr\u00e4sidenten, mit ihm zu telefonieren, um die Spannungen beizulegen. Aber kaum hat er den H\u00f6rer aufgelegt, schafft er neuen \u00c4rger, indem er die Teilnahme seiner Diplomaten an den Winterspielen absagt und andere L\u00e4nder dr\u00e4ngt, es ihm gleich zu tun. Dabei waren sie gar nicht eingeladen. Das bringt nur Verdruss bei den westlichen Sportlern, den Sportfunktion\u00e4ren und den Sportbegeisterten. Letzteren ist es egal, ob Biden oder sonst ein westlicher Politiker bei der Er\u00f6ffnung der Spiele in die Kamera winkt.<\/span><\/p>\n<p style=\"text-align: justify;\"><span style=\"font-family: verdana, geneva, sans-serif; font-size: 12pt;\">Auf der anderen Seite versucht Biden, neue Allianzen gegen China zu bilden, indem er mit Australien und Gro\u00dfbritannien das Aukus-B\u00fcndnis ins Leben ruft, bringt aber gleichzeitig Frankreich auf die Palme, dem es den U-Boot-Vertrag mit Australien kaputt macht. Eine klare Linie ist bei all dem nicht zu erkennen und etwaige Vorteile oder gar Erfolge zeichnen sich bisher nicht ab.<\/span><\/p>\n<p style=\"text-align: justify;\"><span style=\"font-family: verdana, geneva, sans-serif; font-size: 12pt;\">Nur f\u00fcr die friedliebenden Kr\u00e4fte in der Welt sind das hoffnungsvolle Nachrichten. Denn die Interessengegens\u00e4tze, Widerspr\u00fcche und Zentrifugalkr\u00e4fte im Westen und seinen B\u00fcndnissen werden st\u00e4rker. Noch aber h\u00e4lt das NATO-B\u00fcndnis. Doch was wollen sie der Wirtschaftskraft, der Innovationskraft und der Finanzkraft Chinas entgegensetzen?<br \/>\n<\/span><span style=\"color: #ffffff;\">.<br \/>\n<\/span><span style=\"font-family: verdana, geneva, sans-serif; font-size: 12pt;\"><span style=\"font-size: 10pt;\">Bilder und Bildunterschriften wurden von der Redaktion RoterMorgen hinzugef\u00fcgt.<br \/>\n<\/span><span style=\"color: #ffffff;\">.<br \/>\n<\/span><\/span><span style=\"font-size: 12pt;\"><em><strong><span style=\"font-family: verdana, geneva, sans-serif;\">\u00dcber den Autor:<\/span><\/strong><\/em><\/span><br \/>\n<span style=\"font-family: verdana, geneva, sans-serif; font-size: 10pt;\"><strong>R\u00fcdiger Rauls<\/strong>, Jahrgang 1952, ist Reprofotograf sowie Autor mehrerer B\u00fccher. Die bekanntesten sind \u201eWie funktioniert Geld?\u201c, \u201eZukunft Sozialismus\u201c, \u201eKolonie Konzern Krieg\u201c und \u201eDie Entwicklung der fr\u00fchen Gesellschaften\u201c.<\/span><\/p>\n<div class=\"page\" title=\"Page 2\">\n<div class=\"layoutArea\">\n<div class=\"column\">\n<p style=\"text-align: justify;\"><span style=\"font-family: verdana, geneva, sans-serif; font-size: 10pt;\"><strong><b>Einige Buchver\u00f6ffentlichungen von R\u00fcdiger Rauls:<\/b><\/strong><b> <\/b><\/span><\/p>\n<ul>\n<li><span style=\"font-family: verdana, geneva, sans-serif; font-size: 10pt;\"><strong>Wie funktioniert Geld?<\/strong> <a href=\"https:\/\/deref-gmx.net\/mail\/client\/MLxBoB3JiuQ\/dereferrer\/?redirectUrl=https%3A%2F%2Fwww.amazon.de%2Fdp%2FB013RWL1TQ\" target=\"_blank\" rel=\"noopener noreferrer\">Buchbeschreibung<\/a><\/span><\/li>\n<li><span style=\"font-family: verdana, geneva, sans-serif; font-size: 10pt;\"><strong>Kolonie Konzern Krieg \u2013 Stationen kapitalistischer Entwicklung <\/strong><a href=\"https:\/\/deref-gmx.net\/mail\/client\/cK4VnovyghY\/dereferrer\/?redirectUrl=https%3A%2F%2Fwww.amazon.de%2Fdp%2FB01MG6AL4K\" target=\"_blank\" rel=\"noopener noreferrer\">Buchbeschreibung<\/a><\/span><\/li>\n<li><span style=\"font-family: verdana, geneva, sans-serif; font-size: 10pt;\"><strong>Zukunft Sozialismus oder die Grenzen des Kapitalismus<\/strong> <a href=\"https:\/\/deref-gmx.net\/mail\/client\/vmFSnlPfTnE\/dereferrer\/?redirectUrl=https%3A%2F%2Fwww.amazon.de%2Fdp%2FB01LY0AGOG\" target=\"_blank\" rel=\"noopener noreferrer\">Buchbeschreibung<\/a><\/span><\/li>\n<li><span style=\"font-family: verdana, geneva, sans-serif; font-size: 10pt;\"><strong>Die Entwicklung der fr\u00fchen Gesellschaften-Die Geschichte Afghanistans<\/strong> <a href=\"https:\/\/deref-gmx.net\/mail\/client\/asfGJq2MaTc\/dereferrer\/?redirectUrl=https%3A%2F%2Fwww.amazon.de%2Fdp%2FB00VAVPMO2\" target=\"_blank\" rel=\"noopener noreferrer\">Buchbeschreibung<\/a><\/span><\/li>\n<li><span style=\"font-family: verdana, geneva, sans-serif; font-size: 10pt;\"><strong>Was braucht mein Kind?<\/strong> <a href=\"https:\/\/deref-gmx.net\/mail\/client\/gSRy5jtC4do\/dereferrer\/?redirectUrl=https%3A%2F%2Fwww.amazon.de%2Fdp%2FB00FEC6X3M\" target=\"_blank\" rel=\"noopener noreferrer\">Buchbeschreibung<\/a><\/span><\/li>\n<li><span style=\"font-family: verdana, geneva, sans-serif; font-size: 10pt;\"><strong>Sp\u00e4te Wahrheit<\/strong> (Prosa) <a href=\"https:\/\/deref-gmx.net\/mail\/client\/6Xax4hBno9Y\/dereferrer\/?redirectUrl=https%3A%2F%2Fwww.amazon.de%2Fdp%2FB00CQLYOS0\" target=\"_blank\" rel=\"noopener noreferrer\">Buchbeschreibung<\/a><\/span><\/li>\n<li><span style=\"font-family: verdana, geneva, sans-serif; font-size: 10pt;\">Imre Szabo: <strong>Die Hinterm\u00e4nner<\/strong> ( ein politischer Krimi) <a href=\"https:\/\/deref-gmx.net\/mail\/client\/AWFRitb0hik\/dereferrer\/?redirectUrl=https%3A%2F%2Fwww.amazon.de%2Fdp%2FB00BAYM1ZM\" target=\"_blank\" rel=\"noopener noreferrer\">Buchbeschreibung<\/a><\/span><\/li>\n<li><span style=\"font-family: verdana, geneva, sans-serif; font-size: 10pt;\">Imre Szabo: <strong>Die Unsichtbaren<\/strong> ( ein politischer Krimi) <\/span><a href=\"https:\/\/deref-gmx.net\/mail\/client\/0EfyQ8r2aWM\/dereferrer\/?redirectUrl=https%3A%2F%2Fwww.amazon.de%2Fdp%2FB01LZ9L6ER\" target=\"_blank\" rel=\"noopener noreferrer\"><span style=\"font-family: verdana, geneva, sans-serif; font-size: 10pt;\">Buchbeschreibung<\/span><\/a><\/li>\n<\/ul>\n<\/div>\n<\/div>\n<\/div>\n<p><span style=\"color: #ffffff;\">.\u00a0<\/span><span style=\"color: #ffffff;\">.<\/span><\/p>\n<p><a href=\"https:\/\/www.paypal.com\/de\/home\" target=\"_blank\" rel=\"noopener\"><img loading=\"lazy\" class=\"wp-image-26501 aligncenter\" src=\"http:\/\/www.deanreed.de\/AmericanRebel\/2017\/wp-content\/uploads\/2037\/12\/1-300x72.png\" alt=\"\" width=\"661\" height=\"159\" srcset=\"http:\/\/www.deanreed.de\/AmericanRebel\/2017\/wp-content\/uploads\/2037\/12\/1-300x72.png 300w, http:\/\/www.deanreed.de\/AmericanRebel\/2017\/wp-content\/uploads\/2037\/12\/1-1024x245.png 1024w, http:\/\/www.deanreed.de\/AmericanRebel\/2017\/wp-content\/uploads\/2037\/12\/1-768x184.png 768w, http:\/\/www.deanreed.de\/AmericanRebel\/2017\/wp-content\/uploads\/2037\/12\/1-1536x367.png 1536w, http:\/\/www.deanreed.de\/AmericanRebel\/2017\/wp-content\/uploads\/2037\/12\/1-2048x489.png 2048w\" sizes=\"(max-width: 661px) 100vw, 661px\" \/><\/a><\/p>\n<blockquote>\n<div style=\"margin-left: 10px;\"><a title=\"zur Startseite\" href=\"http:\/\/www.americanrebel.de\/\"><img loading=\"lazy\" class=\"alignleft\" src=\"http:\/\/www.deanreed.de\/AmericanRebel\/2017\/wp-content\/uploads\/2017\/03\/back_ar.png\" alt=\"zur\u00fcck zur Startseite\" width=\"156\" height=\"15\" \/><\/a><\/div>\n<div style=\"margin-right: 10px;\"><a href=\"https:\/\/www.facebook.com\/groups\/1683837971860223\/permalink\/1987214344855916\/\" target=\"_blank\" rel=\"noopener noreferrer\"><img loading=\"lazy\" class=\"alignright\" src=\"http:\/\/www.deanreed.de\/AmericanRebel\/2017\/wp-content\/uploads\/2017\/03\/ar_zu_fb.png\" alt=\"hier geht es zur Facebook Diskussionsgruppe\" width=\"353\" height=\"15\" \/><\/a><\/div>\n<p style=\"text-align: center;\"><a href=\"#respond\" target=\"_blank\" rel=\"noopener noreferrer\"><img loading=\"lazy\" class=\"aligncenter\" src=\"http:\/\/www.deanreed.de\/AmericanRebel\/2017\/wp-content\/uploads\/2017\/03\/ar_kommentar-1.png\" alt=\"Sag uns deine Meinung zum Artikel mit einem Kommentar\/Leserbrief\" width=\"627\" height=\"20\" \/><\/a><\/p>\n<\/blockquote>\n<p><\/div><!-- .hide-this-part --><\/div><!-- hide-this-part-wrap --><\/p>\n","protected":false},"excerpt":{"rendered":"<p>Die Volkskorrespondenz zum Wochenende R\u00fcdiger Rauls \u2013 25. Dezember 2021 Vom Demokratiegipfel ins Jammertal Was bleibt von den Drohungen gegen China und Russland, was von dem mit gro\u00dfem Tamtam angek\u00fcndigten Demokratiegipfel? Wenig. Also zumindest nicht viel, was man nicht auch [&hellip;]<a class=\"more-link\" href=\"http:\/\/www.deanreed.de\/AmericanRebel\/2017\/2021\/12\/25\/vom-demokratiegipfel-ins-jammertal\/\">&darr; Lese den Rest von diesem Eintrag&#8230;<\/a><\/p>\n","protected":false},"author":2,"featured_media":0,"comment_status":"open","ping_status":"open","sticky":false,"template":"","format":"standard","meta":[],"categories":[2515],"tags":[748,2594,5132,5514,838,2149,5515,4791,158],"yoast_head":"<!-- This site is optimized with the Yoast SEO plugin v17.5 - https:\/\/yoast.com\/wordpress\/plugins\/seo\/ -->\n<title>- Vom Demokratiegipfel ins Jammertal &ndash; Onlinezeitung AmericanRebel<\/title>\n<meta name=\"robots\" content=\"index, follow, max-snippet:-1, max-image-preview:large, max-video-preview:-1\" \/>\n<link rel=\"canonical\" href=\"https:\/\/www.deanreed.de\/AmericanRebel\/2017\/2021\/12\/25\/vom-demokratiegipfel-ins-jammertal\/\" \/>\n<meta property=\"og:locale\" content=\"de_DE\" \/>\n<meta property=\"og:type\" content=\"article\" \/>\n<meta property=\"og:title\" content=\"- Vom Demokratiegipfel ins Jammertal &ndash; Onlinezeitung AmericanRebel\" \/>\n<meta property=\"og:description\" content=\"Was bleibt von den Drohungen gegen China und Russland, was von dem mit gro\u00dfem Tamtam angek\u00fcndigten Demokratiegipfel? Wenig. Also zumindest nicht viel, was man nicht auch mit geringerem Aufwand h\u00e4tte erreicht haben k\u00f6nnen. Die Ergebnisse sind eher ern\u00fcchternd. Wie sollte es auch anders sein. Denn es geht Biden und seinen Leuten nur um Kosmetik f\u00fcr die Leute zu Hause. Sie sollen das Gef\u00fchl haben, dass die USA wieder die Hauptrolle auf der Weltb\u00fchne spielen.\" \/>\n<meta property=\"og:url\" content=\"https:\/\/www.deanreed.de\/AmericanRebel\/2017\/2021\/12\/25\/vom-demokratiegipfel-ins-jammertal\/\" \/>\n<meta property=\"og:site_name\" content=\"Onlinezeitung AmericanRebel\" \/>\n<meta property=\"article:published_time\" content=\"2021-12-25T02:12:11+00:00\" \/>\n<meta property=\"article:modified_time\" content=\"2021-12-26T20:46:20+00:00\" \/>\n<meta property=\"og:image\" content=\"http:\/\/www.deanreed.de\/AmericanRebel\/2017\/wp-content\/uploads\/2021\/12\/11.png\" \/>\n\t<meta property=\"og:image:width\" content=\"640\" \/>\n\t<meta property=\"og:image:height\" content=\"460\" \/>\n<meta name=\"twitter:card\" content=\"summary_large_image\" \/>\n<meta name=\"twitter:label1\" content=\"Verfasst von\" \/>\n\t<meta name=\"twitter:data1\" content=\"Redaktion\" \/>\n\t<meta name=\"twitter:label2\" content=\"Gesch\u00e4tzte Lesezeit\" \/>\n\t<meta name=\"twitter:data2\" content=\"6\u00a0Minuten\" \/>\n<script type=\"application\/ld+json\" class=\"yoast-schema-graph\">{\"@context\":\"https:\/\/schema.org\",\"@graph\":[{\"@type\":\"WebSite\",\"@id\":\"https:\/\/www.deanreed.de\/AmericanRebel\/2017\/#website\",\"url\":\"https:\/\/www.deanreed.de\/AmericanRebel\/2017\/\",\"name\":\"Onlinezeitung AmericanRebel\",\"description\":\"Internationale Onlinezeitung f\\u00fcr Frieden, Humanismus, V\\u00f6lkerverst\\u00e4ndigung und Kultur\",\"potentialAction\":[{\"@type\":\"SearchAction\",\"target\":{\"@type\":\"EntryPoint\",\"urlTemplate\":\"https:\/\/www.deanreed.de\/AmericanRebel\/2017\/?s={search_term_string}\"},\"query-input\":\"required name=search_term_string\"}],\"inLanguage\":\"de\"},{\"@type\":\"ImageObject\",\"@id\":\"https:\/\/www.deanreed.de\/AmericanRebel\/2017\/2021\/12\/25\/vom-demokratiegipfel-ins-jammertal\/#primaryimage\",\"inLanguage\":\"de\",\"url\":\"http:\/\/www.deanreed.de\/AmericanRebel\/2017\/wp-content\/uploads\/2021\/12\/11.png\",\"contentUrl\":\"http:\/\/www.deanreed.de\/AmericanRebel\/2017\/wp-content\/uploads\/2021\/12\/11.png\",\"width\":640,\"height\":460},{\"@type\":\"WebPage\",\"@id\":\"https:\/\/www.deanreed.de\/AmericanRebel\/2017\/2021\/12\/25\/vom-demokratiegipfel-ins-jammertal\/#webpage\",\"url\":\"https:\/\/www.deanreed.de\/AmericanRebel\/2017\/2021\/12\/25\/vom-demokratiegipfel-ins-jammertal\/\",\"name\":\"- Vom Demokratiegipfel ins Jammertal &ndash; Onlinezeitung AmericanRebel\",\"isPartOf\":{\"@id\":\"https:\/\/www.deanreed.de\/AmericanRebel\/2017\/#website\"},\"primaryImageOfPage\":{\"@id\":\"https:\/\/www.deanreed.de\/AmericanRebel\/2017\/2021\/12\/25\/vom-demokratiegipfel-ins-jammertal\/#primaryimage\"},\"datePublished\":\"2021-12-25T02:12:11+00:00\",\"dateModified\":\"2021-12-26T20:46:20+00:00\",\"author\":{\"@id\":\"https:\/\/www.deanreed.de\/AmericanRebel\/2017\/#\/schema\/person\/9edfca7917cd10b75edaae51c6e7935a\"},\"breadcrumb\":{\"@id\":\"https:\/\/www.deanreed.de\/AmericanRebel\/2017\/2021\/12\/25\/vom-demokratiegipfel-ins-jammertal\/#breadcrumb\"},\"inLanguage\":\"de\",\"potentialAction\":[{\"@type\":\"ReadAction\",\"target\":[\"https:\/\/www.deanreed.de\/AmericanRebel\/2017\/2021\/12\/25\/vom-demokratiegipfel-ins-jammertal\/\"]}]},{\"@type\":\"BreadcrumbList\",\"@id\":\"https:\/\/www.deanreed.de\/AmericanRebel\/2017\/2021\/12\/25\/vom-demokratiegipfel-ins-jammertal\/#breadcrumb\",\"itemListElement\":[{\"@type\":\"ListItem\",\"position\":1,\"name\":\"Startseite\",\"item\":\"https:\/\/www.deanreed.de\/AmericanRebel\/2017\/\"},{\"@type\":\"ListItem\",\"position\":2,\"name\":\"&#8211; Vom Demokratiegipfel ins Jammertal\"}]},{\"@type\":\"Person\",\"@id\":\"https:\/\/www.deanreed.de\/AmericanRebel\/2017\/#\/schema\/person\/9edfca7917cd10b75edaae51c6e7935a\",\"name\":\"Redaktion\",\"url\":\"http:\/\/www.deanreed.de\/AmericanRebel\/2017\/author\/redaktion\/\"}]}<\/script>\n<!-- \/ Yoast SEO plugin. -->","yoast_head_json":{"title":"- Vom Demokratiegipfel ins Jammertal &ndash; Onlinezeitung AmericanRebel","robots":{"index":"index","follow":"follow","max-snippet":"max-snippet:-1","max-image-preview":"max-image-preview:large","max-video-preview":"max-video-preview:-1"},"canonical":"https:\/\/www.deanreed.de\/AmericanRebel\/2017\/2021\/12\/25\/vom-demokratiegipfel-ins-jammertal\/","og_locale":"de_DE","og_type":"article","og_title":"- Vom Demokratiegipfel ins Jammertal &ndash; Onlinezeitung AmericanRebel","og_description":"Was bleibt von den Drohungen gegen China und Russland, was von dem mit gro\u00dfem Tamtam angek\u00fcndigten Demokratiegipfel? Wenig. Also zumindest nicht viel, was man nicht auch mit geringerem Aufwand h\u00e4tte erreicht haben k\u00f6nnen. Die Ergebnisse sind eher ern\u00fcchternd. Wie sollte es auch anders sein. Denn es geht Biden und seinen Leuten nur um Kosmetik f\u00fcr die Leute zu Hause. Sie sollen das Gef\u00fchl haben, dass die USA wieder die Hauptrolle auf der Weltb\u00fchne spielen.","og_url":"https:\/\/www.deanreed.de\/AmericanRebel\/2017\/2021\/12\/25\/vom-demokratiegipfel-ins-jammertal\/","og_site_name":"Onlinezeitung AmericanRebel","article_published_time":"2021-12-25T02:12:11+00:00","article_modified_time":"2021-12-26T20:46:20+00:00","og_image":[{"width":640,"height":460,"url":"http:\/\/www.deanreed.de\/AmericanRebel\/2017\/wp-content\/uploads\/2021\/12\/11.png","type":"image\/png"}],"twitter_card":"summary_large_image","twitter_misc":{"Verfasst von":"Redaktion","Gesch\u00e4tzte Lesezeit":"6\u00a0Minuten"},"schema":{"@context":"https:\/\/schema.org","@graph":[{"@type":"WebSite","@id":"https:\/\/www.deanreed.de\/AmericanRebel\/2017\/#website","url":"https:\/\/www.deanreed.de\/AmericanRebel\/2017\/","name":"Onlinezeitung AmericanRebel","description":"Internationale Onlinezeitung f\u00fcr Frieden, Humanismus, V\u00f6lkerverst\u00e4ndigung und Kultur","potentialAction":[{"@type":"SearchAction","target":{"@type":"EntryPoint","urlTemplate":"https:\/\/www.deanreed.de\/AmericanRebel\/2017\/?s={search_term_string}"},"query-input":"required name=search_term_string"}],"inLanguage":"de"},{"@type":"ImageObject","@id":"https:\/\/www.deanreed.de\/AmericanRebel\/2017\/2021\/12\/25\/vom-demokratiegipfel-ins-jammertal\/#primaryimage","inLanguage":"de","url":"http:\/\/www.deanreed.de\/AmericanRebel\/2017\/wp-content\/uploads\/2021\/12\/11.png","contentUrl":"http:\/\/www.deanreed.de\/AmericanRebel\/2017\/wp-content\/uploads\/2021\/12\/11.png","width":640,"height":460},{"@type":"WebPage","@id":"https:\/\/www.deanreed.de\/AmericanRebel\/2017\/2021\/12\/25\/vom-demokratiegipfel-ins-jammertal\/#webpage","url":"https:\/\/www.deanreed.de\/AmericanRebel\/2017\/2021\/12\/25\/vom-demokratiegipfel-ins-jammertal\/","name":"- Vom Demokratiegipfel ins Jammertal &ndash; Onlinezeitung AmericanRebel","isPartOf":{"@id":"https:\/\/www.deanreed.de\/AmericanRebel\/2017\/#website"},"primaryImageOfPage":{"@id":"https:\/\/www.deanreed.de\/AmericanRebel\/2017\/2021\/12\/25\/vom-demokratiegipfel-ins-jammertal\/#primaryimage"},"datePublished":"2021-12-25T02:12:11+00:00","dateModified":"2021-12-26T20:46:20+00:00","author":{"@id":"https:\/\/www.deanreed.de\/AmericanRebel\/2017\/#\/schema\/person\/9edfca7917cd10b75edaae51c6e7935a"},"breadcrumb":{"@id":"https:\/\/www.deanreed.de\/AmericanRebel\/2017\/2021\/12\/25\/vom-demokratiegipfel-ins-jammertal\/#breadcrumb"},"inLanguage":"de","potentialAction":[{"@type":"ReadAction","target":["https:\/\/www.deanreed.de\/AmericanRebel\/2017\/2021\/12\/25\/vom-demokratiegipfel-ins-jammertal\/"]}]},{"@type":"BreadcrumbList","@id":"https:\/\/www.deanreed.de\/AmericanRebel\/2017\/2021\/12\/25\/vom-demokratiegipfel-ins-jammertal\/#breadcrumb","itemListElement":[{"@type":"ListItem","position":1,"name":"Startseite","item":"https:\/\/www.deanreed.de\/AmericanRebel\/2017\/"},{"@type":"ListItem","position":2,"name":"&#8211; Vom Demokratiegipfel ins Jammertal"}]},{"@type":"Person","@id":"https:\/\/www.deanreed.de\/AmericanRebel\/2017\/#\/schema\/person\/9edfca7917cd10b75edaae51c6e7935a","name":"Redaktion","url":"http:\/\/www.deanreed.de\/AmericanRebel\/2017\/author\/redaktion\/"}]}},"_links":{"self":[{"href":"http:\/\/www.deanreed.de\/AmericanRebel\/2017\/wp-json\/wp\/v2\/posts\/29145"}],"collection":[{"href":"http:\/\/www.deanreed.de\/AmericanRebel\/2017\/wp-json\/wp\/v2\/posts"}],"about":[{"href":"http:\/\/www.deanreed.de\/AmericanRebel\/2017\/wp-json\/wp\/v2\/types\/post"}],"author":[{"embeddable":true,"href":"http:\/\/www.deanreed.de\/AmericanRebel\/2017\/wp-json\/wp\/v2\/users\/2"}],"replies":[{"embeddable":true,"href":"http:\/\/www.deanreed.de\/AmericanRebel\/2017\/wp-json\/wp\/v2\/comments?post=29145"}],"version-history":[{"count":4,"href":"http:\/\/www.deanreed.de\/AmericanRebel\/2017\/wp-json\/wp\/v2\/posts\/29145\/revisions"}],"predecessor-version":[{"id":29155,"href":"http:\/\/www.deanreed.de\/AmericanRebel\/2017\/wp-json\/wp\/v2\/posts\/29145\/revisions\/29155"}],"wp:attachment":[{"href":"http:\/\/www.deanreed.de\/AmericanRebel\/2017\/wp-json\/wp\/v2\/media?parent=29145"}],"wp:term":[{"taxonomy":"category","embeddable":true,"href":"http:\/\/www.deanreed.de\/AmericanRebel\/2017\/wp-json\/wp\/v2\/categories?post=29145"},{"taxonomy":"post_tag","embeddable":true,"href":"http:\/\/www.deanreed.de\/AmericanRebel\/2017\/wp-json\/wp\/v2\/tags?post=29145"}],"curies":[{"name":"wp","href":"https:\/\/api.w.org\/{rel}","templated":true}]}}