{"id":28980,"date":"2021-12-03T06:05:57","date_gmt":"2021-12-03T05:05:57","guid":{"rendered":"http:\/\/www.deanreed.de\/AmericanRebel\/2017\/?p=28980"},"modified":"2021-12-04T03:50:33","modified_gmt":"2021-12-04T02:50:33","slug":"lockdown-jetzt","status":"publish","type":"post","link":"http:\/\/www.deanreed.de\/AmericanRebel\/2017\/2021\/12\/03\/lockdown-jetzt\/","title":{"rendered":"&#8211; Lockdown jetzt!"},"content":{"rendered":"<blockquote><p><img loading=\"lazy\" class=\" wp-image-26040 alignright\" src=\"http:\/\/www.deanreed.de\/AmericanRebel\/2017\/wp-content\/uploads\/2020\/10\/vk-300x300.png\" alt=\"\" width=\"105\" height=\"105\" srcset=\"http:\/\/www.deanreed.de\/AmericanRebel\/2017\/wp-content\/uploads\/2020\/10\/vk.png 300w, http:\/\/www.deanreed.de\/AmericanRebel\/2017\/wp-content\/uploads\/2020\/10\/vk-150x150.png 150w\" sizes=\"(max-width: 105px) 100vw, 105px\" \/><\/p><\/blockquote>\n<div class=\"\" data-block=\"true\" data-editor=\"j6fb\" data-offset-key=\"4g9dk-0-0\">\n<div class=\"public-DraftStyleDefault-block public-DraftStyleDefault-ltr\" style=\"text-align: justify;\" data-offset-key=\"4g9dk-0-0\">\n<blockquote>\n<p style=\"text-align: justify;\"><span style=\"font-family: verdana, geneva, sans-serif; font-size: 12pt;\"><em><a href=\"http:\/\/www.deanreed.de\/AmericanRebel\/2017\/?p=15038\" target=\"_blank\" rel=\"noopener\">Volkskorrespondent<\/a><span style=\"font-size: 12pt;\"> von Lupo \u2013 2. Dezember 2021<\/span><\/em><\/span><\/p>\n<\/blockquote>\n<div class=\"\" data-block=\"true\" data-editor=\"ahftk\" data-offset-key=\"6u2bq-0-0\">\n<div class=\"public-DraftStyleDefault-block public-DraftStyleDefault-ltr\" data-offset-key=\"6u2bq-0-0\">\n<div id=\"attachment_14969\" style=\"width: 110px\" class=\"wp-caption alignleft\"><img aria-describedby=\"caption-attachment-14969\" loading=\"lazy\" class=\"size-full wp-image-14969\" src=\"https:\/\/rotermorgen.eu\/wp-content\/uploads\/2021\/11\/Lupo_klein.jpg\" alt=\"\" width=\"100\" height=\"150\" \/><p id=\"caption-attachment-14969\" class=\"wp-caption-text\"><strong>Lupo<\/strong><\/p><\/div>\n<div class=\"page\" title=\"Page 1\">\n<div class=\"layoutArea\">\n<div class=\"column\" style=\"text-align: justify;\">\n<p><strong><span dir=\"ltr\" style=\"font-family: verdana, geneva, sans-serif; font-size: 12pt;\" role=\"presentation\">Das geeiere der Politik tr\u00e4gt nun seine Fr\u00fcchte. Die vierte Corona-Welle ist voll <\/span><span dir=\"ltr\" style=\"font-family: verdana, geneva, sans-serif; font-size: 12pt;\" role=\"presentation\">ausgebrochen, die Krankenh\u00e4user f\u00fcllen sich mit Ungeimpften. Und RKI-Wieler erz\u00e4hlt es <\/span><\/strong><strong><span dir=\"ltr\" style=\"font-family: verdana, geneva, sans-serif; font-size: 12pt;\" role=\"presentation\">sei 10 nach 12. Und wieder \u00fcberschl\u00e4gt sich die Landespolitik vor Schlauheiten. Einzig<\/span><span dir=\"ltr\" style=\"font-family: verdana, geneva, sans-serif; font-size: 12pt;\" role=\"presentation\">kleinlaut bekennt S\u00f6der in Bayern die h\u00f6chsten Inzidenzen sind da wo die Faschisten <\/span><span dir=\"ltr\" style=\"font-family: verdana, geneva, sans-serif; font-size: 12pt;\" role=\"presentation\">hausen. Ebenso in Sachsen und Baden-W\u00fcrttemberg. Sachsens Chef Kretschmerr (CDU) will einen <\/span><span dir=\"ltr\" style=\"font-family: verdana, geneva, sans-serif; font-size: 12pt;\" role=\"presentation\">Wellenbrecher. Er sollte mal lieber die Faschisten brechen die ungeimpft die Lande <\/span><span dir=\"ltr\" style=\"font-family: verdana, geneva, sans-serif; font-size: 12pt;\" role=\"presentation\">verseuchen und die Krankenh\u00e4user f\u00fcllen, aber da herrscht Milde und es wird weiter <\/span><\/strong><span dir=\"ltr\" style=\"font-family: verdana, geneva, sans-serif; font-size: 12pt;\" role=\"presentation\"><strong>kr\u00e4ftig verseucht.<\/strong><\/span><\/p>\n<div id=\"attachment_28981\" style=\"width: 342px\" class=\"wp-caption alignright\"><img aria-describedby=\"caption-attachment-28981\" loading=\"lazy\" class=\" wp-image-28981\" src=\"http:\/\/www.deanreed.de\/AmericanRebel\/2017\/wp-content\/uploads\/2021\/12\/huiu-300x205.png\" alt=\"\" width=\"332\" height=\"227\" srcset=\"http:\/\/www.deanreed.de\/AmericanRebel\/2017\/wp-content\/uploads\/2021\/12\/huiu-300x205.png 300w, http:\/\/www.deanreed.de\/AmericanRebel\/2017\/wp-content\/uploads\/2021\/12\/huiu-768x524.png 768w, http:\/\/www.deanreed.de\/AmericanRebel\/2017\/wp-content\/uploads\/2021\/12\/huiu.png 839w\" sizes=\"(max-width: 332px) 100vw, 332px\" \/><p id=\"caption-attachment-28981\" class=\"wp-caption-text\">Bahnhof Eindhoven: Rechter P\u00f6bel z\u00fcndete als Antwort auf die Ausfangssperre ein Auto an. <span style=\"color: #808080;\">Bild YouTube (Ausschnitt)<\/span><\/p><\/div>\n<p><span style=\"font-size: 12pt;\"><span dir=\"ltr\" style=\"font-family: verdana, geneva, sans-serif;\" role=\"presentation\">Interessant nun, in Holland und Belgien probt der faschistische P\u00f6bel den Aufstand <\/span><span dir=\"ltr\" style=\"font-family: verdana, geneva, sans-serif;\" role=\"presentation\">gegen Ma\u00dfnahmen gegen die Corona-Welle. Mit unvorstellbarer Aggressivit\u00e4t geht dieser <\/span><span dir=\"ltr\" style=\"font-family: verdana, geneva, sans-serif;\" role=\"presentation\">Mob gegen alles vor was ihnen in den Weg kommt. Polizeiautos brennen, Feuerwehrleute <\/span><span dir=\"ltr\" style=\"font-family: verdana, geneva, sans-serif;\" role=\"presentation\">werden beim L\u00f6schen angegriffen, Polizeibeamte verletzt. Wobei die Polizei nicht minder <\/span><span dir=\"ltr\" style=\"font-family: verdana, geneva, sans-serif;\" role=\"presentation\">hart mit scharfer Munition vorgeht und Demonstranten verletzt. Wie kommt es zu dieser <\/span><span dir=\"ltr\" style=\"font-family: verdana, geneva, sans-serif;\" role=\"presentation\">Eskalation? <\/span><\/span><span style=\"font-size: 12pt;\"><span dir=\"ltr\" style=\"font-family: verdana, geneva, sans-serif;\" role=\"presentation\">Politische Brandbeschleuniger<\/span><\/span><span style=\"font-size: 12pt;\"><span dir=\"ltr\" style=\"font-family: verdana, geneva, sans-serif;\" role=\"presentation\">laufen auch in diesem Lande herum, In Holland<\/span><span dir=\"ltr\" style=\"font-family: verdana, geneva, sans-serif;\" role=\"presentation\">ist es dieser Rechtsau\u00dfen Wilders, der seine faschistische Rhetorik walten l\u00e4sst. Hier ist <\/span><span dir=\"ltr\" style=\"font-family: verdana, geneva, sans-serif;\" role=\"presentation\">es die Dame Weidel. Doch nicht minder aktiv ist die Wagenknechtsche von den LINKEN <\/span><span dir=\"ltr\" style=\"font-family: verdana, geneva, sans-serif;\" role=\"presentation\">die sich als Impfgegnerin outet. Sie alle verbreiten den Aberglauben statt die Wissenschaft<\/span><span dir=\"ltr\" style=\"font-family: verdana, geneva, sans-serif;\" role=\"presentation\">von zum Beispiel Sahin und Tureci<sup>(1)<\/sup>, die Erfinder von Biontec.<\/span><\/span><\/p>\n<\/div>\n<div class=\"column\" style=\"text-align: justify;\"><span style=\"font-size: 12pt;\"><span dir=\"ltr\" style=\"font-family: verdana, geneva, sans-serif;\" role=\"presentation\">W\u00fcrden diese Corona-Leugner nicht frei herum laufen und die b\u00fcrgerliche <\/span><span dir=\"ltr\" style=\"font-family: verdana, geneva, sans-serif;\" role=\"presentation\">Liberalit\u00e4t genie\u00dfen, die 4. und 5. Corona-Welle w\u00e4re l\u00e4ngst Geschichte. So aber f\u00fcllen <\/span><span dir=\"ltr\" style=\"font-family: verdana, geneva, sans-serif;\" role=\"presentation\">sich die Krankenh\u00e4user mit Ungeimpften und belasten das Pflegepersonal bis an ihre <\/span><span dir=\"ltr\" style=\"font-family: verdana, geneva, sans-serif;\" role=\"presentation\">Belastungsgrenze. Selbst &#8222;Mutti Merkel&#8220; nennt dies eine au\u00dfergew\u00f6hnliche Situation. Doch ruft sie <\/span><span dir=\"ltr\" style=\"font-family: verdana, geneva, sans-serif;\" role=\"presentation\">den Notstand aus? Nicht doch. Die Industrie f\u00fcrchtet um ihre Profite und so bahnt sich die <\/span><span dir=\"ltr\" style=\"font-family: verdana, geneva, sans-serif;\" role=\"presentation\">5. Welle an mit noch mehr Toten. Inzwischen wurde in S\u00fcdafrika eine neue Variante des <\/span><span dir=\"ltr\" style=\"font-family: verdana, geneva, sans-serif;\" role=\"presentation\">Corona-Virus entdeckt mit mehrfachen Mutationen und noch gef\u00e4hrlicher. Flei\u00dfig <\/span><span dir=\"ltr\" style=\"font-family: verdana, geneva, sans-serif;\" role=\"presentation\">verbreitet durch den wiederer\u00f6ffneten Luftverkehr und den Corona-Bombern. Was machen<\/span><span dir=\"ltr\" style=\"font-family: verdana, geneva, sans-serif;\" role=\"presentation\">eigentlich die Fluggesellschaften beim Boarding? Wegschauen, damit die Sitze voll <\/span><span dir=\"ltr\" style=\"font-family: verdana, geneva, sans-serif;\" role=\"presentation\">werden? Und dass Reisende mit Omikron sich tagelang herumtreiben hier, das ist ein <\/span><span dir=\"ltr\" style=\"font-family: verdana, geneva, sans-serif;\" role=\"presentation\">Skandal!<\/span><\/span><\/div>\n<div class=\"column\" style=\"text-align: justify;\">\n<div id=\"attachment_28983\" style=\"width: 344px\" class=\"wp-caption alignleft\"><img aria-describedby=\"caption-attachment-28983\" loading=\"lazy\" class=\" wp-image-28983\" src=\"http:\/\/www.deanreed.de\/AmericanRebel\/2017\/wp-content\/uploads\/2021\/12\/ee-300x202.jpg\" alt=\"\" width=\"334\" height=\"225\" srcset=\"http:\/\/www.deanreed.de\/AmericanRebel\/2017\/wp-content\/uploads\/2021\/12\/ee-300x202.jpg 300w, http:\/\/www.deanreed.de\/AmericanRebel\/2017\/wp-content\/uploads\/2021\/12\/ee-1024x690.jpg 1024w, http:\/\/www.deanreed.de\/AmericanRebel\/2017\/wp-content\/uploads\/2021\/12\/ee-768x517.jpg 768w, http:\/\/www.deanreed.de\/AmericanRebel\/2017\/wp-content\/uploads\/2021\/12\/ee-1536x1035.jpg 1536w, http:\/\/www.deanreed.de\/AmericanRebel\/2017\/wp-content\/uploads\/2021\/12\/ee.jpg 1596w\" sizes=\"(max-width: 334px) 100vw, 334px\" \/><p id=\"caption-attachment-28983\" class=\"wp-caption-text\">Gestern wurde aus Sachsen der erste Corona-Patient von der Luftwaffe nach K\u00f6ln ausgeflogen: Vorsorglich hat Sachsen pro Woche 20 Patienten f\u00fcr eine solche Verlegung angemeldet.<span style=\"color: #808080;\"> (Quelle: Robert Michael\/dpa)<\/span><\/p><\/div>\n<p><span style=\"font-size: 12pt;\"><span dir=\"ltr\" style=\"font-family: verdana, geneva, sans-serif;\" role=\"presentation\">Nun d\u00e4mmert es langsam dem neuen Bundeskanzler, eine allgemeine Impfpflicht <\/span><span dir=\"ltr\" style=\"font-family: verdana, geneva, sans-serif;\" role=\"presentation\">muss her. Aber bis zum Lockdown reicht es wieder nicht. Die Angst ist riesig, da\u00df die <\/span><span dir=\"ltr\" style=\"font-family: verdana, geneva, sans-serif;\" role=\"presentation\">Profite in den Betrieben schwinden, das wo ohnehin in der Autoindustrie wegen Chip- und <\/span><span dir=\"ltr\" style=\"font-family: verdana, geneva, sans-serif;\" role=\"presentation\">Magnesiummangel Kurzarbeit herrscht. Es sind bereits \u00fcber 100 000 Menschen in diesem <\/span><span dir=\"ltr\" style=\"font-family: verdana, geneva, sans-serif;\" role=\"presentation\">Land wegen Corona gestorben. Offensichtlich reicht es den Kapitalisten nicht. <\/span><span style=\"font-family: verdana, geneva, sans-serif;\"><span dir=\"ltr\" role=\"presentation\">Die Inzidenzen &#8211;<\/span> <span dir=\"ltr\" role=\"presentation\">besonders unter Ungeimpften und <\/span><\/span><span style=\"font-family: verdana, geneva, sans-serif;\"><span dir=\"ltr\" role=\"presentation\">in Hochburgen von Querdenkern<\/span> <span dir=\"ltr\" role=\"presentation\">und Impfgegnern &#8211; erreichen <\/span><\/span><span style=\"font-family: verdana, geneva, sans-serif;\"><span dir=\"ltr\" role=\"presentation\">t\u00e4glich neue H\u00f6chstwerte. Die<\/span> <span dir=\"ltr\" role=\"presentation\">Intensivierung der Impfkampagnen<\/span><\/span><span style=\"font-family: verdana, geneva, sans-serif;\"><span dir=\"ltr\" role=\"presentation\">ist richtig und notwendig, aber sie<\/span> <span dir=\"ltr\" role=\"presentation\">reicht zum Brechen der Welle in <\/span><\/span><span style=\"font-family: verdana, geneva, sans-serif;\"><span dir=\"ltr\" role=\"presentation\">der aktuellen Entwicklung nicht mehr aus.<\/span><span dir=\"ltr\" role=\"presentation\"> Wir lange sollen wir uns von diesen Gelichter <\/span><\/span><span dir=\"ltr\" style=\"font-family: verdana, geneva, sans-serif;\" role=\"presentation\">terrorisieren lassen?<br \/>\n<\/span><\/span><span style=\"font-family: verdana, geneva, sans-serif; font-size: 12pt;\"><span style=\"font-size: 10pt; color: #ffffff;\">.<\/span><\/span><br \/>\n<span style=\"font-family: verdana, geneva, sans-serif; font-size: 12pt;\"><span style=\"font-size: 10pt;\">(1) <a href=\"https:\/\/www.swr.de\/swraktuell\/rheinland-pfalz\/mainz\/biontech-tuereci-sahin-kariko-portraets-100.html\" target=\"_blank\" rel=\"noopener\">SAHIN und <span id=\"decorator-ignored-entity-id-105\" data-entity-key=\"105\" data-offset-key=\"1514l-19-0\">T\u00dcRECI<\/span><\/a> sind die Gr\u00fcnder der <a href=\"https:\/\/service.biontech.de\/\" target=\"_blank\" rel=\"noopener\">BioNTech Europe GmbH<\/a><\/span><\/span><br \/>\n<span style=\"font-family: verdana, geneva, sans-serif; font-size: 12pt;\"><span style=\"color: #ffffff;\">.<\/span><br \/>\n<\/span><span style=\"font-family: verdana, geneva, sans-serif; font-size: 10pt;\">Erstver\u00f6ffentlichung am 2. Dezember 2021 auf \u00bb<a href=\"https:\/\/rotermorgen.eu\/wp-content\/uploads\/2021\/12\/Lockdown-jetzt-1.pdf\" target=\"_blank\" rel=\"noopener\"><span style=\"font-family: andale mono, monospace;\">ROTER MORGEN<\/span><\/a>\u00ab. Ver\u00f6ffentlichung mit freundlicher Genehmigung des Herausgebers. Bilder wurden von der Redaktion \u00bb<a href=\"https:\/\/rotermorgen.eu\/\" target=\"_blank\" rel=\"noopener\">RoterMorgen.eu<\/a>\u00ab hinzugef\u00fcgt.<br \/>\n<\/span><span style=\"color: #ffffff;\">.<\/span><br \/>\n<span style=\"font-size: 14pt; font-family: verdana, geneva, sans-serif;\"><em><strong>Lest dazu bitte auch:<\/strong><\/em><\/span><\/p>\n<\/div>\n<blockquote class=\"wp-embedded-content\" data-secret=\"qVXtdQMk2P\"><p><a href=\"https:\/\/rotermorgen.eu\/vor-corona-ist-nach-corona-das-kapital-sahnt-immer-ab\/\">\u00bbVor Corona\u00ab ist \u00bbnach Corona\u00ab \u2013 Das Kapital sahnt immer ab!<\/a><\/p><\/blockquote>\n<p><iframe class=\"wp-embedded-content\" sandbox=\"allow-scripts\" security=\"restricted\" style=\"position: absolute; clip: rect(1px, 1px, 1px, 1px);\" title=\"&#8222;\u00bbVor Corona\u00ab ist \u00bbnach Corona\u00ab \u2013 Das Kapital sahnt immer ab!&#8220; &#8212; \" src=\"https:\/\/rotermorgen.eu\/vor-corona-ist-nach-corona-das-kapital-sahnt-immer-ab\/embed\/#?secret=qVXtdQMk2P\" data-secret=\"qVXtdQMk2P\" width=\"500\" height=\"282\" frameborder=\"0\" marginwidth=\"0\" marginheight=\"0\" scrolling=\"no\"><\/iframe><\/p>\n<\/div>\n<\/div>\n<\/div>\n<\/div>\n<\/div>\n<\/div>\n<div data-contents=\"true\">\n<div class=\"\" data-block=\"true\" data-editor=\"j6fb\" data-offset-key=\"4g9dk-0-0\">\n<div class=\"public-DraftStyleDefault-block public-DraftStyleDefault-ltr\" style=\"text-align: justify;\" data-offset-key=\"4g9dk-0-0\">\n<blockquote class=\"wp-embedded-content\" data-secret=\"sY615HN7AR\"><p><a href=\"https:\/\/rotermorgen.eu\/wg-corona\/\">Die Corona-Pandemie endet \u2013 das kapitalistische System beleibt bestehen!<\/a><\/p><\/blockquote>\n<p><iframe class=\"wp-embedded-content\" sandbox=\"allow-scripts\" security=\"restricted\" style=\"position: absolute; clip: rect(1px, 1px, 1px, 1px);\" title=\"&#8222;Die Corona-Pandemie endet \u2013 das kapitalistische System beleibt bestehen!&#8220; &#8212; \" src=\"https:\/\/rotermorgen.eu\/wg-corona\/embed\/#?secret=sY615HN7AR\" data-secret=\"sY615HN7AR\" width=\"500\" height=\"282\" frameborder=\"0\" marginwidth=\"0\" marginheight=\"0\" scrolling=\"no\"><\/iframe><\/p>\n<\/div>\n<\/div>\n<\/div>\n<p><span style=\"color: #ffffff;\">.<\/span><a href=\"https:\/\/www.paypal.com\/de\/home\" target=\"_blank\" rel=\"noopener\"><img loading=\"lazy\" class=\"wp-image-26501 aligncenter\" src=\"http:\/\/www.deanreed.de\/AmericanRebel\/2017\/wp-content\/uploads\/2037\/12\/1-300x72.png\" alt=\"\" width=\"661\" height=\"159\" srcset=\"http:\/\/www.deanreed.de\/AmericanRebel\/2017\/wp-content\/uploads\/2037\/12\/1-300x72.png 300w, http:\/\/www.deanreed.de\/AmericanRebel\/2017\/wp-content\/uploads\/2037\/12\/1-1024x245.png 1024w, http:\/\/www.deanreed.de\/AmericanRebel\/2017\/wp-content\/uploads\/2037\/12\/1-768x184.png 768w, http:\/\/www.deanreed.de\/AmericanRebel\/2017\/wp-content\/uploads\/2037\/12\/1-1536x367.png 1536w, http:\/\/www.deanreed.de\/AmericanRebel\/2017\/wp-content\/uploads\/2037\/12\/1-2048x489.png 2048w\" sizes=\"(max-width: 661px) 100vw, 661px\" \/><\/a><\/p>\n<blockquote>\n<div style=\"margin-left: 10px;\"><a title=\"zur Startseite\" href=\"http:\/\/www.americanrebel.de\/\"><img loading=\"lazy\" class=\"alignleft\" src=\"http:\/\/www.deanreed.de\/AmericanRebel\/2017\/wp-content\/uploads\/2017\/03\/back_ar.png\" alt=\"zur\u00fcck zur Startseite\" width=\"156\" height=\"15\" \/><\/a><\/div>\n<div style=\"margin-right: 10px;\"><a href=\"https:\/\/www.facebook.com\/groups\/1683837971860223\/permalink\/1987214344855916\/\" target=\"_blank\" rel=\"noopener noreferrer\"><img loading=\"lazy\" class=\"alignright\" src=\"http:\/\/www.deanreed.de\/AmericanRebel\/2017\/wp-content\/uploads\/2017\/03\/ar_zu_fb.png\" alt=\"hier geht es zur Facebook Diskussionsgruppe\" width=\"353\" height=\"15\" \/><\/a><\/div>\n<p style=\"text-align: center;\"><a href=\"#respond\" target=\"_blank\" rel=\"noopener noreferrer\"><img loading=\"lazy\" class=\"aligncenter\" src=\"http:\/\/www.deanreed.de\/AmericanRebel\/2017\/wp-content\/uploads\/2017\/03\/ar_kommentar-1.png\" alt=\"Sag uns deine Meinung zum Artikel mit einem Kommentar\/Leserbrief\" width=\"627\" height=\"20\" \/><\/a><\/p>\n<\/blockquote>\n<p>[\/hide-this-part] <div class=\"hide-this-part-wrap\"><div class=\"hide-this-part-more\" id=\"hide-this-part-0\" morelink-text=\"hier geht es weiter\">hier geht es weiter \u00bb<\/div><div class=\"hide-this-part\" status=\"invisible\"><\/div><!-- .hide-this-part --><\/div><!-- hide-this-part-wrap --><\/p>\n","protected":false},"excerpt":{"rendered":"<p>Volkskorrespondent von Lupo \u2013 2. Dezember 2021 Das geeiere der Politik tr\u00e4gt nun seine Fr\u00fcchte. Die vierte Corona-Welle ist voll ausgebrochen, die Krankenh\u00e4user f\u00fcllen sich mit Ungeimpften. Und RKI-Wieler erz\u00e4hlt es sei 10 nach 12. Und wieder \u00fcberschl\u00e4gt sich die [&hellip;]<a class=\"more-link\" href=\"http:\/\/www.deanreed.de\/AmericanRebel\/2017\/2021\/12\/03\/lockdown-jetzt\/\">&darr; Lese den Rest von diesem Eintrag&#8230;<\/a><\/p>\n","protected":false},"author":2,"featured_media":0,"comment_status":"open","ping_status":"open","sticky":false,"template":"","format":"standard","meta":[],"categories":[1542],"tags":[2594,5425,5426,5427,3170,5428,4791,5429,4912,5430,1329,5431,5432],"yoast_head":"<!-- This site is optimized with the Yoast SEO plugin v17.5 - https:\/\/yoast.com\/wordpress\/plugins\/seo\/ -->\n<title>- Lockdown jetzt! &ndash; Onlinezeitung AmericanRebel<\/title>\n<meta name=\"robots\" content=\"index, follow, max-snippet:-1, max-image-preview:large, max-video-preview:-1\" \/>\n<link rel=\"canonical\" href=\"http:\/\/www.deanreed.de\/AmericanRebel\/2017\/2021\/12\/03\/lockdown-jetzt\/\" \/>\n<meta property=\"og:locale\" content=\"de_DE\" \/>\n<meta property=\"og:type\" content=\"article\" \/>\n<meta property=\"og:title\" content=\"- Lockdown jetzt! &ndash; Onlinezeitung AmericanRebel\" \/>\n<meta property=\"og:description\" content=\"Das geeiere der Politik tr\u00e4gt nun seine Fr\u00fcchte. Die vierte Corona-Welle ist voll ausgebrochen, die Krankenh\u00e4user f\u00fcllen sich mit Ungeimpften. Und RKI-Wieler erz\u00e4hlt es sei 10 nach 12. Und wieder \u00fcberschl\u00e4gt sich die Landespolitik vor Schlauheiten. Einzigkleinlaut bekennt S\u00f6der in Bayern die h\u00f6chsten Inzidenzen sind da wo die Faschisten hausen. Ebenso in Sachsen und Baden-W\u00fcrttemberg. Sachsens Chef Kretschmerr (CDU) will einen Wellenbrecher. Er sollte mal lieber die Faschisten brechen die ungeimpft die Lande verseuchen und die Krankenh\u00e4user f\u00fcllen, aber da herrscht Milde und es wird weiter kr\u00e4ftig verseucht.\" \/>\n<meta property=\"og:url\" content=\"http:\/\/www.deanreed.de\/AmericanRebel\/2017\/2021\/12\/03\/lockdown-jetzt\/\" \/>\n<meta property=\"og:site_name\" content=\"Onlinezeitung AmericanRebel\" \/>\n<meta property=\"article:published_time\" content=\"2021-12-03T05:05:57+00:00\" \/>\n<meta property=\"article:modified_time\" content=\"2021-12-04T02:50:33+00:00\" \/>\n<meta property=\"og:image\" content=\"https:\/\/www.deanreed.de\/AmericanRebel\/2017\/wp-content\/uploads\/2021\/12\/r567.png\" \/>\n\t<meta property=\"og:image:width\" content=\"640\" \/>\n\t<meta property=\"og:image:height\" content=\"460\" \/>\n<meta name=\"twitter:card\" content=\"summary_large_image\" \/>\n<meta name=\"twitter:label1\" content=\"Verfasst von\" \/>\n\t<meta name=\"twitter:data1\" content=\"Redaktion\" \/>\n\t<meta name=\"twitter:label2\" content=\"Gesch\u00e4tzte Lesezeit\" \/>\n\t<meta name=\"twitter:data2\" content=\"5\u00a0Minuten\" \/>\n<script type=\"application\/ld+json\" class=\"yoast-schema-graph\">{\"@context\":\"https:\/\/schema.org\",\"@graph\":[{\"@type\":\"WebSite\",\"@id\":\"https:\/\/www.deanreed.de\/AmericanRebel\/2017\/#website\",\"url\":\"https:\/\/www.deanreed.de\/AmericanRebel\/2017\/\",\"name\":\"Onlinezeitung AmericanRebel\",\"description\":\"Internationale Onlinezeitung f\\u00fcr Frieden, Humanismus, V\\u00f6lkerverst\\u00e4ndigung und Kultur\",\"potentialAction\":[{\"@type\":\"SearchAction\",\"target\":{\"@type\":\"EntryPoint\",\"urlTemplate\":\"https:\/\/www.deanreed.de\/AmericanRebel\/2017\/?s={search_term_string}\"},\"query-input\":\"required name=search_term_string\"}],\"inLanguage\":\"de\"},{\"@type\":\"ImageObject\",\"@id\":\"http:\/\/www.deanreed.de\/AmericanRebel\/2017\/2021\/12\/03\/lockdown-jetzt\/#primaryimage\",\"inLanguage\":\"de\",\"url\":\"http:\/\/www.deanreed.de\/AmericanRebel\/2017\/wp-content\/uploads\/2021\/12\/r567.png\",\"contentUrl\":\"http:\/\/www.deanreed.de\/AmericanRebel\/2017\/wp-content\/uploads\/2021\/12\/r567.png\",\"width\":640,\"height\":460},{\"@type\":\"WebPage\",\"@id\":\"http:\/\/www.deanreed.de\/AmericanRebel\/2017\/2021\/12\/03\/lockdown-jetzt\/#webpage\",\"url\":\"http:\/\/www.deanreed.de\/AmericanRebel\/2017\/2021\/12\/03\/lockdown-jetzt\/\",\"name\":\"- Lockdown jetzt! &ndash; Onlinezeitung AmericanRebel\",\"isPartOf\":{\"@id\":\"https:\/\/www.deanreed.de\/AmericanRebel\/2017\/#website\"},\"primaryImageOfPage\":{\"@id\":\"http:\/\/www.deanreed.de\/AmericanRebel\/2017\/2021\/12\/03\/lockdown-jetzt\/#primaryimage\"},\"datePublished\":\"2021-12-03T05:05:57+00:00\",\"dateModified\":\"2021-12-04T02:50:33+00:00\",\"author\":{\"@id\":\"https:\/\/www.deanreed.de\/AmericanRebel\/2017\/#\/schema\/person\/9edfca7917cd10b75edaae51c6e7935a\"},\"breadcrumb\":{\"@id\":\"http:\/\/www.deanreed.de\/AmericanRebel\/2017\/2021\/12\/03\/lockdown-jetzt\/#breadcrumb\"},\"inLanguage\":\"de\",\"potentialAction\":[{\"@type\":\"ReadAction\",\"target\":[\"http:\/\/www.deanreed.de\/AmericanRebel\/2017\/2021\/12\/03\/lockdown-jetzt\/\"]}]},{\"@type\":\"BreadcrumbList\",\"@id\":\"http:\/\/www.deanreed.de\/AmericanRebel\/2017\/2021\/12\/03\/lockdown-jetzt\/#breadcrumb\",\"itemListElement\":[{\"@type\":\"ListItem\",\"position\":1,\"name\":\"Startseite\",\"item\":\"https:\/\/www.deanreed.de\/AmericanRebel\/2017\/\"},{\"@type\":\"ListItem\",\"position\":2,\"name\":\"&#8211; Lockdown jetzt!\"}]},{\"@type\":\"Person\",\"@id\":\"https:\/\/www.deanreed.de\/AmericanRebel\/2017\/#\/schema\/person\/9edfca7917cd10b75edaae51c6e7935a\",\"name\":\"Redaktion\",\"url\":\"http:\/\/www.deanreed.de\/AmericanRebel\/2017\/author\/redaktion\/\"}]}<\/script>\n<!-- \/ Yoast SEO plugin. -->","yoast_head_json":{"title":"- Lockdown jetzt! &ndash; Onlinezeitung AmericanRebel","robots":{"index":"index","follow":"follow","max-snippet":"max-snippet:-1","max-image-preview":"max-image-preview:large","max-video-preview":"max-video-preview:-1"},"canonical":"http:\/\/www.deanreed.de\/AmericanRebel\/2017\/2021\/12\/03\/lockdown-jetzt\/","og_locale":"de_DE","og_type":"article","og_title":"- Lockdown jetzt! &ndash; Onlinezeitung AmericanRebel","og_description":"Das geeiere der Politik tr\u00e4gt nun seine Fr\u00fcchte. Die vierte Corona-Welle ist voll ausgebrochen, die Krankenh\u00e4user f\u00fcllen sich mit Ungeimpften. Und RKI-Wieler erz\u00e4hlt es sei 10 nach 12. Und wieder \u00fcberschl\u00e4gt sich die Landespolitik vor Schlauheiten. Einzigkleinlaut bekennt S\u00f6der in Bayern die h\u00f6chsten Inzidenzen sind da wo die Faschisten hausen. Ebenso in Sachsen und Baden-W\u00fcrttemberg. Sachsens Chef Kretschmerr (CDU) will einen Wellenbrecher. Er sollte mal lieber die Faschisten brechen die ungeimpft die Lande verseuchen und die Krankenh\u00e4user f\u00fcllen, aber da herrscht Milde und es wird weiter kr\u00e4ftig verseucht.","og_url":"http:\/\/www.deanreed.de\/AmericanRebel\/2017\/2021\/12\/03\/lockdown-jetzt\/","og_site_name":"Onlinezeitung AmericanRebel","article_published_time":"2021-12-03T05:05:57+00:00","article_modified_time":"2021-12-04T02:50:33+00:00","og_image":[{"width":640,"height":460,"url":"https:\/\/www.deanreed.de\/AmericanRebel\/2017\/wp-content\/uploads\/2021\/12\/r567.png","type":"image\/png"}],"twitter_card":"summary_large_image","twitter_misc":{"Verfasst von":"Redaktion","Gesch\u00e4tzte Lesezeit":"5\u00a0Minuten"},"schema":{"@context":"https:\/\/schema.org","@graph":[{"@type":"WebSite","@id":"https:\/\/www.deanreed.de\/AmericanRebel\/2017\/#website","url":"https:\/\/www.deanreed.de\/AmericanRebel\/2017\/","name":"Onlinezeitung AmericanRebel","description":"Internationale Onlinezeitung f\u00fcr Frieden, Humanismus, V\u00f6lkerverst\u00e4ndigung und Kultur","potentialAction":[{"@type":"SearchAction","target":{"@type":"EntryPoint","urlTemplate":"https:\/\/www.deanreed.de\/AmericanRebel\/2017\/?s={search_term_string}"},"query-input":"required name=search_term_string"}],"inLanguage":"de"},{"@type":"ImageObject","@id":"http:\/\/www.deanreed.de\/AmericanRebel\/2017\/2021\/12\/03\/lockdown-jetzt\/#primaryimage","inLanguage":"de","url":"http:\/\/www.deanreed.de\/AmericanRebel\/2017\/wp-content\/uploads\/2021\/12\/r567.png","contentUrl":"http:\/\/www.deanreed.de\/AmericanRebel\/2017\/wp-content\/uploads\/2021\/12\/r567.png","width":640,"height":460},{"@type":"WebPage","@id":"http:\/\/www.deanreed.de\/AmericanRebel\/2017\/2021\/12\/03\/lockdown-jetzt\/#webpage","url":"http:\/\/www.deanreed.de\/AmericanRebel\/2017\/2021\/12\/03\/lockdown-jetzt\/","name":"- Lockdown jetzt! &ndash; Onlinezeitung AmericanRebel","isPartOf":{"@id":"https:\/\/www.deanreed.de\/AmericanRebel\/2017\/#website"},"primaryImageOfPage":{"@id":"http:\/\/www.deanreed.de\/AmericanRebel\/2017\/2021\/12\/03\/lockdown-jetzt\/#primaryimage"},"datePublished":"2021-12-03T05:05:57+00:00","dateModified":"2021-12-04T02:50:33+00:00","author":{"@id":"https:\/\/www.deanreed.de\/AmericanRebel\/2017\/#\/schema\/person\/9edfca7917cd10b75edaae51c6e7935a"},"breadcrumb":{"@id":"http:\/\/www.deanreed.de\/AmericanRebel\/2017\/2021\/12\/03\/lockdown-jetzt\/#breadcrumb"},"inLanguage":"de","potentialAction":[{"@type":"ReadAction","target":["http:\/\/www.deanreed.de\/AmericanRebel\/2017\/2021\/12\/03\/lockdown-jetzt\/"]}]},{"@type":"BreadcrumbList","@id":"http:\/\/www.deanreed.de\/AmericanRebel\/2017\/2021\/12\/03\/lockdown-jetzt\/#breadcrumb","itemListElement":[{"@type":"ListItem","position":1,"name":"Startseite","item":"https:\/\/www.deanreed.de\/AmericanRebel\/2017\/"},{"@type":"ListItem","position":2,"name":"&#8211; Lockdown jetzt!"}]},{"@type":"Person","@id":"https:\/\/www.deanreed.de\/AmericanRebel\/2017\/#\/schema\/person\/9edfca7917cd10b75edaae51c6e7935a","name":"Redaktion","url":"http:\/\/www.deanreed.de\/AmericanRebel\/2017\/author\/redaktion\/"}]}},"_links":{"self":[{"href":"http:\/\/www.deanreed.de\/AmericanRebel\/2017\/wp-json\/wp\/v2\/posts\/28980"}],"collection":[{"href":"http:\/\/www.deanreed.de\/AmericanRebel\/2017\/wp-json\/wp\/v2\/posts"}],"about":[{"href":"http:\/\/www.deanreed.de\/AmericanRebel\/2017\/wp-json\/wp\/v2\/types\/post"}],"author":[{"embeddable":true,"href":"http:\/\/www.deanreed.de\/AmericanRebel\/2017\/wp-json\/wp\/v2\/users\/2"}],"replies":[{"embeddable":true,"href":"http:\/\/www.deanreed.de\/AmericanRebel\/2017\/wp-json\/wp\/v2\/comments?post=28980"}],"version-history":[{"count":2,"href":"http:\/\/www.deanreed.de\/AmericanRebel\/2017\/wp-json\/wp\/v2\/posts\/28980\/revisions"}],"predecessor-version":[{"id":29022,"href":"http:\/\/www.deanreed.de\/AmericanRebel\/2017\/wp-json\/wp\/v2\/posts\/28980\/revisions\/29022"}],"wp:attachment":[{"href":"http:\/\/www.deanreed.de\/AmericanRebel\/2017\/wp-json\/wp\/v2\/media?parent=28980"}],"wp:term":[{"taxonomy":"category","embeddable":true,"href":"http:\/\/www.deanreed.de\/AmericanRebel\/2017\/wp-json\/wp\/v2\/categories?post=28980"},{"taxonomy":"post_tag","embeddable":true,"href":"http:\/\/www.deanreed.de\/AmericanRebel\/2017\/wp-json\/wp\/v2\/tags?post=28980"}],"curies":[{"name":"wp","href":"https:\/\/api.w.org\/{rel}","templated":true}]}}